{"id":33628,"date":"2017-08-12T09:30:00","date_gmt":"2017-08-12T07:30:00","guid":{"rendered":"http:\/\/www.heldenhaushalt.de\/sari02\/?p=33628"},"modified":"2017-08-12T09:35:12","modified_gmt":"2017-08-12T07:35:12","slug":"ein-vormittag-im-familiencafe","status":"publish","type":"post","link":"https:\/\/www.heldenhaushalt.de\/sari02\/index.php\/2017\/08\/12\/ein-vormittag-im-familiencafe\/","title":{"rendered":"Ein Vormittag im Familiencaf\u00e9 und wie es dieses Mal war&#8230;"},"content":{"rendered":"<p>Manche Dinge l&#228;sst man einfach nicht auf sich sitzen. Dieses unbefriedigende Gef&#252;hl vom letzten Mal, <a href=\"http:\/\/www.heldenhaushalt.de\/sari02\/index.php\/2017\/08\/05\/familiencafe-verantwortung-fliehen\/\">als wir aus dem geliebten Familiencaf\u00e9 flohen<\/a>, nachdem ich es endlich das erste Mal richtig geschafft hatte dort vorbei zu schauen, das musste beseitigt werden. Nachdem ich also las, dass das Familiencaf\u00e9 demn&#228;chst in die Sommerpause gehen w&#252;rde, schnappte ich am Mittwoch die Jungs und wir fuhren mit dem Fahrrad einen Vormittag nochmal gemeinsam hin.<\/p>\n<h2>Wir hatten ein ganzes Caf\u00e9 f&#252;r uns alleine&#8230;<\/h2>\n<p>Im Grunde war es am Anfang wie beim letzten Mal. Wir kamen recht fr&#252;h an und hatten somit alles noch f&#252;r uns alleine. Die Kinder konnten sich frei bewegen und alles in Ruhe erforschen. Manchmal &#252;berlege ich, ob der Miniheld nicht eigentlich schon viel zu alt daf&#252;r w&#228;re. Die Spielsachen, die man dort findet, sind ja doch eher f&#252;r die kleineren Kinder ausgelegt und so kommt schnell die Sorge auf, dass sich &#228;ltere Kinder langweilen k&#246;nnten. Das Highlight schlecht hin f&#252;r beide Jungs war nat&#252;rlich wie erwartet das B&#228;llebad. Theoretisch w&#252;rde ich ja eines f&#252;r zu Hause besorgen, wenn ich nicht davon ausgehen m&#252;sste, dass meine beiden angehenden Fu&#223;baller sie f&#252;r diverse Schuss-Praktiken missbrauchen w&#252;rden. Da ist mir meine Einrichtung dann doch zu sehr ans Herz gewachsen.<\/p>\n<p><img loading=\"lazy\" decoding=\"async\" class=\"aligncenter size-full wp-image-33667\" src=\"http:\/\/www.heldenhaushalt.de\/sari02\/wp-content\/uploads\/2017\/08\/cafe2-02.jpg\" alt=\"Familiencaf\u00e9\" width=\"800\" height=\"437\" srcset=\"https:\/\/www.heldenhaushalt.de\/sari02\/wp-content\/uploads\/2017\/08\/cafe2-02.jpg 800w, https:\/\/www.heldenhaushalt.de\/sari02\/wp-content\/uploads\/2017\/08\/cafe2-02-300x164.jpg 300w, https:\/\/www.heldenhaushalt.de\/sari02\/wp-content\/uploads\/2017\/08\/cafe2-02-768x420.jpg 768w, https:\/\/www.heldenhaushalt.de\/sari02\/wp-content\/uploads\/2017\/08\/cafe2-02-600x328.jpg 600w\" sizes=\"auto, (max-width: 800px) 100vw, 800px\" \/><\/p>\n<p>Der Miniheld langweilte sich nicht. Er nahm sich einfach mal wieder die Ruhe f&#252;r die DInge, die er zu Hause eher links liegen lie&#223;. Er spielte mit seinem kleinen Bruder mit Autos, sie machten gemeinsam kleine Puzzle und bauten aus Legosteinen ein Haus. Es gab eigentlich keine Minute, in der einer von beiden nichts mit sich anzufangen wusste.<\/p>\n<p><img loading=\"lazy\" decoding=\"async\" class=\"aligncenter size-full wp-image-33670\" src=\"http:\/\/www.heldenhaushalt.de\/sari02\/wp-content\/uploads\/2017\/08\/cafe2-05.jpg\" alt=\"Familiencaf\u00e9\" width=\"800\" height=\"517\" srcset=\"https:\/\/www.heldenhaushalt.de\/sari02\/wp-content\/uploads\/2017\/08\/cafe2-05.jpg 800w, https:\/\/www.heldenhaushalt.de\/sari02\/wp-content\/uploads\/2017\/08\/cafe2-05-300x194.jpg 300w, https:\/\/www.heldenhaushalt.de\/sari02\/wp-content\/uploads\/2017\/08\/cafe2-05-768x496.jpg 768w, https:\/\/www.heldenhaushalt.de\/sari02\/wp-content\/uploads\/2017\/08\/cafe2-05-600x388.jpg 600w\" sizes=\"auto, (max-width: 800px) 100vw, 800px\" \/><\/p>\n<p>Bis auf die Tatsache, dass der Kleine vom letzten Mal noch verinnerlicht hatte, dass es ja lustig w&#228;re die B&#228;lle quer durch das Familiencaf\u00e9 zu schmeissen, lief es also wirklich gut.<\/p>\n<h2>Kinderl&#228;rm geh&#246;rt einfach in ein Familiencaf\u00e9, denn er zeigt, dass hier gelebt wird.<\/h2>\n<p>Kinder, die Spa&#223; haben, sind laut. Das ist einfach so. Sie lachen viel, kreischen herum und rufen sich st&#228;ndig etwas zu. Manchmal streiten und schreien sie vielleicht auch. Kinder d&#252;rfen laut sein. Wenn dem nicht so w&#228;re, w&#252;rde wohl etwas nicht stimmen, oder? Klar gilt es darauf zu achten, dass man sein Umfeld nicht zu sehr st&#246;rt, aber bis zu einem bestimmten Grad sollte man da einfach Verst&#228;ndnis f&#252;r haben.<\/p>\n<p><img loading=\"lazy\" decoding=\"async\" class=\"aligncenter size-full wp-image-33669\" src=\"http:\/\/www.heldenhaushalt.de\/sari02\/wp-content\/uploads\/2017\/08\/cafe2-04.jpg\" alt=\"Familiencaf\u00e9\" width=\"800\" height=\"537\" srcset=\"https:\/\/www.heldenhaushalt.de\/sari02\/wp-content\/uploads\/2017\/08\/cafe2-04.jpg 800w, https:\/\/www.heldenhaushalt.de\/sari02\/wp-content\/uploads\/2017\/08\/cafe2-04-300x201.jpg 300w, https:\/\/www.heldenhaushalt.de\/sari02\/wp-content\/uploads\/2017\/08\/cafe2-04-768x516.jpg 768w, https:\/\/www.heldenhaushalt.de\/sari02\/wp-content\/uploads\/2017\/08\/cafe2-04-600x403.jpg 600w\" sizes=\"auto, (max-width: 800px) 100vw, 800px\" \/><\/p>\n<p>Als nun also einige Zeit sp&#228;ter wieder eine Familie dazu kam mit ganzen vier Kindern, wurde es nat&#252;rlich deutlich lauter im Familiencaf\u00e9. Aber es war anders, als beim letzten Mal. Es war eine Spiellautst&#228;rke.&nbsp;<\/p>\n<p><img loading=\"lazy\" decoding=\"async\" class=\"aligncenter size-full wp-image-33668\" src=\"http:\/\/www.heldenhaushalt.de\/sari02\/wp-content\/uploads\/2017\/08\/cafe2-03.jpg\" alt=\"Familiencaf\u00e9\" width=\"2807\" height=\"1796\" srcset=\"https:\/\/www.heldenhaushalt.de\/sari02\/wp-content\/uploads\/2017\/08\/cafe2-03.jpg 2807w, https:\/\/www.heldenhaushalt.de\/sari02\/wp-content\/uploads\/2017\/08\/cafe2-03-300x192.jpg 300w, https:\/\/www.heldenhaushalt.de\/sari02\/wp-content\/uploads\/2017\/08\/cafe2-03-768x491.jpg 768w, https:\/\/www.heldenhaushalt.de\/sari02\/wp-content\/uploads\/2017\/08\/cafe2-03-1024x655.jpg 1024w, https:\/\/www.heldenhaushalt.de\/sari02\/wp-content\/uploads\/2017\/08\/cafe2-03-600x384.jpg 600w, https:\/\/www.heldenhaushalt.de\/sari02\/wp-content\/uploads\/2017\/08\/cafe2-03-1000x640.jpg 1000w\" sizes=\"auto, (max-width: 2807px) 100vw, 2807px\" \/><\/p>\n<p>Ein Junge war dazwischen, der scheinbar gerade in einer Phase steckt, in der man seine Grenzen gegen&#252;ber seinen Eltern und Gro&#223;eltern bis aufs &#196;u&#223;erste austesten muss. Mir taten diese ein wenig leid, denn im Grunde waren sie die gesamte Zeit nur damit besch&#228;ftigt hinter ihm her zu rennen und zu ermahnen. Die einzige ruhige Minute, die er ihnen g&#246;nnte war, als das Eis kam und alle am Tisch sa&#223;en um es zu essen. Kaum war jedoch sein Becher leer, ging es weiter. Ich glaube diesen Ausflug hatte sich diese Familie auch anders vorgestellt.<\/p>\n<h2>Wir hatten dennoch einen sch&#246;nen und entspannten Vormittag im Familiencaf\u00e9<\/h2>\n<p>Ganz einfach deswegen, weil ich nichts erwartete und einfach alles auf uns zukommen lie&#223;. Was bringt es mir, wenn ich mir vorher schon Gedanken dar&#252;ber mache, was sein k&#246;nnte. Die Kinder hatten Spa&#223; und das ist das Wichtigste. Einfach nicht stressen lassen, das versuche ich mir immer wieder zu sagen.<\/p>\n<p><img loading=\"lazy\" decoding=\"async\" class=\"aligncenter size-full wp-image-33672\" src=\"http:\/\/www.heldenhaushalt.de\/sari02\/wp-content\/uploads\/2017\/08\/cafe2-07.jpg\" alt=\"Familiencaf\u00e9\" width=\"800\" height=\"535\" srcset=\"https:\/\/www.heldenhaushalt.de\/sari02\/wp-content\/uploads\/2017\/08\/cafe2-07.jpg 800w, https:\/\/www.heldenhaushalt.de\/sari02\/wp-content\/uploads\/2017\/08\/cafe2-07-300x201.jpg 300w, https:\/\/www.heldenhaushalt.de\/sari02\/wp-content\/uploads\/2017\/08\/cafe2-07-768x514.jpg 768w, https:\/\/www.heldenhaushalt.de\/sari02\/wp-content\/uploads\/2017\/08\/cafe2-07-600x401.jpg 600w, https:\/\/www.heldenhaushalt.de\/sari02\/wp-content\/uploads\/2017\/08\/cafe2-07-660x440.jpg 660w, https:\/\/www.heldenhaushalt.de\/sari02\/wp-content\/uploads\/2017\/08\/cafe2-07-373x248.jpg 373w\" sizes=\"auto, (max-width: 800px) 100vw, 800px\" \/><\/p>\n<p>Wir blieben am Ende sogar so lange dort, dass wir kurzer Hand beschlossen dort auch Mittag zu essen. Die Speisekarte ist relativ &#252;berschaubar, aber sollte die Herzen eines jeden Kindes h&#246;her schlagen lassen. So teilten sich die Jungs einen Teller Pommes mit Nuggets und ich versuchte ein Panini. Ich muss gestehen, das &#252;bertraf meine Erwartungen ziemlich. Aus unseren Italien &#8211; Urlauben hatte ich so kleine gegrillte Brote noch im Ged&#228;chtnis. Was mir da aber serviert wurde, h&#228;tte locker zwei Personen, vielleicht sogar drei satt gemacht.&nbsp;<\/p>\n<p><img loading=\"lazy\" decoding=\"async\" class=\"aligncenter size-full wp-image-33673\" src=\"http:\/\/www.heldenhaushalt.de\/sari02\/wp-content\/uploads\/2017\/08\/cafe2-08.jpg\" alt=\"Familiencaf\u00e9\" width=\"800\" height=\"502\" srcset=\"https:\/\/www.heldenhaushalt.de\/sari02\/wp-content\/uploads\/2017\/08\/cafe2-08.jpg 800w, https:\/\/www.heldenhaushalt.de\/sari02\/wp-content\/uploads\/2017\/08\/cafe2-08-300x188.jpg 300w, https:\/\/www.heldenhaushalt.de\/sari02\/wp-content\/uploads\/2017\/08\/cafe2-08-768x482.jpg 768w, https:\/\/www.heldenhaushalt.de\/sari02\/wp-content\/uploads\/2017\/08\/cafe2-08-600x377.jpg 600w\" sizes=\"auto, (max-width: 800px) 100vw, 800px\" \/><\/p>\n<p>Nach dem Essen zogen wir nach drau&#223;en in die Sonne um, wo die Kinder noch den dazugeh&#246;rigen Spielplatz nutzten und eine Waffel genossen.&nbsp;<\/p>\n<p><img loading=\"lazy\" decoding=\"async\" class=\"aligncenter size-full wp-image-33674\" src=\"http:\/\/www.heldenhaushalt.de\/sari02\/wp-content\/uploads\/2017\/08\/cafe2-09.jpg\" alt=\"Familiencaf\u00e9\" width=\"2343\" height=\"1596\" srcset=\"https:\/\/www.heldenhaushalt.de\/sari02\/wp-content\/uploads\/2017\/08\/cafe2-09.jpg 2343w, https:\/\/www.heldenhaushalt.de\/sari02\/wp-content\/uploads\/2017\/08\/cafe2-09-300x204.jpg 300w, https:\/\/www.heldenhaushalt.de\/sari02\/wp-content\/uploads\/2017\/08\/cafe2-09-768x523.jpg 768w, https:\/\/www.heldenhaushalt.de\/sari02\/wp-content\/uploads\/2017\/08\/cafe2-09-1024x698.jpg 1024w, https:\/\/www.heldenhaushalt.de\/sari02\/wp-content\/uploads\/2017\/08\/cafe2-09-600x409.jpg 600w, https:\/\/www.heldenhaushalt.de\/sari02\/wp-content\/uploads\/2017\/08\/cafe2-09-1000x681.jpg 1000w\" sizes=\"auto, (max-width: 2343px) 100vw, 2343px\" \/><\/p>\n<p>Abschlie&#223;end m&#246;chte ich sagen, dass ich das Konzept Familiencaf\u00e9 bzw. Kindercaf\u00e9 wirklich sch&#246;n finde. Es entsch&#228;rft das beisammen sein in einem Restaurant sehr und jeder kommt auf seine Kosten. Ich bin froh, dass es inzwischen wieder eines in unserem n&#228;heren Umfeld gibt und werde sicher nicht das letzte Mal dort gewesen sein&#8230;<\/p>\n<p><img decoding=\"async\" class=\"alignright\" src=\"https:\/\/www.heldenhaushalt.de\/sari02\/wp-content\/uploads\/2015\/01\/sari-unter.jpg?zoom=1.5&amp;resize=130%2C59\" alt=\"sari-unter\"><\/p>\n","protected":false},"excerpt":{"rendered":"<p>Manche Dinge l&#228;sst man einfach nicht auf sich sitzen. Dieses unbefriedigende Gef&#252;hl vom letzten Mal, als wir aus dem geliebten Familiencaf\u00e9 flohen, nachdem ich es endlich das erste Mal richtig geschafft hatte dort vorbei zu schauen, das musste beseitigt werden. Nachdem ich also las, dass das Familiencaf\u00e9 demn&#228;chst in die Sommerpause gehen w&#252;rde, schnappte ich am Mittwoch die Jungs und wir fuhren mit dem Fahrrad einen Vormittag nochmal gemeinsam hin. Wir hatten ein ganzes Caf\u00e9 f&#252;r uns alleine&#8230; Im Grunde war es am Anfang wie beim letzten Mal. Wir kamen recht fr&#252;h an und hatten somit alles noch f&#252;r uns alleine. Die Kinder konnten sich frei bewegen und alles in Ruhe erforschen. Manchmal &#252;berlege ich, ob der Miniheld nicht eigentlich schon viel zu alt daf&#252;r w&#228;re. Die Spielsachen, die man dort findet, sind ja doch eher f&#252;r die kleineren Kinder ausgelegt und so kommt schnell die Sorge auf, dass sich &#228;ltere Kinder langweilen k&#246;nnten. Das Highlight schlecht hin f&#252;r beide Jungs war nat&#252;rlich wie erwartet das B&#228;llebad. Theoretisch w&#252;rde ich ja eines f&#252;r zu Hause besorgen, wenn ich nicht davon ausgehen m&#252;sste, dass meine beiden angehenden Fu&#223;baller sie f&#252;r diverse Schuss-Praktiken missbrauchen w&#252;rden. Da ist mir meine Einrichtung dann doch zu sehr ans Herz gewachsen. Der Miniheld langweilte sich nicht. Er nahm sich einfach mal wieder die Ruhe f&#252;r die DInge, die er zu Hause eher links liegen lie&#223;. Er spielte mit seinem kleinen Bruder mit Autos, sie machten gemeinsam kleine Puzzle und bauten aus Legosteinen ein Haus. Es gab eigentlich keine Minute, in der einer von beiden nichts mit sich anzufangen wusste. Bis auf die Tatsache, dass der Kleine vom letzten Mal noch verinnerlicht hatte, dass es ja lustig w&#228;re die B&#228;lle quer durch das Familiencaf\u00e9 zu schmeissen, lief es also wirklich gut. Kinderl&#228;rm geh&#246;rt einfach in ein Familiencaf\u00e9, denn er zeigt, dass hier gelebt wird. Kinder, die Spa&#223; haben, sind laut. Das ist einfach so. Sie lachen viel, kreischen herum und rufen sich st&#228;ndig etwas zu. Manchmal streiten und schreien sie vielleicht auch. Kinder d&#252;rfen laut sein. Wenn dem nicht so w&#228;re, w&#252;rde wohl etwas nicht stimmen, oder? Klar gilt es darauf zu achten, dass man sein Umfeld nicht zu sehr st&#246;rt, aber bis zu einem bestimmten Grad sollte man da einfach Verst&#228;ndnis f&#252;r haben. Als nun also einige Zeit sp&#228;ter wieder eine Familie dazu kam mit ganzen vier Kindern, wurde es nat&#252;rlich deutlich lauter im Familiencaf\u00e9. Aber es war anders, als beim letzten Mal. Es war eine Spiellautst&#228;rke.&nbsp; Ein Junge war dazwischen, der scheinbar gerade in einer Phase steckt, in der man seine Grenzen gegen&#252;ber seinen Eltern und Gro&#223;eltern bis aufs &#196;u&#223;erste austesten muss. Mir taten diese ein wenig leid, denn im Grunde waren sie die gesamte Zeit nur damit besch&#228;ftigt hinter ihm her zu rennen und zu ermahnen. Die einzige ruhige Minute, die er ihnen g&#246;nnte war, als das Eis kam und alle am Tisch sa&#223;en um es zu essen. Kaum war jedoch sein Becher leer, ging es weiter. Ich glaube diesen Ausflug hatte sich diese Familie auch anders vorgestellt. Wir hatten dennoch einen sch&#246;nen und entspannten Vormittag im Familiencaf\u00e9 Ganz einfach deswegen, weil ich nichts erwartete und einfach alles auf uns zukommen lie&#223;. Was bringt es mir, wenn ich mir vorher schon Gedanken dar&#252;ber mache, was sein k&#246;nnte. Die Kinder hatten Spa&#223; und das ist das Wichtigste. Einfach nicht stressen lassen, das versuche ich mir immer wieder zu sagen. Wir blieben am Ende sogar so lange dort, dass wir kurzer Hand beschlossen dort auch Mittag zu essen. Die Speisekarte ist relativ &#252;berschaubar, aber sollte die Herzen eines jeden Kindes h&#246;her schlagen lassen. So teilten sich die Jungs einen Teller Pommes mit Nuggets und ich versuchte ein Panini. Ich muss gestehen, das &#252;bertraf meine Erwartungen ziemlich. Aus unseren Italien &#8211; Urlauben hatte ich so kleine gegrillte Brote noch im Ged&#228;chtnis. Was mir da aber serviert wurde, h&#228;tte locker zwei Personen, vielleicht sogar drei satt gemacht.&nbsp; Nach dem Essen zogen wir nach drau&#223;en in die Sonne um, wo die Kinder noch den dazugeh&#246;rigen Spielplatz nutzten und eine Waffel genossen.&nbsp; Abschlie&#223;end m&#246;chte ich sagen, dass ich das Konzept Familiencaf\u00e9 bzw. Kindercaf\u00e9 wirklich sch&#246;n finde. Es entsch&#228;rft das beisammen sein in einem Restaurant sehr und jeder kommt auf seine Kosten. Ich bin froh, dass es inzwischen wieder eines in unserem n&#228;heren Umfeld gibt und werde sicher nicht das letzte Mal dort gewesen sein&#8230;<\/p>\n","protected":false},"author":1,"featured_media":33671,"comment_status":"open","ping_status":"open","sticky":false,"template":"","format":"standard","meta":{"ngg_post_thumbnail":0,"footnotes":""},"categories":[323],"tags":[45,203,1520,926,856,949],"class_list":["post-33628","post","type-post","status-publish","format-standard","has-post-thumbnail","hentry","category-alltag","tag-alltag","tag-reisen","tag-familiencafe","tag-kleinkinder","tag-leben-mit-kindern","tag-spielen"],"yoast_head":"<!-- This site is optimized with the Yoast SEO plugin v27.5 - https:\/\/yoast.com\/product\/yoast-seo-wordpress\/ -->\n<title>Ein Vormittag im Familiencaf\u00e9 und wie es dieses Mal war...<\/title>\n<meta name=\"description\" content=\"Dieses unbefriedigende Gef\u00fchl vom letzten Mal, als wir aus dem geliebten Familiencaf\u00e9 flohen, nachdem ich es endlich ...\" \/>\n<meta name=\"robots\" content=\"index, follow, max-snippet:-1, max-image-preview:large, max-video-preview:-1\" \/>\n<link rel=\"canonical\" href=\"https:\/\/www.heldenhaushalt.de\/sari02\/index.php\/2017\/08\/12\/ein-vormittag-im-familiencafe\/\" \/>\n<meta property=\"og:locale\" content=\"de_DE\" \/>\n<meta property=\"og:type\" content=\"article\" \/>\n<meta property=\"og:title\" content=\"Ein Vormittag im Familiencaf\u00e9 und wie es dieses Mal war...\" \/>\n<meta property=\"og:description\" content=\"Dieses unbefriedigende Gef\u00fchl vom letzten Mal, als wir aus dem geliebten Familiencaf\u00e9 flohen, nachdem ich es endlich ...\" \/>\n<meta property=\"og:url\" content=\"https:\/\/www.heldenhaushalt.de\/sari02\/index.php\/2017\/08\/12\/ein-vormittag-im-familiencafe\/\" \/>\n<meta property=\"og:site_name\" content=\"Heldenhaushalt\" \/>\n<meta property=\"article:published_time\" content=\"2017-08-12T07:30:00+00:00\" \/>\n<meta property=\"article:modified_time\" content=\"2017-08-12T07:35:12+00:00\" \/>\n<meta property=\"og:image\" content=\"https:\/\/www.heldenhaushalt.de\/sari02\/wp-content\/uploads\/2017\/08\/cafe2-06.jpg\" \/>\n\t<meta property=\"og:image:width\" content=\"800\" \/>\n\t<meta property=\"og:image:height\" content=\"549\" \/>\n\t<meta property=\"og:image:type\" content=\"image\/jpeg\" \/>\n<meta name=\"author\" content=\"Sari\" \/>\n<meta name=\"twitter:card\" content=\"summary_large_image\" \/>\n<meta name=\"twitter:creator\" content=\"@Heldenhaushalt\" \/>\n<meta name=\"twitter:site\" content=\"@Heldenhaushalt\" \/>\n<meta name=\"twitter:label1\" content=\"Verfasst von\" \/>\n\t<meta name=\"twitter:data1\" content=\"Sari\" \/>\n\t<meta name=\"twitter:label2\" content=\"Gesch\u00e4tzte Lesezeit\" \/>\n\t<meta name=\"twitter:data2\" content=\"4\u00a0Minuten\" \/>\n<script type=\"application\/ld+json\" class=\"yoast-schema-graph\">{\"@context\":\"https:\\\/\\\/schema.org\",\"@graph\":[{\"@type\":\"Article\",\"@id\":\"https:\\\/\\\/www.heldenhaushalt.de\\\/sari02\\\/index.php\\\/2017\\\/08\\\/12\\\/ein-vormittag-im-familiencafe\\\/#article\",\"isPartOf\":{\"@id\":\"https:\\\/\\\/www.heldenhaushalt.de\\\/sari02\\\/index.php\\\/2017\\\/08\\\/12\\\/ein-vormittag-im-familiencafe\\\/\"},\"author\":{\"name\":\"Sari\",\"@id\":\"https:\\\/\\\/www.heldenhaushalt.de\\\/sari02\\\/#\\\/schema\\\/person\\\/a1cc69f42a01f412eb62c151353814f6\"},\"headline\":\"Ein Vormittag im Familiencaf\u00e9 und wie es dieses Mal war&#8230;\",\"datePublished\":\"2017-08-12T07:30:00+00:00\",\"dateModified\":\"2017-08-12T07:35:12+00:00\",\"mainEntityOfPage\":{\"@id\":\"https:\\\/\\\/www.heldenhaushalt.de\\\/sari02\\\/index.php\\\/2017\\\/08\\\/12\\\/ein-vormittag-im-familiencafe\\\/\"},\"wordCount\":791,\"commentCount\":4,\"publisher\":{\"@id\":\"https:\\\/\\\/www.heldenhaushalt.de\\\/sari02\\\/#\\\/schema\\\/person\\\/a1cc69f42a01f412eb62c151353814f6\"},\"image\":{\"@id\":\"https:\\\/\\\/www.heldenhaushalt.de\\\/sari02\\\/index.php\\\/2017\\\/08\\\/12\\\/ein-vormittag-im-familiencafe\\\/#primaryimage\"},\"thumbnailUrl\":\"https:\\\/\\\/www.heldenhaushalt.de\\\/sari02\\\/wp-content\\\/uploads\\\/2017\\\/08\\\/cafe2-06.jpg\",\"keywords\":[\"Allt\u00e4glich\",\"Die Welt entdecken\",\"Familiencafe\",\"Kleinkinder\",\"Leben mit Kindern\",\"spielen\"],\"articleSection\":[\"Alltagschaos\"],\"inLanguage\":\"de\",\"potentialAction\":[{\"@type\":\"CommentAction\",\"name\":\"Comment\",\"target\":[\"https:\\\/\\\/www.heldenhaushalt.de\\\/sari02\\\/index.php\\\/2017\\\/08\\\/12\\\/ein-vormittag-im-familiencafe\\\/#respond\"]}]},{\"@type\":\"WebPage\",\"@id\":\"https:\\\/\\\/www.heldenhaushalt.de\\\/sari02\\\/index.php\\\/2017\\\/08\\\/12\\\/ein-vormittag-im-familiencafe\\\/\",\"url\":\"https:\\\/\\\/www.heldenhaushalt.de\\\/sari02\\\/index.php\\\/2017\\\/08\\\/12\\\/ein-vormittag-im-familiencafe\\\/\",\"name\":\"Ein Vormittag im Familiencaf\u00e9 und wie es dieses Mal war...\",\"isPartOf\":{\"@id\":\"https:\\\/\\\/www.heldenhaushalt.de\\\/sari02\\\/#website\"},\"primaryImageOfPage\":{\"@id\":\"https:\\\/\\\/www.heldenhaushalt.de\\\/sari02\\\/index.php\\\/2017\\\/08\\\/12\\\/ein-vormittag-im-familiencafe\\\/#primaryimage\"},\"image\":{\"@id\":\"https:\\\/\\\/www.heldenhaushalt.de\\\/sari02\\\/index.php\\\/2017\\\/08\\\/12\\\/ein-vormittag-im-familiencafe\\\/#primaryimage\"},\"thumbnailUrl\":\"https:\\\/\\\/www.heldenhaushalt.de\\\/sari02\\\/wp-content\\\/uploads\\\/2017\\\/08\\\/cafe2-06.jpg\",\"datePublished\":\"2017-08-12T07:30:00+00:00\",\"dateModified\":\"2017-08-12T07:35:12+00:00\",\"description\":\"Dieses unbefriedigende Gef\u00fchl vom letzten Mal, als wir aus dem geliebten Familiencaf\u00e9 flohen, nachdem ich es endlich ...\",\"breadcrumb\":{\"@id\":\"https:\\\/\\\/www.heldenhaushalt.de\\\/sari02\\\/index.php\\\/2017\\\/08\\\/12\\\/ein-vormittag-im-familiencafe\\\/#breadcrumb\"},\"inLanguage\":\"de\",\"potentialAction\":[{\"@type\":\"ReadAction\",\"target\":[\"https:\\\/\\\/www.heldenhaushalt.de\\\/sari02\\\/index.php\\\/2017\\\/08\\\/12\\\/ein-vormittag-im-familiencafe\\\/\"]}]},{\"@type\":\"ImageObject\",\"inLanguage\":\"de\",\"@id\":\"https:\\\/\\\/www.heldenhaushalt.de\\\/sari02\\\/index.php\\\/2017\\\/08\\\/12\\\/ein-vormittag-im-familiencafe\\\/#primaryimage\",\"url\":\"https:\\\/\\\/www.heldenhaushalt.de\\\/sari02\\\/wp-content\\\/uploads\\\/2017\\\/08\\\/cafe2-06.jpg\",\"contentUrl\":\"https:\\\/\\\/www.heldenhaushalt.de\\\/sari02\\\/wp-content\\\/uploads\\\/2017\\\/08\\\/cafe2-06.jpg\",\"width\":800,\"height\":549,\"caption\":\"Familiencaf\u00e9\"},{\"@type\":\"BreadcrumbList\",\"@id\":\"https:\\\/\\\/www.heldenhaushalt.de\\\/sari02\\\/index.php\\\/2017\\\/08\\\/12\\\/ein-vormittag-im-familiencafe\\\/#breadcrumb\",\"itemListElement\":[{\"@type\":\"ListItem\",\"position\":1,\"name\":\"Startseite\",\"item\":\"https:\\\/\\\/www.heldenhaushalt.de\\\/sari02\\\/\"},{\"@type\":\"ListItem\",\"position\":2,\"name\":\"Ein Vormittag im Familiencaf\u00e9 und wie es dieses Mal war&#8230;\"}]},{\"@type\":\"WebSite\",\"@id\":\"https:\\\/\\\/www.heldenhaushalt.de\\\/sari02\\\/#website\",\"url\":\"https:\\\/\\\/www.heldenhaushalt.de\\\/sari02\\\/\",\"name\":\"Heldenhaushalt\",\"description\":\"Wer es ordentlich haben will, der muss vorher anrufen\",\"publisher\":{\"@id\":\"https:\\\/\\\/www.heldenhaushalt.de\\\/sari02\\\/#\\\/schema\\\/person\\\/a1cc69f42a01f412eb62c151353814f6\"},\"potentialAction\":[{\"@type\":\"SearchAction\",\"target\":{\"@type\":\"EntryPoint\",\"urlTemplate\":\"https:\\\/\\\/www.heldenhaushalt.de\\\/sari02\\\/?s={search_term_string}\"},\"query-input\":{\"@type\":\"PropertyValueSpecification\",\"valueRequired\":true,\"valueName\":\"search_term_string\"}}],\"inLanguage\":\"de\"},{\"@type\":[\"Person\",\"Organization\"],\"@id\":\"https:\\\/\\\/www.heldenhaushalt.de\\\/sari02\\\/#\\\/schema\\\/person\\\/a1cc69f42a01f412eb62c151353814f6\",\"name\":\"Sari\",\"image\":{\"@type\":\"ImageObject\",\"inLanguage\":\"de\",\"@id\":\"https:\\\/\\\/www.heldenhaushalt.de\\\/sari02\\\/wp-content\\\/uploads\\\/2019\\\/02\\\/sari-april2018.png\",\"url\":\"https:\\\/\\\/www.heldenhaushalt.de\\\/sari02\\\/wp-content\\\/uploads\\\/2019\\\/02\\\/sari-april2018.png\",\"contentUrl\":\"https:\\\/\\\/www.heldenhaushalt.de\\\/sari02\\\/wp-content\\\/uploads\\\/2019\\\/02\\\/sari-april2018.png\",\"width\":500,\"height\":500,\"caption\":\"Sari\"},\"logo\":{\"@id\":\"https:\\\/\\\/www.heldenhaushalt.de\\\/sari02\\\/wp-content\\\/uploads\\\/2019\\\/02\\\/sari-april2018.png\"},\"description\":\"Frau Mondgras \u2013 Das bin ich, Sari. Gerne auch als Sari Mondgras bekannt und im Internet zu finden. 2-Fach-Mutter, Heldenehefrau, Kreativling, Harmonies\u00fcchtig und st\u00e4ndig auf der Suche nach Gl\u00fcck. Ich komme aus Berlin, bin hier aufgewachsen und lebe hier seit ich denken kann.\",\"sameAs\":[\"https:\\\/\\\/www.instagram.com\\\/heldenhaushalt\\\/\"],\"url\":\"https:\\\/\\\/www.heldenhaushalt.de\\\/sari02\\\/index.php\\\/author\\\/admin\\\/\"}]}<\/script>\n<!-- \/ Yoast SEO plugin. -->","yoast_head_json":{"title":"Ein Vormittag im Familiencaf\u00e9 und wie es dieses Mal war...","description":"Dieses unbefriedigende Gef\u00fchl vom letzten Mal, als wir aus dem geliebten Familiencaf\u00e9 flohen, nachdem ich es endlich ...","robots":{"index":"index","follow":"follow","max-snippet":"max-snippet:-1","max-image-preview":"max-image-preview:large","max-video-preview":"max-video-preview:-1"},"canonical":"https:\/\/www.heldenhaushalt.de\/sari02\/index.php\/2017\/08\/12\/ein-vormittag-im-familiencafe\/","og_locale":"de_DE","og_type":"article","og_title":"Ein Vormittag im Familiencaf\u00e9 und wie es dieses Mal war...","og_description":"Dieses unbefriedigende Gef\u00fchl vom letzten Mal, als wir aus dem geliebten Familiencaf\u00e9 flohen, nachdem ich es endlich ...","og_url":"https:\/\/www.heldenhaushalt.de\/sari02\/index.php\/2017\/08\/12\/ein-vormittag-im-familiencafe\/","og_site_name":"Heldenhaushalt","article_published_time":"2017-08-12T07:30:00+00:00","article_modified_time":"2017-08-12T07:35:12+00:00","og_image":[{"width":800,"height":549,"url":"https:\/\/www.heldenhaushalt.de\/sari02\/wp-content\/uploads\/2017\/08\/cafe2-06.jpg","type":"image\/jpeg"}],"author":"Sari","twitter_card":"summary_large_image","twitter_creator":"@Heldenhaushalt","twitter_site":"@Heldenhaushalt","twitter_misc":{"Verfasst von":"Sari","Gesch\u00e4tzte Lesezeit":"4\u00a0Minuten"},"schema":{"@context":"https:\/\/schema.org","@graph":[{"@type":"Article","@id":"https:\/\/www.heldenhaushalt.de\/sari02\/index.php\/2017\/08\/12\/ein-vormittag-im-familiencafe\/#article","isPartOf":{"@id":"https:\/\/www.heldenhaushalt.de\/sari02\/index.php\/2017\/08\/12\/ein-vormittag-im-familiencafe\/"},"author":{"name":"Sari","@id":"https:\/\/www.heldenhaushalt.de\/sari02\/#\/schema\/person\/a1cc69f42a01f412eb62c151353814f6"},"headline":"Ein Vormittag im Familiencaf\u00e9 und wie es dieses Mal war&#8230;","datePublished":"2017-08-12T07:30:00+00:00","dateModified":"2017-08-12T07:35:12+00:00","mainEntityOfPage":{"@id":"https:\/\/www.heldenhaushalt.de\/sari02\/index.php\/2017\/08\/12\/ein-vormittag-im-familiencafe\/"},"wordCount":791,"commentCount":4,"publisher":{"@id":"https:\/\/www.heldenhaushalt.de\/sari02\/#\/schema\/person\/a1cc69f42a01f412eb62c151353814f6"},"image":{"@id":"https:\/\/www.heldenhaushalt.de\/sari02\/index.php\/2017\/08\/12\/ein-vormittag-im-familiencafe\/#primaryimage"},"thumbnailUrl":"https:\/\/www.heldenhaushalt.de\/sari02\/wp-content\/uploads\/2017\/08\/cafe2-06.jpg","keywords":["Allt\u00e4glich","Die Welt entdecken","Familiencafe","Kleinkinder","Leben mit Kindern","spielen"],"articleSection":["Alltagschaos"],"inLanguage":"de","potentialAction":[{"@type":"CommentAction","name":"Comment","target":["https:\/\/www.heldenhaushalt.de\/sari02\/index.php\/2017\/08\/12\/ein-vormittag-im-familiencafe\/#respond"]}]},{"@type":"WebPage","@id":"https:\/\/www.heldenhaushalt.de\/sari02\/index.php\/2017\/08\/12\/ein-vormittag-im-familiencafe\/","url":"https:\/\/www.heldenhaushalt.de\/sari02\/index.php\/2017\/08\/12\/ein-vormittag-im-familiencafe\/","name":"Ein Vormittag im Familiencaf\u00e9 und wie es dieses Mal war...","isPartOf":{"@id":"https:\/\/www.heldenhaushalt.de\/sari02\/#website"},"primaryImageOfPage":{"@id":"https:\/\/www.heldenhaushalt.de\/sari02\/index.php\/2017\/08\/12\/ein-vormittag-im-familiencafe\/#primaryimage"},"image":{"@id":"https:\/\/www.heldenhaushalt.de\/sari02\/index.php\/2017\/08\/12\/ein-vormittag-im-familiencafe\/#primaryimage"},"thumbnailUrl":"https:\/\/www.heldenhaushalt.de\/sari02\/wp-content\/uploads\/2017\/08\/cafe2-06.jpg","datePublished":"2017-08-12T07:30:00+00:00","dateModified":"2017-08-12T07:35:12+00:00","description":"Dieses unbefriedigende Gef\u00fchl vom letzten Mal, als wir aus dem geliebten Familiencaf\u00e9 flohen, nachdem ich es endlich ...","breadcrumb":{"@id":"https:\/\/www.heldenhaushalt.de\/sari02\/index.php\/2017\/08\/12\/ein-vormittag-im-familiencafe\/#breadcrumb"},"inLanguage":"de","potentialAction":[{"@type":"ReadAction","target":["https:\/\/www.heldenhaushalt.de\/sari02\/index.php\/2017\/08\/12\/ein-vormittag-im-familiencafe\/"]}]},{"@type":"ImageObject","inLanguage":"de","@id":"https:\/\/www.heldenhaushalt.de\/sari02\/index.php\/2017\/08\/12\/ein-vormittag-im-familiencafe\/#primaryimage","url":"https:\/\/www.heldenhaushalt.de\/sari02\/wp-content\/uploads\/2017\/08\/cafe2-06.jpg","contentUrl":"https:\/\/www.heldenhaushalt.de\/sari02\/wp-content\/uploads\/2017\/08\/cafe2-06.jpg","width":800,"height":549,"caption":"Familiencaf\u00e9"},{"@type":"BreadcrumbList","@id":"https:\/\/www.heldenhaushalt.de\/sari02\/index.php\/2017\/08\/12\/ein-vormittag-im-familiencafe\/#breadcrumb","itemListElement":[{"@type":"ListItem","position":1,"name":"Startseite","item":"https:\/\/www.heldenhaushalt.de\/sari02\/"},{"@type":"ListItem","position":2,"name":"Ein Vormittag im Familiencaf\u00e9 und wie es dieses Mal war&#8230;"}]},{"@type":"WebSite","@id":"https:\/\/www.heldenhaushalt.de\/sari02\/#website","url":"https:\/\/www.heldenhaushalt.de\/sari02\/","name":"Heldenhaushalt","description":"Wer es ordentlich haben will, der muss vorher anrufen","publisher":{"@id":"https:\/\/www.heldenhaushalt.de\/sari02\/#\/schema\/person\/a1cc69f42a01f412eb62c151353814f6"},"potentialAction":[{"@type":"SearchAction","target":{"@type":"EntryPoint","urlTemplate":"https:\/\/www.heldenhaushalt.de\/sari02\/?s={search_term_string}"},"query-input":{"@type":"PropertyValueSpecification","valueRequired":true,"valueName":"search_term_string"}}],"inLanguage":"de"},{"@type":["Person","Organization"],"@id":"https:\/\/www.heldenhaushalt.de\/sari02\/#\/schema\/person\/a1cc69f42a01f412eb62c151353814f6","name":"Sari","image":{"@type":"ImageObject","inLanguage":"de","@id":"https:\/\/www.heldenhaushalt.de\/sari02\/wp-content\/uploads\/2019\/02\/sari-april2018.png","url":"https:\/\/www.heldenhaushalt.de\/sari02\/wp-content\/uploads\/2019\/02\/sari-april2018.png","contentUrl":"https:\/\/www.heldenhaushalt.de\/sari02\/wp-content\/uploads\/2019\/02\/sari-april2018.png","width":500,"height":500,"caption":"Sari"},"logo":{"@id":"https:\/\/www.heldenhaushalt.de\/sari02\/wp-content\/uploads\/2019\/02\/sari-april2018.png"},"description":"Frau Mondgras \u2013 Das bin ich, Sari. Gerne auch als Sari Mondgras bekannt und im Internet zu finden. 2-Fach-Mutter, Heldenehefrau, Kreativling, Harmonies\u00fcchtig und st\u00e4ndig auf der Suche nach Gl\u00fcck. Ich komme aus Berlin, bin hier aufgewachsen und lebe hier seit ich denken kann.","sameAs":["https:\/\/www.instagram.com\/heldenhaushalt\/"],"url":"https:\/\/www.heldenhaushalt.de\/sari02\/index.php\/author\/admin\/"}]}},"views":4257,"_links":{"self":[{"href":"https:\/\/www.heldenhaushalt.de\/sari02\/index.php\/wp-json\/wp\/v2\/posts\/33628","targetHints":{"allow":["GET"]}}],"collection":[{"href":"https:\/\/www.heldenhaushalt.de\/sari02\/index.php\/wp-json\/wp\/v2\/posts"}],"about":[{"href":"https:\/\/www.heldenhaushalt.de\/sari02\/index.php\/wp-json\/wp\/v2\/types\/post"}],"author":[{"embeddable":true,"href":"https:\/\/www.heldenhaushalt.de\/sari02\/index.php\/wp-json\/wp\/v2\/users\/1"}],"replies":[{"embeddable":true,"href":"https:\/\/www.heldenhaushalt.de\/sari02\/index.php\/wp-json\/wp\/v2\/comments?post=33628"}],"version-history":[{"count":3,"href":"https:\/\/www.heldenhaushalt.de\/sari02\/index.php\/wp-json\/wp\/v2\/posts\/33628\/revisions"}],"predecessor-version":[{"id":33675,"href":"https:\/\/www.heldenhaushalt.de\/sari02\/index.php\/wp-json\/wp\/v2\/posts\/33628\/revisions\/33675"}],"wp:featuredmedia":[{"embeddable":true,"href":"https:\/\/www.heldenhaushalt.de\/sari02\/index.php\/wp-json\/wp\/v2\/media\/33671"}],"wp:attachment":[{"href":"https:\/\/www.heldenhaushalt.de\/sari02\/index.php\/wp-json\/wp\/v2\/media?parent=33628"}],"wp:term":[{"taxonomy":"category","embeddable":true,"href":"https:\/\/www.heldenhaushalt.de\/sari02\/index.php\/wp-json\/wp\/v2\/categories?post=33628"},{"taxonomy":"post_tag","embeddable":true,"href":"https:\/\/www.heldenhaushalt.de\/sari02\/index.php\/wp-json\/wp\/v2\/tags?post=33628"}],"curies":[{"name":"wp","href":"https:\/\/api.w.org\/{rel}","templated":true}]}}