{"id":34097,"date":"2017-09-15T10:00:06","date_gmt":"2017-09-15T08:00:06","guid":{"rendered":"http:\/\/www.heldenhaushalt.de\/sari02\/?p=34097"},"modified":"2017-09-16T06:55:30","modified_gmt":"2017-09-16T04:55:30","slug":"freitags5-5-tage-5-fotos-im-september-03","status":"publish","type":"post","link":"https:\/\/www.heldenhaushalt.de\/sari02\/index.php\/2017\/09\/15\/freitags5-5-tage-5-fotos-im-september-03\/","title":{"rendered":"#Freitags5 \u2013 5 Tage 5 Fotos im September #03"},"content":{"rendered":"<p>Nun liegt sie quasi hinter uns. Die erste richtige Schulwoche, noch im Eingew&#246;hnungsmodus mit verk&#252;rzten Schulzeiten. Es war ein Auf und Ab der Emotionen, aber ich denke, wir haben sie wirklich super gemeistert. Neben dem Alltag konnten wir noch ein paar Besonderheiten einflie&#223;en lassen und so habe ich heute ein sehr abwechlungsreiches #Freitags5 f&#252;r euch.<\/p>\n<p style=\"text-align: center;\">***<\/p>\n<h2>Meine #Freitags5 #Freitagslieblinge<\/h2>\n<p><img loading=\"lazy\" decoding=\"async\" class=\"aligncenter size-full wp-image-34121\" src=\"http:\/\/www.heldenhaushalt.de\/sari02\/wp-content\/uploads\/2017\/09\/37-04.jpg\" alt=\"#Freitags5\" width=\"800\" height=\"800\" srcset=\"https:\/\/www.heldenhaushalt.de\/sari02\/wp-content\/uploads\/2017\/09\/37-04.jpg 800w, https:\/\/www.heldenhaushalt.de\/sari02\/wp-content\/uploads\/2017\/09\/37-04-150x150.jpg 150w, https:\/\/www.heldenhaushalt.de\/sari02\/wp-content\/uploads\/2017\/09\/37-04-300x300.jpg 300w, https:\/\/www.heldenhaushalt.de\/sari02\/wp-content\/uploads\/2017\/09\/37-04-768x768.jpg 768w, https:\/\/www.heldenhaushalt.de\/sari02\/wp-content\/uploads\/2017\/09\/37-04-600x600.jpg 600w, https:\/\/www.heldenhaushalt.de\/sari02\/wp-content\/uploads\/2017\/09\/37-04-660x660.jpg 660w, https:\/\/www.heldenhaushalt.de\/sari02\/wp-content\/uploads\/2017\/09\/37-04-373x373.jpg 373w\" sizes=\"auto, (max-width: 800px) 100vw, 800px\" \/><\/p>\n<p><strong>Meine Lieblingslekt&#252;re der Woche \u2013<\/strong>&nbsp; Ich habe mich ein bisschen eingehender mit der B&#252;cherbox von Librileo gemeinn&#252;tzig besch&#228;ftigt und bin wirklich hin und weg von dem Konzept. Daher m&#246;chte ich euch demn&#228;chst von diesem tollen Projekt nochmal eingehender berichten. Alleine die kleinen Begleitheftchen sind schon einen Blick wert.<strong><br \/>\n<\/strong><\/p>\n<p style=\"text-align: center;\">***<\/p>\n<p><img loading=\"lazy\" decoding=\"async\" class=\"aligncenter size-full wp-image-34120\" src=\"http:\/\/www.heldenhaushalt.de\/sari02\/wp-content\/uploads\/2017\/09\/37-03.jpg\" alt=\"#Freitags5\" width=\"800\" height=\"800\" srcset=\"https:\/\/www.heldenhaushalt.de\/sari02\/wp-content\/uploads\/2017\/09\/37-03.jpg 800w, https:\/\/www.heldenhaushalt.de\/sari02\/wp-content\/uploads\/2017\/09\/37-03-150x150.jpg 150w, https:\/\/www.heldenhaushalt.de\/sari02\/wp-content\/uploads\/2017\/09\/37-03-300x300.jpg 300w, https:\/\/www.heldenhaushalt.de\/sari02\/wp-content\/uploads\/2017\/09\/37-03-768x768.jpg 768w, https:\/\/www.heldenhaushalt.de\/sari02\/wp-content\/uploads\/2017\/09\/37-03-600x600.jpg 600w, https:\/\/www.heldenhaushalt.de\/sari02\/wp-content\/uploads\/2017\/09\/37-03-660x660.jpg 660w, https:\/\/www.heldenhaushalt.de\/sari02\/wp-content\/uploads\/2017\/09\/37-03-373x373.jpg 373w\" sizes=\"auto, (max-width: 800px) 100vw, 800px\" \/><\/p>\n<p><strong>Mein Lieblingsessen der Woche \u2013<\/strong>&nbsp; Weniger meines, aber daf&#252;r das der Kinder. Ich musste ja nun meine Bento -Skills etwas entstauben und ganze 5 schultaugliche Brotdosen packen. Ich muss sagen, ich bin froh, dass ich mich kurzfristig noch f&#252;r die <a href=\"https:\/\/www.amazon.de\/gp\/product\/B00O4232DC\/ref=as_li_tl?ie=UTF8&amp;camp=1638&amp;creative=6742&amp;creativeASIN=B00O4232DC&amp;linkCode=as2&amp;tag=mondgrasde-21&amp;linkId=c2ac612c552e24332e002e001b826064\" target=\"_blank\" rel=\"noopener\">Tresor von monbento<\/a>&nbsp;<em>(Affiliate Link)<\/em>&nbsp;entschieden habe, da sie wirklich super in die Tasche passt. Bisher haben die Inhalte dem Gro&#223;en gefallen und auch <a href=\"http:\/\/www.heldenhaushalt.de\/sari02\/index.php\/2017\/09\/05\/freebie-brotbox-nachrichten\/\" target=\"_blank\" rel=\"noopener\">die kleinen Botschaften<\/a> kamen gut an, die ich darin versteckt habe.<strong><br \/>\n<\/strong><\/p>\n<p style=\"text-align: center;\">***<\/p>\n<p><img loading=\"lazy\" decoding=\"async\" class=\"aligncenter size-full wp-image-34118\" src=\"http:\/\/www.heldenhaushalt.de\/sari02\/wp-content\/uploads\/2017\/09\/37-01.jpg\" alt=\"#Freitags5\" width=\"3000\" height=\"3000\" srcset=\"https:\/\/www.heldenhaushalt.de\/sari02\/wp-content\/uploads\/2017\/09\/37-01.jpg 3000w, https:\/\/www.heldenhaushalt.de\/sari02\/wp-content\/uploads\/2017\/09\/37-01-150x150.jpg 150w, https:\/\/www.heldenhaushalt.de\/sari02\/wp-content\/uploads\/2017\/09\/37-01-300x300.jpg 300w, https:\/\/www.heldenhaushalt.de\/sari02\/wp-content\/uploads\/2017\/09\/37-01-768x768.jpg 768w, https:\/\/www.heldenhaushalt.de\/sari02\/wp-content\/uploads\/2017\/09\/37-01-1024x1024.jpg 1024w, https:\/\/www.heldenhaushalt.de\/sari02\/wp-content\/uploads\/2017\/09\/37-01-600x600.jpg 600w, https:\/\/www.heldenhaushalt.de\/sari02\/wp-content\/uploads\/2017\/09\/37-01-1000x1000.jpg 1000w, https:\/\/www.heldenhaushalt.de\/sari02\/wp-content\/uploads\/2017\/09\/37-01-660x660.jpg 660w, https:\/\/www.heldenhaushalt.de\/sari02\/wp-content\/uploads\/2017\/09\/37-01-373x373.jpg 373w\" sizes=\"auto, (max-width: 3000px) 100vw, 3000px\" \/><\/p>\n<p><strong>Mein Lieblingsmoment mit meinen Kindern<\/strong>&nbsp;\u2013 Wir waren am Montag nochmal im <a href=\"http:\/\/www.heldenhaushalt.de\/sari02\/index.php\/2017\/09\/06\/mmi-ein-loewenladen\/\">L&#246;wenladen<\/a>, da die Heldensnacks dort vorbei kommen und mit Kindern gesund kochen wollten. Ein toller Nachmittag. Der Miniheld war besch&#228;ftigt und hat viel gelernt und das Heldenkind hat in der Zeit die Spielecke voll ausgenutzt und sich pudelwohl gef&#252;hlt. Es wurde viel gelacht und viel gequatscht und ich bin etwas wehm&#252;tig, dass heute der letzte Tag vom L&#246;wenladen dort ist und er nun weiter ziehen wird.<\/p>\n<p style=\"text-align: center;\">***<\/p>\n<p><img loading=\"lazy\" decoding=\"async\" class=\"aligncenter size-full wp-image-34119\" src=\"http:\/\/www.heldenhaushalt.de\/sari02\/wp-content\/uploads\/2017\/09\/37-02.jpg\" alt=\"#Freitags5\" width=\"800\" height=\"800\" srcset=\"https:\/\/www.heldenhaushalt.de\/sari02\/wp-content\/uploads\/2017\/09\/37-02.jpg 800w, https:\/\/www.heldenhaushalt.de\/sari02\/wp-content\/uploads\/2017\/09\/37-02-150x150.jpg 150w, https:\/\/www.heldenhaushalt.de\/sari02\/wp-content\/uploads\/2017\/09\/37-02-300x300.jpg 300w, https:\/\/www.heldenhaushalt.de\/sari02\/wp-content\/uploads\/2017\/09\/37-02-768x768.jpg 768w, https:\/\/www.heldenhaushalt.de\/sari02\/wp-content\/uploads\/2017\/09\/37-02-600x600.jpg 600w, https:\/\/www.heldenhaushalt.de\/sari02\/wp-content\/uploads\/2017\/09\/37-02-660x660.jpg 660w, https:\/\/www.heldenhaushalt.de\/sari02\/wp-content\/uploads\/2017\/09\/37-02-373x373.jpg 373w\" sizes=\"auto, (max-width: 800px) 100vw, 800px\" \/><\/p>\n<p><strong>Mein Lieblings-Mama-Moment nur f&#252;r mich<\/strong>&nbsp; \u2013 &nbsp;Wir waren alle diese Woche irgendwie noch m&#252;de. M&#252;de von all der Aufregung, m&#252;de vom Wochenende, m&#252;de von der Anspannung der ersten Schultage. Irgendwie hatten wir diese Woche alle viel Kuscheln und Schmusen n&#246;tig und so gab es viele Kuscheleinheiten von den Kindern. Man merkt aber auch, dass nun nach den Ferien wieder etwas Ruhe vor allem bei den Kindern einkehrt und das tut mir pers&#246;nlich sehr gut.<\/p>\n<p style=\"text-align: center;\">***<\/p>\n<p><img loading=\"lazy\" decoding=\"async\" class=\"aligncenter wp-image-34127 size-full\" src=\"http:\/\/www.heldenhaushalt.de\/sari02\/wp-content\/uploads\/2017\/09\/37-05.jpg\" alt=\"#Freitags5\" width=\"800\" height=\"800\" srcset=\"https:\/\/www.heldenhaushalt.de\/sari02\/wp-content\/uploads\/2017\/09\/37-05.jpg 800w, https:\/\/www.heldenhaushalt.de\/sari02\/wp-content\/uploads\/2017\/09\/37-05-150x150.jpg 150w, https:\/\/www.heldenhaushalt.de\/sari02\/wp-content\/uploads\/2017\/09\/37-05-300x300.jpg 300w, https:\/\/www.heldenhaushalt.de\/sari02\/wp-content\/uploads\/2017\/09\/37-05-768x768.jpg 768w, https:\/\/www.heldenhaushalt.de\/sari02\/wp-content\/uploads\/2017\/09\/37-05-600x600.jpg 600w, https:\/\/www.heldenhaushalt.de\/sari02\/wp-content\/uploads\/2017\/09\/37-05-660x660.jpg 660w, https:\/\/www.heldenhaushalt.de\/sari02\/wp-content\/uploads\/2017\/09\/37-05-373x373.jpg 373w\" sizes=\"auto, (max-width: 800px) 100vw, 800px\" \/><\/p>\n<p><strong>Meine Lieblings-Inspiration der Woche \u2013<\/strong>&nbsp;Tats&#228;chlich waren das die netten Leute von Heldensnacks. Obwohl sie mit den Kindern gekocht haben, haben sie unglaublich tolle Tipps gegeben. Zum Beispiel zum Thema Zwiebel schneiden. Der n&#228;chste Flammkuchen ist gerettet. Aber auch die Rezepte waren wirklich toll und wir wollen sie definitiv auch zu Hause nochmal nachkochen, auch wenn die Kinder den gesunden Geschmack erstmal etwas gew&#246;hnungsbed&#252;rftig fanden. Da merkt man mal, wie verkommen wir in unserer Ern&#228;hrung inzwischen eigentlich sind. In der Blogsph&#228;re empfehlenswert fand ich diese Woche folgendes: <a href=\"https:\/\/www.siebenkilopaket.de\/2017\/09\/12\/mobile-basteln-mit-eicheln-herbstdeko-aus-naturmaterialien\/\" target=\"_blank\" rel=\"noopener\">Mobile basteln mit Eicheln<\/a> &#8211; <a href=\"http:\/\/familieundstadt.de\/diy-eis-fuer-die-kinderkueche\/\" target=\"_blank\" rel=\"noopener\">DIY Eis f&#252;r die Kinderk&#252;che <\/a>&#8211; <a href=\"http:\/\/diekleinebotin.at\/2017\/09\/12\/kreatives-schattentheater-diy-mit-lillydoo\/\" target=\"_blank\" rel=\"noopener\">Kreatives Schattentheater<\/a><strong><br \/>\n<\/strong><\/p>\n<p style=\"text-align: center;\">***<\/p>\n<p>Am Wochenende wollen wir ein bisschen unseren Hochzeitstag nachholen. Mal sehen, ob wir das hinbekommen. Mehr bildhafte #Freitags5 R&#252;ckblicke gibt es auch heute wieder bei&nbsp;<a href=\"http:\/\/berlinmittemom.com\/2017\/09\/15\/einmal-alles-bitte-5-freitagslieblinge-am-15-september-2017\/\" target=\"_blank\" rel=\"noopener noreferrer\">BerlinMitteMom<\/a>.<\/p>\n<p><img loading=\"lazy\" decoding=\"async\" class=\" size-full wp-image-24841 alignright\" src=\"https:\/\/www.heldenhaushalt.de\/sari02\/wp-content\/uploads\/2015\/01\/sari-unter.jpg?zoom=1.5&amp;resize=130%2C59\" srcset=\"https:\/\/www.heldenhaushalt.de\/sari02\/wp-content\/uploads\/2015\/01\/sari-unter.jpg?zoom=1.5&amp;resize=130%2C59\" alt=\"sari-unter\" width=\"130\" height=\"59\" data-attachment-id=\"24841\" data-permalink=\"http:\/\/www.heldenhaushalt.de\/sari02\/index.php\/2015\/01\/03\/sich-neu-erfinden\/sari-unter\/\" data-orig-file=\"http:\/\/www.heldenhaushalt.de\/sari02\/wp-content\/uploads\/2015\/01\/sari-unter.jpg\" data-orig-size=\"130,59\" data-comments-opened=\"1\" data-image-meta=\"{&quot;aperture&quot;:&quot;0&quot;,&quot;credit&quot;:&quot;&quot;,&quot;camera&quot;:&quot;&quot;,&quot;caption&quot;:&quot;&quot;,&quot;created_timestamp&quot;:&quot;0&quot;,&quot;copyright&quot;:&quot;&quot;,&quot;focal_length&quot;:&quot;0&quot;,&quot;iso&quot;:&quot;0&quot;,&quot;shutter_speed&quot;:&quot;0&quot;,&quot;title&quot;:&quot;&quot;,&quot;orientation&quot;:&quot;0&quot;}\" data-image-title=\"sari-unter\" data-image-description=\"\" data-medium-file=\"http:\/\/www.heldenhaushalt.de\/sari02\/wp-content\/uploads\/2015\/01\/sari-unter.jpg\" data-large-file=\"http:\/\/www.heldenhaushalt.de\/sari02\/wp-content\/uploads\/2015\/01\/sari-unter.jpg\" data-pin-nopin=\"true\"><\/p>\n<div class=\"sharedaddy sd-sharing-enabled\">\n<div class=\"robots-nocontent sd-block sd-social sd-social-icon sd-sharing\">\n<h3 class=\"sd-title\">&nbsp;<\/h3>\n<\/div>\n<\/div>\n","protected":false},"excerpt":{"rendered":"<p>Nun liegt sie quasi hinter uns. Die erste richtige Schulwoche, noch im Eingew&#246;hnungsmodus mit verk&#252;rzten Schulzeiten. Es war ein Auf und Ab der Emotionen, aber ich denke, wir haben sie wirklich super gemeistert. Neben dem Alltag konnten wir noch ein paar Besonderheiten einflie&#223;en lassen und so habe ich heute ein sehr abwechlungsreiches #Freitags5 f&#252;r euch. *** Meine #Freitags5 #Freitagslieblinge Meine Lieblingslekt&#252;re der Woche \u2013&nbsp; Ich habe mich ein bisschen eingehender mit der B&#252;cherbox von Librileo gemeinn&#252;tzig besch&#228;ftigt und bin wirklich hin und weg von dem Konzept. Daher m&#246;chte ich euch demn&#228;chst von diesem tollen Projekt nochmal eingehender berichten. Alleine die kleinen Begleitheftchen sind schon einen Blick wert. *** Mein Lieblingsessen der Woche \u2013&nbsp; Weniger meines, aber daf&#252;r das der Kinder. Ich musste ja nun meine Bento -Skills etwas entstauben und ganze 5 schultaugliche Brotdosen packen. Ich muss sagen, ich bin froh, dass ich mich kurzfristig noch f&#252;r die Tresor von monbento&nbsp;(Affiliate Link)&nbsp;entschieden habe, da sie wirklich super in die Tasche passt. Bisher haben die Inhalte dem Gro&#223;en gefallen und auch die kleinen Botschaften kamen gut an, die ich darin versteckt habe. *** Mein Lieblingsmoment mit meinen Kindern&nbsp;\u2013 Wir waren am Montag nochmal im L&#246;wenladen, da die Heldensnacks dort vorbei kommen und mit Kindern gesund kochen wollten. Ein toller Nachmittag. Der Miniheld war besch&#228;ftigt und hat viel gelernt und das Heldenkind hat in der Zeit die Spielecke voll ausgenutzt und sich pudelwohl gef&#252;hlt. Es wurde viel gelacht und viel gequatscht und ich bin etwas wehm&#252;tig, dass heute der letzte Tag vom L&#246;wenladen dort ist und er nun weiter ziehen wird. *** Mein Lieblings-Mama-Moment nur f&#252;r mich&nbsp; \u2013 &nbsp;Wir waren alle diese Woche irgendwie noch m&#252;de. M&#252;de von all der Aufregung, m&#252;de vom Wochenende, m&#252;de von der Anspannung der ersten Schultage. Irgendwie hatten wir diese Woche alle viel Kuscheln und Schmusen n&#246;tig und so gab es viele Kuscheleinheiten von den Kindern. Man merkt aber auch, dass nun nach den Ferien wieder etwas Ruhe vor allem bei den Kindern einkehrt und das tut mir pers&#246;nlich sehr gut. *** Meine Lieblings-Inspiration der Woche \u2013&nbsp;Tats&#228;chlich waren das die netten Leute von Heldensnacks. Obwohl sie mit den Kindern gekocht haben, haben sie unglaublich tolle Tipps gegeben. Zum Beispiel zum Thema Zwiebel schneiden. Der n&#228;chste Flammkuchen ist gerettet. Aber auch die Rezepte waren wirklich toll und wir wollen sie definitiv auch zu Hause nochmal nachkochen, auch wenn die Kinder den gesunden Geschmack erstmal etwas gew&#246;hnungsbed&#252;rftig fanden. Da merkt man mal, wie verkommen wir in unserer Ern&#228;hrung inzwischen eigentlich sind. In der Blogsph&#228;re empfehlenswert fand ich diese Woche folgendes: Mobile basteln mit Eicheln &#8211; DIY Eis f&#252;r die Kinderk&#252;che &#8211; Kreatives Schattentheater *** Am Wochenende wollen wir ein bisschen unseren Hochzeitstag nachholen. Mal sehen, ob wir das hinbekommen. Mehr bildhafte #Freitags5 R&#252;ckblicke gibt es auch heute wieder bei&nbsp;BerlinMitteMom. &nbsp;<\/p>\n","protected":false},"author":1,"featured_media":34120,"comment_status":"open","ping_status":"open","sticky":false,"template":"","format":"standard","meta":{"ngg_post_thumbnail":0,"footnotes":""},"categories":[323,49],"tags":[780,781,45,69,1597,1582,1588,1215],"class_list":["post-34097","post","type-post","status-publish","format-standard","has-post-thumbnail","hentry","category-alltag","category-blogspaehre","tag-freitags5","tag-freitagslieblinge","tag-alltag","tag-familie","tag-heldensnacks","tag-loewenladen","tag-librileo-gemeinnuetzig","tag-schule"],"yoast_head":"<!-- This site is optimized with the Yoast SEO plugin v27.4 - https:\/\/yoast.com\/product\/yoast-seo-wordpress\/ -->\n<title>#Freitags5 \u2013 5 Tage 5 Fotos im September #03 - Heldenhaushalt<\/title>\n<meta name=\"description\" content=\"Neben dem Alltag konnten wir noch ein paar Besonderheiten einflie\u00dfen lassen und so habe ich heute ein abwechlungsreiches #Freitags5 f\u00fcr euch.\" \/>\n<meta name=\"robots\" content=\"index, follow, max-snippet:-1, max-image-preview:large, max-video-preview:-1\" \/>\n<link rel=\"canonical\" href=\"https:\/\/www.heldenhaushalt.de\/sari02\/index.php\/2017\/09\/15\/freitags5-5-tage-5-fotos-im-september-03\/\" \/>\n<meta property=\"og:locale\" content=\"de_DE\" \/>\n<meta property=\"og:type\" content=\"article\" \/>\n<meta property=\"og:title\" content=\"#Freitags5 \u2013 5 Tage 5 Fotos im September #03 - Heldenhaushalt\" \/>\n<meta property=\"og:description\" content=\"Neben dem Alltag konnten wir noch ein paar Besonderheiten einflie\u00dfen lassen und so habe ich heute ein abwechlungsreiches #Freitags5 f\u00fcr euch.\" \/>\n<meta property=\"og:url\" content=\"https:\/\/www.heldenhaushalt.de\/sari02\/index.php\/2017\/09\/15\/freitags5-5-tage-5-fotos-im-september-03\/\" \/>\n<meta property=\"og:site_name\" content=\"Heldenhaushalt\" \/>\n<meta property=\"article:published_time\" content=\"2017-09-15T08:00:06+00:00\" \/>\n<meta property=\"article:modified_time\" content=\"2017-09-16T04:55:30+00:00\" \/>\n<meta property=\"og:image\" content=\"https:\/\/www.heldenhaushalt.de\/sari02\/wp-content\/uploads\/2017\/09\/37-03.jpg\" \/>\n\t<meta property=\"og:image:width\" content=\"800\" \/>\n\t<meta property=\"og:image:height\" content=\"800\" \/>\n\t<meta property=\"og:image:type\" content=\"image\/jpeg\" \/>\n<meta name=\"author\" content=\"Sari\" \/>\n<meta name=\"twitter:card\" content=\"summary_large_image\" \/>\n<meta name=\"twitter:creator\" content=\"@Heldenhaushalt\" \/>\n<meta name=\"twitter:site\" content=\"@Heldenhaushalt\" \/>\n<meta name=\"twitter:label1\" content=\"Verfasst von\" \/>\n\t<meta name=\"twitter:data1\" content=\"Sari\" \/>\n\t<meta name=\"twitter:label2\" content=\"Gesch\u00e4tzte Lesezeit\" \/>\n\t<meta name=\"twitter:data2\" content=\"2\u00a0Minuten\" \/>\n<script type=\"application\/ld+json\" class=\"yoast-schema-graph\">{\"@context\":\"https:\\\/\\\/schema.org\",\"@graph\":[{\"@type\":\"Article\",\"@id\":\"https:\\\/\\\/www.heldenhaushalt.de\\\/sari02\\\/index.php\\\/2017\\\/09\\\/15\\\/freitags5-5-tage-5-fotos-im-september-03\\\/#article\",\"isPartOf\":{\"@id\":\"https:\\\/\\\/www.heldenhaushalt.de\\\/sari02\\\/index.php\\\/2017\\\/09\\\/15\\\/freitags5-5-tage-5-fotos-im-september-03\\\/\"},\"author\":{\"name\":\"Sari\",\"@id\":\"https:\\\/\\\/www.heldenhaushalt.de\\\/sari02\\\/#\\\/schema\\\/person\\\/a1cc69f42a01f412eb62c151353814f6\"},\"headline\":\"#Freitags5 \u2013 5 Tage 5 Fotos im September #03\",\"datePublished\":\"2017-09-15T08:00:06+00:00\",\"dateModified\":\"2017-09-16T04:55:30+00:00\",\"mainEntityOfPage\":{\"@id\":\"https:\\\/\\\/www.heldenhaushalt.de\\\/sari02\\\/index.php\\\/2017\\\/09\\\/15\\\/freitags5-5-tage-5-fotos-im-september-03\\\/\"},\"wordCount\":502,\"commentCount\":4,\"publisher\":{\"@id\":\"https:\\\/\\\/www.heldenhaushalt.de\\\/sari02\\\/#\\\/schema\\\/person\\\/a1cc69f42a01f412eb62c151353814f6\"},\"image\":{\"@id\":\"https:\\\/\\\/www.heldenhaushalt.de\\\/sari02\\\/index.php\\\/2017\\\/09\\\/15\\\/freitags5-5-tage-5-fotos-im-september-03\\\/#primaryimage\"},\"thumbnailUrl\":\"https:\\\/\\\/www.heldenhaushalt.de\\\/sari02\\\/wp-content\\\/uploads\\\/2017\\\/09\\\/37-03.jpg\",\"keywords\":[\"#Freitags5\",\"#Freitagslieblinge\",\"Allt\u00e4glich\",\"Familie\",\"Heldensnacks\",\"L\u00f6wenladen\",\"Librileo gemeinn\u00fctzig\",\"Schule\"],\"articleSection\":[\"Alltagschaos\",\"Blogsph\u00e4re\"],\"inLanguage\":\"de\",\"potentialAction\":[{\"@type\":\"CommentAction\",\"name\":\"Comment\",\"target\":[\"https:\\\/\\\/www.heldenhaushalt.de\\\/sari02\\\/index.php\\\/2017\\\/09\\\/15\\\/freitags5-5-tage-5-fotos-im-september-03\\\/#respond\"]}]},{\"@type\":\"WebPage\",\"@id\":\"https:\\\/\\\/www.heldenhaushalt.de\\\/sari02\\\/index.php\\\/2017\\\/09\\\/15\\\/freitags5-5-tage-5-fotos-im-september-03\\\/\",\"url\":\"https:\\\/\\\/www.heldenhaushalt.de\\\/sari02\\\/index.php\\\/2017\\\/09\\\/15\\\/freitags5-5-tage-5-fotos-im-september-03\\\/\",\"name\":\"#Freitags5 \u2013 5 Tage 5 Fotos im September #03 - Heldenhaushalt\",\"isPartOf\":{\"@id\":\"https:\\\/\\\/www.heldenhaushalt.de\\\/sari02\\\/#website\"},\"primaryImageOfPage\":{\"@id\":\"https:\\\/\\\/www.heldenhaushalt.de\\\/sari02\\\/index.php\\\/2017\\\/09\\\/15\\\/freitags5-5-tage-5-fotos-im-september-03\\\/#primaryimage\"},\"image\":{\"@id\":\"https:\\\/\\\/www.heldenhaushalt.de\\\/sari02\\\/index.php\\\/2017\\\/09\\\/15\\\/freitags5-5-tage-5-fotos-im-september-03\\\/#primaryimage\"},\"thumbnailUrl\":\"https:\\\/\\\/www.heldenhaushalt.de\\\/sari02\\\/wp-content\\\/uploads\\\/2017\\\/09\\\/37-03.jpg\",\"datePublished\":\"2017-09-15T08:00:06+00:00\",\"dateModified\":\"2017-09-16T04:55:30+00:00\",\"description\":\"Neben dem Alltag konnten wir noch ein paar Besonderheiten einflie\u00dfen lassen und so habe ich heute ein abwechlungsreiches #Freitags5 f\u00fcr euch.\",\"breadcrumb\":{\"@id\":\"https:\\\/\\\/www.heldenhaushalt.de\\\/sari02\\\/index.php\\\/2017\\\/09\\\/15\\\/freitags5-5-tage-5-fotos-im-september-03\\\/#breadcrumb\"},\"inLanguage\":\"de\",\"potentialAction\":[{\"@type\":\"ReadAction\",\"target\":[\"https:\\\/\\\/www.heldenhaushalt.de\\\/sari02\\\/index.php\\\/2017\\\/09\\\/15\\\/freitags5-5-tage-5-fotos-im-september-03\\\/\"]}]},{\"@type\":\"ImageObject\",\"inLanguage\":\"de\",\"@id\":\"https:\\\/\\\/www.heldenhaushalt.de\\\/sari02\\\/index.php\\\/2017\\\/09\\\/15\\\/freitags5-5-tage-5-fotos-im-september-03\\\/#primaryimage\",\"url\":\"https:\\\/\\\/www.heldenhaushalt.de\\\/sari02\\\/wp-content\\\/uploads\\\/2017\\\/09\\\/37-03.jpg\",\"contentUrl\":\"https:\\\/\\\/www.heldenhaushalt.de\\\/sari02\\\/wp-content\\\/uploads\\\/2017\\\/09\\\/37-03.jpg\",\"width\":800,\"height\":800,\"caption\":\"#Freitags5\"},{\"@type\":\"BreadcrumbList\",\"@id\":\"https:\\\/\\\/www.heldenhaushalt.de\\\/sari02\\\/index.php\\\/2017\\\/09\\\/15\\\/freitags5-5-tage-5-fotos-im-september-03\\\/#breadcrumb\",\"itemListElement\":[{\"@type\":\"ListItem\",\"position\":1,\"name\":\"Startseite\",\"item\":\"https:\\\/\\\/www.heldenhaushalt.de\\\/sari02\\\/\"},{\"@type\":\"ListItem\",\"position\":2,\"name\":\"#Freitags5 \u2013 5 Tage 5 Fotos im September #03\"}]},{\"@type\":\"WebSite\",\"@id\":\"https:\\\/\\\/www.heldenhaushalt.de\\\/sari02\\\/#website\",\"url\":\"https:\\\/\\\/www.heldenhaushalt.de\\\/sari02\\\/\",\"name\":\"Heldenhaushalt\",\"description\":\"Wer es ordentlich haben will, der muss vorher anrufen\",\"publisher\":{\"@id\":\"https:\\\/\\\/www.heldenhaushalt.de\\\/sari02\\\/#\\\/schema\\\/person\\\/a1cc69f42a01f412eb62c151353814f6\"},\"potentialAction\":[{\"@type\":\"SearchAction\",\"target\":{\"@type\":\"EntryPoint\",\"urlTemplate\":\"https:\\\/\\\/www.heldenhaushalt.de\\\/sari02\\\/?s={search_term_string}\"},\"query-input\":{\"@type\":\"PropertyValueSpecification\",\"valueRequired\":true,\"valueName\":\"search_term_string\"}}],\"inLanguage\":\"de\"},{\"@type\":[\"Person\",\"Organization\"],\"@id\":\"https:\\\/\\\/www.heldenhaushalt.de\\\/sari02\\\/#\\\/schema\\\/person\\\/a1cc69f42a01f412eb62c151353814f6\",\"name\":\"Sari\",\"image\":{\"@type\":\"ImageObject\",\"inLanguage\":\"de\",\"@id\":\"https:\\\/\\\/www.heldenhaushalt.de\\\/sari02\\\/wp-content\\\/uploads\\\/2019\\\/02\\\/sari-april2018.png\",\"url\":\"https:\\\/\\\/www.heldenhaushalt.de\\\/sari02\\\/wp-content\\\/uploads\\\/2019\\\/02\\\/sari-april2018.png\",\"contentUrl\":\"https:\\\/\\\/www.heldenhaushalt.de\\\/sari02\\\/wp-content\\\/uploads\\\/2019\\\/02\\\/sari-april2018.png\",\"width\":500,\"height\":500,\"caption\":\"Sari\"},\"logo\":{\"@id\":\"https:\\\/\\\/www.heldenhaushalt.de\\\/sari02\\\/wp-content\\\/uploads\\\/2019\\\/02\\\/sari-april2018.png\"},\"description\":\"Frau Mondgras \u2013 Das bin ich, Sari. Gerne auch als Sari Mondgras bekannt und im Internet zu finden. 2-Fach-Mutter, Heldenehefrau, Kreativling, Harmonies\u00fcchtig und st\u00e4ndig auf der Suche nach Gl\u00fcck. Ich komme aus Berlin, bin hier aufgewachsen und lebe hier seit ich denken kann.\",\"sameAs\":[\"https:\\\/\\\/www.instagram.com\\\/heldenhaushalt\\\/\"],\"url\":\"https:\\\/\\\/www.heldenhaushalt.de\\\/sari02\\\/index.php\\\/author\\\/admin\\\/\"}]}<\/script>\n<!-- \/ Yoast SEO plugin. -->","yoast_head_json":{"title":"#Freitags5 \u2013 5 Tage 5 Fotos im September #03 - Heldenhaushalt","description":"Neben dem Alltag konnten wir noch ein paar Besonderheiten einflie\u00dfen lassen und so habe ich heute ein abwechlungsreiches #Freitags5 f\u00fcr euch.","robots":{"index":"index","follow":"follow","max-snippet":"max-snippet:-1","max-image-preview":"max-image-preview:large","max-video-preview":"max-video-preview:-1"},"canonical":"https:\/\/www.heldenhaushalt.de\/sari02\/index.php\/2017\/09\/15\/freitags5-5-tage-5-fotos-im-september-03\/","og_locale":"de_DE","og_type":"article","og_title":"#Freitags5 \u2013 5 Tage 5 Fotos im September #03 - Heldenhaushalt","og_description":"Neben dem Alltag konnten wir noch ein paar Besonderheiten einflie\u00dfen lassen und so habe ich heute ein abwechlungsreiches #Freitags5 f\u00fcr euch.","og_url":"https:\/\/www.heldenhaushalt.de\/sari02\/index.php\/2017\/09\/15\/freitags5-5-tage-5-fotos-im-september-03\/","og_site_name":"Heldenhaushalt","article_published_time":"2017-09-15T08:00:06+00:00","article_modified_time":"2017-09-16T04:55:30+00:00","og_image":[{"width":800,"height":800,"url":"https:\/\/www.heldenhaushalt.de\/sari02\/wp-content\/uploads\/2017\/09\/37-03.jpg","type":"image\/jpeg"}],"author":"Sari","twitter_card":"summary_large_image","twitter_creator":"@Heldenhaushalt","twitter_site":"@Heldenhaushalt","twitter_misc":{"Verfasst von":"Sari","Gesch\u00e4tzte Lesezeit":"2\u00a0Minuten"},"schema":{"@context":"https:\/\/schema.org","@graph":[{"@type":"Article","@id":"https:\/\/www.heldenhaushalt.de\/sari02\/index.php\/2017\/09\/15\/freitags5-5-tage-5-fotos-im-september-03\/#article","isPartOf":{"@id":"https:\/\/www.heldenhaushalt.de\/sari02\/index.php\/2017\/09\/15\/freitags5-5-tage-5-fotos-im-september-03\/"},"author":{"name":"Sari","@id":"https:\/\/www.heldenhaushalt.de\/sari02\/#\/schema\/person\/a1cc69f42a01f412eb62c151353814f6"},"headline":"#Freitags5 \u2013 5 Tage 5 Fotos im September #03","datePublished":"2017-09-15T08:00:06+00:00","dateModified":"2017-09-16T04:55:30+00:00","mainEntityOfPage":{"@id":"https:\/\/www.heldenhaushalt.de\/sari02\/index.php\/2017\/09\/15\/freitags5-5-tage-5-fotos-im-september-03\/"},"wordCount":502,"commentCount":4,"publisher":{"@id":"https:\/\/www.heldenhaushalt.de\/sari02\/#\/schema\/person\/a1cc69f42a01f412eb62c151353814f6"},"image":{"@id":"https:\/\/www.heldenhaushalt.de\/sari02\/index.php\/2017\/09\/15\/freitags5-5-tage-5-fotos-im-september-03\/#primaryimage"},"thumbnailUrl":"https:\/\/www.heldenhaushalt.de\/sari02\/wp-content\/uploads\/2017\/09\/37-03.jpg","keywords":["#Freitags5","#Freitagslieblinge","Allt\u00e4glich","Familie","Heldensnacks","L\u00f6wenladen","Librileo gemeinn\u00fctzig","Schule"],"articleSection":["Alltagschaos","Blogsph\u00e4re"],"inLanguage":"de","potentialAction":[{"@type":"CommentAction","name":"Comment","target":["https:\/\/www.heldenhaushalt.de\/sari02\/index.php\/2017\/09\/15\/freitags5-5-tage-5-fotos-im-september-03\/#respond"]}]},{"@type":"WebPage","@id":"https:\/\/www.heldenhaushalt.de\/sari02\/index.php\/2017\/09\/15\/freitags5-5-tage-5-fotos-im-september-03\/","url":"https:\/\/www.heldenhaushalt.de\/sari02\/index.php\/2017\/09\/15\/freitags5-5-tage-5-fotos-im-september-03\/","name":"#Freitags5 \u2013 5 Tage 5 Fotos im September #03 - Heldenhaushalt","isPartOf":{"@id":"https:\/\/www.heldenhaushalt.de\/sari02\/#website"},"primaryImageOfPage":{"@id":"https:\/\/www.heldenhaushalt.de\/sari02\/index.php\/2017\/09\/15\/freitags5-5-tage-5-fotos-im-september-03\/#primaryimage"},"image":{"@id":"https:\/\/www.heldenhaushalt.de\/sari02\/index.php\/2017\/09\/15\/freitags5-5-tage-5-fotos-im-september-03\/#primaryimage"},"thumbnailUrl":"https:\/\/www.heldenhaushalt.de\/sari02\/wp-content\/uploads\/2017\/09\/37-03.jpg","datePublished":"2017-09-15T08:00:06+00:00","dateModified":"2017-09-16T04:55:30+00:00","description":"Neben dem Alltag konnten wir noch ein paar Besonderheiten einflie\u00dfen lassen und so habe ich heute ein abwechlungsreiches #Freitags5 f\u00fcr euch.","breadcrumb":{"@id":"https:\/\/www.heldenhaushalt.de\/sari02\/index.php\/2017\/09\/15\/freitags5-5-tage-5-fotos-im-september-03\/#breadcrumb"},"inLanguage":"de","potentialAction":[{"@type":"ReadAction","target":["https:\/\/www.heldenhaushalt.de\/sari02\/index.php\/2017\/09\/15\/freitags5-5-tage-5-fotos-im-september-03\/"]}]},{"@type":"ImageObject","inLanguage":"de","@id":"https:\/\/www.heldenhaushalt.de\/sari02\/index.php\/2017\/09\/15\/freitags5-5-tage-5-fotos-im-september-03\/#primaryimage","url":"https:\/\/www.heldenhaushalt.de\/sari02\/wp-content\/uploads\/2017\/09\/37-03.jpg","contentUrl":"https:\/\/www.heldenhaushalt.de\/sari02\/wp-content\/uploads\/2017\/09\/37-03.jpg","width":800,"height":800,"caption":"#Freitags5"},{"@type":"BreadcrumbList","@id":"https:\/\/www.heldenhaushalt.de\/sari02\/index.php\/2017\/09\/15\/freitags5-5-tage-5-fotos-im-september-03\/#breadcrumb","itemListElement":[{"@type":"ListItem","position":1,"name":"Startseite","item":"https:\/\/www.heldenhaushalt.de\/sari02\/"},{"@type":"ListItem","position":2,"name":"#Freitags5 \u2013 5 Tage 5 Fotos im September #03"}]},{"@type":"WebSite","@id":"https:\/\/www.heldenhaushalt.de\/sari02\/#website","url":"https:\/\/www.heldenhaushalt.de\/sari02\/","name":"Heldenhaushalt","description":"Wer es ordentlich haben will, der muss vorher anrufen","publisher":{"@id":"https:\/\/www.heldenhaushalt.de\/sari02\/#\/schema\/person\/a1cc69f42a01f412eb62c151353814f6"},"potentialAction":[{"@type":"SearchAction","target":{"@type":"EntryPoint","urlTemplate":"https:\/\/www.heldenhaushalt.de\/sari02\/?s={search_term_string}"},"query-input":{"@type":"PropertyValueSpecification","valueRequired":true,"valueName":"search_term_string"}}],"inLanguage":"de"},{"@type":["Person","Organization"],"@id":"https:\/\/www.heldenhaushalt.de\/sari02\/#\/schema\/person\/a1cc69f42a01f412eb62c151353814f6","name":"Sari","image":{"@type":"ImageObject","inLanguage":"de","@id":"https:\/\/www.heldenhaushalt.de\/sari02\/wp-content\/uploads\/2019\/02\/sari-april2018.png","url":"https:\/\/www.heldenhaushalt.de\/sari02\/wp-content\/uploads\/2019\/02\/sari-april2018.png","contentUrl":"https:\/\/www.heldenhaushalt.de\/sari02\/wp-content\/uploads\/2019\/02\/sari-april2018.png","width":500,"height":500,"caption":"Sari"},"logo":{"@id":"https:\/\/www.heldenhaushalt.de\/sari02\/wp-content\/uploads\/2019\/02\/sari-april2018.png"},"description":"Frau Mondgras \u2013 Das bin ich, Sari. Gerne auch als Sari Mondgras bekannt und im Internet zu finden. 2-Fach-Mutter, Heldenehefrau, Kreativling, Harmonies\u00fcchtig und st\u00e4ndig auf der Suche nach Gl\u00fcck. Ich komme aus Berlin, bin hier aufgewachsen und lebe hier seit ich denken kann.","sameAs":["https:\/\/www.instagram.com\/heldenhaushalt\/"],"url":"https:\/\/www.heldenhaushalt.de\/sari02\/index.php\/author\/admin\/"}]}},"views":4699,"_links":{"self":[{"href":"https:\/\/www.heldenhaushalt.de\/sari02\/index.php\/wp-json\/wp\/v2\/posts\/34097","targetHints":{"allow":["GET"]}}],"collection":[{"href":"https:\/\/www.heldenhaushalt.de\/sari02\/index.php\/wp-json\/wp\/v2\/posts"}],"about":[{"href":"https:\/\/www.heldenhaushalt.de\/sari02\/index.php\/wp-json\/wp\/v2\/types\/post"}],"author":[{"embeddable":true,"href":"https:\/\/www.heldenhaushalt.de\/sari02\/index.php\/wp-json\/wp\/v2\/users\/1"}],"replies":[{"embeddable":true,"href":"https:\/\/www.heldenhaushalt.de\/sari02\/index.php\/wp-json\/wp\/v2\/comments?post=34097"}],"version-history":[{"count":5,"href":"https:\/\/www.heldenhaushalt.de\/sari02\/index.php\/wp-json\/wp\/v2\/posts\/34097\/revisions"}],"predecessor-version":[{"id":34129,"href":"https:\/\/www.heldenhaushalt.de\/sari02\/index.php\/wp-json\/wp\/v2\/posts\/34097\/revisions\/34129"}],"wp:featuredmedia":[{"embeddable":true,"href":"https:\/\/www.heldenhaushalt.de\/sari02\/index.php\/wp-json\/wp\/v2\/media\/34120"}],"wp:attachment":[{"href":"https:\/\/www.heldenhaushalt.de\/sari02\/index.php\/wp-json\/wp\/v2\/media?parent=34097"}],"wp:term":[{"taxonomy":"category","embeddable":true,"href":"https:\/\/www.heldenhaushalt.de\/sari02\/index.php\/wp-json\/wp\/v2\/categories?post=34097"},{"taxonomy":"post_tag","embeddable":true,"href":"https:\/\/www.heldenhaushalt.de\/sari02\/index.php\/wp-json\/wp\/v2\/tags?post=34097"}],"curies":[{"name":"wp","href":"https:\/\/api.w.org\/{rel}","templated":true}]}}