{"id":34159,"date":"2017-11-11T09:00:00","date_gmt":"2017-11-11T08:00:00","guid":{"rendered":"http:\/\/www.heldenhaushalt.de\/sari02\/?p=34159"},"modified":"2017-11-11T08:44:37","modified_gmt":"2017-11-11T07:44:37","slug":"librileo-gemeinnuetzig-und-die-buecherbox","status":"publish","type":"post","link":"https:\/\/www.heldenhaushalt.de\/sari02\/index.php\/2017\/11\/11\/librileo-gemeinnuetzig-und-die-buecherbox\/","title":{"rendered":"Librileo gemeinn&#252;tzig und die B&#252;cherbox!"},"content":{"rendered":"<p>Unsere Meinung zum Thema Lesen haben wir euch ja schon des &#214;fteren hier mitgeteilt. Auch, dass wir vor einigen Wochen noch regelm&#228;&#223;ig und gerne im Pop &#8211; Up <a href=\"http:\/\/www.heldenhaushalt.de\/sari02\/index.php\/2017\/09\/06\/mmi-ein-loewenladen\/\"><strong>L&#246;wenladen<\/strong><\/a> von Librileo gemeinn&#252;tzig zu Gast waren und immer wieder mal habe ich die B&#252;cherbox erw&#228;hnt. Bis heute habe ich euch jedoch noch im Dunkeln dar&#252;ber gelassen, was diese B&#252;cherbox eigentlich ist. Das m&#246;chte ich heute &#228;ndern.<\/p>\n<h2>Wer ist eigentlich Librileo gemeinn&#252;tzig?<\/h2>\n<p>Vielleicht kennt ihr ja Sarah und Julius von <a href=\"https:\/\/www.librileo.de\/\" target=\"_blank\" rel=\"noopener\">Librileo<\/a> bereits. Unter dem Slogan <strong>&#8220;Kinder brauchen B&#252;cher&#8221;<\/strong> findet man bei ihnen immer viele sch&#246;ne und spannende Tipps und Empfehlungen rund um das Thema Lesen und Kinderb&#252;cher. Auch eine regul&#228;re monatliche B&#252;cherbox kann man bei ihnen abonnieren, durch die man jeden Monat<a href=\"https:\/\/www.librileo.de\/die-buecherbox\/\" target=\"_blank\" rel=\"noopener\"> zu einem anderem Thema passend<\/a> zum Alter des Kindes ein ausgew&#228;hltes Buch zugesendet bekommt. Aber auch <a href=\"https:\/\/www.librileo.de\/blog\/\" target=\"_blank\" rel=\"noopener\">auf dem Blog <\/a>erf&#228;hrt man vieles und ich bin dadurch schon auf so manches sch&#246;ne Kinderbuch aufmerksam geworden.<\/p>\n<p><a href=\"http:\/\/www.librileo-gemeinnuetzig.de\/\" target=\"_blank\" rel=\"noopener\"><strong>Librileo gemeinn&#252;tzig<\/strong> <\/a>ist quasi eine Art Tochterunternehmen von Librileo. Mit verschiedenen ehrenamtlichen Projekten versucht die Organisation von Sarah und Julius gemeinsam mit vielen engagierten Helfern gegen die Bildungsarmut in Deutschland vorzugehen. Denn gerade in den ersten Lebensjahren eines Kindes kann man viel Einfluss auf die Bildungs- und Lernbiographie eines Kindes nehmen. Studien und Sch&#228;tzungen zeigen aber, dass es in der Hinsicht f&#252;r sehr viele Kinder Hindernisse gibt. Mehr als 2 Millionen Kinder leben in schwierigen Lebenslagen und Eltern ist es so kaum m&#246;glich ihren Kindern und deren Bed&#252;rfnissen gerecht zu werden.<\/p>\n<h2>Was wir im L&#246;wenladen gelernt haben.<\/h2>\n<p>Der <a href=\"http:\/\/librileo-gemeinnuetzig.de\/eltern\/loewenladen\/\" target=\"_blank\" rel=\"noopener\"><strong>L&#246;wenladen<\/strong><\/a> ist ja eines der vielen Projekte, die von Librileo gemeinn&#252;tzig ins Leben gerufen wurden. Wir waren insgesamt in der Phase, die der Laden bei uns in der N&#228;he war, drei Mal dort. Zur Er&#246;ffnung, zum Kochen mit den Heldensnacks und zur Abschiedsfeier auch nochmal.&nbsp;<\/p>\n<p><img loading=\"lazy\" decoding=\"async\" class=\"alignnone\" src=\"http:\/\/www.heldenhaushalt.de\/sari02\/wp-content\/uploads\/2017\/09\/laden04.jpg\" alt=\"Librileo gemeinn&#252;tzig\" width=\"800\" height=\"504\"><\/p>\n<p>Mit viel Liebe und Aufwand wurde hier f&#252;r die Kinder ein Ort geschaffen, den sie jederzeit aufsuchen konnten. Es wurden Lesestunden angeboten, Krabbelgruppen, Taschengeldberatung, Bastelaktionen und mehr. Gleichzeitig sollte der Laden aber nicht nur f&#252;r Kinder zu einem Ansprechpartner werden, sondern auch f&#252;r die Eltern. Gerade hier herrscht oft auch eine sprachliche Barriere, die Eltern daran hindern auf solche Angebote zu zugehen und sich zu informieren. Insofern war es teilweise wohl recht schwer auch Eltern heran zu ziehen. Dabei bot man ihnen die M&#246;glichkeit sich &#252;ber Bildungspakete und mehr aufkl&#228;ren zu lassen und in einer gem&#252;tlichen Umgebung auch miteinander zu agieren.<\/p>\n<p>Was wir bei unseren Besuchen dort beobachten konnten war auf jeden Fall eines: Die Kinder waren gerne dort und nahmen das Angebot dankend an. Das zeigt eigentlich, wie wichtig solche Einrichtungen besonders in schwierigeren Wohnvierteln sind. Die Kinder wollen und brauchen das. Daher war ich auch ziemlich angetan von dem Konzept des L&#246;wenladens.<\/p>\n<h2>Die Librileo gemeinn&#252;tzig B&#252;cherbox<\/h2>\n<p>Als wir im L&#246;wenladen waren, da sprang uns, insbesondere dem Minihelden, eine Wand besonders ins Auge. Sie war in einem Nebenraum, wo ich mit den Kindern zum Malen sa&#223;. An ihr hingen viele, wundersch&#246;n illustrierte Bilder zu verschiedenen Themen, die man als Eltern aus der Entwicklung der eigenen Kinder kennt. Dazu z&#228;hlte zum Beispiel &#8220;Windelfrei&#8221;, &#8220;Angst&#8221;, &#8220;Mut&#8221;, Allt&#228;gliches wie &#8220;Aufr&#228;umen&#8221;, &#8220;Gesund Essen&#8221;, &#8220;Z&#228;hne putzen&#8221; und mehr. Dinge, die jeder von uns mit seinem Kind im Laufe seiner Entwicklung erlebt und teilweise vielleicht auch &#8220;durchmachen&#8221; muss.&nbsp;<\/p>\n<p><img loading=\"lazy\" decoding=\"async\" class=\"alignnone\" src=\"http:\/\/www.heldenhaushalt.de\/sari02\/wp-content\/uploads\/2017\/09\/laden03.jpg\" alt=\"Librileo gemeinn&#252;tzig\" width=\"800\" height=\"565\"><\/p>\n<p>Ich hielt die Bilder f&#252;r Buchdeckel und dachte, dass sie vielleicht in einem eigenen Verlag hergestellt werden w&#252;rden. Als ich fragte, wo wir die B&#252;cher bestellen k&#246;nnten, da sich der Miniheld besonders zu dem Zeitpunkt f&#252;r das Thema &#8220;Einschulung&#8221; interessierte, bekam ich eine sehr &#252;berraschende Antwort.&nbsp;<\/p>\n<p>Die Bilder waren n&#228;mlich keine Buchdeckel, sondern Informationshefte, die <a href=\"http:\/\/librileo-gemeinnuetzig.de\/info\/die-buecherboxen\/\" target=\"_blank\" rel=\"noopener\"><strong>einer B&#252;cherbox<\/strong> <\/a>beigelegt wurden. Neben diesem Informationsblatt beinhaltet die Box zudem noch ein passendes Buch und eine darauf abgestimmte Aktivit&#228;t. Klingt total spannend, oder? Da musste ich mehr zu wissen.<\/p>\n<h2>Die B&#252;cherboxen sollen Inspiration und Hilfe in den Alltag von Familien bringen<\/h2>\n<p>Librileo gemeinn&#252;tzug veranstaltet ja regelm&#228;&#223;ig Vorlesestunden f&#252;r Familien und Kinder. Insgesamt gibt es 24 Themen, die hierbei aufgegriffen werden und sich auf die verschiedenen Entwicklungsphasen eines Kindes beziehen. Diese B&#252;cherboxen greifen die 24 Themen auf und bieten so die M&#246;glichkeit, die Inhalte der Vorlesestunden zu vertiefen.<\/p>\n<p>Jede B&#252;cherbox besteht aus drei Dingen: Einem Kinderbuch, einem Informationsheft mit Tipps &amp; Tricks passend zum Thema und einem Spiel, dass ebenfalls auf das Thema abgestimmt ist.<\/p>\n<h2>Wir zeigen euch mal eine Beispiel &#8211; B&#252;cherbox von Librileo gemeinn&#252;tzig<\/h2>\n<p>Sarah war so nett und hat uns zu Vorf&#252;hrungszwecken mal so eine <a href=\"http:\/\/librileo-gemeinnuetzig.de\/info\/die-buecherboxen\/\" target=\"_blank\" rel=\"noopener\"><strong>B&#252;cherbox<\/strong><\/a> zukommen lassen. Passend f&#252;r das Alter unseres Heldenkindes, das ja jetzt im Dezember 2 Jahre alt wird, hat sie uns eine Box zum Thema &#8220;T&#246;pfchen&#8221; geschickt. Spannend, denn sie hat damit ein Thema erwischt, dass bei uns tats&#228;chlich gerade ziemlich aktuell ist.<\/p>\n<p><img loading=\"lazy\" decoding=\"async\" class=\"aligncenter size-full wp-image-34791\" src=\"http:\/\/www.heldenhaushalt.de\/sari02\/wp-content\/uploads\/2017\/11\/buchbox01.jpg\" alt=\"Librileo gemeinn&#252;tzig\" width=\"1000\" height=\"667\" srcset=\"https:\/\/www.heldenhaushalt.de\/sari02\/wp-content\/uploads\/2017\/11\/buchbox01.jpg 1000w, https:\/\/www.heldenhaushalt.de\/sari02\/wp-content\/uploads\/2017\/11\/buchbox01-300x200.jpg 300w, https:\/\/www.heldenhaushalt.de\/sari02\/wp-content\/uploads\/2017\/11\/buchbox01-768x512.jpg 768w, https:\/\/www.heldenhaushalt.de\/sari02\/wp-content\/uploads\/2017\/11\/buchbox01-600x400.jpg 600w, https:\/\/www.heldenhaushalt.de\/sari02\/wp-content\/uploads\/2017\/11\/buchbox01-660x440.jpg 660w, https:\/\/www.heldenhaushalt.de\/sari02\/wp-content\/uploads\/2017\/11\/buchbox01-373x248.jpg 373w\" sizes=\"auto, (max-width: 1000px) 100vw, 1000px\" \/><\/p>\n<p>Die Box ist direkt zu erkennen. Der Umschlag wird n&#228;mlich vom Logo von Librileo gemeinn&#252;tzug geziert. Packt man das Paket dann aus, ist es auf den ersten Blick wie Geburtstag. Die B&#252;cherbox ist n&#228;mlich nochmal in sch&#246;nem Papier eingeschlagen.<\/p>\n<p><img loading=\"lazy\" decoding=\"async\" class=\"aligncenter size-full wp-image-34792\" src=\"http:\/\/www.heldenhaushalt.de\/sari02\/wp-content\/uploads\/2017\/11\/buchbox02.jpg\" alt=\"Librileo gemeinn&#252;tzig\" width=\"1000\" height=\"670\" srcset=\"https:\/\/www.heldenhaushalt.de\/sari02\/wp-content\/uploads\/2017\/11\/buchbox02.jpg 1000w, https:\/\/www.heldenhaushalt.de\/sari02\/wp-content\/uploads\/2017\/11\/buchbox02-300x201.jpg 300w, https:\/\/www.heldenhaushalt.de\/sari02\/wp-content\/uploads\/2017\/11\/buchbox02-768x515.jpg 768w, https:\/\/www.heldenhaushalt.de\/sari02\/wp-content\/uploads\/2017\/11\/buchbox02-600x402.jpg 600w\" sizes=\"auto, (max-width: 1000px) 100vw, 1000px\" \/><\/p>\n<p>Und das erwartet uns:<\/p>\n<p><img loading=\"lazy\" decoding=\"async\" class=\"aligncenter size-full wp-image-34790\" src=\"http:\/\/www.heldenhaushalt.de\/sari02\/wp-content\/uploads\/2017\/11\/bucbox03.jpg\" alt=\"Librileo gemeinn&#252;tzig\" width=\"1000\" height=\"667\" srcset=\"https:\/\/www.heldenhaushalt.de\/sari02\/wp-content\/uploads\/2017\/11\/bucbox03.jpg 1000w, https:\/\/www.heldenhaushalt.de\/sari02\/wp-content\/uploads\/2017\/11\/bucbox03-300x200.jpg 300w, https:\/\/www.heldenhaushalt.de\/sari02\/wp-content\/uploads\/2017\/11\/bucbox03-768x512.jpg 768w, https:\/\/www.heldenhaushalt.de\/sari02\/wp-content\/uploads\/2017\/11\/bucbox03-600x400.jpg 600w, https:\/\/www.heldenhaushalt.de\/sari02\/wp-content\/uploads\/2017\/11\/bucbox03-660x440.jpg 660w, https:\/\/www.heldenhaushalt.de\/sari02\/wp-content\/uploads\/2017\/11\/bucbox03-373x248.jpg 373w\" sizes=\"auto, (max-width: 1000px) 100vw, 1000px\" \/><\/p>\n<p>Ein Buch, ein Infoblatt zum Thema T&#246;pfchen bzw. Windelfrei und ein tolles Poster mit Klebepunkten. Die Infos auf dem Zettel sind uns teilweise nicht neu, aber es sind auch einige sch&#246;ne Anregungen drin, wie wir an das Thema mit unserem kleinen Sohn heran gehen k&#246;nnen. Auch die Idee vom Poster ist schnell erkl&#228;rt.<\/p>\n<p><img loading=\"lazy\" decoding=\"async\" class=\"aligncenter size-full wp-image-34794\" src=\"http:\/\/www.heldenhaushalt.de\/sari02\/wp-content\/uploads\/2017\/11\/buchbox05.jpg\" alt=\"Librileo gemeinn&#252;tzig\" width=\"1000\" height=\"667\" srcset=\"https:\/\/www.heldenhaushalt.de\/sari02\/wp-content\/uploads\/2017\/11\/buchbox05.jpg 1000w, https:\/\/www.heldenhaushalt.de\/sari02\/wp-content\/uploads\/2017\/11\/buchbox05-300x200.jpg 300w, https:\/\/www.heldenhaushalt.de\/sari02\/wp-content\/uploads\/2017\/11\/buchbox05-768x512.jpg 768w, https:\/\/www.heldenhaushalt.de\/sari02\/wp-content\/uploads\/2017\/11\/buchbox05-600x400.jpg 600w, https:\/\/www.heldenhaushalt.de\/sari02\/wp-content\/uploads\/2017\/11\/buchbox05-660x440.jpg 660w, https:\/\/www.heldenhaushalt.de\/sari02\/wp-content\/uploads\/2017\/11\/buchbox05-373x248.jpg 373w\" sizes=\"auto, (max-width: 1000px) 100vw, 1000px\" \/><\/p>\n<p>Es ist n&#228;mlich eine Art Belohnungssystem, ohne direkt mit der allseits beliebten Bonbon P&#228;dagogik zu arbeiten: Jedes Mal, wenn das Kind ein Erfolgserlebnis mit dem T&#246;pfchen oder der Toilette hatte, darf es einen bunten Klebepunkt auf das Poster kleben und am Ende sieht es aus, als ob das M&#228;dchen eine gro&#223;e Konfetti- Party feiert. Das Kind selber bekommt aber auch optisch aufgezeigt, wie erfolgreich es schon war. Eine sch&#246;ne Idee, oder?<\/p>\n<p><img loading=\"lazy\" decoding=\"async\" class=\"aligncenter size-full wp-image-34795\" src=\"http:\/\/www.heldenhaushalt.de\/sari02\/wp-content\/uploads\/2017\/11\/buchbox06.jpg\" alt=\"Librileo gemeinn&#252;tzig\" width=\"950\" height=\"633\" srcset=\"https:\/\/www.heldenhaushalt.de\/sari02\/wp-content\/uploads\/2017\/11\/buchbox06.jpg 950w, https:\/\/www.heldenhaushalt.de\/sari02\/wp-content\/uploads\/2017\/11\/buchbox06-300x200.jpg 300w, https:\/\/www.heldenhaushalt.de\/sari02\/wp-content\/uploads\/2017\/11\/buchbox06-768x512.jpg 768w, https:\/\/www.heldenhaushalt.de\/sari02\/wp-content\/uploads\/2017\/11\/buchbox06-600x400.jpg 600w, https:\/\/www.heldenhaushalt.de\/sari02\/wp-content\/uploads\/2017\/11\/buchbox06-660x440.jpg 660w, https:\/\/www.heldenhaushalt.de\/sari02\/wp-content\/uploads\/2017\/11\/buchbox06-373x248.jpg 373w\" sizes=\"auto, (max-width: 950px) 100vw, 950px\" \/><\/p>\n<p>Und nach dem Prinzip behandeln die Boxen die verschiedenen und f&#252;r Kinder wichtigen Themen im Laufe ihrer Entwicklung.&nbsp;<\/p>\n<p><img loading=\"lazy\" decoding=\"async\" class=\"aligncenter size-full wp-image-34793\" src=\"http:\/\/www.heldenhaushalt.de\/sari02\/wp-content\/uploads\/2017\/11\/buchbox04.jpg\" alt=\"Librileo gemeinn&#252;tzig\" width=\"1000\" height=\"667\" srcset=\"https:\/\/www.heldenhaushalt.de\/sari02\/wp-content\/uploads\/2017\/11\/buchbox04.jpg 1000w, https:\/\/www.heldenhaushalt.de\/sari02\/wp-content\/uploads\/2017\/11\/buchbox04-300x200.jpg 300w, https:\/\/www.heldenhaushalt.de\/sari02\/wp-content\/uploads\/2017\/11\/buchbox04-768x512.jpg 768w, https:\/\/www.heldenhaushalt.de\/sari02\/wp-content\/uploads\/2017\/11\/buchbox04-600x400.jpg 600w, https:\/\/www.heldenhaushalt.de\/sari02\/wp-content\/uploads\/2017\/11\/buchbox04-660x440.jpg 660w, https:\/\/www.heldenhaushalt.de\/sari02\/wp-content\/uploads\/2017\/11\/buchbox04-373x248.jpg 373w\" sizes=\"auto, (max-width: 1000px) 100vw, 1000px\" \/><\/p>\n<p>Wenn ihr jetzt mehr &#252;ber die B&#252;cherbox von Librileo gemeinn&#252;tzig erfahren wollt, <strong><a href=\"http:\/\/librileo-gemeinnuetzig.de\/info\/die-buecherboxen\/\" target=\"_blank\" rel=\"noopener\">dann lest am besten noch einmal hier nach<\/a>.<\/strong> Dort erfahrt ihr n&#228;mlich auch, f&#252;r wen genau die Box gedacht ist und wer durch den Staat&nbsp; bzw. durch das Bildungs- und Teilhabepaket Unterst&#252;tzung erfahren kann.<\/p>\n<h2>Werde aktiv und unterst&#252;tze Librileo gemeinn&#252;tzig<\/h2>\n<p>Wir k&#246;nnen uns gl&#252;cklich sch&#228;tzen, das wir einen relativ leichten und Barriere freien Weg f&#252;r uns und unsere Kinder haben. Das ist aber leider nicht &#252;berall so. Daher versuchen auch wir aktiv zu helfen. Inzwischen kann man den Verein mit verschiedenen Methoden unterst&#252;tzen und dazu beitragen, dass auch Kinder in schwierigen Lebenslagen Zugang zu Bildung und vor allem B&#252;chern erhalten.&nbsp;<\/p>\n<p><img loading=\"lazy\" decoding=\"async\" class=\"aligncenter size-full wp-image-34787\" src=\"http:\/\/www.heldenhaushalt.de\/sari02\/wp-content\/uploads\/2017\/11\/23319067_1747941252178793_4746664474313430815_n.png\" alt=\"Librileo gemeinn&#252;tzig\" width=\"851\" height=\"315\" srcset=\"https:\/\/www.heldenhaushalt.de\/sari02\/wp-content\/uploads\/2017\/11\/23319067_1747941252178793_4746664474313430815_n.png 851w, https:\/\/www.heldenhaushalt.de\/sari02\/wp-content\/uploads\/2017\/11\/23319067_1747941252178793_4746664474313430815_n-300x111.png 300w, https:\/\/www.heldenhaushalt.de\/sari02\/wp-content\/uploads\/2017\/11\/23319067_1747941252178793_4746664474313430815_n-768x284.png 768w, https:\/\/www.heldenhaushalt.de\/sari02\/wp-content\/uploads\/2017\/11\/23319067_1747941252178793_4746664474313430815_n-600x222.png 600w\" sizes=\"auto, (max-width: 851px) 100vw, 851px\" \/><\/p>\n<p>So findet zum Beispiel am 17. November an verschiedenen Standorten ein Leseflashmob statt. Genauso gut kann man aber auch bereits mit selbst organisierten Vorlesestunden, Flyern oder ganz banal Spenden schon gro&#223;es bewirken. <a href=\"http:\/\/librileo-gemeinnuetzig.de\/info\/\" target=\"_blank\" rel=\"noopener\"><strong>Mehr Informationen dazu findet ihr auf der Seite von Librileo gemeinn&#252;tzig.<\/strong><\/a><\/p>\n<p>Ich w&#252;nsche Sarah und Julius und all ihren fleissigen und tatkr&#228;ftigen Bienen, die sie hinter sich stehen haben, weiterhin viel Erfolg und hoffe, dass sich die Situation St&#252;ck f&#252;r St&#252;ck weiter verbessern wird.<\/p>\n<p><img decoding=\"async\" class=\"alignright\" src=\"https:\/\/www.heldenhaushalt.de\/sari02\/wp-content\/uploads\/2015\/01\/sari-unter.jpg?zoom=1.5&amp;resize=130%2C59\" alt=\"sari-unter\"><\/p>\n","protected":false},"excerpt":{"rendered":"<p>Unsere Meinung zum Thema Lesen haben wir euch ja schon des &#214;fteren hier mitgeteilt. Auch, dass wir vor einigen Wochen noch regelm&#228;&#223;ig und gerne im Pop &#8211; Up L&#246;wenladen von Librileo gemeinn&#252;tzig zu Gast waren und immer wieder mal habe ich die B&#252;cherbox erw&#228;hnt. Bis heute habe ich euch jedoch noch im Dunkeln dar&#252;ber gelassen, was diese B&#252;cherbox eigentlich ist. Das m&#246;chte ich heute &#228;ndern. Wer ist eigentlich Librileo gemeinn&#252;tzig? Vielleicht kennt ihr ja Sarah und Julius von Librileo bereits. Unter dem Slogan &#8220;Kinder brauchen B&#252;cher&#8221; findet man bei ihnen immer viele sch&#246;ne und spannende Tipps und Empfehlungen rund um das Thema Lesen und Kinderb&#252;cher. Auch eine regul&#228;re monatliche B&#252;cherbox kann man bei ihnen abonnieren, durch die man jeden Monat zu einem anderem Thema passend zum Alter des Kindes ein ausgew&#228;hltes Buch zugesendet bekommt. Aber auch auf dem Blog erf&#228;hrt man vieles und ich bin dadurch schon auf so manches sch&#246;ne Kinderbuch aufmerksam geworden. Librileo gemeinn&#252;tzig ist quasi eine Art Tochterunternehmen von Librileo. Mit verschiedenen ehrenamtlichen Projekten versucht die Organisation von Sarah und Julius gemeinsam mit vielen engagierten Helfern gegen die Bildungsarmut in Deutschland vorzugehen. Denn gerade in den ersten Lebensjahren eines Kindes kann man viel Einfluss auf die Bildungs- und Lernbiographie eines Kindes nehmen. Studien und Sch&#228;tzungen zeigen aber, dass es in der Hinsicht f&#252;r sehr viele Kinder Hindernisse gibt. Mehr als 2 Millionen Kinder leben in schwierigen Lebenslagen und Eltern ist es so kaum m&#246;glich ihren Kindern und deren Bed&#252;rfnissen gerecht zu werden. Was wir im L&#246;wenladen gelernt haben. Der L&#246;wenladen ist ja eines der vielen Projekte, die von Librileo gemeinn&#252;tzig ins Leben gerufen wurden. Wir waren insgesamt in der Phase, die der Laden bei uns in der N&#228;he war, drei Mal dort. Zur Er&#246;ffnung, zum Kochen mit den Heldensnacks und zur Abschiedsfeier auch nochmal.&nbsp; Mit viel Liebe und Aufwand wurde hier f&#252;r die Kinder ein Ort geschaffen, den sie jederzeit aufsuchen konnten. Es wurden Lesestunden angeboten, Krabbelgruppen, Taschengeldberatung, Bastelaktionen und mehr. Gleichzeitig sollte der Laden aber nicht nur f&#252;r Kinder zu einem Ansprechpartner werden, sondern auch f&#252;r die Eltern. Gerade hier herrscht oft auch eine sprachliche Barriere, die Eltern daran hindern auf solche Angebote zu zugehen und sich zu informieren. Insofern war es teilweise wohl recht schwer auch Eltern heran zu ziehen. Dabei bot man ihnen die M&#246;glichkeit sich &#252;ber Bildungspakete und mehr aufkl&#228;ren zu lassen und in einer gem&#252;tlichen Umgebung auch miteinander zu agieren. Was wir bei unseren Besuchen dort beobachten konnten war auf jeden Fall eines: Die Kinder waren gerne dort und nahmen das Angebot dankend an. Das zeigt eigentlich, wie wichtig solche Einrichtungen besonders in schwierigeren Wohnvierteln sind. Die Kinder wollen und brauchen das. Daher war ich auch ziemlich angetan von dem Konzept des L&#246;wenladens. Die Librileo gemeinn&#252;tzig B&#252;cherbox Als wir im L&#246;wenladen waren, da sprang uns, insbesondere dem Minihelden, eine Wand besonders ins Auge. Sie war in einem Nebenraum, wo ich mit den Kindern zum Malen sa&#223;. An ihr hingen viele, wundersch&#246;n illustrierte Bilder zu verschiedenen Themen, die man als Eltern aus der Entwicklung der eigenen Kinder kennt. Dazu z&#228;hlte zum Beispiel &#8220;Windelfrei&#8221;, &#8220;Angst&#8221;, &#8220;Mut&#8221;, Allt&#228;gliches wie &#8220;Aufr&#228;umen&#8221;, &#8220;Gesund Essen&#8221;, &#8220;Z&#228;hne putzen&#8221; und mehr. Dinge, die jeder von uns mit seinem Kind im Laufe seiner Entwicklung erlebt und teilweise vielleicht auch &#8220;durchmachen&#8221; muss.&nbsp; Ich hielt die Bilder f&#252;r Buchdeckel und dachte, dass sie vielleicht in einem eigenen Verlag hergestellt werden w&#252;rden. Als ich fragte, wo wir die B&#252;cher bestellen k&#246;nnten, da sich der Miniheld besonders zu dem Zeitpunkt f&#252;r das Thema &#8220;Einschulung&#8221; interessierte, bekam ich eine sehr &#252;berraschende Antwort.&nbsp; Die Bilder waren n&#228;mlich keine Buchdeckel, sondern Informationshefte, die einer B&#252;cherbox beigelegt wurden. Neben diesem Informationsblatt beinhaltet die Box zudem noch ein passendes Buch und eine darauf abgestimmte Aktivit&#228;t. Klingt total spannend, oder? Da musste ich mehr zu wissen. Die B&#252;cherboxen sollen Inspiration und Hilfe in den Alltag von Familien bringen Librileo gemeinn&#252;tzug veranstaltet ja regelm&#228;&#223;ig Vorlesestunden f&#252;r Familien und Kinder. Insgesamt gibt es 24 Themen, die hierbei aufgegriffen werden und sich auf die verschiedenen Entwicklungsphasen eines Kindes beziehen. Diese B&#252;cherboxen greifen die 24 Themen auf und bieten so die M&#246;glichkeit, die Inhalte der Vorlesestunden zu vertiefen. Jede B&#252;cherbox besteht aus drei Dingen: Einem Kinderbuch, einem Informationsheft mit Tipps &amp; Tricks passend zum Thema und einem Spiel, dass ebenfalls auf das Thema abgestimmt ist. Wir zeigen euch mal eine Beispiel &#8211; B&#252;cherbox von Librileo gemeinn&#252;tzig Sarah war so nett und hat uns zu Vorf&#252;hrungszwecken mal so eine B&#252;cherbox zukommen lassen. Passend f&#252;r das Alter unseres Heldenkindes, das ja jetzt im Dezember 2 Jahre alt wird, hat sie uns eine Box zum Thema &#8220;T&#246;pfchen&#8221; geschickt. Spannend, denn sie hat damit ein Thema erwischt, dass bei uns tats&#228;chlich gerade ziemlich aktuell ist. Die Box ist direkt zu erkennen. Der Umschlag wird n&#228;mlich vom Logo von Librileo gemeinn&#252;tzug geziert. Packt man das Paket dann aus, ist es auf den ersten Blick wie Geburtstag. Die B&#252;cherbox ist n&#228;mlich nochmal in sch&#246;nem Papier eingeschlagen. Und das erwartet uns: Ein Buch, ein Infoblatt zum Thema T&#246;pfchen bzw. Windelfrei und ein tolles Poster mit Klebepunkten. Die Infos auf dem Zettel sind uns teilweise nicht neu, aber es sind auch einige sch&#246;ne Anregungen drin, wie wir an das Thema mit unserem kleinen Sohn heran gehen k&#246;nnen. Auch die Idee vom Poster ist schnell erkl&#228;rt. Es ist n&#228;mlich eine Art Belohnungssystem, ohne direkt mit der allseits beliebten Bonbon P&#228;dagogik zu arbeiten: Jedes Mal, wenn das Kind ein Erfolgserlebnis mit dem T&#246;pfchen oder der Toilette hatte, darf es einen bunten Klebepunkt auf das Poster kleben und am Ende sieht es aus, als ob das M&#228;dchen eine gro&#223;e Konfetti- Party feiert. Das Kind selber bekommt aber auch optisch aufgezeigt, wie erfolgreich es schon war. Eine sch&#246;ne Idee, oder? Und nach dem Prinzip behandeln die Boxen die verschiedenen und f&#252;r Kinder wichtigen Themen im Laufe ihrer Entwicklung.&nbsp; Wenn ihr jetzt mehr &#252;ber die B&#252;cherbox von Librileo gemeinn&#252;tzig erfahren wollt, dann lest am besten noch einmal hier nach. Dort erfahrt ihr n&#228;mlich auch, f&#252;r wen genau die Box gedacht ist und wer durch den Staat&nbsp; bzw. durch das Bildungs- und Teilhabepaket Unterst&#252;tzung erfahren kann. Werde aktiv und unterst&#252;tze Librileo gemeinn&#252;tzig Wir k&#246;nnen uns gl&#252;cklich sch&#228;tzen, das wir einen relativ leichten und Barriere freien Weg f&#252;r uns und unsere Kinder haben. Das ist aber leider nicht &#252;berall so. Daher versuchen auch wir aktiv zu helfen. Inzwischen kann man den Verein mit verschiedenen Methoden unterst&#252;tzen und dazu beitragen, dass auch Kinder in schwierigen Lebenslagen Zugang zu Bildung und vor allem B&#252;chern erhalten.&nbsp; So findet zum Beispiel am 17. November an verschiedenen Standorten ein Leseflashmob statt. Genauso gut kann man aber auch bereits mit selbst organisierten Vorlesestunden, Flyern oder ganz banal Spenden schon gro&#223;es bewirken. Mehr Informationen dazu findet ihr auf der Seite von Librileo gemeinn&#252;tzig. Ich w&#252;nsche Sarah und Julius und all ihren fleissigen und tatkr&#228;ftigen Bienen, die sie hinter sich stehen haben, weiterhin viel Erfolg und hoffe, dass sich die Situation St&#252;ck f&#252;r St&#252;ck weiter verbessern wird.<\/p>\n","protected":false},"author":1,"featured_media":34791,"comment_status":"open","ping_status":"open","sticky":false,"template":"","format":"standard","meta":{"ngg_post_thumbnail":0,"footnotes":""},"categories":[1690,53,321],"tags":[1703,1702,1701,534,81,933,1583,1588],"class_list":["post-34159","post","type-post","status-publish","format-standard","has-post-thumbnail","hentry","category-buecher","category-empfehlungen","category-minimum","tag-aktiv-werden","tag-buecherbox","tag-bildungsarmut","tag-entwicklung","tag-kinder","tag-kleinkind","tag-librileo","tag-librileo-gemeinnuetzig"],"yoast_head":"<!-- This site is optimized with the Yoast SEO plugin v27.5 - https:\/\/yoast.com\/product\/yoast-seo-wordpress\/ -->\n<title>Librileo gemeinn\u00fctzig und die B\u00fccherbox! - Heldenhaushalt<\/title>\n<meta name=\"description\" content=\"Die Librileo gemeinn\u00fctzig B\u00fccherbox. Als wir im L\u00f6wenladen waren, da sprang uns, insbesondere dem Minihelden, eine Wand besonders ins Auge\" \/>\n<meta name=\"robots\" content=\"index, follow, max-snippet:-1, max-image-preview:large, max-video-preview:-1\" \/>\n<link rel=\"canonical\" href=\"https:\/\/www.heldenhaushalt.de\/sari02\/index.php\/2017\/11\/11\/librileo-gemeinnuetzig-und-die-buecherbox\/\" \/>\n<meta property=\"og:locale\" content=\"de_DE\" \/>\n<meta property=\"og:type\" content=\"article\" \/>\n<meta property=\"og:title\" content=\"Librileo gemeinn\u00fctzig und die B\u00fccherbox! - Heldenhaushalt\" \/>\n<meta property=\"og:description\" content=\"Die Librileo gemeinn\u00fctzig B\u00fccherbox. Als wir im L\u00f6wenladen waren, da sprang uns, insbesondere dem Minihelden, eine Wand besonders ins Auge\" \/>\n<meta property=\"og:url\" content=\"https:\/\/www.heldenhaushalt.de\/sari02\/index.php\/2017\/11\/11\/librileo-gemeinnuetzig-und-die-buecherbox\/\" \/>\n<meta property=\"og:site_name\" content=\"Heldenhaushalt\" \/>\n<meta property=\"article:published_time\" content=\"2017-11-11T08:00:00+00:00\" \/>\n<meta property=\"og:image\" content=\"https:\/\/www.heldenhaushalt.de\/sari02\/wp-content\/uploads\/2017\/11\/buchbox01.jpg\" \/>\n\t<meta property=\"og:image:width\" content=\"1000\" \/>\n\t<meta property=\"og:image:height\" content=\"667\" \/>\n\t<meta property=\"og:image:type\" content=\"image\/jpeg\" \/>\n<meta name=\"author\" content=\"Sari\" \/>\n<meta name=\"twitter:card\" content=\"summary_large_image\" \/>\n<meta name=\"twitter:creator\" content=\"@Heldenhaushalt\" \/>\n<meta name=\"twitter:site\" content=\"@Heldenhaushalt\" \/>\n<meta name=\"twitter:label1\" content=\"Verfasst von\" \/>\n\t<meta name=\"twitter:data1\" content=\"Sari\" \/>\n\t<meta name=\"twitter:label2\" content=\"Gesch\u00e4tzte Lesezeit\" \/>\n\t<meta name=\"twitter:data2\" content=\"6\u00a0Minuten\" \/>\n<script type=\"application\/ld+json\" class=\"yoast-schema-graph\">{\"@context\":\"https:\\\/\\\/schema.org\",\"@graph\":[{\"@type\":\"Article\",\"@id\":\"https:\\\/\\\/www.heldenhaushalt.de\\\/sari02\\\/index.php\\\/2017\\\/11\\\/11\\\/librileo-gemeinnuetzig-und-die-buecherbox\\\/#article\",\"isPartOf\":{\"@id\":\"https:\\\/\\\/www.heldenhaushalt.de\\\/sari02\\\/index.php\\\/2017\\\/11\\\/11\\\/librileo-gemeinnuetzig-und-die-buecherbox\\\/\"},\"author\":{\"name\":\"Sari\",\"@id\":\"https:\\\/\\\/www.heldenhaushalt.de\\\/sari02\\\/#\\\/schema\\\/person\\\/a1cc69f42a01f412eb62c151353814f6\"},\"headline\":\"Librileo gemeinn&#252;tzig und die B&#252;cherbox!\",\"datePublished\":\"2017-11-11T08:00:00+00:00\",\"mainEntityOfPage\":{\"@id\":\"https:\\\/\\\/www.heldenhaushalt.de\\\/sari02\\\/index.php\\\/2017\\\/11\\\/11\\\/librileo-gemeinnuetzig-und-die-buecherbox\\\/\"},\"wordCount\":1257,\"commentCount\":0,\"publisher\":{\"@id\":\"https:\\\/\\\/www.heldenhaushalt.de\\\/sari02\\\/#\\\/schema\\\/person\\\/a1cc69f42a01f412eb62c151353814f6\"},\"image\":{\"@id\":\"https:\\\/\\\/www.heldenhaushalt.de\\\/sari02\\\/index.php\\\/2017\\\/11\\\/11\\\/librileo-gemeinnuetzig-und-die-buecherbox\\\/#primaryimage\"},\"thumbnailUrl\":\"https:\\\/\\\/www.heldenhaushalt.de\\\/sari02\\\/wp-content\\\/uploads\\\/2017\\\/11\\\/buchbox01.jpg\",\"keywords\":[\"aktiv werden\",\"B\u00fccherbox\",\"Bildungsarmut\",\"Entwicklung\",\"Kinder\",\"Kleinkind\",\"Librileo\",\"Librileo gemeinn\u00fctzig\"],\"articleSection\":[\"B\u00fccher\",\"Empfehlungen\",\"Heldenkinder\"],\"inLanguage\":\"de\",\"potentialAction\":[{\"@type\":\"CommentAction\",\"name\":\"Comment\",\"target\":[\"https:\\\/\\\/www.heldenhaushalt.de\\\/sari02\\\/index.php\\\/2017\\\/11\\\/11\\\/librileo-gemeinnuetzig-und-die-buecherbox\\\/#respond\"]}]},{\"@type\":\"WebPage\",\"@id\":\"https:\\\/\\\/www.heldenhaushalt.de\\\/sari02\\\/index.php\\\/2017\\\/11\\\/11\\\/librileo-gemeinnuetzig-und-die-buecherbox\\\/\",\"url\":\"https:\\\/\\\/www.heldenhaushalt.de\\\/sari02\\\/index.php\\\/2017\\\/11\\\/11\\\/librileo-gemeinnuetzig-und-die-buecherbox\\\/\",\"name\":\"Librileo gemeinn\u00fctzig und die B\u00fccherbox! - Heldenhaushalt\",\"isPartOf\":{\"@id\":\"https:\\\/\\\/www.heldenhaushalt.de\\\/sari02\\\/#website\"},\"primaryImageOfPage\":{\"@id\":\"https:\\\/\\\/www.heldenhaushalt.de\\\/sari02\\\/index.php\\\/2017\\\/11\\\/11\\\/librileo-gemeinnuetzig-und-die-buecherbox\\\/#primaryimage\"},\"image\":{\"@id\":\"https:\\\/\\\/www.heldenhaushalt.de\\\/sari02\\\/index.php\\\/2017\\\/11\\\/11\\\/librileo-gemeinnuetzig-und-die-buecherbox\\\/#primaryimage\"},\"thumbnailUrl\":\"https:\\\/\\\/www.heldenhaushalt.de\\\/sari02\\\/wp-content\\\/uploads\\\/2017\\\/11\\\/buchbox01.jpg\",\"datePublished\":\"2017-11-11T08:00:00+00:00\",\"description\":\"Die Librileo gemeinn\u00fctzig B\u00fccherbox. Als wir im L\u00f6wenladen waren, da sprang uns, insbesondere dem Minihelden, eine Wand besonders ins Auge\",\"breadcrumb\":{\"@id\":\"https:\\\/\\\/www.heldenhaushalt.de\\\/sari02\\\/index.php\\\/2017\\\/11\\\/11\\\/librileo-gemeinnuetzig-und-die-buecherbox\\\/#breadcrumb\"},\"inLanguage\":\"de\",\"potentialAction\":[{\"@type\":\"ReadAction\",\"target\":[\"https:\\\/\\\/www.heldenhaushalt.de\\\/sari02\\\/index.php\\\/2017\\\/11\\\/11\\\/librileo-gemeinnuetzig-und-die-buecherbox\\\/\"]}]},{\"@type\":\"ImageObject\",\"inLanguage\":\"de\",\"@id\":\"https:\\\/\\\/www.heldenhaushalt.de\\\/sari02\\\/index.php\\\/2017\\\/11\\\/11\\\/librileo-gemeinnuetzig-und-die-buecherbox\\\/#primaryimage\",\"url\":\"https:\\\/\\\/www.heldenhaushalt.de\\\/sari02\\\/wp-content\\\/uploads\\\/2017\\\/11\\\/buchbox01.jpg\",\"contentUrl\":\"https:\\\/\\\/www.heldenhaushalt.de\\\/sari02\\\/wp-content\\\/uploads\\\/2017\\\/11\\\/buchbox01.jpg\",\"width\":1000,\"height\":667,\"caption\":\"Librileo gemeinn\u00fctzig\"},{\"@type\":\"BreadcrumbList\",\"@id\":\"https:\\\/\\\/www.heldenhaushalt.de\\\/sari02\\\/index.php\\\/2017\\\/11\\\/11\\\/librileo-gemeinnuetzig-und-die-buecherbox\\\/#breadcrumb\",\"itemListElement\":[{\"@type\":\"ListItem\",\"position\":1,\"name\":\"Startseite\",\"item\":\"https:\\\/\\\/www.heldenhaushalt.de\\\/sari02\\\/\"},{\"@type\":\"ListItem\",\"position\":2,\"name\":\"Librileo gemeinn&#252;tzig und die B&#252;cherbox!\"}]},{\"@type\":\"WebSite\",\"@id\":\"https:\\\/\\\/www.heldenhaushalt.de\\\/sari02\\\/#website\",\"url\":\"https:\\\/\\\/www.heldenhaushalt.de\\\/sari02\\\/\",\"name\":\"Heldenhaushalt\",\"description\":\"Wer es ordentlich haben will, der muss vorher anrufen\",\"publisher\":{\"@id\":\"https:\\\/\\\/www.heldenhaushalt.de\\\/sari02\\\/#\\\/schema\\\/person\\\/a1cc69f42a01f412eb62c151353814f6\"},\"potentialAction\":[{\"@type\":\"SearchAction\",\"target\":{\"@type\":\"EntryPoint\",\"urlTemplate\":\"https:\\\/\\\/www.heldenhaushalt.de\\\/sari02\\\/?s={search_term_string}\"},\"query-input\":{\"@type\":\"PropertyValueSpecification\",\"valueRequired\":true,\"valueName\":\"search_term_string\"}}],\"inLanguage\":\"de\"},{\"@type\":[\"Person\",\"Organization\"],\"@id\":\"https:\\\/\\\/www.heldenhaushalt.de\\\/sari02\\\/#\\\/schema\\\/person\\\/a1cc69f42a01f412eb62c151353814f6\",\"name\":\"Sari\",\"image\":{\"@type\":\"ImageObject\",\"inLanguage\":\"de\",\"@id\":\"https:\\\/\\\/www.heldenhaushalt.de\\\/sari02\\\/wp-content\\\/uploads\\\/2019\\\/02\\\/sari-april2018.png\",\"url\":\"https:\\\/\\\/www.heldenhaushalt.de\\\/sari02\\\/wp-content\\\/uploads\\\/2019\\\/02\\\/sari-april2018.png\",\"contentUrl\":\"https:\\\/\\\/www.heldenhaushalt.de\\\/sari02\\\/wp-content\\\/uploads\\\/2019\\\/02\\\/sari-april2018.png\",\"width\":500,\"height\":500,\"caption\":\"Sari\"},\"logo\":{\"@id\":\"https:\\\/\\\/www.heldenhaushalt.de\\\/sari02\\\/wp-content\\\/uploads\\\/2019\\\/02\\\/sari-april2018.png\"},\"description\":\"Frau Mondgras \u2013 Das bin ich, Sari. Gerne auch als Sari Mondgras bekannt und im Internet zu finden. 2-Fach-Mutter, Heldenehefrau, Kreativling, Harmonies\u00fcchtig und st\u00e4ndig auf der Suche nach Gl\u00fcck. Ich komme aus Berlin, bin hier aufgewachsen und lebe hier seit ich denken kann.\",\"sameAs\":[\"https:\\\/\\\/www.instagram.com\\\/heldenhaushalt\\\/\"],\"url\":\"https:\\\/\\\/www.heldenhaushalt.de\\\/sari02\\\/index.php\\\/author\\\/admin\\\/\"}]}<\/script>\n<!-- \/ Yoast SEO plugin. -->","yoast_head_json":{"title":"Librileo gemeinn\u00fctzig und die B\u00fccherbox! - Heldenhaushalt","description":"Die Librileo gemeinn\u00fctzig B\u00fccherbox. Als wir im L\u00f6wenladen waren, da sprang uns, insbesondere dem Minihelden, eine Wand besonders ins Auge","robots":{"index":"index","follow":"follow","max-snippet":"max-snippet:-1","max-image-preview":"max-image-preview:large","max-video-preview":"max-video-preview:-1"},"canonical":"https:\/\/www.heldenhaushalt.de\/sari02\/index.php\/2017\/11\/11\/librileo-gemeinnuetzig-und-die-buecherbox\/","og_locale":"de_DE","og_type":"article","og_title":"Librileo gemeinn\u00fctzig und die B\u00fccherbox! - Heldenhaushalt","og_description":"Die Librileo gemeinn\u00fctzig B\u00fccherbox. Als wir im L\u00f6wenladen waren, da sprang uns, insbesondere dem Minihelden, eine Wand besonders ins Auge","og_url":"https:\/\/www.heldenhaushalt.de\/sari02\/index.php\/2017\/11\/11\/librileo-gemeinnuetzig-und-die-buecherbox\/","og_site_name":"Heldenhaushalt","article_published_time":"2017-11-11T08:00:00+00:00","og_image":[{"width":1000,"height":667,"url":"https:\/\/www.heldenhaushalt.de\/sari02\/wp-content\/uploads\/2017\/11\/buchbox01.jpg","type":"image\/jpeg"}],"author":"Sari","twitter_card":"summary_large_image","twitter_creator":"@Heldenhaushalt","twitter_site":"@Heldenhaushalt","twitter_misc":{"Verfasst von":"Sari","Gesch\u00e4tzte Lesezeit":"6\u00a0Minuten"},"schema":{"@context":"https:\/\/schema.org","@graph":[{"@type":"Article","@id":"https:\/\/www.heldenhaushalt.de\/sari02\/index.php\/2017\/11\/11\/librileo-gemeinnuetzig-und-die-buecherbox\/#article","isPartOf":{"@id":"https:\/\/www.heldenhaushalt.de\/sari02\/index.php\/2017\/11\/11\/librileo-gemeinnuetzig-und-die-buecherbox\/"},"author":{"name":"Sari","@id":"https:\/\/www.heldenhaushalt.de\/sari02\/#\/schema\/person\/a1cc69f42a01f412eb62c151353814f6"},"headline":"Librileo gemeinn&#252;tzig und die B&#252;cherbox!","datePublished":"2017-11-11T08:00:00+00:00","mainEntityOfPage":{"@id":"https:\/\/www.heldenhaushalt.de\/sari02\/index.php\/2017\/11\/11\/librileo-gemeinnuetzig-und-die-buecherbox\/"},"wordCount":1257,"commentCount":0,"publisher":{"@id":"https:\/\/www.heldenhaushalt.de\/sari02\/#\/schema\/person\/a1cc69f42a01f412eb62c151353814f6"},"image":{"@id":"https:\/\/www.heldenhaushalt.de\/sari02\/index.php\/2017\/11\/11\/librileo-gemeinnuetzig-und-die-buecherbox\/#primaryimage"},"thumbnailUrl":"https:\/\/www.heldenhaushalt.de\/sari02\/wp-content\/uploads\/2017\/11\/buchbox01.jpg","keywords":["aktiv werden","B\u00fccherbox","Bildungsarmut","Entwicklung","Kinder","Kleinkind","Librileo","Librileo gemeinn\u00fctzig"],"articleSection":["B\u00fccher","Empfehlungen","Heldenkinder"],"inLanguage":"de","potentialAction":[{"@type":"CommentAction","name":"Comment","target":["https:\/\/www.heldenhaushalt.de\/sari02\/index.php\/2017\/11\/11\/librileo-gemeinnuetzig-und-die-buecherbox\/#respond"]}]},{"@type":"WebPage","@id":"https:\/\/www.heldenhaushalt.de\/sari02\/index.php\/2017\/11\/11\/librileo-gemeinnuetzig-und-die-buecherbox\/","url":"https:\/\/www.heldenhaushalt.de\/sari02\/index.php\/2017\/11\/11\/librileo-gemeinnuetzig-und-die-buecherbox\/","name":"Librileo gemeinn\u00fctzig und die B\u00fccherbox! - Heldenhaushalt","isPartOf":{"@id":"https:\/\/www.heldenhaushalt.de\/sari02\/#website"},"primaryImageOfPage":{"@id":"https:\/\/www.heldenhaushalt.de\/sari02\/index.php\/2017\/11\/11\/librileo-gemeinnuetzig-und-die-buecherbox\/#primaryimage"},"image":{"@id":"https:\/\/www.heldenhaushalt.de\/sari02\/index.php\/2017\/11\/11\/librileo-gemeinnuetzig-und-die-buecherbox\/#primaryimage"},"thumbnailUrl":"https:\/\/www.heldenhaushalt.de\/sari02\/wp-content\/uploads\/2017\/11\/buchbox01.jpg","datePublished":"2017-11-11T08:00:00+00:00","description":"Die Librileo gemeinn\u00fctzig B\u00fccherbox. Als wir im L\u00f6wenladen waren, da sprang uns, insbesondere dem Minihelden, eine Wand besonders ins Auge","breadcrumb":{"@id":"https:\/\/www.heldenhaushalt.de\/sari02\/index.php\/2017\/11\/11\/librileo-gemeinnuetzig-und-die-buecherbox\/#breadcrumb"},"inLanguage":"de","potentialAction":[{"@type":"ReadAction","target":["https:\/\/www.heldenhaushalt.de\/sari02\/index.php\/2017\/11\/11\/librileo-gemeinnuetzig-und-die-buecherbox\/"]}]},{"@type":"ImageObject","inLanguage":"de","@id":"https:\/\/www.heldenhaushalt.de\/sari02\/index.php\/2017\/11\/11\/librileo-gemeinnuetzig-und-die-buecherbox\/#primaryimage","url":"https:\/\/www.heldenhaushalt.de\/sari02\/wp-content\/uploads\/2017\/11\/buchbox01.jpg","contentUrl":"https:\/\/www.heldenhaushalt.de\/sari02\/wp-content\/uploads\/2017\/11\/buchbox01.jpg","width":1000,"height":667,"caption":"Librileo gemeinn\u00fctzig"},{"@type":"BreadcrumbList","@id":"https:\/\/www.heldenhaushalt.de\/sari02\/index.php\/2017\/11\/11\/librileo-gemeinnuetzig-und-die-buecherbox\/#breadcrumb","itemListElement":[{"@type":"ListItem","position":1,"name":"Startseite","item":"https:\/\/www.heldenhaushalt.de\/sari02\/"},{"@type":"ListItem","position":2,"name":"Librileo gemeinn&#252;tzig und die B&#252;cherbox!"}]},{"@type":"WebSite","@id":"https:\/\/www.heldenhaushalt.de\/sari02\/#website","url":"https:\/\/www.heldenhaushalt.de\/sari02\/","name":"Heldenhaushalt","description":"Wer es ordentlich haben will, der muss vorher anrufen","publisher":{"@id":"https:\/\/www.heldenhaushalt.de\/sari02\/#\/schema\/person\/a1cc69f42a01f412eb62c151353814f6"},"potentialAction":[{"@type":"SearchAction","target":{"@type":"EntryPoint","urlTemplate":"https:\/\/www.heldenhaushalt.de\/sari02\/?s={search_term_string}"},"query-input":{"@type":"PropertyValueSpecification","valueRequired":true,"valueName":"search_term_string"}}],"inLanguage":"de"},{"@type":["Person","Organization"],"@id":"https:\/\/www.heldenhaushalt.de\/sari02\/#\/schema\/person\/a1cc69f42a01f412eb62c151353814f6","name":"Sari","image":{"@type":"ImageObject","inLanguage":"de","@id":"https:\/\/www.heldenhaushalt.de\/sari02\/wp-content\/uploads\/2019\/02\/sari-april2018.png","url":"https:\/\/www.heldenhaushalt.de\/sari02\/wp-content\/uploads\/2019\/02\/sari-april2018.png","contentUrl":"https:\/\/www.heldenhaushalt.de\/sari02\/wp-content\/uploads\/2019\/02\/sari-april2018.png","width":500,"height":500,"caption":"Sari"},"logo":{"@id":"https:\/\/www.heldenhaushalt.de\/sari02\/wp-content\/uploads\/2019\/02\/sari-april2018.png"},"description":"Frau Mondgras \u2013 Das bin ich, Sari. Gerne auch als Sari Mondgras bekannt und im Internet zu finden. 2-Fach-Mutter, Heldenehefrau, Kreativling, Harmonies\u00fcchtig und st\u00e4ndig auf der Suche nach Gl\u00fcck. Ich komme aus Berlin, bin hier aufgewachsen und lebe hier seit ich denken kann.","sameAs":["https:\/\/www.instagram.com\/heldenhaushalt\/"],"url":"https:\/\/www.heldenhaushalt.de\/sari02\/index.php\/author\/admin\/"}]}},"views":3754,"_links":{"self":[{"href":"https:\/\/www.heldenhaushalt.de\/sari02\/index.php\/wp-json\/wp\/v2\/posts\/34159","targetHints":{"allow":["GET"]}}],"collection":[{"href":"https:\/\/www.heldenhaushalt.de\/sari02\/index.php\/wp-json\/wp\/v2\/posts"}],"about":[{"href":"https:\/\/www.heldenhaushalt.de\/sari02\/index.php\/wp-json\/wp\/v2\/types\/post"}],"author":[{"embeddable":true,"href":"https:\/\/www.heldenhaushalt.de\/sari02\/index.php\/wp-json\/wp\/v2\/users\/1"}],"replies":[{"embeddable":true,"href":"https:\/\/www.heldenhaushalt.de\/sari02\/index.php\/wp-json\/wp\/v2\/comments?post=34159"}],"version-history":[{"count":7,"href":"https:\/\/www.heldenhaushalt.de\/sari02\/index.php\/wp-json\/wp\/v2\/posts\/34159\/revisions"}],"predecessor-version":[{"id":34797,"href":"https:\/\/www.heldenhaushalt.de\/sari02\/index.php\/wp-json\/wp\/v2\/posts\/34159\/revisions\/34797"}],"wp:featuredmedia":[{"embeddable":true,"href":"https:\/\/www.heldenhaushalt.de\/sari02\/index.php\/wp-json\/wp\/v2\/media\/34791"}],"wp:attachment":[{"href":"https:\/\/www.heldenhaushalt.de\/sari02\/index.php\/wp-json\/wp\/v2\/media?parent=34159"}],"wp:term":[{"taxonomy":"category","embeddable":true,"href":"https:\/\/www.heldenhaushalt.de\/sari02\/index.php\/wp-json\/wp\/v2\/categories?post=34159"},{"taxonomy":"post_tag","embeddable":true,"href":"https:\/\/www.heldenhaushalt.de\/sari02\/index.php\/wp-json\/wp\/v2\/tags?post=34159"}],"curies":[{"name":"wp","href":"https:\/\/api.w.org\/{rel}","templated":true}]}}