{"id":34261,"date":"2017-09-29T09:52:52","date_gmt":"2017-09-29T07:52:52","guid":{"rendered":"http:\/\/www.heldenhaushalt.de\/sari02\/?p=34261"},"modified":"2017-09-30T07:47:17","modified_gmt":"2017-09-30T05:47:17","slug":"freitags5-5-tage-5-fotos-im-september-05","status":"publish","type":"post","link":"https:\/\/www.heldenhaushalt.de\/sari02\/index.php\/2017\/09\/29\/freitags5-5-tage-5-fotos-im-september-05\/","title":{"rendered":"#Freitags5 \u2013 5 Tage 5 Fotos im September #05"},"content":{"rendered":"<p>Das Schulthema hat uns derzeit ziemlich im Griff. Immer noch versuchen wir, den Alltag irgendwie geregelt und an die Ver&#228;nderungen angepasst zu bekommen und besonders der Kleine steckt da mal wieder etwas zur&#252;ck. Schulschluss ist n&#228;mlich dann, wenn eigentlich Zeit f&#252;r den Mittagsschlaf ist. Daf&#252;r schl&#228;ft der Kleine nun ziemlich schnell ein und wir haben Zeit, um in Ruhe die Hausaufgaben zu machen. Wobei sich die aktuell noch ziemlich in Grenzen halten. Mehr bewegte Dinge in unseren #Freitags5 f&#252;r euch.<\/p>\n<p style=\"text-align: center;\">***<\/p>\n<h2>Meine #Freitags5 #Freitagslieblinge<\/h2>\n<p><img loading=\"lazy\" decoding=\"async\" class=\"aligncenter size-full wp-image-34264\" src=\"http:\/\/www.heldenhaushalt.de\/sari02\/wp-content\/uploads\/2017\/09\/39-03.jpg\" alt=\"#Freitags5\" width=\"800\" height=\"800\" srcset=\"https:\/\/www.heldenhaushalt.de\/sari02\/wp-content\/uploads\/2017\/09\/39-03.jpg 800w, https:\/\/www.heldenhaushalt.de\/sari02\/wp-content\/uploads\/2017\/09\/39-03-150x150.jpg 150w, https:\/\/www.heldenhaushalt.de\/sari02\/wp-content\/uploads\/2017\/09\/39-03-300x300.jpg 300w, https:\/\/www.heldenhaushalt.de\/sari02\/wp-content\/uploads\/2017\/09\/39-03-768x768.jpg 768w, https:\/\/www.heldenhaushalt.de\/sari02\/wp-content\/uploads\/2017\/09\/39-03-600x600.jpg 600w, https:\/\/www.heldenhaushalt.de\/sari02\/wp-content\/uploads\/2017\/09\/39-03-660x660.jpg 660w, https:\/\/www.heldenhaushalt.de\/sari02\/wp-content\/uploads\/2017\/09\/39-03-373x373.jpg 373w\" sizes=\"auto, (max-width: 800px) 100vw, 800px\" \/><\/p>\n<p><strong>Meine Lieblingslekt&#252;re der Woche \u2013<\/strong>&nbsp; Das Kind ist gerade mal 3 Wochen in der Schule und ich durfte bereits zwei Elternabenden beiwohnen. Wobei es ging. Sie h&#228;tten anstrengender sein k&#246;nnen. Es meldeten sich sofort Freiwillige wo Freiwillige gebraucht wurden und es gab eine Menge Termine zu notieren. Spannend irgendwie, aber dadurch ist unser Kalender jetzt noch voller, als er vorher schon war. Daf&#252;r konnte ich mich mal in Ruhe im Klassenraum umsehen und die ersten Spuren meines Kindes entdecken. Das war sch&#246;n. Genau wie die Karte, die die Kinder f&#252;r uns Eltern extra zum Elternabend geschrieben hatten (zu sehen unter meinem Notizbuch).<strong><br \/>\n<\/strong><\/p>\n<p style=\"text-align: center;\">***<\/p>\n<p><img loading=\"lazy\" decoding=\"async\" class=\"aligncenter size-full wp-image-34263\" src=\"http:\/\/www.heldenhaushalt.de\/sari02\/wp-content\/uploads\/2017\/09\/39-02.jpg\" alt=\"#Freitags5\" width=\"800\" height=\"800\" srcset=\"https:\/\/www.heldenhaushalt.de\/sari02\/wp-content\/uploads\/2017\/09\/39-02.jpg 800w, https:\/\/www.heldenhaushalt.de\/sari02\/wp-content\/uploads\/2017\/09\/39-02-150x150.jpg 150w, https:\/\/www.heldenhaushalt.de\/sari02\/wp-content\/uploads\/2017\/09\/39-02-300x300.jpg 300w, https:\/\/www.heldenhaushalt.de\/sari02\/wp-content\/uploads\/2017\/09\/39-02-768x768.jpg 768w, https:\/\/www.heldenhaushalt.de\/sari02\/wp-content\/uploads\/2017\/09\/39-02-600x600.jpg 600w, https:\/\/www.heldenhaushalt.de\/sari02\/wp-content\/uploads\/2017\/09\/39-02-660x660.jpg 660w, https:\/\/www.heldenhaushalt.de\/sari02\/wp-content\/uploads\/2017\/09\/39-02-373x373.jpg 373w\" sizes=\"auto, (max-width: 800px) 100vw, 800px\" \/><\/p>\n<p><strong>Mein Lieblingsessen der Woche \u2013<\/strong>&nbsp; Der Held und ich nehmen uns ja immer wieder vor mal vollkommen neue Rezepte auszuprobieren und das habe ich diese Woche einfach mal getan und Lasagne &#8211; Muffins gebacken. Daf&#252;r hatte ich Fertigplatten genommen, aber ich glaube das n&#228;chste Mal mache ich den Teig lieber selber. Ansonsten eine tolle Sache, die sicher nach Wiederholung schreit.<strong><br \/>\n<\/strong><\/p>\n<p style=\"text-align: center;\">***<\/p>\n<p><img loading=\"lazy\" decoding=\"async\" class=\"aligncenter size-full wp-image-34262\" src=\"http:\/\/www.heldenhaushalt.de\/sari02\/wp-content\/uploads\/2017\/09\/39-01.jpg\" alt=\"#Freitags5\" width=\"800\" height=\"800\" srcset=\"https:\/\/www.heldenhaushalt.de\/sari02\/wp-content\/uploads\/2017\/09\/39-01.jpg 800w, https:\/\/www.heldenhaushalt.de\/sari02\/wp-content\/uploads\/2017\/09\/39-01-150x150.jpg 150w, https:\/\/www.heldenhaushalt.de\/sari02\/wp-content\/uploads\/2017\/09\/39-01-300x300.jpg 300w, https:\/\/www.heldenhaushalt.de\/sari02\/wp-content\/uploads\/2017\/09\/39-01-768x768.jpg 768w, https:\/\/www.heldenhaushalt.de\/sari02\/wp-content\/uploads\/2017\/09\/39-01-600x600.jpg 600w, https:\/\/www.heldenhaushalt.de\/sari02\/wp-content\/uploads\/2017\/09\/39-01-660x660.jpg 660w, https:\/\/www.heldenhaushalt.de\/sari02\/wp-content\/uploads\/2017\/09\/39-01-373x373.jpg 373w\" sizes=\"auto, (max-width: 800px) 100vw, 800px\" \/><\/p>\n<p><strong>Mein Lieblingsmoment mit meinen Kindern<\/strong>&nbsp;\u2013 Die Kinder leiden ein wenig, denn es wird drau&#223;en immer ungem&#252;tlicher. Fu&#223;ball im Garten ist immer seltener m&#246;glich und so sind sie nun gezwungen, wieder mehr drinnen zu spielen. Wie schlimm, oder? Nun m&#252;ssen sie tats&#228;chlich ihre Spielsachen wieder benutzen. Aber wisst ihr was? Sie stellen sich dabei gar nicht mal dumm an, denn sie haben nun beide die Lego Duplo Steine f&#252;r sich entdeckt und bauen immer h&#246;here T&#252;rme. Au&#223;erdem gab es von der N&#228;hfreundin ein paar weitere Autos f&#252;r den Kleinen und so werden im Wohnzimmer nun kleine Autorennen veranstaltet.<\/p>\n<p style=\"text-align: center;\">***<\/p>\n<p><img loading=\"lazy\" decoding=\"async\" class=\"aligncenter size-full wp-image-34265\" src=\"http:\/\/www.heldenhaushalt.de\/sari02\/wp-content\/uploads\/2017\/09\/39-04.jpg\" alt=\"#Freitags5\" width=\"800\" height=\"800\" srcset=\"https:\/\/www.heldenhaushalt.de\/sari02\/wp-content\/uploads\/2017\/09\/39-04.jpg 800w, https:\/\/www.heldenhaushalt.de\/sari02\/wp-content\/uploads\/2017\/09\/39-04-150x150.jpg 150w, https:\/\/www.heldenhaushalt.de\/sari02\/wp-content\/uploads\/2017\/09\/39-04-300x300.jpg 300w, https:\/\/www.heldenhaushalt.de\/sari02\/wp-content\/uploads\/2017\/09\/39-04-768x768.jpg 768w, https:\/\/www.heldenhaushalt.de\/sari02\/wp-content\/uploads\/2017\/09\/39-04-600x600.jpg 600w, https:\/\/www.heldenhaushalt.de\/sari02\/wp-content\/uploads\/2017\/09\/39-04-660x660.jpg 660w, https:\/\/www.heldenhaushalt.de\/sari02\/wp-content\/uploads\/2017\/09\/39-04-373x373.jpg 373w\" sizes=\"auto, (max-width: 800px) 100vw, 800px\" \/><\/p>\n<p><strong>Mein Lieblings-Mama-Moment nur f&#252;r mich<\/strong>&nbsp; \u2013&nbsp; Vollkommen ohne gro&#223;er Anstrengung komme ich derzeit t&#228;glich auf meine 10.000 Schritte. Woran das liegt? Das ist schnell erkl&#228;rt: Der Kleine und ich verlassen nun jeden Tag ungef&#228;hr 30 Minuten vor Schulschluss das Haus und laufen gemeinsam zur Schule. Dabei wird nat&#252;rlich jede Treppe erklommen, die uns auf dem Weg begegnet und auf jeder Mauer balanziert. Auf dem Schulhof m&#252;ssen wir dann auch noch ein wenig klettern und springen und schwupp habe ich sp&#228;testens am Nachmittag die gew&#252;nschten Schritte beisammen. So &#252;ben wir nun auch mehr und mehr ohne Kinderwagen unterwegs zu sein und gleichzeitig meinen R&#252;cken nicht mehr st&#228;ndig mit der Trage zu belasten. Aber man muss halt mehr Zeit einplanen. So lange das Herbstwetter noch so sch&#246;n ist, macht das eigentlich sogar richtig Spa&#223;!<\/p>\n<p style=\"text-align: center;\">***<\/p>\n<p><img loading=\"lazy\" decoding=\"async\" class=\"aligncenter size-full wp-image-34269\" src=\"http:\/\/www.heldenhaushalt.de\/sari02\/wp-content\/uploads\/2017\/09\/39-05.jpg\" alt=\"#Freitags5\" width=\"800\" height=\"800\" srcset=\"https:\/\/www.heldenhaushalt.de\/sari02\/wp-content\/uploads\/2017\/09\/39-05.jpg 800w, https:\/\/www.heldenhaushalt.de\/sari02\/wp-content\/uploads\/2017\/09\/39-05-150x150.jpg 150w, https:\/\/www.heldenhaushalt.de\/sari02\/wp-content\/uploads\/2017\/09\/39-05-300x300.jpg 300w, https:\/\/www.heldenhaushalt.de\/sari02\/wp-content\/uploads\/2017\/09\/39-05-768x768.jpg 768w, https:\/\/www.heldenhaushalt.de\/sari02\/wp-content\/uploads\/2017\/09\/39-05-600x600.jpg 600w, https:\/\/www.heldenhaushalt.de\/sari02\/wp-content\/uploads\/2017\/09\/39-05-660x660.jpg 660w, https:\/\/www.heldenhaushalt.de\/sari02\/wp-content\/uploads\/2017\/09\/39-05-373x373.jpg 373w\" sizes=\"auto, (max-width: 800px) 100vw, 800px\" \/><\/p>\n<p><strong>Meine Lieblings-Inspiration der Woche \u2013 <\/strong>Nun tauchen sie langsam wieder auf, die vielen sch&#246;nen Herbst &#8211; Bastelideen in der Blogsph&#228;re. Auch mir schwirrt der eine oder andere Gedanke im Kopf herum und nat&#252;rlich wurden auch schon W&#252;nsche bei den Kindern ge&#228;ussert. Was bastelt ihr so im Herbst? Kreative Erg&#252;sse der Blogsph&#228;re findet ihr wie immer hier: <a href=\"http:\/\/www.tollabea.de\/kastanientiere-im-herbst-basteln-mit-kindern\/\" target=\"_blank\" rel=\"noopener\">Kastanientiere<\/a> &#8211; <a href=\"https:\/\/www.siebenkilopaket.de\/2017\/09\/27\/halloween-rezept-der-geister-kuchen-buh\/\" target=\"_blank\" rel=\"noopener\">Geister Kuchen<\/a> &#8211; <a href=\"http:\/\/blogmonsta.de\/2017\/09\/24\/toast-brot-in-hasenform-mit-eiformer\/\" target=\"_blank\" rel=\"noopener\">Toast Brot in Hasenform mit Eierformer<\/a> &#8211; <a href=\"http:\/\/diekleinebotin.at\/2017\/09\/25\/herbstzeit-mit-kindern-die-schoensten-bastel-und-spiel-ideen\/\" target=\"_blank\" rel=\"noopener\">13 Herbstbastelideen<\/a> &#8211; <a href=\"http:\/\/www.sabine-seyffert.de\/blog\/?p=11151\" target=\"_blank\" rel=\"noopener\">Fliegenpilze aus Eicheln<\/a> &#8211; <a href=\"https:\/\/meinfeenstaub.com\/diy-origami-windlichter\/\" target=\"_blank\" rel=\"noopener\">Origami Windlichter<\/a><\/p>\n<p style=\"text-align: center;\">***<\/p>\n<p>Vor uns liegt nun ein langes Wochenende zum Erholen und Spa&#223; haben. Mal sehen, was sich daraus machen l&#228;sst. Mehr bildhafte #Freitags5 R&#252;ckblicke gibt es auch heute wieder bei&nbsp;<a href=\"http:\/\/berlinmittemom.com\/2017\/09\/29\/das-ist-der-herbst-der-bricht-dir-noch-das-herz-5-freitagslieblinge-am-29-september-2017\/\" target=\"_blank\" rel=\"noopener noreferrer\">BerlinMitteMom<\/a>.<\/p>\n<p><img loading=\"lazy\" decoding=\"async\" class=\" size-full wp-image-24841 alignright\" src=\"https:\/\/www.heldenhaushalt.de\/sari02\/wp-content\/uploads\/2015\/01\/sari-unter.jpg?zoom=1.5&amp;resize=130%2C59\" srcset=\"https:\/\/www.heldenhaushalt.de\/sari02\/wp-content\/uploads\/2015\/01\/sari-unter.jpg?zoom=1.5&amp;resize=130%2C59\" alt=\"sari-unter\" width=\"130\" height=\"59\" data-attachment-id=\"24841\" data-permalink=\"http:\/\/www.heldenhaushalt.de\/sari02\/index.php\/2015\/01\/03\/sich-neu-erfinden\/sari-unter\/\" data-orig-file=\"http:\/\/www.heldenhaushalt.de\/sari02\/wp-content\/uploads\/2015\/01\/sari-unter.jpg\" data-orig-size=\"130,59\" data-comments-opened=\"1\" data-image-meta=\"{&quot;aperture&quot;:&quot;0&quot;,&quot;credit&quot;:&quot;&quot;,&quot;camera&quot;:&quot;&quot;,&quot;caption&quot;:&quot;&quot;,&quot;created_timestamp&quot;:&quot;0&quot;,&quot;copyright&quot;:&quot;&quot;,&quot;focal_length&quot;:&quot;0&quot;,&quot;iso&quot;:&quot;0&quot;,&quot;shutter_speed&quot;:&quot;0&quot;,&quot;title&quot;:&quot;&quot;,&quot;orientation&quot;:&quot;0&quot;}\" data-image-title=\"sari-unter\" data-image-description=\"\" data-medium-file=\"http:\/\/www.heldenhaushalt.de\/sari02\/wp-content\/uploads\/2015\/01\/sari-unter.jpg\" data-large-file=\"http:\/\/www.heldenhaushalt.de\/sari02\/wp-content\/uploads\/2015\/01\/sari-unter.jpg\" data-pin-nopin=\"true\"><\/p>\n<div class=\"sharedaddy sd-sharing-enabled\">\n<div class=\"robots-nocontent sd-block sd-social sd-social-icon sd-sharing\">\n<h3 class=\"sd-title\">&nbsp;<\/h3>\n<\/div>\n<\/div>\n","protected":false},"excerpt":{"rendered":"<p>Das Schulthema hat uns derzeit ziemlich im Griff. Immer noch versuchen wir, den Alltag irgendwie geregelt und an die Ver&#228;nderungen angepasst zu bekommen und besonders der Kleine steckt da mal wieder etwas zur&#252;ck. Schulschluss ist n&#228;mlich dann, wenn eigentlich Zeit f&#252;r den Mittagsschlaf ist. Daf&#252;r schl&#228;ft der Kleine nun ziemlich schnell ein und wir haben Zeit, um in Ruhe die Hausaufgaben zu machen. Wobei sich die aktuell noch ziemlich in Grenzen halten. Mehr bewegte Dinge in unseren #Freitags5 f&#252;r euch. *** Meine #Freitags5 #Freitagslieblinge Meine Lieblingslekt&#252;re der Woche \u2013&nbsp; Das Kind ist gerade mal 3 Wochen in der Schule und ich durfte bereits zwei Elternabenden beiwohnen. Wobei es ging. Sie h&#228;tten anstrengender sein k&#246;nnen. Es meldeten sich sofort Freiwillige wo Freiwillige gebraucht wurden und es gab eine Menge Termine zu notieren. Spannend irgendwie, aber dadurch ist unser Kalender jetzt noch voller, als er vorher schon war. Daf&#252;r konnte ich mich mal in Ruhe im Klassenraum umsehen und die ersten Spuren meines Kindes entdecken. Das war sch&#246;n. Genau wie die Karte, die die Kinder f&#252;r uns Eltern extra zum Elternabend geschrieben hatten (zu sehen unter meinem Notizbuch). *** Mein Lieblingsessen der Woche \u2013&nbsp; Der Held und ich nehmen uns ja immer wieder vor mal vollkommen neue Rezepte auszuprobieren und das habe ich diese Woche einfach mal getan und Lasagne &#8211; Muffins gebacken. Daf&#252;r hatte ich Fertigplatten genommen, aber ich glaube das n&#228;chste Mal mache ich den Teig lieber selber. Ansonsten eine tolle Sache, die sicher nach Wiederholung schreit. *** Mein Lieblingsmoment mit meinen Kindern&nbsp;\u2013 Die Kinder leiden ein wenig, denn es wird drau&#223;en immer ungem&#252;tlicher. Fu&#223;ball im Garten ist immer seltener m&#246;glich und so sind sie nun gezwungen, wieder mehr drinnen zu spielen. Wie schlimm, oder? Nun m&#252;ssen sie tats&#228;chlich ihre Spielsachen wieder benutzen. Aber wisst ihr was? Sie stellen sich dabei gar nicht mal dumm an, denn sie haben nun beide die Lego Duplo Steine f&#252;r sich entdeckt und bauen immer h&#246;here T&#252;rme. Au&#223;erdem gab es von der N&#228;hfreundin ein paar weitere Autos f&#252;r den Kleinen und so werden im Wohnzimmer nun kleine Autorennen veranstaltet. *** Mein Lieblings-Mama-Moment nur f&#252;r mich&nbsp; \u2013&nbsp; Vollkommen ohne gro&#223;er Anstrengung komme ich derzeit t&#228;glich auf meine 10.000 Schritte. Woran das liegt? Das ist schnell erkl&#228;rt: Der Kleine und ich verlassen nun jeden Tag ungef&#228;hr 30 Minuten vor Schulschluss das Haus und laufen gemeinsam zur Schule. Dabei wird nat&#252;rlich jede Treppe erklommen, die uns auf dem Weg begegnet und auf jeder Mauer balanziert. Auf dem Schulhof m&#252;ssen wir dann auch noch ein wenig klettern und springen und schwupp habe ich sp&#228;testens am Nachmittag die gew&#252;nschten Schritte beisammen. So &#252;ben wir nun auch mehr und mehr ohne Kinderwagen unterwegs zu sein und gleichzeitig meinen R&#252;cken nicht mehr st&#228;ndig mit der Trage zu belasten. Aber man muss halt mehr Zeit einplanen. So lange das Herbstwetter noch so sch&#246;n ist, macht das eigentlich sogar richtig Spa&#223;! *** Meine Lieblings-Inspiration der Woche \u2013 Nun tauchen sie langsam wieder auf, die vielen sch&#246;nen Herbst &#8211; Bastelideen in der Blogsph&#228;re. Auch mir schwirrt der eine oder andere Gedanke im Kopf herum und nat&#252;rlich wurden auch schon W&#252;nsche bei den Kindern ge&#228;ussert. Was bastelt ihr so im Herbst? Kreative Erg&#252;sse der Blogsph&#228;re findet ihr wie immer hier: Kastanientiere &#8211; Geister Kuchen &#8211; Toast Brot in Hasenform mit Eierformer &#8211; 13 Herbstbastelideen &#8211; Fliegenpilze aus Eicheln &#8211; Origami Windlichter *** Vor uns liegt nun ein langes Wochenende zum Erholen und Spa&#223; haben. Mal sehen, was sich daraus machen l&#228;sst. Mehr bildhafte #Freitags5 R&#252;ckblicke gibt es auch heute wieder bei&nbsp;BerlinMitteMom. &nbsp;<\/p>\n","protected":false},"author":1,"featured_media":34269,"comment_status":"open","ping_status":"open","sticky":false,"template":"","format":"standard","meta":{"ngg_post_thumbnail":0,"footnotes":""},"categories":[323,49],"tags":[780,781,45,418,81,1215,872],"class_list":["post-34261","post","type-post","status-publish","format-standard","has-post-thumbnail","hentry","category-alltag","category-blogspaehre","tag-freitags5","tag-freitagslieblinge","tag-alltag","tag-herbst","tag-kinder","tag-schule","tag-woche"],"yoast_head":"<!-- This site is optimized with the Yoast SEO plugin v27.4 - https:\/\/yoast.com\/product\/yoast-seo-wordpress\/ -->\n<title>#Freitags5 \u2013 5 Tage 5 Fotos im September #05 - Heldenhaushalt<\/title>\n<meta name=\"description\" content=\"Das Schulthema hat uns derzeit ziemlich im Griff. Immer noch versuchen wir, den Alltag irgendwie geregelt zu bekommen. Unsere #Freitags5!\" \/>\n<meta name=\"robots\" content=\"index, follow, max-snippet:-1, max-image-preview:large, max-video-preview:-1\" \/>\n<link rel=\"canonical\" href=\"https:\/\/www.heldenhaushalt.de\/sari02\/index.php\/2017\/09\/29\/freitags5-5-tage-5-fotos-im-september-05\/\" \/>\n<meta property=\"og:locale\" content=\"de_DE\" \/>\n<meta property=\"og:type\" content=\"article\" \/>\n<meta property=\"og:title\" content=\"#Freitags5 \u2013 5 Tage 5 Fotos im September #05 - Heldenhaushalt\" \/>\n<meta property=\"og:description\" content=\"Das Schulthema hat uns derzeit ziemlich im Griff. Immer noch versuchen wir, den Alltag irgendwie geregelt zu bekommen. Unsere #Freitags5!\" \/>\n<meta property=\"og:url\" content=\"https:\/\/www.heldenhaushalt.de\/sari02\/index.php\/2017\/09\/29\/freitags5-5-tage-5-fotos-im-september-05\/\" \/>\n<meta property=\"og:site_name\" content=\"Heldenhaushalt\" \/>\n<meta property=\"article:published_time\" content=\"2017-09-29T07:52:52+00:00\" \/>\n<meta property=\"article:modified_time\" content=\"2017-09-30T05:47:17+00:00\" \/>\n<meta property=\"og:image\" content=\"https:\/\/www.heldenhaushalt.de\/sari02\/wp-content\/uploads\/2017\/09\/39-05.jpg\" \/>\n\t<meta property=\"og:image:width\" content=\"800\" \/>\n\t<meta property=\"og:image:height\" content=\"800\" \/>\n\t<meta property=\"og:image:type\" content=\"image\/jpeg\" \/>\n<meta name=\"author\" content=\"Sari\" \/>\n<meta name=\"twitter:card\" content=\"summary_large_image\" \/>\n<meta name=\"twitter:creator\" content=\"@Heldenhaushalt\" \/>\n<meta name=\"twitter:site\" content=\"@Heldenhaushalt\" \/>\n<meta name=\"twitter:label1\" content=\"Verfasst von\" \/>\n\t<meta name=\"twitter:data1\" content=\"Sari\" \/>\n\t<meta name=\"twitter:label2\" content=\"Gesch\u00e4tzte Lesezeit\" \/>\n\t<meta name=\"twitter:data2\" content=\"3\u00a0Minuten\" \/>\n<script type=\"application\/ld+json\" class=\"yoast-schema-graph\">{\"@context\":\"https:\\\/\\\/schema.org\",\"@graph\":[{\"@type\":\"Article\",\"@id\":\"https:\\\/\\\/www.heldenhaushalt.de\\\/sari02\\\/index.php\\\/2017\\\/09\\\/29\\\/freitags5-5-tage-5-fotos-im-september-05\\\/#article\",\"isPartOf\":{\"@id\":\"https:\\\/\\\/www.heldenhaushalt.de\\\/sari02\\\/index.php\\\/2017\\\/09\\\/29\\\/freitags5-5-tage-5-fotos-im-september-05\\\/\"},\"author\":{\"name\":\"Sari\",\"@id\":\"https:\\\/\\\/www.heldenhaushalt.de\\\/sari02\\\/#\\\/schema\\\/person\\\/a1cc69f42a01f412eb62c151353814f6\"},\"headline\":\"#Freitags5 \u2013 5 Tage 5 Fotos im September #05\",\"datePublished\":\"2017-09-29T07:52:52+00:00\",\"dateModified\":\"2017-09-30T05:47:17+00:00\",\"mainEntityOfPage\":{\"@id\":\"https:\\\/\\\/www.heldenhaushalt.de\\\/sari02\\\/index.php\\\/2017\\\/09\\\/29\\\/freitags5-5-tage-5-fotos-im-september-05\\\/\"},\"wordCount\":633,\"commentCount\":2,\"publisher\":{\"@id\":\"https:\\\/\\\/www.heldenhaushalt.de\\\/sari02\\\/#\\\/schema\\\/person\\\/a1cc69f42a01f412eb62c151353814f6\"},\"image\":{\"@id\":\"https:\\\/\\\/www.heldenhaushalt.de\\\/sari02\\\/index.php\\\/2017\\\/09\\\/29\\\/freitags5-5-tage-5-fotos-im-september-05\\\/#primaryimage\"},\"thumbnailUrl\":\"https:\\\/\\\/www.heldenhaushalt.de\\\/sari02\\\/wp-content\\\/uploads\\\/2017\\\/09\\\/39-05.jpg\",\"keywords\":[\"#Freitags5\",\"#Freitagslieblinge\",\"Allt\u00e4glich\",\"Herbst\",\"Kinder\",\"Schule\",\"Woche\"],\"articleSection\":[\"Alltagschaos\",\"Blogsph\u00e4re\"],\"inLanguage\":\"de\",\"potentialAction\":[{\"@type\":\"CommentAction\",\"name\":\"Comment\",\"target\":[\"https:\\\/\\\/www.heldenhaushalt.de\\\/sari02\\\/index.php\\\/2017\\\/09\\\/29\\\/freitags5-5-tage-5-fotos-im-september-05\\\/#respond\"]}]},{\"@type\":\"WebPage\",\"@id\":\"https:\\\/\\\/www.heldenhaushalt.de\\\/sari02\\\/index.php\\\/2017\\\/09\\\/29\\\/freitags5-5-tage-5-fotos-im-september-05\\\/\",\"url\":\"https:\\\/\\\/www.heldenhaushalt.de\\\/sari02\\\/index.php\\\/2017\\\/09\\\/29\\\/freitags5-5-tage-5-fotos-im-september-05\\\/\",\"name\":\"#Freitags5 \u2013 5 Tage 5 Fotos im September #05 - Heldenhaushalt\",\"isPartOf\":{\"@id\":\"https:\\\/\\\/www.heldenhaushalt.de\\\/sari02\\\/#website\"},\"primaryImageOfPage\":{\"@id\":\"https:\\\/\\\/www.heldenhaushalt.de\\\/sari02\\\/index.php\\\/2017\\\/09\\\/29\\\/freitags5-5-tage-5-fotos-im-september-05\\\/#primaryimage\"},\"image\":{\"@id\":\"https:\\\/\\\/www.heldenhaushalt.de\\\/sari02\\\/index.php\\\/2017\\\/09\\\/29\\\/freitags5-5-tage-5-fotos-im-september-05\\\/#primaryimage\"},\"thumbnailUrl\":\"https:\\\/\\\/www.heldenhaushalt.de\\\/sari02\\\/wp-content\\\/uploads\\\/2017\\\/09\\\/39-05.jpg\",\"datePublished\":\"2017-09-29T07:52:52+00:00\",\"dateModified\":\"2017-09-30T05:47:17+00:00\",\"description\":\"Das Schulthema hat uns derzeit ziemlich im Griff. Immer noch versuchen wir, den Alltag irgendwie geregelt zu bekommen. Unsere #Freitags5!\",\"breadcrumb\":{\"@id\":\"https:\\\/\\\/www.heldenhaushalt.de\\\/sari02\\\/index.php\\\/2017\\\/09\\\/29\\\/freitags5-5-tage-5-fotos-im-september-05\\\/#breadcrumb\"},\"inLanguage\":\"de\",\"potentialAction\":[{\"@type\":\"ReadAction\",\"target\":[\"https:\\\/\\\/www.heldenhaushalt.de\\\/sari02\\\/index.php\\\/2017\\\/09\\\/29\\\/freitags5-5-tage-5-fotos-im-september-05\\\/\"]}]},{\"@type\":\"ImageObject\",\"inLanguage\":\"de\",\"@id\":\"https:\\\/\\\/www.heldenhaushalt.de\\\/sari02\\\/index.php\\\/2017\\\/09\\\/29\\\/freitags5-5-tage-5-fotos-im-september-05\\\/#primaryimage\",\"url\":\"https:\\\/\\\/www.heldenhaushalt.de\\\/sari02\\\/wp-content\\\/uploads\\\/2017\\\/09\\\/39-05.jpg\",\"contentUrl\":\"https:\\\/\\\/www.heldenhaushalt.de\\\/sari02\\\/wp-content\\\/uploads\\\/2017\\\/09\\\/39-05.jpg\",\"width\":800,\"height\":800,\"caption\":\"#Freitags5\"},{\"@type\":\"BreadcrumbList\",\"@id\":\"https:\\\/\\\/www.heldenhaushalt.de\\\/sari02\\\/index.php\\\/2017\\\/09\\\/29\\\/freitags5-5-tage-5-fotos-im-september-05\\\/#breadcrumb\",\"itemListElement\":[{\"@type\":\"ListItem\",\"position\":1,\"name\":\"Startseite\",\"item\":\"https:\\\/\\\/www.heldenhaushalt.de\\\/sari02\\\/\"},{\"@type\":\"ListItem\",\"position\":2,\"name\":\"#Freitags5 \u2013 5 Tage 5 Fotos im September #05\"}]},{\"@type\":\"WebSite\",\"@id\":\"https:\\\/\\\/www.heldenhaushalt.de\\\/sari02\\\/#website\",\"url\":\"https:\\\/\\\/www.heldenhaushalt.de\\\/sari02\\\/\",\"name\":\"Heldenhaushalt\",\"description\":\"Wer es ordentlich haben will, der muss vorher anrufen\",\"publisher\":{\"@id\":\"https:\\\/\\\/www.heldenhaushalt.de\\\/sari02\\\/#\\\/schema\\\/person\\\/a1cc69f42a01f412eb62c151353814f6\"},\"potentialAction\":[{\"@type\":\"SearchAction\",\"target\":{\"@type\":\"EntryPoint\",\"urlTemplate\":\"https:\\\/\\\/www.heldenhaushalt.de\\\/sari02\\\/?s={search_term_string}\"},\"query-input\":{\"@type\":\"PropertyValueSpecification\",\"valueRequired\":true,\"valueName\":\"search_term_string\"}}],\"inLanguage\":\"de\"},{\"@type\":[\"Person\",\"Organization\"],\"@id\":\"https:\\\/\\\/www.heldenhaushalt.de\\\/sari02\\\/#\\\/schema\\\/person\\\/a1cc69f42a01f412eb62c151353814f6\",\"name\":\"Sari\",\"image\":{\"@type\":\"ImageObject\",\"inLanguage\":\"de\",\"@id\":\"https:\\\/\\\/www.heldenhaushalt.de\\\/sari02\\\/wp-content\\\/uploads\\\/2019\\\/02\\\/sari-april2018.png\",\"url\":\"https:\\\/\\\/www.heldenhaushalt.de\\\/sari02\\\/wp-content\\\/uploads\\\/2019\\\/02\\\/sari-april2018.png\",\"contentUrl\":\"https:\\\/\\\/www.heldenhaushalt.de\\\/sari02\\\/wp-content\\\/uploads\\\/2019\\\/02\\\/sari-april2018.png\",\"width\":500,\"height\":500,\"caption\":\"Sari\"},\"logo\":{\"@id\":\"https:\\\/\\\/www.heldenhaushalt.de\\\/sari02\\\/wp-content\\\/uploads\\\/2019\\\/02\\\/sari-april2018.png\"},\"description\":\"Frau Mondgras \u2013 Das bin ich, Sari. Gerne auch als Sari Mondgras bekannt und im Internet zu finden. 2-Fach-Mutter, Heldenehefrau, Kreativling, Harmonies\u00fcchtig und st\u00e4ndig auf der Suche nach Gl\u00fcck. Ich komme aus Berlin, bin hier aufgewachsen und lebe hier seit ich denken kann.\",\"sameAs\":[\"https:\\\/\\\/www.instagram.com\\\/heldenhaushalt\\\/\"],\"url\":\"https:\\\/\\\/www.heldenhaushalt.de\\\/sari02\\\/index.php\\\/author\\\/admin\\\/\"}]}<\/script>\n<!-- \/ Yoast SEO plugin. -->","yoast_head_json":{"title":"#Freitags5 \u2013 5 Tage 5 Fotos im September #05 - Heldenhaushalt","description":"Das Schulthema hat uns derzeit ziemlich im Griff. Immer noch versuchen wir, den Alltag irgendwie geregelt zu bekommen. Unsere #Freitags5!","robots":{"index":"index","follow":"follow","max-snippet":"max-snippet:-1","max-image-preview":"max-image-preview:large","max-video-preview":"max-video-preview:-1"},"canonical":"https:\/\/www.heldenhaushalt.de\/sari02\/index.php\/2017\/09\/29\/freitags5-5-tage-5-fotos-im-september-05\/","og_locale":"de_DE","og_type":"article","og_title":"#Freitags5 \u2013 5 Tage 5 Fotos im September #05 - Heldenhaushalt","og_description":"Das Schulthema hat uns derzeit ziemlich im Griff. Immer noch versuchen wir, den Alltag irgendwie geregelt zu bekommen. Unsere #Freitags5!","og_url":"https:\/\/www.heldenhaushalt.de\/sari02\/index.php\/2017\/09\/29\/freitags5-5-tage-5-fotos-im-september-05\/","og_site_name":"Heldenhaushalt","article_published_time":"2017-09-29T07:52:52+00:00","article_modified_time":"2017-09-30T05:47:17+00:00","og_image":[{"width":800,"height":800,"url":"https:\/\/www.heldenhaushalt.de\/sari02\/wp-content\/uploads\/2017\/09\/39-05.jpg","type":"image\/jpeg"}],"author":"Sari","twitter_card":"summary_large_image","twitter_creator":"@Heldenhaushalt","twitter_site":"@Heldenhaushalt","twitter_misc":{"Verfasst von":"Sari","Gesch\u00e4tzte Lesezeit":"3\u00a0Minuten"},"schema":{"@context":"https:\/\/schema.org","@graph":[{"@type":"Article","@id":"https:\/\/www.heldenhaushalt.de\/sari02\/index.php\/2017\/09\/29\/freitags5-5-tage-5-fotos-im-september-05\/#article","isPartOf":{"@id":"https:\/\/www.heldenhaushalt.de\/sari02\/index.php\/2017\/09\/29\/freitags5-5-tage-5-fotos-im-september-05\/"},"author":{"name":"Sari","@id":"https:\/\/www.heldenhaushalt.de\/sari02\/#\/schema\/person\/a1cc69f42a01f412eb62c151353814f6"},"headline":"#Freitags5 \u2013 5 Tage 5 Fotos im September #05","datePublished":"2017-09-29T07:52:52+00:00","dateModified":"2017-09-30T05:47:17+00:00","mainEntityOfPage":{"@id":"https:\/\/www.heldenhaushalt.de\/sari02\/index.php\/2017\/09\/29\/freitags5-5-tage-5-fotos-im-september-05\/"},"wordCount":633,"commentCount":2,"publisher":{"@id":"https:\/\/www.heldenhaushalt.de\/sari02\/#\/schema\/person\/a1cc69f42a01f412eb62c151353814f6"},"image":{"@id":"https:\/\/www.heldenhaushalt.de\/sari02\/index.php\/2017\/09\/29\/freitags5-5-tage-5-fotos-im-september-05\/#primaryimage"},"thumbnailUrl":"https:\/\/www.heldenhaushalt.de\/sari02\/wp-content\/uploads\/2017\/09\/39-05.jpg","keywords":["#Freitags5","#Freitagslieblinge","Allt\u00e4glich","Herbst","Kinder","Schule","Woche"],"articleSection":["Alltagschaos","Blogsph\u00e4re"],"inLanguage":"de","potentialAction":[{"@type":"CommentAction","name":"Comment","target":["https:\/\/www.heldenhaushalt.de\/sari02\/index.php\/2017\/09\/29\/freitags5-5-tage-5-fotos-im-september-05\/#respond"]}]},{"@type":"WebPage","@id":"https:\/\/www.heldenhaushalt.de\/sari02\/index.php\/2017\/09\/29\/freitags5-5-tage-5-fotos-im-september-05\/","url":"https:\/\/www.heldenhaushalt.de\/sari02\/index.php\/2017\/09\/29\/freitags5-5-tage-5-fotos-im-september-05\/","name":"#Freitags5 \u2013 5 Tage 5 Fotos im September #05 - Heldenhaushalt","isPartOf":{"@id":"https:\/\/www.heldenhaushalt.de\/sari02\/#website"},"primaryImageOfPage":{"@id":"https:\/\/www.heldenhaushalt.de\/sari02\/index.php\/2017\/09\/29\/freitags5-5-tage-5-fotos-im-september-05\/#primaryimage"},"image":{"@id":"https:\/\/www.heldenhaushalt.de\/sari02\/index.php\/2017\/09\/29\/freitags5-5-tage-5-fotos-im-september-05\/#primaryimage"},"thumbnailUrl":"https:\/\/www.heldenhaushalt.de\/sari02\/wp-content\/uploads\/2017\/09\/39-05.jpg","datePublished":"2017-09-29T07:52:52+00:00","dateModified":"2017-09-30T05:47:17+00:00","description":"Das Schulthema hat uns derzeit ziemlich im Griff. Immer noch versuchen wir, den Alltag irgendwie geregelt zu bekommen. Unsere #Freitags5!","breadcrumb":{"@id":"https:\/\/www.heldenhaushalt.de\/sari02\/index.php\/2017\/09\/29\/freitags5-5-tage-5-fotos-im-september-05\/#breadcrumb"},"inLanguage":"de","potentialAction":[{"@type":"ReadAction","target":["https:\/\/www.heldenhaushalt.de\/sari02\/index.php\/2017\/09\/29\/freitags5-5-tage-5-fotos-im-september-05\/"]}]},{"@type":"ImageObject","inLanguage":"de","@id":"https:\/\/www.heldenhaushalt.de\/sari02\/index.php\/2017\/09\/29\/freitags5-5-tage-5-fotos-im-september-05\/#primaryimage","url":"https:\/\/www.heldenhaushalt.de\/sari02\/wp-content\/uploads\/2017\/09\/39-05.jpg","contentUrl":"https:\/\/www.heldenhaushalt.de\/sari02\/wp-content\/uploads\/2017\/09\/39-05.jpg","width":800,"height":800,"caption":"#Freitags5"},{"@type":"BreadcrumbList","@id":"https:\/\/www.heldenhaushalt.de\/sari02\/index.php\/2017\/09\/29\/freitags5-5-tage-5-fotos-im-september-05\/#breadcrumb","itemListElement":[{"@type":"ListItem","position":1,"name":"Startseite","item":"https:\/\/www.heldenhaushalt.de\/sari02\/"},{"@type":"ListItem","position":2,"name":"#Freitags5 \u2013 5 Tage 5 Fotos im September #05"}]},{"@type":"WebSite","@id":"https:\/\/www.heldenhaushalt.de\/sari02\/#website","url":"https:\/\/www.heldenhaushalt.de\/sari02\/","name":"Heldenhaushalt","description":"Wer es ordentlich haben will, der muss vorher anrufen","publisher":{"@id":"https:\/\/www.heldenhaushalt.de\/sari02\/#\/schema\/person\/a1cc69f42a01f412eb62c151353814f6"},"potentialAction":[{"@type":"SearchAction","target":{"@type":"EntryPoint","urlTemplate":"https:\/\/www.heldenhaushalt.de\/sari02\/?s={search_term_string}"},"query-input":{"@type":"PropertyValueSpecification","valueRequired":true,"valueName":"search_term_string"}}],"inLanguage":"de"},{"@type":["Person","Organization"],"@id":"https:\/\/www.heldenhaushalt.de\/sari02\/#\/schema\/person\/a1cc69f42a01f412eb62c151353814f6","name":"Sari","image":{"@type":"ImageObject","inLanguage":"de","@id":"https:\/\/www.heldenhaushalt.de\/sari02\/wp-content\/uploads\/2019\/02\/sari-april2018.png","url":"https:\/\/www.heldenhaushalt.de\/sari02\/wp-content\/uploads\/2019\/02\/sari-april2018.png","contentUrl":"https:\/\/www.heldenhaushalt.de\/sari02\/wp-content\/uploads\/2019\/02\/sari-april2018.png","width":500,"height":500,"caption":"Sari"},"logo":{"@id":"https:\/\/www.heldenhaushalt.de\/sari02\/wp-content\/uploads\/2019\/02\/sari-april2018.png"},"description":"Frau Mondgras \u2013 Das bin ich, Sari. Gerne auch als Sari Mondgras bekannt und im Internet zu finden. 2-Fach-Mutter, Heldenehefrau, Kreativling, Harmonies\u00fcchtig und st\u00e4ndig auf der Suche nach Gl\u00fcck. Ich komme aus Berlin, bin hier aufgewachsen und lebe hier seit ich denken kann.","sameAs":["https:\/\/www.instagram.com\/heldenhaushalt\/"],"url":"https:\/\/www.heldenhaushalt.de\/sari02\/index.php\/author\/admin\/"}]}},"views":4222,"_links":{"self":[{"href":"https:\/\/www.heldenhaushalt.de\/sari02\/index.php\/wp-json\/wp\/v2\/posts\/34261","targetHints":{"allow":["GET"]}}],"collection":[{"href":"https:\/\/www.heldenhaushalt.de\/sari02\/index.php\/wp-json\/wp\/v2\/posts"}],"about":[{"href":"https:\/\/www.heldenhaushalt.de\/sari02\/index.php\/wp-json\/wp\/v2\/types\/post"}],"author":[{"embeddable":true,"href":"https:\/\/www.heldenhaushalt.de\/sari02\/index.php\/wp-json\/wp\/v2\/users\/1"}],"replies":[{"embeddable":true,"href":"https:\/\/www.heldenhaushalt.de\/sari02\/index.php\/wp-json\/wp\/v2\/comments?post=34261"}],"version-history":[{"count":4,"href":"https:\/\/www.heldenhaushalt.de\/sari02\/index.php\/wp-json\/wp\/v2\/posts\/34261\/revisions"}],"predecessor-version":[{"id":34282,"href":"https:\/\/www.heldenhaushalt.de\/sari02\/index.php\/wp-json\/wp\/v2\/posts\/34261\/revisions\/34282"}],"wp:featuredmedia":[{"embeddable":true,"href":"https:\/\/www.heldenhaushalt.de\/sari02\/index.php\/wp-json\/wp\/v2\/media\/34269"}],"wp:attachment":[{"href":"https:\/\/www.heldenhaushalt.de\/sari02\/index.php\/wp-json\/wp\/v2\/media?parent=34261"}],"wp:term":[{"taxonomy":"category","embeddable":true,"href":"https:\/\/www.heldenhaushalt.de\/sari02\/index.php\/wp-json\/wp\/v2\/categories?post=34261"},{"taxonomy":"post_tag","embeddable":true,"href":"https:\/\/www.heldenhaushalt.de\/sari02\/index.php\/wp-json\/wp\/v2\/tags?post=34261"}],"curies":[{"name":"wp","href":"https:\/\/api.w.org\/{rel}","templated":true}]}}