{"id":34337,"date":"2017-10-06T10:30:08","date_gmt":"2017-10-06T08:30:08","guid":{"rendered":"http:\/\/www.heldenhaushalt.de\/sari02\/?p=34337"},"modified":"2017-10-06T14:01:37","modified_gmt":"2017-10-06T12:01:37","slug":"freitags5-5-tage-5-fotos-im-oktober-01-2","status":"publish","type":"post","link":"https:\/\/www.heldenhaushalt.de\/sari02\/index.php\/2017\/10\/06\/freitags5-5-tage-5-fotos-im-oktober-01-2\/","title":{"rendered":"#Freitags5 \u2013 5 Tage 5 Fotos im Oktober #01"},"content":{"rendered":"<p>Gestern hatten wir doch tats&#228;chlich eine Unwetterwarnung. Sturm, Gewitter, viel Regen. So richtig ungem&#252;tlich. Ich war einfach nur froh, dass ich mich am Vortag mit neuen Kuschelsachen eingedeckt hatte. Pulli, Schal, Handschuhe. Die kamen mir dann wie gerufen. Weniger erw&#252;nscht war dann das Drama auf unserem Dach. Was uns sonst noch (regelrecht) bewegt hat heute in unseren #Freitags5 f&#252;r euch.<\/p>\n<p style=\"text-align: center;\">***<\/p>\n<h2>Meine #Freitags5 #Freitagslieblinge<\/h2>\n<p><img loading=\"lazy\" decoding=\"async\" class=\"aligncenter size-full wp-image-34343\" src=\"http:\/\/www.heldenhaushalt.de\/sari02\/wp-content\/uploads\/2017\/10\/40-04-2.jpg\" alt=\"#Freitags5\" width=\"800\" height=\"800\" srcset=\"https:\/\/www.heldenhaushalt.de\/sari02\/wp-content\/uploads\/2017\/10\/40-04-2.jpg 800w, https:\/\/www.heldenhaushalt.de\/sari02\/wp-content\/uploads\/2017\/10\/40-04-2-150x150.jpg 150w, https:\/\/www.heldenhaushalt.de\/sari02\/wp-content\/uploads\/2017\/10\/40-04-2-300x300.jpg 300w, https:\/\/www.heldenhaushalt.de\/sari02\/wp-content\/uploads\/2017\/10\/40-04-2-768x768.jpg 768w, https:\/\/www.heldenhaushalt.de\/sari02\/wp-content\/uploads\/2017\/10\/40-04-2-600x600.jpg 600w, https:\/\/www.heldenhaushalt.de\/sari02\/wp-content\/uploads\/2017\/10\/40-04-2-660x660.jpg 660w, https:\/\/www.heldenhaushalt.de\/sari02\/wp-content\/uploads\/2017\/10\/40-04-2-373x373.jpg 373w\" sizes=\"auto, (max-width: 800px) 100vw, 800px\" \/><\/p>\n<p><strong>Meine Lieblingslekt&#252;re der Woche \u2013<\/strong>&nbsp; <a href=\"https:\/\/www.kinderbuchlesen.de\/die-kleine-hummel-bommel-und-die-liebe\" target=\"_blank\" rel=\"noopener\">Wir haben gewonnen<\/a>. Und zwar ein wirklich wundersch&#246;nes und niedliches Buch von der Hummel Bommel und der Liebe. Das Buch musste ich nun jeden Tag zum Mittagessen vorlesen. Ich habe mich ja direkt in den Stil der Illustratorin verliebt und direkt Lust bekommen selber mal wieder mehr in diese Richtung zu machen.<strong><br \/>\n<\/strong><\/p>\n<p style=\"text-align: center;\">***<\/p>\n<p><img loading=\"lazy\" decoding=\"async\" class=\"aligncenter size-full wp-image-34344\" src=\"http:\/\/www.heldenhaushalt.de\/sari02\/wp-content\/uploads\/2017\/10\/40-04-3.jpg\" alt=\"#Freitags5\" width=\"800\" height=\"800\" srcset=\"https:\/\/www.heldenhaushalt.de\/sari02\/wp-content\/uploads\/2017\/10\/40-04-3.jpg 800w, https:\/\/www.heldenhaushalt.de\/sari02\/wp-content\/uploads\/2017\/10\/40-04-3-150x150.jpg 150w, https:\/\/www.heldenhaushalt.de\/sari02\/wp-content\/uploads\/2017\/10\/40-04-3-300x300.jpg 300w, https:\/\/www.heldenhaushalt.de\/sari02\/wp-content\/uploads\/2017\/10\/40-04-3-768x768.jpg 768w, https:\/\/www.heldenhaushalt.de\/sari02\/wp-content\/uploads\/2017\/10\/40-04-3-600x600.jpg 600w, https:\/\/www.heldenhaushalt.de\/sari02\/wp-content\/uploads\/2017\/10\/40-04-3-660x660.jpg 660w, https:\/\/www.heldenhaushalt.de\/sari02\/wp-content\/uploads\/2017\/10\/40-04-3-373x373.jpg 373w\" sizes=\"auto, (max-width: 800px) 100vw, 800px\" \/><\/p>\n<p><strong>Mein Lieblingsessen der Woche \u2013<\/strong>&nbsp; Am Montag waren wir ganz lecker essen. Und zwar in einem chinesischen Restaurant, von dem uns schon so viele vorgeschw&#228;rmt hatten. Es gibt dort ein Mittagssbuffet und es war sehr lecker. Das Restaurant selber war gigantisch gro&#223; und hatte f&#252;r Kinder sogar einen richtigen Indoorspielplatz und ein kleines Kino.&nbsp;<strong><br \/>\n<\/strong><\/p>\n<p style=\"text-align: center;\">***<\/p>\n<p><img loading=\"lazy\" decoding=\"async\" class=\"aligncenter size-full wp-image-34345\" src=\"http:\/\/www.heldenhaushalt.de\/sari02\/wp-content\/uploads\/2017\/10\/40-04-4.jpg\" alt=\"#Freitags5\" width=\"800\" height=\"800\" srcset=\"https:\/\/www.heldenhaushalt.de\/sari02\/wp-content\/uploads\/2017\/10\/40-04-4.jpg 800w, https:\/\/www.heldenhaushalt.de\/sari02\/wp-content\/uploads\/2017\/10\/40-04-4-150x150.jpg 150w, https:\/\/www.heldenhaushalt.de\/sari02\/wp-content\/uploads\/2017\/10\/40-04-4-300x300.jpg 300w, https:\/\/www.heldenhaushalt.de\/sari02\/wp-content\/uploads\/2017\/10\/40-04-4-768x768.jpg 768w, https:\/\/www.heldenhaushalt.de\/sari02\/wp-content\/uploads\/2017\/10\/40-04-4-600x600.jpg 600w, https:\/\/www.heldenhaushalt.de\/sari02\/wp-content\/uploads\/2017\/10\/40-04-4-660x660.jpg 660w, https:\/\/www.heldenhaushalt.de\/sari02\/wp-content\/uploads\/2017\/10\/40-04-4-373x373.jpg 373w\" sizes=\"auto, (max-width: 800px) 100vw, 800px\" \/><\/p>\n<p><strong>Mein Lieblingsmoment mit meinen Kindern<\/strong>&nbsp;\u2013 Ich h&#246;rte sie lachen. Laut und herzhaft. Aus dem Zimmer des Minihelden. Wir alle haben das lange Wochenende sehr genossen und besonders die Jungs hatten wieder mal mehr von ihrem Papa. Endlich war da mal die Zeit, um die geliebte <a href=\"http:\/\/www.heldenhaushalt.de\/sari02\/index.php\/2015\/10\/30\/wie-ich-den-helden-in-seine-kindheit-zurueck-versetzte-werbung-gewinnspiel\/\">Darda Bahn <\/a>mal wieder aufzubauen. Nachdem sie damit fertig waren h&#246;rte man nur noch das Lachen durch das Haus hallen. Sch&#246;ner als jede Musik&#8230; Auch <a href=\"http:\/\/www.heldenhaushalt.de\/sari02\/index.php\/2017\/04\/26\/mmi-unser-tipi\/\">das Tipi<\/a> ist wieder im Einsatz und die BRIO Bahn wurde hervor geholt. Die Kinder verfallen langsam in Herbstspielstimmung. Herrlich.<\/p>\n<p style=\"text-align: center;\">***<\/p>\n<p><img loading=\"lazy\" decoding=\"async\" class=\"aligncenter size-full wp-image-34342\" src=\"http:\/\/www.heldenhaushalt.de\/sari02\/wp-content\/uploads\/2017\/10\/40-04-1-e1507278882965.jpg\" alt=\"#Freitags5\" width=\"800\" height=\"800\" srcset=\"https:\/\/www.heldenhaushalt.de\/sari02\/wp-content\/uploads\/2017\/10\/40-04-1-e1507278882965.jpg 800w, https:\/\/www.heldenhaushalt.de\/sari02\/wp-content\/uploads\/2017\/10\/40-04-1-e1507278882965-150x150.jpg 150w, https:\/\/www.heldenhaushalt.de\/sari02\/wp-content\/uploads\/2017\/10\/40-04-1-e1507278882965-300x300.jpg 300w, https:\/\/www.heldenhaushalt.de\/sari02\/wp-content\/uploads\/2017\/10\/40-04-1-e1507278882965-768x768.jpg 768w, https:\/\/www.heldenhaushalt.de\/sari02\/wp-content\/uploads\/2017\/10\/40-04-1-e1507278882965-600x600.jpg 600w, https:\/\/www.heldenhaushalt.de\/sari02\/wp-content\/uploads\/2017\/10\/40-04-1-e1507278882965-660x660.jpg 660w, https:\/\/www.heldenhaushalt.de\/sari02\/wp-content\/uploads\/2017\/10\/40-04-1-e1507278882965-373x373.jpg 373w\" sizes=\"auto, (max-width: 800px) 100vw, 800px\" \/><\/p>\n<p><strong>Mein Lieblings-Mama-Moment nur f&#252;r mich<\/strong>&nbsp; \u2013&nbsp; Nachdem nach einem <a href=\"http:\/\/www.heldenhaushalt.de\/sari02\/index.php\/2017\/10\/02\/unser-wib-am-30-09-01-10-2017\/\">sehr aufregenden Wochenende <\/a>mit vielen Menschen im Haus auf einmal ungewohnte Ruhe einkehrte und das sch&#246;ne Wetter sich vorerst verabschiedete, holte mich die Kuschelstimmung so richtig ein. Ich munterte mich selber auf, in dem ich mir zwei neue Kuschelpullis erlaubte und einen gem&#252;tlichen Schal, so dass <a href=\"http:\/\/www.heldenhaushalt.de\/sari02\/index.php\/2017\/10\/03\/wo-ist-das-selbstvertrauen\/\">der Blick in den Spiegel <\/a>wieder etwas gn&#228;diger stimmte und holte die Herbstkissen und Decken f&#252;r das Sofa hervor. Nun wird es gem&#252;tlich. Zeit f&#252;r warmen Kakao am Abend und weg mit dem Eis&#8230;<\/p>\n<p style=\"text-align: center;\">***<\/p>\n<p><img loading=\"lazy\" decoding=\"async\" class=\"aligncenter size-full wp-image-34346\" src=\"http:\/\/www.heldenhaushalt.de\/sari02\/wp-content\/uploads\/2017\/10\/40-04-5.jpg\" alt=\"#Freitags5\" width=\"800\" height=\"800\" srcset=\"https:\/\/www.heldenhaushalt.de\/sari02\/wp-content\/uploads\/2017\/10\/40-04-5.jpg 800w, https:\/\/www.heldenhaushalt.de\/sari02\/wp-content\/uploads\/2017\/10\/40-04-5-150x150.jpg 150w, https:\/\/www.heldenhaushalt.de\/sari02\/wp-content\/uploads\/2017\/10\/40-04-5-300x300.jpg 300w, https:\/\/www.heldenhaushalt.de\/sari02\/wp-content\/uploads\/2017\/10\/40-04-5-768x768.jpg 768w, https:\/\/www.heldenhaushalt.de\/sari02\/wp-content\/uploads\/2017\/10\/40-04-5-600x600.jpg 600w, https:\/\/www.heldenhaushalt.de\/sari02\/wp-content\/uploads\/2017\/10\/40-04-5-660x660.jpg 660w, https:\/\/www.heldenhaushalt.de\/sari02\/wp-content\/uploads\/2017\/10\/40-04-5-373x373.jpg 373w\" sizes=\"auto, (max-width: 800px) 100vw, 800px\" \/><\/p>\n<p><strong>Meine Lieblings-Inspiration der Woche \u2013 <\/strong>Die Kunst von&nbsp;<a href=\"http:\/\/joelletourlonias.blogspot.de\/\" target=\"_blank\" rel=\"noopener\">Joelle Tourlonias<\/a>. Ich liebe ihren Stil total und musste direkt schauen, was noch so alles von ihr ist. Auch sehenswert empfand ich diese Woche in der Blogsph&#228;re folgendes:&nbsp; <a href=\"http:\/\/gkkreativ.blogspot.de\/2017\/10\/socken-selber-nahen.html\" target=\"_blank\" rel=\"noopener\">Socken selber n&#228;hen<\/a> &#8211; <a href=\"http:\/\/www.sabine-seyffert.de\/blog\/?p=11191\" target=\"_blank\" rel=\"noopener\">Herbstliche Rezept Idee<\/a> &#8211; <a href=\"https:\/\/meinfeenstaub.com\/blaetter-teelichthalter\/\" target=\"_blank\" rel=\"noopener\">Bl&#228;tter Teelichthalter aus FIMO<\/a> &#8211; <a href=\"https:\/\/mamaskind.de\/lifestyle\/kinder-beschaeftigung\/diy-linsen-bilder-basteln\/\" target=\"_blank\" rel=\"noopener\">Linsen Bilder mit Kindern basteln<\/a> &#8211; <a href=\"https:\/\/schwesternliebeundwir.de\/kinderessen-lustige-quinoa-riegel-fuer-die-brotdose\/\" target=\"_blank\" rel=\"noopener\">Lustige Quinoa Riegel <\/a>&#8211; <a href=\"http:\/\/mylittleuniverse.de\/kastanienflieger\/\" target=\"_blank\" rel=\"noopener\">Kastanienflieger <\/a>&#8211; <a href=\"http:\/\/familieundstadt.de\/erste-rechenuebungen-zum-ausdrucken\/\" target=\"_blank\" rel=\"noopener\">Erste Rechen&#252;bungen zum Ausdrucken<\/a> &#8211; <a href=\"http:\/\/www.sabine-seyffert.de\/blog\/?p=11179\" target=\"_blank\" rel=\"noopener\">Bl&#228;tter bemalen<\/a> &#8211; <a href=\"http:\/\/www.papieraugen.de\/2017\/09\/kalenderblatt-oktober-2017-freebie.html\" target=\"_blank\" rel=\"noopener\">Kalenderblatt Oktober<\/a><\/p>\n<p style=\"text-align: center;\">***<\/p>\n<p>Ich hoffe das Wetter bessert sich wieder, denn Fu&#223;ball erwartet uns dieses Wochenende. Mehr bildhafte #Freitags5 R&#252;ckblicke gibt es auch heute wieder bei&nbsp;<a href=\"http:\/\/berlinmittemom.com\/2017\/10\/06\/5-freitagslieblinge-am-06-september-2017\/\" target=\"_blank\" rel=\"noopener noreferrer\">BerlinMitteMom<\/a>.<\/p>\n<p><img loading=\"lazy\" decoding=\"async\" class=\" size-full wp-image-24841 alignright\" src=\"https:\/\/www.heldenhaushalt.de\/sari02\/wp-content\/uploads\/2015\/01\/sari-unter.jpg?zoom=1.5&amp;resize=130%2C59\" srcset=\"https:\/\/www.heldenhaushalt.de\/sari02\/wp-content\/uploads\/2015\/01\/sari-unter.jpg?zoom=1.5&amp;resize=130%2C59\" alt=\"sari-unter\" width=\"130\" height=\"59\" data-attachment-id=\"24841\" data-permalink=\"http:\/\/www.heldenhaushalt.de\/sari02\/index.php\/2015\/01\/03\/sich-neu-erfinden\/sari-unter\/\" data-orig-file=\"http:\/\/www.heldenhaushalt.de\/sari02\/wp-content\/uploads\/2015\/01\/sari-unter.jpg\" data-orig-size=\"130,59\" data-comments-opened=\"1\" data-image-meta=\"{&quot;aperture&quot;:&quot;0&quot;,&quot;credit&quot;:&quot;&quot;,&quot;camera&quot;:&quot;&quot;,&quot;caption&quot;:&quot;&quot;,&quot;created_timestamp&quot;:&quot;0&quot;,&quot;copyright&quot;:&quot;&quot;,&quot;focal_length&quot;:&quot;0&quot;,&quot;iso&quot;:&quot;0&quot;,&quot;shutter_speed&quot;:&quot;0&quot;,&quot;title&quot;:&quot;&quot;,&quot;orientation&quot;:&quot;0&quot;}\" data-image-title=\"sari-unter\" data-image-description=\"\" data-medium-file=\"http:\/\/www.heldenhaushalt.de\/sari02\/wp-content\/uploads\/2015\/01\/sari-unter.jpg\" data-large-file=\"http:\/\/www.heldenhaushalt.de\/sari02\/wp-content\/uploads\/2015\/01\/sari-unter.jpg\" data-pin-nopin=\"true\"><\/p>\n<div class=\"sharedaddy sd-sharing-enabled\">\n<div class=\"robots-nocontent sd-block sd-social sd-social-icon sd-sharing\">\n<h3 class=\"sd-title\">&nbsp;<\/h3>\n<\/div>\n<\/div>\n","protected":false},"excerpt":{"rendered":"<p>Gestern hatten wir doch tats&#228;chlich eine Unwetterwarnung. Sturm, Gewitter, viel Regen. So richtig ungem&#252;tlich. Ich war einfach nur froh, dass ich mich am Vortag mit neuen Kuschelsachen eingedeckt hatte. Pulli, Schal, Handschuhe. Die kamen mir dann wie gerufen. Weniger erw&#252;nscht war dann das Drama auf unserem Dach. Was uns sonst noch (regelrecht) bewegt hat heute in unseren #Freitags5 f&#252;r euch. *** Meine #Freitags5 #Freitagslieblinge Meine Lieblingslekt&#252;re der Woche \u2013&nbsp; Wir haben gewonnen. Und zwar ein wirklich wundersch&#246;nes und niedliches Buch von der Hummel Bommel und der Liebe. Das Buch musste ich nun jeden Tag zum Mittagessen vorlesen. Ich habe mich ja direkt in den Stil der Illustratorin verliebt und direkt Lust bekommen selber mal wieder mehr in diese Richtung zu machen. *** Mein Lieblingsessen der Woche \u2013&nbsp; Am Montag waren wir ganz lecker essen. Und zwar in einem chinesischen Restaurant, von dem uns schon so viele vorgeschw&#228;rmt hatten. Es gibt dort ein Mittagssbuffet und es war sehr lecker. Das Restaurant selber war gigantisch gro&#223; und hatte f&#252;r Kinder sogar einen richtigen Indoorspielplatz und ein kleines Kino.&nbsp; *** Mein Lieblingsmoment mit meinen Kindern&nbsp;\u2013 Ich h&#246;rte sie lachen. Laut und herzhaft. Aus dem Zimmer des Minihelden. Wir alle haben das lange Wochenende sehr genossen und besonders die Jungs hatten wieder mal mehr von ihrem Papa. Endlich war da mal die Zeit, um die geliebte Darda Bahn mal wieder aufzubauen. Nachdem sie damit fertig waren h&#246;rte man nur noch das Lachen durch das Haus hallen. Sch&#246;ner als jede Musik&#8230; Auch das Tipi ist wieder im Einsatz und die BRIO Bahn wurde hervor geholt. Die Kinder verfallen langsam in Herbstspielstimmung. Herrlich. *** Mein Lieblings-Mama-Moment nur f&#252;r mich&nbsp; \u2013&nbsp; Nachdem nach einem sehr aufregenden Wochenende mit vielen Menschen im Haus auf einmal ungewohnte Ruhe einkehrte und das sch&#246;ne Wetter sich vorerst verabschiedete, holte mich die Kuschelstimmung so richtig ein. Ich munterte mich selber auf, in dem ich mir zwei neue Kuschelpullis erlaubte und einen gem&#252;tlichen Schal, so dass der Blick in den Spiegel wieder etwas gn&#228;diger stimmte und holte die Herbstkissen und Decken f&#252;r das Sofa hervor. Nun wird es gem&#252;tlich. Zeit f&#252;r warmen Kakao am Abend und weg mit dem Eis&#8230; *** Meine Lieblings-Inspiration der Woche \u2013 Die Kunst von&nbsp;Joelle Tourlonias. Ich liebe ihren Stil total und musste direkt schauen, was noch so alles von ihr ist. Auch sehenswert empfand ich diese Woche in der Blogsph&#228;re folgendes:&nbsp; Socken selber n&#228;hen &#8211; Herbstliche Rezept Idee &#8211; Bl&#228;tter Teelichthalter aus FIMO &#8211; Linsen Bilder mit Kindern basteln &#8211; Lustige Quinoa Riegel &#8211; Kastanienflieger &#8211; Erste Rechen&#252;bungen zum Ausdrucken &#8211; Bl&#228;tter bemalen &#8211; Kalenderblatt Oktober *** Ich hoffe das Wetter bessert sich wieder, denn Fu&#223;ball erwartet uns dieses Wochenende. Mehr bildhafte #Freitags5 R&#252;ckblicke gibt es auch heute wieder bei&nbsp;BerlinMitteMom. &nbsp;<\/p>\n","protected":false},"author":1,"featured_media":34346,"comment_status":"open","ping_status":"open","sticky":false,"template":"","format":"standard","meta":{"ngg_post_thumbnail":0,"footnotes":""},"categories":[323,49],"tags":[780,781,45,871,69,418,81],"class_list":["post-34337","post","type-post","status-publish","format-standard","has-post-thumbnail","hentry","category-alltag","category-blogspaehre","tag-freitags5","tag-freitagslieblinge","tag-alltag","tag-berlin-mitte-mom","tag-familie","tag-herbst","tag-kinder"],"yoast_head":"<!-- This site is optimized with the Yoast SEO plugin v27.5 - https:\/\/yoast.com\/product\/yoast-seo-wordpress\/ -->\n<title>#Freitags5 \u2013 5 Tage 5 Fotos im Oktober #01 - Heldenhaushalt<\/title>\n<meta name=\"description\" content=\"Die kamen mir dann wie gerufen. Was uns sonst noch (regelrecht) bewegt hat heute in unseren #Freitags5 f\u00fcr euch.\" \/>\n<meta name=\"robots\" content=\"index, follow, max-snippet:-1, max-image-preview:large, max-video-preview:-1\" \/>\n<link rel=\"canonical\" href=\"https:\/\/www.heldenhaushalt.de\/sari02\/index.php\/2017\/10\/06\/freitags5-5-tage-5-fotos-im-oktober-01-2\/\" \/>\n<meta property=\"og:locale\" content=\"de_DE\" \/>\n<meta property=\"og:type\" content=\"article\" \/>\n<meta property=\"og:title\" content=\"#Freitags5 \u2013 5 Tage 5 Fotos im Oktober #01 - Heldenhaushalt\" \/>\n<meta property=\"og:description\" content=\"Die kamen mir dann wie gerufen. Was uns sonst noch (regelrecht) bewegt hat heute in unseren #Freitags5 f\u00fcr euch.\" \/>\n<meta property=\"og:url\" content=\"https:\/\/www.heldenhaushalt.de\/sari02\/index.php\/2017\/10\/06\/freitags5-5-tage-5-fotos-im-oktober-01-2\/\" \/>\n<meta property=\"og:site_name\" content=\"Heldenhaushalt\" \/>\n<meta property=\"article:published_time\" content=\"2017-10-06T08:30:08+00:00\" \/>\n<meta property=\"article:modified_time\" content=\"2017-10-06T12:01:37+00:00\" \/>\n<meta property=\"og:image\" content=\"https:\/\/www.heldenhaushalt.de\/sari02\/wp-content\/uploads\/2017\/10\/40-04-5.jpg\" \/>\n\t<meta property=\"og:image:width\" content=\"800\" \/>\n\t<meta property=\"og:image:height\" content=\"800\" \/>\n\t<meta property=\"og:image:type\" content=\"image\/jpeg\" \/>\n<meta name=\"author\" content=\"Sari\" \/>\n<meta name=\"twitter:card\" content=\"summary_large_image\" \/>\n<meta name=\"twitter:creator\" content=\"@Heldenhaushalt\" \/>\n<meta name=\"twitter:site\" content=\"@Heldenhaushalt\" \/>\n<meta name=\"twitter:label1\" content=\"Verfasst von\" \/>\n\t<meta name=\"twitter:data1\" content=\"Sari\" \/>\n\t<meta name=\"twitter:label2\" content=\"Gesch\u00e4tzte Lesezeit\" \/>\n\t<meta name=\"twitter:data2\" content=\"2\u00a0Minuten\" \/>\n<script type=\"application\/ld+json\" class=\"yoast-schema-graph\">{\"@context\":\"https:\\\/\\\/schema.org\",\"@graph\":[{\"@type\":\"Article\",\"@id\":\"https:\\\/\\\/www.heldenhaushalt.de\\\/sari02\\\/index.php\\\/2017\\\/10\\\/06\\\/freitags5-5-tage-5-fotos-im-oktober-01-2\\\/#article\",\"isPartOf\":{\"@id\":\"https:\\\/\\\/www.heldenhaushalt.de\\\/sari02\\\/index.php\\\/2017\\\/10\\\/06\\\/freitags5-5-tage-5-fotos-im-oktober-01-2\\\/\"},\"author\":{\"name\":\"Sari\",\"@id\":\"https:\\\/\\\/www.heldenhaushalt.de\\\/sari02\\\/#\\\/schema\\\/person\\\/a1cc69f42a01f412eb62c151353814f6\"},\"headline\":\"#Freitags5 \u2013 5 Tage 5 Fotos im Oktober #01\",\"datePublished\":\"2017-10-06T08:30:08+00:00\",\"dateModified\":\"2017-10-06T12:01:37+00:00\",\"mainEntityOfPage\":{\"@id\":\"https:\\\/\\\/www.heldenhaushalt.de\\\/sari02\\\/index.php\\\/2017\\\/10\\\/06\\\/freitags5-5-tage-5-fotos-im-oktober-01-2\\\/\"},\"wordCount\":484,\"commentCount\":2,\"publisher\":{\"@id\":\"https:\\\/\\\/www.heldenhaushalt.de\\\/sari02\\\/#\\\/schema\\\/person\\\/a1cc69f42a01f412eb62c151353814f6\"},\"image\":{\"@id\":\"https:\\\/\\\/www.heldenhaushalt.de\\\/sari02\\\/index.php\\\/2017\\\/10\\\/06\\\/freitags5-5-tage-5-fotos-im-oktober-01-2\\\/#primaryimage\"},\"thumbnailUrl\":\"https:\\\/\\\/www.heldenhaushalt.de\\\/sari02\\\/wp-content\\\/uploads\\\/2017\\\/10\\\/40-04-5.jpg\",\"keywords\":[\"#Freitags5\",\"#Freitagslieblinge\",\"Allt\u00e4glich\",\"Berlin Mitte Mom\",\"Familie\",\"Herbst\",\"Kinder\"],\"articleSection\":[\"Alltagschaos\",\"Blogsph\u00e4re\"],\"inLanguage\":\"de\",\"potentialAction\":[{\"@type\":\"CommentAction\",\"name\":\"Comment\",\"target\":[\"https:\\\/\\\/www.heldenhaushalt.de\\\/sari02\\\/index.php\\\/2017\\\/10\\\/06\\\/freitags5-5-tage-5-fotos-im-oktober-01-2\\\/#respond\"]}]},{\"@type\":\"WebPage\",\"@id\":\"https:\\\/\\\/www.heldenhaushalt.de\\\/sari02\\\/index.php\\\/2017\\\/10\\\/06\\\/freitags5-5-tage-5-fotos-im-oktober-01-2\\\/\",\"url\":\"https:\\\/\\\/www.heldenhaushalt.de\\\/sari02\\\/index.php\\\/2017\\\/10\\\/06\\\/freitags5-5-tage-5-fotos-im-oktober-01-2\\\/\",\"name\":\"#Freitags5 \u2013 5 Tage 5 Fotos im Oktober #01 - Heldenhaushalt\",\"isPartOf\":{\"@id\":\"https:\\\/\\\/www.heldenhaushalt.de\\\/sari02\\\/#website\"},\"primaryImageOfPage\":{\"@id\":\"https:\\\/\\\/www.heldenhaushalt.de\\\/sari02\\\/index.php\\\/2017\\\/10\\\/06\\\/freitags5-5-tage-5-fotos-im-oktober-01-2\\\/#primaryimage\"},\"image\":{\"@id\":\"https:\\\/\\\/www.heldenhaushalt.de\\\/sari02\\\/index.php\\\/2017\\\/10\\\/06\\\/freitags5-5-tage-5-fotos-im-oktober-01-2\\\/#primaryimage\"},\"thumbnailUrl\":\"https:\\\/\\\/www.heldenhaushalt.de\\\/sari02\\\/wp-content\\\/uploads\\\/2017\\\/10\\\/40-04-5.jpg\",\"datePublished\":\"2017-10-06T08:30:08+00:00\",\"dateModified\":\"2017-10-06T12:01:37+00:00\",\"description\":\"Die kamen mir dann wie gerufen. Was uns sonst noch (regelrecht) bewegt hat heute in unseren #Freitags5 f\u00fcr euch.\",\"breadcrumb\":{\"@id\":\"https:\\\/\\\/www.heldenhaushalt.de\\\/sari02\\\/index.php\\\/2017\\\/10\\\/06\\\/freitags5-5-tage-5-fotos-im-oktober-01-2\\\/#breadcrumb\"},\"inLanguage\":\"de\",\"potentialAction\":[{\"@type\":\"ReadAction\",\"target\":[\"https:\\\/\\\/www.heldenhaushalt.de\\\/sari02\\\/index.php\\\/2017\\\/10\\\/06\\\/freitags5-5-tage-5-fotos-im-oktober-01-2\\\/\"]}]},{\"@type\":\"ImageObject\",\"inLanguage\":\"de\",\"@id\":\"https:\\\/\\\/www.heldenhaushalt.de\\\/sari02\\\/index.php\\\/2017\\\/10\\\/06\\\/freitags5-5-tage-5-fotos-im-oktober-01-2\\\/#primaryimage\",\"url\":\"https:\\\/\\\/www.heldenhaushalt.de\\\/sari02\\\/wp-content\\\/uploads\\\/2017\\\/10\\\/40-04-5.jpg\",\"contentUrl\":\"https:\\\/\\\/www.heldenhaushalt.de\\\/sari02\\\/wp-content\\\/uploads\\\/2017\\\/10\\\/40-04-5.jpg\",\"width\":800,\"height\":800,\"caption\":\"#Freitags5\"},{\"@type\":\"BreadcrumbList\",\"@id\":\"https:\\\/\\\/www.heldenhaushalt.de\\\/sari02\\\/index.php\\\/2017\\\/10\\\/06\\\/freitags5-5-tage-5-fotos-im-oktober-01-2\\\/#breadcrumb\",\"itemListElement\":[{\"@type\":\"ListItem\",\"position\":1,\"name\":\"Startseite\",\"item\":\"https:\\\/\\\/www.heldenhaushalt.de\\\/sari02\\\/\"},{\"@type\":\"ListItem\",\"position\":2,\"name\":\"#Freitags5 \u2013 5 Tage 5 Fotos im Oktober #01\"}]},{\"@type\":\"WebSite\",\"@id\":\"https:\\\/\\\/www.heldenhaushalt.de\\\/sari02\\\/#website\",\"url\":\"https:\\\/\\\/www.heldenhaushalt.de\\\/sari02\\\/\",\"name\":\"Heldenhaushalt\",\"description\":\"Wer es ordentlich haben will, der muss vorher anrufen\",\"publisher\":{\"@id\":\"https:\\\/\\\/www.heldenhaushalt.de\\\/sari02\\\/#\\\/schema\\\/person\\\/a1cc69f42a01f412eb62c151353814f6\"},\"potentialAction\":[{\"@type\":\"SearchAction\",\"target\":{\"@type\":\"EntryPoint\",\"urlTemplate\":\"https:\\\/\\\/www.heldenhaushalt.de\\\/sari02\\\/?s={search_term_string}\"},\"query-input\":{\"@type\":\"PropertyValueSpecification\",\"valueRequired\":true,\"valueName\":\"search_term_string\"}}],\"inLanguage\":\"de\"},{\"@type\":[\"Person\",\"Organization\"],\"@id\":\"https:\\\/\\\/www.heldenhaushalt.de\\\/sari02\\\/#\\\/schema\\\/person\\\/a1cc69f42a01f412eb62c151353814f6\",\"name\":\"Sari\",\"image\":{\"@type\":\"ImageObject\",\"inLanguage\":\"de\",\"@id\":\"https:\\\/\\\/www.heldenhaushalt.de\\\/sari02\\\/wp-content\\\/uploads\\\/2019\\\/02\\\/sari-april2018.png\",\"url\":\"https:\\\/\\\/www.heldenhaushalt.de\\\/sari02\\\/wp-content\\\/uploads\\\/2019\\\/02\\\/sari-april2018.png\",\"contentUrl\":\"https:\\\/\\\/www.heldenhaushalt.de\\\/sari02\\\/wp-content\\\/uploads\\\/2019\\\/02\\\/sari-april2018.png\",\"width\":500,\"height\":500,\"caption\":\"Sari\"},\"logo\":{\"@id\":\"https:\\\/\\\/www.heldenhaushalt.de\\\/sari02\\\/wp-content\\\/uploads\\\/2019\\\/02\\\/sari-april2018.png\"},\"description\":\"Frau Mondgras \u2013 Das bin ich, Sari. Gerne auch als Sari Mondgras bekannt und im Internet zu finden. 2-Fach-Mutter, Heldenehefrau, Kreativling, Harmonies\u00fcchtig und st\u00e4ndig auf der Suche nach Gl\u00fcck. Ich komme aus Berlin, bin hier aufgewachsen und lebe hier seit ich denken kann.\",\"sameAs\":[\"https:\\\/\\\/www.instagram.com\\\/heldenhaushalt\\\/\"],\"url\":\"https:\\\/\\\/www.heldenhaushalt.de\\\/sari02\\\/index.php\\\/author\\\/admin\\\/\"}]}<\/script>\n<!-- \/ Yoast SEO plugin. -->","yoast_head_json":{"title":"#Freitags5 \u2013 5 Tage 5 Fotos im Oktober #01 - Heldenhaushalt","description":"Die kamen mir dann wie gerufen. Was uns sonst noch (regelrecht) bewegt hat heute in unseren #Freitags5 f\u00fcr euch.","robots":{"index":"index","follow":"follow","max-snippet":"max-snippet:-1","max-image-preview":"max-image-preview:large","max-video-preview":"max-video-preview:-1"},"canonical":"https:\/\/www.heldenhaushalt.de\/sari02\/index.php\/2017\/10\/06\/freitags5-5-tage-5-fotos-im-oktober-01-2\/","og_locale":"de_DE","og_type":"article","og_title":"#Freitags5 \u2013 5 Tage 5 Fotos im Oktober #01 - Heldenhaushalt","og_description":"Die kamen mir dann wie gerufen. Was uns sonst noch (regelrecht) bewegt hat heute in unseren #Freitags5 f\u00fcr euch.","og_url":"https:\/\/www.heldenhaushalt.de\/sari02\/index.php\/2017\/10\/06\/freitags5-5-tage-5-fotos-im-oktober-01-2\/","og_site_name":"Heldenhaushalt","article_published_time":"2017-10-06T08:30:08+00:00","article_modified_time":"2017-10-06T12:01:37+00:00","og_image":[{"width":800,"height":800,"url":"https:\/\/www.heldenhaushalt.de\/sari02\/wp-content\/uploads\/2017\/10\/40-04-5.jpg","type":"image\/jpeg"}],"author":"Sari","twitter_card":"summary_large_image","twitter_creator":"@Heldenhaushalt","twitter_site":"@Heldenhaushalt","twitter_misc":{"Verfasst von":"Sari","Gesch\u00e4tzte Lesezeit":"2\u00a0Minuten"},"schema":{"@context":"https:\/\/schema.org","@graph":[{"@type":"Article","@id":"https:\/\/www.heldenhaushalt.de\/sari02\/index.php\/2017\/10\/06\/freitags5-5-tage-5-fotos-im-oktober-01-2\/#article","isPartOf":{"@id":"https:\/\/www.heldenhaushalt.de\/sari02\/index.php\/2017\/10\/06\/freitags5-5-tage-5-fotos-im-oktober-01-2\/"},"author":{"name":"Sari","@id":"https:\/\/www.heldenhaushalt.de\/sari02\/#\/schema\/person\/a1cc69f42a01f412eb62c151353814f6"},"headline":"#Freitags5 \u2013 5 Tage 5 Fotos im Oktober #01","datePublished":"2017-10-06T08:30:08+00:00","dateModified":"2017-10-06T12:01:37+00:00","mainEntityOfPage":{"@id":"https:\/\/www.heldenhaushalt.de\/sari02\/index.php\/2017\/10\/06\/freitags5-5-tage-5-fotos-im-oktober-01-2\/"},"wordCount":484,"commentCount":2,"publisher":{"@id":"https:\/\/www.heldenhaushalt.de\/sari02\/#\/schema\/person\/a1cc69f42a01f412eb62c151353814f6"},"image":{"@id":"https:\/\/www.heldenhaushalt.de\/sari02\/index.php\/2017\/10\/06\/freitags5-5-tage-5-fotos-im-oktober-01-2\/#primaryimage"},"thumbnailUrl":"https:\/\/www.heldenhaushalt.de\/sari02\/wp-content\/uploads\/2017\/10\/40-04-5.jpg","keywords":["#Freitags5","#Freitagslieblinge","Allt\u00e4glich","Berlin Mitte Mom","Familie","Herbst","Kinder"],"articleSection":["Alltagschaos","Blogsph\u00e4re"],"inLanguage":"de","potentialAction":[{"@type":"CommentAction","name":"Comment","target":["https:\/\/www.heldenhaushalt.de\/sari02\/index.php\/2017\/10\/06\/freitags5-5-tage-5-fotos-im-oktober-01-2\/#respond"]}]},{"@type":"WebPage","@id":"https:\/\/www.heldenhaushalt.de\/sari02\/index.php\/2017\/10\/06\/freitags5-5-tage-5-fotos-im-oktober-01-2\/","url":"https:\/\/www.heldenhaushalt.de\/sari02\/index.php\/2017\/10\/06\/freitags5-5-tage-5-fotos-im-oktober-01-2\/","name":"#Freitags5 \u2013 5 Tage 5 Fotos im Oktober #01 - Heldenhaushalt","isPartOf":{"@id":"https:\/\/www.heldenhaushalt.de\/sari02\/#website"},"primaryImageOfPage":{"@id":"https:\/\/www.heldenhaushalt.de\/sari02\/index.php\/2017\/10\/06\/freitags5-5-tage-5-fotos-im-oktober-01-2\/#primaryimage"},"image":{"@id":"https:\/\/www.heldenhaushalt.de\/sari02\/index.php\/2017\/10\/06\/freitags5-5-tage-5-fotos-im-oktober-01-2\/#primaryimage"},"thumbnailUrl":"https:\/\/www.heldenhaushalt.de\/sari02\/wp-content\/uploads\/2017\/10\/40-04-5.jpg","datePublished":"2017-10-06T08:30:08+00:00","dateModified":"2017-10-06T12:01:37+00:00","description":"Die kamen mir dann wie gerufen. Was uns sonst noch (regelrecht) bewegt hat heute in unseren #Freitags5 f\u00fcr euch.","breadcrumb":{"@id":"https:\/\/www.heldenhaushalt.de\/sari02\/index.php\/2017\/10\/06\/freitags5-5-tage-5-fotos-im-oktober-01-2\/#breadcrumb"},"inLanguage":"de","potentialAction":[{"@type":"ReadAction","target":["https:\/\/www.heldenhaushalt.de\/sari02\/index.php\/2017\/10\/06\/freitags5-5-tage-5-fotos-im-oktober-01-2\/"]}]},{"@type":"ImageObject","inLanguage":"de","@id":"https:\/\/www.heldenhaushalt.de\/sari02\/index.php\/2017\/10\/06\/freitags5-5-tage-5-fotos-im-oktober-01-2\/#primaryimage","url":"https:\/\/www.heldenhaushalt.de\/sari02\/wp-content\/uploads\/2017\/10\/40-04-5.jpg","contentUrl":"https:\/\/www.heldenhaushalt.de\/sari02\/wp-content\/uploads\/2017\/10\/40-04-5.jpg","width":800,"height":800,"caption":"#Freitags5"},{"@type":"BreadcrumbList","@id":"https:\/\/www.heldenhaushalt.de\/sari02\/index.php\/2017\/10\/06\/freitags5-5-tage-5-fotos-im-oktober-01-2\/#breadcrumb","itemListElement":[{"@type":"ListItem","position":1,"name":"Startseite","item":"https:\/\/www.heldenhaushalt.de\/sari02\/"},{"@type":"ListItem","position":2,"name":"#Freitags5 \u2013 5 Tage 5 Fotos im Oktober #01"}]},{"@type":"WebSite","@id":"https:\/\/www.heldenhaushalt.de\/sari02\/#website","url":"https:\/\/www.heldenhaushalt.de\/sari02\/","name":"Heldenhaushalt","description":"Wer es ordentlich haben will, der muss vorher anrufen","publisher":{"@id":"https:\/\/www.heldenhaushalt.de\/sari02\/#\/schema\/person\/a1cc69f42a01f412eb62c151353814f6"},"potentialAction":[{"@type":"SearchAction","target":{"@type":"EntryPoint","urlTemplate":"https:\/\/www.heldenhaushalt.de\/sari02\/?s={search_term_string}"},"query-input":{"@type":"PropertyValueSpecification","valueRequired":true,"valueName":"search_term_string"}}],"inLanguage":"de"},{"@type":["Person","Organization"],"@id":"https:\/\/www.heldenhaushalt.de\/sari02\/#\/schema\/person\/a1cc69f42a01f412eb62c151353814f6","name":"Sari","image":{"@type":"ImageObject","inLanguage":"de","@id":"https:\/\/www.heldenhaushalt.de\/sari02\/wp-content\/uploads\/2019\/02\/sari-april2018.png","url":"https:\/\/www.heldenhaushalt.de\/sari02\/wp-content\/uploads\/2019\/02\/sari-april2018.png","contentUrl":"https:\/\/www.heldenhaushalt.de\/sari02\/wp-content\/uploads\/2019\/02\/sari-april2018.png","width":500,"height":500,"caption":"Sari"},"logo":{"@id":"https:\/\/www.heldenhaushalt.de\/sari02\/wp-content\/uploads\/2019\/02\/sari-april2018.png"},"description":"Frau Mondgras \u2013 Das bin ich, Sari. Gerne auch als Sari Mondgras bekannt und im Internet zu finden. 2-Fach-Mutter, Heldenehefrau, Kreativling, Harmonies\u00fcchtig und st\u00e4ndig auf der Suche nach Gl\u00fcck. Ich komme aus Berlin, bin hier aufgewachsen und lebe hier seit ich denken kann.","sameAs":["https:\/\/www.instagram.com\/heldenhaushalt\/"],"url":"https:\/\/www.heldenhaushalt.de\/sari02\/index.php\/author\/admin\/"}]}},"views":4157,"_links":{"self":[{"href":"https:\/\/www.heldenhaushalt.de\/sari02\/index.php\/wp-json\/wp\/v2\/posts\/34337","targetHints":{"allow":["GET"]}}],"collection":[{"href":"https:\/\/www.heldenhaushalt.de\/sari02\/index.php\/wp-json\/wp\/v2\/posts"}],"about":[{"href":"https:\/\/www.heldenhaushalt.de\/sari02\/index.php\/wp-json\/wp\/v2\/types\/post"}],"author":[{"embeddable":true,"href":"https:\/\/www.heldenhaushalt.de\/sari02\/index.php\/wp-json\/wp\/v2\/users\/1"}],"replies":[{"embeddable":true,"href":"https:\/\/www.heldenhaushalt.de\/sari02\/index.php\/wp-json\/wp\/v2\/comments?post=34337"}],"version-history":[{"count":4,"href":"https:\/\/www.heldenhaushalt.de\/sari02\/index.php\/wp-json\/wp\/v2\/posts\/34337\/revisions"}],"predecessor-version":[{"id":34351,"href":"https:\/\/www.heldenhaushalt.de\/sari02\/index.php\/wp-json\/wp\/v2\/posts\/34337\/revisions\/34351"}],"wp:featuredmedia":[{"embeddable":true,"href":"https:\/\/www.heldenhaushalt.de\/sari02\/index.php\/wp-json\/wp\/v2\/media\/34346"}],"wp:attachment":[{"href":"https:\/\/www.heldenhaushalt.de\/sari02\/index.php\/wp-json\/wp\/v2\/media?parent=34337"}],"wp:term":[{"taxonomy":"category","embeddable":true,"href":"https:\/\/www.heldenhaushalt.de\/sari02\/index.php\/wp-json\/wp\/v2\/categories?post=34337"},{"taxonomy":"post_tag","embeddable":true,"href":"https:\/\/www.heldenhaushalt.de\/sari02\/index.php\/wp-json\/wp\/v2\/tags?post=34337"}],"curies":[{"name":"wp","href":"https:\/\/api.w.org\/{rel}","templated":true}]}}