{"id":34662,"date":"2017-10-31T10:30:17","date_gmt":"2017-10-31T09:30:17","guid":{"rendered":"http:\/\/www.heldenhaushalt.de\/sari02\/?p=34662"},"modified":"2017-10-31T10:33:08","modified_gmt":"2017-10-31T09:33:08","slug":"gruselig-halloween-2017","status":"publish","type":"post","link":"https:\/\/www.heldenhaushalt.de\/sari02\/index.php\/2017\/10\/31\/gruselig-halloween-2017\/","title":{"rendered":"Mein Kind gruselt sich nicht gerne #Halloween2017"},"content":{"rendered":"<p>Jedes Jahr wieder befindet sich mein Kind in einem inneren Zwiespalt. Kennt ihr das? Im Grunde freut es sich schon das ganze Jahr auf Halloween. Es plant sein Kost&#252;m, kann es kaum erwarten durch die Stra&#223;en zu ziehen und am Ende des Tages dann in die S&#252;&#223;igkeiten zu greifen, um sich den Bauch voll zu schlagen.<\/p>\n<h2>Happy Halloween, ihr Lieben!<\/h2>\n<p>Heute ist es also wieder soweit. Es ist Halloween. Also eigentlich ist ja Reformationstag, aber das interessiert hier irgendwie kaum noch jemanden. Aus kindlicher Sicht kann ich das mehr als gut verstehen, Kirche? H&#228;? Da ist es doch viel cooler lustig verkleidet ein paar S&#252;&#223;igkeiten zu bekommen. Das h&#228;tte mir definitiv fr&#252;her auch gut gefallen. Verkleiden, das mache ich (im Gegensatz zum Helden) n&#228;mlich auch heute noch sehr gerne.<\/p>\n<figure style=\"width: 709px\" class=\"wp-caption aligncenter\"><img loading=\"lazy\" decoding=\"async\" src=\"http:\/\/www.heldenhaushalt.de\/sari02\/wp-content\/uploads\/2016\/11\/hallo02.jpg\" alt=\"Halloween\" width=\"709\" height=\"399\"><figcaption class=\"wp-caption-text\">Halloween 2016 &#8211; Pikachu auf S&#252;&#223;igkeitentour<\/figcaption><\/figure>\n<p>Letztes Jahr zum Beispiel sind der Miniheld und ich als Stitch und Pikachu um die H&#228;user gezogen. Das Heldenkind war dick eingepackt im Kinderwagen und dieser mit Lichterketten geschm&#252;ckt, damit er in der Gruselnacht gut zu sehen ist.<\/p>\n<h2>Aber irgendwie mag ich Halloween auch nicht!<\/h2>\n<p>Ich mag es nicht, dass vielen Kinder irgendwie vermittelt wird (wie auch immer), dass es richtig ist zu strafen, wenn man ihnen nichts gibt. Man muss schon offen f&#252;r so etwas sein, meint ihr nicht? Ein Jahr war unsere Haust&#252;r mit irgendeinem silbrigen Zeug eingeschmiert, das nach faulen Eiern roch. <a href=\"http:\/\/www.heldenhaushalt.de\/sari02\/index.php\/2013\/11\/04\/warum-mich-halloween-eigentlich-nervt\/\">Das ist nicht nur ekelig, sondern auch noch &#252;berfl&#252;ssig.<\/a> Wir waren n&#228;mlich zu Hause, hatten sogar S&#252;&#223;igkeiten da und einen K&#252;rbis im Fenster stehen, damit man wusste, dass wir bereit f&#252;r gruselige Monster sind. Dennoch wurde unser Wohnhaus angeschmiert und wenn es so l&#228;uft, dann stimmt da etwas nicht.<\/p>\n<p>Wir haben eine Stra&#223;e, die wir gerne jedes Jahr ablaufen. Die Anwohner geben sich wirklich sehr viel M&#252;he. Sie verkleiden sich aufw&#228;ndig und die H&#228;user sind wirklich toll geschm&#252;ckt. ABER&#8230;sie m&#252;ssen eben auch Kiloweise S&#252;&#223;igkeiten kaufen, die sie dann UMSONST verteilen. Das finde ich gro&#223;artig, dass sie das machen. F&#252;r die Kinder vor allem. Schade finde ich, wenn mir einer dieser Anwohner dann erz&#228;hlt, dass inzwischen ganze Reisebusse angefahren kommen, die Kinder schnell alles einmal abgrasen und sich dann am Ende noch beschweren, wenn nach einer Stunde alles leer ist.&nbsp;<\/p>\n<p><img loading=\"lazy\" decoding=\"async\" class=\"aligncenter size-full wp-image-34668\" src=\"http:\/\/www.heldenhaushalt.de\/sari02\/wp-content\/uploads\/2017\/10\/halloween2017-01.jpg\" alt=\"Halloween\" width=\"1000\" height=\"651\" srcset=\"https:\/\/www.heldenhaushalt.de\/sari02\/wp-content\/uploads\/2017\/10\/halloween2017-01.jpg 1000w, https:\/\/www.heldenhaushalt.de\/sari02\/wp-content\/uploads\/2017\/10\/halloween2017-01-300x195.jpg 300w, https:\/\/www.heldenhaushalt.de\/sari02\/wp-content\/uploads\/2017\/10\/halloween2017-01-768x500.jpg 768w, https:\/\/www.heldenhaushalt.de\/sari02\/wp-content\/uploads\/2017\/10\/halloween2017-01-600x391.jpg 600w\" sizes=\"auto, (max-width: 1000px) 100vw, 1000px\" \/><\/p>\n<p>Ein Jahr kamen wir auch mal dort hin und nichts war mehr da. Schade, wenn die Kinder, die aus der direkten Umgebung kommen und die Leute auch noch kennen, selber so gar nichts davon haben k&#246;nnen. Aber gut. Das sind so verschiedene Aspekte und ich finde ein bisschen Klopapier an der T&#252;r reicht als &#8220;Strafe&#8221; absolut aus. Vielleicht ist auch noch Zahnpasta an der T&#252;rklinke ganz lustig, aber letztendlich denke ich immer: Jeder so wie er m&#246;chte. Und wenn nicht jeder bei Halloween dabei sein m&#246;chte, dann sollte das ok sein.&nbsp;<\/p>\n<h2>Es muss auch nicht immer gruselig sein, oder?<\/h2>\n<p>Aufmerksame Leser haben es sicher bemerkt: Der Miniheld ging als Pikachu. Das ist doch nicht gruselig, werdet ihr jetzt denken. Nein ist es nicht, aber daf&#252;r f&#252;hlte mein Kind sich in seinem Kost&#252;m wohl. Denn obwohl Halloween ihm so als Event wirklich gut gef&#228;llt, kommt er mit gruseligen Sachen nicht so gut zurecht. Er meidet zum Beispiel die Haust&#252;ren, die ihm zu gruselig geschm&#252;ckt sind. Manche gehen ja regelrecht auf in diesem Thema und &#252;bertreffen sich selbst mit Kost&#252;mierung und Deko. Das ist schon ziemlich beeindruckend.<\/p>\n<p>Prinzessin, Ritter und Pirat haben an Halloween meiner Meinung nach aber genauso ihre Daseinsberechtigung, wie Monster, Hexe und Vampir. <a href=\"http:\/\/www.heldenhaushalt.de\/sari02\/index.php\/2016\/11\/06\/halloween-2016\/\">Der Spa&#223; liegt im Verkleiden und gemeinsam einen besonderen Abend erleben, oder?<\/a><\/p>\n<h2>Nat&#252;rlich werden wir auch heute Abend wieder los ziehen.<\/h2>\n<p><strong>F&#252;r den Minihelden ist schon lange klar:<\/strong> Er ist dieses Jahr eine Fledermaus. Wir nutzen daf&#252;r den Fleeceumhang, <a href=\"http:\/\/www.heldenhaushalt.de\/sari02\/index.php\/2015\/10\/10\/zur-probe-mein-kind-geht-zu-halloween-als-fledermaus-verlosung\/\">den ich vor einiger Zeit mal gen&#228;ht habe<\/a>. Den kann er bei dem eisigen Wetter prima einfach dr&#252;ber ziehen und friert so dann auch nicht. Das Heldenkind wird dieses Jahr das erste Mal selber mitlaufen anstatt im Wagen zu sitzen und ein kleines B&#228;rencape liegt auch f&#252;r ihn bereit (&#8220;Mama, B&#228;&#228;&#228;r&#8230;.wuaaaaah!&#8221;).<\/p>\n<p><img loading=\"lazy\" decoding=\"async\" class=\"aligncenter size-full wp-image-34669\" src=\"http:\/\/www.heldenhaushalt.de\/sari02\/wp-content\/uploads\/2017\/10\/halloween2017-02.jpg\" alt=\"Halloween\" width=\"1000\" height=\"713\" srcset=\"https:\/\/www.heldenhaushalt.de\/sari02\/wp-content\/uploads\/2017\/10\/halloween2017-02.jpg 1000w, https:\/\/www.heldenhaushalt.de\/sari02\/wp-content\/uploads\/2017\/10\/halloween2017-02-300x214.jpg 300w, https:\/\/www.heldenhaushalt.de\/sari02\/wp-content\/uploads\/2017\/10\/halloween2017-02-768x548.jpg 768w, https:\/\/www.heldenhaushalt.de\/sari02\/wp-content\/uploads\/2017\/10\/halloween2017-02-600x428.jpg 600w\" sizes=\"auto, (max-width: 1000px) 100vw, 1000px\" \/><\/p>\n<p>Ich werde wahrscheinlich dieses Jahr auf meinen Totoro Jumpsuit und die pinke Per&#252;cke zur&#252;ck greifen und dann mal sehen, wie es in diesem Jahr so l&#228;uft.<\/p>\n<p>Und? Wie ist das bei euch? Pro oder Contra Halloween? Mit ganz viel Aufwand oder eher schnell und einfach oder lasst ihr es gar ganz sein? Habt ihr S&#252;&#223;igkeiten parat? Wie wird euer Abend verlaufen?<\/p>\n<p><img decoding=\"async\" class=\"alignright\" src=\"https:\/\/www.heldenhaushalt.de \/sari02\/wp-content\/uploads\/2015\/01\/sari-unter.jpg?zoom=1.5&amp;resize=130%2C59\" alt=\"sari-unter\"><\/p>\n","protected":false},"excerpt":{"rendered":"<p>Jedes Jahr wieder befindet sich mein Kind in einem inneren Zwiespalt. Kennt ihr das? Im Grunde freut es sich schon das ganze Jahr auf Halloween. Es plant sein Kost&#252;m, kann es kaum erwarten durch die Stra&#223;en zu ziehen und am Ende des Tages dann in die S&#252;&#223;igkeiten zu greifen, um sich den Bauch voll zu schlagen. Happy Halloween, ihr Lieben! Heute ist es also wieder soweit. Es ist Halloween. Also eigentlich ist ja Reformationstag, aber das interessiert hier irgendwie kaum noch jemanden. Aus kindlicher Sicht kann ich das mehr als gut verstehen, Kirche? H&#228;? Da ist es doch viel cooler lustig verkleidet ein paar S&#252;&#223;igkeiten zu bekommen. Das h&#228;tte mir definitiv fr&#252;her auch gut gefallen. Verkleiden, das mache ich (im Gegensatz zum Helden) n&#228;mlich auch heute noch sehr gerne. Letztes Jahr zum Beispiel sind der Miniheld und ich als Stitch und Pikachu um die H&#228;user gezogen. Das Heldenkind war dick eingepackt im Kinderwagen und dieser mit Lichterketten geschm&#252;ckt, damit er in der Gruselnacht gut zu sehen ist. Aber irgendwie mag ich Halloween auch nicht! Ich mag es nicht, dass vielen Kinder irgendwie vermittelt wird (wie auch immer), dass es richtig ist zu strafen, wenn man ihnen nichts gibt. Man muss schon offen f&#252;r so etwas sein, meint ihr nicht? Ein Jahr war unsere Haust&#252;r mit irgendeinem silbrigen Zeug eingeschmiert, das nach faulen Eiern roch. Das ist nicht nur ekelig, sondern auch noch &#252;berfl&#252;ssig. Wir waren n&#228;mlich zu Hause, hatten sogar S&#252;&#223;igkeiten da und einen K&#252;rbis im Fenster stehen, damit man wusste, dass wir bereit f&#252;r gruselige Monster sind. Dennoch wurde unser Wohnhaus angeschmiert und wenn es so l&#228;uft, dann stimmt da etwas nicht. Wir haben eine Stra&#223;e, die wir gerne jedes Jahr ablaufen. Die Anwohner geben sich wirklich sehr viel M&#252;he. Sie verkleiden sich aufw&#228;ndig und die H&#228;user sind wirklich toll geschm&#252;ckt. ABER&#8230;sie m&#252;ssen eben auch Kiloweise S&#252;&#223;igkeiten kaufen, die sie dann UMSONST verteilen. Das finde ich gro&#223;artig, dass sie das machen. F&#252;r die Kinder vor allem. Schade finde ich, wenn mir einer dieser Anwohner dann erz&#228;hlt, dass inzwischen ganze Reisebusse angefahren kommen, die Kinder schnell alles einmal abgrasen und sich dann am Ende noch beschweren, wenn nach einer Stunde alles leer ist.&nbsp; Ein Jahr kamen wir auch mal dort hin und nichts war mehr da. Schade, wenn die Kinder, die aus der direkten Umgebung kommen und die Leute auch noch kennen, selber so gar nichts davon haben k&#246;nnen. Aber gut. Das sind so verschiedene Aspekte und ich finde ein bisschen Klopapier an der T&#252;r reicht als &#8220;Strafe&#8221; absolut aus. Vielleicht ist auch noch Zahnpasta an der T&#252;rklinke ganz lustig, aber letztendlich denke ich immer: Jeder so wie er m&#246;chte. Und wenn nicht jeder bei Halloween dabei sein m&#246;chte, dann sollte das ok sein.&nbsp; Es muss auch nicht immer gruselig sein, oder? Aufmerksame Leser haben es sicher bemerkt: Der Miniheld ging als Pikachu. Das ist doch nicht gruselig, werdet ihr jetzt denken. Nein ist es nicht, aber daf&#252;r f&#252;hlte mein Kind sich in seinem Kost&#252;m wohl. Denn obwohl Halloween ihm so als Event wirklich gut gef&#228;llt, kommt er mit gruseligen Sachen nicht so gut zurecht. Er meidet zum Beispiel die Haust&#252;ren, die ihm zu gruselig geschm&#252;ckt sind. Manche gehen ja regelrecht auf in diesem Thema und &#252;bertreffen sich selbst mit Kost&#252;mierung und Deko. Das ist schon ziemlich beeindruckend. Prinzessin, Ritter und Pirat haben an Halloween meiner Meinung nach aber genauso ihre Daseinsberechtigung, wie Monster, Hexe und Vampir. Der Spa&#223; liegt im Verkleiden und gemeinsam einen besonderen Abend erleben, oder? Nat&#252;rlich werden wir auch heute Abend wieder los ziehen. F&#252;r den Minihelden ist schon lange klar: Er ist dieses Jahr eine Fledermaus. Wir nutzen daf&#252;r den Fleeceumhang, den ich vor einiger Zeit mal gen&#228;ht habe. Den kann er bei dem eisigen Wetter prima einfach dr&#252;ber ziehen und friert so dann auch nicht. Das Heldenkind wird dieses Jahr das erste Mal selber mitlaufen anstatt im Wagen zu sitzen und ein kleines B&#228;rencape liegt auch f&#252;r ihn bereit (&#8220;Mama, B&#228;&#228;&#228;r&#8230;.wuaaaaah!&#8221;). Ich werde wahrscheinlich dieses Jahr auf meinen Totoro Jumpsuit und die pinke Per&#252;cke zur&#252;ck greifen und dann mal sehen, wie es in diesem Jahr so l&#228;uft. Und? Wie ist das bei euch? Pro oder Contra Halloween? Mit ganz viel Aufwand oder eher schnell und einfach oder lasst ihr es gar ganz sein? Habt ihr S&#252;&#223;igkeiten parat? Wie wird euer Abend verlaufen?<\/p>\n","protected":false},"author":1,"featured_media":34668,"comment_status":"open","ping_status":"open","sticky":false,"template":"","format":"standard","meta":{"ngg_post_thumbnail":0,"footnotes":""},"categories":[46,321],"tags":[907,1684,472,372,81,572,1685,1148],"class_list":["post-34662","post","type-post","status-publish","format-standard","has-post-thumbnail","hentry","category-feiertage","category-minimum","tag-feiertag","tag-gruselig","tag-halloween","tag-heldenkinder","tag-kinder","tag-kostuem","tag-suessigkeiten","tag-verkleiden"],"yoast_head":"<!-- This site is optimized with the Yoast SEO plugin v27.5 - https:\/\/yoast.com\/product\/yoast-seo-wordpress\/ -->\n<title>Mein Kind gruselt sich nicht gerne #Halloween2017 - Heldenhaushalt<\/title>\n<meta name=\"description\" content=\"Happy Halloween, ihr Lieben! Heute ist es also wieder soweit. Es ist Halloween. Also eigentlich ist ja Reformationstag,\" \/>\n<meta name=\"robots\" content=\"index, follow, max-snippet:-1, max-image-preview:large, max-video-preview:-1\" \/>\n<link rel=\"canonical\" href=\"https:\/\/www.heldenhaushalt.de\/sari02\/index.php\/2017\/10\/31\/gruselig-halloween-2017\/\" \/>\n<meta property=\"og:locale\" content=\"de_DE\" \/>\n<meta property=\"og:type\" content=\"article\" \/>\n<meta property=\"og:title\" content=\"Mein Kind gruselt sich nicht gerne #Halloween2017 - Heldenhaushalt\" \/>\n<meta property=\"og:description\" content=\"Happy Halloween, ihr Lieben! Heute ist es also wieder soweit. Es ist Halloween. Also eigentlich ist ja Reformationstag,\" \/>\n<meta property=\"og:url\" content=\"https:\/\/www.heldenhaushalt.de\/sari02\/index.php\/2017\/10\/31\/gruselig-halloween-2017\/\" \/>\n<meta property=\"og:site_name\" content=\"Heldenhaushalt\" \/>\n<meta property=\"article:published_time\" content=\"2017-10-31T09:30:17+00:00\" \/>\n<meta property=\"article:modified_time\" content=\"2017-10-31T09:33:08+00:00\" \/>\n<meta property=\"og:image\" content=\"https:\/\/www.heldenhaushalt.de\/sari02\/wp-content\/uploads\/2017\/10\/halloween2017-01.jpg\" \/>\n\t<meta property=\"og:image:width\" content=\"1000\" \/>\n\t<meta property=\"og:image:height\" content=\"651\" \/>\n\t<meta property=\"og:image:type\" content=\"image\/jpeg\" \/>\n<meta name=\"author\" content=\"Sari\" \/>\n<meta name=\"twitter:card\" content=\"summary_large_image\" \/>\n<meta name=\"twitter:creator\" content=\"@Heldenhaushalt\" \/>\n<meta name=\"twitter:site\" content=\"@Heldenhaushalt\" \/>\n<meta name=\"twitter:label1\" content=\"Verfasst von\" \/>\n\t<meta name=\"twitter:data1\" content=\"Sari\" \/>\n\t<meta name=\"twitter:label2\" content=\"Gesch\u00e4tzte Lesezeit\" \/>\n\t<meta name=\"twitter:data2\" content=\"4\u00a0Minuten\" \/>\n<script type=\"application\/ld+json\" class=\"yoast-schema-graph\">{\"@context\":\"https:\\\/\\\/schema.org\",\"@graph\":[{\"@type\":\"Article\",\"@id\":\"https:\\\/\\\/www.heldenhaushalt.de\\\/sari02\\\/index.php\\\/2017\\\/10\\\/31\\\/gruselig-halloween-2017\\\/#article\",\"isPartOf\":{\"@id\":\"https:\\\/\\\/www.heldenhaushalt.de\\\/sari02\\\/index.php\\\/2017\\\/10\\\/31\\\/gruselig-halloween-2017\\\/\"},\"author\":{\"name\":\"Sari\",\"@id\":\"https:\\\/\\\/www.heldenhaushalt.de\\\/sari02\\\/#\\\/schema\\\/person\\\/a1cc69f42a01f412eb62c151353814f6\"},\"headline\":\"Mein Kind gruselt sich nicht gerne #Halloween2017\",\"datePublished\":\"2017-10-31T09:30:17+00:00\",\"dateModified\":\"2017-10-31T09:33:08+00:00\",\"mainEntityOfPage\":{\"@id\":\"https:\\\/\\\/www.heldenhaushalt.de\\\/sari02\\\/index.php\\\/2017\\\/10\\\/31\\\/gruselig-halloween-2017\\\/\"},\"wordCount\":792,\"commentCount\":7,\"publisher\":{\"@id\":\"https:\\\/\\\/www.heldenhaushalt.de\\\/sari02\\\/#\\\/schema\\\/person\\\/a1cc69f42a01f412eb62c151353814f6\"},\"image\":{\"@id\":\"https:\\\/\\\/www.heldenhaushalt.de\\\/sari02\\\/index.php\\\/2017\\\/10\\\/31\\\/gruselig-halloween-2017\\\/#primaryimage\"},\"thumbnailUrl\":\"https:\\\/\\\/www.heldenhaushalt.de\\\/sari02\\\/wp-content\\\/uploads\\\/2017\\\/10\\\/halloween2017-01.jpg\",\"keywords\":[\"Feiertag\",\"gruselig\",\"Halloween\",\"heldenkinder\",\"Kinder\",\"Kost\u00fcm\",\"S\u00fc\u00dfigkeiten\",\"Verkleiden\"],\"articleSection\":[\"Besondere Anl\u00e4sse\",\"Heldenkinder\"],\"inLanguage\":\"de\",\"potentialAction\":[{\"@type\":\"CommentAction\",\"name\":\"Comment\",\"target\":[\"https:\\\/\\\/www.heldenhaushalt.de\\\/sari02\\\/index.php\\\/2017\\\/10\\\/31\\\/gruselig-halloween-2017\\\/#respond\"]}]},{\"@type\":\"WebPage\",\"@id\":\"https:\\\/\\\/www.heldenhaushalt.de\\\/sari02\\\/index.php\\\/2017\\\/10\\\/31\\\/gruselig-halloween-2017\\\/\",\"url\":\"https:\\\/\\\/www.heldenhaushalt.de\\\/sari02\\\/index.php\\\/2017\\\/10\\\/31\\\/gruselig-halloween-2017\\\/\",\"name\":\"Mein Kind gruselt sich nicht gerne #Halloween2017 - Heldenhaushalt\",\"isPartOf\":{\"@id\":\"https:\\\/\\\/www.heldenhaushalt.de\\\/sari02\\\/#website\"},\"primaryImageOfPage\":{\"@id\":\"https:\\\/\\\/www.heldenhaushalt.de\\\/sari02\\\/index.php\\\/2017\\\/10\\\/31\\\/gruselig-halloween-2017\\\/#primaryimage\"},\"image\":{\"@id\":\"https:\\\/\\\/www.heldenhaushalt.de\\\/sari02\\\/index.php\\\/2017\\\/10\\\/31\\\/gruselig-halloween-2017\\\/#primaryimage\"},\"thumbnailUrl\":\"https:\\\/\\\/www.heldenhaushalt.de\\\/sari02\\\/wp-content\\\/uploads\\\/2017\\\/10\\\/halloween2017-01.jpg\",\"datePublished\":\"2017-10-31T09:30:17+00:00\",\"dateModified\":\"2017-10-31T09:33:08+00:00\",\"description\":\"Happy Halloween, ihr Lieben! Heute ist es also wieder soweit. Es ist Halloween. Also eigentlich ist ja Reformationstag,\",\"breadcrumb\":{\"@id\":\"https:\\\/\\\/www.heldenhaushalt.de\\\/sari02\\\/index.php\\\/2017\\\/10\\\/31\\\/gruselig-halloween-2017\\\/#breadcrumb\"},\"inLanguage\":\"de\",\"potentialAction\":[{\"@type\":\"ReadAction\",\"target\":[\"https:\\\/\\\/www.heldenhaushalt.de\\\/sari02\\\/index.php\\\/2017\\\/10\\\/31\\\/gruselig-halloween-2017\\\/\"]}]},{\"@type\":\"ImageObject\",\"inLanguage\":\"de\",\"@id\":\"https:\\\/\\\/www.heldenhaushalt.de\\\/sari02\\\/index.php\\\/2017\\\/10\\\/31\\\/gruselig-halloween-2017\\\/#primaryimage\",\"url\":\"https:\\\/\\\/www.heldenhaushalt.de\\\/sari02\\\/wp-content\\\/uploads\\\/2017\\\/10\\\/halloween2017-01.jpg\",\"contentUrl\":\"https:\\\/\\\/www.heldenhaushalt.de\\\/sari02\\\/wp-content\\\/uploads\\\/2017\\\/10\\\/halloween2017-01.jpg\",\"width\":1000,\"height\":651,\"caption\":\"Halloween\"},{\"@type\":\"BreadcrumbList\",\"@id\":\"https:\\\/\\\/www.heldenhaushalt.de\\\/sari02\\\/index.php\\\/2017\\\/10\\\/31\\\/gruselig-halloween-2017\\\/#breadcrumb\",\"itemListElement\":[{\"@type\":\"ListItem\",\"position\":1,\"name\":\"Startseite\",\"item\":\"https:\\\/\\\/www.heldenhaushalt.de\\\/sari02\\\/\"},{\"@type\":\"ListItem\",\"position\":2,\"name\":\"Mein Kind gruselt sich nicht gerne #Halloween2017\"}]},{\"@type\":\"WebSite\",\"@id\":\"https:\\\/\\\/www.heldenhaushalt.de\\\/sari02\\\/#website\",\"url\":\"https:\\\/\\\/www.heldenhaushalt.de\\\/sari02\\\/\",\"name\":\"Heldenhaushalt\",\"description\":\"Wer es ordentlich haben will, der muss vorher anrufen\",\"publisher\":{\"@id\":\"https:\\\/\\\/www.heldenhaushalt.de\\\/sari02\\\/#\\\/schema\\\/person\\\/a1cc69f42a01f412eb62c151353814f6\"},\"potentialAction\":[{\"@type\":\"SearchAction\",\"target\":{\"@type\":\"EntryPoint\",\"urlTemplate\":\"https:\\\/\\\/www.heldenhaushalt.de\\\/sari02\\\/?s={search_term_string}\"},\"query-input\":{\"@type\":\"PropertyValueSpecification\",\"valueRequired\":true,\"valueName\":\"search_term_string\"}}],\"inLanguage\":\"de\"},{\"@type\":[\"Person\",\"Organization\"],\"@id\":\"https:\\\/\\\/www.heldenhaushalt.de\\\/sari02\\\/#\\\/schema\\\/person\\\/a1cc69f42a01f412eb62c151353814f6\",\"name\":\"Sari\",\"image\":{\"@type\":\"ImageObject\",\"inLanguage\":\"de\",\"@id\":\"https:\\\/\\\/www.heldenhaushalt.de\\\/sari02\\\/wp-content\\\/uploads\\\/2019\\\/02\\\/sari-april2018.png\",\"url\":\"https:\\\/\\\/www.heldenhaushalt.de\\\/sari02\\\/wp-content\\\/uploads\\\/2019\\\/02\\\/sari-april2018.png\",\"contentUrl\":\"https:\\\/\\\/www.heldenhaushalt.de\\\/sari02\\\/wp-content\\\/uploads\\\/2019\\\/02\\\/sari-april2018.png\",\"width\":500,\"height\":500,\"caption\":\"Sari\"},\"logo\":{\"@id\":\"https:\\\/\\\/www.heldenhaushalt.de\\\/sari02\\\/wp-content\\\/uploads\\\/2019\\\/02\\\/sari-april2018.png\"},\"description\":\"Frau Mondgras \u2013 Das bin ich, Sari. Gerne auch als Sari Mondgras bekannt und im Internet zu finden. 2-Fach-Mutter, Heldenehefrau, Kreativling, Harmonies\u00fcchtig und st\u00e4ndig auf der Suche nach Gl\u00fcck. Ich komme aus Berlin, bin hier aufgewachsen und lebe hier seit ich denken kann.\",\"sameAs\":[\"https:\\\/\\\/www.instagram.com\\\/heldenhaushalt\\\/\"],\"url\":\"https:\\\/\\\/www.heldenhaushalt.de\\\/sari02\\\/index.php\\\/author\\\/admin\\\/\"}]}<\/script>\n<!-- \/ Yoast SEO plugin. -->","yoast_head_json":{"title":"Mein Kind gruselt sich nicht gerne #Halloween2017 - Heldenhaushalt","description":"Happy Halloween, ihr Lieben! Heute ist es also wieder soweit. Es ist Halloween. Also eigentlich ist ja Reformationstag,","robots":{"index":"index","follow":"follow","max-snippet":"max-snippet:-1","max-image-preview":"max-image-preview:large","max-video-preview":"max-video-preview:-1"},"canonical":"https:\/\/www.heldenhaushalt.de\/sari02\/index.php\/2017\/10\/31\/gruselig-halloween-2017\/","og_locale":"de_DE","og_type":"article","og_title":"Mein Kind gruselt sich nicht gerne #Halloween2017 - Heldenhaushalt","og_description":"Happy Halloween, ihr Lieben! Heute ist es also wieder soweit. Es ist Halloween. Also eigentlich ist ja Reformationstag,","og_url":"https:\/\/www.heldenhaushalt.de\/sari02\/index.php\/2017\/10\/31\/gruselig-halloween-2017\/","og_site_name":"Heldenhaushalt","article_published_time":"2017-10-31T09:30:17+00:00","article_modified_time":"2017-10-31T09:33:08+00:00","og_image":[{"width":1000,"height":651,"url":"https:\/\/www.heldenhaushalt.de\/sari02\/wp-content\/uploads\/2017\/10\/halloween2017-01.jpg","type":"image\/jpeg"}],"author":"Sari","twitter_card":"summary_large_image","twitter_creator":"@Heldenhaushalt","twitter_site":"@Heldenhaushalt","twitter_misc":{"Verfasst von":"Sari","Gesch\u00e4tzte Lesezeit":"4\u00a0Minuten"},"schema":{"@context":"https:\/\/schema.org","@graph":[{"@type":"Article","@id":"https:\/\/www.heldenhaushalt.de\/sari02\/index.php\/2017\/10\/31\/gruselig-halloween-2017\/#article","isPartOf":{"@id":"https:\/\/www.heldenhaushalt.de\/sari02\/index.php\/2017\/10\/31\/gruselig-halloween-2017\/"},"author":{"name":"Sari","@id":"https:\/\/www.heldenhaushalt.de\/sari02\/#\/schema\/person\/a1cc69f42a01f412eb62c151353814f6"},"headline":"Mein Kind gruselt sich nicht gerne #Halloween2017","datePublished":"2017-10-31T09:30:17+00:00","dateModified":"2017-10-31T09:33:08+00:00","mainEntityOfPage":{"@id":"https:\/\/www.heldenhaushalt.de\/sari02\/index.php\/2017\/10\/31\/gruselig-halloween-2017\/"},"wordCount":792,"commentCount":7,"publisher":{"@id":"https:\/\/www.heldenhaushalt.de\/sari02\/#\/schema\/person\/a1cc69f42a01f412eb62c151353814f6"},"image":{"@id":"https:\/\/www.heldenhaushalt.de\/sari02\/index.php\/2017\/10\/31\/gruselig-halloween-2017\/#primaryimage"},"thumbnailUrl":"https:\/\/www.heldenhaushalt.de\/sari02\/wp-content\/uploads\/2017\/10\/halloween2017-01.jpg","keywords":["Feiertag","gruselig","Halloween","heldenkinder","Kinder","Kost\u00fcm","S\u00fc\u00dfigkeiten","Verkleiden"],"articleSection":["Besondere Anl\u00e4sse","Heldenkinder"],"inLanguage":"de","potentialAction":[{"@type":"CommentAction","name":"Comment","target":["https:\/\/www.heldenhaushalt.de\/sari02\/index.php\/2017\/10\/31\/gruselig-halloween-2017\/#respond"]}]},{"@type":"WebPage","@id":"https:\/\/www.heldenhaushalt.de\/sari02\/index.php\/2017\/10\/31\/gruselig-halloween-2017\/","url":"https:\/\/www.heldenhaushalt.de\/sari02\/index.php\/2017\/10\/31\/gruselig-halloween-2017\/","name":"Mein Kind gruselt sich nicht gerne #Halloween2017 - Heldenhaushalt","isPartOf":{"@id":"https:\/\/www.heldenhaushalt.de\/sari02\/#website"},"primaryImageOfPage":{"@id":"https:\/\/www.heldenhaushalt.de\/sari02\/index.php\/2017\/10\/31\/gruselig-halloween-2017\/#primaryimage"},"image":{"@id":"https:\/\/www.heldenhaushalt.de\/sari02\/index.php\/2017\/10\/31\/gruselig-halloween-2017\/#primaryimage"},"thumbnailUrl":"https:\/\/www.heldenhaushalt.de\/sari02\/wp-content\/uploads\/2017\/10\/halloween2017-01.jpg","datePublished":"2017-10-31T09:30:17+00:00","dateModified":"2017-10-31T09:33:08+00:00","description":"Happy Halloween, ihr Lieben! Heute ist es also wieder soweit. Es ist Halloween. Also eigentlich ist ja Reformationstag,","breadcrumb":{"@id":"https:\/\/www.heldenhaushalt.de\/sari02\/index.php\/2017\/10\/31\/gruselig-halloween-2017\/#breadcrumb"},"inLanguage":"de","potentialAction":[{"@type":"ReadAction","target":["https:\/\/www.heldenhaushalt.de\/sari02\/index.php\/2017\/10\/31\/gruselig-halloween-2017\/"]}]},{"@type":"ImageObject","inLanguage":"de","@id":"https:\/\/www.heldenhaushalt.de\/sari02\/index.php\/2017\/10\/31\/gruselig-halloween-2017\/#primaryimage","url":"https:\/\/www.heldenhaushalt.de\/sari02\/wp-content\/uploads\/2017\/10\/halloween2017-01.jpg","contentUrl":"https:\/\/www.heldenhaushalt.de\/sari02\/wp-content\/uploads\/2017\/10\/halloween2017-01.jpg","width":1000,"height":651,"caption":"Halloween"},{"@type":"BreadcrumbList","@id":"https:\/\/www.heldenhaushalt.de\/sari02\/index.php\/2017\/10\/31\/gruselig-halloween-2017\/#breadcrumb","itemListElement":[{"@type":"ListItem","position":1,"name":"Startseite","item":"https:\/\/www.heldenhaushalt.de\/sari02\/"},{"@type":"ListItem","position":2,"name":"Mein Kind gruselt sich nicht gerne #Halloween2017"}]},{"@type":"WebSite","@id":"https:\/\/www.heldenhaushalt.de\/sari02\/#website","url":"https:\/\/www.heldenhaushalt.de\/sari02\/","name":"Heldenhaushalt","description":"Wer es ordentlich haben will, der muss vorher anrufen","publisher":{"@id":"https:\/\/www.heldenhaushalt.de\/sari02\/#\/schema\/person\/a1cc69f42a01f412eb62c151353814f6"},"potentialAction":[{"@type":"SearchAction","target":{"@type":"EntryPoint","urlTemplate":"https:\/\/www.heldenhaushalt.de\/sari02\/?s={search_term_string}"},"query-input":{"@type":"PropertyValueSpecification","valueRequired":true,"valueName":"search_term_string"}}],"inLanguage":"de"},{"@type":["Person","Organization"],"@id":"https:\/\/www.heldenhaushalt.de\/sari02\/#\/schema\/person\/a1cc69f42a01f412eb62c151353814f6","name":"Sari","image":{"@type":"ImageObject","inLanguage":"de","@id":"https:\/\/www.heldenhaushalt.de\/sari02\/wp-content\/uploads\/2019\/02\/sari-april2018.png","url":"https:\/\/www.heldenhaushalt.de\/sari02\/wp-content\/uploads\/2019\/02\/sari-april2018.png","contentUrl":"https:\/\/www.heldenhaushalt.de\/sari02\/wp-content\/uploads\/2019\/02\/sari-april2018.png","width":500,"height":500,"caption":"Sari"},"logo":{"@id":"https:\/\/www.heldenhaushalt.de\/sari02\/wp-content\/uploads\/2019\/02\/sari-april2018.png"},"description":"Frau Mondgras \u2013 Das bin ich, Sari. Gerne auch als Sari Mondgras bekannt und im Internet zu finden. 2-Fach-Mutter, Heldenehefrau, Kreativling, Harmonies\u00fcchtig und st\u00e4ndig auf der Suche nach Gl\u00fcck. Ich komme aus Berlin, bin hier aufgewachsen und lebe hier seit ich denken kann.","sameAs":["https:\/\/www.instagram.com\/heldenhaushalt\/"],"url":"https:\/\/www.heldenhaushalt.de\/sari02\/index.php\/author\/admin\/"}]}},"views":4257,"_links":{"self":[{"href":"https:\/\/www.heldenhaushalt.de\/sari02\/index.php\/wp-json\/wp\/v2\/posts\/34662","targetHints":{"allow":["GET"]}}],"collection":[{"href":"https:\/\/www.heldenhaushalt.de\/sari02\/index.php\/wp-json\/wp\/v2\/posts"}],"about":[{"href":"https:\/\/www.heldenhaushalt.de\/sari02\/index.php\/wp-json\/wp\/v2\/types\/post"}],"author":[{"embeddable":true,"href":"https:\/\/www.heldenhaushalt.de\/sari02\/index.php\/wp-json\/wp\/v2\/users\/1"}],"replies":[{"embeddable":true,"href":"https:\/\/www.heldenhaushalt.de\/sari02\/index.php\/wp-json\/wp\/v2\/comments?post=34662"}],"version-history":[{"count":2,"href":"https:\/\/www.heldenhaushalt.de\/sari02\/index.php\/wp-json\/wp\/v2\/posts\/34662\/revisions"}],"predecessor-version":[{"id":34670,"href":"https:\/\/www.heldenhaushalt.de\/sari02\/index.php\/wp-json\/wp\/v2\/posts\/34662\/revisions\/34670"}],"wp:featuredmedia":[{"embeddable":true,"href":"https:\/\/www.heldenhaushalt.de\/sari02\/index.php\/wp-json\/wp\/v2\/media\/34668"}],"wp:attachment":[{"href":"https:\/\/www.heldenhaushalt.de\/sari02\/index.php\/wp-json\/wp\/v2\/media?parent=34662"}],"wp:term":[{"taxonomy":"category","embeddable":true,"href":"https:\/\/www.heldenhaushalt.de\/sari02\/index.php\/wp-json\/wp\/v2\/categories?post=34662"},{"taxonomy":"post_tag","embeddable":true,"href":"https:\/\/www.heldenhaushalt.de\/sari02\/index.php\/wp-json\/wp\/v2\/tags?post=34662"}],"curies":[{"name":"wp","href":"https:\/\/api.w.org\/{rel}","templated":true}]}}