{"id":34697,"date":"2017-11-03T09:00:50","date_gmt":"2017-11-03T08:00:50","guid":{"rendered":"http:\/\/www.heldenhaushalt.de\/sari02\/?p=34697"},"modified":"2017-11-04T06:07:09","modified_gmt":"2017-11-04T05:07:09","slug":"freitags5-5-tage-5-fotos-im-nov-01-2","status":"publish","type":"post","link":"https:\/\/www.heldenhaushalt.de\/sari02\/index.php\/2017\/11\/03\/freitags5-5-tage-5-fotos-im-nov-01-2\/","title":{"rendered":"#Freitags5 \u2013 5 Tage 5 Fotos im November #01"},"content":{"rendered":"<p>Das war eine&#8230;.nasse Woche. Um es mal kurz zu formulieren. Viel dunkel, viel Regen. Dem Kind fiel schon regelrecht die Decke auf den Kopf und wenn das beim Kind der Fall ist, k&#246;nnt ihr euch denken, wie es dann erst bei der Mama aussieht. Nun gut, macht man eben das beste daraus. Wie immer, nicht wahr? Daf&#252;r schien an Halloween selber Zeit weise sogar die Sonne und somit ist dennoch die eine oder andere sehenswerte Impression f&#252;r die #Freitags5 entstanden.<\/p>\n<p style=\"text-align: center;\">***<\/p>\n<h2>Meine #Freitags5 #Freitagslieblinge<\/h2>\n<p><img loading=\"lazy\" decoding=\"async\" class=\"aligncenter size-full wp-image-34715\" src=\"http:\/\/www.heldenhaushalt.de\/sari02\/wp-content\/uploads\/2017\/11\/44-01.jpg\" alt=\"#Freitags5\" width=\"1000\" height=\"1000\" srcset=\"https:\/\/www.heldenhaushalt.de\/sari02\/wp-content\/uploads\/2017\/11\/44-01.jpg 1000w, https:\/\/www.heldenhaushalt.de\/sari02\/wp-content\/uploads\/2017\/11\/44-01-150x150.jpg 150w, https:\/\/www.heldenhaushalt.de\/sari02\/wp-content\/uploads\/2017\/11\/44-01-300x300.jpg 300w, https:\/\/www.heldenhaushalt.de\/sari02\/wp-content\/uploads\/2017\/11\/44-01-768x768.jpg 768w, https:\/\/www.heldenhaushalt.de\/sari02\/wp-content\/uploads\/2017\/11\/44-01-600x600.jpg 600w, https:\/\/www.heldenhaushalt.de\/sari02\/wp-content\/uploads\/2017\/11\/44-01-660x660.jpg 660w, https:\/\/www.heldenhaushalt.de\/sari02\/wp-content\/uploads\/2017\/11\/44-01-373x373.jpg 373w\" sizes=\"auto, (max-width: 1000px) 100vw, 1000px\" \/><\/p>\n<p><strong>Meine Lieblingslekt&#252;re der Woche \u2013<\/strong>&nbsp; &#196;hm&#8230;ja&#8230;eigentlich wollten wir am Montag nur noch etwas Zeit vertr&#246;deln, bevor die Jungs ihren Fototermin hatten. Fatale Idee das im Buchladen zu tun. Inzwischen st&#246;bere n&#228;mlich nicht nur ich gerne dort, sondern auch die Kinder. So fand sich jeder von uns in einer anderen Ecke wieder. Der Gro&#223;e bei den Jugendb&#252;chern, der kleine vor allem bei den B&#252;chern zum Thema Tiere und Autos und ich&#8230;ja irgendwie &#252;berall und von jedem ein bisschen. Am Ende durften dann auch wieder drei mit nach Hause kommen &#8221;r&#228;usper&#8217;.<strong><br \/>\n<\/strong><\/p>\n<p style=\"text-align: center;\">***<\/p>\n<p><img loading=\"lazy\" decoding=\"async\" class=\"aligncenter size-full wp-image-34716\" src=\"http:\/\/www.heldenhaushalt.de\/sari02\/wp-content\/uploads\/2017\/11\/44-02.jpg\" alt=\"#Freitags5\" width=\"1000\" height=\"1000\" srcset=\"https:\/\/www.heldenhaushalt.de\/sari02\/wp-content\/uploads\/2017\/11\/44-02.jpg 1000w, https:\/\/www.heldenhaushalt.de\/sari02\/wp-content\/uploads\/2017\/11\/44-02-150x150.jpg 150w, https:\/\/www.heldenhaushalt.de\/sari02\/wp-content\/uploads\/2017\/11\/44-02-300x300.jpg 300w, https:\/\/www.heldenhaushalt.de\/sari02\/wp-content\/uploads\/2017\/11\/44-02-768x768.jpg 768w, https:\/\/www.heldenhaushalt.de\/sari02\/wp-content\/uploads\/2017\/11\/44-02-600x600.jpg 600w, https:\/\/www.heldenhaushalt.de\/sari02\/wp-content\/uploads\/2017\/11\/44-02-660x660.jpg 660w, https:\/\/www.heldenhaushalt.de\/sari02\/wp-content\/uploads\/2017\/11\/44-02-373x373.jpg 373w\" sizes=\"auto, (max-width: 1000px) 100vw, 1000px\" \/><\/p>\n<p><strong>Mein Lieblingsessen der Woche \u2013<\/strong>&nbsp; &#8220;Mama, wann essen wir wieder Bolognese?&#8221;, fragte der Miniheld neulich wieder. Das ist so Essen, das geht irgendwie immer, oder? Aber ich habe dieses Mal versucht etwas Abwechslung rein zu bringen und statt ganz banal Nudeln dazu zu kochen gab es angebratene Gnocchi. Hat auch gut geschmeckt.<strong><br \/>\n<\/strong><\/p>\n<p style=\"text-align: center;\">***<\/p>\n<p><img loading=\"lazy\" decoding=\"async\" class=\"aligncenter size-full wp-image-34717\" src=\"http:\/\/www.heldenhaushalt.de\/sari02\/wp-content\/uploads\/2017\/11\/44-03.jpg\" alt=\"#Freitags5\" width=\"1000\" height=\"1000\" srcset=\"https:\/\/www.heldenhaushalt.de\/sari02\/wp-content\/uploads\/2017\/11\/44-03.jpg 1000w, https:\/\/www.heldenhaushalt.de\/sari02\/wp-content\/uploads\/2017\/11\/44-03-150x150.jpg 150w, https:\/\/www.heldenhaushalt.de\/sari02\/wp-content\/uploads\/2017\/11\/44-03-300x300.jpg 300w, https:\/\/www.heldenhaushalt.de\/sari02\/wp-content\/uploads\/2017\/11\/44-03-768x768.jpg 768w, https:\/\/www.heldenhaushalt.de\/sari02\/wp-content\/uploads\/2017\/11\/44-03-600x600.jpg 600w, https:\/\/www.heldenhaushalt.de\/sari02\/wp-content\/uploads\/2017\/11\/44-03-660x660.jpg 660w, https:\/\/www.heldenhaushalt.de\/sari02\/wp-content\/uploads\/2017\/11\/44-03-373x373.jpg 373w\" sizes=\"auto, (max-width: 1000px) 100vw, 1000px\" \/><\/p>\n<p><strong>Mein Lieblingsmoment mit meinen Kindern<\/strong>&nbsp;\u2013&nbsp; Zwei Momente in dieser Woche waren anders als sonst. Das war zum einen das Fotoshooting am Montag, das der Miniheld letzten Monat gewonnen hatte. Eine Stunde lang hatten wir eine Fotografin und ein ganzes Fotostudio nur f&#252;r uns. Sie lie&#223; die Kinder toben und spielen und versuchte sie zwischenzeitlich in bestimmte Positionen zu lotsen. Dazu mussten der Held und ich zum Beispiel Seifenblasen pusten, damit die Kinder abgelenkt waren. Entstanden sind dabei ein paar wirklich sch&#246;ne Fotos, so dass wir uns am Ende nicht nur auf eines beschr&#228;nken konnten. <a href=\"http:\/\/www.heldenhaushalt.de\/sari02\/index.php\/2017\/11\/01\/pmdd-die-gruseledition-aus-kinderaugen\/\">Und dann nat&#252;rlich Halloween am Dienstag<\/a>. Es war das zweite Halloween f&#252;r den Kleinen und dieses Mal lief er auch ganz alleine von T&#252;r zu T&#252;r. Eigentlich war er ein B&#228;r, aber durch den Schneeanzug darunter hielten ihn viele f&#252;r einen Ewock, was wiederum ganz gut zu dem Storm Trooper passte, der auch umher wanderte. Der Miniheld war als Fledermaus unterwegs und die Ausbeute konnte sich wirklich sehen lassen. Aber nicht nur das: Auch das K&#252;rbis schnitzen davor und das basteln der Geister hat uns allen sehr viel Freude gebracht.<\/p>\n<p style=\"text-align: center;\">***<\/p>\n<p><img loading=\"lazy\" decoding=\"async\" class=\"aligncenter size-full wp-image-34718\" src=\"http:\/\/www.heldenhaushalt.de\/sari02\/wp-content\/uploads\/2017\/11\/44-04.jpg\" alt=\"#Freitags5\" width=\"1000\" height=\"1000\" srcset=\"https:\/\/www.heldenhaushalt.de\/sari02\/wp-content\/uploads\/2017\/11\/44-04.jpg 1000w, https:\/\/www.heldenhaushalt.de\/sari02\/wp-content\/uploads\/2017\/11\/44-04-150x150.jpg 150w, https:\/\/www.heldenhaushalt.de\/sari02\/wp-content\/uploads\/2017\/11\/44-04-300x300.jpg 300w, https:\/\/www.heldenhaushalt.de\/sari02\/wp-content\/uploads\/2017\/11\/44-04-768x768.jpg 768w, https:\/\/www.heldenhaushalt.de\/sari02\/wp-content\/uploads\/2017\/11\/44-04-600x600.jpg 600w, https:\/\/www.heldenhaushalt.de\/sari02\/wp-content\/uploads\/2017\/11\/44-04-660x660.jpg 660w, https:\/\/www.heldenhaushalt.de\/sari02\/wp-content\/uploads\/2017\/11\/44-04-373x373.jpg 373w\" sizes=\"auto, (max-width: 1000px) 100vw, 1000px\" \/><\/p>\n<p><strong>Mein Lieblings-Mama-Moment nur f&#252;r mich<\/strong>&nbsp; \u2013&nbsp; Wenn die Kinder nicht raus k&#246;nnen, dann wird eben im Haus getobt. Wenn es st&#228;ndig regnet, dann hocken wir halt aufeinander. So ist das eben. Das f&#252;hrt dazu, dass es insgesamt unruhiger und unordentlicher zu Hause ist. Neulich war ich aber schon so fr&#252;h wach, dass ich sogar noch vor den Kindern aufgestanden bin und ganze 2 Stunden nur f&#252;r mich war, w&#228;hrend ich den ruhigen Atemger&#228;uschen der Kinder lauschte. Die Stille im Haus, das Leuchten der paar Lichterketten, die im Zimmer h&#228;ngen, das Prasseln des Regens drau&#223;en an den Fenstern. Das hatte etwas Sch&#246;nes und Ruhiges. Nach zwei Stunden war dann aber auch wieder gut und ich holte mir die Kuscheleinheiten von den Kindern, die ich jeden Tag so dringend brauche. Ich genie&#223;e es aber aktuell auch immer sehr, dass wir gemeinsam so viel in B&#252;chern bl&#228;ttern und st&#246;bern und abends nun wieder gemeinsam sch&#246;ne Bilderb&#252;cher lesen. Eine Leidenschaft mit seinen Kindern zu teilen, das ist unbezahlbar, findet ihr nicht?<\/p>\n<p style=\"text-align: center;\">***<\/p>\n<p><img loading=\"lazy\" decoding=\"async\" class=\"aligncenter size-full wp-image-34719\" src=\"http:\/\/www.heldenhaushalt.de\/sari02\/wp-content\/uploads\/2017\/11\/44-05.jpg\" alt=\"#Freitags5\" width=\"1000\" height=\"1000\" srcset=\"https:\/\/www.heldenhaushalt.de\/sari02\/wp-content\/uploads\/2017\/11\/44-05.jpg 1000w, https:\/\/www.heldenhaushalt.de\/sari02\/wp-content\/uploads\/2017\/11\/44-05-150x150.jpg 150w, https:\/\/www.heldenhaushalt.de\/sari02\/wp-content\/uploads\/2017\/11\/44-05-300x300.jpg 300w, https:\/\/www.heldenhaushalt.de\/sari02\/wp-content\/uploads\/2017\/11\/44-05-768x768.jpg 768w, https:\/\/www.heldenhaushalt.de\/sari02\/wp-content\/uploads\/2017\/11\/44-05-600x600.jpg 600w, https:\/\/www.heldenhaushalt.de\/sari02\/wp-content\/uploads\/2017\/11\/44-05-660x660.jpg 660w, https:\/\/www.heldenhaushalt.de\/sari02\/wp-content\/uploads\/2017\/11\/44-05-373x373.jpg 373w\" sizes=\"auto, (max-width: 1000px) 100vw, 1000px\" \/><\/p>\n<p><strong>Meine Lieblings-Inspiration der Woche<\/strong> \u2013&nbsp; Diese Woche ist das die Tochter von Alu und Konsti von <a href=\"https:\/\/www.grossekoepfe.de\/\" target=\"_blank\" rel=\"noopener\">Grossekoepfe<\/a>! Alu hat ja nun schon oft die Zeichnungen ihrer Tochter auf ihrem Blog gezeigt, aber nun hat die Tochter einen eigenen Blog und wir bekommen nun noch h&#228;ufiger Einblicke in ihre Werke. Ich finde es wunderbar, was f&#252;r ein Talent sie jetzt schon hat und dass sie dabei auch so unterst&#252;tzt wird durch ihre Eltern. Daher heute mal mein Linktipp f&#252;r euch:&nbsp;<strong><a title=\"einevonachtzigmillionen.de\" href=\"https:\/\/www.einevonachtzigmillionen.de\/\">EINEVONACHTZIGMILLIONEN<\/a>. <\/strong>Ebenfalls lesenswert diese Woche fand ich folgende Beitr&#228;ge: <a href=\"http:\/\/blogmonsta.de\/2017\/11\/01\/leckeres-milchreis-kugeln-rezept-fruehstuecksideen-fuer-kinder\/\" target=\"_blank\" rel=\"noopener\">Milchreis Kugeln<\/a> &#8211; <a href=\"https:\/\/sodapop-design.de\/2017\/10\/free-wallpaper-november-4\/\" target=\"_blank\" rel=\"noopener\">Free Wallpaper November <\/a>&#8211; <a href=\"http:\/\/kinderkichern.blogspot.de\/2017\/10\/fledermause-zu-halloween-basteln.html\" target=\"_blank\" rel=\"noopener\">Flederm&#228;use basteln<\/a><\/p>\n<p style=\"text-align: center;\">***<\/p>\n<p>Sonntag hei&#223;t es wieder Fu&#223;ball, aber vielleicht wollen wir auch mal ein bisschen durch die Stadt fahren. Mal was anderes machen als sonst. Mehr bildhafte #Freitags5 R&#252;ckblicke gibt es auch heute wieder bei&nbsp;<a href=\"http:\/\/berlinmittemom.com\/2017\/11\/03\/5-freitagslieblinge-am-03-november-2017\/\" target=\"_blank\" rel=\"noopener noreferrer\">BerlMitteMom<\/a>.<\/p>\n<p><img loading=\"lazy\" decoding=\"async\" class=\" size-full wp-image-24841 alignright\" src=\"https:\/\/www.heldenhaushalt.de \/sari02\/wp-content\/uploads\/2015\/01\/sari-unter.jpg?zoom=1.5&amp;resize=130%2C59\" srcset=\"https:\/\/www.heldenhaushalt.de \/sari02\/wp-content\/uploads\/2015\/01\/sari-unter.jpg?zoom=1.5&amp;resize=130%2C59\" alt=\"sari-unter\" width=\"130\" height=\"59\" data-attachment-id=\"24841\" data-permalink=\"http:\/\/www.heldenhaushalt.de\/sari02\/index.php\/2015\/01\/03\/sich-neu-erfinden\/sari-unter\/\" data-orig-file=\"http:\/\/www.heldenhaushalt.de\/sari02\/wp-content\/uploads\/2015\/01\/sari-unter.jpg\" data-orig-size=\"130,59\" data-comments-opened=\"1\" data-image-meta=\"{&quot;aperture&quot;:&quot;0&quot;,&quot;credit&quot;:&quot;&quot;,&quot;camera&quot;:&quot;&quot;,&quot;caption&quot;:&quot;&quot;,&quot;created_timestamp&quot;:&quot;0&quot;,&quot;copyright&quot;:&quot;&quot;,&quot;focal_length&quot;:&quot;0&quot;,&quot;iso&quot;:&quot;0&quot;,&quot;shutter_speed&quot;:&quot;0&quot;,&quot;title&quot;:&quot;&quot;,&quot;orientation&quot;:&quot;0&quot;}\" data-image-title=\"sari-unter\" data-image-description=\"\" data-medium-file=\"http:\/\/www.heldenhaushalt.de\/sari02\/wp-content\/uploads\/2015\/01\/sari-unter.jpg\" data-large-file=\"http:\/\/www.heldenhaushalt.de\/sari02\/wp-content\/uploads\/2015\/01\/sari-unter.jpg\" data-pin-nopin=\"true\"><\/p>\n<div class=\"sharedaddy sd-sharing-enabled\">\n<div class=\"robots-nocontent sd-block sd-social sd-social-icon sd-sharing\">\n<h3 class=\"sd-title\">&nbsp;<\/h3>\n<\/div>\n<\/div>\n","protected":false},"excerpt":{"rendered":"<p>Das war eine&#8230;.nasse Woche. Um es mal kurz zu formulieren. Viel dunkel, viel Regen. Dem Kind fiel schon regelrecht die Decke auf den Kopf und wenn das beim Kind der Fall ist, k&#246;nnt ihr euch denken, wie es dann erst bei der Mama aussieht. Nun gut, macht man eben das beste daraus. Wie immer, nicht wahr? Daf&#252;r schien an Halloween selber Zeit weise sogar die Sonne und somit ist dennoch die eine oder andere sehenswerte Impression f&#252;r die #Freitags5 entstanden. *** Meine #Freitags5 #Freitagslieblinge Meine Lieblingslekt&#252;re der Woche \u2013&nbsp; &#196;hm&#8230;ja&#8230;eigentlich wollten wir am Montag nur noch etwas Zeit vertr&#246;deln, bevor die Jungs ihren Fototermin hatten. Fatale Idee das im Buchladen zu tun. Inzwischen st&#246;bere n&#228;mlich nicht nur ich gerne dort, sondern auch die Kinder. So fand sich jeder von uns in einer anderen Ecke wieder. Der Gro&#223;e bei den Jugendb&#252;chern, der kleine vor allem bei den B&#252;chern zum Thema Tiere und Autos und ich&#8230;ja irgendwie &#252;berall und von jedem ein bisschen. Am Ende durften dann auch wieder drei mit nach Hause kommen &#8221;r&#228;usper&#8217;. *** Mein Lieblingsessen der Woche \u2013&nbsp; &#8220;Mama, wann essen wir wieder Bolognese?&#8221;, fragte der Miniheld neulich wieder. Das ist so Essen, das geht irgendwie immer, oder? Aber ich habe dieses Mal versucht etwas Abwechslung rein zu bringen und statt ganz banal Nudeln dazu zu kochen gab es angebratene Gnocchi. Hat auch gut geschmeckt. *** Mein Lieblingsmoment mit meinen Kindern&nbsp;\u2013&nbsp; Zwei Momente in dieser Woche waren anders als sonst. Das war zum einen das Fotoshooting am Montag, das der Miniheld letzten Monat gewonnen hatte. Eine Stunde lang hatten wir eine Fotografin und ein ganzes Fotostudio nur f&#252;r uns. Sie lie&#223; die Kinder toben und spielen und versuchte sie zwischenzeitlich in bestimmte Positionen zu lotsen. Dazu mussten der Held und ich zum Beispiel Seifenblasen pusten, damit die Kinder abgelenkt waren. Entstanden sind dabei ein paar wirklich sch&#246;ne Fotos, so dass wir uns am Ende nicht nur auf eines beschr&#228;nken konnten. Und dann nat&#252;rlich Halloween am Dienstag. Es war das zweite Halloween f&#252;r den Kleinen und dieses Mal lief er auch ganz alleine von T&#252;r zu T&#252;r. Eigentlich war er ein B&#228;r, aber durch den Schneeanzug darunter hielten ihn viele f&#252;r einen Ewock, was wiederum ganz gut zu dem Storm Trooper passte, der auch umher wanderte. Der Miniheld war als Fledermaus unterwegs und die Ausbeute konnte sich wirklich sehen lassen. Aber nicht nur das: Auch das K&#252;rbis schnitzen davor und das basteln der Geister hat uns allen sehr viel Freude gebracht. *** Mein Lieblings-Mama-Moment nur f&#252;r mich&nbsp; \u2013&nbsp; Wenn die Kinder nicht raus k&#246;nnen, dann wird eben im Haus getobt. Wenn es st&#228;ndig regnet, dann hocken wir halt aufeinander. So ist das eben. Das f&#252;hrt dazu, dass es insgesamt unruhiger und unordentlicher zu Hause ist. Neulich war ich aber schon so fr&#252;h wach, dass ich sogar noch vor den Kindern aufgestanden bin und ganze 2 Stunden nur f&#252;r mich war, w&#228;hrend ich den ruhigen Atemger&#228;uschen der Kinder lauschte. Die Stille im Haus, das Leuchten der paar Lichterketten, die im Zimmer h&#228;ngen, das Prasseln des Regens drau&#223;en an den Fenstern. Das hatte etwas Sch&#246;nes und Ruhiges. Nach zwei Stunden war dann aber auch wieder gut und ich holte mir die Kuscheleinheiten von den Kindern, die ich jeden Tag so dringend brauche. Ich genie&#223;e es aber aktuell auch immer sehr, dass wir gemeinsam so viel in B&#252;chern bl&#228;ttern und st&#246;bern und abends nun wieder gemeinsam sch&#246;ne Bilderb&#252;cher lesen. Eine Leidenschaft mit seinen Kindern zu teilen, das ist unbezahlbar, findet ihr nicht? *** Meine Lieblings-Inspiration der Woche \u2013&nbsp; Diese Woche ist das die Tochter von Alu und Konsti von Grossekoepfe! Alu hat ja nun schon oft die Zeichnungen ihrer Tochter auf ihrem Blog gezeigt, aber nun hat die Tochter einen eigenen Blog und wir bekommen nun noch h&#228;ufiger Einblicke in ihre Werke. Ich finde es wunderbar, was f&#252;r ein Talent sie jetzt schon hat und dass sie dabei auch so unterst&#252;tzt wird durch ihre Eltern. Daher heute mal mein Linktipp f&#252;r euch:&nbsp;EINEVONACHTZIGMILLIONEN. Ebenfalls lesenswert diese Woche fand ich folgende Beitr&#228;ge: Milchreis Kugeln &#8211; Free Wallpaper November &#8211; Flederm&#228;use basteln *** Sonntag hei&#223;t es wieder Fu&#223;ball, aber vielleicht wollen wir auch mal ein bisschen durch die Stadt fahren. Mal was anderes machen als sonst. Mehr bildhafte #Freitags5 R&#252;ckblicke gibt es auch heute wieder bei&nbsp;BerlMitteMom. &nbsp;<\/p>\n","protected":false},"author":1,"featured_media":34717,"comment_status":"open","ping_status":"open","sticky":false,"template":"","format":"standard","meta":{"ngg_post_thumbnail":0,"footnotes":""},"categories":[323,49],"tags":[780,781,45,871,247,69,81,276],"class_list":["post-34697","post","type-post","status-publish","format-standard","has-post-thumbnail","hentry","category-alltag","category-blogspaehre","tag-freitags5","tag-freitagslieblinge","tag-alltag","tag-berlin-mitte-mom","tag-essen","tag-familie","tag-kinder","tag-lesen"],"yoast_head":"<!-- This site is optimized with the Yoast SEO plugin v27.5 - https:\/\/yoast.com\/product\/yoast-seo-wordpress\/ -->\n<title>#Freitags5 \u2013 5 Tage 5 Fotos im November #01 - Heldenhaushalt<\/title>\n<meta name=\"description\" content=\"Das war eine....nasse Woche. Um es mal kurz zu formulieren. Viel dunkel, viel Regen. Dennoch hier unsere #Freitags5 f\u00fcr Euch!\" \/>\n<meta name=\"robots\" content=\"index, follow, max-snippet:-1, max-image-preview:large, max-video-preview:-1\" \/>\n<link rel=\"canonical\" href=\"https:\/\/www.heldenhaushalt.de\/sari02\/index.php\/2017\/11\/03\/freitags5-5-tage-5-fotos-im-nov-01-2\/\" \/>\n<meta property=\"og:locale\" content=\"de_DE\" \/>\n<meta property=\"og:type\" content=\"article\" \/>\n<meta property=\"og:title\" content=\"#Freitags5 \u2013 5 Tage 5 Fotos im November #01 - Heldenhaushalt\" \/>\n<meta property=\"og:description\" content=\"Das war eine....nasse Woche. Um es mal kurz zu formulieren. Viel dunkel, viel Regen. Dennoch hier unsere #Freitags5 f\u00fcr Euch!\" \/>\n<meta property=\"og:url\" content=\"https:\/\/www.heldenhaushalt.de\/sari02\/index.php\/2017\/11\/03\/freitags5-5-tage-5-fotos-im-nov-01-2\/\" \/>\n<meta property=\"og:site_name\" content=\"Heldenhaushalt\" \/>\n<meta property=\"article:published_time\" content=\"2017-11-03T08:00:50+00:00\" \/>\n<meta property=\"article:modified_time\" content=\"2017-11-04T05:07:09+00:00\" \/>\n<meta property=\"og:image\" content=\"https:\/\/www.heldenhaushalt.de\/sari02\/wp-content\/uploads\/2017\/11\/44-03.jpg\" \/>\n\t<meta property=\"og:image:width\" content=\"1000\" \/>\n\t<meta property=\"og:image:height\" content=\"1000\" \/>\n\t<meta property=\"og:image:type\" content=\"image\/jpeg\" \/>\n<meta name=\"author\" content=\"Sari\" \/>\n<meta name=\"twitter:card\" content=\"summary_large_image\" \/>\n<meta name=\"twitter:creator\" content=\"@Heldenhaushalt\" \/>\n<meta name=\"twitter:site\" content=\"@Heldenhaushalt\" \/>\n<meta name=\"twitter:label1\" content=\"Verfasst von\" \/>\n\t<meta name=\"twitter:data1\" content=\"Sari\" \/>\n\t<meta name=\"twitter:label2\" content=\"Gesch\u00e4tzte Lesezeit\" \/>\n\t<meta name=\"twitter:data2\" content=\"4\u00a0Minuten\" \/>\n<script type=\"application\/ld+json\" class=\"yoast-schema-graph\">{\"@context\":\"https:\\\/\\\/schema.org\",\"@graph\":[{\"@type\":\"Article\",\"@id\":\"https:\\\/\\\/www.heldenhaushalt.de\\\/sari02\\\/index.php\\\/2017\\\/11\\\/03\\\/freitags5-5-tage-5-fotos-im-nov-01-2\\\/#article\",\"isPartOf\":{\"@id\":\"https:\\\/\\\/www.heldenhaushalt.de\\\/sari02\\\/index.php\\\/2017\\\/11\\\/03\\\/freitags5-5-tage-5-fotos-im-nov-01-2\\\/\"},\"author\":{\"name\":\"Sari\",\"@id\":\"https:\\\/\\\/www.heldenhaushalt.de\\\/sari02\\\/#\\\/schema\\\/person\\\/a1cc69f42a01f412eb62c151353814f6\"},\"headline\":\"#Freitags5 \u2013 5 Tage 5 Fotos im November #01\",\"datePublished\":\"2017-11-03T08:00:50+00:00\",\"dateModified\":\"2017-11-04T05:07:09+00:00\",\"mainEntityOfPage\":{\"@id\":\"https:\\\/\\\/www.heldenhaushalt.de\\\/sari02\\\/index.php\\\/2017\\\/11\\\/03\\\/freitags5-5-tage-5-fotos-im-nov-01-2\\\/\"},\"wordCount\":767,\"commentCount\":0,\"publisher\":{\"@id\":\"https:\\\/\\\/www.heldenhaushalt.de\\\/sari02\\\/#\\\/schema\\\/person\\\/a1cc69f42a01f412eb62c151353814f6\"},\"image\":{\"@id\":\"https:\\\/\\\/www.heldenhaushalt.de\\\/sari02\\\/index.php\\\/2017\\\/11\\\/03\\\/freitags5-5-tage-5-fotos-im-nov-01-2\\\/#primaryimage\"},\"thumbnailUrl\":\"https:\\\/\\\/www.heldenhaushalt.de\\\/sari02\\\/wp-content\\\/uploads\\\/2017\\\/11\\\/44-03.jpg\",\"keywords\":[\"#Freitags5\",\"#Freitagslieblinge\",\"Allt\u00e4glich\",\"Berlin Mitte Mom\",\"Essen\",\"Familie\",\"Kinder\",\"Lesen\"],\"articleSection\":[\"Alltagschaos\",\"Blogsph\u00e4re\"],\"inLanguage\":\"de\",\"potentialAction\":[{\"@type\":\"CommentAction\",\"name\":\"Comment\",\"target\":[\"https:\\\/\\\/www.heldenhaushalt.de\\\/sari02\\\/index.php\\\/2017\\\/11\\\/03\\\/freitags5-5-tage-5-fotos-im-nov-01-2\\\/#respond\"]}]},{\"@type\":\"WebPage\",\"@id\":\"https:\\\/\\\/www.heldenhaushalt.de\\\/sari02\\\/index.php\\\/2017\\\/11\\\/03\\\/freitags5-5-tage-5-fotos-im-nov-01-2\\\/\",\"url\":\"https:\\\/\\\/www.heldenhaushalt.de\\\/sari02\\\/index.php\\\/2017\\\/11\\\/03\\\/freitags5-5-tage-5-fotos-im-nov-01-2\\\/\",\"name\":\"#Freitags5 \u2013 5 Tage 5 Fotos im November #01 - Heldenhaushalt\",\"isPartOf\":{\"@id\":\"https:\\\/\\\/www.heldenhaushalt.de\\\/sari02\\\/#website\"},\"primaryImageOfPage\":{\"@id\":\"https:\\\/\\\/www.heldenhaushalt.de\\\/sari02\\\/index.php\\\/2017\\\/11\\\/03\\\/freitags5-5-tage-5-fotos-im-nov-01-2\\\/#primaryimage\"},\"image\":{\"@id\":\"https:\\\/\\\/www.heldenhaushalt.de\\\/sari02\\\/index.php\\\/2017\\\/11\\\/03\\\/freitags5-5-tage-5-fotos-im-nov-01-2\\\/#primaryimage\"},\"thumbnailUrl\":\"https:\\\/\\\/www.heldenhaushalt.de\\\/sari02\\\/wp-content\\\/uploads\\\/2017\\\/11\\\/44-03.jpg\",\"datePublished\":\"2017-11-03T08:00:50+00:00\",\"dateModified\":\"2017-11-04T05:07:09+00:00\",\"description\":\"Das war eine....nasse Woche. Um es mal kurz zu formulieren. Viel dunkel, viel Regen. Dennoch hier unsere #Freitags5 f\u00fcr Euch!\",\"breadcrumb\":{\"@id\":\"https:\\\/\\\/www.heldenhaushalt.de\\\/sari02\\\/index.php\\\/2017\\\/11\\\/03\\\/freitags5-5-tage-5-fotos-im-nov-01-2\\\/#breadcrumb\"},\"inLanguage\":\"de\",\"potentialAction\":[{\"@type\":\"ReadAction\",\"target\":[\"https:\\\/\\\/www.heldenhaushalt.de\\\/sari02\\\/index.php\\\/2017\\\/11\\\/03\\\/freitags5-5-tage-5-fotos-im-nov-01-2\\\/\"]}]},{\"@type\":\"ImageObject\",\"inLanguage\":\"de\",\"@id\":\"https:\\\/\\\/www.heldenhaushalt.de\\\/sari02\\\/index.php\\\/2017\\\/11\\\/03\\\/freitags5-5-tage-5-fotos-im-nov-01-2\\\/#primaryimage\",\"url\":\"https:\\\/\\\/www.heldenhaushalt.de\\\/sari02\\\/wp-content\\\/uploads\\\/2017\\\/11\\\/44-03.jpg\",\"contentUrl\":\"https:\\\/\\\/www.heldenhaushalt.de\\\/sari02\\\/wp-content\\\/uploads\\\/2017\\\/11\\\/44-03.jpg\",\"width\":1000,\"height\":1000,\"caption\":\"#Freitags5\"},{\"@type\":\"BreadcrumbList\",\"@id\":\"https:\\\/\\\/www.heldenhaushalt.de\\\/sari02\\\/index.php\\\/2017\\\/11\\\/03\\\/freitags5-5-tage-5-fotos-im-nov-01-2\\\/#breadcrumb\",\"itemListElement\":[{\"@type\":\"ListItem\",\"position\":1,\"name\":\"Startseite\",\"item\":\"https:\\\/\\\/www.heldenhaushalt.de\\\/sari02\\\/\"},{\"@type\":\"ListItem\",\"position\":2,\"name\":\"#Freitags5 \u2013 5 Tage 5 Fotos im November #01\"}]},{\"@type\":\"WebSite\",\"@id\":\"https:\\\/\\\/www.heldenhaushalt.de\\\/sari02\\\/#website\",\"url\":\"https:\\\/\\\/www.heldenhaushalt.de\\\/sari02\\\/\",\"name\":\"Heldenhaushalt\",\"description\":\"Wer es ordentlich haben will, der muss vorher anrufen\",\"publisher\":{\"@id\":\"https:\\\/\\\/www.heldenhaushalt.de\\\/sari02\\\/#\\\/schema\\\/person\\\/a1cc69f42a01f412eb62c151353814f6\"},\"potentialAction\":[{\"@type\":\"SearchAction\",\"target\":{\"@type\":\"EntryPoint\",\"urlTemplate\":\"https:\\\/\\\/www.heldenhaushalt.de\\\/sari02\\\/?s={search_term_string}\"},\"query-input\":{\"@type\":\"PropertyValueSpecification\",\"valueRequired\":true,\"valueName\":\"search_term_string\"}}],\"inLanguage\":\"de\"},{\"@type\":[\"Person\",\"Organization\"],\"@id\":\"https:\\\/\\\/www.heldenhaushalt.de\\\/sari02\\\/#\\\/schema\\\/person\\\/a1cc69f42a01f412eb62c151353814f6\",\"name\":\"Sari\",\"image\":{\"@type\":\"ImageObject\",\"inLanguage\":\"de\",\"@id\":\"https:\\\/\\\/www.heldenhaushalt.de\\\/sari02\\\/wp-content\\\/uploads\\\/2019\\\/02\\\/sari-april2018.png\",\"url\":\"https:\\\/\\\/www.heldenhaushalt.de\\\/sari02\\\/wp-content\\\/uploads\\\/2019\\\/02\\\/sari-april2018.png\",\"contentUrl\":\"https:\\\/\\\/www.heldenhaushalt.de\\\/sari02\\\/wp-content\\\/uploads\\\/2019\\\/02\\\/sari-april2018.png\",\"width\":500,\"height\":500,\"caption\":\"Sari\"},\"logo\":{\"@id\":\"https:\\\/\\\/www.heldenhaushalt.de\\\/sari02\\\/wp-content\\\/uploads\\\/2019\\\/02\\\/sari-april2018.png\"},\"description\":\"Frau Mondgras \u2013 Das bin ich, Sari. Gerne auch als Sari Mondgras bekannt und im Internet zu finden. 2-Fach-Mutter, Heldenehefrau, Kreativling, Harmonies\u00fcchtig und st\u00e4ndig auf der Suche nach Gl\u00fcck. Ich komme aus Berlin, bin hier aufgewachsen und lebe hier seit ich denken kann.\",\"sameAs\":[\"https:\\\/\\\/www.instagram.com\\\/heldenhaushalt\\\/\"],\"url\":\"https:\\\/\\\/www.heldenhaushalt.de\\\/sari02\\\/index.php\\\/author\\\/admin\\\/\"}]}<\/script>\n<!-- \/ Yoast SEO plugin. -->","yoast_head_json":{"title":"#Freitags5 \u2013 5 Tage 5 Fotos im November #01 - Heldenhaushalt","description":"Das war eine....nasse Woche. Um es mal kurz zu formulieren. Viel dunkel, viel Regen. Dennoch hier unsere #Freitags5 f\u00fcr Euch!","robots":{"index":"index","follow":"follow","max-snippet":"max-snippet:-1","max-image-preview":"max-image-preview:large","max-video-preview":"max-video-preview:-1"},"canonical":"https:\/\/www.heldenhaushalt.de\/sari02\/index.php\/2017\/11\/03\/freitags5-5-tage-5-fotos-im-nov-01-2\/","og_locale":"de_DE","og_type":"article","og_title":"#Freitags5 \u2013 5 Tage 5 Fotos im November #01 - Heldenhaushalt","og_description":"Das war eine....nasse Woche. Um es mal kurz zu formulieren. Viel dunkel, viel Regen. Dennoch hier unsere #Freitags5 f\u00fcr Euch!","og_url":"https:\/\/www.heldenhaushalt.de\/sari02\/index.php\/2017\/11\/03\/freitags5-5-tage-5-fotos-im-nov-01-2\/","og_site_name":"Heldenhaushalt","article_published_time":"2017-11-03T08:00:50+00:00","article_modified_time":"2017-11-04T05:07:09+00:00","og_image":[{"width":1000,"height":1000,"url":"https:\/\/www.heldenhaushalt.de\/sari02\/wp-content\/uploads\/2017\/11\/44-03.jpg","type":"image\/jpeg"}],"author":"Sari","twitter_card":"summary_large_image","twitter_creator":"@Heldenhaushalt","twitter_site":"@Heldenhaushalt","twitter_misc":{"Verfasst von":"Sari","Gesch\u00e4tzte Lesezeit":"4\u00a0Minuten"},"schema":{"@context":"https:\/\/schema.org","@graph":[{"@type":"Article","@id":"https:\/\/www.heldenhaushalt.de\/sari02\/index.php\/2017\/11\/03\/freitags5-5-tage-5-fotos-im-nov-01-2\/#article","isPartOf":{"@id":"https:\/\/www.heldenhaushalt.de\/sari02\/index.php\/2017\/11\/03\/freitags5-5-tage-5-fotos-im-nov-01-2\/"},"author":{"name":"Sari","@id":"https:\/\/www.heldenhaushalt.de\/sari02\/#\/schema\/person\/a1cc69f42a01f412eb62c151353814f6"},"headline":"#Freitags5 \u2013 5 Tage 5 Fotos im November #01","datePublished":"2017-11-03T08:00:50+00:00","dateModified":"2017-11-04T05:07:09+00:00","mainEntityOfPage":{"@id":"https:\/\/www.heldenhaushalt.de\/sari02\/index.php\/2017\/11\/03\/freitags5-5-tage-5-fotos-im-nov-01-2\/"},"wordCount":767,"commentCount":0,"publisher":{"@id":"https:\/\/www.heldenhaushalt.de\/sari02\/#\/schema\/person\/a1cc69f42a01f412eb62c151353814f6"},"image":{"@id":"https:\/\/www.heldenhaushalt.de\/sari02\/index.php\/2017\/11\/03\/freitags5-5-tage-5-fotos-im-nov-01-2\/#primaryimage"},"thumbnailUrl":"https:\/\/www.heldenhaushalt.de\/sari02\/wp-content\/uploads\/2017\/11\/44-03.jpg","keywords":["#Freitags5","#Freitagslieblinge","Allt\u00e4glich","Berlin Mitte Mom","Essen","Familie","Kinder","Lesen"],"articleSection":["Alltagschaos","Blogsph\u00e4re"],"inLanguage":"de","potentialAction":[{"@type":"CommentAction","name":"Comment","target":["https:\/\/www.heldenhaushalt.de\/sari02\/index.php\/2017\/11\/03\/freitags5-5-tage-5-fotos-im-nov-01-2\/#respond"]}]},{"@type":"WebPage","@id":"https:\/\/www.heldenhaushalt.de\/sari02\/index.php\/2017\/11\/03\/freitags5-5-tage-5-fotos-im-nov-01-2\/","url":"https:\/\/www.heldenhaushalt.de\/sari02\/index.php\/2017\/11\/03\/freitags5-5-tage-5-fotos-im-nov-01-2\/","name":"#Freitags5 \u2013 5 Tage 5 Fotos im November #01 - Heldenhaushalt","isPartOf":{"@id":"https:\/\/www.heldenhaushalt.de\/sari02\/#website"},"primaryImageOfPage":{"@id":"https:\/\/www.heldenhaushalt.de\/sari02\/index.php\/2017\/11\/03\/freitags5-5-tage-5-fotos-im-nov-01-2\/#primaryimage"},"image":{"@id":"https:\/\/www.heldenhaushalt.de\/sari02\/index.php\/2017\/11\/03\/freitags5-5-tage-5-fotos-im-nov-01-2\/#primaryimage"},"thumbnailUrl":"https:\/\/www.heldenhaushalt.de\/sari02\/wp-content\/uploads\/2017\/11\/44-03.jpg","datePublished":"2017-11-03T08:00:50+00:00","dateModified":"2017-11-04T05:07:09+00:00","description":"Das war eine....nasse Woche. Um es mal kurz zu formulieren. Viel dunkel, viel Regen. Dennoch hier unsere #Freitags5 f\u00fcr Euch!","breadcrumb":{"@id":"https:\/\/www.heldenhaushalt.de\/sari02\/index.php\/2017\/11\/03\/freitags5-5-tage-5-fotos-im-nov-01-2\/#breadcrumb"},"inLanguage":"de","potentialAction":[{"@type":"ReadAction","target":["https:\/\/www.heldenhaushalt.de\/sari02\/index.php\/2017\/11\/03\/freitags5-5-tage-5-fotos-im-nov-01-2\/"]}]},{"@type":"ImageObject","inLanguage":"de","@id":"https:\/\/www.heldenhaushalt.de\/sari02\/index.php\/2017\/11\/03\/freitags5-5-tage-5-fotos-im-nov-01-2\/#primaryimage","url":"https:\/\/www.heldenhaushalt.de\/sari02\/wp-content\/uploads\/2017\/11\/44-03.jpg","contentUrl":"https:\/\/www.heldenhaushalt.de\/sari02\/wp-content\/uploads\/2017\/11\/44-03.jpg","width":1000,"height":1000,"caption":"#Freitags5"},{"@type":"BreadcrumbList","@id":"https:\/\/www.heldenhaushalt.de\/sari02\/index.php\/2017\/11\/03\/freitags5-5-tage-5-fotos-im-nov-01-2\/#breadcrumb","itemListElement":[{"@type":"ListItem","position":1,"name":"Startseite","item":"https:\/\/www.heldenhaushalt.de\/sari02\/"},{"@type":"ListItem","position":2,"name":"#Freitags5 \u2013 5 Tage 5 Fotos im November #01"}]},{"@type":"WebSite","@id":"https:\/\/www.heldenhaushalt.de\/sari02\/#website","url":"https:\/\/www.heldenhaushalt.de\/sari02\/","name":"Heldenhaushalt","description":"Wer es ordentlich haben will, der muss vorher anrufen","publisher":{"@id":"https:\/\/www.heldenhaushalt.de\/sari02\/#\/schema\/person\/a1cc69f42a01f412eb62c151353814f6"},"potentialAction":[{"@type":"SearchAction","target":{"@type":"EntryPoint","urlTemplate":"https:\/\/www.heldenhaushalt.de\/sari02\/?s={search_term_string}"},"query-input":{"@type":"PropertyValueSpecification","valueRequired":true,"valueName":"search_term_string"}}],"inLanguage":"de"},{"@type":["Person","Organization"],"@id":"https:\/\/www.heldenhaushalt.de\/sari02\/#\/schema\/person\/a1cc69f42a01f412eb62c151353814f6","name":"Sari","image":{"@type":"ImageObject","inLanguage":"de","@id":"https:\/\/www.heldenhaushalt.de\/sari02\/wp-content\/uploads\/2019\/02\/sari-april2018.png","url":"https:\/\/www.heldenhaushalt.de\/sari02\/wp-content\/uploads\/2019\/02\/sari-april2018.png","contentUrl":"https:\/\/www.heldenhaushalt.de\/sari02\/wp-content\/uploads\/2019\/02\/sari-april2018.png","width":500,"height":500,"caption":"Sari"},"logo":{"@id":"https:\/\/www.heldenhaushalt.de\/sari02\/wp-content\/uploads\/2019\/02\/sari-april2018.png"},"description":"Frau Mondgras \u2013 Das bin ich, Sari. Gerne auch als Sari Mondgras bekannt und im Internet zu finden. 2-Fach-Mutter, Heldenehefrau, Kreativling, Harmonies\u00fcchtig und st\u00e4ndig auf der Suche nach Gl\u00fcck. Ich komme aus Berlin, bin hier aufgewachsen und lebe hier seit ich denken kann.","sameAs":["https:\/\/www.instagram.com\/heldenhaushalt\/"],"url":"https:\/\/www.heldenhaushalt.de\/sari02\/index.php\/author\/admin\/"}]}},"views":4259,"_links":{"self":[{"href":"https:\/\/www.heldenhaushalt.de\/sari02\/index.php\/wp-json\/wp\/v2\/posts\/34697","targetHints":{"allow":["GET"]}}],"collection":[{"href":"https:\/\/www.heldenhaushalt.de\/sari02\/index.php\/wp-json\/wp\/v2\/posts"}],"about":[{"href":"https:\/\/www.heldenhaushalt.de\/sari02\/index.php\/wp-json\/wp\/v2\/types\/post"}],"author":[{"embeddable":true,"href":"https:\/\/www.heldenhaushalt.de\/sari02\/index.php\/wp-json\/wp\/v2\/users\/1"}],"replies":[{"embeddable":true,"href":"https:\/\/www.heldenhaushalt.de\/sari02\/index.php\/wp-json\/wp\/v2\/comments?post=34697"}],"version-history":[{"count":4,"href":"https:\/\/www.heldenhaushalt.de\/sari02\/index.php\/wp-json\/wp\/v2\/posts\/34697\/revisions"}],"predecessor-version":[{"id":34722,"href":"https:\/\/www.heldenhaushalt.de\/sari02\/index.php\/wp-json\/wp\/v2\/posts\/34697\/revisions\/34722"}],"wp:featuredmedia":[{"embeddable":true,"href":"https:\/\/www.heldenhaushalt.de\/sari02\/index.php\/wp-json\/wp\/v2\/media\/34717"}],"wp:attachment":[{"href":"https:\/\/www.heldenhaushalt.de\/sari02\/index.php\/wp-json\/wp\/v2\/media?parent=34697"}],"wp:term":[{"taxonomy":"category","embeddable":true,"href":"https:\/\/www.heldenhaushalt.de\/sari02\/index.php\/wp-json\/wp\/v2\/categories?post=34697"},{"taxonomy":"post_tag","embeddable":true,"href":"https:\/\/www.heldenhaushalt.de\/sari02\/index.php\/wp-json\/wp\/v2\/tags?post=34697"}],"curies":[{"name":"wp","href":"https:\/\/api.w.org\/{rel}","templated":true}]}}