{"id":35020,"date":"2017-12-20T10:00:00","date_gmt":"2017-12-20T09:00:00","guid":{"rendered":"http:\/\/www.heldenhaushalt.de\/sari02\/?p=35020"},"modified":"2017-12-20T11:22:20","modified_gmt":"2017-12-20T10:22:20","slug":"vom-vermissen-kinderbuch","status":"publish","type":"post","link":"https:\/\/www.heldenhaushalt.de\/sari02\/index.php\/2017\/12\/20\/vom-vermissen-kinderbuch\/","title":{"rendered":"Vom Vermissen &#8211; Ein paar sch&#246;ne Kinderbuch &#8211; Empfehlungen"},"content":{"rendered":"<p><a href=\"http:\/\/www.heldenhaushalt.de\/sari02\/index.php\/2016\/03\/07\/vom-vermissen\/\">Vor einigen Jahren schrieb ich einen Artikel.<\/a> Darin ging es um ein Thema, das mich hin und wieder daran erinnert, dass da ein kleines Loch in meinem Herzen ist, das sich nicht wieder auff&#252;llen l&#228;sst. Eine L&#252;cke in meinem Leben, die niemand zu schlie&#223;en wei&#223;. Das m&#246;chte ich auch gar nicht, denn sie hat ihre Daseinsberechtigung, wie so viele andere Dinge im Leben auch.<\/p>\n<p>Ich habe meine Kinder, die mich dann und wann an einen Menschen in meinem Leben erinnern und das schmerzt an manchen Tagen. Sehr. Doch es geh&#246;rt zu mir und irgendwie ist da neben dem Schmerz auch Gl&#252;ck. &#220;ber all das, was ich erleben und f&#252;hlen darf und durfte und nun in meinen Kindern wieder entdecke. Jeden Tag ein St&#252;ckchen. <a href=\"http:\/\/www.heldenhaushalt.de\/sari02\/index.php\/2007\/11\/16\/ein-mensch-dem-ich-viel-zu-verdanken-habe\/\">Ich sprach vor Jahren auch einmal &#252;ber Dankbarkeit<\/a> und erz&#228;hlte euch von diesem Menschen, der mein Leben um so vieles reicher gemacht hat.<\/p>\n<h2>Dar&#252;ber reden hilft. Dar&#252;ber schweigen nicht.<\/h2>\n<p>Gestern war der 19. Dezember. Eigentlich wollte ich bereits gestern diesen Beitrag hier schreiben, aber ich fand einfach nicht die innere Ruhe dazu. Ich bin nicht der Mensch, der sich an einem Ort zum Trauern einfindet, aber ich bin ein Mensch mit starken Gef&#252;hlen und Emotionen und diese haben mich gestern davon abgehalten. Ich wollte und konnte einfach nicht. Also lie&#223; ich es. Gestern war der 9. Todestag meines Vaters. Es ist schwer zu begreifen, dass seitdem tats&#228;chlich schon wieder 9 Jahre vergangen sind und ich frage mich, wie das passieren konnte.<\/p>\n<p>Also denke ich an diesem Tag ein bisschen mehr dar&#252;ber nach und erlaube mir auch einfach mal traurig zu sein und zu vermissen. Der Tag verl&#228;uft bei mir immer etwas nachdenklicher und ruhiger und das ist ok so. Das brauche ich.<\/p>\n<p>Mit meinen Kindern rede ich dar&#252;ber. Sie wissen, wie es mir geht. Wissen, dass ich meinen Vater vermisse und dass es ein wundervoller Mensch war. So gut sie es eben in ihrem jeweiligen Alter verstehen und ja, in diesen Momenten kommt dann der Miniheld zu mir, nimmt mich in den Arm und sagt mir, dass er seinen Opa gerne kennen gelernt h&#228;tte und es treibt mir auch in diesem Moment die Tr&#228;nen wieder in die Augen. Ich wei&#223;, dass die beiden so wunderbar miteinander ausgekommen w&#228;ren und es schmerzt mich bitterlich, dass sie sich niemals kennen lernen werden. Umso wichtiger ist es mir, mit meinen Kindern &#252;ber diesen wertvollen Menschen in meinem Leben zu reden. In allen Facetten, &#252;ber alles, was ihn ausgemacht hat. Seine Standpauken, seine Rettungsaktionen, seine Kuscheleinheiten, einen Beruf, seine Musik, seine Verfehlungen. Alles, was zu ihm geh&#246;rt, damit meine Jungs sp&#228;ter einmal sagen k&#246;nnen, dass sie ihren Opa zwar nie getroffen haben, aber genau wissen, was f&#252;r ein Mensch er war.<\/p>\n<h2>Es ist gro&#223;es Gl&#252;ck, dass ich mit meinen Kindern so &#252;ber das Vermissen reden kann.<\/h2>\n<p>Es befreit mein Herz. Es macht es zwar auch schwer, aber auch frei. Ich habe das Gef&#252;hl meinen Kindern einen wichtigen Bestandteil aus ihrem Leben mitgegeben zu haben, ihnen das alles nicht vor zu enthalten.<\/p>\n<p>Es ist nicht einfach &#252;ber so etwas Schweres und Wichtiges mit Kindern zu reden. Verstehen sie es? Wie verarbeiten sie es? Wollen sie das &#252;berhaupt?&nbsp;<\/p>\n<p>Der Miniheld ist recht pfiffig und in seinem Denken war er schon fr&#252;h sehr reif und erwachsen, hat die Dinge schon immer schnell erfasst und verstanden und so hat er auch fr&#252;h gelernt, dass er eigentlich noch einen weiteren Opa h&#228;tte. Das machte es mir einfacher mit ihm &#252;ber Geschichten aus meiner Kindheit zu sprechen. Ich wei&#223; noch nicht, wie es beim Kleinen sein wird, wann ich mit ihm in die Tiefe dieses Gespr&#228;ches eindringen kann, aber auch mit ihm m&#246;chte ich irgendwann &#252;ber all das reden k&#246;nnen.<\/p>\n<h2>Mit Kinder &#252;ber Tod, Trauer und Vermissen sprechen&#8230; mit Hilfe von Kinderb&#252;chern.<\/h2>\n<p>Wie ihr wisst, sind wir Leseratten. Bereits der Kleine bl&#228;ttert gerne in B&#252;chern und lauscht den Geschichten, die wir lesen. Er betrachtet konzentriert die Bilder und versucht die Inhalte zu erfassen. F&#252;r mich war es daher an der Zeit, dass ich mich eingehender damit auseinander setze und somit habe ich mich auf die Suche gemacht. Ich habe nach B&#252;chern gesucht, die ich zu diesem Anlass gerne mit den Kindern lesen und anschauen m&#246;chte. Solche B&#252;cher sind manchmal sehr abstrakt, manchmal sehr direkt und ich staune, was f&#252;r eine gro&#223;e Auswahl es da inzwischen gibt und wie unterschiedlich damit umgegangen wird.<\/p>\n<h2>Eine Auswahl einiger sch&#246;ner B&#252;cher zu dem Thema m&#246;chte ich euch heute vorstellen.<\/h2>\n<p>Einige Wochen habe ich recherchiert. Ich war mit den Kindern in der B&#252;cherei, habe euch nach euren Empfehlungen gefragt, Verlage angesprochen und gelesen. Vor allem gelesen habe ich viel und bin dabei auf wirklich sch&#246;ne Werke gesto&#223;en, die alle irgendwie anders und irgendwie gleich sind. Jedes geht ein bisschen anders mit dem Thema um. Manche sind sehr direkt, manche eher abstrakt und alle haben so einen wohlig sch&#246;nen Beigeschmack. Man seufzt am Ende und f&#252;hlt sich ein bisschen besser. Zumindest ging es mir so.<\/p>\n<p><img loading=\"lazy\" decoding=\"async\" class=\"aligncenter size-full wp-image-35193\" src=\"http:\/\/www.heldenhaushalt.de\/sari02\/wp-content\/uploads\/2017\/12\/vermissen01.jpg\" alt=\"Vermissen\" width=\"1000\" height=\"668\" srcset=\"https:\/\/www.heldenhaushalt.de\/sari02\/wp-content\/uploads\/2017\/12\/vermissen01.jpg 1000w, https:\/\/www.heldenhaushalt.de\/sari02\/wp-content\/uploads\/2017\/12\/vermissen01-300x200.jpg 300w, https:\/\/www.heldenhaushalt.de\/sari02\/wp-content\/uploads\/2017\/12\/vermissen01-768x513.jpg 768w, https:\/\/www.heldenhaushalt.de\/sari02\/wp-content\/uploads\/2017\/12\/vermissen01-600x401.jpg 600w, https:\/\/www.heldenhaushalt.de\/sari02\/wp-content\/uploads\/2017\/12\/vermissen01-660x440.jpg 660w, https:\/\/www.heldenhaushalt.de\/sari02\/wp-content\/uploads\/2017\/12\/vermissen01-373x248.jpg 373w\" sizes=\"auto, (max-width: 1000px) 100vw, 1000px\" \/><\/p>\n<p><a href=\"https:\/\/www.carlsen.de\/sonderausgabe\/opas-engel\/30120\" target=\"_blank\" rel=\"nofollow noopener\"><strong>&#8220;Opas Engel&#8221;&nbsp;<\/strong> <\/a>aus dem Carlsen Verlag von Jutta Bauer zum Beispiel, erz&#228;hlt die Geschichte vom Gro&#223;vater, der von seinem Leben behauptete, dass ihm niemand etwas konnte. Er konnte &#252;ber die gr&#246;&#223;ten L&#246;cher springen, als Sieger aus kleinen Raufereien hervorgehen und so viele Dinge, vor allem w&#228;hrend des Krieges erleben. Dabei hatte er immer einen Engel bei sich, der &#252;ber ihn gewacht hat. Bis zum Schluss, als der Engel weiter zieht.<\/p>\n<p><img loading=\"lazy\" decoding=\"async\" class=\"aligncenter size-full wp-image-35194\" src=\"http:\/\/www.heldenhaushalt.de\/sari02\/wp-content\/uploads\/2017\/12\/vermissen02.jpg\" alt=\"Vermissen\" width=\"1000\" height=\"667\" srcset=\"https:\/\/www.heldenhaushalt.de\/sari02\/wp-content\/uploads\/2017\/12\/vermissen02.jpg 1000w, https:\/\/www.heldenhaushalt.de\/sari02\/wp-content\/uploads\/2017\/12\/vermissen02-300x200.jpg 300w, https:\/\/www.heldenhaushalt.de\/sari02\/wp-content\/uploads\/2017\/12\/vermissen02-768x512.jpg 768w, https:\/\/www.heldenhaushalt.de\/sari02\/wp-content\/uploads\/2017\/12\/vermissen02-600x400.jpg 600w, https:\/\/www.heldenhaushalt.de\/sari02\/wp-content\/uploads\/2017\/12\/vermissen02-660x440.jpg 660w, https:\/\/www.heldenhaushalt.de\/sari02\/wp-content\/uploads\/2017\/12\/vermissen02-373x248.jpg 373w\" sizes=\"auto, (max-width: 1000px) 100vw, 1000px\" \/><\/p>\n<p>In dem Buch erz&#228;hlt Opa seinem Enkel von all dem und in Bildern sehen wir, was er erlebt hat. Einmal quer durch sein Leben. Mit seinem Engel immer an seiner Seite. Als ich das Buch mit dem Minihelden las, da fragte ich mich, ob er den Krieg in den Bildern entdecken konnte und was es bedeutete, dass dort immer ein Engel an Opas Seite flog. Engel, diese Begleiter, die sich jeder gerne vorstellt. Sagt man nicht, dass Kinder und alte Menschen immer einen wachenden Schutzengel an ihrer Seite haben&#8230; Eine sch&#246;ne Vorstellung, oder?<\/p>\n<p><img loading=\"lazy\" decoding=\"async\" class=\"aligncenter size-full wp-image-35195\" src=\"http:\/\/www.heldenhaushalt.de\/sari02\/wp-content\/uploads\/2017\/12\/vermissen03.jpg\" alt=\"Vermissen\" width=\"1000\" height=\"667\" srcset=\"https:\/\/www.heldenhaushalt.de\/sari02\/wp-content\/uploads\/2017\/12\/vermissen03.jpg 1000w, https:\/\/www.heldenhaushalt.de\/sari02\/wp-content\/uploads\/2017\/12\/vermissen03-300x200.jpg 300w, https:\/\/www.heldenhaushalt.de\/sari02\/wp-content\/uploads\/2017\/12\/vermissen03-768x512.jpg 768w, https:\/\/www.heldenhaushalt.de\/sari02\/wp-content\/uploads\/2017\/12\/vermissen03-600x400.jpg 600w, https:\/\/www.heldenhaushalt.de\/sari02\/wp-content\/uploads\/2017\/12\/vermissen03-660x440.jpg 660w, https:\/\/www.heldenhaushalt.de\/sari02\/wp-content\/uploads\/2017\/12\/vermissen03-373x248.jpg 373w\" sizes=\"auto, (max-width: 1000px) 100vw, 1000px\" \/><\/p>\n<p>Zu meinen Favoriten geh&#246;rt allerdings <a href=\"http:\/\/www.aladin-verlag.de\/programm\/detailansicht_709.html\" target=\"_blank\" rel=\"nofollowr noopener\"><strong>&#8220;Opas Insel&#8221; von Benji Davies<\/strong> <\/a>aus dem Aladin Verlag. Die Bilder lassen uns abtauchen in eine farbenfrohe und fr&#246;hliche Welt, so dass einem erst einmal gar nicht bewusst wird, worum es in dem Buch geht. N&#228;mlich um das Thema &#8220;Abschied&#8221;. Eine letzte gemeinsame gro&#223;e Reise, die Enkel und Opa miteinander unternehmen, so bunt und phantasievoll, dass das Buch einfach nur sch&#246;n ist. Vor allem f&#252;r die Augen.<\/p>\n<p><img loading=\"lazy\" decoding=\"async\" class=\"aligncenter size-full wp-image-35196\" src=\"http:\/\/www.heldenhaushalt.de\/sari02\/wp-content\/uploads\/2017\/12\/vermissen04.jpg\" alt=\"Vermissen\" width=\"1000\" height=\"667\" srcset=\"https:\/\/www.heldenhaushalt.de\/sari02\/wp-content\/uploads\/2017\/12\/vermissen04.jpg 1000w, https:\/\/www.heldenhaushalt.de\/sari02\/wp-content\/uploads\/2017\/12\/vermissen04-300x200.jpg 300w, https:\/\/www.heldenhaushalt.de\/sari02\/wp-content\/uploads\/2017\/12\/vermissen04-768x512.jpg 768w, https:\/\/www.heldenhaushalt.de\/sari02\/wp-content\/uploads\/2017\/12\/vermissen04-600x400.jpg 600w, https:\/\/www.heldenhaushalt.de\/sari02\/wp-content\/uploads\/2017\/12\/vermissen04-660x440.jpg 660w, https:\/\/www.heldenhaushalt.de\/sari02\/wp-content\/uploads\/2017\/12\/vermissen04-373x248.jpg 373w\" sizes=\"auto, (max-width: 1000px) 100vw, 1000px\" \/><\/p>\n<p>Die Geschichte selber erz&#228;hlt von Sam und seinem Opa. Sam liebt seinen Opa und ist st&#228;ndig zu Besuch bei ihm. Eines Tages findet er Opa allerdings ungewohnter Weise auf dem Dachboden vor, in der Wand eine T&#252;r, die es so vorher nicht gab. Das Haus wird auf einmal zu einem gro&#223;en Schiff und gemeinsam unternehmen sie eine Reise. Sie landen auf einer wundersch&#246;nen und farbenfrohen Insel und am Ende beschlie&#223;t der Opa, dass er gerne dort bleiben m&#246;chte. Sam reist also alleine zur&#252;ck&#8230;. Ein wirklich sch&#246;nes Buch.<\/p>\n<p><img loading=\"lazy\" decoding=\"async\" class=\"aligncenter size-full wp-image-35197\" src=\"http:\/\/www.heldenhaushalt.de\/sari02\/wp-content\/uploads\/2017\/12\/vermissen05.jpg\" alt=\"Vermissen\" width=\"1000\" height=\"667\" srcset=\"https:\/\/www.heldenhaushalt.de\/sari02\/wp-content\/uploads\/2017\/12\/vermissen05.jpg 1000w, https:\/\/www.heldenhaushalt.de\/sari02\/wp-content\/uploads\/2017\/12\/vermissen05-300x200.jpg 300w, https:\/\/www.heldenhaushalt.de\/sari02\/wp-content\/uploads\/2017\/12\/vermissen05-768x512.jpg 768w, https:\/\/www.heldenhaushalt.de\/sari02\/wp-content\/uploads\/2017\/12\/vermissen05-600x400.jpg 600w, https:\/\/www.heldenhaushalt.de\/sari02\/wp-content\/uploads\/2017\/12\/vermissen05-660x440.jpg 660w, https:\/\/www.heldenhaushalt.de\/sari02\/wp-content\/uploads\/2017\/12\/vermissen05-373x248.jpg 373w\" sizes=\"auto, (max-width: 1000px) 100vw, 1000px\" \/><\/p>\n<p>Etwas aus der Reihe dagegen f&#228;llt das Buch <a href=\"https:\/\/www.carlsen.de\/hardcover\/weil-du-mir-so-fehlst\/73186\" target=\"_blank\" rel=\"nofollow noopener\"><strong>&#8220;Weil du mir so fehlst&#8221;<\/strong> <\/a>aus dem Carlsen Verlag von Ayse Bosse. Anders deshalb, weil es nicht einfach nur eine Geschichte erz&#228;hlt. Kummer und Trauer geh&#246;rt in den Alltag. Gerade Kinder empfinden dieses Gef&#252;hl so oft und manchmal ist es f&#252;r sie so schwer nachvollziehbar, warum sie dieses Gef&#252;hl nicht in den Griff bekommen. Sie sind traurig, weil sie etwas verloren haben. Egal was. Aber besonders bei einem geliebten Menschen.<\/p>\n<p><img loading=\"lazy\" decoding=\"async\" class=\"aligncenter size-full wp-image-35198\" src=\"http:\/\/www.heldenhaushalt.de\/sari02\/wp-content\/uploads\/2017\/12\/vermissen06.jpg\" alt=\"Vermissen\" width=\"1000\" height=\"667\" srcset=\"https:\/\/www.heldenhaushalt.de\/sari02\/wp-content\/uploads\/2017\/12\/vermissen06.jpg 1000w, https:\/\/www.heldenhaushalt.de\/sari02\/wp-content\/uploads\/2017\/12\/vermissen06-300x200.jpg 300w, https:\/\/www.heldenhaushalt.de\/sari02\/wp-content\/uploads\/2017\/12\/vermissen06-768x512.jpg 768w, https:\/\/www.heldenhaushalt.de\/sari02\/wp-content\/uploads\/2017\/12\/vermissen06-600x400.jpg 600w, https:\/\/www.heldenhaushalt.de\/sari02\/wp-content\/uploads\/2017\/12\/vermissen06-660x440.jpg 660w, https:\/\/www.heldenhaushalt.de\/sari02\/wp-content\/uploads\/2017\/12\/vermissen06-373x248.jpg 373w\" sizes=\"auto, (max-width: 1000px) 100vw, 1000px\" \/><\/p>\n<p>Dieses Buch ist anders als die anderen, weil es den Kindern beim Bew&#228;ltigen dieser Emotionen helfen m&#246;chte. Das tut es auf verschiedene Art und Weise: Es erz&#228;hlt vom B&#228;ren, gibt aber auch kleine &#220;bungen und Anregungen mit, die man mit dem Kind gemeinsam umsetzen kann. Es ist ein Mitmach &#8211; Buch und l&#228;dt dazu ein in ihm zu arbeiten. Kleine Rezepte vers&#252;&#223;en den Alltag, Seiten zum Anmalen helfen dabei den Gef&#252;hlen Luft zu machen. Und vieles mehr.<\/p>\n<p>Der Carlsen Verlag hat sich &#252;brigens auch sehr intensiv mit dem Thema Tod und Trauer besch&#228;ftigt und ein spannendes Unterrichtsmodel entwickelt. Darin zeigen sie auf, warum es so wichtig ist bereits im Grundschulalter das Thema mit Kindern aufzuarbeiten und bieten Arbeitsmaterial zu ihren B&#252;chern, wie zum Beispiel &#8220;Opas Engel&#8221;, das ich ja weiter oben schon vorstellte. Sehr spannend. Vor allem, weil ich dar&#252;ber auf viele weitere sch&#246;ne Buchempfehlungen gesto&#223;en bin.<\/p>\n<p><img loading=\"lazy\" decoding=\"async\" class=\"aligncenter size-full wp-image-35199\" src=\"http:\/\/www.heldenhaushalt.de\/sari02\/wp-content\/uploads\/2017\/12\/vermissen07.jpg\" alt=\"Vermissen\" width=\"1000\" height=\"665\" srcset=\"https:\/\/www.heldenhaushalt.de\/sari02\/wp-content\/uploads\/2017\/12\/vermissen07.jpg 1000w, https:\/\/www.heldenhaushalt.de\/sari02\/wp-content\/uploads\/2017\/12\/vermissen07-300x200.jpg 300w, https:\/\/www.heldenhaushalt.de\/sari02\/wp-content\/uploads\/2017\/12\/vermissen07-768x511.jpg 768w, https:\/\/www.heldenhaushalt.de\/sari02\/wp-content\/uploads\/2017\/12\/vermissen07-600x399.jpg 600w, https:\/\/www.heldenhaushalt.de\/sari02\/wp-content\/uploads\/2017\/12\/vermissen07-660x440.jpg 660w, https:\/\/www.heldenhaushalt.de\/sari02\/wp-content\/uploads\/2017\/12\/vermissen07-373x248.jpg 373w\" sizes=\"auto, (max-width: 1000px) 100vw, 1000px\" \/><\/p>\n<p>Als ich euch nach Empfehlungen fragte, berichteten die meisten von euch mir von diesem Buch. <a href=\"https:\/\/www.amazon.de\/gp\/product\/3845801840\/ref=as_li_tl?ie=UTF8&amp;camp=1638&amp;creative=6742&amp;creativeASIN=3845801840&amp;linkCode=as2&amp;tag=mondgrasde-21&amp;linkId=9b680776466ab515b1fdb266a0228b92\" target=\"_blank\" rel=\"nofollow noopener\"><strong>&#8220;Der Baum der Erinnerung&#8221;<\/strong><\/a>&nbsp;<small>(Affiliate)<\/small> von&nbsp;Britta Teckentrup&nbsp;aus dem ARS Edition Verlag. Ich bin sehr dankbar f&#252;r diese Empfehlung, denn es ist ein wirklich trauriges, aber wundersch&#246;nes Buch, das sehr stille, aber aussagekr&#228;ftige Bilder hat.&nbsp;<\/p>\n<p><img loading=\"lazy\" decoding=\"async\" class=\"aligncenter size-full wp-image-35200\" src=\"http:\/\/www.heldenhaushalt.de\/sari02\/wp-content\/uploads\/2017\/12\/vermissen08.jpg\" alt=\"Vermissen\" width=\"1000\" height=\"651\" srcset=\"https:\/\/www.heldenhaushalt.de\/sari02\/wp-content\/uploads\/2017\/12\/vermissen08.jpg 1000w, https:\/\/www.heldenhaushalt.de\/sari02\/wp-content\/uploads\/2017\/12\/vermissen08-300x195.jpg 300w, https:\/\/www.heldenhaushalt.de\/sari02\/wp-content\/uploads\/2017\/12\/vermissen08-768x500.jpg 768w, https:\/\/www.heldenhaushalt.de\/sari02\/wp-content\/uploads\/2017\/12\/vermissen08-600x391.jpg 600w\" sizes=\"auto, (max-width: 1000px) 100vw, 1000px\" \/><\/p>\n<p>F&#252;ndig wurde ich in der B&#252;cherei. Eines Tages legt der Fuchs sich hin und schl&#228;ft ein. Er wacht nicht wieder auf und seine Freunde, die Tiere des Waldes, finden ihn so vor. In diesem Buch geht es schwerpunktm&#228;&#223;ig um das Erinnern. So wie ich meinen Kindern immer wieder von meinen Erinnerungen an meinen Vater erz&#228;hle, so erz&#228;hlen sich die Tiere von ihrem mit dem Fuchs und je mehr Erinnerungen sie miteinander teilen, desto gr&#246;&#223;er wird eine kleine Pflanze, die schlie&#223;lich zu einem Baum wird. Gro&#223;, kr&#228;ftig und an der Stelle, wo zuvor der Fuchs lag. Ein Baum der Erinnerungen und ein Denkmal f&#252;r all jene, die den Fuchs so sehr liebten. Ich liebe vor allem die Vorstellung, dass aus all den Erinnerungen etwas Neues wachsen kann.<\/p>\n<p><img loading=\"lazy\" decoding=\"async\" class=\"aligncenter size-full wp-image-35201\" src=\"http:\/\/www.heldenhaushalt.de\/sari02\/wp-content\/uploads\/2017\/12\/vermissen09.jpg\" alt=\"Vermissen\" width=\"1000\" height=\"667\" srcset=\"https:\/\/www.heldenhaushalt.de\/sari02\/wp-content\/uploads\/2017\/12\/vermissen09.jpg 1000w, https:\/\/www.heldenhaushalt.de\/sari02\/wp-content\/uploads\/2017\/12\/vermissen09-300x200.jpg 300w, https:\/\/www.heldenhaushalt.de\/sari02\/wp-content\/uploads\/2017\/12\/vermissen09-768x512.jpg 768w, https:\/\/www.heldenhaushalt.de\/sari02\/wp-content\/uploads\/2017\/12\/vermissen09-600x400.jpg 600w, https:\/\/www.heldenhaushalt.de\/sari02\/wp-content\/uploads\/2017\/12\/vermissen09-660x440.jpg 660w, https:\/\/www.heldenhaushalt.de\/sari02\/wp-content\/uploads\/2017\/12\/vermissen09-373x248.jpg 373w\" sizes=\"auto, (max-width: 1000px) 100vw, 1000px\" \/><\/p>\n<p>Ebenfalls in der B&#252;cherei fand ich dann noch diese beiden B&#252;cher: <a href=\"https:\/\/www.amazon.de\/gp\/product\/3219115284\/ref=as_li_tl?ie=UTF8&amp;camp=1638&amp;creative=6742&amp;creativeASIN=3219115284&amp;linkCode=as2&amp;tag=mondgrasde-21&amp;linkId=558cacb102e7ee45e99ce90c4bddef76\" target=\"_blank\" rel=\"nofollow noopener\"><strong>&#8220;Leb Wohl, lieber Dachs&#8221;<\/strong> <\/a><small>(Affiliate)<\/small> von Susan Varley aus dem Annette&nbsp;Betz Verlag und <a href=\"https:\/\/www.amazon.de\/gp\/product\/388897657X\/ref=as_li_tl?ie=UTF8&amp;camp=1638&amp;creative=6742&amp;creativeASIN=388897657X&amp;linkCode=as2&amp;tag=mondgrasde-21&amp;linkId=d06909ce7f299fd0946461db26dffe58\" target=\"_blank\" rel=\"nofollow noopener\"><strong>&#8220;Ente, Tod und Tulpe&#8221;<\/strong> <\/a><small>(Affiliate)<\/small> von Wolf Erlbruch aus dem Kunstmann Verlag.<\/p>\n<p>Alle Tiere liebten den alten Dachs. Er war immer f&#252;r die anderen Tiere da, nun allerdings nicht mehr. Jedes Tier f&#252;r sich erinnert sich in &#8220;Leb wohl, lieber Dachs&#8221; an diesen und wir erfahren, in welchem Zusammenhang sie miteinander standen. Mit jeder Erinnerung vergeht etwas Zeit und schlie&#223;lich ist im Laufe der Zeit die Trauer zwar noch da, aber nicht mehr so schmerzhaft, wie am Anfang und die sch&#246;nen Erinnerungen an ihn haben an Kraft gewonnen. Auch dieses Buch zeigt uns, wie wichtig es ist, sich der sch&#246;nen Dinge, die man gemeinsam erlebt hat, zu besinnen.<\/p>\n<p><img loading=\"lazy\" decoding=\"async\" class=\"aligncenter size-full wp-image-35202\" src=\"http:\/\/www.heldenhaushalt.de\/sari02\/wp-content\/uploads\/2017\/12\/vermissen10.jpg\" alt=\"Vermissen\" width=\"1000\" height=\"667\" srcset=\"https:\/\/www.heldenhaushalt.de\/sari02\/wp-content\/uploads\/2017\/12\/vermissen10.jpg 1000w, https:\/\/www.heldenhaushalt.de\/sari02\/wp-content\/uploads\/2017\/12\/vermissen10-300x200.jpg 300w, https:\/\/www.heldenhaushalt.de\/sari02\/wp-content\/uploads\/2017\/12\/vermissen10-768x512.jpg 768w, https:\/\/www.heldenhaushalt.de\/sari02\/wp-content\/uploads\/2017\/12\/vermissen10-600x400.jpg 600w, https:\/\/www.heldenhaushalt.de\/sari02\/wp-content\/uploads\/2017\/12\/vermissen10-660x440.jpg 660w, https:\/\/www.heldenhaushalt.de\/sari02\/wp-content\/uploads\/2017\/12\/vermissen10-373x248.jpg 373w\" sizes=\"auto, (max-width: 1000px) 100vw, 1000px\" \/><\/p>\n<p>&#8220;Ente, Tod und Tulpe&#8221; ist &#252;brigens das einzige Buch der hier aufgelisteten, bei dem wir den Tod treffen und er wirkt ein bisschen naiv und zutraulich, hat etwas sehr Sympathisches und irgendwie auch kindliches. Seine Darstellung ist &#252;berhaupt nicht schrecklich. Das Buch ist weniger erz&#228;hlend, ein wenig abstrakt und irgendwie poetisch. Ob es f&#252;r Kinder verst&#228;ndlich ist, das kann ich nicht sagen. Aber es ist irgendwie ruhig und beruhigend. Und somit ein sch&#246;nes Buch zu dem Thema, bei dem der Tod eher als Freund angesehen wird.<\/p>\n<p>Es gibt so viele sch&#246;ne B&#252;cher, mit denen man sich befassen kann. Die Auswahl erscheint im ersten Moment gigantisch und &#252;berfordert einen vielleicht ein wenig. Welches Buch ist f&#252;r meine Situation das richtige? Welches hilft mir dabei das Thema richtig anzugehen? Das muss jeder f&#252;r sich selber heraus finden. Ich pers&#246;nlich denke, dass jedes auf seine Art wichtig und besonders ist und auch, wenn vielleicht kein Anlass besteht.<\/p>\n<p>Wie seht ihr das? Ist das Thema bei euch pr&#228;sent? Musstet ihr euch mit euren Kindern bereits damit befassen und habt ihr Buchempfehlungen, die ihr mit uns teilen wollt? Ich w&#252;rde mich sehr &#252;ber eure Hinweise dazu in den Kommentaren freuen. Zum Schluss m&#246;chte ich euch einen wundervollen Mittwoch w&#252;nschen&#8230;<\/p>\n<p><img decoding=\"async\" class=\"alignright\" src=\"https:\/\/www.heldenhaushalt.de \/sari02\/wp-content\/uploads\/2015\/01\/sari-unter.jpg?zoom=1.5&amp;resize=130%2C59\" alt=\"sari-unter\"><\/p>\n","protected":false},"excerpt":{"rendered":"<p>Vor einigen Jahren schrieb ich einen Artikel. Darin ging es um ein Thema, das mich hin und wieder daran erinnert, dass da ein kleines Loch in meinem Herzen ist, das sich nicht wieder auff&#252;llen l&#228;sst. Eine L&#252;cke in meinem Leben, die niemand zu schlie&#223;en wei&#223;. Das m&#246;chte ich auch gar nicht, denn sie hat ihre Daseinsberechtigung, wie so viele andere Dinge im Leben auch. Ich habe meine Kinder, die mich dann und wann an einen Menschen in meinem Leben erinnern und das schmerzt an manchen Tagen. Sehr. Doch es geh&#246;rt zu mir und irgendwie ist da neben dem Schmerz auch Gl&#252;ck. &#220;ber all das, was ich erleben und f&#252;hlen darf und durfte und nun in meinen Kindern wieder entdecke. Jeden Tag ein St&#252;ckchen. Ich sprach vor Jahren auch einmal &#252;ber Dankbarkeit und erz&#228;hlte euch von diesem Menschen, der mein Leben um so vieles reicher gemacht hat. Dar&#252;ber reden hilft. Dar&#252;ber schweigen nicht. Gestern war der 19. Dezember. Eigentlich wollte ich bereits gestern diesen Beitrag hier schreiben, aber ich fand einfach nicht die innere Ruhe dazu. Ich bin nicht der Mensch, der sich an einem Ort zum Trauern einfindet, aber ich bin ein Mensch mit starken Gef&#252;hlen und Emotionen und diese haben mich gestern davon abgehalten. Ich wollte und konnte einfach nicht. Also lie&#223; ich es. Gestern war der 9. Todestag meines Vaters. Es ist schwer zu begreifen, dass seitdem tats&#228;chlich schon wieder 9 Jahre vergangen sind und ich frage mich, wie das passieren konnte. Also denke ich an diesem Tag ein bisschen mehr dar&#252;ber nach und erlaube mir auch einfach mal traurig zu sein und zu vermissen. Der Tag verl&#228;uft bei mir immer etwas nachdenklicher und ruhiger und das ist ok so. Das brauche ich. Mit meinen Kindern rede ich dar&#252;ber. Sie wissen, wie es mir geht. Wissen, dass ich meinen Vater vermisse und dass es ein wundervoller Mensch war. So gut sie es eben in ihrem jeweiligen Alter verstehen und ja, in diesen Momenten kommt dann der Miniheld zu mir, nimmt mich in den Arm und sagt mir, dass er seinen Opa gerne kennen gelernt h&#228;tte und es treibt mir auch in diesem Moment die Tr&#228;nen wieder in die Augen. Ich wei&#223;, dass die beiden so wunderbar miteinander ausgekommen w&#228;ren und es schmerzt mich bitterlich, dass sie sich niemals kennen lernen werden. Umso wichtiger ist es mir, mit meinen Kindern &#252;ber diesen wertvollen Menschen in meinem Leben zu reden. In allen Facetten, &#252;ber alles, was ihn ausgemacht hat. Seine Standpauken, seine Rettungsaktionen, seine Kuscheleinheiten, einen Beruf, seine Musik, seine Verfehlungen. Alles, was zu ihm geh&#246;rt, damit meine Jungs sp&#228;ter einmal sagen k&#246;nnen, dass sie ihren Opa zwar nie getroffen haben, aber genau wissen, was f&#252;r ein Mensch er war. Es ist gro&#223;es Gl&#252;ck, dass ich mit meinen Kindern so &#252;ber das Vermissen reden kann. Es befreit mein Herz. Es macht es zwar auch schwer, aber auch frei. Ich habe das Gef&#252;hl meinen Kindern einen wichtigen Bestandteil aus ihrem Leben mitgegeben zu haben, ihnen das alles nicht vor zu enthalten. Es ist nicht einfach &#252;ber so etwas Schweres und Wichtiges mit Kindern zu reden. Verstehen sie es? Wie verarbeiten sie es? Wollen sie das &#252;berhaupt?&nbsp; Der Miniheld ist recht pfiffig und in seinem Denken war er schon fr&#252;h sehr reif und erwachsen, hat die Dinge schon immer schnell erfasst und verstanden und so hat er auch fr&#252;h gelernt, dass er eigentlich noch einen weiteren Opa h&#228;tte. Das machte es mir einfacher mit ihm &#252;ber Geschichten aus meiner Kindheit zu sprechen. Ich wei&#223; noch nicht, wie es beim Kleinen sein wird, wann ich mit ihm in die Tiefe dieses Gespr&#228;ches eindringen kann, aber auch mit ihm m&#246;chte ich irgendwann &#252;ber all das reden k&#246;nnen. Mit Kinder &#252;ber Tod, Trauer und Vermissen sprechen&#8230; mit Hilfe von Kinderb&#252;chern. Wie ihr wisst, sind wir Leseratten. Bereits der Kleine bl&#228;ttert gerne in B&#252;chern und lauscht den Geschichten, die wir lesen. Er betrachtet konzentriert die Bilder und versucht die Inhalte zu erfassen. F&#252;r mich war es daher an der Zeit, dass ich mich eingehender damit auseinander setze und somit habe ich mich auf die Suche gemacht. Ich habe nach B&#252;chern gesucht, die ich zu diesem Anlass gerne mit den Kindern lesen und anschauen m&#246;chte. Solche B&#252;cher sind manchmal sehr abstrakt, manchmal sehr direkt und ich staune, was f&#252;r eine gro&#223;e Auswahl es da inzwischen gibt und wie unterschiedlich damit umgegangen wird. Eine Auswahl einiger sch&#246;ner B&#252;cher zu dem Thema m&#246;chte ich euch heute vorstellen. Einige Wochen habe ich recherchiert. Ich war mit den Kindern in der B&#252;cherei, habe euch nach euren Empfehlungen gefragt, Verlage angesprochen und gelesen. Vor allem gelesen habe ich viel und bin dabei auf wirklich sch&#246;ne Werke gesto&#223;en, die alle irgendwie anders und irgendwie gleich sind. Jedes geht ein bisschen anders mit dem Thema um. Manche sind sehr direkt, manche eher abstrakt und alle haben so einen wohlig sch&#246;nen Beigeschmack. Man seufzt am Ende und f&#252;hlt sich ein bisschen besser. Zumindest ging es mir so. &#8220;Opas Engel&#8221;&nbsp; aus dem Carlsen Verlag von Jutta Bauer zum Beispiel, erz&#228;hlt die Geschichte vom Gro&#223;vater, der von seinem Leben behauptete, dass ihm niemand etwas konnte. Er konnte &#252;ber die gr&#246;&#223;ten L&#246;cher springen, als Sieger aus kleinen Raufereien hervorgehen und so viele Dinge, vor allem w&#228;hrend des Krieges erleben. Dabei hatte er immer einen Engel bei sich, der &#252;ber ihn gewacht hat. Bis zum Schluss, als der Engel weiter zieht. In dem Buch erz&#228;hlt Opa seinem Enkel von all dem und in Bildern sehen wir, was er erlebt hat. Einmal quer durch sein Leben. Mit seinem Engel immer an seiner Seite. Als ich das Buch mit dem Minihelden las, da fragte ich mich, ob er den Krieg in den Bildern entdecken konnte und was es bedeutete, dass dort immer ein Engel an Opas Seite flog. Engel, diese Begleiter, die sich jeder gerne vorstellt. Sagt man nicht, dass Kinder und alte Menschen immer einen wachenden Schutzengel an ihrer Seite haben&#8230; Eine sch&#246;ne Vorstellung, oder? Zu meinen Favoriten geh&#246;rt allerdings &#8220;Opas Insel&#8221; von Benji Davies aus dem Aladin Verlag. Die Bilder lassen uns abtauchen in eine farbenfrohe und fr&#246;hliche Welt, so dass einem erst einmal gar nicht bewusst wird, worum es in dem Buch geht. N&#228;mlich um das Thema &#8220;Abschied&#8221;. Eine letzte gemeinsame gro&#223;e Reise, die Enkel und Opa miteinander unternehmen, so bunt und phantasievoll, dass das Buch einfach nur sch&#246;n ist. Vor allem f&#252;r die Augen. Die Geschichte selber erz&#228;hlt von Sam und seinem Opa. Sam liebt seinen Opa und ist st&#228;ndig zu Besuch bei ihm. Eines Tages findet er Opa allerdings ungewohnter Weise auf dem Dachboden vor, in der Wand eine T&#252;r, die es so vorher nicht gab. Das Haus wird auf einmal zu einem gro&#223;en Schiff und gemeinsam unternehmen sie eine Reise. Sie landen auf einer wundersch&#246;nen und farbenfrohen Insel und am Ende beschlie&#223;t der Opa, dass er gerne dort bleiben m&#246;chte. Sam reist also alleine zur&#252;ck&#8230;. Ein wirklich sch&#246;nes Buch. Etwas aus der Reihe dagegen f&#228;llt das Buch &#8220;Weil du mir so fehlst&#8221; aus dem Carlsen Verlag von Ayse Bosse. Anders deshalb, weil es nicht einfach nur eine Geschichte erz&#228;hlt. Kummer und Trauer geh&#246;rt in den Alltag. Gerade Kinder empfinden dieses Gef&#252;hl so oft und manchmal ist es f&#252;r sie so schwer nachvollziehbar, warum sie dieses Gef&#252;hl nicht in den Griff bekommen. Sie sind traurig, weil sie etwas verloren haben. Egal was. Aber besonders bei einem geliebten Menschen. Dieses Buch ist anders als die anderen, weil es den Kindern beim Bew&#228;ltigen dieser Emotionen helfen m&#246;chte. Das tut es auf verschiedene Art und Weise: Es erz&#228;hlt vom B&#228;ren, gibt aber auch kleine &#220;bungen und Anregungen mit, die man mit dem Kind gemeinsam umsetzen kann. Es ist ein Mitmach &#8211; Buch und l&#228;dt dazu ein in ihm zu arbeiten. Kleine Rezepte vers&#252;&#223;en den Alltag, Seiten zum Anmalen helfen dabei den Gef&#252;hlen Luft zu machen. Und vieles mehr. Der Carlsen Verlag hat sich &#252;brigens auch sehr intensiv mit dem Thema Tod und Trauer besch&#228;ftigt und ein spannendes Unterrichtsmodel entwickelt. Darin zeigen sie auf, warum es so wichtig ist bereits im Grundschulalter das Thema mit Kindern aufzuarbeiten und bieten Arbeitsmaterial zu ihren B&#252;chern, wie zum Beispiel &#8220;Opas Engel&#8221;, das ich ja weiter oben schon vorstellte. Sehr spannend. Vor allem, weil ich dar&#252;ber auf viele weitere sch&#246;ne Buchempfehlungen gesto&#223;en bin. Als ich euch nach Empfehlungen fragte, berichteten die meisten von euch mir von diesem Buch. &#8220;Der Baum der Erinnerung&#8221;&nbsp;(Affiliate) von&nbsp;Britta Teckentrup&nbsp;aus dem ARS Edition Verlag. Ich bin sehr dankbar f&#252;r diese Empfehlung, denn es ist ein wirklich trauriges, aber wundersch&#246;nes Buch, das sehr stille, aber aussagekr&#228;ftige Bilder hat.&nbsp; F&#252;ndig wurde ich in der B&#252;cherei. Eines Tages legt der Fuchs sich hin und schl&#228;ft ein. Er wacht nicht wieder auf und seine Freunde, die Tiere des Waldes, finden ihn so vor. In diesem Buch geht es schwerpunktm&#228;&#223;ig um das Erinnern. So wie ich meinen Kindern immer wieder von meinen Erinnerungen an meinen Vater erz&#228;hle, so erz&#228;hlen sich die Tiere von ihrem mit dem Fuchs und je mehr Erinnerungen sie miteinander teilen, desto gr&#246;&#223;er wird eine kleine Pflanze, die schlie&#223;lich zu einem Baum wird. Gro&#223;, kr&#228;ftig und an der Stelle, wo zuvor der Fuchs lag. Ein Baum der Erinnerungen und ein Denkmal f&#252;r all jene, die den Fuchs so sehr liebten. Ich liebe vor allem die Vorstellung, dass aus all den Erinnerungen etwas Neues wachsen kann. Ebenfalls in der B&#252;cherei fand ich dann noch diese beiden B&#252;cher: &#8220;Leb Wohl, lieber Dachs&#8221; (Affiliate) von Susan Varley aus dem Annette&nbsp;Betz Verlag und &#8220;Ente, Tod und Tulpe&#8221; (Affiliate) von Wolf Erlbruch aus dem Kunstmann Verlag. Alle Tiere liebten den alten Dachs. Er war immer f&#252;r die anderen Tiere da, nun allerdings nicht mehr. Jedes Tier f&#252;r sich erinnert sich in &#8220;Leb wohl, lieber Dachs&#8221; an diesen und wir erfahren, in welchem Zusammenhang sie miteinander standen. Mit jeder Erinnerung vergeht etwas Zeit und schlie&#223;lich ist im Laufe der Zeit die Trauer zwar noch da, aber nicht mehr so schmerzhaft, wie am Anfang und die sch&#246;nen Erinnerungen an ihn haben an Kraft gewonnen. Auch dieses Buch zeigt uns, wie wichtig es ist, sich der sch&#246;nen Dinge, die man gemeinsam erlebt hat, zu besinnen. &#8220;Ente, Tod und Tulpe&#8221; ist &#252;brigens das einzige Buch der hier aufgelisteten, bei dem wir den Tod treffen und er wirkt ein bisschen naiv und zutraulich, hat etwas sehr Sympathisches und irgendwie auch kindliches. Seine Darstellung ist &#252;berhaupt nicht schrecklich. Das Buch ist weniger erz&#228;hlend, ein wenig abstrakt und irgendwie poetisch. Ob es f&#252;r Kinder verst&#228;ndlich ist, das kann ich nicht sagen. Aber es ist irgendwie ruhig und beruhigend. Und somit ein sch&#246;nes Buch zu dem Thema, bei dem der Tod eher als Freund angesehen wird. Es gibt so viele sch&#246;ne B&#252;cher, mit denen man sich befassen kann. Die Auswahl erscheint im ersten Moment gigantisch und &#252;berfordert einen vielleicht ein wenig. Welches Buch ist f&#252;r meine Situation das richtige? Welches hilft mir dabei das Thema richtig anzugehen? Das muss jeder f&#252;r sich selber heraus finden. Ich pers&#246;nlich denke, dass jedes auf seine Art wichtig und besonders ist und auch, wenn vielleicht kein Anlass besteht. Wie seht ihr das? Ist das Thema bei euch pr&#228;sent? Musstet ihr euch mit euren Kindern bereits damit befassen und habt ihr Buchempfehlungen, die ihr mit uns teilen wollt? Ich w&#252;rde mich sehr &#252;ber eure Hinweise dazu in den Kommentaren freuen. Zum Schluss m&#246;chte ich euch einen wundervollen Mittwoch w&#252;nschen&#8230;<\/p>\n","protected":false},"author":1,"featured_media":35193,"comment_status":"open","ping_status":"open","sticky":false,"template":"","format":"standard","meta":{"ngg_post_thumbnail":0,"footnotes":""},"categories":[1690,53,321],"tags":[393,69,392,81,438,933,276,1757,1758,584],"class_list":["post-35020","post","type-post","status-publish","format-standard","has-post-thumbnail","hentry","category-buecher","category-empfehlungen","category-minimum","tag-empfehlungen","tag-familie","tag-gedanken","tag-kinder","tag-kinderbuch","tag-kleinkind","tag-lesen","tag-tod","tag-trauer","tag-vermissen"],"yoast_head":"<!-- This site is optimized with the Yoast SEO plugin v27.5 - https:\/\/yoast.com\/product\/yoast-seo-wordpress\/ -->\n<title>Vom Vermissen - Ein paar sch\u00f6ne Kinderbuch - Empfehlungen<\/title>\n<meta name=\"description\" content=\"Es ist gro\u00dfes Gl\u00fcck, dass ich mit meinen Kindern so \u00fcber das Vermissen reden kann. Es befreit mein Herz. Es macht es zwar auch schwer...\" \/>\n<meta name=\"robots\" content=\"index, follow, max-snippet:-1, max-image-preview:large, max-video-preview:-1\" \/>\n<link rel=\"canonical\" href=\"https:\/\/www.heldenhaushalt.de\/sari02\/index.php\/2017\/12\/20\/vom-vermissen-kinderbuch\/\" \/>\n<meta property=\"og:locale\" content=\"de_DE\" \/>\n<meta property=\"og:type\" content=\"article\" \/>\n<meta property=\"og:title\" content=\"Vom Vermissen - Ein paar sch\u00f6ne Kinderbuch - Empfehlungen\" \/>\n<meta property=\"og:description\" content=\"Es ist gro\u00dfes Gl\u00fcck, dass ich mit meinen Kindern so \u00fcber das Vermissen reden kann. Es befreit mein Herz. Es macht es zwar auch schwer...\" \/>\n<meta property=\"og:url\" content=\"https:\/\/www.heldenhaushalt.de\/sari02\/index.php\/2017\/12\/20\/vom-vermissen-kinderbuch\/\" \/>\n<meta property=\"og:site_name\" content=\"Heldenhaushalt\" \/>\n<meta property=\"article:published_time\" content=\"2017-12-20T09:00:00+00:00\" \/>\n<meta property=\"article:modified_time\" content=\"2017-12-20T10:22:20+00:00\" \/>\n<meta property=\"og:image\" content=\"https:\/\/www.heldenhaushalt.de\/sari02\/wp-content\/uploads\/2017\/12\/vermissen01.jpg\" \/>\n\t<meta property=\"og:image:width\" content=\"1000\" \/>\n\t<meta property=\"og:image:height\" content=\"668\" \/>\n\t<meta property=\"og:image:type\" content=\"image\/jpeg\" \/>\n<meta name=\"author\" content=\"Sari\" \/>\n<meta name=\"twitter:card\" content=\"summary_large_image\" \/>\n<meta name=\"twitter:creator\" content=\"@Heldenhaushalt\" \/>\n<meta name=\"twitter:site\" content=\"@Heldenhaushalt\" \/>\n<meta name=\"twitter:label1\" content=\"Verfasst von\" \/>\n\t<meta name=\"twitter:data1\" content=\"Sari\" \/>\n\t<meta name=\"twitter:label2\" content=\"Gesch\u00e4tzte Lesezeit\" \/>\n\t<meta name=\"twitter:data2\" content=\"10\u00a0Minuten\" \/>\n<script type=\"application\/ld+json\" class=\"yoast-schema-graph\">{\"@context\":\"https:\\\/\\\/schema.org\",\"@graph\":[{\"@type\":\"Article\",\"@id\":\"https:\\\/\\\/www.heldenhaushalt.de\\\/sari02\\\/index.php\\\/2017\\\/12\\\/20\\\/vom-vermissen-kinderbuch\\\/#article\",\"isPartOf\":{\"@id\":\"https:\\\/\\\/www.heldenhaushalt.de\\\/sari02\\\/index.php\\\/2017\\\/12\\\/20\\\/vom-vermissen-kinderbuch\\\/\"},\"author\":{\"name\":\"Sari\",\"@id\":\"https:\\\/\\\/www.heldenhaushalt.de\\\/sari02\\\/#\\\/schema\\\/person\\\/a1cc69f42a01f412eb62c151353814f6\"},\"headline\":\"Vom Vermissen &#8211; Ein paar sch&#246;ne Kinderbuch &#8211; Empfehlungen\",\"datePublished\":\"2017-12-20T09:00:00+00:00\",\"dateModified\":\"2017-12-20T10:22:20+00:00\",\"mainEntityOfPage\":{\"@id\":\"https:\\\/\\\/www.heldenhaushalt.de\\\/sari02\\\/index.php\\\/2017\\\/12\\\/20\\\/vom-vermissen-kinderbuch\\\/\"},\"wordCount\":2020,\"commentCount\":4,\"publisher\":{\"@id\":\"https:\\\/\\\/www.heldenhaushalt.de\\\/sari02\\\/#\\\/schema\\\/person\\\/a1cc69f42a01f412eb62c151353814f6\"},\"image\":{\"@id\":\"https:\\\/\\\/www.heldenhaushalt.de\\\/sari02\\\/index.php\\\/2017\\\/12\\\/20\\\/vom-vermissen-kinderbuch\\\/#primaryimage\"},\"thumbnailUrl\":\"https:\\\/\\\/www.heldenhaushalt.de\\\/sari02\\\/wp-content\\\/uploads\\\/2017\\\/12\\\/vermissen01.jpg\",\"keywords\":[\"Empfehlungen\",\"Familie\",\"Gedankenwelt\",\"Kinder\",\"Kinderbuch\",\"Kleinkind\",\"Lesen\",\"Tod\",\"Trauer\",\"Vermissen\"],\"articleSection\":[\"B\u00fccher\",\"Empfehlungen\",\"Heldenkinder\"],\"inLanguage\":\"de\",\"potentialAction\":[{\"@type\":\"CommentAction\",\"name\":\"Comment\",\"target\":[\"https:\\\/\\\/www.heldenhaushalt.de\\\/sari02\\\/index.php\\\/2017\\\/12\\\/20\\\/vom-vermissen-kinderbuch\\\/#respond\"]}]},{\"@type\":\"WebPage\",\"@id\":\"https:\\\/\\\/www.heldenhaushalt.de\\\/sari02\\\/index.php\\\/2017\\\/12\\\/20\\\/vom-vermissen-kinderbuch\\\/\",\"url\":\"https:\\\/\\\/www.heldenhaushalt.de\\\/sari02\\\/index.php\\\/2017\\\/12\\\/20\\\/vom-vermissen-kinderbuch\\\/\",\"name\":\"Vom Vermissen - Ein paar sch\u00f6ne Kinderbuch - Empfehlungen\",\"isPartOf\":{\"@id\":\"https:\\\/\\\/www.heldenhaushalt.de\\\/sari02\\\/#website\"},\"primaryImageOfPage\":{\"@id\":\"https:\\\/\\\/www.heldenhaushalt.de\\\/sari02\\\/index.php\\\/2017\\\/12\\\/20\\\/vom-vermissen-kinderbuch\\\/#primaryimage\"},\"image\":{\"@id\":\"https:\\\/\\\/www.heldenhaushalt.de\\\/sari02\\\/index.php\\\/2017\\\/12\\\/20\\\/vom-vermissen-kinderbuch\\\/#primaryimage\"},\"thumbnailUrl\":\"https:\\\/\\\/www.heldenhaushalt.de\\\/sari02\\\/wp-content\\\/uploads\\\/2017\\\/12\\\/vermissen01.jpg\",\"datePublished\":\"2017-12-20T09:00:00+00:00\",\"dateModified\":\"2017-12-20T10:22:20+00:00\",\"description\":\"Es ist gro\u00dfes Gl\u00fcck, dass ich mit meinen Kindern so \u00fcber das Vermissen reden kann. Es befreit mein Herz. Es macht es zwar auch schwer...\",\"breadcrumb\":{\"@id\":\"https:\\\/\\\/www.heldenhaushalt.de\\\/sari02\\\/index.php\\\/2017\\\/12\\\/20\\\/vom-vermissen-kinderbuch\\\/#breadcrumb\"},\"inLanguage\":\"de\",\"potentialAction\":[{\"@type\":\"ReadAction\",\"target\":[\"https:\\\/\\\/www.heldenhaushalt.de\\\/sari02\\\/index.php\\\/2017\\\/12\\\/20\\\/vom-vermissen-kinderbuch\\\/\"]}]},{\"@type\":\"ImageObject\",\"inLanguage\":\"de\",\"@id\":\"https:\\\/\\\/www.heldenhaushalt.de\\\/sari02\\\/index.php\\\/2017\\\/12\\\/20\\\/vom-vermissen-kinderbuch\\\/#primaryimage\",\"url\":\"https:\\\/\\\/www.heldenhaushalt.de\\\/sari02\\\/wp-content\\\/uploads\\\/2017\\\/12\\\/vermissen01.jpg\",\"contentUrl\":\"https:\\\/\\\/www.heldenhaushalt.de\\\/sari02\\\/wp-content\\\/uploads\\\/2017\\\/12\\\/vermissen01.jpg\",\"width\":1000,\"height\":668,\"caption\":\"Vermissen\"},{\"@type\":\"BreadcrumbList\",\"@id\":\"https:\\\/\\\/www.heldenhaushalt.de\\\/sari02\\\/index.php\\\/2017\\\/12\\\/20\\\/vom-vermissen-kinderbuch\\\/#breadcrumb\",\"itemListElement\":[{\"@type\":\"ListItem\",\"position\":1,\"name\":\"Startseite\",\"item\":\"https:\\\/\\\/www.heldenhaushalt.de\\\/sari02\\\/\"},{\"@type\":\"ListItem\",\"position\":2,\"name\":\"Vom Vermissen &#8211; Ein paar sch&#246;ne Kinderbuch &#8211; Empfehlungen\"}]},{\"@type\":\"WebSite\",\"@id\":\"https:\\\/\\\/www.heldenhaushalt.de\\\/sari02\\\/#website\",\"url\":\"https:\\\/\\\/www.heldenhaushalt.de\\\/sari02\\\/\",\"name\":\"Heldenhaushalt\",\"description\":\"Wer es ordentlich haben will, der muss vorher anrufen\",\"publisher\":{\"@id\":\"https:\\\/\\\/www.heldenhaushalt.de\\\/sari02\\\/#\\\/schema\\\/person\\\/a1cc69f42a01f412eb62c151353814f6\"},\"potentialAction\":[{\"@type\":\"SearchAction\",\"target\":{\"@type\":\"EntryPoint\",\"urlTemplate\":\"https:\\\/\\\/www.heldenhaushalt.de\\\/sari02\\\/?s={search_term_string}\"},\"query-input\":{\"@type\":\"PropertyValueSpecification\",\"valueRequired\":true,\"valueName\":\"search_term_string\"}}],\"inLanguage\":\"de\"},{\"@type\":[\"Person\",\"Organization\"],\"@id\":\"https:\\\/\\\/www.heldenhaushalt.de\\\/sari02\\\/#\\\/schema\\\/person\\\/a1cc69f42a01f412eb62c151353814f6\",\"name\":\"Sari\",\"image\":{\"@type\":\"ImageObject\",\"inLanguage\":\"de\",\"@id\":\"https:\\\/\\\/www.heldenhaushalt.de\\\/sari02\\\/wp-content\\\/uploads\\\/2019\\\/02\\\/sari-april2018.png\",\"url\":\"https:\\\/\\\/www.heldenhaushalt.de\\\/sari02\\\/wp-content\\\/uploads\\\/2019\\\/02\\\/sari-april2018.png\",\"contentUrl\":\"https:\\\/\\\/www.heldenhaushalt.de\\\/sari02\\\/wp-content\\\/uploads\\\/2019\\\/02\\\/sari-april2018.png\",\"width\":500,\"height\":500,\"caption\":\"Sari\"},\"logo\":{\"@id\":\"https:\\\/\\\/www.heldenhaushalt.de\\\/sari02\\\/wp-content\\\/uploads\\\/2019\\\/02\\\/sari-april2018.png\"},\"description\":\"Frau Mondgras \u2013 Das bin ich, Sari. Gerne auch als Sari Mondgras bekannt und im Internet zu finden. 2-Fach-Mutter, Heldenehefrau, Kreativling, Harmonies\u00fcchtig und st\u00e4ndig auf der Suche nach Gl\u00fcck. Ich komme aus Berlin, bin hier aufgewachsen und lebe hier seit ich denken kann.\",\"sameAs\":[\"https:\\\/\\\/www.instagram.com\\\/heldenhaushalt\\\/\"],\"url\":\"https:\\\/\\\/www.heldenhaushalt.de\\\/sari02\\\/index.php\\\/author\\\/admin\\\/\"}]}<\/script>\n<!-- \/ Yoast SEO plugin. -->","yoast_head_json":{"title":"Vom Vermissen - Ein paar sch\u00f6ne Kinderbuch - Empfehlungen","description":"Es ist gro\u00dfes Gl\u00fcck, dass ich mit meinen Kindern so \u00fcber das Vermissen reden kann. Es befreit mein Herz. Es macht es zwar auch schwer...","robots":{"index":"index","follow":"follow","max-snippet":"max-snippet:-1","max-image-preview":"max-image-preview:large","max-video-preview":"max-video-preview:-1"},"canonical":"https:\/\/www.heldenhaushalt.de\/sari02\/index.php\/2017\/12\/20\/vom-vermissen-kinderbuch\/","og_locale":"de_DE","og_type":"article","og_title":"Vom Vermissen - Ein paar sch\u00f6ne Kinderbuch - Empfehlungen","og_description":"Es ist gro\u00dfes Gl\u00fcck, dass ich mit meinen Kindern so \u00fcber das Vermissen reden kann. Es befreit mein Herz. Es macht es zwar auch schwer...","og_url":"https:\/\/www.heldenhaushalt.de\/sari02\/index.php\/2017\/12\/20\/vom-vermissen-kinderbuch\/","og_site_name":"Heldenhaushalt","article_published_time":"2017-12-20T09:00:00+00:00","article_modified_time":"2017-12-20T10:22:20+00:00","og_image":[{"width":1000,"height":668,"url":"https:\/\/www.heldenhaushalt.de\/sari02\/wp-content\/uploads\/2017\/12\/vermissen01.jpg","type":"image\/jpeg"}],"author":"Sari","twitter_card":"summary_large_image","twitter_creator":"@Heldenhaushalt","twitter_site":"@Heldenhaushalt","twitter_misc":{"Verfasst von":"Sari","Gesch\u00e4tzte Lesezeit":"10\u00a0Minuten"},"schema":{"@context":"https:\/\/schema.org","@graph":[{"@type":"Article","@id":"https:\/\/www.heldenhaushalt.de\/sari02\/index.php\/2017\/12\/20\/vom-vermissen-kinderbuch\/#article","isPartOf":{"@id":"https:\/\/www.heldenhaushalt.de\/sari02\/index.php\/2017\/12\/20\/vom-vermissen-kinderbuch\/"},"author":{"name":"Sari","@id":"https:\/\/www.heldenhaushalt.de\/sari02\/#\/schema\/person\/a1cc69f42a01f412eb62c151353814f6"},"headline":"Vom Vermissen &#8211; Ein paar sch&#246;ne Kinderbuch &#8211; Empfehlungen","datePublished":"2017-12-20T09:00:00+00:00","dateModified":"2017-12-20T10:22:20+00:00","mainEntityOfPage":{"@id":"https:\/\/www.heldenhaushalt.de\/sari02\/index.php\/2017\/12\/20\/vom-vermissen-kinderbuch\/"},"wordCount":2020,"commentCount":4,"publisher":{"@id":"https:\/\/www.heldenhaushalt.de\/sari02\/#\/schema\/person\/a1cc69f42a01f412eb62c151353814f6"},"image":{"@id":"https:\/\/www.heldenhaushalt.de\/sari02\/index.php\/2017\/12\/20\/vom-vermissen-kinderbuch\/#primaryimage"},"thumbnailUrl":"https:\/\/www.heldenhaushalt.de\/sari02\/wp-content\/uploads\/2017\/12\/vermissen01.jpg","keywords":["Empfehlungen","Familie","Gedankenwelt","Kinder","Kinderbuch","Kleinkind","Lesen","Tod","Trauer","Vermissen"],"articleSection":["B\u00fccher","Empfehlungen","Heldenkinder"],"inLanguage":"de","potentialAction":[{"@type":"CommentAction","name":"Comment","target":["https:\/\/www.heldenhaushalt.de\/sari02\/index.php\/2017\/12\/20\/vom-vermissen-kinderbuch\/#respond"]}]},{"@type":"WebPage","@id":"https:\/\/www.heldenhaushalt.de\/sari02\/index.php\/2017\/12\/20\/vom-vermissen-kinderbuch\/","url":"https:\/\/www.heldenhaushalt.de\/sari02\/index.php\/2017\/12\/20\/vom-vermissen-kinderbuch\/","name":"Vom Vermissen - Ein paar sch\u00f6ne Kinderbuch - Empfehlungen","isPartOf":{"@id":"https:\/\/www.heldenhaushalt.de\/sari02\/#website"},"primaryImageOfPage":{"@id":"https:\/\/www.heldenhaushalt.de\/sari02\/index.php\/2017\/12\/20\/vom-vermissen-kinderbuch\/#primaryimage"},"image":{"@id":"https:\/\/www.heldenhaushalt.de\/sari02\/index.php\/2017\/12\/20\/vom-vermissen-kinderbuch\/#primaryimage"},"thumbnailUrl":"https:\/\/www.heldenhaushalt.de\/sari02\/wp-content\/uploads\/2017\/12\/vermissen01.jpg","datePublished":"2017-12-20T09:00:00+00:00","dateModified":"2017-12-20T10:22:20+00:00","description":"Es ist gro\u00dfes Gl\u00fcck, dass ich mit meinen Kindern so \u00fcber das Vermissen reden kann. Es befreit mein Herz. Es macht es zwar auch schwer...","breadcrumb":{"@id":"https:\/\/www.heldenhaushalt.de\/sari02\/index.php\/2017\/12\/20\/vom-vermissen-kinderbuch\/#breadcrumb"},"inLanguage":"de","potentialAction":[{"@type":"ReadAction","target":["https:\/\/www.heldenhaushalt.de\/sari02\/index.php\/2017\/12\/20\/vom-vermissen-kinderbuch\/"]}]},{"@type":"ImageObject","inLanguage":"de","@id":"https:\/\/www.heldenhaushalt.de\/sari02\/index.php\/2017\/12\/20\/vom-vermissen-kinderbuch\/#primaryimage","url":"https:\/\/www.heldenhaushalt.de\/sari02\/wp-content\/uploads\/2017\/12\/vermissen01.jpg","contentUrl":"https:\/\/www.heldenhaushalt.de\/sari02\/wp-content\/uploads\/2017\/12\/vermissen01.jpg","width":1000,"height":668,"caption":"Vermissen"},{"@type":"BreadcrumbList","@id":"https:\/\/www.heldenhaushalt.de\/sari02\/index.php\/2017\/12\/20\/vom-vermissen-kinderbuch\/#breadcrumb","itemListElement":[{"@type":"ListItem","position":1,"name":"Startseite","item":"https:\/\/www.heldenhaushalt.de\/sari02\/"},{"@type":"ListItem","position":2,"name":"Vom Vermissen &#8211; Ein paar sch&#246;ne Kinderbuch &#8211; Empfehlungen"}]},{"@type":"WebSite","@id":"https:\/\/www.heldenhaushalt.de\/sari02\/#website","url":"https:\/\/www.heldenhaushalt.de\/sari02\/","name":"Heldenhaushalt","description":"Wer es ordentlich haben will, der muss vorher anrufen","publisher":{"@id":"https:\/\/www.heldenhaushalt.de\/sari02\/#\/schema\/person\/a1cc69f42a01f412eb62c151353814f6"},"potentialAction":[{"@type":"SearchAction","target":{"@type":"EntryPoint","urlTemplate":"https:\/\/www.heldenhaushalt.de\/sari02\/?s={search_term_string}"},"query-input":{"@type":"PropertyValueSpecification","valueRequired":true,"valueName":"search_term_string"}}],"inLanguage":"de"},{"@type":["Person","Organization"],"@id":"https:\/\/www.heldenhaushalt.de\/sari02\/#\/schema\/person\/a1cc69f42a01f412eb62c151353814f6","name":"Sari","image":{"@type":"ImageObject","inLanguage":"de","@id":"https:\/\/www.heldenhaushalt.de\/sari02\/wp-content\/uploads\/2019\/02\/sari-april2018.png","url":"https:\/\/www.heldenhaushalt.de\/sari02\/wp-content\/uploads\/2019\/02\/sari-april2018.png","contentUrl":"https:\/\/www.heldenhaushalt.de\/sari02\/wp-content\/uploads\/2019\/02\/sari-april2018.png","width":500,"height":500,"caption":"Sari"},"logo":{"@id":"https:\/\/www.heldenhaushalt.de\/sari02\/wp-content\/uploads\/2019\/02\/sari-april2018.png"},"description":"Frau Mondgras \u2013 Das bin ich, Sari. Gerne auch als Sari Mondgras bekannt und im Internet zu finden. 2-Fach-Mutter, Heldenehefrau, Kreativling, Harmonies\u00fcchtig und st\u00e4ndig auf der Suche nach Gl\u00fcck. Ich komme aus Berlin, bin hier aufgewachsen und lebe hier seit ich denken kann.","sameAs":["https:\/\/www.instagram.com\/heldenhaushalt\/"],"url":"https:\/\/www.heldenhaushalt.de\/sari02\/index.php\/author\/admin\/"}]}},"views":7675,"_links":{"self":[{"href":"https:\/\/www.heldenhaushalt.de\/sari02\/index.php\/wp-json\/wp\/v2\/posts\/35020","targetHints":{"allow":["GET"]}}],"collection":[{"href":"https:\/\/www.heldenhaushalt.de\/sari02\/index.php\/wp-json\/wp\/v2\/posts"}],"about":[{"href":"https:\/\/www.heldenhaushalt.de\/sari02\/index.php\/wp-json\/wp\/v2\/types\/post"}],"author":[{"embeddable":true,"href":"https:\/\/www.heldenhaushalt.de\/sari02\/index.php\/wp-json\/wp\/v2\/users\/1"}],"replies":[{"embeddable":true,"href":"https:\/\/www.heldenhaushalt.de\/sari02\/index.php\/wp-json\/wp\/v2\/comments?post=35020"}],"version-history":[{"count":4,"href":"https:\/\/www.heldenhaushalt.de\/sari02\/index.php\/wp-json\/wp\/v2\/posts\/35020\/revisions"}],"predecessor-version":[{"id":35204,"href":"https:\/\/www.heldenhaushalt.de\/sari02\/index.php\/wp-json\/wp\/v2\/posts\/35020\/revisions\/35204"}],"wp:featuredmedia":[{"embeddable":true,"href":"https:\/\/www.heldenhaushalt.de\/sari02\/index.php\/wp-json\/wp\/v2\/media\/35193"}],"wp:attachment":[{"href":"https:\/\/www.heldenhaushalt.de\/sari02\/index.php\/wp-json\/wp\/v2\/media?parent=35020"}],"wp:term":[{"taxonomy":"category","embeddable":true,"href":"https:\/\/www.heldenhaushalt.de\/sari02\/index.php\/wp-json\/wp\/v2\/categories?post=35020"},{"taxonomy":"post_tag","embeddable":true,"href":"https:\/\/www.heldenhaushalt.de\/sari02\/index.php\/wp-json\/wp\/v2\/tags?post=35020"}],"curies":[{"name":"wp","href":"https:\/\/api.w.org\/{rel}","templated":true}]}}