{"id":35144,"date":"2017-12-16T08:59:42","date_gmt":"2017-12-16T07:59:42","guid":{"rendered":"http:\/\/www.heldenhaushalt.de\/sari02\/?p=35144"},"modified":"2017-12-16T08:59:42","modified_gmt":"2017-12-16T07:59:42","slug":"freitags5-5-tage-5-fotos-im-dez-03-2","status":"publish","type":"post","link":"https:\/\/www.heldenhaushalt.de\/sari02\/index.php\/2017\/12\/16\/freitags5-5-tage-5-fotos-im-dez-03-2\/","title":{"rendered":"#Freitags5 \u2013 5 Tage 5 Fotos im Dezember #03"},"content":{"rendered":"<p>Nach einem eher unfreiwilligen Auszeittag gestern, kommt unser #Freitags5 heute einen Tag sp&#228;ter als gewohnt. Der Laptop brauchte nach einer Apfelssaftdusche durch den Kleinen einen Tag Auszeit. Aber Gott sei Dank l&#228;uft alles und ich kann nun wieder voll f&#252;r euch da sein. Immerhin war es nicht irgendeine Woche f&#252;r uns, nicht wahr?<\/p>\n<p style=\"text-align: center;\">***<\/p>\n<h2>Meine #Freitags5 #Freitagslieblinge<\/h2>\n<p><img loading=\"lazy\" decoding=\"async\" class=\"aligncenter size-full wp-image-35148\" src=\"http:\/\/www.heldenhaushalt.de\/sari02\/wp-content\/uploads\/2017\/12\/50-01.jpg\" alt=\"#Freitags5\" width=\"1944\" height=\"1944\" srcset=\"https:\/\/www.heldenhaushalt.de\/sari02\/wp-content\/uploads\/2017\/12\/50-01.jpg 1944w, https:\/\/www.heldenhaushalt.de\/sari02\/wp-content\/uploads\/2017\/12\/50-01-150x150.jpg 150w, https:\/\/www.heldenhaushalt.de\/sari02\/wp-content\/uploads\/2017\/12\/50-01-300x300.jpg 300w, https:\/\/www.heldenhaushalt.de\/sari02\/wp-content\/uploads\/2017\/12\/50-01-768x768.jpg 768w, https:\/\/www.heldenhaushalt.de\/sari02\/wp-content\/uploads\/2017\/12\/50-01-1024x1024.jpg 1024w, https:\/\/www.heldenhaushalt.de\/sari02\/wp-content\/uploads\/2017\/12\/50-01-600x600.jpg 600w, https:\/\/www.heldenhaushalt.de\/sari02\/wp-content\/uploads\/2017\/12\/50-01-1000x1000.jpg 1000w, https:\/\/www.heldenhaushalt.de\/sari02\/wp-content\/uploads\/2017\/12\/50-01-660x660.jpg 660w, https:\/\/www.heldenhaushalt.de\/sari02\/wp-content\/uploads\/2017\/12\/50-01-373x373.jpg 373w\" sizes=\"auto, (max-width: 1944px) 100vw, 1944px\" \/> <strong>Meine Lieblingslekt&#252;re der Woche \u2013<\/strong>&nbsp; In letzter Zeit lesen wir nat&#252;rlich vor allem gemeinsam oder auch jeder f&#252;r sich Weihnachtsb&#252;cher. Viele sch&#246;ne haben sich da inzwischen bei uns eingesammelt und unsere Liebsten f&#252;r gro&#223; und klein<a href=\"http:\/\/www.heldenhaushalt.de\/sari02\/index.php\/2017\/12\/14\/weihnachts-buchempfehlungen-fuer-2017\/\"> stellten wir euch diese Woche vor<\/a>. Sehr beliebt ist bei uns der kleine Weihnachtsteddy und Knurps, der Weihnachtswichtel.<strong><br \/>\n<\/strong><\/p>\n<p style=\"text-align: center;\">***<\/p>\n<p><img loading=\"lazy\" decoding=\"async\" class=\"aligncenter size-full wp-image-35149\" src=\"http:\/\/www.heldenhaushalt.de\/sari02\/wp-content\/uploads\/2017\/12\/50-02.jpg\" alt=\"#Freitags5\" width=\"1000\" height=\"1000\" srcset=\"https:\/\/www.heldenhaushalt.de\/sari02\/wp-content\/uploads\/2017\/12\/50-02.jpg 1000w, https:\/\/www.heldenhaushalt.de\/sari02\/wp-content\/uploads\/2017\/12\/50-02-150x150.jpg 150w, https:\/\/www.heldenhaushalt.de\/sari02\/wp-content\/uploads\/2017\/12\/50-02-300x300.jpg 300w, https:\/\/www.heldenhaushalt.de\/sari02\/wp-content\/uploads\/2017\/12\/50-02-768x768.jpg 768w, https:\/\/www.heldenhaushalt.de\/sari02\/wp-content\/uploads\/2017\/12\/50-02-600x600.jpg 600w, https:\/\/www.heldenhaushalt.de\/sari02\/wp-content\/uploads\/2017\/12\/50-02-660x660.jpg 660w, https:\/\/www.heldenhaushalt.de\/sari02\/wp-content\/uploads\/2017\/12\/50-02-373x373.jpg 373w\" sizes=\"auto, (max-width: 1000px) 100vw, 1000px\" \/><\/p>\n<p><strong>Mein Lieblingsessen der Woche \u2013<\/strong>&nbsp; Es gab diese Woche nicht nur , sehr zu meiner Freude, wieder Flammkuchen, sondern auch Entenbrust mit Salzkruste und gr&#252;nen Bohnen. Noch so ein Essen, in das ich mich reinlegen k&#246;nnte.<strong><br \/>\n<\/strong><\/p>\n<p style=\"text-align: center;\">***<\/p>\n<p><img loading=\"lazy\" decoding=\"async\" class=\"aligncenter size-full wp-image-35150\" src=\"http:\/\/www.heldenhaushalt.de\/sari02\/wp-content\/uploads\/2017\/12\/50-03.jpg\" alt=\"#Freitags5\" width=\"1000\" height=\"1000\" srcset=\"https:\/\/www.heldenhaushalt.de\/sari02\/wp-content\/uploads\/2017\/12\/50-03.jpg 1000w, https:\/\/www.heldenhaushalt.de\/sari02\/wp-content\/uploads\/2017\/12\/50-03-150x150.jpg 150w, https:\/\/www.heldenhaushalt.de\/sari02\/wp-content\/uploads\/2017\/12\/50-03-300x300.jpg 300w, https:\/\/www.heldenhaushalt.de\/sari02\/wp-content\/uploads\/2017\/12\/50-03-768x768.jpg 768w, https:\/\/www.heldenhaushalt.de\/sari02\/wp-content\/uploads\/2017\/12\/50-03-600x600.jpg 600w, https:\/\/www.heldenhaushalt.de\/sari02\/wp-content\/uploads\/2017\/12\/50-03-660x660.jpg 660w, https:\/\/www.heldenhaushalt.de\/sari02\/wp-content\/uploads\/2017\/12\/50-03-373x373.jpg 373w\" sizes=\"auto, (max-width: 1000px) 100vw, 1000px\" \/><\/p>\n<p><strong>Mein Lieblingsmoment mit meinen Kindern<\/strong>&nbsp;\u2013&nbsp; <a href=\"http:\/\/www.heldenhaushalt.de\/sari02\/index.php\/2017\/12\/13\/12von12-an-einem-besonderen-tag\/\">Wir haben Geburtstag gefeiert<\/a>. Den <a href=\"http:\/\/www.heldenhaushalt.de\/sari02\/index.php\/2017\/12\/12\/2-jahre-heldenkind\/\">zweiten Geburtstag des Kleinen<\/a> und es ist sch&#246;n zu sehen, wie sehr die Kinder inzwischen miteinander agieren (auch wenn ich manchmal das Gef&#252;hl habe gleich st&#252;rzt das Haus ein bei dem Getobe). Nun ist also auch mein zweites Baby wieder etwas gr&#246;&#223;er geworden und irgendwie gar kein Baby mehr *seufz*. Es war ein sch&#246;ner Geburtstag und beide Kinder hatten viel Spa&#223;. Leider sind sie nun zum Ende der Woche hin etwas angeschlagen, aber es sind ja bald Ferien.<\/p>\n<p style=\"text-align: center;\">***<\/p>\n<p><img loading=\"lazy\" decoding=\"async\" class=\"aligncenter size-full wp-image-35151\" src=\"http:\/\/www.heldenhaushalt.de\/sari02\/wp-content\/uploads\/2017\/12\/50-05.jpg\" alt=\"#Freitags5\" width=\"1000\" height=\"1000\" srcset=\"https:\/\/www.heldenhaushalt.de\/sari02\/wp-content\/uploads\/2017\/12\/50-05.jpg 1000w, https:\/\/www.heldenhaushalt.de\/sari02\/wp-content\/uploads\/2017\/12\/50-05-150x150.jpg 150w, https:\/\/www.heldenhaushalt.de\/sari02\/wp-content\/uploads\/2017\/12\/50-05-300x300.jpg 300w, https:\/\/www.heldenhaushalt.de\/sari02\/wp-content\/uploads\/2017\/12\/50-05-768x768.jpg 768w, https:\/\/www.heldenhaushalt.de\/sari02\/wp-content\/uploads\/2017\/12\/50-05-600x600.jpg 600w, https:\/\/www.heldenhaushalt.de\/sari02\/wp-content\/uploads\/2017\/12\/50-05-660x660.jpg 660w, https:\/\/www.heldenhaushalt.de\/sari02\/wp-content\/uploads\/2017\/12\/50-05-373x373.jpg 373w\" sizes=\"auto, (max-width: 1000px) 100vw, 1000px\" \/><\/p>\n<p><strong>Mein Lieblings-Mama-Moment nur f&#252;r mich<\/strong>&nbsp; \u2013&nbsp; Der Held hat nun Urlaub, so dass wir einige Aufgaben etwas zwischen uns aufteilen k&#246;nnen. So muss ich zum Beispiel morgens nicht beide Kinder irgendwie fertig bekommen, sondern nur das eine antreiben. Ich habe etwas Quality Time mit dem Gro&#223;en, wenn nur wir zwei gemeinsam zur Schule laufen, ohne dass wir den Kleinen dabei haben. Das hat irgendwie auch etwas. Auch kann ich so einfach mal mit ihnen gemeinsam am Boden sitzen, bauen und spielen oder auch mal etwas anderes machen, weil der Papa mit ihnen spielt. Man merkt halt doch, dass es einen ziemlichen Unterschied machen kann, ob einer oder beide zu&nbsp; Hause sind.<\/p>\n<p style=\"text-align: center;\">***<\/p>\n<p><img loading=\"lazy\" decoding=\"async\" class=\"aligncenter size-full wp-image-35152\" src=\"http:\/\/www.heldenhaushalt.de\/sari02\/wp-content\/uploads\/2017\/12\/50-06.jpg\" alt=\"#Freitags5\" width=\"1000\" height=\"1000\" srcset=\"https:\/\/www.heldenhaushalt.de\/sari02\/wp-content\/uploads\/2017\/12\/50-06.jpg 1000w, https:\/\/www.heldenhaushalt.de\/sari02\/wp-content\/uploads\/2017\/12\/50-06-150x150.jpg 150w, https:\/\/www.heldenhaushalt.de\/sari02\/wp-content\/uploads\/2017\/12\/50-06-300x300.jpg 300w, https:\/\/www.heldenhaushalt.de\/sari02\/wp-content\/uploads\/2017\/12\/50-06-768x768.jpg 768w, https:\/\/www.heldenhaushalt.de\/sari02\/wp-content\/uploads\/2017\/12\/50-06-600x600.jpg 600w, https:\/\/www.heldenhaushalt.de\/sari02\/wp-content\/uploads\/2017\/12\/50-06-660x660.jpg 660w, https:\/\/www.heldenhaushalt.de\/sari02\/wp-content\/uploads\/2017\/12\/50-06-373x373.jpg 373w\" sizes=\"auto, (max-width: 1000px) 100vw, 1000px\" \/><\/p>\n<p><strong>Meine Lieblings-Inspiration der Woche<\/strong>&nbsp;\u2013 &#220;berall sah ich sie: Diese Tasse. Tassilo! Ja, es war tats&#228;chlich ein Grund f&#252;r mich einen Laden aufzusuchen, den ich sonst eigentlich eher meide. Zu voll, zu ramschig teilweise. Aber erf&#252;llt ein Nerd-Herz mit Freuden und so habe ich es einfach mal gewagt und war &#252;bergl&#252;cklich, als ich sah, dass es die Tasse tats&#228;chlich gab. Mal wieder habe ich mich <a href=\"https:\/\/www.instagram.com\/p\/BYIyBcNFtJB\/?taken-by=mama_mal_3\" target=\"_blank\" rel=\"noopener\">von der Blogsph&#228;re anstecken lassen<\/a> *lach*. Sehenswert zu dem fand ich Folgendes: <a href=\"http:\/\/klitzekleinedinge.com\/2017\/12\/13\/weihnachts-printable-zum-ausmalen\/\" target=\"_blank\" rel=\"noopener\">Weihnachtsprintable zum Ausmalen<\/a> &#8211; <a href=\"http:\/\/kardiomuffelchen.com\/crochet\/dein-eigenes-kardiomuffelchen-haekeln\/\" target=\"_blank\" rel=\"noopener\">Kardiomuffelchen h&#228;keln<\/a> &#8211;<a href=\"http:\/\/familinchen.de\/formen-und-linien-malen-lernen-mit-kindern-zum-ausdrucken-weihnachten\/\" target=\"_blank\" rel=\"noopener\"> Formen und Linien malen lernen<\/a> &#8211; <a href=\"http:\/\/www.mamagie.de\/2017\/12\/12\/diy-vogelfutterstation\/\" target=\"_blank\" rel=\"noopener\">Vogelfutterstation<\/a> &#8211; <a href=\"https:\/\/nochsonemutti.com\/advent-im-glas-diy\/\" target=\"_blank\" rel=\"noopener\">Advent im Glas<\/a> &#8211; <a href=\"https:\/\/www.lybstes.de\/2017\/12\/11\/winterdeko-schneekristalle-aus-sperrholz-selbermachen\/\" target=\"_blank\" rel=\"noopener\">Schneekristalle aus Speerholz<\/a> &#8211; <a href=\"http:\/\/www.kunecoco.de\/2017\/12\/rezept-schweinchen-lebkuchen.html?utm_source=bloglovin.com&amp;utm_medium=feed&amp;utm_campaign=Feed%3A+Kunecoco+%28Kunecoco%29\" target=\"_blank\" rel=\"noopener\">Schweine &#8211; Lebkuchen<\/a> &#8211; <a href=\"http:\/\/butterflyfish.de\/selbermachen-pulli-mit-pompoms\/?utm_source=bloglovin.com&amp;utm_medium=feed&amp;utm_campaign=Feed%3A+butterflyfishblog+%28Butterflyfish%29\" target=\"_blank\" rel=\"noopener\">DIY Pulli mit PomPoms<\/a> &#8211; <a href=\"http:\/\/www.chaosandqueen.de\/wichteltueren\/\" target=\"_blank\" rel=\"noopener\">Wichtelt&#252;re selber bauen<\/a><\/p>\n<p style=\"text-align: center;\">***<\/p>\n<p>Dieses Wochenende nenne ich mal ganz banal ein Geburtstagswochenende, denn genau damit sind wir beide Tage besch&#228;ftigt *lach*. Mehr bildhafte #Freitags5 R&#252;ckblicke gibt es auch heute wieder bei&nbsp;<a href=\"http:\/\/berlinmittemom.com\/\" target=\"_blank\" rel=\"noopener noreferrer\">BerlinMitteMom<\/a>.<\/p>\n<p><img loading=\"lazy\" decoding=\"async\" class=\" size-full wp-image-24841 alignright\" src=\"https:\/\/www.heldenhaushalt.de\/sari02\/wp-content\/uploads\/2015\/01\/sari-unter.jpg?zoom=1.5&amp;resize=130%2C59\" srcset=\"https:\/\/www.heldenhaushalt.de\/sari02\/wp-content\/uploads\/2015\/01\/sari-unter.jpg?zoom=1.5&amp;resize=130%2C59\" alt=\"sari-unter\" width=\"130\" height=\"59\" data-attachment-id=\"24841\" data-permalink=\"http:\/\/www.heldenhaushalt.de\/sari02\/index.php\/2015\/01\/03\/sich-neu-erfinden\/sari-unter\/\" data-orig-file=\"http:\/\/www.heldenhaushalt.de\/sari02\/wp-content\/uploads\/2015\/01\/sari-unter.jpg\" data-orig-size=\"130,59\" data-comments-opened=\"1\" data-image-meta=\"{&quot;aperture&quot;:&quot;0&quot;,&quot;credit&quot;:&quot;&quot;,&quot;camera&quot;:&quot;&quot;,&quot;caption&quot;:&quot;&quot;,&quot;created_timestamp&quot;:&quot;0&quot;,&quot;copyright&quot;:&quot;&quot;,&quot;focal_length&quot;:&quot;0&quot;,&quot;iso&quot;:&quot;0&quot;,&quot;shutter_speed&quot;:&quot;0&quot;,&quot;title&quot;:&quot;&quot;,&quot;orientation&quot;:&quot;0&quot;}\" data-image-title=\"sari-unter\" data-image-description=\"\" data-medium-file=\"http:\/\/www.heldenhaushalt.de\/sari02\/wp-content\/uploads\/2015\/01\/sari-unter.jpg\" data-large-file=\"http:\/\/www.heldenhaushalt.de\/sari02\/wp-content\/uploads\/2015\/01\/sari-unter.jpg\" data-pin-nopin=\"true\"><\/p>\n","protected":false},"excerpt":{"rendered":"<p>Nach einem eher unfreiwilligen Auszeittag gestern, kommt unser #Freitags5 heute einen Tag sp&#228;ter als gewohnt. Der Laptop brauchte nach einer Apfelssaftdusche durch den Kleinen einen Tag Auszeit. Aber Gott sei Dank l&#228;uft alles und ich kann nun wieder voll f&#252;r euch da sein. Immerhin war es nicht irgendeine Woche f&#252;r uns, nicht wahr? *** Meine #Freitags5 #Freitagslieblinge Meine Lieblingslekt&#252;re der Woche \u2013&nbsp; In letzter Zeit lesen wir nat&#252;rlich vor allem gemeinsam oder auch jeder f&#252;r sich Weihnachtsb&#252;cher. Viele sch&#246;ne haben sich da inzwischen bei uns eingesammelt und unsere Liebsten f&#252;r gro&#223; und klein stellten wir euch diese Woche vor. Sehr beliebt ist bei uns der kleine Weihnachtsteddy und Knurps, der Weihnachtswichtel. *** Mein Lieblingsessen der Woche \u2013&nbsp; Es gab diese Woche nicht nur , sehr zu meiner Freude, wieder Flammkuchen, sondern auch Entenbrust mit Salzkruste und gr&#252;nen Bohnen. Noch so ein Essen, in das ich mich reinlegen k&#246;nnte. *** Mein Lieblingsmoment mit meinen Kindern&nbsp;\u2013&nbsp; Wir haben Geburtstag gefeiert. Den zweiten Geburtstag des Kleinen und es ist sch&#246;n zu sehen, wie sehr die Kinder inzwischen miteinander agieren (auch wenn ich manchmal das Gef&#252;hl habe gleich st&#252;rzt das Haus ein bei dem Getobe). Nun ist also auch mein zweites Baby wieder etwas gr&#246;&#223;er geworden und irgendwie gar kein Baby mehr *seufz*. Es war ein sch&#246;ner Geburtstag und beide Kinder hatten viel Spa&#223;. Leider sind sie nun zum Ende der Woche hin etwas angeschlagen, aber es sind ja bald Ferien. *** Mein Lieblings-Mama-Moment nur f&#252;r mich&nbsp; \u2013&nbsp; Der Held hat nun Urlaub, so dass wir einige Aufgaben etwas zwischen uns aufteilen k&#246;nnen. So muss ich zum Beispiel morgens nicht beide Kinder irgendwie fertig bekommen, sondern nur das eine antreiben. Ich habe etwas Quality Time mit dem Gro&#223;en, wenn nur wir zwei gemeinsam zur Schule laufen, ohne dass wir den Kleinen dabei haben. Das hat irgendwie auch etwas. Auch kann ich so einfach mal mit ihnen gemeinsam am Boden sitzen, bauen und spielen oder auch mal etwas anderes machen, weil der Papa mit ihnen spielt. Man merkt halt doch, dass es einen ziemlichen Unterschied machen kann, ob einer oder beide zu&nbsp; Hause sind. *** Meine Lieblings-Inspiration der Woche&nbsp;\u2013 &#220;berall sah ich sie: Diese Tasse. Tassilo! Ja, es war tats&#228;chlich ein Grund f&#252;r mich einen Laden aufzusuchen, den ich sonst eigentlich eher meide. Zu voll, zu ramschig teilweise. Aber erf&#252;llt ein Nerd-Herz mit Freuden und so habe ich es einfach mal gewagt und war &#252;bergl&#252;cklich, als ich sah, dass es die Tasse tats&#228;chlich gab. Mal wieder habe ich mich von der Blogsph&#228;re anstecken lassen *lach*. Sehenswert zu dem fand ich Folgendes: Weihnachtsprintable zum Ausmalen &#8211; Kardiomuffelchen h&#228;keln &#8211; Formen und Linien malen lernen &#8211; Vogelfutterstation &#8211; Advent im Glas &#8211; Schneekristalle aus Speerholz &#8211; Schweine &#8211; Lebkuchen &#8211; DIY Pulli mit PomPoms &#8211; Wichtelt&#252;re selber bauen *** Dieses Wochenende nenne ich mal ganz banal ein Geburtstagswochenende, denn genau damit sind wir beide Tage besch&#228;ftigt *lach*. Mehr bildhafte #Freitags5 R&#252;ckblicke gibt es auch heute wieder bei&nbsp;BerlinMitteMom.<\/p>\n","protected":false},"author":1,"featured_media":35152,"comment_status":"open","ping_status":"open","sticky":false,"template":"","format":"standard","meta":{"ngg_post_thumbnail":0,"footnotes":""},"categories":[323,49],"tags":[780,781,45,955,871,69,129,81,62],"class_list":["post-35144","post","type-post","status-publish","format-standard","has-post-thumbnail","hentry","category-alltag","category-blogspaehre","tag-freitags5","tag-freitagslieblinge","tag-alltag","tag-buecher","tag-berlin-mitte-mom","tag-familie","tag-geburtstag","tag-kinder","tag-weihnachten"],"yoast_head":"<!-- This site is optimized with the Yoast SEO plugin v27.4 - https:\/\/yoast.com\/product\/yoast-seo-wordpress\/ -->\n<title>#Freitags5 \u2013 5 Tage 5 Fotos im Dezember #03 - Heldenhaushalt<\/title>\n<meta name=\"description\" content=\"Nach einem eher unfreiwilligen Auszeittag gestern, kommt unser #Freitags5 heute einen Tag sp\u00e4ter als gewohnt.\" \/>\n<meta name=\"robots\" content=\"index, follow, max-snippet:-1, max-image-preview:large, max-video-preview:-1\" \/>\n<link rel=\"canonical\" href=\"https:\/\/www.heldenhaushalt.de\/sari02\/index.php\/2017\/12\/16\/freitags5-5-tage-5-fotos-im-dez-03-2\/\" \/>\n<meta property=\"og:locale\" content=\"de_DE\" \/>\n<meta property=\"og:type\" content=\"article\" \/>\n<meta property=\"og:title\" content=\"#Freitags5 \u2013 5 Tage 5 Fotos im Dezember #03 - Heldenhaushalt\" \/>\n<meta property=\"og:description\" content=\"Nach einem eher unfreiwilligen Auszeittag gestern, kommt unser #Freitags5 heute einen Tag sp\u00e4ter als gewohnt.\" \/>\n<meta property=\"og:url\" content=\"https:\/\/www.heldenhaushalt.de\/sari02\/index.php\/2017\/12\/16\/freitags5-5-tage-5-fotos-im-dez-03-2\/\" \/>\n<meta property=\"og:site_name\" content=\"Heldenhaushalt\" \/>\n<meta property=\"article:published_time\" content=\"2017-12-16T07:59:42+00:00\" \/>\n<meta property=\"og:image\" content=\"https:\/\/www.heldenhaushalt.de\/sari02\/wp-content\/uploads\/2017\/12\/50-06.jpg\" \/>\n\t<meta property=\"og:image:width\" content=\"1000\" \/>\n\t<meta property=\"og:image:height\" content=\"1000\" \/>\n\t<meta property=\"og:image:type\" content=\"image\/jpeg\" \/>\n<meta name=\"author\" content=\"Sari\" \/>\n<meta name=\"twitter:card\" content=\"summary_large_image\" \/>\n<meta name=\"twitter:creator\" content=\"@Heldenhaushalt\" \/>\n<meta name=\"twitter:site\" content=\"@Heldenhaushalt\" \/>\n<meta name=\"twitter:label1\" content=\"Verfasst von\" \/>\n\t<meta name=\"twitter:data1\" content=\"Sari\" \/>\n\t<meta name=\"twitter:label2\" content=\"Gesch\u00e4tzte Lesezeit\" \/>\n\t<meta name=\"twitter:data2\" content=\"3\u00a0Minuten\" \/>\n<script type=\"application\/ld+json\" class=\"yoast-schema-graph\">{\"@context\":\"https:\\\/\\\/schema.org\",\"@graph\":[{\"@type\":\"Article\",\"@id\":\"https:\\\/\\\/www.heldenhaushalt.de\\\/sari02\\\/index.php\\\/2017\\\/12\\\/16\\\/freitags5-5-tage-5-fotos-im-dez-03-2\\\/#article\",\"isPartOf\":{\"@id\":\"https:\\\/\\\/www.heldenhaushalt.de\\\/sari02\\\/index.php\\\/2017\\\/12\\\/16\\\/freitags5-5-tage-5-fotos-im-dez-03-2\\\/\"},\"author\":{\"name\":\"Sari\",\"@id\":\"https:\\\/\\\/www.heldenhaushalt.de\\\/sari02\\\/#\\\/schema\\\/person\\\/a1cc69f42a01f412eb62c151353814f6\"},\"headline\":\"#Freitags5 \u2013 5 Tage 5 Fotos im Dezember #03\",\"datePublished\":\"2017-12-16T07:59:42+00:00\",\"mainEntityOfPage\":{\"@id\":\"https:\\\/\\\/www.heldenhaushalt.de\\\/sari02\\\/index.php\\\/2017\\\/12\\\/16\\\/freitags5-5-tage-5-fotos-im-dez-03-2\\\/\"},\"wordCount\":525,\"commentCount\":6,\"publisher\":{\"@id\":\"https:\\\/\\\/www.heldenhaushalt.de\\\/sari02\\\/#\\\/schema\\\/person\\\/a1cc69f42a01f412eb62c151353814f6\"},\"image\":{\"@id\":\"https:\\\/\\\/www.heldenhaushalt.de\\\/sari02\\\/index.php\\\/2017\\\/12\\\/16\\\/freitags5-5-tage-5-fotos-im-dez-03-2\\\/#primaryimage\"},\"thumbnailUrl\":\"https:\\\/\\\/www.heldenhaushalt.de\\\/sari02\\\/wp-content\\\/uploads\\\/2017\\\/12\\\/50-06.jpg\",\"keywords\":[\"#Freitags5\",\"#Freitagslieblinge\",\"Allt\u00e4glich\",\"B\u00fccher\",\"Berlin Mitte Mom\",\"Familie\",\"Geburtstag\",\"Kinder\",\"Weihnachten\"],\"articleSection\":[\"Alltagschaos\",\"Blogsph\u00e4re\"],\"inLanguage\":\"de\",\"potentialAction\":[{\"@type\":\"CommentAction\",\"name\":\"Comment\",\"target\":[\"https:\\\/\\\/www.heldenhaushalt.de\\\/sari02\\\/index.php\\\/2017\\\/12\\\/16\\\/freitags5-5-tage-5-fotos-im-dez-03-2\\\/#respond\"]}]},{\"@type\":\"WebPage\",\"@id\":\"https:\\\/\\\/www.heldenhaushalt.de\\\/sari02\\\/index.php\\\/2017\\\/12\\\/16\\\/freitags5-5-tage-5-fotos-im-dez-03-2\\\/\",\"url\":\"https:\\\/\\\/www.heldenhaushalt.de\\\/sari02\\\/index.php\\\/2017\\\/12\\\/16\\\/freitags5-5-tage-5-fotos-im-dez-03-2\\\/\",\"name\":\"#Freitags5 \u2013 5 Tage 5 Fotos im Dezember #03 - Heldenhaushalt\",\"isPartOf\":{\"@id\":\"https:\\\/\\\/www.heldenhaushalt.de\\\/sari02\\\/#website\"},\"primaryImageOfPage\":{\"@id\":\"https:\\\/\\\/www.heldenhaushalt.de\\\/sari02\\\/index.php\\\/2017\\\/12\\\/16\\\/freitags5-5-tage-5-fotos-im-dez-03-2\\\/#primaryimage\"},\"image\":{\"@id\":\"https:\\\/\\\/www.heldenhaushalt.de\\\/sari02\\\/index.php\\\/2017\\\/12\\\/16\\\/freitags5-5-tage-5-fotos-im-dez-03-2\\\/#primaryimage\"},\"thumbnailUrl\":\"https:\\\/\\\/www.heldenhaushalt.de\\\/sari02\\\/wp-content\\\/uploads\\\/2017\\\/12\\\/50-06.jpg\",\"datePublished\":\"2017-12-16T07:59:42+00:00\",\"description\":\"Nach einem eher unfreiwilligen Auszeittag gestern, kommt unser #Freitags5 heute einen Tag sp\u00e4ter als gewohnt.\",\"breadcrumb\":{\"@id\":\"https:\\\/\\\/www.heldenhaushalt.de\\\/sari02\\\/index.php\\\/2017\\\/12\\\/16\\\/freitags5-5-tage-5-fotos-im-dez-03-2\\\/#breadcrumb\"},\"inLanguage\":\"de\",\"potentialAction\":[{\"@type\":\"ReadAction\",\"target\":[\"https:\\\/\\\/www.heldenhaushalt.de\\\/sari02\\\/index.php\\\/2017\\\/12\\\/16\\\/freitags5-5-tage-5-fotos-im-dez-03-2\\\/\"]}]},{\"@type\":\"ImageObject\",\"inLanguage\":\"de\",\"@id\":\"https:\\\/\\\/www.heldenhaushalt.de\\\/sari02\\\/index.php\\\/2017\\\/12\\\/16\\\/freitags5-5-tage-5-fotos-im-dez-03-2\\\/#primaryimage\",\"url\":\"https:\\\/\\\/www.heldenhaushalt.de\\\/sari02\\\/wp-content\\\/uploads\\\/2017\\\/12\\\/50-06.jpg\",\"contentUrl\":\"https:\\\/\\\/www.heldenhaushalt.de\\\/sari02\\\/wp-content\\\/uploads\\\/2017\\\/12\\\/50-06.jpg\",\"width\":1000,\"height\":1000,\"caption\":\"#Freitags5\"},{\"@type\":\"BreadcrumbList\",\"@id\":\"https:\\\/\\\/www.heldenhaushalt.de\\\/sari02\\\/index.php\\\/2017\\\/12\\\/16\\\/freitags5-5-tage-5-fotos-im-dez-03-2\\\/#breadcrumb\",\"itemListElement\":[{\"@type\":\"ListItem\",\"position\":1,\"name\":\"Startseite\",\"item\":\"https:\\\/\\\/www.heldenhaushalt.de\\\/sari02\\\/\"},{\"@type\":\"ListItem\",\"position\":2,\"name\":\"#Freitags5 \u2013 5 Tage 5 Fotos im Dezember #03\"}]},{\"@type\":\"WebSite\",\"@id\":\"https:\\\/\\\/www.heldenhaushalt.de\\\/sari02\\\/#website\",\"url\":\"https:\\\/\\\/www.heldenhaushalt.de\\\/sari02\\\/\",\"name\":\"Heldenhaushalt\",\"description\":\"Wer es ordentlich haben will, der muss vorher anrufen\",\"publisher\":{\"@id\":\"https:\\\/\\\/www.heldenhaushalt.de\\\/sari02\\\/#\\\/schema\\\/person\\\/a1cc69f42a01f412eb62c151353814f6\"},\"potentialAction\":[{\"@type\":\"SearchAction\",\"target\":{\"@type\":\"EntryPoint\",\"urlTemplate\":\"https:\\\/\\\/www.heldenhaushalt.de\\\/sari02\\\/?s={search_term_string}\"},\"query-input\":{\"@type\":\"PropertyValueSpecification\",\"valueRequired\":true,\"valueName\":\"search_term_string\"}}],\"inLanguage\":\"de\"},{\"@type\":[\"Person\",\"Organization\"],\"@id\":\"https:\\\/\\\/www.heldenhaushalt.de\\\/sari02\\\/#\\\/schema\\\/person\\\/a1cc69f42a01f412eb62c151353814f6\",\"name\":\"Sari\",\"image\":{\"@type\":\"ImageObject\",\"inLanguage\":\"de\",\"@id\":\"https:\\\/\\\/www.heldenhaushalt.de\\\/sari02\\\/wp-content\\\/uploads\\\/2019\\\/02\\\/sari-april2018.png\",\"url\":\"https:\\\/\\\/www.heldenhaushalt.de\\\/sari02\\\/wp-content\\\/uploads\\\/2019\\\/02\\\/sari-april2018.png\",\"contentUrl\":\"https:\\\/\\\/www.heldenhaushalt.de\\\/sari02\\\/wp-content\\\/uploads\\\/2019\\\/02\\\/sari-april2018.png\",\"width\":500,\"height\":500,\"caption\":\"Sari\"},\"logo\":{\"@id\":\"https:\\\/\\\/www.heldenhaushalt.de\\\/sari02\\\/wp-content\\\/uploads\\\/2019\\\/02\\\/sari-april2018.png\"},\"description\":\"Frau Mondgras \u2013 Das bin ich, Sari. Gerne auch als Sari Mondgras bekannt und im Internet zu finden. 2-Fach-Mutter, Heldenehefrau, Kreativling, Harmonies\u00fcchtig und st\u00e4ndig auf der Suche nach Gl\u00fcck. Ich komme aus Berlin, bin hier aufgewachsen und lebe hier seit ich denken kann.\",\"sameAs\":[\"https:\\\/\\\/www.instagram.com\\\/heldenhaushalt\\\/\"],\"url\":\"https:\\\/\\\/www.heldenhaushalt.de\\\/sari02\\\/index.php\\\/author\\\/admin\\\/\"}]}<\/script>\n<!-- \/ Yoast SEO plugin. -->","yoast_head_json":{"title":"#Freitags5 \u2013 5 Tage 5 Fotos im Dezember #03 - Heldenhaushalt","description":"Nach einem eher unfreiwilligen Auszeittag gestern, kommt unser #Freitags5 heute einen Tag sp\u00e4ter als gewohnt.","robots":{"index":"index","follow":"follow","max-snippet":"max-snippet:-1","max-image-preview":"max-image-preview:large","max-video-preview":"max-video-preview:-1"},"canonical":"https:\/\/www.heldenhaushalt.de\/sari02\/index.php\/2017\/12\/16\/freitags5-5-tage-5-fotos-im-dez-03-2\/","og_locale":"de_DE","og_type":"article","og_title":"#Freitags5 \u2013 5 Tage 5 Fotos im Dezember #03 - Heldenhaushalt","og_description":"Nach einem eher unfreiwilligen Auszeittag gestern, kommt unser #Freitags5 heute einen Tag sp\u00e4ter als gewohnt.","og_url":"https:\/\/www.heldenhaushalt.de\/sari02\/index.php\/2017\/12\/16\/freitags5-5-tage-5-fotos-im-dez-03-2\/","og_site_name":"Heldenhaushalt","article_published_time":"2017-12-16T07:59:42+00:00","og_image":[{"width":1000,"height":1000,"url":"https:\/\/www.heldenhaushalt.de\/sari02\/wp-content\/uploads\/2017\/12\/50-06.jpg","type":"image\/jpeg"}],"author":"Sari","twitter_card":"summary_large_image","twitter_creator":"@Heldenhaushalt","twitter_site":"@Heldenhaushalt","twitter_misc":{"Verfasst von":"Sari","Gesch\u00e4tzte Lesezeit":"3\u00a0Minuten"},"schema":{"@context":"https:\/\/schema.org","@graph":[{"@type":"Article","@id":"https:\/\/www.heldenhaushalt.de\/sari02\/index.php\/2017\/12\/16\/freitags5-5-tage-5-fotos-im-dez-03-2\/#article","isPartOf":{"@id":"https:\/\/www.heldenhaushalt.de\/sari02\/index.php\/2017\/12\/16\/freitags5-5-tage-5-fotos-im-dez-03-2\/"},"author":{"name":"Sari","@id":"https:\/\/www.heldenhaushalt.de\/sari02\/#\/schema\/person\/a1cc69f42a01f412eb62c151353814f6"},"headline":"#Freitags5 \u2013 5 Tage 5 Fotos im Dezember #03","datePublished":"2017-12-16T07:59:42+00:00","mainEntityOfPage":{"@id":"https:\/\/www.heldenhaushalt.de\/sari02\/index.php\/2017\/12\/16\/freitags5-5-tage-5-fotos-im-dez-03-2\/"},"wordCount":525,"commentCount":6,"publisher":{"@id":"https:\/\/www.heldenhaushalt.de\/sari02\/#\/schema\/person\/a1cc69f42a01f412eb62c151353814f6"},"image":{"@id":"https:\/\/www.heldenhaushalt.de\/sari02\/index.php\/2017\/12\/16\/freitags5-5-tage-5-fotos-im-dez-03-2\/#primaryimage"},"thumbnailUrl":"https:\/\/www.heldenhaushalt.de\/sari02\/wp-content\/uploads\/2017\/12\/50-06.jpg","keywords":["#Freitags5","#Freitagslieblinge","Allt\u00e4glich","B\u00fccher","Berlin Mitte Mom","Familie","Geburtstag","Kinder","Weihnachten"],"articleSection":["Alltagschaos","Blogsph\u00e4re"],"inLanguage":"de","potentialAction":[{"@type":"CommentAction","name":"Comment","target":["https:\/\/www.heldenhaushalt.de\/sari02\/index.php\/2017\/12\/16\/freitags5-5-tage-5-fotos-im-dez-03-2\/#respond"]}]},{"@type":"WebPage","@id":"https:\/\/www.heldenhaushalt.de\/sari02\/index.php\/2017\/12\/16\/freitags5-5-tage-5-fotos-im-dez-03-2\/","url":"https:\/\/www.heldenhaushalt.de\/sari02\/index.php\/2017\/12\/16\/freitags5-5-tage-5-fotos-im-dez-03-2\/","name":"#Freitags5 \u2013 5 Tage 5 Fotos im Dezember #03 - Heldenhaushalt","isPartOf":{"@id":"https:\/\/www.heldenhaushalt.de\/sari02\/#website"},"primaryImageOfPage":{"@id":"https:\/\/www.heldenhaushalt.de\/sari02\/index.php\/2017\/12\/16\/freitags5-5-tage-5-fotos-im-dez-03-2\/#primaryimage"},"image":{"@id":"https:\/\/www.heldenhaushalt.de\/sari02\/index.php\/2017\/12\/16\/freitags5-5-tage-5-fotos-im-dez-03-2\/#primaryimage"},"thumbnailUrl":"https:\/\/www.heldenhaushalt.de\/sari02\/wp-content\/uploads\/2017\/12\/50-06.jpg","datePublished":"2017-12-16T07:59:42+00:00","description":"Nach einem eher unfreiwilligen Auszeittag gestern, kommt unser #Freitags5 heute einen Tag sp\u00e4ter als gewohnt.","breadcrumb":{"@id":"https:\/\/www.heldenhaushalt.de\/sari02\/index.php\/2017\/12\/16\/freitags5-5-tage-5-fotos-im-dez-03-2\/#breadcrumb"},"inLanguage":"de","potentialAction":[{"@type":"ReadAction","target":["https:\/\/www.heldenhaushalt.de\/sari02\/index.php\/2017\/12\/16\/freitags5-5-tage-5-fotos-im-dez-03-2\/"]}]},{"@type":"ImageObject","inLanguage":"de","@id":"https:\/\/www.heldenhaushalt.de\/sari02\/index.php\/2017\/12\/16\/freitags5-5-tage-5-fotos-im-dez-03-2\/#primaryimage","url":"https:\/\/www.heldenhaushalt.de\/sari02\/wp-content\/uploads\/2017\/12\/50-06.jpg","contentUrl":"https:\/\/www.heldenhaushalt.de\/sari02\/wp-content\/uploads\/2017\/12\/50-06.jpg","width":1000,"height":1000,"caption":"#Freitags5"},{"@type":"BreadcrumbList","@id":"https:\/\/www.heldenhaushalt.de\/sari02\/index.php\/2017\/12\/16\/freitags5-5-tage-5-fotos-im-dez-03-2\/#breadcrumb","itemListElement":[{"@type":"ListItem","position":1,"name":"Startseite","item":"https:\/\/www.heldenhaushalt.de\/sari02\/"},{"@type":"ListItem","position":2,"name":"#Freitags5 \u2013 5 Tage 5 Fotos im Dezember #03"}]},{"@type":"WebSite","@id":"https:\/\/www.heldenhaushalt.de\/sari02\/#website","url":"https:\/\/www.heldenhaushalt.de\/sari02\/","name":"Heldenhaushalt","description":"Wer es ordentlich haben will, der muss vorher anrufen","publisher":{"@id":"https:\/\/www.heldenhaushalt.de\/sari02\/#\/schema\/person\/a1cc69f42a01f412eb62c151353814f6"},"potentialAction":[{"@type":"SearchAction","target":{"@type":"EntryPoint","urlTemplate":"https:\/\/www.heldenhaushalt.de\/sari02\/?s={search_term_string}"},"query-input":{"@type":"PropertyValueSpecification","valueRequired":true,"valueName":"search_term_string"}}],"inLanguage":"de"},{"@type":["Person","Organization"],"@id":"https:\/\/www.heldenhaushalt.de\/sari02\/#\/schema\/person\/a1cc69f42a01f412eb62c151353814f6","name":"Sari","image":{"@type":"ImageObject","inLanguage":"de","@id":"https:\/\/www.heldenhaushalt.de\/sari02\/wp-content\/uploads\/2019\/02\/sari-april2018.png","url":"https:\/\/www.heldenhaushalt.de\/sari02\/wp-content\/uploads\/2019\/02\/sari-april2018.png","contentUrl":"https:\/\/www.heldenhaushalt.de\/sari02\/wp-content\/uploads\/2019\/02\/sari-april2018.png","width":500,"height":500,"caption":"Sari"},"logo":{"@id":"https:\/\/www.heldenhaushalt.de\/sari02\/wp-content\/uploads\/2019\/02\/sari-april2018.png"},"description":"Frau Mondgras \u2013 Das bin ich, Sari. Gerne auch als Sari Mondgras bekannt und im Internet zu finden. 2-Fach-Mutter, Heldenehefrau, Kreativling, Harmonies\u00fcchtig und st\u00e4ndig auf der Suche nach Gl\u00fcck. Ich komme aus Berlin, bin hier aufgewachsen und lebe hier seit ich denken kann.","sameAs":["https:\/\/www.instagram.com\/heldenhaushalt\/"],"url":"https:\/\/www.heldenhaushalt.de\/sari02\/index.php\/author\/admin\/"}]}},"views":5032,"_links":{"self":[{"href":"https:\/\/www.heldenhaushalt.de\/sari02\/index.php\/wp-json\/wp\/v2\/posts\/35144","targetHints":{"allow":["GET"]}}],"collection":[{"href":"https:\/\/www.heldenhaushalt.de\/sari02\/index.php\/wp-json\/wp\/v2\/posts"}],"about":[{"href":"https:\/\/www.heldenhaushalt.de\/sari02\/index.php\/wp-json\/wp\/v2\/types\/post"}],"author":[{"embeddable":true,"href":"https:\/\/www.heldenhaushalt.de\/sari02\/index.php\/wp-json\/wp\/v2\/users\/1"}],"replies":[{"embeddable":true,"href":"https:\/\/www.heldenhaushalt.de\/sari02\/index.php\/wp-json\/wp\/v2\/comments?post=35144"}],"version-history":[{"count":4,"href":"https:\/\/www.heldenhaushalt.de\/sari02\/index.php\/wp-json\/wp\/v2\/posts\/35144\/revisions"}],"predecessor-version":[{"id":35153,"href":"https:\/\/www.heldenhaushalt.de\/sari02\/index.php\/wp-json\/wp\/v2\/posts\/35144\/revisions\/35153"}],"wp:featuredmedia":[{"embeddable":true,"href":"https:\/\/www.heldenhaushalt.de\/sari02\/index.php\/wp-json\/wp\/v2\/media\/35152"}],"wp:attachment":[{"href":"https:\/\/www.heldenhaushalt.de\/sari02\/index.php\/wp-json\/wp\/v2\/media?parent=35144"}],"wp:term":[{"taxonomy":"category","embeddable":true,"href":"https:\/\/www.heldenhaushalt.de\/sari02\/index.php\/wp-json\/wp\/v2\/categories?post=35144"},{"taxonomy":"post_tag","embeddable":true,"href":"https:\/\/www.heldenhaushalt.de\/sari02\/index.php\/wp-json\/wp\/v2\/tags?post=35144"}],"curies":[{"name":"wp","href":"https:\/\/api.w.org\/{rel}","templated":true}]}}