{"id":35209,"date":"2017-12-22T10:05:13","date_gmt":"2017-12-22T09:05:13","guid":{"rendered":"http:\/\/www.heldenhaushalt.de\/sari02\/?p=35209"},"modified":"2017-12-22T15:10:37","modified_gmt":"2017-12-22T14:10:37","slug":"u7-mit-dem-zweiten-kind","status":"publish","type":"post","link":"https:\/\/www.heldenhaushalt.de\/sari02\/index.php\/2017\/12\/22\/u7-mit-dem-zweiten-kind\/","title":{"rendered":"U7 mit dem zweiten Kind und ein kleines Weihnachtsgeschenk vom kleinen Mann"},"content":{"rendered":"<p>Das Kind hustet. Und rotzt rum. Nat&#252;rlich tut es das, denn es ist Winter, das Wetter unbest&#228;ndig und durchwachsen und Weihnachten steht vor der T&#252;re. Die meisten von euch kennen das Drama sicher. Kinder haben da immer ein ziemlich mieses Timing. Also ging es f&#252;r uns gestern zum Arzt.<\/p>\n<h2>Unser zweites Mal U7! Das war irgendwie spannend.<\/h2>\n<p>Eigentlich sind wir gestern nicht zum Arzt, weil das Kind so dick und fett erk&#228;ltet ist, sondern weil der Termin f&#252;r die U7 anstand. Oh weia&#8230;ist die Zeit wirklich so gerast? Waren wir nicht gerade erst mit dem Gro&#223;en bei der U7? Ich war ein bisschen erschrocken, als ich feststellte, dass der Gro&#223;e sogar schon <a href=\"http:\/\/www.heldenhaushalt.de\/sari02\/index.php\/2015\/05\/29\/wenn-man-vor-stolz-platzt-oder-auch-wir-waren-bei-der-u8\/\">die U8 hinter sich hat<\/a>. Urgs&#8230;&nbsp;<\/p>\n<p><img loading=\"lazy\" decoding=\"async\" class=\"aligncenter size-full wp-image-35214\" src=\"http:\/\/www.heldenhaushalt.de\/sari02\/wp-content\/uploads\/2017\/12\/u7-03.jpg\" alt=\"U7\" width=\"1000\" height=\"641\" srcset=\"https:\/\/www.heldenhaushalt.de\/sari02\/wp-content\/uploads\/2017\/12\/u7-03.jpg 1000w, https:\/\/www.heldenhaushalt.de\/sari02\/wp-content\/uploads\/2017\/12\/u7-03-300x192.jpg 300w, https:\/\/www.heldenhaushalt.de\/sari02\/wp-content\/uploads\/2017\/12\/u7-03-768x492.jpg 768w, https:\/\/www.heldenhaushalt.de\/sari02\/wp-content\/uploads\/2017\/12\/u7-03-600x385.jpg 600w\" sizes=\"auto, (max-width: 1000px) 100vw, 1000px\" \/>Wie auch immer. Wir waren nun also mit dem zweiten Kind bei der U7 und das war irgendwie spannend. Wir haben ja schon feststellen k&#246;nnen, dass die beiden Jungs sich doch in mancher Hinsicht ganz sch&#246;n unterscheiden. Daher war es schon aufregend zu sehen, wie die U7 mit dem Kleinen laufen w&#252;rde. Ich hatte vollkommen vergessen, dass diese Untersuchung bereits knapp eine Stunde dauern sollte und meine mich zu erinnern, dass wir mit dem Minihelden damals deutlich schneller wieder raus waren. Das Heldenkind hat einen ziemlich starken Charakter und wei&#223; ziemlich genau, was es will (und was nicht). Es sind beides sehr pfiffige Kinder und haben ihre St&#228;rken und Schw&#228;chen.&nbsp;<\/p>\n<p><img loading=\"lazy\" decoding=\"async\" class=\"aligncenter size-full wp-image-35212\" src=\"http:\/\/www.heldenhaushalt.de\/sari02\/wp-content\/uploads\/2017\/12\/u7-01.jpg\" alt=\"U7\" width=\"1000\" height=\"630\" srcset=\"https:\/\/www.heldenhaushalt.de\/sari02\/wp-content\/uploads\/2017\/12\/u7-01.jpg 1000w, https:\/\/www.heldenhaushalt.de\/sari02\/wp-content\/uploads\/2017\/12\/u7-01-300x189.jpg 300w, https:\/\/www.heldenhaushalt.de\/sari02\/wp-content\/uploads\/2017\/12\/u7-01-768x484.jpg 768w, https:\/\/www.heldenhaushalt.de\/sari02\/wp-content\/uploads\/2017\/12\/u7-01-600x378.jpg 600w\" sizes=\"auto, (max-width: 1000px) 100vw, 1000px\" \/><\/p>\n<p>So oder so nutzten wir also auch die Gelegenheit und lie&#223;en die Erk&#228;ltung des Kleinen gleich mit durchchecken. Nasentropfen gab es und ein bisschen Lob f&#252;r die Entwicklung. Ein zwei Sachen gilt es im Auge zu behalten, aber im Gro&#223;en und Ganzen macht sich das Heldenkind, wie wir erwartet haben, gut. Warum auch nicht? Es ist sportlich, aktiv und hat einen gro&#223;en Bruder, zu dem es aufschaut.<\/p>\n<h2>Eine kleine &#220;berraschung kurz vor Weihnachten&#8230;<\/h2>\n<p>Das Heldenkind hat uns so kurz vor Weihnachten sogar noch mit einem vorzeitigen Geschenk begl&#252;ckt: Es geht aufs T&#246;pfchen. Mehr oder weniger&#8230;<\/p>\n<p><img loading=\"lazy\" decoding=\"async\" class=\"aligncenter size-full wp-image-35215\" src=\"http:\/\/www.heldenhaushalt.de\/sari02\/wp-content\/uploads\/2017\/12\/u7-04.jpg\" alt=\"U7\" width=\"1000\" height=\"628\" srcset=\"https:\/\/www.heldenhaushalt.de\/sari02\/wp-content\/uploads\/2017\/12\/u7-04.jpg 1000w, https:\/\/www.heldenhaushalt.de\/sari02\/wp-content\/uploads\/2017\/12\/u7-04-300x188.jpg 300w, https:\/\/www.heldenhaushalt.de\/sari02\/wp-content\/uploads\/2017\/12\/u7-04-768x482.jpg 768w, https:\/\/www.heldenhaushalt.de\/sari02\/wp-content\/uploads\/2017\/12\/u7-04-600x377.jpg 600w\" sizes=\"auto, (max-width: 1000px) 100vw, 1000px\" \/><\/p>\n<p>In den letzten Wochen wuchs das Interesse f&#252;r diesen seltsamen Gegenstand mehr und mehr und anf&#228;nglich durften nur die Kuscheltiere Pipi und Aa darauf machen. Aber dann ganz pl&#246;tzlich sa&#223; auch das Heldenkind immer &#246;fter darauf und diese Woche konnten wir dann gleich zwei Mal das Erfolgserlebnis verbuchen: Es stand auf, zeigte in den Topf und rief &#252;berrascht &#8220;IIIIIIH&#8221;, w&#228;hrend wir alle vor Freude jubelten. Wor&#252;ber man sich als Eltern so freuen kann, erstaunlich, oder?<\/p>\n<h2>Nun sind wir gespannt, wie lange es dauern wird&#8230;<\/h2>\n<p>Jeder wei&#223;, dass es mit dem ersten erfolgreichen T&#246;pfchen &#8211; Gang nat&#252;rlich noch nicht getan ist. Das Heldenkind wei&#223; nun, dass es das durchaus auch kann und dass wir uns sehr dar&#252;ber freuen, wenn es dann klappt. Bevorzugen tut es aber dennoch aktuell mehr oder weniger die Windel. So oder so hat es uns damit eine ziemliche Freude bereitet und wir sind nun gespannt, wie lange es dauern wird, bis es das T&#246;pfchen bewusst nutzen wird.<\/p>\n<p>Der Miniheld war damals ca. 2 Jahre und 2 Monate alt, als wir dann auch langsam sogar die Nachtwindel weglassen konnte (und ja, uns ist bewusst, dass er damit ziemlich fr&#252;h dran war), Das Heldenkind hat nun sein ganz eigenes Tempo und das ist auch gut so.<\/p>\n<p>Wie lief das bei euch bzw. euren Kindern? Wann waren diese Windelfrei. Erz&#228;hlt doch mal ein bisschen&#8230;<\/p>\n<p><img decoding=\"async\" class=\"alignright\" src=\"https:\/\/www.heldenhaushalt.de\/sari02\/wp-content\/uploads\/2015\/01\/sari-unter.jpg?zoom=1.5&amp;resize=130%2C59\" alt=\"sari-unter\"><\/p>\n","protected":false},"excerpt":{"rendered":"<p>Das Kind hustet. Und rotzt rum. Nat&#252;rlich tut es das, denn es ist Winter, das Wetter unbest&#228;ndig und durchwachsen und Weihnachten steht vor der T&#252;re. Die meisten von euch kennen das Drama sicher. Kinder haben da immer ein ziemlich mieses Timing. Also ging es f&#252;r uns gestern zum Arzt. Unser zweites Mal U7! Das war irgendwie spannend. Eigentlich sind wir gestern nicht zum Arzt, weil das Kind so dick und fett erk&#228;ltet ist, sondern weil der Termin f&#252;r die U7 anstand. Oh weia&#8230;ist die Zeit wirklich so gerast? Waren wir nicht gerade erst mit dem Gro&#223;en bei der U7? Ich war ein bisschen erschrocken, als ich feststellte, dass der Gro&#223;e sogar schon die U8 hinter sich hat. Urgs&#8230;&nbsp; Wie auch immer. Wir waren nun also mit dem zweiten Kind bei der U7 und das war irgendwie spannend. Wir haben ja schon feststellen k&#246;nnen, dass die beiden Jungs sich doch in mancher Hinsicht ganz sch&#246;n unterscheiden. Daher war es schon aufregend zu sehen, wie die U7 mit dem Kleinen laufen w&#252;rde. Ich hatte vollkommen vergessen, dass diese Untersuchung bereits knapp eine Stunde dauern sollte und meine mich zu erinnern, dass wir mit dem Minihelden damals deutlich schneller wieder raus waren. Das Heldenkind hat einen ziemlich starken Charakter und wei&#223; ziemlich genau, was es will (und was nicht). Es sind beides sehr pfiffige Kinder und haben ihre St&#228;rken und Schw&#228;chen.&nbsp; So oder so nutzten wir also auch die Gelegenheit und lie&#223;en die Erk&#228;ltung des Kleinen gleich mit durchchecken. Nasentropfen gab es und ein bisschen Lob f&#252;r die Entwicklung. Ein zwei Sachen gilt es im Auge zu behalten, aber im Gro&#223;en und Ganzen macht sich das Heldenkind, wie wir erwartet haben, gut. Warum auch nicht? Es ist sportlich, aktiv und hat einen gro&#223;en Bruder, zu dem es aufschaut. Eine kleine &#220;berraschung kurz vor Weihnachten&#8230; Das Heldenkind hat uns so kurz vor Weihnachten sogar noch mit einem vorzeitigen Geschenk begl&#252;ckt: Es geht aufs T&#246;pfchen. Mehr oder weniger&#8230; In den letzten Wochen wuchs das Interesse f&#252;r diesen seltsamen Gegenstand mehr und mehr und anf&#228;nglich durften nur die Kuscheltiere Pipi und Aa darauf machen. Aber dann ganz pl&#246;tzlich sa&#223; auch das Heldenkind immer &#246;fter darauf und diese Woche konnten wir dann gleich zwei Mal das Erfolgserlebnis verbuchen: Es stand auf, zeigte in den Topf und rief &#252;berrascht &#8220;IIIIIIH&#8221;, w&#228;hrend wir alle vor Freude jubelten. Wor&#252;ber man sich als Eltern so freuen kann, erstaunlich, oder? Nun sind wir gespannt, wie lange es dauern wird&#8230; Jeder wei&#223;, dass es mit dem ersten erfolgreichen T&#246;pfchen &#8211; Gang nat&#252;rlich noch nicht getan ist. Das Heldenkind wei&#223; nun, dass es das durchaus auch kann und dass wir uns sehr dar&#252;ber freuen, wenn es dann klappt. Bevorzugen tut es aber dennoch aktuell mehr oder weniger die Windel. So oder so hat es uns damit eine ziemliche Freude bereitet und wir sind nun gespannt, wie lange es dauern wird, bis es das T&#246;pfchen bewusst nutzen wird. Der Miniheld war damals ca. 2 Jahre und 2 Monate alt, als wir dann auch langsam sogar die Nachtwindel weglassen konnte (und ja, uns ist bewusst, dass er damit ziemlich fr&#252;h dran war), Das Heldenkind hat nun sein ganz eigenes Tempo und das ist auch gut so. Wie lief das bei euch bzw. euren Kindern? Wann waren diese Windelfrei. Erz&#228;hlt doch mal ein bisschen&#8230;<\/p>\n","protected":false},"author":1,"featured_media":35213,"comment_status":"open","ping_status":"open","sticky":false,"template":"","format":"standard","meta":{"ngg_post_thumbnail":0,"footnotes":""},"categories":[321],"tags":[1725,534,1760,933,1759],"class_list":["post-35209","post","type-post","status-publish","format-standard","has-post-thumbnail","hentry","category-minimum","tag-2-jahre","tag-entwicklung","tag-kinderarzt","tag-kleinkind","tag-u7"],"yoast_head":"<!-- This site is optimized with the Yoast SEO plugin v27.5 - https:\/\/yoast.com\/product\/yoast-seo-wordpress\/ -->\n<title>U7 mit dem zweiten Kind und ein kleines Weihnachtsgeschenk<\/title>\n<meta name=\"description\" content=\"Eigentlich sind wir gestern nicht zum Arzt, weil das Kind so dick und fett erk\u00e4ltet ist, sondern weil der Termin f\u00fcr die U7 anstan\" \/>\n<meta name=\"robots\" content=\"index, follow, max-snippet:-1, max-image-preview:large, max-video-preview:-1\" \/>\n<link rel=\"canonical\" href=\"https:\/\/www.heldenhaushalt.de\/sari02\/index.php\/2017\/12\/22\/u7-mit-dem-zweiten-kind\/\" \/>\n<meta property=\"og:locale\" content=\"de_DE\" \/>\n<meta property=\"og:type\" content=\"article\" \/>\n<meta property=\"og:title\" content=\"U7 mit dem zweiten Kind und ein kleines Weihnachtsgeschenk\" \/>\n<meta property=\"og:description\" content=\"Eigentlich sind wir gestern nicht zum Arzt, weil das Kind so dick und fett erk\u00e4ltet ist, sondern weil der Termin f\u00fcr die U7 anstan\" \/>\n<meta property=\"og:url\" content=\"https:\/\/www.heldenhaushalt.de\/sari02\/index.php\/2017\/12\/22\/u7-mit-dem-zweiten-kind\/\" \/>\n<meta property=\"og:site_name\" content=\"Heldenhaushalt\" \/>\n<meta property=\"article:published_time\" content=\"2017-12-22T09:05:13+00:00\" \/>\n<meta property=\"article:modified_time\" content=\"2017-12-22T14:10:37+00:00\" \/>\n<meta property=\"og:image\" content=\"https:\/\/www.heldenhaushalt.de\/sari02\/wp-content\/uploads\/2017\/12\/u7-02.jpg\" \/>\n\t<meta property=\"og:image:width\" content=\"1000\" \/>\n\t<meta property=\"og:image:height\" content=\"623\" \/>\n\t<meta property=\"og:image:type\" content=\"image\/jpeg\" \/>\n<meta name=\"author\" content=\"Sari\" \/>\n<meta name=\"twitter:card\" content=\"summary_large_image\" \/>\n<meta name=\"twitter:creator\" content=\"@Heldenhaushalt\" \/>\n<meta name=\"twitter:site\" content=\"@Heldenhaushalt\" \/>\n<meta name=\"twitter:label1\" content=\"Verfasst von\" \/>\n\t<meta name=\"twitter:data1\" content=\"Sari\" \/>\n\t<meta name=\"twitter:label2\" content=\"Gesch\u00e4tzte Lesezeit\" \/>\n\t<meta name=\"twitter:data2\" content=\"3\u00a0Minuten\" \/>\n<script type=\"application\/ld+json\" class=\"yoast-schema-graph\">{\"@context\":\"https:\\\/\\\/schema.org\",\"@graph\":[{\"@type\":\"Article\",\"@id\":\"https:\\\/\\\/www.heldenhaushalt.de\\\/sari02\\\/index.php\\\/2017\\\/12\\\/22\\\/u7-mit-dem-zweiten-kind\\\/#article\",\"isPartOf\":{\"@id\":\"https:\\\/\\\/www.heldenhaushalt.de\\\/sari02\\\/index.php\\\/2017\\\/12\\\/22\\\/u7-mit-dem-zweiten-kind\\\/\"},\"author\":{\"name\":\"Sari\",\"@id\":\"https:\\\/\\\/www.heldenhaushalt.de\\\/sari02\\\/#\\\/schema\\\/person\\\/a1cc69f42a01f412eb62c151353814f6\"},\"headline\":\"U7 mit dem zweiten Kind und ein kleines Weihnachtsgeschenk vom kleinen Mann\",\"datePublished\":\"2017-12-22T09:05:13+00:00\",\"dateModified\":\"2017-12-22T14:10:37+00:00\",\"mainEntityOfPage\":{\"@id\":\"https:\\\/\\\/www.heldenhaushalt.de\\\/sari02\\\/index.php\\\/2017\\\/12\\\/22\\\/u7-mit-dem-zweiten-kind\\\/\"},\"wordCount\":591,\"commentCount\":0,\"publisher\":{\"@id\":\"https:\\\/\\\/www.heldenhaushalt.de\\\/sari02\\\/#\\\/schema\\\/person\\\/a1cc69f42a01f412eb62c151353814f6\"},\"image\":{\"@id\":\"https:\\\/\\\/www.heldenhaushalt.de\\\/sari02\\\/index.php\\\/2017\\\/12\\\/22\\\/u7-mit-dem-zweiten-kind\\\/#primaryimage\"},\"thumbnailUrl\":\"https:\\\/\\\/www.heldenhaushalt.de\\\/sari02\\\/wp-content\\\/uploads\\\/2017\\\/12\\\/u7-02.jpg\",\"keywords\":[\"2 Jahre\",\"Entwicklung\",\"Kinderarzt\",\"Kleinkind\",\"U7\"],\"articleSection\":[\"Heldenkinder\"],\"inLanguage\":\"de\",\"potentialAction\":[{\"@type\":\"CommentAction\",\"name\":\"Comment\",\"target\":[\"https:\\\/\\\/www.heldenhaushalt.de\\\/sari02\\\/index.php\\\/2017\\\/12\\\/22\\\/u7-mit-dem-zweiten-kind\\\/#respond\"]}]},{\"@type\":\"WebPage\",\"@id\":\"https:\\\/\\\/www.heldenhaushalt.de\\\/sari02\\\/index.php\\\/2017\\\/12\\\/22\\\/u7-mit-dem-zweiten-kind\\\/\",\"url\":\"https:\\\/\\\/www.heldenhaushalt.de\\\/sari02\\\/index.php\\\/2017\\\/12\\\/22\\\/u7-mit-dem-zweiten-kind\\\/\",\"name\":\"U7 mit dem zweiten Kind und ein kleines Weihnachtsgeschenk\",\"isPartOf\":{\"@id\":\"https:\\\/\\\/www.heldenhaushalt.de\\\/sari02\\\/#website\"},\"primaryImageOfPage\":{\"@id\":\"https:\\\/\\\/www.heldenhaushalt.de\\\/sari02\\\/index.php\\\/2017\\\/12\\\/22\\\/u7-mit-dem-zweiten-kind\\\/#primaryimage\"},\"image\":{\"@id\":\"https:\\\/\\\/www.heldenhaushalt.de\\\/sari02\\\/index.php\\\/2017\\\/12\\\/22\\\/u7-mit-dem-zweiten-kind\\\/#primaryimage\"},\"thumbnailUrl\":\"https:\\\/\\\/www.heldenhaushalt.de\\\/sari02\\\/wp-content\\\/uploads\\\/2017\\\/12\\\/u7-02.jpg\",\"datePublished\":\"2017-12-22T09:05:13+00:00\",\"dateModified\":\"2017-12-22T14:10:37+00:00\",\"description\":\"Eigentlich sind wir gestern nicht zum Arzt, weil das Kind so dick und fett erk\u00e4ltet ist, sondern weil der Termin f\u00fcr die U7 anstan\",\"breadcrumb\":{\"@id\":\"https:\\\/\\\/www.heldenhaushalt.de\\\/sari02\\\/index.php\\\/2017\\\/12\\\/22\\\/u7-mit-dem-zweiten-kind\\\/#breadcrumb\"},\"inLanguage\":\"de\",\"potentialAction\":[{\"@type\":\"ReadAction\",\"target\":[\"https:\\\/\\\/www.heldenhaushalt.de\\\/sari02\\\/index.php\\\/2017\\\/12\\\/22\\\/u7-mit-dem-zweiten-kind\\\/\"]}]},{\"@type\":\"ImageObject\",\"inLanguage\":\"de\",\"@id\":\"https:\\\/\\\/www.heldenhaushalt.de\\\/sari02\\\/index.php\\\/2017\\\/12\\\/22\\\/u7-mit-dem-zweiten-kind\\\/#primaryimage\",\"url\":\"https:\\\/\\\/www.heldenhaushalt.de\\\/sari02\\\/wp-content\\\/uploads\\\/2017\\\/12\\\/u7-02.jpg\",\"contentUrl\":\"https:\\\/\\\/www.heldenhaushalt.de\\\/sari02\\\/wp-content\\\/uploads\\\/2017\\\/12\\\/u7-02.jpg\",\"width\":1000,\"height\":623,\"caption\":\"U7\"},{\"@type\":\"BreadcrumbList\",\"@id\":\"https:\\\/\\\/www.heldenhaushalt.de\\\/sari02\\\/index.php\\\/2017\\\/12\\\/22\\\/u7-mit-dem-zweiten-kind\\\/#breadcrumb\",\"itemListElement\":[{\"@type\":\"ListItem\",\"position\":1,\"name\":\"Startseite\",\"item\":\"https:\\\/\\\/www.heldenhaushalt.de\\\/sari02\\\/\"},{\"@type\":\"ListItem\",\"position\":2,\"name\":\"U7 mit dem zweiten Kind und ein kleines Weihnachtsgeschenk vom kleinen Mann\"}]},{\"@type\":\"WebSite\",\"@id\":\"https:\\\/\\\/www.heldenhaushalt.de\\\/sari02\\\/#website\",\"url\":\"https:\\\/\\\/www.heldenhaushalt.de\\\/sari02\\\/\",\"name\":\"Heldenhaushalt\",\"description\":\"Wer es ordentlich haben will, der muss vorher anrufen\",\"publisher\":{\"@id\":\"https:\\\/\\\/www.heldenhaushalt.de\\\/sari02\\\/#\\\/schema\\\/person\\\/a1cc69f42a01f412eb62c151353814f6\"},\"potentialAction\":[{\"@type\":\"SearchAction\",\"target\":{\"@type\":\"EntryPoint\",\"urlTemplate\":\"https:\\\/\\\/www.heldenhaushalt.de\\\/sari02\\\/?s={search_term_string}\"},\"query-input\":{\"@type\":\"PropertyValueSpecification\",\"valueRequired\":true,\"valueName\":\"search_term_string\"}}],\"inLanguage\":\"de\"},{\"@type\":[\"Person\",\"Organization\"],\"@id\":\"https:\\\/\\\/www.heldenhaushalt.de\\\/sari02\\\/#\\\/schema\\\/person\\\/a1cc69f42a01f412eb62c151353814f6\",\"name\":\"Sari\",\"image\":{\"@type\":\"ImageObject\",\"inLanguage\":\"de\",\"@id\":\"https:\\\/\\\/www.heldenhaushalt.de\\\/sari02\\\/wp-content\\\/uploads\\\/2019\\\/02\\\/sari-april2018.png\",\"url\":\"https:\\\/\\\/www.heldenhaushalt.de\\\/sari02\\\/wp-content\\\/uploads\\\/2019\\\/02\\\/sari-april2018.png\",\"contentUrl\":\"https:\\\/\\\/www.heldenhaushalt.de\\\/sari02\\\/wp-content\\\/uploads\\\/2019\\\/02\\\/sari-april2018.png\",\"width\":500,\"height\":500,\"caption\":\"Sari\"},\"logo\":{\"@id\":\"https:\\\/\\\/www.heldenhaushalt.de\\\/sari02\\\/wp-content\\\/uploads\\\/2019\\\/02\\\/sari-april2018.png\"},\"description\":\"Frau Mondgras \u2013 Das bin ich, Sari. Gerne auch als Sari Mondgras bekannt und im Internet zu finden. 2-Fach-Mutter, Heldenehefrau, Kreativling, Harmonies\u00fcchtig und st\u00e4ndig auf der Suche nach Gl\u00fcck. Ich komme aus Berlin, bin hier aufgewachsen und lebe hier seit ich denken kann.\",\"sameAs\":[\"https:\\\/\\\/www.instagram.com\\\/heldenhaushalt\\\/\"],\"url\":\"https:\\\/\\\/www.heldenhaushalt.de\\\/sari02\\\/index.php\\\/author\\\/admin\\\/\"}]}<\/script>\n<!-- \/ Yoast SEO plugin. -->","yoast_head_json":{"title":"U7 mit dem zweiten Kind und ein kleines Weihnachtsgeschenk","description":"Eigentlich sind wir gestern nicht zum Arzt, weil das Kind so dick und fett erk\u00e4ltet ist, sondern weil der Termin f\u00fcr die U7 anstan","robots":{"index":"index","follow":"follow","max-snippet":"max-snippet:-1","max-image-preview":"max-image-preview:large","max-video-preview":"max-video-preview:-1"},"canonical":"https:\/\/www.heldenhaushalt.de\/sari02\/index.php\/2017\/12\/22\/u7-mit-dem-zweiten-kind\/","og_locale":"de_DE","og_type":"article","og_title":"U7 mit dem zweiten Kind und ein kleines Weihnachtsgeschenk","og_description":"Eigentlich sind wir gestern nicht zum Arzt, weil das Kind so dick und fett erk\u00e4ltet ist, sondern weil der Termin f\u00fcr die U7 anstan","og_url":"https:\/\/www.heldenhaushalt.de\/sari02\/index.php\/2017\/12\/22\/u7-mit-dem-zweiten-kind\/","og_site_name":"Heldenhaushalt","article_published_time":"2017-12-22T09:05:13+00:00","article_modified_time":"2017-12-22T14:10:37+00:00","og_image":[{"width":1000,"height":623,"url":"https:\/\/www.heldenhaushalt.de\/sari02\/wp-content\/uploads\/2017\/12\/u7-02.jpg","type":"image\/jpeg"}],"author":"Sari","twitter_card":"summary_large_image","twitter_creator":"@Heldenhaushalt","twitter_site":"@Heldenhaushalt","twitter_misc":{"Verfasst von":"Sari","Gesch\u00e4tzte Lesezeit":"3\u00a0Minuten"},"schema":{"@context":"https:\/\/schema.org","@graph":[{"@type":"Article","@id":"https:\/\/www.heldenhaushalt.de\/sari02\/index.php\/2017\/12\/22\/u7-mit-dem-zweiten-kind\/#article","isPartOf":{"@id":"https:\/\/www.heldenhaushalt.de\/sari02\/index.php\/2017\/12\/22\/u7-mit-dem-zweiten-kind\/"},"author":{"name":"Sari","@id":"https:\/\/www.heldenhaushalt.de\/sari02\/#\/schema\/person\/a1cc69f42a01f412eb62c151353814f6"},"headline":"U7 mit dem zweiten Kind und ein kleines Weihnachtsgeschenk vom kleinen Mann","datePublished":"2017-12-22T09:05:13+00:00","dateModified":"2017-12-22T14:10:37+00:00","mainEntityOfPage":{"@id":"https:\/\/www.heldenhaushalt.de\/sari02\/index.php\/2017\/12\/22\/u7-mit-dem-zweiten-kind\/"},"wordCount":591,"commentCount":0,"publisher":{"@id":"https:\/\/www.heldenhaushalt.de\/sari02\/#\/schema\/person\/a1cc69f42a01f412eb62c151353814f6"},"image":{"@id":"https:\/\/www.heldenhaushalt.de\/sari02\/index.php\/2017\/12\/22\/u7-mit-dem-zweiten-kind\/#primaryimage"},"thumbnailUrl":"https:\/\/www.heldenhaushalt.de\/sari02\/wp-content\/uploads\/2017\/12\/u7-02.jpg","keywords":["2 Jahre","Entwicklung","Kinderarzt","Kleinkind","U7"],"articleSection":["Heldenkinder"],"inLanguage":"de","potentialAction":[{"@type":"CommentAction","name":"Comment","target":["https:\/\/www.heldenhaushalt.de\/sari02\/index.php\/2017\/12\/22\/u7-mit-dem-zweiten-kind\/#respond"]}]},{"@type":"WebPage","@id":"https:\/\/www.heldenhaushalt.de\/sari02\/index.php\/2017\/12\/22\/u7-mit-dem-zweiten-kind\/","url":"https:\/\/www.heldenhaushalt.de\/sari02\/index.php\/2017\/12\/22\/u7-mit-dem-zweiten-kind\/","name":"U7 mit dem zweiten Kind und ein kleines Weihnachtsgeschenk","isPartOf":{"@id":"https:\/\/www.heldenhaushalt.de\/sari02\/#website"},"primaryImageOfPage":{"@id":"https:\/\/www.heldenhaushalt.de\/sari02\/index.php\/2017\/12\/22\/u7-mit-dem-zweiten-kind\/#primaryimage"},"image":{"@id":"https:\/\/www.heldenhaushalt.de\/sari02\/index.php\/2017\/12\/22\/u7-mit-dem-zweiten-kind\/#primaryimage"},"thumbnailUrl":"https:\/\/www.heldenhaushalt.de\/sari02\/wp-content\/uploads\/2017\/12\/u7-02.jpg","datePublished":"2017-12-22T09:05:13+00:00","dateModified":"2017-12-22T14:10:37+00:00","description":"Eigentlich sind wir gestern nicht zum Arzt, weil das Kind so dick und fett erk\u00e4ltet ist, sondern weil der Termin f\u00fcr die U7 anstan","breadcrumb":{"@id":"https:\/\/www.heldenhaushalt.de\/sari02\/index.php\/2017\/12\/22\/u7-mit-dem-zweiten-kind\/#breadcrumb"},"inLanguage":"de","potentialAction":[{"@type":"ReadAction","target":["https:\/\/www.heldenhaushalt.de\/sari02\/index.php\/2017\/12\/22\/u7-mit-dem-zweiten-kind\/"]}]},{"@type":"ImageObject","inLanguage":"de","@id":"https:\/\/www.heldenhaushalt.de\/sari02\/index.php\/2017\/12\/22\/u7-mit-dem-zweiten-kind\/#primaryimage","url":"https:\/\/www.heldenhaushalt.de\/sari02\/wp-content\/uploads\/2017\/12\/u7-02.jpg","contentUrl":"https:\/\/www.heldenhaushalt.de\/sari02\/wp-content\/uploads\/2017\/12\/u7-02.jpg","width":1000,"height":623,"caption":"U7"},{"@type":"BreadcrumbList","@id":"https:\/\/www.heldenhaushalt.de\/sari02\/index.php\/2017\/12\/22\/u7-mit-dem-zweiten-kind\/#breadcrumb","itemListElement":[{"@type":"ListItem","position":1,"name":"Startseite","item":"https:\/\/www.heldenhaushalt.de\/sari02\/"},{"@type":"ListItem","position":2,"name":"U7 mit dem zweiten Kind und ein kleines Weihnachtsgeschenk vom kleinen Mann"}]},{"@type":"WebSite","@id":"https:\/\/www.heldenhaushalt.de\/sari02\/#website","url":"https:\/\/www.heldenhaushalt.de\/sari02\/","name":"Heldenhaushalt","description":"Wer es ordentlich haben will, der muss vorher anrufen","publisher":{"@id":"https:\/\/www.heldenhaushalt.de\/sari02\/#\/schema\/person\/a1cc69f42a01f412eb62c151353814f6"},"potentialAction":[{"@type":"SearchAction","target":{"@type":"EntryPoint","urlTemplate":"https:\/\/www.heldenhaushalt.de\/sari02\/?s={search_term_string}"},"query-input":{"@type":"PropertyValueSpecification","valueRequired":true,"valueName":"search_term_string"}}],"inLanguage":"de"},{"@type":["Person","Organization"],"@id":"https:\/\/www.heldenhaushalt.de\/sari02\/#\/schema\/person\/a1cc69f42a01f412eb62c151353814f6","name":"Sari","image":{"@type":"ImageObject","inLanguage":"de","@id":"https:\/\/www.heldenhaushalt.de\/sari02\/wp-content\/uploads\/2019\/02\/sari-april2018.png","url":"https:\/\/www.heldenhaushalt.de\/sari02\/wp-content\/uploads\/2019\/02\/sari-april2018.png","contentUrl":"https:\/\/www.heldenhaushalt.de\/sari02\/wp-content\/uploads\/2019\/02\/sari-april2018.png","width":500,"height":500,"caption":"Sari"},"logo":{"@id":"https:\/\/www.heldenhaushalt.de\/sari02\/wp-content\/uploads\/2019\/02\/sari-april2018.png"},"description":"Frau Mondgras \u2013 Das bin ich, Sari. Gerne auch als Sari Mondgras bekannt und im Internet zu finden. 2-Fach-Mutter, Heldenehefrau, Kreativling, Harmonies\u00fcchtig und st\u00e4ndig auf der Suche nach Gl\u00fcck. Ich komme aus Berlin, bin hier aufgewachsen und lebe hier seit ich denken kann.","sameAs":["https:\/\/www.instagram.com\/heldenhaushalt\/"],"url":"https:\/\/www.heldenhaushalt.de\/sari02\/index.php\/author\/admin\/"}]}},"views":3481,"_links":{"self":[{"href":"https:\/\/www.heldenhaushalt.de\/sari02\/index.php\/wp-json\/wp\/v2\/posts\/35209","targetHints":{"allow":["GET"]}}],"collection":[{"href":"https:\/\/www.heldenhaushalt.de\/sari02\/index.php\/wp-json\/wp\/v2\/posts"}],"about":[{"href":"https:\/\/www.heldenhaushalt.de\/sari02\/index.php\/wp-json\/wp\/v2\/types\/post"}],"author":[{"embeddable":true,"href":"https:\/\/www.heldenhaushalt.de\/sari02\/index.php\/wp-json\/wp\/v2\/users\/1"}],"replies":[{"embeddable":true,"href":"https:\/\/www.heldenhaushalt.de\/sari02\/index.php\/wp-json\/wp\/v2\/comments?post=35209"}],"version-history":[{"count":4,"href":"https:\/\/www.heldenhaushalt.de\/sari02\/index.php\/wp-json\/wp\/v2\/posts\/35209\/revisions"}],"predecessor-version":[{"id":35217,"href":"https:\/\/www.heldenhaushalt.de\/sari02\/index.php\/wp-json\/wp\/v2\/posts\/35209\/revisions\/35217"}],"wp:featuredmedia":[{"embeddable":true,"href":"https:\/\/www.heldenhaushalt.de\/sari02\/index.php\/wp-json\/wp\/v2\/media\/35213"}],"wp:attachment":[{"href":"https:\/\/www.heldenhaushalt.de\/sari02\/index.php\/wp-json\/wp\/v2\/media?parent=35209"}],"wp:term":[{"taxonomy":"category","embeddable":true,"href":"https:\/\/www.heldenhaushalt.de\/sari02\/index.php\/wp-json\/wp\/v2\/categories?post=35209"},{"taxonomy":"post_tag","embeddable":true,"href":"https:\/\/www.heldenhaushalt.de\/sari02\/index.php\/wp-json\/wp\/v2\/tags?post=35209"}],"curies":[{"name":"wp","href":"https:\/\/api.w.org\/{rel}","templated":true}]}}