{"id":35341,"date":"2018-01-05T08:40:53","date_gmt":"2018-01-05T07:40:53","guid":{"rendered":"http:\/\/www.heldenhaushalt.de\/sari02\/?p=35341"},"modified":"2018-01-05T08:49:38","modified_gmt":"2018-01-05T07:49:38","slug":"freitags5-5-tage-5-fotos-im-januar-01-2","status":"publish","type":"post","link":"https:\/\/www.heldenhaushalt.de\/sari02\/index.php\/2018\/01\/05\/freitags5-5-tage-5-fotos-im-januar-01-2\/","title":{"rendered":"#Freitags5 \u2013 5 Tage 5 Fotos im Januar #01"},"content":{"rendered":"<p>Und da ist er, der erste #Freitags5 Beitrag im neuen Jahr. Was bringt er uns dieses Mal mit? Wie lief die erste Woche im neuen Jahr? Anf&#228;nglich lief es n&#228;mlich eigentlich ganz gut. Der Alltag kehrte zu uns weites gehend zur&#252;ck und auch die Ruhe, die nach all den Feiertags &#8211; Turbulenzen von allen so dringend ben&#246;tigt wurde. Auch wenn Feiertage Stress bedeuten, ist es in der Regel eher vordergr&#252;ndig positiver Stress. In so fern geht es eigentlich. Zum Ende der Woche hin setzte sich dann allerdings unser Drama vom Vorjahr fort. Wir hatten pl&#246;tzlich neue N&#228;sse im Haus. Aber auch die Bauarbeiten bzw. die Renovierung der K&#252;che geht heute los&#8230;<\/p>\n<p style=\"text-align: center;\">***<\/p>\n<h2>Meine #Freitags5 #Freitagslieblinge<\/h2>\n<p><img loading=\"lazy\" decoding=\"async\" class=\"aligncenter size-full wp-image-35344\" src=\"http:\/\/www.heldenhaushalt.de\/sari02\/wp-content\/uploads\/2018\/01\/18-01-02.jpg\" alt=\"#Freitags5\" width=\"1000\" height=\"1000\" srcset=\"https:\/\/www.heldenhaushalt.de\/sari02\/wp-content\/uploads\/2018\/01\/18-01-02.jpg 1000w, https:\/\/www.heldenhaushalt.de\/sari02\/wp-content\/uploads\/2018\/01\/18-01-02-150x150.jpg 150w, https:\/\/www.heldenhaushalt.de\/sari02\/wp-content\/uploads\/2018\/01\/18-01-02-300x300.jpg 300w, https:\/\/www.heldenhaushalt.de\/sari02\/wp-content\/uploads\/2018\/01\/18-01-02-768x768.jpg 768w, https:\/\/www.heldenhaushalt.de\/sari02\/wp-content\/uploads\/2018\/01\/18-01-02-600x600.jpg 600w, https:\/\/www.heldenhaushalt.de\/sari02\/wp-content\/uploads\/2018\/01\/18-01-02-660x660.jpg 660w, https:\/\/www.heldenhaushalt.de\/sari02\/wp-content\/uploads\/2018\/01\/18-01-02-373x373.jpg 373w\" sizes=\"auto, (max-width: 1000px) 100vw, 1000px\" \/><strong>Meine Lieblingslekt&#252;re der Woche \u2013<\/strong>&nbsp; Ich w&#228;lze derzeit Listen. Wenn man sich Vors&#228;tze &#252;berlegt, will man sie im Idealfall auch umsetzen, nicht wahr? Und ich m&#246;chte definitiv organisierter werden. Ich hatte diesen Zustand 2016 schon einmal erreicht. Dahin m&#246;chte ich zur&#252;ck. Da ich aber wei&#223;, dass ich es zeitlich nie schaffen w&#252;rde ein Buch dazu zu lesen, w&#228;lze ich die Listen, die man im Internet finden kann. Habt ihr noch Empfehlungen f&#252;r mich?<strong><br \/>\n<\/strong><\/p>\n<p style=\"text-align: center;\">***<\/p>\n<p><img loading=\"lazy\" decoding=\"async\" class=\"aligncenter size-full wp-image-35349\" src=\"http:\/\/www.heldenhaushalt.de\/sari02\/wp-content\/uploads\/2018\/01\/18-01-04.jpg\" alt=\"#Freitags5\" width=\"1000\" height=\"1000\" srcset=\"https:\/\/www.heldenhaushalt.de\/sari02\/wp-content\/uploads\/2018\/01\/18-01-04.jpg 1000w, https:\/\/www.heldenhaushalt.de\/sari02\/wp-content\/uploads\/2018\/01\/18-01-04-150x150.jpg 150w, https:\/\/www.heldenhaushalt.de\/sari02\/wp-content\/uploads\/2018\/01\/18-01-04-300x300.jpg 300w, https:\/\/www.heldenhaushalt.de\/sari02\/wp-content\/uploads\/2018\/01\/18-01-04-768x768.jpg 768w, https:\/\/www.heldenhaushalt.de\/sari02\/wp-content\/uploads\/2018\/01\/18-01-04-600x600.jpg 600w, https:\/\/www.heldenhaushalt.de\/sari02\/wp-content\/uploads\/2018\/01\/18-01-04-660x660.jpg 660w, https:\/\/www.heldenhaushalt.de\/sari02\/wp-content\/uploads\/2018\/01\/18-01-04-373x373.jpg 373w\" sizes=\"auto, (max-width: 1000px) 100vw, 1000px\" \/> <strong>Mein Lieblingsessen der Woche \u2013<\/strong>&nbsp; Es wird langsam wieder ges&#252;nder auf dem Tisch. Mehr Gem&#252;se, weniger Kohlenhydrate, &#246;fter mal Obst und jeden Tag mehr trinken. Abends nicht mehr so viel naschen und und und&#8230; Mein kulinarisches Highlight neben den <a href=\"https:\/\/www.instagram.com\/p\/BdaeVCwHDyc\/?taken-by=heldenhaushalt\" target=\"_blank\" rel=\"noopener\">selbst gemachten geratenen Nudeln<\/a> Anfang der Woche, war das leckere Steak mit gr&#252;nen Bohnen.<strong><br \/>\n<\/strong><\/p>\n<p style=\"text-align: center;\">***<\/p>\n<p><img loading=\"lazy\" decoding=\"async\" class=\"aligncenter size-full wp-image-35345\" src=\"http:\/\/www.heldenhaushalt.de\/sari02\/wp-content\/uploads\/2018\/01\/18-01-03.jpg\" alt=\"#Freitags5\" width=\"1000\" height=\"1000\" srcset=\"https:\/\/www.heldenhaushalt.de\/sari02\/wp-content\/uploads\/2018\/01\/18-01-03.jpg 1000w, https:\/\/www.heldenhaushalt.de\/sari02\/wp-content\/uploads\/2018\/01\/18-01-03-150x150.jpg 150w, https:\/\/www.heldenhaushalt.de\/sari02\/wp-content\/uploads\/2018\/01\/18-01-03-300x300.jpg 300w, https:\/\/www.heldenhaushalt.de\/sari02\/wp-content\/uploads\/2018\/01\/18-01-03-768x768.jpg 768w, https:\/\/www.heldenhaushalt.de\/sari02\/wp-content\/uploads\/2018\/01\/18-01-03-600x600.jpg 600w, https:\/\/www.heldenhaushalt.de\/sari02\/wp-content\/uploads\/2018\/01\/18-01-03-660x660.jpg 660w, https:\/\/www.heldenhaushalt.de\/sari02\/wp-content\/uploads\/2018\/01\/18-01-03-373x373.jpg 373w\" sizes=\"auto, (max-width: 1000px) 100vw, 1000px\" \/><\/p>\n<p><strong>Mein Lieblingsmoment mit meinen Kindern<\/strong>&nbsp;\u2013&nbsp; Man glaubt es kaum, wie viel so ein geregelter Alltag ausmachen kann. Mitte der Woche waren die Ferien des gro&#223;en Sohnes zu Ende. Die Vormittage wurden so erst einmal wieder ruhiger und die Nachmittage auch. Der Tag ist anders ausgelastet und verteilt und somit ausgeglichener. Das genie&#223;e ich ein St&#252;ck weit. Und die Kinder auch. Nach all den Feiertagen und der Action in den letzten Wochen haben sie diese allt&#228;gliche Ruhe gebraucht. So war ich zum Beispiel mit dem Heldenkind beim M&#246;belschweden und wir lie&#223;en uns ganz viel Zeit und so lange der Mann noch seine paar Restttage Urlaub hat, wandern der Gro&#223;e und ich morgens alleine zur Schule und haben ein paar ruhige Minuten nur f&#252;r uns. Das wiederum genie&#223;t der Gro&#223;e sehr.<\/p>\n<p style=\"text-align: center;\">***<\/p>\n<p><img loading=\"lazy\" decoding=\"async\" class=\"aligncenter size-full wp-image-35343\" src=\"http:\/\/www.heldenhaushalt.de\/sari02\/wp-content\/uploads\/2018\/01\/18-01-01.jpg\" alt=\"#Freitags5\" width=\"1000\" height=\"1000\" srcset=\"https:\/\/www.heldenhaushalt.de\/sari02\/wp-content\/uploads\/2018\/01\/18-01-01.jpg 1000w, https:\/\/www.heldenhaushalt.de\/sari02\/wp-content\/uploads\/2018\/01\/18-01-01-150x150.jpg 150w, https:\/\/www.heldenhaushalt.de\/sari02\/wp-content\/uploads\/2018\/01\/18-01-01-300x300.jpg 300w, https:\/\/www.heldenhaushalt.de\/sari02\/wp-content\/uploads\/2018\/01\/18-01-01-768x768.jpg 768w, https:\/\/www.heldenhaushalt.de\/sari02\/wp-content\/uploads\/2018\/01\/18-01-01-600x600.jpg 600w, https:\/\/www.heldenhaushalt.de\/sari02\/wp-content\/uploads\/2018\/01\/18-01-01-660x660.jpg 660w, https:\/\/www.heldenhaushalt.de\/sari02\/wp-content\/uploads\/2018\/01\/18-01-01-373x373.jpg 373w\" sizes=\"auto, (max-width: 1000px) 100vw, 1000px\" \/><\/p>\n<p><strong>Mein Lieblings-Mama-Moment nur f&#252;r mich<\/strong>&nbsp; \u2013&nbsp; Luft. Ich brauche viel Luft derzeit. Spazieren gehen hilft zum Beispiel. Auch wenn das Wetter es derzeit nicht wirklich zul&#228;sst. Ich bin tats&#228;chlich auch an einem Punkt angekommen, wo ich es gerne mit Laufen bzw. Joggen nochmal versuchen m&#246;chte. Ob ich das schaffe? <a href=\"http:\/\/www.heldenhaushalt.de\/sari02\/index.php\/2014\/08\/29\/12-in-2014-wenn-ein-vorhaben-form-annimmt\/\">Damals war es ja nicht so meine Welt<\/a>. Wie w&#252;rdet ihr an die Sache rangehen?<\/p>\n<p style=\"text-align: center;\">***<\/p>\n<p><img loading=\"lazy\" decoding=\"async\" class=\"aligncenter size-full wp-image-35350\" src=\"http:\/\/www.heldenhaushalt.de\/sari02\/wp-content\/uploads\/2018\/01\/18-01-05.jpg\" alt=\"#Freitags5\" width=\"1000\" height=\"1000\" srcset=\"https:\/\/www.heldenhaushalt.de\/sari02\/wp-content\/uploads\/2018\/01\/18-01-05.jpg 1000w, https:\/\/www.heldenhaushalt.de\/sari02\/wp-content\/uploads\/2018\/01\/18-01-05-150x150.jpg 150w, https:\/\/www.heldenhaushalt.de\/sari02\/wp-content\/uploads\/2018\/01\/18-01-05-300x300.jpg 300w, https:\/\/www.heldenhaushalt.de\/sari02\/wp-content\/uploads\/2018\/01\/18-01-05-768x768.jpg 768w, https:\/\/www.heldenhaushalt.de\/sari02\/wp-content\/uploads\/2018\/01\/18-01-05-600x600.jpg 600w, https:\/\/www.heldenhaushalt.de\/sari02\/wp-content\/uploads\/2018\/01\/18-01-05-660x660.jpg 660w, https:\/\/www.heldenhaushalt.de\/sari02\/wp-content\/uploads\/2018\/01\/18-01-05-373x373.jpg 373w\" sizes=\"auto, (max-width: 1000px) 100vw, 1000px\" \/><\/p>\n<p><strong>Meine Lieblings-Inspiration der Woche<\/strong>&nbsp;\u2013 Inspiriert hat mich diese Woche das Regenmonster. Sie schrieb n&#228;mlich einen <a href=\"http:\/\/regenmonster.de\/2018\/01\/04\/daruma-ein-japanischer-gluecksbringer\/\" target=\"_blank\" rel=\"noopener\">ausf&#252;hrlichen Artikel &#252;ber Daruma<\/a> und dabei fiel mir ein, dass wir ebenfalls einen seit einem Jahr im Schrank stehen haben, der auf seine Aufgabe wartete. Nachdem wir also Mittwoch auf einmal im Dachboden Wasser hatten, wusste ich, was er nun f&#252;r eine Aufgabe bekommen w&#252;rde und ich hoffe, es wird helfen. Weitere inspirierende Sachen in der Blogsph&#228;re findet ihr hier: <a href=\"https:\/\/www.mamahoch2.de\/2018\/01\/ein-festmahl-fuer-voegel.html\" target=\"_blank\" rel=\"noopener\">Vogelfutter selbstgemacht<\/a> &#8211; <a href=\"http:\/\/familinchen.de\/diy-kinderzimmer-deko-wimpel-aus-eisstielen-basteln\/\" target=\"_blank\" rel=\"noopener\">Wimpel aus Eisstielen basteln<\/a> &#8211; <a href=\"http:\/\/kinderkichern.blogspot.de\/2017\/12\/glucksschweinchen-backen.html\" target=\"_blank\" rel=\"noopener\">Gl&#252;cksschweinchen backen<\/a> &#8211; <a href=\"https:\/\/feiersun.de\/pimp-your-smartphone-wallpaper-fuer-das-neue-jahr\/\" target=\"_blank\" rel=\"noopener\">Wallpaper f&#252;r das neue Jahr<\/a><\/p>\n<p style=\"text-align: center;\">***<\/p>\n<p>Das Wochenende wird wohl jetzt sehr Renovierung intensiv werden. Mal sehen. Mehr bildhafte #Freitags5 R&#252;ckblicke gibt es auch heute wieder bei&nbsp;<a href=\"http:\/\/berlinmittemom.com\/\" target=\"_blank\" rel=\"noopener noreferrer\">BerlinMitteMom<\/a>.<\/p>\n<p><img loading=\"lazy\" decoding=\"async\" class=\" size-full wp-image-24841 alignright\" src=\"https:\/\/www.heldenhaushalt.de\/sari02\/wp-content\/uploads\/2015\/01\/sari-unter.jpg?zoom=1.5&amp;resize=130%2C59\" srcset=\"https:\/\/www.heldenhaushalt.de\/sari02\/wp-content\/uploads\/2015\/01\/sari-unter.jpg?zoom=1.5&amp;resize=130%2C59\" alt=\"sari-unter\" width=\"130\" height=\"59\" data-attachment-id=\"24841\" data-permalink=\"http:\/\/www.heldenhaushalt.de\/sari02\/index.php\/2015\/01\/03\/sich-neu-erfinden\/sari-unter\/\" data-orig-file=\"http:\/\/www.heldenhaushalt.de\/sari02\/wp-content\/uploads\/2015\/01\/sari-unter.jpg\" data-orig-size=\"130,59\" data-comments-opened=\"1\" data-image-meta=\"{&quot;aperture&quot;:&quot;0&quot;,&quot;credit&quot;:&quot;&quot;,&quot;camera&quot;:&quot;&quot;,&quot;caption&quot;:&quot;&quot;,&quot;created_timestamp&quot;:&quot;0&quot;,&quot;copyright&quot;:&quot;&quot;,&quot;focal_length&quot;:&quot;0&quot;,&quot;iso&quot;:&quot;0&quot;,&quot;shutter_speed&quot;:&quot;0&quot;,&quot;title&quot;:&quot;&quot;,&quot;orientation&quot;:&quot;0&quot;}\" data-image-title=\"sari-unter\" data-image-description=\"\" data-medium-file=\"http:\/\/www.heldenhaushalt.de\/sari02\/wp-content\/uploads\/2015\/01\/sari-unter.jpg\" data-large-file=\"http:\/\/www.heldenhaushalt.de\/sari02\/wp-content\/uploads\/2015\/01\/sari-unter.jpg\" data-pin-nopin=\"true\"><\/p>\n<div class=\"sharedaddy sd-sharing-enabled\">\n<div class=\"robots-nocontent sd-block sd-social sd-social-icon sd-sharing\">\n<h3 class=\"sd-title\">&nbsp;<\/h3>\n<\/div>\n<\/div>\n","protected":false},"excerpt":{"rendered":"<p>Und da ist er, der erste #Freitags5 Beitrag im neuen Jahr. Was bringt er uns dieses Mal mit? Wie lief die erste Woche im neuen Jahr? Anf&#228;nglich lief es n&#228;mlich eigentlich ganz gut. Der Alltag kehrte zu uns weites gehend zur&#252;ck und auch die Ruhe, die nach all den Feiertags &#8211; Turbulenzen von allen so dringend ben&#246;tigt wurde. Auch wenn Feiertage Stress bedeuten, ist es in der Regel eher vordergr&#252;ndig positiver Stress. In so fern geht es eigentlich. Zum Ende der Woche hin setzte sich dann allerdings unser Drama vom Vorjahr fort. Wir hatten pl&#246;tzlich neue N&#228;sse im Haus. Aber auch die Bauarbeiten bzw. die Renovierung der K&#252;che geht heute los&#8230; *** Meine #Freitags5 #Freitagslieblinge Meine Lieblingslekt&#252;re der Woche \u2013&nbsp; Ich w&#228;lze derzeit Listen. Wenn man sich Vors&#228;tze &#252;berlegt, will man sie im Idealfall auch umsetzen, nicht wahr? Und ich m&#246;chte definitiv organisierter werden. Ich hatte diesen Zustand 2016 schon einmal erreicht. Dahin m&#246;chte ich zur&#252;ck. Da ich aber wei&#223;, dass ich es zeitlich nie schaffen w&#252;rde ein Buch dazu zu lesen, w&#228;lze ich die Listen, die man im Internet finden kann. Habt ihr noch Empfehlungen f&#252;r mich? *** Mein Lieblingsessen der Woche \u2013&nbsp; Es wird langsam wieder ges&#252;nder auf dem Tisch. Mehr Gem&#252;se, weniger Kohlenhydrate, &#246;fter mal Obst und jeden Tag mehr trinken. Abends nicht mehr so viel naschen und und und&#8230; Mein kulinarisches Highlight neben den selbst gemachten geratenen Nudeln Anfang der Woche, war das leckere Steak mit gr&#252;nen Bohnen. *** Mein Lieblingsmoment mit meinen Kindern&nbsp;\u2013&nbsp; Man glaubt es kaum, wie viel so ein geregelter Alltag ausmachen kann. Mitte der Woche waren die Ferien des gro&#223;en Sohnes zu Ende. Die Vormittage wurden so erst einmal wieder ruhiger und die Nachmittage auch. Der Tag ist anders ausgelastet und verteilt und somit ausgeglichener. Das genie&#223;e ich ein St&#252;ck weit. Und die Kinder auch. Nach all den Feiertagen und der Action in den letzten Wochen haben sie diese allt&#228;gliche Ruhe gebraucht. So war ich zum Beispiel mit dem Heldenkind beim M&#246;belschweden und wir lie&#223;en uns ganz viel Zeit und so lange der Mann noch seine paar Restttage Urlaub hat, wandern der Gro&#223;e und ich morgens alleine zur Schule und haben ein paar ruhige Minuten nur f&#252;r uns. Das wiederum genie&#223;t der Gro&#223;e sehr. *** Mein Lieblings-Mama-Moment nur f&#252;r mich&nbsp; \u2013&nbsp; Luft. Ich brauche viel Luft derzeit. Spazieren gehen hilft zum Beispiel. Auch wenn das Wetter es derzeit nicht wirklich zul&#228;sst. Ich bin tats&#228;chlich auch an einem Punkt angekommen, wo ich es gerne mit Laufen bzw. Joggen nochmal versuchen m&#246;chte. Ob ich das schaffe? Damals war es ja nicht so meine Welt. Wie w&#252;rdet ihr an die Sache rangehen? *** Meine Lieblings-Inspiration der Woche&nbsp;\u2013 Inspiriert hat mich diese Woche das Regenmonster. Sie schrieb n&#228;mlich einen ausf&#252;hrlichen Artikel &#252;ber Daruma und dabei fiel mir ein, dass wir ebenfalls einen seit einem Jahr im Schrank stehen haben, der auf seine Aufgabe wartete. Nachdem wir also Mittwoch auf einmal im Dachboden Wasser hatten, wusste ich, was er nun f&#252;r eine Aufgabe bekommen w&#252;rde und ich hoffe, es wird helfen. Weitere inspirierende Sachen in der Blogsph&#228;re findet ihr hier: Vogelfutter selbstgemacht &#8211; Wimpel aus Eisstielen basteln &#8211; Gl&#252;cksschweinchen backen &#8211; Wallpaper f&#252;r das neue Jahr *** Das Wochenende wird wohl jetzt sehr Renovierung intensiv werden. Mal sehen. Mehr bildhafte #Freitags5 R&#252;ckblicke gibt es auch heute wieder bei&nbsp;BerlinMitteMom. &nbsp;<\/p>\n","protected":false},"author":1,"featured_media":35350,"comment_status":"open","ping_status":"open","sticky":false,"template":"","format":"standard","meta":{"ngg_post_thumbnail":0,"footnotes":""},"categories":[323,49],"tags":[781,45,69,1779,1312,81],"class_list":["post-35341","post","type-post","status-publish","format-standard","has-post-thumbnail","hentry","category-alltag","category-blogspaehre","tag-freitagslieblinge","tag-alltag","tag-familie","tag-freiatgs5","tag-kueche","tag-kinder"],"yoast_head":"<!-- This site is optimized with the Yoast SEO plugin v27.5 - https:\/\/yoast.com\/product\/yoast-seo-wordpress\/ -->\n<title>#Freitags5 \u2013 5 Tage 5 Fotos im Januar #01 - Heldenhaushalt<\/title>\n<meta name=\"description\" content=\"Und da ist er, der erste #Freitags5 Beitrag im neuen Jahr. Was bringt er uns dieses Mal mit? Wie lief die erste Woche im neuen Jahr? Anf\u00e4nglich lief es n\u00e4mlich eigentlich ganz gut.\" \/>\n<meta name=\"robots\" content=\"index, follow, max-snippet:-1, max-image-preview:large, max-video-preview:-1\" \/>\n<link rel=\"canonical\" href=\"https:\/\/www.heldenhaushalt.de\/sari02\/index.php\/2018\/01\/05\/freitags5-5-tage-5-fotos-im-januar-01-2\/\" \/>\n<meta property=\"og:locale\" content=\"de_DE\" \/>\n<meta property=\"og:type\" content=\"article\" \/>\n<meta property=\"og:title\" content=\"#Freitags5 \u2013 5 Tage 5 Fotos im Januar #01 - Heldenhaushalt\" \/>\n<meta property=\"og:description\" content=\"Und da ist er, der erste #Freitags5 Beitrag im neuen Jahr. Was bringt er uns dieses Mal mit? Wie lief die erste Woche im neuen Jahr? Anf\u00e4nglich lief es n\u00e4mlich eigentlich ganz gut.\" \/>\n<meta property=\"og:url\" content=\"https:\/\/www.heldenhaushalt.de\/sari02\/index.php\/2018\/01\/05\/freitags5-5-tage-5-fotos-im-januar-01-2\/\" \/>\n<meta property=\"og:site_name\" content=\"Heldenhaushalt\" \/>\n<meta property=\"article:published_time\" content=\"2018-01-05T07:40:53+00:00\" \/>\n<meta property=\"article:modified_time\" content=\"2018-01-05T07:49:38+00:00\" \/>\n<meta property=\"og:image\" content=\"https:\/\/www.heldenhaushalt.de\/sari02\/wp-content\/uploads\/2018\/01\/18-01-05.jpg\" \/>\n\t<meta property=\"og:image:width\" content=\"1000\" \/>\n\t<meta property=\"og:image:height\" content=\"1000\" \/>\n\t<meta property=\"og:image:type\" content=\"image\/jpeg\" \/>\n<meta name=\"author\" content=\"Sari\" \/>\n<meta name=\"twitter:card\" content=\"summary_large_image\" \/>\n<meta name=\"twitter:creator\" content=\"@Heldenhaushalt\" \/>\n<meta name=\"twitter:site\" content=\"@Heldenhaushalt\" \/>\n<meta name=\"twitter:label1\" content=\"Verfasst von\" \/>\n\t<meta name=\"twitter:data1\" content=\"Sari\" \/>\n\t<meta name=\"twitter:label2\" content=\"Gesch\u00e4tzte Lesezeit\" \/>\n\t<meta name=\"twitter:data2\" content=\"3\u00a0Minuten\" \/>\n<script type=\"application\/ld+json\" class=\"yoast-schema-graph\">{\"@context\":\"https:\\\/\\\/schema.org\",\"@graph\":[{\"@type\":\"Article\",\"@id\":\"https:\\\/\\\/www.heldenhaushalt.de\\\/sari02\\\/index.php\\\/2018\\\/01\\\/05\\\/freitags5-5-tage-5-fotos-im-januar-01-2\\\/#article\",\"isPartOf\":{\"@id\":\"https:\\\/\\\/www.heldenhaushalt.de\\\/sari02\\\/index.php\\\/2018\\\/01\\\/05\\\/freitags5-5-tage-5-fotos-im-januar-01-2\\\/\"},\"author\":{\"name\":\"Sari\",\"@id\":\"https:\\\/\\\/www.heldenhaushalt.de\\\/sari02\\\/#\\\/schema\\\/person\\\/a1cc69f42a01f412eb62c151353814f6\"},\"headline\":\"#Freitags5 \u2013 5 Tage 5 Fotos im Januar #01\",\"datePublished\":\"2018-01-05T07:40:53+00:00\",\"dateModified\":\"2018-01-05T07:49:38+00:00\",\"mainEntityOfPage\":{\"@id\":\"https:\\\/\\\/www.heldenhaushalt.de\\\/sari02\\\/index.php\\\/2018\\\/01\\\/05\\\/freitags5-5-tage-5-fotos-im-januar-01-2\\\/\"},\"wordCount\":599,\"commentCount\":2,\"publisher\":{\"@id\":\"https:\\\/\\\/www.heldenhaushalt.de\\\/sari02\\\/#\\\/schema\\\/person\\\/a1cc69f42a01f412eb62c151353814f6\"},\"image\":{\"@id\":\"https:\\\/\\\/www.heldenhaushalt.de\\\/sari02\\\/index.php\\\/2018\\\/01\\\/05\\\/freitags5-5-tage-5-fotos-im-januar-01-2\\\/#primaryimage\"},\"thumbnailUrl\":\"https:\\\/\\\/www.heldenhaushalt.de\\\/sari02\\\/wp-content\\\/uploads\\\/2018\\\/01\\\/18-01-05.jpg\",\"keywords\":[\"#Freitagslieblinge\",\"Allt\u00e4glich\",\"Familie\",\"Freiatgs5\",\"K\u00fcche\",\"Kinder\"],\"articleSection\":[\"Alltagschaos\",\"Blogsph\u00e4re\"],\"inLanguage\":\"de\",\"potentialAction\":[{\"@type\":\"CommentAction\",\"name\":\"Comment\",\"target\":[\"https:\\\/\\\/www.heldenhaushalt.de\\\/sari02\\\/index.php\\\/2018\\\/01\\\/05\\\/freitags5-5-tage-5-fotos-im-januar-01-2\\\/#respond\"]}]},{\"@type\":\"WebPage\",\"@id\":\"https:\\\/\\\/www.heldenhaushalt.de\\\/sari02\\\/index.php\\\/2018\\\/01\\\/05\\\/freitags5-5-tage-5-fotos-im-januar-01-2\\\/\",\"url\":\"https:\\\/\\\/www.heldenhaushalt.de\\\/sari02\\\/index.php\\\/2018\\\/01\\\/05\\\/freitags5-5-tage-5-fotos-im-januar-01-2\\\/\",\"name\":\"#Freitags5 \u2013 5 Tage 5 Fotos im Januar #01 - Heldenhaushalt\",\"isPartOf\":{\"@id\":\"https:\\\/\\\/www.heldenhaushalt.de\\\/sari02\\\/#website\"},\"primaryImageOfPage\":{\"@id\":\"https:\\\/\\\/www.heldenhaushalt.de\\\/sari02\\\/index.php\\\/2018\\\/01\\\/05\\\/freitags5-5-tage-5-fotos-im-januar-01-2\\\/#primaryimage\"},\"image\":{\"@id\":\"https:\\\/\\\/www.heldenhaushalt.de\\\/sari02\\\/index.php\\\/2018\\\/01\\\/05\\\/freitags5-5-tage-5-fotos-im-januar-01-2\\\/#primaryimage\"},\"thumbnailUrl\":\"https:\\\/\\\/www.heldenhaushalt.de\\\/sari02\\\/wp-content\\\/uploads\\\/2018\\\/01\\\/18-01-05.jpg\",\"datePublished\":\"2018-01-05T07:40:53+00:00\",\"dateModified\":\"2018-01-05T07:49:38+00:00\",\"description\":\"Und da ist er, der erste #Freitags5 Beitrag im neuen Jahr. Was bringt er uns dieses Mal mit? Wie lief die erste Woche im neuen Jahr? Anf\u00e4nglich lief es n\u00e4mlich eigentlich ganz gut.\",\"breadcrumb\":{\"@id\":\"https:\\\/\\\/www.heldenhaushalt.de\\\/sari02\\\/index.php\\\/2018\\\/01\\\/05\\\/freitags5-5-tage-5-fotos-im-januar-01-2\\\/#breadcrumb\"},\"inLanguage\":\"de\",\"potentialAction\":[{\"@type\":\"ReadAction\",\"target\":[\"https:\\\/\\\/www.heldenhaushalt.de\\\/sari02\\\/index.php\\\/2018\\\/01\\\/05\\\/freitags5-5-tage-5-fotos-im-januar-01-2\\\/\"]}]},{\"@type\":\"ImageObject\",\"inLanguage\":\"de\",\"@id\":\"https:\\\/\\\/www.heldenhaushalt.de\\\/sari02\\\/index.php\\\/2018\\\/01\\\/05\\\/freitags5-5-tage-5-fotos-im-januar-01-2\\\/#primaryimage\",\"url\":\"https:\\\/\\\/www.heldenhaushalt.de\\\/sari02\\\/wp-content\\\/uploads\\\/2018\\\/01\\\/18-01-05.jpg\",\"contentUrl\":\"https:\\\/\\\/www.heldenhaushalt.de\\\/sari02\\\/wp-content\\\/uploads\\\/2018\\\/01\\\/18-01-05.jpg\",\"width\":1000,\"height\":1000,\"caption\":\"#Freitags5\"},{\"@type\":\"BreadcrumbList\",\"@id\":\"https:\\\/\\\/www.heldenhaushalt.de\\\/sari02\\\/index.php\\\/2018\\\/01\\\/05\\\/freitags5-5-tage-5-fotos-im-januar-01-2\\\/#breadcrumb\",\"itemListElement\":[{\"@type\":\"ListItem\",\"position\":1,\"name\":\"Startseite\",\"item\":\"https:\\\/\\\/www.heldenhaushalt.de\\\/sari02\\\/\"},{\"@type\":\"ListItem\",\"position\":2,\"name\":\"#Freitags5 \u2013 5 Tage 5 Fotos im Januar #01\"}]},{\"@type\":\"WebSite\",\"@id\":\"https:\\\/\\\/www.heldenhaushalt.de\\\/sari02\\\/#website\",\"url\":\"https:\\\/\\\/www.heldenhaushalt.de\\\/sari02\\\/\",\"name\":\"Heldenhaushalt\",\"description\":\"Wer es ordentlich haben will, der muss vorher anrufen\",\"publisher\":{\"@id\":\"https:\\\/\\\/www.heldenhaushalt.de\\\/sari02\\\/#\\\/schema\\\/person\\\/a1cc69f42a01f412eb62c151353814f6\"},\"potentialAction\":[{\"@type\":\"SearchAction\",\"target\":{\"@type\":\"EntryPoint\",\"urlTemplate\":\"https:\\\/\\\/www.heldenhaushalt.de\\\/sari02\\\/?s={search_term_string}\"},\"query-input\":{\"@type\":\"PropertyValueSpecification\",\"valueRequired\":true,\"valueName\":\"search_term_string\"}}],\"inLanguage\":\"de\"},{\"@type\":[\"Person\",\"Organization\"],\"@id\":\"https:\\\/\\\/www.heldenhaushalt.de\\\/sari02\\\/#\\\/schema\\\/person\\\/a1cc69f42a01f412eb62c151353814f6\",\"name\":\"Sari\",\"image\":{\"@type\":\"ImageObject\",\"inLanguage\":\"de\",\"@id\":\"https:\\\/\\\/www.heldenhaushalt.de\\\/sari02\\\/wp-content\\\/uploads\\\/2019\\\/02\\\/sari-april2018.png\",\"url\":\"https:\\\/\\\/www.heldenhaushalt.de\\\/sari02\\\/wp-content\\\/uploads\\\/2019\\\/02\\\/sari-april2018.png\",\"contentUrl\":\"https:\\\/\\\/www.heldenhaushalt.de\\\/sari02\\\/wp-content\\\/uploads\\\/2019\\\/02\\\/sari-april2018.png\",\"width\":500,\"height\":500,\"caption\":\"Sari\"},\"logo\":{\"@id\":\"https:\\\/\\\/www.heldenhaushalt.de\\\/sari02\\\/wp-content\\\/uploads\\\/2019\\\/02\\\/sari-april2018.png\"},\"description\":\"Frau Mondgras \u2013 Das bin ich, Sari. Gerne auch als Sari Mondgras bekannt und im Internet zu finden. 2-Fach-Mutter, Heldenehefrau, Kreativling, Harmonies\u00fcchtig und st\u00e4ndig auf der Suche nach Gl\u00fcck. Ich komme aus Berlin, bin hier aufgewachsen und lebe hier seit ich denken kann.\",\"sameAs\":[\"https:\\\/\\\/www.instagram.com\\\/heldenhaushalt\\\/\"],\"url\":\"https:\\\/\\\/www.heldenhaushalt.de\\\/sari02\\\/index.php\\\/author\\\/admin\\\/\"}]}<\/script>\n<!-- \/ Yoast SEO plugin. -->","yoast_head_json":{"title":"#Freitags5 \u2013 5 Tage 5 Fotos im Januar #01 - Heldenhaushalt","description":"Und da ist er, der erste #Freitags5 Beitrag im neuen Jahr. Was bringt er uns dieses Mal mit? Wie lief die erste Woche im neuen Jahr? Anf\u00e4nglich lief es n\u00e4mlich eigentlich ganz gut.","robots":{"index":"index","follow":"follow","max-snippet":"max-snippet:-1","max-image-preview":"max-image-preview:large","max-video-preview":"max-video-preview:-1"},"canonical":"https:\/\/www.heldenhaushalt.de\/sari02\/index.php\/2018\/01\/05\/freitags5-5-tage-5-fotos-im-januar-01-2\/","og_locale":"de_DE","og_type":"article","og_title":"#Freitags5 \u2013 5 Tage 5 Fotos im Januar #01 - Heldenhaushalt","og_description":"Und da ist er, der erste #Freitags5 Beitrag im neuen Jahr. Was bringt er uns dieses Mal mit? Wie lief die erste Woche im neuen Jahr? Anf\u00e4nglich lief es n\u00e4mlich eigentlich ganz gut.","og_url":"https:\/\/www.heldenhaushalt.de\/sari02\/index.php\/2018\/01\/05\/freitags5-5-tage-5-fotos-im-januar-01-2\/","og_site_name":"Heldenhaushalt","article_published_time":"2018-01-05T07:40:53+00:00","article_modified_time":"2018-01-05T07:49:38+00:00","og_image":[{"width":1000,"height":1000,"url":"https:\/\/www.heldenhaushalt.de\/sari02\/wp-content\/uploads\/2018\/01\/18-01-05.jpg","type":"image\/jpeg"}],"author":"Sari","twitter_card":"summary_large_image","twitter_creator":"@Heldenhaushalt","twitter_site":"@Heldenhaushalt","twitter_misc":{"Verfasst von":"Sari","Gesch\u00e4tzte Lesezeit":"3\u00a0Minuten"},"schema":{"@context":"https:\/\/schema.org","@graph":[{"@type":"Article","@id":"https:\/\/www.heldenhaushalt.de\/sari02\/index.php\/2018\/01\/05\/freitags5-5-tage-5-fotos-im-januar-01-2\/#article","isPartOf":{"@id":"https:\/\/www.heldenhaushalt.de\/sari02\/index.php\/2018\/01\/05\/freitags5-5-tage-5-fotos-im-januar-01-2\/"},"author":{"name":"Sari","@id":"https:\/\/www.heldenhaushalt.de\/sari02\/#\/schema\/person\/a1cc69f42a01f412eb62c151353814f6"},"headline":"#Freitags5 \u2013 5 Tage 5 Fotos im Januar #01","datePublished":"2018-01-05T07:40:53+00:00","dateModified":"2018-01-05T07:49:38+00:00","mainEntityOfPage":{"@id":"https:\/\/www.heldenhaushalt.de\/sari02\/index.php\/2018\/01\/05\/freitags5-5-tage-5-fotos-im-januar-01-2\/"},"wordCount":599,"commentCount":2,"publisher":{"@id":"https:\/\/www.heldenhaushalt.de\/sari02\/#\/schema\/person\/a1cc69f42a01f412eb62c151353814f6"},"image":{"@id":"https:\/\/www.heldenhaushalt.de\/sari02\/index.php\/2018\/01\/05\/freitags5-5-tage-5-fotos-im-januar-01-2\/#primaryimage"},"thumbnailUrl":"https:\/\/www.heldenhaushalt.de\/sari02\/wp-content\/uploads\/2018\/01\/18-01-05.jpg","keywords":["#Freitagslieblinge","Allt\u00e4glich","Familie","Freiatgs5","K\u00fcche","Kinder"],"articleSection":["Alltagschaos","Blogsph\u00e4re"],"inLanguage":"de","potentialAction":[{"@type":"CommentAction","name":"Comment","target":["https:\/\/www.heldenhaushalt.de\/sari02\/index.php\/2018\/01\/05\/freitags5-5-tage-5-fotos-im-januar-01-2\/#respond"]}]},{"@type":"WebPage","@id":"https:\/\/www.heldenhaushalt.de\/sari02\/index.php\/2018\/01\/05\/freitags5-5-tage-5-fotos-im-januar-01-2\/","url":"https:\/\/www.heldenhaushalt.de\/sari02\/index.php\/2018\/01\/05\/freitags5-5-tage-5-fotos-im-januar-01-2\/","name":"#Freitags5 \u2013 5 Tage 5 Fotos im Januar #01 - Heldenhaushalt","isPartOf":{"@id":"https:\/\/www.heldenhaushalt.de\/sari02\/#website"},"primaryImageOfPage":{"@id":"https:\/\/www.heldenhaushalt.de\/sari02\/index.php\/2018\/01\/05\/freitags5-5-tage-5-fotos-im-januar-01-2\/#primaryimage"},"image":{"@id":"https:\/\/www.heldenhaushalt.de\/sari02\/index.php\/2018\/01\/05\/freitags5-5-tage-5-fotos-im-januar-01-2\/#primaryimage"},"thumbnailUrl":"https:\/\/www.heldenhaushalt.de\/sari02\/wp-content\/uploads\/2018\/01\/18-01-05.jpg","datePublished":"2018-01-05T07:40:53+00:00","dateModified":"2018-01-05T07:49:38+00:00","description":"Und da ist er, der erste #Freitags5 Beitrag im neuen Jahr. Was bringt er uns dieses Mal mit? Wie lief die erste Woche im neuen Jahr? Anf\u00e4nglich lief es n\u00e4mlich eigentlich ganz gut.","breadcrumb":{"@id":"https:\/\/www.heldenhaushalt.de\/sari02\/index.php\/2018\/01\/05\/freitags5-5-tage-5-fotos-im-januar-01-2\/#breadcrumb"},"inLanguage":"de","potentialAction":[{"@type":"ReadAction","target":["https:\/\/www.heldenhaushalt.de\/sari02\/index.php\/2018\/01\/05\/freitags5-5-tage-5-fotos-im-januar-01-2\/"]}]},{"@type":"ImageObject","inLanguage":"de","@id":"https:\/\/www.heldenhaushalt.de\/sari02\/index.php\/2018\/01\/05\/freitags5-5-tage-5-fotos-im-januar-01-2\/#primaryimage","url":"https:\/\/www.heldenhaushalt.de\/sari02\/wp-content\/uploads\/2018\/01\/18-01-05.jpg","contentUrl":"https:\/\/www.heldenhaushalt.de\/sari02\/wp-content\/uploads\/2018\/01\/18-01-05.jpg","width":1000,"height":1000,"caption":"#Freitags5"},{"@type":"BreadcrumbList","@id":"https:\/\/www.heldenhaushalt.de\/sari02\/index.php\/2018\/01\/05\/freitags5-5-tage-5-fotos-im-januar-01-2\/#breadcrumb","itemListElement":[{"@type":"ListItem","position":1,"name":"Startseite","item":"https:\/\/www.heldenhaushalt.de\/sari02\/"},{"@type":"ListItem","position":2,"name":"#Freitags5 \u2013 5 Tage 5 Fotos im Januar #01"}]},{"@type":"WebSite","@id":"https:\/\/www.heldenhaushalt.de\/sari02\/#website","url":"https:\/\/www.heldenhaushalt.de\/sari02\/","name":"Heldenhaushalt","description":"Wer es ordentlich haben will, der muss vorher anrufen","publisher":{"@id":"https:\/\/www.heldenhaushalt.de\/sari02\/#\/schema\/person\/a1cc69f42a01f412eb62c151353814f6"},"potentialAction":[{"@type":"SearchAction","target":{"@type":"EntryPoint","urlTemplate":"https:\/\/www.heldenhaushalt.de\/sari02\/?s={search_term_string}"},"query-input":{"@type":"PropertyValueSpecification","valueRequired":true,"valueName":"search_term_string"}}],"inLanguage":"de"},{"@type":["Person","Organization"],"@id":"https:\/\/www.heldenhaushalt.de\/sari02\/#\/schema\/person\/a1cc69f42a01f412eb62c151353814f6","name":"Sari","image":{"@type":"ImageObject","inLanguage":"de","@id":"https:\/\/www.heldenhaushalt.de\/sari02\/wp-content\/uploads\/2019\/02\/sari-april2018.png","url":"https:\/\/www.heldenhaushalt.de\/sari02\/wp-content\/uploads\/2019\/02\/sari-april2018.png","contentUrl":"https:\/\/www.heldenhaushalt.de\/sari02\/wp-content\/uploads\/2019\/02\/sari-april2018.png","width":500,"height":500,"caption":"Sari"},"logo":{"@id":"https:\/\/www.heldenhaushalt.de\/sari02\/wp-content\/uploads\/2019\/02\/sari-april2018.png"},"description":"Frau Mondgras \u2013 Das bin ich, Sari. Gerne auch als Sari Mondgras bekannt und im Internet zu finden. 2-Fach-Mutter, Heldenehefrau, Kreativling, Harmonies\u00fcchtig und st\u00e4ndig auf der Suche nach Gl\u00fcck. Ich komme aus Berlin, bin hier aufgewachsen und lebe hier seit ich denken kann.","sameAs":["https:\/\/www.instagram.com\/heldenhaushalt\/"],"url":"https:\/\/www.heldenhaushalt.de\/sari02\/index.php\/author\/admin\/"}]}},"views":5859,"_links":{"self":[{"href":"https:\/\/www.heldenhaushalt.de\/sari02\/index.php\/wp-json\/wp\/v2\/posts\/35341","targetHints":{"allow":["GET"]}}],"collection":[{"href":"https:\/\/www.heldenhaushalt.de\/sari02\/index.php\/wp-json\/wp\/v2\/posts"}],"about":[{"href":"https:\/\/www.heldenhaushalt.de\/sari02\/index.php\/wp-json\/wp\/v2\/types\/post"}],"author":[{"embeddable":true,"href":"https:\/\/www.heldenhaushalt.de\/sari02\/index.php\/wp-json\/wp\/v2\/users\/1"}],"replies":[{"embeddable":true,"href":"https:\/\/www.heldenhaushalt.de\/sari02\/index.php\/wp-json\/wp\/v2\/comments?post=35341"}],"version-history":[{"count":5,"href":"https:\/\/www.heldenhaushalt.de\/sari02\/index.php\/wp-json\/wp\/v2\/posts\/35341\/revisions"}],"predecessor-version":[{"id":35351,"href":"https:\/\/www.heldenhaushalt.de\/sari02\/index.php\/wp-json\/wp\/v2\/posts\/35341\/revisions\/35351"}],"wp:featuredmedia":[{"embeddable":true,"href":"https:\/\/www.heldenhaushalt.de\/sari02\/index.php\/wp-json\/wp\/v2\/media\/35350"}],"wp:attachment":[{"href":"https:\/\/www.heldenhaushalt.de\/sari02\/index.php\/wp-json\/wp\/v2\/media?parent=35341"}],"wp:term":[{"taxonomy":"category","embeddable":true,"href":"https:\/\/www.heldenhaushalt.de\/sari02\/index.php\/wp-json\/wp\/v2\/categories?post=35341"},{"taxonomy":"post_tag","embeddable":true,"href":"https:\/\/www.heldenhaushalt.de\/sari02\/index.php\/wp-json\/wp\/v2\/tags?post=35341"}],"curies":[{"name":"wp","href":"https:\/\/api.w.org\/{rel}","templated":true}]}}