{"id":35906,"date":"2018-03-02T09:00:21","date_gmt":"2018-03-02T08:00:21","guid":{"rendered":"http:\/\/www.heldenhaushalt.de\/sari02\/?p=35906"},"modified":"2018-03-03T08:45:56","modified_gmt":"2018-03-03T07:45:56","slug":"freitags5-5-tage-5-fotos-im-maerz-01-2","status":"publish","type":"post","link":"https:\/\/www.heldenhaushalt.de\/sari02\/index.php\/2018\/03\/02\/freitags5-5-tage-5-fotos-im-maerz-01-2\/","title":{"rendered":"#Freitags5 \u2013 5 Tage 5 Fotos im M&#228;rz #01"},"content":{"rendered":"<p>Wir warten. Ja, wir warten und sind angefressen. War da ein Hoffnungsschimmer, dass alles nun endlich Richtung Fertigstellung laufen w&#252;rde, warten wir nun. Warten auf Zusagen, auf OKs von Versicherungen und Handwerker, die endlich loslegen. Denn in zwei Wochen kommt die K&#252;che und der Zustand hat sich kaum ge&#228;ndert, seitdem der Mann von der Trocknungsfirma vor &#252;ber zwei Wochen da war, um aufzuschreiben, was alles neu gemacht werden muss. Wir leben zwischen abgerissenen Tapeten, aufgekratzten W&#228;nden und mit L&#246;chern im Fu&#223;boden. W&#252;rde der Schwiegervater nicht mit dem Mann schon ein bisschen etwas machen, w&#252;rde sich hier gar nichts tun. Langsam sind wir ratlos und verzweifelt&#8230;<\/p>\n<p>Zeit also den Blick auf die positiven Dinge der Woche zu werfen und sie f&#252;r euch in den #Freitags5 zusammen zu fassen. Habt ihr Lust?<\/p>\n<div class=\"entry-content\">\n<p style=\"text-align: center;\">***<\/p>\n<h2>Meine #Freitags5 #Freitagslieblinge<\/h2>\n<p><img loading=\"lazy\" decoding=\"async\" class=\"aligncenter size-full wp-image-35915\" src=\"http:\/\/www.heldenhaushalt.de\/sari02\/wp-content\/uploads\/2018\/03\/18-10-01.jpg\" alt=\"#Freitags5\" width=\"1000\" height=\"1000\" srcset=\"https:\/\/www.heldenhaushalt.de\/sari02\/wp-content\/uploads\/2018\/03\/18-10-01.jpg 1000w, https:\/\/www.heldenhaushalt.de\/sari02\/wp-content\/uploads\/2018\/03\/18-10-01-150x150.jpg 150w, https:\/\/www.heldenhaushalt.de\/sari02\/wp-content\/uploads\/2018\/03\/18-10-01-300x300.jpg 300w, https:\/\/www.heldenhaushalt.de\/sari02\/wp-content\/uploads\/2018\/03\/18-10-01-768x768.jpg 768w, https:\/\/www.heldenhaushalt.de\/sari02\/wp-content\/uploads\/2018\/03\/18-10-01-600x600.jpg 600w, https:\/\/www.heldenhaushalt.de\/sari02\/wp-content\/uploads\/2018\/03\/18-10-01-660x660.jpg 660w, https:\/\/www.heldenhaushalt.de\/sari02\/wp-content\/uploads\/2018\/03\/18-10-01-373x373.jpg 373w\" sizes=\"auto, (max-width: 1000px) 100vw, 1000px\" \/><strong>Meine Lieblingslekt&#252;re der Woche \u2013&nbsp;<\/strong> Lesen war diese Woche irgendwie undenkbar. F&#252;r uns alle. Der Mann war zwischenzeitlich krank und auch so&#8230;ach ich wei&#223; auch nicht. Insofern habe ich eher mal eine ruhige Minute f&#252;r <a href=\"http:\/\/www.heldenhaushalt.de\/sari02\/index.php\/2018\/03\/01\/einefarbereicht-rot\/\">mein Bullet Journal<\/a> genutzt und die Rot &#8211; Challenge von #einefarbereicht abgeschlossen.<strong><br \/>\n<\/strong><\/p>\n<p style=\"text-align: center;\">***<\/p>\n<p><img loading=\"lazy\" decoding=\"async\" class=\"aligncenter size-full wp-image-35916\" src=\"http:\/\/www.heldenhaushalt.de\/sari02\/wp-content\/uploads\/2018\/03\/18-10-02.jpg\" alt=\"#Freitags5\" width=\"1000\" height=\"1000\" srcset=\"https:\/\/www.heldenhaushalt.de\/sari02\/wp-content\/uploads\/2018\/03\/18-10-02.jpg 1000w, https:\/\/www.heldenhaushalt.de\/sari02\/wp-content\/uploads\/2018\/03\/18-10-02-150x150.jpg 150w, https:\/\/www.heldenhaushalt.de\/sari02\/wp-content\/uploads\/2018\/03\/18-10-02-300x300.jpg 300w, https:\/\/www.heldenhaushalt.de\/sari02\/wp-content\/uploads\/2018\/03\/18-10-02-768x768.jpg 768w, https:\/\/www.heldenhaushalt.de\/sari02\/wp-content\/uploads\/2018\/03\/18-10-02-600x600.jpg 600w, https:\/\/www.heldenhaushalt.de\/sari02\/wp-content\/uploads\/2018\/03\/18-10-02-660x660.jpg 660w, https:\/\/www.heldenhaushalt.de\/sari02\/wp-content\/uploads\/2018\/03\/18-10-02-373x373.jpg 373w\" sizes=\"auto, (max-width: 1000px) 100vw, 1000px\" \/><\/p>\n<p><strong>Mein Lieblingsessen der Woche \u2013 <\/strong>So wenig ich den Kopf frei zum Lesen hatte, umso mehr habe ich mich mal wieder bem&#252;ht etwas mehr Energie in die Brotdosen des Minihelden zu stecken. Die haben sehr gelitten unter den letzten Wochen, was ich pers&#246;nlich sehr schade finde. Der Miniheld versteht jedoch, dass so viel derzeit nicht m&#246;glich ist und freut sich umso mehr darauf, dass alles wieder normal wird, wenn die K&#252;che (hoffentlich bald) steht. Am Montag gab es Eierkuchen und davon habe ich dieses Mal ein paar in kleiner abgezwackt und am n&#228;chsten Tag mit in die Brotdose getan. Der Miniheld hat sich dar&#252;ber sehr gefreut.<strong><br \/>\n<\/strong><\/p>\n<p style=\"text-align: center;\">***<\/p>\n<p><img loading=\"lazy\" decoding=\"async\" class=\"aligncenter size-full wp-image-35917\" src=\"http:\/\/www.heldenhaushalt.de\/sari02\/wp-content\/uploads\/2018\/03\/18-10-03.jpg\" alt=\"#Freitags5\" width=\"1000\" height=\"1000\" srcset=\"https:\/\/www.heldenhaushalt.de\/sari02\/wp-content\/uploads\/2018\/03\/18-10-03.jpg 1000w, https:\/\/www.heldenhaushalt.de\/sari02\/wp-content\/uploads\/2018\/03\/18-10-03-150x150.jpg 150w, https:\/\/www.heldenhaushalt.de\/sari02\/wp-content\/uploads\/2018\/03\/18-10-03-300x300.jpg 300w, https:\/\/www.heldenhaushalt.de\/sari02\/wp-content\/uploads\/2018\/03\/18-10-03-768x768.jpg 768w, https:\/\/www.heldenhaushalt.de\/sari02\/wp-content\/uploads\/2018\/03\/18-10-03-600x600.jpg 600w, https:\/\/www.heldenhaushalt.de\/sari02\/wp-content\/uploads\/2018\/03\/18-10-03-660x660.jpg 660w, https:\/\/www.heldenhaushalt.de\/sari02\/wp-content\/uploads\/2018\/03\/18-10-03-373x373.jpg 373w\" sizes=\"auto, (max-width: 1000px) 100vw, 1000px\" \/><\/p>\n<p><strong>Mein Lieblingsmoment mit meinen Kindern<\/strong>&nbsp;\u2013&nbsp; Kinderzimmer &#8211; Zeit. Viel mehr war bei der K&#228;lte auch definitiv nicht drin. Morgens schnell Richtung Schule und noch schneller wieder zur&#252;ck. Das Gleiche am Mittag dann nochmal und im Idealfall danach nicht noch einmal vor die T&#252;re m&#252;ssen. Daf&#252;r haben wir eben wieder mehr Zeit im gemeinsamen Kinderzimmer genutzt und der Miniheld hat sich mal an diese Wasserperlen versucht. Das Prinzip ist &#228;hnlich dem vom B&#252;gelperlen. Nur, dass hier eben nicht geb&#252;gelt, sondern nass gemacht wird.&nbsp;<\/p>\n<p style=\"text-align: center;\">***<\/p>\n<p><img loading=\"lazy\" decoding=\"async\" class=\"aligncenter size-full wp-image-35918\" src=\"http:\/\/www.heldenhaushalt.de\/sari02\/wp-content\/uploads\/2018\/03\/18-10-04.jpg\" alt=\"#Freitags5\" width=\"1000\" height=\"999\" srcset=\"https:\/\/www.heldenhaushalt.de\/sari02\/wp-content\/uploads\/2018\/03\/18-10-04.jpg 1000w, https:\/\/www.heldenhaushalt.de\/sari02\/wp-content\/uploads\/2018\/03\/18-10-04-150x150.jpg 150w, https:\/\/www.heldenhaushalt.de\/sari02\/wp-content\/uploads\/2018\/03\/18-10-04-300x300.jpg 300w, https:\/\/www.heldenhaushalt.de\/sari02\/wp-content\/uploads\/2018\/03\/18-10-04-768x767.jpg 768w, https:\/\/www.heldenhaushalt.de\/sari02\/wp-content\/uploads\/2018\/03\/18-10-04-600x599.jpg 600w, https:\/\/www.heldenhaushalt.de\/sari02\/wp-content\/uploads\/2018\/03\/18-10-04-660x660.jpg 660w, https:\/\/www.heldenhaushalt.de\/sari02\/wp-content\/uploads\/2018\/03\/18-10-04-373x373.jpg 373w\" sizes=\"auto, (max-width: 1000px) 100vw, 1000px\" \/><\/p>\n<p><strong>Mein Lieblings-Mama-Moment nur f&#252;r mich<\/strong>&nbsp; \u2013&nbsp; Es ist verdammt kalt. Die Thermo &#8211; Hose ist derzeit mein bester Freund. Ich bin verspannt, m&#252;de und angeschlagen. Die Erk&#228;ltung der letzten Woche ist zwar deutlich besser geworden, aber man merkt sie dann und wann noch. Die K&#228;lte am Morgen f&#252;hlt sich wie kleine Eisspitzen an. Urgs&#8230; da liebe ich meine dicken kuscheligen Schals und die Kombination M&#252;tze UND Kapuze leisten ebenfalls ihren Beitrag. Am Donnerstag habe ich mich dann sogar nochmal in die Stadt gewagt, denn ich musste etwas zur Post bringen. Die Gelegenheit nutzte ich direkt, um f&#252;r die Kinder ein bisschen Oster &#8211; Shopping zu absolvieren. Ganz im Ernst? Ostern ist f&#252;r mich gerade gedanklich noch so weit weg&#8230; geht euch das auch so?<\/p>\n<p style=\"text-align: center;\">***<\/p>\n<p><img loading=\"lazy\" decoding=\"async\" class=\"aligncenter size-full wp-image-35919\" src=\"http:\/\/www.heldenhaushalt.de\/sari02\/wp-content\/uploads\/2018\/03\/18-10-05.jpg\" alt=\"#Freitags5\" width=\"1000\" height=\"1000\" srcset=\"https:\/\/www.heldenhaushalt.de\/sari02\/wp-content\/uploads\/2018\/03\/18-10-05.jpg 1000w, https:\/\/www.heldenhaushalt.de\/sari02\/wp-content\/uploads\/2018\/03\/18-10-05-150x150.jpg 150w, https:\/\/www.heldenhaushalt.de\/sari02\/wp-content\/uploads\/2018\/03\/18-10-05-300x300.jpg 300w, https:\/\/www.heldenhaushalt.de\/sari02\/wp-content\/uploads\/2018\/03\/18-10-05-768x768.jpg 768w, https:\/\/www.heldenhaushalt.de\/sari02\/wp-content\/uploads\/2018\/03\/18-10-05-600x600.jpg 600w, https:\/\/www.heldenhaushalt.de\/sari02\/wp-content\/uploads\/2018\/03\/18-10-05-660x660.jpg 660w, https:\/\/www.heldenhaushalt.de\/sari02\/wp-content\/uploads\/2018\/03\/18-10-05-373x373.jpg 373w\" sizes=\"auto, (max-width: 1000px) 100vw, 1000px\" \/><\/p>\n<p><strong>Meine Lieblings-Inspiration der Woche<\/strong>&nbsp;\u2013&nbsp; Das Heldenkind f&#252;hlte sich vom gro&#223;en Bruder inspiriert und wollte auch etwas machen. Da ich ihm aber ungerne diese kleinen Perlen geben wollte, kramte ich die alten Maxi &#8211; B&#252;gelperlen raus. Er liebt es sie auf die Platten zu stecken und freut sich &#252;ber jeden Erfolg dabei. Das Gute? Er legt noch keinen Wert darauf, dass ich die Dinger f&#252;r ihn b&#252;gel *lach* In der Blogsph&#228;re diese Woche inspirierend fand ich &#252;brigens folgende Beitr&#228;ge: <a href=\"https:\/\/feiersun.de\/osterdeko-gefuellte-ostereier-aus-wolle-selber-machen\/\" target=\"_blank\" rel=\"noopener\">Osternester aus Wolle selber machen<\/a> &#8211; <a href=\"https:\/\/sodapop-design.de\/2018\/02\/free-wallpaper-maerz-4\/\" target=\"_blank\" rel=\"noopener\">Free Wallpaper M&#228;rz<\/a> &#8211; <a href=\"https:\/\/familinchen.de\/diy-letter-board-guenstig-selber-machen\/\" target=\"_blank\" rel=\"noopener\">DIY Letter Board<\/a> &#8211; <a href=\"https:\/\/diekleinebotin.at\/2018\/02\/27\/eisscheiben-winterdeko\/\" target=\"_blank\" rel=\"noopener\">Eisscheiben<\/a> &#8211; <a href=\"https:\/\/vom-landleben.de\/selbermachen\/diy-lightbox-bilderrahmen\/\" target=\"_blank\" rel=\"noopener\">DIY Lightbox<\/a><\/p>\n<p style=\"text-align: center;\">***<\/p>\n<p>Der Miniheld und ich freuen uns schon darauf ein cooles Event morgen besuchen zu d&#252;rfen. Und dann ist da noch eine Geburtstagsfeier und ein Funino. Und nat&#252;rlich unsere Baustelle&#8230; busy, busy, busy. Mehr bildhafte #Freitags5 R&#252;ckblicke gibt es auch heute wieder bei&nbsp;<a href=\"http:\/\/berlinmittemom.com\/2018\/03\/02\/lunchboxen-luxussweets-und-licht-5-freitagslieblinge-am-02-maerz-2018\/\" target=\"_blank\" rel=\"noopener noreferrer\">BerlinMitteMom<\/a>.<\/p>\n<p><img loading=\"lazy\" decoding=\"async\" class=\" size-full wp-image-24841 alignright\" src=\"https:\/\/www.heldenhaushalt.de\/sari02\/wp-content\/uploads\/2015\/01\/sari-unter.jpg?zoom=1.5&amp;resize=130%2C59\" srcset=\"https:\/\/www.heldenhaushalt.de\/sari02\/wp-content\/uploads\/2015\/01\/sari-unter.jpg?zoom=1.5&amp;resize=130%2C59\" alt=\"sari-unter\" width=\"130\" height=\"59\" data-attachment-id=\"24841\" data-permalink=\"http:\/\/www.heldenhaushalt.de\/sari02\/index.php\/2015\/01\/03\/sich-neu-erfinden\/sari-unter\/\" data-orig-file=\"http:\/\/www.heldenhaushalt.de\/sari02\/wp-content\/uploads\/2015\/01\/sari-unter.jpg\" data-orig-size=\"130,59\" data-comments-opened=\"1\" data-image-meta=\"{&quot;aperture&quot;:&quot;0&quot;,&quot;credit&quot;:&quot;&quot;,&quot;camera&quot;:&quot;&quot;,&quot;caption&quot;:&quot;&quot;,&quot;created_timestamp&quot;:&quot;0&quot;,&quot;copyright&quot;:&quot;&quot;,&quot;focal_length&quot;:&quot;0&quot;,&quot;iso&quot;:&quot;0&quot;,&quot;shutter_speed&quot;:&quot;0&quot;,&quot;title&quot;:&quot;&quot;,&quot;orientation&quot;:&quot;0&quot;}\" data-image-title=\"sari-unter\" data-image-description=\"\" data-medium-file=\"http:\/\/www.heldenhaushalt.de\/sari02\/wp-content\/uploads\/2015\/01\/sari-unter.jpg\" data-large-file=\"http:\/\/www.heldenhaushalt.de\/sari02\/wp-content\/uploads\/2015\/01\/sari-unter.jpg\" data-pin-nopin=\"true\"><\/p>\n<\/div>\n<div class=\"sharedaddy sd-sharing-enabled\">\n<div class=\"robots-nocontent sd-block sd-social sd-social-icon sd-sharing\">\n<h3 class=\"sd-title\">&nbsp;<\/h3>\n<\/div>\n<\/div>\n","protected":false},"excerpt":{"rendered":"<p>Wir warten. Ja, wir warten und sind angefressen. War da ein Hoffnungsschimmer, dass alles nun endlich Richtung Fertigstellung laufen w&#252;rde, warten wir nun. Warten auf Zusagen, auf OKs von Versicherungen und Handwerker, die endlich loslegen. Denn in zwei Wochen kommt die K&#252;che und der Zustand hat sich kaum ge&#228;ndert, seitdem der Mann von der Trocknungsfirma vor &#252;ber zwei Wochen da war, um aufzuschreiben, was alles neu gemacht werden muss. Wir leben zwischen abgerissenen Tapeten, aufgekratzten W&#228;nden und mit L&#246;chern im Fu&#223;boden. W&#252;rde der Schwiegervater nicht mit dem Mann schon ein bisschen etwas machen, w&#252;rde sich hier gar nichts tun. Langsam sind wir ratlos und verzweifelt&#8230; Zeit also den Blick auf die positiven Dinge der Woche zu werfen und sie f&#252;r euch in den #Freitags5 zusammen zu fassen. Habt ihr Lust? *** Meine #Freitags5 #Freitagslieblinge Meine Lieblingslekt&#252;re der Woche \u2013&nbsp; Lesen war diese Woche irgendwie undenkbar. F&#252;r uns alle. Der Mann war zwischenzeitlich krank und auch so&#8230;ach ich wei&#223; auch nicht. Insofern habe ich eher mal eine ruhige Minute f&#252;r mein Bullet Journal genutzt und die Rot &#8211; Challenge von #einefarbereicht abgeschlossen. *** Mein Lieblingsessen der Woche \u2013 So wenig ich den Kopf frei zum Lesen hatte, umso mehr habe ich mich mal wieder bem&#252;ht etwas mehr Energie in die Brotdosen des Minihelden zu stecken. Die haben sehr gelitten unter den letzten Wochen, was ich pers&#246;nlich sehr schade finde. Der Miniheld versteht jedoch, dass so viel derzeit nicht m&#246;glich ist und freut sich umso mehr darauf, dass alles wieder normal wird, wenn die K&#252;che (hoffentlich bald) steht. Am Montag gab es Eierkuchen und davon habe ich dieses Mal ein paar in kleiner abgezwackt und am n&#228;chsten Tag mit in die Brotdose getan. Der Miniheld hat sich dar&#252;ber sehr gefreut. *** Mein Lieblingsmoment mit meinen Kindern&nbsp;\u2013&nbsp; Kinderzimmer &#8211; Zeit. Viel mehr war bei der K&#228;lte auch definitiv nicht drin. Morgens schnell Richtung Schule und noch schneller wieder zur&#252;ck. Das Gleiche am Mittag dann nochmal und im Idealfall danach nicht noch einmal vor die T&#252;re m&#252;ssen. Daf&#252;r haben wir eben wieder mehr Zeit im gemeinsamen Kinderzimmer genutzt und der Miniheld hat sich mal an diese Wasserperlen versucht. Das Prinzip ist &#228;hnlich dem vom B&#252;gelperlen. Nur, dass hier eben nicht geb&#252;gelt, sondern nass gemacht wird.&nbsp; *** Mein Lieblings-Mama-Moment nur f&#252;r mich&nbsp; \u2013&nbsp; Es ist verdammt kalt. Die Thermo &#8211; Hose ist derzeit mein bester Freund. Ich bin verspannt, m&#252;de und angeschlagen. Die Erk&#228;ltung der letzten Woche ist zwar deutlich besser geworden, aber man merkt sie dann und wann noch. Die K&#228;lte am Morgen f&#252;hlt sich wie kleine Eisspitzen an. Urgs&#8230; da liebe ich meine dicken kuscheligen Schals und die Kombination M&#252;tze UND Kapuze leisten ebenfalls ihren Beitrag. Am Donnerstag habe ich mich dann sogar nochmal in die Stadt gewagt, denn ich musste etwas zur Post bringen. Die Gelegenheit nutzte ich direkt, um f&#252;r die Kinder ein bisschen Oster &#8211; Shopping zu absolvieren. Ganz im Ernst? Ostern ist f&#252;r mich gerade gedanklich noch so weit weg&#8230; geht euch das auch so? *** Meine Lieblings-Inspiration der Woche&nbsp;\u2013&nbsp; Das Heldenkind f&#252;hlte sich vom gro&#223;en Bruder inspiriert und wollte auch etwas machen. Da ich ihm aber ungerne diese kleinen Perlen geben wollte, kramte ich die alten Maxi &#8211; B&#252;gelperlen raus. Er liebt es sie auf die Platten zu stecken und freut sich &#252;ber jeden Erfolg dabei. Das Gute? Er legt noch keinen Wert darauf, dass ich die Dinger f&#252;r ihn b&#252;gel *lach* In der Blogsph&#228;re diese Woche inspirierend fand ich &#252;brigens folgende Beitr&#228;ge: Osternester aus Wolle selber machen &#8211; Free Wallpaper M&#228;rz &#8211; DIY Letter Board &#8211; Eisscheiben &#8211; DIY Lightbox *** Der Miniheld und ich freuen uns schon darauf ein cooles Event morgen besuchen zu d&#252;rfen. Und dann ist da noch eine Geburtstagsfeier und ein Funino. Und nat&#252;rlich unsere Baustelle&#8230; busy, busy, busy. Mehr bildhafte #Freitags5 R&#252;ckblicke gibt es auch heute wieder bei&nbsp;BerlinMitteMom. &nbsp;<\/p>\n","protected":false},"author":1,"featured_media":35916,"comment_status":"open","ping_status":"open","sticky":false,"template":"","format":"standard","meta":{"ngg_post_thumbnail":0,"footnotes":""},"categories":[323,49],"tags":[780,781,45,69,81],"class_list":["post-35906","post","type-post","status-publish","format-standard","has-post-thumbnail","hentry","category-alltag","category-blogspaehre","tag-freitags5","tag-freitagslieblinge","tag-alltag","tag-familie","tag-kinder"],"yoast_head":"<!-- This site is optimized with the Yoast SEO plugin v27.4 - https:\/\/yoast.com\/product\/yoast-seo-wordpress\/ -->\n<title>#Freitags5 \u2013 5 Tage 5 Fotos im M\u00e4rz #01 - Heldenhaushalt<\/title>\n<meta name=\"description\" content=\"Zeit also den Blick auf die positiven Dinge der Woche zu werfen und sie f\u00fcr euch in den #Freitags5 zusammen zu fassen. Habt ihr Lust?\" \/>\n<meta name=\"robots\" content=\"index, follow, max-snippet:-1, max-image-preview:large, max-video-preview:-1\" \/>\n<link rel=\"canonical\" href=\"https:\/\/www.heldenhaushalt.de\/sari02\/index.php\/2018\/03\/02\/freitags5-5-tage-5-fotos-im-maerz-01-2\/\" \/>\n<meta property=\"og:locale\" content=\"de_DE\" \/>\n<meta property=\"og:type\" content=\"article\" \/>\n<meta property=\"og:title\" content=\"#Freitags5 \u2013 5 Tage 5 Fotos im M\u00e4rz #01 - Heldenhaushalt\" \/>\n<meta property=\"og:description\" content=\"Zeit also den Blick auf die positiven Dinge der Woche zu werfen und sie f\u00fcr euch in den #Freitags5 zusammen zu fassen. Habt ihr Lust?\" \/>\n<meta property=\"og:url\" content=\"https:\/\/www.heldenhaushalt.de\/sari02\/index.php\/2018\/03\/02\/freitags5-5-tage-5-fotos-im-maerz-01-2\/\" \/>\n<meta property=\"og:site_name\" content=\"Heldenhaushalt\" \/>\n<meta property=\"article:published_time\" content=\"2018-03-02T08:00:21+00:00\" \/>\n<meta property=\"article:modified_time\" content=\"2018-03-03T07:45:56+00:00\" \/>\n<meta property=\"og:image\" content=\"https:\/\/www.heldenhaushalt.de\/sari02\/wp-content\/uploads\/2018\/03\/18-10-02.jpg\" \/>\n\t<meta property=\"og:image:width\" content=\"1000\" \/>\n\t<meta property=\"og:image:height\" content=\"1000\" \/>\n\t<meta property=\"og:image:type\" content=\"image\/jpeg\" \/>\n<meta name=\"author\" content=\"Sari\" \/>\n<meta name=\"twitter:card\" content=\"summary_large_image\" \/>\n<meta name=\"twitter:creator\" content=\"@Heldenhaushalt\" \/>\n<meta name=\"twitter:site\" content=\"@Heldenhaushalt\" \/>\n<meta name=\"twitter:label1\" content=\"Verfasst von\" \/>\n\t<meta name=\"twitter:data1\" content=\"Sari\" \/>\n\t<meta name=\"twitter:label2\" content=\"Gesch\u00e4tzte Lesezeit\" \/>\n\t<meta name=\"twitter:data2\" content=\"3\u00a0Minuten\" \/>\n<script type=\"application\/ld+json\" class=\"yoast-schema-graph\">{\"@context\":\"https:\\\/\\\/schema.org\",\"@graph\":[{\"@type\":\"Article\",\"@id\":\"https:\\\/\\\/www.heldenhaushalt.de\\\/sari02\\\/index.php\\\/2018\\\/03\\\/02\\\/freitags5-5-tage-5-fotos-im-maerz-01-2\\\/#article\",\"isPartOf\":{\"@id\":\"https:\\\/\\\/www.heldenhaushalt.de\\\/sari02\\\/index.php\\\/2018\\\/03\\\/02\\\/freitags5-5-tage-5-fotos-im-maerz-01-2\\\/\"},\"author\":{\"name\":\"Sari\",\"@id\":\"https:\\\/\\\/www.heldenhaushalt.de\\\/sari02\\\/#\\\/schema\\\/person\\\/a1cc69f42a01f412eb62c151353814f6\"},\"headline\":\"#Freitags5 \u2013 5 Tage 5 Fotos im M&#228;rz #01\",\"datePublished\":\"2018-03-02T08:00:21+00:00\",\"dateModified\":\"2018-03-03T07:45:56+00:00\",\"mainEntityOfPage\":{\"@id\":\"https:\\\/\\\/www.heldenhaushalt.de\\\/sari02\\\/index.php\\\/2018\\\/03\\\/02\\\/freitags5-5-tage-5-fotos-im-maerz-01-2\\\/\"},\"wordCount\":689,\"commentCount\":2,\"publisher\":{\"@id\":\"https:\\\/\\\/www.heldenhaushalt.de\\\/sari02\\\/#\\\/schema\\\/person\\\/a1cc69f42a01f412eb62c151353814f6\"},\"image\":{\"@id\":\"https:\\\/\\\/www.heldenhaushalt.de\\\/sari02\\\/index.php\\\/2018\\\/03\\\/02\\\/freitags5-5-tage-5-fotos-im-maerz-01-2\\\/#primaryimage\"},\"thumbnailUrl\":\"https:\\\/\\\/www.heldenhaushalt.de\\\/sari02\\\/wp-content\\\/uploads\\\/2018\\\/03\\\/18-10-02.jpg\",\"keywords\":[\"#Freitags5\",\"#Freitagslieblinge\",\"Allt\u00e4glich\",\"Familie\",\"Kinder\"],\"articleSection\":[\"Alltagschaos\",\"Blogsph\u00e4re\"],\"inLanguage\":\"de\",\"potentialAction\":[{\"@type\":\"CommentAction\",\"name\":\"Comment\",\"target\":[\"https:\\\/\\\/www.heldenhaushalt.de\\\/sari02\\\/index.php\\\/2018\\\/03\\\/02\\\/freitags5-5-tage-5-fotos-im-maerz-01-2\\\/#respond\"]}]},{\"@type\":\"WebPage\",\"@id\":\"https:\\\/\\\/www.heldenhaushalt.de\\\/sari02\\\/index.php\\\/2018\\\/03\\\/02\\\/freitags5-5-tage-5-fotos-im-maerz-01-2\\\/\",\"url\":\"https:\\\/\\\/www.heldenhaushalt.de\\\/sari02\\\/index.php\\\/2018\\\/03\\\/02\\\/freitags5-5-tage-5-fotos-im-maerz-01-2\\\/\",\"name\":\"#Freitags5 \u2013 5 Tage 5 Fotos im M\u00e4rz #01 - Heldenhaushalt\",\"isPartOf\":{\"@id\":\"https:\\\/\\\/www.heldenhaushalt.de\\\/sari02\\\/#website\"},\"primaryImageOfPage\":{\"@id\":\"https:\\\/\\\/www.heldenhaushalt.de\\\/sari02\\\/index.php\\\/2018\\\/03\\\/02\\\/freitags5-5-tage-5-fotos-im-maerz-01-2\\\/#primaryimage\"},\"image\":{\"@id\":\"https:\\\/\\\/www.heldenhaushalt.de\\\/sari02\\\/index.php\\\/2018\\\/03\\\/02\\\/freitags5-5-tage-5-fotos-im-maerz-01-2\\\/#primaryimage\"},\"thumbnailUrl\":\"https:\\\/\\\/www.heldenhaushalt.de\\\/sari02\\\/wp-content\\\/uploads\\\/2018\\\/03\\\/18-10-02.jpg\",\"datePublished\":\"2018-03-02T08:00:21+00:00\",\"dateModified\":\"2018-03-03T07:45:56+00:00\",\"description\":\"Zeit also den Blick auf die positiven Dinge der Woche zu werfen und sie f\u00fcr euch in den #Freitags5 zusammen zu fassen. Habt ihr Lust?\",\"breadcrumb\":{\"@id\":\"https:\\\/\\\/www.heldenhaushalt.de\\\/sari02\\\/index.php\\\/2018\\\/03\\\/02\\\/freitags5-5-tage-5-fotos-im-maerz-01-2\\\/#breadcrumb\"},\"inLanguage\":\"de\",\"potentialAction\":[{\"@type\":\"ReadAction\",\"target\":[\"https:\\\/\\\/www.heldenhaushalt.de\\\/sari02\\\/index.php\\\/2018\\\/03\\\/02\\\/freitags5-5-tage-5-fotos-im-maerz-01-2\\\/\"]}]},{\"@type\":\"ImageObject\",\"inLanguage\":\"de\",\"@id\":\"https:\\\/\\\/www.heldenhaushalt.de\\\/sari02\\\/index.php\\\/2018\\\/03\\\/02\\\/freitags5-5-tage-5-fotos-im-maerz-01-2\\\/#primaryimage\",\"url\":\"https:\\\/\\\/www.heldenhaushalt.de\\\/sari02\\\/wp-content\\\/uploads\\\/2018\\\/03\\\/18-10-02.jpg\",\"contentUrl\":\"https:\\\/\\\/www.heldenhaushalt.de\\\/sari02\\\/wp-content\\\/uploads\\\/2018\\\/03\\\/18-10-02.jpg\",\"width\":1000,\"height\":1000,\"caption\":\"#Freitags5\"},{\"@type\":\"BreadcrumbList\",\"@id\":\"https:\\\/\\\/www.heldenhaushalt.de\\\/sari02\\\/index.php\\\/2018\\\/03\\\/02\\\/freitags5-5-tage-5-fotos-im-maerz-01-2\\\/#breadcrumb\",\"itemListElement\":[{\"@type\":\"ListItem\",\"position\":1,\"name\":\"Startseite\",\"item\":\"https:\\\/\\\/www.heldenhaushalt.de\\\/sari02\\\/\"},{\"@type\":\"ListItem\",\"position\":2,\"name\":\"#Freitags5 \u2013 5 Tage 5 Fotos im M&#228;rz #01\"}]},{\"@type\":\"WebSite\",\"@id\":\"https:\\\/\\\/www.heldenhaushalt.de\\\/sari02\\\/#website\",\"url\":\"https:\\\/\\\/www.heldenhaushalt.de\\\/sari02\\\/\",\"name\":\"Heldenhaushalt\",\"description\":\"Wer es ordentlich haben will, der muss vorher anrufen\",\"publisher\":{\"@id\":\"https:\\\/\\\/www.heldenhaushalt.de\\\/sari02\\\/#\\\/schema\\\/person\\\/a1cc69f42a01f412eb62c151353814f6\"},\"potentialAction\":[{\"@type\":\"SearchAction\",\"target\":{\"@type\":\"EntryPoint\",\"urlTemplate\":\"https:\\\/\\\/www.heldenhaushalt.de\\\/sari02\\\/?s={search_term_string}\"},\"query-input\":{\"@type\":\"PropertyValueSpecification\",\"valueRequired\":true,\"valueName\":\"search_term_string\"}}],\"inLanguage\":\"de\"},{\"@type\":[\"Person\",\"Organization\"],\"@id\":\"https:\\\/\\\/www.heldenhaushalt.de\\\/sari02\\\/#\\\/schema\\\/person\\\/a1cc69f42a01f412eb62c151353814f6\",\"name\":\"Sari\",\"image\":{\"@type\":\"ImageObject\",\"inLanguage\":\"de\",\"@id\":\"https:\\\/\\\/www.heldenhaushalt.de\\\/sari02\\\/wp-content\\\/uploads\\\/2019\\\/02\\\/sari-april2018.png\",\"url\":\"https:\\\/\\\/www.heldenhaushalt.de\\\/sari02\\\/wp-content\\\/uploads\\\/2019\\\/02\\\/sari-april2018.png\",\"contentUrl\":\"https:\\\/\\\/www.heldenhaushalt.de\\\/sari02\\\/wp-content\\\/uploads\\\/2019\\\/02\\\/sari-april2018.png\",\"width\":500,\"height\":500,\"caption\":\"Sari\"},\"logo\":{\"@id\":\"https:\\\/\\\/www.heldenhaushalt.de\\\/sari02\\\/wp-content\\\/uploads\\\/2019\\\/02\\\/sari-april2018.png\"},\"description\":\"Frau Mondgras \u2013 Das bin ich, Sari. Gerne auch als Sari Mondgras bekannt und im Internet zu finden. 2-Fach-Mutter, Heldenehefrau, Kreativling, Harmonies\u00fcchtig und st\u00e4ndig auf der Suche nach Gl\u00fcck. Ich komme aus Berlin, bin hier aufgewachsen und lebe hier seit ich denken kann.\",\"sameAs\":[\"https:\\\/\\\/www.instagram.com\\\/heldenhaushalt\\\/\"],\"url\":\"https:\\\/\\\/www.heldenhaushalt.de\\\/sari02\\\/index.php\\\/author\\\/admin\\\/\"}]}<\/script>\n<!-- \/ Yoast SEO plugin. -->","yoast_head_json":{"title":"#Freitags5 \u2013 5 Tage 5 Fotos im M\u00e4rz #01 - Heldenhaushalt","description":"Zeit also den Blick auf die positiven Dinge der Woche zu werfen und sie f\u00fcr euch in den #Freitags5 zusammen zu fassen. Habt ihr Lust?","robots":{"index":"index","follow":"follow","max-snippet":"max-snippet:-1","max-image-preview":"max-image-preview:large","max-video-preview":"max-video-preview:-1"},"canonical":"https:\/\/www.heldenhaushalt.de\/sari02\/index.php\/2018\/03\/02\/freitags5-5-tage-5-fotos-im-maerz-01-2\/","og_locale":"de_DE","og_type":"article","og_title":"#Freitags5 \u2013 5 Tage 5 Fotos im M\u00e4rz #01 - Heldenhaushalt","og_description":"Zeit also den Blick auf die positiven Dinge der Woche zu werfen und sie f\u00fcr euch in den #Freitags5 zusammen zu fassen. Habt ihr Lust?","og_url":"https:\/\/www.heldenhaushalt.de\/sari02\/index.php\/2018\/03\/02\/freitags5-5-tage-5-fotos-im-maerz-01-2\/","og_site_name":"Heldenhaushalt","article_published_time":"2018-03-02T08:00:21+00:00","article_modified_time":"2018-03-03T07:45:56+00:00","og_image":[{"width":1000,"height":1000,"url":"https:\/\/www.heldenhaushalt.de\/sari02\/wp-content\/uploads\/2018\/03\/18-10-02.jpg","type":"image\/jpeg"}],"author":"Sari","twitter_card":"summary_large_image","twitter_creator":"@Heldenhaushalt","twitter_site":"@Heldenhaushalt","twitter_misc":{"Verfasst von":"Sari","Gesch\u00e4tzte Lesezeit":"3\u00a0Minuten"},"schema":{"@context":"https:\/\/schema.org","@graph":[{"@type":"Article","@id":"https:\/\/www.heldenhaushalt.de\/sari02\/index.php\/2018\/03\/02\/freitags5-5-tage-5-fotos-im-maerz-01-2\/#article","isPartOf":{"@id":"https:\/\/www.heldenhaushalt.de\/sari02\/index.php\/2018\/03\/02\/freitags5-5-tage-5-fotos-im-maerz-01-2\/"},"author":{"name":"Sari","@id":"https:\/\/www.heldenhaushalt.de\/sari02\/#\/schema\/person\/a1cc69f42a01f412eb62c151353814f6"},"headline":"#Freitags5 \u2013 5 Tage 5 Fotos im M&#228;rz #01","datePublished":"2018-03-02T08:00:21+00:00","dateModified":"2018-03-03T07:45:56+00:00","mainEntityOfPage":{"@id":"https:\/\/www.heldenhaushalt.de\/sari02\/index.php\/2018\/03\/02\/freitags5-5-tage-5-fotos-im-maerz-01-2\/"},"wordCount":689,"commentCount":2,"publisher":{"@id":"https:\/\/www.heldenhaushalt.de\/sari02\/#\/schema\/person\/a1cc69f42a01f412eb62c151353814f6"},"image":{"@id":"https:\/\/www.heldenhaushalt.de\/sari02\/index.php\/2018\/03\/02\/freitags5-5-tage-5-fotos-im-maerz-01-2\/#primaryimage"},"thumbnailUrl":"https:\/\/www.heldenhaushalt.de\/sari02\/wp-content\/uploads\/2018\/03\/18-10-02.jpg","keywords":["#Freitags5","#Freitagslieblinge","Allt\u00e4glich","Familie","Kinder"],"articleSection":["Alltagschaos","Blogsph\u00e4re"],"inLanguage":"de","potentialAction":[{"@type":"CommentAction","name":"Comment","target":["https:\/\/www.heldenhaushalt.de\/sari02\/index.php\/2018\/03\/02\/freitags5-5-tage-5-fotos-im-maerz-01-2\/#respond"]}]},{"@type":"WebPage","@id":"https:\/\/www.heldenhaushalt.de\/sari02\/index.php\/2018\/03\/02\/freitags5-5-tage-5-fotos-im-maerz-01-2\/","url":"https:\/\/www.heldenhaushalt.de\/sari02\/index.php\/2018\/03\/02\/freitags5-5-tage-5-fotos-im-maerz-01-2\/","name":"#Freitags5 \u2013 5 Tage 5 Fotos im M\u00e4rz #01 - Heldenhaushalt","isPartOf":{"@id":"https:\/\/www.heldenhaushalt.de\/sari02\/#website"},"primaryImageOfPage":{"@id":"https:\/\/www.heldenhaushalt.de\/sari02\/index.php\/2018\/03\/02\/freitags5-5-tage-5-fotos-im-maerz-01-2\/#primaryimage"},"image":{"@id":"https:\/\/www.heldenhaushalt.de\/sari02\/index.php\/2018\/03\/02\/freitags5-5-tage-5-fotos-im-maerz-01-2\/#primaryimage"},"thumbnailUrl":"https:\/\/www.heldenhaushalt.de\/sari02\/wp-content\/uploads\/2018\/03\/18-10-02.jpg","datePublished":"2018-03-02T08:00:21+00:00","dateModified":"2018-03-03T07:45:56+00:00","description":"Zeit also den Blick auf die positiven Dinge der Woche zu werfen und sie f\u00fcr euch in den #Freitags5 zusammen zu fassen. Habt ihr Lust?","breadcrumb":{"@id":"https:\/\/www.heldenhaushalt.de\/sari02\/index.php\/2018\/03\/02\/freitags5-5-tage-5-fotos-im-maerz-01-2\/#breadcrumb"},"inLanguage":"de","potentialAction":[{"@type":"ReadAction","target":["https:\/\/www.heldenhaushalt.de\/sari02\/index.php\/2018\/03\/02\/freitags5-5-tage-5-fotos-im-maerz-01-2\/"]}]},{"@type":"ImageObject","inLanguage":"de","@id":"https:\/\/www.heldenhaushalt.de\/sari02\/index.php\/2018\/03\/02\/freitags5-5-tage-5-fotos-im-maerz-01-2\/#primaryimage","url":"https:\/\/www.heldenhaushalt.de\/sari02\/wp-content\/uploads\/2018\/03\/18-10-02.jpg","contentUrl":"https:\/\/www.heldenhaushalt.de\/sari02\/wp-content\/uploads\/2018\/03\/18-10-02.jpg","width":1000,"height":1000,"caption":"#Freitags5"},{"@type":"BreadcrumbList","@id":"https:\/\/www.heldenhaushalt.de\/sari02\/index.php\/2018\/03\/02\/freitags5-5-tage-5-fotos-im-maerz-01-2\/#breadcrumb","itemListElement":[{"@type":"ListItem","position":1,"name":"Startseite","item":"https:\/\/www.heldenhaushalt.de\/sari02\/"},{"@type":"ListItem","position":2,"name":"#Freitags5 \u2013 5 Tage 5 Fotos im M&#228;rz #01"}]},{"@type":"WebSite","@id":"https:\/\/www.heldenhaushalt.de\/sari02\/#website","url":"https:\/\/www.heldenhaushalt.de\/sari02\/","name":"Heldenhaushalt","description":"Wer es ordentlich haben will, der muss vorher anrufen","publisher":{"@id":"https:\/\/www.heldenhaushalt.de\/sari02\/#\/schema\/person\/a1cc69f42a01f412eb62c151353814f6"},"potentialAction":[{"@type":"SearchAction","target":{"@type":"EntryPoint","urlTemplate":"https:\/\/www.heldenhaushalt.de\/sari02\/?s={search_term_string}"},"query-input":{"@type":"PropertyValueSpecification","valueRequired":true,"valueName":"search_term_string"}}],"inLanguage":"de"},{"@type":["Person","Organization"],"@id":"https:\/\/www.heldenhaushalt.de\/sari02\/#\/schema\/person\/a1cc69f42a01f412eb62c151353814f6","name":"Sari","image":{"@type":"ImageObject","inLanguage":"de","@id":"https:\/\/www.heldenhaushalt.de\/sari02\/wp-content\/uploads\/2019\/02\/sari-april2018.png","url":"https:\/\/www.heldenhaushalt.de\/sari02\/wp-content\/uploads\/2019\/02\/sari-april2018.png","contentUrl":"https:\/\/www.heldenhaushalt.de\/sari02\/wp-content\/uploads\/2019\/02\/sari-april2018.png","width":500,"height":500,"caption":"Sari"},"logo":{"@id":"https:\/\/www.heldenhaushalt.de\/sari02\/wp-content\/uploads\/2019\/02\/sari-april2018.png"},"description":"Frau Mondgras \u2013 Das bin ich, Sari. Gerne auch als Sari Mondgras bekannt und im Internet zu finden. 2-Fach-Mutter, Heldenehefrau, Kreativling, Harmonies\u00fcchtig und st\u00e4ndig auf der Suche nach Gl\u00fcck. Ich komme aus Berlin, bin hier aufgewachsen und lebe hier seit ich denken kann.","sameAs":["https:\/\/www.instagram.com\/heldenhaushalt\/"],"url":"https:\/\/www.heldenhaushalt.de\/sari02\/index.php\/author\/admin\/"}]}},"views":4757,"_links":{"self":[{"href":"https:\/\/www.heldenhaushalt.de\/sari02\/index.php\/wp-json\/wp\/v2\/posts\/35906","targetHints":{"allow":["GET"]}}],"collection":[{"href":"https:\/\/www.heldenhaushalt.de\/sari02\/index.php\/wp-json\/wp\/v2\/posts"}],"about":[{"href":"https:\/\/www.heldenhaushalt.de\/sari02\/index.php\/wp-json\/wp\/v2\/types\/post"}],"author":[{"embeddable":true,"href":"https:\/\/www.heldenhaushalt.de\/sari02\/index.php\/wp-json\/wp\/v2\/users\/1"}],"replies":[{"embeddable":true,"href":"https:\/\/www.heldenhaushalt.de\/sari02\/index.php\/wp-json\/wp\/v2\/comments?post=35906"}],"version-history":[{"count":4,"href":"https:\/\/www.heldenhaushalt.de\/sari02\/index.php\/wp-json\/wp\/v2\/posts\/35906\/revisions"}],"predecessor-version":[{"id":35937,"href":"https:\/\/www.heldenhaushalt.de\/sari02\/index.php\/wp-json\/wp\/v2\/posts\/35906\/revisions\/35937"}],"wp:featuredmedia":[{"embeddable":true,"href":"https:\/\/www.heldenhaushalt.de\/sari02\/index.php\/wp-json\/wp\/v2\/media\/35916"}],"wp:attachment":[{"href":"https:\/\/www.heldenhaushalt.de\/sari02\/index.php\/wp-json\/wp\/v2\/media?parent=35906"}],"wp:term":[{"taxonomy":"category","embeddable":true,"href":"https:\/\/www.heldenhaushalt.de\/sari02\/index.php\/wp-json\/wp\/v2\/categories?post=35906"},{"taxonomy":"post_tag","embeddable":true,"href":"https:\/\/www.heldenhaushalt.de\/sari02\/index.php\/wp-json\/wp\/v2\/tags?post=35906"}],"curies":[{"name":"wp","href":"https:\/\/api.w.org\/{rel}","templated":true}]}}