{"id":35964,"date":"2018-03-09T09:04:18","date_gmt":"2018-03-09T08:04:18","guid":{"rendered":"http:\/\/www.heldenhaushalt.de\/sari02\/?p=35964"},"modified":"2018-03-10T08:17:22","modified_gmt":"2018-03-10T07:17:22","slug":"freitags5-5-tage-5-fotos-im-maerz-02-2","status":"publish","type":"post","link":"https:\/\/www.heldenhaushalt.de\/sari02\/index.php\/2018\/03\/09\/freitags5-5-tage-5-fotos-im-maerz-02-2\/","title":{"rendered":"#Freitags5 \u2013 5 Tage 5 Fotos im M&#228;rz #02"},"content":{"rendered":"<p>Der Countdown l&#228;uft. Am Montag soll es mit den Arbeiten der Handwerker losgehen. Ich muss gestehen, ich bekomme nun doch etwas Muffensausen. Hoffentlich passt am Ende alles so, wie wir es Stunden lang mit dem K&#252;chenmann geplant haben. Hachja&#8230; Ansonsten durften wir diese Woche ja das erste Mal so etwas wie Fr&#252;hlingsluft schnuppern und es war herrlich. Es hat direkt f&#252;r einen kleinen Motivationsschub gesorgt. Mehr erz&#228;hle ich euch heute dann in unseren #Freitags5!<\/p>\n<div class=\"entry-content\">\n<p style=\"text-align: center;\">***<\/p>\n<h2>Meine #Freitags5 #Freitagslieblinge<\/h2>\n<p><img loading=\"lazy\" decoding=\"async\" class=\"aligncenter size-full wp-image-35998\" src=\"http:\/\/www.heldenhaushalt.de\/sari02\/wp-content\/uploads\/2018\/03\/18-10-01-1.jpg\" alt=\"#Freitags5\" width=\"1000\" height=\"1000\" srcset=\"https:\/\/www.heldenhaushalt.de\/sari02\/wp-content\/uploads\/2018\/03\/18-10-01-1.jpg 1000w, https:\/\/www.heldenhaushalt.de\/sari02\/wp-content\/uploads\/2018\/03\/18-10-01-1-150x150.jpg 150w, https:\/\/www.heldenhaushalt.de\/sari02\/wp-content\/uploads\/2018\/03\/18-10-01-1-300x300.jpg 300w, https:\/\/www.heldenhaushalt.de\/sari02\/wp-content\/uploads\/2018\/03\/18-10-01-1-768x768.jpg 768w, https:\/\/www.heldenhaushalt.de\/sari02\/wp-content\/uploads\/2018\/03\/18-10-01-1-600x600.jpg 600w, https:\/\/www.heldenhaushalt.de\/sari02\/wp-content\/uploads\/2018\/03\/18-10-01-1-660x660.jpg 660w, https:\/\/www.heldenhaushalt.de\/sari02\/wp-content\/uploads\/2018\/03\/18-10-01-1-373x373.jpg 373w\" sizes=\"auto, (max-width: 1000px) 100vw, 1000px\" \/><\/p>\n<p><strong>Meine Lieblingslekt&#252;re der Woche \u2013&nbsp;<\/strong>&nbsp;So wunder -, wundersch&#246;ne B&#252;cher erreichten uns diese Woche. Viel Lekt&#252;re f&#252;r die Kinder vor allem, aber auch erste Rezeptideen f&#252;r mich. Ich m&#246;chte mich gerne an <a href=\"https:\/\/www.dorlingkindersley.de\/buch\/heather-whinney-100-bowls-zum-abnehmen-9783831034178\" target=\"_blank\" rel=\"noopener\">dem Bowls System<\/a> versuchen. Kennt ihr das? In dem Buch findet man zu den verschiedensten Bereichen Rezept Ideen f&#252;r eine Bowl, sprich eine Sch&#252;ssel voll Essen. Das soll die gesunde Ern&#228;hrung und den Wunsch abzunehmen f&#246;rdern. Ich k&#228;mpfe nach wie vor mit den b&#246;sen 5 Kilo, die mich nerven und ich erhoffe mir hiermit ein bisschen Anregung f&#252;r die Ern&#228;hrung.&nbsp;<strong><br \/>\n<\/strong><\/p>\n<p style=\"text-align: center;\">***<\/p>\n<p><img loading=\"lazy\" decoding=\"async\" class=\"aligncenter size-full wp-image-35999\" src=\"http:\/\/www.heldenhaushalt.de\/sari02\/wp-content\/uploads\/2018\/03\/18-10-02-1.jpg\" alt=\"#Freitags5\" width=\"1000\" height=\"1000\" srcset=\"https:\/\/www.heldenhaushalt.de\/sari02\/wp-content\/uploads\/2018\/03\/18-10-02-1.jpg 1000w, https:\/\/www.heldenhaushalt.de\/sari02\/wp-content\/uploads\/2018\/03\/18-10-02-1-150x150.jpg 150w, https:\/\/www.heldenhaushalt.de\/sari02\/wp-content\/uploads\/2018\/03\/18-10-02-1-300x300.jpg 300w, https:\/\/www.heldenhaushalt.de\/sari02\/wp-content\/uploads\/2018\/03\/18-10-02-1-768x768.jpg 768w, https:\/\/www.heldenhaushalt.de\/sari02\/wp-content\/uploads\/2018\/03\/18-10-02-1-600x600.jpg 600w, https:\/\/www.heldenhaushalt.de\/sari02\/wp-content\/uploads\/2018\/03\/18-10-02-1-660x660.jpg 660w, https:\/\/www.heldenhaushalt.de\/sari02\/wp-content\/uploads\/2018\/03\/18-10-02-1-373x373.jpg 373w\" sizes=\"auto, (max-width: 1000px) 100vw, 1000px\" \/><\/p>\n<p><strong>Mein Lieblingsessen der Woche \u2013&nbsp;<\/strong>Ich gestehe: Ich habe Erdbeeren gekauft. Sie hatten ja schon vor einigen Wochen welche in den L&#228;den, aber die waren mehr wei&#223;, als alles andere. Anfang der Woche entdeckte ich dann ganz saftige rote Erdbeeren, die ich unbedingt mitnehmen musste. Die Lust darauf war einfach zu gro&#223;. Nun macht auch der Obstsalat am Morgen gleich wieder viel mehr Spa&#223;!<strong><br \/>\n<\/strong><\/p>\n<p style=\"text-align: center;\">***<\/p>\n<p><img loading=\"lazy\" decoding=\"async\" class=\"aligncenter size-full wp-image-36000\" src=\"http:\/\/www.heldenhaushalt.de\/sari02\/wp-content\/uploads\/2018\/03\/18-10-03-1.jpg\" alt=\"#Freitags5\" width=\"1000\" height=\"1000\" srcset=\"https:\/\/www.heldenhaushalt.de\/sari02\/wp-content\/uploads\/2018\/03\/18-10-03-1.jpg 1000w, https:\/\/www.heldenhaushalt.de\/sari02\/wp-content\/uploads\/2018\/03\/18-10-03-1-150x150.jpg 150w, https:\/\/www.heldenhaushalt.de\/sari02\/wp-content\/uploads\/2018\/03\/18-10-03-1-300x300.jpg 300w, https:\/\/www.heldenhaushalt.de\/sari02\/wp-content\/uploads\/2018\/03\/18-10-03-1-768x768.jpg 768w, https:\/\/www.heldenhaushalt.de\/sari02\/wp-content\/uploads\/2018\/03\/18-10-03-1-600x600.jpg 600w, https:\/\/www.heldenhaushalt.de\/sari02\/wp-content\/uploads\/2018\/03\/18-10-03-1-660x660.jpg 660w, https:\/\/www.heldenhaushalt.de\/sari02\/wp-content\/uploads\/2018\/03\/18-10-03-1-373x373.jpg 373w\" sizes=\"auto, (max-width: 1000px) 100vw, 1000px\" \/><\/p>\n<p><strong>Mein Lieblingsmoment mit meinen Kindern<\/strong>&nbsp;\u2013&nbsp; Wir konnten diese Woche endlich mal raus gehen. Die Kinder spielten im Garten, w&#228;hrend ich etwas aufr&#228;umte. Die spielten Fu&#223;ball und das Heldenkind entdeckte sein Puky wieder f&#252;r sich. &#8220;Roller fahren&#8221;; sagt er voller Begeisterung dazu und ich glaube, es wird nun Zeit f&#252;r die n&#228;chste Stufe Laufrad. Gemeinsam hingen wir dann auch die ersten Ostereier auf, obgleich direkt am n&#228;chsten Tag auf einmal der lang ersehnte Schnee fiel und die Eier direkt erst einmal wieder wei&#223; bedeckte. F&#252;r die Kinder war das aber ein echtes Highlight, denn sie konnten nun doch noch durch den Schnee stapfen, kleine Schneeb&#228;lle machen und Flocken mit der Zunge auffangen. Faszinierend, wie bestimmte Dinge in jeder Generation wieder kommen. Von ganz alleine kam das Heldenkind auf die Idee mit der Zunge danach zu fangen und quietschte vor Vergn&#252;gen, wenn ihn eine Flocke auf die Nase flog.<\/p>\n<p style=\"text-align: center;\">***<\/p>\n<p><img loading=\"lazy\" decoding=\"async\" class=\"aligncenter size-full wp-image-36001\" src=\"http:\/\/www.heldenhaushalt.de\/sari02\/wp-content\/uploads\/2018\/03\/18-10-04-2.jpg\" alt=\"#Freitags5\" width=\"1944\" height=\"1944\" srcset=\"https:\/\/www.heldenhaushalt.de\/sari02\/wp-content\/uploads\/2018\/03\/18-10-04-2.jpg 1944w, https:\/\/www.heldenhaushalt.de\/sari02\/wp-content\/uploads\/2018\/03\/18-10-04-2-150x150.jpg 150w, https:\/\/www.heldenhaushalt.de\/sari02\/wp-content\/uploads\/2018\/03\/18-10-04-2-300x300.jpg 300w, https:\/\/www.heldenhaushalt.de\/sari02\/wp-content\/uploads\/2018\/03\/18-10-04-2-768x768.jpg 768w, https:\/\/www.heldenhaushalt.de\/sari02\/wp-content\/uploads\/2018\/03\/18-10-04-2-1024x1024.jpg 1024w, https:\/\/www.heldenhaushalt.de\/sari02\/wp-content\/uploads\/2018\/03\/18-10-04-2-600x600.jpg 600w, https:\/\/www.heldenhaushalt.de\/sari02\/wp-content\/uploads\/2018\/03\/18-10-04-2-1000x1000.jpg 1000w, https:\/\/www.heldenhaushalt.de\/sari02\/wp-content\/uploads\/2018\/03\/18-10-04-2-660x660.jpg 660w, https:\/\/www.heldenhaushalt.de\/sari02\/wp-content\/uploads\/2018\/03\/18-10-04-2-373x373.jpg 373w\" sizes=\"auto, (max-width: 1944px) 100vw, 1944px\" \/><\/p>\n<p><strong>Mein Lieblings-Mama-Moment nur f&#252;r mich<\/strong>&nbsp; \u2013&nbsp; Ich habe alles an Ostergeschenken beisammen. F&#252;r die Familie m&#246;chte ich mit den Kindern dann Hasen backen, die sie den Omas dann schenken d&#252;rfen. Kaum zu glauben, dass ich es doch noch geschafft habe alles N&#246;tige vorzubereiten. Nun kann Ostern also kommen. Au&#223;erdem habe ich den Garten von all dem Schutt und Chaos befreit. Nach Hause kommen hat echt schon keinen Spa&#223; mehr gemacht. Es sah aus wie bei Familie Flodder in unserem Vorgarten. Am Liebsten w&#228;re ich immer direkt auf dem Absatz umgedreht und schnell wieder gegangen, wenn ich all das Chaos sah. Nun ist es aber ein geordnetes Chaos. Man sieht wieder, dass es eigentlich ein Garten sein soll und das nach Hause kommen f&#252;hlt sich direkt viel besser an. Ich versuche mich nun auch wieder an Steckfrisuren. Die Haare sehen zwar Dank des Abschneidens wieder ges&#252;nder aus, aber sie haben jetzt eine ganz bl&#246;de Zwischenl&#228;nge. Zu kurz f&#252;r Zopf, zu lang f&#252;r eine adrette Kurzhaarfrisur *sniff*. Noch ein bisschen durchhalten.<\/p>\n<p style=\"text-align: center;\">***<\/p>\n<p><img loading=\"lazy\" decoding=\"async\" class=\"aligncenter size-full wp-image-36002\" src=\"http:\/\/www.heldenhaushalt.de\/sari02\/wp-content\/uploads\/2018\/03\/18-10-05-1.jpg\" alt=\"#Freitags5\" width=\"1000\" height=\"1000\" srcset=\"https:\/\/www.heldenhaushalt.de\/sari02\/wp-content\/uploads\/2018\/03\/18-10-05-1.jpg 1000w, https:\/\/www.heldenhaushalt.de\/sari02\/wp-content\/uploads\/2018\/03\/18-10-05-1-150x150.jpg 150w, https:\/\/www.heldenhaushalt.de\/sari02\/wp-content\/uploads\/2018\/03\/18-10-05-1-300x300.jpg 300w, https:\/\/www.heldenhaushalt.de\/sari02\/wp-content\/uploads\/2018\/03\/18-10-05-1-768x768.jpg 768w, https:\/\/www.heldenhaushalt.de\/sari02\/wp-content\/uploads\/2018\/03\/18-10-05-1-600x600.jpg 600w, https:\/\/www.heldenhaushalt.de\/sari02\/wp-content\/uploads\/2018\/03\/18-10-05-1-660x660.jpg 660w, https:\/\/www.heldenhaushalt.de\/sari02\/wp-content\/uploads\/2018\/03\/18-10-05-1-373x373.jpg 373w\" sizes=\"auto, (max-width: 1000px) 100vw, 1000px\" \/><\/p>\n<p><strong>Meine Lieblings-Inspiration der Woche<\/strong>&nbsp;\u2013&nbsp; In nicht mal mehr einem Monat ist Ostern. Ist das zu glauben? Ich bin froh, dass ich f&#252;r die Kinder alles beisammen habe und hoffe, dass wir dann in der neuen K&#252;che lecker Kuchen zaubern k&#246;nnen und auch das Wohnzimmer bis dahin fertig ist f&#252;r Besuch. So ein neuer Boden braucht ja doch seine Zeit *seufz*. Aber ich lasse mich von euren wundervollen Ideen inspirieren und versuche schon jetzt ein wenig mit den Kindern kreativ zu werden. Bis dahin sammel ich eure Ideen flei&#223;ig: <a href=\"https:\/\/www.mamahoch2.de\/2018\/03\/diy-bastelanleitung-stiftehalter-aus-holzstielen.html\" target=\"_blank\" rel=\"noopener\">Stiftehalter aus Holzstilen<\/a> &#8211; <a href=\"http:\/\/www.kunecoco.de\/2018\/03\/diy-schweinchen-broschen-aus-fimo.html?utm_source=bloglovin.com&amp;utm_medium=feed&amp;utm_campaign=Feed%3A+Kunecoco+%28Kunecoco%29\" target=\"_blank\" rel=\"noopener\">Schweinchen &#8211; Broschen aus Fimo<\/a> &#8211; <a href=\"http:\/\/www.sabine-seyffert.de\/blog\/?p=12039\" target=\"_blank\" rel=\"noopener\">&#220;berraschungseier selber gemacht<\/a> &#8211; <a href=\"https:\/\/cuchikind.blogspot.de\/2018\/03\/hasen-aus-eierkartons.html\" target=\"_blank\" rel=\"noopener\">Hasen aus Eierkartons<\/a> &#8211; <a href=\"http:\/\/www.sabine-seyffert.de\/blog\/?p=12009\" target=\"_blank\" rel=\"noopener\">Blumen f&#252;r den Fr&#252;hling basteln<\/a> &#8211; <a href=\"https:\/\/www.simplylovelychaos.de\/osterhasen-aus-pappbechern-basteln-ein-osternester-diy-anleitung\/\" target=\"_blank\" rel=\"noopener\">Osterhasen aus Pappbechern<\/a> &#8211; <a href=\"http:\/\/www.puppenzimmer.com\/2018\/03\/muerbteigtoertchen-mit-puddingcreme.html\" target=\"_blank\" rel=\"noopener\">M&#252;rbeteigt&#246;rtchen mit Puddingcreme<\/a> &#8211; <a href=\"https:\/\/feiersun.de\/osterdeko-gefuellte-ostereier-aus-wolle-selber-machen\/\" target=\"_blank\" rel=\"noopener\">gef&#252;llte Ostereier aus Wolle<\/a>&nbsp;<\/p>\n<p style=\"text-align: center;\">***<\/p>\n<p>Das erste Staffelspiel steht an. Auf dem Sportplatz. Also dr&#252;ckt die Daumen f&#252;r sch&#246;nes Wetter bitte. Und letzte Arbeiten in der K&#252;che, damit es n&#228;chste Woche endlich losgehen kann. Mehr bildhafte #Freitags5 R&#252;ckblicke gibt es auch heute wieder bei&nbsp;<a href=\"http:\/\/berlinmittemom.com\/2018\/03\/09\/tierliebe-till-broenner-und-trauer-5-freitagslieblinge-am-09-maerz-2018\/\" target=\"_blank\" rel=\"noopener noreferrer\">BerlinMtteMom<\/a>.<\/p>\n<p><img loading=\"lazy\" decoding=\"async\" class=\" size-full wp-image-24841 alignright\" src=\"https:\/\/www.heldenhaushalt.de\/sari02\/wp-content\/uploads\/2015\/01\/sari-unter.jpg?zoom=1.5&amp;resize=130%2C59\" srcset=\"https:\/\/www.heldenhaushalt.de\/sari02\/wp-content\/uploads\/2015\/01\/sari-unter.jpg?zoom=1.5&amp;resize=130%2C59\" alt=\"sari-unter\" width=\"130\" height=\"59\" data-attachment-id=\"24841\" data-permalink=\"http:\/\/www.heldenhaushalt.de\/sari02\/index.php\/2015\/01\/03\/sich-neu-erfinden\/sari-unter\/\" data-orig-file=\"http:\/\/www.heldenhaushalt.de\/sari02\/wp-content\/uploads\/2015\/01\/sari-unter.jpg\" data-orig-size=\"130,59\" data-comments-opened=\"1\" data-image-meta=\"{&quot;aperture&quot;:&quot;0&quot;,&quot;credit&quot;:&quot;&quot;,&quot;camera&quot;:&quot;&quot;,&quot;caption&quot;:&quot;&quot;,&quot;created_timestamp&quot;:&quot;0&quot;,&quot;copyright&quot;:&quot;&quot;,&quot;focal_length&quot;:&quot;0&quot;,&quot;iso&quot;:&quot;0&quot;,&quot;shutter_speed&quot;:&quot;0&quot;,&quot;title&quot;:&quot;&quot;,&quot;orientation&quot;:&quot;0&quot;}\" data-image-title=\"sari-unter\" data-image-description=\"\" data-medium-file=\"http:\/\/www.heldenhaushalt.de\/sari02\/wp-content\/uploads\/2015\/01\/sari-unter.jpg\" data-large-file=\"http:\/\/www.heldenhaushalt.de\/sari02\/wp-content\/uploads\/2015\/01\/sari-unter.jpg\" data-pin-nopin=\"true\"><\/p>\n<\/div>\n","protected":false},"excerpt":{"rendered":"<p>Der Countdown l&#228;uft. Am Montag soll es mit den Arbeiten der Handwerker losgehen. Ich muss gestehen, ich bekomme nun doch etwas Muffensausen. Hoffentlich passt am Ende alles so, wie wir es Stunden lang mit dem K&#252;chenmann geplant haben. Hachja&#8230; Ansonsten durften wir diese Woche ja das erste Mal so etwas wie Fr&#252;hlingsluft schnuppern und es war herrlich. Es hat direkt f&#252;r einen kleinen Motivationsschub gesorgt. Mehr erz&#228;hle ich euch heute dann in unseren #Freitags5! *** Meine #Freitags5 #Freitagslieblinge Meine Lieblingslekt&#252;re der Woche \u2013&nbsp;&nbsp;So wunder -, wundersch&#246;ne B&#252;cher erreichten uns diese Woche. Viel Lekt&#252;re f&#252;r die Kinder vor allem, aber auch erste Rezeptideen f&#252;r mich. Ich m&#246;chte mich gerne an dem Bowls System versuchen. Kennt ihr das? In dem Buch findet man zu den verschiedensten Bereichen Rezept Ideen f&#252;r eine Bowl, sprich eine Sch&#252;ssel voll Essen. Das soll die gesunde Ern&#228;hrung und den Wunsch abzunehmen f&#246;rdern. Ich k&#228;mpfe nach wie vor mit den b&#246;sen 5 Kilo, die mich nerven und ich erhoffe mir hiermit ein bisschen Anregung f&#252;r die Ern&#228;hrung.&nbsp; *** Mein Lieblingsessen der Woche \u2013&nbsp;Ich gestehe: Ich habe Erdbeeren gekauft. Sie hatten ja schon vor einigen Wochen welche in den L&#228;den, aber die waren mehr wei&#223;, als alles andere. Anfang der Woche entdeckte ich dann ganz saftige rote Erdbeeren, die ich unbedingt mitnehmen musste. Die Lust darauf war einfach zu gro&#223;. Nun macht auch der Obstsalat am Morgen gleich wieder viel mehr Spa&#223;! *** Mein Lieblingsmoment mit meinen Kindern&nbsp;\u2013&nbsp; Wir konnten diese Woche endlich mal raus gehen. Die Kinder spielten im Garten, w&#228;hrend ich etwas aufr&#228;umte. Die spielten Fu&#223;ball und das Heldenkind entdeckte sein Puky wieder f&#252;r sich. &#8220;Roller fahren&#8221;; sagt er voller Begeisterung dazu und ich glaube, es wird nun Zeit f&#252;r die n&#228;chste Stufe Laufrad. Gemeinsam hingen wir dann auch die ersten Ostereier auf, obgleich direkt am n&#228;chsten Tag auf einmal der lang ersehnte Schnee fiel und die Eier direkt erst einmal wieder wei&#223; bedeckte. F&#252;r die Kinder war das aber ein echtes Highlight, denn sie konnten nun doch noch durch den Schnee stapfen, kleine Schneeb&#228;lle machen und Flocken mit der Zunge auffangen. Faszinierend, wie bestimmte Dinge in jeder Generation wieder kommen. Von ganz alleine kam das Heldenkind auf die Idee mit der Zunge danach zu fangen und quietschte vor Vergn&#252;gen, wenn ihn eine Flocke auf die Nase flog. *** Mein Lieblings-Mama-Moment nur f&#252;r mich&nbsp; \u2013&nbsp; Ich habe alles an Ostergeschenken beisammen. F&#252;r die Familie m&#246;chte ich mit den Kindern dann Hasen backen, die sie den Omas dann schenken d&#252;rfen. Kaum zu glauben, dass ich es doch noch geschafft habe alles N&#246;tige vorzubereiten. Nun kann Ostern also kommen. Au&#223;erdem habe ich den Garten von all dem Schutt und Chaos befreit. Nach Hause kommen hat echt schon keinen Spa&#223; mehr gemacht. Es sah aus wie bei Familie Flodder in unserem Vorgarten. Am Liebsten w&#228;re ich immer direkt auf dem Absatz umgedreht und schnell wieder gegangen, wenn ich all das Chaos sah. Nun ist es aber ein geordnetes Chaos. Man sieht wieder, dass es eigentlich ein Garten sein soll und das nach Hause kommen f&#252;hlt sich direkt viel besser an. Ich versuche mich nun auch wieder an Steckfrisuren. Die Haare sehen zwar Dank des Abschneidens wieder ges&#252;nder aus, aber sie haben jetzt eine ganz bl&#246;de Zwischenl&#228;nge. Zu kurz f&#252;r Zopf, zu lang f&#252;r eine adrette Kurzhaarfrisur *sniff*. Noch ein bisschen durchhalten. *** Meine Lieblings-Inspiration der Woche&nbsp;\u2013&nbsp; In nicht mal mehr einem Monat ist Ostern. Ist das zu glauben? Ich bin froh, dass ich f&#252;r die Kinder alles beisammen habe und hoffe, dass wir dann in der neuen K&#252;che lecker Kuchen zaubern k&#246;nnen und auch das Wohnzimmer bis dahin fertig ist f&#252;r Besuch. So ein neuer Boden braucht ja doch seine Zeit *seufz*. Aber ich lasse mich von euren wundervollen Ideen inspirieren und versuche schon jetzt ein wenig mit den Kindern kreativ zu werden. Bis dahin sammel ich eure Ideen flei&#223;ig: Stiftehalter aus Holzstilen &#8211; Schweinchen &#8211; Broschen aus Fimo &#8211; &#220;berraschungseier selber gemacht &#8211; Hasen aus Eierkartons &#8211; Blumen f&#252;r den Fr&#252;hling basteln &#8211; Osterhasen aus Pappbechern &#8211; M&#252;rbeteigt&#246;rtchen mit Puddingcreme &#8211; gef&#252;llte Ostereier aus Wolle&nbsp; *** Das erste Staffelspiel steht an. Auf dem Sportplatz. Also dr&#252;ckt die Daumen f&#252;r sch&#246;nes Wetter bitte. Und letzte Arbeiten in der K&#252;che, damit es n&#228;chste Woche endlich losgehen kann. Mehr bildhafte #Freitags5 R&#252;ckblicke gibt es auch heute wieder bei&nbsp;BerlinMtteMom.<\/p>\n","protected":false},"author":1,"featured_media":35997,"comment_status":"open","ping_status":"open","sticky":false,"template":"","format":"standard","meta":{"ngg_post_thumbnail":0,"footnotes":""},"categories":[323,49],"tags":[780,781,45,69,1146,81,276,551],"class_list":["post-35964","post","type-post","status-publish","format-standard","has-post-thumbnail","hentry","category-alltag","category-blogspaehre","tag-freitags5","tag-freitagslieblinge","tag-alltag","tag-familie","tag-fruehling","tag-kinder","tag-lesen","tag-schnee"],"yoast_head":"<!-- This site is optimized with the Yoast SEO plugin v27.5 - https:\/\/yoast.com\/product\/yoast-seo-wordpress\/ -->\n<title>#Freitags5 \u2013 5 Tage 5 Fotos im M\u00e4rz #02 - Heldenhaushalt<\/title>\n<meta name=\"description\" content=\"Hachja... Ansonsten durften wir diese Woche ja das erste Mal so etwas wie Fr\u00fchlingsluft schnuppern und es war herrlich. Es hat direkt f\u00fcr einen kleinen Motivationsschub gesorgt. Mehr erz\u00e4hle ich euch heute dann in unseren #Freitags5!\" \/>\n<meta name=\"robots\" content=\"index, follow, max-snippet:-1, max-image-preview:large, max-video-preview:-1\" \/>\n<link rel=\"canonical\" href=\"https:\/\/www.heldenhaushalt.de\/sari02\/index.php\/2018\/03\/09\/freitags5-5-tage-5-fotos-im-maerz-02-2\/\" \/>\n<meta property=\"og:locale\" content=\"de_DE\" \/>\n<meta property=\"og:type\" content=\"article\" \/>\n<meta property=\"og:title\" content=\"#Freitags5 \u2013 5 Tage 5 Fotos im M\u00e4rz #02 - Heldenhaushalt\" \/>\n<meta property=\"og:description\" content=\"Hachja... Ansonsten durften wir diese Woche ja das erste Mal so etwas wie Fr\u00fchlingsluft schnuppern und es war herrlich. Es hat direkt f\u00fcr einen kleinen Motivationsschub gesorgt. Mehr erz\u00e4hle ich euch heute dann in unseren #Freitags5!\" \/>\n<meta property=\"og:url\" content=\"https:\/\/www.heldenhaushalt.de\/sari02\/index.php\/2018\/03\/09\/freitags5-5-tage-5-fotos-im-maerz-02-2\/\" \/>\n<meta property=\"og:site_name\" content=\"Heldenhaushalt\" \/>\n<meta property=\"article:published_time\" content=\"2018-03-09T08:04:18+00:00\" \/>\n<meta property=\"article:modified_time\" content=\"2018-03-10T07:17:22+00:00\" \/>\n<meta property=\"og:image\" content=\"https:\/\/www.heldenhaushalt.de\/sari02\/wp-content\/uploads\/2018\/03\/18-10-00.jpg\" \/>\n\t<meta property=\"og:image:width\" content=\"1000\" \/>\n\t<meta property=\"og:image:height\" content=\"1000\" \/>\n\t<meta property=\"og:image:type\" content=\"image\/jpeg\" \/>\n<meta name=\"author\" content=\"Sari\" \/>\n<meta name=\"twitter:card\" content=\"summary_large_image\" \/>\n<meta name=\"twitter:creator\" content=\"@Heldenhaushalt\" \/>\n<meta name=\"twitter:site\" content=\"@Heldenhaushalt\" \/>\n<meta name=\"twitter:label1\" content=\"Verfasst von\" \/>\n\t<meta name=\"twitter:data1\" content=\"Sari\" \/>\n\t<meta name=\"twitter:label2\" content=\"Gesch\u00e4tzte Lesezeit\" \/>\n\t<meta name=\"twitter:data2\" content=\"4\u00a0Minuten\" \/>\n<script type=\"application\/ld+json\" class=\"yoast-schema-graph\">{\"@context\":\"https:\\\/\\\/schema.org\",\"@graph\":[{\"@type\":\"Article\",\"@id\":\"https:\\\/\\\/www.heldenhaushalt.de\\\/sari02\\\/index.php\\\/2018\\\/03\\\/09\\\/freitags5-5-tage-5-fotos-im-maerz-02-2\\\/#article\",\"isPartOf\":{\"@id\":\"https:\\\/\\\/www.heldenhaushalt.de\\\/sari02\\\/index.php\\\/2018\\\/03\\\/09\\\/freitags5-5-tage-5-fotos-im-maerz-02-2\\\/\"},\"author\":{\"name\":\"Sari\",\"@id\":\"https:\\\/\\\/www.heldenhaushalt.de\\\/sari02\\\/#\\\/schema\\\/person\\\/a1cc69f42a01f412eb62c151353814f6\"},\"headline\":\"#Freitags5 \u2013 5 Tage 5 Fotos im M&#228;rz #02\",\"datePublished\":\"2018-03-09T08:04:18+00:00\",\"dateModified\":\"2018-03-10T07:17:22+00:00\",\"mainEntityOfPage\":{\"@id\":\"https:\\\/\\\/www.heldenhaushalt.de\\\/sari02\\\/index.php\\\/2018\\\/03\\\/09\\\/freitags5-5-tage-5-fotos-im-maerz-02-2\\\/\"},\"wordCount\":787,\"commentCount\":2,\"publisher\":{\"@id\":\"https:\\\/\\\/www.heldenhaushalt.de\\\/sari02\\\/#\\\/schema\\\/person\\\/a1cc69f42a01f412eb62c151353814f6\"},\"image\":{\"@id\":\"https:\\\/\\\/www.heldenhaushalt.de\\\/sari02\\\/index.php\\\/2018\\\/03\\\/09\\\/freitags5-5-tage-5-fotos-im-maerz-02-2\\\/#primaryimage\"},\"thumbnailUrl\":\"https:\\\/\\\/www.heldenhaushalt.de\\\/sari02\\\/wp-content\\\/uploads\\\/2018\\\/03\\\/18-10-00.jpg\",\"keywords\":[\"#Freitags5\",\"#Freitagslieblinge\",\"Allt\u00e4glich\",\"Familie\",\"Fr\u00fchling\",\"Kinder\",\"Lesen\",\"Schnee\"],\"articleSection\":[\"Alltagschaos\",\"Blogsph\u00e4re\"],\"inLanguage\":\"de\",\"potentialAction\":[{\"@type\":\"CommentAction\",\"name\":\"Comment\",\"target\":[\"https:\\\/\\\/www.heldenhaushalt.de\\\/sari02\\\/index.php\\\/2018\\\/03\\\/09\\\/freitags5-5-tage-5-fotos-im-maerz-02-2\\\/#respond\"]}]},{\"@type\":\"WebPage\",\"@id\":\"https:\\\/\\\/www.heldenhaushalt.de\\\/sari02\\\/index.php\\\/2018\\\/03\\\/09\\\/freitags5-5-tage-5-fotos-im-maerz-02-2\\\/\",\"url\":\"https:\\\/\\\/www.heldenhaushalt.de\\\/sari02\\\/index.php\\\/2018\\\/03\\\/09\\\/freitags5-5-tage-5-fotos-im-maerz-02-2\\\/\",\"name\":\"#Freitags5 \u2013 5 Tage 5 Fotos im M\u00e4rz #02 - Heldenhaushalt\",\"isPartOf\":{\"@id\":\"https:\\\/\\\/www.heldenhaushalt.de\\\/sari02\\\/#website\"},\"primaryImageOfPage\":{\"@id\":\"https:\\\/\\\/www.heldenhaushalt.de\\\/sari02\\\/index.php\\\/2018\\\/03\\\/09\\\/freitags5-5-tage-5-fotos-im-maerz-02-2\\\/#primaryimage\"},\"image\":{\"@id\":\"https:\\\/\\\/www.heldenhaushalt.de\\\/sari02\\\/index.php\\\/2018\\\/03\\\/09\\\/freitags5-5-tage-5-fotos-im-maerz-02-2\\\/#primaryimage\"},\"thumbnailUrl\":\"https:\\\/\\\/www.heldenhaushalt.de\\\/sari02\\\/wp-content\\\/uploads\\\/2018\\\/03\\\/18-10-00.jpg\",\"datePublished\":\"2018-03-09T08:04:18+00:00\",\"dateModified\":\"2018-03-10T07:17:22+00:00\",\"description\":\"Hachja... Ansonsten durften wir diese Woche ja das erste Mal so etwas wie Fr\u00fchlingsluft schnuppern und es war herrlich. Es hat direkt f\u00fcr einen kleinen Motivationsschub gesorgt. Mehr erz\u00e4hle ich euch heute dann in unseren #Freitags5!\",\"breadcrumb\":{\"@id\":\"https:\\\/\\\/www.heldenhaushalt.de\\\/sari02\\\/index.php\\\/2018\\\/03\\\/09\\\/freitags5-5-tage-5-fotos-im-maerz-02-2\\\/#breadcrumb\"},\"inLanguage\":\"de\",\"potentialAction\":[{\"@type\":\"ReadAction\",\"target\":[\"https:\\\/\\\/www.heldenhaushalt.de\\\/sari02\\\/index.php\\\/2018\\\/03\\\/09\\\/freitags5-5-tage-5-fotos-im-maerz-02-2\\\/\"]}]},{\"@type\":\"ImageObject\",\"inLanguage\":\"de\",\"@id\":\"https:\\\/\\\/www.heldenhaushalt.de\\\/sari02\\\/index.php\\\/2018\\\/03\\\/09\\\/freitags5-5-tage-5-fotos-im-maerz-02-2\\\/#primaryimage\",\"url\":\"https:\\\/\\\/www.heldenhaushalt.de\\\/sari02\\\/wp-content\\\/uploads\\\/2018\\\/03\\\/18-10-00.jpg\",\"contentUrl\":\"https:\\\/\\\/www.heldenhaushalt.de\\\/sari02\\\/wp-content\\\/uploads\\\/2018\\\/03\\\/18-10-00.jpg\",\"width\":1000,\"height\":1000,\"caption\":\"#Freitags5\"},{\"@type\":\"BreadcrumbList\",\"@id\":\"https:\\\/\\\/www.heldenhaushalt.de\\\/sari02\\\/index.php\\\/2018\\\/03\\\/09\\\/freitags5-5-tage-5-fotos-im-maerz-02-2\\\/#breadcrumb\",\"itemListElement\":[{\"@type\":\"ListItem\",\"position\":1,\"name\":\"Startseite\",\"item\":\"https:\\\/\\\/www.heldenhaushalt.de\\\/sari02\\\/\"},{\"@type\":\"ListItem\",\"position\":2,\"name\":\"#Freitags5 \u2013 5 Tage 5 Fotos im M&#228;rz #02\"}]},{\"@type\":\"WebSite\",\"@id\":\"https:\\\/\\\/www.heldenhaushalt.de\\\/sari02\\\/#website\",\"url\":\"https:\\\/\\\/www.heldenhaushalt.de\\\/sari02\\\/\",\"name\":\"Heldenhaushalt\",\"description\":\"Wer es ordentlich haben will, der muss vorher anrufen\",\"publisher\":{\"@id\":\"https:\\\/\\\/www.heldenhaushalt.de\\\/sari02\\\/#\\\/schema\\\/person\\\/a1cc69f42a01f412eb62c151353814f6\"},\"potentialAction\":[{\"@type\":\"SearchAction\",\"target\":{\"@type\":\"EntryPoint\",\"urlTemplate\":\"https:\\\/\\\/www.heldenhaushalt.de\\\/sari02\\\/?s={search_term_string}\"},\"query-input\":{\"@type\":\"PropertyValueSpecification\",\"valueRequired\":true,\"valueName\":\"search_term_string\"}}],\"inLanguage\":\"de\"},{\"@type\":[\"Person\",\"Organization\"],\"@id\":\"https:\\\/\\\/www.heldenhaushalt.de\\\/sari02\\\/#\\\/schema\\\/person\\\/a1cc69f42a01f412eb62c151353814f6\",\"name\":\"Sari\",\"image\":{\"@type\":\"ImageObject\",\"inLanguage\":\"de\",\"@id\":\"https:\\\/\\\/www.heldenhaushalt.de\\\/sari02\\\/wp-content\\\/uploads\\\/2019\\\/02\\\/sari-april2018.png\",\"url\":\"https:\\\/\\\/www.heldenhaushalt.de\\\/sari02\\\/wp-content\\\/uploads\\\/2019\\\/02\\\/sari-april2018.png\",\"contentUrl\":\"https:\\\/\\\/www.heldenhaushalt.de\\\/sari02\\\/wp-content\\\/uploads\\\/2019\\\/02\\\/sari-april2018.png\",\"width\":500,\"height\":500,\"caption\":\"Sari\"},\"logo\":{\"@id\":\"https:\\\/\\\/www.heldenhaushalt.de\\\/sari02\\\/wp-content\\\/uploads\\\/2019\\\/02\\\/sari-april2018.png\"},\"description\":\"Frau Mondgras \u2013 Das bin ich, Sari. Gerne auch als Sari Mondgras bekannt und im Internet zu finden. 2-Fach-Mutter, Heldenehefrau, Kreativling, Harmonies\u00fcchtig und st\u00e4ndig auf der Suche nach Gl\u00fcck. Ich komme aus Berlin, bin hier aufgewachsen und lebe hier seit ich denken kann.\",\"sameAs\":[\"https:\\\/\\\/www.instagram.com\\\/heldenhaushalt\\\/\"],\"url\":\"https:\\\/\\\/www.heldenhaushalt.de\\\/sari02\\\/index.php\\\/author\\\/admin\\\/\"}]}<\/script>\n<!-- \/ Yoast SEO plugin. -->","yoast_head_json":{"title":"#Freitags5 \u2013 5 Tage 5 Fotos im M\u00e4rz #02 - Heldenhaushalt","description":"Hachja... Ansonsten durften wir diese Woche ja das erste Mal so etwas wie Fr\u00fchlingsluft schnuppern und es war herrlich. Es hat direkt f\u00fcr einen kleinen Motivationsschub gesorgt. Mehr erz\u00e4hle ich euch heute dann in unseren #Freitags5!","robots":{"index":"index","follow":"follow","max-snippet":"max-snippet:-1","max-image-preview":"max-image-preview:large","max-video-preview":"max-video-preview:-1"},"canonical":"https:\/\/www.heldenhaushalt.de\/sari02\/index.php\/2018\/03\/09\/freitags5-5-tage-5-fotos-im-maerz-02-2\/","og_locale":"de_DE","og_type":"article","og_title":"#Freitags5 \u2013 5 Tage 5 Fotos im M\u00e4rz #02 - Heldenhaushalt","og_description":"Hachja... Ansonsten durften wir diese Woche ja das erste Mal so etwas wie Fr\u00fchlingsluft schnuppern und es war herrlich. Es hat direkt f\u00fcr einen kleinen Motivationsschub gesorgt. Mehr erz\u00e4hle ich euch heute dann in unseren #Freitags5!","og_url":"https:\/\/www.heldenhaushalt.de\/sari02\/index.php\/2018\/03\/09\/freitags5-5-tage-5-fotos-im-maerz-02-2\/","og_site_name":"Heldenhaushalt","article_published_time":"2018-03-09T08:04:18+00:00","article_modified_time":"2018-03-10T07:17:22+00:00","og_image":[{"width":1000,"height":1000,"url":"https:\/\/www.heldenhaushalt.de\/sari02\/wp-content\/uploads\/2018\/03\/18-10-00.jpg","type":"image\/jpeg"}],"author":"Sari","twitter_card":"summary_large_image","twitter_creator":"@Heldenhaushalt","twitter_site":"@Heldenhaushalt","twitter_misc":{"Verfasst von":"Sari","Gesch\u00e4tzte Lesezeit":"4\u00a0Minuten"},"schema":{"@context":"https:\/\/schema.org","@graph":[{"@type":"Article","@id":"https:\/\/www.heldenhaushalt.de\/sari02\/index.php\/2018\/03\/09\/freitags5-5-tage-5-fotos-im-maerz-02-2\/#article","isPartOf":{"@id":"https:\/\/www.heldenhaushalt.de\/sari02\/index.php\/2018\/03\/09\/freitags5-5-tage-5-fotos-im-maerz-02-2\/"},"author":{"name":"Sari","@id":"https:\/\/www.heldenhaushalt.de\/sari02\/#\/schema\/person\/a1cc69f42a01f412eb62c151353814f6"},"headline":"#Freitags5 \u2013 5 Tage 5 Fotos im M&#228;rz #02","datePublished":"2018-03-09T08:04:18+00:00","dateModified":"2018-03-10T07:17:22+00:00","mainEntityOfPage":{"@id":"https:\/\/www.heldenhaushalt.de\/sari02\/index.php\/2018\/03\/09\/freitags5-5-tage-5-fotos-im-maerz-02-2\/"},"wordCount":787,"commentCount":2,"publisher":{"@id":"https:\/\/www.heldenhaushalt.de\/sari02\/#\/schema\/person\/a1cc69f42a01f412eb62c151353814f6"},"image":{"@id":"https:\/\/www.heldenhaushalt.de\/sari02\/index.php\/2018\/03\/09\/freitags5-5-tage-5-fotos-im-maerz-02-2\/#primaryimage"},"thumbnailUrl":"https:\/\/www.heldenhaushalt.de\/sari02\/wp-content\/uploads\/2018\/03\/18-10-00.jpg","keywords":["#Freitags5","#Freitagslieblinge","Allt\u00e4glich","Familie","Fr\u00fchling","Kinder","Lesen","Schnee"],"articleSection":["Alltagschaos","Blogsph\u00e4re"],"inLanguage":"de","potentialAction":[{"@type":"CommentAction","name":"Comment","target":["https:\/\/www.heldenhaushalt.de\/sari02\/index.php\/2018\/03\/09\/freitags5-5-tage-5-fotos-im-maerz-02-2\/#respond"]}]},{"@type":"WebPage","@id":"https:\/\/www.heldenhaushalt.de\/sari02\/index.php\/2018\/03\/09\/freitags5-5-tage-5-fotos-im-maerz-02-2\/","url":"https:\/\/www.heldenhaushalt.de\/sari02\/index.php\/2018\/03\/09\/freitags5-5-tage-5-fotos-im-maerz-02-2\/","name":"#Freitags5 \u2013 5 Tage 5 Fotos im M\u00e4rz #02 - Heldenhaushalt","isPartOf":{"@id":"https:\/\/www.heldenhaushalt.de\/sari02\/#website"},"primaryImageOfPage":{"@id":"https:\/\/www.heldenhaushalt.de\/sari02\/index.php\/2018\/03\/09\/freitags5-5-tage-5-fotos-im-maerz-02-2\/#primaryimage"},"image":{"@id":"https:\/\/www.heldenhaushalt.de\/sari02\/index.php\/2018\/03\/09\/freitags5-5-tage-5-fotos-im-maerz-02-2\/#primaryimage"},"thumbnailUrl":"https:\/\/www.heldenhaushalt.de\/sari02\/wp-content\/uploads\/2018\/03\/18-10-00.jpg","datePublished":"2018-03-09T08:04:18+00:00","dateModified":"2018-03-10T07:17:22+00:00","description":"Hachja... Ansonsten durften wir diese Woche ja das erste Mal so etwas wie Fr\u00fchlingsluft schnuppern und es war herrlich. Es hat direkt f\u00fcr einen kleinen Motivationsschub gesorgt. Mehr erz\u00e4hle ich euch heute dann in unseren #Freitags5!","breadcrumb":{"@id":"https:\/\/www.heldenhaushalt.de\/sari02\/index.php\/2018\/03\/09\/freitags5-5-tage-5-fotos-im-maerz-02-2\/#breadcrumb"},"inLanguage":"de","potentialAction":[{"@type":"ReadAction","target":["https:\/\/www.heldenhaushalt.de\/sari02\/index.php\/2018\/03\/09\/freitags5-5-tage-5-fotos-im-maerz-02-2\/"]}]},{"@type":"ImageObject","inLanguage":"de","@id":"https:\/\/www.heldenhaushalt.de\/sari02\/index.php\/2018\/03\/09\/freitags5-5-tage-5-fotos-im-maerz-02-2\/#primaryimage","url":"https:\/\/www.heldenhaushalt.de\/sari02\/wp-content\/uploads\/2018\/03\/18-10-00.jpg","contentUrl":"https:\/\/www.heldenhaushalt.de\/sari02\/wp-content\/uploads\/2018\/03\/18-10-00.jpg","width":1000,"height":1000,"caption":"#Freitags5"},{"@type":"BreadcrumbList","@id":"https:\/\/www.heldenhaushalt.de\/sari02\/index.php\/2018\/03\/09\/freitags5-5-tage-5-fotos-im-maerz-02-2\/#breadcrumb","itemListElement":[{"@type":"ListItem","position":1,"name":"Startseite","item":"https:\/\/www.heldenhaushalt.de\/sari02\/"},{"@type":"ListItem","position":2,"name":"#Freitags5 \u2013 5 Tage 5 Fotos im M&#228;rz #02"}]},{"@type":"WebSite","@id":"https:\/\/www.heldenhaushalt.de\/sari02\/#website","url":"https:\/\/www.heldenhaushalt.de\/sari02\/","name":"Heldenhaushalt","description":"Wer es ordentlich haben will, der muss vorher anrufen","publisher":{"@id":"https:\/\/www.heldenhaushalt.de\/sari02\/#\/schema\/person\/a1cc69f42a01f412eb62c151353814f6"},"potentialAction":[{"@type":"SearchAction","target":{"@type":"EntryPoint","urlTemplate":"https:\/\/www.heldenhaushalt.de\/sari02\/?s={search_term_string}"},"query-input":{"@type":"PropertyValueSpecification","valueRequired":true,"valueName":"search_term_string"}}],"inLanguage":"de"},{"@type":["Person","Organization"],"@id":"https:\/\/www.heldenhaushalt.de\/sari02\/#\/schema\/person\/a1cc69f42a01f412eb62c151353814f6","name":"Sari","image":{"@type":"ImageObject","inLanguage":"de","@id":"https:\/\/www.heldenhaushalt.de\/sari02\/wp-content\/uploads\/2019\/02\/sari-april2018.png","url":"https:\/\/www.heldenhaushalt.de\/sari02\/wp-content\/uploads\/2019\/02\/sari-april2018.png","contentUrl":"https:\/\/www.heldenhaushalt.de\/sari02\/wp-content\/uploads\/2019\/02\/sari-april2018.png","width":500,"height":500,"caption":"Sari"},"logo":{"@id":"https:\/\/www.heldenhaushalt.de\/sari02\/wp-content\/uploads\/2019\/02\/sari-april2018.png"},"description":"Frau Mondgras \u2013 Das bin ich, Sari. Gerne auch als Sari Mondgras bekannt und im Internet zu finden. 2-Fach-Mutter, Heldenehefrau, Kreativling, Harmonies\u00fcchtig und st\u00e4ndig auf der Suche nach Gl\u00fcck. Ich komme aus Berlin, bin hier aufgewachsen und lebe hier seit ich denken kann.","sameAs":["https:\/\/www.instagram.com\/heldenhaushalt\/"],"url":"https:\/\/www.heldenhaushalt.de\/sari02\/index.php\/author\/admin\/"}]}},"views":3887,"_links":{"self":[{"href":"https:\/\/www.heldenhaushalt.de\/sari02\/index.php\/wp-json\/wp\/v2\/posts\/35964","targetHints":{"allow":["GET"]}}],"collection":[{"href":"https:\/\/www.heldenhaushalt.de\/sari02\/index.php\/wp-json\/wp\/v2\/posts"}],"about":[{"href":"https:\/\/www.heldenhaushalt.de\/sari02\/index.php\/wp-json\/wp\/v2\/types\/post"}],"author":[{"embeddable":true,"href":"https:\/\/www.heldenhaushalt.de\/sari02\/index.php\/wp-json\/wp\/v2\/users\/1"}],"replies":[{"embeddable":true,"href":"https:\/\/www.heldenhaushalt.de\/sari02\/index.php\/wp-json\/wp\/v2\/comments?post=35964"}],"version-history":[{"count":5,"href":"https:\/\/www.heldenhaushalt.de\/sari02\/index.php\/wp-json\/wp\/v2\/posts\/35964\/revisions"}],"predecessor-version":[{"id":36021,"href":"https:\/\/www.heldenhaushalt.de\/sari02\/index.php\/wp-json\/wp\/v2\/posts\/35964\/revisions\/36021"}],"wp:featuredmedia":[{"embeddable":true,"href":"https:\/\/www.heldenhaushalt.de\/sari02\/index.php\/wp-json\/wp\/v2\/media\/35997"}],"wp:attachment":[{"href":"https:\/\/www.heldenhaushalt.de\/sari02\/index.php\/wp-json\/wp\/v2\/media?parent=35964"}],"wp:term":[{"taxonomy":"category","embeddable":true,"href":"https:\/\/www.heldenhaushalt.de\/sari02\/index.php\/wp-json\/wp\/v2\/categories?post=35964"},{"taxonomy":"post_tag","embeddable":true,"href":"https:\/\/www.heldenhaushalt.de\/sari02\/index.php\/wp-json\/wp\/v2\/tags?post=35964"}],"curies":[{"name":"wp","href":"https:\/\/api.w.org\/{rel}","templated":true}]}}