{"id":36201,"date":"2018-04-01T14:00:00","date_gmt":"2018-04-01T12:00:00","guid":{"rendered":"http:\/\/www.heldenhaushalt.de\/sari02\/?p=36201"},"modified":"2018-04-01T14:01:24","modified_gmt":"2018-04-01T12:01:24","slug":"ostern-2018-ausmalbild","status":"publish","type":"post","link":"https:\/\/www.heldenhaushalt.de\/sari02\/index.php\/2018\/04\/01\/ostern-2018-ausmalbild\/","title":{"rendered":"Ei feel good! &#8211; Wir w&#252;nschen frohe Ostern! #Ausmalbild"},"content":{"rendered":"<p>Dieses Jahr haben die Kinder, vor allem der Miniheld, sehr auf Ostern hingefiebert. Warum? Ich wei&#223; es nicht, aber er hat sich enorm auf diesen Tag gefreut. Eigentlich hatten wir sogar dar&#252;ber nachgedacht das Wochenende woanders zu verbringen, aber er hatte sich so sehr dagegen gewehrt, dass wir nun tats&#228;chlich zu Hause, in unsere (fast) wieder sch&#246;n gemachten vier W&#228;nden sitzen und bereits eine spannende Ostereiersuche hinter uns haben&#8230;<\/p>\n<h2>Von Ostern, sch&#246;nen Traditionen und seltsamen Wetter!<\/h2>\n<p>&#8220;Der April macht seine Scherze mit uns&#8221;; sagte der Miniheld heute Morgen. Schneeregen im Fr&#252;hling und dann auch noch direkt zu Ostern. Wie doof ist das denn bitte? Aber wie sagt man so sch&#246;n? Nur die Harten kommen in den Garten und es gibt kein falsches Wetter, nur falsche Kleidung. So kam es also, dass wir uns alle vier heute Morgen um 8 Uhr im Garten auf Osterk&#246;rbchen Suche wiederfanden. Eingepackt in die kuschelige Jacke, Kapuze auf dem Kopf und dem schlechten Wetter trotzend.<\/p>\n<p><img loading=\"lazy\" decoding=\"async\" class=\"aligncenter size-full wp-image-36248\" src=\"http:\/\/www.heldenhaushalt.de\/sari02\/wp-content\/uploads\/2018\/04\/ostern.jpg\" alt=\"Ostern\" width=\"1000\" height=\"657\" srcset=\"https:\/\/www.heldenhaushalt.de\/sari02\/wp-content\/uploads\/2018\/04\/ostern.jpg 1000w, https:\/\/www.heldenhaushalt.de\/sari02\/wp-content\/uploads\/2018\/04\/ostern-300x197.jpg 300w, https:\/\/www.heldenhaushalt.de\/sari02\/wp-content\/uploads\/2018\/04\/ostern-768x505.jpg 768w, https:\/\/www.heldenhaushalt.de\/sari02\/wp-content\/uploads\/2018\/04\/ostern-600x394.jpg 600w\" sizes=\"auto, (max-width: 1000px) 100vw, 1000px\" \/><\/p>\n<p>Zu Ostern geh&#246;rt eine Suche im Freien einfach dazu. Wobei wir es uns auch nicht haben nehmen lassen auch im Inneren des Hauses die Augen aufzuhalten und siehe da, sogar hier war der Osterhase unterwegs. Die Kinder waren au&#223;er sich vor Freude. Verdient, wie ich finde, denn sie haben die letzten Wochen so wunderbar gemeistert. Das muss ich euch nicht sagen, denn das habe ich inzwischen wirklich oft betont, oder? Etwas ausf&#252;hrlicher werde ich sicher morgen im WIB mit vielen sch&#246;nen Bildern davon berichten.<\/p>\n<h2>Heute lasse ich euch ein paar Ostergr&#252;&#223;e da in Form eines Ausmalbildes.<\/h2>\n<p>Ich hatte es ja schon<a href=\"http:\/\/www.heldenhaushalt.de\/sari02\/index.php\/2018\/03\/24\/ostern-ausmalbild-gewinnspiel\/\"> beim kleinen Ostergewinnspiel<\/a> (das ich wohl doch erst morgen auslosen werde) angek&#252;ndigt: Nat&#252;rlich habe auch ich ein Ausmalbild f&#252;r euch vorbereitet und das schenke ich euch heute zu Ostern. Ihr m&#252;sst auch gar nicht suchen, denn unsere flei&#223;igen Eierk&#252;nstler findet ihr direkt hier:<\/p>\n<p><img loading=\"lazy\" decoding=\"async\" class=\"aligncenter size-full wp-image-36249\" src=\"http:\/\/www.heldenhaushalt.de\/sari02\/wp-content\/uploads\/2018\/04\/ostern-2018.jpg\" alt=\"Ostern\" width=\"1772\" height=\"1279\" srcset=\"https:\/\/www.heldenhaushalt.de\/sari02\/wp-content\/uploads\/2018\/04\/ostern-2018.jpg 1772w, https:\/\/www.heldenhaushalt.de\/sari02\/wp-content\/uploads\/2018\/04\/ostern-2018-300x217.jpg 300w, https:\/\/www.heldenhaushalt.de\/sari02\/wp-content\/uploads\/2018\/04\/ostern-2018-768x554.jpg 768w, https:\/\/www.heldenhaushalt.de\/sari02\/wp-content\/uploads\/2018\/04\/ostern-2018-1024x739.jpg 1024w, https:\/\/www.heldenhaushalt.de\/sari02\/wp-content\/uploads\/2018\/04\/ostern-2018-600x433.jpg 600w, https:\/\/www.heldenhaushalt.de\/sari02\/wp-content\/uploads\/2018\/04\/ostern-2018-1000x722.jpg 1000w\" sizes=\"auto, (max-width: 1772px) 100vw, 1772px\" \/><\/p>\n<p style=\"text-align: center;\"><strong>&gt;&gt; <a href=\"http:\/\/www.heldenhaushalt.de\/sari02\/wp-content\/uploads\/2018\/04\/ostern-2018.jpg\" target=\"_blank\" rel=\"noopener\">DOWNLOAD AUSMALBILD<\/a> &lt;&lt;<\/strong><\/p>\n<p><strong>Bleibt mir am Ende eigentlich nur noch eines:<\/strong> Euch ein wundervolles und hoffentlich entspanntes Osterfest mit vielen Leckereien und kleinen Besonderheiten zu w&#252;nschen. Wir erwarten demn&#228;chst die Familie zu Kaffee und Kuchen und haben daf&#252;r schon ordentlich vorbereitet. Immerhin ist die Familie neugierig auf all die Ver&#228;nderungen hier bei uns zu Hause.&nbsp;<\/p>\n<p>Das Ausmalbild findet ihr neben der <a href=\"http:\/\/www.heldenhaushalt.de\/sari02\/index.php\/ausmalbilder\/\">&#252;blichen Sammelseite<\/a> auch wieder beim<a href=\"http:\/\/www.lunaju.de\/2018\/04\/kiddikram-april-2018.html\" target=\"_blank\" rel=\"noopener\"> Kiddikram<\/a>. Schaut also gerne mal rein und genie&#223;t das feucht fr&#246;hliche Osterfest!<\/p>\n<p><img decoding=\"async\" class=\"alignright\" src=\"https:\/\/www.heldenhaushalt.de\/sari02\/wp-content\/uploads\/2015\/01\/sari-unter.jpg?zoom=1.5&amp;resize=130%2C59\" alt=\"sari-unter\"><\/p>\n","protected":false},"excerpt":{"rendered":"<p>Dieses Jahr haben die Kinder, vor allem der Miniheld, sehr auf Ostern hingefiebert. Warum? Ich wei&#223; es nicht, aber er hat sich enorm auf diesen Tag gefreut. Eigentlich hatten wir sogar dar&#252;ber nachgedacht das Wochenende woanders zu verbringen, aber er hatte sich so sehr dagegen gewehrt, dass wir nun tats&#228;chlich zu Hause, in unsere (fast) wieder sch&#246;n gemachten vier W&#228;nden sitzen und bereits eine spannende Ostereiersuche hinter uns haben&#8230; Von Ostern, sch&#246;nen Traditionen und seltsamen Wetter! &#8220;Der April macht seine Scherze mit uns&#8221;; sagte der Miniheld heute Morgen. Schneeregen im Fr&#252;hling und dann auch noch direkt zu Ostern. Wie doof ist das denn bitte? Aber wie sagt man so sch&#246;n? Nur die Harten kommen in den Garten und es gibt kein falsches Wetter, nur falsche Kleidung. So kam es also, dass wir uns alle vier heute Morgen um 8 Uhr im Garten auf Osterk&#246;rbchen Suche wiederfanden. Eingepackt in die kuschelige Jacke, Kapuze auf dem Kopf und dem schlechten Wetter trotzend. Zu Ostern geh&#246;rt eine Suche im Freien einfach dazu. Wobei wir es uns auch nicht haben nehmen lassen auch im Inneren des Hauses die Augen aufzuhalten und siehe da, sogar hier war der Osterhase unterwegs. Die Kinder waren au&#223;er sich vor Freude. Verdient, wie ich finde, denn sie haben die letzten Wochen so wunderbar gemeistert. Das muss ich euch nicht sagen, denn das habe ich inzwischen wirklich oft betont, oder? Etwas ausf&#252;hrlicher werde ich sicher morgen im WIB mit vielen sch&#246;nen Bildern davon berichten. Heute lasse ich euch ein paar Ostergr&#252;&#223;e da in Form eines Ausmalbildes. Ich hatte es ja schon beim kleinen Ostergewinnspiel (das ich wohl doch erst morgen auslosen werde) angek&#252;ndigt: Nat&#252;rlich habe auch ich ein Ausmalbild f&#252;r euch vorbereitet und das schenke ich euch heute zu Ostern. Ihr m&#252;sst auch gar nicht suchen, denn unsere flei&#223;igen Eierk&#252;nstler findet ihr direkt hier: &gt;&gt; DOWNLOAD AUSMALBILD &lt;&lt; Bleibt mir am Ende eigentlich nur noch eines: Euch ein wundervolles und hoffentlich entspanntes Osterfest mit vielen Leckereien und kleinen Besonderheiten zu w&#252;nschen. Wir erwarten demn&#228;chst die Familie zu Kaffee und Kuchen und haben daf&#252;r schon ordentlich vorbereitet. Immerhin ist die Familie neugierig auf all die Ver&#228;nderungen hier bei uns zu Hause.&nbsp; Das Ausmalbild findet ihr neben der &#252;blichen Sammelseite auch wieder beim Kiddikram. Schaut also gerne mal rein und genie&#223;t das feucht fr&#246;hliche Osterfest!<\/p>\n","protected":false},"author":1,"featured_media":36250,"comment_status":"open","ping_status":"open","sticky":false,"template":"","format":"standard","meta":{"ngg_post_thumbnail":0,"footnotes":""},"categories":[323,46,1576,325],"tags":[357,356,1865,1183,454,84],"class_list":["post-36201","post","type-post","status-publish","format-standard","has-post-thumbnail","hentry","category-alltag","category-feiertage","category-kreativ-2","category-kreativ","tag-ausmalbild","tag-freebie","tag-osterfest","tag-ostern","tag-printable","tag-tradition"],"yoast_head":"<!-- This site is optimized with the Yoast SEO plugin v27.4 - https:\/\/yoast.com\/product\/yoast-seo-wordpress\/ -->\n<title>Ei feel good! - Wir w\u00fcnschen frohe Ostern! #Ausmalbild - Heldenhaushalt<\/title>\n<meta name=\"description\" content=\"Dieses Jahr haben die Kinder, vor allem der Miniheld, sehr auf Ostern hingefiebert. Warum? Ich wei\u00df es nicht, aber er hat sich enorm auf diesen Tag gefreut.\" \/>\n<meta name=\"robots\" content=\"index, follow, max-snippet:-1, max-image-preview:large, max-video-preview:-1\" \/>\n<link rel=\"canonical\" href=\"https:\/\/www.heldenhaushalt.de\/sari02\/index.php\/2018\/04\/01\/ostern-2018-ausmalbild\/\" \/>\n<meta property=\"og:locale\" content=\"de_DE\" \/>\n<meta property=\"og:type\" content=\"article\" \/>\n<meta property=\"og:title\" content=\"Ei feel good! - Wir w\u00fcnschen frohe Ostern! #Ausmalbild - Heldenhaushalt\" \/>\n<meta property=\"og:description\" content=\"Dieses Jahr haben die Kinder, vor allem der Miniheld, sehr auf Ostern hingefiebert. Warum? Ich wei\u00df es nicht, aber er hat sich enorm auf diesen Tag gefreut.\" \/>\n<meta property=\"og:url\" content=\"https:\/\/www.heldenhaushalt.de\/sari02\/index.php\/2018\/04\/01\/ostern-2018-ausmalbild\/\" \/>\n<meta property=\"og:site_name\" content=\"Heldenhaushalt\" \/>\n<meta property=\"article:published_time\" content=\"2018-04-01T12:00:00+00:00\" \/>\n<meta property=\"article:modified_time\" content=\"2018-04-01T12:01:24+00:00\" \/>\n<meta property=\"og:image\" content=\"https:\/\/www.heldenhaushalt.de\/sari02\/wp-content\/uploads\/2018\/04\/ostern-farbe-2018.jpg\" \/>\n\t<meta property=\"og:image:width\" content=\"1772\" \/>\n\t<meta property=\"og:image:height\" content=\"1279\" \/>\n\t<meta property=\"og:image:type\" content=\"image\/jpeg\" \/>\n<meta name=\"author\" content=\"Sari\" \/>\n<meta name=\"twitter:card\" content=\"summary_large_image\" \/>\n<meta name=\"twitter:creator\" content=\"@Heldenhaushalt\" \/>\n<meta name=\"twitter:site\" content=\"@Heldenhaushalt\" \/>\n<meta name=\"twitter:label1\" content=\"Verfasst von\" \/>\n\t<meta name=\"twitter:data1\" content=\"Sari\" \/>\n\t<meta name=\"twitter:label2\" content=\"Gesch\u00e4tzte Lesezeit\" \/>\n\t<meta name=\"twitter:data2\" content=\"2\u00a0Minuten\" \/>\n<script type=\"application\/ld+json\" class=\"yoast-schema-graph\">{\"@context\":\"https:\\\/\\\/schema.org\",\"@graph\":[{\"@type\":\"Article\",\"@id\":\"https:\\\/\\\/www.heldenhaushalt.de\\\/sari02\\\/index.php\\\/2018\\\/04\\\/01\\\/ostern-2018-ausmalbild\\\/#article\",\"isPartOf\":{\"@id\":\"https:\\\/\\\/www.heldenhaushalt.de\\\/sari02\\\/index.php\\\/2018\\\/04\\\/01\\\/ostern-2018-ausmalbild\\\/\"},\"author\":{\"name\":\"Sari\",\"@id\":\"https:\\\/\\\/www.heldenhaushalt.de\\\/sari02\\\/#\\\/schema\\\/person\\\/a1cc69f42a01f412eb62c151353814f6\"},\"headline\":\"Ei feel good! &#8211; Wir w&#252;nschen frohe Ostern! #Ausmalbild\",\"datePublished\":\"2018-04-01T12:00:00+00:00\",\"dateModified\":\"2018-04-01T12:01:24+00:00\",\"mainEntityOfPage\":{\"@id\":\"https:\\\/\\\/www.heldenhaushalt.de\\\/sari02\\\/index.php\\\/2018\\\/04\\\/01\\\/ostern-2018-ausmalbild\\\/\"},\"wordCount\":420,\"commentCount\":2,\"publisher\":{\"@id\":\"https:\\\/\\\/www.heldenhaushalt.de\\\/sari02\\\/#\\\/schema\\\/person\\\/a1cc69f42a01f412eb62c151353814f6\"},\"image\":{\"@id\":\"https:\\\/\\\/www.heldenhaushalt.de\\\/sari02\\\/index.php\\\/2018\\\/04\\\/01\\\/ostern-2018-ausmalbild\\\/#primaryimage\"},\"thumbnailUrl\":\"https:\\\/\\\/www.heldenhaushalt.de\\\/sari02\\\/wp-content\\\/uploads\\\/2018\\\/04\\\/ostern-farbe-2018.jpg\",\"keywords\":[\"ausmalbild\",\"freebie\",\"Osterfest\",\"Ostern\",\"Printable\",\"Tradition\"],\"articleSection\":[\"Alltagschaos\",\"Besondere Anl\u00e4sse\",\"Kreativ\",\"Zeichnen ist toll\"],\"inLanguage\":\"de\",\"potentialAction\":[{\"@type\":\"CommentAction\",\"name\":\"Comment\",\"target\":[\"https:\\\/\\\/www.heldenhaushalt.de\\\/sari02\\\/index.php\\\/2018\\\/04\\\/01\\\/ostern-2018-ausmalbild\\\/#respond\"]}]},{\"@type\":\"WebPage\",\"@id\":\"https:\\\/\\\/www.heldenhaushalt.de\\\/sari02\\\/index.php\\\/2018\\\/04\\\/01\\\/ostern-2018-ausmalbild\\\/\",\"url\":\"https:\\\/\\\/www.heldenhaushalt.de\\\/sari02\\\/index.php\\\/2018\\\/04\\\/01\\\/ostern-2018-ausmalbild\\\/\",\"name\":\"Ei feel good! - Wir w\u00fcnschen frohe Ostern! #Ausmalbild - Heldenhaushalt\",\"isPartOf\":{\"@id\":\"https:\\\/\\\/www.heldenhaushalt.de\\\/sari02\\\/#website\"},\"primaryImageOfPage\":{\"@id\":\"https:\\\/\\\/www.heldenhaushalt.de\\\/sari02\\\/index.php\\\/2018\\\/04\\\/01\\\/ostern-2018-ausmalbild\\\/#primaryimage\"},\"image\":{\"@id\":\"https:\\\/\\\/www.heldenhaushalt.de\\\/sari02\\\/index.php\\\/2018\\\/04\\\/01\\\/ostern-2018-ausmalbild\\\/#primaryimage\"},\"thumbnailUrl\":\"https:\\\/\\\/www.heldenhaushalt.de\\\/sari02\\\/wp-content\\\/uploads\\\/2018\\\/04\\\/ostern-farbe-2018.jpg\",\"datePublished\":\"2018-04-01T12:00:00+00:00\",\"dateModified\":\"2018-04-01T12:01:24+00:00\",\"description\":\"Dieses Jahr haben die Kinder, vor allem der Miniheld, sehr auf Ostern hingefiebert. Warum? Ich wei\u00df es nicht, aber er hat sich enorm auf diesen Tag gefreut.\",\"breadcrumb\":{\"@id\":\"https:\\\/\\\/www.heldenhaushalt.de\\\/sari02\\\/index.php\\\/2018\\\/04\\\/01\\\/ostern-2018-ausmalbild\\\/#breadcrumb\"},\"inLanguage\":\"de\",\"potentialAction\":[{\"@type\":\"ReadAction\",\"target\":[\"https:\\\/\\\/www.heldenhaushalt.de\\\/sari02\\\/index.php\\\/2018\\\/04\\\/01\\\/ostern-2018-ausmalbild\\\/\"]}]},{\"@type\":\"ImageObject\",\"inLanguage\":\"de\",\"@id\":\"https:\\\/\\\/www.heldenhaushalt.de\\\/sari02\\\/index.php\\\/2018\\\/04\\\/01\\\/ostern-2018-ausmalbild\\\/#primaryimage\",\"url\":\"https:\\\/\\\/www.heldenhaushalt.de\\\/sari02\\\/wp-content\\\/uploads\\\/2018\\\/04\\\/ostern-farbe-2018.jpg\",\"contentUrl\":\"https:\\\/\\\/www.heldenhaushalt.de\\\/sari02\\\/wp-content\\\/uploads\\\/2018\\\/04\\\/ostern-farbe-2018.jpg\",\"width\":1772,\"height\":1279,\"caption\":\"Ostern\"},{\"@type\":\"BreadcrumbList\",\"@id\":\"https:\\\/\\\/www.heldenhaushalt.de\\\/sari02\\\/index.php\\\/2018\\\/04\\\/01\\\/ostern-2018-ausmalbild\\\/#breadcrumb\",\"itemListElement\":[{\"@type\":\"ListItem\",\"position\":1,\"name\":\"Startseite\",\"item\":\"https:\\\/\\\/www.heldenhaushalt.de\\\/sari02\\\/\"},{\"@type\":\"ListItem\",\"position\":2,\"name\":\"Ei feel good! &#8211; Wir w&#252;nschen frohe Ostern! #Ausmalbild\"}]},{\"@type\":\"WebSite\",\"@id\":\"https:\\\/\\\/www.heldenhaushalt.de\\\/sari02\\\/#website\",\"url\":\"https:\\\/\\\/www.heldenhaushalt.de\\\/sari02\\\/\",\"name\":\"Heldenhaushalt\",\"description\":\"Wer es ordentlich haben will, der muss vorher anrufen\",\"publisher\":{\"@id\":\"https:\\\/\\\/www.heldenhaushalt.de\\\/sari02\\\/#\\\/schema\\\/person\\\/a1cc69f42a01f412eb62c151353814f6\"},\"potentialAction\":[{\"@type\":\"SearchAction\",\"target\":{\"@type\":\"EntryPoint\",\"urlTemplate\":\"https:\\\/\\\/www.heldenhaushalt.de\\\/sari02\\\/?s={search_term_string}\"},\"query-input\":{\"@type\":\"PropertyValueSpecification\",\"valueRequired\":true,\"valueName\":\"search_term_string\"}}],\"inLanguage\":\"de\"},{\"@type\":[\"Person\",\"Organization\"],\"@id\":\"https:\\\/\\\/www.heldenhaushalt.de\\\/sari02\\\/#\\\/schema\\\/person\\\/a1cc69f42a01f412eb62c151353814f6\",\"name\":\"Sari\",\"image\":{\"@type\":\"ImageObject\",\"inLanguage\":\"de\",\"@id\":\"https:\\\/\\\/www.heldenhaushalt.de\\\/sari02\\\/wp-content\\\/uploads\\\/2019\\\/02\\\/sari-april2018.png\",\"url\":\"https:\\\/\\\/www.heldenhaushalt.de\\\/sari02\\\/wp-content\\\/uploads\\\/2019\\\/02\\\/sari-april2018.png\",\"contentUrl\":\"https:\\\/\\\/www.heldenhaushalt.de\\\/sari02\\\/wp-content\\\/uploads\\\/2019\\\/02\\\/sari-april2018.png\",\"width\":500,\"height\":500,\"caption\":\"Sari\"},\"logo\":{\"@id\":\"https:\\\/\\\/www.heldenhaushalt.de\\\/sari02\\\/wp-content\\\/uploads\\\/2019\\\/02\\\/sari-april2018.png\"},\"description\":\"Frau Mondgras \u2013 Das bin ich, Sari. Gerne auch als Sari Mondgras bekannt und im Internet zu finden. 2-Fach-Mutter, Heldenehefrau, Kreativling, Harmonies\u00fcchtig und st\u00e4ndig auf der Suche nach Gl\u00fcck. Ich komme aus Berlin, bin hier aufgewachsen und lebe hier seit ich denken kann.\",\"sameAs\":[\"https:\\\/\\\/www.instagram.com\\\/heldenhaushalt\\\/\"],\"url\":\"https:\\\/\\\/www.heldenhaushalt.de\\\/sari02\\\/index.php\\\/author\\\/admin\\\/\"}]}<\/script>\n<!-- \/ Yoast SEO plugin. -->","yoast_head_json":{"title":"Ei feel good! - Wir w\u00fcnschen frohe Ostern! #Ausmalbild - Heldenhaushalt","description":"Dieses Jahr haben die Kinder, vor allem der Miniheld, sehr auf Ostern hingefiebert. Warum? Ich wei\u00df es nicht, aber er hat sich enorm auf diesen Tag gefreut.","robots":{"index":"index","follow":"follow","max-snippet":"max-snippet:-1","max-image-preview":"max-image-preview:large","max-video-preview":"max-video-preview:-1"},"canonical":"https:\/\/www.heldenhaushalt.de\/sari02\/index.php\/2018\/04\/01\/ostern-2018-ausmalbild\/","og_locale":"de_DE","og_type":"article","og_title":"Ei feel good! - Wir w\u00fcnschen frohe Ostern! #Ausmalbild - Heldenhaushalt","og_description":"Dieses Jahr haben die Kinder, vor allem der Miniheld, sehr auf Ostern hingefiebert. Warum? Ich wei\u00df es nicht, aber er hat sich enorm auf diesen Tag gefreut.","og_url":"https:\/\/www.heldenhaushalt.de\/sari02\/index.php\/2018\/04\/01\/ostern-2018-ausmalbild\/","og_site_name":"Heldenhaushalt","article_published_time":"2018-04-01T12:00:00+00:00","article_modified_time":"2018-04-01T12:01:24+00:00","og_image":[{"width":1772,"height":1279,"url":"https:\/\/www.heldenhaushalt.de\/sari02\/wp-content\/uploads\/2018\/04\/ostern-farbe-2018.jpg","type":"image\/jpeg"}],"author":"Sari","twitter_card":"summary_large_image","twitter_creator":"@Heldenhaushalt","twitter_site":"@Heldenhaushalt","twitter_misc":{"Verfasst von":"Sari","Gesch\u00e4tzte Lesezeit":"2\u00a0Minuten"},"schema":{"@context":"https:\/\/schema.org","@graph":[{"@type":"Article","@id":"https:\/\/www.heldenhaushalt.de\/sari02\/index.php\/2018\/04\/01\/ostern-2018-ausmalbild\/#article","isPartOf":{"@id":"https:\/\/www.heldenhaushalt.de\/sari02\/index.php\/2018\/04\/01\/ostern-2018-ausmalbild\/"},"author":{"name":"Sari","@id":"https:\/\/www.heldenhaushalt.de\/sari02\/#\/schema\/person\/a1cc69f42a01f412eb62c151353814f6"},"headline":"Ei feel good! &#8211; Wir w&#252;nschen frohe Ostern! #Ausmalbild","datePublished":"2018-04-01T12:00:00+00:00","dateModified":"2018-04-01T12:01:24+00:00","mainEntityOfPage":{"@id":"https:\/\/www.heldenhaushalt.de\/sari02\/index.php\/2018\/04\/01\/ostern-2018-ausmalbild\/"},"wordCount":420,"commentCount":2,"publisher":{"@id":"https:\/\/www.heldenhaushalt.de\/sari02\/#\/schema\/person\/a1cc69f42a01f412eb62c151353814f6"},"image":{"@id":"https:\/\/www.heldenhaushalt.de\/sari02\/index.php\/2018\/04\/01\/ostern-2018-ausmalbild\/#primaryimage"},"thumbnailUrl":"https:\/\/www.heldenhaushalt.de\/sari02\/wp-content\/uploads\/2018\/04\/ostern-farbe-2018.jpg","keywords":["ausmalbild","freebie","Osterfest","Ostern","Printable","Tradition"],"articleSection":["Alltagschaos","Besondere Anl\u00e4sse","Kreativ","Zeichnen ist toll"],"inLanguage":"de","potentialAction":[{"@type":"CommentAction","name":"Comment","target":["https:\/\/www.heldenhaushalt.de\/sari02\/index.php\/2018\/04\/01\/ostern-2018-ausmalbild\/#respond"]}]},{"@type":"WebPage","@id":"https:\/\/www.heldenhaushalt.de\/sari02\/index.php\/2018\/04\/01\/ostern-2018-ausmalbild\/","url":"https:\/\/www.heldenhaushalt.de\/sari02\/index.php\/2018\/04\/01\/ostern-2018-ausmalbild\/","name":"Ei feel good! - Wir w\u00fcnschen frohe Ostern! #Ausmalbild - Heldenhaushalt","isPartOf":{"@id":"https:\/\/www.heldenhaushalt.de\/sari02\/#website"},"primaryImageOfPage":{"@id":"https:\/\/www.heldenhaushalt.de\/sari02\/index.php\/2018\/04\/01\/ostern-2018-ausmalbild\/#primaryimage"},"image":{"@id":"https:\/\/www.heldenhaushalt.de\/sari02\/index.php\/2018\/04\/01\/ostern-2018-ausmalbild\/#primaryimage"},"thumbnailUrl":"https:\/\/www.heldenhaushalt.de\/sari02\/wp-content\/uploads\/2018\/04\/ostern-farbe-2018.jpg","datePublished":"2018-04-01T12:00:00+00:00","dateModified":"2018-04-01T12:01:24+00:00","description":"Dieses Jahr haben die Kinder, vor allem der Miniheld, sehr auf Ostern hingefiebert. Warum? Ich wei\u00df es nicht, aber er hat sich enorm auf diesen Tag gefreut.","breadcrumb":{"@id":"https:\/\/www.heldenhaushalt.de\/sari02\/index.php\/2018\/04\/01\/ostern-2018-ausmalbild\/#breadcrumb"},"inLanguage":"de","potentialAction":[{"@type":"ReadAction","target":["https:\/\/www.heldenhaushalt.de\/sari02\/index.php\/2018\/04\/01\/ostern-2018-ausmalbild\/"]}]},{"@type":"ImageObject","inLanguage":"de","@id":"https:\/\/www.heldenhaushalt.de\/sari02\/index.php\/2018\/04\/01\/ostern-2018-ausmalbild\/#primaryimage","url":"https:\/\/www.heldenhaushalt.de\/sari02\/wp-content\/uploads\/2018\/04\/ostern-farbe-2018.jpg","contentUrl":"https:\/\/www.heldenhaushalt.de\/sari02\/wp-content\/uploads\/2018\/04\/ostern-farbe-2018.jpg","width":1772,"height":1279,"caption":"Ostern"},{"@type":"BreadcrumbList","@id":"https:\/\/www.heldenhaushalt.de\/sari02\/index.php\/2018\/04\/01\/ostern-2018-ausmalbild\/#breadcrumb","itemListElement":[{"@type":"ListItem","position":1,"name":"Startseite","item":"https:\/\/www.heldenhaushalt.de\/sari02\/"},{"@type":"ListItem","position":2,"name":"Ei feel good! &#8211; Wir w&#252;nschen frohe Ostern! #Ausmalbild"}]},{"@type":"WebSite","@id":"https:\/\/www.heldenhaushalt.de\/sari02\/#website","url":"https:\/\/www.heldenhaushalt.de\/sari02\/","name":"Heldenhaushalt","description":"Wer es ordentlich haben will, der muss vorher anrufen","publisher":{"@id":"https:\/\/www.heldenhaushalt.de\/sari02\/#\/schema\/person\/a1cc69f42a01f412eb62c151353814f6"},"potentialAction":[{"@type":"SearchAction","target":{"@type":"EntryPoint","urlTemplate":"https:\/\/www.heldenhaushalt.de\/sari02\/?s={search_term_string}"},"query-input":{"@type":"PropertyValueSpecification","valueRequired":true,"valueName":"search_term_string"}}],"inLanguage":"de"},{"@type":["Person","Organization"],"@id":"https:\/\/www.heldenhaushalt.de\/sari02\/#\/schema\/person\/a1cc69f42a01f412eb62c151353814f6","name":"Sari","image":{"@type":"ImageObject","inLanguage":"de","@id":"https:\/\/www.heldenhaushalt.de\/sari02\/wp-content\/uploads\/2019\/02\/sari-april2018.png","url":"https:\/\/www.heldenhaushalt.de\/sari02\/wp-content\/uploads\/2019\/02\/sari-april2018.png","contentUrl":"https:\/\/www.heldenhaushalt.de\/sari02\/wp-content\/uploads\/2019\/02\/sari-april2018.png","width":500,"height":500,"caption":"Sari"},"logo":{"@id":"https:\/\/www.heldenhaushalt.de\/sari02\/wp-content\/uploads\/2019\/02\/sari-april2018.png"},"description":"Frau Mondgras \u2013 Das bin ich, Sari. Gerne auch als Sari Mondgras bekannt und im Internet zu finden. 2-Fach-Mutter, Heldenehefrau, Kreativling, Harmonies\u00fcchtig und st\u00e4ndig auf der Suche nach Gl\u00fcck. Ich komme aus Berlin, bin hier aufgewachsen und lebe hier seit ich denken kann.","sameAs":["https:\/\/www.instagram.com\/heldenhaushalt\/"],"url":"https:\/\/www.heldenhaushalt.de\/sari02\/index.php\/author\/admin\/"}]}},"views":7772,"_links":{"self":[{"href":"https:\/\/www.heldenhaushalt.de\/sari02\/index.php\/wp-json\/wp\/v2\/posts\/36201","targetHints":{"allow":["GET"]}}],"collection":[{"href":"https:\/\/www.heldenhaushalt.de\/sari02\/index.php\/wp-json\/wp\/v2\/posts"}],"about":[{"href":"https:\/\/www.heldenhaushalt.de\/sari02\/index.php\/wp-json\/wp\/v2\/types\/post"}],"author":[{"embeddable":true,"href":"https:\/\/www.heldenhaushalt.de\/sari02\/index.php\/wp-json\/wp\/v2\/users\/1"}],"replies":[{"embeddable":true,"href":"https:\/\/www.heldenhaushalt.de\/sari02\/index.php\/wp-json\/wp\/v2\/comments?post=36201"}],"version-history":[{"count":1,"href":"https:\/\/www.heldenhaushalt.de\/sari02\/index.php\/wp-json\/wp\/v2\/posts\/36201\/revisions"}],"predecessor-version":[{"id":36251,"href":"https:\/\/www.heldenhaushalt.de\/sari02\/index.php\/wp-json\/wp\/v2\/posts\/36201\/revisions\/36251"}],"wp:featuredmedia":[{"embeddable":true,"href":"https:\/\/www.heldenhaushalt.de\/sari02\/index.php\/wp-json\/wp\/v2\/media\/36250"}],"wp:attachment":[{"href":"https:\/\/www.heldenhaushalt.de\/sari02\/index.php\/wp-json\/wp\/v2\/media?parent=36201"}],"wp:term":[{"taxonomy":"category","embeddable":true,"href":"https:\/\/www.heldenhaushalt.de\/sari02\/index.php\/wp-json\/wp\/v2\/categories?post=36201"},{"taxonomy":"post_tag","embeddable":true,"href":"https:\/\/www.heldenhaushalt.de\/sari02\/index.php\/wp-json\/wp\/v2\/tags?post=36201"}],"curies":[{"name":"wp","href":"https:\/\/api.w.org\/{rel}","templated":true}]}}