{"id":36443,"date":"2018-04-21T10:00:00","date_gmt":"2018-04-21T08:00:00","guid":{"rendered":"http:\/\/www.heldenhaushalt.de\/sari02\/?p=36443"},"modified":"2019-01-22T11:36:42","modified_gmt":"2019-01-22T10:36:42","slug":"kalle-und-elsa-rezension","status":"publish","type":"post","link":"https:\/\/www.heldenhaushalt.de\/sari02\/index.php\/2018\/04\/21\/kalle-und-elsa-rezension\/","title":{"rendered":"Kalle und Elsa von Jenny Werstin Verona und Jes\u00fas Verona #Rezension"},"content":{"rendered":"<p>Was tun, wenn der Kindergarten zu hat und man eigentlich schon mit allen Spielsachen im Zimmer gespielt hat? Na klar, man k&#246;nnte doch weglaufen, oder?<\/p>\n<p>Heute, am vorletzten Tag unserer Kinderbuch &#8211; Woche hier auf Heldenhaushalt m&#246;chte ich euch ein besonders sch&#246;nes Kinderbuch vorstellen. So manch einer hat es schon <a href=\"https:\/\/www.mintundmalve.ch\/single-post\/2018\/02\/18\/auf-ins-abenteuer\" target=\"_blank\" rel=\"noopener\">als Kinderbuch des Jahres betitelt<\/a> und ich finde, es bringt wirklich alles mit, um dem gerecht zu werden.&nbsp;<\/p>\n<h2>Kalle und Elsa laufen weg&#8230;<\/h2>\n<figure id=\"attachment_36502\" aria-describedby=\"caption-attachment-36502\" style=\"width: 238px\" class=\"wp-caption alignleft\"><img loading=\"lazy\" decoding=\"async\" class=\"wp-image-36502\" src=\"http:\/\/www.heldenhaushalt.de\/sari02\/wp-content\/uploads\/2018\/04\/kalle02.jpg\" alt=\"Kalle und Elsa\" width=\"238\" height=\"325\" srcset=\"https:\/\/www.heldenhaushalt.de\/sari02\/wp-content\/uploads\/2018\/04\/kalle02.jpg 800w, https:\/\/www.heldenhaushalt.de\/sari02\/wp-content\/uploads\/2018\/04\/kalle02-220x300.jpg 220w, https:\/\/www.heldenhaushalt.de\/sari02\/wp-content\/uploads\/2018\/04\/kalle02-768x1047.jpg 768w, https:\/\/www.heldenhaushalt.de\/sari02\/wp-content\/uploads\/2018\/04\/kalle02-751x1024.jpg 751w, https:\/\/www.heldenhaushalt.de\/sari02\/wp-content\/uploads\/2018\/04\/kalle02-600x818.jpg 600w\" sizes=\"auto, (max-width: 238px) 100vw, 238px\" \/><figcaption id=\"caption-attachment-36502\" class=\"wp-caption-text\">\u00a9 Bohem Press<\/figcaption><\/figure>\n<p>Ich glaube, jeder von uns hat in seinem Kinderleben bestimmt schon einmal gesagt &#8220;Dann laufe ich halt weg&#8221;, weil wir uns &#252;ber irgendetwas ge&#228;rgert haben, was Mama oder Papa gesagt haben. Jeder von uns hat bestimmt schon mal eine Tasche gepackt und gedacht, er w&#252;rde ernst machen. Aber kaum einer ist am Ende dann wirklich weg gelaufen, oder? Am Ende ist es dann doch am Sch&#246;nsten in den Armen der Eltern eingekuschelt zu sein.<\/p>\n<p>In dem schwedischen Kinderbuch rund um <a href=\"https:\/\/www.bohem.ch\/katalog\/kalle-und-elsa\/\" target=\"_blank\" rel=\"nofollow noopener\"><strong>Kalle und Elsa<\/strong><\/a> geht es aber nicht um dieses bekannte bockige Weglaufen, das wir als Kinder gerne mal angedroht haben, sondern Kalle und Elsa entfliehen dem langweiligen Alltag zu Hause und wollen ein Abenteuer erleben. Der Kindergarten hat an diesem Tag zu und Elsa ist zusammen mit Kalle bei ihm zu Hause. Das ist m&#246;glich, weil die Mama zu Hause arbeitet.<\/p>\n<h2>Was tun, wenn man schon mit allem verf&#252;gbaren Spielzeug gespielt hat?<\/h2>\n<p>Jedes Kind (und so mancher Erwachsener sicher auch noch) hat ein ganz wertvolles und m&#228;chtiges Werkzeug: Seine Phantasie! Mit dieser einzigartigen und gro&#223;en Macht kann einem niemals langweilig werden und so beschlie&#223;en die beiden Kinder, nachdem sie nichts mehr im Kinderzimmer finden, das ihnen Spa&#223; macht, weg zu laufen.&nbsp;<\/p>\n<p>Sie packen sich zwei Taschen voll mit allem m&#246;glichen Spielzeug, etwas zu essen und zu trinken und wagen den Schritt vor die Haust&#252;re hinein in den heimischen Garten von Kalles zu Hause.&nbsp;<\/p>\n<h2>Aus einem Apfelbaum wird eine Waffe und aus einem Wolf ein Krokodil<\/h2>\n<p>Mit Hilfe ihrer Phantasie brechen sie auf in ein spannendes Dschungelabenteuer, treffen einen gigantischen b&#246;sen Wolf und verteidigen sich vor einem Krokodil, in dem sie es mit vergifteten &#196;pfeln aus Kalles Garten f&#252;ttern. Sie bauen sich eine H&#252;tte und erleben das eine oder andere Abenteuer, bis sie am Ende genug weggelaufen sind und Mama kommt, um mit ihnen Spagetti zu essen.<\/p>\n<figure id=\"attachment_36503\" aria-describedby=\"caption-attachment-36503\" style=\"width: 1000px\" class=\"wp-caption aligncenter\"><img loading=\"lazy\" decoding=\"async\" class=\"wp-image-36503 size-full\" src=\"https:\/\/www.heldenhaushalt.de\/sari02\/wp-content\/uploads\/2018\/04\/kalle03.jpg\" alt=\"Kalle und Elsa\" width=\"1000\" height=\"635\" srcset=\"https:\/\/www.heldenhaushalt.de\/sari02\/wp-content\/uploads\/2018\/04\/kalle03.jpg 1000w, https:\/\/www.heldenhaushalt.de\/sari02\/wp-content\/uploads\/2018\/04\/kalle03-300x191.jpg 300w, https:\/\/www.heldenhaushalt.de\/sari02\/wp-content\/uploads\/2018\/04\/kalle03-768x488.jpg 768w, https:\/\/www.heldenhaushalt.de\/sari02\/wp-content\/uploads\/2018\/04\/kalle03-600x381.jpg 600w\" sizes=\"auto, (max-width: 1000px) 100vw, 1000px\" \/><figcaption id=\"caption-attachment-36503\" class=\"wp-caption-text\">\u00a9 Bohem Press<\/figcaption><\/figure>\n<h2>Phantasie ist etwas Wundervolles und dieses Buch zeigt uns das in strahlenden und kr&#228;ftigen Bildern.<\/h2>\n<p>Ihr wisst es, ein Buch f&#228;ngt mich ein, wenn die Bilder mit mir sprechen und das tut dieses Kinderbuch definitiv. Die Texte von&nbsp;Jenny Werstin Verona kombiniert mit den kr&#228;ftigen Bildern von Jes\u00fas Verona macht dieses Buch einerseits zu etwas sehr einfachen und gleichzeitig unglaublich starken. Die Texte sind simple gehalten und fast schon gar nicht wirklich aufregend, dabei aber doch auf den Punkt gebracht und irgendwie auch kindlich gehalten. Die Bilder sind das Aussagekr&#228;ftige in diesem Buch, denn sie strotzen vor Farbe und Details und k&#246;nnten die Geschichte meiner Meinung nach theoretisch auch ganz ohne Worte erz&#228;hlen.<\/p>\n<p>Eine wundervolle Geschichte &#252;ber Mut, Freundschaft und dem wichtigsten Werkzeug eines Kindes, der Phantasie. Erschienen ist es &#252;brigens im <a href=\"https:\/\/www.bohem.ch\/\" target=\"_blank\" rel=\"nofollow noopener\">Bohem Verlag<\/a>, wo auch <a href=\"http:\/\/www.heldenhaushalt.de\/sari02\/index.php\/2018\/04\/16\/krokodrillo-rezension\/\">Krokodrillo<\/a> sein zu Hause gefunden hat. Auf 32 vollfarbigen Seiten wird die Geschichte rund um Kalle und Elsa f&#252;r Kinder ab drei Jahren erz&#228;hlt. Ich bin aber der Meinung, dass die Illustrationen auch schon ganz kleinen Kinderaugen so viel zu bieten haben.<\/p>\n<p>Vielleicht hat dieses Buch wirklich Potential f&#252;r das Kinderbuch 2018, wer wei&#223;.<\/p>\n<p><img decoding=\"async\" class=\"alignright\" src=\"http:\/\/www.heldenhaushalt.de\/sari02\/wp-content\/uploads\/2015\/01\/sari-unter.jpg\" alt=\"Kalle und Elsa\"><\/p>\n<p>&nbsp;<\/p>\n<p>&nbsp;<\/p>\n<p><strong>Au&#223;erdem bei unserer Kinderbuch \u2013 Woche:<\/strong><\/p>\n<p><strong>Tag 01:<\/strong>&nbsp;<a href=\"http:\/\/www.heldenhaushalt.de\/sari02\/index.php\/2018\/04\/16\/krokodrillo-rezension\/\">Krokodrillo&nbsp;<\/a><br \/>\n<strong>Tag 02:<\/strong>&nbsp;<a href=\"http:\/\/www.heldenhaushalt.de\/sari02\/index.php\/2018\/04\/17\/die-heuhaufen-halunken-von-sven-gerhardt-rezension\/\">Die Heuhaufen \u2013 Halunken<\/a><br \/>\n<strong>Tag 03:&nbsp;<\/strong><a href=\"http:\/\/www.heldenhaushalt.de\/sari02\/?p=36445&amp;preview=true\">HABA Little Friends Bilder \u2013 und Vorleseb&#252;cher<\/a><br \/>\n<strong>Tag 04:<\/strong>&nbsp;<a href=\"http:\/\/kate-mclelland-rezension\/\">Ich erz&#228;hl dir die Welt \u2013 Naturgeschichten ohne Worte<\/a>&nbsp;<br \/>\nT<strong>ag 05:<\/strong>&nbsp;<a href=\"http:\/\/www.heldenhaushalt.de\/sari02\/index.php\/2018\/04\/20\/buecherturm-carlsen-rezension\/\" target=\"_blank\" rel=\"noopener\">Geschichten aus dem B&#252;cherturm&nbsp;<\/a><br \/>\n<strong>Tag 06:<\/strong> <a href=\"http:\/\/www.heldenhaushalt.de\/sari02\/?p=36443&amp;preview=true\">Kalle und Elsa<\/a><\/p>\n","protected":false},"excerpt":{"rendered":"<p>Was tun, wenn der Kindergarten zu hat und man eigentlich schon mit allen Spielsachen im Zimmer gespielt hat? Na klar, man k&#246;nnte doch weglaufen, oder? Heute, am vorletzten Tag unserer Kinderbuch &#8211; Woche hier auf Heldenhaushalt m&#246;chte ich euch ein besonders sch&#246;nes Kinderbuch vorstellen. So manch einer hat es schon als Kinderbuch des Jahres betitelt und ich finde, es bringt wirklich alles mit, um dem gerecht zu werden.&nbsp; Kalle und Elsa laufen weg&#8230; Ich glaube, jeder von uns hat in seinem Kinderleben bestimmt schon einmal gesagt &#8220;Dann laufe ich halt weg&#8221;, weil wir uns &#252;ber irgendetwas ge&#228;rgert haben, was Mama oder Papa gesagt haben. Jeder von uns hat bestimmt schon mal eine Tasche gepackt und gedacht, er w&#252;rde ernst machen. Aber kaum einer ist am Ende dann wirklich weg gelaufen, oder? Am Ende ist es dann doch am Sch&#246;nsten in den Armen der Eltern eingekuschelt zu sein. In dem schwedischen Kinderbuch rund um Kalle und Elsa geht es aber nicht um dieses bekannte bockige Weglaufen, das wir als Kinder gerne mal angedroht haben, sondern Kalle und Elsa entfliehen dem langweiligen Alltag zu Hause und wollen ein Abenteuer erleben. Der Kindergarten hat an diesem Tag zu und Elsa ist zusammen mit Kalle bei ihm zu Hause. Das ist m&#246;glich, weil die Mama zu Hause arbeitet. Was tun, wenn man schon mit allem verf&#252;gbaren Spielzeug gespielt hat? Jedes Kind (und so mancher Erwachsener sicher auch noch) hat ein ganz wertvolles und m&#228;chtiges Werkzeug: Seine Phantasie! Mit dieser einzigartigen und gro&#223;en Macht kann einem niemals langweilig werden und so beschlie&#223;en die beiden Kinder, nachdem sie nichts mehr im Kinderzimmer finden, das ihnen Spa&#223; macht, weg zu laufen.&nbsp; Sie packen sich zwei Taschen voll mit allem m&#246;glichen Spielzeug, etwas zu essen und zu trinken und wagen den Schritt vor die Haust&#252;re hinein in den heimischen Garten von Kalles zu Hause.&nbsp; Aus einem Apfelbaum wird eine Waffe und aus einem Wolf ein Krokodil Mit Hilfe ihrer Phantasie brechen sie auf in ein spannendes Dschungelabenteuer, treffen einen gigantischen b&#246;sen Wolf und verteidigen sich vor einem Krokodil, in dem sie es mit vergifteten &#196;pfeln aus Kalles Garten f&#252;ttern. Sie bauen sich eine H&#252;tte und erleben das eine oder andere Abenteuer, bis sie am Ende genug weggelaufen sind und Mama kommt, um mit ihnen Spagetti zu essen. Phantasie ist etwas Wundervolles und dieses Buch zeigt uns das in strahlenden und kr&#228;ftigen Bildern. Ihr wisst es, ein Buch f&#228;ngt mich ein, wenn die Bilder mit mir sprechen und das tut dieses Kinderbuch definitiv. Die Texte von&nbsp;Jenny Werstin Verona kombiniert mit den kr&#228;ftigen Bildern von Jes\u00fas Verona macht dieses Buch einerseits zu etwas sehr einfachen und gleichzeitig unglaublich starken. Die Texte sind simple gehalten und fast schon gar nicht wirklich aufregend, dabei aber doch auf den Punkt gebracht und irgendwie auch kindlich gehalten. Die Bilder sind das Aussagekr&#228;ftige in diesem Buch, denn sie strotzen vor Farbe und Details und k&#246;nnten die Geschichte meiner Meinung nach theoretisch auch ganz ohne Worte erz&#228;hlen. Eine wundervolle Geschichte &#252;ber Mut, Freundschaft und dem wichtigsten Werkzeug eines Kindes, der Phantasie. Erschienen ist es &#252;brigens im Bohem Verlag, wo auch Krokodrillo sein zu Hause gefunden hat. Auf 32 vollfarbigen Seiten wird die Geschichte rund um Kalle und Elsa f&#252;r Kinder ab drei Jahren erz&#228;hlt. Ich bin aber der Meinung, dass die Illustrationen auch schon ganz kleinen Kinderaugen so viel zu bieten haben. Vielleicht hat dieses Buch wirklich Potential f&#252;r das Kinderbuch 2018, wer wei&#223;. &nbsp; &nbsp; Au&#223;erdem bei unserer Kinderbuch \u2013 Woche: Tag 01:&nbsp;Krokodrillo&nbsp; Tag 02:&nbsp;Die Heuhaufen \u2013 Halunken Tag 03:&nbsp;HABA Little Friends Bilder \u2013 und Vorleseb&#252;cher Tag 04:&nbsp;Ich erz&#228;hl dir die Welt \u2013 Naturgeschichten ohne Worte&nbsp; Tag 05:&nbsp;Geschichten aus dem B&#252;cherturm&nbsp; Tag 06: Kalle und Elsa<\/p>\n","protected":false},"author":1,"featured_media":36501,"comment_status":"open","ping_status":"open","sticky":false,"template":"","format":"standard","meta":{"ngg_post_thumbnail":0,"footnotes":""},"categories":[1690,53],"tags":[1881,202,1889,438,732],"class_list":["post-36443","post","type-post","status-publish","format-standard","has-post-thumbnail","hentry","category-buecher","category-empfehlungen","tag-bohem-verlag","tag-empfehlung","tag-kalle-und-elsa","tag-kinderbuch","tag-rezension"],"yoast_head":"<!-- This site is optimized with the Yoast SEO plugin v27.5 - https:\/\/yoast.com\/product\/yoast-seo-wordpress\/ -->\n<title>Kalle und Elsa von Jenny Werstin Verona und Jes\u00fas Verona #Rezension<\/title>\n<meta name=\"description\" content=\"Kalle und Elsa laufen weg... Ich glaube, jeder von uns hat in seinem Kinderleben bestimmt schon einmal gesagt &quot;Dann laufe ich halt weg&quot;, weil wir uns \u00fcber irgendetwas ge\u00e4rgert haben, was Mama oder Papa gesagt haben.\" \/>\n<meta name=\"robots\" content=\"index, follow, max-snippet:-1, max-image-preview:large, max-video-preview:-1\" \/>\n<link rel=\"canonical\" href=\"https:\/\/www.heldenhaushalt.de\/sari02\/index.php\/2018\/04\/21\/kalle-und-elsa-rezension\/\" \/>\n<meta property=\"og:locale\" content=\"de_DE\" \/>\n<meta property=\"og:type\" content=\"article\" \/>\n<meta property=\"og:title\" content=\"Kalle und Elsa von Jenny Werstin Verona und Jes\u00fas Verona #Rezension\" \/>\n<meta property=\"og:description\" content=\"Kalle und Elsa laufen weg... Ich glaube, jeder von uns hat in seinem Kinderleben bestimmt schon einmal gesagt &quot;Dann laufe ich halt weg&quot;, weil wir uns \u00fcber irgendetwas ge\u00e4rgert haben, was Mama oder Papa gesagt haben.\" \/>\n<meta property=\"og:url\" content=\"https:\/\/www.heldenhaushalt.de\/sari02\/index.php\/2018\/04\/21\/kalle-und-elsa-rezension\/\" \/>\n<meta property=\"og:site_name\" content=\"Heldenhaushalt\" \/>\n<meta property=\"article:published_time\" content=\"2018-04-21T08:00:00+00:00\" \/>\n<meta property=\"article:modified_time\" content=\"2019-01-22T10:36:42+00:00\" \/>\n<meta property=\"og:image\" content=\"https:\/\/www.heldenhaushalt.de\/sari02\/wp-content\/uploads\/2018\/04\/kalle01.jpg\" \/>\n\t<meta property=\"og:image:width\" content=\"1000\" \/>\n\t<meta property=\"og:image:height\" content=\"625\" \/>\n\t<meta property=\"og:image:type\" content=\"image\/jpeg\" \/>\n<meta name=\"author\" content=\"Sari\" \/>\n<meta name=\"twitter:card\" content=\"summary_large_image\" \/>\n<meta name=\"twitter:creator\" content=\"@Heldenhaushalt\" \/>\n<meta name=\"twitter:site\" content=\"@Heldenhaushalt\" \/>\n<meta name=\"twitter:label1\" content=\"Verfasst von\" \/>\n\t<meta name=\"twitter:data1\" content=\"Sari\" \/>\n\t<meta name=\"twitter:label2\" content=\"Gesch\u00e4tzte Lesezeit\" \/>\n\t<meta name=\"twitter:data2\" content=\"3\u00a0Minuten\" \/>\n<script type=\"application\/ld+json\" class=\"yoast-schema-graph\">{\"@context\":\"https:\\\/\\\/schema.org\",\"@graph\":[{\"@type\":\"Article\",\"@id\":\"https:\\\/\\\/www.heldenhaushalt.de\\\/sari02\\\/index.php\\\/2018\\\/04\\\/21\\\/kalle-und-elsa-rezension\\\/#article\",\"isPartOf\":{\"@id\":\"https:\\\/\\\/www.heldenhaushalt.de\\\/sari02\\\/index.php\\\/2018\\\/04\\\/21\\\/kalle-und-elsa-rezension\\\/\"},\"author\":{\"name\":\"Sari\",\"@id\":\"https:\\\/\\\/www.heldenhaushalt.de\\\/sari02\\\/#\\\/schema\\\/person\\\/a1cc69f42a01f412eb62c151353814f6\"},\"headline\":\"Kalle und Elsa von Jenny Werstin Verona und Jes\u00fas Verona #Rezension\",\"datePublished\":\"2018-04-21T08:00:00+00:00\",\"dateModified\":\"2019-01-22T10:36:42+00:00\",\"mainEntityOfPage\":{\"@id\":\"https:\\\/\\\/www.heldenhaushalt.de\\\/sari02\\\/index.php\\\/2018\\\/04\\\/21\\\/kalle-und-elsa-rezension\\\/\"},\"wordCount\":677,\"commentCount\":2,\"publisher\":{\"@id\":\"https:\\\/\\\/www.heldenhaushalt.de\\\/sari02\\\/#\\\/schema\\\/person\\\/a1cc69f42a01f412eb62c151353814f6\"},\"image\":{\"@id\":\"https:\\\/\\\/www.heldenhaushalt.de\\\/sari02\\\/index.php\\\/2018\\\/04\\\/21\\\/kalle-und-elsa-rezension\\\/#primaryimage\"},\"thumbnailUrl\":\"https:\\\/\\\/www.heldenhaushalt.de\\\/sari02\\\/wp-content\\\/uploads\\\/2018\\\/04\\\/kalle01.jpg\",\"keywords\":[\"Bohem Verlag\",\"Empfehlung\",\"Kalle und Elsa\",\"Kinderbuch\",\"Rezension\"],\"articleSection\":[\"B\u00fccher\",\"Empfehlungen\"],\"inLanguage\":\"de\",\"potentialAction\":[{\"@type\":\"CommentAction\",\"name\":\"Comment\",\"target\":[\"https:\\\/\\\/www.heldenhaushalt.de\\\/sari02\\\/index.php\\\/2018\\\/04\\\/21\\\/kalle-und-elsa-rezension\\\/#respond\"]}]},{\"@type\":\"WebPage\",\"@id\":\"https:\\\/\\\/www.heldenhaushalt.de\\\/sari02\\\/index.php\\\/2018\\\/04\\\/21\\\/kalle-und-elsa-rezension\\\/\",\"url\":\"https:\\\/\\\/www.heldenhaushalt.de\\\/sari02\\\/index.php\\\/2018\\\/04\\\/21\\\/kalle-und-elsa-rezension\\\/\",\"name\":\"Kalle und Elsa von Jenny Werstin Verona und Jes\u00fas Verona #Rezension\",\"isPartOf\":{\"@id\":\"https:\\\/\\\/www.heldenhaushalt.de\\\/sari02\\\/#website\"},\"primaryImageOfPage\":{\"@id\":\"https:\\\/\\\/www.heldenhaushalt.de\\\/sari02\\\/index.php\\\/2018\\\/04\\\/21\\\/kalle-und-elsa-rezension\\\/#primaryimage\"},\"image\":{\"@id\":\"https:\\\/\\\/www.heldenhaushalt.de\\\/sari02\\\/index.php\\\/2018\\\/04\\\/21\\\/kalle-und-elsa-rezension\\\/#primaryimage\"},\"thumbnailUrl\":\"https:\\\/\\\/www.heldenhaushalt.de\\\/sari02\\\/wp-content\\\/uploads\\\/2018\\\/04\\\/kalle01.jpg\",\"datePublished\":\"2018-04-21T08:00:00+00:00\",\"dateModified\":\"2019-01-22T10:36:42+00:00\",\"description\":\"Kalle und Elsa laufen weg... Ich glaube, jeder von uns hat in seinem Kinderleben bestimmt schon einmal gesagt \\\"Dann laufe ich halt weg\\\", weil wir uns \u00fcber irgendetwas ge\u00e4rgert haben, was Mama oder Papa gesagt haben.\",\"breadcrumb\":{\"@id\":\"https:\\\/\\\/www.heldenhaushalt.de\\\/sari02\\\/index.php\\\/2018\\\/04\\\/21\\\/kalle-und-elsa-rezension\\\/#breadcrumb\"},\"inLanguage\":\"de\",\"potentialAction\":[{\"@type\":\"ReadAction\",\"target\":[\"https:\\\/\\\/www.heldenhaushalt.de\\\/sari02\\\/index.php\\\/2018\\\/04\\\/21\\\/kalle-und-elsa-rezension\\\/\"]}]},{\"@type\":\"ImageObject\",\"inLanguage\":\"de\",\"@id\":\"https:\\\/\\\/www.heldenhaushalt.de\\\/sari02\\\/index.php\\\/2018\\\/04\\\/21\\\/kalle-und-elsa-rezension\\\/#primaryimage\",\"url\":\"https:\\\/\\\/www.heldenhaushalt.de\\\/sari02\\\/wp-content\\\/uploads\\\/2018\\\/04\\\/kalle01.jpg\",\"contentUrl\":\"https:\\\/\\\/www.heldenhaushalt.de\\\/sari02\\\/wp-content\\\/uploads\\\/2018\\\/04\\\/kalle01.jpg\",\"width\":1000,\"height\":625,\"caption\":\"Kalle und Elsa\"},{\"@type\":\"BreadcrumbList\",\"@id\":\"https:\\\/\\\/www.heldenhaushalt.de\\\/sari02\\\/index.php\\\/2018\\\/04\\\/21\\\/kalle-und-elsa-rezension\\\/#breadcrumb\",\"itemListElement\":[{\"@type\":\"ListItem\",\"position\":1,\"name\":\"Startseite\",\"item\":\"https:\\\/\\\/www.heldenhaushalt.de\\\/sari02\\\/\"},{\"@type\":\"ListItem\",\"position\":2,\"name\":\"Kalle und Elsa von Jenny Werstin Verona und Jes\u00fas Verona #Rezension\"}]},{\"@type\":\"WebSite\",\"@id\":\"https:\\\/\\\/www.heldenhaushalt.de\\\/sari02\\\/#website\",\"url\":\"https:\\\/\\\/www.heldenhaushalt.de\\\/sari02\\\/\",\"name\":\"Heldenhaushalt\",\"description\":\"Wer es ordentlich haben will, der muss vorher anrufen\",\"publisher\":{\"@id\":\"https:\\\/\\\/www.heldenhaushalt.de\\\/sari02\\\/#\\\/schema\\\/person\\\/a1cc69f42a01f412eb62c151353814f6\"},\"potentialAction\":[{\"@type\":\"SearchAction\",\"target\":{\"@type\":\"EntryPoint\",\"urlTemplate\":\"https:\\\/\\\/www.heldenhaushalt.de\\\/sari02\\\/?s={search_term_string}\"},\"query-input\":{\"@type\":\"PropertyValueSpecification\",\"valueRequired\":true,\"valueName\":\"search_term_string\"}}],\"inLanguage\":\"de\"},{\"@type\":[\"Person\",\"Organization\"],\"@id\":\"https:\\\/\\\/www.heldenhaushalt.de\\\/sari02\\\/#\\\/schema\\\/person\\\/a1cc69f42a01f412eb62c151353814f6\",\"name\":\"Sari\",\"image\":{\"@type\":\"ImageObject\",\"inLanguage\":\"de\",\"@id\":\"https:\\\/\\\/www.heldenhaushalt.de\\\/sari02\\\/wp-content\\\/uploads\\\/2019\\\/02\\\/sari-april2018.png\",\"url\":\"https:\\\/\\\/www.heldenhaushalt.de\\\/sari02\\\/wp-content\\\/uploads\\\/2019\\\/02\\\/sari-april2018.png\",\"contentUrl\":\"https:\\\/\\\/www.heldenhaushalt.de\\\/sari02\\\/wp-content\\\/uploads\\\/2019\\\/02\\\/sari-april2018.png\",\"width\":500,\"height\":500,\"caption\":\"Sari\"},\"logo\":{\"@id\":\"https:\\\/\\\/www.heldenhaushalt.de\\\/sari02\\\/wp-content\\\/uploads\\\/2019\\\/02\\\/sari-april2018.png\"},\"description\":\"Frau Mondgras \u2013 Das bin ich, Sari. Gerne auch als Sari Mondgras bekannt und im Internet zu finden. 2-Fach-Mutter, Heldenehefrau, Kreativling, Harmonies\u00fcchtig und st\u00e4ndig auf der Suche nach Gl\u00fcck. Ich komme aus Berlin, bin hier aufgewachsen und lebe hier seit ich denken kann.\",\"sameAs\":[\"https:\\\/\\\/www.instagram.com\\\/heldenhaushalt\\\/\"],\"url\":\"https:\\\/\\\/www.heldenhaushalt.de\\\/sari02\\\/index.php\\\/author\\\/admin\\\/\"}]}<\/script>\n<!-- \/ Yoast SEO plugin. -->","yoast_head_json":{"title":"Kalle und Elsa von Jenny Werstin Verona und Jes\u00fas Verona #Rezension","description":"Kalle und Elsa laufen weg... Ich glaube, jeder von uns hat in seinem Kinderleben bestimmt schon einmal gesagt \"Dann laufe ich halt weg\", weil wir uns \u00fcber irgendetwas ge\u00e4rgert haben, was Mama oder Papa gesagt haben.","robots":{"index":"index","follow":"follow","max-snippet":"max-snippet:-1","max-image-preview":"max-image-preview:large","max-video-preview":"max-video-preview:-1"},"canonical":"https:\/\/www.heldenhaushalt.de\/sari02\/index.php\/2018\/04\/21\/kalle-und-elsa-rezension\/","og_locale":"de_DE","og_type":"article","og_title":"Kalle und Elsa von Jenny Werstin Verona und Jes\u00fas Verona #Rezension","og_description":"Kalle und Elsa laufen weg... Ich glaube, jeder von uns hat in seinem Kinderleben bestimmt schon einmal gesagt \"Dann laufe ich halt weg\", weil wir uns \u00fcber irgendetwas ge\u00e4rgert haben, was Mama oder Papa gesagt haben.","og_url":"https:\/\/www.heldenhaushalt.de\/sari02\/index.php\/2018\/04\/21\/kalle-und-elsa-rezension\/","og_site_name":"Heldenhaushalt","article_published_time":"2018-04-21T08:00:00+00:00","article_modified_time":"2019-01-22T10:36:42+00:00","og_image":[{"width":1000,"height":625,"url":"https:\/\/www.heldenhaushalt.de\/sari02\/wp-content\/uploads\/2018\/04\/kalle01.jpg","type":"image\/jpeg"}],"author":"Sari","twitter_card":"summary_large_image","twitter_creator":"@Heldenhaushalt","twitter_site":"@Heldenhaushalt","twitter_misc":{"Verfasst von":"Sari","Gesch\u00e4tzte Lesezeit":"3\u00a0Minuten"},"schema":{"@context":"https:\/\/schema.org","@graph":[{"@type":"Article","@id":"https:\/\/www.heldenhaushalt.de\/sari02\/index.php\/2018\/04\/21\/kalle-und-elsa-rezension\/#article","isPartOf":{"@id":"https:\/\/www.heldenhaushalt.de\/sari02\/index.php\/2018\/04\/21\/kalle-und-elsa-rezension\/"},"author":{"name":"Sari","@id":"https:\/\/www.heldenhaushalt.de\/sari02\/#\/schema\/person\/a1cc69f42a01f412eb62c151353814f6"},"headline":"Kalle und Elsa von Jenny Werstin Verona und Jes\u00fas Verona #Rezension","datePublished":"2018-04-21T08:00:00+00:00","dateModified":"2019-01-22T10:36:42+00:00","mainEntityOfPage":{"@id":"https:\/\/www.heldenhaushalt.de\/sari02\/index.php\/2018\/04\/21\/kalle-und-elsa-rezension\/"},"wordCount":677,"commentCount":2,"publisher":{"@id":"https:\/\/www.heldenhaushalt.de\/sari02\/#\/schema\/person\/a1cc69f42a01f412eb62c151353814f6"},"image":{"@id":"https:\/\/www.heldenhaushalt.de\/sari02\/index.php\/2018\/04\/21\/kalle-und-elsa-rezension\/#primaryimage"},"thumbnailUrl":"https:\/\/www.heldenhaushalt.de\/sari02\/wp-content\/uploads\/2018\/04\/kalle01.jpg","keywords":["Bohem Verlag","Empfehlung","Kalle und Elsa","Kinderbuch","Rezension"],"articleSection":["B\u00fccher","Empfehlungen"],"inLanguage":"de","potentialAction":[{"@type":"CommentAction","name":"Comment","target":["https:\/\/www.heldenhaushalt.de\/sari02\/index.php\/2018\/04\/21\/kalle-und-elsa-rezension\/#respond"]}]},{"@type":"WebPage","@id":"https:\/\/www.heldenhaushalt.de\/sari02\/index.php\/2018\/04\/21\/kalle-und-elsa-rezension\/","url":"https:\/\/www.heldenhaushalt.de\/sari02\/index.php\/2018\/04\/21\/kalle-und-elsa-rezension\/","name":"Kalle und Elsa von Jenny Werstin Verona und Jes\u00fas Verona #Rezension","isPartOf":{"@id":"https:\/\/www.heldenhaushalt.de\/sari02\/#website"},"primaryImageOfPage":{"@id":"https:\/\/www.heldenhaushalt.de\/sari02\/index.php\/2018\/04\/21\/kalle-und-elsa-rezension\/#primaryimage"},"image":{"@id":"https:\/\/www.heldenhaushalt.de\/sari02\/index.php\/2018\/04\/21\/kalle-und-elsa-rezension\/#primaryimage"},"thumbnailUrl":"https:\/\/www.heldenhaushalt.de\/sari02\/wp-content\/uploads\/2018\/04\/kalle01.jpg","datePublished":"2018-04-21T08:00:00+00:00","dateModified":"2019-01-22T10:36:42+00:00","description":"Kalle und Elsa laufen weg... Ich glaube, jeder von uns hat in seinem Kinderleben bestimmt schon einmal gesagt \"Dann laufe ich halt weg\", weil wir uns \u00fcber irgendetwas ge\u00e4rgert haben, was Mama oder Papa gesagt haben.","breadcrumb":{"@id":"https:\/\/www.heldenhaushalt.de\/sari02\/index.php\/2018\/04\/21\/kalle-und-elsa-rezension\/#breadcrumb"},"inLanguage":"de","potentialAction":[{"@type":"ReadAction","target":["https:\/\/www.heldenhaushalt.de\/sari02\/index.php\/2018\/04\/21\/kalle-und-elsa-rezension\/"]}]},{"@type":"ImageObject","inLanguage":"de","@id":"https:\/\/www.heldenhaushalt.de\/sari02\/index.php\/2018\/04\/21\/kalle-und-elsa-rezension\/#primaryimage","url":"https:\/\/www.heldenhaushalt.de\/sari02\/wp-content\/uploads\/2018\/04\/kalle01.jpg","contentUrl":"https:\/\/www.heldenhaushalt.de\/sari02\/wp-content\/uploads\/2018\/04\/kalle01.jpg","width":1000,"height":625,"caption":"Kalle und Elsa"},{"@type":"BreadcrumbList","@id":"https:\/\/www.heldenhaushalt.de\/sari02\/index.php\/2018\/04\/21\/kalle-und-elsa-rezension\/#breadcrumb","itemListElement":[{"@type":"ListItem","position":1,"name":"Startseite","item":"https:\/\/www.heldenhaushalt.de\/sari02\/"},{"@type":"ListItem","position":2,"name":"Kalle und Elsa von Jenny Werstin Verona und Jes\u00fas Verona #Rezension"}]},{"@type":"WebSite","@id":"https:\/\/www.heldenhaushalt.de\/sari02\/#website","url":"https:\/\/www.heldenhaushalt.de\/sari02\/","name":"Heldenhaushalt","description":"Wer es ordentlich haben will, der muss vorher anrufen","publisher":{"@id":"https:\/\/www.heldenhaushalt.de\/sari02\/#\/schema\/person\/a1cc69f42a01f412eb62c151353814f6"},"potentialAction":[{"@type":"SearchAction","target":{"@type":"EntryPoint","urlTemplate":"https:\/\/www.heldenhaushalt.de\/sari02\/?s={search_term_string}"},"query-input":{"@type":"PropertyValueSpecification","valueRequired":true,"valueName":"search_term_string"}}],"inLanguage":"de"},{"@type":["Person","Organization"],"@id":"https:\/\/www.heldenhaushalt.de\/sari02\/#\/schema\/person\/a1cc69f42a01f412eb62c151353814f6","name":"Sari","image":{"@type":"ImageObject","inLanguage":"de","@id":"https:\/\/www.heldenhaushalt.de\/sari02\/wp-content\/uploads\/2019\/02\/sari-april2018.png","url":"https:\/\/www.heldenhaushalt.de\/sari02\/wp-content\/uploads\/2019\/02\/sari-april2018.png","contentUrl":"https:\/\/www.heldenhaushalt.de\/sari02\/wp-content\/uploads\/2019\/02\/sari-april2018.png","width":500,"height":500,"caption":"Sari"},"logo":{"@id":"https:\/\/www.heldenhaushalt.de\/sari02\/wp-content\/uploads\/2019\/02\/sari-april2018.png"},"description":"Frau Mondgras \u2013 Das bin ich, Sari. Gerne auch als Sari Mondgras bekannt und im Internet zu finden. 2-Fach-Mutter, Heldenehefrau, Kreativling, Harmonies\u00fcchtig und st\u00e4ndig auf der Suche nach Gl\u00fcck. Ich komme aus Berlin, bin hier aufgewachsen und lebe hier seit ich denken kann.","sameAs":["https:\/\/www.instagram.com\/heldenhaushalt\/"],"url":"https:\/\/www.heldenhaushalt.de\/sari02\/index.php\/author\/admin\/"}]}},"views":6182,"_links":{"self":[{"href":"https:\/\/www.heldenhaushalt.de\/sari02\/index.php\/wp-json\/wp\/v2\/posts\/36443","targetHints":{"allow":["GET"]}}],"collection":[{"href":"https:\/\/www.heldenhaushalt.de\/sari02\/index.php\/wp-json\/wp\/v2\/posts"}],"about":[{"href":"https:\/\/www.heldenhaushalt.de\/sari02\/index.php\/wp-json\/wp\/v2\/types\/post"}],"author":[{"embeddable":true,"href":"https:\/\/www.heldenhaushalt.de\/sari02\/index.php\/wp-json\/wp\/v2\/users\/1"}],"replies":[{"embeddable":true,"href":"https:\/\/www.heldenhaushalt.de\/sari02\/index.php\/wp-json\/wp\/v2\/comments?post=36443"}],"version-history":[{"count":3,"href":"https:\/\/www.heldenhaushalt.de\/sari02\/index.php\/wp-json\/wp\/v2\/posts\/36443\/revisions"}],"predecessor-version":[{"id":43813,"href":"https:\/\/www.heldenhaushalt.de\/sari02\/index.php\/wp-json\/wp\/v2\/posts\/36443\/revisions\/43813"}],"wp:featuredmedia":[{"embeddable":true,"href":"https:\/\/www.heldenhaushalt.de\/sari02\/index.php\/wp-json\/wp\/v2\/media\/36501"}],"wp:attachment":[{"href":"https:\/\/www.heldenhaushalt.de\/sari02\/index.php\/wp-json\/wp\/v2\/media?parent=36443"}],"wp:term":[{"taxonomy":"category","embeddable":true,"href":"https:\/\/www.heldenhaushalt.de\/sari02\/index.php\/wp-json\/wp\/v2\/categories?post=36443"},{"taxonomy":"post_tag","embeddable":true,"href":"https:\/\/www.heldenhaushalt.de\/sari02\/index.php\/wp-json\/wp\/v2\/tags?post=36443"}],"curies":[{"name":"wp","href":"https:\/\/api.w.org\/{rel}","templated":true}]}}