{"id":39314,"date":"2018-06-29T10:00:50","date_gmt":"2018-06-29T08:00:50","guid":{"rendered":"https:\/\/www.heldenhaushalt.de\/sari02\/?p=39314"},"modified":"2018-06-29T14:35:39","modified_gmt":"2018-06-29T12:35:39","slug":"freitags5-5-tage-5-fotos-im-juni-05-2","status":"publish","type":"post","link":"https:\/\/www.heldenhaushalt.de\/sari02\/index.php\/2018\/06\/29\/freitags5-5-tage-5-fotos-im-juni-05-2\/","title":{"rendered":"#Freitags5 \u2013 5 Tage 5 Fotos im Juni #05"},"content":{"rendered":"<p><small>*Werbung*&nbsp;Der folgende Artikel enth&#228;lt evtl. Bilder mit Produkten, die wir in unserem Alltag nutzen. Wir haben keine Bezahlung f&#252;r das Zeigen derselbigen erhalten.<\/small><\/p>\n<p>Heute erwartet uns mal Fu&#223;ball der anderen Art. Heute findet n&#228;mlich in der Schule ein Turnier zwischen den einzelnen Klassen statt und der Miniheld ist schon extrem aufgeregt deswegen. Eine vollkommen neue Herausforderung f&#252;r ihn, denn dieses Mal steht tats&#228;chlich einfach mal nur Spa&#223; mit den Klassenkameraden im Vordergrund. Im Laufe der Woche wurde ja dann auch das Wetter wieder sch&#246;ner und die Stimmung besser. Gut, der Mittwoch und das Ausscheiden der deutschen Mannschaft haben das Ganze zwar wieder ein bisschen getr&#252;bt, aber was solls&#8230;.<\/p>\n<p style=\"text-align: center;\">***<\/p>\n<h2>Meine #Freitags5 #Freitagslieblinge<\/h2>\n<p><img loading=\"lazy\" decoding=\"async\" class=\"alignnone size-full wp-image-39316\" src=\"https:\/\/www.heldenhaushalt.de\/sari02\/wp-content\/uploads\/2018\/06\/18-25-01.jpg\" alt=\"#Freitags5\" width=\"1000\" height=\"978\" srcset=\"https:\/\/www.heldenhaushalt.de\/sari02\/wp-content\/uploads\/2018\/06\/18-25-01.jpg 1000w, https:\/\/www.heldenhaushalt.de\/sari02\/wp-content\/uploads\/2018\/06\/18-25-01-300x293.jpg 300w, https:\/\/www.heldenhaushalt.de\/sari02\/wp-content\/uploads\/2018\/06\/18-25-01-768x751.jpg 768w\" sizes=\"auto, (max-width: 1000px) 100vw, 1000px\" \/><\/p>\n<p><strong>Meine Lieblingslekt&#252;re der Woche \u2013&nbsp;<\/strong>&nbsp;Ich plane f&#252;r den Juli noch einmal eine Kinderbuch &#8211; Woche f&#252;r euch und bin schon flei&#223;ig am Recherchieren mit Hilfe der Kinder, welche 7 B&#252;cher es dieses Mal werden sollen. Habt ihr irgendwelche W&#252;nsche oder Anregungen f&#252;r uns? Die Kinder haben auf jeden Fall schon den einen oder anderen Favoriten f&#252;r euch herausgesucht.<\/p>\n<p style=\"text-align: center;\">***<\/p>\n<p><img loading=\"lazy\" decoding=\"async\" class=\"alignnone size-full wp-image-39317\" src=\"https:\/\/www.heldenhaushalt.de\/sari02\/wp-content\/uploads\/2018\/06\/18-25-02.jpg\" alt=\"#Freitags5\" width=\"1000\" height=\"1000\" srcset=\"https:\/\/www.heldenhaushalt.de\/sari02\/wp-content\/uploads\/2018\/06\/18-25-02.jpg 1000w, https:\/\/www.heldenhaushalt.de\/sari02\/wp-content\/uploads\/2018\/06\/18-25-02-150x150.jpg 150w, https:\/\/www.heldenhaushalt.de\/sari02\/wp-content\/uploads\/2018\/06\/18-25-02-300x300.jpg 300w, https:\/\/www.heldenhaushalt.de\/sari02\/wp-content\/uploads\/2018\/06\/18-25-02-768x768.jpg 768w, https:\/\/www.heldenhaushalt.de\/sari02\/wp-content\/uploads\/2018\/06\/18-25-02-660x660.jpg 660w, https:\/\/www.heldenhaushalt.de\/sari02\/wp-content\/uploads\/2018\/06\/18-25-02-373x373.jpg 373w\" sizes=\"auto, (max-width: 1000px) 100vw, 1000px\" \/><\/p>\n<p><b>Mein Lieblingsessen der Woche \u2013&nbsp; <\/b>Da ich euch ja <a href=\"https:\/\/www.heldenhaushalt.de\/sari02\/index.php\/2018\/06\/28\/ueberbackene-zucchin\/\">die &#252;berbackene Zucchini&nbsp;bereits gestern<\/a> gezeigt habe samt Rezept, zeige ich euch heute etwas anderes, was ich diese Woche neu ausprobiert habe. Und zwar habe ich mir zum Fr&#252;hst&#252;ck eine Sch&#252;ssel mit Vanille Skyr, Haferflocken und Nektarine gemacht. Das ergibt pi mal Daumen ungef&#228;hr 221 kcal und ist schon ziemlich s&#228;ttigend. Die Konsistenz vom Skyr fand ich etwas befremdlich am Anfang, aber kann man ganz gut essen so.<\/p>\n<p style=\"text-align: center;\">***<\/p>\n<p><img loading=\"lazy\" decoding=\"async\" class=\"alignnone size-full wp-image-39319\" src=\"https:\/\/www.heldenhaushalt.de\/sari02\/wp-content\/uploads\/2018\/06\/18-25-04.jpg\" alt=\"#Freitags5\" width=\"1000\" height=\"978\" srcset=\"https:\/\/www.heldenhaushalt.de\/sari02\/wp-content\/uploads\/2018\/06\/18-25-04.jpg 1000w, https:\/\/www.heldenhaushalt.de\/sari02\/wp-content\/uploads\/2018\/06\/18-25-04-300x293.jpg 300w, https:\/\/www.heldenhaushalt.de\/sari02\/wp-content\/uploads\/2018\/06\/18-25-04-768x751.jpg 768w\" sizes=\"auto, (max-width: 1000px) 100vw, 1000px\" \/><\/p>\n<p><strong>Meilensteine der Kinder&nbsp;<\/strong>\u2013&nbsp; Urgs&#8230; diese Woche war Abschiedsfest in der Schule bzw. Abschiedspicknick f&#252;r alle Kinder, die nach den Ferien in die dritte Klasse kommen und damit auch f&#252;r den Minihelden. Das war ein ziemlich emotionaler und schwieriger Nachmittag f&#252;r ihn, denn er hat in diesem Jahr seine Lehrerin sehr ins Herz geschlossen und leidet ein wenig darunter, dass er nun eine neue bekommen wird. Gleichzeitig freut er sich aber auch schon sehr auf das neue Jahr mit seinen Freunden. Am Dienstag war Studientag in der Schule, so dass ich beide Kinder zu Hause hatte. Am Nachmittag ging es dann zum Training, nachdem wir den Vormittag recht ruhig gemacht haben.&nbsp; Aber am meisten mitgenommen hat den gro&#223;en Sohn wohl der Flop am Mittwoch. Bis zuletzt hatte er gehofft, dass sich das Ergebnis noch ver&#228;ndern w&#252;rde, aber sind wir doch mal ehrlich: Verdient verloren. Das akzeptierte der Miniheld am Ende dann auch. So als Fu&#223;baller kann er das durchaus nachvollziehen *lach*. Nun m&#246;chte er anhand der Leistungen der anderen Mannschaften entscheiden, f&#252;r wen er dann als n&#228;chstes ist. Ich bin ja irgendwie bei Schweden&#8230;<\/p>\n<p style=\"text-align: center;\">***<\/p>\n<p><img loading=\"lazy\" decoding=\"async\" class=\"alignnone size-full wp-image-39320\" src=\"https:\/\/www.heldenhaushalt.de\/sari02\/wp-content\/uploads\/2018\/06\/18-25-05.jpg\" alt=\"#Freitags5\" width=\"1000\" height=\"1000\" srcset=\"https:\/\/www.heldenhaushalt.de\/sari02\/wp-content\/uploads\/2018\/06\/18-25-05.jpg 1000w, https:\/\/www.heldenhaushalt.de\/sari02\/wp-content\/uploads\/2018\/06\/18-25-05-150x150.jpg 150w, https:\/\/www.heldenhaushalt.de\/sari02\/wp-content\/uploads\/2018\/06\/18-25-05-300x300.jpg 300w, https:\/\/www.heldenhaushalt.de\/sari02\/wp-content\/uploads\/2018\/06\/18-25-05-768x768.jpg 768w, https:\/\/www.heldenhaushalt.de\/sari02\/wp-content\/uploads\/2018\/06\/18-25-05-660x660.jpg 660w, https:\/\/www.heldenhaushalt.de\/sari02\/wp-content\/uploads\/2018\/06\/18-25-05-373x373.jpg 373w\" sizes=\"auto, (max-width: 1000px) 100vw, 1000px\" \/><\/p>\n<p><strong>Was Mama bewegt hat<\/strong>&nbsp; \u2013&nbsp; Da war es auf einmal, dieses Erfolgserlebnis. Entgegen dem Vorhaben mich immer freitags auf die Waage zu stellen, stellte ich mich am Dienstag rauf, nachdem man mich darauf hinwies, dass ich so sportlich aussehen w&#252;rde. Ja, an dem Tag f&#252;hlte ich mich einfach gut, also wagte ich es einfach. So kurz nach dem Wochenende, wo es Chips und Popcorn gab rechnete ich mit allem, aber nicht damit, dass nochmal 600 gr runter waren. Huch?! Ein Blick <a href=\"https:\/\/www.heldenhaushalt.de\/sari02\/wp-content\/uploads\/2018\/06\/18-25-03.jpg\" target=\"_blank\" rel=\"noopener\">auf ein Vorher &#8211; Bild im April<\/a> zeigte mir dann aber doch den kleinen, aber feinen Unterschied. Der K&#246;rper hat sich ein bisschen geformt. Insgesamt sind es nun seit April 3 Kilo knapp, was sich so erst einmal nicht viel anh&#246;rt, aber mit parallelen Training, mehr Obst, Gem&#252;se und Wasser durchaus Ver&#228;nderungen bewirken kann. Juchuuu&#8230; Das st&#228;rkt das Ego enorm und ich habe das Gef&#252;hl so langsam aus meinem Selbsthass &#8211; Loch heraus zu finden. Hat ja auch lange genug gedauert, oder? Ich &#8220;stolzierte&#8221; den Rest des Tages mit einem megam&#228;&#223;igen Selbstbewusstsein herum und das f&#252;hlt sich gut an, sich in seiner Haut langsam wieder wohler f&#252;hlen zu k&#246;nnen.&nbsp;Wie passend, dass ich ausgerechnet dann auch einen Friseur &#8211; Termin hatte, um meine Haare wieder in Form bringen zu lassen. Da ihr da durchaus Interesse dran gezeigt habt, m&#246;chte ich mal schauen, ob ich die Kleinigkeiten, die ich in meinem Alltag ver&#228;ndert habe, mit euch teilen kann.&nbsp;<\/p>\n<p style=\"text-align: center;\">***<\/p>\n<p><img loading=\"lazy\" decoding=\"async\" class=\"alignnone size-full wp-image-39321\" src=\"https:\/\/www.heldenhaushalt.de\/sari02\/wp-content\/uploads\/2018\/06\/18-25-06.jpg\" alt=\"#Freitags5\" width=\"1000\" height=\"959\" srcset=\"https:\/\/www.heldenhaushalt.de\/sari02\/wp-content\/uploads\/2018\/06\/18-25-06.jpg 1000w, https:\/\/www.heldenhaushalt.de\/sari02\/wp-content\/uploads\/2018\/06\/18-25-06-300x288.jpg 300w, https:\/\/www.heldenhaushalt.de\/sari02\/wp-content\/uploads\/2018\/06\/18-25-06-768x737.jpg 768w\" sizes=\"auto, (max-width: 1000px) 100vw, 1000px\" \/><\/p>\n<p><strong>Empfehlungen und Entdeckungen der Woche<\/strong>&nbsp;\u2013&nbsp; Ich hadere immer ein bisschen mit mir&#8230; darf ich euch bei all dem Chaos derzeit &#252;berhaupt noch andere Blogs empfehlen? Dabei finde ich dieses Vernetzen so unglaublich wichtig? Ich m&#246;chte euch gerne erz&#228;hlen und zeigen, dass ich mich diese Woche mit meiner Freundin zum Sticker und Klebeband tauschen f&#252;r unsere Planer getroffen habe, dass es toll war sich gegenseitig so zu inspirieren. Allgemein sind wir Inspiration f&#252;reinander und ich finde es so furchtbar, dass wir darin mehr und mehr beschnitten und eingeschr&#228;nkt werden. Mal sehen, wie sich das entwickelt. Heute dann aber trotzdem sch&#246;ne Beitr&#228;ge aus der Blogsph&#228;re:&nbsp; <a href=\"https:\/\/kunecoco.de\/2018\/06\/rezept-suesse-schweineohren.html\" target=\"_blank\" rel=\"noopener\">S&#252;&#223;e Schweineohren<\/a> &#8211; <a href=\"https:\/\/kunecoco.de\/2018\/06\/diy-fimo-usb-stick.html\" target=\"_blank\" rel=\"noopener\">Fimo USB Stick<\/a> &#8211; <a href=\"https:\/\/www.tollabea.de\/niedliche-sommerkaefer-aus-papier-selber-basteln\/\" target=\"_blank\" rel=\"noopener\">Sommerk&#228;fer aus Papier<\/a> &#8211; <a href=\"https:\/\/kleinstyle.com\/2018\/06\/22\/familien-sommer-40-ideen-fuer-einzigartige-schulferien-daheim\/\" target=\"_blank\" rel=\"noopener\">40 Ideen f&#252;r einzigartige Sommerferien<\/a><\/p>\n<p style=\"text-align: center;\">***<\/p>\n<p>Auf mich kommt nochmal Fu&#223;ball dieses Wochenende zu. Eine Schulung. Aber danach haben wir erst einmal bis August Ruhe und dann stehen ja auch die ersten Sommerferien f&#252;r uns ins Haus. Mehr bildhafte #Freitags5 R&#252;ckblicke gibt es auch heute wieder bei&nbsp;<a href=\"https:\/\/berlinmittemom.com\/fast-ferien-6-freitagslieblinge-am-29-juni-2018\/\">BerlinMtteMom<\/a>.<\/p>\n<p><img decoding=\"async\" class=\"alignright\" src=\"https:\/\/www.heldenhaushalt.de\/sari02\/wp-content\/uploads\/2018\/04\/sari-unter.jpg\"><\/p>\n<div id=\"wp_rp_first\" class=\"wp_rp_wrap wp_rp_vertical\">\n<div class=\"wp_rp_content\">\n<h3 class=\"related_post_title\">&nbsp;<\/h3>\n<\/div>\n<\/div>\n","protected":false},"excerpt":{"rendered":"<p>*Werbung*&nbsp;Der folgende Artikel enth&#228;lt evtl. Bilder mit Produkten, die wir in unserem Alltag nutzen. Wir haben keine Bezahlung f&#252;r das Zeigen derselbigen erhalten. Heute erwartet uns mal Fu&#223;ball der anderen Art. Heute findet n&#228;mlich in der Schule ein Turnier zwischen den einzelnen Klassen statt und der Miniheld ist schon extrem aufgeregt deswegen. Eine vollkommen neue Herausforderung f&#252;r ihn, denn dieses Mal steht tats&#228;chlich einfach mal nur Spa&#223; mit den Klassenkameraden im Vordergrund. Im Laufe der Woche wurde ja dann auch das Wetter wieder sch&#246;ner und die Stimmung besser. Gut, der Mittwoch und das Ausscheiden der deutschen Mannschaft haben das Ganze zwar wieder ein bisschen getr&#252;bt, aber was solls&#8230;. *** Meine #Freitags5 #Freitagslieblinge Meine Lieblingslekt&#252;re der Woche \u2013&nbsp;&nbsp;Ich plane f&#252;r den Juli noch einmal eine Kinderbuch &#8211; Woche f&#252;r euch und bin schon flei&#223;ig am Recherchieren mit Hilfe der Kinder, welche 7 B&#252;cher es dieses Mal werden sollen. Habt ihr irgendwelche W&#252;nsche oder Anregungen f&#252;r uns? Die Kinder haben auf jeden Fall schon den einen oder anderen Favoriten f&#252;r euch herausgesucht. *** Mein Lieblingsessen der Woche \u2013&nbsp; Da ich euch ja die &#252;berbackene Zucchini&nbsp;bereits gestern gezeigt habe samt Rezept, zeige ich euch heute etwas anderes, was ich diese Woche neu ausprobiert habe. Und zwar habe ich mir zum Fr&#252;hst&#252;ck eine Sch&#252;ssel mit Vanille Skyr, Haferflocken und Nektarine gemacht. Das ergibt pi mal Daumen ungef&#228;hr 221 kcal und ist schon ziemlich s&#228;ttigend. Die Konsistenz vom Skyr fand ich etwas befremdlich am Anfang, aber kann man ganz gut essen so. *** Meilensteine der Kinder&nbsp;\u2013&nbsp; Urgs&#8230; diese Woche war Abschiedsfest in der Schule bzw. Abschiedspicknick f&#252;r alle Kinder, die nach den Ferien in die dritte Klasse kommen und damit auch f&#252;r den Minihelden. Das war ein ziemlich emotionaler und schwieriger Nachmittag f&#252;r ihn, denn er hat in diesem Jahr seine Lehrerin sehr ins Herz geschlossen und leidet ein wenig darunter, dass er nun eine neue bekommen wird. Gleichzeitig freut er sich aber auch schon sehr auf das neue Jahr mit seinen Freunden. Am Dienstag war Studientag in der Schule, so dass ich beide Kinder zu Hause hatte. Am Nachmittag ging es dann zum Training, nachdem wir den Vormittag recht ruhig gemacht haben.&nbsp; Aber am meisten mitgenommen hat den gro&#223;en Sohn wohl der Flop am Mittwoch. Bis zuletzt hatte er gehofft, dass sich das Ergebnis noch ver&#228;ndern w&#252;rde, aber sind wir doch mal ehrlich: Verdient verloren. Das akzeptierte der Miniheld am Ende dann auch. So als Fu&#223;baller kann er das durchaus nachvollziehen *lach*. Nun m&#246;chte er anhand der Leistungen der anderen Mannschaften entscheiden, f&#252;r wen er dann als n&#228;chstes ist. Ich bin ja irgendwie bei Schweden&#8230; *** Was Mama bewegt hat&nbsp; \u2013&nbsp; Da war es auf einmal, dieses Erfolgserlebnis. Entgegen dem Vorhaben mich immer freitags auf die Waage zu stellen, stellte ich mich am Dienstag rauf, nachdem man mich darauf hinwies, dass ich so sportlich aussehen w&#252;rde. Ja, an dem Tag f&#252;hlte ich mich einfach gut, also wagte ich es einfach. So kurz nach dem Wochenende, wo es Chips und Popcorn gab rechnete ich mit allem, aber nicht damit, dass nochmal 600 gr runter waren. Huch?! Ein Blick auf ein Vorher &#8211; Bild im April zeigte mir dann aber doch den kleinen, aber feinen Unterschied. Der K&#246;rper hat sich ein bisschen geformt. Insgesamt sind es nun seit April 3 Kilo knapp, was sich so erst einmal nicht viel anh&#246;rt, aber mit parallelen Training, mehr Obst, Gem&#252;se und Wasser durchaus Ver&#228;nderungen bewirken kann. Juchuuu&#8230; Das st&#228;rkt das Ego enorm und ich habe das Gef&#252;hl so langsam aus meinem Selbsthass &#8211; Loch heraus zu finden. Hat ja auch lange genug gedauert, oder? Ich &#8220;stolzierte&#8221; den Rest des Tages mit einem megam&#228;&#223;igen Selbstbewusstsein herum und das f&#252;hlt sich gut an, sich in seiner Haut langsam wieder wohler f&#252;hlen zu k&#246;nnen.&nbsp;Wie passend, dass ich ausgerechnet dann auch einen Friseur &#8211; Termin hatte, um meine Haare wieder in Form bringen zu lassen. Da ihr da durchaus Interesse dran gezeigt habt, m&#246;chte ich mal schauen, ob ich die Kleinigkeiten, die ich in meinem Alltag ver&#228;ndert habe, mit euch teilen kann.&nbsp; *** Empfehlungen und Entdeckungen der Woche&nbsp;\u2013&nbsp; Ich hadere immer ein bisschen mit mir&#8230; darf ich euch bei all dem Chaos derzeit &#252;berhaupt noch andere Blogs empfehlen? Dabei finde ich dieses Vernetzen so unglaublich wichtig? Ich m&#246;chte euch gerne erz&#228;hlen und zeigen, dass ich mich diese Woche mit meiner Freundin zum Sticker und Klebeband tauschen f&#252;r unsere Planer getroffen habe, dass es toll war sich gegenseitig so zu inspirieren. Allgemein sind wir Inspiration f&#252;reinander und ich finde es so furchtbar, dass wir darin mehr und mehr beschnitten und eingeschr&#228;nkt werden. Mal sehen, wie sich das entwickelt. Heute dann aber trotzdem sch&#246;ne Beitr&#228;ge aus der Blogsph&#228;re:&nbsp; S&#252;&#223;e Schweineohren &#8211; Fimo USB Stick &#8211; Sommerk&#228;fer aus Papier &#8211; 40 Ideen f&#252;r einzigartige Sommerferien *** Auf mich kommt nochmal Fu&#223;ball dieses Wochenende zu. Eine Schulung. Aber danach haben wir erst einmal bis August Ruhe und dann stehen ja auch die ersten Sommerferien f&#252;r uns ins Haus. Mehr bildhafte #Freitags5 R&#252;ckblicke gibt es auch heute wieder bei&nbsp;BerlinMtteMom. &nbsp;<\/p>\n","protected":false},"author":1,"featured_media":39322,"comment_status":"open","ping_status":"open","sticky":false,"template":"","format":"standard","meta":{"ngg_post_thumbnail":0,"footnotes":""},"categories":[323,49],"tags":[780,781,45,247,69,81,1418,1423],"class_list":["post-39314","post","type-post","status-publish","format-standard","has-post-thumbnail","hentry","category-alltag","category-blogspaehre","tag-freitags5","tag-freitagslieblinge","tag-alltag","tag-essen","tag-familie","tag-kinder","tag-rezepte","tag-sport"],"yoast_head":"<!-- This site is optimized with the Yoast SEO plugin v27.5 - https:\/\/yoast.com\/product\/yoast-seo-wordpress\/ -->\n<title>#Freitags5 \u2013 5 Tage 5 Fotos im Juni #05 - Heldenhaushalt<\/title>\n<meta name=\"description\" content=\"m Laufe der Woche wurde ja dann auch das Wetter wieder sch\u00f6ner und die Stimmung besser. Unsere #Freitags5 f\u00fcr euch...\" \/>\n<meta name=\"robots\" content=\"index, follow, max-snippet:-1, max-image-preview:large, max-video-preview:-1\" \/>\n<link rel=\"canonical\" href=\"https:\/\/www.heldenhaushalt.de\/sari02\/index.php\/2018\/06\/29\/freitags5-5-tage-5-fotos-im-juni-05-2\/\" \/>\n<meta property=\"og:locale\" content=\"de_DE\" \/>\n<meta property=\"og:type\" content=\"article\" \/>\n<meta property=\"og:title\" content=\"#Freitags5 \u2013 5 Tage 5 Fotos im Juni #05 - Heldenhaushalt\" \/>\n<meta property=\"og:description\" content=\"m Laufe der Woche wurde ja dann auch das Wetter wieder sch\u00f6ner und die Stimmung besser. Unsere #Freitags5 f\u00fcr euch...\" \/>\n<meta property=\"og:url\" content=\"https:\/\/www.heldenhaushalt.de\/sari02\/index.php\/2018\/06\/29\/freitags5-5-tage-5-fotos-im-juni-05-2\/\" \/>\n<meta property=\"og:site_name\" content=\"Heldenhaushalt\" \/>\n<meta property=\"article:published_time\" content=\"2018-06-29T08:00:50+00:00\" \/>\n<meta property=\"article:modified_time\" content=\"2018-06-29T12:35:39+00:00\" \/>\n<meta property=\"og:image\" content=\"https:\/\/www.heldenhaushalt.de\/sari02\/wp-content\/uploads\/2018\/06\/18-25-07.jpg\" \/>\n\t<meta property=\"og:image:width\" content=\"1000\" \/>\n\t<meta property=\"og:image:height\" content=\"1000\" \/>\n\t<meta property=\"og:image:type\" content=\"image\/jpeg\" \/>\n<meta name=\"author\" content=\"Sari\" \/>\n<meta name=\"twitter:card\" content=\"summary_large_image\" \/>\n<meta name=\"twitter:creator\" content=\"@Heldenhaushalt\" \/>\n<meta name=\"twitter:site\" content=\"@Heldenhaushalt\" \/>\n<meta name=\"twitter:label1\" content=\"Verfasst von\" \/>\n\t<meta name=\"twitter:data1\" content=\"Sari\" \/>\n\t<meta name=\"twitter:label2\" content=\"Gesch\u00e4tzte Lesezeit\" \/>\n\t<meta name=\"twitter:data2\" content=\"4\u00a0Minuten\" \/>\n<script type=\"application\/ld+json\" class=\"yoast-schema-graph\">{\"@context\":\"https:\\\/\\\/schema.org\",\"@graph\":[{\"@type\":\"Article\",\"@id\":\"https:\\\/\\\/www.heldenhaushalt.de\\\/sari02\\\/index.php\\\/2018\\\/06\\\/29\\\/freitags5-5-tage-5-fotos-im-juni-05-2\\\/#article\",\"isPartOf\":{\"@id\":\"https:\\\/\\\/www.heldenhaushalt.de\\\/sari02\\\/index.php\\\/2018\\\/06\\\/29\\\/freitags5-5-tage-5-fotos-im-juni-05-2\\\/\"},\"author\":{\"name\":\"Sari\",\"@id\":\"https:\\\/\\\/www.heldenhaushalt.de\\\/sari02\\\/#\\\/schema\\\/person\\\/a1cc69f42a01f412eb62c151353814f6\"},\"headline\":\"#Freitags5 \u2013 5 Tage 5 Fotos im Juni #05\",\"datePublished\":\"2018-06-29T08:00:50+00:00\",\"dateModified\":\"2018-06-29T12:35:39+00:00\",\"mainEntityOfPage\":{\"@id\":\"https:\\\/\\\/www.heldenhaushalt.de\\\/sari02\\\/index.php\\\/2018\\\/06\\\/29\\\/freitags5-5-tage-5-fotos-im-juni-05-2\\\/\"},\"wordCount\":903,\"commentCount\":4,\"publisher\":{\"@id\":\"https:\\\/\\\/www.heldenhaushalt.de\\\/sari02\\\/#\\\/schema\\\/person\\\/a1cc69f42a01f412eb62c151353814f6\"},\"image\":{\"@id\":\"https:\\\/\\\/www.heldenhaushalt.de\\\/sari02\\\/index.php\\\/2018\\\/06\\\/29\\\/freitags5-5-tage-5-fotos-im-juni-05-2\\\/#primaryimage\"},\"thumbnailUrl\":\"https:\\\/\\\/www.heldenhaushalt.de\\\/sari02\\\/wp-content\\\/uploads\\\/2018\\\/06\\\/18-25-07.jpg\",\"keywords\":[\"#Freitags5\",\"#Freitagslieblinge\",\"Allt\u00e4glich\",\"Essen\",\"Familie\",\"Kinder\",\"Rezepte\",\"Sport\"],\"articleSection\":[\"Alltagschaos\",\"Blogsph\u00e4re\"],\"inLanguage\":\"de\",\"potentialAction\":[{\"@type\":\"CommentAction\",\"name\":\"Comment\",\"target\":[\"https:\\\/\\\/www.heldenhaushalt.de\\\/sari02\\\/index.php\\\/2018\\\/06\\\/29\\\/freitags5-5-tage-5-fotos-im-juni-05-2\\\/#respond\"]}]},{\"@type\":\"WebPage\",\"@id\":\"https:\\\/\\\/www.heldenhaushalt.de\\\/sari02\\\/index.php\\\/2018\\\/06\\\/29\\\/freitags5-5-tage-5-fotos-im-juni-05-2\\\/\",\"url\":\"https:\\\/\\\/www.heldenhaushalt.de\\\/sari02\\\/index.php\\\/2018\\\/06\\\/29\\\/freitags5-5-tage-5-fotos-im-juni-05-2\\\/\",\"name\":\"#Freitags5 \u2013 5 Tage 5 Fotos im Juni #05 - Heldenhaushalt\",\"isPartOf\":{\"@id\":\"https:\\\/\\\/www.heldenhaushalt.de\\\/sari02\\\/#website\"},\"primaryImageOfPage\":{\"@id\":\"https:\\\/\\\/www.heldenhaushalt.de\\\/sari02\\\/index.php\\\/2018\\\/06\\\/29\\\/freitags5-5-tage-5-fotos-im-juni-05-2\\\/#primaryimage\"},\"image\":{\"@id\":\"https:\\\/\\\/www.heldenhaushalt.de\\\/sari02\\\/index.php\\\/2018\\\/06\\\/29\\\/freitags5-5-tage-5-fotos-im-juni-05-2\\\/#primaryimage\"},\"thumbnailUrl\":\"https:\\\/\\\/www.heldenhaushalt.de\\\/sari02\\\/wp-content\\\/uploads\\\/2018\\\/06\\\/18-25-07.jpg\",\"datePublished\":\"2018-06-29T08:00:50+00:00\",\"dateModified\":\"2018-06-29T12:35:39+00:00\",\"description\":\"m Laufe der Woche wurde ja dann auch das Wetter wieder sch\u00f6ner und die Stimmung besser. Unsere #Freitags5 f\u00fcr euch...\",\"breadcrumb\":{\"@id\":\"https:\\\/\\\/www.heldenhaushalt.de\\\/sari02\\\/index.php\\\/2018\\\/06\\\/29\\\/freitags5-5-tage-5-fotos-im-juni-05-2\\\/#breadcrumb\"},\"inLanguage\":\"de\",\"potentialAction\":[{\"@type\":\"ReadAction\",\"target\":[\"https:\\\/\\\/www.heldenhaushalt.de\\\/sari02\\\/index.php\\\/2018\\\/06\\\/29\\\/freitags5-5-tage-5-fotos-im-juni-05-2\\\/\"]}]},{\"@type\":\"ImageObject\",\"inLanguage\":\"de\",\"@id\":\"https:\\\/\\\/www.heldenhaushalt.de\\\/sari02\\\/index.php\\\/2018\\\/06\\\/29\\\/freitags5-5-tage-5-fotos-im-juni-05-2\\\/#primaryimage\",\"url\":\"https:\\\/\\\/www.heldenhaushalt.de\\\/sari02\\\/wp-content\\\/uploads\\\/2018\\\/06\\\/18-25-07.jpg\",\"contentUrl\":\"https:\\\/\\\/www.heldenhaushalt.de\\\/sari02\\\/wp-content\\\/uploads\\\/2018\\\/06\\\/18-25-07.jpg\",\"width\":1000,\"height\":1000,\"caption\":\"#Freitags5\"},{\"@type\":\"BreadcrumbList\",\"@id\":\"https:\\\/\\\/www.heldenhaushalt.de\\\/sari02\\\/index.php\\\/2018\\\/06\\\/29\\\/freitags5-5-tage-5-fotos-im-juni-05-2\\\/#breadcrumb\",\"itemListElement\":[{\"@type\":\"ListItem\",\"position\":1,\"name\":\"Startseite\",\"item\":\"https:\\\/\\\/www.heldenhaushalt.de\\\/sari02\\\/\"},{\"@type\":\"ListItem\",\"position\":2,\"name\":\"#Freitags5 \u2013 5 Tage 5 Fotos im Juni #05\"}]},{\"@type\":\"WebSite\",\"@id\":\"https:\\\/\\\/www.heldenhaushalt.de\\\/sari02\\\/#website\",\"url\":\"https:\\\/\\\/www.heldenhaushalt.de\\\/sari02\\\/\",\"name\":\"Heldenhaushalt\",\"description\":\"Wer es ordentlich haben will, der muss vorher anrufen\",\"publisher\":{\"@id\":\"https:\\\/\\\/www.heldenhaushalt.de\\\/sari02\\\/#\\\/schema\\\/person\\\/a1cc69f42a01f412eb62c151353814f6\"},\"potentialAction\":[{\"@type\":\"SearchAction\",\"target\":{\"@type\":\"EntryPoint\",\"urlTemplate\":\"https:\\\/\\\/www.heldenhaushalt.de\\\/sari02\\\/?s={search_term_string}\"},\"query-input\":{\"@type\":\"PropertyValueSpecification\",\"valueRequired\":true,\"valueName\":\"search_term_string\"}}],\"inLanguage\":\"de\"},{\"@type\":[\"Person\",\"Organization\"],\"@id\":\"https:\\\/\\\/www.heldenhaushalt.de\\\/sari02\\\/#\\\/schema\\\/person\\\/a1cc69f42a01f412eb62c151353814f6\",\"name\":\"Sari\",\"image\":{\"@type\":\"ImageObject\",\"inLanguage\":\"de\",\"@id\":\"https:\\\/\\\/www.heldenhaushalt.de\\\/sari02\\\/wp-content\\\/uploads\\\/2019\\\/02\\\/sari-april2018.png\",\"url\":\"https:\\\/\\\/www.heldenhaushalt.de\\\/sari02\\\/wp-content\\\/uploads\\\/2019\\\/02\\\/sari-april2018.png\",\"contentUrl\":\"https:\\\/\\\/www.heldenhaushalt.de\\\/sari02\\\/wp-content\\\/uploads\\\/2019\\\/02\\\/sari-april2018.png\",\"width\":500,\"height\":500,\"caption\":\"Sari\"},\"logo\":{\"@id\":\"https:\\\/\\\/www.heldenhaushalt.de\\\/sari02\\\/wp-content\\\/uploads\\\/2019\\\/02\\\/sari-april2018.png\"},\"description\":\"Frau Mondgras \u2013 Das bin ich, Sari. Gerne auch als Sari Mondgras bekannt und im Internet zu finden. 2-Fach-Mutter, Heldenehefrau, Kreativling, Harmonies\u00fcchtig und st\u00e4ndig auf der Suche nach Gl\u00fcck. Ich komme aus Berlin, bin hier aufgewachsen und lebe hier seit ich denken kann.\",\"sameAs\":[\"https:\\\/\\\/www.instagram.com\\\/heldenhaushalt\\\/\"],\"url\":\"https:\\\/\\\/www.heldenhaushalt.de\\\/sari02\\\/index.php\\\/author\\\/admin\\\/\"}]}<\/script>\n<!-- \/ Yoast SEO plugin. -->","yoast_head_json":{"title":"#Freitags5 \u2013 5 Tage 5 Fotos im Juni #05 - Heldenhaushalt","description":"m Laufe der Woche wurde ja dann auch das Wetter wieder sch\u00f6ner und die Stimmung besser. Unsere #Freitags5 f\u00fcr euch...","robots":{"index":"index","follow":"follow","max-snippet":"max-snippet:-1","max-image-preview":"max-image-preview:large","max-video-preview":"max-video-preview:-1"},"canonical":"https:\/\/www.heldenhaushalt.de\/sari02\/index.php\/2018\/06\/29\/freitags5-5-tage-5-fotos-im-juni-05-2\/","og_locale":"de_DE","og_type":"article","og_title":"#Freitags5 \u2013 5 Tage 5 Fotos im Juni #05 - Heldenhaushalt","og_description":"m Laufe der Woche wurde ja dann auch das Wetter wieder sch\u00f6ner und die Stimmung besser. Unsere #Freitags5 f\u00fcr euch...","og_url":"https:\/\/www.heldenhaushalt.de\/sari02\/index.php\/2018\/06\/29\/freitags5-5-tage-5-fotos-im-juni-05-2\/","og_site_name":"Heldenhaushalt","article_published_time":"2018-06-29T08:00:50+00:00","article_modified_time":"2018-06-29T12:35:39+00:00","og_image":[{"width":1000,"height":1000,"url":"https:\/\/www.heldenhaushalt.de\/sari02\/wp-content\/uploads\/2018\/06\/18-25-07.jpg","type":"image\/jpeg"}],"author":"Sari","twitter_card":"summary_large_image","twitter_creator":"@Heldenhaushalt","twitter_site":"@Heldenhaushalt","twitter_misc":{"Verfasst von":"Sari","Gesch\u00e4tzte Lesezeit":"4\u00a0Minuten"},"schema":{"@context":"https:\/\/schema.org","@graph":[{"@type":"Article","@id":"https:\/\/www.heldenhaushalt.de\/sari02\/index.php\/2018\/06\/29\/freitags5-5-tage-5-fotos-im-juni-05-2\/#article","isPartOf":{"@id":"https:\/\/www.heldenhaushalt.de\/sari02\/index.php\/2018\/06\/29\/freitags5-5-tage-5-fotos-im-juni-05-2\/"},"author":{"name":"Sari","@id":"https:\/\/www.heldenhaushalt.de\/sari02\/#\/schema\/person\/a1cc69f42a01f412eb62c151353814f6"},"headline":"#Freitags5 \u2013 5 Tage 5 Fotos im Juni #05","datePublished":"2018-06-29T08:00:50+00:00","dateModified":"2018-06-29T12:35:39+00:00","mainEntityOfPage":{"@id":"https:\/\/www.heldenhaushalt.de\/sari02\/index.php\/2018\/06\/29\/freitags5-5-tage-5-fotos-im-juni-05-2\/"},"wordCount":903,"commentCount":4,"publisher":{"@id":"https:\/\/www.heldenhaushalt.de\/sari02\/#\/schema\/person\/a1cc69f42a01f412eb62c151353814f6"},"image":{"@id":"https:\/\/www.heldenhaushalt.de\/sari02\/index.php\/2018\/06\/29\/freitags5-5-tage-5-fotos-im-juni-05-2\/#primaryimage"},"thumbnailUrl":"https:\/\/www.heldenhaushalt.de\/sari02\/wp-content\/uploads\/2018\/06\/18-25-07.jpg","keywords":["#Freitags5","#Freitagslieblinge","Allt\u00e4glich","Essen","Familie","Kinder","Rezepte","Sport"],"articleSection":["Alltagschaos","Blogsph\u00e4re"],"inLanguage":"de","potentialAction":[{"@type":"CommentAction","name":"Comment","target":["https:\/\/www.heldenhaushalt.de\/sari02\/index.php\/2018\/06\/29\/freitags5-5-tage-5-fotos-im-juni-05-2\/#respond"]}]},{"@type":"WebPage","@id":"https:\/\/www.heldenhaushalt.de\/sari02\/index.php\/2018\/06\/29\/freitags5-5-tage-5-fotos-im-juni-05-2\/","url":"https:\/\/www.heldenhaushalt.de\/sari02\/index.php\/2018\/06\/29\/freitags5-5-tage-5-fotos-im-juni-05-2\/","name":"#Freitags5 \u2013 5 Tage 5 Fotos im Juni #05 - Heldenhaushalt","isPartOf":{"@id":"https:\/\/www.heldenhaushalt.de\/sari02\/#website"},"primaryImageOfPage":{"@id":"https:\/\/www.heldenhaushalt.de\/sari02\/index.php\/2018\/06\/29\/freitags5-5-tage-5-fotos-im-juni-05-2\/#primaryimage"},"image":{"@id":"https:\/\/www.heldenhaushalt.de\/sari02\/index.php\/2018\/06\/29\/freitags5-5-tage-5-fotos-im-juni-05-2\/#primaryimage"},"thumbnailUrl":"https:\/\/www.heldenhaushalt.de\/sari02\/wp-content\/uploads\/2018\/06\/18-25-07.jpg","datePublished":"2018-06-29T08:00:50+00:00","dateModified":"2018-06-29T12:35:39+00:00","description":"m Laufe der Woche wurde ja dann auch das Wetter wieder sch\u00f6ner und die Stimmung besser. Unsere #Freitags5 f\u00fcr euch...","breadcrumb":{"@id":"https:\/\/www.heldenhaushalt.de\/sari02\/index.php\/2018\/06\/29\/freitags5-5-tage-5-fotos-im-juni-05-2\/#breadcrumb"},"inLanguage":"de","potentialAction":[{"@type":"ReadAction","target":["https:\/\/www.heldenhaushalt.de\/sari02\/index.php\/2018\/06\/29\/freitags5-5-tage-5-fotos-im-juni-05-2\/"]}]},{"@type":"ImageObject","inLanguage":"de","@id":"https:\/\/www.heldenhaushalt.de\/sari02\/index.php\/2018\/06\/29\/freitags5-5-tage-5-fotos-im-juni-05-2\/#primaryimage","url":"https:\/\/www.heldenhaushalt.de\/sari02\/wp-content\/uploads\/2018\/06\/18-25-07.jpg","contentUrl":"https:\/\/www.heldenhaushalt.de\/sari02\/wp-content\/uploads\/2018\/06\/18-25-07.jpg","width":1000,"height":1000,"caption":"#Freitags5"},{"@type":"BreadcrumbList","@id":"https:\/\/www.heldenhaushalt.de\/sari02\/index.php\/2018\/06\/29\/freitags5-5-tage-5-fotos-im-juni-05-2\/#breadcrumb","itemListElement":[{"@type":"ListItem","position":1,"name":"Startseite","item":"https:\/\/www.heldenhaushalt.de\/sari02\/"},{"@type":"ListItem","position":2,"name":"#Freitags5 \u2013 5 Tage 5 Fotos im Juni #05"}]},{"@type":"WebSite","@id":"https:\/\/www.heldenhaushalt.de\/sari02\/#website","url":"https:\/\/www.heldenhaushalt.de\/sari02\/","name":"Heldenhaushalt","description":"Wer es ordentlich haben will, der muss vorher anrufen","publisher":{"@id":"https:\/\/www.heldenhaushalt.de\/sari02\/#\/schema\/person\/a1cc69f42a01f412eb62c151353814f6"},"potentialAction":[{"@type":"SearchAction","target":{"@type":"EntryPoint","urlTemplate":"https:\/\/www.heldenhaushalt.de\/sari02\/?s={search_term_string}"},"query-input":{"@type":"PropertyValueSpecification","valueRequired":true,"valueName":"search_term_string"}}],"inLanguage":"de"},{"@type":["Person","Organization"],"@id":"https:\/\/www.heldenhaushalt.de\/sari02\/#\/schema\/person\/a1cc69f42a01f412eb62c151353814f6","name":"Sari","image":{"@type":"ImageObject","inLanguage":"de","@id":"https:\/\/www.heldenhaushalt.de\/sari02\/wp-content\/uploads\/2019\/02\/sari-april2018.png","url":"https:\/\/www.heldenhaushalt.de\/sari02\/wp-content\/uploads\/2019\/02\/sari-april2018.png","contentUrl":"https:\/\/www.heldenhaushalt.de\/sari02\/wp-content\/uploads\/2019\/02\/sari-april2018.png","width":500,"height":500,"caption":"Sari"},"logo":{"@id":"https:\/\/www.heldenhaushalt.de\/sari02\/wp-content\/uploads\/2019\/02\/sari-april2018.png"},"description":"Frau Mondgras \u2013 Das bin ich, Sari. Gerne auch als Sari Mondgras bekannt und im Internet zu finden. 2-Fach-Mutter, Heldenehefrau, Kreativling, Harmonies\u00fcchtig und st\u00e4ndig auf der Suche nach Gl\u00fcck. Ich komme aus Berlin, bin hier aufgewachsen und lebe hier seit ich denken kann.","sameAs":["https:\/\/www.instagram.com\/heldenhaushalt\/"],"url":"https:\/\/www.heldenhaushalt.de\/sari02\/index.php\/author\/admin\/"}]}},"views":3074,"_links":{"self":[{"href":"https:\/\/www.heldenhaushalt.de\/sari02\/index.php\/wp-json\/wp\/v2\/posts\/39314","targetHints":{"allow":["GET"]}}],"collection":[{"href":"https:\/\/www.heldenhaushalt.de\/sari02\/index.php\/wp-json\/wp\/v2\/posts"}],"about":[{"href":"https:\/\/www.heldenhaushalt.de\/sari02\/index.php\/wp-json\/wp\/v2\/types\/post"}],"author":[{"embeddable":true,"href":"https:\/\/www.heldenhaushalt.de\/sari02\/index.php\/wp-json\/wp\/v2\/users\/1"}],"replies":[{"embeddable":true,"href":"https:\/\/www.heldenhaushalt.de\/sari02\/index.php\/wp-json\/wp\/v2\/comments?post=39314"}],"version-history":[{"count":4,"href":"https:\/\/www.heldenhaushalt.de\/sari02\/index.php\/wp-json\/wp\/v2\/posts\/39314\/revisions"}],"predecessor-version":[{"id":39385,"href":"https:\/\/www.heldenhaushalt.de\/sari02\/index.php\/wp-json\/wp\/v2\/posts\/39314\/revisions\/39385"}],"wp:featuredmedia":[{"embeddable":true,"href":"https:\/\/www.heldenhaushalt.de\/sari02\/index.php\/wp-json\/wp\/v2\/media\/39322"}],"wp:attachment":[{"href":"https:\/\/www.heldenhaushalt.de\/sari02\/index.php\/wp-json\/wp\/v2\/media?parent=39314"}],"wp:term":[{"taxonomy":"category","embeddable":true,"href":"https:\/\/www.heldenhaushalt.de\/sari02\/index.php\/wp-json\/wp\/v2\/categories?post=39314"},{"taxonomy":"post_tag","embeddable":true,"href":"https:\/\/www.heldenhaushalt.de\/sari02\/index.php\/wp-json\/wp\/v2\/tags?post=39314"}],"curies":[{"name":"wp","href":"https:\/\/api.w.org\/{rel}","templated":true}]}}