{"id":39521,"date":"2018-07-06T09:29:47","date_gmt":"2018-07-06T07:29:47","guid":{"rendered":"https:\/\/www.heldenhaushalt.de\/sari02\/?p=39521"},"modified":"2018-07-06T09:29:47","modified_gmt":"2018-07-06T07:29:47","slug":"freitags5-5-tage-5-fotos-im-juli-01-2","status":"publish","type":"post","link":"https:\/\/www.heldenhaushalt.de\/sari02\/index.php\/2018\/07\/06\/freitags5-5-tage-5-fotos-im-juli-01-2\/","title":{"rendered":"#Freitags5 \u2013 5 Tage 5 Fotos im Juli #01"},"content":{"rendered":"<p><small>*Werbung*&nbsp;Der folgende Artikel enth&#228;lt evtl. Bilder mit Produkten, die wir in unserem Alltag nutzen. Wir haben keine Bezahlung f&#252;r das Zeigen derselbigen erhalten.<\/small><\/p>\n<p>Die ersten richtigen Ferientage liegen nun hinter uns. Das hei&#223;t, dass die letzte Woche ganz im Zeichen der letzten Schultage vor den gro&#223;en Sommerferien stand. Ganz besonders aufgeregt waren wir nat&#252;rlich wegen dem ersten richtigen Zeugnis, das hier nun ins Haus einflattern wollte und uns war auch bewusst, dass wir den Sohn ein bisschen auffangen mussten, denn dieser war sehr traurig. Die ersten Tage der Ferien gl&#228;nzten dann auch direkt mit herrlichen Sonnenschein und w&#228;rmsten Temperaturen. Nun gilt es die n&#228;chsten Wochen ein bisschen durchzuplanen und die Waage zwischen Unternehmungen und Ruhephasen zu finden. Jetzt gibt es aber erst einmal unsere #Freitags5 f&#252;r euch.<\/p>\n<p style=\"text-align: center;\">***<\/p>\n<h2>Meine #Freitags5 #Freitagslieblinge<\/h2>\n<p><img loading=\"lazy\" decoding=\"async\" class=\"alignnone size-full wp-image-39522\" src=\"https:\/\/www.heldenhaushalt.de\/sari02\/wp-content\/uploads\/2018\/07\/18-26-01.jpg\" alt=\"#Freitags5\" width=\"1000\" height=\"1000\" srcset=\"https:\/\/www.heldenhaushalt.de\/sari02\/wp-content\/uploads\/2018\/07\/18-26-01.jpg 1000w, https:\/\/www.heldenhaushalt.de\/sari02\/wp-content\/uploads\/2018\/07\/18-26-01-150x150.jpg 150w, https:\/\/www.heldenhaushalt.de\/sari02\/wp-content\/uploads\/2018\/07\/18-26-01-300x300.jpg 300w, https:\/\/www.heldenhaushalt.de\/sari02\/wp-content\/uploads\/2018\/07\/18-26-01-768x768.jpg 768w, https:\/\/www.heldenhaushalt.de\/sari02\/wp-content\/uploads\/2018\/07\/18-26-01-660x660.jpg 660w, https:\/\/www.heldenhaushalt.de\/sari02\/wp-content\/uploads\/2018\/07\/18-26-01-373x373.jpg 373w\" sizes=\"auto, (max-width: 1000px) 100vw, 1000px\" \/><\/p>\n<p><strong>Meine Lieblingslekt&#252;re der Woche \u2013&nbsp;<\/strong>&nbsp;Wir sortieren derzeit B&#252;cher. B&#252;cher, die wir euch dann in der Kinderbuch &#8211; Woche Mitte des Monats zeigen wollen und B&#252;cher, die wir gerne der Kita spenden wollen, in die das Heldenkind bald gehen wird. Dort waren wir diese Woche auch schon mal zu Besuch, damit das Heldenkind ein bisschen st&#246;bern konnte. Das steht bei uns nun in den n&#228;chsten Wochen &#246;fter auf dem Plan.&nbsp;<\/p>\n<p style=\"text-align: center;\">***<\/p>\n<p><img loading=\"lazy\" decoding=\"async\" class=\"alignnone size-full wp-image-39523\" src=\"https:\/\/www.heldenhaushalt.de\/sari02\/wp-content\/uploads\/2018\/07\/18-26-02.jpg\" alt=\"#Freitags5\" width=\"1000\" height=\"999\" srcset=\"https:\/\/www.heldenhaushalt.de\/sari02\/wp-content\/uploads\/2018\/07\/18-26-02.jpg 1000w, https:\/\/www.heldenhaushalt.de\/sari02\/wp-content\/uploads\/2018\/07\/18-26-02-150x150.jpg 150w, https:\/\/www.heldenhaushalt.de\/sari02\/wp-content\/uploads\/2018\/07\/18-26-02-300x300.jpg 300w, https:\/\/www.heldenhaushalt.de\/sari02\/wp-content\/uploads\/2018\/07\/18-26-02-768x767.jpg 768w, https:\/\/www.heldenhaushalt.de\/sari02\/wp-content\/uploads\/2018\/07\/18-26-02-660x660.jpg 660w, https:\/\/www.heldenhaushalt.de\/sari02\/wp-content\/uploads\/2018\/07\/18-26-02-373x373.jpg 373w\" sizes=\"auto, (max-width: 1000px) 100vw, 1000px\" \/><\/p>\n<p><b>Mein Lieblingsessen der Woche \u2013&nbsp; <\/b>Am Mittwoch waren wir zur Feier des ersten Zeugnis im Restaurant essen. Yummy. Immer wieder lecker dort und sehr kinderfreundlich. Zu dem Gem&#252;se, das die Kinder Z&#228;hne knirschend auf den Tellern akzeptieren, geh&#246;ren &#252;brigens gr&#252;ne Bohnen. Also gab es diese Woche auch mal gr&#252;ne Bohnen. F&#252;r die Kinder mit Reis und H&#228;hnchen und f&#252;r mich mit Zwiebeln und H&#228;hnchenbrust. Sehr lecker.<\/p>\n<p style=\"text-align: center;\">***<\/p>\n<p><img loading=\"lazy\" decoding=\"async\" class=\"alignnone size-full wp-image-39524\" src=\"https:\/\/www.heldenhaushalt.de\/sari02\/wp-content\/uploads\/2018\/07\/18-26-03.jpg\" alt=\"#Freitags5\" width=\"1000\" height=\"1000\" srcset=\"https:\/\/www.heldenhaushalt.de\/sari02\/wp-content\/uploads\/2018\/07\/18-26-03.jpg 1000w, https:\/\/www.heldenhaushalt.de\/sari02\/wp-content\/uploads\/2018\/07\/18-26-03-150x150.jpg 150w, https:\/\/www.heldenhaushalt.de\/sari02\/wp-content\/uploads\/2018\/07\/18-26-03-300x300.jpg 300w, https:\/\/www.heldenhaushalt.de\/sari02\/wp-content\/uploads\/2018\/07\/18-26-03-768x768.jpg 768w, https:\/\/www.heldenhaushalt.de\/sari02\/wp-content\/uploads\/2018\/07\/18-26-03-660x660.jpg 660w, https:\/\/www.heldenhaushalt.de\/sari02\/wp-content\/uploads\/2018\/07\/18-26-03-373x373.jpg 373w\" sizes=\"auto, (max-width: 1000px) 100vw, 1000px\" \/><\/p>\n<p><strong>Meilensteine der Kinder&nbsp;<\/strong>\u2013&nbsp; Da sa&#223; ich nun also. Zusammen mit anderen nerv&#246;sen Eltern stand ich am Mittwoch auf dem Schulhof und wartete auf mein Kind. Ich war sehr gespannt auf die vielen Worte, die auf dem Zeugnis stehen w&#252;rden und auf die Stimmung des Kindes. Schon Tage vorher k&#228;mpfe der Sohn mit den Tr&#228;nen, weil er sich von seiner Klassenlehrerin verabschieden musste. Im neuen Jahr, wenn er in die 3. Klasse kommt, wird es auch eine neue Lehrerin geben und wir alle hatten die alte sehr ins Herz geschlossen. Sie war einfach ideal f&#252;r unseren Sohn und wir hoffen, dass die neue ihn genauso gut auffangen kann. Ein paar Tr&#228;nchen flossen und ab und an wurde er auch ein bisschen traurig, wenn er die Tage dar&#252;ber nachdachte, freute sich aber auch auf das Neue, was da kommen mag. Was er ja gar nicht mag, das sind Ferien. Sagt er zumindest immer. Er m&#246;chte viel lieber wieder in die Schule, aber ich glaube schon erkennen zu k&#246;nnen, dass er es durchaus genie&#223;t, dass auch Ferien sind. Der kleine Mann genie&#223;t nun die Anwesenheit seines gro&#223;en Bruders, der den ganzen Tag um ihn herumwuselt. Die Kinder konnten das sch&#246;ne Wetter im Pool nutzen und die Kita auf dem Spielplatz besuchen. Das Zeugnis macht uns &#252;brigens sehr stolz.<\/p>\n<p style=\"text-align: center;\">***<\/p>\n<p><img loading=\"lazy\" decoding=\"async\" class=\"alignnone size-full wp-image-39525\" src=\"https:\/\/www.heldenhaushalt.de\/sari02\/wp-content\/uploads\/2018\/07\/18-26-04.jpg\" alt=\"#Freitags5\" width=\"1000\" height=\"1000\" srcset=\"https:\/\/www.heldenhaushalt.de\/sari02\/wp-content\/uploads\/2018\/07\/18-26-04.jpg 1000w, https:\/\/www.heldenhaushalt.de\/sari02\/wp-content\/uploads\/2018\/07\/18-26-04-150x150.jpg 150w, https:\/\/www.heldenhaushalt.de\/sari02\/wp-content\/uploads\/2018\/07\/18-26-04-300x300.jpg 300w, https:\/\/www.heldenhaushalt.de\/sari02\/wp-content\/uploads\/2018\/07\/18-26-04-768x768.jpg 768w, https:\/\/www.heldenhaushalt.de\/sari02\/wp-content\/uploads\/2018\/07\/18-26-04-660x660.jpg 660w, https:\/\/www.heldenhaushalt.de\/sari02\/wp-content\/uploads\/2018\/07\/18-26-04-373x373.jpg 373w\" sizes=\"auto, (max-width: 1000px) 100vw, 1000px\" \/><\/p>\n<p><strong>Was Mama bewegt hat<\/strong>&nbsp; \u2013&nbsp; Bewegt hat sich auf der Waage nichts, dennoch meine ich, dass ich Ver&#228;nderungen an den Beinen feststellen kann. Ich konnte meine pers&#246;nliche Bestleistung der letzten Woche steigern und habe fast t&#228;glich auf dem Stepper gestanden. Inzwischen halte ich es auch ganz gut mal 40 Minuten am St&#252;ck aus, aber dann &#228;chzt das Ger&#228;t ganz sch&#246;n, so dass ich mir, denke ich, demn&#228;chst mal eine Alternative &#252;berlegen muss. Demn&#228;chst m&#246;chte ich den Schwerpunkt ein bisschen auf die Oberarme verlagern. Die nerven mich derzeit wirklich ganz extrem, insgesamt wird es aber aus meiner Sicht besser. Ob man optisch tats&#228;chlich auch als Au&#223;enstehender viel sehen kann, das wei&#223; ich nicht, aber innerlich wird es zumindest bei mir besser. Die Woche an sich war f&#252;r mich ein bisschen durchwachsen. Ich war ko und hatte mit dem Wetter ein bisschen zu tun. M&#252;digkeit und Kopfschmerzen. Aber alles in allem war es doch ok.<\/p>\n<p style=\"text-align: center;\">***<\/p>\n<p><img loading=\"lazy\" decoding=\"async\" class=\"alignnone size-full wp-image-39526\" src=\"https:\/\/www.heldenhaushalt.de\/sari02\/wp-content\/uploads\/2018\/07\/18-26-05.jpg\" alt=\"#Freitags5\" width=\"1000\" height=\"1000\" srcset=\"https:\/\/www.heldenhaushalt.de\/sari02\/wp-content\/uploads\/2018\/07\/18-26-05.jpg 1000w, https:\/\/www.heldenhaushalt.de\/sari02\/wp-content\/uploads\/2018\/07\/18-26-05-150x150.jpg 150w, https:\/\/www.heldenhaushalt.de\/sari02\/wp-content\/uploads\/2018\/07\/18-26-05-300x300.jpg 300w, https:\/\/www.heldenhaushalt.de\/sari02\/wp-content\/uploads\/2018\/07\/18-26-05-768x768.jpg 768w, https:\/\/www.heldenhaushalt.de\/sari02\/wp-content\/uploads\/2018\/07\/18-26-05-660x660.jpg 660w, https:\/\/www.heldenhaushalt.de\/sari02\/wp-content\/uploads\/2018\/07\/18-26-05-373x373.jpg 373w\" sizes=\"auto, (max-width: 1000px) 100vw, 1000px\" \/><\/p>\n<p><strong>Empfehlungen und Entdeckungen der Woche<\/strong>&nbsp;\u2013&nbsp; Viel habe ich die Woche nicht gesehen, denn wir waren vor allem mit den letzten Schultagen besch&#228;ftigt. Daher heute mal &#8220;nur&#8221; die Empfehlungen aus der Blogsph&#228;re: <a href=\"https:\/\/mamaskind.de\/lifestyle\/kinder-beschaeftigung\/feuerwehr-party-zum-kindergeburtstag-deko-spiele-essen\/\" target=\"_blank\" rel=\"noopener\">Feuerwehr Party<\/a> &#8211; <a href=\"http:\/\/www.daily-pia.de\/2018\/07\/02\/rezept-no-bake-erdnuss-karamell-torte\/?utm_source=bloglovin.com&amp;utm_medium=feed&amp;utm_campaign=Feed%3A+dailypia+%28Bis+einer+heult%21%29\" target=\"_blank\" rel=\"noopener\">no bake Erdnuss &#8211; Karamell &#8211; Torte<\/a> &#8211; <a href=\"https:\/\/kunecoco.de\/2018\/07\/diy-letterboard-aus-holzspateln.html\" target=\"_blank\" rel=\"noopener\">DIY Letterboard<\/a> &#8211; <a href=\"https:\/\/www.sabine-seyffert.de\/blog\/?p=12947\" target=\"_blank\" rel=\"noopener\">Sommergirlande aus Papier und alten Landkarten&nbsp;<\/a><\/p>\n<p style=\"text-align: center;\">***<\/p>\n<p>Ferien. Nicht nur schulisch gesehen, sondern auch beim Fu&#223;ball. Das hei&#223;t f&#252;r uns, dass es die n&#228;chsten Wochenenden keine Turniere oder Spiele gibt. Aber das Achtelfinale morgen. Mehr bildhafte #Freitags5 R&#252;ckblicke gibt es auch heute wieder bei&nbsp;<a href=\"https:\/\/berlinmittemom.com\/\">BerlinMtteMom<\/a>.<\/p>\n<p><img decoding=\"async\" class=\"alignright\" src=\"https:\/\/www.heldenhaushalt.de\/sari02\/wp-content\/uploads\/2018\/04\/sari-unter.jpg\"><\/p>\n<div id=\"wp_rp_first\" class=\"wp_rp_wrap wp_rp_vertical\">\n<div class=\"wp_rp_content\">\n<h3 class=\"related_post_title\">&nbsp;<\/h3>\n<\/div>\n<\/div>\n","protected":false},"excerpt":{"rendered":"<p>*Werbung*&nbsp;Der folgende Artikel enth&#228;lt evtl. Bilder mit Produkten, die wir in unserem Alltag nutzen. Wir haben keine Bezahlung f&#252;r das Zeigen derselbigen erhalten. Die ersten richtigen Ferientage liegen nun hinter uns. Das hei&#223;t, dass die letzte Woche ganz im Zeichen der letzten Schultage vor den gro&#223;en Sommerferien stand. Ganz besonders aufgeregt waren wir nat&#252;rlich wegen dem ersten richtigen Zeugnis, das hier nun ins Haus einflattern wollte und uns war auch bewusst, dass wir den Sohn ein bisschen auffangen mussten, denn dieser war sehr traurig. Die ersten Tage der Ferien gl&#228;nzten dann auch direkt mit herrlichen Sonnenschein und w&#228;rmsten Temperaturen. Nun gilt es die n&#228;chsten Wochen ein bisschen durchzuplanen und die Waage zwischen Unternehmungen und Ruhephasen zu finden. Jetzt gibt es aber erst einmal unsere #Freitags5 f&#252;r euch. *** Meine #Freitags5 #Freitagslieblinge Meine Lieblingslekt&#252;re der Woche \u2013&nbsp;&nbsp;Wir sortieren derzeit B&#252;cher. B&#252;cher, die wir euch dann in der Kinderbuch &#8211; Woche Mitte des Monats zeigen wollen und B&#252;cher, die wir gerne der Kita spenden wollen, in die das Heldenkind bald gehen wird. Dort waren wir diese Woche auch schon mal zu Besuch, damit das Heldenkind ein bisschen st&#246;bern konnte. Das steht bei uns nun in den n&#228;chsten Wochen &#246;fter auf dem Plan.&nbsp; *** Mein Lieblingsessen der Woche \u2013&nbsp; Am Mittwoch waren wir zur Feier des ersten Zeugnis im Restaurant essen. Yummy. Immer wieder lecker dort und sehr kinderfreundlich. Zu dem Gem&#252;se, das die Kinder Z&#228;hne knirschend auf den Tellern akzeptieren, geh&#246;ren &#252;brigens gr&#252;ne Bohnen. Also gab es diese Woche auch mal gr&#252;ne Bohnen. F&#252;r die Kinder mit Reis und H&#228;hnchen und f&#252;r mich mit Zwiebeln und H&#228;hnchenbrust. Sehr lecker. *** Meilensteine der Kinder&nbsp;\u2013&nbsp; Da sa&#223; ich nun also. Zusammen mit anderen nerv&#246;sen Eltern stand ich am Mittwoch auf dem Schulhof und wartete auf mein Kind. Ich war sehr gespannt auf die vielen Worte, die auf dem Zeugnis stehen w&#252;rden und auf die Stimmung des Kindes. Schon Tage vorher k&#228;mpfe der Sohn mit den Tr&#228;nen, weil er sich von seiner Klassenlehrerin verabschieden musste. Im neuen Jahr, wenn er in die 3. Klasse kommt, wird es auch eine neue Lehrerin geben und wir alle hatten die alte sehr ins Herz geschlossen. Sie war einfach ideal f&#252;r unseren Sohn und wir hoffen, dass die neue ihn genauso gut auffangen kann. Ein paar Tr&#228;nchen flossen und ab und an wurde er auch ein bisschen traurig, wenn er die Tage dar&#252;ber nachdachte, freute sich aber auch auf das Neue, was da kommen mag. Was er ja gar nicht mag, das sind Ferien. Sagt er zumindest immer. Er m&#246;chte viel lieber wieder in die Schule, aber ich glaube schon erkennen zu k&#246;nnen, dass er es durchaus genie&#223;t, dass auch Ferien sind. Der kleine Mann genie&#223;t nun die Anwesenheit seines gro&#223;en Bruders, der den ganzen Tag um ihn herumwuselt. Die Kinder konnten das sch&#246;ne Wetter im Pool nutzen und die Kita auf dem Spielplatz besuchen. Das Zeugnis macht uns &#252;brigens sehr stolz. *** Was Mama bewegt hat&nbsp; \u2013&nbsp; Bewegt hat sich auf der Waage nichts, dennoch meine ich, dass ich Ver&#228;nderungen an den Beinen feststellen kann. Ich konnte meine pers&#246;nliche Bestleistung der letzten Woche steigern und habe fast t&#228;glich auf dem Stepper gestanden. Inzwischen halte ich es auch ganz gut mal 40 Minuten am St&#252;ck aus, aber dann &#228;chzt das Ger&#228;t ganz sch&#246;n, so dass ich mir, denke ich, demn&#228;chst mal eine Alternative &#252;berlegen muss. Demn&#228;chst m&#246;chte ich den Schwerpunkt ein bisschen auf die Oberarme verlagern. Die nerven mich derzeit wirklich ganz extrem, insgesamt wird es aber aus meiner Sicht besser. Ob man optisch tats&#228;chlich auch als Au&#223;enstehender viel sehen kann, das wei&#223; ich nicht, aber innerlich wird es zumindest bei mir besser. Die Woche an sich war f&#252;r mich ein bisschen durchwachsen. Ich war ko und hatte mit dem Wetter ein bisschen zu tun. M&#252;digkeit und Kopfschmerzen. Aber alles in allem war es doch ok. *** Empfehlungen und Entdeckungen der Woche&nbsp;\u2013&nbsp; Viel habe ich die Woche nicht gesehen, denn wir waren vor allem mit den letzten Schultagen besch&#228;ftigt. Daher heute mal &#8220;nur&#8221; die Empfehlungen aus der Blogsph&#228;re: Feuerwehr Party &#8211; no bake Erdnuss &#8211; Karamell &#8211; Torte &#8211; DIY Letterboard &#8211; Sommergirlande aus Papier und alten Landkarten&nbsp; *** Ferien. Nicht nur schulisch gesehen, sondern auch beim Fu&#223;ball. Das hei&#223;t f&#252;r uns, dass es die n&#228;chsten Wochenenden keine Turniere oder Spiele gibt. Aber das Achtelfinale morgen. Mehr bildhafte #Freitags5 R&#252;ckblicke gibt es auch heute wieder bei&nbsp;BerlinMtteMom. &nbsp;<\/p>\n","protected":false},"author":1,"featured_media":39527,"comment_status":"open","ping_status":"open","sticky":false,"template":"","format":"standard","meta":{"ngg_post_thumbnail":0,"footnotes":""},"categories":[323,49],"tags":[781,45,69,1987,81,1988],"class_list":["post-39521","post","type-post","status-publish","format-standard","has-post-thumbnail","hentry","category-alltag","category-blogspaehre","tag-freitagslieblinge","tag-alltag","tag-familie","tag-freitags6","tag-kinder","tag-zeugnis"],"yoast_head":"<!-- This site is optimized with the Yoast SEO plugin v27.5 - https:\/\/yoast.com\/product\/yoast-seo-wordpress\/ -->\n<title>#Freitags5 \u2013 5 Tage 5 Fotos im Juli #01 - Heldenhaushalt<\/title>\n<meta name=\"description\" content=\"Nun gilt es die n\u00e4chsten Wochen ein bisschen durchzuplanen und die Waage zwischen Unternehmungen und Ruhephasen zu finden. Jetzt gibt es aber erst einmal unsere #Freitags5 f\u00fcr euch.\" \/>\n<meta name=\"robots\" content=\"index, follow, max-snippet:-1, max-image-preview:large, max-video-preview:-1\" \/>\n<link rel=\"canonical\" href=\"https:\/\/www.heldenhaushalt.de\/sari02\/index.php\/2018\/07\/06\/freitags5-5-tage-5-fotos-im-juli-01-2\/\" \/>\n<meta property=\"og:locale\" content=\"de_DE\" \/>\n<meta property=\"og:type\" content=\"article\" \/>\n<meta property=\"og:title\" content=\"#Freitags5 \u2013 5 Tage 5 Fotos im Juli #01 - Heldenhaushalt\" \/>\n<meta property=\"og:description\" content=\"Nun gilt es die n\u00e4chsten Wochen ein bisschen durchzuplanen und die Waage zwischen Unternehmungen und Ruhephasen zu finden. Jetzt gibt es aber erst einmal unsere #Freitags5 f\u00fcr euch.\" \/>\n<meta property=\"og:url\" content=\"https:\/\/www.heldenhaushalt.de\/sari02\/index.php\/2018\/07\/06\/freitags5-5-tage-5-fotos-im-juli-01-2\/\" \/>\n<meta property=\"og:site_name\" content=\"Heldenhaushalt\" \/>\n<meta property=\"article:published_time\" content=\"2018-07-06T07:29:47+00:00\" \/>\n<meta property=\"og:image\" content=\"https:\/\/www.heldenhaushalt.de\/sari02\/wp-content\/uploads\/2018\/07\/18-26-06.jpg\" \/>\n\t<meta property=\"og:image:width\" content=\"1000\" \/>\n\t<meta property=\"og:image:height\" content=\"1000\" \/>\n\t<meta property=\"og:image:type\" content=\"image\/jpeg\" \/>\n<meta name=\"author\" content=\"Sari\" \/>\n<meta name=\"twitter:card\" content=\"summary_large_image\" \/>\n<meta name=\"twitter:creator\" content=\"@Heldenhaushalt\" \/>\n<meta name=\"twitter:site\" content=\"@Heldenhaushalt\" \/>\n<meta name=\"twitter:label1\" content=\"Verfasst von\" \/>\n\t<meta name=\"twitter:data1\" content=\"Sari\" \/>\n\t<meta name=\"twitter:label2\" content=\"Gesch\u00e4tzte Lesezeit\" \/>\n\t<meta name=\"twitter:data2\" content=\"4\u00a0Minuten\" \/>\n<script type=\"application\/ld+json\" class=\"yoast-schema-graph\">{\"@context\":\"https:\\\/\\\/schema.org\",\"@graph\":[{\"@type\":\"Article\",\"@id\":\"https:\\\/\\\/www.heldenhaushalt.de\\\/sari02\\\/index.php\\\/2018\\\/07\\\/06\\\/freitags5-5-tage-5-fotos-im-juli-01-2\\\/#article\",\"isPartOf\":{\"@id\":\"https:\\\/\\\/www.heldenhaushalt.de\\\/sari02\\\/index.php\\\/2018\\\/07\\\/06\\\/freitags5-5-tage-5-fotos-im-juli-01-2\\\/\"},\"author\":{\"name\":\"Sari\",\"@id\":\"https:\\\/\\\/www.heldenhaushalt.de\\\/sari02\\\/#\\\/schema\\\/person\\\/a1cc69f42a01f412eb62c151353814f6\"},\"headline\":\"#Freitags5 \u2013 5 Tage 5 Fotos im Juli #01\",\"datePublished\":\"2018-07-06T07:29:47+00:00\",\"mainEntityOfPage\":{\"@id\":\"https:\\\/\\\/www.heldenhaushalt.de\\\/sari02\\\/index.php\\\/2018\\\/07\\\/06\\\/freitags5-5-tage-5-fotos-im-juli-01-2\\\/\"},\"wordCount\":795,\"commentCount\":1,\"publisher\":{\"@id\":\"https:\\\/\\\/www.heldenhaushalt.de\\\/sari02\\\/#\\\/schema\\\/person\\\/a1cc69f42a01f412eb62c151353814f6\"},\"image\":{\"@id\":\"https:\\\/\\\/www.heldenhaushalt.de\\\/sari02\\\/index.php\\\/2018\\\/07\\\/06\\\/freitags5-5-tage-5-fotos-im-juli-01-2\\\/#primaryimage\"},\"thumbnailUrl\":\"https:\\\/\\\/www.heldenhaushalt.de\\\/sari02\\\/wp-content\\\/uploads\\\/2018\\\/07\\\/18-26-06.jpg\",\"keywords\":[\"#Freitagslieblinge\",\"Allt\u00e4glich\",\"Familie\",\"Freitags6\",\"Kinder\",\"Zeugnis\"],\"articleSection\":[\"Alltagschaos\",\"Blogsph\u00e4re\"],\"inLanguage\":\"de\",\"potentialAction\":[{\"@type\":\"CommentAction\",\"name\":\"Comment\",\"target\":[\"https:\\\/\\\/www.heldenhaushalt.de\\\/sari02\\\/index.php\\\/2018\\\/07\\\/06\\\/freitags5-5-tage-5-fotos-im-juli-01-2\\\/#respond\"]}]},{\"@type\":\"WebPage\",\"@id\":\"https:\\\/\\\/www.heldenhaushalt.de\\\/sari02\\\/index.php\\\/2018\\\/07\\\/06\\\/freitags5-5-tage-5-fotos-im-juli-01-2\\\/\",\"url\":\"https:\\\/\\\/www.heldenhaushalt.de\\\/sari02\\\/index.php\\\/2018\\\/07\\\/06\\\/freitags5-5-tage-5-fotos-im-juli-01-2\\\/\",\"name\":\"#Freitags5 \u2013 5 Tage 5 Fotos im Juli #01 - Heldenhaushalt\",\"isPartOf\":{\"@id\":\"https:\\\/\\\/www.heldenhaushalt.de\\\/sari02\\\/#website\"},\"primaryImageOfPage\":{\"@id\":\"https:\\\/\\\/www.heldenhaushalt.de\\\/sari02\\\/index.php\\\/2018\\\/07\\\/06\\\/freitags5-5-tage-5-fotos-im-juli-01-2\\\/#primaryimage\"},\"image\":{\"@id\":\"https:\\\/\\\/www.heldenhaushalt.de\\\/sari02\\\/index.php\\\/2018\\\/07\\\/06\\\/freitags5-5-tage-5-fotos-im-juli-01-2\\\/#primaryimage\"},\"thumbnailUrl\":\"https:\\\/\\\/www.heldenhaushalt.de\\\/sari02\\\/wp-content\\\/uploads\\\/2018\\\/07\\\/18-26-06.jpg\",\"datePublished\":\"2018-07-06T07:29:47+00:00\",\"description\":\"Nun gilt es die n\u00e4chsten Wochen ein bisschen durchzuplanen und die Waage zwischen Unternehmungen und Ruhephasen zu finden. Jetzt gibt es aber erst einmal unsere #Freitags5 f\u00fcr euch.\",\"breadcrumb\":{\"@id\":\"https:\\\/\\\/www.heldenhaushalt.de\\\/sari02\\\/index.php\\\/2018\\\/07\\\/06\\\/freitags5-5-tage-5-fotos-im-juli-01-2\\\/#breadcrumb\"},\"inLanguage\":\"de\",\"potentialAction\":[{\"@type\":\"ReadAction\",\"target\":[\"https:\\\/\\\/www.heldenhaushalt.de\\\/sari02\\\/index.php\\\/2018\\\/07\\\/06\\\/freitags5-5-tage-5-fotos-im-juli-01-2\\\/\"]}]},{\"@type\":\"ImageObject\",\"inLanguage\":\"de\",\"@id\":\"https:\\\/\\\/www.heldenhaushalt.de\\\/sari02\\\/index.php\\\/2018\\\/07\\\/06\\\/freitags5-5-tage-5-fotos-im-juli-01-2\\\/#primaryimage\",\"url\":\"https:\\\/\\\/www.heldenhaushalt.de\\\/sari02\\\/wp-content\\\/uploads\\\/2018\\\/07\\\/18-26-06.jpg\",\"contentUrl\":\"https:\\\/\\\/www.heldenhaushalt.de\\\/sari02\\\/wp-content\\\/uploads\\\/2018\\\/07\\\/18-26-06.jpg\",\"width\":1000,\"height\":1000,\"caption\":\"#Freitags5\"},{\"@type\":\"BreadcrumbList\",\"@id\":\"https:\\\/\\\/www.heldenhaushalt.de\\\/sari02\\\/index.php\\\/2018\\\/07\\\/06\\\/freitags5-5-tage-5-fotos-im-juli-01-2\\\/#breadcrumb\",\"itemListElement\":[{\"@type\":\"ListItem\",\"position\":1,\"name\":\"Startseite\",\"item\":\"https:\\\/\\\/www.heldenhaushalt.de\\\/sari02\\\/\"},{\"@type\":\"ListItem\",\"position\":2,\"name\":\"#Freitags5 \u2013 5 Tage 5 Fotos im Juli #01\"}]},{\"@type\":\"WebSite\",\"@id\":\"https:\\\/\\\/www.heldenhaushalt.de\\\/sari02\\\/#website\",\"url\":\"https:\\\/\\\/www.heldenhaushalt.de\\\/sari02\\\/\",\"name\":\"Heldenhaushalt\",\"description\":\"Wer es ordentlich haben will, der muss vorher anrufen\",\"publisher\":{\"@id\":\"https:\\\/\\\/www.heldenhaushalt.de\\\/sari02\\\/#\\\/schema\\\/person\\\/a1cc69f42a01f412eb62c151353814f6\"},\"potentialAction\":[{\"@type\":\"SearchAction\",\"target\":{\"@type\":\"EntryPoint\",\"urlTemplate\":\"https:\\\/\\\/www.heldenhaushalt.de\\\/sari02\\\/?s={search_term_string}\"},\"query-input\":{\"@type\":\"PropertyValueSpecification\",\"valueRequired\":true,\"valueName\":\"search_term_string\"}}],\"inLanguage\":\"de\"},{\"@type\":[\"Person\",\"Organization\"],\"@id\":\"https:\\\/\\\/www.heldenhaushalt.de\\\/sari02\\\/#\\\/schema\\\/person\\\/a1cc69f42a01f412eb62c151353814f6\",\"name\":\"Sari\",\"image\":{\"@type\":\"ImageObject\",\"inLanguage\":\"de\",\"@id\":\"https:\\\/\\\/www.heldenhaushalt.de\\\/sari02\\\/wp-content\\\/uploads\\\/2019\\\/02\\\/sari-april2018.png\",\"url\":\"https:\\\/\\\/www.heldenhaushalt.de\\\/sari02\\\/wp-content\\\/uploads\\\/2019\\\/02\\\/sari-april2018.png\",\"contentUrl\":\"https:\\\/\\\/www.heldenhaushalt.de\\\/sari02\\\/wp-content\\\/uploads\\\/2019\\\/02\\\/sari-april2018.png\",\"width\":500,\"height\":500,\"caption\":\"Sari\"},\"logo\":{\"@id\":\"https:\\\/\\\/www.heldenhaushalt.de\\\/sari02\\\/wp-content\\\/uploads\\\/2019\\\/02\\\/sari-april2018.png\"},\"description\":\"Frau Mondgras \u2013 Das bin ich, Sari. Gerne auch als Sari Mondgras bekannt und im Internet zu finden. 2-Fach-Mutter, Heldenehefrau, Kreativling, Harmonies\u00fcchtig und st\u00e4ndig auf der Suche nach Gl\u00fcck. Ich komme aus Berlin, bin hier aufgewachsen und lebe hier seit ich denken kann.\",\"sameAs\":[\"https:\\\/\\\/www.instagram.com\\\/heldenhaushalt\\\/\"],\"url\":\"https:\\\/\\\/www.heldenhaushalt.de\\\/sari02\\\/index.php\\\/author\\\/admin\\\/\"}]}<\/script>\n<!-- \/ Yoast SEO plugin. -->","yoast_head_json":{"title":"#Freitags5 \u2013 5 Tage 5 Fotos im Juli #01 - Heldenhaushalt","description":"Nun gilt es die n\u00e4chsten Wochen ein bisschen durchzuplanen und die Waage zwischen Unternehmungen und Ruhephasen zu finden. Jetzt gibt es aber erst einmal unsere #Freitags5 f\u00fcr euch.","robots":{"index":"index","follow":"follow","max-snippet":"max-snippet:-1","max-image-preview":"max-image-preview:large","max-video-preview":"max-video-preview:-1"},"canonical":"https:\/\/www.heldenhaushalt.de\/sari02\/index.php\/2018\/07\/06\/freitags5-5-tage-5-fotos-im-juli-01-2\/","og_locale":"de_DE","og_type":"article","og_title":"#Freitags5 \u2013 5 Tage 5 Fotos im Juli #01 - Heldenhaushalt","og_description":"Nun gilt es die n\u00e4chsten Wochen ein bisschen durchzuplanen und die Waage zwischen Unternehmungen und Ruhephasen zu finden. Jetzt gibt es aber erst einmal unsere #Freitags5 f\u00fcr euch.","og_url":"https:\/\/www.heldenhaushalt.de\/sari02\/index.php\/2018\/07\/06\/freitags5-5-tage-5-fotos-im-juli-01-2\/","og_site_name":"Heldenhaushalt","article_published_time":"2018-07-06T07:29:47+00:00","og_image":[{"width":1000,"height":1000,"url":"https:\/\/www.heldenhaushalt.de\/sari02\/wp-content\/uploads\/2018\/07\/18-26-06.jpg","type":"image\/jpeg"}],"author":"Sari","twitter_card":"summary_large_image","twitter_creator":"@Heldenhaushalt","twitter_site":"@Heldenhaushalt","twitter_misc":{"Verfasst von":"Sari","Gesch\u00e4tzte Lesezeit":"4\u00a0Minuten"},"schema":{"@context":"https:\/\/schema.org","@graph":[{"@type":"Article","@id":"https:\/\/www.heldenhaushalt.de\/sari02\/index.php\/2018\/07\/06\/freitags5-5-tage-5-fotos-im-juli-01-2\/#article","isPartOf":{"@id":"https:\/\/www.heldenhaushalt.de\/sari02\/index.php\/2018\/07\/06\/freitags5-5-tage-5-fotos-im-juli-01-2\/"},"author":{"name":"Sari","@id":"https:\/\/www.heldenhaushalt.de\/sari02\/#\/schema\/person\/a1cc69f42a01f412eb62c151353814f6"},"headline":"#Freitags5 \u2013 5 Tage 5 Fotos im Juli #01","datePublished":"2018-07-06T07:29:47+00:00","mainEntityOfPage":{"@id":"https:\/\/www.heldenhaushalt.de\/sari02\/index.php\/2018\/07\/06\/freitags5-5-tage-5-fotos-im-juli-01-2\/"},"wordCount":795,"commentCount":1,"publisher":{"@id":"https:\/\/www.heldenhaushalt.de\/sari02\/#\/schema\/person\/a1cc69f42a01f412eb62c151353814f6"},"image":{"@id":"https:\/\/www.heldenhaushalt.de\/sari02\/index.php\/2018\/07\/06\/freitags5-5-tage-5-fotos-im-juli-01-2\/#primaryimage"},"thumbnailUrl":"https:\/\/www.heldenhaushalt.de\/sari02\/wp-content\/uploads\/2018\/07\/18-26-06.jpg","keywords":["#Freitagslieblinge","Allt\u00e4glich","Familie","Freitags6","Kinder","Zeugnis"],"articleSection":["Alltagschaos","Blogsph\u00e4re"],"inLanguage":"de","potentialAction":[{"@type":"CommentAction","name":"Comment","target":["https:\/\/www.heldenhaushalt.de\/sari02\/index.php\/2018\/07\/06\/freitags5-5-tage-5-fotos-im-juli-01-2\/#respond"]}]},{"@type":"WebPage","@id":"https:\/\/www.heldenhaushalt.de\/sari02\/index.php\/2018\/07\/06\/freitags5-5-tage-5-fotos-im-juli-01-2\/","url":"https:\/\/www.heldenhaushalt.de\/sari02\/index.php\/2018\/07\/06\/freitags5-5-tage-5-fotos-im-juli-01-2\/","name":"#Freitags5 \u2013 5 Tage 5 Fotos im Juli #01 - Heldenhaushalt","isPartOf":{"@id":"https:\/\/www.heldenhaushalt.de\/sari02\/#website"},"primaryImageOfPage":{"@id":"https:\/\/www.heldenhaushalt.de\/sari02\/index.php\/2018\/07\/06\/freitags5-5-tage-5-fotos-im-juli-01-2\/#primaryimage"},"image":{"@id":"https:\/\/www.heldenhaushalt.de\/sari02\/index.php\/2018\/07\/06\/freitags5-5-tage-5-fotos-im-juli-01-2\/#primaryimage"},"thumbnailUrl":"https:\/\/www.heldenhaushalt.de\/sari02\/wp-content\/uploads\/2018\/07\/18-26-06.jpg","datePublished":"2018-07-06T07:29:47+00:00","description":"Nun gilt es die n\u00e4chsten Wochen ein bisschen durchzuplanen und die Waage zwischen Unternehmungen und Ruhephasen zu finden. Jetzt gibt es aber erst einmal unsere #Freitags5 f\u00fcr euch.","breadcrumb":{"@id":"https:\/\/www.heldenhaushalt.de\/sari02\/index.php\/2018\/07\/06\/freitags5-5-tage-5-fotos-im-juli-01-2\/#breadcrumb"},"inLanguage":"de","potentialAction":[{"@type":"ReadAction","target":["https:\/\/www.heldenhaushalt.de\/sari02\/index.php\/2018\/07\/06\/freitags5-5-tage-5-fotos-im-juli-01-2\/"]}]},{"@type":"ImageObject","inLanguage":"de","@id":"https:\/\/www.heldenhaushalt.de\/sari02\/index.php\/2018\/07\/06\/freitags5-5-tage-5-fotos-im-juli-01-2\/#primaryimage","url":"https:\/\/www.heldenhaushalt.de\/sari02\/wp-content\/uploads\/2018\/07\/18-26-06.jpg","contentUrl":"https:\/\/www.heldenhaushalt.de\/sari02\/wp-content\/uploads\/2018\/07\/18-26-06.jpg","width":1000,"height":1000,"caption":"#Freitags5"},{"@type":"BreadcrumbList","@id":"https:\/\/www.heldenhaushalt.de\/sari02\/index.php\/2018\/07\/06\/freitags5-5-tage-5-fotos-im-juli-01-2\/#breadcrumb","itemListElement":[{"@type":"ListItem","position":1,"name":"Startseite","item":"https:\/\/www.heldenhaushalt.de\/sari02\/"},{"@type":"ListItem","position":2,"name":"#Freitags5 \u2013 5 Tage 5 Fotos im Juli #01"}]},{"@type":"WebSite","@id":"https:\/\/www.heldenhaushalt.de\/sari02\/#website","url":"https:\/\/www.heldenhaushalt.de\/sari02\/","name":"Heldenhaushalt","description":"Wer es ordentlich haben will, der muss vorher anrufen","publisher":{"@id":"https:\/\/www.heldenhaushalt.de\/sari02\/#\/schema\/person\/a1cc69f42a01f412eb62c151353814f6"},"potentialAction":[{"@type":"SearchAction","target":{"@type":"EntryPoint","urlTemplate":"https:\/\/www.heldenhaushalt.de\/sari02\/?s={search_term_string}"},"query-input":{"@type":"PropertyValueSpecification","valueRequired":true,"valueName":"search_term_string"}}],"inLanguage":"de"},{"@type":["Person","Organization"],"@id":"https:\/\/www.heldenhaushalt.de\/sari02\/#\/schema\/person\/a1cc69f42a01f412eb62c151353814f6","name":"Sari","image":{"@type":"ImageObject","inLanguage":"de","@id":"https:\/\/www.heldenhaushalt.de\/sari02\/wp-content\/uploads\/2019\/02\/sari-april2018.png","url":"https:\/\/www.heldenhaushalt.de\/sari02\/wp-content\/uploads\/2019\/02\/sari-april2018.png","contentUrl":"https:\/\/www.heldenhaushalt.de\/sari02\/wp-content\/uploads\/2019\/02\/sari-april2018.png","width":500,"height":500,"caption":"Sari"},"logo":{"@id":"https:\/\/www.heldenhaushalt.de\/sari02\/wp-content\/uploads\/2019\/02\/sari-april2018.png"},"description":"Frau Mondgras \u2013 Das bin ich, Sari. Gerne auch als Sari Mondgras bekannt und im Internet zu finden. 2-Fach-Mutter, Heldenehefrau, Kreativling, Harmonies\u00fcchtig und st\u00e4ndig auf der Suche nach Gl\u00fcck. Ich komme aus Berlin, bin hier aufgewachsen und lebe hier seit ich denken kann.","sameAs":["https:\/\/www.instagram.com\/heldenhaushalt\/"],"url":"https:\/\/www.heldenhaushalt.de\/sari02\/index.php\/author\/admin\/"}]}},"views":2674,"_links":{"self":[{"href":"https:\/\/www.heldenhaushalt.de\/sari02\/index.php\/wp-json\/wp\/v2\/posts\/39521","targetHints":{"allow":["GET"]}}],"collection":[{"href":"https:\/\/www.heldenhaushalt.de\/sari02\/index.php\/wp-json\/wp\/v2\/posts"}],"about":[{"href":"https:\/\/www.heldenhaushalt.de\/sari02\/index.php\/wp-json\/wp\/v2\/types\/post"}],"author":[{"embeddable":true,"href":"https:\/\/www.heldenhaushalt.de\/sari02\/index.php\/wp-json\/wp\/v2\/users\/1"}],"replies":[{"embeddable":true,"href":"https:\/\/www.heldenhaushalt.de\/sari02\/index.php\/wp-json\/wp\/v2\/comments?post=39521"}],"version-history":[{"count":2,"href":"https:\/\/www.heldenhaushalt.de\/sari02\/index.php\/wp-json\/wp\/v2\/posts\/39521\/revisions"}],"predecessor-version":[{"id":39529,"href":"https:\/\/www.heldenhaushalt.de\/sari02\/index.php\/wp-json\/wp\/v2\/posts\/39521\/revisions\/39529"}],"wp:featuredmedia":[{"embeddable":true,"href":"https:\/\/www.heldenhaushalt.de\/sari02\/index.php\/wp-json\/wp\/v2\/media\/39527"}],"wp:attachment":[{"href":"https:\/\/www.heldenhaushalt.de\/sari02\/index.php\/wp-json\/wp\/v2\/media?parent=39521"}],"wp:term":[{"taxonomy":"category","embeddable":true,"href":"https:\/\/www.heldenhaushalt.de\/sari02\/index.php\/wp-json\/wp\/v2\/categories?post=39521"},{"taxonomy":"post_tag","embeddable":true,"href":"https:\/\/www.heldenhaushalt.de\/sari02\/index.php\/wp-json\/wp\/v2\/tags?post=39521"}],"curies":[{"name":"wp","href":"https:\/\/api.w.org\/{rel}","templated":true}]}}