{"id":41435,"date":"2018-10-07T10:00:00","date_gmt":"2018-10-07T08:00:00","guid":{"rendered":"https:\/\/www.heldenhaushalt.de\/sari02\/?p=41435"},"modified":"2018-10-07T14:05:01","modified_gmt":"2018-10-07T12:05:01","slug":"fuenffragenamfuenften-im-oktober","status":"publish","type":"post","link":"https:\/\/www.heldenhaushalt.de\/sari02\/index.php\/2018\/10\/07\/fuenffragenamfuenften-im-oktober\/","title":{"rendered":"Erinnerungen an bunte Kost&#252;me und seltsame Nachtwanderungen &#8211; #f&#252;nffragenamf&#252;nften im Oktober"},"content":{"rendered":"<p>Fragt ihr euch manchmal auch, warum manche Erinnerungen aus der Kindheit so sehr verblasst sind und andere sich anf&#252;hlen, als ob man es gestern erst erlebt h&#228;tte? An manchen Tagen besch&#228;ftigen mich diese Erinnerungen wirklich sehr und ich versuche heraus zu finden, warum ich so vieles von fr&#252;her nicht mehr so richtig wei&#223;. Als ob manche Erinnerungen f&#252;r neue Erinnerungen weichen m&#252;ssen. St&#252;ck f&#252;r St&#252;ck. Ich glaube, dass sich manche Erinnerungen im Laufe der Zeit auch einfach ver&#228;ndern, oder? Dinge, die man als Kind als ganz normal angesehen haben, bekommen heute von uns nochmal einen vollkommen anderen Stellenwert&#8230;<\/p>\n<p>Nun ja, seltsame Gedanken am Morgen, nicht wahr? Fragt mich nicht, warum mich all das im Moment so sehr besch&#228;ftigt, aber ich sitze h&#228;ufig im Kinderzimmer, schaue den Kindern beim Spielen zu und frage mich, was sie von all dem sp&#228;ter noch wissen. Dabei hoffe ich, dass ihre Gef&#252;hle an ihre Kindheit immer vor allem positiv behaftet sind. So wichtig, oder?<\/p>\n<h2>Nun m&#246;chte ich mich aber auf etwas vollkommen anderes konzentrieren&#8230;<\/h2>\n<p>Freitag war der 5. Oktober und damit w&#228;ren an diesem Tag eigentlich auch <a href=\"https:\/\/www.heldenhaushalt.de\/sari02\/?s=f%C3%BCnffragenamf%C3%BCnften&amp;submit=Suche\">die #f&#252;nffragenamf&#252;nften<\/a> von Nic an der Reihe gewesen. Zu Gunsten der #Freitags5 und etwas Quality Time am Samstag mussten diese aber auf heute weichen. Ich bin vielleicht eine schwer besch&#228;ftigte Frau, oder? Hachja&#8230;<\/p>\n<p>Ne, im Ernst. Heute stelle ich mich also mal wieder <a href=\"https:\/\/www.luziapimpinella.com\/fuenf-fragen-am-fuenften-5-fragen-fuer-den-oktober-selbstfindung\/\" target=\"_blank\" rel=\"noopener\">den Fragen von Nic<\/a> und bin gespannt, was f&#252;r Erkenntnisse ich dabei haben werde. Vielleicht finde ich sogar ein paar alte Erinnerungen wieder, die ich l&#228;ngst vergessen glaubte. Das w&#228;re doch sch&#246;n, oder?<\/p>\n<p><img loading=\"lazy\" decoding=\"async\" class=\"alignnone size-full wp-image-41578\" src=\"https:\/\/www.heldenhaushalt.de\/sari02\/wp-content\/uploads\/2018\/10\/fuen-09-2.jpg\" alt=\"#f&#252;nffragenamf&#252;nften\" width=\"1000\" height=\"615\" srcset=\"https:\/\/www.heldenhaushalt.de\/sari02\/wp-content\/uploads\/2018\/10\/fuen-09-2.jpg 1000w, https:\/\/www.heldenhaushalt.de\/sari02\/wp-content\/uploads\/2018\/10\/fuen-09-2-300x185.jpg 300w, https:\/\/www.heldenhaushalt.de\/sari02\/wp-content\/uploads\/2018\/10\/fuen-09-2-768x472.jpg 768w\" sizes=\"auto, (max-width: 1000px) 100vw, 1000px\" \/><\/p>\n<h2>#f&#252;nffragenamf&#252;nften \u2013 Bunte Per&#252;cken und unheimliche Begebenheiten&#8230;<\/h2>\n<p>Warum leite ich diesen Monat die Fragen mit bunten Per&#252;cken ein? Haben wir hier vielleicht schon eine erste Kindheitserinnerung? Finden wir es doch gemeinsam heraus&#8230;<\/p>\n<p><strong>1.<\/strong>&nbsp;<strong>Was ist der seltsamste Ort, an dem Du je aufgewacht bist?<\/strong><br \/>\nIch glaube das war der Flur &#8211; Fu&#223;boden von Freunden. Sie wohnten am anderen Ende der Stadt und sind von einer sehr kleine, aber wirklich sch&#246;nen Wohnung in einer Villa, in eine etwas gr&#246;&#223;ere Wohnung in einem Plattenbau umgezogen und wir halfen ihnen dabei. Zuvor mussten wir aber W&#228;nde streichen und Laminat &#8211; B&#246;den verlegen. Da der Weg zu ihnen allerdings kein kurzer war und wir zu dem Zeitpunkt vor allem nur mit &#214;ffentlichen unterwegs waren mangels eigenem Auto, beschlossen wir spontan dort zu &#252;bernachten. Die &#252;brigen Zimmer waren entweder deren Schlafzimmer oder Baustelle, so dass wir kurzer Hand mit Decken und Kissen am Fu&#223;boden im Flur schliefen. Dort waren wir n&#228;mlich auch schon mit dem Laminat fertig. Als ich am Morgen aufwachte, tat mir alles weh. Aber irgendwie war es auch lustig und ich erinnere mich gerne an diese Zeit.<\/p>\n<p><strong>2.<\/strong>&nbsp;&nbsp;<strong>Bald ist Halloween\u2026 magst du eigentlich Kost&#252;mparties?<\/strong><br \/>\nIch schon. Der Mann ja so &#252;berhaupt nicht. Die Kinder verkleiden sich gerne, m&#252;ssen aber mit der Situation an sich auch immer erst einmal warm werden. Ich selber verkleide mich allerdings gerne. Das habe ich als Kind schon viel getan und hatte hinter meiner Zimmert&#252;r eine gro&#223;e Kiste voller ausrangierter Kleider und T&#252;cher meiner Mutter. Meine Mutter und meine Oma hatten viele meiner Kost&#252;me f&#252;r Schule und Kita selber gen&#228;ht und ich trug sie wirklich gerne und oft auch ohne Anlass. Wenn es heute hei&#223;t &#8220;Motto &#8211; Party&#8221;, dann durchw&#252;hle ich sofort meinen Schrank und versuche mich zu verwandeln. Tats&#228;chlich habe ich sogar verschiedene Per&#252;cken im Schrank, die zum Beispiel zu Halloween zum Einsatz kommen oder letztes Jahr zum Beispiel zur Faschings &#8211; Party vom Schwager in Spe, wo ich als Pok\u00e9mon Trainerin ging. Meine Kinder haben heute auch so eine Kiste, die bis oben gef&#252;llt ist mit alten Kost&#252;men oder Dingen, mit denen man sich super verkleiden kann. Wenn ich ehrlich bin: Wenn ich mutig genug w&#228;re, w&#252;rde ich auch durchaus im Alltag dann und wann mal die eine oder andere Per&#252;cke einfach so aufsetzen, um eine Tagesstimmung wiederzuspiegeln.&nbsp;<\/p>\n<p><strong>3.<\/strong>&nbsp;<strong>Was ist das Unheimlichste, was du jemals gemacht hast oder was dir jemals passiert ist?<\/strong><br \/>\nEine Nachtwanderung auf Klassenfahrt, glaube ich. Sie geh&#246;rte zum Programm der Klassenfahrt dazu. Lehrer und Veranstalter der Jugendherberge hatten in einem Wald eine Nachtwanderung vorbereitet und den Weg mit kleinen Teelichter gekennzeichnet. Alle 100 Meter stand so ein Teelicht und sollte uns zeigen, wo der Weg lang ging. In den B&#252;schen rannten Mitarbeiter herum, um Ger&#228;usche zu machen und mit den Bl&#228;ttern zu rascheln. Eigentlich sollten wir alleine den Weg gehen, doch ich hatte mit einer Freundin vereinbart, dass ich bei der zweiten Kerze auf sie warten w&#252;rde, damit wir den Rest des Weges gemeinsam gehen konnten. Gemeinsam hielten wir uns an den Armen und versuchten den Weg so schnell wie m&#246;glich hinter uns zu bringen. Einmal erschraken wir so sehr, dass die Freundin st&#252;rzte und sich dabei am Knie weh tat. Herrjeh&#8230;die Fantasie von Jugendlichen kann schon manchmal ganz sch&#246;n intensiv sein *lach*.&nbsp;<br \/>\nAls ich noch bei meinen Eltern wohnte, hatte ich ein Zimmer auf dem Dachboden eines alten Mietshauses. Ich war also ganz alleine dort oben. Die meiste Zeit war das wirklich cool, doch eine Zeit lang waren da oben wirklich seltsame Ger&#228;usche. Die Plane des Daches raschelte im Herbst oft bei dem starken Wind und manchmal h&#246;rte ich ein Kratzen an den W&#228;nden. Zu dieser Zeit schlief ich meist nur mit Fernseher oder Musik ein, damit ich die Ger&#228;usche nicht h&#246;ren musste. Sp&#228;ter fand ich &#252;brigens heraus, dass ich doch nicht alleine da oben war, sondern eine kleine Maus mit mir dort lebte, die immer an einem Loch in der Wand kratzte *lach*.<\/p>\n<p><strong>4.<\/strong>&nbsp;&nbsp;<strong>Findest du , dass die schlechten Tagen oder gar schlechte Zeiten auch zum Leben geh&#246;ren?<\/strong><br \/>\nDefinitiv! Nicht alles kann immer frei von Komplikationen verlaufen. Nat&#252;rlich w&#228;re es sch&#246;ner f&#252;r uns alle, wenn es keine Stolpersteine in unserem Leben g&#228;be, aber ich glaube, wir w&#252;rden die Dinge dann als viel zu selbstverst&#228;ndlich hinnehmen und uns um nichts mehr ernsthaft bem&#252;hen. Wenn wir nicht lernen im Leben auch mal etwas f&#252;r die Dinge, die wir wollen oder die uns passieren sollen, die &#196;rmel hochzukrempeln und zu k&#228;mpfen, dann haben wir etwas verpasst, oder? Ich habe f&#252;r mich festgestellt, dass ich die guten Tage und Zeiten deutlich mehr zu sch&#228;tzen wei&#223;, wenn sie auf eine eher schwierige Phase in meinem Leben folgen. Ansonsten w&#252;rden die guten Tage wohl einfach sang &#8211; und klanglos an mir vorbei ziehen. Das w&#228;re doch schade.<\/p>\n<p><strong>5.<\/strong>&nbsp;&nbsp;<strong>Machst du gern Komplimente?<\/strong><br \/>\nJapp. Ich versuche es zumindest. Ich bin ja manchmal ein verdammt unkommunikativer Mensch, aber ich versuche die positiven Seiten eines Menschen hervorzuheben, wenn sie mir auffallen. Sei es ein besonders sch&#246;nes Kleidungsst&#252;ck, die neue Frisur oder eine F&#228;higkeit, die mich beeindruckt. Wenn mir so etwas auff&#228;llt, dann versuche ich es den Menschen auch weiter zu geben. Jeder wei&#223; doch, dass es die Komplimente im Leben sind, die uns motivieren und dazu anspornen weiter zu machen oder unser Selbstwertgef&#252;hl und Selbstbewusstsein st&#228;rken. Feedback in jeder Situation des Alltages ist wichtig und f&#246;rdert das Selbstbild ungemein.<\/p>\n<p><img loading=\"lazy\" decoding=\"async\" class=\"alignnone size-full wp-image-41579\" src=\"https:\/\/www.heldenhaushalt.de\/sari02\/wp-content\/uploads\/2018\/10\/fuen-09-03.jpg\" alt=\"#f&#252;nffragenamf&#252;nften\" width=\"1000\" height=\"636\" srcset=\"https:\/\/www.heldenhaushalt.de\/sari02\/wp-content\/uploads\/2018\/10\/fuen-09-03.jpg 1000w, https:\/\/www.heldenhaushalt.de\/sari02\/wp-content\/uploads\/2018\/10\/fuen-09-03-300x191.jpg 300w, https:\/\/www.heldenhaushalt.de\/sari02\/wp-content\/uploads\/2018\/10\/fuen-09-03-768x488.jpg 768w\" sizes=\"auto, (max-width: 1000px) 100vw, 1000px\" \/><\/p>\n<h2>Und nun kreieren wir neue Erinnerungen!<\/h2>\n<p>Die alten m&#246;gen zwar verblassen, doch wenn ich tief genug grabe, dann merke ich immer wieder, dass ich hier und da eben doch noch kleine Fitzel von ihnen finde, die sich wie ein Puzzle zu einem klaren Bild oder Gef&#252;hl zusammen setzen lassen.<\/p>\n<p>Manche Erinnerungen sind eben st&#228;rker als andere, aber das liegt sicher auch daran, dass es Momente voller starker Emotionen waren. Egal, in welche Richtung sie gehen. Momente, die wir mit kleinen Pin &#8211; Nadeln an die Pinnwand in unserem Kopf heften und die Notiz dazu schreiben: Nicht vergessen! Mehr Antworten findet ihr <a href=\"https:\/\/www.luziapimpinella.com\/fuenf-fragen-am-fuenften-oktober-monatskolumne-zum-mitmachen-selbstfindung\/\" target=\"_blank\" rel=\"noopener\">wie immer bei Nic<\/a>.<\/p>\n<p>Habt einen sch&#246;nen Sonntag,<\/p>\n<p><img loading=\"lazy\" decoding=\"async\" class=\"size-full wp-image-36568 alignright\" src=\"https:\/\/www.heldenhaushalt.de\/sari02\/wp-content\/uploads\/2018\/04\/sari-unter.jpg\" alt=\"\" width=\"130\" height=\"59\"><\/p>\n","protected":false},"excerpt":{"rendered":"<p>Fragt ihr euch manchmal auch, warum manche Erinnerungen aus der Kindheit so sehr verblasst sind und andere sich anf&#252;hlen, als ob man es gestern erst erlebt h&#228;tte? An manchen Tagen besch&#228;ftigen mich diese Erinnerungen wirklich sehr und ich versuche heraus zu finden, warum ich so vieles von fr&#252;her nicht mehr so richtig wei&#223;. Als ob manche Erinnerungen f&#252;r neue Erinnerungen weichen m&#252;ssen. St&#252;ck f&#252;r St&#252;ck. Ich glaube, dass sich manche Erinnerungen im Laufe der Zeit auch einfach ver&#228;ndern, oder? Dinge, die man als Kind als ganz normal angesehen haben, bekommen heute von uns nochmal einen vollkommen anderen Stellenwert&#8230; Nun ja, seltsame Gedanken am Morgen, nicht wahr? Fragt mich nicht, warum mich all das im Moment so sehr besch&#228;ftigt, aber ich sitze h&#228;ufig im Kinderzimmer, schaue den Kindern beim Spielen zu und frage mich, was sie von all dem sp&#228;ter noch wissen. Dabei hoffe ich, dass ihre Gef&#252;hle an ihre Kindheit immer vor allem positiv behaftet sind. So wichtig, oder? Nun m&#246;chte ich mich aber auf etwas vollkommen anderes konzentrieren&#8230; Freitag war der 5. Oktober und damit w&#228;ren an diesem Tag eigentlich auch die #f&#252;nffragenamf&#252;nften von Nic an der Reihe gewesen. Zu Gunsten der #Freitags5 und etwas Quality Time am Samstag mussten diese aber auf heute weichen. Ich bin vielleicht eine schwer besch&#228;ftigte Frau, oder? Hachja&#8230; Ne, im Ernst. Heute stelle ich mich also mal wieder den Fragen von Nic und bin gespannt, was f&#252;r Erkenntnisse ich dabei haben werde. Vielleicht finde ich sogar ein paar alte Erinnerungen wieder, die ich l&#228;ngst vergessen glaubte. Das w&#228;re doch sch&#246;n, oder? #f&#252;nffragenamf&#252;nften \u2013 Bunte Per&#252;cken und unheimliche Begebenheiten&#8230; Warum leite ich diesen Monat die Fragen mit bunten Per&#252;cken ein? Haben wir hier vielleicht schon eine erste Kindheitserinnerung? Finden wir es doch gemeinsam heraus&#8230; 1.&nbsp;Was ist der seltsamste Ort, an dem Du je aufgewacht bist? Ich glaube das war der Flur &#8211; Fu&#223;boden von Freunden. Sie wohnten am anderen Ende der Stadt und sind von einer sehr kleine, aber wirklich sch&#246;nen Wohnung in einer Villa, in eine etwas gr&#246;&#223;ere Wohnung in einem Plattenbau umgezogen und wir halfen ihnen dabei. Zuvor mussten wir aber W&#228;nde streichen und Laminat &#8211; B&#246;den verlegen. Da der Weg zu ihnen allerdings kein kurzer war und wir zu dem Zeitpunkt vor allem nur mit &#214;ffentlichen unterwegs waren mangels eigenem Auto, beschlossen wir spontan dort zu &#252;bernachten. Die &#252;brigen Zimmer waren entweder deren Schlafzimmer oder Baustelle, so dass wir kurzer Hand mit Decken und Kissen am Fu&#223;boden im Flur schliefen. Dort waren wir n&#228;mlich auch schon mit dem Laminat fertig. Als ich am Morgen aufwachte, tat mir alles weh. Aber irgendwie war es auch lustig und ich erinnere mich gerne an diese Zeit. 2.&nbsp;&nbsp;Bald ist Halloween\u2026 magst du eigentlich Kost&#252;mparties? Ich schon. Der Mann ja so &#252;berhaupt nicht. Die Kinder verkleiden sich gerne, m&#252;ssen aber mit der Situation an sich auch immer erst einmal warm werden. Ich selber verkleide mich allerdings gerne. Das habe ich als Kind schon viel getan und hatte hinter meiner Zimmert&#252;r eine gro&#223;e Kiste voller ausrangierter Kleider und T&#252;cher meiner Mutter. Meine Mutter und meine Oma hatten viele meiner Kost&#252;me f&#252;r Schule und Kita selber gen&#228;ht und ich trug sie wirklich gerne und oft auch ohne Anlass. Wenn es heute hei&#223;t &#8220;Motto &#8211; Party&#8221;, dann durchw&#252;hle ich sofort meinen Schrank und versuche mich zu verwandeln. Tats&#228;chlich habe ich sogar verschiedene Per&#252;cken im Schrank, die zum Beispiel zu Halloween zum Einsatz kommen oder letztes Jahr zum Beispiel zur Faschings &#8211; Party vom Schwager in Spe, wo ich als Pok\u00e9mon Trainerin ging. Meine Kinder haben heute auch so eine Kiste, die bis oben gef&#252;llt ist mit alten Kost&#252;men oder Dingen, mit denen man sich super verkleiden kann. Wenn ich ehrlich bin: Wenn ich mutig genug w&#228;re, w&#252;rde ich auch durchaus im Alltag dann und wann mal die eine oder andere Per&#252;cke einfach so aufsetzen, um eine Tagesstimmung wiederzuspiegeln.&nbsp; 3.&nbsp;Was ist das Unheimlichste, was du jemals gemacht hast oder was dir jemals passiert ist? Eine Nachtwanderung auf Klassenfahrt, glaube ich. Sie geh&#246;rte zum Programm der Klassenfahrt dazu. Lehrer und Veranstalter der Jugendherberge hatten in einem Wald eine Nachtwanderung vorbereitet und den Weg mit kleinen Teelichter gekennzeichnet. Alle 100 Meter stand so ein Teelicht und sollte uns zeigen, wo der Weg lang ging. In den B&#252;schen rannten Mitarbeiter herum, um Ger&#228;usche zu machen und mit den Bl&#228;ttern zu rascheln. Eigentlich sollten wir alleine den Weg gehen, doch ich hatte mit einer Freundin vereinbart, dass ich bei der zweiten Kerze auf sie warten w&#252;rde, damit wir den Rest des Weges gemeinsam gehen konnten. Gemeinsam hielten wir uns an den Armen und versuchten den Weg so schnell wie m&#246;glich hinter uns zu bringen. Einmal erschraken wir so sehr, dass die Freundin st&#252;rzte und sich dabei am Knie weh tat. Herrjeh&#8230;die Fantasie von Jugendlichen kann schon manchmal ganz sch&#246;n intensiv sein *lach*.&nbsp; Als ich noch bei meinen Eltern wohnte, hatte ich ein Zimmer auf dem Dachboden eines alten Mietshauses. Ich war also ganz alleine dort oben. Die meiste Zeit war das wirklich cool, doch eine Zeit lang waren da oben wirklich seltsame Ger&#228;usche. Die Plane des Daches raschelte im Herbst oft bei dem starken Wind und manchmal h&#246;rte ich ein Kratzen an den W&#228;nden. Zu dieser Zeit schlief ich meist nur mit Fernseher oder Musik ein, damit ich die Ger&#228;usche nicht h&#246;ren musste. Sp&#228;ter fand ich &#252;brigens heraus, dass ich doch nicht alleine da oben war, sondern eine kleine Maus mit mir dort lebte, die immer an einem Loch in der Wand kratzte *lach*. 4.&nbsp;&nbsp;Findest du , dass die schlechten Tagen oder gar schlechte Zeiten auch zum Leben geh&#246;ren? Definitiv! Nicht alles kann immer frei von Komplikationen verlaufen. Nat&#252;rlich w&#228;re es sch&#246;ner f&#252;r uns alle, wenn es keine Stolpersteine in unserem Leben g&#228;be, aber ich glaube, wir w&#252;rden die Dinge dann als viel zu selbstverst&#228;ndlich hinnehmen und uns um nichts mehr ernsthaft bem&#252;hen. Wenn wir nicht lernen im Leben auch mal etwas f&#252;r die Dinge, die wir wollen oder die uns passieren sollen, die &#196;rmel hochzukrempeln und zu k&#228;mpfen, dann haben wir etwas verpasst, oder? Ich habe f&#252;r mich festgestellt, dass ich die guten Tage und Zeiten deutlich mehr zu sch&#228;tzen wei&#223;, wenn sie auf eine eher schwierige Phase in meinem Leben folgen. Ansonsten w&#252;rden die guten Tage wohl einfach sang &#8211; und klanglos an mir vorbei ziehen. Das w&#228;re doch schade. 5.&nbsp;&nbsp;Machst du gern Komplimente? Japp. Ich versuche es zumindest. Ich bin ja manchmal ein verdammt unkommunikativer Mensch, aber ich versuche die positiven Seiten eines Menschen hervorzuheben, wenn sie mir auffallen. Sei es ein besonders sch&#246;nes Kleidungsst&#252;ck, die neue Frisur oder eine F&#228;higkeit, die mich beeindruckt. Wenn mir so etwas auff&#228;llt, dann versuche ich es den Menschen auch weiter zu geben. Jeder wei&#223; doch, dass es die Komplimente im Leben sind, die uns motivieren und dazu anspornen weiter zu machen oder unser Selbstwertgef&#252;hl und Selbstbewusstsein st&#228;rken. Feedback in jeder Situation des Alltages ist wichtig und f&#246;rdert das Selbstbild ungemein. Und nun kreieren wir neue Erinnerungen! Die alten m&#246;gen zwar verblassen, doch wenn ich tief genug grabe, dann merke ich immer wieder, dass ich hier und da eben doch noch kleine Fitzel von ihnen finde, die sich wie ein Puzzle zu einem klaren Bild oder Gef&#252;hl zusammen setzen lassen. Manche Erinnerungen sind eben st&#228;rker als andere, aber das liegt sicher auch daran, dass es Momente voller starker Emotionen waren. Egal, in welche Richtung sie gehen. Momente, die wir mit kleinen Pin &#8211; Nadeln an die Pinnwand in unserem Kopf heften und die Notiz dazu schreiben: Nicht vergessen! Mehr Antworten findet ihr wie immer bei Nic. Habt einen sch&#246;nen Sonntag,<\/p>\n","protected":false},"author":1,"featured_media":41577,"comment_status":"open","ping_status":"open","sticky":false,"template":"","format":"standard","meta":{"ngg_post_thumbnail":0,"footnotes":""},"categories":[323,49],"tags":[1000,619,1783,828,248],"class_list":["post-41435","post","type-post","status-publish","format-standard","has-post-thumbnail","hentry","category-alltag","category-blogspaehre","tag-antworten","tag-ueber-mich","tag-fuenffragenamfuenften","tag-fragen","tag-mich-gefragt-2"],"yoast_head":"<!-- This site is optimized with the Yoast SEO plugin v27.4 - https:\/\/yoast.com\/product\/yoast-seo-wordpress\/ -->\n<title>Bunte Kost\u00fcme und Nachtwanderungen - #f\u00fcnffragenamf\u00fcnften im Oktober<\/title>\n<meta name=\"description\" content=\"Gestern war der 5. Oktober und damit w\u00e4ren gestern eigentlich auch die #f\u00fcnffragenamf\u00fcnften von Nic an der Reihe gewesen.\" \/>\n<meta name=\"robots\" content=\"index, follow, max-snippet:-1, max-image-preview:large, max-video-preview:-1\" \/>\n<link rel=\"canonical\" href=\"https:\/\/www.heldenhaushalt.de\/sari02\/index.php\/2018\/10\/07\/fuenffragenamfuenften-im-oktober\/\" \/>\n<meta property=\"og:locale\" content=\"de_DE\" \/>\n<meta property=\"og:type\" content=\"article\" \/>\n<meta property=\"og:title\" content=\"Bunte Kost\u00fcme und Nachtwanderungen - #f\u00fcnffragenamf\u00fcnften im Oktober\" \/>\n<meta property=\"og:description\" content=\"Gestern war der 5. Oktober und damit w\u00e4ren gestern eigentlich auch die #f\u00fcnffragenamf\u00fcnften von Nic an der Reihe gewesen.\" \/>\n<meta property=\"og:url\" content=\"https:\/\/www.heldenhaushalt.de\/sari02\/index.php\/2018\/10\/07\/fuenffragenamfuenften-im-oktober\/\" \/>\n<meta property=\"og:site_name\" content=\"Heldenhaushalt\" \/>\n<meta property=\"article:published_time\" content=\"2018-10-07T08:00:00+00:00\" \/>\n<meta property=\"article:modified_time\" content=\"2018-10-07T12:05:01+00:00\" \/>\n<meta property=\"og:image\" content=\"https:\/\/www.heldenhaushalt.de\/sari02\/wp-content\/uploads\/2018\/10\/fuen-09-01.jpg\" \/>\n\t<meta property=\"og:image:width\" content=\"1000\" \/>\n\t<meta property=\"og:image:height\" content=\"647\" \/>\n\t<meta property=\"og:image:type\" content=\"image\/jpeg\" \/>\n<meta name=\"author\" content=\"Sari\" \/>\n<meta name=\"twitter:card\" content=\"summary_large_image\" \/>\n<meta name=\"twitter:creator\" content=\"@Heldenhaushalt\" \/>\n<meta name=\"twitter:site\" content=\"@Heldenhaushalt\" \/>\n<meta name=\"twitter:label1\" content=\"Verfasst von\" \/>\n\t<meta name=\"twitter:data1\" content=\"Sari\" \/>\n\t<meta name=\"twitter:label2\" content=\"Gesch\u00e4tzte Lesezeit\" \/>\n\t<meta name=\"twitter:data2\" content=\"7\u00a0Minuten\" \/>\n<script type=\"application\/ld+json\" class=\"yoast-schema-graph\">{\"@context\":\"https:\\\/\\\/schema.org\",\"@graph\":[{\"@type\":\"Article\",\"@id\":\"https:\\\/\\\/www.heldenhaushalt.de\\\/sari02\\\/index.php\\\/2018\\\/10\\\/07\\\/fuenffragenamfuenften-im-oktober\\\/#article\",\"isPartOf\":{\"@id\":\"https:\\\/\\\/www.heldenhaushalt.de\\\/sari02\\\/index.php\\\/2018\\\/10\\\/07\\\/fuenffragenamfuenften-im-oktober\\\/\"},\"author\":{\"name\":\"Sari\",\"@id\":\"https:\\\/\\\/www.heldenhaushalt.de\\\/sari02\\\/#\\\/schema\\\/person\\\/a1cc69f42a01f412eb62c151353814f6\"},\"headline\":\"Erinnerungen an bunte Kost&#252;me und seltsame Nachtwanderungen &#8211; #f&#252;nffragenamf&#252;nften im Oktober\",\"datePublished\":\"2018-10-07T08:00:00+00:00\",\"dateModified\":\"2018-10-07T12:05:01+00:00\",\"mainEntityOfPage\":{\"@id\":\"https:\\\/\\\/www.heldenhaushalt.de\\\/sari02\\\/index.php\\\/2018\\\/10\\\/07\\\/fuenffragenamfuenften-im-oktober\\\/\"},\"wordCount\":1368,\"commentCount\":0,\"publisher\":{\"@id\":\"https:\\\/\\\/www.heldenhaushalt.de\\\/sari02\\\/#\\\/schema\\\/person\\\/a1cc69f42a01f412eb62c151353814f6\"},\"image\":{\"@id\":\"https:\\\/\\\/www.heldenhaushalt.de\\\/sari02\\\/index.php\\\/2018\\\/10\\\/07\\\/fuenffragenamfuenften-im-oktober\\\/#primaryimage\"},\"thumbnailUrl\":\"https:\\\/\\\/www.heldenhaushalt.de\\\/sari02\\\/wp-content\\\/uploads\\\/2018\\\/10\\\/fuen-09-01.jpg\",\"keywords\":[\"Antworten\",\"\u00dcber mich\",\"f\u00fcnffragenamf\u00fcnften\",\"Fragen\",\"Mich gefragt\"],\"articleSection\":[\"Alltagschaos\",\"Blogsph\u00e4re\"],\"inLanguage\":\"de\",\"potentialAction\":[{\"@type\":\"CommentAction\",\"name\":\"Comment\",\"target\":[\"https:\\\/\\\/www.heldenhaushalt.de\\\/sari02\\\/index.php\\\/2018\\\/10\\\/07\\\/fuenffragenamfuenften-im-oktober\\\/#respond\"]}]},{\"@type\":\"WebPage\",\"@id\":\"https:\\\/\\\/www.heldenhaushalt.de\\\/sari02\\\/index.php\\\/2018\\\/10\\\/07\\\/fuenffragenamfuenften-im-oktober\\\/\",\"url\":\"https:\\\/\\\/www.heldenhaushalt.de\\\/sari02\\\/index.php\\\/2018\\\/10\\\/07\\\/fuenffragenamfuenften-im-oktober\\\/\",\"name\":\"Bunte Kost\u00fcme und Nachtwanderungen - #f\u00fcnffragenamf\u00fcnften im Oktober\",\"isPartOf\":{\"@id\":\"https:\\\/\\\/www.heldenhaushalt.de\\\/sari02\\\/#website\"},\"primaryImageOfPage\":{\"@id\":\"https:\\\/\\\/www.heldenhaushalt.de\\\/sari02\\\/index.php\\\/2018\\\/10\\\/07\\\/fuenffragenamfuenften-im-oktober\\\/#primaryimage\"},\"image\":{\"@id\":\"https:\\\/\\\/www.heldenhaushalt.de\\\/sari02\\\/index.php\\\/2018\\\/10\\\/07\\\/fuenffragenamfuenften-im-oktober\\\/#primaryimage\"},\"thumbnailUrl\":\"https:\\\/\\\/www.heldenhaushalt.de\\\/sari02\\\/wp-content\\\/uploads\\\/2018\\\/10\\\/fuen-09-01.jpg\",\"datePublished\":\"2018-10-07T08:00:00+00:00\",\"dateModified\":\"2018-10-07T12:05:01+00:00\",\"description\":\"Gestern war der 5. Oktober und damit w\u00e4ren gestern eigentlich auch die #f\u00fcnffragenamf\u00fcnften von Nic an der Reihe gewesen.\",\"breadcrumb\":{\"@id\":\"https:\\\/\\\/www.heldenhaushalt.de\\\/sari02\\\/index.php\\\/2018\\\/10\\\/07\\\/fuenffragenamfuenften-im-oktober\\\/#breadcrumb\"},\"inLanguage\":\"de\",\"potentialAction\":[{\"@type\":\"ReadAction\",\"target\":[\"https:\\\/\\\/www.heldenhaushalt.de\\\/sari02\\\/index.php\\\/2018\\\/10\\\/07\\\/fuenffragenamfuenften-im-oktober\\\/\"]}]},{\"@type\":\"ImageObject\",\"inLanguage\":\"de\",\"@id\":\"https:\\\/\\\/www.heldenhaushalt.de\\\/sari02\\\/index.php\\\/2018\\\/10\\\/07\\\/fuenffragenamfuenften-im-oktober\\\/#primaryimage\",\"url\":\"https:\\\/\\\/www.heldenhaushalt.de\\\/sari02\\\/wp-content\\\/uploads\\\/2018\\\/10\\\/fuen-09-01.jpg\",\"contentUrl\":\"https:\\\/\\\/www.heldenhaushalt.de\\\/sari02\\\/wp-content\\\/uploads\\\/2018\\\/10\\\/fuen-09-01.jpg\",\"width\":1000,\"height\":647,\"caption\":\"#f\u00fcnffragenamf\u00fcnften\"},{\"@type\":\"BreadcrumbList\",\"@id\":\"https:\\\/\\\/www.heldenhaushalt.de\\\/sari02\\\/index.php\\\/2018\\\/10\\\/07\\\/fuenffragenamfuenften-im-oktober\\\/#breadcrumb\",\"itemListElement\":[{\"@type\":\"ListItem\",\"position\":1,\"name\":\"Startseite\",\"item\":\"https:\\\/\\\/www.heldenhaushalt.de\\\/sari02\\\/\"},{\"@type\":\"ListItem\",\"position\":2,\"name\":\"Erinnerungen an bunte Kost&#252;me und seltsame Nachtwanderungen &#8211; #f&#252;nffragenamf&#252;nften im Oktober\"}]},{\"@type\":\"WebSite\",\"@id\":\"https:\\\/\\\/www.heldenhaushalt.de\\\/sari02\\\/#website\",\"url\":\"https:\\\/\\\/www.heldenhaushalt.de\\\/sari02\\\/\",\"name\":\"Heldenhaushalt\",\"description\":\"Wer es ordentlich haben will, der muss vorher anrufen\",\"publisher\":{\"@id\":\"https:\\\/\\\/www.heldenhaushalt.de\\\/sari02\\\/#\\\/schema\\\/person\\\/a1cc69f42a01f412eb62c151353814f6\"},\"potentialAction\":[{\"@type\":\"SearchAction\",\"target\":{\"@type\":\"EntryPoint\",\"urlTemplate\":\"https:\\\/\\\/www.heldenhaushalt.de\\\/sari02\\\/?s={search_term_string}\"},\"query-input\":{\"@type\":\"PropertyValueSpecification\",\"valueRequired\":true,\"valueName\":\"search_term_string\"}}],\"inLanguage\":\"de\"},{\"@type\":[\"Person\",\"Organization\"],\"@id\":\"https:\\\/\\\/www.heldenhaushalt.de\\\/sari02\\\/#\\\/schema\\\/person\\\/a1cc69f42a01f412eb62c151353814f6\",\"name\":\"Sari\",\"image\":{\"@type\":\"ImageObject\",\"inLanguage\":\"de\",\"@id\":\"https:\\\/\\\/www.heldenhaushalt.de\\\/sari02\\\/wp-content\\\/uploads\\\/2019\\\/02\\\/sari-april2018.png\",\"url\":\"https:\\\/\\\/www.heldenhaushalt.de\\\/sari02\\\/wp-content\\\/uploads\\\/2019\\\/02\\\/sari-april2018.png\",\"contentUrl\":\"https:\\\/\\\/www.heldenhaushalt.de\\\/sari02\\\/wp-content\\\/uploads\\\/2019\\\/02\\\/sari-april2018.png\",\"width\":500,\"height\":500,\"caption\":\"Sari\"},\"logo\":{\"@id\":\"https:\\\/\\\/www.heldenhaushalt.de\\\/sari02\\\/wp-content\\\/uploads\\\/2019\\\/02\\\/sari-april2018.png\"},\"description\":\"Frau Mondgras \u2013 Das bin ich, Sari. Gerne auch als Sari Mondgras bekannt und im Internet zu finden. 2-Fach-Mutter, Heldenehefrau, Kreativling, Harmonies\u00fcchtig und st\u00e4ndig auf der Suche nach Gl\u00fcck. Ich komme aus Berlin, bin hier aufgewachsen und lebe hier seit ich denken kann.\",\"sameAs\":[\"https:\\\/\\\/www.instagram.com\\\/heldenhaushalt\\\/\"],\"url\":\"https:\\\/\\\/www.heldenhaushalt.de\\\/sari02\\\/index.php\\\/author\\\/admin\\\/\"}]}<\/script>\n<!-- \/ Yoast SEO plugin. -->","yoast_head_json":{"title":"Bunte Kost\u00fcme und Nachtwanderungen - #f\u00fcnffragenamf\u00fcnften im Oktober","description":"Gestern war der 5. Oktober und damit w\u00e4ren gestern eigentlich auch die #f\u00fcnffragenamf\u00fcnften von Nic an der Reihe gewesen.","robots":{"index":"index","follow":"follow","max-snippet":"max-snippet:-1","max-image-preview":"max-image-preview:large","max-video-preview":"max-video-preview:-1"},"canonical":"https:\/\/www.heldenhaushalt.de\/sari02\/index.php\/2018\/10\/07\/fuenffragenamfuenften-im-oktober\/","og_locale":"de_DE","og_type":"article","og_title":"Bunte Kost\u00fcme und Nachtwanderungen - #f\u00fcnffragenamf\u00fcnften im Oktober","og_description":"Gestern war der 5. Oktober und damit w\u00e4ren gestern eigentlich auch die #f\u00fcnffragenamf\u00fcnften von Nic an der Reihe gewesen.","og_url":"https:\/\/www.heldenhaushalt.de\/sari02\/index.php\/2018\/10\/07\/fuenffragenamfuenften-im-oktober\/","og_site_name":"Heldenhaushalt","article_published_time":"2018-10-07T08:00:00+00:00","article_modified_time":"2018-10-07T12:05:01+00:00","og_image":[{"width":1000,"height":647,"url":"https:\/\/www.heldenhaushalt.de\/sari02\/wp-content\/uploads\/2018\/10\/fuen-09-01.jpg","type":"image\/jpeg"}],"author":"Sari","twitter_card":"summary_large_image","twitter_creator":"@Heldenhaushalt","twitter_site":"@Heldenhaushalt","twitter_misc":{"Verfasst von":"Sari","Gesch\u00e4tzte Lesezeit":"7\u00a0Minuten"},"schema":{"@context":"https:\/\/schema.org","@graph":[{"@type":"Article","@id":"https:\/\/www.heldenhaushalt.de\/sari02\/index.php\/2018\/10\/07\/fuenffragenamfuenften-im-oktober\/#article","isPartOf":{"@id":"https:\/\/www.heldenhaushalt.de\/sari02\/index.php\/2018\/10\/07\/fuenffragenamfuenften-im-oktober\/"},"author":{"name":"Sari","@id":"https:\/\/www.heldenhaushalt.de\/sari02\/#\/schema\/person\/a1cc69f42a01f412eb62c151353814f6"},"headline":"Erinnerungen an bunte Kost&#252;me und seltsame Nachtwanderungen &#8211; #f&#252;nffragenamf&#252;nften im Oktober","datePublished":"2018-10-07T08:00:00+00:00","dateModified":"2018-10-07T12:05:01+00:00","mainEntityOfPage":{"@id":"https:\/\/www.heldenhaushalt.de\/sari02\/index.php\/2018\/10\/07\/fuenffragenamfuenften-im-oktober\/"},"wordCount":1368,"commentCount":0,"publisher":{"@id":"https:\/\/www.heldenhaushalt.de\/sari02\/#\/schema\/person\/a1cc69f42a01f412eb62c151353814f6"},"image":{"@id":"https:\/\/www.heldenhaushalt.de\/sari02\/index.php\/2018\/10\/07\/fuenffragenamfuenften-im-oktober\/#primaryimage"},"thumbnailUrl":"https:\/\/www.heldenhaushalt.de\/sari02\/wp-content\/uploads\/2018\/10\/fuen-09-01.jpg","keywords":["Antworten","\u00dcber mich","f\u00fcnffragenamf\u00fcnften","Fragen","Mich gefragt"],"articleSection":["Alltagschaos","Blogsph\u00e4re"],"inLanguage":"de","potentialAction":[{"@type":"CommentAction","name":"Comment","target":["https:\/\/www.heldenhaushalt.de\/sari02\/index.php\/2018\/10\/07\/fuenffragenamfuenften-im-oktober\/#respond"]}]},{"@type":"WebPage","@id":"https:\/\/www.heldenhaushalt.de\/sari02\/index.php\/2018\/10\/07\/fuenffragenamfuenften-im-oktober\/","url":"https:\/\/www.heldenhaushalt.de\/sari02\/index.php\/2018\/10\/07\/fuenffragenamfuenften-im-oktober\/","name":"Bunte Kost\u00fcme und Nachtwanderungen - #f\u00fcnffragenamf\u00fcnften im Oktober","isPartOf":{"@id":"https:\/\/www.heldenhaushalt.de\/sari02\/#website"},"primaryImageOfPage":{"@id":"https:\/\/www.heldenhaushalt.de\/sari02\/index.php\/2018\/10\/07\/fuenffragenamfuenften-im-oktober\/#primaryimage"},"image":{"@id":"https:\/\/www.heldenhaushalt.de\/sari02\/index.php\/2018\/10\/07\/fuenffragenamfuenften-im-oktober\/#primaryimage"},"thumbnailUrl":"https:\/\/www.heldenhaushalt.de\/sari02\/wp-content\/uploads\/2018\/10\/fuen-09-01.jpg","datePublished":"2018-10-07T08:00:00+00:00","dateModified":"2018-10-07T12:05:01+00:00","description":"Gestern war der 5. Oktober und damit w\u00e4ren gestern eigentlich auch die #f\u00fcnffragenamf\u00fcnften von Nic an der Reihe gewesen.","breadcrumb":{"@id":"https:\/\/www.heldenhaushalt.de\/sari02\/index.php\/2018\/10\/07\/fuenffragenamfuenften-im-oktober\/#breadcrumb"},"inLanguage":"de","potentialAction":[{"@type":"ReadAction","target":["https:\/\/www.heldenhaushalt.de\/sari02\/index.php\/2018\/10\/07\/fuenffragenamfuenften-im-oktober\/"]}]},{"@type":"ImageObject","inLanguage":"de","@id":"https:\/\/www.heldenhaushalt.de\/sari02\/index.php\/2018\/10\/07\/fuenffragenamfuenften-im-oktober\/#primaryimage","url":"https:\/\/www.heldenhaushalt.de\/sari02\/wp-content\/uploads\/2018\/10\/fuen-09-01.jpg","contentUrl":"https:\/\/www.heldenhaushalt.de\/sari02\/wp-content\/uploads\/2018\/10\/fuen-09-01.jpg","width":1000,"height":647,"caption":"#f\u00fcnffragenamf\u00fcnften"},{"@type":"BreadcrumbList","@id":"https:\/\/www.heldenhaushalt.de\/sari02\/index.php\/2018\/10\/07\/fuenffragenamfuenften-im-oktober\/#breadcrumb","itemListElement":[{"@type":"ListItem","position":1,"name":"Startseite","item":"https:\/\/www.heldenhaushalt.de\/sari02\/"},{"@type":"ListItem","position":2,"name":"Erinnerungen an bunte Kost&#252;me und seltsame Nachtwanderungen &#8211; #f&#252;nffragenamf&#252;nften im Oktober"}]},{"@type":"WebSite","@id":"https:\/\/www.heldenhaushalt.de\/sari02\/#website","url":"https:\/\/www.heldenhaushalt.de\/sari02\/","name":"Heldenhaushalt","description":"Wer es ordentlich haben will, der muss vorher anrufen","publisher":{"@id":"https:\/\/www.heldenhaushalt.de\/sari02\/#\/schema\/person\/a1cc69f42a01f412eb62c151353814f6"},"potentialAction":[{"@type":"SearchAction","target":{"@type":"EntryPoint","urlTemplate":"https:\/\/www.heldenhaushalt.de\/sari02\/?s={search_term_string}"},"query-input":{"@type":"PropertyValueSpecification","valueRequired":true,"valueName":"search_term_string"}}],"inLanguage":"de"},{"@type":["Person","Organization"],"@id":"https:\/\/www.heldenhaushalt.de\/sari02\/#\/schema\/person\/a1cc69f42a01f412eb62c151353814f6","name":"Sari","image":{"@type":"ImageObject","inLanguage":"de","@id":"https:\/\/www.heldenhaushalt.de\/sari02\/wp-content\/uploads\/2019\/02\/sari-april2018.png","url":"https:\/\/www.heldenhaushalt.de\/sari02\/wp-content\/uploads\/2019\/02\/sari-april2018.png","contentUrl":"https:\/\/www.heldenhaushalt.de\/sari02\/wp-content\/uploads\/2019\/02\/sari-april2018.png","width":500,"height":500,"caption":"Sari"},"logo":{"@id":"https:\/\/www.heldenhaushalt.de\/sari02\/wp-content\/uploads\/2019\/02\/sari-april2018.png"},"description":"Frau Mondgras \u2013 Das bin ich, Sari. Gerne auch als Sari Mondgras bekannt und im Internet zu finden. 2-Fach-Mutter, Heldenehefrau, Kreativling, Harmonies\u00fcchtig und st\u00e4ndig auf der Suche nach Gl\u00fcck. Ich komme aus Berlin, bin hier aufgewachsen und lebe hier seit ich denken kann.","sameAs":["https:\/\/www.instagram.com\/heldenhaushalt\/"],"url":"https:\/\/www.heldenhaushalt.de\/sari02\/index.php\/author\/admin\/"}]}},"views":2159,"_links":{"self":[{"href":"https:\/\/www.heldenhaushalt.de\/sari02\/index.php\/wp-json\/wp\/v2\/posts\/41435","targetHints":{"allow":["GET"]}}],"collection":[{"href":"https:\/\/www.heldenhaushalt.de\/sari02\/index.php\/wp-json\/wp\/v2\/posts"}],"about":[{"href":"https:\/\/www.heldenhaushalt.de\/sari02\/index.php\/wp-json\/wp\/v2\/types\/post"}],"author":[{"embeddable":true,"href":"https:\/\/www.heldenhaushalt.de\/sari02\/index.php\/wp-json\/wp\/v2\/users\/1"}],"replies":[{"embeddable":true,"href":"https:\/\/www.heldenhaushalt.de\/sari02\/index.php\/wp-json\/wp\/v2\/comments?post=41435"}],"version-history":[{"count":7,"href":"https:\/\/www.heldenhaushalt.de\/sari02\/index.php\/wp-json\/wp\/v2\/posts\/41435\/revisions"}],"predecessor-version":[{"id":41583,"href":"https:\/\/www.heldenhaushalt.de\/sari02\/index.php\/wp-json\/wp\/v2\/posts\/41435\/revisions\/41583"}],"wp:featuredmedia":[{"embeddable":true,"href":"https:\/\/www.heldenhaushalt.de\/sari02\/index.php\/wp-json\/wp\/v2\/media\/41577"}],"wp:attachment":[{"href":"https:\/\/www.heldenhaushalt.de\/sari02\/index.php\/wp-json\/wp\/v2\/media?parent=41435"}],"wp:term":[{"taxonomy":"category","embeddable":true,"href":"https:\/\/www.heldenhaushalt.de\/sari02\/index.php\/wp-json\/wp\/v2\/categories?post=41435"},{"taxonomy":"post_tag","embeddable":true,"href":"https:\/\/www.heldenhaushalt.de\/sari02\/index.php\/wp-json\/wp\/v2\/tags?post=41435"}],"curies":[{"name":"wp","href":"https:\/\/api.w.org\/{rel}","templated":true}]}}