{"id":42236,"date":"2018-11-09T08:59:23","date_gmt":"2018-11-09T07:59:23","guid":{"rendered":"https:\/\/www.heldenhaushalt.de\/sari02\/?p=42236"},"modified":"2018-11-10T08:14:18","modified_gmt":"2018-11-10T07:14:18","slug":"freitags5-november-02-2","status":"publish","type":"post","link":"https:\/\/www.heldenhaushalt.de\/sari02\/index.php\/2018\/11\/09\/freitags5-november-02-2\/","title":{"rendered":"#Freitags5 \u2013 5 Tage 5 Fotos im November #02"},"content":{"rendered":"<p><small>Werbung \u2013 Der folgende Artikel enth&#228;lt evtl. Bilder mit Produkten, die wir in unserem Alltag nutzen. Wir haben keine Bezahlung f&#252;r das Zeigen oder Nutzen derselbigen erhalten.<\/small><\/p>\n<p>&#8220;Du siehst gestresst aus. Bist du gestresst?&#8221;, fragte der Trainer mich am Dienstag und ich wusste nicht so recht, was ich darauf antworten sollte. &#8220;Du siehst ganz sch&#246;n fertig aus&#8221;, sagte mir eine Mutter am n&#228;chsten Tag am Morgen vor der Schule. Oh man&#8230; mein Gesicht scheint mal wieder B&#228;nde zu sprechen. Dabei versuche ich zu Hause nun wirklich Ruhe zu finden. Mich in mich zu kehren und mal ein bisschen zu mir zu finden. Ausgeglichenheit usw. Aber ich schlafe seit einiger Zeit wirklich schlecht nachts. Teilweise gar nicht wirklich. Ich kann nicht mal wirklich sagen, woran das liegt, aber es hat definitiv seine Auswirkungen. Immerhin hat uns der Alltag nun nach Ferienende wieder. Schule, Kita, Training, Arbeit.. als diese Faktoren, die eine gewisse Regelm&#228;&#223;igkeit in die Woche bringen&#8230;<\/p>\n<p style=\"text-align: center;\">***<\/p>\n<h2>Meine #Freitags5 #Freitagslieblinge<\/h2>\n<p><img loading=\"lazy\" decoding=\"async\" class=\"alignnone size-full wp-image-42279\" src=\"https:\/\/www.heldenhaushalt.de\/sari02\/wp-content\/uploads\/2018\/11\/18-43-01.jpg\" alt=\"#Freitags5\" width=\"1000\" height=\"999\" srcset=\"https:\/\/www.heldenhaushalt.de\/sari02\/wp-content\/uploads\/2018\/11\/18-43-01.jpg 1000w, https:\/\/www.heldenhaushalt.de\/sari02\/wp-content\/uploads\/2018\/11\/18-43-01-150x150.jpg 150w, https:\/\/www.heldenhaushalt.de\/sari02\/wp-content\/uploads\/2018\/11\/18-43-01-300x300.jpg 300w, https:\/\/www.heldenhaushalt.de\/sari02\/wp-content\/uploads\/2018\/11\/18-43-01-768x767.jpg 768w, https:\/\/www.heldenhaushalt.de\/sari02\/wp-content\/uploads\/2018\/11\/18-43-01-660x660.jpg 660w, https:\/\/www.heldenhaushalt.de\/sari02\/wp-content\/uploads\/2018\/11\/18-43-01-373x373.jpg 373w\" sizes=\"auto, (max-width: 1000px) 100vw, 1000px\" \/><\/p>\n<p><strong>Meine Lieblingslekt&#252;re der Woche \u2013&nbsp;<\/strong>&nbsp;Montag geht es mit der Kita Laterne laufen. Die Kinder freuen sich schon darauf und der Gro&#223;e ganz besonders, nachdem er ja gestern schon war. Zur Einstimmung genie&#223;en wir das s&#252;&#223;e Buch &#8220;<a href=\"https:\/\/www.amazon.de\/gp\/product\/3737355754\/ref=as_li_tl?ie=UTF8&amp;camp=1638&amp;creative=6742&amp;creativeASIN=3737355754&amp;linkCode=as2&amp;tag=mondgrasde-21&amp;linkId=68de89f9a6d11c9cbbefba0b6f650d3b\" target=\"_blank\" rel=\"nofollow noopener\">Laterne, Laterne, Lieselotte<\/a>&#8221; <small>(Affiliate)<\/small>, das wir <a href=\"https:\/\/www.grossekoepfe.de\/wochenbuch\/laterne-laterne-lieselotte\" target=\"_blank\" rel=\"noopener\">bei Alu<\/a> entdeckt haben.<\/p>\n<p style=\"text-align: center;\">***<\/p>\n<p><img loading=\"lazy\" decoding=\"async\" class=\"alignnone size-full wp-image-42280\" src=\"https:\/\/www.heldenhaushalt.de\/sari02\/wp-content\/uploads\/2018\/11\/18-43-02.jpg\" alt=\"#Freitags5\" width=\"1000\" height=\"1000\" srcset=\"https:\/\/www.heldenhaushalt.de\/sari02\/wp-content\/uploads\/2018\/11\/18-43-02.jpg 1000w, https:\/\/www.heldenhaushalt.de\/sari02\/wp-content\/uploads\/2018\/11\/18-43-02-150x150.jpg 150w, https:\/\/www.heldenhaushalt.de\/sari02\/wp-content\/uploads\/2018\/11\/18-43-02-300x300.jpg 300w, https:\/\/www.heldenhaushalt.de\/sari02\/wp-content\/uploads\/2018\/11\/18-43-02-768x768.jpg 768w, https:\/\/www.heldenhaushalt.de\/sari02\/wp-content\/uploads\/2018\/11\/18-43-02-660x660.jpg 660w, https:\/\/www.heldenhaushalt.de\/sari02\/wp-content\/uploads\/2018\/11\/18-43-02-373x373.jpg 373w\" sizes=\"auto, (max-width: 1000px) 100vw, 1000px\" \/><\/p>\n<p><b>Mein Lieblingsessen der Woche \u2013&nbsp;<\/b>&nbsp;Am Donnerstag war ich mit dem Heldenkind ganz alleine im Kino! Das war mal etwas ganz Besonderes f&#252;r den kleinen Mann und er freute sich die ganze Woche schon darauf. Vielleicht auch, weil es mal eine T&#252;te Popcorn nur f&#252;r ihn ganz alleine gab.<\/p>\n<p style=\"text-align: center;\">***<\/p>\n<p><img loading=\"lazy\" decoding=\"async\" class=\"alignnone size-full wp-image-42281\" src=\"https:\/\/www.heldenhaushalt.de\/sari02\/wp-content\/uploads\/2018\/11\/18-43-03.jpg\" alt=\"#Freitags5\" width=\"1000\" height=\"1019\" srcset=\"https:\/\/www.heldenhaushalt.de\/sari02\/wp-content\/uploads\/2018\/11\/18-43-03.jpg 1000w, https:\/\/www.heldenhaushalt.de\/sari02\/wp-content\/uploads\/2018\/11\/18-43-03-294x300.jpg 294w, https:\/\/www.heldenhaushalt.de\/sari02\/wp-content\/uploads\/2018\/11\/18-43-03-768x783.jpg 768w\" sizes=\"auto, (max-width: 1000px) 100vw, 1000px\" \/><\/p>\n<p><strong>Meilensteine der Kinder&nbsp;<\/strong>\u2013 Stolz erz&#228;hlte mir der Miniheld am Mittwoch vom Schwimmunterricht. Zwei wichtige Sachen f&#252;r sein Silberabzeichen konnte er wohl schon abliefern und hofft, dass er bald sein Abzeichen schafft. Ich bin gespannt, ob er den Sprung vom Dreier wagen wird, denn ich wei&#223;, dass ich ziemlich Respekt davor hatte damals. Am Donnerstag ging er dann mit der Schule und dem Papa Laterne laufen. Das erste Mal f&#252;r mich, dass ich nicht dabei war, da ich ja stattdessen mit dem Heldenkind ein Date im Kino hatte. Ich muss nicht extra erw&#228;hnen, dass jedes Kind seine ganz pers&#246;nliche Quality time sehr genossen hat, oder? Am Montag gehe ich dann daf&#252;r mit dem kleinen und der Kita zu seinem ersten offiziellen Laternenumzug und bin schon sehr gespannt, wie ihm das gefallen wird.&nbsp;<\/p>\n<p style=\"text-align: center;\">***<\/p>\n<p><img loading=\"lazy\" decoding=\"async\" class=\"alignnone size-full wp-image-42282\" src=\"https:\/\/www.heldenhaushalt.de\/sari02\/wp-content\/uploads\/2018\/11\/18-43-04.jpg\" alt=\"#Freitags5\" width=\"1000\" height=\"1008\" srcset=\"https:\/\/www.heldenhaushalt.de\/sari02\/wp-content\/uploads\/2018\/11\/18-43-04.jpg 1000w, https:\/\/www.heldenhaushalt.de\/sari02\/wp-content\/uploads\/2018\/11\/18-43-04-150x150.jpg 150w, https:\/\/www.heldenhaushalt.de\/sari02\/wp-content\/uploads\/2018\/11\/18-43-04-298x300.jpg 298w, https:\/\/www.heldenhaushalt.de\/sari02\/wp-content\/uploads\/2018\/11\/18-43-04-768x774.jpg 768w\" sizes=\"auto, (max-width: 1000px) 100vw, 1000px\" \/><\/p>\n<p><strong>Was Mama bewegt hat<\/strong>&nbsp; \u2013&nbsp; Ich versuche wieder etwas Regelm&#228;&#223;igkeit nach den Herbstferien in meinen Tag zu bekommen, auszumisten und zu putzen. Ich m&#246;chte gerne noch ein bisschen etwas schaffen, bevor wir mit der Weihnachtsdeko anfangen. F&#252;r den Dezember haben wir uns jetzt etwas Zeit f&#252;r Weihnachtsaktivit&#228;ten frei geschaufelt. Das brauchen wir alle. Das merkt man. Und wir freuen uns darauf. Auch Sport versuche ich nun wieder t&#228;glich zu machen. Wie sehr man sich daran gew&#246;hnen kann, oder? Man f&#252;hlt sich direkt aufgequollener, wenn man es mal zwei Wochen nicht macht. Wenn ich nur nachts besser schlafen w&#252;rde, das w&#252;rde schon sehr helfen. Heute ging es f&#252;r mich noch zum monatlichen Bloggerstammtisch und dar&#252;ber freue ich mich sehr, denn es war meine pers&#246;nliche kleine Auszeit zwischen lieben Menschen und B&#252;chern.<\/p>\n<p style=\"text-align: center;\">***<\/p>\n<p><img loading=\"lazy\" decoding=\"async\" class=\"alignnone size-full wp-image-42283\" src=\"https:\/\/www.heldenhaushalt.de\/sari02\/wp-content\/uploads\/2018\/11\/18-43-05.jpg\" alt=\"#Freitags5\" width=\"1000\" height=\"1004\" srcset=\"https:\/\/www.heldenhaushalt.de\/sari02\/wp-content\/uploads\/2018\/11\/18-43-05.jpg 1000w, https:\/\/www.heldenhaushalt.de\/sari02\/wp-content\/uploads\/2018\/11\/18-43-05-150x150.jpg 150w, https:\/\/www.heldenhaushalt.de\/sari02\/wp-content\/uploads\/2018\/11\/18-43-05-300x300.jpg 300w, https:\/\/www.heldenhaushalt.de\/sari02\/wp-content\/uploads\/2018\/11\/18-43-05-768x771.jpg 768w, https:\/\/www.heldenhaushalt.de\/sari02\/wp-content\/uploads\/2018\/11\/18-43-05-373x373.jpg 373w\" sizes=\"auto, (max-width: 1000px) 100vw, 1000px\" \/><\/p>\n<p><strong>Empfehlungen und Entdeckungen der Woche<\/strong>&nbsp;\u2013 Ich sammel nun flei&#223;ig Ideen f&#252;r die Weihnachtszeit und den bevorstehenden Geburtstag des kleinen Sohnes. Was habt ihr denn alles schon geplant? In der Blogsph&#228;re gab es diese Woche folgendes zu sehen: <a href=\"http:\/\/alovelyjourney.com\/2018\/11\/freebie-schlichter-wochenplaner-kostenlos-zum-ausdrucken.html\" target=\"_blank\" rel=\"noopener\">Wochenplaner zum Ausdrucken<\/a> &#8211; <a href=\"https:\/\/www.mamahoch2.de\/2018\/11\/heut-gibts-was-auf-die-ohren-diy-haarbaender-stirnbaender.html\" target=\"_blank\" rel=\"noopener\">DIY Stirn &#8211; und Haarb&#228;nder<\/a> &#8211; <a href=\"https:\/\/quatsch-matsch.de\/tannenbaeume-mit-pappteller-basteln-fuer-weihnachten\/\" target=\"_blank\" rel=\"noopener\">Tannenb&#228;ume aus Papptellern<\/a><\/p>\n<p style=\"text-align: center;\">***<\/p>\n<p>Fu&#223;ballwochenende. Mal wieder. Aber &#252;berschaubar. Und mit Playdate f&#252;r den Minihelden und etwas Schaufenster gucken f&#252;r den Helden und mich. Mehr bildhafte #Freitags5 R&#252;ckblicke gibt es auch heute wieder bei&nbsp;<a href=\"https:\/\/berlinmittemom.com\/against-all-odds-6-freitagslieblinge-am-09-november-2018\/\">BerlinMtteMom<\/a>.<\/p>\n<p><img decoding=\"async\" class=\"alignright\" src=\"https:\/\/www.heldenhaushalt.de\/sari02\/wp-content\/uploads\/2018\/04\/sari-unter.jpg\"><\/p>\n","protected":false},"excerpt":{"rendered":"<p>Werbung \u2013 Der folgende Artikel enth&#228;lt evtl. Bilder mit Produkten, die wir in unserem Alltag nutzen. Wir haben keine Bezahlung f&#252;r das Zeigen oder Nutzen derselbigen erhalten. &#8220;Du siehst gestresst aus. Bist du gestresst?&#8221;, fragte der Trainer mich am Dienstag und ich wusste nicht so recht, was ich darauf antworten sollte. &#8220;Du siehst ganz sch&#246;n fertig aus&#8221;, sagte mir eine Mutter am n&#228;chsten Tag am Morgen vor der Schule. Oh man&#8230; mein Gesicht scheint mal wieder B&#228;nde zu sprechen. Dabei versuche ich zu Hause nun wirklich Ruhe zu finden. Mich in mich zu kehren und mal ein bisschen zu mir zu finden. Ausgeglichenheit usw. Aber ich schlafe seit einiger Zeit wirklich schlecht nachts. Teilweise gar nicht wirklich. Ich kann nicht mal wirklich sagen, woran das liegt, aber es hat definitiv seine Auswirkungen. Immerhin hat uns der Alltag nun nach Ferienende wieder. Schule, Kita, Training, Arbeit.. als diese Faktoren, die eine gewisse Regelm&#228;&#223;igkeit in die Woche bringen&#8230; *** Meine #Freitags5 #Freitagslieblinge Meine Lieblingslekt&#252;re der Woche \u2013&nbsp;&nbsp;Montag geht es mit der Kita Laterne laufen. Die Kinder freuen sich schon darauf und der Gro&#223;e ganz besonders, nachdem er ja gestern schon war. Zur Einstimmung genie&#223;en wir das s&#252;&#223;e Buch &#8220;Laterne, Laterne, Lieselotte&#8221; (Affiliate), das wir bei Alu entdeckt haben. *** Mein Lieblingsessen der Woche \u2013&nbsp;&nbsp;Am Donnerstag war ich mit dem Heldenkind ganz alleine im Kino! Das war mal etwas ganz Besonderes f&#252;r den kleinen Mann und er freute sich die ganze Woche schon darauf. Vielleicht auch, weil es mal eine T&#252;te Popcorn nur f&#252;r ihn ganz alleine gab. *** Meilensteine der Kinder&nbsp;\u2013 Stolz erz&#228;hlte mir der Miniheld am Mittwoch vom Schwimmunterricht. Zwei wichtige Sachen f&#252;r sein Silberabzeichen konnte er wohl schon abliefern und hofft, dass er bald sein Abzeichen schafft. Ich bin gespannt, ob er den Sprung vom Dreier wagen wird, denn ich wei&#223;, dass ich ziemlich Respekt davor hatte damals. Am Donnerstag ging er dann mit der Schule und dem Papa Laterne laufen. Das erste Mal f&#252;r mich, dass ich nicht dabei war, da ich ja stattdessen mit dem Heldenkind ein Date im Kino hatte. Ich muss nicht extra erw&#228;hnen, dass jedes Kind seine ganz pers&#246;nliche Quality time sehr genossen hat, oder? Am Montag gehe ich dann daf&#252;r mit dem kleinen und der Kita zu seinem ersten offiziellen Laternenumzug und bin schon sehr gespannt, wie ihm das gefallen wird.&nbsp; *** Was Mama bewegt hat&nbsp; \u2013&nbsp; Ich versuche wieder etwas Regelm&#228;&#223;igkeit nach den Herbstferien in meinen Tag zu bekommen, auszumisten und zu putzen. Ich m&#246;chte gerne noch ein bisschen etwas schaffen, bevor wir mit der Weihnachtsdeko anfangen. F&#252;r den Dezember haben wir uns jetzt etwas Zeit f&#252;r Weihnachtsaktivit&#228;ten frei geschaufelt. Das brauchen wir alle. Das merkt man. Und wir freuen uns darauf. Auch Sport versuche ich nun wieder t&#228;glich zu machen. Wie sehr man sich daran gew&#246;hnen kann, oder? Man f&#252;hlt sich direkt aufgequollener, wenn man es mal zwei Wochen nicht macht. Wenn ich nur nachts besser schlafen w&#252;rde, das w&#252;rde schon sehr helfen. Heute ging es f&#252;r mich noch zum monatlichen Bloggerstammtisch und dar&#252;ber freue ich mich sehr, denn es war meine pers&#246;nliche kleine Auszeit zwischen lieben Menschen und B&#252;chern. *** Empfehlungen und Entdeckungen der Woche&nbsp;\u2013 Ich sammel nun flei&#223;ig Ideen f&#252;r die Weihnachtszeit und den bevorstehenden Geburtstag des kleinen Sohnes. Was habt ihr denn alles schon geplant? In der Blogsph&#228;re gab es diese Woche folgendes zu sehen: Wochenplaner zum Ausdrucken &#8211; DIY Stirn &#8211; und Haarb&#228;nder &#8211; Tannenb&#228;ume aus Papptellern *** Fu&#223;ballwochenende. Mal wieder. Aber &#252;berschaubar. Und mit Playdate f&#252;r den Minihelden und etwas Schaufenster gucken f&#252;r den Helden und mich. Mehr bildhafte #Freitags5 R&#252;ckblicke gibt es auch heute wieder bei&nbsp;BerlinMtteMom.<\/p>\n","protected":false},"author":1,"featured_media":42278,"comment_status":"open","ping_status":"open","sticky":false,"template":"","format":"standard","meta":{"ngg_post_thumbnail":0,"footnotes":""},"categories":[323,49],"tags":[780,781,45,69,81,199,872],"class_list":["post-42236","post","type-post","status-publish","format-standard","has-post-thumbnail","hentry","category-alltag","category-blogspaehre","tag-freitags5","tag-freitagslieblinge","tag-alltag","tag-familie","tag-kinder","tag-rueckblick","tag-woche"],"yoast_head":"<!-- This site is optimized with the Yoast SEO plugin v27.5 - https:\/\/yoast.com\/product\/yoast-seo-wordpress\/ -->\n<title>#Freitags5 \u2013 5 Tage 5 Fotos im November #02 - Heldenhaushalt<\/title>\n<meta name=\"description\" content=\"Auch Helden erleben den t\u00e4glichen Wahnsinn, den ein Alltag mit sich bringt und Frau Mondgras sitzt mittendrin. Berlinerin, Mutter, Ehefrau, Kreativling und auf der st\u00e4ndigen Suche nach Gl\u00fcck... Hier wird gen\u00e4ht, gebacken, gebastelt und auch mal \u00fcber den Alltag gemault.\" \/>\n<meta name=\"robots\" content=\"index, follow, max-snippet:-1, max-image-preview:large, max-video-preview:-1\" \/>\n<link rel=\"canonical\" href=\"https:\/\/www.heldenhaushalt.de\/sari02\/index.php\/2018\/11\/09\/freitags5-november-02-2\/\" \/>\n<meta property=\"og:locale\" content=\"de_DE\" \/>\n<meta property=\"og:type\" content=\"article\" \/>\n<meta property=\"og:title\" content=\"#Freitags5 \u2013 5 Tage 5 Fotos im November #02 - Heldenhaushalt\" \/>\n<meta property=\"og:description\" content=\"Auch Helden erleben den t\u00e4glichen Wahnsinn, den ein Alltag mit sich bringt und Frau Mondgras sitzt mittendrin. Berlinerin, Mutter, Ehefrau, Kreativling und auf der st\u00e4ndigen Suche nach Gl\u00fcck... Hier wird gen\u00e4ht, gebacken, gebastelt und auch mal \u00fcber den Alltag gemault.\" \/>\n<meta property=\"og:url\" content=\"https:\/\/www.heldenhaushalt.de\/sari02\/index.php\/2018\/11\/09\/freitags5-november-02-2\/\" \/>\n<meta property=\"og:site_name\" content=\"Heldenhaushalt\" \/>\n<meta property=\"article:published_time\" content=\"2018-11-09T07:59:23+00:00\" \/>\n<meta property=\"article:modified_time\" content=\"2018-11-10T07:14:18+00:00\" \/>\n<meta property=\"og:image\" content=\"https:\/\/www.heldenhaushalt.de\/sari02\/wp-content\/uploads\/2018\/11\/18-43-00.jpg\" \/>\n\t<meta property=\"og:image:width\" content=\"1000\" \/>\n\t<meta property=\"og:image:height\" content=\"1000\" \/>\n\t<meta property=\"og:image:type\" content=\"image\/jpeg\" \/>\n<meta name=\"author\" content=\"Sari\" \/>\n<meta name=\"twitter:card\" content=\"summary_large_image\" \/>\n<meta name=\"twitter:creator\" content=\"@Heldenhaushalt\" \/>\n<meta name=\"twitter:site\" content=\"@Heldenhaushalt\" \/>\n<meta name=\"twitter:label1\" content=\"Verfasst von\" \/>\n\t<meta name=\"twitter:data1\" content=\"Sari\" \/>\n\t<meta name=\"twitter:label2\" content=\"Gesch\u00e4tzte Lesezeit\" \/>\n\t<meta name=\"twitter:data2\" content=\"3\u00a0Minuten\" \/>\n<script type=\"application\/ld+json\" class=\"yoast-schema-graph\">{\"@context\":\"https:\\\/\\\/schema.org\",\"@graph\":[{\"@type\":\"Article\",\"@id\":\"https:\\\/\\\/www.heldenhaushalt.de\\\/sari02\\\/index.php\\\/2018\\\/11\\\/09\\\/freitags5-november-02-2\\\/#article\",\"isPartOf\":{\"@id\":\"https:\\\/\\\/www.heldenhaushalt.de\\\/sari02\\\/index.php\\\/2018\\\/11\\\/09\\\/freitags5-november-02-2\\\/\"},\"author\":{\"name\":\"Sari\",\"@id\":\"https:\\\/\\\/www.heldenhaushalt.de\\\/sari02\\\/#\\\/schema\\\/person\\\/a1cc69f42a01f412eb62c151353814f6\"},\"headline\":\"#Freitags5 \u2013 5 Tage 5 Fotos im November #02\",\"datePublished\":\"2018-11-09T07:59:23+00:00\",\"dateModified\":\"2018-11-10T07:14:18+00:00\",\"mainEntityOfPage\":{\"@id\":\"https:\\\/\\\/www.heldenhaushalt.de\\\/sari02\\\/index.php\\\/2018\\\/11\\\/09\\\/freitags5-november-02-2\\\/\"},\"wordCount\":650,\"commentCount\":0,\"publisher\":{\"@id\":\"https:\\\/\\\/www.heldenhaushalt.de\\\/sari02\\\/#\\\/schema\\\/person\\\/a1cc69f42a01f412eb62c151353814f6\"},\"image\":{\"@id\":\"https:\\\/\\\/www.heldenhaushalt.de\\\/sari02\\\/index.php\\\/2018\\\/11\\\/09\\\/freitags5-november-02-2\\\/#primaryimage\"},\"thumbnailUrl\":\"https:\\\/\\\/www.heldenhaushalt.de\\\/sari02\\\/wp-content\\\/uploads\\\/2018\\\/11\\\/18-43-00.jpg\",\"keywords\":[\"#Freitags5\",\"#Freitagslieblinge\",\"Allt\u00e4glich\",\"Familie\",\"Kinder\",\"R\u00fcckblick\",\"Woche\"],\"articleSection\":[\"Alltagschaos\",\"Blogsph\u00e4re\"],\"inLanguage\":\"de\",\"potentialAction\":[{\"@type\":\"CommentAction\",\"name\":\"Comment\",\"target\":[\"https:\\\/\\\/www.heldenhaushalt.de\\\/sari02\\\/index.php\\\/2018\\\/11\\\/09\\\/freitags5-november-02-2\\\/#respond\"]}]},{\"@type\":\"WebPage\",\"@id\":\"https:\\\/\\\/www.heldenhaushalt.de\\\/sari02\\\/index.php\\\/2018\\\/11\\\/09\\\/freitags5-november-02-2\\\/\",\"url\":\"https:\\\/\\\/www.heldenhaushalt.de\\\/sari02\\\/index.php\\\/2018\\\/11\\\/09\\\/freitags5-november-02-2\\\/\",\"name\":\"#Freitags5 \u2013 5 Tage 5 Fotos im November #02 - Heldenhaushalt\",\"isPartOf\":{\"@id\":\"https:\\\/\\\/www.heldenhaushalt.de\\\/sari02\\\/#website\"},\"primaryImageOfPage\":{\"@id\":\"https:\\\/\\\/www.heldenhaushalt.de\\\/sari02\\\/index.php\\\/2018\\\/11\\\/09\\\/freitags5-november-02-2\\\/#primaryimage\"},\"image\":{\"@id\":\"https:\\\/\\\/www.heldenhaushalt.de\\\/sari02\\\/index.php\\\/2018\\\/11\\\/09\\\/freitags5-november-02-2\\\/#primaryimage\"},\"thumbnailUrl\":\"https:\\\/\\\/www.heldenhaushalt.de\\\/sari02\\\/wp-content\\\/uploads\\\/2018\\\/11\\\/18-43-00.jpg\",\"datePublished\":\"2018-11-09T07:59:23+00:00\",\"dateModified\":\"2018-11-10T07:14:18+00:00\",\"description\":\"Auch Helden erleben den t\u00e4glichen Wahnsinn, den ein Alltag mit sich bringt und Frau Mondgras sitzt mittendrin. Berlinerin, Mutter, Ehefrau, Kreativling und auf der st\u00e4ndigen Suche nach Gl\u00fcck... Hier wird gen\u00e4ht, gebacken, gebastelt und auch mal \u00fcber den Alltag gemault.\",\"breadcrumb\":{\"@id\":\"https:\\\/\\\/www.heldenhaushalt.de\\\/sari02\\\/index.php\\\/2018\\\/11\\\/09\\\/freitags5-november-02-2\\\/#breadcrumb\"},\"inLanguage\":\"de\",\"potentialAction\":[{\"@type\":\"ReadAction\",\"target\":[\"https:\\\/\\\/www.heldenhaushalt.de\\\/sari02\\\/index.php\\\/2018\\\/11\\\/09\\\/freitags5-november-02-2\\\/\"]}]},{\"@type\":\"ImageObject\",\"inLanguage\":\"de\",\"@id\":\"https:\\\/\\\/www.heldenhaushalt.de\\\/sari02\\\/index.php\\\/2018\\\/11\\\/09\\\/freitags5-november-02-2\\\/#primaryimage\",\"url\":\"https:\\\/\\\/www.heldenhaushalt.de\\\/sari02\\\/wp-content\\\/uploads\\\/2018\\\/11\\\/18-43-00.jpg\",\"contentUrl\":\"https:\\\/\\\/www.heldenhaushalt.de\\\/sari02\\\/wp-content\\\/uploads\\\/2018\\\/11\\\/18-43-00.jpg\",\"width\":1000,\"height\":1000,\"caption\":\"#Freitags5\"},{\"@type\":\"BreadcrumbList\",\"@id\":\"https:\\\/\\\/www.heldenhaushalt.de\\\/sari02\\\/index.php\\\/2018\\\/11\\\/09\\\/freitags5-november-02-2\\\/#breadcrumb\",\"itemListElement\":[{\"@type\":\"ListItem\",\"position\":1,\"name\":\"Startseite\",\"item\":\"https:\\\/\\\/www.heldenhaushalt.de\\\/sari02\\\/\"},{\"@type\":\"ListItem\",\"position\":2,\"name\":\"#Freitags5 \u2013 5 Tage 5 Fotos im November #02\"}]},{\"@type\":\"WebSite\",\"@id\":\"https:\\\/\\\/www.heldenhaushalt.de\\\/sari02\\\/#website\",\"url\":\"https:\\\/\\\/www.heldenhaushalt.de\\\/sari02\\\/\",\"name\":\"Heldenhaushalt\",\"description\":\"Wer es ordentlich haben will, der muss vorher anrufen\",\"publisher\":{\"@id\":\"https:\\\/\\\/www.heldenhaushalt.de\\\/sari02\\\/#\\\/schema\\\/person\\\/a1cc69f42a01f412eb62c151353814f6\"},\"potentialAction\":[{\"@type\":\"SearchAction\",\"target\":{\"@type\":\"EntryPoint\",\"urlTemplate\":\"https:\\\/\\\/www.heldenhaushalt.de\\\/sari02\\\/?s={search_term_string}\"},\"query-input\":{\"@type\":\"PropertyValueSpecification\",\"valueRequired\":true,\"valueName\":\"search_term_string\"}}],\"inLanguage\":\"de\"},{\"@type\":[\"Person\",\"Organization\"],\"@id\":\"https:\\\/\\\/www.heldenhaushalt.de\\\/sari02\\\/#\\\/schema\\\/person\\\/a1cc69f42a01f412eb62c151353814f6\",\"name\":\"Sari\",\"image\":{\"@type\":\"ImageObject\",\"inLanguage\":\"de\",\"@id\":\"https:\\\/\\\/www.heldenhaushalt.de\\\/sari02\\\/wp-content\\\/uploads\\\/2019\\\/02\\\/sari-april2018.png\",\"url\":\"https:\\\/\\\/www.heldenhaushalt.de\\\/sari02\\\/wp-content\\\/uploads\\\/2019\\\/02\\\/sari-april2018.png\",\"contentUrl\":\"https:\\\/\\\/www.heldenhaushalt.de\\\/sari02\\\/wp-content\\\/uploads\\\/2019\\\/02\\\/sari-april2018.png\",\"width\":500,\"height\":500,\"caption\":\"Sari\"},\"logo\":{\"@id\":\"https:\\\/\\\/www.heldenhaushalt.de\\\/sari02\\\/wp-content\\\/uploads\\\/2019\\\/02\\\/sari-april2018.png\"},\"description\":\"Frau Mondgras \u2013 Das bin ich, Sari. Gerne auch als Sari Mondgras bekannt und im Internet zu finden. 2-Fach-Mutter, Heldenehefrau, Kreativling, Harmonies\u00fcchtig und st\u00e4ndig auf der Suche nach Gl\u00fcck. Ich komme aus Berlin, bin hier aufgewachsen und lebe hier seit ich denken kann.\",\"sameAs\":[\"https:\\\/\\\/www.instagram.com\\\/heldenhaushalt\\\/\"],\"url\":\"https:\\\/\\\/www.heldenhaushalt.de\\\/sari02\\\/index.php\\\/author\\\/admin\\\/\"}]}<\/script>\n<!-- \/ Yoast SEO plugin. -->","yoast_head_json":{"title":"#Freitags5 \u2013 5 Tage 5 Fotos im November #02 - Heldenhaushalt","description":"Auch Helden erleben den t\u00e4glichen Wahnsinn, den ein Alltag mit sich bringt und Frau Mondgras sitzt mittendrin. Berlinerin, Mutter, Ehefrau, Kreativling und auf der st\u00e4ndigen Suche nach Gl\u00fcck... Hier wird gen\u00e4ht, gebacken, gebastelt und auch mal \u00fcber den Alltag gemault.","robots":{"index":"index","follow":"follow","max-snippet":"max-snippet:-1","max-image-preview":"max-image-preview:large","max-video-preview":"max-video-preview:-1"},"canonical":"https:\/\/www.heldenhaushalt.de\/sari02\/index.php\/2018\/11\/09\/freitags5-november-02-2\/","og_locale":"de_DE","og_type":"article","og_title":"#Freitags5 \u2013 5 Tage 5 Fotos im November #02 - Heldenhaushalt","og_description":"Auch Helden erleben den t\u00e4glichen Wahnsinn, den ein Alltag mit sich bringt und Frau Mondgras sitzt mittendrin. Berlinerin, Mutter, Ehefrau, Kreativling und auf der st\u00e4ndigen Suche nach Gl\u00fcck... Hier wird gen\u00e4ht, gebacken, gebastelt und auch mal \u00fcber den Alltag gemault.","og_url":"https:\/\/www.heldenhaushalt.de\/sari02\/index.php\/2018\/11\/09\/freitags5-november-02-2\/","og_site_name":"Heldenhaushalt","article_published_time":"2018-11-09T07:59:23+00:00","article_modified_time":"2018-11-10T07:14:18+00:00","og_image":[{"width":1000,"height":1000,"url":"https:\/\/www.heldenhaushalt.de\/sari02\/wp-content\/uploads\/2018\/11\/18-43-00.jpg","type":"image\/jpeg"}],"author":"Sari","twitter_card":"summary_large_image","twitter_creator":"@Heldenhaushalt","twitter_site":"@Heldenhaushalt","twitter_misc":{"Verfasst von":"Sari","Gesch\u00e4tzte Lesezeit":"3\u00a0Minuten"},"schema":{"@context":"https:\/\/schema.org","@graph":[{"@type":"Article","@id":"https:\/\/www.heldenhaushalt.de\/sari02\/index.php\/2018\/11\/09\/freitags5-november-02-2\/#article","isPartOf":{"@id":"https:\/\/www.heldenhaushalt.de\/sari02\/index.php\/2018\/11\/09\/freitags5-november-02-2\/"},"author":{"name":"Sari","@id":"https:\/\/www.heldenhaushalt.de\/sari02\/#\/schema\/person\/a1cc69f42a01f412eb62c151353814f6"},"headline":"#Freitags5 \u2013 5 Tage 5 Fotos im November #02","datePublished":"2018-11-09T07:59:23+00:00","dateModified":"2018-11-10T07:14:18+00:00","mainEntityOfPage":{"@id":"https:\/\/www.heldenhaushalt.de\/sari02\/index.php\/2018\/11\/09\/freitags5-november-02-2\/"},"wordCount":650,"commentCount":0,"publisher":{"@id":"https:\/\/www.heldenhaushalt.de\/sari02\/#\/schema\/person\/a1cc69f42a01f412eb62c151353814f6"},"image":{"@id":"https:\/\/www.heldenhaushalt.de\/sari02\/index.php\/2018\/11\/09\/freitags5-november-02-2\/#primaryimage"},"thumbnailUrl":"https:\/\/www.heldenhaushalt.de\/sari02\/wp-content\/uploads\/2018\/11\/18-43-00.jpg","keywords":["#Freitags5","#Freitagslieblinge","Allt\u00e4glich","Familie","Kinder","R\u00fcckblick","Woche"],"articleSection":["Alltagschaos","Blogsph\u00e4re"],"inLanguage":"de","potentialAction":[{"@type":"CommentAction","name":"Comment","target":["https:\/\/www.heldenhaushalt.de\/sari02\/index.php\/2018\/11\/09\/freitags5-november-02-2\/#respond"]}]},{"@type":"WebPage","@id":"https:\/\/www.heldenhaushalt.de\/sari02\/index.php\/2018\/11\/09\/freitags5-november-02-2\/","url":"https:\/\/www.heldenhaushalt.de\/sari02\/index.php\/2018\/11\/09\/freitags5-november-02-2\/","name":"#Freitags5 \u2013 5 Tage 5 Fotos im November #02 - Heldenhaushalt","isPartOf":{"@id":"https:\/\/www.heldenhaushalt.de\/sari02\/#website"},"primaryImageOfPage":{"@id":"https:\/\/www.heldenhaushalt.de\/sari02\/index.php\/2018\/11\/09\/freitags5-november-02-2\/#primaryimage"},"image":{"@id":"https:\/\/www.heldenhaushalt.de\/sari02\/index.php\/2018\/11\/09\/freitags5-november-02-2\/#primaryimage"},"thumbnailUrl":"https:\/\/www.heldenhaushalt.de\/sari02\/wp-content\/uploads\/2018\/11\/18-43-00.jpg","datePublished":"2018-11-09T07:59:23+00:00","dateModified":"2018-11-10T07:14:18+00:00","description":"Auch Helden erleben den t\u00e4glichen Wahnsinn, den ein Alltag mit sich bringt und Frau Mondgras sitzt mittendrin. Berlinerin, Mutter, Ehefrau, Kreativling und auf der st\u00e4ndigen Suche nach Gl\u00fcck... Hier wird gen\u00e4ht, gebacken, gebastelt und auch mal \u00fcber den Alltag gemault.","breadcrumb":{"@id":"https:\/\/www.heldenhaushalt.de\/sari02\/index.php\/2018\/11\/09\/freitags5-november-02-2\/#breadcrumb"},"inLanguage":"de","potentialAction":[{"@type":"ReadAction","target":["https:\/\/www.heldenhaushalt.de\/sari02\/index.php\/2018\/11\/09\/freitags5-november-02-2\/"]}]},{"@type":"ImageObject","inLanguage":"de","@id":"https:\/\/www.heldenhaushalt.de\/sari02\/index.php\/2018\/11\/09\/freitags5-november-02-2\/#primaryimage","url":"https:\/\/www.heldenhaushalt.de\/sari02\/wp-content\/uploads\/2018\/11\/18-43-00.jpg","contentUrl":"https:\/\/www.heldenhaushalt.de\/sari02\/wp-content\/uploads\/2018\/11\/18-43-00.jpg","width":1000,"height":1000,"caption":"#Freitags5"},{"@type":"BreadcrumbList","@id":"https:\/\/www.heldenhaushalt.de\/sari02\/index.php\/2018\/11\/09\/freitags5-november-02-2\/#breadcrumb","itemListElement":[{"@type":"ListItem","position":1,"name":"Startseite","item":"https:\/\/www.heldenhaushalt.de\/sari02\/"},{"@type":"ListItem","position":2,"name":"#Freitags5 \u2013 5 Tage 5 Fotos im November #02"}]},{"@type":"WebSite","@id":"https:\/\/www.heldenhaushalt.de\/sari02\/#website","url":"https:\/\/www.heldenhaushalt.de\/sari02\/","name":"Heldenhaushalt","description":"Wer es ordentlich haben will, der muss vorher anrufen","publisher":{"@id":"https:\/\/www.heldenhaushalt.de\/sari02\/#\/schema\/person\/a1cc69f42a01f412eb62c151353814f6"},"potentialAction":[{"@type":"SearchAction","target":{"@type":"EntryPoint","urlTemplate":"https:\/\/www.heldenhaushalt.de\/sari02\/?s={search_term_string}"},"query-input":{"@type":"PropertyValueSpecification","valueRequired":true,"valueName":"search_term_string"}}],"inLanguage":"de"},{"@type":["Person","Organization"],"@id":"https:\/\/www.heldenhaushalt.de\/sari02\/#\/schema\/person\/a1cc69f42a01f412eb62c151353814f6","name":"Sari","image":{"@type":"ImageObject","inLanguage":"de","@id":"https:\/\/www.heldenhaushalt.de\/sari02\/wp-content\/uploads\/2019\/02\/sari-april2018.png","url":"https:\/\/www.heldenhaushalt.de\/sari02\/wp-content\/uploads\/2019\/02\/sari-april2018.png","contentUrl":"https:\/\/www.heldenhaushalt.de\/sari02\/wp-content\/uploads\/2019\/02\/sari-april2018.png","width":500,"height":500,"caption":"Sari"},"logo":{"@id":"https:\/\/www.heldenhaushalt.de\/sari02\/wp-content\/uploads\/2019\/02\/sari-april2018.png"},"description":"Frau Mondgras \u2013 Das bin ich, Sari. Gerne auch als Sari Mondgras bekannt und im Internet zu finden. 2-Fach-Mutter, Heldenehefrau, Kreativling, Harmonies\u00fcchtig und st\u00e4ndig auf der Suche nach Gl\u00fcck. Ich komme aus Berlin, bin hier aufgewachsen und lebe hier seit ich denken kann.","sameAs":["https:\/\/www.instagram.com\/heldenhaushalt\/"],"url":"https:\/\/www.heldenhaushalt.de\/sari02\/index.php\/author\/admin\/"}]}},"views":2363,"_links":{"self":[{"href":"https:\/\/www.heldenhaushalt.de\/sari02\/index.php\/wp-json\/wp\/v2\/posts\/42236","targetHints":{"allow":["GET"]}}],"collection":[{"href":"https:\/\/www.heldenhaushalt.de\/sari02\/index.php\/wp-json\/wp\/v2\/posts"}],"about":[{"href":"https:\/\/www.heldenhaushalt.de\/sari02\/index.php\/wp-json\/wp\/v2\/types\/post"}],"author":[{"embeddable":true,"href":"https:\/\/www.heldenhaushalt.de\/sari02\/index.php\/wp-json\/wp\/v2\/users\/1"}],"replies":[{"embeddable":true,"href":"https:\/\/www.heldenhaushalt.de\/sari02\/index.php\/wp-json\/wp\/v2\/comments?post=42236"}],"version-history":[{"count":5,"href":"https:\/\/www.heldenhaushalt.de\/sari02\/index.php\/wp-json\/wp\/v2\/posts\/42236\/revisions"}],"predecessor-version":[{"id":42301,"href":"https:\/\/www.heldenhaushalt.de\/sari02\/index.php\/wp-json\/wp\/v2\/posts\/42236\/revisions\/42301"}],"wp:featuredmedia":[{"embeddable":true,"href":"https:\/\/www.heldenhaushalt.de\/sari02\/index.php\/wp-json\/wp\/v2\/media\/42278"}],"wp:attachment":[{"href":"https:\/\/www.heldenhaushalt.de\/sari02\/index.php\/wp-json\/wp\/v2\/media?parent=42236"}],"wp:term":[{"taxonomy":"category","embeddable":true,"href":"https:\/\/www.heldenhaushalt.de\/sari02\/index.php\/wp-json\/wp\/v2\/categories?post=42236"},{"taxonomy":"post_tag","embeddable":true,"href":"https:\/\/www.heldenhaushalt.de\/sari02\/index.php\/wp-json\/wp\/v2\/tags?post=42236"}],"curies":[{"name":"wp","href":"https:\/\/api.w.org\/{rel}","templated":true}]}}