{"id":43568,"date":"2019-01-04T10:00:00","date_gmt":"2019-01-04T09:00:00","guid":{"rendered":"https:\/\/www.heldenhaushalt.de\/sari02\/?p=43568"},"modified":"2019-01-03T11:21:05","modified_gmt":"2019-01-03T10:21:05","slug":"wochenlieblinge-012019","status":"publish","type":"post","link":"https:\/\/www.heldenhaushalt.de\/sari02\/index.php\/2019\/01\/04\/wochenlieblinge-012019\/","title":{"rendered":"Essen, bunte Lichter und noch mehr Essen &#8211; Unsere Wochenlieblinge 01\/2019"},"content":{"rendered":"<p><small>Werbung \u2013 Der folgende Artikel enth&#228;lt evtl. Bilder mit Produkten, die wir in unserem Alltag nutzen oder Linkempfehlungen. Wir haben keine Bezahlung f&#252;r das Zeigen oder Nutzen derselbigen erhalten.<\/small><\/p>\n<p>Da sind sie nun also, unsere ersten Wochenlieblinge im neuen Jahr. F&#252;r euch eigentlich bekannt unter dem Motto #Freitags5 #Freitagslieblinge. Ich befinde mich noch mitten in der Ideenfindung f&#252;r diesen Blog im neuen Jahr und bis ich endg&#252;ltige Entscheidungen getroffen bleiben ich einfach bei lieb gewonnenen Gewohnheiten und pr&#228;sentiere euch unsere 5 Lieblinge aus der ersten Woche 2019.&nbsp;<\/p>\n<p>Um die richtigen Entscheidungen zu treffen, auch wenn man immer sagt man solle das tun, womit man sich am wohlsten f&#252;hle, ist mir euer Feedback dennoch sehr wichtig. Daher erz&#228;hlt mir jederzeit gerne, wie euch die hier genutzten Formate gefallen. Vielleicht auch was euch fehlt und wovon ihr euch mehr w&#252;nscht. Es ist nach wie vor ein sehr pers&#246;nlicher Blog mit Blick auf mein Leben und das Leben als Familie und genau diese Themen werden hier immer wieder &#252;berwiegen. Dennoch ist euer Input hierbei nicht unwichtig. F&#252;r heute geht es aber vorerst wieder um uns und unsere Lieblinge&#8230;<\/p>\n<h2>Unsere #Freitagslieblinge f&#252;r euch im neuen Jahr&#8230;<\/h2>\n<p><img loading=\"lazy\" decoding=\"async\" class=\"alignnone size-full wp-image-43573\" src=\"https:\/\/www.heldenhaushalt.de\/sari02\/wp-content\/uploads\/2019\/01\/01-01.jpg\" alt=\"Wochenlieblinge\" width=\"1000\" height=\"691\" srcset=\"https:\/\/www.heldenhaushalt.de\/sari02\/wp-content\/uploads\/2019\/01\/01-01.jpg 1000w, https:\/\/www.heldenhaushalt.de\/sari02\/wp-content\/uploads\/2019\/01\/01-01-300x207.jpg 300w, https:\/\/www.heldenhaushalt.de\/sari02\/wp-content\/uploads\/2019\/01\/01-01-768x531.jpg 768w\" sizes=\"auto, (max-width: 1000px) 100vw, 1000px\" \/><\/p>\n<p><strong>01. Wir begr&#252;&#223;en das neue Jahr &#8211;<\/strong> Als ich am Dienstag die Augen aufschlug war mein erster Gedanke &#8220;Da ist es nun, das neue Jahr&#8221; und ich fragte mich, was es uns wohl bescheren w&#252;rde. Das letzte Jahr war aufregend und teilweise sehr anstrengend. Dennoch war es auch ein sch&#246;nes Jahr mit vielen Meilensteinen. Das neue Jahr wird wohl recht ausgewogen sein, denn wir m&#252;ssen in diesem Jahr eine Atempause hinlegen. Vielleicht ist das die Zeit f&#252;r kleine eigene Projekte und Neuerfindung? In jedem Fall sind wir ganz wunderbar mit tollen Menschen in das neue Jahr gerutscht. Was will man also mehr?<\/p>\n<p><img loading=\"lazy\" decoding=\"async\" class=\"alignnone size-full wp-image-43574\" src=\"https:\/\/www.heldenhaushalt.de\/sari02\/wp-content\/uploads\/2019\/01\/01-02.jpg\" alt=\"Wochenlieblinge\" width=\"1000\" height=\"673\" srcset=\"https:\/\/www.heldenhaushalt.de\/sari02\/wp-content\/uploads\/2019\/01\/01-02.jpg 1000w, https:\/\/www.heldenhaushalt.de\/sari02\/wp-content\/uploads\/2019\/01\/01-02-300x202.jpg 300w, https:\/\/www.heldenhaushalt.de\/sari02\/wp-content\/uploads\/2019\/01\/01-02-768x517.jpg 768w\" sizes=\"auto, (max-width: 1000px) 100vw, 1000px\" \/><\/p>\n<p><strong>02. Zeit f&#252;r uns &#8211;<\/strong> Die Tage nach Silvester waren ruhig. Wir machten nicht viel. Man merkte, dass die Luft einfach raus war. Die letzten Energiereserven, zumindest von uns Eltern, waren aufgebraucht. Die Kinder waren nach einer langen Silvesternacht fr&#252;h wieder wach. Das eine auf jeden Fall, und wollten spielen. Wir schauten Filme, holten Brettspiele raus und spazierten an der frischen Luft. Ich staune in solchen ruhigen Momenten immer wieder &#252;ber die enormen Fortschritte, die das Heldenkind vor allem sprachlich in den letzten Wochen hingelegt hat. Demn&#228;chst steht f&#252;r ihn auch die U7a an und ich bin extrem neugierig, was dabei heraus kommen wird.<\/p>\n<p><img loading=\"lazy\" decoding=\"async\" class=\"alignnone size-full wp-image-43575\" src=\"https:\/\/www.heldenhaushalt.de\/sari02\/wp-content\/uploads\/2019\/01\/01-03.jpg\" alt=\"Wochenlieblinge\" width=\"1000\" height=\"666\" srcset=\"https:\/\/www.heldenhaushalt.de\/sari02\/wp-content\/uploads\/2019\/01\/01-03.jpg 1000w, https:\/\/www.heldenhaushalt.de\/sari02\/wp-content\/uploads\/2019\/01\/01-03-300x200.jpg 300w, https:\/\/www.heldenhaushalt.de\/sari02\/wp-content\/uploads\/2019\/01\/01-03-768x511.jpg 768w, https:\/\/www.heldenhaushalt.de\/sari02\/wp-content\/uploads\/2019\/01\/01-03-660x440.jpg 660w, https:\/\/www.heldenhaushalt.de\/sari02\/wp-content\/uploads\/2019\/01\/01-03-373x248.jpg 373w\" sizes=\"auto, (max-width: 1000px) 100vw, 1000px\" \/><\/p>\n<p><strong>03. Ausl&#252;ften &#8211;<\/strong> Ihr seht es auf dem Foto. Es ist nass. Seit Tagen ist es nass. Diese Woche schaute dann aber doch mal die Sonne raus und wir gingen vor die T&#252;re. In der richtigen Kleidung k&#246;nnen uns auch kleine Regentropfen nicht aufhalten, aber wir brauchten auch frische Luft. Bewegung. Spazierg&#228;nge. Die Kinder spielten auf matschigen Fu&#223;ballpl&#228;tzen und schossen mit lautem Lachen Tore. Es tat gut. Uns allen. Aber besonders den Kindern.<\/p>\n<p><img loading=\"lazy\" decoding=\"async\" class=\"alignnone size-full wp-image-43576\" src=\"https:\/\/www.heldenhaushalt.de\/sari02\/wp-content\/uploads\/2019\/01\/01-04.jpg\" alt=\"Wochenlieblinge\" width=\"1000\" height=\"731\" srcset=\"https:\/\/www.heldenhaushalt.de\/sari02\/wp-content\/uploads\/2019\/01\/01-04.jpg 1000w, https:\/\/www.heldenhaushalt.de\/sari02\/wp-content\/uploads\/2019\/01\/01-04-300x219.jpg 300w, https:\/\/www.heldenhaushalt.de\/sari02\/wp-content\/uploads\/2019\/01\/01-04-768x561.jpg 768w\" sizes=\"auto, (max-width: 1000px) 100vw, 1000px\" \/><\/p>\n<p><strong>04. Gest&#228;ndnisse &#8211;<\/strong> Ja, ich habe gestern ein Gest&#228;ndnis gemacht. Auf Instagram. Ich zeige grau. So sieht es aus auf meinem Kopf aktuell. So sieht es aus, wenn ich mehrere Wochen lang die Ans&#228;tze nicht nachf&#228;rbe. Ich habe mich irgendwann mal bewusst f&#252;r schwarz entschieden, weil ich die Farbe 1. an mir mag und 2. man keine Fehlgriffe beim Nachf&#228;rben machen kann. Neulich stellte ich dann durch Zufall fest, dass mein Unterhaar fast vollst&#228;ndig die Naturhaarfarbe wieder angenommen hatte. Ein braun. Mein braun. Also beschloss ich, dass ich gerne dahin zur&#252;ck m&#246;chte. Bl&#246;d nur, dass oben fast das gesamte Oberhaar so aussieht wie auf dem Foto. Eine seltsame Kombi, oder? Jedenfalls m&#246;chte ich das Schwarz nun verschwinden lassen, um dann auf braun wieder umzusteigen. Daf&#252;r muss ich noch ein bisschen durchhalten, denn schwarz l&#228;sst sich nur schwer mit einer helleren Farbe &#252;berf&#228;rben und rausziehen m&#246;chte ich es auch nicht, denn das sch&#228;digt die Haare extrem&#8230; mal sehen. Aktuell ist das Ansatzspray mein bester Freund *lach*.<\/p>\n<p><img loading=\"lazy\" decoding=\"async\" class=\"alignnone size-full wp-image-43577\" src=\"https:\/\/www.heldenhaushalt.de\/sari02\/wp-content\/uploads\/2019\/01\/01-05.jpg\" alt=\"Wochenlieblinge\" width=\"1000\" height=\"643\" srcset=\"https:\/\/www.heldenhaushalt.de\/sari02\/wp-content\/uploads\/2019\/01\/01-05.jpg 1000w, https:\/\/www.heldenhaushalt.de\/sari02\/wp-content\/uploads\/2019\/01\/01-05-300x193.jpg 300w, https:\/\/www.heldenhaushalt.de\/sari02\/wp-content\/uploads\/2019\/01\/01-05-768x494.jpg 768w\" sizes=\"auto, (max-width: 1000px) 100vw, 1000px\" \/><\/p>\n<p><strong>05. Das letzte Mal Schlemmen vor dem Konsequent sein &#8211;<\/strong> Wir verschenkten einen Gutschein f&#252;r ein leckeres All &#8211; You &#8211; Can &#8211; Eat &#8211; Buffet. Herrjeh. Nicht die beste Idee nach all der Schlemmerei, aber andererseits ist es so lecker da. Wie k&#246;nnte man besser in das neue Jahr starten, als mit chinesischem Essen, einen Gl&#252;ckskeks und netten Gespr&#228;chen? Au&#223;erdem mussten wir so nicht selber kochen, was gut zu unserer Gem&#252;tlichkeit der letzten Tage passte. Aber jetzt wird es aber ernst&#8230;<\/p>\n<h2>Unsere Wochenlieblinge aus der Blogsph&#228;re!<\/h2>\n<p>Auch im neuen Jahr m&#246;chte ich nat&#252;rlich Entdeckungen aus der Blogsph&#228;re mit euch teilen. Ich bin nach wie vor der Meinung, dass sch&#246;ne Ideen und Sahnest&#252;cke an die Leser weiter gereicht werden sollten. So viel verschwindet gerne in den Untiefen dieser doch sehr gro&#223;en Welt von Bloggern und zumindest die Dinge, die mir ins Auge springen, m&#246;chte ich f&#252;r euch sammeln: <a href=\"https:\/\/funkelfaden.de\/mein-kreativkalender-2019-freebie-zum-download\/\" target=\"_blank\" rel=\"noopener\">Blogger Kalender 2019<\/a> &#8211; <a href=\"https:\/\/www.puppenzimmer.com\/2018\/12\/gefuellte-blaetterteigtaschen-am-spiess.html\" target=\"_blank\" rel=\"noopener\">Gef&#252;llte Bl&#228;tterteigtaschen am Spie&#223;<\/a> &#8211; <a href=\"https:\/\/schnipselich.de\/2018\/12\/planner-freebies-2019-jahresuebersicht\/\" target=\"_blank\" rel=\"noopener\">Planner Freebies 2019<\/a> &#8211; <a href=\"https:\/\/www.xmalanderssein.de\/2018\/12\/30\/kratzbilder-zu-silvester\/\" target=\"_blank\" rel=\"noopener\">Kratzbilder<\/a> &#8211; <a href=\"https:\/\/quatsch-matsch.de\/ein-wunschkreis-fuers-neue-jahr-silvester-mit-kindern\/\" target=\"_blank\" rel=\"noopener\">Wunschkreis f&#252;r das neue Jahr<\/a> &#8211; <a href=\"https:\/\/quatsch-matsch.de\/countdown-bags-selber-machen-silvester-mit-kindern\/\" target=\"_blank\" rel=\"noopener\">Countdownbags<\/a><\/p>\n<p>Und damit m&#246;chte ich mich f&#252;r heute in ein hoffentlich entspanntes Wochenende verabschieden, bevor ab n&#228;chste Woche dann der Alltag wieder los geht.&nbsp;<\/p>\n<p><img loading=\"lazy\" decoding=\"async\" class=\"size-full wp-image-36568 alignright\" src=\"https:\/\/www.heldenhaushalt.de\/sari02\/wp-content\/uploads\/2018\/04\/sari-unter.jpg\" alt=\"\" width=\"130\" height=\"59\"><\/p>\n","protected":false},"excerpt":{"rendered":"<p>Werbung \u2013 Der folgende Artikel enth&#228;lt evtl. Bilder mit Produkten, die wir in unserem Alltag nutzen oder Linkempfehlungen. Wir haben keine Bezahlung f&#252;r das Zeigen oder Nutzen derselbigen erhalten. Da sind sie nun also, unsere ersten Wochenlieblinge im neuen Jahr. F&#252;r euch eigentlich bekannt unter dem Motto #Freitags5 #Freitagslieblinge. Ich befinde mich noch mitten in der Ideenfindung f&#252;r diesen Blog im neuen Jahr und bis ich endg&#252;ltige Entscheidungen getroffen bleiben ich einfach bei lieb gewonnenen Gewohnheiten und pr&#228;sentiere euch unsere 5 Lieblinge aus der ersten Woche 2019.&nbsp; Um die richtigen Entscheidungen zu treffen, auch wenn man immer sagt man solle das tun, womit man sich am wohlsten f&#252;hle, ist mir euer Feedback dennoch sehr wichtig. Daher erz&#228;hlt mir jederzeit gerne, wie euch die hier genutzten Formate gefallen. Vielleicht auch was euch fehlt und wovon ihr euch mehr w&#252;nscht. Es ist nach wie vor ein sehr pers&#246;nlicher Blog mit Blick auf mein Leben und das Leben als Familie und genau diese Themen werden hier immer wieder &#252;berwiegen. Dennoch ist euer Input hierbei nicht unwichtig. F&#252;r heute geht es aber vorerst wieder um uns und unsere Lieblinge&#8230; Unsere #Freitagslieblinge f&#252;r euch im neuen Jahr&#8230; 01. Wir begr&#252;&#223;en das neue Jahr &#8211; Als ich am Dienstag die Augen aufschlug war mein erster Gedanke &#8220;Da ist es nun, das neue Jahr&#8221; und ich fragte mich, was es uns wohl bescheren w&#252;rde. Das letzte Jahr war aufregend und teilweise sehr anstrengend. Dennoch war es auch ein sch&#246;nes Jahr mit vielen Meilensteinen. Das neue Jahr wird wohl recht ausgewogen sein, denn wir m&#252;ssen in diesem Jahr eine Atempause hinlegen. Vielleicht ist das die Zeit f&#252;r kleine eigene Projekte und Neuerfindung? In jedem Fall sind wir ganz wunderbar mit tollen Menschen in das neue Jahr gerutscht. Was will man also mehr? 02. Zeit f&#252;r uns &#8211; Die Tage nach Silvester waren ruhig. Wir machten nicht viel. Man merkte, dass die Luft einfach raus war. Die letzten Energiereserven, zumindest von uns Eltern, waren aufgebraucht. Die Kinder waren nach einer langen Silvesternacht fr&#252;h wieder wach. Das eine auf jeden Fall, und wollten spielen. Wir schauten Filme, holten Brettspiele raus und spazierten an der frischen Luft. Ich staune in solchen ruhigen Momenten immer wieder &#252;ber die enormen Fortschritte, die das Heldenkind vor allem sprachlich in den letzten Wochen hingelegt hat. Demn&#228;chst steht f&#252;r ihn auch die U7a an und ich bin extrem neugierig, was dabei heraus kommen wird. 03. Ausl&#252;ften &#8211; Ihr seht es auf dem Foto. Es ist nass. Seit Tagen ist es nass. Diese Woche schaute dann aber doch mal die Sonne raus und wir gingen vor die T&#252;re. In der richtigen Kleidung k&#246;nnen uns auch kleine Regentropfen nicht aufhalten, aber wir brauchten auch frische Luft. Bewegung. Spazierg&#228;nge. Die Kinder spielten auf matschigen Fu&#223;ballpl&#228;tzen und schossen mit lautem Lachen Tore. Es tat gut. Uns allen. Aber besonders den Kindern. 04. Gest&#228;ndnisse &#8211; Ja, ich habe gestern ein Gest&#228;ndnis gemacht. Auf Instagram. Ich zeige grau. So sieht es aus auf meinem Kopf aktuell. So sieht es aus, wenn ich mehrere Wochen lang die Ans&#228;tze nicht nachf&#228;rbe. Ich habe mich irgendwann mal bewusst f&#252;r schwarz entschieden, weil ich die Farbe 1. an mir mag und 2. man keine Fehlgriffe beim Nachf&#228;rben machen kann. Neulich stellte ich dann durch Zufall fest, dass mein Unterhaar fast vollst&#228;ndig die Naturhaarfarbe wieder angenommen hatte. Ein braun. Mein braun. Also beschloss ich, dass ich gerne dahin zur&#252;ck m&#246;chte. Bl&#246;d nur, dass oben fast das gesamte Oberhaar so aussieht wie auf dem Foto. Eine seltsame Kombi, oder? Jedenfalls m&#246;chte ich das Schwarz nun verschwinden lassen, um dann auf braun wieder umzusteigen. Daf&#252;r muss ich noch ein bisschen durchhalten, denn schwarz l&#228;sst sich nur schwer mit einer helleren Farbe &#252;berf&#228;rben und rausziehen m&#246;chte ich es auch nicht, denn das sch&#228;digt die Haare extrem&#8230; mal sehen. Aktuell ist das Ansatzspray mein bester Freund *lach*. 05. Das letzte Mal Schlemmen vor dem Konsequent sein &#8211; Wir verschenkten einen Gutschein f&#252;r ein leckeres All &#8211; You &#8211; Can &#8211; Eat &#8211; Buffet. Herrjeh. Nicht die beste Idee nach all der Schlemmerei, aber andererseits ist es so lecker da. Wie k&#246;nnte man besser in das neue Jahr starten, als mit chinesischem Essen, einen Gl&#252;ckskeks und netten Gespr&#228;chen? Au&#223;erdem mussten wir so nicht selber kochen, was gut zu unserer Gem&#252;tlichkeit der letzten Tage passte. Aber jetzt wird es aber ernst&#8230; Unsere Wochenlieblinge aus der Blogsph&#228;re! Auch im neuen Jahr m&#246;chte ich nat&#252;rlich Entdeckungen aus der Blogsph&#228;re mit euch teilen. Ich bin nach wie vor der Meinung, dass sch&#246;ne Ideen und Sahnest&#252;cke an die Leser weiter gereicht werden sollten. So viel verschwindet gerne in den Untiefen dieser doch sehr gro&#223;en Welt von Bloggern und zumindest die Dinge, die mir ins Auge springen, m&#246;chte ich f&#252;r euch sammeln: Blogger Kalender 2019 &#8211; Gef&#252;llte Bl&#228;tterteigtaschen am Spie&#223; &#8211; Planner Freebies 2019 &#8211; Kratzbilder &#8211; Wunschkreis f&#252;r das neue Jahr &#8211; Countdownbags Und damit m&#246;chte ich mich f&#252;r heute in ein hoffentlich entspanntes Wochenende verabschieden, bevor ab n&#228;chste Woche dann der Alltag wieder los geht.&nbsp;<\/p>\n","protected":false},"author":1,"featured_media":43578,"comment_status":"open","ping_status":"open","sticky":false,"template":"","format":"standard","meta":{"ngg_post_thumbnail":0,"footnotes":""},"categories":[323,49],"tags":[781,45,69,1779,81,543,2161],"class_list":["post-43568","post","type-post","status-publish","format-standard","has-post-thumbnail","hentry","category-alltag","category-blogspaehre","tag-freitagslieblinge","tag-alltag","tag-familie","tag-freiatgs5","tag-kinder","tag-neujahr","tag-wochenlieblinge"],"yoast_head":"<!-- This site is optimized with the Yoast SEO plugin v27.5 - https:\/\/yoast.com\/product\/yoast-seo-wordpress\/ -->\n<title>Essen, Lichter und noch mehr Essen - Unsere Wochenlieblinge 01\/2019<\/title>\n<meta name=\"description\" content=\"Da sind sie nun also, unsere ersten Wochenlieblinge im neuen Jahr. F\u00fcr euch eigentlich bekannt unter dem Motto #Freitags5 #Freitagslieblinge.\" \/>\n<meta name=\"robots\" content=\"index, follow, max-snippet:-1, max-image-preview:large, max-video-preview:-1\" \/>\n<link rel=\"canonical\" href=\"https:\/\/www.heldenhaushalt.de\/sari02\/index.php\/2019\/01\/04\/wochenlieblinge-012019\/\" \/>\n<meta property=\"og:locale\" content=\"de_DE\" \/>\n<meta property=\"og:type\" content=\"article\" \/>\n<meta property=\"og:title\" content=\"Essen, Lichter und noch mehr Essen - Unsere Wochenlieblinge 01\/2019\" \/>\n<meta property=\"og:description\" content=\"Da sind sie nun also, unsere ersten Wochenlieblinge im neuen Jahr. F\u00fcr euch eigentlich bekannt unter dem Motto #Freitags5 #Freitagslieblinge.\" \/>\n<meta property=\"og:url\" content=\"https:\/\/www.heldenhaushalt.de\/sari02\/index.php\/2019\/01\/04\/wochenlieblinge-012019\/\" \/>\n<meta property=\"og:site_name\" content=\"Heldenhaushalt\" \/>\n<meta property=\"article:published_time\" content=\"2019-01-04T09:00:00+00:00\" \/>\n<meta property=\"og:image\" content=\"https:\/\/www.heldenhaushalt.de\/sari02\/wp-content\/uploads\/2019\/01\/01-06.jpg\" \/>\n\t<meta property=\"og:image:width\" content=\"1000\" \/>\n\t<meta property=\"og:image:height\" content=\"663\" \/>\n\t<meta property=\"og:image:type\" content=\"image\/jpeg\" \/>\n<meta name=\"author\" content=\"Sari\" \/>\n<meta name=\"twitter:card\" content=\"summary_large_image\" \/>\n<meta name=\"twitter:creator\" content=\"@Heldenhaushalt\" \/>\n<meta name=\"twitter:site\" content=\"@Heldenhaushalt\" \/>\n<meta name=\"twitter:label1\" content=\"Verfasst von\" \/>\n\t<meta name=\"twitter:data1\" content=\"Sari\" \/>\n\t<meta name=\"twitter:label2\" content=\"Gesch\u00e4tzte Lesezeit\" \/>\n\t<meta name=\"twitter:data2\" content=\"4\u00a0Minuten\" \/>\n<script type=\"application\/ld+json\" class=\"yoast-schema-graph\">{\"@context\":\"https:\\\/\\\/schema.org\",\"@graph\":[{\"@type\":\"Article\",\"@id\":\"https:\\\/\\\/www.heldenhaushalt.de\\\/sari02\\\/index.php\\\/2019\\\/01\\\/04\\\/wochenlieblinge-012019\\\/#article\",\"isPartOf\":{\"@id\":\"https:\\\/\\\/www.heldenhaushalt.de\\\/sari02\\\/index.php\\\/2019\\\/01\\\/04\\\/wochenlieblinge-012019\\\/\"},\"author\":{\"name\":\"Sari\",\"@id\":\"https:\\\/\\\/www.heldenhaushalt.de\\\/sari02\\\/#\\\/schema\\\/person\\\/a1cc69f42a01f412eb62c151353814f6\"},\"headline\":\"Essen, bunte Lichter und noch mehr Essen &#8211; Unsere Wochenlieblinge 01\\\/2019\",\"datePublished\":\"2019-01-04T09:00:00+00:00\",\"mainEntityOfPage\":{\"@id\":\"https:\\\/\\\/www.heldenhaushalt.de\\\/sari02\\\/index.php\\\/2019\\\/01\\\/04\\\/wochenlieblinge-012019\\\/\"},\"wordCount\":894,\"commentCount\":0,\"publisher\":{\"@id\":\"https:\\\/\\\/www.heldenhaushalt.de\\\/sari02\\\/#\\\/schema\\\/person\\\/a1cc69f42a01f412eb62c151353814f6\"},\"image\":{\"@id\":\"https:\\\/\\\/www.heldenhaushalt.de\\\/sari02\\\/index.php\\\/2019\\\/01\\\/04\\\/wochenlieblinge-012019\\\/#primaryimage\"},\"thumbnailUrl\":\"https:\\\/\\\/www.heldenhaushalt.de\\\/sari02\\\/wp-content\\\/uploads\\\/2019\\\/01\\\/01-06.jpg\",\"keywords\":[\"#Freitagslieblinge\",\"Allt\u00e4glich\",\"Familie\",\"Freiatgs5\",\"Kinder\",\"Neujahr\",\"Wochenlieblinge\"],\"articleSection\":[\"Alltagschaos\",\"Blogsph\u00e4re\"],\"inLanguage\":\"de\",\"potentialAction\":[{\"@type\":\"CommentAction\",\"name\":\"Comment\",\"target\":[\"https:\\\/\\\/www.heldenhaushalt.de\\\/sari02\\\/index.php\\\/2019\\\/01\\\/04\\\/wochenlieblinge-012019\\\/#respond\"]}]},{\"@type\":\"WebPage\",\"@id\":\"https:\\\/\\\/www.heldenhaushalt.de\\\/sari02\\\/index.php\\\/2019\\\/01\\\/04\\\/wochenlieblinge-012019\\\/\",\"url\":\"https:\\\/\\\/www.heldenhaushalt.de\\\/sari02\\\/index.php\\\/2019\\\/01\\\/04\\\/wochenlieblinge-012019\\\/\",\"name\":\"Essen, Lichter und noch mehr Essen - Unsere Wochenlieblinge 01\\\/2019\",\"isPartOf\":{\"@id\":\"https:\\\/\\\/www.heldenhaushalt.de\\\/sari02\\\/#website\"},\"primaryImageOfPage\":{\"@id\":\"https:\\\/\\\/www.heldenhaushalt.de\\\/sari02\\\/index.php\\\/2019\\\/01\\\/04\\\/wochenlieblinge-012019\\\/#primaryimage\"},\"image\":{\"@id\":\"https:\\\/\\\/www.heldenhaushalt.de\\\/sari02\\\/index.php\\\/2019\\\/01\\\/04\\\/wochenlieblinge-012019\\\/#primaryimage\"},\"thumbnailUrl\":\"https:\\\/\\\/www.heldenhaushalt.de\\\/sari02\\\/wp-content\\\/uploads\\\/2019\\\/01\\\/01-06.jpg\",\"datePublished\":\"2019-01-04T09:00:00+00:00\",\"description\":\"Da sind sie nun also, unsere ersten Wochenlieblinge im neuen Jahr. F\u00fcr euch eigentlich bekannt unter dem Motto #Freitags5 #Freitagslieblinge.\",\"breadcrumb\":{\"@id\":\"https:\\\/\\\/www.heldenhaushalt.de\\\/sari02\\\/index.php\\\/2019\\\/01\\\/04\\\/wochenlieblinge-012019\\\/#breadcrumb\"},\"inLanguage\":\"de\",\"potentialAction\":[{\"@type\":\"ReadAction\",\"target\":[\"https:\\\/\\\/www.heldenhaushalt.de\\\/sari02\\\/index.php\\\/2019\\\/01\\\/04\\\/wochenlieblinge-012019\\\/\"]}]},{\"@type\":\"ImageObject\",\"inLanguage\":\"de\",\"@id\":\"https:\\\/\\\/www.heldenhaushalt.de\\\/sari02\\\/index.php\\\/2019\\\/01\\\/04\\\/wochenlieblinge-012019\\\/#primaryimage\",\"url\":\"https:\\\/\\\/www.heldenhaushalt.de\\\/sari02\\\/wp-content\\\/uploads\\\/2019\\\/01\\\/01-06.jpg\",\"contentUrl\":\"https:\\\/\\\/www.heldenhaushalt.de\\\/sari02\\\/wp-content\\\/uploads\\\/2019\\\/01\\\/01-06.jpg\",\"width\":1000,\"height\":663,\"caption\":\"Wochenlieblinge\"},{\"@type\":\"BreadcrumbList\",\"@id\":\"https:\\\/\\\/www.heldenhaushalt.de\\\/sari02\\\/index.php\\\/2019\\\/01\\\/04\\\/wochenlieblinge-012019\\\/#breadcrumb\",\"itemListElement\":[{\"@type\":\"ListItem\",\"position\":1,\"name\":\"Startseite\",\"item\":\"https:\\\/\\\/www.heldenhaushalt.de\\\/sari02\\\/\"},{\"@type\":\"ListItem\",\"position\":2,\"name\":\"Essen, bunte Lichter und noch mehr Essen &#8211; Unsere Wochenlieblinge 01\\\/2019\"}]},{\"@type\":\"WebSite\",\"@id\":\"https:\\\/\\\/www.heldenhaushalt.de\\\/sari02\\\/#website\",\"url\":\"https:\\\/\\\/www.heldenhaushalt.de\\\/sari02\\\/\",\"name\":\"Heldenhaushalt\",\"description\":\"Wer es ordentlich haben will, der muss vorher anrufen\",\"publisher\":{\"@id\":\"https:\\\/\\\/www.heldenhaushalt.de\\\/sari02\\\/#\\\/schema\\\/person\\\/a1cc69f42a01f412eb62c151353814f6\"},\"potentialAction\":[{\"@type\":\"SearchAction\",\"target\":{\"@type\":\"EntryPoint\",\"urlTemplate\":\"https:\\\/\\\/www.heldenhaushalt.de\\\/sari02\\\/?s={search_term_string}\"},\"query-input\":{\"@type\":\"PropertyValueSpecification\",\"valueRequired\":true,\"valueName\":\"search_term_string\"}}],\"inLanguage\":\"de\"},{\"@type\":[\"Person\",\"Organization\"],\"@id\":\"https:\\\/\\\/www.heldenhaushalt.de\\\/sari02\\\/#\\\/schema\\\/person\\\/a1cc69f42a01f412eb62c151353814f6\",\"name\":\"Sari\",\"image\":{\"@type\":\"ImageObject\",\"inLanguage\":\"de\",\"@id\":\"https:\\\/\\\/www.heldenhaushalt.de\\\/sari02\\\/wp-content\\\/uploads\\\/2019\\\/02\\\/sari-april2018.png\",\"url\":\"https:\\\/\\\/www.heldenhaushalt.de\\\/sari02\\\/wp-content\\\/uploads\\\/2019\\\/02\\\/sari-april2018.png\",\"contentUrl\":\"https:\\\/\\\/www.heldenhaushalt.de\\\/sari02\\\/wp-content\\\/uploads\\\/2019\\\/02\\\/sari-april2018.png\",\"width\":500,\"height\":500,\"caption\":\"Sari\"},\"logo\":{\"@id\":\"https:\\\/\\\/www.heldenhaushalt.de\\\/sari02\\\/wp-content\\\/uploads\\\/2019\\\/02\\\/sari-april2018.png\"},\"description\":\"Frau Mondgras \u2013 Das bin ich, Sari. Gerne auch als Sari Mondgras bekannt und im Internet zu finden. 2-Fach-Mutter, Heldenehefrau, Kreativling, Harmonies\u00fcchtig und st\u00e4ndig auf der Suche nach Gl\u00fcck. Ich komme aus Berlin, bin hier aufgewachsen und lebe hier seit ich denken kann.\",\"sameAs\":[\"https:\\\/\\\/www.instagram.com\\\/heldenhaushalt\\\/\"],\"url\":\"https:\\\/\\\/www.heldenhaushalt.de\\\/sari02\\\/index.php\\\/author\\\/admin\\\/\"}]}<\/script>\n<!-- \/ Yoast SEO plugin. -->","yoast_head_json":{"title":"Essen, Lichter und noch mehr Essen - Unsere Wochenlieblinge 01\/2019","description":"Da sind sie nun also, unsere ersten Wochenlieblinge im neuen Jahr. F\u00fcr euch eigentlich bekannt unter dem Motto #Freitags5 #Freitagslieblinge.","robots":{"index":"index","follow":"follow","max-snippet":"max-snippet:-1","max-image-preview":"max-image-preview:large","max-video-preview":"max-video-preview:-1"},"canonical":"https:\/\/www.heldenhaushalt.de\/sari02\/index.php\/2019\/01\/04\/wochenlieblinge-012019\/","og_locale":"de_DE","og_type":"article","og_title":"Essen, Lichter und noch mehr Essen - Unsere Wochenlieblinge 01\/2019","og_description":"Da sind sie nun also, unsere ersten Wochenlieblinge im neuen Jahr. F\u00fcr euch eigentlich bekannt unter dem Motto #Freitags5 #Freitagslieblinge.","og_url":"https:\/\/www.heldenhaushalt.de\/sari02\/index.php\/2019\/01\/04\/wochenlieblinge-012019\/","og_site_name":"Heldenhaushalt","article_published_time":"2019-01-04T09:00:00+00:00","og_image":[{"width":1000,"height":663,"url":"https:\/\/www.heldenhaushalt.de\/sari02\/wp-content\/uploads\/2019\/01\/01-06.jpg","type":"image\/jpeg"}],"author":"Sari","twitter_card":"summary_large_image","twitter_creator":"@Heldenhaushalt","twitter_site":"@Heldenhaushalt","twitter_misc":{"Verfasst von":"Sari","Gesch\u00e4tzte Lesezeit":"4\u00a0Minuten"},"schema":{"@context":"https:\/\/schema.org","@graph":[{"@type":"Article","@id":"https:\/\/www.heldenhaushalt.de\/sari02\/index.php\/2019\/01\/04\/wochenlieblinge-012019\/#article","isPartOf":{"@id":"https:\/\/www.heldenhaushalt.de\/sari02\/index.php\/2019\/01\/04\/wochenlieblinge-012019\/"},"author":{"name":"Sari","@id":"https:\/\/www.heldenhaushalt.de\/sari02\/#\/schema\/person\/a1cc69f42a01f412eb62c151353814f6"},"headline":"Essen, bunte Lichter und noch mehr Essen &#8211; Unsere Wochenlieblinge 01\/2019","datePublished":"2019-01-04T09:00:00+00:00","mainEntityOfPage":{"@id":"https:\/\/www.heldenhaushalt.de\/sari02\/index.php\/2019\/01\/04\/wochenlieblinge-012019\/"},"wordCount":894,"commentCount":0,"publisher":{"@id":"https:\/\/www.heldenhaushalt.de\/sari02\/#\/schema\/person\/a1cc69f42a01f412eb62c151353814f6"},"image":{"@id":"https:\/\/www.heldenhaushalt.de\/sari02\/index.php\/2019\/01\/04\/wochenlieblinge-012019\/#primaryimage"},"thumbnailUrl":"https:\/\/www.heldenhaushalt.de\/sari02\/wp-content\/uploads\/2019\/01\/01-06.jpg","keywords":["#Freitagslieblinge","Allt\u00e4glich","Familie","Freiatgs5","Kinder","Neujahr","Wochenlieblinge"],"articleSection":["Alltagschaos","Blogsph\u00e4re"],"inLanguage":"de","potentialAction":[{"@type":"CommentAction","name":"Comment","target":["https:\/\/www.heldenhaushalt.de\/sari02\/index.php\/2019\/01\/04\/wochenlieblinge-012019\/#respond"]}]},{"@type":"WebPage","@id":"https:\/\/www.heldenhaushalt.de\/sari02\/index.php\/2019\/01\/04\/wochenlieblinge-012019\/","url":"https:\/\/www.heldenhaushalt.de\/sari02\/index.php\/2019\/01\/04\/wochenlieblinge-012019\/","name":"Essen, Lichter und noch mehr Essen - Unsere Wochenlieblinge 01\/2019","isPartOf":{"@id":"https:\/\/www.heldenhaushalt.de\/sari02\/#website"},"primaryImageOfPage":{"@id":"https:\/\/www.heldenhaushalt.de\/sari02\/index.php\/2019\/01\/04\/wochenlieblinge-012019\/#primaryimage"},"image":{"@id":"https:\/\/www.heldenhaushalt.de\/sari02\/index.php\/2019\/01\/04\/wochenlieblinge-012019\/#primaryimage"},"thumbnailUrl":"https:\/\/www.heldenhaushalt.de\/sari02\/wp-content\/uploads\/2019\/01\/01-06.jpg","datePublished":"2019-01-04T09:00:00+00:00","description":"Da sind sie nun also, unsere ersten Wochenlieblinge im neuen Jahr. F\u00fcr euch eigentlich bekannt unter dem Motto #Freitags5 #Freitagslieblinge.","breadcrumb":{"@id":"https:\/\/www.heldenhaushalt.de\/sari02\/index.php\/2019\/01\/04\/wochenlieblinge-012019\/#breadcrumb"},"inLanguage":"de","potentialAction":[{"@type":"ReadAction","target":["https:\/\/www.heldenhaushalt.de\/sari02\/index.php\/2019\/01\/04\/wochenlieblinge-012019\/"]}]},{"@type":"ImageObject","inLanguage":"de","@id":"https:\/\/www.heldenhaushalt.de\/sari02\/index.php\/2019\/01\/04\/wochenlieblinge-012019\/#primaryimage","url":"https:\/\/www.heldenhaushalt.de\/sari02\/wp-content\/uploads\/2019\/01\/01-06.jpg","contentUrl":"https:\/\/www.heldenhaushalt.de\/sari02\/wp-content\/uploads\/2019\/01\/01-06.jpg","width":1000,"height":663,"caption":"Wochenlieblinge"},{"@type":"BreadcrumbList","@id":"https:\/\/www.heldenhaushalt.de\/sari02\/index.php\/2019\/01\/04\/wochenlieblinge-012019\/#breadcrumb","itemListElement":[{"@type":"ListItem","position":1,"name":"Startseite","item":"https:\/\/www.heldenhaushalt.de\/sari02\/"},{"@type":"ListItem","position":2,"name":"Essen, bunte Lichter und noch mehr Essen &#8211; Unsere Wochenlieblinge 01\/2019"}]},{"@type":"WebSite","@id":"https:\/\/www.heldenhaushalt.de\/sari02\/#website","url":"https:\/\/www.heldenhaushalt.de\/sari02\/","name":"Heldenhaushalt","description":"Wer es ordentlich haben will, der muss vorher anrufen","publisher":{"@id":"https:\/\/www.heldenhaushalt.de\/sari02\/#\/schema\/person\/a1cc69f42a01f412eb62c151353814f6"},"potentialAction":[{"@type":"SearchAction","target":{"@type":"EntryPoint","urlTemplate":"https:\/\/www.heldenhaushalt.de\/sari02\/?s={search_term_string}"},"query-input":{"@type":"PropertyValueSpecification","valueRequired":true,"valueName":"search_term_string"}}],"inLanguage":"de"},{"@type":["Person","Organization"],"@id":"https:\/\/www.heldenhaushalt.de\/sari02\/#\/schema\/person\/a1cc69f42a01f412eb62c151353814f6","name":"Sari","image":{"@type":"ImageObject","inLanguage":"de","@id":"https:\/\/www.heldenhaushalt.de\/sari02\/wp-content\/uploads\/2019\/02\/sari-april2018.png","url":"https:\/\/www.heldenhaushalt.de\/sari02\/wp-content\/uploads\/2019\/02\/sari-april2018.png","contentUrl":"https:\/\/www.heldenhaushalt.de\/sari02\/wp-content\/uploads\/2019\/02\/sari-april2018.png","width":500,"height":500,"caption":"Sari"},"logo":{"@id":"https:\/\/www.heldenhaushalt.de\/sari02\/wp-content\/uploads\/2019\/02\/sari-april2018.png"},"description":"Frau Mondgras \u2013 Das bin ich, Sari. Gerne auch als Sari Mondgras bekannt und im Internet zu finden. 2-Fach-Mutter, Heldenehefrau, Kreativling, Harmonies\u00fcchtig und st\u00e4ndig auf der Suche nach Gl\u00fcck. Ich komme aus Berlin, bin hier aufgewachsen und lebe hier seit ich denken kann.","sameAs":["https:\/\/www.instagram.com\/heldenhaushalt\/"],"url":"https:\/\/www.heldenhaushalt.de\/sari02\/index.php\/author\/admin\/"}]}},"views":2020,"_links":{"self":[{"href":"https:\/\/www.heldenhaushalt.de\/sari02\/index.php\/wp-json\/wp\/v2\/posts\/43568","targetHints":{"allow":["GET"]}}],"collection":[{"href":"https:\/\/www.heldenhaushalt.de\/sari02\/index.php\/wp-json\/wp\/v2\/posts"}],"about":[{"href":"https:\/\/www.heldenhaushalt.de\/sari02\/index.php\/wp-json\/wp\/v2\/types\/post"}],"author":[{"embeddable":true,"href":"https:\/\/www.heldenhaushalt.de\/sari02\/index.php\/wp-json\/wp\/v2\/users\/1"}],"replies":[{"embeddable":true,"href":"https:\/\/www.heldenhaushalt.de\/sari02\/index.php\/wp-json\/wp\/v2\/comments?post=43568"}],"version-history":[{"count":1,"href":"https:\/\/www.heldenhaushalt.de\/sari02\/index.php\/wp-json\/wp\/v2\/posts\/43568\/revisions"}],"predecessor-version":[{"id":43579,"href":"https:\/\/www.heldenhaushalt.de\/sari02\/index.php\/wp-json\/wp\/v2\/posts\/43568\/revisions\/43579"}],"wp:featuredmedia":[{"embeddable":true,"href":"https:\/\/www.heldenhaushalt.de\/sari02\/index.php\/wp-json\/wp\/v2\/media\/43578"}],"wp:attachment":[{"href":"https:\/\/www.heldenhaushalt.de\/sari02\/index.php\/wp-json\/wp\/v2\/media?parent=43568"}],"wp:term":[{"taxonomy":"category","embeddable":true,"href":"https:\/\/www.heldenhaushalt.de\/sari02\/index.php\/wp-json\/wp\/v2\/categories?post=43568"},{"taxonomy":"post_tag","embeddable":true,"href":"https:\/\/www.heldenhaushalt.de\/sari02\/index.php\/wp-json\/wp\/v2\/tags?post=43568"}],"curies":[{"name":"wp","href":"https:\/\/api.w.org\/{rel}","templated":true}]}}