{"id":43668,"date":"2019-01-24T10:00:00","date_gmt":"2019-01-24T09:00:00","guid":{"rendered":"https:\/\/www.heldenhaushalt.de\/sari02\/?p=43668"},"modified":"2019-01-24T11:50:42","modified_gmt":"2019-01-24T10:50:42","slug":"jetzt-noch-lust-auf-schnee-ausmalbild","status":"publish","type":"post","link":"https:\/\/www.heldenhaushalt.de\/sari02\/index.php\/2019\/01\/24\/jetzt-noch-lust-auf-schnee-ausmalbild\/","title":{"rendered":"Jetzt noch Lust auf Schnee? #Ausmalbild"},"content":{"rendered":"<p>Eines Morgens wurde ich wach. Es war noch leicht dunkel drau&#223;en, aber ich bildete mir ein auf den &#196;sten des Baumes, der im Nachbargarten steht, eine Schicht Schnee liegen zu sehen. Ich versuchte meinen m&#252;den Blick darauf zu fixieren und beschloss mich dann stattdessen doch noch einmal umzudrehen und die Decke &#252;ber die Nase zu ziehen. Es war so verdammt kalt, dass nicht einmal diese mich so richtig w&#228;rmen wollte. Kennt ihr diese Phasen, wo man so kurz vor dem Aufwachen ist, sich aber noch in so einem kuschelig warmen Schlafzustand befindet? Ich fand es zwar kuschelig, aber so gar nicht warm. Also w&#228;re Schnee auf den &#196;sten wohl passend gewesen.<\/p>\n<p>Als ich ein paar Stunden sp&#228;ter wieder wach wurde, war es inzwischen hell drau&#223;en und ich f&#252;hlte mich ganz ger&#228;dert. Tats&#228;chlich sah es wei&#223; drau&#223;en aus. Aber es handelte sich dabei nicht um eine dicke wei&#223;e Schneedecke, wie ich sie die Tage auf vielen Fotos aus Bayern und Co sehe, sondern um Frost. Frost auf den Spielger&#228;ten im Garten, Frost auf der Wiese, Frost auf den Hecken. Mag sein, dass da in der Nacht vielleicht eine kleine Schicht Schnee auf den &#196;sten gelegen haben mag, aber wenn, dann war sie nun nicht mehr da und stattdessen&#8230; genau&#8230; Frost. Brr&#8230; es bibberte in mir drin und ich beschloss erst einmal eine richtig sch&#246;n warme Dusche zu nehmen.<\/p>\n<h2>Ende Januar braucht es meiner Meinung nach nun auch nicht mehr zu schneien!<\/h2>\n<p>So sch&#246;n der Winter auch sein mag, aber der dicke Schnee, mit dem man gro&#223;e Schneem&#228;nner bauen und Schneeballschlachten veranstalten kann, der geh&#246;rt f&#252;r mich zur Weihnachtszeit, so wie der Adventskranz und der Weihnachtsbaum. Wenn man durch den Schnee keinen Schlitten ziehen kann, dann kann er von mir aus auch ganz weg bleiben. Erst recht, wenn man langsam aber sicher das Bed&#252;rfnis nach Fr&#252;hling, Sonne und w&#228;rmeren Sonnenstrahlen in sich versp&#252;rt.<\/p>\n<p>Ich kann aber gleichzeitig auch die Aufregung in den Kindern verstehen, die jeden Tag bei dem Blick aus dem Fenster hoffen, dass es doch nochmal schneit und jede Schneeflocke, und sei sie noch so winzig, zelebrieren, als w&#228;re es der sch&#246;nste Winter seit 100 Jahren. Da kann man mal sehen, wie gen&#252;gsam die Kinder in der Hinsicht geworden sind.<\/p>\n<h2>Ich muss tats&#228;chlich &#252;berlegen, ob ich mit meinen Kindern schon einmal einen richtigen Schneemann gebaut habe!<\/h2>\n<p>Ich kann mich an ein Ostern im Schnee erinnern. Ich glaube, es war tats&#228;chlich das erste Ostern vom Minihelden. Ich kann mich auch an die eine oder andere Schlittenfahrt den Berg hinunter erinnern. Allerdings lag der Schnee da auch nur maximal eine Woche und das war es dann f&#252;r das Jahr auch schon wieder. Wenn ich da an meine eigene Kindheit erinnere, wo ich mit meinem Vater die Stra&#223;en entlang schlittern konnte wie auf einer Eisbahn und wir im Hof gigantische Mauern aus Schnee aufgebaut hatten, um eine richtige Schneeballschlacht zu veranstalten, bin ich manchmal schon ein bisschen traurig, dass meine Kinder dieses Ausma&#223; an Schnee noch gar nicht wirklich so kennen. Eher bin ich &#252;berrascht, dass der kleine Sohn zumindest eine Ahnung davon hat, was das Wort &#8220;Schnee&#8221; bedeutet. Vielleicht sollten wir mal einen richtig sch&#246;nen Winter &#8211; Urlaub in Betracht ziehen. Wer wei&#223;&#8230;<\/p>\n<h2>Mit Fantasie ist alles m&#246;glich, wie wir wissen: Ein Ausmalbild f&#252;r euch!<\/h2>\n<p>Erst vorgestern stellte ich euch das s&#252;&#223;e <a href=\"https:\/\/www.heldenhaushalt.de\/sari02\/index.php\/2019\/01\/22\/kalle-und-elsa-rezension-2\/\">Kinderbuch mit Kalle und Elsa<\/a> vor, in dem es um zwei Kinder geht, die mit ihrer Fantasie alles m&#246;glich machen k&#246;nnen. Fantasie ist mit das wertvollste gut und es kann uns in den traurigsten Stunden gro&#223;en Trost bescheren.&nbsp;<\/p>\n<p><img loading=\"lazy\" decoding=\"async\" class=\"alignnone size-full wp-image-43850\" src=\"https:\/\/www.heldenhaushalt.de\/sari02\/wp-content\/uploads\/2019\/01\/schnee03.jpg\" alt=\"Schnee\" width=\"1000\" height=\"620\" srcset=\"https:\/\/www.heldenhaushalt.de\/sari02\/wp-content\/uploads\/2019\/01\/schnee03.jpg 1000w, https:\/\/www.heldenhaushalt.de\/sari02\/wp-content\/uploads\/2019\/01\/schnee03-300x186.jpg 300w, https:\/\/www.heldenhaushalt.de\/sari02\/wp-content\/uploads\/2019\/01\/schnee03-768x476.jpg 768w\" sizes=\"auto, (max-width: 1000px) 100vw, 1000px\" \/><\/p>\n<p>Heute habe ich ein bisschen meine Fantasie f&#252;r euch spielen lassen und mal wieder den Bleistift geschwungen. Das erste Ausmalbild im neuen Jahr besch&#228;ftigt sich also noch einmal mit einem frostigen Thema. Gemeinsam mit den Kindern bauen wir einen Schneemann. Habt ihr Lust?<\/p>\n<p><img loading=\"lazy\" decoding=\"async\" class=\"alignnone size-full wp-image-43848\" src=\"https:\/\/www.heldenhaushalt.de\/sari02\/wp-content\/uploads\/2019\/01\/schnee01.jpg\" alt=\"Schnee\" width=\"1825\" height=\"1282\" srcset=\"https:\/\/www.heldenhaushalt.de\/sari02\/wp-content\/uploads\/2019\/01\/schnee01.jpg 1825w, https:\/\/www.heldenhaushalt.de\/sari02\/wp-content\/uploads\/2019\/01\/schnee01-300x211.jpg 300w, https:\/\/www.heldenhaushalt.de\/sari02\/wp-content\/uploads\/2019\/01\/schnee01-768x539.jpg 768w, https:\/\/www.heldenhaushalt.de\/sari02\/wp-content\/uploads\/2019\/01\/schnee01-1024x719.jpg 1024w, https:\/\/www.heldenhaushalt.de\/sari02\/wp-content\/uploads\/2019\/01\/schnee01-1000x702.jpg 1000w\" sizes=\"auto, (max-width: 1825px) 100vw, 1825px\" \/><\/p>\n<p style=\"text-align: center;\"><strong>&gt;&gt; <a href=\"https:\/\/www.heldenhaushalt.de\/sari02\/wp-content\/uploads\/2019\/01\/schnee01.jpg\" target=\"_blank\" rel=\"noopener\">DOWNLOAD AUSMALBILD<\/a> &lt;&lt;<\/strong><\/p>\n<p>Vielleicht ist euch aber doch schon eher nach sommerlicheren oder ganz anderen Themen? Dann seid herzlich eingeladen in der <a href=\"https:\/\/www.heldenhaushalt.de\/sari02\/index.php\/ausmalbilder\/\">Ausmalbilder &#8211; Galerie<\/a> zu st&#246;bern. Vielleicht findet ihr dort ja etwas, dass euch besser gef&#228;llt. Auch beim <a href=\"http:\/\/www.lunaju.de\/2019\/01\/kiddikram-januar-2019-frohes-neues-jahr.html\" target=\"_blank\" rel=\"noopener\">Kiddikram<\/a> werdet ihr dieses Bild heute entdecken k&#246;nnen.<\/p>\n<p>Was denkt ihr? Wird es in diesem Jahr noch einmal Schnee geben? Oder gab es bei euch gar schon Schnee und ihr konntet einen Schneemann bauen?<\/p>\n<p><img loading=\"lazy\" decoding=\"async\" class=\"size-full wp-image-36568 alignright\" src=\"https:\/\/www.heldenhaushalt.de\/sari02\/wp-content\/uploads\/2018\/04\/sari-unter.jpg\" alt=\"\" width=\"130\" height=\"59\"><\/p>\n","protected":false},"excerpt":{"rendered":"<p>Eines Morgens wurde ich wach. Es war noch leicht dunkel drau&#223;en, aber ich bildete mir ein auf den &#196;sten des Baumes, der im Nachbargarten steht, eine Schicht Schnee liegen zu sehen. Ich versuchte meinen m&#252;den Blick darauf zu fixieren und beschloss mich dann stattdessen doch noch einmal umzudrehen und die Decke &#252;ber die Nase zu ziehen. Es war so verdammt kalt, dass nicht einmal diese mich so richtig w&#228;rmen wollte. Kennt ihr diese Phasen, wo man so kurz vor dem Aufwachen ist, sich aber noch in so einem kuschelig warmen Schlafzustand befindet? Ich fand es zwar kuschelig, aber so gar nicht warm. Also w&#228;re Schnee auf den &#196;sten wohl passend gewesen. Als ich ein paar Stunden sp&#228;ter wieder wach wurde, war es inzwischen hell drau&#223;en und ich f&#252;hlte mich ganz ger&#228;dert. Tats&#228;chlich sah es wei&#223; drau&#223;en aus. Aber es handelte sich dabei nicht um eine dicke wei&#223;e Schneedecke, wie ich sie die Tage auf vielen Fotos aus Bayern und Co sehe, sondern um Frost. Frost auf den Spielger&#228;ten im Garten, Frost auf der Wiese, Frost auf den Hecken. Mag sein, dass da in der Nacht vielleicht eine kleine Schicht Schnee auf den &#196;sten gelegen haben mag, aber wenn, dann war sie nun nicht mehr da und stattdessen&#8230; genau&#8230; Frost. Brr&#8230; es bibberte in mir drin und ich beschloss erst einmal eine richtig sch&#246;n warme Dusche zu nehmen. Ende Januar braucht es meiner Meinung nach nun auch nicht mehr zu schneien! So sch&#246;n der Winter auch sein mag, aber der dicke Schnee, mit dem man gro&#223;e Schneem&#228;nner bauen und Schneeballschlachten veranstalten kann, der geh&#246;rt f&#252;r mich zur Weihnachtszeit, so wie der Adventskranz und der Weihnachtsbaum. Wenn man durch den Schnee keinen Schlitten ziehen kann, dann kann er von mir aus auch ganz weg bleiben. Erst recht, wenn man langsam aber sicher das Bed&#252;rfnis nach Fr&#252;hling, Sonne und w&#228;rmeren Sonnenstrahlen in sich versp&#252;rt. Ich kann aber gleichzeitig auch die Aufregung in den Kindern verstehen, die jeden Tag bei dem Blick aus dem Fenster hoffen, dass es doch nochmal schneit und jede Schneeflocke, und sei sie noch so winzig, zelebrieren, als w&#228;re es der sch&#246;nste Winter seit 100 Jahren. Da kann man mal sehen, wie gen&#252;gsam die Kinder in der Hinsicht geworden sind. Ich muss tats&#228;chlich &#252;berlegen, ob ich mit meinen Kindern schon einmal einen richtigen Schneemann gebaut habe! Ich kann mich an ein Ostern im Schnee erinnern. Ich glaube, es war tats&#228;chlich das erste Ostern vom Minihelden. Ich kann mich auch an die eine oder andere Schlittenfahrt den Berg hinunter erinnern. Allerdings lag der Schnee da auch nur maximal eine Woche und das war es dann f&#252;r das Jahr auch schon wieder. Wenn ich da an meine eigene Kindheit erinnere, wo ich mit meinem Vater die Stra&#223;en entlang schlittern konnte wie auf einer Eisbahn und wir im Hof gigantische Mauern aus Schnee aufgebaut hatten, um eine richtige Schneeballschlacht zu veranstalten, bin ich manchmal schon ein bisschen traurig, dass meine Kinder dieses Ausma&#223; an Schnee noch gar nicht wirklich so kennen. Eher bin ich &#252;berrascht, dass der kleine Sohn zumindest eine Ahnung davon hat, was das Wort &#8220;Schnee&#8221; bedeutet. Vielleicht sollten wir mal einen richtig sch&#246;nen Winter &#8211; Urlaub in Betracht ziehen. Wer wei&#223;&#8230; Mit Fantasie ist alles m&#246;glich, wie wir wissen: Ein Ausmalbild f&#252;r euch! Erst vorgestern stellte ich euch das s&#252;&#223;e Kinderbuch mit Kalle und Elsa vor, in dem es um zwei Kinder geht, die mit ihrer Fantasie alles m&#246;glich machen k&#246;nnen. Fantasie ist mit das wertvollste gut und es kann uns in den traurigsten Stunden gro&#223;en Trost bescheren.&nbsp; Heute habe ich ein bisschen meine Fantasie f&#252;r euch spielen lassen und mal wieder den Bleistift geschwungen. Das erste Ausmalbild im neuen Jahr besch&#228;ftigt sich also noch einmal mit einem frostigen Thema. Gemeinsam mit den Kindern bauen wir einen Schneemann. Habt ihr Lust? &gt;&gt; DOWNLOAD AUSMALBILD &lt;&lt; Vielleicht ist euch aber doch schon eher nach sommerlicheren oder ganz anderen Themen? Dann seid herzlich eingeladen in der Ausmalbilder &#8211; Galerie zu st&#246;bern. Vielleicht findet ihr dort ja etwas, dass euch besser gef&#228;llt. Auch beim Kiddikram werdet ihr dieses Bild heute entdecken k&#246;nnen. Was denkt ihr? Wird es in diesem Jahr noch einmal Schnee geben? Oder gab es bei euch gar schon Schnee und ihr konntet einen Schneemann bauen?<\/p>\n","protected":false},"author":1,"featured_media":43849,"comment_status":"open","ping_status":"open","sticky":false,"template":"","format":"standard","meta":{"ngg_post_thumbnail":0,"footnotes":""},"categories":[1576,325],"tags":[357,369,356,81,222,383,454],"class_list":["post-43668","post","type-post","status-publish","format-standard","has-post-thumbnail","hentry","category-kreativ-2","category-kreativ","tag-ausmalbild","tag-ausmalen","tag-freebie","tag-kinder","tag-kreativ","tag-malen","tag-printable"],"yoast_head":"<!-- This site is optimized with the Yoast SEO plugin v27.5 - https:\/\/yoast.com\/product\/yoast-seo-wordpress\/ -->\n<title>Jetzt noch Lust auf Schnee? #Ausmalbild - Heldenhaushalt<\/title>\n<meta name=\"description\" content=\"Ich kann mich an ein Ostern im Schnee erinnern. Ich glaube, es war tats\u00e4chlich das erste Ostern vom Minihelden.\" \/>\n<meta name=\"robots\" content=\"index, follow, max-snippet:-1, max-image-preview:large, max-video-preview:-1\" \/>\n<link rel=\"canonical\" href=\"https:\/\/www.heldenhaushalt.de\/sari02\/index.php\/2019\/01\/24\/jetzt-noch-lust-auf-schnee-ausmalbild\/\" \/>\n<meta property=\"og:locale\" content=\"de_DE\" \/>\n<meta property=\"og:type\" content=\"article\" \/>\n<meta property=\"og:title\" content=\"Jetzt noch Lust auf Schnee? #Ausmalbild - Heldenhaushalt\" \/>\n<meta property=\"og:description\" content=\"Ich kann mich an ein Ostern im Schnee erinnern. Ich glaube, es war tats\u00e4chlich das erste Ostern vom Minihelden.\" \/>\n<meta property=\"og:url\" content=\"https:\/\/www.heldenhaushalt.de\/sari02\/index.php\/2019\/01\/24\/jetzt-noch-lust-auf-schnee-ausmalbild\/\" \/>\n<meta property=\"og:site_name\" content=\"Heldenhaushalt\" \/>\n<meta property=\"article:published_time\" content=\"2019-01-24T09:00:00+00:00\" \/>\n<meta property=\"article:modified_time\" content=\"2019-01-24T10:50:42+00:00\" \/>\n<meta property=\"og:image\" content=\"https:\/\/www.heldenhaushalt.de\/sari02\/wp-content\/uploads\/2019\/01\/schnee02.jpg\" \/>\n\t<meta property=\"og:image:width\" content=\"1825\" \/>\n\t<meta property=\"og:image:height\" content=\"1282\" \/>\n\t<meta property=\"og:image:type\" content=\"image\/jpeg\" \/>\n<meta name=\"author\" content=\"Sari\" \/>\n<meta name=\"twitter:card\" content=\"summary_large_image\" \/>\n<meta name=\"twitter:creator\" content=\"@Heldenhaushalt\" \/>\n<meta name=\"twitter:site\" content=\"@Heldenhaushalt\" \/>\n<meta name=\"twitter:label1\" content=\"Verfasst von\" \/>\n\t<meta name=\"twitter:data1\" content=\"Sari\" \/>\n\t<meta name=\"twitter:label2\" content=\"Gesch\u00e4tzte Lesezeit\" \/>\n\t<meta name=\"twitter:data2\" content=\"4\u00a0Minuten\" \/>\n<script type=\"application\/ld+json\" class=\"yoast-schema-graph\">{\"@context\":\"https:\\\/\\\/schema.org\",\"@graph\":[{\"@type\":\"Article\",\"@id\":\"https:\\\/\\\/www.heldenhaushalt.de\\\/sari02\\\/index.php\\\/2019\\\/01\\\/24\\\/jetzt-noch-lust-auf-schnee-ausmalbild\\\/#article\",\"isPartOf\":{\"@id\":\"https:\\\/\\\/www.heldenhaushalt.de\\\/sari02\\\/index.php\\\/2019\\\/01\\\/24\\\/jetzt-noch-lust-auf-schnee-ausmalbild\\\/\"},\"author\":{\"name\":\"Sari\",\"@id\":\"https:\\\/\\\/www.heldenhaushalt.de\\\/sari02\\\/#\\\/schema\\\/person\\\/a1cc69f42a01f412eb62c151353814f6\"},\"headline\":\"Jetzt noch Lust auf Schnee? #Ausmalbild\",\"datePublished\":\"2019-01-24T09:00:00+00:00\",\"dateModified\":\"2019-01-24T10:50:42+00:00\",\"mainEntityOfPage\":{\"@id\":\"https:\\\/\\\/www.heldenhaushalt.de\\\/sari02\\\/index.php\\\/2019\\\/01\\\/24\\\/jetzt-noch-lust-auf-schnee-ausmalbild\\\/\"},\"wordCount\":754,\"commentCount\":2,\"publisher\":{\"@id\":\"https:\\\/\\\/www.heldenhaushalt.de\\\/sari02\\\/#\\\/schema\\\/person\\\/a1cc69f42a01f412eb62c151353814f6\"},\"image\":{\"@id\":\"https:\\\/\\\/www.heldenhaushalt.de\\\/sari02\\\/index.php\\\/2019\\\/01\\\/24\\\/jetzt-noch-lust-auf-schnee-ausmalbild\\\/#primaryimage\"},\"thumbnailUrl\":\"https:\\\/\\\/www.heldenhaushalt.de\\\/sari02\\\/wp-content\\\/uploads\\\/2019\\\/01\\\/schnee02.jpg\",\"keywords\":[\"ausmalbild\",\"Ausmalen\",\"freebie\",\"Kinder\",\"Kreativ\",\"Malen\",\"Printable\"],\"articleSection\":[\"Kreativ\",\"Zeichnen ist toll\"],\"inLanguage\":\"de\",\"potentialAction\":[{\"@type\":\"CommentAction\",\"name\":\"Comment\",\"target\":[\"https:\\\/\\\/www.heldenhaushalt.de\\\/sari02\\\/index.php\\\/2019\\\/01\\\/24\\\/jetzt-noch-lust-auf-schnee-ausmalbild\\\/#respond\"]}]},{\"@type\":\"WebPage\",\"@id\":\"https:\\\/\\\/www.heldenhaushalt.de\\\/sari02\\\/index.php\\\/2019\\\/01\\\/24\\\/jetzt-noch-lust-auf-schnee-ausmalbild\\\/\",\"url\":\"https:\\\/\\\/www.heldenhaushalt.de\\\/sari02\\\/index.php\\\/2019\\\/01\\\/24\\\/jetzt-noch-lust-auf-schnee-ausmalbild\\\/\",\"name\":\"Jetzt noch Lust auf Schnee? #Ausmalbild - Heldenhaushalt\",\"isPartOf\":{\"@id\":\"https:\\\/\\\/www.heldenhaushalt.de\\\/sari02\\\/#website\"},\"primaryImageOfPage\":{\"@id\":\"https:\\\/\\\/www.heldenhaushalt.de\\\/sari02\\\/index.php\\\/2019\\\/01\\\/24\\\/jetzt-noch-lust-auf-schnee-ausmalbild\\\/#primaryimage\"},\"image\":{\"@id\":\"https:\\\/\\\/www.heldenhaushalt.de\\\/sari02\\\/index.php\\\/2019\\\/01\\\/24\\\/jetzt-noch-lust-auf-schnee-ausmalbild\\\/#primaryimage\"},\"thumbnailUrl\":\"https:\\\/\\\/www.heldenhaushalt.de\\\/sari02\\\/wp-content\\\/uploads\\\/2019\\\/01\\\/schnee02.jpg\",\"datePublished\":\"2019-01-24T09:00:00+00:00\",\"dateModified\":\"2019-01-24T10:50:42+00:00\",\"description\":\"Ich kann mich an ein Ostern im Schnee erinnern. Ich glaube, es war tats\u00e4chlich das erste Ostern vom Minihelden.\",\"breadcrumb\":{\"@id\":\"https:\\\/\\\/www.heldenhaushalt.de\\\/sari02\\\/index.php\\\/2019\\\/01\\\/24\\\/jetzt-noch-lust-auf-schnee-ausmalbild\\\/#breadcrumb\"},\"inLanguage\":\"de\",\"potentialAction\":[{\"@type\":\"ReadAction\",\"target\":[\"https:\\\/\\\/www.heldenhaushalt.de\\\/sari02\\\/index.php\\\/2019\\\/01\\\/24\\\/jetzt-noch-lust-auf-schnee-ausmalbild\\\/\"]}]},{\"@type\":\"ImageObject\",\"inLanguage\":\"de\",\"@id\":\"https:\\\/\\\/www.heldenhaushalt.de\\\/sari02\\\/index.php\\\/2019\\\/01\\\/24\\\/jetzt-noch-lust-auf-schnee-ausmalbild\\\/#primaryimage\",\"url\":\"https:\\\/\\\/www.heldenhaushalt.de\\\/sari02\\\/wp-content\\\/uploads\\\/2019\\\/01\\\/schnee02.jpg\",\"contentUrl\":\"https:\\\/\\\/www.heldenhaushalt.de\\\/sari02\\\/wp-content\\\/uploads\\\/2019\\\/01\\\/schnee02.jpg\",\"width\":1825,\"height\":1282,\"caption\":\"Schnee\"},{\"@type\":\"BreadcrumbList\",\"@id\":\"https:\\\/\\\/www.heldenhaushalt.de\\\/sari02\\\/index.php\\\/2019\\\/01\\\/24\\\/jetzt-noch-lust-auf-schnee-ausmalbild\\\/#breadcrumb\",\"itemListElement\":[{\"@type\":\"ListItem\",\"position\":1,\"name\":\"Startseite\",\"item\":\"https:\\\/\\\/www.heldenhaushalt.de\\\/sari02\\\/\"},{\"@type\":\"ListItem\",\"position\":2,\"name\":\"Jetzt noch Lust auf Schnee? #Ausmalbild\"}]},{\"@type\":\"WebSite\",\"@id\":\"https:\\\/\\\/www.heldenhaushalt.de\\\/sari02\\\/#website\",\"url\":\"https:\\\/\\\/www.heldenhaushalt.de\\\/sari02\\\/\",\"name\":\"Heldenhaushalt\",\"description\":\"Wer es ordentlich haben will, der muss vorher anrufen\",\"publisher\":{\"@id\":\"https:\\\/\\\/www.heldenhaushalt.de\\\/sari02\\\/#\\\/schema\\\/person\\\/a1cc69f42a01f412eb62c151353814f6\"},\"potentialAction\":[{\"@type\":\"SearchAction\",\"target\":{\"@type\":\"EntryPoint\",\"urlTemplate\":\"https:\\\/\\\/www.heldenhaushalt.de\\\/sari02\\\/?s={search_term_string}\"},\"query-input\":{\"@type\":\"PropertyValueSpecification\",\"valueRequired\":true,\"valueName\":\"search_term_string\"}}],\"inLanguage\":\"de\"},{\"@type\":[\"Person\",\"Organization\"],\"@id\":\"https:\\\/\\\/www.heldenhaushalt.de\\\/sari02\\\/#\\\/schema\\\/person\\\/a1cc69f42a01f412eb62c151353814f6\",\"name\":\"Sari\",\"image\":{\"@type\":\"ImageObject\",\"inLanguage\":\"de\",\"@id\":\"https:\\\/\\\/www.heldenhaushalt.de\\\/sari02\\\/wp-content\\\/uploads\\\/2019\\\/02\\\/sari-april2018.png\",\"url\":\"https:\\\/\\\/www.heldenhaushalt.de\\\/sari02\\\/wp-content\\\/uploads\\\/2019\\\/02\\\/sari-april2018.png\",\"contentUrl\":\"https:\\\/\\\/www.heldenhaushalt.de\\\/sari02\\\/wp-content\\\/uploads\\\/2019\\\/02\\\/sari-april2018.png\",\"width\":500,\"height\":500,\"caption\":\"Sari\"},\"logo\":{\"@id\":\"https:\\\/\\\/www.heldenhaushalt.de\\\/sari02\\\/wp-content\\\/uploads\\\/2019\\\/02\\\/sari-april2018.png\"},\"description\":\"Frau Mondgras \u2013 Das bin ich, Sari. Gerne auch als Sari Mondgras bekannt und im Internet zu finden. 2-Fach-Mutter, Heldenehefrau, Kreativling, Harmonies\u00fcchtig und st\u00e4ndig auf der Suche nach Gl\u00fcck. Ich komme aus Berlin, bin hier aufgewachsen und lebe hier seit ich denken kann.\",\"sameAs\":[\"https:\\\/\\\/www.instagram.com\\\/heldenhaushalt\\\/\"],\"url\":\"https:\\\/\\\/www.heldenhaushalt.de\\\/sari02\\\/index.php\\\/author\\\/admin\\\/\"}]}<\/script>\n<!-- \/ Yoast SEO plugin. -->","yoast_head_json":{"title":"Jetzt noch Lust auf Schnee? #Ausmalbild - Heldenhaushalt","description":"Ich kann mich an ein Ostern im Schnee erinnern. Ich glaube, es war tats\u00e4chlich das erste Ostern vom Minihelden.","robots":{"index":"index","follow":"follow","max-snippet":"max-snippet:-1","max-image-preview":"max-image-preview:large","max-video-preview":"max-video-preview:-1"},"canonical":"https:\/\/www.heldenhaushalt.de\/sari02\/index.php\/2019\/01\/24\/jetzt-noch-lust-auf-schnee-ausmalbild\/","og_locale":"de_DE","og_type":"article","og_title":"Jetzt noch Lust auf Schnee? #Ausmalbild - Heldenhaushalt","og_description":"Ich kann mich an ein Ostern im Schnee erinnern. Ich glaube, es war tats\u00e4chlich das erste Ostern vom Minihelden.","og_url":"https:\/\/www.heldenhaushalt.de\/sari02\/index.php\/2019\/01\/24\/jetzt-noch-lust-auf-schnee-ausmalbild\/","og_site_name":"Heldenhaushalt","article_published_time":"2019-01-24T09:00:00+00:00","article_modified_time":"2019-01-24T10:50:42+00:00","og_image":[{"width":1825,"height":1282,"url":"https:\/\/www.heldenhaushalt.de\/sari02\/wp-content\/uploads\/2019\/01\/schnee02.jpg","type":"image\/jpeg"}],"author":"Sari","twitter_card":"summary_large_image","twitter_creator":"@Heldenhaushalt","twitter_site":"@Heldenhaushalt","twitter_misc":{"Verfasst von":"Sari","Gesch\u00e4tzte Lesezeit":"4\u00a0Minuten"},"schema":{"@context":"https:\/\/schema.org","@graph":[{"@type":"Article","@id":"https:\/\/www.heldenhaushalt.de\/sari02\/index.php\/2019\/01\/24\/jetzt-noch-lust-auf-schnee-ausmalbild\/#article","isPartOf":{"@id":"https:\/\/www.heldenhaushalt.de\/sari02\/index.php\/2019\/01\/24\/jetzt-noch-lust-auf-schnee-ausmalbild\/"},"author":{"name":"Sari","@id":"https:\/\/www.heldenhaushalt.de\/sari02\/#\/schema\/person\/a1cc69f42a01f412eb62c151353814f6"},"headline":"Jetzt noch Lust auf Schnee? #Ausmalbild","datePublished":"2019-01-24T09:00:00+00:00","dateModified":"2019-01-24T10:50:42+00:00","mainEntityOfPage":{"@id":"https:\/\/www.heldenhaushalt.de\/sari02\/index.php\/2019\/01\/24\/jetzt-noch-lust-auf-schnee-ausmalbild\/"},"wordCount":754,"commentCount":2,"publisher":{"@id":"https:\/\/www.heldenhaushalt.de\/sari02\/#\/schema\/person\/a1cc69f42a01f412eb62c151353814f6"},"image":{"@id":"https:\/\/www.heldenhaushalt.de\/sari02\/index.php\/2019\/01\/24\/jetzt-noch-lust-auf-schnee-ausmalbild\/#primaryimage"},"thumbnailUrl":"https:\/\/www.heldenhaushalt.de\/sari02\/wp-content\/uploads\/2019\/01\/schnee02.jpg","keywords":["ausmalbild","Ausmalen","freebie","Kinder","Kreativ","Malen","Printable"],"articleSection":["Kreativ","Zeichnen ist toll"],"inLanguage":"de","potentialAction":[{"@type":"CommentAction","name":"Comment","target":["https:\/\/www.heldenhaushalt.de\/sari02\/index.php\/2019\/01\/24\/jetzt-noch-lust-auf-schnee-ausmalbild\/#respond"]}]},{"@type":"WebPage","@id":"https:\/\/www.heldenhaushalt.de\/sari02\/index.php\/2019\/01\/24\/jetzt-noch-lust-auf-schnee-ausmalbild\/","url":"https:\/\/www.heldenhaushalt.de\/sari02\/index.php\/2019\/01\/24\/jetzt-noch-lust-auf-schnee-ausmalbild\/","name":"Jetzt noch Lust auf Schnee? #Ausmalbild - Heldenhaushalt","isPartOf":{"@id":"https:\/\/www.heldenhaushalt.de\/sari02\/#website"},"primaryImageOfPage":{"@id":"https:\/\/www.heldenhaushalt.de\/sari02\/index.php\/2019\/01\/24\/jetzt-noch-lust-auf-schnee-ausmalbild\/#primaryimage"},"image":{"@id":"https:\/\/www.heldenhaushalt.de\/sari02\/index.php\/2019\/01\/24\/jetzt-noch-lust-auf-schnee-ausmalbild\/#primaryimage"},"thumbnailUrl":"https:\/\/www.heldenhaushalt.de\/sari02\/wp-content\/uploads\/2019\/01\/schnee02.jpg","datePublished":"2019-01-24T09:00:00+00:00","dateModified":"2019-01-24T10:50:42+00:00","description":"Ich kann mich an ein Ostern im Schnee erinnern. Ich glaube, es war tats\u00e4chlich das erste Ostern vom Minihelden.","breadcrumb":{"@id":"https:\/\/www.heldenhaushalt.de\/sari02\/index.php\/2019\/01\/24\/jetzt-noch-lust-auf-schnee-ausmalbild\/#breadcrumb"},"inLanguage":"de","potentialAction":[{"@type":"ReadAction","target":["https:\/\/www.heldenhaushalt.de\/sari02\/index.php\/2019\/01\/24\/jetzt-noch-lust-auf-schnee-ausmalbild\/"]}]},{"@type":"ImageObject","inLanguage":"de","@id":"https:\/\/www.heldenhaushalt.de\/sari02\/index.php\/2019\/01\/24\/jetzt-noch-lust-auf-schnee-ausmalbild\/#primaryimage","url":"https:\/\/www.heldenhaushalt.de\/sari02\/wp-content\/uploads\/2019\/01\/schnee02.jpg","contentUrl":"https:\/\/www.heldenhaushalt.de\/sari02\/wp-content\/uploads\/2019\/01\/schnee02.jpg","width":1825,"height":1282,"caption":"Schnee"},{"@type":"BreadcrumbList","@id":"https:\/\/www.heldenhaushalt.de\/sari02\/index.php\/2019\/01\/24\/jetzt-noch-lust-auf-schnee-ausmalbild\/#breadcrumb","itemListElement":[{"@type":"ListItem","position":1,"name":"Startseite","item":"https:\/\/www.heldenhaushalt.de\/sari02\/"},{"@type":"ListItem","position":2,"name":"Jetzt noch Lust auf Schnee? #Ausmalbild"}]},{"@type":"WebSite","@id":"https:\/\/www.heldenhaushalt.de\/sari02\/#website","url":"https:\/\/www.heldenhaushalt.de\/sari02\/","name":"Heldenhaushalt","description":"Wer es ordentlich haben will, der muss vorher anrufen","publisher":{"@id":"https:\/\/www.heldenhaushalt.de\/sari02\/#\/schema\/person\/a1cc69f42a01f412eb62c151353814f6"},"potentialAction":[{"@type":"SearchAction","target":{"@type":"EntryPoint","urlTemplate":"https:\/\/www.heldenhaushalt.de\/sari02\/?s={search_term_string}"},"query-input":{"@type":"PropertyValueSpecification","valueRequired":true,"valueName":"search_term_string"}}],"inLanguage":"de"},{"@type":["Person","Organization"],"@id":"https:\/\/www.heldenhaushalt.de\/sari02\/#\/schema\/person\/a1cc69f42a01f412eb62c151353814f6","name":"Sari","image":{"@type":"ImageObject","inLanguage":"de","@id":"https:\/\/www.heldenhaushalt.de\/sari02\/wp-content\/uploads\/2019\/02\/sari-april2018.png","url":"https:\/\/www.heldenhaushalt.de\/sari02\/wp-content\/uploads\/2019\/02\/sari-april2018.png","contentUrl":"https:\/\/www.heldenhaushalt.de\/sari02\/wp-content\/uploads\/2019\/02\/sari-april2018.png","width":500,"height":500,"caption":"Sari"},"logo":{"@id":"https:\/\/www.heldenhaushalt.de\/sari02\/wp-content\/uploads\/2019\/02\/sari-april2018.png"},"description":"Frau Mondgras \u2013 Das bin ich, Sari. Gerne auch als Sari Mondgras bekannt und im Internet zu finden. 2-Fach-Mutter, Heldenehefrau, Kreativling, Harmonies\u00fcchtig und st\u00e4ndig auf der Suche nach Gl\u00fcck. Ich komme aus Berlin, bin hier aufgewachsen und lebe hier seit ich denken kann.","sameAs":["https:\/\/www.instagram.com\/heldenhaushalt\/"],"url":"https:\/\/www.heldenhaushalt.de\/sari02\/index.php\/author\/admin\/"}]}},"views":5586,"_links":{"self":[{"href":"https:\/\/www.heldenhaushalt.de\/sari02\/index.php\/wp-json\/wp\/v2\/posts\/43668","targetHints":{"allow":["GET"]}}],"collection":[{"href":"https:\/\/www.heldenhaushalt.de\/sari02\/index.php\/wp-json\/wp\/v2\/posts"}],"about":[{"href":"https:\/\/www.heldenhaushalt.de\/sari02\/index.php\/wp-json\/wp\/v2\/types\/post"}],"author":[{"embeddable":true,"href":"https:\/\/www.heldenhaushalt.de\/sari02\/index.php\/wp-json\/wp\/v2\/users\/1"}],"replies":[{"embeddable":true,"href":"https:\/\/www.heldenhaushalt.de\/sari02\/index.php\/wp-json\/wp\/v2\/comments?post=43668"}],"version-history":[{"count":2,"href":"https:\/\/www.heldenhaushalt.de\/sari02\/index.php\/wp-json\/wp\/v2\/posts\/43668\/revisions"}],"predecessor-version":[{"id":43851,"href":"https:\/\/www.heldenhaushalt.de\/sari02\/index.php\/wp-json\/wp\/v2\/posts\/43668\/revisions\/43851"}],"wp:featuredmedia":[{"embeddable":true,"href":"https:\/\/www.heldenhaushalt.de\/sari02\/index.php\/wp-json\/wp\/v2\/media\/43849"}],"wp:attachment":[{"href":"https:\/\/www.heldenhaushalt.de\/sari02\/index.php\/wp-json\/wp\/v2\/media?parent=43668"}],"wp:term":[{"taxonomy":"category","embeddable":true,"href":"https:\/\/www.heldenhaushalt.de\/sari02\/index.php\/wp-json\/wp\/v2\/categories?post=43668"},{"taxonomy":"post_tag","embeddable":true,"href":"https:\/\/www.heldenhaushalt.de\/sari02\/index.php\/wp-json\/wp\/v2\/tags?post=43668"}],"curies":[{"name":"wp","href":"https:\/\/api.w.org\/{rel}","templated":true}]}}