{"id":44555,"date":"2019-03-20T10:00:00","date_gmt":"2019-03-20T09:00:00","guid":{"rendered":"https:\/\/www.heldenhaushalt.de\/sari02\/?p=44555"},"modified":"2019-03-20T11:14:08","modified_gmt":"2019-03-20T10:14:08","slug":"was-gehoert-fuer-euch-zum-fruehling-ausmalbild","status":"publish","type":"post","link":"https:\/\/www.heldenhaushalt.de\/sari02\/index.php\/2019\/03\/20\/was-gehoert-fuer-euch-zum-fruehling-ausmalbild\/","title":{"rendered":"Was geh&#246;rt f&#252;r euch zum Fr&#252;hling? #Ausmalbild"},"content":{"rendered":"<p>Wenn es nicht gerade drau&#223;en in Str&#246;men regnet, machen die Spazierg&#228;nge wirklich Spa&#223; und jeden Tag gibt es etwas Neues zu entdecken. In der einen Woche haben die ersten Krokusse ihre K&#246;pfe aus der Erde gesteckt und nur Tage sp&#228;ter entdeckten wir auch kleine Schneegl&#246;ckchen und sogar die ersten Osterglocken. Jeden Tag ein bisschen mehr. Aus Knospen an B&#228;umen und B&#252;schen sind inzwischen kleine Bl&#252;mchen geworden und auch die geliebten Weidenk&#228;tzchen konnten wir schon streicheln.&nbsp;<\/p>\n<p>Einige erz&#228;hlen von frischen Tulpen auf ihren Tischen, schon drapiert in Vasen und hachja&#8230; doch, hier und da hat sich trotz des April artigen Wetters der Fr&#252;hling schon langsam gezeigt und &#252;ber jeden noch so kleinen Fr&#252;hlingsboten, den wir entdecken konnten, haben wir uns riesig gefreut. Man hat den d&#252;steren, nassen und kalten Winter halt doch irgendwann &#252;ber und freut sich &#252;ber die frischen Farben, die diese Jahreszeit so mit sich bringt.<\/p>\n<h2>Heute ist &#252;brigens Fr&#252;hlingsanfang!<\/h2>\n<p>P&#252;nktlich zum Fr&#252;hlingsanfang zeigt sich dieser nun auch endlich wieder nach einer langen Regenperiode und die Kinder genie&#223;en diese Tatsache in vollen Z&#252;gen. Die geschundenen Nasen und Lungen, gepeinigt von langen Erk&#228;ltungsphasen, lassen sich von den seltenen Sonnenstrahlen streicheln und man atmet tief ein. Frische Luft. Herrlich.<\/p>\n<p>F&#252;r mich beginnt der Fr&#252;hling mit den ersten Krokussen. Was sind f&#252;r euch die ersten Fr&#252;hlingsboten, die zu einem sch&#246;nen Fr&#252;hling dazu geh&#246;ren? Als N&#228;chstes freue ich mich ja auf die Bl&#252;ten an Kirsch &#8211; und Apfelb&#228;umen. Das w&#228;re herrlich, wenn sich diese bald zeigen w&#252;rden.<\/p>\n<h2>Zum Fr&#252;hlingsanfang habe ich wieder ein Ausmalbild f&#252;r euch&#8230;<\/h2>\n<p>Ich muss zugeben, es ist etwas holprig, ein ungerader Regenbogen und die untere Seite sah auf der Zeichnung wieder mal viel besser aus, als jetzt so auf dem Bildschirm. Vielleicht gef&#228;llt es euch dennoch und ihr bekommt Lust es auszumalen.<\/p>\n<p><strong>Wenn ja, dann habe ich hier wieder das Bild zum Runterladen f&#252;r euch:<\/strong><\/p>\n<p><img loading=\"lazy\" decoding=\"async\" class=\"alignnone size-full wp-image-44563\" src=\"https:\/\/www.heldenhaushalt.de\/sari02\/wp-content\/uploads\/2019\/03\/fruhling01.jpg\" alt=\"Ausmalbild\" width=\"2338\" height=\"1653\" srcset=\"https:\/\/www.heldenhaushalt.de\/sari02\/wp-content\/uploads\/2019\/03\/fruhling01.jpg 2338w, https:\/\/www.heldenhaushalt.de\/sari02\/wp-content\/uploads\/2019\/03\/fruhling01-300x212.jpg 300w, https:\/\/www.heldenhaushalt.de\/sari02\/wp-content\/uploads\/2019\/03\/fruhling01-768x543.jpg 768w, https:\/\/www.heldenhaushalt.de\/sari02\/wp-content\/uploads\/2019\/03\/fruhling01-1024x724.jpg 1024w, https:\/\/www.heldenhaushalt.de\/sari02\/wp-content\/uploads\/2019\/03\/fruhling01-1000x707.jpg 1000w\" sizes=\"auto, (max-width: 2338px) 100vw, 2338px\" \/><\/p>\n<p style=\"text-align: center;\"><strong>&gt;&gt; <a href=\"https:\/\/www.heldenhaushalt.de\/sari02\/wp-content\/uploads\/2019\/03\/fruhling01.jpg\" target=\"_blank\" rel=\"noopener noreferrer\">AUSMALBILD DOWNLOADEN<\/a> &lt;&lt;<\/strong><\/p>\n<p>Wenn euch dieses eher weniger zusagt, dann k&#246;nnt ihr ja gerne <a href=\"https:\/\/www.heldenhaushalt.de\/sari02\/index.php\/ausmalbilder\/\">in der Galerie<\/a> st&#246;bern. Vielleicht findet ihr dort ein anderes, dass euch besser gef&#228;llt.<\/p>\n<p>Auch beim <a href=\"http:\/\/www.lunaju.de\/2019\/02\/kiddikram-marz-2019.html\" target=\"_blank\" rel=\"noopener noreferrer\">KIddikram<\/a> ist das Bild heute wieder gelistet. Und nun&#8230; raus mit euch und genie&#223;t die Sonne und den Fr&#252;hling!<\/p>\n","protected":false},"excerpt":{"rendered":"<p>Wenn es nicht gerade drau&#223;en in Str&#246;men regnet, machen die Spazierg&#228;nge wirklich Spa&#223; und jeden Tag gibt es etwas Neues zu entdecken. In der einen Woche haben die ersten Krokusse ihre K&#246;pfe aus der Erde gesteckt und nur Tage sp&#228;ter entdeckten wir auch kleine Schneegl&#246;ckchen und sogar die ersten Osterglocken. Jeden Tag ein bisschen mehr. Aus Knospen an B&#228;umen und B&#252;schen sind inzwischen kleine Bl&#252;mchen geworden und auch die geliebten Weidenk&#228;tzchen konnten wir schon streicheln.&nbsp; Einige erz&#228;hlen von frischen Tulpen auf ihren Tischen, schon drapiert in Vasen und hachja&#8230; doch, hier und da hat sich trotz des April artigen Wetters der Fr&#252;hling schon langsam gezeigt und &#252;ber jeden noch so kleinen Fr&#252;hlingsboten, den wir entdecken konnten, haben wir uns riesig gefreut. Man hat den d&#252;steren, nassen und kalten Winter halt doch irgendwann &#252;ber und freut sich &#252;ber die frischen Farben, die diese Jahreszeit so mit sich bringt. Heute ist &#252;brigens Fr&#252;hlingsanfang! P&#252;nktlich zum Fr&#252;hlingsanfang zeigt sich dieser nun auch endlich wieder nach einer langen Regenperiode und die Kinder genie&#223;en diese Tatsache in vollen Z&#252;gen. Die geschundenen Nasen und Lungen, gepeinigt von langen Erk&#228;ltungsphasen, lassen sich von den seltenen Sonnenstrahlen streicheln und man atmet tief ein. Frische Luft. Herrlich. F&#252;r mich beginnt der Fr&#252;hling mit den ersten Krokussen. Was sind f&#252;r euch die ersten Fr&#252;hlingsboten, die zu einem sch&#246;nen Fr&#252;hling dazu geh&#246;ren? Als N&#228;chstes freue ich mich ja auf die Bl&#252;ten an Kirsch &#8211; und Apfelb&#228;umen. Das w&#228;re herrlich, wenn sich diese bald zeigen w&#252;rden. Zum Fr&#252;hlingsanfang habe ich wieder ein Ausmalbild f&#252;r euch&#8230; Ich muss zugeben, es ist etwas holprig, ein ungerader Regenbogen und die untere Seite sah auf der Zeichnung wieder mal viel besser aus, als jetzt so auf dem Bildschirm. Vielleicht gef&#228;llt es euch dennoch und ihr bekommt Lust es auszumalen. Wenn ja, dann habe ich hier wieder das Bild zum Runterladen f&#252;r euch: &gt;&gt; AUSMALBILD DOWNLOADEN &lt;&lt; Wenn euch dieses eher weniger zusagt, dann k&#246;nnt ihr ja gerne in der Galerie st&#246;bern. Vielleicht findet ihr dort ein anderes, dass euch besser gef&#228;llt. Auch beim KIddikram ist das Bild heute wieder gelistet. Und nun&#8230; raus mit euch und genie&#223;t die Sonne und den Fr&#252;hling!<\/p>\n","protected":false},"author":1,"featured_media":44559,"comment_status":"open","ping_status":"open","sticky":false,"template":"","format":"standard","meta":{"ngg_post_thumbnail":0,"footnotes":""},"categories":[1576,325],"tags":[357,369,356,222,2076,383,2225,2226],"class_list":["post-44555","post","type-post","status-publish","format-standard","has-post-thumbnail","hentry","category-kreativ-2","category-kreativ","tag-ausmalbild","tag-ausmalen","tag-freebie","tag-kreativ","tag-kreativ-mit-kindern","tag-malen","tag-malen-mit-kindern","tag-prinatable"],"yoast_head":"<!-- This site is optimized with the Yoast SEO plugin v27.5 - https:\/\/yoast.com\/product\/yoast-seo-wordpress\/ -->\n<title>Was geh\u00f6rt f\u00fcr euch zum Fr\u00fchling? #Ausmalbild - Heldenhaushalt<\/title>\n<meta name=\"description\" content=\"Zum Fr\u00fchlingsanfang habe ich wieder ein Ausmalbild f\u00fcr euch... Ich muss zugeben, es ist etwas holprig und ungerade geworden...\" \/>\n<meta name=\"robots\" content=\"index, follow, max-snippet:-1, max-image-preview:large, max-video-preview:-1\" \/>\n<link rel=\"canonical\" href=\"https:\/\/www.heldenhaushalt.de\/sari02\/index.php\/2019\/03\/20\/was-gehoert-fuer-euch-zum-fruehling-ausmalbild\/\" \/>\n<meta property=\"og:locale\" content=\"de_DE\" \/>\n<meta property=\"og:type\" content=\"article\" \/>\n<meta property=\"og:title\" content=\"Was geh\u00f6rt f\u00fcr euch zum Fr\u00fchling? #Ausmalbild - Heldenhaushalt\" \/>\n<meta property=\"og:description\" content=\"Zum Fr\u00fchlingsanfang habe ich wieder ein Ausmalbild f\u00fcr euch... Ich muss zugeben, es ist etwas holprig und ungerade geworden...\" \/>\n<meta property=\"og:url\" content=\"https:\/\/www.heldenhaushalt.de\/sari02\/index.php\/2019\/03\/20\/was-gehoert-fuer-euch-zum-fruehling-ausmalbild\/\" \/>\n<meta property=\"og:site_name\" content=\"Heldenhaushalt\" \/>\n<meta property=\"article:published_time\" content=\"2019-03-20T09:00:00+00:00\" \/>\n<meta property=\"article:modified_time\" content=\"2019-03-20T10:14:08+00:00\" \/>\n<meta property=\"og:image\" content=\"https:\/\/www.heldenhaushalt.de\/sari02\/wp-content\/uploads\/2019\/03\/fruhling02.jpg\" \/>\n\t<meta property=\"og:image:width\" content=\"1000\" \/>\n\t<meta property=\"og:image:height\" content=\"735\" \/>\n\t<meta property=\"og:image:type\" content=\"image\/jpeg\" \/>\n<meta name=\"author\" content=\"Sari\" \/>\n<meta name=\"twitter:card\" content=\"summary_large_image\" \/>\n<meta name=\"twitter:creator\" content=\"@Heldenhaushalt\" \/>\n<meta name=\"twitter:site\" content=\"@Heldenhaushalt\" \/>\n<meta name=\"twitter:label1\" content=\"Verfasst von\" \/>\n\t<meta name=\"twitter:data1\" content=\"Sari\" \/>\n\t<meta name=\"twitter:label2\" content=\"Gesch\u00e4tzte Lesezeit\" \/>\n\t<meta name=\"twitter:data2\" content=\"2\u00a0Minuten\" \/>\n<script type=\"application\/ld+json\" class=\"yoast-schema-graph\">{\"@context\":\"https:\\\/\\\/schema.org\",\"@graph\":[{\"@type\":\"Article\",\"@id\":\"https:\\\/\\\/www.heldenhaushalt.de\\\/sari02\\\/index.php\\\/2019\\\/03\\\/20\\\/was-gehoert-fuer-euch-zum-fruehling-ausmalbild\\\/#article\",\"isPartOf\":{\"@id\":\"https:\\\/\\\/www.heldenhaushalt.de\\\/sari02\\\/index.php\\\/2019\\\/03\\\/20\\\/was-gehoert-fuer-euch-zum-fruehling-ausmalbild\\\/\"},\"author\":{\"name\":\"Sari\",\"@id\":\"https:\\\/\\\/www.heldenhaushalt.de\\\/sari02\\\/#\\\/schema\\\/person\\\/a1cc69f42a01f412eb62c151353814f6\"},\"headline\":\"Was geh&#246;rt f&#252;r euch zum Fr&#252;hling? #Ausmalbild\",\"datePublished\":\"2019-03-20T09:00:00+00:00\",\"dateModified\":\"2019-03-20T10:14:08+00:00\",\"mainEntityOfPage\":{\"@id\":\"https:\\\/\\\/www.heldenhaushalt.de\\\/sari02\\\/index.php\\\/2019\\\/03\\\/20\\\/was-gehoert-fuer-euch-zum-fruehling-ausmalbild\\\/\"},\"wordCount\":410,\"commentCount\":4,\"publisher\":{\"@id\":\"https:\\\/\\\/www.heldenhaushalt.de\\\/sari02\\\/#\\\/schema\\\/person\\\/a1cc69f42a01f412eb62c151353814f6\"},\"image\":{\"@id\":\"https:\\\/\\\/www.heldenhaushalt.de\\\/sari02\\\/index.php\\\/2019\\\/03\\\/20\\\/was-gehoert-fuer-euch-zum-fruehling-ausmalbild\\\/#primaryimage\"},\"thumbnailUrl\":\"https:\\\/\\\/www.heldenhaushalt.de\\\/sari02\\\/wp-content\\\/uploads\\\/2019\\\/03\\\/fruhling02.jpg\",\"keywords\":[\"ausmalbild\",\"Ausmalen\",\"freebie\",\"Kreativ\",\"Kreativ mit Kindern\",\"Malen\",\"Malen mit Kindern\",\"Prinatable\"],\"articleSection\":[\"Kreativ\",\"Zeichnen ist toll\"],\"inLanguage\":\"de\",\"potentialAction\":[{\"@type\":\"CommentAction\",\"name\":\"Comment\",\"target\":[\"https:\\\/\\\/www.heldenhaushalt.de\\\/sari02\\\/index.php\\\/2019\\\/03\\\/20\\\/was-gehoert-fuer-euch-zum-fruehling-ausmalbild\\\/#respond\"]}]},{\"@type\":\"WebPage\",\"@id\":\"https:\\\/\\\/www.heldenhaushalt.de\\\/sari02\\\/index.php\\\/2019\\\/03\\\/20\\\/was-gehoert-fuer-euch-zum-fruehling-ausmalbild\\\/\",\"url\":\"https:\\\/\\\/www.heldenhaushalt.de\\\/sari02\\\/index.php\\\/2019\\\/03\\\/20\\\/was-gehoert-fuer-euch-zum-fruehling-ausmalbild\\\/\",\"name\":\"Was geh\u00f6rt f\u00fcr euch zum Fr\u00fchling? #Ausmalbild - Heldenhaushalt\",\"isPartOf\":{\"@id\":\"https:\\\/\\\/www.heldenhaushalt.de\\\/sari02\\\/#website\"},\"primaryImageOfPage\":{\"@id\":\"https:\\\/\\\/www.heldenhaushalt.de\\\/sari02\\\/index.php\\\/2019\\\/03\\\/20\\\/was-gehoert-fuer-euch-zum-fruehling-ausmalbild\\\/#primaryimage\"},\"image\":{\"@id\":\"https:\\\/\\\/www.heldenhaushalt.de\\\/sari02\\\/index.php\\\/2019\\\/03\\\/20\\\/was-gehoert-fuer-euch-zum-fruehling-ausmalbild\\\/#primaryimage\"},\"thumbnailUrl\":\"https:\\\/\\\/www.heldenhaushalt.de\\\/sari02\\\/wp-content\\\/uploads\\\/2019\\\/03\\\/fruhling02.jpg\",\"datePublished\":\"2019-03-20T09:00:00+00:00\",\"dateModified\":\"2019-03-20T10:14:08+00:00\",\"description\":\"Zum Fr\u00fchlingsanfang habe ich wieder ein Ausmalbild f\u00fcr euch... Ich muss zugeben, es ist etwas holprig und ungerade geworden...\",\"breadcrumb\":{\"@id\":\"https:\\\/\\\/www.heldenhaushalt.de\\\/sari02\\\/index.php\\\/2019\\\/03\\\/20\\\/was-gehoert-fuer-euch-zum-fruehling-ausmalbild\\\/#breadcrumb\"},\"inLanguage\":\"de\",\"potentialAction\":[{\"@type\":\"ReadAction\",\"target\":[\"https:\\\/\\\/www.heldenhaushalt.de\\\/sari02\\\/index.php\\\/2019\\\/03\\\/20\\\/was-gehoert-fuer-euch-zum-fruehling-ausmalbild\\\/\"]}]},{\"@type\":\"ImageObject\",\"inLanguage\":\"de\",\"@id\":\"https:\\\/\\\/www.heldenhaushalt.de\\\/sari02\\\/index.php\\\/2019\\\/03\\\/20\\\/was-gehoert-fuer-euch-zum-fruehling-ausmalbild\\\/#primaryimage\",\"url\":\"https:\\\/\\\/www.heldenhaushalt.de\\\/sari02\\\/wp-content\\\/uploads\\\/2019\\\/03\\\/fruhling02.jpg\",\"contentUrl\":\"https:\\\/\\\/www.heldenhaushalt.de\\\/sari02\\\/wp-content\\\/uploads\\\/2019\\\/03\\\/fruhling02.jpg\",\"width\":1000,\"height\":735,\"caption\":\"Ausmalbild\"},{\"@type\":\"BreadcrumbList\",\"@id\":\"https:\\\/\\\/www.heldenhaushalt.de\\\/sari02\\\/index.php\\\/2019\\\/03\\\/20\\\/was-gehoert-fuer-euch-zum-fruehling-ausmalbild\\\/#breadcrumb\",\"itemListElement\":[{\"@type\":\"ListItem\",\"position\":1,\"name\":\"Startseite\",\"item\":\"https:\\\/\\\/www.heldenhaushalt.de\\\/sari02\\\/\"},{\"@type\":\"ListItem\",\"position\":2,\"name\":\"Was geh&#246;rt f&#252;r euch zum Fr&#252;hling? #Ausmalbild\"}]},{\"@type\":\"WebSite\",\"@id\":\"https:\\\/\\\/www.heldenhaushalt.de\\\/sari02\\\/#website\",\"url\":\"https:\\\/\\\/www.heldenhaushalt.de\\\/sari02\\\/\",\"name\":\"Heldenhaushalt\",\"description\":\"Wer es ordentlich haben will, der muss vorher anrufen\",\"publisher\":{\"@id\":\"https:\\\/\\\/www.heldenhaushalt.de\\\/sari02\\\/#\\\/schema\\\/person\\\/a1cc69f42a01f412eb62c151353814f6\"},\"potentialAction\":[{\"@type\":\"SearchAction\",\"target\":{\"@type\":\"EntryPoint\",\"urlTemplate\":\"https:\\\/\\\/www.heldenhaushalt.de\\\/sari02\\\/?s={search_term_string}\"},\"query-input\":{\"@type\":\"PropertyValueSpecification\",\"valueRequired\":true,\"valueName\":\"search_term_string\"}}],\"inLanguage\":\"de\"},{\"@type\":[\"Person\",\"Organization\"],\"@id\":\"https:\\\/\\\/www.heldenhaushalt.de\\\/sari02\\\/#\\\/schema\\\/person\\\/a1cc69f42a01f412eb62c151353814f6\",\"name\":\"Sari\",\"image\":{\"@type\":\"ImageObject\",\"inLanguage\":\"de\",\"@id\":\"https:\\\/\\\/www.heldenhaushalt.de\\\/sari02\\\/wp-content\\\/uploads\\\/2019\\\/02\\\/sari-april2018.png\",\"url\":\"https:\\\/\\\/www.heldenhaushalt.de\\\/sari02\\\/wp-content\\\/uploads\\\/2019\\\/02\\\/sari-april2018.png\",\"contentUrl\":\"https:\\\/\\\/www.heldenhaushalt.de\\\/sari02\\\/wp-content\\\/uploads\\\/2019\\\/02\\\/sari-april2018.png\",\"width\":500,\"height\":500,\"caption\":\"Sari\"},\"logo\":{\"@id\":\"https:\\\/\\\/www.heldenhaushalt.de\\\/sari02\\\/wp-content\\\/uploads\\\/2019\\\/02\\\/sari-april2018.png\"},\"description\":\"Frau Mondgras \u2013 Das bin ich, Sari. Gerne auch als Sari Mondgras bekannt und im Internet zu finden. 2-Fach-Mutter, Heldenehefrau, Kreativling, Harmonies\u00fcchtig und st\u00e4ndig auf der Suche nach Gl\u00fcck. Ich komme aus Berlin, bin hier aufgewachsen und lebe hier seit ich denken kann.\",\"sameAs\":[\"https:\\\/\\\/www.instagram.com\\\/heldenhaushalt\\\/\"],\"url\":\"https:\\\/\\\/www.heldenhaushalt.de\\\/sari02\\\/index.php\\\/author\\\/admin\\\/\"}]}<\/script>\n<!-- \/ Yoast SEO plugin. -->","yoast_head_json":{"title":"Was geh\u00f6rt f\u00fcr euch zum Fr\u00fchling? #Ausmalbild - Heldenhaushalt","description":"Zum Fr\u00fchlingsanfang habe ich wieder ein Ausmalbild f\u00fcr euch... Ich muss zugeben, es ist etwas holprig und ungerade geworden...","robots":{"index":"index","follow":"follow","max-snippet":"max-snippet:-1","max-image-preview":"max-image-preview:large","max-video-preview":"max-video-preview:-1"},"canonical":"https:\/\/www.heldenhaushalt.de\/sari02\/index.php\/2019\/03\/20\/was-gehoert-fuer-euch-zum-fruehling-ausmalbild\/","og_locale":"de_DE","og_type":"article","og_title":"Was geh\u00f6rt f\u00fcr euch zum Fr\u00fchling? #Ausmalbild - Heldenhaushalt","og_description":"Zum Fr\u00fchlingsanfang habe ich wieder ein Ausmalbild f\u00fcr euch... Ich muss zugeben, es ist etwas holprig und ungerade geworden...","og_url":"https:\/\/www.heldenhaushalt.de\/sari02\/index.php\/2019\/03\/20\/was-gehoert-fuer-euch-zum-fruehling-ausmalbild\/","og_site_name":"Heldenhaushalt","article_published_time":"2019-03-20T09:00:00+00:00","article_modified_time":"2019-03-20T10:14:08+00:00","og_image":[{"width":1000,"height":735,"url":"https:\/\/www.heldenhaushalt.de\/sari02\/wp-content\/uploads\/2019\/03\/fruhling02.jpg","type":"image\/jpeg"}],"author":"Sari","twitter_card":"summary_large_image","twitter_creator":"@Heldenhaushalt","twitter_site":"@Heldenhaushalt","twitter_misc":{"Verfasst von":"Sari","Gesch\u00e4tzte Lesezeit":"2\u00a0Minuten"},"schema":{"@context":"https:\/\/schema.org","@graph":[{"@type":"Article","@id":"https:\/\/www.heldenhaushalt.de\/sari02\/index.php\/2019\/03\/20\/was-gehoert-fuer-euch-zum-fruehling-ausmalbild\/#article","isPartOf":{"@id":"https:\/\/www.heldenhaushalt.de\/sari02\/index.php\/2019\/03\/20\/was-gehoert-fuer-euch-zum-fruehling-ausmalbild\/"},"author":{"name":"Sari","@id":"https:\/\/www.heldenhaushalt.de\/sari02\/#\/schema\/person\/a1cc69f42a01f412eb62c151353814f6"},"headline":"Was geh&#246;rt f&#252;r euch zum Fr&#252;hling? #Ausmalbild","datePublished":"2019-03-20T09:00:00+00:00","dateModified":"2019-03-20T10:14:08+00:00","mainEntityOfPage":{"@id":"https:\/\/www.heldenhaushalt.de\/sari02\/index.php\/2019\/03\/20\/was-gehoert-fuer-euch-zum-fruehling-ausmalbild\/"},"wordCount":410,"commentCount":4,"publisher":{"@id":"https:\/\/www.heldenhaushalt.de\/sari02\/#\/schema\/person\/a1cc69f42a01f412eb62c151353814f6"},"image":{"@id":"https:\/\/www.heldenhaushalt.de\/sari02\/index.php\/2019\/03\/20\/was-gehoert-fuer-euch-zum-fruehling-ausmalbild\/#primaryimage"},"thumbnailUrl":"https:\/\/www.heldenhaushalt.de\/sari02\/wp-content\/uploads\/2019\/03\/fruhling02.jpg","keywords":["ausmalbild","Ausmalen","freebie","Kreativ","Kreativ mit Kindern","Malen","Malen mit Kindern","Prinatable"],"articleSection":["Kreativ","Zeichnen ist toll"],"inLanguage":"de","potentialAction":[{"@type":"CommentAction","name":"Comment","target":["https:\/\/www.heldenhaushalt.de\/sari02\/index.php\/2019\/03\/20\/was-gehoert-fuer-euch-zum-fruehling-ausmalbild\/#respond"]}]},{"@type":"WebPage","@id":"https:\/\/www.heldenhaushalt.de\/sari02\/index.php\/2019\/03\/20\/was-gehoert-fuer-euch-zum-fruehling-ausmalbild\/","url":"https:\/\/www.heldenhaushalt.de\/sari02\/index.php\/2019\/03\/20\/was-gehoert-fuer-euch-zum-fruehling-ausmalbild\/","name":"Was geh\u00f6rt f\u00fcr euch zum Fr\u00fchling? #Ausmalbild - Heldenhaushalt","isPartOf":{"@id":"https:\/\/www.heldenhaushalt.de\/sari02\/#website"},"primaryImageOfPage":{"@id":"https:\/\/www.heldenhaushalt.de\/sari02\/index.php\/2019\/03\/20\/was-gehoert-fuer-euch-zum-fruehling-ausmalbild\/#primaryimage"},"image":{"@id":"https:\/\/www.heldenhaushalt.de\/sari02\/index.php\/2019\/03\/20\/was-gehoert-fuer-euch-zum-fruehling-ausmalbild\/#primaryimage"},"thumbnailUrl":"https:\/\/www.heldenhaushalt.de\/sari02\/wp-content\/uploads\/2019\/03\/fruhling02.jpg","datePublished":"2019-03-20T09:00:00+00:00","dateModified":"2019-03-20T10:14:08+00:00","description":"Zum Fr\u00fchlingsanfang habe ich wieder ein Ausmalbild f\u00fcr euch... Ich muss zugeben, es ist etwas holprig und ungerade geworden...","breadcrumb":{"@id":"https:\/\/www.heldenhaushalt.de\/sari02\/index.php\/2019\/03\/20\/was-gehoert-fuer-euch-zum-fruehling-ausmalbild\/#breadcrumb"},"inLanguage":"de","potentialAction":[{"@type":"ReadAction","target":["https:\/\/www.heldenhaushalt.de\/sari02\/index.php\/2019\/03\/20\/was-gehoert-fuer-euch-zum-fruehling-ausmalbild\/"]}]},{"@type":"ImageObject","inLanguage":"de","@id":"https:\/\/www.heldenhaushalt.de\/sari02\/index.php\/2019\/03\/20\/was-gehoert-fuer-euch-zum-fruehling-ausmalbild\/#primaryimage","url":"https:\/\/www.heldenhaushalt.de\/sari02\/wp-content\/uploads\/2019\/03\/fruhling02.jpg","contentUrl":"https:\/\/www.heldenhaushalt.de\/sari02\/wp-content\/uploads\/2019\/03\/fruhling02.jpg","width":1000,"height":735,"caption":"Ausmalbild"},{"@type":"BreadcrumbList","@id":"https:\/\/www.heldenhaushalt.de\/sari02\/index.php\/2019\/03\/20\/was-gehoert-fuer-euch-zum-fruehling-ausmalbild\/#breadcrumb","itemListElement":[{"@type":"ListItem","position":1,"name":"Startseite","item":"https:\/\/www.heldenhaushalt.de\/sari02\/"},{"@type":"ListItem","position":2,"name":"Was geh&#246;rt f&#252;r euch zum Fr&#252;hling? #Ausmalbild"}]},{"@type":"WebSite","@id":"https:\/\/www.heldenhaushalt.de\/sari02\/#website","url":"https:\/\/www.heldenhaushalt.de\/sari02\/","name":"Heldenhaushalt","description":"Wer es ordentlich haben will, der muss vorher anrufen","publisher":{"@id":"https:\/\/www.heldenhaushalt.de\/sari02\/#\/schema\/person\/a1cc69f42a01f412eb62c151353814f6"},"potentialAction":[{"@type":"SearchAction","target":{"@type":"EntryPoint","urlTemplate":"https:\/\/www.heldenhaushalt.de\/sari02\/?s={search_term_string}"},"query-input":{"@type":"PropertyValueSpecification","valueRequired":true,"valueName":"search_term_string"}}],"inLanguage":"de"},{"@type":["Person","Organization"],"@id":"https:\/\/www.heldenhaushalt.de\/sari02\/#\/schema\/person\/a1cc69f42a01f412eb62c151353814f6","name":"Sari","image":{"@type":"ImageObject","inLanguage":"de","@id":"https:\/\/www.heldenhaushalt.de\/sari02\/wp-content\/uploads\/2019\/02\/sari-april2018.png","url":"https:\/\/www.heldenhaushalt.de\/sari02\/wp-content\/uploads\/2019\/02\/sari-april2018.png","contentUrl":"https:\/\/www.heldenhaushalt.de\/sari02\/wp-content\/uploads\/2019\/02\/sari-april2018.png","width":500,"height":500,"caption":"Sari"},"logo":{"@id":"https:\/\/www.heldenhaushalt.de\/sari02\/wp-content\/uploads\/2019\/02\/sari-april2018.png"},"description":"Frau Mondgras \u2013 Das bin ich, Sari. Gerne auch als Sari Mondgras bekannt und im Internet zu finden. 2-Fach-Mutter, Heldenehefrau, Kreativling, Harmonies\u00fcchtig und st\u00e4ndig auf der Suche nach Gl\u00fcck. Ich komme aus Berlin, bin hier aufgewachsen und lebe hier seit ich denken kann.","sameAs":["https:\/\/www.instagram.com\/heldenhaushalt\/"],"url":"https:\/\/www.heldenhaushalt.de\/sari02\/index.php\/author\/admin\/"}]}},"views":11345,"_links":{"self":[{"href":"https:\/\/www.heldenhaushalt.de\/sari02\/index.php\/wp-json\/wp\/v2\/posts\/44555","targetHints":{"allow":["GET"]}}],"collection":[{"href":"https:\/\/www.heldenhaushalt.de\/sari02\/index.php\/wp-json\/wp\/v2\/posts"}],"about":[{"href":"https:\/\/www.heldenhaushalt.de\/sari02\/index.php\/wp-json\/wp\/v2\/types\/post"}],"author":[{"embeddable":true,"href":"https:\/\/www.heldenhaushalt.de\/sari02\/index.php\/wp-json\/wp\/v2\/users\/1"}],"replies":[{"embeddable":true,"href":"https:\/\/www.heldenhaushalt.de\/sari02\/index.php\/wp-json\/wp\/v2\/comments?post=44555"}],"version-history":[{"count":3,"href":"https:\/\/www.heldenhaushalt.de\/sari02\/index.php\/wp-json\/wp\/v2\/posts\/44555\/revisions"}],"predecessor-version":[{"id":44564,"href":"https:\/\/www.heldenhaushalt.de\/sari02\/index.php\/wp-json\/wp\/v2\/posts\/44555\/revisions\/44564"}],"wp:featuredmedia":[{"embeddable":true,"href":"https:\/\/www.heldenhaushalt.de\/sari02\/index.php\/wp-json\/wp\/v2\/media\/44559"}],"wp:attachment":[{"href":"https:\/\/www.heldenhaushalt.de\/sari02\/index.php\/wp-json\/wp\/v2\/media?parent=44555"}],"wp:term":[{"taxonomy":"category","embeddable":true,"href":"https:\/\/www.heldenhaushalt.de\/sari02\/index.php\/wp-json\/wp\/v2\/categories?post=44555"},{"taxonomy":"post_tag","embeddable":true,"href":"https:\/\/www.heldenhaushalt.de\/sari02\/index.php\/wp-json\/wp\/v2\/tags?post=44555"}],"curies":[{"name":"wp","href":"https:\/\/api.w.org\/{rel}","templated":true}]}}