{"id":44736,"date":"2019-04-05T09:00:18","date_gmt":"2019-04-05T07:00:18","guid":{"rendered":"https:\/\/www.heldenhaushalt.de\/sari02\/?p=44736"},"modified":"2019-04-05T08:44:10","modified_gmt":"2019-04-05T06:44:10","slug":"wochenlieblinge-142019","status":"publish","type":"post","link":"https:\/\/www.heldenhaushalt.de\/sari02\/index.php\/2019\/04\/05\/wochenlieblinge-142019\/","title":{"rendered":"Fast schon Gartenzeit! &#8211; Wochenlieblinge 14\/2019"},"content":{"rendered":"<p><small>Werbung (unbezahlt) \u2013 Der folgende Artikel enth&#228;lt evtl. Bilder mit Produkten, die wir in unserem Alltag nutzen oder Linkempfehlungen. Wir haben keine Bezahlung f&#252;r das Zeigen oder Nutzen derselbigen erhalten. Affiliate Links sind als solche markiert.<\/small><\/p>\n<p>Ich habe nun offiziell die Gartenzeit eingel&#228;utet. Was das hei&#223;t? Naja, zum Beispiel habe ich Anfang der Woche nun die Plane <a href=\"https:\/\/www.heldenhaushalt.de\/sari02\/index.php\/2017\/06\/28\/mmi-summerfeeling-auf-der-terrasse\/\">von den Terrassen &#8211; M&#246;beln gezogen<\/a> und beschlossen, dass diese nun wieder benutzt werden wollen. Die Terrasse wurde aufger&#228;umt, ein bisschen Kram aus dem Garten entfernt und tats&#228;chlich konnten wir den einen oder anderen Tag bei sch&#246;nem Sonnenschein alles schon nutzen. Auch wenn ich nie einen Garten wollte, so weckt die Sonne in einem durchaus den Tatendrang und man bekommt die Motivation, die einem sonst fehlt, um etwas Klarschiff im Garten zu machen. Wenn man ihn schon hat, will man ja auch, dass er sch&#246;n wird, nicht wahr?<\/p>\n<h2>Unsere Wochenlieblinge mit einem Hauch von Natur&#8230;<\/h2>\n<p><img loading=\"lazy\" decoding=\"async\" class=\"alignnone size-full wp-image-44738\" src=\"https:\/\/www.heldenhaushalt.de\/sari02\/wp-content\/uploads\/2019\/04\/14-01.jpg\" alt=\"Wochenlieblinge\" width=\"1000\" height=\"740\" srcset=\"https:\/\/www.heldenhaushalt.de\/sari02\/wp-content\/uploads\/2019\/04\/14-01.jpg 1000w, https:\/\/www.heldenhaushalt.de\/sari02\/wp-content\/uploads\/2019\/04\/14-01-300x222.jpg 300w, https:\/\/www.heldenhaushalt.de\/sari02\/wp-content\/uploads\/2019\/04\/14-01-768x568.jpg 768w\" sizes=\"auto, (max-width: 1000px) 100vw, 1000px\" \/><\/p>\n<p><b>01. Abwechslung in der Brotdose &#8211;<\/b> Eine Zeit lang war ich etwas ratlos, w<a href=\"https:\/\/www.heldenhaushalt.de\/sari02\/index.php\/2017\/10\/05\/brotdose-alltag\/\">as ich dem Kind noch so mit in die Schule geben k&#246;nnte<\/a>. Brot war n&#228;mlich lange Zeit absolut nicht gew&#252;nscht und war das erste, was wieder mit nach Hause wanderte, obwohl ich den Sohn sonst immer zu den Kindern z&#228;hlen konnte, die eine leere Brotdose wieder mitbringen. Salat, Obst und kleine Snackvarianten kommen allerdings immer gut. Aktuell scheine ich den Nerv wieder ganz gut getroffen zu haben. Aber Obst und Gurke geht bei mir eigentlich auch immer. Was landet bei euren Kindern so in der Brotdose?<\/p>\n<p><img loading=\"lazy\" decoding=\"async\" class=\"alignnone size-full wp-image-44739\" src=\"https:\/\/www.heldenhaushalt.de\/sari02\/wp-content\/uploads\/2019\/04\/14-02.jpg\" alt=\"Wochenlieblinge\" width=\"1000\" height=\"636\" srcset=\"https:\/\/www.heldenhaushalt.de\/sari02\/wp-content\/uploads\/2019\/04\/14-02.jpg 1000w, https:\/\/www.heldenhaushalt.de\/sari02\/wp-content\/uploads\/2019\/04\/14-02-300x191.jpg 300w, https:\/\/www.heldenhaushalt.de\/sari02\/wp-content\/uploads\/2019\/04\/14-02-768x488.jpg 768w\" sizes=\"auto, (max-width: 1000px) 100vw, 1000px\" \/><\/p>\n<p><strong>02. Mal was Neues ausprobiert &#8211;<\/strong> Zucchini ist ja meine Entdeckung 2018 gewesen (neben Rosenkohl) und landet bei mir immer h&#228;ufiger auf dem Tisch. Diese Woche habe ich mal wieder etwas Neues ausprobiert (mehr oder weniger) und ein <a href=\"https:\/\/www.heldenhaushalt.de\/sari02\/index.php\/2018\/06\/28\/ueberbackene-zucchin\/\">Rezept vom letzten Jahr<\/a> etwas abgewandelt, denn es musste schnell gehen. Ich habe eine Zucchini in drei Scheiben geschnitten, eine Kuhle eingef&#252;gt, die ich mit etwas Frischk&#228;se gef&#252;llt habe und dann alles mit Tomatenscheiben und Gouda bedeckt. Ein paar Minuten in der Pfanne so anbraten und fertig. War sehr lecker. Kann ich nur empfehlen. Sicher auch toll f&#252;r den Grill.<\/p>\n<p><img loading=\"lazy\" decoding=\"async\" class=\"alignnone size-full wp-image-44740\" src=\"https:\/\/www.heldenhaushalt.de\/sari02\/wp-content\/uploads\/2019\/04\/14-03.jpg\" alt=\"Wochenlieblinge\" width=\"1000\" height=\"686\" srcset=\"https:\/\/www.heldenhaushalt.de\/sari02\/wp-content\/uploads\/2019\/04\/14-03.jpg 1000w, https:\/\/www.heldenhaushalt.de\/sari02\/wp-content\/uploads\/2019\/04\/14-03-300x206.jpg 300w, https:\/\/www.heldenhaushalt.de\/sari02\/wp-content\/uploads\/2019\/04\/14-03-768x527.jpg 768w\" sizes=\"auto, (max-width: 1000px) 100vw, 1000px\" \/><\/p>\n<p><strong>03. Wir sind flei&#223;ig im Garten &#8211;<\/strong> Wie erw&#228;hnt, hat mich nun die Motivation gepackt den Garten langsam f&#252;r die sch&#246;ne Jahreszeit vorzubereiten. Daf&#252;r habe ich Rasenkanten ausgestochen und ein zwei Pflanzen von ihren gro&#223;en T&#246;pfen in die Erde verfrachtet. Auch die Kinder wollten helfen, also durften sie ein paar Blumenzwiebeln einsetzen. Mal sehen, ob was w&#228;chst.<\/p>\n<p><img loading=\"lazy\" decoding=\"async\" class=\"alignnone size-full wp-image-44741\" src=\"https:\/\/www.heldenhaushalt.de\/sari02\/wp-content\/uploads\/2019\/04\/14-04.jpg\" alt=\"Wochenlieblinge\" width=\"1000\" height=\"708\" srcset=\"https:\/\/www.heldenhaushalt.de\/sari02\/wp-content\/uploads\/2019\/04\/14-04.jpg 1000w, https:\/\/www.heldenhaushalt.de\/sari02\/wp-content\/uploads\/2019\/04\/14-04-300x212.jpg 300w, https:\/\/www.heldenhaushalt.de\/sari02\/wp-content\/uploads\/2019\/04\/14-04-768x544.jpg 768w\" sizes=\"auto, (max-width: 1000px) 100vw, 1000px\" \/><\/p>\n<p><strong>04. Spannende Natur &#8211;<\/strong> W&#228;hrend wir so flei&#223;ig im Garten waren, entdeckten wir so manche Lebewesen. Ich glaube, ich muss demn&#228;chst mal unser Natur &#8211; Entdeckerbuch hervorholen. W&#228;hrend die Kinder flei&#223;ig im Garten halfen, fanden sie rote und schwarze Ameisen und f&#252;hlten sich direkt an einen Film erinnert, den wir letzten Monat sahen. &#8220;Rote Ameisen sind b&#246;se&#8221;, erkl&#228;rte das Heldenkind n&#252;chtern und freute sich, als es einen Marienk&#228;fer auf dem Zaun entdeckte. Gerade, als er ihn seinem Papa zeigen wollte, konnten wir noch zuschauen, wie der Marienk&#228;fer pl&#246;tzlich davon flog. Alle Regenw&#252;rmer, die wir fanden, durften in das Hochbeet umziehen.<\/p>\n<p><img loading=\"lazy\" decoding=\"async\" class=\"alignnone size-full wp-image-44742\" src=\"https:\/\/www.heldenhaushalt.de\/sari02\/wp-content\/uploads\/2019\/04\/14-05.jpg\" alt=\"Wochenlieblinge\" width=\"1000\" height=\"695\" srcset=\"https:\/\/www.heldenhaushalt.de\/sari02\/wp-content\/uploads\/2019\/04\/14-05.jpg 1000w, https:\/\/www.heldenhaushalt.de\/sari02\/wp-content\/uploads\/2019\/04\/14-05-300x209.jpg 300w, https:\/\/www.heldenhaushalt.de\/sari02\/wp-content\/uploads\/2019\/04\/14-05-768x534.jpg 768w\" sizes=\"auto, (max-width: 1000px) 100vw, 1000px\" \/><\/p>\n<p>05. Die neue Snackdose &#8211; Mehr zuf&#228;llig als gewollt stie&#223; ich neulich auf eine neue Snackdose. Da sie uns alle mehr als nur &#252;berzeugt, wollte ich euch unbedingt davon erz&#228;hlen. Die <a href=\"https:\/\/www.amazon.de\/gp\/product\/B07NP67BHZ\/ref=as_li_tl?ie=UTF8&amp;camp=1638&amp;creative=6742&amp;creativeASIN=B07NP67BHZ&amp;linkCode=as2&amp;tag=mondgrasde-21&amp;linkId=7acda15c8bf96a6ceab7ebae2536061e\" target=\"_blank\" rel=\"nofollow noopener noreferrer\">SnackDISC<\/a> (Affiliate Link) ist wirklich toll f&#252;r unterwegs und durfte uns diese Woche mit zum Training begleiten. Sie ist selbst gekauft und ich schreibe nur dar&#252;ber, weil sie mich echt &#252;berzeugt hat. Sie hat verschiedene kleine F&#228;cher, die man zu sich drehen kann. Eine tolle Sache.<\/p>\n<h2>Unsere Wochenlieblinge aus der Blogsph&#228;re!<\/h2>\n<p>In der Blogsph&#228;re herrscht Fr&#252;hling. Zwei Wochen noch, dann steht Ostern vor der T&#252;re. Was werden eure Kinder in de Osternestern finden? Ein paar sch&#246;ne Ideen f&#252;r die n&#228;chste Zeit h&#228;lt die Blogsph&#228;re wieder parat: <a href=\"https:\/\/www.mamahoch2.de\/2019\/04\/angelspiel-selber-basteln-mit-druckvorlage.html\" target=\"_blank\" rel=\"noopener noreferrer\">Angelspiel selber Basteln mit Druckvorlage<\/a> &#8211; <a href=\"https:\/\/meinfeenstaub.com\/diy-ideen-ostern\/\" target=\"_blank\" rel=\"noopener noreferrer\">3 DIY Ideen f&#252;r Ostern<\/a> &#8211; <a href=\"https:\/\/www.mamahoch2.de\/2019\/03\/der-stoffbeutel-kompakt-verpackt-naehanleitung.html\" target=\"_blank\" rel=\"noopener noreferrer\">N&#228;hanleitung f&#252;r einen Stoffbeutel kompakt verpackt<\/a><\/p>\n<p>Erz&#228;hlt mir doch mal, was euch diese Woche so begeistert hat?<\/p>\n","protected":false},"excerpt":{"rendered":"<p>Werbung (unbezahlt) \u2013 Der folgende Artikel enth&#228;lt evtl. Bilder mit Produkten, die wir in unserem Alltag nutzen oder Linkempfehlungen. Wir haben keine Bezahlung f&#252;r das Zeigen oder Nutzen derselbigen erhalten. Affiliate Links sind als solche markiert. Ich habe nun offiziell die Gartenzeit eingel&#228;utet. Was das hei&#223;t? Naja, zum Beispiel habe ich Anfang der Woche nun die Plane von den Terrassen &#8211; M&#246;beln gezogen und beschlossen, dass diese nun wieder benutzt werden wollen. Die Terrasse wurde aufger&#228;umt, ein bisschen Kram aus dem Garten entfernt und tats&#228;chlich konnten wir den einen oder anderen Tag bei sch&#246;nem Sonnenschein alles schon nutzen. Auch wenn ich nie einen Garten wollte, so weckt die Sonne in einem durchaus den Tatendrang und man bekommt die Motivation, die einem sonst fehlt, um etwas Klarschiff im Garten zu machen. Wenn man ihn schon hat, will man ja auch, dass er sch&#246;n wird, nicht wahr? Unsere Wochenlieblinge mit einem Hauch von Natur&#8230; 01. Abwechslung in der Brotdose &#8211; Eine Zeit lang war ich etwas ratlos, was ich dem Kind noch so mit in die Schule geben k&#246;nnte. Brot war n&#228;mlich lange Zeit absolut nicht gew&#252;nscht und war das erste, was wieder mit nach Hause wanderte, obwohl ich den Sohn sonst immer zu den Kindern z&#228;hlen konnte, die eine leere Brotdose wieder mitbringen. Salat, Obst und kleine Snackvarianten kommen allerdings immer gut. Aktuell scheine ich den Nerv wieder ganz gut getroffen zu haben. Aber Obst und Gurke geht bei mir eigentlich auch immer. Was landet bei euren Kindern so in der Brotdose? 02. Mal was Neues ausprobiert &#8211; Zucchini ist ja meine Entdeckung 2018 gewesen (neben Rosenkohl) und landet bei mir immer h&#228;ufiger auf dem Tisch. Diese Woche habe ich mal wieder etwas Neues ausprobiert (mehr oder weniger) und ein Rezept vom letzten Jahr etwas abgewandelt, denn es musste schnell gehen. Ich habe eine Zucchini in drei Scheiben geschnitten, eine Kuhle eingef&#252;gt, die ich mit etwas Frischk&#228;se gef&#252;llt habe und dann alles mit Tomatenscheiben und Gouda bedeckt. Ein paar Minuten in der Pfanne so anbraten und fertig. War sehr lecker. Kann ich nur empfehlen. Sicher auch toll f&#252;r den Grill. 03. Wir sind flei&#223;ig im Garten &#8211; Wie erw&#228;hnt, hat mich nun die Motivation gepackt den Garten langsam f&#252;r die sch&#246;ne Jahreszeit vorzubereiten. Daf&#252;r habe ich Rasenkanten ausgestochen und ein zwei Pflanzen von ihren gro&#223;en T&#246;pfen in die Erde verfrachtet. Auch die Kinder wollten helfen, also durften sie ein paar Blumenzwiebeln einsetzen. Mal sehen, ob was w&#228;chst. 04. Spannende Natur &#8211; W&#228;hrend wir so flei&#223;ig im Garten waren, entdeckten wir so manche Lebewesen. Ich glaube, ich muss demn&#228;chst mal unser Natur &#8211; Entdeckerbuch hervorholen. W&#228;hrend die Kinder flei&#223;ig im Garten halfen, fanden sie rote und schwarze Ameisen und f&#252;hlten sich direkt an einen Film erinnert, den wir letzten Monat sahen. &#8220;Rote Ameisen sind b&#246;se&#8221;, erkl&#228;rte das Heldenkind n&#252;chtern und freute sich, als es einen Marienk&#228;fer auf dem Zaun entdeckte. Gerade, als er ihn seinem Papa zeigen wollte, konnten wir noch zuschauen, wie der Marienk&#228;fer pl&#246;tzlich davon flog. Alle Regenw&#252;rmer, die wir fanden, durften in das Hochbeet umziehen. 05. Die neue Snackdose &#8211; Mehr zuf&#228;llig als gewollt stie&#223; ich neulich auf eine neue Snackdose. Da sie uns alle mehr als nur &#252;berzeugt, wollte ich euch unbedingt davon erz&#228;hlen. Die SnackDISC (Affiliate Link) ist wirklich toll f&#252;r unterwegs und durfte uns diese Woche mit zum Training begleiten. Sie ist selbst gekauft und ich schreibe nur dar&#252;ber, weil sie mich echt &#252;berzeugt hat. Sie hat verschiedene kleine F&#228;cher, die man zu sich drehen kann. Eine tolle Sache. Unsere Wochenlieblinge aus der Blogsph&#228;re! In der Blogsph&#228;re herrscht Fr&#252;hling. Zwei Wochen noch, dann steht Ostern vor der T&#252;re. Was werden eure Kinder in de Osternestern finden? Ein paar sch&#246;ne Ideen f&#252;r die n&#228;chste Zeit h&#228;lt die Blogsph&#228;re wieder parat: Angelspiel selber Basteln mit Druckvorlage &#8211; 3 DIY Ideen f&#252;r Ostern &#8211; N&#228;hanleitung f&#252;r einen Stoffbeutel kompakt verpackt Erz&#228;hlt mir doch mal, was euch diese Woche so begeistert hat?<\/p>\n","protected":false},"author":1,"featured_media":44737,"comment_status":"open","ping_status":"open","sticky":false,"template":"","format":"standard","meta":{"ngg_post_thumbnail":0,"footnotes":""},"categories":[323,49],"tags":[45,69,1146,1152,2062,81,199,2161],"class_list":["post-44736","post","type-post","status-publish","format-standard","has-post-thumbnail","hentry","category-alltag","category-blogspaehre","tag-alltag","tag-familie","tag-fruehling","tag-garten","tag-highlights","tag-kinder","tag-rueckblick","tag-wochenlieblinge"],"yoast_head":"<!-- This site is optimized with the Yoast SEO plugin v27.5 - https:\/\/yoast.com\/product\/yoast-seo-wordpress\/ -->\n<title>Fast schon Gartenzeit! - Wochenlieblinge 14\/2019 - Heldenhaushalt<\/title>\n<meta name=\"description\" content=\"Wenn man schon einen Garten hat, will man ja auch, dass er sch\u00f6n wird, nicht wahr?Unsere Wochenlieblinge mit einem Hauch von Natur...\" \/>\n<meta name=\"robots\" content=\"index, follow, max-snippet:-1, max-image-preview:large, max-video-preview:-1\" \/>\n<link rel=\"canonical\" href=\"https:\/\/www.heldenhaushalt.de\/sari02\/index.php\/2019\/04\/05\/wochenlieblinge-142019\/\" \/>\n<meta property=\"og:locale\" content=\"de_DE\" \/>\n<meta property=\"og:type\" content=\"article\" \/>\n<meta property=\"og:title\" content=\"Fast schon Gartenzeit! - Wochenlieblinge 14\/2019 - Heldenhaushalt\" \/>\n<meta property=\"og:description\" content=\"Wenn man schon einen Garten hat, will man ja auch, dass er sch\u00f6n wird, nicht wahr?Unsere Wochenlieblinge mit einem Hauch von Natur...\" \/>\n<meta property=\"og:url\" content=\"https:\/\/www.heldenhaushalt.de\/sari02\/index.php\/2019\/04\/05\/wochenlieblinge-142019\/\" \/>\n<meta property=\"og:site_name\" content=\"Heldenhaushalt\" \/>\n<meta property=\"article:published_time\" content=\"2019-04-05T07:00:18+00:00\" \/>\n<meta property=\"og:image\" content=\"https:\/\/www.heldenhaushalt.de\/sari02\/wp-content\/uploads\/2019\/04\/14-00.jpg\" \/>\n\t<meta property=\"og:image:width\" content=\"1000\" \/>\n\t<meta property=\"og:image:height\" content=\"687\" \/>\n\t<meta property=\"og:image:type\" content=\"image\/jpeg\" \/>\n<meta name=\"author\" content=\"Sari\" \/>\n<meta name=\"twitter:card\" content=\"summary_large_image\" \/>\n<meta name=\"twitter:creator\" content=\"@Heldenhaushalt\" \/>\n<meta name=\"twitter:site\" content=\"@Heldenhaushalt\" \/>\n<meta name=\"twitter:label1\" content=\"Verfasst von\" \/>\n\t<meta name=\"twitter:data1\" content=\"Sari\" \/>\n\t<meta name=\"twitter:label2\" content=\"Gesch\u00e4tzte Lesezeit\" \/>\n\t<meta name=\"twitter:data2\" content=\"4\u00a0Minuten\" \/>\n<script type=\"application\/ld+json\" class=\"yoast-schema-graph\">{\"@context\":\"https:\\\/\\\/schema.org\",\"@graph\":[{\"@type\":\"Article\",\"@id\":\"https:\\\/\\\/www.heldenhaushalt.de\\\/sari02\\\/index.php\\\/2019\\\/04\\\/05\\\/wochenlieblinge-142019\\\/#article\",\"isPartOf\":{\"@id\":\"https:\\\/\\\/www.heldenhaushalt.de\\\/sari02\\\/index.php\\\/2019\\\/04\\\/05\\\/wochenlieblinge-142019\\\/\"},\"author\":{\"name\":\"Sari\",\"@id\":\"https:\\\/\\\/www.heldenhaushalt.de\\\/sari02\\\/#\\\/schema\\\/person\\\/a1cc69f42a01f412eb62c151353814f6\"},\"headline\":\"Fast schon Gartenzeit! &#8211; Wochenlieblinge 14\\\/2019\",\"datePublished\":\"2019-04-05T07:00:18+00:00\",\"mainEntityOfPage\":{\"@id\":\"https:\\\/\\\/www.heldenhaushalt.de\\\/sari02\\\/index.php\\\/2019\\\/04\\\/05\\\/wochenlieblinge-142019\\\/\"},\"wordCount\":706,\"commentCount\":0,\"publisher\":{\"@id\":\"https:\\\/\\\/www.heldenhaushalt.de\\\/sari02\\\/#\\\/schema\\\/person\\\/a1cc69f42a01f412eb62c151353814f6\"},\"image\":{\"@id\":\"https:\\\/\\\/www.heldenhaushalt.de\\\/sari02\\\/index.php\\\/2019\\\/04\\\/05\\\/wochenlieblinge-142019\\\/#primaryimage\"},\"thumbnailUrl\":\"https:\\\/\\\/www.heldenhaushalt.de\\\/sari02\\\/wp-content\\\/uploads\\\/2019\\\/04\\\/14-00.jpg\",\"keywords\":[\"Allt\u00e4glich\",\"Familie\",\"Fr\u00fchling\",\"Garten\",\"Highlights\",\"Kinder\",\"R\u00fcckblick\",\"Wochenlieblinge\"],\"articleSection\":[\"Alltagschaos\",\"Blogsph\u00e4re\"],\"inLanguage\":\"de\",\"potentialAction\":[{\"@type\":\"CommentAction\",\"name\":\"Comment\",\"target\":[\"https:\\\/\\\/www.heldenhaushalt.de\\\/sari02\\\/index.php\\\/2019\\\/04\\\/05\\\/wochenlieblinge-142019\\\/#respond\"]}]},{\"@type\":\"WebPage\",\"@id\":\"https:\\\/\\\/www.heldenhaushalt.de\\\/sari02\\\/index.php\\\/2019\\\/04\\\/05\\\/wochenlieblinge-142019\\\/\",\"url\":\"https:\\\/\\\/www.heldenhaushalt.de\\\/sari02\\\/index.php\\\/2019\\\/04\\\/05\\\/wochenlieblinge-142019\\\/\",\"name\":\"Fast schon Gartenzeit! - Wochenlieblinge 14\\\/2019 - Heldenhaushalt\",\"isPartOf\":{\"@id\":\"https:\\\/\\\/www.heldenhaushalt.de\\\/sari02\\\/#website\"},\"primaryImageOfPage\":{\"@id\":\"https:\\\/\\\/www.heldenhaushalt.de\\\/sari02\\\/index.php\\\/2019\\\/04\\\/05\\\/wochenlieblinge-142019\\\/#primaryimage\"},\"image\":{\"@id\":\"https:\\\/\\\/www.heldenhaushalt.de\\\/sari02\\\/index.php\\\/2019\\\/04\\\/05\\\/wochenlieblinge-142019\\\/#primaryimage\"},\"thumbnailUrl\":\"https:\\\/\\\/www.heldenhaushalt.de\\\/sari02\\\/wp-content\\\/uploads\\\/2019\\\/04\\\/14-00.jpg\",\"datePublished\":\"2019-04-05T07:00:18+00:00\",\"description\":\"Wenn man schon einen Garten hat, will man ja auch, dass er sch\u00f6n wird, nicht wahr?Unsere Wochenlieblinge mit einem Hauch von Natur...\",\"breadcrumb\":{\"@id\":\"https:\\\/\\\/www.heldenhaushalt.de\\\/sari02\\\/index.php\\\/2019\\\/04\\\/05\\\/wochenlieblinge-142019\\\/#breadcrumb\"},\"inLanguage\":\"de\",\"potentialAction\":[{\"@type\":\"ReadAction\",\"target\":[\"https:\\\/\\\/www.heldenhaushalt.de\\\/sari02\\\/index.php\\\/2019\\\/04\\\/05\\\/wochenlieblinge-142019\\\/\"]}]},{\"@type\":\"ImageObject\",\"inLanguage\":\"de\",\"@id\":\"https:\\\/\\\/www.heldenhaushalt.de\\\/sari02\\\/index.php\\\/2019\\\/04\\\/05\\\/wochenlieblinge-142019\\\/#primaryimage\",\"url\":\"https:\\\/\\\/www.heldenhaushalt.de\\\/sari02\\\/wp-content\\\/uploads\\\/2019\\\/04\\\/14-00.jpg\",\"contentUrl\":\"https:\\\/\\\/www.heldenhaushalt.de\\\/sari02\\\/wp-content\\\/uploads\\\/2019\\\/04\\\/14-00.jpg\",\"width\":1000,\"height\":687,\"caption\":\"Wochenlieblinge\"},{\"@type\":\"BreadcrumbList\",\"@id\":\"https:\\\/\\\/www.heldenhaushalt.de\\\/sari02\\\/index.php\\\/2019\\\/04\\\/05\\\/wochenlieblinge-142019\\\/#breadcrumb\",\"itemListElement\":[{\"@type\":\"ListItem\",\"position\":1,\"name\":\"Startseite\",\"item\":\"https:\\\/\\\/www.heldenhaushalt.de\\\/sari02\\\/\"},{\"@type\":\"ListItem\",\"position\":2,\"name\":\"Fast schon Gartenzeit! &#8211; Wochenlieblinge 14\\\/2019\"}]},{\"@type\":\"WebSite\",\"@id\":\"https:\\\/\\\/www.heldenhaushalt.de\\\/sari02\\\/#website\",\"url\":\"https:\\\/\\\/www.heldenhaushalt.de\\\/sari02\\\/\",\"name\":\"Heldenhaushalt\",\"description\":\"Wer es ordentlich haben will, der muss vorher anrufen\",\"publisher\":{\"@id\":\"https:\\\/\\\/www.heldenhaushalt.de\\\/sari02\\\/#\\\/schema\\\/person\\\/a1cc69f42a01f412eb62c151353814f6\"},\"potentialAction\":[{\"@type\":\"SearchAction\",\"target\":{\"@type\":\"EntryPoint\",\"urlTemplate\":\"https:\\\/\\\/www.heldenhaushalt.de\\\/sari02\\\/?s={search_term_string}\"},\"query-input\":{\"@type\":\"PropertyValueSpecification\",\"valueRequired\":true,\"valueName\":\"search_term_string\"}}],\"inLanguage\":\"de\"},{\"@type\":[\"Person\",\"Organization\"],\"@id\":\"https:\\\/\\\/www.heldenhaushalt.de\\\/sari02\\\/#\\\/schema\\\/person\\\/a1cc69f42a01f412eb62c151353814f6\",\"name\":\"Sari\",\"image\":{\"@type\":\"ImageObject\",\"inLanguage\":\"de\",\"@id\":\"https:\\\/\\\/www.heldenhaushalt.de\\\/sari02\\\/wp-content\\\/uploads\\\/2019\\\/02\\\/sari-april2018.png\",\"url\":\"https:\\\/\\\/www.heldenhaushalt.de\\\/sari02\\\/wp-content\\\/uploads\\\/2019\\\/02\\\/sari-april2018.png\",\"contentUrl\":\"https:\\\/\\\/www.heldenhaushalt.de\\\/sari02\\\/wp-content\\\/uploads\\\/2019\\\/02\\\/sari-april2018.png\",\"width\":500,\"height\":500,\"caption\":\"Sari\"},\"logo\":{\"@id\":\"https:\\\/\\\/www.heldenhaushalt.de\\\/sari02\\\/wp-content\\\/uploads\\\/2019\\\/02\\\/sari-april2018.png\"},\"description\":\"Frau Mondgras \u2013 Das bin ich, Sari. Gerne auch als Sari Mondgras bekannt und im Internet zu finden. 2-Fach-Mutter, Heldenehefrau, Kreativling, Harmonies\u00fcchtig und st\u00e4ndig auf der Suche nach Gl\u00fcck. Ich komme aus Berlin, bin hier aufgewachsen und lebe hier seit ich denken kann.\",\"sameAs\":[\"https:\\\/\\\/www.instagram.com\\\/heldenhaushalt\\\/\"],\"url\":\"https:\\\/\\\/www.heldenhaushalt.de\\\/sari02\\\/index.php\\\/author\\\/admin\\\/\"}]}<\/script>\n<!-- \/ Yoast SEO plugin. -->","yoast_head_json":{"title":"Fast schon Gartenzeit! - Wochenlieblinge 14\/2019 - Heldenhaushalt","description":"Wenn man schon einen Garten hat, will man ja auch, dass er sch\u00f6n wird, nicht wahr?Unsere Wochenlieblinge mit einem Hauch von Natur...","robots":{"index":"index","follow":"follow","max-snippet":"max-snippet:-1","max-image-preview":"max-image-preview:large","max-video-preview":"max-video-preview:-1"},"canonical":"https:\/\/www.heldenhaushalt.de\/sari02\/index.php\/2019\/04\/05\/wochenlieblinge-142019\/","og_locale":"de_DE","og_type":"article","og_title":"Fast schon Gartenzeit! - Wochenlieblinge 14\/2019 - Heldenhaushalt","og_description":"Wenn man schon einen Garten hat, will man ja auch, dass er sch\u00f6n wird, nicht wahr?Unsere Wochenlieblinge mit einem Hauch von Natur...","og_url":"https:\/\/www.heldenhaushalt.de\/sari02\/index.php\/2019\/04\/05\/wochenlieblinge-142019\/","og_site_name":"Heldenhaushalt","article_published_time":"2019-04-05T07:00:18+00:00","og_image":[{"width":1000,"height":687,"url":"https:\/\/www.heldenhaushalt.de\/sari02\/wp-content\/uploads\/2019\/04\/14-00.jpg","type":"image\/jpeg"}],"author":"Sari","twitter_card":"summary_large_image","twitter_creator":"@Heldenhaushalt","twitter_site":"@Heldenhaushalt","twitter_misc":{"Verfasst von":"Sari","Gesch\u00e4tzte Lesezeit":"4\u00a0Minuten"},"schema":{"@context":"https:\/\/schema.org","@graph":[{"@type":"Article","@id":"https:\/\/www.heldenhaushalt.de\/sari02\/index.php\/2019\/04\/05\/wochenlieblinge-142019\/#article","isPartOf":{"@id":"https:\/\/www.heldenhaushalt.de\/sari02\/index.php\/2019\/04\/05\/wochenlieblinge-142019\/"},"author":{"name":"Sari","@id":"https:\/\/www.heldenhaushalt.de\/sari02\/#\/schema\/person\/a1cc69f42a01f412eb62c151353814f6"},"headline":"Fast schon Gartenzeit! &#8211; Wochenlieblinge 14\/2019","datePublished":"2019-04-05T07:00:18+00:00","mainEntityOfPage":{"@id":"https:\/\/www.heldenhaushalt.de\/sari02\/index.php\/2019\/04\/05\/wochenlieblinge-142019\/"},"wordCount":706,"commentCount":0,"publisher":{"@id":"https:\/\/www.heldenhaushalt.de\/sari02\/#\/schema\/person\/a1cc69f42a01f412eb62c151353814f6"},"image":{"@id":"https:\/\/www.heldenhaushalt.de\/sari02\/index.php\/2019\/04\/05\/wochenlieblinge-142019\/#primaryimage"},"thumbnailUrl":"https:\/\/www.heldenhaushalt.de\/sari02\/wp-content\/uploads\/2019\/04\/14-00.jpg","keywords":["Allt\u00e4glich","Familie","Fr\u00fchling","Garten","Highlights","Kinder","R\u00fcckblick","Wochenlieblinge"],"articleSection":["Alltagschaos","Blogsph\u00e4re"],"inLanguage":"de","potentialAction":[{"@type":"CommentAction","name":"Comment","target":["https:\/\/www.heldenhaushalt.de\/sari02\/index.php\/2019\/04\/05\/wochenlieblinge-142019\/#respond"]}]},{"@type":"WebPage","@id":"https:\/\/www.heldenhaushalt.de\/sari02\/index.php\/2019\/04\/05\/wochenlieblinge-142019\/","url":"https:\/\/www.heldenhaushalt.de\/sari02\/index.php\/2019\/04\/05\/wochenlieblinge-142019\/","name":"Fast schon Gartenzeit! - Wochenlieblinge 14\/2019 - Heldenhaushalt","isPartOf":{"@id":"https:\/\/www.heldenhaushalt.de\/sari02\/#website"},"primaryImageOfPage":{"@id":"https:\/\/www.heldenhaushalt.de\/sari02\/index.php\/2019\/04\/05\/wochenlieblinge-142019\/#primaryimage"},"image":{"@id":"https:\/\/www.heldenhaushalt.de\/sari02\/index.php\/2019\/04\/05\/wochenlieblinge-142019\/#primaryimage"},"thumbnailUrl":"https:\/\/www.heldenhaushalt.de\/sari02\/wp-content\/uploads\/2019\/04\/14-00.jpg","datePublished":"2019-04-05T07:00:18+00:00","description":"Wenn man schon einen Garten hat, will man ja auch, dass er sch\u00f6n wird, nicht wahr?Unsere Wochenlieblinge mit einem Hauch von Natur...","breadcrumb":{"@id":"https:\/\/www.heldenhaushalt.de\/sari02\/index.php\/2019\/04\/05\/wochenlieblinge-142019\/#breadcrumb"},"inLanguage":"de","potentialAction":[{"@type":"ReadAction","target":["https:\/\/www.heldenhaushalt.de\/sari02\/index.php\/2019\/04\/05\/wochenlieblinge-142019\/"]}]},{"@type":"ImageObject","inLanguage":"de","@id":"https:\/\/www.heldenhaushalt.de\/sari02\/index.php\/2019\/04\/05\/wochenlieblinge-142019\/#primaryimage","url":"https:\/\/www.heldenhaushalt.de\/sari02\/wp-content\/uploads\/2019\/04\/14-00.jpg","contentUrl":"https:\/\/www.heldenhaushalt.de\/sari02\/wp-content\/uploads\/2019\/04\/14-00.jpg","width":1000,"height":687,"caption":"Wochenlieblinge"},{"@type":"BreadcrumbList","@id":"https:\/\/www.heldenhaushalt.de\/sari02\/index.php\/2019\/04\/05\/wochenlieblinge-142019\/#breadcrumb","itemListElement":[{"@type":"ListItem","position":1,"name":"Startseite","item":"https:\/\/www.heldenhaushalt.de\/sari02\/"},{"@type":"ListItem","position":2,"name":"Fast schon Gartenzeit! &#8211; Wochenlieblinge 14\/2019"}]},{"@type":"WebSite","@id":"https:\/\/www.heldenhaushalt.de\/sari02\/#website","url":"https:\/\/www.heldenhaushalt.de\/sari02\/","name":"Heldenhaushalt","description":"Wer es ordentlich haben will, der muss vorher anrufen","publisher":{"@id":"https:\/\/www.heldenhaushalt.de\/sari02\/#\/schema\/person\/a1cc69f42a01f412eb62c151353814f6"},"potentialAction":[{"@type":"SearchAction","target":{"@type":"EntryPoint","urlTemplate":"https:\/\/www.heldenhaushalt.de\/sari02\/?s={search_term_string}"},"query-input":{"@type":"PropertyValueSpecification","valueRequired":true,"valueName":"search_term_string"}}],"inLanguage":"de"},{"@type":["Person","Organization"],"@id":"https:\/\/www.heldenhaushalt.de\/sari02\/#\/schema\/person\/a1cc69f42a01f412eb62c151353814f6","name":"Sari","image":{"@type":"ImageObject","inLanguage":"de","@id":"https:\/\/www.heldenhaushalt.de\/sari02\/wp-content\/uploads\/2019\/02\/sari-april2018.png","url":"https:\/\/www.heldenhaushalt.de\/sari02\/wp-content\/uploads\/2019\/02\/sari-april2018.png","contentUrl":"https:\/\/www.heldenhaushalt.de\/sari02\/wp-content\/uploads\/2019\/02\/sari-april2018.png","width":500,"height":500,"caption":"Sari"},"logo":{"@id":"https:\/\/www.heldenhaushalt.de\/sari02\/wp-content\/uploads\/2019\/02\/sari-april2018.png"},"description":"Frau Mondgras \u2013 Das bin ich, Sari. Gerne auch als Sari Mondgras bekannt und im Internet zu finden. 2-Fach-Mutter, Heldenehefrau, Kreativling, Harmonies\u00fcchtig und st\u00e4ndig auf der Suche nach Gl\u00fcck. Ich komme aus Berlin, bin hier aufgewachsen und lebe hier seit ich denken kann.","sameAs":["https:\/\/www.instagram.com\/heldenhaushalt\/"],"url":"https:\/\/www.heldenhaushalt.de\/sari02\/index.php\/author\/admin\/"}]}},"views":2261,"_links":{"self":[{"href":"https:\/\/www.heldenhaushalt.de\/sari02\/index.php\/wp-json\/wp\/v2\/posts\/44736","targetHints":{"allow":["GET"]}}],"collection":[{"href":"https:\/\/www.heldenhaushalt.de\/sari02\/index.php\/wp-json\/wp\/v2\/posts"}],"about":[{"href":"https:\/\/www.heldenhaushalt.de\/sari02\/index.php\/wp-json\/wp\/v2\/types\/post"}],"author":[{"embeddable":true,"href":"https:\/\/www.heldenhaushalt.de\/sari02\/index.php\/wp-json\/wp\/v2\/users\/1"}],"replies":[{"embeddable":true,"href":"https:\/\/www.heldenhaushalt.de\/sari02\/index.php\/wp-json\/wp\/v2\/comments?post=44736"}],"version-history":[{"count":2,"href":"https:\/\/www.heldenhaushalt.de\/sari02\/index.php\/wp-json\/wp\/v2\/posts\/44736\/revisions"}],"predecessor-version":[{"id":44749,"href":"https:\/\/www.heldenhaushalt.de\/sari02\/index.php\/wp-json\/wp\/v2\/posts\/44736\/revisions\/44749"}],"wp:featuredmedia":[{"embeddable":true,"href":"https:\/\/www.heldenhaushalt.de\/sari02\/index.php\/wp-json\/wp\/v2\/media\/44737"}],"wp:attachment":[{"href":"https:\/\/www.heldenhaushalt.de\/sari02\/index.php\/wp-json\/wp\/v2\/media?parent=44736"}],"wp:term":[{"taxonomy":"category","embeddable":true,"href":"https:\/\/www.heldenhaushalt.de\/sari02\/index.php\/wp-json\/wp\/v2\/categories?post=44736"},{"taxonomy":"post_tag","embeddable":true,"href":"https:\/\/www.heldenhaushalt.de\/sari02\/index.php\/wp-json\/wp\/v2\/tags?post=44736"}],"curies":[{"name":"wp","href":"https:\/\/api.w.org\/{rel}","templated":true}]}}