{"id":44800,"date":"2019-04-12T15:25:34","date_gmt":"2019-04-12T13:25:34","guid":{"rendered":"https:\/\/www.heldenhaushalt.de\/sari02\/?p=44800"},"modified":"2019-04-12T15:25:34","modified_gmt":"2019-04-12T13:25:34","slug":"wochenlieblinge-152019","status":"publish","type":"post","link":"https:\/\/www.heldenhaushalt.de\/sari02\/index.php\/2019\/04\/12\/wochenlieblinge-152019\/","title":{"rendered":"Und weg ist der Fr&#252;hling &#8211; Wochenlieblinge 15\/2019"},"content":{"rendered":"<p><small>Werbung (unbezahlt) \u2013 Der folgende Artikel enth&#228;lt evtl. Bilder mit Produkten, die wir in unserem Alltag nutzen oder Linkempfehlungen. Wir haben keine Bezahlung f&#252;r das Zeigen oder Nutzen derselbigen erhalten.<\/small><\/p>\n<p>Da sitze ich hier, etwas sp&#228;ter als sonst (hinter mir liegt ein produktiver Vormittag), und tippe f&#252;r euch die Wochenlieblinge nieder. Dabei f&#228;llt mein Blick auf die Terrasse nach drau&#223;en und was sehe ich da? Schneeflocken. Ernsthaft! Schneeflocken!!! Ganz feine, kaum sichtbare, aber dennoch k&#246;nnte ich darauf jetzt ehrlich gesagt verzichten. K&#246;nnt ihr glauben, dass ich am letzten Wochenende in kurzer Hose und Tanktop im Garten gewerkelt habe und nun schon wieder mit Winterjacke und Pudelm&#252;tze rumlaufe. Herrjeh&#8230; ich hoffe n&#228;chste Woche kommt der Fr&#252;hling wieder zu uns zur&#252;ck.<\/p>\n<p><strong>Kurz zum Foto oben:<\/strong> Stellt euch vor, ihr geht spazieren und kommt an einer Bank vorbei, wo pl&#246;tzlich diese Schuhe stehen. Was macht ihr? Schaut ihr Ausschau nach den Besitzern? Ich habe das getan, aber sie nirgends entdeckt. Auch am n&#228;chsten Tag standen die Schuhe noch da. Faszinierend. Ob sich das R&#228;tsel jemals l&#246;sen wird?<\/p>\n<h2>Unsere Wochenlieblinge mit Bastelarbeiten und mehr&#8230;<\/h2>\n<p><img loading=\"lazy\" decoding=\"async\" class=\"alignnone size-full wp-image-44802\" src=\"https:\/\/www.heldenhaushalt.de\/sari02\/wp-content\/uploads\/2019\/04\/15-01.jpg\" alt=\"Wochenlieblinge\" width=\"1000\" height=\"710\" srcset=\"https:\/\/www.heldenhaushalt.de\/sari02\/wp-content\/uploads\/2019\/04\/15-01.jpg 1000w, https:\/\/www.heldenhaushalt.de\/sari02\/wp-content\/uploads\/2019\/04\/15-01-300x213.jpg 300w, https:\/\/www.heldenhaushalt.de\/sari02\/wp-content\/uploads\/2019\/04\/15-01-768x545.jpg 768w\" sizes=\"auto, (max-width: 1000px) 100vw, 1000px\" \/><\/p>\n<p><strong>01. Der Rasen &#8211;<\/strong> Da das kalte Wetter ja schon fr&#252;h angek&#252;ndigt war, nutzte ich die letzten warmen Tage, um den Rasen zu m&#228;hen. Wenn ich bedenke, wir hart wir im letzten Jahr daf&#252;r gearbeitet haben, dass er nach all den Baustellen frisch und gr&#252;n aussah, ist davon aktuell erschreckend wenig zu sehen. Aber dieser wird sich nun hoffentlich St&#252;ck f&#252;r St&#252;ck erholen. Habt ihr ein Geheimrezept f&#252;r sch&#246;nen Rasen?<\/p>\n<p><img loading=\"lazy\" decoding=\"async\" class=\"alignnone size-full wp-image-44808\" src=\"https:\/\/www.heldenhaushalt.de\/sari02\/wp-content\/uploads\/2019\/04\/15-02-1.jpg\" alt=\"Wochenlieblinge\" width=\"1125\" height=\"749\" srcset=\"https:\/\/www.heldenhaushalt.de\/sari02\/wp-content\/uploads\/2019\/04\/15-02-1.jpg 1125w, https:\/\/www.heldenhaushalt.de\/sari02\/wp-content\/uploads\/2019\/04\/15-02-1-300x200.jpg 300w, https:\/\/www.heldenhaushalt.de\/sari02\/wp-content\/uploads\/2019\/04\/15-02-1-768x511.jpg 768w, https:\/\/www.heldenhaushalt.de\/sari02\/wp-content\/uploads\/2019\/04\/15-02-1-1024x682.jpg 1024w, https:\/\/www.heldenhaushalt.de\/sari02\/wp-content\/uploads\/2019\/04\/15-02-1-1000x666.jpg 1000w, https:\/\/www.heldenhaushalt.de\/sari02\/wp-content\/uploads\/2019\/04\/15-02-1-660x440.jpg 660w, https:\/\/www.heldenhaushalt.de\/sari02\/wp-content\/uploads\/2019\/04\/15-02-1-373x248.jpg 373w\" sizes=\"auto, (max-width: 1125px) 100vw, 1125px\" \/><\/p>\n<p><strong>02. Fast schon Marathon &#8211;<\/strong> Na gut, es ist nat&#252;rlich nicht vergleichbar mit dem Halbmarathon, den diese Woche viele starke Menschen absolviert haben, dennoch war ich ganz ordentlich zu Fu&#223; unterwegs und am Abend dann auch mehr als nur platt.&nbsp;<\/p>\n<p><img loading=\"lazy\" decoding=\"async\" class=\"alignnone size-full wp-image-44804\" src=\"https:\/\/www.heldenhaushalt.de\/sari02\/wp-content\/uploads\/2019\/04\/15-03.jpg\" alt=\"Wochenlieblinge\" width=\"1000\" height=\"719\" srcset=\"https:\/\/www.heldenhaushalt.de\/sari02\/wp-content\/uploads\/2019\/04\/15-03.jpg 1000w, https:\/\/www.heldenhaushalt.de\/sari02\/wp-content\/uploads\/2019\/04\/15-03-300x216.jpg 300w, https:\/\/www.heldenhaushalt.de\/sari02\/wp-content\/uploads\/2019\/04\/15-03-768x552.jpg 768w\" sizes=\"auto, (max-width: 1000px) 100vw, 1000px\" \/><\/p>\n<p><strong>03. Meine Kinder werden gro&#223; &#8211;<\/strong> Da steht dieser kleine Junge mir gegen&#252;ber auf einer Treppe und auf einmal blicken wir uns direkt in die Augen. Ich muss feststellen, dass meine Kinder massiv gewachsen sind. Wo rennt nur all die Zeit hin&#8230;&nbsp;<\/p>\n<p><img loading=\"lazy\" decoding=\"async\" class=\"alignnone size-full wp-image-44806\" src=\"https:\/\/www.heldenhaushalt.de\/sari02\/wp-content\/uploads\/2019\/04\/15-05.jpg\" alt=\"Wochenlieblinge\" width=\"1000\" height=\"655\" srcset=\"https:\/\/www.heldenhaushalt.de\/sari02\/wp-content\/uploads\/2019\/04\/15-05.jpg 1000w, https:\/\/www.heldenhaushalt.de\/sari02\/wp-content\/uploads\/2019\/04\/15-05-300x197.jpg 300w, https:\/\/www.heldenhaushalt.de\/sari02\/wp-content\/uploads\/2019\/04\/15-05-768x503.jpg 768w\" sizes=\"auto, (max-width: 1000px) 100vw, 1000px\" \/><\/p>\n<p><strong>04. Gr&#252;ner Spargel &#8211;<\/strong> Im Moment kombiniere ich ihn mit fast allem. Na gut, nicht wirklich, aber in diesem Beispiel mit H&#228;hnchenbrust. Total lecker. Mir schmeckt gr&#252;ner Spargel fast noch besser, als der regul&#228;re helle. Was bevorzugt ihr?<\/p>\n<p><img loading=\"lazy\" decoding=\"async\" class=\"alignnone size-full wp-image-44807\" src=\"https:\/\/www.heldenhaushalt.de\/sari02\/wp-content\/uploads\/2019\/04\/15-06.jpg\" alt=\"Wochenlieblinge\" width=\"1000\" height=\"754\" srcset=\"https:\/\/www.heldenhaushalt.de\/sari02\/wp-content\/uploads\/2019\/04\/15-06.jpg 1000w, https:\/\/www.heldenhaushalt.de\/sari02\/wp-content\/uploads\/2019\/04\/15-06-300x226.jpg 300w, https:\/\/www.heldenhaushalt.de\/sari02\/wp-content\/uploads\/2019\/04\/15-06-768x579.jpg 768w\" sizes=\"auto, (max-width: 1000px) 100vw, 1000px\" \/><\/p>\n<p><strong>05. Die Explosions Box &#8211;<\/strong> Eine Premiere f&#252;r mich. Ich hatte von diesen &#8220;Explosions Box&#8221; schon &#246;fter gelesen und auch Beispiele gesehen. F&#252;r eine Geburtstags&#252;berraschung dachte ich, bastel ich auch mal eine und war ganz froh, dass der erste Versuch halbwegs gelang.&nbsp;<\/p>\n<h2>Unsere Wochenlieblinge aus der Blogsph&#228;re!<\/h2>\n<p>Ich war diese Woche etwas abgelenkt, aber dennoch habe ich den einen oder anderen Link f&#252;r euch gefunden:&nbsp; <a href=\"https:\/\/funkelfaden.de\/diy-goldene-ostereier-echte-eier-vergolden\/\" target=\"_blank\" rel=\"noopener noreferrer\">Ostereier vergolden<\/a> &#8211; <a href=\"https:\/\/www.luziapimpinella.com\/osteranhaenger-mit-draht-federn-selbermachen-ein-schnelles-diy-tutorial-kurz-vor-ostern\/\" target=\"_blank\" rel=\"noopener noreferrer\">Osteranh&#228;nger mit Draht und Federn<\/a> &#8211; <a href=\"https:\/\/www.mamahoch2.de\/2019\/04\/saatbomben-herstellen-diy-anleitung.html\" target=\"_blank\" rel=\"noopener noreferrer\">Saatbomben herstellen<\/a> &#8211; <a href=\"https:\/\/shelikes.de\/2019\/04\/cake-classics-zitronenkuchen.html\" target=\"_blank\" rel=\"noopener noreferrer\">Zitronenkuchen<\/a>.<\/p>\n<p>Und schwupp, d&#252;se ich mit Vollgas ab ins Wochenende und&#8230; in die Osterferien. Und was habt ihr so geplant f&#252;r die n&#228;chsten Tage?<\/p>\n","protected":false},"excerpt":{"rendered":"<p>Werbung (unbezahlt) \u2013 Der folgende Artikel enth&#228;lt evtl. Bilder mit Produkten, die wir in unserem Alltag nutzen oder Linkempfehlungen. Wir haben keine Bezahlung f&#252;r das Zeigen oder Nutzen derselbigen erhalten. Da sitze ich hier, etwas sp&#228;ter als sonst (hinter mir liegt ein produktiver Vormittag), und tippe f&#252;r euch die Wochenlieblinge nieder. Dabei f&#228;llt mein Blick auf die Terrasse nach drau&#223;en und was sehe ich da? Schneeflocken. Ernsthaft! Schneeflocken!!! Ganz feine, kaum sichtbare, aber dennoch k&#246;nnte ich darauf jetzt ehrlich gesagt verzichten. K&#246;nnt ihr glauben, dass ich am letzten Wochenende in kurzer Hose und Tanktop im Garten gewerkelt habe und nun schon wieder mit Winterjacke und Pudelm&#252;tze rumlaufe. Herrjeh&#8230; ich hoffe n&#228;chste Woche kommt der Fr&#252;hling wieder zu uns zur&#252;ck. Kurz zum Foto oben: Stellt euch vor, ihr geht spazieren und kommt an einer Bank vorbei, wo pl&#246;tzlich diese Schuhe stehen. Was macht ihr? Schaut ihr Ausschau nach den Besitzern? Ich habe das getan, aber sie nirgends entdeckt. Auch am n&#228;chsten Tag standen die Schuhe noch da. Faszinierend. Ob sich das R&#228;tsel jemals l&#246;sen wird? Unsere Wochenlieblinge mit Bastelarbeiten und mehr&#8230; 01. Der Rasen &#8211; Da das kalte Wetter ja schon fr&#252;h angek&#252;ndigt war, nutzte ich die letzten warmen Tage, um den Rasen zu m&#228;hen. Wenn ich bedenke, wir hart wir im letzten Jahr daf&#252;r gearbeitet haben, dass er nach all den Baustellen frisch und gr&#252;n aussah, ist davon aktuell erschreckend wenig zu sehen. Aber dieser wird sich nun hoffentlich St&#252;ck f&#252;r St&#252;ck erholen. Habt ihr ein Geheimrezept f&#252;r sch&#246;nen Rasen? 02. Fast schon Marathon &#8211; Na gut, es ist nat&#252;rlich nicht vergleichbar mit dem Halbmarathon, den diese Woche viele starke Menschen absolviert haben, dennoch war ich ganz ordentlich zu Fu&#223; unterwegs und am Abend dann auch mehr als nur platt.&nbsp; 03. Meine Kinder werden gro&#223; &#8211; Da steht dieser kleine Junge mir gegen&#252;ber auf einer Treppe und auf einmal blicken wir uns direkt in die Augen. Ich muss feststellen, dass meine Kinder massiv gewachsen sind. Wo rennt nur all die Zeit hin&#8230;&nbsp; 04. Gr&#252;ner Spargel &#8211; Im Moment kombiniere ich ihn mit fast allem. Na gut, nicht wirklich, aber in diesem Beispiel mit H&#228;hnchenbrust. Total lecker. Mir schmeckt gr&#252;ner Spargel fast noch besser, als der regul&#228;re helle. Was bevorzugt ihr? 05. Die Explosions Box &#8211; Eine Premiere f&#252;r mich. Ich hatte von diesen &#8220;Explosions Box&#8221; schon &#246;fter gelesen und auch Beispiele gesehen. F&#252;r eine Geburtstags&#252;berraschung dachte ich, bastel ich auch mal eine und war ganz froh, dass der erste Versuch halbwegs gelang.&nbsp; Unsere Wochenlieblinge aus der Blogsph&#228;re! Ich war diese Woche etwas abgelenkt, aber dennoch habe ich den einen oder anderen Link f&#252;r euch gefunden:&nbsp; Ostereier vergolden &#8211; Osteranh&#228;nger mit Draht und Federn &#8211; Saatbomben herstellen &#8211; Zitronenkuchen. Und schwupp, d&#252;se ich mit Vollgas ab ins Wochenende und&#8230; in die Osterferien. Und was habt ihr so geplant f&#252;r die n&#228;chsten Tage?<\/p>\n","protected":false},"author":1,"featured_media":44805,"comment_status":"open","ping_status":"open","sticky":false,"template":"","format":"standard","meta":{"ngg_post_thumbnail":0,"footnotes":""},"categories":[323,49],"tags":[45,69,81,199,872,2161],"class_list":["post-44800","post","type-post","status-publish","format-standard","has-post-thumbnail","hentry","category-alltag","category-blogspaehre","tag-alltag","tag-familie","tag-kinder","tag-rueckblick","tag-woche","tag-wochenlieblinge"],"yoast_head":"<!-- This site is optimized with the Yoast SEO plugin v27.5 - https:\/\/yoast.com\/product\/yoast-seo-wordpress\/ -->\n<title>Und weg ist der Fr\u00fchling - Wochenlieblinge 15\/2019 - Heldenhaushalt<\/title>\n<meta name=\"description\" content=\"Da sitze ich hier, etwas sp\u00e4ter als sonst (hinter mir liegt ein produktiver Vormittag), und tippe f\u00fcr euch die Wochenlieblinge nieder.\" \/>\n<meta name=\"robots\" content=\"index, follow, max-snippet:-1, max-image-preview:large, max-video-preview:-1\" \/>\n<link rel=\"canonical\" href=\"https:\/\/www.heldenhaushalt.de\/sari02\/index.php\/2019\/04\/12\/wochenlieblinge-152019\/\" \/>\n<meta property=\"og:locale\" content=\"de_DE\" \/>\n<meta property=\"og:type\" content=\"article\" \/>\n<meta property=\"og:title\" content=\"Und weg ist der Fr\u00fchling - Wochenlieblinge 15\/2019 - Heldenhaushalt\" \/>\n<meta property=\"og:description\" content=\"Da sitze ich hier, etwas sp\u00e4ter als sonst (hinter mir liegt ein produktiver Vormittag), und tippe f\u00fcr euch die Wochenlieblinge nieder.\" \/>\n<meta property=\"og:url\" content=\"https:\/\/www.heldenhaushalt.de\/sari02\/index.php\/2019\/04\/12\/wochenlieblinge-152019\/\" \/>\n<meta property=\"og:site_name\" content=\"Heldenhaushalt\" \/>\n<meta property=\"article:published_time\" content=\"2019-04-12T13:25:34+00:00\" \/>\n<meta property=\"og:image\" content=\"https:\/\/www.heldenhaushalt.de\/sari02\/wp-content\/uploads\/2019\/04\/15-04.jpg\" \/>\n\t<meta property=\"og:image:width\" content=\"1000\" \/>\n\t<meta property=\"og:image:height\" content=\"708\" \/>\n\t<meta property=\"og:image:type\" content=\"image\/jpeg\" \/>\n<meta name=\"author\" content=\"Sari\" \/>\n<meta name=\"twitter:card\" content=\"summary_large_image\" \/>\n<meta name=\"twitter:creator\" content=\"@Heldenhaushalt\" \/>\n<meta name=\"twitter:site\" content=\"@Heldenhaushalt\" \/>\n<meta name=\"twitter:label1\" content=\"Verfasst von\" \/>\n\t<meta name=\"twitter:data1\" content=\"Sari\" \/>\n\t<meta name=\"twitter:label2\" content=\"Gesch\u00e4tzte Lesezeit\" \/>\n\t<meta name=\"twitter:data2\" content=\"3\u00a0Minuten\" \/>\n<script type=\"application\/ld+json\" class=\"yoast-schema-graph\">{\"@context\":\"https:\\\/\\\/schema.org\",\"@graph\":[{\"@type\":\"Article\",\"@id\":\"https:\\\/\\\/www.heldenhaushalt.de\\\/sari02\\\/index.php\\\/2019\\\/04\\\/12\\\/wochenlieblinge-152019\\\/#article\",\"isPartOf\":{\"@id\":\"https:\\\/\\\/www.heldenhaushalt.de\\\/sari02\\\/index.php\\\/2019\\\/04\\\/12\\\/wochenlieblinge-152019\\\/\"},\"author\":{\"name\":\"Sari\",\"@id\":\"https:\\\/\\\/www.heldenhaushalt.de\\\/sari02\\\/#\\\/schema\\\/person\\\/a1cc69f42a01f412eb62c151353814f6\"},\"headline\":\"Und weg ist der Fr&#252;hling &#8211; Wochenlieblinge 15\\\/2019\",\"datePublished\":\"2019-04-12T13:25:34+00:00\",\"mainEntityOfPage\":{\"@id\":\"https:\\\/\\\/www.heldenhaushalt.de\\\/sari02\\\/index.php\\\/2019\\\/04\\\/12\\\/wochenlieblinge-152019\\\/\"},\"wordCount\":518,\"commentCount\":0,\"publisher\":{\"@id\":\"https:\\\/\\\/www.heldenhaushalt.de\\\/sari02\\\/#\\\/schema\\\/person\\\/a1cc69f42a01f412eb62c151353814f6\"},\"image\":{\"@id\":\"https:\\\/\\\/www.heldenhaushalt.de\\\/sari02\\\/index.php\\\/2019\\\/04\\\/12\\\/wochenlieblinge-152019\\\/#primaryimage\"},\"thumbnailUrl\":\"https:\\\/\\\/www.heldenhaushalt.de\\\/sari02\\\/wp-content\\\/uploads\\\/2019\\\/04\\\/15-04.jpg\",\"keywords\":[\"Allt\u00e4glich\",\"Familie\",\"Kinder\",\"R\u00fcckblick\",\"Woche\",\"Wochenlieblinge\"],\"articleSection\":[\"Alltagschaos\",\"Blogsph\u00e4re\"],\"inLanguage\":\"de\",\"potentialAction\":[{\"@type\":\"CommentAction\",\"name\":\"Comment\",\"target\":[\"https:\\\/\\\/www.heldenhaushalt.de\\\/sari02\\\/index.php\\\/2019\\\/04\\\/12\\\/wochenlieblinge-152019\\\/#respond\"]}]},{\"@type\":\"WebPage\",\"@id\":\"https:\\\/\\\/www.heldenhaushalt.de\\\/sari02\\\/index.php\\\/2019\\\/04\\\/12\\\/wochenlieblinge-152019\\\/\",\"url\":\"https:\\\/\\\/www.heldenhaushalt.de\\\/sari02\\\/index.php\\\/2019\\\/04\\\/12\\\/wochenlieblinge-152019\\\/\",\"name\":\"Und weg ist der Fr\u00fchling - Wochenlieblinge 15\\\/2019 - Heldenhaushalt\",\"isPartOf\":{\"@id\":\"https:\\\/\\\/www.heldenhaushalt.de\\\/sari02\\\/#website\"},\"primaryImageOfPage\":{\"@id\":\"https:\\\/\\\/www.heldenhaushalt.de\\\/sari02\\\/index.php\\\/2019\\\/04\\\/12\\\/wochenlieblinge-152019\\\/#primaryimage\"},\"image\":{\"@id\":\"https:\\\/\\\/www.heldenhaushalt.de\\\/sari02\\\/index.php\\\/2019\\\/04\\\/12\\\/wochenlieblinge-152019\\\/#primaryimage\"},\"thumbnailUrl\":\"https:\\\/\\\/www.heldenhaushalt.de\\\/sari02\\\/wp-content\\\/uploads\\\/2019\\\/04\\\/15-04.jpg\",\"datePublished\":\"2019-04-12T13:25:34+00:00\",\"description\":\"Da sitze ich hier, etwas sp\u00e4ter als sonst (hinter mir liegt ein produktiver Vormittag), und tippe f\u00fcr euch die Wochenlieblinge nieder.\",\"breadcrumb\":{\"@id\":\"https:\\\/\\\/www.heldenhaushalt.de\\\/sari02\\\/index.php\\\/2019\\\/04\\\/12\\\/wochenlieblinge-152019\\\/#breadcrumb\"},\"inLanguage\":\"de\",\"potentialAction\":[{\"@type\":\"ReadAction\",\"target\":[\"https:\\\/\\\/www.heldenhaushalt.de\\\/sari02\\\/index.php\\\/2019\\\/04\\\/12\\\/wochenlieblinge-152019\\\/\"]}]},{\"@type\":\"ImageObject\",\"inLanguage\":\"de\",\"@id\":\"https:\\\/\\\/www.heldenhaushalt.de\\\/sari02\\\/index.php\\\/2019\\\/04\\\/12\\\/wochenlieblinge-152019\\\/#primaryimage\",\"url\":\"https:\\\/\\\/www.heldenhaushalt.de\\\/sari02\\\/wp-content\\\/uploads\\\/2019\\\/04\\\/15-04.jpg\",\"contentUrl\":\"https:\\\/\\\/www.heldenhaushalt.de\\\/sari02\\\/wp-content\\\/uploads\\\/2019\\\/04\\\/15-04.jpg\",\"width\":1000,\"height\":708,\"caption\":\"Wochenlieblinge\"},{\"@type\":\"BreadcrumbList\",\"@id\":\"https:\\\/\\\/www.heldenhaushalt.de\\\/sari02\\\/index.php\\\/2019\\\/04\\\/12\\\/wochenlieblinge-152019\\\/#breadcrumb\",\"itemListElement\":[{\"@type\":\"ListItem\",\"position\":1,\"name\":\"Startseite\",\"item\":\"https:\\\/\\\/www.heldenhaushalt.de\\\/sari02\\\/\"},{\"@type\":\"ListItem\",\"position\":2,\"name\":\"Und weg ist der Fr&#252;hling &#8211; Wochenlieblinge 15\\\/2019\"}]},{\"@type\":\"WebSite\",\"@id\":\"https:\\\/\\\/www.heldenhaushalt.de\\\/sari02\\\/#website\",\"url\":\"https:\\\/\\\/www.heldenhaushalt.de\\\/sari02\\\/\",\"name\":\"Heldenhaushalt\",\"description\":\"Wer es ordentlich haben will, der muss vorher anrufen\",\"publisher\":{\"@id\":\"https:\\\/\\\/www.heldenhaushalt.de\\\/sari02\\\/#\\\/schema\\\/person\\\/a1cc69f42a01f412eb62c151353814f6\"},\"potentialAction\":[{\"@type\":\"SearchAction\",\"target\":{\"@type\":\"EntryPoint\",\"urlTemplate\":\"https:\\\/\\\/www.heldenhaushalt.de\\\/sari02\\\/?s={search_term_string}\"},\"query-input\":{\"@type\":\"PropertyValueSpecification\",\"valueRequired\":true,\"valueName\":\"search_term_string\"}}],\"inLanguage\":\"de\"},{\"@type\":[\"Person\",\"Organization\"],\"@id\":\"https:\\\/\\\/www.heldenhaushalt.de\\\/sari02\\\/#\\\/schema\\\/person\\\/a1cc69f42a01f412eb62c151353814f6\",\"name\":\"Sari\",\"image\":{\"@type\":\"ImageObject\",\"inLanguage\":\"de\",\"@id\":\"https:\\\/\\\/www.heldenhaushalt.de\\\/sari02\\\/wp-content\\\/uploads\\\/2019\\\/02\\\/sari-april2018.png\",\"url\":\"https:\\\/\\\/www.heldenhaushalt.de\\\/sari02\\\/wp-content\\\/uploads\\\/2019\\\/02\\\/sari-april2018.png\",\"contentUrl\":\"https:\\\/\\\/www.heldenhaushalt.de\\\/sari02\\\/wp-content\\\/uploads\\\/2019\\\/02\\\/sari-april2018.png\",\"width\":500,\"height\":500,\"caption\":\"Sari\"},\"logo\":{\"@id\":\"https:\\\/\\\/www.heldenhaushalt.de\\\/sari02\\\/wp-content\\\/uploads\\\/2019\\\/02\\\/sari-april2018.png\"},\"description\":\"Frau Mondgras \u2013 Das bin ich, Sari. Gerne auch als Sari Mondgras bekannt und im Internet zu finden. 2-Fach-Mutter, Heldenehefrau, Kreativling, Harmonies\u00fcchtig und st\u00e4ndig auf der Suche nach Gl\u00fcck. Ich komme aus Berlin, bin hier aufgewachsen und lebe hier seit ich denken kann.\",\"sameAs\":[\"https:\\\/\\\/www.instagram.com\\\/heldenhaushalt\\\/\"],\"url\":\"https:\\\/\\\/www.heldenhaushalt.de\\\/sari02\\\/index.php\\\/author\\\/admin\\\/\"}]}<\/script>\n<!-- \/ Yoast SEO plugin. -->","yoast_head_json":{"title":"Und weg ist der Fr\u00fchling - Wochenlieblinge 15\/2019 - Heldenhaushalt","description":"Da sitze ich hier, etwas sp\u00e4ter als sonst (hinter mir liegt ein produktiver Vormittag), und tippe f\u00fcr euch die Wochenlieblinge nieder.","robots":{"index":"index","follow":"follow","max-snippet":"max-snippet:-1","max-image-preview":"max-image-preview:large","max-video-preview":"max-video-preview:-1"},"canonical":"https:\/\/www.heldenhaushalt.de\/sari02\/index.php\/2019\/04\/12\/wochenlieblinge-152019\/","og_locale":"de_DE","og_type":"article","og_title":"Und weg ist der Fr\u00fchling - Wochenlieblinge 15\/2019 - Heldenhaushalt","og_description":"Da sitze ich hier, etwas sp\u00e4ter als sonst (hinter mir liegt ein produktiver Vormittag), und tippe f\u00fcr euch die Wochenlieblinge nieder.","og_url":"https:\/\/www.heldenhaushalt.de\/sari02\/index.php\/2019\/04\/12\/wochenlieblinge-152019\/","og_site_name":"Heldenhaushalt","article_published_time":"2019-04-12T13:25:34+00:00","og_image":[{"width":1000,"height":708,"url":"https:\/\/www.heldenhaushalt.de\/sari02\/wp-content\/uploads\/2019\/04\/15-04.jpg","type":"image\/jpeg"}],"author":"Sari","twitter_card":"summary_large_image","twitter_creator":"@Heldenhaushalt","twitter_site":"@Heldenhaushalt","twitter_misc":{"Verfasst von":"Sari","Gesch\u00e4tzte Lesezeit":"3\u00a0Minuten"},"schema":{"@context":"https:\/\/schema.org","@graph":[{"@type":"Article","@id":"https:\/\/www.heldenhaushalt.de\/sari02\/index.php\/2019\/04\/12\/wochenlieblinge-152019\/#article","isPartOf":{"@id":"https:\/\/www.heldenhaushalt.de\/sari02\/index.php\/2019\/04\/12\/wochenlieblinge-152019\/"},"author":{"name":"Sari","@id":"https:\/\/www.heldenhaushalt.de\/sari02\/#\/schema\/person\/a1cc69f42a01f412eb62c151353814f6"},"headline":"Und weg ist der Fr&#252;hling &#8211; Wochenlieblinge 15\/2019","datePublished":"2019-04-12T13:25:34+00:00","mainEntityOfPage":{"@id":"https:\/\/www.heldenhaushalt.de\/sari02\/index.php\/2019\/04\/12\/wochenlieblinge-152019\/"},"wordCount":518,"commentCount":0,"publisher":{"@id":"https:\/\/www.heldenhaushalt.de\/sari02\/#\/schema\/person\/a1cc69f42a01f412eb62c151353814f6"},"image":{"@id":"https:\/\/www.heldenhaushalt.de\/sari02\/index.php\/2019\/04\/12\/wochenlieblinge-152019\/#primaryimage"},"thumbnailUrl":"https:\/\/www.heldenhaushalt.de\/sari02\/wp-content\/uploads\/2019\/04\/15-04.jpg","keywords":["Allt\u00e4glich","Familie","Kinder","R\u00fcckblick","Woche","Wochenlieblinge"],"articleSection":["Alltagschaos","Blogsph\u00e4re"],"inLanguage":"de","potentialAction":[{"@type":"CommentAction","name":"Comment","target":["https:\/\/www.heldenhaushalt.de\/sari02\/index.php\/2019\/04\/12\/wochenlieblinge-152019\/#respond"]}]},{"@type":"WebPage","@id":"https:\/\/www.heldenhaushalt.de\/sari02\/index.php\/2019\/04\/12\/wochenlieblinge-152019\/","url":"https:\/\/www.heldenhaushalt.de\/sari02\/index.php\/2019\/04\/12\/wochenlieblinge-152019\/","name":"Und weg ist der Fr\u00fchling - Wochenlieblinge 15\/2019 - Heldenhaushalt","isPartOf":{"@id":"https:\/\/www.heldenhaushalt.de\/sari02\/#website"},"primaryImageOfPage":{"@id":"https:\/\/www.heldenhaushalt.de\/sari02\/index.php\/2019\/04\/12\/wochenlieblinge-152019\/#primaryimage"},"image":{"@id":"https:\/\/www.heldenhaushalt.de\/sari02\/index.php\/2019\/04\/12\/wochenlieblinge-152019\/#primaryimage"},"thumbnailUrl":"https:\/\/www.heldenhaushalt.de\/sari02\/wp-content\/uploads\/2019\/04\/15-04.jpg","datePublished":"2019-04-12T13:25:34+00:00","description":"Da sitze ich hier, etwas sp\u00e4ter als sonst (hinter mir liegt ein produktiver Vormittag), und tippe f\u00fcr euch die Wochenlieblinge nieder.","breadcrumb":{"@id":"https:\/\/www.heldenhaushalt.de\/sari02\/index.php\/2019\/04\/12\/wochenlieblinge-152019\/#breadcrumb"},"inLanguage":"de","potentialAction":[{"@type":"ReadAction","target":["https:\/\/www.heldenhaushalt.de\/sari02\/index.php\/2019\/04\/12\/wochenlieblinge-152019\/"]}]},{"@type":"ImageObject","inLanguage":"de","@id":"https:\/\/www.heldenhaushalt.de\/sari02\/index.php\/2019\/04\/12\/wochenlieblinge-152019\/#primaryimage","url":"https:\/\/www.heldenhaushalt.de\/sari02\/wp-content\/uploads\/2019\/04\/15-04.jpg","contentUrl":"https:\/\/www.heldenhaushalt.de\/sari02\/wp-content\/uploads\/2019\/04\/15-04.jpg","width":1000,"height":708,"caption":"Wochenlieblinge"},{"@type":"BreadcrumbList","@id":"https:\/\/www.heldenhaushalt.de\/sari02\/index.php\/2019\/04\/12\/wochenlieblinge-152019\/#breadcrumb","itemListElement":[{"@type":"ListItem","position":1,"name":"Startseite","item":"https:\/\/www.heldenhaushalt.de\/sari02\/"},{"@type":"ListItem","position":2,"name":"Und weg ist der Fr&#252;hling &#8211; Wochenlieblinge 15\/2019"}]},{"@type":"WebSite","@id":"https:\/\/www.heldenhaushalt.de\/sari02\/#website","url":"https:\/\/www.heldenhaushalt.de\/sari02\/","name":"Heldenhaushalt","description":"Wer es ordentlich haben will, der muss vorher anrufen","publisher":{"@id":"https:\/\/www.heldenhaushalt.de\/sari02\/#\/schema\/person\/a1cc69f42a01f412eb62c151353814f6"},"potentialAction":[{"@type":"SearchAction","target":{"@type":"EntryPoint","urlTemplate":"https:\/\/www.heldenhaushalt.de\/sari02\/?s={search_term_string}"},"query-input":{"@type":"PropertyValueSpecification","valueRequired":true,"valueName":"search_term_string"}}],"inLanguage":"de"},{"@type":["Person","Organization"],"@id":"https:\/\/www.heldenhaushalt.de\/sari02\/#\/schema\/person\/a1cc69f42a01f412eb62c151353814f6","name":"Sari","image":{"@type":"ImageObject","inLanguage":"de","@id":"https:\/\/www.heldenhaushalt.de\/sari02\/wp-content\/uploads\/2019\/02\/sari-april2018.png","url":"https:\/\/www.heldenhaushalt.de\/sari02\/wp-content\/uploads\/2019\/02\/sari-april2018.png","contentUrl":"https:\/\/www.heldenhaushalt.de\/sari02\/wp-content\/uploads\/2019\/02\/sari-april2018.png","width":500,"height":500,"caption":"Sari"},"logo":{"@id":"https:\/\/www.heldenhaushalt.de\/sari02\/wp-content\/uploads\/2019\/02\/sari-april2018.png"},"description":"Frau Mondgras \u2013 Das bin ich, Sari. Gerne auch als Sari Mondgras bekannt und im Internet zu finden. 2-Fach-Mutter, Heldenehefrau, Kreativling, Harmonies\u00fcchtig und st\u00e4ndig auf der Suche nach Gl\u00fcck. Ich komme aus Berlin, bin hier aufgewachsen und lebe hier seit ich denken kann.","sameAs":["https:\/\/www.instagram.com\/heldenhaushalt\/"],"url":"https:\/\/www.heldenhaushalt.de\/sari02\/index.php\/author\/admin\/"}]}},"views":2314,"_links":{"self":[{"href":"https:\/\/www.heldenhaushalt.de\/sari02\/index.php\/wp-json\/wp\/v2\/posts\/44800","targetHints":{"allow":["GET"]}}],"collection":[{"href":"https:\/\/www.heldenhaushalt.de\/sari02\/index.php\/wp-json\/wp\/v2\/posts"}],"about":[{"href":"https:\/\/www.heldenhaushalt.de\/sari02\/index.php\/wp-json\/wp\/v2\/types\/post"}],"author":[{"embeddable":true,"href":"https:\/\/www.heldenhaushalt.de\/sari02\/index.php\/wp-json\/wp\/v2\/users\/1"}],"replies":[{"embeddable":true,"href":"https:\/\/www.heldenhaushalt.de\/sari02\/index.php\/wp-json\/wp\/v2\/comments?post=44800"}],"version-history":[{"count":2,"href":"https:\/\/www.heldenhaushalt.de\/sari02\/index.php\/wp-json\/wp\/v2\/posts\/44800\/revisions"}],"predecessor-version":[{"id":44809,"href":"https:\/\/www.heldenhaushalt.de\/sari02\/index.php\/wp-json\/wp\/v2\/posts\/44800\/revisions\/44809"}],"wp:featuredmedia":[{"embeddable":true,"href":"https:\/\/www.heldenhaushalt.de\/sari02\/index.php\/wp-json\/wp\/v2\/media\/44805"}],"wp:attachment":[{"href":"https:\/\/www.heldenhaushalt.de\/sari02\/index.php\/wp-json\/wp\/v2\/media?parent=44800"}],"wp:term":[{"taxonomy":"category","embeddable":true,"href":"https:\/\/www.heldenhaushalt.de\/sari02\/index.php\/wp-json\/wp\/v2\/categories?post=44800"},{"taxonomy":"post_tag","embeddable":true,"href":"https:\/\/www.heldenhaushalt.de\/sari02\/index.php\/wp-json\/wp\/v2\/tags?post=44800"}],"curies":[{"name":"wp","href":"https:\/\/api.w.org\/{rel}","templated":true}]}}