{"id":45303,"date":"2019-07-09T10:00:00","date_gmt":"2019-07-09T08:00:00","guid":{"rendered":"https:\/\/www.heldenhaushalt.de\/sari02\/?p=45303"},"modified":"2019-07-09T11:56:58","modified_gmt":"2019-07-09T09:56:58","slug":"cuevas-del-drach","status":"publish","type":"post","link":"https:\/\/www.heldenhaushalt.de\/sari02\/index.php\/2019\/07\/09\/cuevas-del-drach\/","title":{"rendered":"Mallorca mit Kindern &#8211; Die Drachenh&#246;hlen"},"content":{"rendered":"<p><small>Werbung (unbezahlt) &#8211; In diesem Beitrag berichten wir von einem Ausflugsziel auf der Insel Mallorca. Der Bericht erfolgt freiwillig und der Eintritt wurde selbst bezahlt. Es ist eine reine Empfehlung, f&#252;r die wir keine Verg&#252;tung erhalten.<\/small><\/p>\n<p>Ist es zu glauben, dass wir nun bereits seit &#252;ber einer Woche wieder hier sind. Wenn ich so aus dem Fenster schaue, ist das Urlaubsgef&#252;hl kaum noch greifbar. Geht es euch auch so? Viele von euch fahren vermutlich jetzt erst in den Urlaub, oder? Wir hier in Berlin waren ja mit unseren Ferien dieses Jahr unversch&#228;mt fr&#252;h dran. Auf Mallorca lernten wir am letzten Tag ein nettes P&#228;rchen kennen, das gerade seinen ersten Ferientag dort verbrachte. Da wurde einem erst einmal so richtig bewusst, WIE fr&#252;h wir eigentlich dran waren. Nun ja, wie auch immer.<\/p>\n<p>Inzwischen husten und schnupfen der Held und ich etwas rum und das grau tr&#252;be und teilweise k&#252;hle Wetter l&#228;sst uns ein bisschen sehns&#252;chtig an die Tage zur&#252;ck denken, an denen wir jeden Tag gem&#252;tlich in der Sonne am Pool lagen. Auch wenn Urlaub mit Kindern nicht gleich der Urlaub ist, wie man ihn von fr&#252;her gewohnt ist.<\/p>\n<p><img loading=\"lazy\" decoding=\"async\" class=\"alignnone size-full wp-image-45491\" src=\"https:\/\/www.heldenhaushalt.de\/sari02\/wp-content\/uploads\/2019\/07\/04-1.jpg\" alt=\"Mallorca\" width=\"1000\" height=\"688\" srcset=\"https:\/\/www.heldenhaushalt.de\/sari02\/wp-content\/uploads\/2019\/07\/04-1.jpg 1000w, https:\/\/www.heldenhaushalt.de\/sari02\/wp-content\/uploads\/2019\/07\/04-1-300x206.jpg 300w, https:\/\/www.heldenhaushalt.de\/sari02\/wp-content\/uploads\/2019\/07\/04-1-768x528.jpg 768w\" sizes=\"auto, (max-width: 1000px) 100vw, 1000px\" \/><\/p>\n<h2>Einfach mal auf den Liegestuhl legen und ein Buch durchlesen ist nicht&#8230;<\/h2>\n<p>Das habe ich fr&#252;her gerne gemacht. Liegen und lesen. Das um mich herum einfach ausgeblendet und abgeschaltet. Ich hatte zwar ein Buch im Koffer, aber ich habe genau drei Seiten geschafft, dann wollte wieder eines der Kinder etwas von mir oder ich bin gar einged&#246;st, weil es am Abend vorher wieder so sp&#228;t geworden oder wir einfach viel im Pool waren. So ist das eben. Priorit&#228;ten ver&#228;ndern sich und in unserem Fall liegen sie einfach mal auf unseren Kindern und einer sch&#246;nen Zeit, die wir gemeinsam erleben wollen.<\/p>\n<p>Dazu geh&#246;ren dann im Falle unserer sehr sportlich aktiven und interessierten Kinder eine Partie Tennis jeden Tag, eine Runde Fu&#223;ball oder gar etwas Tischtennis. Und nat&#252;rlich der Pool. Ganz wichtig, denn wo l&#228;sst es sich bei hohen Temperaturen am besten aushalten? Genau, im k&#252;hlen, blauen Nass! Aber es macht ja auch riesigen Spa&#223; nach kleinen Gummiquallen zu tauchen, mit der Wasserpistole den Papa abzuschie&#223;en und einen neuen Rekord im Ball hin und her prellen aufzustellen. Das Heldenkind liebte es ganz besonders, denn es machte seine ersten (einigerma&#223;en) vern&#252;nftigen Schwimmerfahrungen. F&#252;r den Urlaub entschieden wir uns &#252;brigens erst einmal f&#252;r eine Schwimmweste und nachdem der kleine Mann seine Scheu verloren hatte, kn&#252;pfen wir zu Hause nun mit einer anderen Schwimmhilfe an. Aber dazu vielleicht ein anderes Mal mehr. Der gro&#223;e Sohn kann ja erfreulicher Weise seit bereits zwei Jahren schwimmen, so dass man da etwas entspannter sein konnte.<\/p>\n<p><img loading=\"lazy\" decoding=\"async\" class=\"alignnone size-full wp-image-45489\" src=\"https:\/\/www.heldenhaushalt.de\/sari02\/wp-content\/uploads\/2019\/07\/01-1.jpg\" alt=\"Mallorca\" width=\"1000\" height=\"674\" srcset=\"https:\/\/www.heldenhaushalt.de\/sari02\/wp-content\/uploads\/2019\/07\/01-1.jpg 1000w, https:\/\/www.heldenhaushalt.de\/sari02\/wp-content\/uploads\/2019\/07\/01-1-300x202.jpg 300w, https:\/\/www.heldenhaushalt.de\/sari02\/wp-content\/uploads\/2019\/07\/01-1-768x518.jpg 768w\" sizes=\"auto, (max-width: 1000px) 100vw, 1000px\" \/><\/p>\n<h2>Jeden Tag immer nur Schwimmen und Tennis, da f&#228;llt der Mama aber doch die Decke irgendwann auf den Kopf!<\/h2>\n<p>Das war immer eine meiner Sorgen: Das so ein Hotelurlaub mir irgendwann zu langweilig werden k&#246;nnte. Ich sage mal so: Ich kam gut klar. Hatte ich doch jeden Abend eine andere Show auf die ich mich freuen konnte und es war auf jeden Fall sch&#246;n so viel Zeit mit den Kindern zu verbringen, umher zu wandern, den Strand zu entdecken und schwimmen zu gehen. Doch etwas Abwechslung brauchte ich schon.<\/p>\n<p>Im letzten Jahr gab es diese mit einem Ausflug ins Aquarium von Palma und einer zwei St&#252;ndigen Tour durch die Stadt Palma selber. In diesem Jahr musste also etwas anderes her. Eigentlich wollten wir Tropfsteinh&#246;hle ja schon im letzten Jahr besuchen, doch da waren wir zu sp&#228;t f&#252;r die Tour dran. In diesem Jahr aber nicht und so ging es an einem recht grauen Tag (perfekt also f&#252;r einen Ausflug) mit dem Bus Richtung Porto Cristo zu einer der bekanntesten Tropfsteinh&#246;hlen auf Mallorca.<\/p>\n<h2>Willkommen in den &#8220;Cuevas del Drach&#8221; &#8211; Den Drachenh&#246;hlen!<\/h2>\n<p>Zwei Themen, von denen ich dachte, dass sie f&#252;r die Kinder spannend sein k&#246;nnten. Drachen und Steine. Wie ihr sicher noch wisst, sind wir gro&#223;e Drachenfans hier und seit dem letzten Jahr ist der Miniheld ein begeisterter Edelsteinforscher. Warum also nicht auch mal die Tropfsteinh&#246;hlen kennen lernen?<\/p>\n<figure id=\"attachment_45483\" aria-describedby=\"caption-attachment-45483\" style=\"width: 1000px\" class=\"wp-caption alignnone\"><img loading=\"lazy\" decoding=\"async\" class=\"wp-image-45483 size-full\" src=\"https:\/\/www.heldenhaushalt.de\/sari02\/wp-content\/uploads\/2019\/07\/stein01.jpg\" alt=\"Cuevas del Drach\" width=\"1000\" height=\"706\" srcset=\"https:\/\/www.heldenhaushalt.de\/sari02\/wp-content\/uploads\/2019\/07\/stein01.jpg 1000w, https:\/\/www.heldenhaushalt.de\/sari02\/wp-content\/uploads\/2019\/07\/stein01-300x212.jpg 300w, https:\/\/www.heldenhaushalt.de\/sari02\/wp-content\/uploads\/2019\/07\/stein01-768x542.jpg 768w\" sizes=\"auto, (max-width: 1000px) 100vw, 1000px\" \/><figcaption id=\"caption-attachment-45483\" class=\"wp-caption-text\">Cuevas del Drach<\/figcaption><\/figure>\n<p>Die erste Reaktion vom gro&#223;en Sohn war etwas ged&#228;mpft, denn das sind ja &#8220;nur&#8221; Steine und keine Edelsteine. Als wir ihm jedoch von den Stalaktiten und Stalagmiten und ihrer Entstehung erz&#228;hlten, bekam er doch einen neugierigeren Blick und &#246;ffnete sich f&#252;r die Erfahrung.<\/p>\n<figure id=\"attachment_45484\" aria-describedby=\"caption-attachment-45484\" style=\"width: 1000px\" class=\"wp-caption alignnone\"><img loading=\"lazy\" decoding=\"async\" class=\"wp-image-45484 size-full\" src=\"https:\/\/www.heldenhaushalt.de\/sari02\/wp-content\/uploads\/2019\/07\/stein02.jpg\" alt=\"Cuevas del Drach\" width=\"1000\" height=\"733\" srcset=\"https:\/\/www.heldenhaushalt.de\/sari02\/wp-content\/uploads\/2019\/07\/stein02.jpg 1000w, https:\/\/www.heldenhaushalt.de\/sari02\/wp-content\/uploads\/2019\/07\/stein02-300x220.jpg 300w, https:\/\/www.heldenhaushalt.de\/sari02\/wp-content\/uploads\/2019\/07\/stein02-768x563.jpg 768w\" sizes=\"auto, (max-width: 1000px) 100vw, 1000px\" \/><figcaption id=\"caption-attachment-45484\" class=\"wp-caption-text\">Cuevas del Drach<\/figcaption><\/figure>\n<p><a href=\"http:\/\/www.cuevasdeldrach.com\/de\/\" target=\"_blank\" rel=\"nofollow noopener noreferrer\">Die Drachenh&#246;hlen von Mallorca<\/a> sind ein sehr beliebtes Ausflugsziel und reizten mich schon beim letzten Mal sehr. Dachte man doch damals, dass sich ein Schatz in den H&#246;hlen verstecken w&#252;rde. Immerhin wurden von Drachen doch meistens gro&#223;e Sch&#228;tze bewacht. Leider trafen wir auf keinen Drachen und auch auf keinen Schatz, entdeckten daf&#252;r aber viele M&#252;nzen, die in den unterirdischen See geworfen wurden. Ob sie Gl&#252;ck bringen sollen? Wer wei&#223;&#8230;<\/p>\n<figure id=\"attachment_45485\" aria-describedby=\"caption-attachment-45485\" style=\"width: 1000px\" class=\"wp-caption alignnone\"><img loading=\"lazy\" decoding=\"async\" class=\"wp-image-45485 size-full\" src=\"https:\/\/www.heldenhaushalt.de\/sari02\/wp-content\/uploads\/2019\/07\/stein03.jpg\" alt=\"Cuevas del Drach\" width=\"1000\" height=\"710\" srcset=\"https:\/\/www.heldenhaushalt.de\/sari02\/wp-content\/uploads\/2019\/07\/stein03.jpg 1000w, https:\/\/www.heldenhaushalt.de\/sari02\/wp-content\/uploads\/2019\/07\/stein03-300x213.jpg 300w, https:\/\/www.heldenhaushalt.de\/sari02\/wp-content\/uploads\/2019\/07\/stein03-768x545.jpg 768w\" sizes=\"auto, (max-width: 1000px) 100vw, 1000px\" \/><figcaption id=\"caption-attachment-45485\" class=\"wp-caption-text\">Cuevas del Drach<\/figcaption><\/figure>\n<p>Allgemein war der Anblick einfach atemberaubend. K&#246;nnt ihr euch vorstellen, dass so ein Tropfstein alle 50 Jahre einen Zentimeter w&#228;chst? Da bekommt Zeit noch einmal eine ganze neue Dimension, oder? Vor allem, wenn man schaut, wie riesig inzwischen viele dieser &#8220;Zapfen&#8221; sind, kommt man ganz sch&#246;n ins Gr&#252;beln.<\/p>\n<h2>Musik hallt durch die H&#246;hlen&#8230;<\/h2>\n<p>Etwas ganz besonderes bietet das 10 Min&#252;tige Konzert, dass auf dem Lake Martel, der sich in den H&#246;hlen befindet, stattfindet. Man setzt sich auf kleine B&#228;nke und die gesamte H&#246;hle wird abgedunkelt. Pl&#246;tzlich h&#246;rst man klassische Musik und zwei beleuchtete Boote fahren &#252;ber den See.<\/p>\n<figure id=\"attachment_45486\" aria-describedby=\"caption-attachment-45486\" style=\"width: 1000px\" class=\"wp-caption alignnone\"><img loading=\"lazy\" decoding=\"async\" class=\"wp-image-45486 size-full\" src=\"https:\/\/www.heldenhaushalt.de\/sari02\/wp-content\/uploads\/2019\/07\/stein04.jpg\" alt=\"Cuevas del Drach\" width=\"1000\" height=\"678\" srcset=\"https:\/\/www.heldenhaushalt.de\/sari02\/wp-content\/uploads\/2019\/07\/stein04.jpg 1000w, https:\/\/www.heldenhaushalt.de\/sari02\/wp-content\/uploads\/2019\/07\/stein04-300x203.jpg 300w, https:\/\/www.heldenhaushalt.de\/sari02\/wp-content\/uploads\/2019\/07\/stein04-768x521.jpg 768w\" sizes=\"auto, (max-width: 1000px) 100vw, 1000px\" \/><figcaption id=\"caption-attachment-45486\" class=\"wp-caption-text\">Cuevas del Drach<\/figcaption><\/figure>\n<p>Ein sch&#246;nes Erlebnis, wenn alles um einen herum auf einmal still ist und die Instrumente noch einmal einen ganz anderen Klang erhalten, weil sie von den H&#246;hlenw&#228;nden wiederhallen.&nbsp;<\/p>\n<figure id=\"attachment_45487\" aria-describedby=\"caption-attachment-45487\" style=\"width: 1000px\" class=\"wp-caption alignnone\"><img loading=\"lazy\" decoding=\"async\" class=\"wp-image-45487 size-full\" src=\"https:\/\/www.heldenhaushalt.de\/sari02\/wp-content\/uploads\/2019\/07\/stein05.jpg\" alt=\"Cuevas del Drach\" width=\"1000\" height=\"674\" srcset=\"https:\/\/www.heldenhaushalt.de\/sari02\/wp-content\/uploads\/2019\/07\/stein05.jpg 1000w, https:\/\/www.heldenhaushalt.de\/sari02\/wp-content\/uploads\/2019\/07\/stein05-300x202.jpg 300w, https:\/\/www.heldenhaushalt.de\/sari02\/wp-content\/uploads\/2019\/07\/stein05-768x518.jpg 768w\" sizes=\"auto, (max-width: 1000px) 100vw, 1000px\" \/><figcaption id=\"caption-attachment-45487\" class=\"wp-caption-text\">Cuevas del Drach<\/figcaption><\/figure>\n<p>Wenn dann nach und nach die Lichter am Ende wieder angehen ist es, als ob man einem Sonnenaufgang beiwohnt. Am Ende war der Miniheld doch sehr fasziniert von diesem Erlebnis und h&#228;tte gerne ein kleines Andenken f&#252;r seine Sammlung gehabt. Gab es leider nicht. Aber daf&#252;r haben wir ja unsere Erinnerungen und die vielen Fotos, nicht wahr?<\/p>\n<h2>Am Abend waren wir wieder zur&#252;ck im Hotel&#8230;<\/h2>\n<p>&#8230; und die Sonne schien sogar wieder richtig sch&#246;n nach zwei Tagen grauen Himmels. P&#252;nktlich zum Abendessen waren wir zur&#252;ck. Die Kinder freuten sich &#252;ber Pizza und Pommes vom Buffet (dem All Inclusive sei Dank) und &#252;ber die Kinderdisco im Anschluss, die jeden Abend statt fand.&nbsp;<\/p>\n<figure id=\"attachment_45488\" aria-describedby=\"caption-attachment-45488\" style=\"width: 1000px\" class=\"wp-caption alignnone\"><img loading=\"lazy\" decoding=\"async\" class=\"wp-image-45488 size-full\" src=\"https:\/\/www.heldenhaushalt.de\/sari02\/wp-content\/uploads\/2019\/07\/stein06.jpg\" alt=\"Cuevas del Drach\" width=\"1000\" height=\"716\" srcset=\"https:\/\/www.heldenhaushalt.de\/sari02\/wp-content\/uploads\/2019\/07\/stein06.jpg 1000w, https:\/\/www.heldenhaushalt.de\/sari02\/wp-content\/uploads\/2019\/07\/stein06-300x215.jpg 300w, https:\/\/www.heldenhaushalt.de\/sari02\/wp-content\/uploads\/2019\/07\/stein06-768x550.jpg 768w\" sizes=\"auto, (max-width: 1000px) 100vw, 1000px\" \/><figcaption id=\"caption-attachment-45488\" class=\"wp-caption-text\">Cuevas del Drach<\/figcaption><\/figure>\n<p>Noch Tage danach sprachen wir &#252;ber die Drachenh&#246;hlen und die Kinder schw&#246;rten, dass sie das Grollen eines Drachen geh&#246;rt hatten. Ob vielleicht doch ein Drache irgendwo in den Tiefen der Tropfsteinh&#246;hlen versteckt ist? Wer wei&#223;&#8230;<\/p>\n<p>Mir selber hat der Ausflug sehr gut getan. Die Abwechslung habe ich sehr genossen und den Kindern hat es dazu auch noch gut gefallen. Was will man also mehr. Wobei wir dennoch noch einmal nach Palma fahren wollten in diesem Urlaub, denn <a href=\"https:\/\/www.heldenhaushalt.de\/sari02\/index.php\/2018\/08\/16\/impressionen-aus-palma\/\">beim letzten Mal<\/a> mussten wir feststellen, dass zwei Stunden f&#252;r Palma vorne und hinten nicht ausreichen. Doch von diesem sch&#246;nen Tag erz&#228;hle ich euch nochmal ein anderes Mal&#8230;<\/p>\n","protected":false},"excerpt":{"rendered":"<p>Werbung (unbezahlt) &#8211; In diesem Beitrag berichten wir von einem Ausflugsziel auf der Insel Mallorca. Der Bericht erfolgt freiwillig und der Eintritt wurde selbst bezahlt. Es ist eine reine Empfehlung, f&#252;r die wir keine Verg&#252;tung erhalten. Ist es zu glauben, dass wir nun bereits seit &#252;ber einer Woche wieder hier sind. Wenn ich so aus dem Fenster schaue, ist das Urlaubsgef&#252;hl kaum noch greifbar. Geht es euch auch so? Viele von euch fahren vermutlich jetzt erst in den Urlaub, oder? Wir hier in Berlin waren ja mit unseren Ferien dieses Jahr unversch&#228;mt fr&#252;h dran. Auf Mallorca lernten wir am letzten Tag ein nettes P&#228;rchen kennen, das gerade seinen ersten Ferientag dort verbrachte. Da wurde einem erst einmal so richtig bewusst, WIE fr&#252;h wir eigentlich dran waren. Nun ja, wie auch immer. Inzwischen husten und schnupfen der Held und ich etwas rum und das grau tr&#252;be und teilweise k&#252;hle Wetter l&#228;sst uns ein bisschen sehns&#252;chtig an die Tage zur&#252;ck denken, an denen wir jeden Tag gem&#252;tlich in der Sonne am Pool lagen. Auch wenn Urlaub mit Kindern nicht gleich der Urlaub ist, wie man ihn von fr&#252;her gewohnt ist. Einfach mal auf den Liegestuhl legen und ein Buch durchlesen ist nicht&#8230; Das habe ich fr&#252;her gerne gemacht. Liegen und lesen. Das um mich herum einfach ausgeblendet und abgeschaltet. Ich hatte zwar ein Buch im Koffer, aber ich habe genau drei Seiten geschafft, dann wollte wieder eines der Kinder etwas von mir oder ich bin gar einged&#246;st, weil es am Abend vorher wieder so sp&#228;t geworden oder wir einfach viel im Pool waren. So ist das eben. Priorit&#228;ten ver&#228;ndern sich und in unserem Fall liegen sie einfach mal auf unseren Kindern und einer sch&#246;nen Zeit, die wir gemeinsam erleben wollen. Dazu geh&#246;ren dann im Falle unserer sehr sportlich aktiven und interessierten Kinder eine Partie Tennis jeden Tag, eine Runde Fu&#223;ball oder gar etwas Tischtennis. Und nat&#252;rlich der Pool. Ganz wichtig, denn wo l&#228;sst es sich bei hohen Temperaturen am besten aushalten? Genau, im k&#252;hlen, blauen Nass! Aber es macht ja auch riesigen Spa&#223; nach kleinen Gummiquallen zu tauchen, mit der Wasserpistole den Papa abzuschie&#223;en und einen neuen Rekord im Ball hin und her prellen aufzustellen. Das Heldenkind liebte es ganz besonders, denn es machte seine ersten (einigerma&#223;en) vern&#252;nftigen Schwimmerfahrungen. F&#252;r den Urlaub entschieden wir uns &#252;brigens erst einmal f&#252;r eine Schwimmweste und nachdem der kleine Mann seine Scheu verloren hatte, kn&#252;pfen wir zu Hause nun mit einer anderen Schwimmhilfe an. Aber dazu vielleicht ein anderes Mal mehr. Der gro&#223;e Sohn kann ja erfreulicher Weise seit bereits zwei Jahren schwimmen, so dass man da etwas entspannter sein konnte. Jeden Tag immer nur Schwimmen und Tennis, da f&#228;llt der Mama aber doch die Decke irgendwann auf den Kopf! Das war immer eine meiner Sorgen: Das so ein Hotelurlaub mir irgendwann zu langweilig werden k&#246;nnte. Ich sage mal so: Ich kam gut klar. Hatte ich doch jeden Abend eine andere Show auf die ich mich freuen konnte und es war auf jeden Fall sch&#246;n so viel Zeit mit den Kindern zu verbringen, umher zu wandern, den Strand zu entdecken und schwimmen zu gehen. Doch etwas Abwechslung brauchte ich schon. Im letzten Jahr gab es diese mit einem Ausflug ins Aquarium von Palma und einer zwei St&#252;ndigen Tour durch die Stadt Palma selber. In diesem Jahr musste also etwas anderes her. Eigentlich wollten wir Tropfsteinh&#246;hle ja schon im letzten Jahr besuchen, doch da waren wir zu sp&#228;t f&#252;r die Tour dran. In diesem Jahr aber nicht und so ging es an einem recht grauen Tag (perfekt also f&#252;r einen Ausflug) mit dem Bus Richtung Porto Cristo zu einer der bekanntesten Tropfsteinh&#246;hlen auf Mallorca. Willkommen in den &#8220;Cuevas del Drach&#8221; &#8211; Den Drachenh&#246;hlen! Zwei Themen, von denen ich dachte, dass sie f&#252;r die Kinder spannend sein k&#246;nnten. Drachen und Steine. Wie ihr sicher noch wisst, sind wir gro&#223;e Drachenfans hier und seit dem letzten Jahr ist der Miniheld ein begeisterter Edelsteinforscher. Warum also nicht auch mal die Tropfsteinh&#246;hlen kennen lernen? Die erste Reaktion vom gro&#223;en Sohn war etwas ged&#228;mpft, denn das sind ja &#8220;nur&#8221; Steine und keine Edelsteine. Als wir ihm jedoch von den Stalaktiten und Stalagmiten und ihrer Entstehung erz&#228;hlten, bekam er doch einen neugierigeren Blick und &#246;ffnete sich f&#252;r die Erfahrung. Die Drachenh&#246;hlen von Mallorca sind ein sehr beliebtes Ausflugsziel und reizten mich schon beim letzten Mal sehr. Dachte man doch damals, dass sich ein Schatz in den H&#246;hlen verstecken w&#252;rde. Immerhin wurden von Drachen doch meistens gro&#223;e Sch&#228;tze bewacht. Leider trafen wir auf keinen Drachen und auch auf keinen Schatz, entdeckten daf&#252;r aber viele M&#252;nzen, die in den unterirdischen See geworfen wurden. Ob sie Gl&#252;ck bringen sollen? Wer wei&#223;&#8230; Allgemein war der Anblick einfach atemberaubend. K&#246;nnt ihr euch vorstellen, dass so ein Tropfstein alle 50 Jahre einen Zentimeter w&#228;chst? Da bekommt Zeit noch einmal eine ganze neue Dimension, oder? Vor allem, wenn man schaut, wie riesig inzwischen viele dieser &#8220;Zapfen&#8221; sind, kommt man ganz sch&#246;n ins Gr&#252;beln. Musik hallt durch die H&#246;hlen&#8230; Etwas ganz besonderes bietet das 10 Min&#252;tige Konzert, dass auf dem Lake Martel, der sich in den H&#246;hlen befindet, stattfindet. Man setzt sich auf kleine B&#228;nke und die gesamte H&#246;hle wird abgedunkelt. Pl&#246;tzlich h&#246;rst man klassische Musik und zwei beleuchtete Boote fahren &#252;ber den See. Ein sch&#246;nes Erlebnis, wenn alles um einen herum auf einmal still ist und die Instrumente noch einmal einen ganz anderen Klang erhalten, weil sie von den H&#246;hlenw&#228;nden wiederhallen.&nbsp; Wenn dann nach und nach die Lichter am Ende wieder angehen ist es, als ob man einem Sonnenaufgang beiwohnt. Am Ende war der Miniheld doch sehr fasziniert von diesem Erlebnis und h&#228;tte gerne ein kleines Andenken f&#252;r seine Sammlung gehabt. Gab es leider nicht. Aber daf&#252;r haben wir ja unsere Erinnerungen und die vielen Fotos, nicht wahr? Am Abend waren wir wieder zur&#252;ck im Hotel&#8230; &#8230; und die Sonne schien sogar wieder richtig sch&#246;n nach zwei Tagen grauen Himmels. P&#252;nktlich zum Abendessen waren wir zur&#252;ck. Die Kinder freuten sich &#252;ber Pizza und Pommes vom Buffet (dem All Inclusive sei Dank) und &#252;ber die Kinderdisco im Anschluss, die jeden Abend statt fand.&nbsp; Noch Tage danach sprachen wir &#252;ber die Drachenh&#246;hlen und die Kinder schw&#246;rten, dass sie das Grollen eines Drachen geh&#246;rt hatten. Ob vielleicht doch ein Drache irgendwo in den Tiefen der Tropfsteinh&#246;hlen versteckt ist? Wer wei&#223;&#8230; Mir selber hat der Ausflug sehr gut getan. Die Abwechslung habe ich sehr genossen und den Kindern hat es dazu auch noch gut gefallen. Was will man also mehr. Wobei wir dennoch noch einmal nach Palma fahren wollten in diesem Urlaub, denn beim letzten Mal mussten wir feststellen, dass zwei Stunden f&#252;r Palma vorne und hinten nicht ausreichen. Doch von diesem sch&#246;nen Tag erz&#228;hle ich euch nochmal ein anderes Mal&#8230;<\/p>\n","protected":false},"author":1,"featured_media":45490,"comment_status":"open","ping_status":"open","sticky":false,"template":"","format":"standard","meta":{"ngg_post_thumbnail":0,"footnotes":""},"categories":[323,324],"tags":[2304,81,2008,2303,690,2302],"class_list":["post-45303","post","type-post","status-publish","format-standard","has-post-thumbnail","hentry","category-alltag","category-reisen","tag-cuevas-del-drach","tag-kinder","tag-mallorca","tag-tropfsteinhoehle","tag-urlaub","tag-urlaub-mit-kindern"],"yoast_head":"<!-- This site is optimized with the Yoast SEO plugin v27.5 - https:\/\/yoast.com\/product\/yoast-seo-wordpress\/ -->\n<title>Mallorca mit Kindern - Die Drachenh\u00f6hlen - Heldenhaushalt<\/title>\n<meta name=\"description\" content=\"Willkommen in den &quot;Cuevas del Drach&quot; - Den Drachenh\u00f6hlen! Zwei Themen, von denen ich dachte, dass sie f\u00fcr die Kinder spannend sein k\u00f6nnten.\" \/>\n<meta name=\"robots\" content=\"index, follow, max-snippet:-1, max-image-preview:large, max-video-preview:-1\" \/>\n<link rel=\"canonical\" href=\"https:\/\/www.heldenhaushalt.de\/sari02\/index.php\/2019\/07\/09\/cuevas-del-drach\/\" \/>\n<meta property=\"og:locale\" content=\"de_DE\" \/>\n<meta property=\"og:type\" content=\"article\" \/>\n<meta property=\"og:title\" content=\"Mallorca mit Kindern - Die Drachenh\u00f6hlen - Heldenhaushalt\" \/>\n<meta property=\"og:description\" content=\"Willkommen in den &quot;Cuevas del Drach&quot; - Den Drachenh\u00f6hlen! Zwei Themen, von denen ich dachte, dass sie f\u00fcr die Kinder spannend sein k\u00f6nnten.\" \/>\n<meta property=\"og:url\" content=\"https:\/\/www.heldenhaushalt.de\/sari02\/index.php\/2019\/07\/09\/cuevas-del-drach\/\" \/>\n<meta property=\"og:site_name\" content=\"Heldenhaushalt\" \/>\n<meta property=\"article:published_time\" content=\"2019-07-09T08:00:00+00:00\" \/>\n<meta property=\"article:modified_time\" content=\"2019-07-09T09:56:58+00:00\" \/>\n<meta property=\"og:image\" content=\"https:\/\/www.heldenhaushalt.de\/sari02\/wp-content\/uploads\/2019\/07\/03-1.jpg\" \/>\n\t<meta property=\"og:image:width\" content=\"1000\" \/>\n\t<meta property=\"og:image:height\" content=\"669\" \/>\n\t<meta property=\"og:image:type\" content=\"image\/jpeg\" \/>\n<meta name=\"author\" content=\"Sari\" \/>\n<meta name=\"twitter:card\" content=\"summary_large_image\" \/>\n<meta name=\"twitter:creator\" content=\"@Heldenhaushalt\" \/>\n<meta name=\"twitter:site\" content=\"@Heldenhaushalt\" \/>\n<meta name=\"twitter:label1\" content=\"Verfasst von\" \/>\n\t<meta name=\"twitter:data1\" content=\"Sari\" \/>\n\t<meta name=\"twitter:label2\" content=\"Gesch\u00e4tzte Lesezeit\" \/>\n\t<meta name=\"twitter:data2\" content=\"6\u00a0Minuten\" \/>\n<script type=\"application\/ld+json\" class=\"yoast-schema-graph\">{\"@context\":\"https:\\\/\\\/schema.org\",\"@graph\":[{\"@type\":\"Article\",\"@id\":\"https:\\\/\\\/www.heldenhaushalt.de\\\/sari02\\\/index.php\\\/2019\\\/07\\\/09\\\/cuevas-del-drach\\\/#article\",\"isPartOf\":{\"@id\":\"https:\\\/\\\/www.heldenhaushalt.de\\\/sari02\\\/index.php\\\/2019\\\/07\\\/09\\\/cuevas-del-drach\\\/\"},\"author\":{\"name\":\"Sari\",\"@id\":\"https:\\\/\\\/www.heldenhaushalt.de\\\/sari02\\\/#\\\/schema\\\/person\\\/a1cc69f42a01f412eb62c151353814f6\"},\"headline\":\"Mallorca mit Kindern &#8211; Die Drachenh&#246;hlen\",\"datePublished\":\"2019-07-09T08:00:00+00:00\",\"dateModified\":\"2019-07-09T09:56:58+00:00\",\"mainEntityOfPage\":{\"@id\":\"https:\\\/\\\/www.heldenhaushalt.de\\\/sari02\\\/index.php\\\/2019\\\/07\\\/09\\\/cuevas-del-drach\\\/\"},\"wordCount\":1269,\"commentCount\":2,\"publisher\":{\"@id\":\"https:\\\/\\\/www.heldenhaushalt.de\\\/sari02\\\/#\\\/schema\\\/person\\\/a1cc69f42a01f412eb62c151353814f6\"},\"image\":{\"@id\":\"https:\\\/\\\/www.heldenhaushalt.de\\\/sari02\\\/index.php\\\/2019\\\/07\\\/09\\\/cuevas-del-drach\\\/#primaryimage\"},\"thumbnailUrl\":\"https:\\\/\\\/www.heldenhaushalt.de\\\/sari02\\\/wp-content\\\/uploads\\\/2019\\\/07\\\/03-1.jpg\",\"keywords\":[\"Cuevas del Drach\",\"Kinder\",\"Mallorca\",\"Tropfsteinh\u00f6hle\",\"Urlaub\",\"Urlaub mit Kindern\"],\"articleSection\":[\"Alltagschaos\",\"Weltenbummler\"],\"inLanguage\":\"de\",\"potentialAction\":[{\"@type\":\"CommentAction\",\"name\":\"Comment\",\"target\":[\"https:\\\/\\\/www.heldenhaushalt.de\\\/sari02\\\/index.php\\\/2019\\\/07\\\/09\\\/cuevas-del-drach\\\/#respond\"]}]},{\"@type\":\"WebPage\",\"@id\":\"https:\\\/\\\/www.heldenhaushalt.de\\\/sari02\\\/index.php\\\/2019\\\/07\\\/09\\\/cuevas-del-drach\\\/\",\"url\":\"https:\\\/\\\/www.heldenhaushalt.de\\\/sari02\\\/index.php\\\/2019\\\/07\\\/09\\\/cuevas-del-drach\\\/\",\"name\":\"Mallorca mit Kindern - Die Drachenh\u00f6hlen - Heldenhaushalt\",\"isPartOf\":{\"@id\":\"https:\\\/\\\/www.heldenhaushalt.de\\\/sari02\\\/#website\"},\"primaryImageOfPage\":{\"@id\":\"https:\\\/\\\/www.heldenhaushalt.de\\\/sari02\\\/index.php\\\/2019\\\/07\\\/09\\\/cuevas-del-drach\\\/#primaryimage\"},\"image\":{\"@id\":\"https:\\\/\\\/www.heldenhaushalt.de\\\/sari02\\\/index.php\\\/2019\\\/07\\\/09\\\/cuevas-del-drach\\\/#primaryimage\"},\"thumbnailUrl\":\"https:\\\/\\\/www.heldenhaushalt.de\\\/sari02\\\/wp-content\\\/uploads\\\/2019\\\/07\\\/03-1.jpg\",\"datePublished\":\"2019-07-09T08:00:00+00:00\",\"dateModified\":\"2019-07-09T09:56:58+00:00\",\"description\":\"Willkommen in den \\\"Cuevas del Drach\\\" - Den Drachenh\u00f6hlen! Zwei Themen, von denen ich dachte, dass sie f\u00fcr die Kinder spannend sein k\u00f6nnten.\",\"breadcrumb\":{\"@id\":\"https:\\\/\\\/www.heldenhaushalt.de\\\/sari02\\\/index.php\\\/2019\\\/07\\\/09\\\/cuevas-del-drach\\\/#breadcrumb\"},\"inLanguage\":\"de\",\"potentialAction\":[{\"@type\":\"ReadAction\",\"target\":[\"https:\\\/\\\/www.heldenhaushalt.de\\\/sari02\\\/index.php\\\/2019\\\/07\\\/09\\\/cuevas-del-drach\\\/\"]}]},{\"@type\":\"ImageObject\",\"inLanguage\":\"de\",\"@id\":\"https:\\\/\\\/www.heldenhaushalt.de\\\/sari02\\\/index.php\\\/2019\\\/07\\\/09\\\/cuevas-del-drach\\\/#primaryimage\",\"url\":\"https:\\\/\\\/www.heldenhaushalt.de\\\/sari02\\\/wp-content\\\/uploads\\\/2019\\\/07\\\/03-1.jpg\",\"contentUrl\":\"https:\\\/\\\/www.heldenhaushalt.de\\\/sari02\\\/wp-content\\\/uploads\\\/2019\\\/07\\\/03-1.jpg\",\"width\":1000,\"height\":669,\"caption\":\"Mallorca\"},{\"@type\":\"BreadcrumbList\",\"@id\":\"https:\\\/\\\/www.heldenhaushalt.de\\\/sari02\\\/index.php\\\/2019\\\/07\\\/09\\\/cuevas-del-drach\\\/#breadcrumb\",\"itemListElement\":[{\"@type\":\"ListItem\",\"position\":1,\"name\":\"Startseite\",\"item\":\"https:\\\/\\\/www.heldenhaushalt.de\\\/sari02\\\/\"},{\"@type\":\"ListItem\",\"position\":2,\"name\":\"Mallorca mit Kindern &#8211; Die Drachenh&#246;hlen\"}]},{\"@type\":\"WebSite\",\"@id\":\"https:\\\/\\\/www.heldenhaushalt.de\\\/sari02\\\/#website\",\"url\":\"https:\\\/\\\/www.heldenhaushalt.de\\\/sari02\\\/\",\"name\":\"Heldenhaushalt\",\"description\":\"Wer es ordentlich haben will, der muss vorher anrufen\",\"publisher\":{\"@id\":\"https:\\\/\\\/www.heldenhaushalt.de\\\/sari02\\\/#\\\/schema\\\/person\\\/a1cc69f42a01f412eb62c151353814f6\"},\"potentialAction\":[{\"@type\":\"SearchAction\",\"target\":{\"@type\":\"EntryPoint\",\"urlTemplate\":\"https:\\\/\\\/www.heldenhaushalt.de\\\/sari02\\\/?s={search_term_string}\"},\"query-input\":{\"@type\":\"PropertyValueSpecification\",\"valueRequired\":true,\"valueName\":\"search_term_string\"}}],\"inLanguage\":\"de\"},{\"@type\":[\"Person\",\"Organization\"],\"@id\":\"https:\\\/\\\/www.heldenhaushalt.de\\\/sari02\\\/#\\\/schema\\\/person\\\/a1cc69f42a01f412eb62c151353814f6\",\"name\":\"Sari\",\"image\":{\"@type\":\"ImageObject\",\"inLanguage\":\"de\",\"@id\":\"https:\\\/\\\/www.heldenhaushalt.de\\\/sari02\\\/wp-content\\\/uploads\\\/2019\\\/02\\\/sari-april2018.png\",\"url\":\"https:\\\/\\\/www.heldenhaushalt.de\\\/sari02\\\/wp-content\\\/uploads\\\/2019\\\/02\\\/sari-april2018.png\",\"contentUrl\":\"https:\\\/\\\/www.heldenhaushalt.de\\\/sari02\\\/wp-content\\\/uploads\\\/2019\\\/02\\\/sari-april2018.png\",\"width\":500,\"height\":500,\"caption\":\"Sari\"},\"logo\":{\"@id\":\"https:\\\/\\\/www.heldenhaushalt.de\\\/sari02\\\/wp-content\\\/uploads\\\/2019\\\/02\\\/sari-april2018.png\"},\"description\":\"Frau Mondgras \u2013 Das bin ich, Sari. Gerne auch als Sari Mondgras bekannt und im Internet zu finden. 2-Fach-Mutter, Heldenehefrau, Kreativling, Harmonies\u00fcchtig und st\u00e4ndig auf der Suche nach Gl\u00fcck. Ich komme aus Berlin, bin hier aufgewachsen und lebe hier seit ich denken kann.\",\"sameAs\":[\"https:\\\/\\\/www.instagram.com\\\/heldenhaushalt\\\/\"],\"url\":\"https:\\\/\\\/www.heldenhaushalt.de\\\/sari02\\\/index.php\\\/author\\\/admin\\\/\"}]}<\/script>\n<!-- \/ Yoast SEO plugin. -->","yoast_head_json":{"title":"Mallorca mit Kindern - Die Drachenh\u00f6hlen - Heldenhaushalt","description":"Willkommen in den \"Cuevas del Drach\" - Den Drachenh\u00f6hlen! Zwei Themen, von denen ich dachte, dass sie f\u00fcr die Kinder spannend sein k\u00f6nnten.","robots":{"index":"index","follow":"follow","max-snippet":"max-snippet:-1","max-image-preview":"max-image-preview:large","max-video-preview":"max-video-preview:-1"},"canonical":"https:\/\/www.heldenhaushalt.de\/sari02\/index.php\/2019\/07\/09\/cuevas-del-drach\/","og_locale":"de_DE","og_type":"article","og_title":"Mallorca mit Kindern - Die Drachenh\u00f6hlen - Heldenhaushalt","og_description":"Willkommen in den \"Cuevas del Drach\" - Den Drachenh\u00f6hlen! Zwei Themen, von denen ich dachte, dass sie f\u00fcr die Kinder spannend sein k\u00f6nnten.","og_url":"https:\/\/www.heldenhaushalt.de\/sari02\/index.php\/2019\/07\/09\/cuevas-del-drach\/","og_site_name":"Heldenhaushalt","article_published_time":"2019-07-09T08:00:00+00:00","article_modified_time":"2019-07-09T09:56:58+00:00","og_image":[{"width":1000,"height":669,"url":"https:\/\/www.heldenhaushalt.de\/sari02\/wp-content\/uploads\/2019\/07\/03-1.jpg","type":"image\/jpeg"}],"author":"Sari","twitter_card":"summary_large_image","twitter_creator":"@Heldenhaushalt","twitter_site":"@Heldenhaushalt","twitter_misc":{"Verfasst von":"Sari","Gesch\u00e4tzte Lesezeit":"6\u00a0Minuten"},"schema":{"@context":"https:\/\/schema.org","@graph":[{"@type":"Article","@id":"https:\/\/www.heldenhaushalt.de\/sari02\/index.php\/2019\/07\/09\/cuevas-del-drach\/#article","isPartOf":{"@id":"https:\/\/www.heldenhaushalt.de\/sari02\/index.php\/2019\/07\/09\/cuevas-del-drach\/"},"author":{"name":"Sari","@id":"https:\/\/www.heldenhaushalt.de\/sari02\/#\/schema\/person\/a1cc69f42a01f412eb62c151353814f6"},"headline":"Mallorca mit Kindern &#8211; Die Drachenh&#246;hlen","datePublished":"2019-07-09T08:00:00+00:00","dateModified":"2019-07-09T09:56:58+00:00","mainEntityOfPage":{"@id":"https:\/\/www.heldenhaushalt.de\/sari02\/index.php\/2019\/07\/09\/cuevas-del-drach\/"},"wordCount":1269,"commentCount":2,"publisher":{"@id":"https:\/\/www.heldenhaushalt.de\/sari02\/#\/schema\/person\/a1cc69f42a01f412eb62c151353814f6"},"image":{"@id":"https:\/\/www.heldenhaushalt.de\/sari02\/index.php\/2019\/07\/09\/cuevas-del-drach\/#primaryimage"},"thumbnailUrl":"https:\/\/www.heldenhaushalt.de\/sari02\/wp-content\/uploads\/2019\/07\/03-1.jpg","keywords":["Cuevas del Drach","Kinder","Mallorca","Tropfsteinh\u00f6hle","Urlaub","Urlaub mit Kindern"],"articleSection":["Alltagschaos","Weltenbummler"],"inLanguage":"de","potentialAction":[{"@type":"CommentAction","name":"Comment","target":["https:\/\/www.heldenhaushalt.de\/sari02\/index.php\/2019\/07\/09\/cuevas-del-drach\/#respond"]}]},{"@type":"WebPage","@id":"https:\/\/www.heldenhaushalt.de\/sari02\/index.php\/2019\/07\/09\/cuevas-del-drach\/","url":"https:\/\/www.heldenhaushalt.de\/sari02\/index.php\/2019\/07\/09\/cuevas-del-drach\/","name":"Mallorca mit Kindern - Die Drachenh\u00f6hlen - Heldenhaushalt","isPartOf":{"@id":"https:\/\/www.heldenhaushalt.de\/sari02\/#website"},"primaryImageOfPage":{"@id":"https:\/\/www.heldenhaushalt.de\/sari02\/index.php\/2019\/07\/09\/cuevas-del-drach\/#primaryimage"},"image":{"@id":"https:\/\/www.heldenhaushalt.de\/sari02\/index.php\/2019\/07\/09\/cuevas-del-drach\/#primaryimage"},"thumbnailUrl":"https:\/\/www.heldenhaushalt.de\/sari02\/wp-content\/uploads\/2019\/07\/03-1.jpg","datePublished":"2019-07-09T08:00:00+00:00","dateModified":"2019-07-09T09:56:58+00:00","description":"Willkommen in den \"Cuevas del Drach\" - Den Drachenh\u00f6hlen! Zwei Themen, von denen ich dachte, dass sie f\u00fcr die Kinder spannend sein k\u00f6nnten.","breadcrumb":{"@id":"https:\/\/www.heldenhaushalt.de\/sari02\/index.php\/2019\/07\/09\/cuevas-del-drach\/#breadcrumb"},"inLanguage":"de","potentialAction":[{"@type":"ReadAction","target":["https:\/\/www.heldenhaushalt.de\/sari02\/index.php\/2019\/07\/09\/cuevas-del-drach\/"]}]},{"@type":"ImageObject","inLanguage":"de","@id":"https:\/\/www.heldenhaushalt.de\/sari02\/index.php\/2019\/07\/09\/cuevas-del-drach\/#primaryimage","url":"https:\/\/www.heldenhaushalt.de\/sari02\/wp-content\/uploads\/2019\/07\/03-1.jpg","contentUrl":"https:\/\/www.heldenhaushalt.de\/sari02\/wp-content\/uploads\/2019\/07\/03-1.jpg","width":1000,"height":669,"caption":"Mallorca"},{"@type":"BreadcrumbList","@id":"https:\/\/www.heldenhaushalt.de\/sari02\/index.php\/2019\/07\/09\/cuevas-del-drach\/#breadcrumb","itemListElement":[{"@type":"ListItem","position":1,"name":"Startseite","item":"https:\/\/www.heldenhaushalt.de\/sari02\/"},{"@type":"ListItem","position":2,"name":"Mallorca mit Kindern &#8211; Die Drachenh&#246;hlen"}]},{"@type":"WebSite","@id":"https:\/\/www.heldenhaushalt.de\/sari02\/#website","url":"https:\/\/www.heldenhaushalt.de\/sari02\/","name":"Heldenhaushalt","description":"Wer es ordentlich haben will, der muss vorher anrufen","publisher":{"@id":"https:\/\/www.heldenhaushalt.de\/sari02\/#\/schema\/person\/a1cc69f42a01f412eb62c151353814f6"},"potentialAction":[{"@type":"SearchAction","target":{"@type":"EntryPoint","urlTemplate":"https:\/\/www.heldenhaushalt.de\/sari02\/?s={search_term_string}"},"query-input":{"@type":"PropertyValueSpecification","valueRequired":true,"valueName":"search_term_string"}}],"inLanguage":"de"},{"@type":["Person","Organization"],"@id":"https:\/\/www.heldenhaushalt.de\/sari02\/#\/schema\/person\/a1cc69f42a01f412eb62c151353814f6","name":"Sari","image":{"@type":"ImageObject","inLanguage":"de","@id":"https:\/\/www.heldenhaushalt.de\/sari02\/wp-content\/uploads\/2019\/02\/sari-april2018.png","url":"https:\/\/www.heldenhaushalt.de\/sari02\/wp-content\/uploads\/2019\/02\/sari-april2018.png","contentUrl":"https:\/\/www.heldenhaushalt.de\/sari02\/wp-content\/uploads\/2019\/02\/sari-april2018.png","width":500,"height":500,"caption":"Sari"},"logo":{"@id":"https:\/\/www.heldenhaushalt.de\/sari02\/wp-content\/uploads\/2019\/02\/sari-april2018.png"},"description":"Frau Mondgras \u2013 Das bin ich, Sari. Gerne auch als Sari Mondgras bekannt und im Internet zu finden. 2-Fach-Mutter, Heldenehefrau, Kreativling, Harmonies\u00fcchtig und st\u00e4ndig auf der Suche nach Gl\u00fcck. Ich komme aus Berlin, bin hier aufgewachsen und lebe hier seit ich denken kann.","sameAs":["https:\/\/www.instagram.com\/heldenhaushalt\/"],"url":"https:\/\/www.heldenhaushalt.de\/sari02\/index.php\/author\/admin\/"}]}},"views":5930,"_links":{"self":[{"href":"https:\/\/www.heldenhaushalt.de\/sari02\/index.php\/wp-json\/wp\/v2\/posts\/45303","targetHints":{"allow":["GET"]}}],"collection":[{"href":"https:\/\/www.heldenhaushalt.de\/sari02\/index.php\/wp-json\/wp\/v2\/posts"}],"about":[{"href":"https:\/\/www.heldenhaushalt.de\/sari02\/index.php\/wp-json\/wp\/v2\/types\/post"}],"author":[{"embeddable":true,"href":"https:\/\/www.heldenhaushalt.de\/sari02\/index.php\/wp-json\/wp\/v2\/users\/1"}],"replies":[{"embeddable":true,"href":"https:\/\/www.heldenhaushalt.de\/sari02\/index.php\/wp-json\/wp\/v2\/comments?post=45303"}],"version-history":[{"count":5,"href":"https:\/\/www.heldenhaushalt.de\/sari02\/index.php\/wp-json\/wp\/v2\/posts\/45303\/revisions"}],"predecessor-version":[{"id":45493,"href":"https:\/\/www.heldenhaushalt.de\/sari02\/index.php\/wp-json\/wp\/v2\/posts\/45303\/revisions\/45493"}],"wp:featuredmedia":[{"embeddable":true,"href":"https:\/\/www.heldenhaushalt.de\/sari02\/index.php\/wp-json\/wp\/v2\/media\/45490"}],"wp:attachment":[{"href":"https:\/\/www.heldenhaushalt.de\/sari02\/index.php\/wp-json\/wp\/v2\/media?parent=45303"}],"wp:term":[{"taxonomy":"category","embeddable":true,"href":"https:\/\/www.heldenhaushalt.de\/sari02\/index.php\/wp-json\/wp\/v2\/categories?post=45303"},{"taxonomy":"post_tag","embeddable":true,"href":"https:\/\/www.heldenhaushalt.de\/sari02\/index.php\/wp-json\/wp\/v2\/tags?post=45303"}],"curies":[{"name":"wp","href":"https:\/\/api.w.org\/{rel}","templated":true}]}}