{"id":45439,"date":"2019-07-05T10:05:26","date_gmt":"2019-07-05T08:05:26","guid":{"rendered":"https:\/\/www.heldenhaushalt.de\/sari02\/?p=45439"},"modified":"2019-07-05T10:05:26","modified_gmt":"2019-07-05T08:05:26","slug":"wochenlieblinge-252019","status":"publish","type":"post","link":"https:\/\/www.heldenhaushalt.de\/sari02\/index.php\/2019\/07\/05\/wochenlieblinge-252019\/","title":{"rendered":"Wochenlieblinge 25\/2019 &#8211; Zur&#252;ck im Alltag"},"content":{"rendered":"<p><small>Werbung (unbezahlt) \u2013 Der folgende Artikel enth&#228;lt evtl. Bilder mit Produkten, die wir in unserem Alltag nutzen oder Linkempfehlungen. Wir haben keine Bezahlung f&#252;r das Zeigen oder Nutzen derselbigen erhalten.<\/small><\/p>\n<p>Da sitzt man am Montag Morgen noch <a href=\"https:\/\/www.heldenhaushalt.de\/sari02\/index.php\/2019\/07\/03\/warum-es-manchmal-eine-auszeit-braucht\/\">auf Mallorca beim Fr&#252;hst&#252;ck<\/a> bei gem&#252;tlichen 28 Grad und schwups, befindet man sich am Nachmittag schon in den eigenen vier W&#228;nden und packt die Koffer aus. So schnell kann es gehen. So stand diese Woche vor allem im Zeichen des Ankommen.&nbsp;<\/p>\n<p>Ankommen im Alltag. W&#228;sche waschen, Post sortieren, den Garten wieder auf Vordermann bringen. W&#228;hrend wir im Urlaub waren, herrschten in Berlin fast 40 Grad und ich bin ehrlich gesagt froh, dass ich diese Hitzewelle verpasst habe. Der Garten hingegen hat sie genutzt, um mal eben so explodieren *lach*. Als wir zur&#252;ck kamen, war der erste Eindruck nicht, dass wir 10 Tage, sondern 10 Wochen weg waren. So gab es also erst einmal einiges zu tun.<\/p>\n<h2>Und dann ist die erste Woche im Alltag auf einmal fast schon wieder rum.<\/h2>\n<p>So schnell kann es gehen. Das sagte ich schon. Die erste (Arbeits-) Woche in Berlin ist fast schon wieder vorbei. 5 Tage sind wir nun wieder zu Hause und dieses Gef&#252;hl am Montag noch ganz woanders gefr&#252;hst&#252;ckt zu haben, ist fast schon wieder weg. Schade, dass so etwas nicht viel l&#228;nger in einem nachklingen kann, oder? Wie geht es euch damit immer?<\/p>\n<p>Nachdem ich gestern nun den gesamten Tag (insgesamt 8 Stunden) flei&#223;ig im Garten alles wieder auf Vordermann gebracht habe bei angenehmen 23 Grad und etwas Sonnenschein, merke ich heute jeden Knochen, jeden Muskel im Leib. Das ist ein gutes Gef&#252;hl, denn man wei&#223;, dass man einiges geschafft hat und produktiv war.&nbsp;<\/p>\n<h2>Wochenlieblinge? Lasst uns auf unsere Highlights diese Woche schauen&#8230;<\/h2>\n<p><img loading=\"lazy\" decoding=\"async\" class=\"alignnone size-full wp-image-45441\" src=\"https:\/\/www.heldenhaushalt.de\/sari02\/wp-content\/uploads\/2019\/07\/25-02.jpg\" alt=\"Wochenlieblinge\" width=\"1000\" height=\"683\" srcset=\"https:\/\/www.heldenhaushalt.de\/sari02\/wp-content\/uploads\/2019\/07\/25-02.jpg 1000w, https:\/\/www.heldenhaushalt.de\/sari02\/wp-content\/uploads\/2019\/07\/25-02-300x205.jpg 300w, https:\/\/www.heldenhaushalt.de\/sari02\/wp-content\/uploads\/2019\/07\/25-02-768x525.jpg 768w\" sizes=\"auto, (max-width: 1000px) 100vw, 1000px\" \/><\/p>\n<p><strong>01. Hoch &#252;ber den Wolken &#8211;<\/strong> Ich glaube das ist das erste Mal in meiner Laufbahn, dass ich beim Flug so etwas wie richtige Angst versp&#252;rte. Wir wurden pl&#246;tzlich so schlimm im Flugzeug hin und her ger&#252;ttelt, dass ich dachte, jetzt passiert ist. Ist es aber nicht, wie ihr sehen k&#246;nnt. Wir sind sicher gelandet. Ganz sicher eines meiner emotionalsten Highlights diese Woche *lach*. So schlimm war es wohl auch gar nicht, aber ich hatte mich ordentlich erschrocken. Ich hab da schon ziemlich Respekt vor. Aber mal abgesehen davon, war nat&#252;rlich ein Highlight diese Woche, dass ich noch einmal einen Morgen auf Mallorca genie&#223;en konnte.<\/p>\n<p><img loading=\"lazy\" decoding=\"async\" class=\"alignnone size-full wp-image-45440\" src=\"https:\/\/www.heldenhaushalt.de\/sari02\/wp-content\/uploads\/2019\/07\/25-01.jpg\" alt=\"Neuer Rock\" width=\"1000\" height=\"735\" srcset=\"https:\/\/www.heldenhaushalt.de\/sari02\/wp-content\/uploads\/2019\/07\/25-01.jpg 1000w, https:\/\/www.heldenhaushalt.de\/sari02\/wp-content\/uploads\/2019\/07\/25-01-300x221.jpg 300w, https:\/\/www.heldenhaushalt.de\/sari02\/wp-content\/uploads\/2019\/07\/25-01-768x564.jpg 768w\" sizes=\"auto, (max-width: 1000px) 100vw, 1000px\" \/> &nbsp;<\/p>\n<p><strong>02. Kleine Mitbringsel &#8211;<\/strong> Nat&#252;rlich kam ich auch dieses Mal nicht drumherum und habe mir das eine oder andere Andenken mitgenommen. Eine schicke Hose und ein Kleid, shoppen in Palma und diesen Rock. Um den schlich ich schon im letzten Jahr herum und dieses Jahr habe ich ihn mir geg&#246;nnt. Ich liebe ihn.<\/p>\n<p><img loading=\"lazy\" decoding=\"async\" class=\"alignnone size-full wp-image-45442\" src=\"https:\/\/www.heldenhaushalt.de\/sari02\/wp-content\/uploads\/2019\/07\/25-03.jpg\" alt=\"Geburtstagspost\" width=\"1000\" height=\"742\" srcset=\"https:\/\/www.heldenhaushalt.de\/sari02\/wp-content\/uploads\/2019\/07\/25-03.jpg 1000w, https:\/\/www.heldenhaushalt.de\/sari02\/wp-content\/uploads\/2019\/07\/25-03-300x223.jpg 300w, https:\/\/www.heldenhaushalt.de\/sari02\/wp-content\/uploads\/2019\/07\/25-03-768x570.jpg 768w\" sizes=\"auto, (max-width: 1000px) 100vw, 1000px\" \/><\/p>\n<p><strong>03. Geburtstagspost &#8211;<\/strong> Noch etwas fr&#252;h, aber dennoch mit etwas Vorfreude. In etwas &#252;ber zwei Wochen habe ich Geburtstag und ein kleines Geschenk erreichte mich am Dienstag bereits. Post von unseren frankfurter Freunden, die hier nun brav bis zum 21. wartet, damit ich sie auspacken kann. Das Papier ist so sch&#246;n, oder?<\/p>\n<p><img loading=\"lazy\" decoding=\"async\" class=\"alignnone size-full wp-image-45443\" src=\"https:\/\/www.heldenhaushalt.de\/sari02\/wp-content\/uploads\/2019\/07\/25-04.jpg\" alt=\"Wochenlieblinge\" width=\"1000\" height=\"750\" srcset=\"https:\/\/www.heldenhaushalt.de\/sari02\/wp-content\/uploads\/2019\/07\/25-04.jpg 1000w, https:\/\/www.heldenhaushalt.de\/sari02\/wp-content\/uploads\/2019\/07\/25-04-300x225.jpg 300w, https:\/\/www.heldenhaushalt.de\/sari02\/wp-content\/uploads\/2019\/07\/25-04-768x576.jpg 768w\" sizes=\"auto, (max-width: 1000px) 100vw, 1000px\" \/><\/p>\n<p><strong>04. Geschwistermomente &#8211;<\/strong> Die Kinder haben durch den Urlaub nun t&#228;glich sehr viel Zeit miteinander verbracht und das klingt jetzt noch nach. Vor allem, weil sie durch die Ferien auch jetzt noch viel Zeit haben. Keine Schule, keine Hausaufgaben. Nicht mal Training stehen im Moment an. Da ihre Interessen immer &#228;hnlicher werden und der kleine Sohn inzwischen auch so einiges kann und versteht, verbringen sie viele Stunden zusammen. Mal im Zimmer des gro&#223;en, mal im Zimmer des kleinen Sohnes. Es ist sch&#246;n. Vor allem, wenn man ihnen abends zuh&#246;rt, wenn der gro&#223;e Bruder dem kleinen Bruder eine Geschichte zum Einschlafen vorliest und bei ihm liegen bleibt, um mit ihm zu kuscheln.<\/p>\n<p><img loading=\"lazy\" decoding=\"async\" class=\"alignnone size-full wp-image-45445\" src=\"https:\/\/www.heldenhaushalt.de\/sari02\/wp-content\/uploads\/2019\/07\/25-06.jpg\" alt=\"Shopping Queen\" width=\"1000\" height=\"727\" srcset=\"https:\/\/www.heldenhaushalt.de\/sari02\/wp-content\/uploads\/2019\/07\/25-06.jpg 1000w, https:\/\/www.heldenhaushalt.de\/sari02\/wp-content\/uploads\/2019\/07\/25-06-300x218.jpg 300w, https:\/\/www.heldenhaushalt.de\/sari02\/wp-content\/uploads\/2019\/07\/25-06-768x558.jpg 768w\" sizes=\"auto, (max-width: 1000px) 100vw, 1000px\" \/><\/p>\n<p><strong>05. Kleine &#220;berraschungen &#8211;<\/strong> Als ich nach Hause kam am Montag, lag etwas Post auf dem Esstisch. Die Schwiegereltern hatten netter Weise das Gie&#223;en und die Post f&#252;r uns &#252;bernommen und nach dem Rechten geschaut. Unter der Post lag ein gro&#223;es und ein kleines Paket. Magische Post f&#252;r Mama mit vielen tollen Sachen. Unter anderem habe ich g&#252;nstig diesen s&#252;&#223;en Schl&#252;sselanh&#228;nger erstanden. Ich hatte geh&#246;rt, dass er riesig sein soll, aber er hat ein tolles Format und ich bin happy, dass ich den Kauf gewagt habe *lach*.<\/p>\n<h2>Unsere Wochenlieblinge aus der Blogsph&#228;re!<\/h2>\n<p>Ha! Trotz Abwesenheit habe ich euch heute f&#252;r die Wochenlieblinge dennoch ein paar Linkempfehlungen mitgebracht. Habt ihr Lust darauf? Dann schaut mal hier: <a href=\"https:\/\/leelahloves.de\/2019\/07\/05\/naturkosmetik-selber-machen-kamillenblueten-handcreme\/\" target=\"_blank\" rel=\"noopener noreferrer\">Kamillenbl&#252;ten Handcreme<\/a> &#8211; <a href=\"https:\/\/quatsch-matsch.de\/einen-garten-mit-sand-bauen-basteln-mit-kindern\/\" target=\"_blank\" rel=\"noopener noreferrer\">ein Garten mit Sand bauen<\/a> &#8211; <a href=\"https:\/\/shelikes.de\/2019\/06\/homediy-geometrisches-splitter-bild.html\" target=\"_blank\" rel=\"noopener noreferrer\">Geometrisches Splitterbild<\/a> &#8211; <a href=\"https:\/\/funkelfaden.de\/windspiele-aus-mini-toepfen-und-schmuckresten-basteln\/\" target=\"_blank\" rel=\"noopener noreferrer\">Windspiele aus Minit&#246;pfen<\/a> &#8211; <a href=\"https:\/\/quatsch-matsch.de\/eine-schildkroete-aus-einer-papierlaterne-mit-kindern-basteln\/\" target=\"_blank\" rel=\"noopener noreferrer\">Schildkr&#246;te aus Papierlaternen basteln<\/a> &#8211; <a href=\"https:\/\/meinfeenstaub.com\/diy-kaktus-serviettenhalter-fimo-air\/\" target=\"_blank\" rel=\"noopener noreferrer\">Kaktus Serviettenhalter aus Fimo Air<\/a> &#8211; <a href=\"https:\/\/www.sabine-seyffert.de\/blog\/?p=14708\" target=\"_blank\" rel=\"noopener noreferrer\">Obstgirlande aus Klorollen<\/a> &#8211; <a href=\"https:\/\/www.whatinaloves.com\/2019\/06\/throwback-thursday-foccacia-brot.html\" target=\"_blank\" rel=\"noopener noreferrer\">Foccacia Brot<\/a> &#8211; <a href=\"https:\/\/www.simplylovelychaos.de\/nuss-nougat-eis-rezept-fuer-den-perfekten-sommer\/\" target=\"_blank\" rel=\"noopener noreferrer\">Nuss Nougat Eis<\/a> &#8211; <a href=\"https:\/\/schwesternliebeundwir.de\/diy-spitzwegerichsalbe-damit-insektenstiche-nicht-mehr-jucken\/\" target=\"_blank\" rel=\"noopener noreferrer\">Spitzwegerichsalbe gegen Insektenstiche<\/a><\/p>\n<p>Was waren eure Wochenlieblinge dieses Mal?<\/p>\n","protected":false},"excerpt":{"rendered":"<p>Werbung (unbezahlt) \u2013 Der folgende Artikel enth&#228;lt evtl. Bilder mit Produkten, die wir in unserem Alltag nutzen oder Linkempfehlungen. Wir haben keine Bezahlung f&#252;r das Zeigen oder Nutzen derselbigen erhalten. Da sitzt man am Montag Morgen noch auf Mallorca beim Fr&#252;hst&#252;ck bei gem&#252;tlichen 28 Grad und schwups, befindet man sich am Nachmittag schon in den eigenen vier W&#228;nden und packt die Koffer aus. So schnell kann es gehen. So stand diese Woche vor allem im Zeichen des Ankommen.&nbsp; Ankommen im Alltag. W&#228;sche waschen, Post sortieren, den Garten wieder auf Vordermann bringen. W&#228;hrend wir im Urlaub waren, herrschten in Berlin fast 40 Grad und ich bin ehrlich gesagt froh, dass ich diese Hitzewelle verpasst habe. Der Garten hingegen hat sie genutzt, um mal eben so explodieren *lach*. Als wir zur&#252;ck kamen, war der erste Eindruck nicht, dass wir 10 Tage, sondern 10 Wochen weg waren. So gab es also erst einmal einiges zu tun. Und dann ist die erste Woche im Alltag auf einmal fast schon wieder rum. So schnell kann es gehen. Das sagte ich schon. Die erste (Arbeits-) Woche in Berlin ist fast schon wieder vorbei. 5 Tage sind wir nun wieder zu Hause und dieses Gef&#252;hl am Montag noch ganz woanders gefr&#252;hst&#252;ckt zu haben, ist fast schon wieder weg. Schade, dass so etwas nicht viel l&#228;nger in einem nachklingen kann, oder? Wie geht es euch damit immer? Nachdem ich gestern nun den gesamten Tag (insgesamt 8 Stunden) flei&#223;ig im Garten alles wieder auf Vordermann gebracht habe bei angenehmen 23 Grad und etwas Sonnenschein, merke ich heute jeden Knochen, jeden Muskel im Leib. Das ist ein gutes Gef&#252;hl, denn man wei&#223;, dass man einiges geschafft hat und produktiv war.&nbsp; Wochenlieblinge? Lasst uns auf unsere Highlights diese Woche schauen&#8230; 01. Hoch &#252;ber den Wolken &#8211; Ich glaube das ist das erste Mal in meiner Laufbahn, dass ich beim Flug so etwas wie richtige Angst versp&#252;rte. Wir wurden pl&#246;tzlich so schlimm im Flugzeug hin und her ger&#252;ttelt, dass ich dachte, jetzt passiert ist. Ist es aber nicht, wie ihr sehen k&#246;nnt. Wir sind sicher gelandet. Ganz sicher eines meiner emotionalsten Highlights diese Woche *lach*. So schlimm war es wohl auch gar nicht, aber ich hatte mich ordentlich erschrocken. Ich hab da schon ziemlich Respekt vor. Aber mal abgesehen davon, war nat&#252;rlich ein Highlight diese Woche, dass ich noch einmal einen Morgen auf Mallorca genie&#223;en konnte. &nbsp; 02. Kleine Mitbringsel &#8211; Nat&#252;rlich kam ich auch dieses Mal nicht drumherum und habe mir das eine oder andere Andenken mitgenommen. Eine schicke Hose und ein Kleid, shoppen in Palma und diesen Rock. Um den schlich ich schon im letzten Jahr herum und dieses Jahr habe ich ihn mir geg&#246;nnt. Ich liebe ihn. 03. Geburtstagspost &#8211; Noch etwas fr&#252;h, aber dennoch mit etwas Vorfreude. In etwas &#252;ber zwei Wochen habe ich Geburtstag und ein kleines Geschenk erreichte mich am Dienstag bereits. Post von unseren frankfurter Freunden, die hier nun brav bis zum 21. wartet, damit ich sie auspacken kann. Das Papier ist so sch&#246;n, oder? 04. Geschwistermomente &#8211; Die Kinder haben durch den Urlaub nun t&#228;glich sehr viel Zeit miteinander verbracht und das klingt jetzt noch nach. Vor allem, weil sie durch die Ferien auch jetzt noch viel Zeit haben. Keine Schule, keine Hausaufgaben. Nicht mal Training stehen im Moment an. Da ihre Interessen immer &#228;hnlicher werden und der kleine Sohn inzwischen auch so einiges kann und versteht, verbringen sie viele Stunden zusammen. Mal im Zimmer des gro&#223;en, mal im Zimmer des kleinen Sohnes. Es ist sch&#246;n. Vor allem, wenn man ihnen abends zuh&#246;rt, wenn der gro&#223;e Bruder dem kleinen Bruder eine Geschichte zum Einschlafen vorliest und bei ihm liegen bleibt, um mit ihm zu kuscheln. 05. Kleine &#220;berraschungen &#8211; Als ich nach Hause kam am Montag, lag etwas Post auf dem Esstisch. Die Schwiegereltern hatten netter Weise das Gie&#223;en und die Post f&#252;r uns &#252;bernommen und nach dem Rechten geschaut. Unter der Post lag ein gro&#223;es und ein kleines Paket. Magische Post f&#252;r Mama mit vielen tollen Sachen. Unter anderem habe ich g&#252;nstig diesen s&#252;&#223;en Schl&#252;sselanh&#228;nger erstanden. Ich hatte geh&#246;rt, dass er riesig sein soll, aber er hat ein tolles Format und ich bin happy, dass ich den Kauf gewagt habe *lach*. Unsere Wochenlieblinge aus der Blogsph&#228;re! Ha! Trotz Abwesenheit habe ich euch heute f&#252;r die Wochenlieblinge dennoch ein paar Linkempfehlungen mitgebracht. Habt ihr Lust darauf? Dann schaut mal hier: Kamillenbl&#252;ten Handcreme &#8211; ein Garten mit Sand bauen &#8211; Geometrisches Splitterbild &#8211; Windspiele aus Minit&#246;pfen &#8211; Schildkr&#246;te aus Papierlaternen basteln &#8211; Kaktus Serviettenhalter aus Fimo Air &#8211; Obstgirlande aus Klorollen &#8211; Foccacia Brot &#8211; Nuss Nougat Eis &#8211; Spitzwegerichsalbe gegen Insektenstiche Was waren eure Wochenlieblinge dieses Mal?<\/p>\n","protected":false},"author":1,"featured_media":45444,"comment_status":"open","ping_status":"open","sticky":false,"template":"","format":"standard","meta":{"ngg_post_thumbnail":0,"footnotes":""},"categories":[323,49],"tags":[780,781,45,69,2062,81,199,2161],"class_list":["post-45439","post","type-post","status-publish","format-standard","has-post-thumbnail","hentry","category-alltag","category-blogspaehre","tag-freitags5","tag-freitagslieblinge","tag-alltag","tag-familie","tag-highlights","tag-kinder","tag-rueckblick","tag-wochenlieblinge"],"yoast_head":"<!-- This site is optimized with the Yoast SEO plugin v27.5 - https:\/\/yoast.com\/product\/yoast-seo-wordpress\/ -->\n<title>Wochenlieblinge 25\/2019 - Zur\u00fcck im Alltag - Heldenhaushalt<\/title>\n<meta name=\"description\" content=\"Das ist ein gutes Gef\u00fchl, denn man wei\u00df, dass man einiges geschafft hat und produktiv war.\u00a0Wochenlieblinge?\" \/>\n<meta name=\"robots\" content=\"index, follow, max-snippet:-1, max-image-preview:large, max-video-preview:-1\" \/>\n<link rel=\"canonical\" href=\"https:\/\/www.heldenhaushalt.de\/sari02\/index.php\/2019\/07\/05\/wochenlieblinge-252019\/\" \/>\n<meta property=\"og:locale\" content=\"de_DE\" \/>\n<meta property=\"og:type\" content=\"article\" \/>\n<meta property=\"og:title\" content=\"Wochenlieblinge 25\/2019 - Zur\u00fcck im Alltag - Heldenhaushalt\" \/>\n<meta property=\"og:description\" content=\"Das ist ein gutes Gef\u00fchl, denn man wei\u00df, dass man einiges geschafft hat und produktiv war.\u00a0Wochenlieblinge?\" \/>\n<meta property=\"og:url\" content=\"https:\/\/www.heldenhaushalt.de\/sari02\/index.php\/2019\/07\/05\/wochenlieblinge-252019\/\" \/>\n<meta property=\"og:site_name\" content=\"Heldenhaushalt\" \/>\n<meta property=\"article:published_time\" content=\"2019-07-05T08:05:26+00:00\" \/>\n<meta property=\"og:image\" content=\"https:\/\/www.heldenhaushalt.de\/sari02\/wp-content\/uploads\/2019\/07\/25-05.jpg\" \/>\n\t<meta property=\"og:image:width\" content=\"1000\" \/>\n\t<meta property=\"og:image:height\" content=\"780\" \/>\n\t<meta property=\"og:image:type\" content=\"image\/jpeg\" \/>\n<meta name=\"author\" content=\"Sari\" \/>\n<meta name=\"twitter:card\" content=\"summary_large_image\" \/>\n<meta name=\"twitter:creator\" content=\"@Heldenhaushalt\" \/>\n<meta name=\"twitter:site\" content=\"@Heldenhaushalt\" \/>\n<meta name=\"twitter:label1\" content=\"Verfasst von\" \/>\n\t<meta name=\"twitter:data1\" content=\"Sari\" \/>\n\t<meta name=\"twitter:label2\" content=\"Gesch\u00e4tzte Lesezeit\" \/>\n\t<meta name=\"twitter:data2\" content=\"4\u00a0Minuten\" \/>\n<script type=\"application\/ld+json\" class=\"yoast-schema-graph\">{\"@context\":\"https:\\\/\\\/schema.org\",\"@graph\":[{\"@type\":\"Article\",\"@id\":\"https:\\\/\\\/www.heldenhaushalt.de\\\/sari02\\\/index.php\\\/2019\\\/07\\\/05\\\/wochenlieblinge-252019\\\/#article\",\"isPartOf\":{\"@id\":\"https:\\\/\\\/www.heldenhaushalt.de\\\/sari02\\\/index.php\\\/2019\\\/07\\\/05\\\/wochenlieblinge-252019\\\/\"},\"author\":{\"name\":\"Sari\",\"@id\":\"https:\\\/\\\/www.heldenhaushalt.de\\\/sari02\\\/#\\\/schema\\\/person\\\/a1cc69f42a01f412eb62c151353814f6\"},\"headline\":\"Wochenlieblinge 25\\\/2019 &#8211; Zur&#252;ck im Alltag\",\"datePublished\":\"2019-07-05T08:05:26+00:00\",\"mainEntityOfPage\":{\"@id\":\"https:\\\/\\\/www.heldenhaushalt.de\\\/sari02\\\/index.php\\\/2019\\\/07\\\/05\\\/wochenlieblinge-252019\\\/\"},\"wordCount\":811,\"commentCount\":2,\"publisher\":{\"@id\":\"https:\\\/\\\/www.heldenhaushalt.de\\\/sari02\\\/#\\\/schema\\\/person\\\/a1cc69f42a01f412eb62c151353814f6\"},\"image\":{\"@id\":\"https:\\\/\\\/www.heldenhaushalt.de\\\/sari02\\\/index.php\\\/2019\\\/07\\\/05\\\/wochenlieblinge-252019\\\/#primaryimage\"},\"thumbnailUrl\":\"https:\\\/\\\/www.heldenhaushalt.de\\\/sari02\\\/wp-content\\\/uploads\\\/2019\\\/07\\\/25-05.jpg\",\"keywords\":[\"#Freitags5\",\"#Freitagslieblinge\",\"Allt\u00e4glich\",\"Familie\",\"Highlights\",\"Kinder\",\"R\u00fcckblick\",\"Wochenlieblinge\"],\"articleSection\":[\"Alltagschaos\",\"Blogsph\u00e4re\"],\"inLanguage\":\"de\",\"potentialAction\":[{\"@type\":\"CommentAction\",\"name\":\"Comment\",\"target\":[\"https:\\\/\\\/www.heldenhaushalt.de\\\/sari02\\\/index.php\\\/2019\\\/07\\\/05\\\/wochenlieblinge-252019\\\/#respond\"]}]},{\"@type\":\"WebPage\",\"@id\":\"https:\\\/\\\/www.heldenhaushalt.de\\\/sari02\\\/index.php\\\/2019\\\/07\\\/05\\\/wochenlieblinge-252019\\\/\",\"url\":\"https:\\\/\\\/www.heldenhaushalt.de\\\/sari02\\\/index.php\\\/2019\\\/07\\\/05\\\/wochenlieblinge-252019\\\/\",\"name\":\"Wochenlieblinge 25\\\/2019 - Zur\u00fcck im Alltag - Heldenhaushalt\",\"isPartOf\":{\"@id\":\"https:\\\/\\\/www.heldenhaushalt.de\\\/sari02\\\/#website\"},\"primaryImageOfPage\":{\"@id\":\"https:\\\/\\\/www.heldenhaushalt.de\\\/sari02\\\/index.php\\\/2019\\\/07\\\/05\\\/wochenlieblinge-252019\\\/#primaryimage\"},\"image\":{\"@id\":\"https:\\\/\\\/www.heldenhaushalt.de\\\/sari02\\\/index.php\\\/2019\\\/07\\\/05\\\/wochenlieblinge-252019\\\/#primaryimage\"},\"thumbnailUrl\":\"https:\\\/\\\/www.heldenhaushalt.de\\\/sari02\\\/wp-content\\\/uploads\\\/2019\\\/07\\\/25-05.jpg\",\"datePublished\":\"2019-07-05T08:05:26+00:00\",\"description\":\"Das ist ein gutes Gef\u00fchl, denn man wei\u00df, dass man einiges geschafft hat und produktiv war.\u00a0Wochenlieblinge?\",\"breadcrumb\":{\"@id\":\"https:\\\/\\\/www.heldenhaushalt.de\\\/sari02\\\/index.php\\\/2019\\\/07\\\/05\\\/wochenlieblinge-252019\\\/#breadcrumb\"},\"inLanguage\":\"de\",\"potentialAction\":[{\"@type\":\"ReadAction\",\"target\":[\"https:\\\/\\\/www.heldenhaushalt.de\\\/sari02\\\/index.php\\\/2019\\\/07\\\/05\\\/wochenlieblinge-252019\\\/\"]}]},{\"@type\":\"ImageObject\",\"inLanguage\":\"de\",\"@id\":\"https:\\\/\\\/www.heldenhaushalt.de\\\/sari02\\\/index.php\\\/2019\\\/07\\\/05\\\/wochenlieblinge-252019\\\/#primaryimage\",\"url\":\"https:\\\/\\\/www.heldenhaushalt.de\\\/sari02\\\/wp-content\\\/uploads\\\/2019\\\/07\\\/25-05.jpg\",\"contentUrl\":\"https:\\\/\\\/www.heldenhaushalt.de\\\/sari02\\\/wp-content\\\/uploads\\\/2019\\\/07\\\/25-05.jpg\",\"width\":1000,\"height\":780,\"caption\":\"Wochenlieblinge\"},{\"@type\":\"BreadcrumbList\",\"@id\":\"https:\\\/\\\/www.heldenhaushalt.de\\\/sari02\\\/index.php\\\/2019\\\/07\\\/05\\\/wochenlieblinge-252019\\\/#breadcrumb\",\"itemListElement\":[{\"@type\":\"ListItem\",\"position\":1,\"name\":\"Startseite\",\"item\":\"https:\\\/\\\/www.heldenhaushalt.de\\\/sari02\\\/\"},{\"@type\":\"ListItem\",\"position\":2,\"name\":\"Wochenlieblinge 25\\\/2019 &#8211; Zur&#252;ck im Alltag\"}]},{\"@type\":\"WebSite\",\"@id\":\"https:\\\/\\\/www.heldenhaushalt.de\\\/sari02\\\/#website\",\"url\":\"https:\\\/\\\/www.heldenhaushalt.de\\\/sari02\\\/\",\"name\":\"Heldenhaushalt\",\"description\":\"Wer es ordentlich haben will, der muss vorher anrufen\",\"publisher\":{\"@id\":\"https:\\\/\\\/www.heldenhaushalt.de\\\/sari02\\\/#\\\/schema\\\/person\\\/a1cc69f42a01f412eb62c151353814f6\"},\"potentialAction\":[{\"@type\":\"SearchAction\",\"target\":{\"@type\":\"EntryPoint\",\"urlTemplate\":\"https:\\\/\\\/www.heldenhaushalt.de\\\/sari02\\\/?s={search_term_string}\"},\"query-input\":{\"@type\":\"PropertyValueSpecification\",\"valueRequired\":true,\"valueName\":\"search_term_string\"}}],\"inLanguage\":\"de\"},{\"@type\":[\"Person\",\"Organization\"],\"@id\":\"https:\\\/\\\/www.heldenhaushalt.de\\\/sari02\\\/#\\\/schema\\\/person\\\/a1cc69f42a01f412eb62c151353814f6\",\"name\":\"Sari\",\"image\":{\"@type\":\"ImageObject\",\"inLanguage\":\"de\",\"@id\":\"https:\\\/\\\/www.heldenhaushalt.de\\\/sari02\\\/wp-content\\\/uploads\\\/2019\\\/02\\\/sari-april2018.png\",\"url\":\"https:\\\/\\\/www.heldenhaushalt.de\\\/sari02\\\/wp-content\\\/uploads\\\/2019\\\/02\\\/sari-april2018.png\",\"contentUrl\":\"https:\\\/\\\/www.heldenhaushalt.de\\\/sari02\\\/wp-content\\\/uploads\\\/2019\\\/02\\\/sari-april2018.png\",\"width\":500,\"height\":500,\"caption\":\"Sari\"},\"logo\":{\"@id\":\"https:\\\/\\\/www.heldenhaushalt.de\\\/sari02\\\/wp-content\\\/uploads\\\/2019\\\/02\\\/sari-april2018.png\"},\"description\":\"Frau Mondgras \u2013 Das bin ich, Sari. Gerne auch als Sari Mondgras bekannt und im Internet zu finden. 2-Fach-Mutter, Heldenehefrau, Kreativling, Harmonies\u00fcchtig und st\u00e4ndig auf der Suche nach Gl\u00fcck. Ich komme aus Berlin, bin hier aufgewachsen und lebe hier seit ich denken kann.\",\"sameAs\":[\"https:\\\/\\\/www.instagram.com\\\/heldenhaushalt\\\/\"],\"url\":\"https:\\\/\\\/www.heldenhaushalt.de\\\/sari02\\\/index.php\\\/author\\\/admin\\\/\"}]}<\/script>\n<!-- \/ Yoast SEO plugin. -->","yoast_head_json":{"title":"Wochenlieblinge 25\/2019 - Zur\u00fcck im Alltag - Heldenhaushalt","description":"Das ist ein gutes Gef\u00fchl, denn man wei\u00df, dass man einiges geschafft hat und produktiv war.\u00a0Wochenlieblinge?","robots":{"index":"index","follow":"follow","max-snippet":"max-snippet:-1","max-image-preview":"max-image-preview:large","max-video-preview":"max-video-preview:-1"},"canonical":"https:\/\/www.heldenhaushalt.de\/sari02\/index.php\/2019\/07\/05\/wochenlieblinge-252019\/","og_locale":"de_DE","og_type":"article","og_title":"Wochenlieblinge 25\/2019 - Zur\u00fcck im Alltag - Heldenhaushalt","og_description":"Das ist ein gutes Gef\u00fchl, denn man wei\u00df, dass man einiges geschafft hat und produktiv war.\u00a0Wochenlieblinge?","og_url":"https:\/\/www.heldenhaushalt.de\/sari02\/index.php\/2019\/07\/05\/wochenlieblinge-252019\/","og_site_name":"Heldenhaushalt","article_published_time":"2019-07-05T08:05:26+00:00","og_image":[{"width":1000,"height":780,"url":"https:\/\/www.heldenhaushalt.de\/sari02\/wp-content\/uploads\/2019\/07\/25-05.jpg","type":"image\/jpeg"}],"author":"Sari","twitter_card":"summary_large_image","twitter_creator":"@Heldenhaushalt","twitter_site":"@Heldenhaushalt","twitter_misc":{"Verfasst von":"Sari","Gesch\u00e4tzte Lesezeit":"4\u00a0Minuten"},"schema":{"@context":"https:\/\/schema.org","@graph":[{"@type":"Article","@id":"https:\/\/www.heldenhaushalt.de\/sari02\/index.php\/2019\/07\/05\/wochenlieblinge-252019\/#article","isPartOf":{"@id":"https:\/\/www.heldenhaushalt.de\/sari02\/index.php\/2019\/07\/05\/wochenlieblinge-252019\/"},"author":{"name":"Sari","@id":"https:\/\/www.heldenhaushalt.de\/sari02\/#\/schema\/person\/a1cc69f42a01f412eb62c151353814f6"},"headline":"Wochenlieblinge 25\/2019 &#8211; Zur&#252;ck im Alltag","datePublished":"2019-07-05T08:05:26+00:00","mainEntityOfPage":{"@id":"https:\/\/www.heldenhaushalt.de\/sari02\/index.php\/2019\/07\/05\/wochenlieblinge-252019\/"},"wordCount":811,"commentCount":2,"publisher":{"@id":"https:\/\/www.heldenhaushalt.de\/sari02\/#\/schema\/person\/a1cc69f42a01f412eb62c151353814f6"},"image":{"@id":"https:\/\/www.heldenhaushalt.de\/sari02\/index.php\/2019\/07\/05\/wochenlieblinge-252019\/#primaryimage"},"thumbnailUrl":"https:\/\/www.heldenhaushalt.de\/sari02\/wp-content\/uploads\/2019\/07\/25-05.jpg","keywords":["#Freitags5","#Freitagslieblinge","Allt\u00e4glich","Familie","Highlights","Kinder","R\u00fcckblick","Wochenlieblinge"],"articleSection":["Alltagschaos","Blogsph\u00e4re"],"inLanguage":"de","potentialAction":[{"@type":"CommentAction","name":"Comment","target":["https:\/\/www.heldenhaushalt.de\/sari02\/index.php\/2019\/07\/05\/wochenlieblinge-252019\/#respond"]}]},{"@type":"WebPage","@id":"https:\/\/www.heldenhaushalt.de\/sari02\/index.php\/2019\/07\/05\/wochenlieblinge-252019\/","url":"https:\/\/www.heldenhaushalt.de\/sari02\/index.php\/2019\/07\/05\/wochenlieblinge-252019\/","name":"Wochenlieblinge 25\/2019 - Zur\u00fcck im Alltag - Heldenhaushalt","isPartOf":{"@id":"https:\/\/www.heldenhaushalt.de\/sari02\/#website"},"primaryImageOfPage":{"@id":"https:\/\/www.heldenhaushalt.de\/sari02\/index.php\/2019\/07\/05\/wochenlieblinge-252019\/#primaryimage"},"image":{"@id":"https:\/\/www.heldenhaushalt.de\/sari02\/index.php\/2019\/07\/05\/wochenlieblinge-252019\/#primaryimage"},"thumbnailUrl":"https:\/\/www.heldenhaushalt.de\/sari02\/wp-content\/uploads\/2019\/07\/25-05.jpg","datePublished":"2019-07-05T08:05:26+00:00","description":"Das ist ein gutes Gef\u00fchl, denn man wei\u00df, dass man einiges geschafft hat und produktiv war.\u00a0Wochenlieblinge?","breadcrumb":{"@id":"https:\/\/www.heldenhaushalt.de\/sari02\/index.php\/2019\/07\/05\/wochenlieblinge-252019\/#breadcrumb"},"inLanguage":"de","potentialAction":[{"@type":"ReadAction","target":["https:\/\/www.heldenhaushalt.de\/sari02\/index.php\/2019\/07\/05\/wochenlieblinge-252019\/"]}]},{"@type":"ImageObject","inLanguage":"de","@id":"https:\/\/www.heldenhaushalt.de\/sari02\/index.php\/2019\/07\/05\/wochenlieblinge-252019\/#primaryimage","url":"https:\/\/www.heldenhaushalt.de\/sari02\/wp-content\/uploads\/2019\/07\/25-05.jpg","contentUrl":"https:\/\/www.heldenhaushalt.de\/sari02\/wp-content\/uploads\/2019\/07\/25-05.jpg","width":1000,"height":780,"caption":"Wochenlieblinge"},{"@type":"BreadcrumbList","@id":"https:\/\/www.heldenhaushalt.de\/sari02\/index.php\/2019\/07\/05\/wochenlieblinge-252019\/#breadcrumb","itemListElement":[{"@type":"ListItem","position":1,"name":"Startseite","item":"https:\/\/www.heldenhaushalt.de\/sari02\/"},{"@type":"ListItem","position":2,"name":"Wochenlieblinge 25\/2019 &#8211; Zur&#252;ck im Alltag"}]},{"@type":"WebSite","@id":"https:\/\/www.heldenhaushalt.de\/sari02\/#website","url":"https:\/\/www.heldenhaushalt.de\/sari02\/","name":"Heldenhaushalt","description":"Wer es ordentlich haben will, der muss vorher anrufen","publisher":{"@id":"https:\/\/www.heldenhaushalt.de\/sari02\/#\/schema\/person\/a1cc69f42a01f412eb62c151353814f6"},"potentialAction":[{"@type":"SearchAction","target":{"@type":"EntryPoint","urlTemplate":"https:\/\/www.heldenhaushalt.de\/sari02\/?s={search_term_string}"},"query-input":{"@type":"PropertyValueSpecification","valueRequired":true,"valueName":"search_term_string"}}],"inLanguage":"de"},{"@type":["Person","Organization"],"@id":"https:\/\/www.heldenhaushalt.de\/sari02\/#\/schema\/person\/a1cc69f42a01f412eb62c151353814f6","name":"Sari","image":{"@type":"ImageObject","inLanguage":"de","@id":"https:\/\/www.heldenhaushalt.de\/sari02\/wp-content\/uploads\/2019\/02\/sari-april2018.png","url":"https:\/\/www.heldenhaushalt.de\/sari02\/wp-content\/uploads\/2019\/02\/sari-april2018.png","contentUrl":"https:\/\/www.heldenhaushalt.de\/sari02\/wp-content\/uploads\/2019\/02\/sari-april2018.png","width":500,"height":500,"caption":"Sari"},"logo":{"@id":"https:\/\/www.heldenhaushalt.de\/sari02\/wp-content\/uploads\/2019\/02\/sari-april2018.png"},"description":"Frau Mondgras \u2013 Das bin ich, Sari. Gerne auch als Sari Mondgras bekannt und im Internet zu finden. 2-Fach-Mutter, Heldenehefrau, Kreativling, Harmonies\u00fcchtig und st\u00e4ndig auf der Suche nach Gl\u00fcck. Ich komme aus Berlin, bin hier aufgewachsen und lebe hier seit ich denken kann.","sameAs":["https:\/\/www.instagram.com\/heldenhaushalt\/"],"url":"https:\/\/www.heldenhaushalt.de\/sari02\/index.php\/author\/admin\/"}]}},"views":1982,"_links":{"self":[{"href":"https:\/\/www.heldenhaushalt.de\/sari02\/index.php\/wp-json\/wp\/v2\/posts\/45439","targetHints":{"allow":["GET"]}}],"collection":[{"href":"https:\/\/www.heldenhaushalt.de\/sari02\/index.php\/wp-json\/wp\/v2\/posts"}],"about":[{"href":"https:\/\/www.heldenhaushalt.de\/sari02\/index.php\/wp-json\/wp\/v2\/types\/post"}],"author":[{"embeddable":true,"href":"https:\/\/www.heldenhaushalt.de\/sari02\/index.php\/wp-json\/wp\/v2\/users\/1"}],"replies":[{"embeddable":true,"href":"https:\/\/www.heldenhaushalt.de\/sari02\/index.php\/wp-json\/wp\/v2\/comments?post=45439"}],"version-history":[{"count":2,"href":"https:\/\/www.heldenhaushalt.de\/sari02\/index.php\/wp-json\/wp\/v2\/posts\/45439\/revisions"}],"predecessor-version":[{"id":45447,"href":"https:\/\/www.heldenhaushalt.de\/sari02\/index.php\/wp-json\/wp\/v2\/posts\/45439\/revisions\/45447"}],"wp:featuredmedia":[{"embeddable":true,"href":"https:\/\/www.heldenhaushalt.de\/sari02\/index.php\/wp-json\/wp\/v2\/media\/45444"}],"wp:attachment":[{"href":"https:\/\/www.heldenhaushalt.de\/sari02\/index.php\/wp-json\/wp\/v2\/media?parent=45439"}],"wp:term":[{"taxonomy":"category","embeddable":true,"href":"https:\/\/www.heldenhaushalt.de\/sari02\/index.php\/wp-json\/wp\/v2\/categories?post=45439"},{"taxonomy":"post_tag","embeddable":true,"href":"https:\/\/www.heldenhaushalt.de\/sari02\/index.php\/wp-json\/wp\/v2\/tags?post=45439"}],"curies":[{"name":"wp","href":"https:\/\/api.w.org\/{rel}","templated":true}]}}