{"id":45675,"date":"2019-07-26T09:38:23","date_gmt":"2019-07-26T07:38:23","guid":{"rendered":"https:\/\/www.heldenhaushalt.de\/sari02\/?p=45675"},"modified":"2019-07-26T09:38:23","modified_gmt":"2019-07-26T07:38:23","slug":"wochenlieblinge-282019","status":"publish","type":"post","link":"https:\/\/www.heldenhaushalt.de\/sari02\/index.php\/2019\/07\/26\/wochenlieblinge-282019\/","title":{"rendered":"Wochenlieblinge 28\/2019 &#8211; Absoluter Ferien-Sommer-Modus!"},"content":{"rendered":"<p><small>Werbung (unbezahlt) \u2013&nbsp;<em>Der folgende Artikel enth&#228;lt evtl. Bilder mit Produkten, die wir in unserem Alltag nutzen oder Linkempfehlungen. Wir haben keine Bezahlung f&#252;r das Zeigen oder Nutzen derselbigen erhalten.<\/em><\/small><\/p>\n<p>&#220;berthema der Wochenlieblinge diese Woche? Ist das waaaaarm!!! Aber ich finde das aktuell gar nicht schlimm. Das seltsame Herbstwetter der letzten beiden Wochen war schon etwas doof. Vor allem, wo die Kinder doch Ferien haben und man so gar nichts mit dem Tag und dem Wetter anzufangen wusste. So kann man wenigstens mit den Kindern schwimmen gehen oder unter dem Rasensprenger rumtoben. Gut&#8230; zur Mittagszeit wird es fast schon wieder zu warm, aber dann verbringen wir eben etwas Zeit drinnen und ich bin zudem motivierter es mal mit einem Salat zum Mittagessen zu versuchen. Wollte ich mir eh wieder &#246;fter zaubern und bei der Hitze f&#228;llt einem das deutlich leichter, nicht wahr?<\/p>\n<h2>Unsere Wochenlieblinge diese Woche waren&#8230;<\/h2>\n<p><img loading=\"lazy\" decoding=\"async\" class=\"alignnone size-full wp-image-45677\" src=\"https:\/\/www.heldenhaushalt.de\/sari02\/wp-content\/uploads\/2019\/07\/28-02.jpg\" alt=\"Sonnenblume\" width=\"1000\" height=\"716\" srcset=\"https:\/\/www.heldenhaushalt.de\/sari02\/wp-content\/uploads\/2019\/07\/28-02.jpg 1000w, https:\/\/www.heldenhaushalt.de\/sari02\/wp-content\/uploads\/2019\/07\/28-02-300x215.jpg 300w, https:\/\/www.heldenhaushalt.de\/sari02\/wp-content\/uploads\/2019\/07\/28-02-768x550.jpg 768w\" sizes=\"auto, (max-width: 1000px) 100vw, 1000px\" \/><\/p>\n<p><strong>01. Riesen Sonnenblume &#8211;<\/strong> &#8220;Schau mal Mama&#8221;, sagt das Heldenkind am Montag zu mir, &#8220;diese Sonnenblume ist so gro&#223; wie ich und diese so gro&#223; wie du&#8221;. Dabei zeigt er auf zwei der ungef&#228;hr 10 Sonnenblumen, die die Kinder<a href=\"https:\/\/www.heldenhaushalt.de\/sari02\/index.php\/2019\/06\/12\/in-unserem-garten\/\"> vor einigen Wochen angepflanzt haben<\/a>. Inzwischen sind sie wirklich ordentlich gewachsen und zwei oder drei entwickeln nun die beliebten gro&#223;en K&#246;pfe. Es ist total faszinierend ihnen im Laufe des Tages dabei zuzuschauen, wie sie ihre K&#246;pfe immer Richtung Sonne ausrichten. So zeigen sie am Morgen noch zum Nachbarn, am Mittag recken sie sich gerade nach oben und am Abend in die andere Richtung. Innerhalb weniger Tage ist die gr&#246;&#223;te Sonnenblume (die derzeit noch so gro&#223; wie ich ist) bestimmt um 5 cm gewachsen. Aktuell ein t&#228;gliches Highlight f&#252;r die Kinder.<\/p>\n<p><img loading=\"lazy\" decoding=\"async\" class=\"alignnone size-full wp-image-45678\" src=\"https:\/\/www.heldenhaushalt.de\/sari02\/wp-content\/uploads\/2019\/07\/28-03.jpg\" alt=\"Wochenlieblinge\" width=\"1000\" height=\"733\" srcset=\"https:\/\/www.heldenhaushalt.de\/sari02\/wp-content\/uploads\/2019\/07\/28-03.jpg 1000w, https:\/\/www.heldenhaushalt.de\/sari02\/wp-content\/uploads\/2019\/07\/28-03-300x220.jpg 300w, https:\/\/www.heldenhaushalt.de\/sari02\/wp-content\/uploads\/2019\/07\/28-03-768x563.jpg 768w\" sizes=\"auto, (max-width: 1000px) 100vw, 1000px\" \/><\/p>\n<p><strong>02. Ferienaction &#8211;<\/strong> Die Kinder sind nun irgendwie im absoluten Ferienmodus angelangt. Und das, obwohl Faktor Papa nun fehlt, denn der ist ja inzwischen wieder arbeiten. Die Kinder liegen abends lange wach und lesen (!!!) gemeinsam B&#252;cher, bis der Kleine einschl&#228;ft, schlafen morgens lange aus und gammeln bis zum Mittag im Schlafanzug rum. Meist ist der gro&#223;e Sohn dann zum Fu&#223;ball spielen verabredet oder hat inzwischen auch wieder regul&#228;r Training und manchmal kommt der Nachbarsjunge rum und die spielen gemeinsam eine Runde. Wir d&#252;sen mit dem Fahrrad durch die Gegend und leben in den Tag hinein. Es wird sicher schwer bald wieder in die Schulroutine zur&#252;ck zu fallen. Aber bis dahin genie&#223;en wir die Tage, die ja jetzt nochmal so richtig sch&#246;n geworden sind.<\/p>\n<p><img loading=\"lazy\" decoding=\"async\" class=\"alignnone size-full wp-image-45679\" src=\"https:\/\/www.heldenhaushalt.de\/sari02\/wp-content\/uploads\/2019\/07\/28-04.jpg\" alt=\"Erfrischung\" width=\"1000\" height=\"703\" srcset=\"https:\/\/www.heldenhaushalt.de\/sari02\/wp-content\/uploads\/2019\/07\/28-04.jpg 1000w, https:\/\/www.heldenhaushalt.de\/sari02\/wp-content\/uploads\/2019\/07\/28-04-300x211.jpg 300w, https:\/\/www.heldenhaushalt.de\/sari02\/wp-content\/uploads\/2019\/07\/28-04-768x540.jpg 768w\" sizes=\"auto, (max-width: 1000px) 100vw, 1000px\" \/><\/p>\n<p><strong>03. Erfrischung im Pool &#8211;<\/strong> Nie ist man dankbarer f&#252;r so einen Pool im Garten wie bei &#252;ber 30 Grad im Schatten. Inzwischen ist das Wasser sogar soweit aufgew&#228;rmt, dass selbst ich schon reingeklettert bin, um mit dem Heldenkind seine <a href=\"https:\/\/www.amazon.de\/gp\/product\/B0002GTK9Y\/ref=as_li_tl?ie=UTF8&amp;camp=1638&amp;creative=6742&amp;creativeASIN=B0002GTK9Y&amp;linkCode=as2&amp;tag=mondgrasde-21&amp;linkId=5fce1c2167f75a904a83a38036f3ddd3\" target=\"_blank\" rel=\"nofollow noopener noreferrer\">neue Schwimmhilfe<\/a> <small>(Affiliate Link)<\/small> auszuprobieren. Die Dinger sind toll und er kann sich super damit selbst&#228;ndig im Wasser bewegen. Aber sie hinterlassen an den Oberarmen Abdr&#252;cke. Hat einer von euch Erfahrungen damit? Und der kleine hat definitiv keine dicken &#196;rmchen, eher das Gegenteil. Dennoch macht es Spa&#223; und man mag gar nicht rauskommen bei der Hitze. Und wenn doch, dann ist da ja noch der Rasensprenger! Wie geht ihr mit den Temperaturen um?<\/p>\n<p><img loading=\"lazy\" decoding=\"async\" class=\"alignnone size-full wp-image-45680\" src=\"https:\/\/www.heldenhaushalt.de\/sari02\/wp-content\/uploads\/2019\/07\/28-05.jpg\" alt=\"Curry Paste\" width=\"1000\" height=\"673\" srcset=\"https:\/\/www.heldenhaushalt.de\/sari02\/wp-content\/uploads\/2019\/07\/28-05.jpg 1000w, https:\/\/www.heldenhaushalt.de\/sari02\/wp-content\/uploads\/2019\/07\/28-05-300x202.jpg 300w, https:\/\/www.heldenhaushalt.de\/sari02\/wp-content\/uploads\/2019\/07\/28-05-768x517.jpg 768w\" sizes=\"auto, (max-width: 1000px) 100vw, 1000px\" \/><\/p>\n<p><strong>04. Kulinarische Entdeckung &#8211;<\/strong> Kein Jahr ohne eine&nbsp; neue Entdeckung f&#252;r Mamas Geschmacksnerven. Nachdem ich im letzten Jahr nun Rosenkohl, Zucchini und Spinat eine neue Chance gegeben hatte, habe ich nun beim letzten Einkauf mal Curry Paste mit in den Einkaufswagen gepackt. Neulich bei der N&#228;hfreundin beim Erlebniskochen bekam ich eine Idee davon, wie lecker die sein k&#246;nnte und dachte, ich probiere es einfach mal. Mein Favorit der Wochenlieblinge dieses Mal. Gestern mixte ich dann einen L&#246;ffel unter meine Pilzpfanne (mit Zucchini, etwas Hack und Rucola) und muss sagen: Der Geschmack macht echt was her. Yummy! Das wird nun &#246;fter versucht.<\/p>\n<p><img loading=\"lazy\" decoding=\"async\" class=\"alignnone size-full wp-image-45681\" src=\"https:\/\/www.heldenhaushalt.de\/sari02\/wp-content\/uploads\/2019\/07\/28-06.jpg\" alt=\"Wochenlieblinge\" width=\"1000\" height=\"688\" srcset=\"https:\/\/www.heldenhaushalt.de\/sari02\/wp-content\/uploads\/2019\/07\/28-06.jpg 1000w, https:\/\/www.heldenhaushalt.de\/sari02\/wp-content\/uploads\/2019\/07\/28-06-300x206.jpg 300w, https:\/\/www.heldenhaushalt.de\/sari02\/wp-content\/uploads\/2019\/07\/28-06-768x528.jpg 768w\" sizes=\"auto, (max-width: 1000px) 100vw, 1000px\" \/><\/p>\n<p><strong>05. Zahnlos Minka &#8211;<\/strong> &#8220;Das sagen meine Eltern immer zu mir&#8221;, sagte das M&#228;dchen aus der Fu&#223;ballmannschaft zum Minihelden, als dieser am Dienstag pl&#246;tzlich beim Training einen Wackelzahn verlor. Der zweite nun &#252;brigens schon, der beim Fu&#223;ball raus flog *lach*. Zu mir sagte mein Vater damals &#8220;H&#228;uptling fehlender Zahn&#8221; und ich trug neben meinem Federkranz den Namen mit Stolz. Immerhin war ich ein H&#228;uptling *lach*. Dieser fiese kleine Wackelzahn &#228;rgerte den Minihelden bereits seit Anfang Mai und Zack, pl&#246;tzlich war er drau&#223;en. Nur zwei Tage sp&#228;ter folgte der n&#228;chste Zahn direkt daneben. So schnell kann es manchmal gehen. Erst wartet man ewig darauf und dann geht es auf einmal Schlag auf Schlag. Da hatte <a href=\"https:\/\/www.heldenhaushalt.de\/sari02\/index.php\/2018\/09\/15\/die-sache-mit-der-zahnfee\/\">die Zahnfee ganz sch&#246;n zu tun<\/a>.<\/p>\n<h2>Unsere Wochenlieblinge aus der Blogsph&#228;re!<\/h2>\n<p>Sommerloch? Manche von euch kennen den Begriff gar nicht, oder? Dennoch finde ich, dass man der Blogsph&#228;re anmerkt, dass Urlaubsmodus angesagt ist. Einige sch&#246;ne Ideen konnte ich dennoch wieder f&#252;r euch zusammen sammeln: <a href=\"https:\/\/funkelfaden.de\/neu-videoanleitung-zur-funkelfaden-kosmetiktasche\/\" target=\"_blank\" rel=\"noopener noreferrer\">Videoanleitung f&#252;r eine Kosmetiktasche<\/a> &#8211; <a href=\"https:\/\/quatsch-matsch.de\/flatterbaelle-basteln-spiel-und-spass\/\" target=\"_blank\" rel=\"noopener noreferrer\">Flatterb&#228;lle basteln<\/a> &#8211; <a href=\"https:\/\/www.sabine-seyffert.de\/blog\/?p=14801\" target=\"_blank\" rel=\"noopener noreferrer\">Ananas Girlande mit Kartoffeldruck<\/a> &#8211; <a href=\"https:\/\/funkelfaden.de\/diy-aus-restholz-ein-hochbeete-im-garten-bauen\/\" target=\"_blank\" rel=\"noopener noreferrer\">Hochbeet aus Restholz<\/a> &#8211; <a href=\"https:\/\/quatsch-matsch.de\/spardose-aus-pet-flasche-upcycling-mit-kindern\/\" target=\"_blank\" rel=\"noopener noreferrer\">Spardose aus PET Flasche<\/a> &#8211; <a href=\"https:\/\/www.sabine-seyffert.de\/blog\/?p=14787\" target=\"_blank\" rel=\"noopener noreferrer\">selbst gemachter Kr&#228;uter Dip<\/a> und eine <a href=\"https:\/\/leelahloves.de\/2019\/07\/20\/diy-einhorn-pinata-fuer-den-kindergeburtstag\/\" target=\"_blank\" rel=\"noopener noreferrer\">Einhorn Pinata<\/a>.<\/p>\n<p>Nachdem nun das Fu&#223;ball-Training wieder begonnen hat, geht es auch am Wochenende f&#252;r uns wieder mit Fu&#223;ballalltag los und das erste Turnier sowie Blitzturnier erwartet uns. Das hei&#223;t viel Wasser und Essen einpacken, Schatten einkalkulieren und bereit sein um das beste zu geben. Denn es soll warm werden. Als Belohnung wartet dann der Pool und der Grill auf uns.<\/p>\n<p>Was waren eure Wochenlieblinge diese Woche? Erz&#228;hlt uns von euren Highlights!<\/p>\n","protected":false},"excerpt":{"rendered":"<p>Werbung (unbezahlt) \u2013&nbsp;Der folgende Artikel enth&#228;lt evtl. Bilder mit Produkten, die wir in unserem Alltag nutzen oder Linkempfehlungen. Wir haben keine Bezahlung f&#252;r das Zeigen oder Nutzen derselbigen erhalten. &#220;berthema der Wochenlieblinge diese Woche? Ist das waaaaarm!!! Aber ich finde das aktuell gar nicht schlimm. Das seltsame Herbstwetter der letzten beiden Wochen war schon etwas doof. Vor allem, wo die Kinder doch Ferien haben und man so gar nichts mit dem Tag und dem Wetter anzufangen wusste. So kann man wenigstens mit den Kindern schwimmen gehen oder unter dem Rasensprenger rumtoben. Gut&#8230; zur Mittagszeit wird es fast schon wieder zu warm, aber dann verbringen wir eben etwas Zeit drinnen und ich bin zudem motivierter es mal mit einem Salat zum Mittagessen zu versuchen. Wollte ich mir eh wieder &#246;fter zaubern und bei der Hitze f&#228;llt einem das deutlich leichter, nicht wahr? Unsere Wochenlieblinge diese Woche waren&#8230; 01. Riesen Sonnenblume &#8211; &#8220;Schau mal Mama&#8221;, sagt das Heldenkind am Montag zu mir, &#8220;diese Sonnenblume ist so gro&#223; wie ich und diese so gro&#223; wie du&#8221;. Dabei zeigt er auf zwei der ungef&#228;hr 10 Sonnenblumen, die die Kinder vor einigen Wochen angepflanzt haben. Inzwischen sind sie wirklich ordentlich gewachsen und zwei oder drei entwickeln nun die beliebten gro&#223;en K&#246;pfe. Es ist total faszinierend ihnen im Laufe des Tages dabei zuzuschauen, wie sie ihre K&#246;pfe immer Richtung Sonne ausrichten. So zeigen sie am Morgen noch zum Nachbarn, am Mittag recken sie sich gerade nach oben und am Abend in die andere Richtung. Innerhalb weniger Tage ist die gr&#246;&#223;te Sonnenblume (die derzeit noch so gro&#223; wie ich ist) bestimmt um 5 cm gewachsen. Aktuell ein t&#228;gliches Highlight f&#252;r die Kinder. 02. Ferienaction &#8211; Die Kinder sind nun irgendwie im absoluten Ferienmodus angelangt. Und das, obwohl Faktor Papa nun fehlt, denn der ist ja inzwischen wieder arbeiten. Die Kinder liegen abends lange wach und lesen (!!!) gemeinsam B&#252;cher, bis der Kleine einschl&#228;ft, schlafen morgens lange aus und gammeln bis zum Mittag im Schlafanzug rum. Meist ist der gro&#223;e Sohn dann zum Fu&#223;ball spielen verabredet oder hat inzwischen auch wieder regul&#228;r Training und manchmal kommt der Nachbarsjunge rum und die spielen gemeinsam eine Runde. Wir d&#252;sen mit dem Fahrrad durch die Gegend und leben in den Tag hinein. Es wird sicher schwer bald wieder in die Schulroutine zur&#252;ck zu fallen. Aber bis dahin genie&#223;en wir die Tage, die ja jetzt nochmal so richtig sch&#246;n geworden sind. 03. Erfrischung im Pool &#8211; Nie ist man dankbarer f&#252;r so einen Pool im Garten wie bei &#252;ber 30 Grad im Schatten. Inzwischen ist das Wasser sogar soweit aufgew&#228;rmt, dass selbst ich schon reingeklettert bin, um mit dem Heldenkind seine neue Schwimmhilfe (Affiliate Link) auszuprobieren. Die Dinger sind toll und er kann sich super damit selbst&#228;ndig im Wasser bewegen. Aber sie hinterlassen an den Oberarmen Abdr&#252;cke. Hat einer von euch Erfahrungen damit? Und der kleine hat definitiv keine dicken &#196;rmchen, eher das Gegenteil. Dennoch macht es Spa&#223; und man mag gar nicht rauskommen bei der Hitze. Und wenn doch, dann ist da ja noch der Rasensprenger! Wie geht ihr mit den Temperaturen um? 04. Kulinarische Entdeckung &#8211; Kein Jahr ohne eine&nbsp; neue Entdeckung f&#252;r Mamas Geschmacksnerven. Nachdem ich im letzten Jahr nun Rosenkohl, Zucchini und Spinat eine neue Chance gegeben hatte, habe ich nun beim letzten Einkauf mal Curry Paste mit in den Einkaufswagen gepackt. Neulich bei der N&#228;hfreundin beim Erlebniskochen bekam ich eine Idee davon, wie lecker die sein k&#246;nnte und dachte, ich probiere es einfach mal. Mein Favorit der Wochenlieblinge dieses Mal. Gestern mixte ich dann einen L&#246;ffel unter meine Pilzpfanne (mit Zucchini, etwas Hack und Rucola) und muss sagen: Der Geschmack macht echt was her. Yummy! Das wird nun &#246;fter versucht. 05. Zahnlos Minka &#8211; &#8220;Das sagen meine Eltern immer zu mir&#8221;, sagte das M&#228;dchen aus der Fu&#223;ballmannschaft zum Minihelden, als dieser am Dienstag pl&#246;tzlich beim Training einen Wackelzahn verlor. Der zweite nun &#252;brigens schon, der beim Fu&#223;ball raus flog *lach*. Zu mir sagte mein Vater damals &#8220;H&#228;uptling fehlender Zahn&#8221; und ich trug neben meinem Federkranz den Namen mit Stolz. Immerhin war ich ein H&#228;uptling *lach*. Dieser fiese kleine Wackelzahn &#228;rgerte den Minihelden bereits seit Anfang Mai und Zack, pl&#246;tzlich war er drau&#223;en. Nur zwei Tage sp&#228;ter folgte der n&#228;chste Zahn direkt daneben. So schnell kann es manchmal gehen. Erst wartet man ewig darauf und dann geht es auf einmal Schlag auf Schlag. Da hatte die Zahnfee ganz sch&#246;n zu tun. Unsere Wochenlieblinge aus der Blogsph&#228;re! Sommerloch? Manche von euch kennen den Begriff gar nicht, oder? Dennoch finde ich, dass man der Blogsph&#228;re anmerkt, dass Urlaubsmodus angesagt ist. Einige sch&#246;ne Ideen konnte ich dennoch wieder f&#252;r euch zusammen sammeln: Videoanleitung f&#252;r eine Kosmetiktasche &#8211; Flatterb&#228;lle basteln &#8211; Ananas Girlande mit Kartoffeldruck &#8211; Hochbeet aus Restholz &#8211; Spardose aus PET Flasche &#8211; selbst gemachter Kr&#228;uter Dip und eine Einhorn Pinata. Nachdem nun das Fu&#223;ball-Training wieder begonnen hat, geht es auch am Wochenende f&#252;r uns wieder mit Fu&#223;ballalltag los und das erste Turnier sowie Blitzturnier erwartet uns. Das hei&#223;t viel Wasser und Essen einpacken, Schatten einkalkulieren und bereit sein um das beste zu geben. Denn es soll warm werden. Als Belohnung wartet dann der Pool und der Grill auf uns. Was waren eure Wochenlieblinge diese Woche? Erz&#228;hlt uns von euren Highlights!<\/p>\n","protected":false},"author":1,"featured_media":45676,"comment_status":"open","ping_status":"open","sticky":false,"template":"","format":"standard","meta":{"ngg_post_thumbnail":0,"footnotes":""},"categories":[323,49],"tags":[780,781,45,69,2062,81,2041,2161],"class_list":["post-45675","post","type-post","status-publish","format-standard","has-post-thumbnail","hentry","category-alltag","category-blogspaehre","tag-freitags5","tag-freitagslieblinge","tag-alltag","tag-familie","tag-highlights","tag-kinder","tag-wackelzahn","tag-wochenlieblinge"],"yoast_head":"<!-- This site is optimized with the Yoast SEO plugin v27.5 - https:\/\/yoast.com\/product\/yoast-seo-wordpress\/ -->\n<title>Wochenlieblinge 28\/2019 - Absoluter Ferien-Sommer-Modus!<\/title>\n<meta name=\"description\" content=\"\u00dcberthema der Wochenlieblinge diese Woche? Ist das waaaaarm!!! Aber ich finde das aktuell gar nicht schlimm.\" \/>\n<meta name=\"robots\" content=\"index, follow, max-snippet:-1, max-image-preview:large, max-video-preview:-1\" \/>\n<link rel=\"canonical\" href=\"https:\/\/www.heldenhaushalt.de\/sari02\/index.php\/2019\/07\/26\/wochenlieblinge-282019\/\" \/>\n<meta property=\"og:locale\" content=\"de_DE\" \/>\n<meta property=\"og:type\" content=\"article\" \/>\n<meta property=\"og:title\" content=\"Wochenlieblinge 28\/2019 - Absoluter Ferien-Sommer-Modus!\" \/>\n<meta property=\"og:description\" content=\"\u00dcberthema der Wochenlieblinge diese Woche? Ist das waaaaarm!!! Aber ich finde das aktuell gar nicht schlimm.\" \/>\n<meta property=\"og:url\" content=\"https:\/\/www.heldenhaushalt.de\/sari02\/index.php\/2019\/07\/26\/wochenlieblinge-282019\/\" \/>\n<meta property=\"og:site_name\" content=\"Heldenhaushalt\" \/>\n<meta property=\"article:published_time\" content=\"2019-07-26T07:38:23+00:00\" \/>\n<meta property=\"og:image\" content=\"https:\/\/www.heldenhaushalt.de\/sari02\/wp-content\/uploads\/2019\/07\/28-01.jpg\" \/>\n\t<meta property=\"og:image:width\" content=\"1000\" \/>\n\t<meta property=\"og:image:height\" content=\"726\" \/>\n\t<meta property=\"og:image:type\" content=\"image\/jpeg\" \/>\n<meta name=\"author\" content=\"Sari\" \/>\n<meta name=\"twitter:card\" content=\"summary_large_image\" \/>\n<meta name=\"twitter:creator\" content=\"@Heldenhaushalt\" \/>\n<meta name=\"twitter:site\" content=\"@Heldenhaushalt\" \/>\n<meta name=\"twitter:label1\" content=\"Verfasst von\" \/>\n\t<meta name=\"twitter:data1\" content=\"Sari\" \/>\n\t<meta name=\"twitter:label2\" content=\"Gesch\u00e4tzte Lesezeit\" \/>\n\t<meta name=\"twitter:data2\" content=\"5\u00a0Minuten\" \/>\n<script type=\"application\/ld+json\" class=\"yoast-schema-graph\">{\"@context\":\"https:\\\/\\\/schema.org\",\"@graph\":[{\"@type\":\"Article\",\"@id\":\"https:\\\/\\\/www.heldenhaushalt.de\\\/sari02\\\/index.php\\\/2019\\\/07\\\/26\\\/wochenlieblinge-282019\\\/#article\",\"isPartOf\":{\"@id\":\"https:\\\/\\\/www.heldenhaushalt.de\\\/sari02\\\/index.php\\\/2019\\\/07\\\/26\\\/wochenlieblinge-282019\\\/\"},\"author\":{\"name\":\"Sari\",\"@id\":\"https:\\\/\\\/www.heldenhaushalt.de\\\/sari02\\\/#\\\/schema\\\/person\\\/a1cc69f42a01f412eb62c151353814f6\"},\"headline\":\"Wochenlieblinge 28\\\/2019 &#8211; Absoluter Ferien-Sommer-Modus!\",\"datePublished\":\"2019-07-26T07:38:23+00:00\",\"mainEntityOfPage\":{\"@id\":\"https:\\\/\\\/www.heldenhaushalt.de\\\/sari02\\\/index.php\\\/2019\\\/07\\\/26\\\/wochenlieblinge-282019\\\/\"},\"wordCount\":918,\"commentCount\":0,\"publisher\":{\"@id\":\"https:\\\/\\\/www.heldenhaushalt.de\\\/sari02\\\/#\\\/schema\\\/person\\\/a1cc69f42a01f412eb62c151353814f6\"},\"image\":{\"@id\":\"https:\\\/\\\/www.heldenhaushalt.de\\\/sari02\\\/index.php\\\/2019\\\/07\\\/26\\\/wochenlieblinge-282019\\\/#primaryimage\"},\"thumbnailUrl\":\"https:\\\/\\\/www.heldenhaushalt.de\\\/sari02\\\/wp-content\\\/uploads\\\/2019\\\/07\\\/28-01.jpg\",\"keywords\":[\"#Freitags5\",\"#Freitagslieblinge\",\"Allt\u00e4glich\",\"Familie\",\"Highlights\",\"Kinder\",\"Wackelzahn\",\"Wochenlieblinge\"],\"articleSection\":[\"Alltagschaos\",\"Blogsph\u00e4re\"],\"inLanguage\":\"de\",\"potentialAction\":[{\"@type\":\"CommentAction\",\"name\":\"Comment\",\"target\":[\"https:\\\/\\\/www.heldenhaushalt.de\\\/sari02\\\/index.php\\\/2019\\\/07\\\/26\\\/wochenlieblinge-282019\\\/#respond\"]}]},{\"@type\":\"WebPage\",\"@id\":\"https:\\\/\\\/www.heldenhaushalt.de\\\/sari02\\\/index.php\\\/2019\\\/07\\\/26\\\/wochenlieblinge-282019\\\/\",\"url\":\"https:\\\/\\\/www.heldenhaushalt.de\\\/sari02\\\/index.php\\\/2019\\\/07\\\/26\\\/wochenlieblinge-282019\\\/\",\"name\":\"Wochenlieblinge 28\\\/2019 - Absoluter Ferien-Sommer-Modus!\",\"isPartOf\":{\"@id\":\"https:\\\/\\\/www.heldenhaushalt.de\\\/sari02\\\/#website\"},\"primaryImageOfPage\":{\"@id\":\"https:\\\/\\\/www.heldenhaushalt.de\\\/sari02\\\/index.php\\\/2019\\\/07\\\/26\\\/wochenlieblinge-282019\\\/#primaryimage\"},\"image\":{\"@id\":\"https:\\\/\\\/www.heldenhaushalt.de\\\/sari02\\\/index.php\\\/2019\\\/07\\\/26\\\/wochenlieblinge-282019\\\/#primaryimage\"},\"thumbnailUrl\":\"https:\\\/\\\/www.heldenhaushalt.de\\\/sari02\\\/wp-content\\\/uploads\\\/2019\\\/07\\\/28-01.jpg\",\"datePublished\":\"2019-07-26T07:38:23+00:00\",\"description\":\"\u00dcberthema der Wochenlieblinge diese Woche? Ist das waaaaarm!!! Aber ich finde das aktuell gar nicht schlimm.\",\"breadcrumb\":{\"@id\":\"https:\\\/\\\/www.heldenhaushalt.de\\\/sari02\\\/index.php\\\/2019\\\/07\\\/26\\\/wochenlieblinge-282019\\\/#breadcrumb\"},\"inLanguage\":\"de\",\"potentialAction\":[{\"@type\":\"ReadAction\",\"target\":[\"https:\\\/\\\/www.heldenhaushalt.de\\\/sari02\\\/index.php\\\/2019\\\/07\\\/26\\\/wochenlieblinge-282019\\\/\"]}]},{\"@type\":\"ImageObject\",\"inLanguage\":\"de\",\"@id\":\"https:\\\/\\\/www.heldenhaushalt.de\\\/sari02\\\/index.php\\\/2019\\\/07\\\/26\\\/wochenlieblinge-282019\\\/#primaryimage\",\"url\":\"https:\\\/\\\/www.heldenhaushalt.de\\\/sari02\\\/wp-content\\\/uploads\\\/2019\\\/07\\\/28-01.jpg\",\"contentUrl\":\"https:\\\/\\\/www.heldenhaushalt.de\\\/sari02\\\/wp-content\\\/uploads\\\/2019\\\/07\\\/28-01.jpg\",\"width\":1000,\"height\":726,\"caption\":\"Wochenlieblinge\"},{\"@type\":\"BreadcrumbList\",\"@id\":\"https:\\\/\\\/www.heldenhaushalt.de\\\/sari02\\\/index.php\\\/2019\\\/07\\\/26\\\/wochenlieblinge-282019\\\/#breadcrumb\",\"itemListElement\":[{\"@type\":\"ListItem\",\"position\":1,\"name\":\"Startseite\",\"item\":\"https:\\\/\\\/www.heldenhaushalt.de\\\/sari02\\\/\"},{\"@type\":\"ListItem\",\"position\":2,\"name\":\"Wochenlieblinge 28\\\/2019 &#8211; Absoluter Ferien-Sommer-Modus!\"}]},{\"@type\":\"WebSite\",\"@id\":\"https:\\\/\\\/www.heldenhaushalt.de\\\/sari02\\\/#website\",\"url\":\"https:\\\/\\\/www.heldenhaushalt.de\\\/sari02\\\/\",\"name\":\"Heldenhaushalt\",\"description\":\"Wer es ordentlich haben will, der muss vorher anrufen\",\"publisher\":{\"@id\":\"https:\\\/\\\/www.heldenhaushalt.de\\\/sari02\\\/#\\\/schema\\\/person\\\/a1cc69f42a01f412eb62c151353814f6\"},\"potentialAction\":[{\"@type\":\"SearchAction\",\"target\":{\"@type\":\"EntryPoint\",\"urlTemplate\":\"https:\\\/\\\/www.heldenhaushalt.de\\\/sari02\\\/?s={search_term_string}\"},\"query-input\":{\"@type\":\"PropertyValueSpecification\",\"valueRequired\":true,\"valueName\":\"search_term_string\"}}],\"inLanguage\":\"de\"},{\"@type\":[\"Person\",\"Organization\"],\"@id\":\"https:\\\/\\\/www.heldenhaushalt.de\\\/sari02\\\/#\\\/schema\\\/person\\\/a1cc69f42a01f412eb62c151353814f6\",\"name\":\"Sari\",\"image\":{\"@type\":\"ImageObject\",\"inLanguage\":\"de\",\"@id\":\"https:\\\/\\\/www.heldenhaushalt.de\\\/sari02\\\/wp-content\\\/uploads\\\/2019\\\/02\\\/sari-april2018.png\",\"url\":\"https:\\\/\\\/www.heldenhaushalt.de\\\/sari02\\\/wp-content\\\/uploads\\\/2019\\\/02\\\/sari-april2018.png\",\"contentUrl\":\"https:\\\/\\\/www.heldenhaushalt.de\\\/sari02\\\/wp-content\\\/uploads\\\/2019\\\/02\\\/sari-april2018.png\",\"width\":500,\"height\":500,\"caption\":\"Sari\"},\"logo\":{\"@id\":\"https:\\\/\\\/www.heldenhaushalt.de\\\/sari02\\\/wp-content\\\/uploads\\\/2019\\\/02\\\/sari-april2018.png\"},\"description\":\"Frau Mondgras \u2013 Das bin ich, Sari. Gerne auch als Sari Mondgras bekannt und im Internet zu finden. 2-Fach-Mutter, Heldenehefrau, Kreativling, Harmonies\u00fcchtig und st\u00e4ndig auf der Suche nach Gl\u00fcck. Ich komme aus Berlin, bin hier aufgewachsen und lebe hier seit ich denken kann.\",\"sameAs\":[\"https:\\\/\\\/www.instagram.com\\\/heldenhaushalt\\\/\"],\"url\":\"https:\\\/\\\/www.heldenhaushalt.de\\\/sari02\\\/index.php\\\/author\\\/admin\\\/\"}]}<\/script>\n<!-- \/ Yoast SEO plugin. -->","yoast_head_json":{"title":"Wochenlieblinge 28\/2019 - Absoluter Ferien-Sommer-Modus!","description":"\u00dcberthema der Wochenlieblinge diese Woche? Ist das waaaaarm!!! Aber ich finde das aktuell gar nicht schlimm.","robots":{"index":"index","follow":"follow","max-snippet":"max-snippet:-1","max-image-preview":"max-image-preview:large","max-video-preview":"max-video-preview:-1"},"canonical":"https:\/\/www.heldenhaushalt.de\/sari02\/index.php\/2019\/07\/26\/wochenlieblinge-282019\/","og_locale":"de_DE","og_type":"article","og_title":"Wochenlieblinge 28\/2019 - Absoluter Ferien-Sommer-Modus!","og_description":"\u00dcberthema der Wochenlieblinge diese Woche? Ist das waaaaarm!!! Aber ich finde das aktuell gar nicht schlimm.","og_url":"https:\/\/www.heldenhaushalt.de\/sari02\/index.php\/2019\/07\/26\/wochenlieblinge-282019\/","og_site_name":"Heldenhaushalt","article_published_time":"2019-07-26T07:38:23+00:00","og_image":[{"width":1000,"height":726,"url":"https:\/\/www.heldenhaushalt.de\/sari02\/wp-content\/uploads\/2019\/07\/28-01.jpg","type":"image\/jpeg"}],"author":"Sari","twitter_card":"summary_large_image","twitter_creator":"@Heldenhaushalt","twitter_site":"@Heldenhaushalt","twitter_misc":{"Verfasst von":"Sari","Gesch\u00e4tzte Lesezeit":"5\u00a0Minuten"},"schema":{"@context":"https:\/\/schema.org","@graph":[{"@type":"Article","@id":"https:\/\/www.heldenhaushalt.de\/sari02\/index.php\/2019\/07\/26\/wochenlieblinge-282019\/#article","isPartOf":{"@id":"https:\/\/www.heldenhaushalt.de\/sari02\/index.php\/2019\/07\/26\/wochenlieblinge-282019\/"},"author":{"name":"Sari","@id":"https:\/\/www.heldenhaushalt.de\/sari02\/#\/schema\/person\/a1cc69f42a01f412eb62c151353814f6"},"headline":"Wochenlieblinge 28\/2019 &#8211; Absoluter Ferien-Sommer-Modus!","datePublished":"2019-07-26T07:38:23+00:00","mainEntityOfPage":{"@id":"https:\/\/www.heldenhaushalt.de\/sari02\/index.php\/2019\/07\/26\/wochenlieblinge-282019\/"},"wordCount":918,"commentCount":0,"publisher":{"@id":"https:\/\/www.heldenhaushalt.de\/sari02\/#\/schema\/person\/a1cc69f42a01f412eb62c151353814f6"},"image":{"@id":"https:\/\/www.heldenhaushalt.de\/sari02\/index.php\/2019\/07\/26\/wochenlieblinge-282019\/#primaryimage"},"thumbnailUrl":"https:\/\/www.heldenhaushalt.de\/sari02\/wp-content\/uploads\/2019\/07\/28-01.jpg","keywords":["#Freitags5","#Freitagslieblinge","Allt\u00e4glich","Familie","Highlights","Kinder","Wackelzahn","Wochenlieblinge"],"articleSection":["Alltagschaos","Blogsph\u00e4re"],"inLanguage":"de","potentialAction":[{"@type":"CommentAction","name":"Comment","target":["https:\/\/www.heldenhaushalt.de\/sari02\/index.php\/2019\/07\/26\/wochenlieblinge-282019\/#respond"]}]},{"@type":"WebPage","@id":"https:\/\/www.heldenhaushalt.de\/sari02\/index.php\/2019\/07\/26\/wochenlieblinge-282019\/","url":"https:\/\/www.heldenhaushalt.de\/sari02\/index.php\/2019\/07\/26\/wochenlieblinge-282019\/","name":"Wochenlieblinge 28\/2019 - Absoluter Ferien-Sommer-Modus!","isPartOf":{"@id":"https:\/\/www.heldenhaushalt.de\/sari02\/#website"},"primaryImageOfPage":{"@id":"https:\/\/www.heldenhaushalt.de\/sari02\/index.php\/2019\/07\/26\/wochenlieblinge-282019\/#primaryimage"},"image":{"@id":"https:\/\/www.heldenhaushalt.de\/sari02\/index.php\/2019\/07\/26\/wochenlieblinge-282019\/#primaryimage"},"thumbnailUrl":"https:\/\/www.heldenhaushalt.de\/sari02\/wp-content\/uploads\/2019\/07\/28-01.jpg","datePublished":"2019-07-26T07:38:23+00:00","description":"\u00dcberthema der Wochenlieblinge diese Woche? Ist das waaaaarm!!! Aber ich finde das aktuell gar nicht schlimm.","breadcrumb":{"@id":"https:\/\/www.heldenhaushalt.de\/sari02\/index.php\/2019\/07\/26\/wochenlieblinge-282019\/#breadcrumb"},"inLanguage":"de","potentialAction":[{"@type":"ReadAction","target":["https:\/\/www.heldenhaushalt.de\/sari02\/index.php\/2019\/07\/26\/wochenlieblinge-282019\/"]}]},{"@type":"ImageObject","inLanguage":"de","@id":"https:\/\/www.heldenhaushalt.de\/sari02\/index.php\/2019\/07\/26\/wochenlieblinge-282019\/#primaryimage","url":"https:\/\/www.heldenhaushalt.de\/sari02\/wp-content\/uploads\/2019\/07\/28-01.jpg","contentUrl":"https:\/\/www.heldenhaushalt.de\/sari02\/wp-content\/uploads\/2019\/07\/28-01.jpg","width":1000,"height":726,"caption":"Wochenlieblinge"},{"@type":"BreadcrumbList","@id":"https:\/\/www.heldenhaushalt.de\/sari02\/index.php\/2019\/07\/26\/wochenlieblinge-282019\/#breadcrumb","itemListElement":[{"@type":"ListItem","position":1,"name":"Startseite","item":"https:\/\/www.heldenhaushalt.de\/sari02\/"},{"@type":"ListItem","position":2,"name":"Wochenlieblinge 28\/2019 &#8211; Absoluter Ferien-Sommer-Modus!"}]},{"@type":"WebSite","@id":"https:\/\/www.heldenhaushalt.de\/sari02\/#website","url":"https:\/\/www.heldenhaushalt.de\/sari02\/","name":"Heldenhaushalt","description":"Wer es ordentlich haben will, der muss vorher anrufen","publisher":{"@id":"https:\/\/www.heldenhaushalt.de\/sari02\/#\/schema\/person\/a1cc69f42a01f412eb62c151353814f6"},"potentialAction":[{"@type":"SearchAction","target":{"@type":"EntryPoint","urlTemplate":"https:\/\/www.heldenhaushalt.de\/sari02\/?s={search_term_string}"},"query-input":{"@type":"PropertyValueSpecification","valueRequired":true,"valueName":"search_term_string"}}],"inLanguage":"de"},{"@type":["Person","Organization"],"@id":"https:\/\/www.heldenhaushalt.de\/sari02\/#\/schema\/person\/a1cc69f42a01f412eb62c151353814f6","name":"Sari","image":{"@type":"ImageObject","inLanguage":"de","@id":"https:\/\/www.heldenhaushalt.de\/sari02\/wp-content\/uploads\/2019\/02\/sari-april2018.png","url":"https:\/\/www.heldenhaushalt.de\/sari02\/wp-content\/uploads\/2019\/02\/sari-april2018.png","contentUrl":"https:\/\/www.heldenhaushalt.de\/sari02\/wp-content\/uploads\/2019\/02\/sari-april2018.png","width":500,"height":500,"caption":"Sari"},"logo":{"@id":"https:\/\/www.heldenhaushalt.de\/sari02\/wp-content\/uploads\/2019\/02\/sari-april2018.png"},"description":"Frau Mondgras \u2013 Das bin ich, Sari. Gerne auch als Sari Mondgras bekannt und im Internet zu finden. 2-Fach-Mutter, Heldenehefrau, Kreativling, Harmonies\u00fcchtig und st\u00e4ndig auf der Suche nach Gl\u00fcck. Ich komme aus Berlin, bin hier aufgewachsen und lebe hier seit ich denken kann.","sameAs":["https:\/\/www.instagram.com\/heldenhaushalt\/"],"url":"https:\/\/www.heldenhaushalt.de\/sari02\/index.php\/author\/admin\/"}]}},"views":2020,"_links":{"self":[{"href":"https:\/\/www.heldenhaushalt.de\/sari02\/index.php\/wp-json\/wp\/v2\/posts\/45675","targetHints":{"allow":["GET"]}}],"collection":[{"href":"https:\/\/www.heldenhaushalt.de\/sari02\/index.php\/wp-json\/wp\/v2\/posts"}],"about":[{"href":"https:\/\/www.heldenhaushalt.de\/sari02\/index.php\/wp-json\/wp\/v2\/types\/post"}],"author":[{"embeddable":true,"href":"https:\/\/www.heldenhaushalt.de\/sari02\/index.php\/wp-json\/wp\/v2\/users\/1"}],"replies":[{"embeddable":true,"href":"https:\/\/www.heldenhaushalt.de\/sari02\/index.php\/wp-json\/wp\/v2\/comments?post=45675"}],"version-history":[{"count":2,"href":"https:\/\/www.heldenhaushalt.de\/sari02\/index.php\/wp-json\/wp\/v2\/posts\/45675\/revisions"}],"predecessor-version":[{"id":45683,"href":"https:\/\/www.heldenhaushalt.de\/sari02\/index.php\/wp-json\/wp\/v2\/posts\/45675\/revisions\/45683"}],"wp:featuredmedia":[{"embeddable":true,"href":"https:\/\/www.heldenhaushalt.de\/sari02\/index.php\/wp-json\/wp\/v2\/media\/45676"}],"wp:attachment":[{"href":"https:\/\/www.heldenhaushalt.de\/sari02\/index.php\/wp-json\/wp\/v2\/media?parent=45675"}],"wp:term":[{"taxonomy":"category","embeddable":true,"href":"https:\/\/www.heldenhaushalt.de\/sari02\/index.php\/wp-json\/wp\/v2\/categories?post=45675"},{"taxonomy":"post_tag","embeddable":true,"href":"https:\/\/www.heldenhaushalt.de\/sari02\/index.php\/wp-json\/wp\/v2\/tags?post=45675"}],"curies":[{"name":"wp","href":"https:\/\/api.w.org\/{rel}","templated":true}]}}