{"id":46058,"date":"2019-09-13T09:38:09","date_gmt":"2019-09-13T07:38:09","guid":{"rendered":"https:\/\/www.heldenhaushalt.de\/sari02\/?p=46058"},"modified":"2019-09-12T11:56:20","modified_gmt":"2019-09-12T09:56:20","slug":"wochenlieblinge-352019","status":"publish","type":"post","link":"https:\/\/www.heldenhaushalt.de\/sari02\/index.php\/2019\/09\/13\/wochenlieblinge-352019\/","title":{"rendered":"Wochenlieblinge 35\/2019 &#8211; Hallo geliebter Herbst!"},"content":{"rendered":"<p><small>Werbung (unbezahlt) \u2013 Der folgende Artikel &#252;ber unsere Wochenlieblinge enth&#228;lt evtl. Bilder mit Produkten, die wir in unserem Alltag nutzen oder Linkempfehlungen. Wir haben keine Bezahlung f&#252;r das Zeigen oder Nutzen derselbigen erhalten.<\/small><\/p>\n<p>Hachja, ich f&#252;hl mich wohl in diesem Wetter derzeit. Ihr auch? Recht voll war die Woche dieses Mal wieder und einiges stand an, so dass wir eigentlich mal wieder t&#228;glich unterwegs waren. Da beide Kinder aber wieder halbwegs fit sind, konnte der Alltag wieder etwas normaler von statten gehen&#8230;<\/p>\n<h2>Unsere Wochenlieblinge&#8230;<\/h2>\n<p><img loading=\"lazy\" decoding=\"async\" class=\"alignnone size-full wp-image-46060\" src=\"https:\/\/www.heldenhaushalt.de\/sari02\/wp-content\/uploads\/2019\/09\/35-01.jpg\" alt=\"Wochenlieblinge\" width=\"1000\" height=\"696\" srcset=\"https:\/\/www.heldenhaushalt.de\/sari02\/wp-content\/uploads\/2019\/09\/35-01.jpg 1000w, https:\/\/www.heldenhaushalt.de\/sari02\/wp-content\/uploads\/2019\/09\/35-01-300x209.jpg 300w, https:\/\/www.heldenhaushalt.de\/sari02\/wp-content\/uploads\/2019\/09\/35-01-768x535.jpg 768w\" sizes=\"auto, (max-width: 1000px) 100vw, 1000px\" \/><\/p>\n<p><strong>01. Mildes Fr&#252;hlingswetter &#8211;<\/strong> Wenn ich morgens das Haus verlasse, ist es bereits ganz sch&#246;n frisch und ich freue mich, dass meine gelbe Jacke nun &#246;fter zum Einsatz kommt. Ich liebe sie, auch wenn sie morgens fast schon manchmal etwas zu d&#252;nn ist. Daf&#252;r ist sie aber f&#252;r tags&#252;ber genau richtig. Manche Tage diese Woche waren ja fast noch einmal sommerlich, aber man merkt schon, dass sich die Luft ver&#228;ndert hat. Ich mag das. Es ist meist sonnig und mild, ein L&#252;ftchen weht einem um die Nase und man kann sich dennoch kuschelig anziehen. So darf es nun bitte ein bisschen bleiben.<\/p>\n<p><img loading=\"lazy\" decoding=\"async\" class=\"alignnone size-full wp-image-46061\" src=\"https:\/\/www.heldenhaushalt.de\/sari02\/wp-content\/uploads\/2019\/09\/35-02.jpg\" alt=\"Wochenlieblinge\" width=\"1000\" height=\"731\" srcset=\"https:\/\/www.heldenhaushalt.de\/sari02\/wp-content\/uploads\/2019\/09\/35-02.jpg 1000w, https:\/\/www.heldenhaushalt.de\/sari02\/wp-content\/uploads\/2019\/09\/35-02-300x219.jpg 300w, https:\/\/www.heldenhaushalt.de\/sari02\/wp-content\/uploads\/2019\/09\/35-02-768x561.jpg 768w\" sizes=\"auto, (max-width: 1000px) 100vw, 1000px\" \/><\/p>\n<p><strong>02. Zwei kleine Roboter &#8211;<\/strong> Wie ihr ja wisst, waren wir <a href=\"https:\/\/www.heldenhaushalt.de\/sari02\/index.php\/2019\/09\/09\/unser-wib-am-07-08-09-2019\/\">am vergangenen Wochenende<\/a> mit den Kindern im Kino. Dabei wurden sie zu gro&#223;en Fans von diesem kleinen Freund hier. Da wir aber kein ganzes Set kaufen wollten, versuchten wir unser Gl&#252;ck mit <a href=\"https:\/\/www.amazon.de\/gp\/product\/B07TXQSLBD\/ref=as_li_tl?ie=UTF8&amp;camp=1638&amp;creative=6742&amp;creativeASIN=B07TXQSLBD&amp;linkCode=as2&amp;tag=mondgrasde-21&amp;linkId=035613e6f4504780eb320e306c8e97cd\" target=\"_blank\" rel=\"nofollow noopener noreferrer\">diesen Figuren &#8211; T&#252;ten<\/a> (Affiliate Link). Den Roboter zu ertasten, sollte doch eigentlich ein Kinderspiel sein, oder? Nun stellt euch folgende Situation vor: Zwei Erwachsene und zwei Kinder stehen um so einen Beh&#228;lter herum und tasten massig T&#252;ten ab, in der Hoffnung, zwei dieser Roboter zu finden, damit beide Kinder happy sind. Wie ihr sehen k&#246;nnt, hatten wir Erfolg.<\/p>\n<p><img loading=\"lazy\" decoding=\"async\" class=\"alignnone size-full wp-image-46062\" src=\"https:\/\/www.heldenhaushalt.de\/sari02\/wp-content\/uploads\/2019\/09\/35-03.jpg\" alt=\"Wochenlieblinge\" width=\"1000\" height=\"744\" srcset=\"https:\/\/www.heldenhaushalt.de\/sari02\/wp-content\/uploads\/2019\/09\/35-03.jpg 1000w, https:\/\/www.heldenhaushalt.de\/sari02\/wp-content\/uploads\/2019\/09\/35-03-300x223.jpg 300w, https:\/\/www.heldenhaushalt.de\/sari02\/wp-content\/uploads\/2019\/09\/35-03-768x571.jpg 768w\" sizes=\"auto, (max-width: 1000px) 100vw, 1000px\" \/><\/p>\n<p><strong>03. Experiment St&#228;bchen &#8211;<\/strong> Auf meiner To-Do Liste f&#252;r mein n&#228;chstes Lebensjahr steht ja unter anderem auch, dass ich gerne lernen m&#246;chte mit St&#228;bchen zu essen. Das bin ich diese Woche mal angegangen. Ich verstehe irgendwie schon mal, wie es geht, stelle mich aber immer noch ganz sch&#246;n doof dabei an. Na mal sehen, wie das wird. Hat jemand Tipps f&#252;r mich?<\/p>\n<p><img loading=\"lazy\" decoding=\"async\" class=\"alignnone size-full wp-image-46063\" src=\"https:\/\/www.heldenhaushalt.de\/sari02\/wp-content\/uploads\/2019\/09\/35-04.jpg\" alt=\"Wochenlieblinge\" width=\"1000\" height=\"714\" srcset=\"https:\/\/www.heldenhaushalt.de\/sari02\/wp-content\/uploads\/2019\/09\/35-04.jpg 1000w, https:\/\/www.heldenhaushalt.de\/sari02\/wp-content\/uploads\/2019\/09\/35-04-300x214.jpg 300w, https:\/\/www.heldenhaushalt.de\/sari02\/wp-content\/uploads\/2019\/09\/35-04-768x548.jpg 768w\" sizes=\"auto, (max-width: 1000px) 100vw, 1000px\" \/><\/p>\n<p><strong>04. Kastanien &#8211; Jackpot &#8211;<\/strong> Noch sind es nicht viele Kastanien, die da runter fallen und die meisten sind auch innen noch nicht so sch&#246;n braun, wie wir es lieben, dennoch freuen sich die Kinder &#252;ber jede einzelne, die wir finden und die Taschen der Jacken f&#252;llen sich langsam wieder damit t&#228;glich. Da wundert es keinen, dass sie sich sehr &#252;ber diesen Jackpot freuten, den wir da auf dem Foto f&#252;r euch festgehalten haben.<\/p>\n<p><img loading=\"lazy\" decoding=\"async\" class=\"alignnone size-full wp-image-46064\" src=\"https:\/\/www.heldenhaushalt.de\/sari02\/wp-content\/uploads\/2019\/09\/35-05.jpg\" alt=\"Wochenlieblinge\" width=\"1000\" height=\"695\" srcset=\"https:\/\/www.heldenhaushalt.de\/sari02\/wp-content\/uploads\/2019\/09\/35-05.jpg 1000w, https:\/\/www.heldenhaushalt.de\/sari02\/wp-content\/uploads\/2019\/09\/35-05-300x209.jpg 300w, https:\/\/www.heldenhaushalt.de\/sari02\/wp-content\/uploads\/2019\/09\/35-05-768x534.jpg 768w\" sizes=\"auto, (max-width: 1000px) 100vw, 1000px\" \/><\/p>\n<p><strong>05. Auf der Suche nach einem guten Rhythmus &#8211;<\/strong> Das sind wir derzeit noch. Die Zeiten vom Schulstundenplan und der Kita passen dieses Schuljahr irgendwie nicht ganz zusammen. Entweder der eine hat etwas Wartezeit oder der andere. Da fuchsen wir uns gerade ein bisschen rein und versuchen die perfekte L&#246;sung zu finden. Bei dem sch&#246;nen Wetter w&#228;hlen wir derzeit die Wartezeit f&#252;r das Heldenkind, die wir mit Naturerkundungen und Spielplatzbesuchen &#252;berbr&#252;cken. Mal sehen, wie wir das dann bei schlechterem Wetter machen. Aber bisher sind beide Kinder mit der L&#246;sung sehr zufrieden. Wie macht ihr das?<\/p>\n<h2>Unsere Wochenlieblinge aus der Blogsph&#228;re!<\/h2>\n<p>Langsam &#252;berlege ich, was ich mit den Kindern mal wieder sch&#246;nes basteln k&#246;nnte. Vielleicht ein bisschen Deko f&#252;r das Kinderzimmerfenster? Hier findet ihr ein paar tolle Ideen diese Woche: <a href=\"https:\/\/quatsch-matsch.de\/bunter-herbstbaum-aus-pappteller-basteln-im-herbst\/\" target=\"_blank\" rel=\"noopener noreferrer\">Herbstbaum aus Pappteller<\/a> &#8211; <a href=\"https:\/\/www.tollabea.de\/regenbogen-blumenvase-aus-eisstielen-eine-einfache-bastelei-sommerende\/\" target=\"_blank\" rel=\"noopener noreferrer\">Regenbogen Blumenvase<\/a> &#8211; <a href=\"https:\/\/meinfeenstaub.com\/lightroom-shortcuts\/\" target=\"_blank\" rel=\"noopener noreferrer\">Foto Tipps mit Lightroom<\/a> &#8211; <a href=\"https:\/\/quatsch-matsch.de\/bunter-igel-aus-pappteller-basteln-basteln-im-herbst\/\" target=\"_blank\" rel=\"noopener noreferrer\">Bunter Igel aus Pappteller<\/a> &#8211; <a href=\"https:\/\/funkelfaden.de\/gartentisch-mit-nachhaltiger-oelfarbe-anmalen\/\" target=\"_blank\" rel=\"noopener noreferrer\">Gartenm&#246;bel mit &#214;lfarbe selber streichen<\/a> &#8211; <a href=\"https:\/\/www.mamahoch2.de\/2019\/09\/einfache-bauanleitung-fuer-eine-diy-vogelscheuche.html\" target=\"_blank\" rel=\"noopener noreferrer\">DIY Vogelscheuche<\/a> &#8211; <a href=\"https:\/\/quatsch-matsch.de\/kunterbuntes-herbst-blaetter-bild-basteln-im-herbst\/\" target=\"_blank\" rel=\"noopener noreferrer\">Buntes Herbstbl&#228;tter Bild<\/a> &#8211; <a href=\"https:\/\/www.lybstes.de\/2019\/09\/06\/freebook-das-tanktop-f%C3%BCr-uns-gr-36-50\/\" target=\"_blank\" rel=\"noopener noreferrer\">Freebook Tanktop n&#228;hen<\/a> &#8211; <a href=\"http:\/\/alovelyjourney.com\/2019\/09\/mathe-in-der-grundschule-hunderterbrett-rechenhilfe-kostenlos-ausdrucken.html\" target=\"_blank\" rel=\"noopener noreferrer\">Rechenhilfe kostenlos ausdrucken<\/a> &#8211; <a href=\"https:\/\/www.mamahoch2.de\/2019\/09\/naehe-einen-schlueppi-fuer-jungs-mit-videoanleitung.html\" target=\"_blank\" rel=\"noopener noreferrer\">Unterhose f&#252;r Kinder n&#228;hen<\/a>.<\/p>\n<p>Hachja, n&#228;hen m&#246;chte ich auch unbedingt mal wieder. Der kleine gro&#223;e Sohn braucht neue Hosen. Was waren eure Wochenlieblinge diese Woche?<\/p>\n","protected":false},"excerpt":{"rendered":"<p>Werbung (unbezahlt) \u2013 Der folgende Artikel &#252;ber unsere Wochenlieblinge enth&#228;lt evtl. Bilder mit Produkten, die wir in unserem Alltag nutzen oder Linkempfehlungen. Wir haben keine Bezahlung f&#252;r das Zeigen oder Nutzen derselbigen erhalten. Hachja, ich f&#252;hl mich wohl in diesem Wetter derzeit. Ihr auch? Recht voll war die Woche dieses Mal wieder und einiges stand an, so dass wir eigentlich mal wieder t&#228;glich unterwegs waren. Da beide Kinder aber wieder halbwegs fit sind, konnte der Alltag wieder etwas normaler von statten gehen&#8230; Unsere Wochenlieblinge&#8230; 01. Mildes Fr&#252;hlingswetter &#8211; Wenn ich morgens das Haus verlasse, ist es bereits ganz sch&#246;n frisch und ich freue mich, dass meine gelbe Jacke nun &#246;fter zum Einsatz kommt. Ich liebe sie, auch wenn sie morgens fast schon manchmal etwas zu d&#252;nn ist. Daf&#252;r ist sie aber f&#252;r tags&#252;ber genau richtig. Manche Tage diese Woche waren ja fast noch einmal sommerlich, aber man merkt schon, dass sich die Luft ver&#228;ndert hat. Ich mag das. Es ist meist sonnig und mild, ein L&#252;ftchen weht einem um die Nase und man kann sich dennoch kuschelig anziehen. So darf es nun bitte ein bisschen bleiben. 02. Zwei kleine Roboter &#8211; Wie ihr ja wisst, waren wir am vergangenen Wochenende mit den Kindern im Kino. Dabei wurden sie zu gro&#223;en Fans von diesem kleinen Freund hier. Da wir aber kein ganzes Set kaufen wollten, versuchten wir unser Gl&#252;ck mit diesen Figuren &#8211; T&#252;ten (Affiliate Link). Den Roboter zu ertasten, sollte doch eigentlich ein Kinderspiel sein, oder? Nun stellt euch folgende Situation vor: Zwei Erwachsene und zwei Kinder stehen um so einen Beh&#228;lter herum und tasten massig T&#252;ten ab, in der Hoffnung, zwei dieser Roboter zu finden, damit beide Kinder happy sind. Wie ihr sehen k&#246;nnt, hatten wir Erfolg. 03. Experiment St&#228;bchen &#8211; Auf meiner To-Do Liste f&#252;r mein n&#228;chstes Lebensjahr steht ja unter anderem auch, dass ich gerne lernen m&#246;chte mit St&#228;bchen zu essen. Das bin ich diese Woche mal angegangen. Ich verstehe irgendwie schon mal, wie es geht, stelle mich aber immer noch ganz sch&#246;n doof dabei an. Na mal sehen, wie das wird. Hat jemand Tipps f&#252;r mich? 04. Kastanien &#8211; Jackpot &#8211; Noch sind es nicht viele Kastanien, die da runter fallen und die meisten sind auch innen noch nicht so sch&#246;n braun, wie wir es lieben, dennoch freuen sich die Kinder &#252;ber jede einzelne, die wir finden und die Taschen der Jacken f&#252;llen sich langsam wieder damit t&#228;glich. Da wundert es keinen, dass sie sich sehr &#252;ber diesen Jackpot freuten, den wir da auf dem Foto f&#252;r euch festgehalten haben. 05. Auf der Suche nach einem guten Rhythmus &#8211; Das sind wir derzeit noch. Die Zeiten vom Schulstundenplan und der Kita passen dieses Schuljahr irgendwie nicht ganz zusammen. Entweder der eine hat etwas Wartezeit oder der andere. Da fuchsen wir uns gerade ein bisschen rein und versuchen die perfekte L&#246;sung zu finden. Bei dem sch&#246;nen Wetter w&#228;hlen wir derzeit die Wartezeit f&#252;r das Heldenkind, die wir mit Naturerkundungen und Spielplatzbesuchen &#252;berbr&#252;cken. Mal sehen, wie wir das dann bei schlechterem Wetter machen. Aber bisher sind beide Kinder mit der L&#246;sung sehr zufrieden. Wie macht ihr das? Unsere Wochenlieblinge aus der Blogsph&#228;re! Langsam &#252;berlege ich, was ich mit den Kindern mal wieder sch&#246;nes basteln k&#246;nnte. Vielleicht ein bisschen Deko f&#252;r das Kinderzimmerfenster? Hier findet ihr ein paar tolle Ideen diese Woche: Herbstbaum aus Pappteller &#8211; Regenbogen Blumenvase &#8211; Foto Tipps mit Lightroom &#8211; Bunter Igel aus Pappteller &#8211; Gartenm&#246;bel mit &#214;lfarbe selber streichen &#8211; DIY Vogelscheuche &#8211; Buntes Herbstbl&#228;tter Bild &#8211; Freebook Tanktop n&#228;hen &#8211; Rechenhilfe kostenlos ausdrucken &#8211; Unterhose f&#252;r Kinder n&#228;hen. Hachja, n&#228;hen m&#246;chte ich auch unbedingt mal wieder. Der kleine gro&#223;e Sohn braucht neue Hosen. Was waren eure Wochenlieblinge diese Woche?<\/p>\n","protected":false},"author":1,"featured_media":46059,"comment_status":"open","ping_status":"open","sticky":false,"template":"","format":"standard","meta":{"ngg_post_thumbnail":0,"footnotes":""},"categories":[323,49],"tags":[780,781,45,69,81,199,872,2161],"class_list":["post-46058","post","type-post","status-publish","format-standard","has-post-thumbnail","hentry","category-alltag","category-blogspaehre","tag-freitags5","tag-freitagslieblinge","tag-alltag","tag-familie","tag-kinder","tag-rueckblick","tag-woche","tag-wochenlieblinge"],"yoast_head":"<!-- This site is optimized with the Yoast SEO plugin v27.5 - https:\/\/yoast.com\/product\/yoast-seo-wordpress\/ -->\n<title>Wochenlieblinge 35\/2019 - Hallo geliebter Herbst! - Heldenhaushalt<\/title>\n<meta name=\"description\" content=\"Da beide Kinder aber wieder halbwegs fit sind, konnte der Alltag wieder etwas normaler von statten gehen... Unsere Wochenlieblinge...\" \/>\n<meta name=\"robots\" content=\"index, follow, max-snippet:-1, max-image-preview:large, max-video-preview:-1\" \/>\n<link rel=\"canonical\" href=\"https:\/\/www.heldenhaushalt.de\/sari02\/index.php\/2019\/09\/13\/wochenlieblinge-352019\/\" \/>\n<meta property=\"og:locale\" content=\"de_DE\" \/>\n<meta property=\"og:type\" content=\"article\" \/>\n<meta property=\"og:title\" content=\"Wochenlieblinge 35\/2019 - Hallo geliebter Herbst! - Heldenhaushalt\" \/>\n<meta property=\"og:description\" content=\"Da beide Kinder aber wieder halbwegs fit sind, konnte der Alltag wieder etwas normaler von statten gehen... Unsere Wochenlieblinge...\" \/>\n<meta property=\"og:url\" content=\"https:\/\/www.heldenhaushalt.de\/sari02\/index.php\/2019\/09\/13\/wochenlieblinge-352019\/\" \/>\n<meta property=\"og:site_name\" content=\"Heldenhaushalt\" \/>\n<meta property=\"article:published_time\" content=\"2019-09-13T07:38:09+00:00\" \/>\n<meta property=\"og:image\" content=\"https:\/\/www.heldenhaushalt.de\/sari02\/wp-content\/uploads\/2019\/09\/35-00.jpg\" \/>\n\t<meta property=\"og:image:width\" content=\"1000\" \/>\n\t<meta property=\"og:image:height\" content=\"724\" \/>\n\t<meta property=\"og:image:type\" content=\"image\/jpeg\" \/>\n<meta name=\"author\" content=\"Sari\" \/>\n<meta name=\"twitter:card\" content=\"summary_large_image\" \/>\n<meta name=\"twitter:creator\" content=\"@Heldenhaushalt\" \/>\n<meta name=\"twitter:site\" content=\"@Heldenhaushalt\" \/>\n<meta name=\"twitter:label1\" content=\"Verfasst von\" \/>\n\t<meta name=\"twitter:data1\" content=\"Sari\" \/>\n\t<meta name=\"twitter:label2\" content=\"Gesch\u00e4tzte Lesezeit\" \/>\n\t<meta name=\"twitter:data2\" content=\"3\u00a0Minuten\" \/>\n<script type=\"application\/ld+json\" class=\"yoast-schema-graph\">{\"@context\":\"https:\\\/\\\/schema.org\",\"@graph\":[{\"@type\":\"Article\",\"@id\":\"https:\\\/\\\/www.heldenhaushalt.de\\\/sari02\\\/index.php\\\/2019\\\/09\\\/13\\\/wochenlieblinge-352019\\\/#article\",\"isPartOf\":{\"@id\":\"https:\\\/\\\/www.heldenhaushalt.de\\\/sari02\\\/index.php\\\/2019\\\/09\\\/13\\\/wochenlieblinge-352019\\\/\"},\"author\":{\"name\":\"Sari\",\"@id\":\"https:\\\/\\\/www.heldenhaushalt.de\\\/sari02\\\/#\\\/schema\\\/person\\\/a1cc69f42a01f412eb62c151353814f6\"},\"headline\":\"Wochenlieblinge 35\\\/2019 &#8211; Hallo geliebter Herbst!\",\"datePublished\":\"2019-09-13T07:38:09+00:00\",\"mainEntityOfPage\":{\"@id\":\"https:\\\/\\\/www.heldenhaushalt.de\\\/sari02\\\/index.php\\\/2019\\\/09\\\/13\\\/wochenlieblinge-352019\\\/\"},\"wordCount\":662,\"commentCount\":1,\"publisher\":{\"@id\":\"https:\\\/\\\/www.heldenhaushalt.de\\\/sari02\\\/#\\\/schema\\\/person\\\/a1cc69f42a01f412eb62c151353814f6\"},\"image\":{\"@id\":\"https:\\\/\\\/www.heldenhaushalt.de\\\/sari02\\\/index.php\\\/2019\\\/09\\\/13\\\/wochenlieblinge-352019\\\/#primaryimage\"},\"thumbnailUrl\":\"https:\\\/\\\/www.heldenhaushalt.de\\\/sari02\\\/wp-content\\\/uploads\\\/2019\\\/09\\\/35-00.jpg\",\"keywords\":[\"#Freitags5\",\"#Freitagslieblinge\",\"Allt\u00e4glich\",\"Familie\",\"Kinder\",\"R\u00fcckblick\",\"Woche\",\"Wochenlieblinge\"],\"articleSection\":[\"Alltagschaos\",\"Blogsph\u00e4re\"],\"inLanguage\":\"de\",\"potentialAction\":[{\"@type\":\"CommentAction\",\"name\":\"Comment\",\"target\":[\"https:\\\/\\\/www.heldenhaushalt.de\\\/sari02\\\/index.php\\\/2019\\\/09\\\/13\\\/wochenlieblinge-352019\\\/#respond\"]}]},{\"@type\":\"WebPage\",\"@id\":\"https:\\\/\\\/www.heldenhaushalt.de\\\/sari02\\\/index.php\\\/2019\\\/09\\\/13\\\/wochenlieblinge-352019\\\/\",\"url\":\"https:\\\/\\\/www.heldenhaushalt.de\\\/sari02\\\/index.php\\\/2019\\\/09\\\/13\\\/wochenlieblinge-352019\\\/\",\"name\":\"Wochenlieblinge 35\\\/2019 - Hallo geliebter Herbst! - Heldenhaushalt\",\"isPartOf\":{\"@id\":\"https:\\\/\\\/www.heldenhaushalt.de\\\/sari02\\\/#website\"},\"primaryImageOfPage\":{\"@id\":\"https:\\\/\\\/www.heldenhaushalt.de\\\/sari02\\\/index.php\\\/2019\\\/09\\\/13\\\/wochenlieblinge-352019\\\/#primaryimage\"},\"image\":{\"@id\":\"https:\\\/\\\/www.heldenhaushalt.de\\\/sari02\\\/index.php\\\/2019\\\/09\\\/13\\\/wochenlieblinge-352019\\\/#primaryimage\"},\"thumbnailUrl\":\"https:\\\/\\\/www.heldenhaushalt.de\\\/sari02\\\/wp-content\\\/uploads\\\/2019\\\/09\\\/35-00.jpg\",\"datePublished\":\"2019-09-13T07:38:09+00:00\",\"description\":\"Da beide Kinder aber wieder halbwegs fit sind, konnte der Alltag wieder etwas normaler von statten gehen... Unsere Wochenlieblinge...\",\"breadcrumb\":{\"@id\":\"https:\\\/\\\/www.heldenhaushalt.de\\\/sari02\\\/index.php\\\/2019\\\/09\\\/13\\\/wochenlieblinge-352019\\\/#breadcrumb\"},\"inLanguage\":\"de\",\"potentialAction\":[{\"@type\":\"ReadAction\",\"target\":[\"https:\\\/\\\/www.heldenhaushalt.de\\\/sari02\\\/index.php\\\/2019\\\/09\\\/13\\\/wochenlieblinge-352019\\\/\"]}]},{\"@type\":\"ImageObject\",\"inLanguage\":\"de\",\"@id\":\"https:\\\/\\\/www.heldenhaushalt.de\\\/sari02\\\/index.php\\\/2019\\\/09\\\/13\\\/wochenlieblinge-352019\\\/#primaryimage\",\"url\":\"https:\\\/\\\/www.heldenhaushalt.de\\\/sari02\\\/wp-content\\\/uploads\\\/2019\\\/09\\\/35-00.jpg\",\"contentUrl\":\"https:\\\/\\\/www.heldenhaushalt.de\\\/sari02\\\/wp-content\\\/uploads\\\/2019\\\/09\\\/35-00.jpg\",\"width\":1000,\"height\":724,\"caption\":\"Wochenlieblinge\"},{\"@type\":\"BreadcrumbList\",\"@id\":\"https:\\\/\\\/www.heldenhaushalt.de\\\/sari02\\\/index.php\\\/2019\\\/09\\\/13\\\/wochenlieblinge-352019\\\/#breadcrumb\",\"itemListElement\":[{\"@type\":\"ListItem\",\"position\":1,\"name\":\"Startseite\",\"item\":\"https:\\\/\\\/www.heldenhaushalt.de\\\/sari02\\\/\"},{\"@type\":\"ListItem\",\"position\":2,\"name\":\"Wochenlieblinge 35\\\/2019 &#8211; Hallo geliebter Herbst!\"}]},{\"@type\":\"WebSite\",\"@id\":\"https:\\\/\\\/www.heldenhaushalt.de\\\/sari02\\\/#website\",\"url\":\"https:\\\/\\\/www.heldenhaushalt.de\\\/sari02\\\/\",\"name\":\"Heldenhaushalt\",\"description\":\"Wer es ordentlich haben will, der muss vorher anrufen\",\"publisher\":{\"@id\":\"https:\\\/\\\/www.heldenhaushalt.de\\\/sari02\\\/#\\\/schema\\\/person\\\/a1cc69f42a01f412eb62c151353814f6\"},\"potentialAction\":[{\"@type\":\"SearchAction\",\"target\":{\"@type\":\"EntryPoint\",\"urlTemplate\":\"https:\\\/\\\/www.heldenhaushalt.de\\\/sari02\\\/?s={search_term_string}\"},\"query-input\":{\"@type\":\"PropertyValueSpecification\",\"valueRequired\":true,\"valueName\":\"search_term_string\"}}],\"inLanguage\":\"de\"},{\"@type\":[\"Person\",\"Organization\"],\"@id\":\"https:\\\/\\\/www.heldenhaushalt.de\\\/sari02\\\/#\\\/schema\\\/person\\\/a1cc69f42a01f412eb62c151353814f6\",\"name\":\"Sari\",\"image\":{\"@type\":\"ImageObject\",\"inLanguage\":\"de\",\"@id\":\"https:\\\/\\\/www.heldenhaushalt.de\\\/sari02\\\/wp-content\\\/uploads\\\/2019\\\/02\\\/sari-april2018.png\",\"url\":\"https:\\\/\\\/www.heldenhaushalt.de\\\/sari02\\\/wp-content\\\/uploads\\\/2019\\\/02\\\/sari-april2018.png\",\"contentUrl\":\"https:\\\/\\\/www.heldenhaushalt.de\\\/sari02\\\/wp-content\\\/uploads\\\/2019\\\/02\\\/sari-april2018.png\",\"width\":500,\"height\":500,\"caption\":\"Sari\"},\"logo\":{\"@id\":\"https:\\\/\\\/www.heldenhaushalt.de\\\/sari02\\\/wp-content\\\/uploads\\\/2019\\\/02\\\/sari-april2018.png\"},\"description\":\"Frau Mondgras \u2013 Das bin ich, Sari. Gerne auch als Sari Mondgras bekannt und im Internet zu finden. 2-Fach-Mutter, Heldenehefrau, Kreativling, Harmonies\u00fcchtig und st\u00e4ndig auf der Suche nach Gl\u00fcck. Ich komme aus Berlin, bin hier aufgewachsen und lebe hier seit ich denken kann.\",\"sameAs\":[\"https:\\\/\\\/www.instagram.com\\\/heldenhaushalt\\\/\"],\"url\":\"https:\\\/\\\/www.heldenhaushalt.de\\\/sari02\\\/index.php\\\/author\\\/admin\\\/\"}]}<\/script>\n<!-- \/ Yoast SEO plugin. -->","yoast_head_json":{"title":"Wochenlieblinge 35\/2019 - Hallo geliebter Herbst! - Heldenhaushalt","description":"Da beide Kinder aber wieder halbwegs fit sind, konnte der Alltag wieder etwas normaler von statten gehen... Unsere Wochenlieblinge...","robots":{"index":"index","follow":"follow","max-snippet":"max-snippet:-1","max-image-preview":"max-image-preview:large","max-video-preview":"max-video-preview:-1"},"canonical":"https:\/\/www.heldenhaushalt.de\/sari02\/index.php\/2019\/09\/13\/wochenlieblinge-352019\/","og_locale":"de_DE","og_type":"article","og_title":"Wochenlieblinge 35\/2019 - Hallo geliebter Herbst! - Heldenhaushalt","og_description":"Da beide Kinder aber wieder halbwegs fit sind, konnte der Alltag wieder etwas normaler von statten gehen... Unsere Wochenlieblinge...","og_url":"https:\/\/www.heldenhaushalt.de\/sari02\/index.php\/2019\/09\/13\/wochenlieblinge-352019\/","og_site_name":"Heldenhaushalt","article_published_time":"2019-09-13T07:38:09+00:00","og_image":[{"width":1000,"height":724,"url":"https:\/\/www.heldenhaushalt.de\/sari02\/wp-content\/uploads\/2019\/09\/35-00.jpg","type":"image\/jpeg"}],"author":"Sari","twitter_card":"summary_large_image","twitter_creator":"@Heldenhaushalt","twitter_site":"@Heldenhaushalt","twitter_misc":{"Verfasst von":"Sari","Gesch\u00e4tzte Lesezeit":"3\u00a0Minuten"},"schema":{"@context":"https:\/\/schema.org","@graph":[{"@type":"Article","@id":"https:\/\/www.heldenhaushalt.de\/sari02\/index.php\/2019\/09\/13\/wochenlieblinge-352019\/#article","isPartOf":{"@id":"https:\/\/www.heldenhaushalt.de\/sari02\/index.php\/2019\/09\/13\/wochenlieblinge-352019\/"},"author":{"name":"Sari","@id":"https:\/\/www.heldenhaushalt.de\/sari02\/#\/schema\/person\/a1cc69f42a01f412eb62c151353814f6"},"headline":"Wochenlieblinge 35\/2019 &#8211; Hallo geliebter Herbst!","datePublished":"2019-09-13T07:38:09+00:00","mainEntityOfPage":{"@id":"https:\/\/www.heldenhaushalt.de\/sari02\/index.php\/2019\/09\/13\/wochenlieblinge-352019\/"},"wordCount":662,"commentCount":1,"publisher":{"@id":"https:\/\/www.heldenhaushalt.de\/sari02\/#\/schema\/person\/a1cc69f42a01f412eb62c151353814f6"},"image":{"@id":"https:\/\/www.heldenhaushalt.de\/sari02\/index.php\/2019\/09\/13\/wochenlieblinge-352019\/#primaryimage"},"thumbnailUrl":"https:\/\/www.heldenhaushalt.de\/sari02\/wp-content\/uploads\/2019\/09\/35-00.jpg","keywords":["#Freitags5","#Freitagslieblinge","Allt\u00e4glich","Familie","Kinder","R\u00fcckblick","Woche","Wochenlieblinge"],"articleSection":["Alltagschaos","Blogsph\u00e4re"],"inLanguage":"de","potentialAction":[{"@type":"CommentAction","name":"Comment","target":["https:\/\/www.heldenhaushalt.de\/sari02\/index.php\/2019\/09\/13\/wochenlieblinge-352019\/#respond"]}]},{"@type":"WebPage","@id":"https:\/\/www.heldenhaushalt.de\/sari02\/index.php\/2019\/09\/13\/wochenlieblinge-352019\/","url":"https:\/\/www.heldenhaushalt.de\/sari02\/index.php\/2019\/09\/13\/wochenlieblinge-352019\/","name":"Wochenlieblinge 35\/2019 - Hallo geliebter Herbst! - Heldenhaushalt","isPartOf":{"@id":"https:\/\/www.heldenhaushalt.de\/sari02\/#website"},"primaryImageOfPage":{"@id":"https:\/\/www.heldenhaushalt.de\/sari02\/index.php\/2019\/09\/13\/wochenlieblinge-352019\/#primaryimage"},"image":{"@id":"https:\/\/www.heldenhaushalt.de\/sari02\/index.php\/2019\/09\/13\/wochenlieblinge-352019\/#primaryimage"},"thumbnailUrl":"https:\/\/www.heldenhaushalt.de\/sari02\/wp-content\/uploads\/2019\/09\/35-00.jpg","datePublished":"2019-09-13T07:38:09+00:00","description":"Da beide Kinder aber wieder halbwegs fit sind, konnte der Alltag wieder etwas normaler von statten gehen... Unsere Wochenlieblinge...","breadcrumb":{"@id":"https:\/\/www.heldenhaushalt.de\/sari02\/index.php\/2019\/09\/13\/wochenlieblinge-352019\/#breadcrumb"},"inLanguage":"de","potentialAction":[{"@type":"ReadAction","target":["https:\/\/www.heldenhaushalt.de\/sari02\/index.php\/2019\/09\/13\/wochenlieblinge-352019\/"]}]},{"@type":"ImageObject","inLanguage":"de","@id":"https:\/\/www.heldenhaushalt.de\/sari02\/index.php\/2019\/09\/13\/wochenlieblinge-352019\/#primaryimage","url":"https:\/\/www.heldenhaushalt.de\/sari02\/wp-content\/uploads\/2019\/09\/35-00.jpg","contentUrl":"https:\/\/www.heldenhaushalt.de\/sari02\/wp-content\/uploads\/2019\/09\/35-00.jpg","width":1000,"height":724,"caption":"Wochenlieblinge"},{"@type":"BreadcrumbList","@id":"https:\/\/www.heldenhaushalt.de\/sari02\/index.php\/2019\/09\/13\/wochenlieblinge-352019\/#breadcrumb","itemListElement":[{"@type":"ListItem","position":1,"name":"Startseite","item":"https:\/\/www.heldenhaushalt.de\/sari02\/"},{"@type":"ListItem","position":2,"name":"Wochenlieblinge 35\/2019 &#8211; Hallo geliebter Herbst!"}]},{"@type":"WebSite","@id":"https:\/\/www.heldenhaushalt.de\/sari02\/#website","url":"https:\/\/www.heldenhaushalt.de\/sari02\/","name":"Heldenhaushalt","description":"Wer es ordentlich haben will, der muss vorher anrufen","publisher":{"@id":"https:\/\/www.heldenhaushalt.de\/sari02\/#\/schema\/person\/a1cc69f42a01f412eb62c151353814f6"},"potentialAction":[{"@type":"SearchAction","target":{"@type":"EntryPoint","urlTemplate":"https:\/\/www.heldenhaushalt.de\/sari02\/?s={search_term_string}"},"query-input":{"@type":"PropertyValueSpecification","valueRequired":true,"valueName":"search_term_string"}}],"inLanguage":"de"},{"@type":["Person","Organization"],"@id":"https:\/\/www.heldenhaushalt.de\/sari02\/#\/schema\/person\/a1cc69f42a01f412eb62c151353814f6","name":"Sari","image":{"@type":"ImageObject","inLanguage":"de","@id":"https:\/\/www.heldenhaushalt.de\/sari02\/wp-content\/uploads\/2019\/02\/sari-april2018.png","url":"https:\/\/www.heldenhaushalt.de\/sari02\/wp-content\/uploads\/2019\/02\/sari-april2018.png","contentUrl":"https:\/\/www.heldenhaushalt.de\/sari02\/wp-content\/uploads\/2019\/02\/sari-april2018.png","width":500,"height":500,"caption":"Sari"},"logo":{"@id":"https:\/\/www.heldenhaushalt.de\/sari02\/wp-content\/uploads\/2019\/02\/sari-april2018.png"},"description":"Frau Mondgras \u2013 Das bin ich, Sari. Gerne auch als Sari Mondgras bekannt und im Internet zu finden. 2-Fach-Mutter, Heldenehefrau, Kreativling, Harmonies\u00fcchtig und st\u00e4ndig auf der Suche nach Gl\u00fcck. Ich komme aus Berlin, bin hier aufgewachsen und lebe hier seit ich denken kann.","sameAs":["https:\/\/www.instagram.com\/heldenhaushalt\/"],"url":"https:\/\/www.heldenhaushalt.de\/sari02\/index.php\/author\/admin\/"}]}},"views":2356,"_links":{"self":[{"href":"https:\/\/www.heldenhaushalt.de\/sari02\/index.php\/wp-json\/wp\/v2\/posts\/46058","targetHints":{"allow":["GET"]}}],"collection":[{"href":"https:\/\/www.heldenhaushalt.de\/sari02\/index.php\/wp-json\/wp\/v2\/posts"}],"about":[{"href":"https:\/\/www.heldenhaushalt.de\/sari02\/index.php\/wp-json\/wp\/v2\/types\/post"}],"author":[{"embeddable":true,"href":"https:\/\/www.heldenhaushalt.de\/sari02\/index.php\/wp-json\/wp\/v2\/users\/1"}],"replies":[{"embeddable":true,"href":"https:\/\/www.heldenhaushalt.de\/sari02\/index.php\/wp-json\/wp\/v2\/comments?post=46058"}],"version-history":[{"count":1,"href":"https:\/\/www.heldenhaushalt.de\/sari02\/index.php\/wp-json\/wp\/v2\/posts\/46058\/revisions"}],"predecessor-version":[{"id":46065,"href":"https:\/\/www.heldenhaushalt.de\/sari02\/index.php\/wp-json\/wp\/v2\/posts\/46058\/revisions\/46065"}],"wp:featuredmedia":[{"embeddable":true,"href":"https:\/\/www.heldenhaushalt.de\/sari02\/index.php\/wp-json\/wp\/v2\/media\/46059"}],"wp:attachment":[{"href":"https:\/\/www.heldenhaushalt.de\/sari02\/index.php\/wp-json\/wp\/v2\/media?parent=46058"}],"wp:term":[{"taxonomy":"category","embeddable":true,"href":"https:\/\/www.heldenhaushalt.de\/sari02\/index.php\/wp-json\/wp\/v2\/categories?post=46058"},{"taxonomy":"post_tag","embeddable":true,"href":"https:\/\/www.heldenhaushalt.de\/sari02\/index.php\/wp-json\/wp\/v2\/tags?post=46058"}],"curies":[{"name":"wp","href":"https:\/\/api.w.org\/{rel}","templated":true}]}}