{"id":46165,"date":"2019-09-23T09:47:12","date_gmt":"2019-09-23T07:47:12","guid":{"rendered":"https:\/\/www.heldenhaushalt.de\/sari02\/?p=46165"},"modified":"2019-09-23T09:53:33","modified_gmt":"2019-09-23T07:53:33","slug":"unser-wib-am-21-22-09-2019","status":"publish","type":"post","link":"https:\/\/www.heldenhaushalt.de\/sari02\/index.php\/2019\/09\/23\/unser-wib-am-21-22-09-2019\/","title":{"rendered":"Unser #WIB am 21.\/22.09.2019 &#8211; Brezeln, Musik und gute Laune!"},"content":{"rendered":"<p><small>Werbung (unbezahlt) \u2013 Der folgende Artikel &#252;ber unsere #WIB enth&#228;lt evtl. Bilder mit Produkten, die wir in unserem Alltag nutzen oder Linkempfehlungen. Wir haben keine Bezahlung f&#252;r das Zeigen oder Nutzen derselbigen erhalten.<\/small><\/p>\n<p>Nachdem wir<a href=\"https:\/\/www.heldenhaushalt.de\/sari02\/index.php\/2019\/09\/16\/unser-wib-am-14-15-09-2019-veraenderungen-und-lange-wege\/\"> am letzten #WIB<\/a> flei&#223;ig im Haus und auf langen Reisen waren, sollte sich dieses Wochenende mal alles &#252;berwiegend nur um uns drehen. Das hie&#223; in der Zusammenfassung: Zeit f&#252;r uns als Familie! Ich finde ja gerade die Zeit am Wochenende so wichtig, denn da hat man die besten M&#246;glichkeiten, um gemeinsam etwas zu erleben. Unter der Woche sind da Schule und Arbeit, Training und allt&#228;gliche Termine, die einem kaum Luft lassen, um gemeinsam etwas Sch&#246;nes zu machen. Meist verbringen wir die Tage in einer Art Aufteilung. W&#228;hrend der eine mit dem einen Kind dort ist, ist der andere mit dem anderen woanders. Arbeitsteilung quasi. Grunds&#228;tzlich auch total ok f&#252;r uns, aber umso wichtiger sind uns diese freien Phasen am Wochenende, an denen wir alle vier einfach mal zusammen sein k&#246;nnen. Und genau das war Schwerpunkt an diesem #WIB.<\/p>\n<h2>Am #WIB Samstag hie&#223; es zwar erst wieder Fu&#223;ball&#8230;<\/h2>\n<p>Ein Bild heute mal stellvertretend f&#252;r den Samstag Morgen. Der gro&#223;e Sohn hatte ein Staffelspiel auf dem eigenen Platz. Das Wetter war sch&#246;n und der Mann machte mit dem kleinen Sohn eine Tour mit dem Laufrad dorthin, w&#228;hrend der gro&#223;e Sohn und ich mit dem Fahrrad voraus fuhren.<\/p>\n<p><img loading=\"lazy\" decoding=\"async\" class=\"alignnone size-full wp-image-46167\" src=\"https:\/\/www.heldenhaushalt.de\/sari02\/wp-content\/uploads\/2019\/09\/wib37-01.jpg\" alt=\"Fu&#223;ball\" width=\"1000\" height=\"715\" srcset=\"https:\/\/www.heldenhaushalt.de\/sari02\/wp-content\/uploads\/2019\/09\/wib37-01.jpg 1000w, https:\/\/www.heldenhaushalt.de\/sari02\/wp-content\/uploads\/2019\/09\/wib37-01-300x215.jpg 300w, https:\/\/www.heldenhaushalt.de\/sari02\/wp-content\/uploads\/2019\/09\/wib37-01-768x549.jpg 768w\" sizes=\"auto, (max-width: 1000px) 100vw, 1000px\" \/><\/p>\n<p>Das Wetter zeigt sich von seiner guten Seite und die Thermosachen werden erfreulicher Weise nicht ben&#246;tigt. Als wir wieder nach Hause kommen, finden wir ein Paket vor.<\/p>\n<p><img loading=\"lazy\" decoding=\"async\" class=\"alignnone size-full wp-image-46168\" src=\"https:\/\/www.heldenhaushalt.de\/sari02\/wp-content\/uploads\/2019\/09\/wib37-02.jpg\" alt=\"Nina Dulleck\" width=\"1000\" height=\"710\" srcset=\"https:\/\/www.heldenhaushalt.de\/sari02\/wp-content\/uploads\/2019\/09\/wib37-02.jpg 1000w, https:\/\/www.heldenhaushalt.de\/sari02\/wp-content\/uploads\/2019\/09\/wib37-02-300x213.jpg 300w, https:\/\/www.heldenhaushalt.de\/sari02\/wp-content\/uploads\/2019\/09\/wib37-02-768x545.jpg 768w\" sizes=\"auto, (max-width: 1000px) 100vw, 1000px\" \/><\/p>\n<p>Beim Auspacken macht mein Herz einen Sprung. Ein absoluter Fangirl &#8211; Moment, denn es ist ein Paket von Nina Dulleck, <a href=\"https:\/\/www.heldenhaushalt.de\/sari02\/index.php\/2018\/01\/24\/mmi-lieblings-illustratoren\/\">eine meiner Lieblings.-Illustratorinnen<\/a>, voll gepackt mit vielen sch&#246;nen B&#252;chern von ihr. Davon erz&#228;hle ich euch die Tage mal ein bisschen mehr. Und ich stelle fest, ich brauche da ganz dringend noch ein weiteres Buch von ihr. Ist der kleine Pinguin nicht mega s&#252;&#223;?<\/p>\n<p><img loading=\"lazy\" decoding=\"async\" class=\"alignnone size-full wp-image-46169\" src=\"https:\/\/www.heldenhaushalt.de\/sari02\/wp-content\/uploads\/2019\/09\/wib37-03.jpg\" alt=\"#WIB\" width=\"1000\" height=\"708\" srcset=\"https:\/\/www.heldenhaushalt.de\/sari02\/wp-content\/uploads\/2019\/09\/wib37-03.jpg 1000w, https:\/\/www.heldenhaushalt.de\/sari02\/wp-content\/uploads\/2019\/09\/wib37-03-300x212.jpg 300w, https:\/\/www.heldenhaushalt.de\/sari02\/wp-content\/uploads\/2019\/09\/wib37-03-768x544.jpg 768w\" sizes=\"auto, (max-width: 1000px) 100vw, 1000px\" \/><\/p>\n<p>Mit dem Minihelden lerne ich ein bisschen f&#252;r einen bevorstehenden Test und wir basteln Lernkarten, mit denen er &#252;ben kann.<\/p>\n<h2>Dann werden die Taschen gepackt und die schicken Klamotten angezogen!<\/h2>\n<p>Neulich sagte ich noch in einer Fragerunde, dass es demn&#228;chst einen Anlass geben w&#252;rde, zu dem ich mich schick machen m&#246;chte. Am Freitag wurden mir die Haare noch von einer lieben Freundin geschnitten und von meiner Schwester hatte ich mir bereits das passende Outfit organisiert.<\/p>\n<p><img loading=\"lazy\" decoding=\"async\" class=\"alignnone size-full wp-image-46170\" src=\"https:\/\/www.heldenhaushalt.de\/sari02\/wp-content\/uploads\/2019\/09\/wib37-04.jpg\" alt=\"#WIB\" width=\"1000\" height=\"704\" srcset=\"https:\/\/www.heldenhaushalt.de\/sari02\/wp-content\/uploads\/2019\/09\/wib37-04.jpg 1000w, https:\/\/www.heldenhaushalt.de\/sari02\/wp-content\/uploads\/2019\/09\/wib37-04-300x211.jpg 300w, https:\/\/www.heldenhaushalt.de\/sari02\/wp-content\/uploads\/2019\/09\/wib37-04-768x541.jpg 768w\" sizes=\"auto, (max-width: 1000px) 100vw, 1000px\" \/><\/p>\n<p>Mangels einer wei&#223;en Bluse musste ich etwas improvisieren, aber es passt sowieso viel besser zu mir *lach*. Das erste Mal Dirndl in meinem Leben. Auch wenn ich mich um die Sch&#252;rze herumgeschummelt habe.<\/p>\n<p><img loading=\"lazy\" decoding=\"async\" class=\"alignnone size-full wp-image-46171\" src=\"https:\/\/www.heldenhaushalt.de\/sari02\/wp-content\/uploads\/2019\/09\/wib37-05.jpg\" alt=\"Oktoberfest\" width=\"1000\" height=\"694\" srcset=\"https:\/\/www.heldenhaushalt.de\/sari02\/wp-content\/uploads\/2019\/09\/wib37-05.jpg 1000w, https:\/\/www.heldenhaushalt.de\/sari02\/wp-content\/uploads\/2019\/09\/wib37-05-300x208.jpg 300w, https:\/\/www.heldenhaushalt.de\/sari02\/wp-content\/uploads\/2019\/09\/wib37-05-768x533.jpg 768w\" sizes=\"auto, (max-width: 1000px) 100vw, 1000px\" \/><\/p>\n<p>Wir waren eingeladen zu einem kleinem, privaten Oktoberfest bei Freunden. Es gab alles, was dazu geh&#246;rte. Brezeln, Leberk&#228;se und Wei&#223;w&#252;rste, sogar Obazda, der mir &#252;berraschend gut schmeckte.<\/p>\n<p><img loading=\"lazy\" decoding=\"async\" class=\"alignnone size-full wp-image-46172\" src=\"https:\/\/www.heldenhaushalt.de\/sari02\/wp-content\/uploads\/2019\/09\/wib37-06.jpg\" alt=\"#WIB\" width=\"1000\" height=\"718\" srcset=\"https:\/\/www.heldenhaushalt.de\/sari02\/wp-content\/uploads\/2019\/09\/wib37-06.jpg 1000w, https:\/\/www.heldenhaushalt.de\/sari02\/wp-content\/uploads\/2019\/09\/wib37-06-300x215.jpg 300w, https:\/\/www.heldenhaushalt.de\/sari02\/wp-content\/uploads\/2019\/09\/wib37-06-768x551.jpg 768w\" sizes=\"auto, (max-width: 1000px) 100vw, 1000px\" \/><\/p>\n<p>Es war ein lustiger Abend bei fast schon sommerlichen Wetter f&#252;r gro&#223; und klein und schreit meiner Meinung nach nach einer Wiederholung im n&#228;chsten Jahr.<\/p>\n<h2>Der #WIB Sonntag stand dann ganz unter dem Zeichen der Kinder!<\/h2>\n<p>Schon vor einiger Zeit hatte ich gesehen, dass auch in diesem Jahr wieder das Weltkindertags Fest am Potsdamer Platz stattfinden w&#252;rde und hatte mir vorgenommen, dass wir versuchen wollen am Sonntag dort hinzufahren.<\/p>\n<p><img loading=\"lazy\" decoding=\"async\" class=\"alignnone size-full wp-image-46173\" src=\"https:\/\/www.heldenhaushalt.de\/sari02\/wp-content\/uploads\/2019\/09\/wib37-07.jpg\" alt=\"#WIB\" width=\"1000\" height=\"672\" srcset=\"https:\/\/www.heldenhaushalt.de\/sari02\/wp-content\/uploads\/2019\/09\/wib37-07.jpg 1000w, https:\/\/www.heldenhaushalt.de\/sari02\/wp-content\/uploads\/2019\/09\/wib37-07-300x202.jpg 300w, https:\/\/www.heldenhaushalt.de\/sari02\/wp-content\/uploads\/2019\/09\/wib37-07-768x516.jpg 768w\" sizes=\"auto, (max-width: 1000px) 100vw, 1000px\" \/><\/p>\n<p>Doch erst einmal stand ausschlafen auf dem Plan. Ich checke ja jeden Morgen unsere zwei Hochbeete und ernte fast t&#228;glich Paprika und Tomaten daraus. Irgendwann muss ich mal was Leckeres damit zaubern.<\/p>\n<p><img loading=\"lazy\" decoding=\"async\" class=\"alignnone size-full wp-image-46174\" src=\"https:\/\/www.heldenhaushalt.de\/sari02\/wp-content\/uploads\/2019\/09\/wib37-08.jpg\" alt=\"#WIB\" width=\"1000\" height=\"681\" srcset=\"https:\/\/www.heldenhaushalt.de\/sari02\/wp-content\/uploads\/2019\/09\/wib37-08.jpg 1000w, https:\/\/www.heldenhaushalt.de\/sari02\/wp-content\/uploads\/2019\/09\/wib37-08-300x204.jpg 300w, https:\/\/www.heldenhaushalt.de\/sari02\/wp-content\/uploads\/2019\/09\/wib37-08-768x523.jpg 768w\" sizes=\"auto, (max-width: 1000px) 100vw, 1000px\" \/><\/p>\n<p>Der Miniheld hatte sich gew&#252;nscht, dass wir am Wochenende grillen. Da ahnten wir noch nicht, dass wir einen regelrechten Sommertag erleben w&#252;rden und Grillen war dementsprechend perfekt.<\/p>\n<h2>Nach dem Mittagessen ging es dann mit den &#214;ffentlichen zum Potsdamer Platz!<\/h2>\n<p>Wusstet ihr, dass am Sonntag Berlin Auto frei sein sollte? Hat scheinbar nicht so gut geklappt, doch wir waren mit den &#214;ffentlichen unterwegs. Wir sind irgendwie sowieso &#252;berwiegend mit Bahn und Bus unterwegs, von daher mussten wir uns da jetzt nicht extra umstellen.<\/p>\n<p><img loading=\"lazy\" decoding=\"async\" class=\"alignnone size-full wp-image-46175\" src=\"https:\/\/www.heldenhaushalt.de\/sari02\/wp-content\/uploads\/2019\/09\/wib37-09.jpg\" alt=\"Weltkindertag\" width=\"1000\" height=\"702\" srcset=\"https:\/\/www.heldenhaushalt.de\/sari02\/wp-content\/uploads\/2019\/09\/wib37-09.jpg 1000w, https:\/\/www.heldenhaushalt.de\/sari02\/wp-content\/uploads\/2019\/09\/wib37-09-300x211.jpg 300w, https:\/\/www.heldenhaushalt.de\/sari02\/wp-content\/uploads\/2019\/09\/wib37-09-768x539.jpg 768w\" sizes=\"auto, (max-width: 1000px) 100vw, 1000px\" \/><\/p>\n<p>Wir kamen rechtzeitig zum Auftritt von <a href=\"https:\/\/www.heldenhaushalt.de\/sari02\/index.php\/2017\/09\/12\/ich-herr-meyer\/\">Ich &amp; Herr Meyer<\/a> an, die wir ja schon einmal <a href=\"https:\/\/www.heldenhaushalt.de\/sari02\/index.php\/2017\/09\/06\/mmi-ein-loewenladen\/\">live im L&#246;wenladen<\/a> erlebt hatte. Auch wenn es schon wieder ein bisschen her ist, es war toll die Jungs wieder einmal zu sehen.<\/p>\n<p><img loading=\"lazy\" decoding=\"async\" class=\"alignnone size-full wp-image-46176\" src=\"https:\/\/www.heldenhaushalt.de\/sari02\/wp-content\/uploads\/2019\/09\/wib37-10.jpg\" alt=\"#WIB\" width=\"1000\" height=\"682\" srcset=\"https:\/\/www.heldenhaushalt.de\/sari02\/wp-content\/uploads\/2019\/09\/wib37-10.jpg 1000w, https:\/\/www.heldenhaushalt.de\/sari02\/wp-content\/uploads\/2019\/09\/wib37-10-300x205.jpg 300w, https:\/\/www.heldenhaushalt.de\/sari02\/wp-content\/uploads\/2019\/09\/wib37-10-768x524.jpg 768w\" sizes=\"auto, (max-width: 1000px) 100vw, 1000px\" \/><\/p>\n<p>Wie jedes Jahr gab es f&#252;r die Kinder wieder so einiges zu sehen und zu erleben. Ich mag die vielf&#228;ltigen Angebote, die man auf dem Fest immer wieder vorfindet. Das geht &#252;ber Koordination, Spiel und Spa&#223; bis hin zu sportlichen Aktivit&#228;ten und Denkaufgaben.<\/p>\n<p><img loading=\"lazy\" decoding=\"async\" class=\"alignnone size-full wp-image-46177\" src=\"https:\/\/www.heldenhaushalt.de\/sari02\/wp-content\/uploads\/2019\/09\/wib37-11.jpg\" alt=\"#WIB\" width=\"1000\" height=\"699\" srcset=\"https:\/\/www.heldenhaushalt.de\/sari02\/wp-content\/uploads\/2019\/09\/wib37-11.jpg 1000w, https:\/\/www.heldenhaushalt.de\/sari02\/wp-content\/uploads\/2019\/09\/wib37-11-300x210.jpg 300w, https:\/\/www.heldenhaushalt.de\/sari02\/wp-content\/uploads\/2019\/09\/wib37-11-768x537.jpg 768w\" sizes=\"auto, (max-width: 1000px) 100vw, 1000px\" \/><\/p>\n<p>So gab es gro&#223;e Holzmurmelbahnen, kleinen Basketballk&#246;rbe, Balanceparcour und eine Weile sa&#223;en alle drei Helden sogar an einem langen Tisch mit Schachbrettern und spielten ein zwei Partien.<\/p>\n<p><img loading=\"lazy\" decoding=\"async\" class=\"alignnone size-full wp-image-46178\" src=\"https:\/\/www.heldenhaushalt.de\/sari02\/wp-content\/uploads\/2019\/09\/wib37-12.jpg\" alt=\"Hertha BSC\" width=\"1000\" height=\"692\" srcset=\"https:\/\/www.heldenhaushalt.de\/sari02\/wp-content\/uploads\/2019\/09\/wib37-12.jpg 1000w, https:\/\/www.heldenhaushalt.de\/sari02\/wp-content\/uploads\/2019\/09\/wib37-12-300x208.jpg 300w, https:\/\/www.heldenhaushalt.de\/sari02\/wp-content\/uploads\/2019\/09\/wib37-12-768x531.jpg 768w\" sizes=\"auto, (max-width: 1000px) 100vw, 1000px\" \/><\/p>\n<p>Highlight f&#252;r beide Kinder waren nat&#252;rlich die Stationen, wo sie ihr K&#246;nnen am Ball unter Beweis stellen konnten. Ganz klar nat&#252;rlich beim Liebslingsverein ganz vorne dabei. Torwandschie&#223;en, schauen, wie schnell und stark der eigene Schuss ist usw. Wenn es da am Ende sogar noch kleine Geschenke gibt, freuen sich die Kinder umso mehr&#8230;<\/p>\n<p><img loading=\"lazy\" decoding=\"async\" class=\"alignnone size-full wp-image-46179\" src=\"https:\/\/www.heldenhaushalt.de\/sari02\/wp-content\/uploads\/2019\/09\/wib37-13.jpg\" alt=\"#WIB\" width=\"1000\" height=\"696\" srcset=\"https:\/\/www.heldenhaushalt.de\/sari02\/wp-content\/uploads\/2019\/09\/wib37-13.jpg 1000w, https:\/\/www.heldenhaushalt.de\/sari02\/wp-content\/uploads\/2019\/09\/wib37-13-300x209.jpg 300w, https:\/\/www.heldenhaushalt.de\/sari02\/wp-content\/uploads\/2019\/09\/wib37-13-768x535.jpg 768w\" sizes=\"auto, (max-width: 1000px) 100vw, 1000px\" \/><\/p>\n<p>Es war ein herrlich aufregender und voller Tag und die Kinder waren am Abend ganz sch&#246;n groggi. Beim kleinen Sohn zeigte sich dann auch der Schnupfen zum Abend hin etwas st&#228;rker. Umso besser, dass wir als Ausklang f&#252;r das #WIB einen Filmabend geplant hatten. Dazu kochten der Held und ich frischen Pudding mit Streuseln oben drauf.<\/p>\n<p>Sch&#246;n war&#8217;s. Mehr #WIB findet ihr wie gewohnt <a href=\"https:\/\/www.grossekoepfe.de\/wochenende-in-bildern\/unser-wochenende-in-bildern-21-22-09-19-ihre-seine-und-eure-sicht\" target=\"_blank\" rel=\"noopener noreferrer\">bei Alu und Co<\/a>.<\/p>\n","protected":false},"excerpt":{"rendered":"<p>Werbung (unbezahlt) \u2013 Der folgende Artikel &#252;ber unsere #WIB enth&#228;lt evtl. Bilder mit Produkten, die wir in unserem Alltag nutzen oder Linkempfehlungen. Wir haben keine Bezahlung f&#252;r das Zeigen oder Nutzen derselbigen erhalten. Nachdem wir am letzten #WIB flei&#223;ig im Haus und auf langen Reisen waren, sollte sich dieses Wochenende mal alles &#252;berwiegend nur um uns drehen. Das hie&#223; in der Zusammenfassung: Zeit f&#252;r uns als Familie! Ich finde ja gerade die Zeit am Wochenende so wichtig, denn da hat man die besten M&#246;glichkeiten, um gemeinsam etwas zu erleben. Unter der Woche sind da Schule und Arbeit, Training und allt&#228;gliche Termine, die einem kaum Luft lassen, um gemeinsam etwas Sch&#246;nes zu machen. Meist verbringen wir die Tage in einer Art Aufteilung. W&#228;hrend der eine mit dem einen Kind dort ist, ist der andere mit dem anderen woanders. Arbeitsteilung quasi. Grunds&#228;tzlich auch total ok f&#252;r uns, aber umso wichtiger sind uns diese freien Phasen am Wochenende, an denen wir alle vier einfach mal zusammen sein k&#246;nnen. Und genau das war Schwerpunkt an diesem #WIB. Am #WIB Samstag hie&#223; es zwar erst wieder Fu&#223;ball&#8230; Ein Bild heute mal stellvertretend f&#252;r den Samstag Morgen. Der gro&#223;e Sohn hatte ein Staffelspiel auf dem eigenen Platz. Das Wetter war sch&#246;n und der Mann machte mit dem kleinen Sohn eine Tour mit dem Laufrad dorthin, w&#228;hrend der gro&#223;e Sohn und ich mit dem Fahrrad voraus fuhren. Das Wetter zeigt sich von seiner guten Seite und die Thermosachen werden erfreulicher Weise nicht ben&#246;tigt. Als wir wieder nach Hause kommen, finden wir ein Paket vor. Beim Auspacken macht mein Herz einen Sprung. Ein absoluter Fangirl &#8211; Moment, denn es ist ein Paket von Nina Dulleck, eine meiner Lieblings.-Illustratorinnen, voll gepackt mit vielen sch&#246;nen B&#252;chern von ihr. Davon erz&#228;hle ich euch die Tage mal ein bisschen mehr. Und ich stelle fest, ich brauche da ganz dringend noch ein weiteres Buch von ihr. Ist der kleine Pinguin nicht mega s&#252;&#223;? Mit dem Minihelden lerne ich ein bisschen f&#252;r einen bevorstehenden Test und wir basteln Lernkarten, mit denen er &#252;ben kann. Dann werden die Taschen gepackt und die schicken Klamotten angezogen! Neulich sagte ich noch in einer Fragerunde, dass es demn&#228;chst einen Anlass geben w&#252;rde, zu dem ich mich schick machen m&#246;chte. Am Freitag wurden mir die Haare noch von einer lieben Freundin geschnitten und von meiner Schwester hatte ich mir bereits das passende Outfit organisiert. Mangels einer wei&#223;en Bluse musste ich etwas improvisieren, aber es passt sowieso viel besser zu mir *lach*. Das erste Mal Dirndl in meinem Leben. Auch wenn ich mich um die Sch&#252;rze herumgeschummelt habe. Wir waren eingeladen zu einem kleinem, privaten Oktoberfest bei Freunden. Es gab alles, was dazu geh&#246;rte. Brezeln, Leberk&#228;se und Wei&#223;w&#252;rste, sogar Obazda, der mir &#252;berraschend gut schmeckte. Es war ein lustiger Abend bei fast schon sommerlichen Wetter f&#252;r gro&#223; und klein und schreit meiner Meinung nach nach einer Wiederholung im n&#228;chsten Jahr. Der #WIB Sonntag stand dann ganz unter dem Zeichen der Kinder! Schon vor einiger Zeit hatte ich gesehen, dass auch in diesem Jahr wieder das Weltkindertags Fest am Potsdamer Platz stattfinden w&#252;rde und hatte mir vorgenommen, dass wir versuchen wollen am Sonntag dort hinzufahren. Doch erst einmal stand ausschlafen auf dem Plan. Ich checke ja jeden Morgen unsere zwei Hochbeete und ernte fast t&#228;glich Paprika und Tomaten daraus. Irgendwann muss ich mal was Leckeres damit zaubern. Der Miniheld hatte sich gew&#252;nscht, dass wir am Wochenende grillen. Da ahnten wir noch nicht, dass wir einen regelrechten Sommertag erleben w&#252;rden und Grillen war dementsprechend perfekt. Nach dem Mittagessen ging es dann mit den &#214;ffentlichen zum Potsdamer Platz! Wusstet ihr, dass am Sonntag Berlin Auto frei sein sollte? Hat scheinbar nicht so gut geklappt, doch wir waren mit den &#214;ffentlichen unterwegs. Wir sind irgendwie sowieso &#252;berwiegend mit Bahn und Bus unterwegs, von daher mussten wir uns da jetzt nicht extra umstellen. Wir kamen rechtzeitig zum Auftritt von Ich &amp; Herr Meyer an, die wir ja schon einmal live im L&#246;wenladen erlebt hatte. Auch wenn es schon wieder ein bisschen her ist, es war toll die Jungs wieder einmal zu sehen. Wie jedes Jahr gab es f&#252;r die Kinder wieder so einiges zu sehen und zu erleben. Ich mag die vielf&#228;ltigen Angebote, die man auf dem Fest immer wieder vorfindet. Das geht &#252;ber Koordination, Spiel und Spa&#223; bis hin zu sportlichen Aktivit&#228;ten und Denkaufgaben. So gab es gro&#223;e Holzmurmelbahnen, kleinen Basketballk&#246;rbe, Balanceparcour und eine Weile sa&#223;en alle drei Helden sogar an einem langen Tisch mit Schachbrettern und spielten ein zwei Partien. Highlight f&#252;r beide Kinder waren nat&#252;rlich die Stationen, wo sie ihr K&#246;nnen am Ball unter Beweis stellen konnten. Ganz klar nat&#252;rlich beim Liebslingsverein ganz vorne dabei. Torwandschie&#223;en, schauen, wie schnell und stark der eigene Schuss ist usw. Wenn es da am Ende sogar noch kleine Geschenke gibt, freuen sich die Kinder umso mehr&#8230; Es war ein herrlich aufregender und voller Tag und die Kinder waren am Abend ganz sch&#246;n groggi. Beim kleinen Sohn zeigte sich dann auch der Schnupfen zum Abend hin etwas st&#228;rker. Umso besser, dass wir als Ausklang f&#252;r das #WIB einen Filmabend geplant hatten. Dazu kochten der Held und ich frischen Pudding mit Streuseln oben drauf. Sch&#246;n war&#8217;s. Mehr #WIB findet ihr wie gewohnt bei Alu und Co.<\/p>\n","protected":false},"author":1,"featured_media":46166,"comment_status":"open","ping_status":"open","sticky":false,"template":"","format":"standard","meta":{"ngg_post_thumbnail":0,"footnotes":""},"categories":[323,49],"tags":[45,69,81,2371,2373,199,2372,599,698,600],"class_list":["post-46165","post","type-post","status-publish","format-standard","has-post-thumbnail","hentry","category-alltag","category-blogspaehre","tag-alltag","tag-familie","tag-kinder","tag-oktoberfest","tag-potsdamer-platz","tag-rueckblick","tag-weltkindertag","tag-wib","tag-wochenende","tag-wochenende-in-bildern"],"yoast_head":"<!-- This site is optimized with the Yoast SEO plugin v27.5 - https:\/\/yoast.com\/product\/yoast-seo-wordpress\/ -->\n<title>Unser #WIB am 21.\/22.09.2019 - Brezeln, Musik und gute Laune!<\/title>\n<meta name=\"description\" content=\"Nachdem wir am letzten #WIB flei\u00dfig im Haus und auf langen Reisen waren, sollte sich dieses Wochenende mal alles nur um uns drehen.\" \/>\n<meta name=\"robots\" content=\"index, follow, max-snippet:-1, max-image-preview:large, max-video-preview:-1\" \/>\n<link rel=\"canonical\" href=\"https:\/\/www.heldenhaushalt.de\/sari02\/index.php\/2019\/09\/23\/unser-wib-am-21-22-09-2019\/\" \/>\n<meta property=\"og:locale\" content=\"de_DE\" \/>\n<meta property=\"og:type\" content=\"article\" \/>\n<meta property=\"og:title\" content=\"Unser #WIB am 21.\/22.09.2019 - Brezeln, Musik und gute Laune!\" \/>\n<meta property=\"og:description\" content=\"Nachdem wir am letzten #WIB flei\u00dfig im Haus und auf langen Reisen waren, sollte sich dieses Wochenende mal alles nur um uns drehen.\" \/>\n<meta property=\"og:url\" content=\"https:\/\/www.heldenhaushalt.de\/sari02\/index.php\/2019\/09\/23\/unser-wib-am-21-22-09-2019\/\" \/>\n<meta property=\"og:site_name\" content=\"Heldenhaushalt\" \/>\n<meta property=\"article:published_time\" content=\"2019-09-23T07:47:12+00:00\" \/>\n<meta property=\"article:modified_time\" content=\"2019-09-23T07:53:33+00:00\" \/>\n<meta property=\"og:image\" content=\"https:\/\/www.heldenhaushalt.de\/sari02\/wp-content\/uploads\/2019\/09\/wib37-00.jpg\" \/>\n\t<meta property=\"og:image:width\" content=\"1000\" \/>\n\t<meta property=\"og:image:height\" content=\"671\" \/>\n\t<meta property=\"og:image:type\" content=\"image\/jpeg\" \/>\n<meta name=\"author\" content=\"Sari\" \/>\n<meta name=\"twitter:card\" content=\"summary_large_image\" \/>\n<meta name=\"twitter:creator\" content=\"@Heldenhaushalt\" \/>\n<meta name=\"twitter:site\" content=\"@Heldenhaushalt\" \/>\n<meta name=\"twitter:label1\" content=\"Verfasst von\" \/>\n\t<meta name=\"twitter:data1\" content=\"Sari\" \/>\n\t<meta name=\"twitter:label2\" content=\"Gesch\u00e4tzte Lesezeit\" \/>\n\t<meta name=\"twitter:data2\" content=\"5\u00a0Minuten\" \/>\n<script type=\"application\/ld+json\" class=\"yoast-schema-graph\">{\"@context\":\"https:\\\/\\\/schema.org\",\"@graph\":[{\"@type\":\"Article\",\"@id\":\"https:\\\/\\\/www.heldenhaushalt.de\\\/sari02\\\/index.php\\\/2019\\\/09\\\/23\\\/unser-wib-am-21-22-09-2019\\\/#article\",\"isPartOf\":{\"@id\":\"https:\\\/\\\/www.heldenhaushalt.de\\\/sari02\\\/index.php\\\/2019\\\/09\\\/23\\\/unser-wib-am-21-22-09-2019\\\/\"},\"author\":{\"name\":\"Sari\",\"@id\":\"https:\\\/\\\/www.heldenhaushalt.de\\\/sari02\\\/#\\\/schema\\\/person\\\/a1cc69f42a01f412eb62c151353814f6\"},\"headline\":\"Unser #WIB am 21.\\\/22.09.2019 &#8211; Brezeln, Musik und gute Laune!\",\"datePublished\":\"2019-09-23T07:47:12+00:00\",\"dateModified\":\"2019-09-23T07:53:33+00:00\",\"mainEntityOfPage\":{\"@id\":\"https:\\\/\\\/www.heldenhaushalt.de\\\/sari02\\\/index.php\\\/2019\\\/09\\\/23\\\/unser-wib-am-21-22-09-2019\\\/\"},\"wordCount\":930,\"commentCount\":0,\"publisher\":{\"@id\":\"https:\\\/\\\/www.heldenhaushalt.de\\\/sari02\\\/#\\\/schema\\\/person\\\/a1cc69f42a01f412eb62c151353814f6\"},\"image\":{\"@id\":\"https:\\\/\\\/www.heldenhaushalt.de\\\/sari02\\\/index.php\\\/2019\\\/09\\\/23\\\/unser-wib-am-21-22-09-2019\\\/#primaryimage\"},\"thumbnailUrl\":\"https:\\\/\\\/www.heldenhaushalt.de\\\/sari02\\\/wp-content\\\/uploads\\\/2019\\\/09\\\/wib37-00.jpg\",\"keywords\":[\"Allt\u00e4glich\",\"Familie\",\"Kinder\",\"Oktoberfest\",\"Potsdamer Platz\",\"R\u00fcckblick\",\"Weltkindertag\",\"WIB\",\"Wochenende\",\"Wochenende in Bildern\"],\"articleSection\":[\"Alltagschaos\",\"Blogsph\u00e4re\"],\"inLanguage\":\"de\",\"potentialAction\":[{\"@type\":\"CommentAction\",\"name\":\"Comment\",\"target\":[\"https:\\\/\\\/www.heldenhaushalt.de\\\/sari02\\\/index.php\\\/2019\\\/09\\\/23\\\/unser-wib-am-21-22-09-2019\\\/#respond\"]}]},{\"@type\":\"WebPage\",\"@id\":\"https:\\\/\\\/www.heldenhaushalt.de\\\/sari02\\\/index.php\\\/2019\\\/09\\\/23\\\/unser-wib-am-21-22-09-2019\\\/\",\"url\":\"https:\\\/\\\/www.heldenhaushalt.de\\\/sari02\\\/index.php\\\/2019\\\/09\\\/23\\\/unser-wib-am-21-22-09-2019\\\/\",\"name\":\"Unser #WIB am 21.\\\/22.09.2019 - Brezeln, Musik und gute Laune!\",\"isPartOf\":{\"@id\":\"https:\\\/\\\/www.heldenhaushalt.de\\\/sari02\\\/#website\"},\"primaryImageOfPage\":{\"@id\":\"https:\\\/\\\/www.heldenhaushalt.de\\\/sari02\\\/index.php\\\/2019\\\/09\\\/23\\\/unser-wib-am-21-22-09-2019\\\/#primaryimage\"},\"image\":{\"@id\":\"https:\\\/\\\/www.heldenhaushalt.de\\\/sari02\\\/index.php\\\/2019\\\/09\\\/23\\\/unser-wib-am-21-22-09-2019\\\/#primaryimage\"},\"thumbnailUrl\":\"https:\\\/\\\/www.heldenhaushalt.de\\\/sari02\\\/wp-content\\\/uploads\\\/2019\\\/09\\\/wib37-00.jpg\",\"datePublished\":\"2019-09-23T07:47:12+00:00\",\"dateModified\":\"2019-09-23T07:53:33+00:00\",\"description\":\"Nachdem wir am letzten #WIB flei\u00dfig im Haus und auf langen Reisen waren, sollte sich dieses Wochenende mal alles nur um uns drehen.\",\"breadcrumb\":{\"@id\":\"https:\\\/\\\/www.heldenhaushalt.de\\\/sari02\\\/index.php\\\/2019\\\/09\\\/23\\\/unser-wib-am-21-22-09-2019\\\/#breadcrumb\"},\"inLanguage\":\"de\",\"potentialAction\":[{\"@type\":\"ReadAction\",\"target\":[\"https:\\\/\\\/www.heldenhaushalt.de\\\/sari02\\\/index.php\\\/2019\\\/09\\\/23\\\/unser-wib-am-21-22-09-2019\\\/\"]}]},{\"@type\":\"ImageObject\",\"inLanguage\":\"de\",\"@id\":\"https:\\\/\\\/www.heldenhaushalt.de\\\/sari02\\\/index.php\\\/2019\\\/09\\\/23\\\/unser-wib-am-21-22-09-2019\\\/#primaryimage\",\"url\":\"https:\\\/\\\/www.heldenhaushalt.de\\\/sari02\\\/wp-content\\\/uploads\\\/2019\\\/09\\\/wib37-00.jpg\",\"contentUrl\":\"https:\\\/\\\/www.heldenhaushalt.de\\\/sari02\\\/wp-content\\\/uploads\\\/2019\\\/09\\\/wib37-00.jpg\",\"width\":1000,\"height\":671,\"caption\":\"#WIB\"},{\"@type\":\"BreadcrumbList\",\"@id\":\"https:\\\/\\\/www.heldenhaushalt.de\\\/sari02\\\/index.php\\\/2019\\\/09\\\/23\\\/unser-wib-am-21-22-09-2019\\\/#breadcrumb\",\"itemListElement\":[{\"@type\":\"ListItem\",\"position\":1,\"name\":\"Startseite\",\"item\":\"https:\\\/\\\/www.heldenhaushalt.de\\\/sari02\\\/\"},{\"@type\":\"ListItem\",\"position\":2,\"name\":\"Unser #WIB am 21.\\\/22.09.2019 &#8211; Brezeln, Musik und gute Laune!\"}]},{\"@type\":\"WebSite\",\"@id\":\"https:\\\/\\\/www.heldenhaushalt.de\\\/sari02\\\/#website\",\"url\":\"https:\\\/\\\/www.heldenhaushalt.de\\\/sari02\\\/\",\"name\":\"Heldenhaushalt\",\"description\":\"Wer es ordentlich haben will, der muss vorher anrufen\",\"publisher\":{\"@id\":\"https:\\\/\\\/www.heldenhaushalt.de\\\/sari02\\\/#\\\/schema\\\/person\\\/a1cc69f42a01f412eb62c151353814f6\"},\"potentialAction\":[{\"@type\":\"SearchAction\",\"target\":{\"@type\":\"EntryPoint\",\"urlTemplate\":\"https:\\\/\\\/www.heldenhaushalt.de\\\/sari02\\\/?s={search_term_string}\"},\"query-input\":{\"@type\":\"PropertyValueSpecification\",\"valueRequired\":true,\"valueName\":\"search_term_string\"}}],\"inLanguage\":\"de\"},{\"@type\":[\"Person\",\"Organization\"],\"@id\":\"https:\\\/\\\/www.heldenhaushalt.de\\\/sari02\\\/#\\\/schema\\\/person\\\/a1cc69f42a01f412eb62c151353814f6\",\"name\":\"Sari\",\"image\":{\"@type\":\"ImageObject\",\"inLanguage\":\"de\",\"@id\":\"https:\\\/\\\/www.heldenhaushalt.de\\\/sari02\\\/wp-content\\\/uploads\\\/2019\\\/02\\\/sari-april2018.png\",\"url\":\"https:\\\/\\\/www.heldenhaushalt.de\\\/sari02\\\/wp-content\\\/uploads\\\/2019\\\/02\\\/sari-april2018.png\",\"contentUrl\":\"https:\\\/\\\/www.heldenhaushalt.de\\\/sari02\\\/wp-content\\\/uploads\\\/2019\\\/02\\\/sari-april2018.png\",\"width\":500,\"height\":500,\"caption\":\"Sari\"},\"logo\":{\"@id\":\"https:\\\/\\\/www.heldenhaushalt.de\\\/sari02\\\/wp-content\\\/uploads\\\/2019\\\/02\\\/sari-april2018.png\"},\"description\":\"Frau Mondgras \u2013 Das bin ich, Sari. Gerne auch als Sari Mondgras bekannt und im Internet zu finden. 2-Fach-Mutter, Heldenehefrau, Kreativling, Harmonies\u00fcchtig und st\u00e4ndig auf der Suche nach Gl\u00fcck. Ich komme aus Berlin, bin hier aufgewachsen und lebe hier seit ich denken kann.\",\"sameAs\":[\"https:\\\/\\\/www.instagram.com\\\/heldenhaushalt\\\/\"],\"url\":\"https:\\\/\\\/www.heldenhaushalt.de\\\/sari02\\\/index.php\\\/author\\\/admin\\\/\"}]}<\/script>\n<!-- \/ Yoast SEO plugin. -->","yoast_head_json":{"title":"Unser #WIB am 21.\/22.09.2019 - Brezeln, Musik und gute Laune!","description":"Nachdem wir am letzten #WIB flei\u00dfig im Haus und auf langen Reisen waren, sollte sich dieses Wochenende mal alles nur um uns drehen.","robots":{"index":"index","follow":"follow","max-snippet":"max-snippet:-1","max-image-preview":"max-image-preview:large","max-video-preview":"max-video-preview:-1"},"canonical":"https:\/\/www.heldenhaushalt.de\/sari02\/index.php\/2019\/09\/23\/unser-wib-am-21-22-09-2019\/","og_locale":"de_DE","og_type":"article","og_title":"Unser #WIB am 21.\/22.09.2019 - Brezeln, Musik und gute Laune!","og_description":"Nachdem wir am letzten #WIB flei\u00dfig im Haus und auf langen Reisen waren, sollte sich dieses Wochenende mal alles nur um uns drehen.","og_url":"https:\/\/www.heldenhaushalt.de\/sari02\/index.php\/2019\/09\/23\/unser-wib-am-21-22-09-2019\/","og_site_name":"Heldenhaushalt","article_published_time":"2019-09-23T07:47:12+00:00","article_modified_time":"2019-09-23T07:53:33+00:00","og_image":[{"width":1000,"height":671,"url":"https:\/\/www.heldenhaushalt.de\/sari02\/wp-content\/uploads\/2019\/09\/wib37-00.jpg","type":"image\/jpeg"}],"author":"Sari","twitter_card":"summary_large_image","twitter_creator":"@Heldenhaushalt","twitter_site":"@Heldenhaushalt","twitter_misc":{"Verfasst von":"Sari","Gesch\u00e4tzte Lesezeit":"5\u00a0Minuten"},"schema":{"@context":"https:\/\/schema.org","@graph":[{"@type":"Article","@id":"https:\/\/www.heldenhaushalt.de\/sari02\/index.php\/2019\/09\/23\/unser-wib-am-21-22-09-2019\/#article","isPartOf":{"@id":"https:\/\/www.heldenhaushalt.de\/sari02\/index.php\/2019\/09\/23\/unser-wib-am-21-22-09-2019\/"},"author":{"name":"Sari","@id":"https:\/\/www.heldenhaushalt.de\/sari02\/#\/schema\/person\/a1cc69f42a01f412eb62c151353814f6"},"headline":"Unser #WIB am 21.\/22.09.2019 &#8211; Brezeln, Musik und gute Laune!","datePublished":"2019-09-23T07:47:12+00:00","dateModified":"2019-09-23T07:53:33+00:00","mainEntityOfPage":{"@id":"https:\/\/www.heldenhaushalt.de\/sari02\/index.php\/2019\/09\/23\/unser-wib-am-21-22-09-2019\/"},"wordCount":930,"commentCount":0,"publisher":{"@id":"https:\/\/www.heldenhaushalt.de\/sari02\/#\/schema\/person\/a1cc69f42a01f412eb62c151353814f6"},"image":{"@id":"https:\/\/www.heldenhaushalt.de\/sari02\/index.php\/2019\/09\/23\/unser-wib-am-21-22-09-2019\/#primaryimage"},"thumbnailUrl":"https:\/\/www.heldenhaushalt.de\/sari02\/wp-content\/uploads\/2019\/09\/wib37-00.jpg","keywords":["Allt\u00e4glich","Familie","Kinder","Oktoberfest","Potsdamer Platz","R\u00fcckblick","Weltkindertag","WIB","Wochenende","Wochenende in Bildern"],"articleSection":["Alltagschaos","Blogsph\u00e4re"],"inLanguage":"de","potentialAction":[{"@type":"CommentAction","name":"Comment","target":["https:\/\/www.heldenhaushalt.de\/sari02\/index.php\/2019\/09\/23\/unser-wib-am-21-22-09-2019\/#respond"]}]},{"@type":"WebPage","@id":"https:\/\/www.heldenhaushalt.de\/sari02\/index.php\/2019\/09\/23\/unser-wib-am-21-22-09-2019\/","url":"https:\/\/www.heldenhaushalt.de\/sari02\/index.php\/2019\/09\/23\/unser-wib-am-21-22-09-2019\/","name":"Unser #WIB am 21.\/22.09.2019 - Brezeln, Musik und gute Laune!","isPartOf":{"@id":"https:\/\/www.heldenhaushalt.de\/sari02\/#website"},"primaryImageOfPage":{"@id":"https:\/\/www.heldenhaushalt.de\/sari02\/index.php\/2019\/09\/23\/unser-wib-am-21-22-09-2019\/#primaryimage"},"image":{"@id":"https:\/\/www.heldenhaushalt.de\/sari02\/index.php\/2019\/09\/23\/unser-wib-am-21-22-09-2019\/#primaryimage"},"thumbnailUrl":"https:\/\/www.heldenhaushalt.de\/sari02\/wp-content\/uploads\/2019\/09\/wib37-00.jpg","datePublished":"2019-09-23T07:47:12+00:00","dateModified":"2019-09-23T07:53:33+00:00","description":"Nachdem wir am letzten #WIB flei\u00dfig im Haus und auf langen Reisen waren, sollte sich dieses Wochenende mal alles nur um uns drehen.","breadcrumb":{"@id":"https:\/\/www.heldenhaushalt.de\/sari02\/index.php\/2019\/09\/23\/unser-wib-am-21-22-09-2019\/#breadcrumb"},"inLanguage":"de","potentialAction":[{"@type":"ReadAction","target":["https:\/\/www.heldenhaushalt.de\/sari02\/index.php\/2019\/09\/23\/unser-wib-am-21-22-09-2019\/"]}]},{"@type":"ImageObject","inLanguage":"de","@id":"https:\/\/www.heldenhaushalt.de\/sari02\/index.php\/2019\/09\/23\/unser-wib-am-21-22-09-2019\/#primaryimage","url":"https:\/\/www.heldenhaushalt.de\/sari02\/wp-content\/uploads\/2019\/09\/wib37-00.jpg","contentUrl":"https:\/\/www.heldenhaushalt.de\/sari02\/wp-content\/uploads\/2019\/09\/wib37-00.jpg","width":1000,"height":671,"caption":"#WIB"},{"@type":"BreadcrumbList","@id":"https:\/\/www.heldenhaushalt.de\/sari02\/index.php\/2019\/09\/23\/unser-wib-am-21-22-09-2019\/#breadcrumb","itemListElement":[{"@type":"ListItem","position":1,"name":"Startseite","item":"https:\/\/www.heldenhaushalt.de\/sari02\/"},{"@type":"ListItem","position":2,"name":"Unser #WIB am 21.\/22.09.2019 &#8211; Brezeln, Musik und gute Laune!"}]},{"@type":"WebSite","@id":"https:\/\/www.heldenhaushalt.de\/sari02\/#website","url":"https:\/\/www.heldenhaushalt.de\/sari02\/","name":"Heldenhaushalt","description":"Wer es ordentlich haben will, der muss vorher anrufen","publisher":{"@id":"https:\/\/www.heldenhaushalt.de\/sari02\/#\/schema\/person\/a1cc69f42a01f412eb62c151353814f6"},"potentialAction":[{"@type":"SearchAction","target":{"@type":"EntryPoint","urlTemplate":"https:\/\/www.heldenhaushalt.de\/sari02\/?s={search_term_string}"},"query-input":{"@type":"PropertyValueSpecification","valueRequired":true,"valueName":"search_term_string"}}],"inLanguage":"de"},{"@type":["Person","Organization"],"@id":"https:\/\/www.heldenhaushalt.de\/sari02\/#\/schema\/person\/a1cc69f42a01f412eb62c151353814f6","name":"Sari","image":{"@type":"ImageObject","inLanguage":"de","@id":"https:\/\/www.heldenhaushalt.de\/sari02\/wp-content\/uploads\/2019\/02\/sari-april2018.png","url":"https:\/\/www.heldenhaushalt.de\/sari02\/wp-content\/uploads\/2019\/02\/sari-april2018.png","contentUrl":"https:\/\/www.heldenhaushalt.de\/sari02\/wp-content\/uploads\/2019\/02\/sari-april2018.png","width":500,"height":500,"caption":"Sari"},"logo":{"@id":"https:\/\/www.heldenhaushalt.de\/sari02\/wp-content\/uploads\/2019\/02\/sari-april2018.png"},"description":"Frau Mondgras \u2013 Das bin ich, Sari. Gerne auch als Sari Mondgras bekannt und im Internet zu finden. 2-Fach-Mutter, Heldenehefrau, Kreativling, Harmonies\u00fcchtig und st\u00e4ndig auf der Suche nach Gl\u00fcck. Ich komme aus Berlin, bin hier aufgewachsen und lebe hier seit ich denken kann.","sameAs":["https:\/\/www.instagram.com\/heldenhaushalt\/"],"url":"https:\/\/www.heldenhaushalt.de\/sari02\/index.php\/author\/admin\/"}]}},"views":2643,"_links":{"self":[{"href":"https:\/\/www.heldenhaushalt.de\/sari02\/index.php\/wp-json\/wp\/v2\/posts\/46165","targetHints":{"allow":["GET"]}}],"collection":[{"href":"https:\/\/www.heldenhaushalt.de\/sari02\/index.php\/wp-json\/wp\/v2\/posts"}],"about":[{"href":"https:\/\/www.heldenhaushalt.de\/sari02\/index.php\/wp-json\/wp\/v2\/types\/post"}],"author":[{"embeddable":true,"href":"https:\/\/www.heldenhaushalt.de\/sari02\/index.php\/wp-json\/wp\/v2\/users\/1"}],"replies":[{"embeddable":true,"href":"https:\/\/www.heldenhaushalt.de\/sari02\/index.php\/wp-json\/wp\/v2\/comments?post=46165"}],"version-history":[{"count":1,"href":"https:\/\/www.heldenhaushalt.de\/sari02\/index.php\/wp-json\/wp\/v2\/posts\/46165\/revisions"}],"predecessor-version":[{"id":46180,"href":"https:\/\/www.heldenhaushalt.de\/sari02\/index.php\/wp-json\/wp\/v2\/posts\/46165\/revisions\/46180"}],"wp:featuredmedia":[{"embeddable":true,"href":"https:\/\/www.heldenhaushalt.de\/sari02\/index.php\/wp-json\/wp\/v2\/media\/46166"}],"wp:attachment":[{"href":"https:\/\/www.heldenhaushalt.de\/sari02\/index.php\/wp-json\/wp\/v2\/media?parent=46165"}],"wp:term":[{"taxonomy":"category","embeddable":true,"href":"https:\/\/www.heldenhaushalt.de\/sari02\/index.php\/wp-json\/wp\/v2\/categories?post=46165"},{"taxonomy":"post_tag","embeddable":true,"href":"https:\/\/www.heldenhaushalt.de\/sari02\/index.php\/wp-json\/wp\/v2\/tags?post=46165"}],"curies":[{"name":"wp","href":"https:\/\/api.w.org\/{rel}","templated":true}]}}