{"id":46414,"date":"2019-10-22T09:00:41","date_gmt":"2019-10-22T07:00:41","guid":{"rendered":"https:\/\/www.heldenhaushalt.de\/sari02\/?p=46414"},"modified":"2019-10-21T10:51:20","modified_gmt":"2019-10-21T08:51:20","slug":"15-minuten-die-vielen-farben-vom-herbst","status":"publish","type":"post","link":"https:\/\/www.heldenhaushalt.de\/sari02\/index.php\/2019\/10\/22\/15-minuten-die-vielen-farben-vom-herbst\/","title":{"rendered":"15 Minuten &#8211; Die vielen Farben vom Herbst"},"content":{"rendered":"<p>Ich probiere derzeit etwas aus. Im Gegensatz zu fr&#252;her habe ich nur noch ganz selten meine gro&#223;e Kamera dabei. Eigentlich m&#246;chte ich auch damit mal wieder gezielter etwas machen, aber die Tatsache, dass heutzutage schon Handys in der Lage sind gute Fotos zu machen, macht einen selber fauler. Man hat mit dem Handy bzw. Smartphone ja praktisch alles wichtige immer dabei. Kalender, Telefon, Notizblock und eben auch Kamera. Nun gut, sei es drum.&nbsp;<\/p>\n<p>Ich probiere auf jeden Fall gerade etwas aus. Und zwar verschiedene Apps, mit denen man angeblich das Beste aus seiner Handykamera herausholen kann. Ob das wohl stimmt? Keine Ahnung, aber genau das versuche ich gerade heraus zu finden.<\/p>\n<h2>15 Minuten durch die Herbst spazieren und seine vielen Gesichter kennen lernen<\/h2>\n<p>Als wir am Sonntag einen Spaziergang zum Spielplatz mit den Kindern gemacht hatten und die M&#228;nner intensiv in ein Fu&#223;ballspiel auf dem Bolzplatz vertieft waren, beschloss ich, dass es ein guter Zeitpunkt war, <a href=\"https:\/\/www.heldenhaushalt.de\/sari02\/index.php\/2019\/10\/12\/15-minuten-ich-wandere-ueber-ein-kuerbisfeld\/\">um wieder einmal den Timer zu stellen<\/a>.<\/p>\n<p><img loading=\"lazy\" decoding=\"async\" class=\"alignnone wp-image-46423 size-full\" src=\"https:\/\/www.heldenhaushalt.de\/sari02\/wp-content\/uploads\/2019\/10\/herbst08.jpg\" alt=\"Herbst\" width=\"1000\" height=\"741\" srcset=\"https:\/\/www.heldenhaushalt.de\/sari02\/wp-content\/uploads\/2019\/10\/herbst08.jpg 1000w, https:\/\/www.heldenhaushalt.de\/sari02\/wp-content\/uploads\/2019\/10\/herbst08-300x222.jpg 300w, https:\/\/www.heldenhaushalt.de\/sari02\/wp-content\/uploads\/2019\/10\/herbst08-768x569.jpg 768w\" sizes=\"auto, (max-width: 1000px) 100vw, 1000px\" \/><\/p>\n<p><strong>15 Minuten<\/strong>, um meine Umgebung auf mich wirken zu lassen. Dabei sind die Fotos entstanden, die heute diesen Beitrag &#8220;begleiten&#8221;. Au&#223;erdem auch gleich eine gute M&#246;glichkeit, um eine dieser hoch angepriesenen Apps auszuprobieren. Statt also die regul&#228;re Kamera zu nutzen, die in meinem Telefon als Standard-App integriert ist, habe ich mal eine der andere benutzt. Und zwar f&#252;r die gesamten 15 Minuten.<\/p>\n<h2>Und w&#228;hrend ich so umher wandere, entdecke ich so viele verschiedene Farben.<\/h2>\n<p>Im Herbst explorieren die Farben ja regelrecht. Die saftig gr&#252;nen Bl&#228;tter der B&#228;ume f&#228;rben sich von gr&#252;n mehr und mehr ins Gelbe, teilweise Orange und manchmal sogar ins leuchtend Rote. Wahnsinn, oder?<\/p>\n<p><img loading=\"lazy\" decoding=\"async\" class=\"alignnone wp-image-46416 size-full\" src=\"https:\/\/www.heldenhaushalt.de\/sari02\/wp-content\/uploads\/2019\/10\/herbst01.jpg\" alt=\"Herbst\" width=\"1000\" height=\"718\" srcset=\"https:\/\/www.heldenhaushalt.de\/sari02\/wp-content\/uploads\/2019\/10\/herbst01.jpg 1000w, https:\/\/www.heldenhaushalt.de\/sari02\/wp-content\/uploads\/2019\/10\/herbst01-300x215.jpg 300w, https:\/\/www.heldenhaushalt.de\/sari02\/wp-content\/uploads\/2019\/10\/herbst01-768x551.jpg 768w\" sizes=\"auto, (max-width: 1000px) 100vw, 1000px\" \/><\/p>\n<p>Doch wenn man die Augen mal aufmacht und genauer hinschaut, dann kann man sehen, dass es noch viel mehr Farben sind. So wie hier die Bl&#228;tter mehr und mehr ins Lilane gehen.<\/p>\n<p><img loading=\"lazy\" decoding=\"async\" class=\"alignnone wp-image-46417 size-full\" src=\"https:\/\/www.heldenhaushalt.de\/sari02\/wp-content\/uploads\/2019\/10\/herbst02.jpg\" alt=\"Vogelbeeren?\" width=\"1000\" height=\"698\" srcset=\"https:\/\/www.heldenhaushalt.de\/sari02\/wp-content\/uploads\/2019\/10\/herbst02.jpg 1000w, https:\/\/www.heldenhaushalt.de\/sari02\/wp-content\/uploads\/2019\/10\/herbst02-300x209.jpg 300w, https:\/\/www.heldenhaushalt.de\/sari02\/wp-content\/uploads\/2019\/10\/herbst02-768x536.jpg 768w\" sizes=\"auto, (max-width: 1000px) 100vw, 1000px\" \/><\/p>\n<p>Besonders faszinierend finde ich es ja, wenn sogar die &#196;ste und Stiele eine andere Farbe haben, als man es sonst so von ihnen gewohnt sind. Wenn die Bl&#228;tter dann fallen und diese &#8220;Knochen&#8221; zum Vorschein kommen, dann leuchten sie in dem tristen Grau so richtig intensiv und haben ihren eigenen Auftritt.<\/p>\n<h2>Doch Natur ist auch verg&#228;nglich&#8230;<\/h2>\n<p>Das beobachten wir jedes Jahr im Herbst. So sch&#246;n es aussieht, wenn die Bl&#228;tter wie Regen von den B&#228;umen herabrieseln, so bedeutet es auch gleichzeitig f&#252;r sie, dass sie sterben. Im n&#228;chsten Jahr erbl&#252;hen zwar neue an den B&#228;umen und B&#252;schen, doch ihre Zeit ist nun vorbei.<\/p>\n<p><img loading=\"lazy\" decoding=\"async\" class=\"alignnone size-full wp-image-46425\" src=\"https:\/\/www.heldenhaushalt.de\/sari02\/wp-content\/uploads\/2019\/10\/herbst10.jpg\" alt=\"Aber auch Verg&#228;nglichkeit\" width=\"1000\" height=\"737\" srcset=\"https:\/\/www.heldenhaushalt.de\/sari02\/wp-content\/uploads\/2019\/10\/herbst10.jpg 1000w, https:\/\/www.heldenhaushalt.de\/sari02\/wp-content\/uploads\/2019\/10\/herbst10-300x221.jpg 300w, https:\/\/www.heldenhaushalt.de\/sari02\/wp-content\/uploads\/2019\/10\/herbst10-768x566.jpg 768w\" sizes=\"auto, (max-width: 1000px) 100vw, 1000px\" \/><\/p>\n<p>Sie vertrocknen und ihre R&#228;nder kringeln sich ein, verf&#228;rben sich, werden br&#252;chig und kr&#252;meln teilweise still vor sich hin. Und dennoch strahlen sie ihre ganz eigene Magie aus, nicht wahr?<\/p>\n<p><img loading=\"lazy\" decoding=\"async\" class=\"alignnone wp-image-46426 size-full\" src=\"https:\/\/www.heldenhaushalt.de\/sari02\/wp-content\/uploads\/2019\/10\/herbst11.jpg\" alt=\"Herbst\" width=\"1000\" height=\"780\" srcset=\"https:\/\/www.heldenhaushalt.de\/sari02\/wp-content\/uploads\/2019\/10\/herbst11.jpg 1000w, https:\/\/www.heldenhaushalt.de\/sari02\/wp-content\/uploads\/2019\/10\/herbst11-300x234.jpg 300w, https:\/\/www.heldenhaushalt.de\/sari02\/wp-content\/uploads\/2019\/10\/herbst11-768x599.jpg 768w\" sizes=\"auto, (max-width: 1000px) 100vw, 1000px\" \/><\/p>\n<p>Einfach mal stehen bleiben und staunen, was die Natur da alles schafft. Jahr f&#252;r Jahr, Jahreszeit f&#252;r Jahreszeit. Jedes Jahr wieder.<\/p>\n<p><img loading=\"lazy\" decoding=\"async\" class=\"alignnone wp-image-46418 size-full\" src=\"https:\/\/www.heldenhaushalt.de\/sari02\/wp-content\/uploads\/2019\/10\/herbst03.jpg\" alt=\"Herbst\" width=\"1000\" height=\"688\" srcset=\"https:\/\/www.heldenhaushalt.de\/sari02\/wp-content\/uploads\/2019\/10\/herbst03.jpg 1000w, https:\/\/www.heldenhaushalt.de\/sari02\/wp-content\/uploads\/2019\/10\/herbst03-300x206.jpg 300w, https:\/\/www.heldenhaushalt.de\/sari02\/wp-content\/uploads\/2019\/10\/herbst03-768x528.jpg 768w\" sizes=\"auto, (max-width: 1000px) 100vw, 1000px\" \/><\/p>\n<p>Und sei es nur ein Baum, der gef&#228;llt wurde und aus dessen Stumpf sich neue Zweige und &#196;ste hervork&#228;mpfen. Sagt man nicht, dass die Natur immer ihren Weg findet?<\/p>\n<h2>Doch im Herbst entdecken wir nicht nur die Farben, sondern auch kleine Sch&#228;tze&#8230;<\/h2>\n<p>Als Kind habe ich mir da kaum Gedanken dr&#252;ber gemacht. Ich sprang in Laubhaufen, kletterte in dicht bewachsene B&#252;sche und sammelte all die Federn vom Boden, die &#252;berall herum lagen. Wie kleine Sch&#228;tze.<\/p>\n<p><img loading=\"lazy\" decoding=\"async\" class=\"alignnone size-full wp-image-46419\" src=\"https:\/\/www.heldenhaushalt.de\/sari02\/wp-content\/uploads\/2019\/10\/herbst04.jpg\" alt=\"Vogelfeder\" width=\"1000\" height=\"725\" srcset=\"https:\/\/www.heldenhaushalt.de\/sari02\/wp-content\/uploads\/2019\/10\/herbst04.jpg 1000w, https:\/\/www.heldenhaushalt.de\/sari02\/wp-content\/uploads\/2019\/10\/herbst04-300x218.jpg 300w, https:\/\/www.heldenhaushalt.de\/sari02\/wp-content\/uploads\/2019\/10\/herbst04-768x557.jpg 768w\" sizes=\"auto, (max-width: 1000px) 100vw, 1000px\" \/><\/p>\n<p>Heute habe ich da eine andere Sichtweise drauf. Die &#228;ngstlichere&#8230; leider. Ich denke an all die Tiere, die Zecken und die Krankheiten, die damit einher gehen k&#246;nnen. Kindheit hin oder her. Aber ich glaube wir werden da einfach auch &#228;ngstlicher gemacht heutzutage. Abschalten kann ich es dennoch nicht.<\/p>\n<p><img loading=\"lazy\" decoding=\"async\" class=\"alignnone wp-image-46420 size-full\" src=\"https:\/\/www.heldenhaushalt.de\/sari02\/wp-content\/uploads\/2019\/10\/herbst05.jpg\" alt=\"Herbst\" width=\"1000\" height=\"743\" srcset=\"https:\/\/www.heldenhaushalt.de\/sari02\/wp-content\/uploads\/2019\/10\/herbst05.jpg 1000w, https:\/\/www.heldenhaushalt.de\/sari02\/wp-content\/uploads\/2019\/10\/herbst05-300x223.jpg 300w, https:\/\/www.heldenhaushalt.de\/sari02\/wp-content\/uploads\/2019\/10\/herbst05-768x571.jpg 768w\" sizes=\"auto, (max-width: 1000px) 100vw, 1000px\" \/><\/p>\n<p>Aber ich genie&#223;e den bunten Bl&#228;tterteppich jedes Jahr aufs Neue und nat&#252;rlich sammeln auch wir viele der Sch&#228;tze ein, die der Herbst f&#252;r uns bereit h&#228;lt.<\/p>\n<p><img loading=\"lazy\" decoding=\"async\" class=\"alignnone size-full wp-image-46421\" src=\"https:\/\/www.heldenhaushalt.de\/sari02\/wp-content\/uploads\/2019\/10\/herbst06.jpg\" alt=\"15 Minuten\" width=\"1000\" height=\"704\" srcset=\"https:\/\/www.heldenhaushalt.de\/sari02\/wp-content\/uploads\/2019\/10\/herbst06.jpg 1000w, https:\/\/www.heldenhaushalt.de\/sari02\/wp-content\/uploads\/2019\/10\/herbst06-300x211.jpg 300w, https:\/\/www.heldenhaushalt.de\/sari02\/wp-content\/uploads\/2019\/10\/herbst06-768x541.jpg 768w\" sizes=\"auto, (max-width: 1000px) 100vw, 1000px\" \/><\/p>\n<p>Mein Telefon piept auf einmal. Die 15 Minuten sind um und ich schaue mich um: Die M&#228;nner spielen noch immer. Doch die Sonne geht langsam unter. Es wird k&#252;hl. Mir fr&#246;stelt es ein wenig. Ich genie&#223;e noch ein paar Minuten den Sonnenuntergang und rufe dann nach meinen Helden. Zeit nach Hause zu gehen.<\/p>\n<h2>Welche Farben verbindet ihr mit dem Herbst?<\/h2>\n<p>In den 15 Minuten, die ich die Umgebung mit der Kamera in der Hand abgelaufen bin, habe ich so manche Farben entdeckt. Gr&#252;n, Orange, Gelb, Rot, Lila, Braun&#8230;. alle in unterschiedlichen Abstufungen.&nbsp;<\/p>\n<p><img loading=\"lazy\" decoding=\"async\" class=\"alignnone size-full wp-image-46422\" src=\"https:\/\/www.heldenhaushalt.de\/sari02\/wp-content\/uploads\/2019\/10\/herbst07.jpg\" alt=\"Fast wie Feuer\" width=\"1000\" height=\"687\" srcset=\"https:\/\/www.heldenhaushalt.de\/sari02\/wp-content\/uploads\/2019\/10\/herbst07.jpg 1000w, https:\/\/www.heldenhaushalt.de\/sari02\/wp-content\/uploads\/2019\/10\/herbst07-300x206.jpg 300w, https:\/\/www.heldenhaushalt.de\/sari02\/wp-content\/uploads\/2019\/10\/herbst07-768x528.jpg 768w\" sizes=\"auto, (max-width: 1000px) 100vw, 1000px\" \/><\/p>\n<p>Ihr Zusammenspiel mit ihrem Umfeld lie&#223; die vielen Farbt&#246;ne jedes Mal anders wirken. Rote Bl&#228;tter auf brauner Erde sehen anders aus als rote Bl&#228;tter auf Gehwegen oder gar in Sandk&#228;sten. Wisst ihr, was ich meine?<\/p>\n<p><img loading=\"lazy\" decoding=\"async\" class=\"alignnone size-full wp-image-46424\" src=\"https:\/\/www.heldenhaushalt.de\/sari02\/wp-content\/uploads\/2019\/10\/herbst09.jpg\" alt=\"15 Minuten\" width=\"1000\" height=\"716\" srcset=\"https:\/\/www.heldenhaushalt.de\/sari02\/wp-content\/uploads\/2019\/10\/herbst09.jpg 1000w, https:\/\/www.heldenhaushalt.de\/sari02\/wp-content\/uploads\/2019\/10\/herbst09-300x215.jpg 300w, https:\/\/www.heldenhaushalt.de\/sari02\/wp-content\/uploads\/2019\/10\/herbst09-768x550.jpg 768w\" sizes=\"auto, (max-width: 1000px) 100vw, 1000px\" \/><\/p>\n<p>Das hier ist &#252;brigens eines meiner Lieblingsfotos von Sonntag. Das Spiel zwischen Sch&#228;rfe und Unsch&#228;rfe, den verschiedenen Rott&#246;nen und dazwischen noch andere Farben. Und huch, was ist das&#8230; habt ihr die kleine Ameise entdeckt, die sich da versteckt hat?<\/p>\n<p>Erz&#228;hlt mir doch mal, welche Farben euch als erstes in den Sinn kommen, wenn ihr an den Herbst denkt?<\/p>\n<p>Mal sehen, wann ich die n&#228;chsten 15 Minuten f&#252;r mich finde und wie gef&#228;llt euch diese Reihe eigentlich?<\/p>\n","protected":false},"excerpt":{"rendered":"<p>Ich probiere derzeit etwas aus. Im Gegensatz zu fr&#252;her habe ich nur noch ganz selten meine gro&#223;e Kamera dabei. Eigentlich m&#246;chte ich auch damit mal wieder gezielter etwas machen, aber die Tatsache, dass heutzutage schon Handys in der Lage sind gute Fotos zu machen, macht einen selber fauler. Man hat mit dem Handy bzw. Smartphone ja praktisch alles wichtige immer dabei. Kalender, Telefon, Notizblock und eben auch Kamera. Nun gut, sei es drum.&nbsp; Ich probiere auf jeden Fall gerade etwas aus. Und zwar verschiedene Apps, mit denen man angeblich das Beste aus seiner Handykamera herausholen kann. Ob das wohl stimmt? Keine Ahnung, aber genau das versuche ich gerade heraus zu finden. 15 Minuten durch die Herbst spazieren und seine vielen Gesichter kennen lernen Als wir am Sonntag einen Spaziergang zum Spielplatz mit den Kindern gemacht hatten und die M&#228;nner intensiv in ein Fu&#223;ballspiel auf dem Bolzplatz vertieft waren, beschloss ich, dass es ein guter Zeitpunkt war, um wieder einmal den Timer zu stellen. 15 Minuten, um meine Umgebung auf mich wirken zu lassen. Dabei sind die Fotos entstanden, die heute diesen Beitrag &#8220;begleiten&#8221;. Au&#223;erdem auch gleich eine gute M&#246;glichkeit, um eine dieser hoch angepriesenen Apps auszuprobieren. Statt also die regul&#228;re Kamera zu nutzen, die in meinem Telefon als Standard-App integriert ist, habe ich mal eine der andere benutzt. Und zwar f&#252;r die gesamten 15 Minuten. Und w&#228;hrend ich so umher wandere, entdecke ich so viele verschiedene Farben. Im Herbst explorieren die Farben ja regelrecht. Die saftig gr&#252;nen Bl&#228;tter der B&#228;ume f&#228;rben sich von gr&#252;n mehr und mehr ins Gelbe, teilweise Orange und manchmal sogar ins leuchtend Rote. Wahnsinn, oder? Doch wenn man die Augen mal aufmacht und genauer hinschaut, dann kann man sehen, dass es noch viel mehr Farben sind. So wie hier die Bl&#228;tter mehr und mehr ins Lilane gehen. Besonders faszinierend finde ich es ja, wenn sogar die &#196;ste und Stiele eine andere Farbe haben, als man es sonst so von ihnen gewohnt sind. Wenn die Bl&#228;tter dann fallen und diese &#8220;Knochen&#8221; zum Vorschein kommen, dann leuchten sie in dem tristen Grau so richtig intensiv und haben ihren eigenen Auftritt. Doch Natur ist auch verg&#228;nglich&#8230; Das beobachten wir jedes Jahr im Herbst. So sch&#246;n es aussieht, wenn die Bl&#228;tter wie Regen von den B&#228;umen herabrieseln, so bedeutet es auch gleichzeitig f&#252;r sie, dass sie sterben. Im n&#228;chsten Jahr erbl&#252;hen zwar neue an den B&#228;umen und B&#252;schen, doch ihre Zeit ist nun vorbei. Sie vertrocknen und ihre R&#228;nder kringeln sich ein, verf&#228;rben sich, werden br&#252;chig und kr&#252;meln teilweise still vor sich hin. Und dennoch strahlen sie ihre ganz eigene Magie aus, nicht wahr? Einfach mal stehen bleiben und staunen, was die Natur da alles schafft. Jahr f&#252;r Jahr, Jahreszeit f&#252;r Jahreszeit. Jedes Jahr wieder. Und sei es nur ein Baum, der gef&#228;llt wurde und aus dessen Stumpf sich neue Zweige und &#196;ste hervork&#228;mpfen. Sagt man nicht, dass die Natur immer ihren Weg findet? Doch im Herbst entdecken wir nicht nur die Farben, sondern auch kleine Sch&#228;tze&#8230; Als Kind habe ich mir da kaum Gedanken dr&#252;ber gemacht. Ich sprang in Laubhaufen, kletterte in dicht bewachsene B&#252;sche und sammelte all die Federn vom Boden, die &#252;berall herum lagen. Wie kleine Sch&#228;tze. Heute habe ich da eine andere Sichtweise drauf. Die &#228;ngstlichere&#8230; leider. Ich denke an all die Tiere, die Zecken und die Krankheiten, die damit einher gehen k&#246;nnen. Kindheit hin oder her. Aber ich glaube wir werden da einfach auch &#228;ngstlicher gemacht heutzutage. Abschalten kann ich es dennoch nicht. Aber ich genie&#223;e den bunten Bl&#228;tterteppich jedes Jahr aufs Neue und nat&#252;rlich sammeln auch wir viele der Sch&#228;tze ein, die der Herbst f&#252;r uns bereit h&#228;lt. Mein Telefon piept auf einmal. Die 15 Minuten sind um und ich schaue mich um: Die M&#228;nner spielen noch immer. Doch die Sonne geht langsam unter. Es wird k&#252;hl. Mir fr&#246;stelt es ein wenig. Ich genie&#223;e noch ein paar Minuten den Sonnenuntergang und rufe dann nach meinen Helden. Zeit nach Hause zu gehen. Welche Farben verbindet ihr mit dem Herbst? In den 15 Minuten, die ich die Umgebung mit der Kamera in der Hand abgelaufen bin, habe ich so manche Farben entdeckt. Gr&#252;n, Orange, Gelb, Rot, Lila, Braun&#8230;. alle in unterschiedlichen Abstufungen.&nbsp; Ihr Zusammenspiel mit ihrem Umfeld lie&#223; die vielen Farbt&#246;ne jedes Mal anders wirken. Rote Bl&#228;tter auf brauner Erde sehen anders aus als rote Bl&#228;tter auf Gehwegen oder gar in Sandk&#228;sten. Wisst ihr, was ich meine? Das hier ist &#252;brigens eines meiner Lieblingsfotos von Sonntag. Das Spiel zwischen Sch&#228;rfe und Unsch&#228;rfe, den verschiedenen Rott&#246;nen und dazwischen noch andere Farben. Und huch, was ist das&#8230; habt ihr die kleine Ameise entdeckt, die sich da versteckt hat? Erz&#228;hlt mir doch mal, welche Farben euch als erstes in den Sinn kommen, wenn ihr an den Herbst denkt? Mal sehen, wann ich die n&#228;chsten 15 Minuten f&#252;r mich finde und wie gef&#228;llt euch diese Reihe eigentlich?<\/p>\n","protected":false},"author":1,"featured_media":46415,"comment_status":"open","ping_status":"open","sticky":false,"template":"","format":"standard","meta":{"ngg_post_thumbnail":0,"footnotes":""},"categories":[2210,106,1576],"tags":[2394,1175,395,2388,930,418,222,1279,2290],"class_list":["post-46414","post","type-post","status-publish","format-standard","has-post-thumbnail","hentry","category-featured","category-fotografie","category-kreativ-2","tag-15-minuten","tag-farben","tag-fotografie","tag-fotografieren","tag-fotos","tag-herbst","tag-kreativ","tag-natur","tag-natur-entdecken"],"yoast_head":"<!-- This site is optimized with the Yoast SEO plugin v27.5 - https:\/\/yoast.com\/product\/yoast-seo-wordpress\/ -->\n<title>15 Minuten - Die vielen Farben vom Herbst - Heldenhaushalt<\/title>\n<meta name=\"description\" content=\"Im Herbst explorieren die Farben ja regelrecht. Die saftig gr\u00fcnen Bl\u00e4tter der B\u00e4ume f\u00e4rben sich von gr\u00fcn mehr und mehr ins Gelbe...\" \/>\n<meta name=\"robots\" content=\"index, follow, max-snippet:-1, max-image-preview:large, max-video-preview:-1\" \/>\n<link rel=\"canonical\" href=\"https:\/\/www.heldenhaushalt.de\/sari02\/index.php\/2019\/10\/22\/15-minuten-die-vielen-farben-vom-herbst\/\" \/>\n<meta property=\"og:locale\" content=\"de_DE\" \/>\n<meta property=\"og:type\" content=\"article\" \/>\n<meta property=\"og:title\" content=\"15 Minuten - Die vielen Farben vom Herbst - Heldenhaushalt\" \/>\n<meta property=\"og:description\" content=\"Im Herbst explorieren die Farben ja regelrecht. Die saftig gr\u00fcnen Bl\u00e4tter der B\u00e4ume f\u00e4rben sich von gr\u00fcn mehr und mehr ins Gelbe...\" \/>\n<meta property=\"og:url\" content=\"https:\/\/www.heldenhaushalt.de\/sari02\/index.php\/2019\/10\/22\/15-minuten-die-vielen-farben-vom-herbst\/\" \/>\n<meta property=\"og:site_name\" content=\"Heldenhaushalt\" \/>\n<meta property=\"article:published_time\" content=\"2019-10-22T07:00:41+00:00\" \/>\n<meta property=\"og:image\" content=\"https:\/\/www.heldenhaushalt.de\/sari02\/wp-content\/uploads\/2019\/10\/herbst00.jpg\" \/>\n\t<meta property=\"og:image:width\" content=\"1000\" \/>\n\t<meta property=\"og:image:height\" content=\"751\" \/>\n\t<meta property=\"og:image:type\" content=\"image\/jpeg\" \/>\n<meta name=\"author\" content=\"Sari\" \/>\n<meta name=\"twitter:card\" content=\"summary_large_image\" \/>\n<meta name=\"twitter:creator\" content=\"@Heldenhaushalt\" \/>\n<meta name=\"twitter:site\" content=\"@Heldenhaushalt\" \/>\n<meta name=\"twitter:label1\" content=\"Verfasst von\" \/>\n\t<meta name=\"twitter:data1\" content=\"Sari\" \/>\n\t<meta name=\"twitter:label2\" content=\"Gesch\u00e4tzte Lesezeit\" \/>\n\t<meta name=\"twitter:data2\" content=\"4\u00a0Minuten\" \/>\n<script type=\"application\/ld+json\" class=\"yoast-schema-graph\">{\"@context\":\"https:\\\/\\\/schema.org\",\"@graph\":[{\"@type\":\"Article\",\"@id\":\"https:\\\/\\\/www.heldenhaushalt.de\\\/sari02\\\/index.php\\\/2019\\\/10\\\/22\\\/15-minuten-die-vielen-farben-vom-herbst\\\/#article\",\"isPartOf\":{\"@id\":\"https:\\\/\\\/www.heldenhaushalt.de\\\/sari02\\\/index.php\\\/2019\\\/10\\\/22\\\/15-minuten-die-vielen-farben-vom-herbst\\\/\"},\"author\":{\"name\":\"Sari\",\"@id\":\"https:\\\/\\\/www.heldenhaushalt.de\\\/sari02\\\/#\\\/schema\\\/person\\\/a1cc69f42a01f412eb62c151353814f6\"},\"headline\":\"15 Minuten &#8211; Die vielen Farben vom Herbst\",\"datePublished\":\"2019-10-22T07:00:41+00:00\",\"mainEntityOfPage\":{\"@id\":\"https:\\\/\\\/www.heldenhaushalt.de\\\/sari02\\\/index.php\\\/2019\\\/10\\\/22\\\/15-minuten-die-vielen-farben-vom-herbst\\\/\"},\"wordCount\":871,\"commentCount\":0,\"publisher\":{\"@id\":\"https:\\\/\\\/www.heldenhaushalt.de\\\/sari02\\\/#\\\/schema\\\/person\\\/a1cc69f42a01f412eb62c151353814f6\"},\"image\":{\"@id\":\"https:\\\/\\\/www.heldenhaushalt.de\\\/sari02\\\/index.php\\\/2019\\\/10\\\/22\\\/15-minuten-die-vielen-farben-vom-herbst\\\/#primaryimage\"},\"thumbnailUrl\":\"https:\\\/\\\/www.heldenhaushalt.de\\\/sari02\\\/wp-content\\\/uploads\\\/2019\\\/10\\\/herbst00.jpg\",\"keywords\":[\"15 Minuten\",\"Farben\",\"Fotografie\",\"fotografieren\",\"Fotos\",\"Herbst\",\"Kreativ\",\"Natur\",\"Natur entdecken\"],\"articleSection\":[\"Featured\",\"Fotografie\",\"Kreativ\"],\"inLanguage\":\"de\",\"potentialAction\":[{\"@type\":\"CommentAction\",\"name\":\"Comment\",\"target\":[\"https:\\\/\\\/www.heldenhaushalt.de\\\/sari02\\\/index.php\\\/2019\\\/10\\\/22\\\/15-minuten-die-vielen-farben-vom-herbst\\\/#respond\"]}]},{\"@type\":\"WebPage\",\"@id\":\"https:\\\/\\\/www.heldenhaushalt.de\\\/sari02\\\/index.php\\\/2019\\\/10\\\/22\\\/15-minuten-die-vielen-farben-vom-herbst\\\/\",\"url\":\"https:\\\/\\\/www.heldenhaushalt.de\\\/sari02\\\/index.php\\\/2019\\\/10\\\/22\\\/15-minuten-die-vielen-farben-vom-herbst\\\/\",\"name\":\"15 Minuten - Die vielen Farben vom Herbst - Heldenhaushalt\",\"isPartOf\":{\"@id\":\"https:\\\/\\\/www.heldenhaushalt.de\\\/sari02\\\/#website\"},\"primaryImageOfPage\":{\"@id\":\"https:\\\/\\\/www.heldenhaushalt.de\\\/sari02\\\/index.php\\\/2019\\\/10\\\/22\\\/15-minuten-die-vielen-farben-vom-herbst\\\/#primaryimage\"},\"image\":{\"@id\":\"https:\\\/\\\/www.heldenhaushalt.de\\\/sari02\\\/index.php\\\/2019\\\/10\\\/22\\\/15-minuten-die-vielen-farben-vom-herbst\\\/#primaryimage\"},\"thumbnailUrl\":\"https:\\\/\\\/www.heldenhaushalt.de\\\/sari02\\\/wp-content\\\/uploads\\\/2019\\\/10\\\/herbst00.jpg\",\"datePublished\":\"2019-10-22T07:00:41+00:00\",\"description\":\"Im Herbst explorieren die Farben ja regelrecht. Die saftig gr\u00fcnen Bl\u00e4tter der B\u00e4ume f\u00e4rben sich von gr\u00fcn mehr und mehr ins Gelbe...\",\"breadcrumb\":{\"@id\":\"https:\\\/\\\/www.heldenhaushalt.de\\\/sari02\\\/index.php\\\/2019\\\/10\\\/22\\\/15-minuten-die-vielen-farben-vom-herbst\\\/#breadcrumb\"},\"inLanguage\":\"de\",\"potentialAction\":[{\"@type\":\"ReadAction\",\"target\":[\"https:\\\/\\\/www.heldenhaushalt.de\\\/sari02\\\/index.php\\\/2019\\\/10\\\/22\\\/15-minuten-die-vielen-farben-vom-herbst\\\/\"]}]},{\"@type\":\"ImageObject\",\"inLanguage\":\"de\",\"@id\":\"https:\\\/\\\/www.heldenhaushalt.de\\\/sari02\\\/index.php\\\/2019\\\/10\\\/22\\\/15-minuten-die-vielen-farben-vom-herbst\\\/#primaryimage\",\"url\":\"https:\\\/\\\/www.heldenhaushalt.de\\\/sari02\\\/wp-content\\\/uploads\\\/2019\\\/10\\\/herbst00.jpg\",\"contentUrl\":\"https:\\\/\\\/www.heldenhaushalt.de\\\/sari02\\\/wp-content\\\/uploads\\\/2019\\\/10\\\/herbst00.jpg\",\"width\":1000,\"height\":751,\"caption\":\"15 Minuten\"},{\"@type\":\"BreadcrumbList\",\"@id\":\"https:\\\/\\\/www.heldenhaushalt.de\\\/sari02\\\/index.php\\\/2019\\\/10\\\/22\\\/15-minuten-die-vielen-farben-vom-herbst\\\/#breadcrumb\",\"itemListElement\":[{\"@type\":\"ListItem\",\"position\":1,\"name\":\"Startseite\",\"item\":\"https:\\\/\\\/www.heldenhaushalt.de\\\/sari02\\\/\"},{\"@type\":\"ListItem\",\"position\":2,\"name\":\"15 Minuten &#8211; Die vielen Farben vom Herbst\"}]},{\"@type\":\"WebSite\",\"@id\":\"https:\\\/\\\/www.heldenhaushalt.de\\\/sari02\\\/#website\",\"url\":\"https:\\\/\\\/www.heldenhaushalt.de\\\/sari02\\\/\",\"name\":\"Heldenhaushalt\",\"description\":\"Wer es ordentlich haben will, der muss vorher anrufen\",\"publisher\":{\"@id\":\"https:\\\/\\\/www.heldenhaushalt.de\\\/sari02\\\/#\\\/schema\\\/person\\\/a1cc69f42a01f412eb62c151353814f6\"},\"potentialAction\":[{\"@type\":\"SearchAction\",\"target\":{\"@type\":\"EntryPoint\",\"urlTemplate\":\"https:\\\/\\\/www.heldenhaushalt.de\\\/sari02\\\/?s={search_term_string}\"},\"query-input\":{\"@type\":\"PropertyValueSpecification\",\"valueRequired\":true,\"valueName\":\"search_term_string\"}}],\"inLanguage\":\"de\"},{\"@type\":[\"Person\",\"Organization\"],\"@id\":\"https:\\\/\\\/www.heldenhaushalt.de\\\/sari02\\\/#\\\/schema\\\/person\\\/a1cc69f42a01f412eb62c151353814f6\",\"name\":\"Sari\",\"image\":{\"@type\":\"ImageObject\",\"inLanguage\":\"de\",\"@id\":\"https:\\\/\\\/www.heldenhaushalt.de\\\/sari02\\\/wp-content\\\/uploads\\\/2019\\\/02\\\/sari-april2018.png\",\"url\":\"https:\\\/\\\/www.heldenhaushalt.de\\\/sari02\\\/wp-content\\\/uploads\\\/2019\\\/02\\\/sari-april2018.png\",\"contentUrl\":\"https:\\\/\\\/www.heldenhaushalt.de\\\/sari02\\\/wp-content\\\/uploads\\\/2019\\\/02\\\/sari-april2018.png\",\"width\":500,\"height\":500,\"caption\":\"Sari\"},\"logo\":{\"@id\":\"https:\\\/\\\/www.heldenhaushalt.de\\\/sari02\\\/wp-content\\\/uploads\\\/2019\\\/02\\\/sari-april2018.png\"},\"description\":\"Frau Mondgras \u2013 Das bin ich, Sari. Gerne auch als Sari Mondgras bekannt und im Internet zu finden. 2-Fach-Mutter, Heldenehefrau, Kreativling, Harmonies\u00fcchtig und st\u00e4ndig auf der Suche nach Gl\u00fcck. Ich komme aus Berlin, bin hier aufgewachsen und lebe hier seit ich denken kann.\",\"sameAs\":[\"https:\\\/\\\/www.instagram.com\\\/heldenhaushalt\\\/\"],\"url\":\"https:\\\/\\\/www.heldenhaushalt.de\\\/sari02\\\/index.php\\\/author\\\/admin\\\/\"}]}<\/script>\n<!-- \/ Yoast SEO plugin. -->","yoast_head_json":{"title":"15 Minuten - Die vielen Farben vom Herbst - Heldenhaushalt","description":"Im Herbst explorieren die Farben ja regelrecht. Die saftig gr\u00fcnen Bl\u00e4tter der B\u00e4ume f\u00e4rben sich von gr\u00fcn mehr und mehr ins Gelbe...","robots":{"index":"index","follow":"follow","max-snippet":"max-snippet:-1","max-image-preview":"max-image-preview:large","max-video-preview":"max-video-preview:-1"},"canonical":"https:\/\/www.heldenhaushalt.de\/sari02\/index.php\/2019\/10\/22\/15-minuten-die-vielen-farben-vom-herbst\/","og_locale":"de_DE","og_type":"article","og_title":"15 Minuten - Die vielen Farben vom Herbst - Heldenhaushalt","og_description":"Im Herbst explorieren die Farben ja regelrecht. Die saftig gr\u00fcnen Bl\u00e4tter der B\u00e4ume f\u00e4rben sich von gr\u00fcn mehr und mehr ins Gelbe...","og_url":"https:\/\/www.heldenhaushalt.de\/sari02\/index.php\/2019\/10\/22\/15-minuten-die-vielen-farben-vom-herbst\/","og_site_name":"Heldenhaushalt","article_published_time":"2019-10-22T07:00:41+00:00","og_image":[{"width":1000,"height":751,"url":"https:\/\/www.heldenhaushalt.de\/sari02\/wp-content\/uploads\/2019\/10\/herbst00.jpg","type":"image\/jpeg"}],"author":"Sari","twitter_card":"summary_large_image","twitter_creator":"@Heldenhaushalt","twitter_site":"@Heldenhaushalt","twitter_misc":{"Verfasst von":"Sari","Gesch\u00e4tzte Lesezeit":"4\u00a0Minuten"},"schema":{"@context":"https:\/\/schema.org","@graph":[{"@type":"Article","@id":"https:\/\/www.heldenhaushalt.de\/sari02\/index.php\/2019\/10\/22\/15-minuten-die-vielen-farben-vom-herbst\/#article","isPartOf":{"@id":"https:\/\/www.heldenhaushalt.de\/sari02\/index.php\/2019\/10\/22\/15-minuten-die-vielen-farben-vom-herbst\/"},"author":{"name":"Sari","@id":"https:\/\/www.heldenhaushalt.de\/sari02\/#\/schema\/person\/a1cc69f42a01f412eb62c151353814f6"},"headline":"15 Minuten &#8211; Die vielen Farben vom Herbst","datePublished":"2019-10-22T07:00:41+00:00","mainEntityOfPage":{"@id":"https:\/\/www.heldenhaushalt.de\/sari02\/index.php\/2019\/10\/22\/15-minuten-die-vielen-farben-vom-herbst\/"},"wordCount":871,"commentCount":0,"publisher":{"@id":"https:\/\/www.heldenhaushalt.de\/sari02\/#\/schema\/person\/a1cc69f42a01f412eb62c151353814f6"},"image":{"@id":"https:\/\/www.heldenhaushalt.de\/sari02\/index.php\/2019\/10\/22\/15-minuten-die-vielen-farben-vom-herbst\/#primaryimage"},"thumbnailUrl":"https:\/\/www.heldenhaushalt.de\/sari02\/wp-content\/uploads\/2019\/10\/herbst00.jpg","keywords":["15 Minuten","Farben","Fotografie","fotografieren","Fotos","Herbst","Kreativ","Natur","Natur entdecken"],"articleSection":["Featured","Fotografie","Kreativ"],"inLanguage":"de","potentialAction":[{"@type":"CommentAction","name":"Comment","target":["https:\/\/www.heldenhaushalt.de\/sari02\/index.php\/2019\/10\/22\/15-minuten-die-vielen-farben-vom-herbst\/#respond"]}]},{"@type":"WebPage","@id":"https:\/\/www.heldenhaushalt.de\/sari02\/index.php\/2019\/10\/22\/15-minuten-die-vielen-farben-vom-herbst\/","url":"https:\/\/www.heldenhaushalt.de\/sari02\/index.php\/2019\/10\/22\/15-minuten-die-vielen-farben-vom-herbst\/","name":"15 Minuten - Die vielen Farben vom Herbst - Heldenhaushalt","isPartOf":{"@id":"https:\/\/www.heldenhaushalt.de\/sari02\/#website"},"primaryImageOfPage":{"@id":"https:\/\/www.heldenhaushalt.de\/sari02\/index.php\/2019\/10\/22\/15-minuten-die-vielen-farben-vom-herbst\/#primaryimage"},"image":{"@id":"https:\/\/www.heldenhaushalt.de\/sari02\/index.php\/2019\/10\/22\/15-minuten-die-vielen-farben-vom-herbst\/#primaryimage"},"thumbnailUrl":"https:\/\/www.heldenhaushalt.de\/sari02\/wp-content\/uploads\/2019\/10\/herbst00.jpg","datePublished":"2019-10-22T07:00:41+00:00","description":"Im Herbst explorieren die Farben ja regelrecht. Die saftig gr\u00fcnen Bl\u00e4tter der B\u00e4ume f\u00e4rben sich von gr\u00fcn mehr und mehr ins Gelbe...","breadcrumb":{"@id":"https:\/\/www.heldenhaushalt.de\/sari02\/index.php\/2019\/10\/22\/15-minuten-die-vielen-farben-vom-herbst\/#breadcrumb"},"inLanguage":"de","potentialAction":[{"@type":"ReadAction","target":["https:\/\/www.heldenhaushalt.de\/sari02\/index.php\/2019\/10\/22\/15-minuten-die-vielen-farben-vom-herbst\/"]}]},{"@type":"ImageObject","inLanguage":"de","@id":"https:\/\/www.heldenhaushalt.de\/sari02\/index.php\/2019\/10\/22\/15-minuten-die-vielen-farben-vom-herbst\/#primaryimage","url":"https:\/\/www.heldenhaushalt.de\/sari02\/wp-content\/uploads\/2019\/10\/herbst00.jpg","contentUrl":"https:\/\/www.heldenhaushalt.de\/sari02\/wp-content\/uploads\/2019\/10\/herbst00.jpg","width":1000,"height":751,"caption":"15 Minuten"},{"@type":"BreadcrumbList","@id":"https:\/\/www.heldenhaushalt.de\/sari02\/index.php\/2019\/10\/22\/15-minuten-die-vielen-farben-vom-herbst\/#breadcrumb","itemListElement":[{"@type":"ListItem","position":1,"name":"Startseite","item":"https:\/\/www.heldenhaushalt.de\/sari02\/"},{"@type":"ListItem","position":2,"name":"15 Minuten &#8211; Die vielen Farben vom Herbst"}]},{"@type":"WebSite","@id":"https:\/\/www.heldenhaushalt.de\/sari02\/#website","url":"https:\/\/www.heldenhaushalt.de\/sari02\/","name":"Heldenhaushalt","description":"Wer es ordentlich haben will, der muss vorher anrufen","publisher":{"@id":"https:\/\/www.heldenhaushalt.de\/sari02\/#\/schema\/person\/a1cc69f42a01f412eb62c151353814f6"},"potentialAction":[{"@type":"SearchAction","target":{"@type":"EntryPoint","urlTemplate":"https:\/\/www.heldenhaushalt.de\/sari02\/?s={search_term_string}"},"query-input":{"@type":"PropertyValueSpecification","valueRequired":true,"valueName":"search_term_string"}}],"inLanguage":"de"},{"@type":["Person","Organization"],"@id":"https:\/\/www.heldenhaushalt.de\/sari02\/#\/schema\/person\/a1cc69f42a01f412eb62c151353814f6","name":"Sari","image":{"@type":"ImageObject","inLanguage":"de","@id":"https:\/\/www.heldenhaushalt.de\/sari02\/wp-content\/uploads\/2019\/02\/sari-april2018.png","url":"https:\/\/www.heldenhaushalt.de\/sari02\/wp-content\/uploads\/2019\/02\/sari-april2018.png","contentUrl":"https:\/\/www.heldenhaushalt.de\/sari02\/wp-content\/uploads\/2019\/02\/sari-april2018.png","width":500,"height":500,"caption":"Sari"},"logo":{"@id":"https:\/\/www.heldenhaushalt.de\/sari02\/wp-content\/uploads\/2019\/02\/sari-april2018.png"},"description":"Frau Mondgras \u2013 Das bin ich, Sari. Gerne auch als Sari Mondgras bekannt und im Internet zu finden. 2-Fach-Mutter, Heldenehefrau, Kreativling, Harmonies\u00fcchtig und st\u00e4ndig auf der Suche nach Gl\u00fcck. Ich komme aus Berlin, bin hier aufgewachsen und lebe hier seit ich denken kann.","sameAs":["https:\/\/www.instagram.com\/heldenhaushalt\/"],"url":"https:\/\/www.heldenhaushalt.de\/sari02\/index.php\/author\/admin\/"}]}},"views":2577,"_links":{"self":[{"href":"https:\/\/www.heldenhaushalt.de\/sari02\/index.php\/wp-json\/wp\/v2\/posts\/46414","targetHints":{"allow":["GET"]}}],"collection":[{"href":"https:\/\/www.heldenhaushalt.de\/sari02\/index.php\/wp-json\/wp\/v2\/posts"}],"about":[{"href":"https:\/\/www.heldenhaushalt.de\/sari02\/index.php\/wp-json\/wp\/v2\/types\/post"}],"author":[{"embeddable":true,"href":"https:\/\/www.heldenhaushalt.de\/sari02\/index.php\/wp-json\/wp\/v2\/users\/1"}],"replies":[{"embeddable":true,"href":"https:\/\/www.heldenhaushalt.de\/sari02\/index.php\/wp-json\/wp\/v2\/comments?post=46414"}],"version-history":[{"count":1,"href":"https:\/\/www.heldenhaushalt.de\/sari02\/index.php\/wp-json\/wp\/v2\/posts\/46414\/revisions"}],"predecessor-version":[{"id":46427,"href":"https:\/\/www.heldenhaushalt.de\/sari02\/index.php\/wp-json\/wp\/v2\/posts\/46414\/revisions\/46427"}],"wp:featuredmedia":[{"embeddable":true,"href":"https:\/\/www.heldenhaushalt.de\/sari02\/index.php\/wp-json\/wp\/v2\/media\/46415"}],"wp:attachment":[{"href":"https:\/\/www.heldenhaushalt.de\/sari02\/index.php\/wp-json\/wp\/v2\/media?parent=46414"}],"wp:term":[{"taxonomy":"category","embeddable":true,"href":"https:\/\/www.heldenhaushalt.de\/sari02\/index.php\/wp-json\/wp\/v2\/categories?post=46414"},{"taxonomy":"post_tag","embeddable":true,"href":"https:\/\/www.heldenhaushalt.de\/sari02\/index.php\/wp-json\/wp\/v2\/tags?post=46414"}],"curies":[{"name":"wp","href":"https:\/\/api.w.org\/{rel}","templated":true}]}}