{"id":46645,"date":"2019-11-28T10:00:00","date_gmt":"2019-11-28T09:00:00","guid":{"rendered":"https:\/\/www.heldenhaushalt.de\/sari02\/?p=46645"},"modified":"2019-11-28T10:07:49","modified_gmt":"2019-11-28T09:07:49","slug":"adventskalender-2019","status":"publish","type":"post","link":"https:\/\/www.heldenhaushalt.de\/sari02\/index.php\/2019\/11\/28\/adventskalender-2019\/","title":{"rendered":"Was kommt in den Adventskalender mit 8 und fast 4 Jahren?"},"content":{"rendered":"<p style=\"text-align: right;\"><small>Werbung (unbezahlt)*<\/small><\/p>\n<p>&#8220;Mama&#8221;, sagte der Miniheld heute morgen mit einem tiefen Seufzer zu mir, &#8220;ich habe das Gef&#252;hl bis Sonntag dauert es noch eine Ewigkeit&#8221;. Er wirft dabei einen sehns&#252;chtigen Blick zu dem Adventskalender vom kleinen Bruder, der am Treppengel&#228;nder seit gestern h&#228;ngt.<\/p>\n<p>Tja, so ist das, wenn man sich auf etwas freut, nicht wahr? Man hat das Gef&#252;hl die Zeit will irgendwie &#252;berhaupt nicht vergehen. Das kennen wir doch alle. Immerhin h&#228;ngen sie nun endlich: Die Adventskalender!<\/p>\n<h2>Jedes Jahr wieder die gro&#223;e Frage: Was soll es werden?<\/h2>\n<p><a href=\"https:\/\/www.heldenhaushalt.de\/sari02\/index.php\/2018\/11\/28\/adventskalender-ideen-2018\/\">Wie im letzten Jahr<\/a>, bin ich auch dieses Jahr ziemlich knapp dran, aber andererseits ist es doch schon eine ziemliche Folter, wenn der Adventskalender schon vor dem 1. Dezember bereit steht und man nur anschauen, aber noch nicht aufmachen darf, oder? Ich glaube, f&#252;r mich w&#228;re das Nerven aufreibend. Wie auch immer. Die Kalender stehen nun bereit und es war wieder eine schwierige Entscheidung f&#252;r die Kinder, was f&#252;r einer es dieses Jahr werden soll.<\/p>\n<p><strong>Jedes Jahr wieder stehen sie vor der gro&#223;en Frage:<\/strong> Ein gekaufter oder ein selbstgemachter Adventskalender. Die Auswahl ist da ja inzwischen wirklich gigantisch und eigentlich sind alle Bereiche, die die Kinder interessieren abgedeckt. Da gibt es Kalender von Paw Patrol, Hot Wheels, verschiedenen Sammelkarten, Bausteine, Holzfiguren und auch kreativ mit Experimenten, Bastelideen oder gar kleinen B&#252;chern. Eigentlich l&#228;sst sich da definitiv f&#252;r jeden etwas finden, oder? Der Mann und ich haben auch einen gemeinsamen Kalender. Er hat ihn gekauft (aber ich glaube eher, um mir und den Kindern eine Freude zu machen und weniger f&#252;r sich *lach*). <a href=\"https:\/\/www.amazon.de\/gp\/product\/B07PT1B34Z\/ref=as_li_tl?ie=UTF8&amp;camp=1638&amp;creative=6742&amp;creativeASIN=B07PT1B34Z&amp;linkCode=as2&amp;tag=mondgrasde-21&amp;linkId=97eb64483f485c52ff46f1e8db0c7f08\" target=\"_blank\" rel=\"nofollow noopener noreferrer\">Der hier ist es &#252;brigens<\/a> <small>(Affiliate Link)<\/small>.<\/p>\n<p>Nach einigem Hin und Her fiel die Entscheidung dann aber auch in diesem Jahr wieder auf einen selbst bef&#252;llten Kalender. Die &#220;berlegung dazu vom Minihelden war gar nicht doof: &#8220;So ist vielleicht von allem, was mich interessiert etwas drin, statt nur Sammelkarten.&#8221;&nbsp;<\/p>\n<h2>Und was kommt nun in den Adventskalender? Hier ein paar Ideen f&#252;r (fast) 4 und 8 j&#228;hrige Jungen!<\/h2>\n<p>Ich muss gestehen, etwas f&#252;r die Kalender zu finden, f&#228;llt bei diesen Kindern nicht unbedingt schwer *lach*. Sie teilen einen gro&#223;e Sammelleidenschaft, so dass ein paar Sticker &#8211; und Kartent&#252;ten auf jeden Fall auf der Liste stehen m&#252;ssen.&nbsp;<\/p>\n<p><img loading=\"lazy\" decoding=\"async\" class=\"alignnone size-full wp-image-46749\" src=\"https:\/\/www.heldenhaushalt.de\/sari02\/wp-content\/uploads\/2019\/11\/kal19-02.jpg\" alt=\"F&#252;llung f&#252;r den Kalender\" width=\"1000\" height=\"698\" srcset=\"https:\/\/www.heldenhaushalt.de\/sari02\/wp-content\/uploads\/2019\/11\/kal19-02.jpg 1000w, https:\/\/www.heldenhaushalt.de\/sari02\/wp-content\/uploads\/2019\/11\/kal19-02-300x209.jpg 300w, https:\/\/www.heldenhaushalt.de\/sari02\/wp-content\/uploads\/2019\/11\/kal19-02-768x536.jpg 768w\" sizes=\"auto, (max-width: 1000px) 100vw, 1000px\" \/><\/p>\n<p>Klar, <a href=\"https:\/\/www.amazon.de\/gp\/product\/B07W7HKQVN\/ref=as_li_tl?ie=UTF8&amp;camp=1638&amp;creative=6742&amp;creativeASIN=B07W7HKQVN&amp;linkCode=as2&amp;tag=mondgrasde-21&amp;linkId=cbfa94e0f23e4d4ce18826b22db276de\" target=\"_blank\" rel=\"nofollow noopener noreferrer\">Pok\u00e9monkarten<\/a> <small>(Affiliate Link)<\/small> und <a href=\"https:\/\/www.amazon.de\/gp\/product\/B07ZDGMS4M\/ref=as_li_tl?ie=UTF8&amp;camp=1638&amp;creative=6742&amp;creativeASIN=B07ZDGMS4M&amp;linkCode=as2&amp;tag=mondgrasde-21&amp;linkId=e83d89197adae8c0327352a90a12100c\" target=\"_blank\" rel=\"nofollow noopener noreferrer\">Fu&#223;ballsticker<\/a> <small>(Affiliate Link)<\/small>. Auch der kleine Sohn hat ein Stickerheft, aber zu einem anderen Thema. Eine coole Sonnenbrille f&#252;r den kleinen Nerd in uns darf es auch sein *lach*. F&#252;r den kleinen Bruder hat der Miniheld dann auch noch extra im Shop eine personalisierte Playmobil &#8211; Figur gebaut.<\/p>\n<p><img loading=\"lazy\" decoding=\"async\" class=\"alignnone size-full wp-image-46748\" src=\"https:\/\/www.heldenhaushalt.de\/sari02\/wp-content\/uploads\/2019\/11\/kal19-01.jpg\" alt=\"Kaufmannsladen\" width=\"1000\" height=\"694\" srcset=\"https:\/\/www.heldenhaushalt.de\/sari02\/wp-content\/uploads\/2019\/11\/kal19-01.jpg 1000w, https:\/\/www.heldenhaushalt.de\/sari02\/wp-content\/uploads\/2019\/11\/kal19-01-300x208.jpg 300w, https:\/\/www.heldenhaushalt.de\/sari02\/wp-content\/uploads\/2019\/11\/kal19-01-768x533.jpg 768w\" sizes=\"auto, (max-width: 1000px) 100vw, 1000px\" \/><\/p>\n<p>Anfang des Jahres hatten die Jungs sich dann auch gemeinschaftlichen einen Kaufmannsladen gekauft und das Heldenkind wird zum Geburtstag <em>(aber psssst)<\/em> eine neue Spielk&#252;che f&#252;r sein Zimmer bekommen. Passend dazu habe ich im Einkaufsladen das s&#252;&#223;e Kaufmannsladen &#8211; Set mitgenommen, das sich auch locker auf einen halben Kalender mindestens verteilen l&#228;sst. Und so sch&#246;ne Holzsachen gehen ja immer, nicht wahr?<\/p>\n<p>Dazu kommen hier und da noch ein paar Kleinigkeiten, wie ein Playmobil &#8211; Fu&#223;baller, kleine Badekugeln f&#252;r die Badewanne und nat&#252;rlich das Lieblingsnaschen. Gesammelt habe ich &#252;ber die letzten Wochen hinweg so einiges und ich hoffe, den Kindern wird der Inhalt gefallen.<\/p>\n<h2>Stellt euch folgendes Bild vor: Eine Mama, viele T&#252;ten und im Hintergrund weihnachtliche Musik<\/h2>\n<p>So sah es hier zumindest gestern aus. W&#228;hrend eines Telefonats meinte ein Freund zu mir &#8220;Das h&#246;rt sich richtig gem&#252;tlich bei dir an. Das knistern der T&#252;ten, dazu die ruhige Musik&#8230;&#8221;. <strong>HA<\/strong>, wenn der w&#252;sste. Chaos herrschte um mich herum. &#220;berall die Kleinigkeiten, die verpackt werden wollte. Sticker, T&#252;ten, Schn&#252;re, Verpackungsm&#252;ll, Einkaufskisten und um mich herum der surrende Staubsauger, der nebenher flei&#223;ig war *lach*.<\/p>\n<p><img loading=\"lazy\" decoding=\"async\" class=\"alignnone size-full wp-image-46750\" src=\"https:\/\/www.heldenhaushalt.de\/sari02\/wp-content\/uploads\/2019\/11\/kal19-03.jpg\" alt=\"Adventskalender\" width=\"1000\" height=\"767\" srcset=\"https:\/\/www.heldenhaushalt.de\/sari02\/wp-content\/uploads\/2019\/11\/kal19-03.jpg 1000w, https:\/\/www.heldenhaushalt.de\/sari02\/wp-content\/uploads\/2019\/11\/kal19-03-300x230.jpg 300w, https:\/\/www.heldenhaushalt.de\/sari02\/wp-content\/uploads\/2019\/11\/kal19-03-768x589.jpg 768w\" sizes=\"auto, (max-width: 1000px) 100vw, 1000px\" \/><\/p>\n<p>Aber nach knapp zwei Stunden war ich fertig. Zwei volle Einkaufskisten mit kleinen gepackten T&#252;ten standen vor mir und warteten auf ihren Einsatz. Die T&#252;ten dazu fand ich &#252;brigens in einem Einkaufsladen. F&#252;r den Minihelden in Mint und f&#252;r das Heldenkind in Natur.&nbsp;<\/p>\n<p><img loading=\"lazy\" decoding=\"async\" class=\"alignnone size-full wp-image-46751\" src=\"https:\/\/www.heldenhaushalt.de\/sari02\/wp-content\/uploads\/2019\/11\/kal19-04.jpg\" alt=\"Adventskalender\" width=\"1000\" height=\"711\" srcset=\"https:\/\/www.heldenhaushalt.de\/sari02\/wp-content\/uploads\/2019\/11\/kal19-04.jpg 1000w, https:\/\/www.heldenhaushalt.de\/sari02\/wp-content\/uploads\/2019\/11\/kal19-04-300x213.jpg 300w, https:\/\/www.heldenhaushalt.de\/sari02\/wp-content\/uploads\/2019\/11\/kal19-04-768x546.jpg 768w\" sizes=\"auto, (max-width: 1000px) 100vw, 1000px\" \/><\/p>\n<p>Der Kalender f&#252;r das Heldenkind h&#228;ngt nun am unteren Treppengel&#228;nder zusammen mit einer Weihnachtsgirlande und einer kleinen Lichterkette und wirkt so wie zus&#228;tzliche Weihnachtsdekoration. Fast schon zu schade, um ihn von Tag zu Tag schrumpfen zu lassen.<\/p>\n<p><img loading=\"lazy\" decoding=\"async\" class=\"alignnone size-full wp-image-46752\" src=\"https:\/\/www.heldenhaushalt.de\/sari02\/wp-content\/uploads\/2019\/11\/kal19-05.jpg\" alt=\"Adventskalender\" width=\"1000\" height=\"707\" srcset=\"https:\/\/www.heldenhaushalt.de\/sari02\/wp-content\/uploads\/2019\/11\/kal19-05.jpg 1000w, https:\/\/www.heldenhaushalt.de\/sari02\/wp-content\/uploads\/2019\/11\/kal19-05-300x212.jpg 300w, https:\/\/www.heldenhaushalt.de\/sari02\/wp-content\/uploads\/2019\/11\/kal19-05-768x543.jpg 768w\" sizes=\"auto, (max-width: 1000px) 100vw, 1000px\" \/><\/p>\n<p>Der vom gro&#223;en Sohn durfte dann nach oben wandern und steht in einer wei&#223;en Holzkiste neben seinem Zimmer auf einer Kommode, so dass er jeden Tag direkt nach dem Aufstehen ran gehen kann. Eine Lichterkette, die ich drum herum gehangen habe, sorgt ebenfalls f&#252;r ein gem&#252;tliches Flair.<\/p>\n<p>Ich habe die Adventskalender ganz bewusst an zwei verschiedene Orte gehangen. Denn obwohl beide Kalender auf die Interessen der Jungs abgestimmt sind, kommt es dennoch manchmal zu kleinen Trauermomenten, weil der kleine Bruder in der Regel immer genau das m&#246;chte, was der gro&#223;e Bruder hat. Egal, ob das jetzt tats&#228;chlich etwas f&#252;r ihn w&#228;re oder nicht. So kann sich jedes Kind voll und ganz auf seinen pers&#246;nlichen Inhalt konzentrieren.<\/p>\n<p>Wie ist das bei euch? Gibt es da auch einen Kalender? Gekauft oder selbst gemacht? Oder vielleicht sogar ein Kalender f&#252;r beide zusammen? Und was mich ja brennend interessiert: Habt ihr selber auch einen?&nbsp;<\/p>\n<p><small><strong>*Anmerkung:<\/strong> Dieser Beitrag enth&#228;lt Produktempfehlungen f&#252;r die wir keine Bezahlung erhalten haben. Alle sind selbst gekauft. Einige Links sind Affiliate Links zu Amazon und als solche markiert.<\/small><\/p>\n","protected":false},"excerpt":{"rendered":"<p>Werbung (unbezahlt)* &#8220;Mama&#8221;, sagte der Miniheld heute morgen mit einem tiefen Seufzer zu mir, &#8220;ich habe das Gef&#252;hl bis Sonntag dauert es noch eine Ewigkeit&#8221;. Er wirft dabei einen sehns&#252;chtigen Blick zu dem Adventskalender vom kleinen Bruder, der am Treppengel&#228;nder seit gestern h&#228;ngt. Tja, so ist das, wenn man sich auf etwas freut, nicht wahr? Man hat das Gef&#252;hl die Zeit will irgendwie &#252;berhaupt nicht vergehen. Das kennen wir doch alle. Immerhin h&#228;ngen sie nun endlich: Die Adventskalender! Jedes Jahr wieder die gro&#223;e Frage: Was soll es werden? Wie im letzten Jahr, bin ich auch dieses Jahr ziemlich knapp dran, aber andererseits ist es doch schon eine ziemliche Folter, wenn der Adventskalender schon vor dem 1. Dezember bereit steht und man nur anschauen, aber noch nicht aufmachen darf, oder? Ich glaube, f&#252;r mich w&#228;re das Nerven aufreibend. Wie auch immer. Die Kalender stehen nun bereit und es war wieder eine schwierige Entscheidung f&#252;r die Kinder, was f&#252;r einer es dieses Jahr werden soll. Jedes Jahr wieder stehen sie vor der gro&#223;en Frage: Ein gekaufter oder ein selbstgemachter Adventskalender. Die Auswahl ist da ja inzwischen wirklich gigantisch und eigentlich sind alle Bereiche, die die Kinder interessieren abgedeckt. Da gibt es Kalender von Paw Patrol, Hot Wheels, verschiedenen Sammelkarten, Bausteine, Holzfiguren und auch kreativ mit Experimenten, Bastelideen oder gar kleinen B&#252;chern. Eigentlich l&#228;sst sich da definitiv f&#252;r jeden etwas finden, oder? Der Mann und ich haben auch einen gemeinsamen Kalender. Er hat ihn gekauft (aber ich glaube eher, um mir und den Kindern eine Freude zu machen und weniger f&#252;r sich *lach*). Der hier ist es &#252;brigens (Affiliate Link). Nach einigem Hin und Her fiel die Entscheidung dann aber auch in diesem Jahr wieder auf einen selbst bef&#252;llten Kalender. Die &#220;berlegung dazu vom Minihelden war gar nicht doof: &#8220;So ist vielleicht von allem, was mich interessiert etwas drin, statt nur Sammelkarten.&#8221;&nbsp; Und was kommt nun in den Adventskalender? Hier ein paar Ideen f&#252;r (fast) 4 und 8 j&#228;hrige Jungen! Ich muss gestehen, etwas f&#252;r die Kalender zu finden, f&#228;llt bei diesen Kindern nicht unbedingt schwer *lach*. Sie teilen einen gro&#223;e Sammelleidenschaft, so dass ein paar Sticker &#8211; und Kartent&#252;ten auf jeden Fall auf der Liste stehen m&#252;ssen.&nbsp; Klar, Pok\u00e9monkarten (Affiliate Link) und Fu&#223;ballsticker (Affiliate Link). Auch der kleine Sohn hat ein Stickerheft, aber zu einem anderen Thema. Eine coole Sonnenbrille f&#252;r den kleinen Nerd in uns darf es auch sein *lach*. F&#252;r den kleinen Bruder hat der Miniheld dann auch noch extra im Shop eine personalisierte Playmobil &#8211; Figur gebaut. Anfang des Jahres hatten die Jungs sich dann auch gemeinschaftlichen einen Kaufmannsladen gekauft und das Heldenkind wird zum Geburtstag (aber psssst) eine neue Spielk&#252;che f&#252;r sein Zimmer bekommen. Passend dazu habe ich im Einkaufsladen das s&#252;&#223;e Kaufmannsladen &#8211; Set mitgenommen, das sich auch locker auf einen halben Kalender mindestens verteilen l&#228;sst. Und so sch&#246;ne Holzsachen gehen ja immer, nicht wahr? Dazu kommen hier und da noch ein paar Kleinigkeiten, wie ein Playmobil &#8211; Fu&#223;baller, kleine Badekugeln f&#252;r die Badewanne und nat&#252;rlich das Lieblingsnaschen. Gesammelt habe ich &#252;ber die letzten Wochen hinweg so einiges und ich hoffe, den Kindern wird der Inhalt gefallen. Stellt euch folgendes Bild vor: Eine Mama, viele T&#252;ten und im Hintergrund weihnachtliche Musik So sah es hier zumindest gestern aus. W&#228;hrend eines Telefonats meinte ein Freund zu mir &#8220;Das h&#246;rt sich richtig gem&#252;tlich bei dir an. Das knistern der T&#252;ten, dazu die ruhige Musik&#8230;&#8221;. HA, wenn der w&#252;sste. Chaos herrschte um mich herum. &#220;berall die Kleinigkeiten, die verpackt werden wollte. Sticker, T&#252;ten, Schn&#252;re, Verpackungsm&#252;ll, Einkaufskisten und um mich herum der surrende Staubsauger, der nebenher flei&#223;ig war *lach*. Aber nach knapp zwei Stunden war ich fertig. Zwei volle Einkaufskisten mit kleinen gepackten T&#252;ten standen vor mir und warteten auf ihren Einsatz. Die T&#252;ten dazu fand ich &#252;brigens in einem Einkaufsladen. F&#252;r den Minihelden in Mint und f&#252;r das Heldenkind in Natur.&nbsp; Der Kalender f&#252;r das Heldenkind h&#228;ngt nun am unteren Treppengel&#228;nder zusammen mit einer Weihnachtsgirlande und einer kleinen Lichterkette und wirkt so wie zus&#228;tzliche Weihnachtsdekoration. Fast schon zu schade, um ihn von Tag zu Tag schrumpfen zu lassen. Der vom gro&#223;en Sohn durfte dann nach oben wandern und steht in einer wei&#223;en Holzkiste neben seinem Zimmer auf einer Kommode, so dass er jeden Tag direkt nach dem Aufstehen ran gehen kann. Eine Lichterkette, die ich drum herum gehangen habe, sorgt ebenfalls f&#252;r ein gem&#252;tliches Flair. Ich habe die Adventskalender ganz bewusst an zwei verschiedene Orte gehangen. Denn obwohl beide Kalender auf die Interessen der Jungs abgestimmt sind, kommt es dennoch manchmal zu kleinen Trauermomenten, weil der kleine Bruder in der Regel immer genau das m&#246;chte, was der gro&#223;e Bruder hat. Egal, ob das jetzt tats&#228;chlich etwas f&#252;r ihn w&#228;re oder nicht. So kann sich jedes Kind voll und ganz auf seinen pers&#246;nlichen Inhalt konzentrieren. Wie ist das bei euch? Gibt es da auch einen Kalender? Gekauft oder selbst gemacht? Oder vielleicht sogar ein Kalender f&#252;r beide zusammen? Und was mich ja brennend interessiert: Habt ihr selber auch einen?&nbsp; *Anmerkung: Dieser Beitrag enth&#228;lt Produktempfehlungen f&#252;r die wir keine Bezahlung erhalten haben. Alle sind selbst gekauft. Einige Links sind Affiliate Links zu Amazon und als solche markiert.<\/p>\n","protected":false},"author":1,"featured_media":46747,"comment_status":"open","ping_status":"open","sticky":false,"template":"","format":"standard","meta":{"ngg_post_thumbnail":0,"footnotes":""},"categories":[46,2210,321],"tags":[962,526,984,1724,372,67,81,2422,62,515],"class_list":["post-46645","post","type-post","status-publish","format-standard","has-post-thumbnail","hentry","category-feiertage","category-featured","category-minimum","tag-advent","tag-adventskalender","tag-adventszeit","tag-fuellung","tag-heldenkinder","tag-kalender","tag-kinder","tag-tuerchen","tag-weihnachten","tag-weihnachtszeit"],"yoast_head":"<!-- This site is optimized with the Yoast SEO plugin v27.5 - https:\/\/yoast.com\/product\/yoast-seo-wordpress\/ -->\n<title>Was kommt in den Adventskalender mit 8 und fast 4 Jahren?<\/title>\n<meta name=\"description\" content=\"Das kennen wir doch alle. Immerhin h\u00e4ngen sie nun endlich: Die Adventskalender! Jedes Jahr wieder stehen wir vor der gro\u00dfen Frage...\" \/>\n<meta name=\"robots\" content=\"index, follow, max-snippet:-1, max-image-preview:large, max-video-preview:-1\" \/>\n<link rel=\"canonical\" href=\"https:\/\/www.heldenhaushalt.de\/sari02\/index.php\/2019\/11\/28\/adventskalender-2019\/\" \/>\n<meta property=\"og:locale\" content=\"de_DE\" \/>\n<meta property=\"og:type\" content=\"article\" \/>\n<meta property=\"og:title\" content=\"Was kommt in den Adventskalender mit 8 und fast 4 Jahren?\" \/>\n<meta property=\"og:description\" content=\"Das kennen wir doch alle. Immerhin h\u00e4ngen sie nun endlich: Die Adventskalender! Jedes Jahr wieder stehen wir vor der gro\u00dfen Frage...\" \/>\n<meta property=\"og:url\" content=\"https:\/\/www.heldenhaushalt.de\/sari02\/index.php\/2019\/11\/28\/adventskalender-2019\/\" \/>\n<meta property=\"og:site_name\" content=\"Heldenhaushalt\" \/>\n<meta property=\"article:published_time\" content=\"2019-11-28T09:00:00+00:00\" \/>\n<meta property=\"article:modified_time\" content=\"2019-11-28T09:07:49+00:00\" \/>\n<meta property=\"og:image\" content=\"https:\/\/www.heldenhaushalt.de\/sari02\/wp-content\/uploads\/2019\/11\/kal19-00.jpg\" \/>\n\t<meta property=\"og:image:width\" content=\"1000\" \/>\n\t<meta property=\"og:image:height\" content=\"758\" \/>\n\t<meta property=\"og:image:type\" content=\"image\/jpeg\" \/>\n<meta name=\"author\" content=\"Sari\" \/>\n<meta name=\"twitter:card\" content=\"summary_large_image\" \/>\n<meta name=\"twitter:creator\" content=\"@Heldenhaushalt\" \/>\n<meta name=\"twitter:site\" content=\"@Heldenhaushalt\" \/>\n<meta name=\"twitter:label1\" content=\"Verfasst von\" \/>\n\t<meta name=\"twitter:data1\" content=\"Sari\" \/>\n\t<meta name=\"twitter:label2\" content=\"Gesch\u00e4tzte Lesezeit\" \/>\n\t<meta name=\"twitter:data2\" content=\"5\u00a0Minuten\" \/>\n<script type=\"application\/ld+json\" class=\"yoast-schema-graph\">{\"@context\":\"https:\\\/\\\/schema.org\",\"@graph\":[{\"@type\":\"Article\",\"@id\":\"https:\\\/\\\/www.heldenhaushalt.de\\\/sari02\\\/index.php\\\/2019\\\/11\\\/28\\\/adventskalender-2019\\\/#article\",\"isPartOf\":{\"@id\":\"https:\\\/\\\/www.heldenhaushalt.de\\\/sari02\\\/index.php\\\/2019\\\/11\\\/28\\\/adventskalender-2019\\\/\"},\"author\":{\"name\":\"Sari\",\"@id\":\"https:\\\/\\\/www.heldenhaushalt.de\\\/sari02\\\/#\\\/schema\\\/person\\\/a1cc69f42a01f412eb62c151353814f6\"},\"headline\":\"Was kommt in den Adventskalender mit 8 und fast 4 Jahren?\",\"datePublished\":\"2019-11-28T09:00:00+00:00\",\"dateModified\":\"2019-11-28T09:07:49+00:00\",\"mainEntityOfPage\":{\"@id\":\"https:\\\/\\\/www.heldenhaushalt.de\\\/sari02\\\/index.php\\\/2019\\\/11\\\/28\\\/adventskalender-2019\\\/\"},\"wordCount\":932,\"commentCount\":1,\"publisher\":{\"@id\":\"https:\\\/\\\/www.heldenhaushalt.de\\\/sari02\\\/#\\\/schema\\\/person\\\/a1cc69f42a01f412eb62c151353814f6\"},\"image\":{\"@id\":\"https:\\\/\\\/www.heldenhaushalt.de\\\/sari02\\\/index.php\\\/2019\\\/11\\\/28\\\/adventskalender-2019\\\/#primaryimage\"},\"thumbnailUrl\":\"https:\\\/\\\/www.heldenhaushalt.de\\\/sari02\\\/wp-content\\\/uploads\\\/2019\\\/11\\\/kal19-00.jpg\",\"keywords\":[\"Advent\",\"Adventskalender\",\"Adventszeit\",\"F\u00fcllung\",\"heldenkinder\",\"Kalender\",\"Kinder\",\"T\u00fcrchen\",\"Weihnachten\",\"Weihnachtszeit\"],\"articleSection\":[\"Besondere Anl\u00e4sse\",\"Featured\",\"Heldenkinder\"],\"inLanguage\":\"de\",\"potentialAction\":[{\"@type\":\"CommentAction\",\"name\":\"Comment\",\"target\":[\"https:\\\/\\\/www.heldenhaushalt.de\\\/sari02\\\/index.php\\\/2019\\\/11\\\/28\\\/adventskalender-2019\\\/#respond\"]}]},{\"@type\":\"WebPage\",\"@id\":\"https:\\\/\\\/www.heldenhaushalt.de\\\/sari02\\\/index.php\\\/2019\\\/11\\\/28\\\/adventskalender-2019\\\/\",\"url\":\"https:\\\/\\\/www.heldenhaushalt.de\\\/sari02\\\/index.php\\\/2019\\\/11\\\/28\\\/adventskalender-2019\\\/\",\"name\":\"Was kommt in den Adventskalender mit 8 und fast 4 Jahren?\",\"isPartOf\":{\"@id\":\"https:\\\/\\\/www.heldenhaushalt.de\\\/sari02\\\/#website\"},\"primaryImageOfPage\":{\"@id\":\"https:\\\/\\\/www.heldenhaushalt.de\\\/sari02\\\/index.php\\\/2019\\\/11\\\/28\\\/adventskalender-2019\\\/#primaryimage\"},\"image\":{\"@id\":\"https:\\\/\\\/www.heldenhaushalt.de\\\/sari02\\\/index.php\\\/2019\\\/11\\\/28\\\/adventskalender-2019\\\/#primaryimage\"},\"thumbnailUrl\":\"https:\\\/\\\/www.heldenhaushalt.de\\\/sari02\\\/wp-content\\\/uploads\\\/2019\\\/11\\\/kal19-00.jpg\",\"datePublished\":\"2019-11-28T09:00:00+00:00\",\"dateModified\":\"2019-11-28T09:07:49+00:00\",\"description\":\"Das kennen wir doch alle. Immerhin h\u00e4ngen sie nun endlich: Die Adventskalender! Jedes Jahr wieder stehen wir vor der gro\u00dfen Frage...\",\"breadcrumb\":{\"@id\":\"https:\\\/\\\/www.heldenhaushalt.de\\\/sari02\\\/index.php\\\/2019\\\/11\\\/28\\\/adventskalender-2019\\\/#breadcrumb\"},\"inLanguage\":\"de\",\"potentialAction\":[{\"@type\":\"ReadAction\",\"target\":[\"https:\\\/\\\/www.heldenhaushalt.de\\\/sari02\\\/index.php\\\/2019\\\/11\\\/28\\\/adventskalender-2019\\\/\"]}]},{\"@type\":\"ImageObject\",\"inLanguage\":\"de\",\"@id\":\"https:\\\/\\\/www.heldenhaushalt.de\\\/sari02\\\/index.php\\\/2019\\\/11\\\/28\\\/adventskalender-2019\\\/#primaryimage\",\"url\":\"https:\\\/\\\/www.heldenhaushalt.de\\\/sari02\\\/wp-content\\\/uploads\\\/2019\\\/11\\\/kal19-00.jpg\",\"contentUrl\":\"https:\\\/\\\/www.heldenhaushalt.de\\\/sari02\\\/wp-content\\\/uploads\\\/2019\\\/11\\\/kal19-00.jpg\",\"width\":1000,\"height\":758,\"caption\":\"Adventskalender\"},{\"@type\":\"BreadcrumbList\",\"@id\":\"https:\\\/\\\/www.heldenhaushalt.de\\\/sari02\\\/index.php\\\/2019\\\/11\\\/28\\\/adventskalender-2019\\\/#breadcrumb\",\"itemListElement\":[{\"@type\":\"ListItem\",\"position\":1,\"name\":\"Startseite\",\"item\":\"https:\\\/\\\/www.heldenhaushalt.de\\\/sari02\\\/\"},{\"@type\":\"ListItem\",\"position\":2,\"name\":\"Was kommt in den Adventskalender mit 8 und fast 4 Jahren?\"}]},{\"@type\":\"WebSite\",\"@id\":\"https:\\\/\\\/www.heldenhaushalt.de\\\/sari02\\\/#website\",\"url\":\"https:\\\/\\\/www.heldenhaushalt.de\\\/sari02\\\/\",\"name\":\"Heldenhaushalt\",\"description\":\"Wer es ordentlich haben will, der muss vorher anrufen\",\"publisher\":{\"@id\":\"https:\\\/\\\/www.heldenhaushalt.de\\\/sari02\\\/#\\\/schema\\\/person\\\/a1cc69f42a01f412eb62c151353814f6\"},\"potentialAction\":[{\"@type\":\"SearchAction\",\"target\":{\"@type\":\"EntryPoint\",\"urlTemplate\":\"https:\\\/\\\/www.heldenhaushalt.de\\\/sari02\\\/?s={search_term_string}\"},\"query-input\":{\"@type\":\"PropertyValueSpecification\",\"valueRequired\":true,\"valueName\":\"search_term_string\"}}],\"inLanguage\":\"de\"},{\"@type\":[\"Person\",\"Organization\"],\"@id\":\"https:\\\/\\\/www.heldenhaushalt.de\\\/sari02\\\/#\\\/schema\\\/person\\\/a1cc69f42a01f412eb62c151353814f6\",\"name\":\"Sari\",\"image\":{\"@type\":\"ImageObject\",\"inLanguage\":\"de\",\"@id\":\"https:\\\/\\\/www.heldenhaushalt.de\\\/sari02\\\/wp-content\\\/uploads\\\/2019\\\/02\\\/sari-april2018.png\",\"url\":\"https:\\\/\\\/www.heldenhaushalt.de\\\/sari02\\\/wp-content\\\/uploads\\\/2019\\\/02\\\/sari-april2018.png\",\"contentUrl\":\"https:\\\/\\\/www.heldenhaushalt.de\\\/sari02\\\/wp-content\\\/uploads\\\/2019\\\/02\\\/sari-april2018.png\",\"width\":500,\"height\":500,\"caption\":\"Sari\"},\"logo\":{\"@id\":\"https:\\\/\\\/www.heldenhaushalt.de\\\/sari02\\\/wp-content\\\/uploads\\\/2019\\\/02\\\/sari-april2018.png\"},\"description\":\"Frau Mondgras \u2013 Das bin ich, Sari. Gerne auch als Sari Mondgras bekannt und im Internet zu finden. 2-Fach-Mutter, Heldenehefrau, Kreativling, Harmonies\u00fcchtig und st\u00e4ndig auf der Suche nach Gl\u00fcck. Ich komme aus Berlin, bin hier aufgewachsen und lebe hier seit ich denken kann.\",\"sameAs\":[\"https:\\\/\\\/www.instagram.com\\\/heldenhaushalt\\\/\"],\"url\":\"https:\\\/\\\/www.heldenhaushalt.de\\\/sari02\\\/index.php\\\/author\\\/admin\\\/\"}]}<\/script>\n<!-- \/ Yoast SEO plugin. -->","yoast_head_json":{"title":"Was kommt in den Adventskalender mit 8 und fast 4 Jahren?","description":"Das kennen wir doch alle. Immerhin h\u00e4ngen sie nun endlich: Die Adventskalender! Jedes Jahr wieder stehen wir vor der gro\u00dfen Frage...","robots":{"index":"index","follow":"follow","max-snippet":"max-snippet:-1","max-image-preview":"max-image-preview:large","max-video-preview":"max-video-preview:-1"},"canonical":"https:\/\/www.heldenhaushalt.de\/sari02\/index.php\/2019\/11\/28\/adventskalender-2019\/","og_locale":"de_DE","og_type":"article","og_title":"Was kommt in den Adventskalender mit 8 und fast 4 Jahren?","og_description":"Das kennen wir doch alle. Immerhin h\u00e4ngen sie nun endlich: Die Adventskalender! Jedes Jahr wieder stehen wir vor der gro\u00dfen Frage...","og_url":"https:\/\/www.heldenhaushalt.de\/sari02\/index.php\/2019\/11\/28\/adventskalender-2019\/","og_site_name":"Heldenhaushalt","article_published_time":"2019-11-28T09:00:00+00:00","article_modified_time":"2019-11-28T09:07:49+00:00","og_image":[{"width":1000,"height":758,"url":"https:\/\/www.heldenhaushalt.de\/sari02\/wp-content\/uploads\/2019\/11\/kal19-00.jpg","type":"image\/jpeg"}],"author":"Sari","twitter_card":"summary_large_image","twitter_creator":"@Heldenhaushalt","twitter_site":"@Heldenhaushalt","twitter_misc":{"Verfasst von":"Sari","Gesch\u00e4tzte Lesezeit":"5\u00a0Minuten"},"schema":{"@context":"https:\/\/schema.org","@graph":[{"@type":"Article","@id":"https:\/\/www.heldenhaushalt.de\/sari02\/index.php\/2019\/11\/28\/adventskalender-2019\/#article","isPartOf":{"@id":"https:\/\/www.heldenhaushalt.de\/sari02\/index.php\/2019\/11\/28\/adventskalender-2019\/"},"author":{"name":"Sari","@id":"https:\/\/www.heldenhaushalt.de\/sari02\/#\/schema\/person\/a1cc69f42a01f412eb62c151353814f6"},"headline":"Was kommt in den Adventskalender mit 8 und fast 4 Jahren?","datePublished":"2019-11-28T09:00:00+00:00","dateModified":"2019-11-28T09:07:49+00:00","mainEntityOfPage":{"@id":"https:\/\/www.heldenhaushalt.de\/sari02\/index.php\/2019\/11\/28\/adventskalender-2019\/"},"wordCount":932,"commentCount":1,"publisher":{"@id":"https:\/\/www.heldenhaushalt.de\/sari02\/#\/schema\/person\/a1cc69f42a01f412eb62c151353814f6"},"image":{"@id":"https:\/\/www.heldenhaushalt.de\/sari02\/index.php\/2019\/11\/28\/adventskalender-2019\/#primaryimage"},"thumbnailUrl":"https:\/\/www.heldenhaushalt.de\/sari02\/wp-content\/uploads\/2019\/11\/kal19-00.jpg","keywords":["Advent","Adventskalender","Adventszeit","F\u00fcllung","heldenkinder","Kalender","Kinder","T\u00fcrchen","Weihnachten","Weihnachtszeit"],"articleSection":["Besondere Anl\u00e4sse","Featured","Heldenkinder"],"inLanguage":"de","potentialAction":[{"@type":"CommentAction","name":"Comment","target":["https:\/\/www.heldenhaushalt.de\/sari02\/index.php\/2019\/11\/28\/adventskalender-2019\/#respond"]}]},{"@type":"WebPage","@id":"https:\/\/www.heldenhaushalt.de\/sari02\/index.php\/2019\/11\/28\/adventskalender-2019\/","url":"https:\/\/www.heldenhaushalt.de\/sari02\/index.php\/2019\/11\/28\/adventskalender-2019\/","name":"Was kommt in den Adventskalender mit 8 und fast 4 Jahren?","isPartOf":{"@id":"https:\/\/www.heldenhaushalt.de\/sari02\/#website"},"primaryImageOfPage":{"@id":"https:\/\/www.heldenhaushalt.de\/sari02\/index.php\/2019\/11\/28\/adventskalender-2019\/#primaryimage"},"image":{"@id":"https:\/\/www.heldenhaushalt.de\/sari02\/index.php\/2019\/11\/28\/adventskalender-2019\/#primaryimage"},"thumbnailUrl":"https:\/\/www.heldenhaushalt.de\/sari02\/wp-content\/uploads\/2019\/11\/kal19-00.jpg","datePublished":"2019-11-28T09:00:00+00:00","dateModified":"2019-11-28T09:07:49+00:00","description":"Das kennen wir doch alle. Immerhin h\u00e4ngen sie nun endlich: Die Adventskalender! Jedes Jahr wieder stehen wir vor der gro\u00dfen Frage...","breadcrumb":{"@id":"https:\/\/www.heldenhaushalt.de\/sari02\/index.php\/2019\/11\/28\/adventskalender-2019\/#breadcrumb"},"inLanguage":"de","potentialAction":[{"@type":"ReadAction","target":["https:\/\/www.heldenhaushalt.de\/sari02\/index.php\/2019\/11\/28\/adventskalender-2019\/"]}]},{"@type":"ImageObject","inLanguage":"de","@id":"https:\/\/www.heldenhaushalt.de\/sari02\/index.php\/2019\/11\/28\/adventskalender-2019\/#primaryimage","url":"https:\/\/www.heldenhaushalt.de\/sari02\/wp-content\/uploads\/2019\/11\/kal19-00.jpg","contentUrl":"https:\/\/www.heldenhaushalt.de\/sari02\/wp-content\/uploads\/2019\/11\/kal19-00.jpg","width":1000,"height":758,"caption":"Adventskalender"},{"@type":"BreadcrumbList","@id":"https:\/\/www.heldenhaushalt.de\/sari02\/index.php\/2019\/11\/28\/adventskalender-2019\/#breadcrumb","itemListElement":[{"@type":"ListItem","position":1,"name":"Startseite","item":"https:\/\/www.heldenhaushalt.de\/sari02\/"},{"@type":"ListItem","position":2,"name":"Was kommt in den Adventskalender mit 8 und fast 4 Jahren?"}]},{"@type":"WebSite","@id":"https:\/\/www.heldenhaushalt.de\/sari02\/#website","url":"https:\/\/www.heldenhaushalt.de\/sari02\/","name":"Heldenhaushalt","description":"Wer es ordentlich haben will, der muss vorher anrufen","publisher":{"@id":"https:\/\/www.heldenhaushalt.de\/sari02\/#\/schema\/person\/a1cc69f42a01f412eb62c151353814f6"},"potentialAction":[{"@type":"SearchAction","target":{"@type":"EntryPoint","urlTemplate":"https:\/\/www.heldenhaushalt.de\/sari02\/?s={search_term_string}"},"query-input":{"@type":"PropertyValueSpecification","valueRequired":true,"valueName":"search_term_string"}}],"inLanguage":"de"},{"@type":["Person","Organization"],"@id":"https:\/\/www.heldenhaushalt.de\/sari02\/#\/schema\/person\/a1cc69f42a01f412eb62c151353814f6","name":"Sari","image":{"@type":"ImageObject","inLanguage":"de","@id":"https:\/\/www.heldenhaushalt.de\/sari02\/wp-content\/uploads\/2019\/02\/sari-april2018.png","url":"https:\/\/www.heldenhaushalt.de\/sari02\/wp-content\/uploads\/2019\/02\/sari-april2018.png","contentUrl":"https:\/\/www.heldenhaushalt.de\/sari02\/wp-content\/uploads\/2019\/02\/sari-april2018.png","width":500,"height":500,"caption":"Sari"},"logo":{"@id":"https:\/\/www.heldenhaushalt.de\/sari02\/wp-content\/uploads\/2019\/02\/sari-april2018.png"},"description":"Frau Mondgras \u2013 Das bin ich, Sari. Gerne auch als Sari Mondgras bekannt und im Internet zu finden. 2-Fach-Mutter, Heldenehefrau, Kreativling, Harmonies\u00fcchtig und st\u00e4ndig auf der Suche nach Gl\u00fcck. Ich komme aus Berlin, bin hier aufgewachsen und lebe hier seit ich denken kann.","sameAs":["https:\/\/www.instagram.com\/heldenhaushalt\/"],"url":"https:\/\/www.heldenhaushalt.de\/sari02\/index.php\/author\/admin\/"}]}},"views":2397,"_links":{"self":[{"href":"https:\/\/www.heldenhaushalt.de\/sari02\/index.php\/wp-json\/wp\/v2\/posts\/46645","targetHints":{"allow":["GET"]}}],"collection":[{"href":"https:\/\/www.heldenhaushalt.de\/sari02\/index.php\/wp-json\/wp\/v2\/posts"}],"about":[{"href":"https:\/\/www.heldenhaushalt.de\/sari02\/index.php\/wp-json\/wp\/v2\/types\/post"}],"author":[{"embeddable":true,"href":"https:\/\/www.heldenhaushalt.de\/sari02\/index.php\/wp-json\/wp\/v2\/users\/1"}],"replies":[{"embeddable":true,"href":"https:\/\/www.heldenhaushalt.de\/sari02\/index.php\/wp-json\/wp\/v2\/comments?post=46645"}],"version-history":[{"count":3,"href":"https:\/\/www.heldenhaushalt.de\/sari02\/index.php\/wp-json\/wp\/v2\/posts\/46645\/revisions"}],"predecessor-version":[{"id":46753,"href":"https:\/\/www.heldenhaushalt.de\/sari02\/index.php\/wp-json\/wp\/v2\/posts\/46645\/revisions\/46753"}],"wp:featuredmedia":[{"embeddable":true,"href":"https:\/\/www.heldenhaushalt.de\/sari02\/index.php\/wp-json\/wp\/v2\/media\/46747"}],"wp:attachment":[{"href":"https:\/\/www.heldenhaushalt.de\/sari02\/index.php\/wp-json\/wp\/v2\/media?parent=46645"}],"wp:term":[{"taxonomy":"category","embeddable":true,"href":"https:\/\/www.heldenhaushalt.de\/sari02\/index.php\/wp-json\/wp\/v2\/categories?post=46645"},{"taxonomy":"post_tag","embeddable":true,"href":"https:\/\/www.heldenhaushalt.de\/sari02\/index.php\/wp-json\/wp\/v2\/tags?post=46645"}],"curies":[{"name":"wp","href":"https:\/\/api.w.org\/{rel}","templated":true}]}}