{"id":47039,"date":"2019-12-30T09:24:16","date_gmt":"2019-12-30T08:24:16","guid":{"rendered":"https:\/\/www.heldenhaushalt.de\/sari02\/?p=47039"},"modified":"2019-12-30T09:24:16","modified_gmt":"2019-12-30T08:24:16","slug":"unser-wib-am-28-29-12-2019","status":"publish","type":"post","link":"https:\/\/www.heldenhaushalt.de\/sari02\/index.php\/2019\/12\/30\/unser-wib-am-28-29-12-2019\/","title":{"rendered":"Unser #WIB am 28.\/29.12.2019 &#8211; Eine festliche Einladung und Zeit f&#252;r uns"},"content":{"rendered":"<p style=\"text-align: right;\"><small>enth&#228;lt Werbung (unbezahlt)*<\/small><\/p>\n<p>Nach all der Action in den<a href=\"https:\/\/www.heldenhaushalt.de\/sari02\/index.php\/2019\/12\/23\/unser-wib-am-21-22-12-2019\/\"> letzten Tagen und Wochen<\/a>, hie&#223; es an diesem #WIB eigentlich nur den Tag auf sich zukommen lassen. Nichts musste vorbereitet oder erledigt werden. Lediglich eine Einladung zu einem letzten weihnachtlichen Essen stand noch auf dem Plan.<\/p>\n<p>Allgemein ging es uns in den letzten Tagen irgendwie so, dass wir ein wenig den &#220;berblick verloren hatten wann und welcher Tag es gerade w&#228;re. Ein kleiner Schreck war das schon, als wir am Freitag feststellen mussten, dass ja schon Freitag w&#228;re und die erste Urlaubswoche rum ist. Das geht alles so schnell.&nbsp;<\/p>\n<h2>Daf&#252;r schafften wir am Freitag dann aber noch einen kleinen Ausflug, den ich schon l&#228;nger im Auge hatte&#8230;<\/h2>\n<p>Wie ihr ja wisst, besuchen wir gerne den Erdbeer Erlebnishof in unserer N&#228;he. Dort sollte in der Weihnachtszeit in den Abendstunden eine sch&#246;ne Lichtershow stattfinden. Wir besuchen den Hof normaler Weise ja immer nur morgens, wenn es noch ganz leer ist.<\/p>\n<p><img loading=\"lazy\" decoding=\"async\" class=\"alignnone size-full wp-image-47040\" src=\"https:\/\/www.heldenhaushalt.de\/sari02\/wp-content\/uploads\/2019\/12\/wib52-11.jpg\" alt=\"#WIB\" width=\"1000\" height=\"729\" srcset=\"https:\/\/www.heldenhaushalt.de\/sari02\/wp-content\/uploads\/2019\/12\/wib52-11.jpg 1000w, https:\/\/www.heldenhaushalt.de\/sari02\/wp-content\/uploads\/2019\/12\/wib52-11-300x219.jpg 300w, https:\/\/www.heldenhaushalt.de\/sari02\/wp-content\/uploads\/2019\/12\/wib52-11-768x560.jpg 768w\" sizes=\"auto, (max-width: 1000px) 100vw, 1000px\" \/><\/p>\n<p>Mein erster Gedanke war direkt: Viel zu voll. Ich f&#252;hlte mich nur darin best&#228;tigt weiterhin morgens hin zu fahren. Man konnte ja kaum einen Fu&#223; vor den anderen setzen und auch der Indoorspielplatz war vollkommen &#252;berladen. Also beschr&#228;nkten wir uns auf ein bisschen rumbummeln, kauften ein paar Murmeln und bewunderten die sch&#246;ne Dekoration, die am Tage nat&#252;rlich nicht so toll zur Geltung kam.<\/p>\n<figure id=\"attachment_47041\" aria-describedby=\"caption-attachment-47041\" style=\"width: 1000px\" class=\"wp-caption alignnone\"><img loading=\"lazy\" decoding=\"async\" class=\"wp-image-47041 size-full\" src=\"https:\/\/www.heldenhaushalt.de\/sari02\/wp-content\/uploads\/2019\/12\/wib52-12.jpg\" alt=\"Lichtershow\" width=\"1000\" height=\"742\" srcset=\"https:\/\/www.heldenhaushalt.de\/sari02\/wp-content\/uploads\/2019\/12\/wib52-12.jpg 1000w, https:\/\/www.heldenhaushalt.de\/sari02\/wp-content\/uploads\/2019\/12\/wib52-12-300x223.jpg 300w, https:\/\/www.heldenhaushalt.de\/sari02\/wp-content\/uploads\/2019\/12\/wib52-12-768x570.jpg 768w\" sizes=\"auto, (max-width: 1000px) 100vw, 1000px\" \/><figcaption id=\"caption-attachment-47041\" class=\"wp-caption-text\">Lichtershow bei <a href=\"https:\/\/www.karls.de\/elstal.html\" target=\"_blank\" rel=\"nofollow noopener noreferrer\">Karls Elstal<\/a> (unbezahlte Werbung)<\/figcaption><\/figure>\n<p>Um 17 Uhr startet dann die erste Lichtershow. Zu insgesamt vier Liedern, davon drei weihnachtlich, tanzten die Lichter auf dem Haus und seinem Umfeld und sorgten f&#252;r eine tolle und weihnachtliche Atmosph&#228;re. Sch&#246;n, dass wir es noch einmal geschafft hatten.<\/p>\n<h2>Am #WIB Samstag waren wir dann zu einem Festmahl eingeladen<\/h2>\n<p>Allerdings erst am Nachmittag, so dass erst einmal Ausschlafen angesagt war. Nach ein paar Tagen bekommt man das dann auch tats&#228;chlich mal hin. In der Regel dann, wenn schon bald der morgendliche Wecker wieder auf dem Plan steht.<\/p>\n<p><img loading=\"lazy\" decoding=\"async\" class=\"alignnone size-full wp-image-47043\" src=\"https:\/\/www.heldenhaushalt.de\/sari02\/wp-content\/uploads\/2019\/12\/wib52-01.jpg\" alt=\"Schildkr&#246;ten\" width=\"1000\" height=\"712\" srcset=\"https:\/\/www.heldenhaushalt.de\/sari02\/wp-content\/uploads\/2019\/12\/wib52-01.jpg 1000w, https:\/\/www.heldenhaushalt.de\/sari02\/wp-content\/uploads\/2019\/12\/wib52-01-300x214.jpg 300w, https:\/\/www.heldenhaushalt.de\/sari02\/wp-content\/uploads\/2019\/12\/wib52-01-768x547.jpg 768w\" sizes=\"auto, (max-width: 1000px) 100vw, 1000px\" \/><\/p>\n<p>Leider l&#228;sst uns auch in den Ferien die Schule nicht ganz in Ruhe. Direkt danach steht n&#228;mlich schon eine Mathearbeit und ein Sachkunde-Referat an, so dass wir dann und wann doch etwas lernen m&#252;ssen.<\/p>\n<p><img loading=\"lazy\" decoding=\"async\" class=\"alignnone size-full wp-image-47044\" src=\"https:\/\/www.heldenhaushalt.de\/sari02\/wp-content\/uploads\/2019\/12\/wib52-02.jpg\" alt=\"Lego\" width=\"1000\" height=\"679\" srcset=\"https:\/\/www.heldenhaushalt.de\/sari02\/wp-content\/uploads\/2019\/12\/wib52-02.jpg 1000w, https:\/\/www.heldenhaushalt.de\/sari02\/wp-content\/uploads\/2019\/12\/wib52-02-300x204.jpg 300w, https:\/\/www.heldenhaushalt.de\/sari02\/wp-content\/uploads\/2019\/12\/wib52-02-768x521.jpg 768w\" sizes=\"auto, (max-width: 1000px) 100vw, 1000px\" \/><\/p>\n<p>Inzwischen bauten der kleine Sohn und der Papa gemeinsam eines der Weihnachtsgeschenke zusammen. Zwei geschafft, ein Karton fehlt noch. Und nat&#252;rlich meine Errungenschaften. Aber die hebe ich mir f&#252;r Regentage auf.<\/p>\n<p><img loading=\"lazy\" decoding=\"async\" class=\"alignnone size-full wp-image-47045\" src=\"https:\/\/www.heldenhaushalt.de\/sari02\/wp-content\/uploads\/2019\/12\/wib52-03.jpg\" alt=\"#WIB\" width=\"1000\" height=\"749\" srcset=\"https:\/\/www.heldenhaushalt.de\/sari02\/wp-content\/uploads\/2019\/12\/wib52-03.jpg 1000w, https:\/\/www.heldenhaushalt.de\/sari02\/wp-content\/uploads\/2019\/12\/wib52-03-300x225.jpg 300w, https:\/\/www.heldenhaushalt.de\/sari02\/wp-content\/uploads\/2019\/12\/wib52-03-768x575.jpg 768w\" sizes=\"auto, (max-width: 1000px) 100vw, 1000px\" \/><\/p>\n<p>Dann hie&#223; es schick machen und los zur Einladung bei lieben Nachbarn. Ich versuchte es mal wieder mit Locken. Ach ich wei&#223; auch nicht, mir fehlt irgendwie das H&#228;ndchen daf&#252;r. Oder das richtige Equipment. Hat jemand Tipps f&#252;r mich?<\/p>\n<p><img loading=\"lazy\" decoding=\"async\" class=\"alignnone size-full wp-image-47046\" src=\"https:\/\/www.heldenhaushalt.de\/sari02\/wp-content\/uploads\/2019\/12\/wib52-04.jpg\" alt=\"#WIB\" width=\"1000\" height=\"680\" srcset=\"https:\/\/www.heldenhaushalt.de\/sari02\/wp-content\/uploads\/2019\/12\/wib52-04.jpg 1000w, https:\/\/www.heldenhaushalt.de\/sari02\/wp-content\/uploads\/2019\/12\/wib52-04-300x204.jpg 300w, https:\/\/www.heldenhaushalt.de\/sari02\/wp-content\/uploads\/2019\/12\/wib52-04-768x522.jpg 768w\" sizes=\"auto, (max-width: 1000px) 100vw, 1000px\" \/><\/p>\n<p>So viel M&#252;he haben sie sich gegeben. Und so viele Freunde eingeladen. Der Wahnsinn. Ich will wirklich nicht wissen, wie viel Arbeit sie hatten. Es hat sich jedoch wirklich gelohnt.<\/p>\n<p><img loading=\"lazy\" decoding=\"async\" class=\"alignnone size-full wp-image-47047\" src=\"https:\/\/www.heldenhaushalt.de\/sari02\/wp-content\/uploads\/2019\/12\/wib52-05.jpg\" alt=\"#WIB\" width=\"1000\" height=\"712\" srcset=\"https:\/\/www.heldenhaushalt.de\/sari02\/wp-content\/uploads\/2019\/12\/wib52-05.jpg 1000w, https:\/\/www.heldenhaushalt.de\/sari02\/wp-content\/uploads\/2019\/12\/wib52-05-300x214.jpg 300w, https:\/\/www.heldenhaushalt.de\/sari02\/wp-content\/uploads\/2019\/12\/wib52-05-768x547.jpg 768w\" sizes=\"auto, (max-width: 1000px) 100vw, 1000px\" \/><\/p>\n<p>Das Essen war verdammt lecker und die Gesellschaft wunderbar. Der Abend lief auch richtig, richtig lange, so dass ich irgendwann mit den Kindern schon mal Richtung Bett verschwand und der Held dann sp&#228;ter nach kam.<\/p>\n<h2>Am #WIB Sonntag zeigte sich das dann in gro&#223;er M&#252;digkeit!<\/h2>\n<p>Der Plan f&#252;r Sonntag war ins Kino zu gehen. Die ersten Vorstellung verschlafen (fast) alle aber erst einmal dezent, so dass wir erst zur Mittagsvorstellung im Kino sa&#223;en.<\/p>\n<p><img loading=\"lazy\" decoding=\"async\" class=\"alignnone size-full wp-image-47048\" src=\"https:\/\/www.heldenhaushalt.de\/sari02\/wp-content\/uploads\/2019\/12\/wib52-06.jpg\" alt=\"Kino\" width=\"1000\" height=\"724\" srcset=\"https:\/\/www.heldenhaushalt.de\/sari02\/wp-content\/uploads\/2019\/12\/wib52-06.jpg 1000w, https:\/\/www.heldenhaushalt.de\/sari02\/wp-content\/uploads\/2019\/12\/wib52-06-300x217.jpg 300w, https:\/\/www.heldenhaushalt.de\/sari02\/wp-content\/uploads\/2019\/12\/wib52-06-768x556.jpg 768w\" sizes=\"auto, (max-width: 1000px) 100vw, 1000px\" \/><\/p>\n<p>Die Wahl fiel auf Olaf und seine Freunde und auch wenn der Gesang vielleicht etwas zu viel war, war es dennoch ein sch&#246;ner Film, der bei den Kindern zu vielen Lachern f&#252;hrte (die wohl vor allem Olaf zu verdanken waren).<\/p>\n<p><img loading=\"lazy\" decoding=\"async\" class=\"alignnone size-full wp-image-47049\" src=\"https:\/\/www.heldenhaushalt.de\/sari02\/wp-content\/uploads\/2019\/12\/wib52-07.jpg\" alt=\"#WIB\" width=\"1000\" height=\"694\" srcset=\"https:\/\/www.heldenhaushalt.de\/sari02\/wp-content\/uploads\/2019\/12\/wib52-07.jpg 1000w, https:\/\/www.heldenhaushalt.de\/sari02\/wp-content\/uploads\/2019\/12\/wib52-07-300x208.jpg 300w, https:\/\/www.heldenhaushalt.de\/sari02\/wp-content\/uploads\/2019\/12\/wib52-07-768x533.jpg 768w\" sizes=\"auto, (max-width: 1000px) 100vw, 1000px\" \/><\/p>\n<p>Der anschlie&#223;ende Spaziergang nach Hause bzw. zum Bus tat richtig gut. Ich merkte meinen Kopf, der im Laufe des Tages immer doller schmerzen sollte.<\/p>\n<h2>Den Rest des Tages gammelten wir nur so vor uns hin<\/h2>\n<p>Zu Hause wurde direkt Mittagessen gemacht. Der Hunger war gro&#223;, genau wie die Vorfreude auf das Essen.<\/p>\n<p><img loading=\"lazy\" decoding=\"async\" class=\"alignnone size-full wp-image-47050\" src=\"https:\/\/www.heldenhaushalt.de\/sari02\/wp-content\/uploads\/2019\/12\/wib52-08.jpg\" alt=\"#WIB\" width=\"1000\" height=\"698\" srcset=\"https:\/\/www.heldenhaushalt.de\/sari02\/wp-content\/uploads\/2019\/12\/wib52-08.jpg 1000w, https:\/\/www.heldenhaushalt.de\/sari02\/wp-content\/uploads\/2019\/12\/wib52-08-300x209.jpg 300w, https:\/\/www.heldenhaushalt.de\/sari02\/wp-content\/uploads\/2019\/12\/wib52-08-768x536.jpg 768w\" sizes=\"auto, (max-width: 1000px) 100vw, 1000px\" \/><\/p>\n<p>Reis mit Zaziki und Gyros stand n&#228;mlich auf dem Plan und das gab es schon l&#228;nger nicht mehr bei uns. Nach dem Essen fuhren der Held und der Miniheld dann f&#252;r ein paar St&#252;ndchen zu einem Freund, so dass das Heldenkind und ich etwas Ruhe und Zeit f&#252;r uns zu Hause hatten.<\/p>\n<p><img loading=\"lazy\" decoding=\"async\" class=\"alignnone size-full wp-image-47051\" src=\"https:\/\/www.heldenhaushalt.de\/sari02\/wp-content\/uploads\/2019\/12\/wib52-09.jpg\" alt=\"#WIB\" width=\"1000\" height=\"706\" srcset=\"https:\/\/www.heldenhaushalt.de\/sari02\/wp-content\/uploads\/2019\/12\/wib52-09.jpg 1000w, https:\/\/www.heldenhaushalt.de\/sari02\/wp-content\/uploads\/2019\/12\/wib52-09-300x212.jpg 300w, https:\/\/www.heldenhaushalt.de\/sari02\/wp-content\/uploads\/2019\/12\/wib52-09-768x542.jpg 768w\" sizes=\"auto, (max-width: 1000px) 100vw, 1000px\" \/><\/p>\n<p>Gemeinsam &#8220;arbeiteten&#8221; wir etwas, spielten im Kinderzimmer mit den neuen Sachen und kuschelten ein wenig. Mein Kopf war nach dem Essen zwar wieder etwas besser, machte mir aber dennoch ganz sch&#246;n zu schaffen.<\/p>\n<p><img loading=\"lazy\" decoding=\"async\" class=\"alignnone size-full wp-image-47052\" src=\"https:\/\/www.heldenhaushalt.de\/sari02\/wp-content\/uploads\/2019\/12\/wib52-10.jpg\" alt=\"#WIB\" width=\"1000\" height=\"735\" srcset=\"https:\/\/www.heldenhaushalt.de\/sari02\/wp-content\/uploads\/2019\/12\/wib52-10.jpg 1000w, https:\/\/www.heldenhaushalt.de\/sari02\/wp-content\/uploads\/2019\/12\/wib52-10-300x221.jpg 300w, https:\/\/www.heldenhaushalt.de\/sari02\/wp-content\/uploads\/2019\/12\/wib52-10-768x564.jpg 768w\" sizes=\"auto, (max-width: 1000px) 100vw, 1000px\" \/><\/p>\n<p>Am Abend gab es ein sch&#246;nes Bad. Im Kalender des Sohnes befand sich diese Kinder &#8211; Badebombe, die leider eine herbe Entt&#228;uschung war, denn es befand sich nicht, wie vermutet, eine kleine Spielfigur darin.<\/p>\n<p>Als die anderen beiden M&#228;nner wieder nach Hause kamen, kuschelten das Heldenkind und ich bereits im Bett und lasen gemeinsam im neuen &#8220;Jan und Henry&#8221; Buch, das es zum Geburtstag Anfang des Monats gab.<\/p>\n<p>Mehr bildhafte #WIB findet ihr wie gewohnt<a href=\"https:\/\/www.grossekoepfe.de\/wochenende-in-bildern\/unser-wochenende-in-bildern-28-29-12-2019-ihre-seine-und-eure-sicht\" target=\"_blank\" rel=\"noopener noreferrer\"> bei Alu und Co<\/a>.&nbsp;<br \/>\nIm n&#228;chsten Jahr sind wir dann auch gerne wieder mit dabei, sofern es ein weiteres mal #WIB geben wird. Und Ihr?<\/p>\n<p><small>*<strong>Anmerkung:<\/strong>&nbsp;Der Artikel &#252;ber unser #WIB enth&#228;lt evtl. Bilder mit Produkten, die wir in unserem Alltag nutzen oder Linkempfehlungen. Wir haben keine Bezahlung f&#252;r das Zeigen oder Nutzen derselbigen erhalten.<\/small><\/p>\n","protected":false},"excerpt":{"rendered":"<p>enth&#228;lt Werbung (unbezahlt)* Nach all der Action in den letzten Tagen und Wochen, hie&#223; es an diesem #WIB eigentlich nur den Tag auf sich zukommen lassen. Nichts musste vorbereitet oder erledigt werden. Lediglich eine Einladung zu einem letzten weihnachtlichen Essen stand noch auf dem Plan. Allgemein ging es uns in den letzten Tagen irgendwie so, dass wir ein wenig den &#220;berblick verloren hatten wann und welcher Tag es gerade w&#228;re. Ein kleiner Schreck war das schon, als wir am Freitag feststellen mussten, dass ja schon Freitag w&#228;re und die erste Urlaubswoche rum ist. Das geht alles so schnell.&nbsp; Daf&#252;r schafften wir am Freitag dann aber noch einen kleinen Ausflug, den ich schon l&#228;nger im Auge hatte&#8230; Wie ihr ja wisst, besuchen wir gerne den Erdbeer Erlebnishof in unserer N&#228;he. Dort sollte in der Weihnachtszeit in den Abendstunden eine sch&#246;ne Lichtershow stattfinden. Wir besuchen den Hof normaler Weise ja immer nur morgens, wenn es noch ganz leer ist. Mein erster Gedanke war direkt: Viel zu voll. Ich f&#252;hlte mich nur darin best&#228;tigt weiterhin morgens hin zu fahren. Man konnte ja kaum einen Fu&#223; vor den anderen setzen und auch der Indoorspielplatz war vollkommen &#252;berladen. Also beschr&#228;nkten wir uns auf ein bisschen rumbummeln, kauften ein paar Murmeln und bewunderten die sch&#246;ne Dekoration, die am Tage nat&#252;rlich nicht so toll zur Geltung kam. Um 17 Uhr startet dann die erste Lichtershow. Zu insgesamt vier Liedern, davon drei weihnachtlich, tanzten die Lichter auf dem Haus und seinem Umfeld und sorgten f&#252;r eine tolle und weihnachtliche Atmosph&#228;re. Sch&#246;n, dass wir es noch einmal geschafft hatten. Am #WIB Samstag waren wir dann zu einem Festmahl eingeladen Allerdings erst am Nachmittag, so dass erst einmal Ausschlafen angesagt war. Nach ein paar Tagen bekommt man das dann auch tats&#228;chlich mal hin. In der Regel dann, wenn schon bald der morgendliche Wecker wieder auf dem Plan steht. Leider l&#228;sst uns auch in den Ferien die Schule nicht ganz in Ruhe. Direkt danach steht n&#228;mlich schon eine Mathearbeit und ein Sachkunde-Referat an, so dass wir dann und wann doch etwas lernen m&#252;ssen. Inzwischen bauten der kleine Sohn und der Papa gemeinsam eines der Weihnachtsgeschenke zusammen. Zwei geschafft, ein Karton fehlt noch. Und nat&#252;rlich meine Errungenschaften. Aber die hebe ich mir f&#252;r Regentage auf. Dann hie&#223; es schick machen und los zur Einladung bei lieben Nachbarn. Ich versuchte es mal wieder mit Locken. Ach ich wei&#223; auch nicht, mir fehlt irgendwie das H&#228;ndchen daf&#252;r. Oder das richtige Equipment. Hat jemand Tipps f&#252;r mich? So viel M&#252;he haben sie sich gegeben. Und so viele Freunde eingeladen. Der Wahnsinn. Ich will wirklich nicht wissen, wie viel Arbeit sie hatten. Es hat sich jedoch wirklich gelohnt. Das Essen war verdammt lecker und die Gesellschaft wunderbar. Der Abend lief auch richtig, richtig lange, so dass ich irgendwann mit den Kindern schon mal Richtung Bett verschwand und der Held dann sp&#228;ter nach kam. Am #WIB Sonntag zeigte sich das dann in gro&#223;er M&#252;digkeit! Der Plan f&#252;r Sonntag war ins Kino zu gehen. Die ersten Vorstellung verschlafen (fast) alle aber erst einmal dezent, so dass wir erst zur Mittagsvorstellung im Kino sa&#223;en. Die Wahl fiel auf Olaf und seine Freunde und auch wenn der Gesang vielleicht etwas zu viel war, war es dennoch ein sch&#246;ner Film, der bei den Kindern zu vielen Lachern f&#252;hrte (die wohl vor allem Olaf zu verdanken waren). Der anschlie&#223;ende Spaziergang nach Hause bzw. zum Bus tat richtig gut. Ich merkte meinen Kopf, der im Laufe des Tages immer doller schmerzen sollte. Den Rest des Tages gammelten wir nur so vor uns hin Zu Hause wurde direkt Mittagessen gemacht. Der Hunger war gro&#223;, genau wie die Vorfreude auf das Essen. Reis mit Zaziki und Gyros stand n&#228;mlich auf dem Plan und das gab es schon l&#228;nger nicht mehr bei uns. Nach dem Essen fuhren der Held und der Miniheld dann f&#252;r ein paar St&#252;ndchen zu einem Freund, so dass das Heldenkind und ich etwas Ruhe und Zeit f&#252;r uns zu Hause hatten. Gemeinsam &#8220;arbeiteten&#8221; wir etwas, spielten im Kinderzimmer mit den neuen Sachen und kuschelten ein wenig. Mein Kopf war nach dem Essen zwar wieder etwas besser, machte mir aber dennoch ganz sch&#246;n zu schaffen. Am Abend gab es ein sch&#246;nes Bad. Im Kalender des Sohnes befand sich diese Kinder &#8211; Badebombe, die leider eine herbe Entt&#228;uschung war, denn es befand sich nicht, wie vermutet, eine kleine Spielfigur darin. Als die anderen beiden M&#228;nner wieder nach Hause kamen, kuschelten das Heldenkind und ich bereits im Bett und lasen gemeinsam im neuen &#8220;Jan und Henry&#8221; Buch, das es zum Geburtstag Anfang des Monats gab. Mehr bildhafte #WIB findet ihr wie gewohnt bei Alu und Co.&nbsp; Im n&#228;chsten Jahr sind wir dann auch gerne wieder mit dabei, sofern es ein weiteres mal #WIB geben wird. Und Ihr? *Anmerkung:&nbsp;Der Artikel &#252;ber unser #WIB enth&#228;lt evtl. Bilder mit Produkten, die wir in unserem Alltag nutzen oder Linkempfehlungen. Wir haben keine Bezahlung f&#252;r das Zeigen oder Nutzen derselbigen erhalten.<\/p>\n","protected":false},"author":1,"featured_media":47042,"comment_status":"open","ping_status":"open","sticky":false,"template":"","format":"standard","meta":{"ngg_post_thumbnail":0,"footnotes":""},"categories":[323,49],"tags":[45,69,81,199,599,698,600],"class_list":["post-47039","post","type-post","status-publish","format-standard","has-post-thumbnail","hentry","category-alltag","category-blogspaehre","tag-alltag","tag-familie","tag-kinder","tag-rueckblick","tag-wib","tag-wochenende","tag-wochenende-in-bildern"],"yoast_head":"<!-- This site is optimized with the Yoast SEO plugin v27.4 - https:\/\/yoast.com\/product\/yoast-seo-wordpress\/ -->\n<title>Unser #WIB am 28.\/29.12.2019 - Eine festliche Einladung und Zeit f\u00fcr uns<\/title>\n<meta name=\"description\" content=\"Nach all der Action in den letzten Tagen und Wochen, hie\u00df es an diesem #WIB eigentlich nur den Tag auf sich zukommen lassen.\" \/>\n<meta name=\"robots\" content=\"index, follow, max-snippet:-1, max-image-preview:large, max-video-preview:-1\" \/>\n<link rel=\"canonical\" href=\"https:\/\/www.heldenhaushalt.de\/sari02\/index.php\/2019\/12\/30\/unser-wib-am-28-29-12-2019\/\" \/>\n<meta property=\"og:locale\" content=\"de_DE\" \/>\n<meta property=\"og:type\" content=\"article\" \/>\n<meta property=\"og:title\" content=\"Unser #WIB am 28.\/29.12.2019 - Eine festliche Einladung und Zeit f\u00fcr uns\" \/>\n<meta property=\"og:description\" content=\"Nach all der Action in den letzten Tagen und Wochen, hie\u00df es an diesem #WIB eigentlich nur den Tag auf sich zukommen lassen.\" \/>\n<meta property=\"og:url\" content=\"https:\/\/www.heldenhaushalt.de\/sari02\/index.php\/2019\/12\/30\/unser-wib-am-28-29-12-2019\/\" \/>\n<meta property=\"og:site_name\" content=\"Heldenhaushalt\" \/>\n<meta property=\"article:published_time\" content=\"2019-12-30T08:24:16+00:00\" \/>\n<meta property=\"og:image\" content=\"https:\/\/www.heldenhaushalt.de\/sari02\/wp-content\/uploads\/2019\/12\/wib52-00.jpg\" \/>\n\t<meta property=\"og:image:width\" content=\"1000\" \/>\n\t<meta property=\"og:image:height\" content=\"721\" \/>\n\t<meta property=\"og:image:type\" content=\"image\/jpeg\" \/>\n<meta name=\"author\" content=\"Sari\" \/>\n<meta name=\"twitter:card\" content=\"summary_large_image\" \/>\n<meta name=\"twitter:creator\" content=\"@Heldenhaushalt\" \/>\n<meta name=\"twitter:site\" content=\"@Heldenhaushalt\" \/>\n<meta name=\"twitter:label1\" content=\"Verfasst von\" \/>\n\t<meta name=\"twitter:data1\" content=\"Sari\" \/>\n\t<meta name=\"twitter:label2\" content=\"Gesch\u00e4tzte Lesezeit\" \/>\n\t<meta name=\"twitter:data2\" content=\"4\u00a0Minuten\" \/>\n<script type=\"application\/ld+json\" class=\"yoast-schema-graph\">{\"@context\":\"https:\\\/\\\/schema.org\",\"@graph\":[{\"@type\":\"Article\",\"@id\":\"https:\\\/\\\/www.heldenhaushalt.de\\\/sari02\\\/index.php\\\/2019\\\/12\\\/30\\\/unser-wib-am-28-29-12-2019\\\/#article\",\"isPartOf\":{\"@id\":\"https:\\\/\\\/www.heldenhaushalt.de\\\/sari02\\\/index.php\\\/2019\\\/12\\\/30\\\/unser-wib-am-28-29-12-2019\\\/\"},\"author\":{\"name\":\"Sari\",\"@id\":\"https:\\\/\\\/www.heldenhaushalt.de\\\/sari02\\\/#\\\/schema\\\/person\\\/a1cc69f42a01f412eb62c151353814f6\"},\"headline\":\"Unser #WIB am 28.\\\/29.12.2019 &#8211; Eine festliche Einladung und Zeit f&#252;r uns\",\"datePublished\":\"2019-12-30T08:24:16+00:00\",\"mainEntityOfPage\":{\"@id\":\"https:\\\/\\\/www.heldenhaushalt.de\\\/sari02\\\/index.php\\\/2019\\\/12\\\/30\\\/unser-wib-am-28-29-12-2019\\\/\"},\"wordCount\":894,\"commentCount\":0,\"publisher\":{\"@id\":\"https:\\\/\\\/www.heldenhaushalt.de\\\/sari02\\\/#\\\/schema\\\/person\\\/a1cc69f42a01f412eb62c151353814f6\"},\"image\":{\"@id\":\"https:\\\/\\\/www.heldenhaushalt.de\\\/sari02\\\/index.php\\\/2019\\\/12\\\/30\\\/unser-wib-am-28-29-12-2019\\\/#primaryimage\"},\"thumbnailUrl\":\"https:\\\/\\\/www.heldenhaushalt.de\\\/sari02\\\/wp-content\\\/uploads\\\/2019\\\/12\\\/wib52-00.jpg\",\"keywords\":[\"Allt\u00e4glich\",\"Familie\",\"Kinder\",\"R\u00fcckblick\",\"WIB\",\"Wochenende\",\"Wochenende in Bildern\"],\"articleSection\":[\"Alltagschaos\",\"Blogsph\u00e4re\"],\"inLanguage\":\"de\",\"potentialAction\":[{\"@type\":\"CommentAction\",\"name\":\"Comment\",\"target\":[\"https:\\\/\\\/www.heldenhaushalt.de\\\/sari02\\\/index.php\\\/2019\\\/12\\\/30\\\/unser-wib-am-28-29-12-2019\\\/#respond\"]}]},{\"@type\":\"WebPage\",\"@id\":\"https:\\\/\\\/www.heldenhaushalt.de\\\/sari02\\\/index.php\\\/2019\\\/12\\\/30\\\/unser-wib-am-28-29-12-2019\\\/\",\"url\":\"https:\\\/\\\/www.heldenhaushalt.de\\\/sari02\\\/index.php\\\/2019\\\/12\\\/30\\\/unser-wib-am-28-29-12-2019\\\/\",\"name\":\"Unser #WIB am 28.\\\/29.12.2019 - Eine festliche Einladung und Zeit f\u00fcr uns\",\"isPartOf\":{\"@id\":\"https:\\\/\\\/www.heldenhaushalt.de\\\/sari02\\\/#website\"},\"primaryImageOfPage\":{\"@id\":\"https:\\\/\\\/www.heldenhaushalt.de\\\/sari02\\\/index.php\\\/2019\\\/12\\\/30\\\/unser-wib-am-28-29-12-2019\\\/#primaryimage\"},\"image\":{\"@id\":\"https:\\\/\\\/www.heldenhaushalt.de\\\/sari02\\\/index.php\\\/2019\\\/12\\\/30\\\/unser-wib-am-28-29-12-2019\\\/#primaryimage\"},\"thumbnailUrl\":\"https:\\\/\\\/www.heldenhaushalt.de\\\/sari02\\\/wp-content\\\/uploads\\\/2019\\\/12\\\/wib52-00.jpg\",\"datePublished\":\"2019-12-30T08:24:16+00:00\",\"description\":\"Nach all der Action in den letzten Tagen und Wochen, hie\u00df es an diesem #WIB eigentlich nur den Tag auf sich zukommen lassen.\",\"breadcrumb\":{\"@id\":\"https:\\\/\\\/www.heldenhaushalt.de\\\/sari02\\\/index.php\\\/2019\\\/12\\\/30\\\/unser-wib-am-28-29-12-2019\\\/#breadcrumb\"},\"inLanguage\":\"de\",\"potentialAction\":[{\"@type\":\"ReadAction\",\"target\":[\"https:\\\/\\\/www.heldenhaushalt.de\\\/sari02\\\/index.php\\\/2019\\\/12\\\/30\\\/unser-wib-am-28-29-12-2019\\\/\"]}]},{\"@type\":\"ImageObject\",\"inLanguage\":\"de\",\"@id\":\"https:\\\/\\\/www.heldenhaushalt.de\\\/sari02\\\/index.php\\\/2019\\\/12\\\/30\\\/unser-wib-am-28-29-12-2019\\\/#primaryimage\",\"url\":\"https:\\\/\\\/www.heldenhaushalt.de\\\/sari02\\\/wp-content\\\/uploads\\\/2019\\\/12\\\/wib52-00.jpg\",\"contentUrl\":\"https:\\\/\\\/www.heldenhaushalt.de\\\/sari02\\\/wp-content\\\/uploads\\\/2019\\\/12\\\/wib52-00.jpg\",\"width\":1000,\"height\":721,\"caption\":\"#WIB\"},{\"@type\":\"BreadcrumbList\",\"@id\":\"https:\\\/\\\/www.heldenhaushalt.de\\\/sari02\\\/index.php\\\/2019\\\/12\\\/30\\\/unser-wib-am-28-29-12-2019\\\/#breadcrumb\",\"itemListElement\":[{\"@type\":\"ListItem\",\"position\":1,\"name\":\"Startseite\",\"item\":\"https:\\\/\\\/www.heldenhaushalt.de\\\/sari02\\\/\"},{\"@type\":\"ListItem\",\"position\":2,\"name\":\"Unser #WIB am 28.\\\/29.12.2019 &#8211; Eine festliche Einladung und Zeit f&#252;r uns\"}]},{\"@type\":\"WebSite\",\"@id\":\"https:\\\/\\\/www.heldenhaushalt.de\\\/sari02\\\/#website\",\"url\":\"https:\\\/\\\/www.heldenhaushalt.de\\\/sari02\\\/\",\"name\":\"Heldenhaushalt\",\"description\":\"Wer es ordentlich haben will, der muss vorher anrufen\",\"publisher\":{\"@id\":\"https:\\\/\\\/www.heldenhaushalt.de\\\/sari02\\\/#\\\/schema\\\/person\\\/a1cc69f42a01f412eb62c151353814f6\"},\"potentialAction\":[{\"@type\":\"SearchAction\",\"target\":{\"@type\":\"EntryPoint\",\"urlTemplate\":\"https:\\\/\\\/www.heldenhaushalt.de\\\/sari02\\\/?s={search_term_string}\"},\"query-input\":{\"@type\":\"PropertyValueSpecification\",\"valueRequired\":true,\"valueName\":\"search_term_string\"}}],\"inLanguage\":\"de\"},{\"@type\":[\"Person\",\"Organization\"],\"@id\":\"https:\\\/\\\/www.heldenhaushalt.de\\\/sari02\\\/#\\\/schema\\\/person\\\/a1cc69f42a01f412eb62c151353814f6\",\"name\":\"Sari\",\"image\":{\"@type\":\"ImageObject\",\"inLanguage\":\"de\",\"@id\":\"https:\\\/\\\/www.heldenhaushalt.de\\\/sari02\\\/wp-content\\\/uploads\\\/2019\\\/02\\\/sari-april2018.png\",\"url\":\"https:\\\/\\\/www.heldenhaushalt.de\\\/sari02\\\/wp-content\\\/uploads\\\/2019\\\/02\\\/sari-april2018.png\",\"contentUrl\":\"https:\\\/\\\/www.heldenhaushalt.de\\\/sari02\\\/wp-content\\\/uploads\\\/2019\\\/02\\\/sari-april2018.png\",\"width\":500,\"height\":500,\"caption\":\"Sari\"},\"logo\":{\"@id\":\"https:\\\/\\\/www.heldenhaushalt.de\\\/sari02\\\/wp-content\\\/uploads\\\/2019\\\/02\\\/sari-april2018.png\"},\"description\":\"Frau Mondgras \u2013 Das bin ich, Sari. Gerne auch als Sari Mondgras bekannt und im Internet zu finden. 2-Fach-Mutter, Heldenehefrau, Kreativling, Harmonies\u00fcchtig und st\u00e4ndig auf der Suche nach Gl\u00fcck. Ich komme aus Berlin, bin hier aufgewachsen und lebe hier seit ich denken kann.\",\"sameAs\":[\"https:\\\/\\\/www.instagram.com\\\/heldenhaushalt\\\/\"],\"url\":\"https:\\\/\\\/www.heldenhaushalt.de\\\/sari02\\\/index.php\\\/author\\\/admin\\\/\"}]}<\/script>\n<!-- \/ Yoast SEO plugin. -->","yoast_head_json":{"title":"Unser #WIB am 28.\/29.12.2019 - Eine festliche Einladung und Zeit f\u00fcr uns","description":"Nach all der Action in den letzten Tagen und Wochen, hie\u00df es an diesem #WIB eigentlich nur den Tag auf sich zukommen lassen.","robots":{"index":"index","follow":"follow","max-snippet":"max-snippet:-1","max-image-preview":"max-image-preview:large","max-video-preview":"max-video-preview:-1"},"canonical":"https:\/\/www.heldenhaushalt.de\/sari02\/index.php\/2019\/12\/30\/unser-wib-am-28-29-12-2019\/","og_locale":"de_DE","og_type":"article","og_title":"Unser #WIB am 28.\/29.12.2019 - Eine festliche Einladung und Zeit f\u00fcr uns","og_description":"Nach all der Action in den letzten Tagen und Wochen, hie\u00df es an diesem #WIB eigentlich nur den Tag auf sich zukommen lassen.","og_url":"https:\/\/www.heldenhaushalt.de\/sari02\/index.php\/2019\/12\/30\/unser-wib-am-28-29-12-2019\/","og_site_name":"Heldenhaushalt","article_published_time":"2019-12-30T08:24:16+00:00","og_image":[{"width":1000,"height":721,"url":"https:\/\/www.heldenhaushalt.de\/sari02\/wp-content\/uploads\/2019\/12\/wib52-00.jpg","type":"image\/jpeg"}],"author":"Sari","twitter_card":"summary_large_image","twitter_creator":"@Heldenhaushalt","twitter_site":"@Heldenhaushalt","twitter_misc":{"Verfasst von":"Sari","Gesch\u00e4tzte Lesezeit":"4\u00a0Minuten"},"schema":{"@context":"https:\/\/schema.org","@graph":[{"@type":"Article","@id":"https:\/\/www.heldenhaushalt.de\/sari02\/index.php\/2019\/12\/30\/unser-wib-am-28-29-12-2019\/#article","isPartOf":{"@id":"https:\/\/www.heldenhaushalt.de\/sari02\/index.php\/2019\/12\/30\/unser-wib-am-28-29-12-2019\/"},"author":{"name":"Sari","@id":"https:\/\/www.heldenhaushalt.de\/sari02\/#\/schema\/person\/a1cc69f42a01f412eb62c151353814f6"},"headline":"Unser #WIB am 28.\/29.12.2019 &#8211; Eine festliche Einladung und Zeit f&#252;r uns","datePublished":"2019-12-30T08:24:16+00:00","mainEntityOfPage":{"@id":"https:\/\/www.heldenhaushalt.de\/sari02\/index.php\/2019\/12\/30\/unser-wib-am-28-29-12-2019\/"},"wordCount":894,"commentCount":0,"publisher":{"@id":"https:\/\/www.heldenhaushalt.de\/sari02\/#\/schema\/person\/a1cc69f42a01f412eb62c151353814f6"},"image":{"@id":"https:\/\/www.heldenhaushalt.de\/sari02\/index.php\/2019\/12\/30\/unser-wib-am-28-29-12-2019\/#primaryimage"},"thumbnailUrl":"https:\/\/www.heldenhaushalt.de\/sari02\/wp-content\/uploads\/2019\/12\/wib52-00.jpg","keywords":["Allt\u00e4glich","Familie","Kinder","R\u00fcckblick","WIB","Wochenende","Wochenende in Bildern"],"articleSection":["Alltagschaos","Blogsph\u00e4re"],"inLanguage":"de","potentialAction":[{"@type":"CommentAction","name":"Comment","target":["https:\/\/www.heldenhaushalt.de\/sari02\/index.php\/2019\/12\/30\/unser-wib-am-28-29-12-2019\/#respond"]}]},{"@type":"WebPage","@id":"https:\/\/www.heldenhaushalt.de\/sari02\/index.php\/2019\/12\/30\/unser-wib-am-28-29-12-2019\/","url":"https:\/\/www.heldenhaushalt.de\/sari02\/index.php\/2019\/12\/30\/unser-wib-am-28-29-12-2019\/","name":"Unser #WIB am 28.\/29.12.2019 - Eine festliche Einladung und Zeit f\u00fcr uns","isPartOf":{"@id":"https:\/\/www.heldenhaushalt.de\/sari02\/#website"},"primaryImageOfPage":{"@id":"https:\/\/www.heldenhaushalt.de\/sari02\/index.php\/2019\/12\/30\/unser-wib-am-28-29-12-2019\/#primaryimage"},"image":{"@id":"https:\/\/www.heldenhaushalt.de\/sari02\/index.php\/2019\/12\/30\/unser-wib-am-28-29-12-2019\/#primaryimage"},"thumbnailUrl":"https:\/\/www.heldenhaushalt.de\/sari02\/wp-content\/uploads\/2019\/12\/wib52-00.jpg","datePublished":"2019-12-30T08:24:16+00:00","description":"Nach all der Action in den letzten Tagen und Wochen, hie\u00df es an diesem #WIB eigentlich nur den Tag auf sich zukommen lassen.","breadcrumb":{"@id":"https:\/\/www.heldenhaushalt.de\/sari02\/index.php\/2019\/12\/30\/unser-wib-am-28-29-12-2019\/#breadcrumb"},"inLanguage":"de","potentialAction":[{"@type":"ReadAction","target":["https:\/\/www.heldenhaushalt.de\/sari02\/index.php\/2019\/12\/30\/unser-wib-am-28-29-12-2019\/"]}]},{"@type":"ImageObject","inLanguage":"de","@id":"https:\/\/www.heldenhaushalt.de\/sari02\/index.php\/2019\/12\/30\/unser-wib-am-28-29-12-2019\/#primaryimage","url":"https:\/\/www.heldenhaushalt.de\/sari02\/wp-content\/uploads\/2019\/12\/wib52-00.jpg","contentUrl":"https:\/\/www.heldenhaushalt.de\/sari02\/wp-content\/uploads\/2019\/12\/wib52-00.jpg","width":1000,"height":721,"caption":"#WIB"},{"@type":"BreadcrumbList","@id":"https:\/\/www.heldenhaushalt.de\/sari02\/index.php\/2019\/12\/30\/unser-wib-am-28-29-12-2019\/#breadcrumb","itemListElement":[{"@type":"ListItem","position":1,"name":"Startseite","item":"https:\/\/www.heldenhaushalt.de\/sari02\/"},{"@type":"ListItem","position":2,"name":"Unser #WIB am 28.\/29.12.2019 &#8211; Eine festliche Einladung und Zeit f&#252;r uns"}]},{"@type":"WebSite","@id":"https:\/\/www.heldenhaushalt.de\/sari02\/#website","url":"https:\/\/www.heldenhaushalt.de\/sari02\/","name":"Heldenhaushalt","description":"Wer es ordentlich haben will, der muss vorher anrufen","publisher":{"@id":"https:\/\/www.heldenhaushalt.de\/sari02\/#\/schema\/person\/a1cc69f42a01f412eb62c151353814f6"},"potentialAction":[{"@type":"SearchAction","target":{"@type":"EntryPoint","urlTemplate":"https:\/\/www.heldenhaushalt.de\/sari02\/?s={search_term_string}"},"query-input":{"@type":"PropertyValueSpecification","valueRequired":true,"valueName":"search_term_string"}}],"inLanguage":"de"},{"@type":["Person","Organization"],"@id":"https:\/\/www.heldenhaushalt.de\/sari02\/#\/schema\/person\/a1cc69f42a01f412eb62c151353814f6","name":"Sari","image":{"@type":"ImageObject","inLanguage":"de","@id":"https:\/\/www.heldenhaushalt.de\/sari02\/wp-content\/uploads\/2019\/02\/sari-april2018.png","url":"https:\/\/www.heldenhaushalt.de\/sari02\/wp-content\/uploads\/2019\/02\/sari-april2018.png","contentUrl":"https:\/\/www.heldenhaushalt.de\/sari02\/wp-content\/uploads\/2019\/02\/sari-april2018.png","width":500,"height":500,"caption":"Sari"},"logo":{"@id":"https:\/\/www.heldenhaushalt.de\/sari02\/wp-content\/uploads\/2019\/02\/sari-april2018.png"},"description":"Frau Mondgras \u2013 Das bin ich, Sari. Gerne auch als Sari Mondgras bekannt und im Internet zu finden. 2-Fach-Mutter, Heldenehefrau, Kreativling, Harmonies\u00fcchtig und st\u00e4ndig auf der Suche nach Gl\u00fcck. Ich komme aus Berlin, bin hier aufgewachsen und lebe hier seit ich denken kann.","sameAs":["https:\/\/www.instagram.com\/heldenhaushalt\/"],"url":"https:\/\/www.heldenhaushalt.de\/sari02\/index.php\/author\/admin\/"}]}},"views":2092,"_links":{"self":[{"href":"https:\/\/www.heldenhaushalt.de\/sari02\/index.php\/wp-json\/wp\/v2\/posts\/47039","targetHints":{"allow":["GET"]}}],"collection":[{"href":"https:\/\/www.heldenhaushalt.de\/sari02\/index.php\/wp-json\/wp\/v2\/posts"}],"about":[{"href":"https:\/\/www.heldenhaushalt.de\/sari02\/index.php\/wp-json\/wp\/v2\/types\/post"}],"author":[{"embeddable":true,"href":"https:\/\/www.heldenhaushalt.de\/sari02\/index.php\/wp-json\/wp\/v2\/users\/1"}],"replies":[{"embeddable":true,"href":"https:\/\/www.heldenhaushalt.de\/sari02\/index.php\/wp-json\/wp\/v2\/comments?post=47039"}],"version-history":[{"count":1,"href":"https:\/\/www.heldenhaushalt.de\/sari02\/index.php\/wp-json\/wp\/v2\/posts\/47039\/revisions"}],"predecessor-version":[{"id":47053,"href":"https:\/\/www.heldenhaushalt.de\/sari02\/index.php\/wp-json\/wp\/v2\/posts\/47039\/revisions\/47053"}],"wp:featuredmedia":[{"embeddable":true,"href":"https:\/\/www.heldenhaushalt.de\/sari02\/index.php\/wp-json\/wp\/v2\/media\/47042"}],"wp:attachment":[{"href":"https:\/\/www.heldenhaushalt.de\/sari02\/index.php\/wp-json\/wp\/v2\/media?parent=47039"}],"wp:term":[{"taxonomy":"category","embeddable":true,"href":"https:\/\/www.heldenhaushalt.de\/sari02\/index.php\/wp-json\/wp\/v2\/categories?post=47039"},{"taxonomy":"post_tag","embeddable":true,"href":"https:\/\/www.heldenhaushalt.de\/sari02\/index.php\/wp-json\/wp\/v2\/tags?post=47039"}],"curies":[{"name":"wp","href":"https:\/\/api.w.org\/{rel}","templated":true}]}}