{"id":47564,"date":"2020-02-28T09:30:22","date_gmt":"2020-02-28T08:30:22","guid":{"rendered":"https:\/\/www.heldenhaushalt.de\/sari02\/?p=47564"},"modified":"2020-02-27T10:01:19","modified_gmt":"2020-02-27T09:01:19","slug":"wochenlieblinge-092020","status":"publish","type":"post","link":"https:\/\/www.heldenhaushalt.de\/sari02\/index.php\/2020\/02\/28\/wochenlieblinge-092020\/","title":{"rendered":"Wochenlieblinge 09\/2020 &#8211; Graupel, Hagel und Sonnenschein"},"content":{"rendered":"<p style=\"text-align: right;\"><small>Enth&#228;lt (unbezahlte) Werbung*<\/small><\/p>\n<p>Zeit f&#252;r Wochenlieblinge! Yay, alle wieder fit. Mehr oder weniger. Ich h&#228;tte ja nicht gedacht, dass es sich wirklich mal bessern w&#252;rde. Ich hatte eher damit gerechnet, dass wir flei&#223;ig die Erk&#228;ltung untereinander hin und her reichen. Vor allem bei diesem katastrophalem Wetter. Da locken Sonnenstrahlen einen vor die T&#252;re, nur um sich kurze Zeit sp&#228;ter in ekelig nassen Hagel zu verwandeln. &#8220;Es regnet&#8221;, sagte der Mann in der einen Sekunde und in der n&#228;chsten prasseln riesige Hagelk&#246;rner vom Himmel, nur um kurz darauf auf einmal wieder in sch&#246;nsten Sonnenschein &#252;ber zu gehen. Kalt war es mittendrin und dann wieder angenehm mild. Was ist denn nun das richtige Wetter oder vielmehr: Was ist die richtige Kleidung?<\/p>\n<p>Mehr als einmal bin ich diese Woche vor die T&#252;re gegangen mit dem Vorhaben laufen zu gehen. Jedes Mal schien zu Anfang die Sonne und am Ende kam ich nass zu Hause an und nicht weil ich so geschwitzt war. Naja, die Wochenlieblinge verraten euch mehr.<\/p>\n<h2>Unsere Wochenlieblinge&#8230;<\/h2>\n<p><img loading=\"lazy\" decoding=\"async\" class=\"alignnone size-full wp-image-47566\" src=\"https:\/\/www.heldenhaushalt.de\/sari02\/wp-content\/uploads\/2020\/02\/09-02.jpg\" alt=\"Wochenlieblinge\" width=\"1000\" height=\"707\" srcset=\"https:\/\/www.heldenhaushalt.de\/sari02\/wp-content\/uploads\/2020\/02\/09-02.jpg 1000w, https:\/\/www.heldenhaushalt.de\/sari02\/wp-content\/uploads\/2020\/02\/09-02-300x212.jpg 300w, https:\/\/www.heldenhaushalt.de\/sari02\/wp-content\/uploads\/2020\/02\/09-02-768x543.jpg 768w\" sizes=\"auto, (max-width: 1000px) 100vw, 1000px\" \/><\/p>\n<p><strong>01. Shopping f&#252;r gro&#223; und klein &#8211;<\/strong> Eigentlich waren wir nur unterwegs, weil der Mann eine neue Hose ben&#246;tigt (und ich gerne eine neue Fitnessuhr h&#228;tte), aber am Ende wurde irgendwie jeder f&#252;ndig. So zog bei mir neue Fitnesskleidung zum Laufen ein *hihi* und ein rosanes Kleid f&#252;r das hoffentlich bald bessere Wetter (rosa&#8230;ich&#8230;). Der Miniheld verliebte sich in ein schwarz-wei&#223;es Hemd mit Brusttasche, das er nun stolz tr&#228;gt und das Heldenkind wollte unbedingt ein gr&#252;nes T-Shirt mit einem Cham&#228;leon darauf. Der eine &#196;rmel hat sogar kleine Stacheln auf der Schulter, was nat&#252;rlich sehr cool aussieht. Das positive an diesem Ausflug war, wie angenehm dieses Shopping war. Irgendwie maulte keiner, alle st&#246;berten interessiert und jeder wurde f&#252;ndig. Das erlebt man nicht unbedingt immer und machte so umso mehr Spa&#223;.<\/p>\n<p><img loading=\"lazy\" decoding=\"async\" class=\"alignnone size-full wp-image-47567\" src=\"https:\/\/www.heldenhaushalt.de\/sari02\/wp-content\/uploads\/2020\/02\/09-03.jpg\" alt=\"Wochenlieblinge\" width=\"1000\" height=\"748\" srcset=\"https:\/\/www.heldenhaushalt.de\/sari02\/wp-content\/uploads\/2020\/02\/09-03.jpg 1000w, https:\/\/www.heldenhaushalt.de\/sari02\/wp-content\/uploads\/2020\/02\/09-03-300x224.jpg 300w, https:\/\/www.heldenhaushalt.de\/sari02\/wp-content\/uploads\/2020\/02\/09-03-768x574.jpg 768w\" sizes=\"auto, (max-width: 1000px) 100vw, 1000px\" \/><\/p>\n<p><strong>02. Das DIY Projekt vom gro&#223;en Sohn &#8211;<\/strong> Ich werde euch demn&#228;chst mal den gesamten Ablauf dieser Idee zeigen, aber mit viel Stolz machte sich der gro&#223;e Sohn diese Woche daran sein kleines DIY Projekt umzusetzen, wof&#252;r er am <a href=\"https:\/\/www.heldenhaushalt.de\/sari02\/index.php\/2020\/02\/24\/unser-wib-am-22-23-02-2020\/\">letzten Wochenende auf dem Stoffmarkt<\/a> alle n&#246;tigen Materialien besorgt hatte. Klar mit etwas Hilfe von Mama, aber dennoch. Der kleine Bruder durfte es dann auch versuchen und nun tragen beide stolz das Ergebnis vor sich her.<\/p>\n<p><img loading=\"lazy\" decoding=\"async\" class=\"alignnone size-full wp-image-47569\" src=\"https:\/\/www.heldenhaushalt.de\/sari02\/wp-content\/uploads\/2020\/02\/09-05.jpg\" alt=\"Pilze\" width=\"1000\" height=\"713\" srcset=\"https:\/\/www.heldenhaushalt.de\/sari02\/wp-content\/uploads\/2020\/02\/09-05.jpg 1000w, https:\/\/www.heldenhaushalt.de\/sari02\/wp-content\/uploads\/2020\/02\/09-05-300x214.jpg 300w, https:\/\/www.heldenhaushalt.de\/sari02\/wp-content\/uploads\/2020\/02\/09-05-768x548.jpg 768w\" sizes=\"auto, (max-width: 1000px) 100vw, 1000px\" \/><\/p>\n<p><strong>03. Kochexperimente &#8211;<\/strong> Wie auch im letzten Jahr versuche ich mich weiterhin f&#252;r neue Zutaten und Rezepte zu &#246;ffnen. So habe ich diese Woche mal ein wenig herumexperimentiert und zum ersten mal mit Kokosmilch gekocht, die ich Jahre lang gemieden habe, weil ich geschmacklich kein Fan von Kokos bin (au&#223;er auf Kuchen und Keksen) und muss sagen, ich war vom Rezept bzw. dem Ergebnis positiv &#252;berrascht. Das werde ich demn&#228;chst noch einmal in abgewandelter Form probieren. Nun suche ich ein Rezept, um Curry-Paste selber herzustellen. Hat jemand da Tipps f&#252;r mich? Das erw&#228;hnte Rezept mit Pilzen gibt es dann n&#228;chste Woche auch f&#252;r euch.<\/p>\n<p><img loading=\"lazy\" decoding=\"async\" class=\"alignnone size-full wp-image-47570\" src=\"https:\/\/www.heldenhaushalt.de\/sari02\/wp-content\/uploads\/2020\/02\/09-06.jpg\" alt=\"Fasching\" width=\"1000\" height=\"735\" srcset=\"https:\/\/www.heldenhaushalt.de\/sari02\/wp-content\/uploads\/2020\/02\/09-06.jpg 1000w, https:\/\/www.heldenhaushalt.de\/sari02\/wp-content\/uploads\/2020\/02\/09-06-300x221.jpg 300w, https:\/\/www.heldenhaushalt.de\/sari02\/wp-content\/uploads\/2020\/02\/09-06-768x564.jpg 768w\" sizes=\"auto, (max-width: 1000px) 100vw, 1000px\" \/><\/p>\n<p><strong>04. Fasching! &#8211;<\/strong> In Kita und Schule war diese Woche Fasching angesagt. Beides am gleichen Tag. So stand ich Montag in der K&#252;che und zauberte kleine Buletten f&#252;r die Kita &#8211; Feier und am Dienstag Morgen einen Obstteller f&#252;r die Schule (siehe das Foto oben). Wie man hoffentlich unschwer erkennen kann, war das Thema bei den Heldenkindern dieses Jahr ganz klar &#8220;Pok\u00e9mon&#8221;. W&#228;hrend der kleine Sohn seinen geliebten Glumanda Overall anzog, ging der gro&#223;e Sohn als sein Trainer. Ausgestattet mit <a href=\"https:\/\/www.amazon.de\/gp\/product\/B008HZ4VV4\/ref=as_li_tl?ie=UTF8&amp;camp=1638&amp;creative=6742&amp;creativeASIN=B008HZ4VV4&amp;linkCode=as2&amp;tag=mondgrasde-21&amp;linkId=11bd7ce773f47278ade2ff3ab522c15a\" target=\"_blank\" rel=\"nofollow noopener noreferrer\">Cappy<\/a> <small>(Affiliate)<\/small>, Rucksack, einem passenden T-Shirt und <a href=\"https:\/\/www.amazon.de\/gp\/product\/B07P83YKZM\/ref=as_li_tl?ie=UTF8&amp;camp=1638&amp;creative=6742&amp;creativeASIN=B07P83YKZM&amp;linkCode=as2&amp;tag=mondgrasde-21&amp;linkId=a3950b782069319a10dc38531b40f693\" target=\"_blank\" rel=\"nofollow noopener noreferrer\">einem G&#252;rtel<\/a> <small>(Affiliate)<\/small>, an dem man Pok\u00e9b&#228;lle befestigen konnte, sah er aus wie ein richtiger Trainer. Wie im letzten Jahr w&#228;hlten sie so eher unbeabsichtigt passende Kost&#252;me. Da gingen sie n&#228;mlich als Polizist und Feuerwehrmann *lach*. Das Heldenkind w&#252;nscht ich noch ein Shiggy Kost&#252;m und ich glaube, ich muss mal wieder an der N&#228;hmaschine kreativ werden.<\/p>\n<p><img loading=\"lazy\" decoding=\"async\" class=\"alignnone size-full wp-image-47571\" src=\"https:\/\/www.heldenhaushalt.de\/sari02\/wp-content\/uploads\/2020\/02\/09-07.jpg\" alt=\"Wochenlieblinge\" width=\"1000\" height=\"748\" srcset=\"https:\/\/www.heldenhaushalt.de\/sari02\/wp-content\/uploads\/2020\/02\/09-07.jpg 1000w, https:\/\/www.heldenhaushalt.de\/sari02\/wp-content\/uploads\/2020\/02\/09-07-300x224.jpg 300w, https:\/\/www.heldenhaushalt.de\/sari02\/wp-content\/uploads\/2020\/02\/09-07-768x574.jpg 768w\" sizes=\"auto, (max-width: 1000px) 100vw, 1000px\" \/><\/p>\n<p><strong>05. Dran bleiben, hei&#223;t die Devise!<\/strong> &#8211; Unabh&#228;ngig von <a href=\"https:\/\/www.heldenhaushalt.de\/sari02\/index.php\/2020\/02\/26\/fastenzeit-checkedicheckfitasheck\/\">der Fastenzeit &#8211; Challenge<\/a>, die mich nun die n&#228;chsten 40 Tage begleiten soll, habe ich diese Woche angefangen das Joggen etwas mehr zu trainieren. Nachdem ich nun die gesamte letzte Woche nicht dazu kam, wollte ich es dennoch nicht schleifen lassen und versuchte es diese Woche wieder. Zwei Tage ging ich f&#252;r 20 Minuten ca. vor die T&#252;re und lief um die H&#228;user. Mal mehr, mal weniger erfolgreich. <a href=\"https:\/\/www.heldenhaushalt.de\/sari02\/index.php\/2020\/02\/17\/unser-wib-am-15-16-02-2020\/\">Meinen Erfolg vom letzten Mal<\/a> konnte ich leider bisher noch nicht wiederholen und ein bisschen frage ich mich, was damals anders war. Gleichzeitig merke ich aber auch, wie eisig der Wind ist und wie sehr er mir beim Laufen manchmal Widerstand leistet. So kam ich zu dem Entschluss, dass es vor allem das Wichtigste ist, einfach dran zu bleiben. Sich davon nicht entmutigen zu lassen und sich auch &#252;ber das &#8220;Kleinvieh&#8221; zu freuen, denn bekannter ma&#223;en macht ja auch dieses Mist, nicht wahr? Alleine die Tatsache, dass ich mich dazu aufgerafft hatte und dennoch mehr Erfolg als im letzten Jahr vorweisen konnte, macht mich stolz. Es soll ja nun auch wieder milder werden, also einfach weiter machen. Tschakkaa!<\/p>\n<h2>Unsere Lieblinge aus der Blogsph&#228;re!<\/h2>\n<p><img loading=\"lazy\" decoding=\"async\" class=\"alignnone size-full wp-image-47568\" src=\"https:\/\/www.heldenhaushalt.de\/sari02\/wp-content\/uploads\/2020\/02\/09-04.jpg\" alt=\"Wochenlieblinge\" width=\"1000\" height=\"744\" srcset=\"https:\/\/www.heldenhaushalt.de\/sari02\/wp-content\/uploads\/2020\/02\/09-04.jpg 1000w, https:\/\/www.heldenhaushalt.de\/sari02\/wp-content\/uploads\/2020\/02\/09-04-300x223.jpg 300w, https:\/\/www.heldenhaushalt.de\/sari02\/wp-content\/uploads\/2020\/02\/09-04-768x571.jpg 768w\" sizes=\"auto, (max-width: 1000px) 100vw, 1000px\" \/><\/p>\n<p>Eigentlich soll man ja beim Essen nicht lesen, nicht wahr? Aber irgendwie freue ich mich auch, wenn ich selbst das kleine Kind vertieft in ein Buch sehe. Ihr nicht? Wie auch immer, das mal nur so am Rande. Hier kommen jetzt wieder ein paar Wochenlieblinge aus der Blogsph&#228;re diese Woche: <a href=\"https:\/\/www.kinderchaos-familienblog.de\/backen\/mandarinen-schmand-kuchen\/\" target=\"_blank\" rel=\"noopener noreferrer\">Mandarinen-Schmand-Kuchen<\/a> &#8211; <a href=\"https:\/\/frau-mutter.com\/leben-mit-kindern\/ostereier-natuerlich-faerben-so-klappt-es-am-besten\/\" target=\"_blank\" rel=\"noopener noreferrer\">Ostereier nat&#252;rlich f&#228;rben<\/a> &#8211; <a href=\"https:\/\/quatsch-matsch.de\/muffin-eis-backen-fuer-die-party\/\" target=\"_blank\" rel=\"noopener noreferrer\">Muffin Eis<\/a> &#8211; <a href=\"https:\/\/feiersun.de\/partypopper-konfettikanone-5-minuten-diy\/\" target=\"_blank\" rel=\"noopener noreferrer\">Partypopper selber machen<\/a> &#8211; <a href=\"https:\/\/www.tollabea.de\/knautschis-basteln-mit-kindern\/\" target=\"_blank\" rel=\"noopener noreferrer\">Knautschis basteln<\/a> &#8211; <a href=\"https:\/\/www.simplylovelychaos.de\/erkaeltungsbadesalz-selber-machen\/\" target=\"_blank\" rel=\"noopener noreferrer\">Erk&#228;ltungsbadesalz<\/a> &#8211; <a href=\"https:\/\/schwesternliebeundwir.de\/diy-im-fruehling-einfache-schmetterlinge-mit-kindern-basteln\/\" target=\"_blank\" rel=\"noopener noreferrer\">einfache Schmetterlinge<\/a>.<\/p>\n<p>Heute freue ich mich jetzt noch auf eine nette Runde zwischen tollen Menschen und guten B&#252;chern. Ich habe sogar etwas mehr Zeit als sonst und freue mich auf etwas Me-Time nach all dem Krankenlager der letzten Zeit. Am Wochenende erwartet uns dann mal wieder etwas Fu&#223;ball und milderes Wetter (hoffentlich ohne Regen).<\/p>\n<p><small>*<strong>Anmerkung:<\/strong>&nbsp;Der Artikel &#252;ber unsere Wochenlieblinge enth&#228;lt evtl. Bilder mit Produkten, die wir in unserem Alltag nutzen oder Linkempfehlungen. Wir haben keine Bezahlung f&#252;r das Zeigen oder Nutzen derselbigen erhalten. Affiliate Links sind als solche markiert.<\/small><\/p>\n","protected":false},"excerpt":{"rendered":"<p>Enth&#228;lt (unbezahlte) Werbung* Zeit f&#252;r Wochenlieblinge! Yay, alle wieder fit. Mehr oder weniger. Ich h&#228;tte ja nicht gedacht, dass es sich wirklich mal bessern w&#252;rde. Ich hatte eher damit gerechnet, dass wir flei&#223;ig die Erk&#228;ltung untereinander hin und her reichen. Vor allem bei diesem katastrophalem Wetter. Da locken Sonnenstrahlen einen vor die T&#252;re, nur um sich kurze Zeit sp&#228;ter in ekelig nassen Hagel zu verwandeln. &#8220;Es regnet&#8221;, sagte der Mann in der einen Sekunde und in der n&#228;chsten prasseln riesige Hagelk&#246;rner vom Himmel, nur um kurz darauf auf einmal wieder in sch&#246;nsten Sonnenschein &#252;ber zu gehen. Kalt war es mittendrin und dann wieder angenehm mild. Was ist denn nun das richtige Wetter oder vielmehr: Was ist die richtige Kleidung? Mehr als einmal bin ich diese Woche vor die T&#252;re gegangen mit dem Vorhaben laufen zu gehen. Jedes Mal schien zu Anfang die Sonne und am Ende kam ich nass zu Hause an und nicht weil ich so geschwitzt war. Naja, die Wochenlieblinge verraten euch mehr. Unsere Wochenlieblinge&#8230; 01. Shopping f&#252;r gro&#223; und klein &#8211; Eigentlich waren wir nur unterwegs, weil der Mann eine neue Hose ben&#246;tigt (und ich gerne eine neue Fitnessuhr h&#228;tte), aber am Ende wurde irgendwie jeder f&#252;ndig. So zog bei mir neue Fitnesskleidung zum Laufen ein *hihi* und ein rosanes Kleid f&#252;r das hoffentlich bald bessere Wetter (rosa&#8230;ich&#8230;). Der Miniheld verliebte sich in ein schwarz-wei&#223;es Hemd mit Brusttasche, das er nun stolz tr&#228;gt und das Heldenkind wollte unbedingt ein gr&#252;nes T-Shirt mit einem Cham&#228;leon darauf. Der eine &#196;rmel hat sogar kleine Stacheln auf der Schulter, was nat&#252;rlich sehr cool aussieht. Das positive an diesem Ausflug war, wie angenehm dieses Shopping war. Irgendwie maulte keiner, alle st&#246;berten interessiert und jeder wurde f&#252;ndig. Das erlebt man nicht unbedingt immer und machte so umso mehr Spa&#223;. 02. Das DIY Projekt vom gro&#223;en Sohn &#8211; Ich werde euch demn&#228;chst mal den gesamten Ablauf dieser Idee zeigen, aber mit viel Stolz machte sich der gro&#223;e Sohn diese Woche daran sein kleines DIY Projekt umzusetzen, wof&#252;r er am letzten Wochenende auf dem Stoffmarkt alle n&#246;tigen Materialien besorgt hatte. Klar mit etwas Hilfe von Mama, aber dennoch. Der kleine Bruder durfte es dann auch versuchen und nun tragen beide stolz das Ergebnis vor sich her. 03. Kochexperimente &#8211; Wie auch im letzten Jahr versuche ich mich weiterhin f&#252;r neue Zutaten und Rezepte zu &#246;ffnen. So habe ich diese Woche mal ein wenig herumexperimentiert und zum ersten mal mit Kokosmilch gekocht, die ich Jahre lang gemieden habe, weil ich geschmacklich kein Fan von Kokos bin (au&#223;er auf Kuchen und Keksen) und muss sagen, ich war vom Rezept bzw. dem Ergebnis positiv &#252;berrascht. Das werde ich demn&#228;chst noch einmal in abgewandelter Form probieren. Nun suche ich ein Rezept, um Curry-Paste selber herzustellen. Hat jemand da Tipps f&#252;r mich? Das erw&#228;hnte Rezept mit Pilzen gibt es dann n&#228;chste Woche auch f&#252;r euch. 04. Fasching! &#8211; In Kita und Schule war diese Woche Fasching angesagt. Beides am gleichen Tag. So stand ich Montag in der K&#252;che und zauberte kleine Buletten f&#252;r die Kita &#8211; Feier und am Dienstag Morgen einen Obstteller f&#252;r die Schule (siehe das Foto oben). Wie man hoffentlich unschwer erkennen kann, war das Thema bei den Heldenkindern dieses Jahr ganz klar &#8220;Pok\u00e9mon&#8221;. W&#228;hrend der kleine Sohn seinen geliebten Glumanda Overall anzog, ging der gro&#223;e Sohn als sein Trainer. Ausgestattet mit Cappy (Affiliate), Rucksack, einem passenden T-Shirt und einem G&#252;rtel (Affiliate), an dem man Pok\u00e9b&#228;lle befestigen konnte, sah er aus wie ein richtiger Trainer. Wie im letzten Jahr w&#228;hlten sie so eher unbeabsichtigt passende Kost&#252;me. Da gingen sie n&#228;mlich als Polizist und Feuerwehrmann *lach*. Das Heldenkind w&#252;nscht ich noch ein Shiggy Kost&#252;m und ich glaube, ich muss mal wieder an der N&#228;hmaschine kreativ werden. 05. Dran bleiben, hei&#223;t die Devise! &#8211; Unabh&#228;ngig von der Fastenzeit &#8211; Challenge, die mich nun die n&#228;chsten 40 Tage begleiten soll, habe ich diese Woche angefangen das Joggen etwas mehr zu trainieren. Nachdem ich nun die gesamte letzte Woche nicht dazu kam, wollte ich es dennoch nicht schleifen lassen und versuchte es diese Woche wieder. Zwei Tage ging ich f&#252;r 20 Minuten ca. vor die T&#252;re und lief um die H&#228;user. Mal mehr, mal weniger erfolgreich. Meinen Erfolg vom letzten Mal konnte ich leider bisher noch nicht wiederholen und ein bisschen frage ich mich, was damals anders war. Gleichzeitig merke ich aber auch, wie eisig der Wind ist und wie sehr er mir beim Laufen manchmal Widerstand leistet. So kam ich zu dem Entschluss, dass es vor allem das Wichtigste ist, einfach dran zu bleiben. Sich davon nicht entmutigen zu lassen und sich auch &#252;ber das &#8220;Kleinvieh&#8221; zu freuen, denn bekannter ma&#223;en macht ja auch dieses Mist, nicht wahr? Alleine die Tatsache, dass ich mich dazu aufgerafft hatte und dennoch mehr Erfolg als im letzten Jahr vorweisen konnte, macht mich stolz. Es soll ja nun auch wieder milder werden, also einfach weiter machen. Tschakkaa! Unsere Lieblinge aus der Blogsph&#228;re! Eigentlich soll man ja beim Essen nicht lesen, nicht wahr? Aber irgendwie freue ich mich auch, wenn ich selbst das kleine Kind vertieft in ein Buch sehe. Ihr nicht? Wie auch immer, das mal nur so am Rande. Hier kommen jetzt wieder ein paar Wochenlieblinge aus der Blogsph&#228;re diese Woche: Mandarinen-Schmand-Kuchen &#8211; Ostereier nat&#252;rlich f&#228;rben &#8211; Muffin Eis &#8211; Partypopper selber machen &#8211; Knautschis basteln &#8211; Erk&#228;ltungsbadesalz &#8211; einfache Schmetterlinge. Heute freue ich mich jetzt noch auf eine nette Runde zwischen tollen Menschen und guten B&#252;chern. Ich habe sogar etwas mehr Zeit als sonst und freue mich auf etwas Me-Time nach all dem Krankenlager der letzten Zeit. Am Wochenende erwartet uns dann mal wieder etwas Fu&#223;ball und milderes Wetter (hoffentlich ohne Regen). *Anmerkung:&nbsp;Der Artikel &#252;ber unsere Wochenlieblinge enth&#228;lt evtl. Bilder mit Produkten, die wir in unserem Alltag nutzen oder Linkempfehlungen. Wir haben keine Bezahlung f&#252;r das Zeigen oder Nutzen derselbigen erhalten. Affiliate Links sind als solche markiert.<\/p>\n","protected":false},"author":1,"featured_media":47565,"comment_status":"open","ping_status":"open","sticky":false,"template":"","format":"standard","meta":{"ngg_post_thumbnail":0,"footnotes":""},"categories":[323,49],"tags":[780,781,45,2512,69,81,856,199,2161],"class_list":["post-47564","post","type-post","status-publish","format-standard","has-post-thumbnail","hentry","category-alltag","category-blogspaehre","tag-freitags5","tag-freitagslieblinge","tag-alltag","tag-aprilwetter","tag-familie","tag-kinder","tag-leben-mit-kindern","tag-rueckblick","tag-wochenlieblinge"],"yoast_head":"<!-- This site is optimized with the Yoast SEO plugin v27.4 - https:\/\/yoast.com\/product\/yoast-seo-wordpress\/ -->\n<title>Wochenlieblinge 09\/2020 - Graupel, Hagel und Sonnenschein<\/title>\n<meta name=\"description\" content=\"Jedes Mal schien zu Anfang die Sonne und am Ende kam ich nass zu Hause an. Naja, die Wochenlieblinge verraten euch mehr...\" \/>\n<meta name=\"robots\" content=\"index, follow, max-snippet:-1, max-image-preview:large, max-video-preview:-1\" \/>\n<link rel=\"canonical\" href=\"https:\/\/www.heldenhaushalt.de\/sari02\/index.php\/2020\/02\/28\/wochenlieblinge-092020\/\" \/>\n<meta property=\"og:locale\" content=\"de_DE\" \/>\n<meta property=\"og:type\" content=\"article\" \/>\n<meta property=\"og:title\" content=\"Wochenlieblinge 09\/2020 - Graupel, Hagel und Sonnenschein\" \/>\n<meta property=\"og:description\" content=\"Jedes Mal schien zu Anfang die Sonne und am Ende kam ich nass zu Hause an. Naja, die Wochenlieblinge verraten euch mehr...\" \/>\n<meta property=\"og:url\" content=\"https:\/\/www.heldenhaushalt.de\/sari02\/index.php\/2020\/02\/28\/wochenlieblinge-092020\/\" \/>\n<meta property=\"og:site_name\" content=\"Heldenhaushalt\" \/>\n<meta property=\"article:published_time\" content=\"2020-02-28T08:30:22+00:00\" \/>\n<meta property=\"og:image\" content=\"https:\/\/www.heldenhaushalt.de\/sari02\/wp-content\/uploads\/2020\/02\/09-01.jpg\" \/>\n\t<meta property=\"og:image:width\" content=\"1000\" \/>\n\t<meta property=\"og:image:height\" content=\"725\" \/>\n\t<meta property=\"og:image:type\" content=\"image\/jpeg\" \/>\n<meta name=\"author\" content=\"Sari\" \/>\n<meta name=\"twitter:card\" content=\"summary_large_image\" \/>\n<meta name=\"twitter:creator\" content=\"@Heldenhaushalt\" \/>\n<meta name=\"twitter:site\" content=\"@Heldenhaushalt\" \/>\n<meta name=\"twitter:label1\" content=\"Verfasst von\" \/>\n\t<meta name=\"twitter:data1\" content=\"Sari\" \/>\n\t<meta name=\"twitter:label2\" content=\"Gesch\u00e4tzte Lesezeit\" \/>\n\t<meta name=\"twitter:data2\" content=\"5\u00a0Minuten\" \/>\n<script type=\"application\/ld+json\" class=\"yoast-schema-graph\">{\"@context\":\"https:\\\/\\\/schema.org\",\"@graph\":[{\"@type\":\"Article\",\"@id\":\"https:\\\/\\\/www.heldenhaushalt.de\\\/sari02\\\/index.php\\\/2020\\\/02\\\/28\\\/wochenlieblinge-092020\\\/#article\",\"isPartOf\":{\"@id\":\"https:\\\/\\\/www.heldenhaushalt.de\\\/sari02\\\/index.php\\\/2020\\\/02\\\/28\\\/wochenlieblinge-092020\\\/\"},\"author\":{\"name\":\"Sari\",\"@id\":\"https:\\\/\\\/www.heldenhaushalt.de\\\/sari02\\\/#\\\/schema\\\/person\\\/a1cc69f42a01f412eb62c151353814f6\"},\"headline\":\"Wochenlieblinge 09\\\/2020 &#8211; Graupel, Hagel und Sonnenschein\",\"datePublished\":\"2020-02-28T08:30:22+00:00\",\"mainEntityOfPage\":{\"@id\":\"https:\\\/\\\/www.heldenhaushalt.de\\\/sari02\\\/index.php\\\/2020\\\/02\\\/28\\\/wochenlieblinge-092020\\\/\"},\"wordCount\":1044,\"commentCount\":0,\"publisher\":{\"@id\":\"https:\\\/\\\/www.heldenhaushalt.de\\\/sari02\\\/#\\\/schema\\\/person\\\/a1cc69f42a01f412eb62c151353814f6\"},\"image\":{\"@id\":\"https:\\\/\\\/www.heldenhaushalt.de\\\/sari02\\\/index.php\\\/2020\\\/02\\\/28\\\/wochenlieblinge-092020\\\/#primaryimage\"},\"thumbnailUrl\":\"https:\\\/\\\/www.heldenhaushalt.de\\\/sari02\\\/wp-content\\\/uploads\\\/2020\\\/02\\\/09-01.jpg\",\"keywords\":[\"#Freitags5\",\"#Freitagslieblinge\",\"Allt\u00e4glich\",\"Aprilwetter\",\"Familie\",\"Kinder\",\"Leben mit Kindern\",\"R\u00fcckblick\",\"Wochenlieblinge\"],\"articleSection\":[\"Alltagschaos\",\"Blogsph\u00e4re\"],\"inLanguage\":\"de\",\"potentialAction\":[{\"@type\":\"CommentAction\",\"name\":\"Comment\",\"target\":[\"https:\\\/\\\/www.heldenhaushalt.de\\\/sari02\\\/index.php\\\/2020\\\/02\\\/28\\\/wochenlieblinge-092020\\\/#respond\"]}]},{\"@type\":\"WebPage\",\"@id\":\"https:\\\/\\\/www.heldenhaushalt.de\\\/sari02\\\/index.php\\\/2020\\\/02\\\/28\\\/wochenlieblinge-092020\\\/\",\"url\":\"https:\\\/\\\/www.heldenhaushalt.de\\\/sari02\\\/index.php\\\/2020\\\/02\\\/28\\\/wochenlieblinge-092020\\\/\",\"name\":\"Wochenlieblinge 09\\\/2020 - Graupel, Hagel und Sonnenschein\",\"isPartOf\":{\"@id\":\"https:\\\/\\\/www.heldenhaushalt.de\\\/sari02\\\/#website\"},\"primaryImageOfPage\":{\"@id\":\"https:\\\/\\\/www.heldenhaushalt.de\\\/sari02\\\/index.php\\\/2020\\\/02\\\/28\\\/wochenlieblinge-092020\\\/#primaryimage\"},\"image\":{\"@id\":\"https:\\\/\\\/www.heldenhaushalt.de\\\/sari02\\\/index.php\\\/2020\\\/02\\\/28\\\/wochenlieblinge-092020\\\/#primaryimage\"},\"thumbnailUrl\":\"https:\\\/\\\/www.heldenhaushalt.de\\\/sari02\\\/wp-content\\\/uploads\\\/2020\\\/02\\\/09-01.jpg\",\"datePublished\":\"2020-02-28T08:30:22+00:00\",\"description\":\"Jedes Mal schien zu Anfang die Sonne und am Ende kam ich nass zu Hause an. Naja, die Wochenlieblinge verraten euch mehr...\",\"breadcrumb\":{\"@id\":\"https:\\\/\\\/www.heldenhaushalt.de\\\/sari02\\\/index.php\\\/2020\\\/02\\\/28\\\/wochenlieblinge-092020\\\/#breadcrumb\"},\"inLanguage\":\"de\",\"potentialAction\":[{\"@type\":\"ReadAction\",\"target\":[\"https:\\\/\\\/www.heldenhaushalt.de\\\/sari02\\\/index.php\\\/2020\\\/02\\\/28\\\/wochenlieblinge-092020\\\/\"]}]},{\"@type\":\"ImageObject\",\"inLanguage\":\"de\",\"@id\":\"https:\\\/\\\/www.heldenhaushalt.de\\\/sari02\\\/index.php\\\/2020\\\/02\\\/28\\\/wochenlieblinge-092020\\\/#primaryimage\",\"url\":\"https:\\\/\\\/www.heldenhaushalt.de\\\/sari02\\\/wp-content\\\/uploads\\\/2020\\\/02\\\/09-01.jpg\",\"contentUrl\":\"https:\\\/\\\/www.heldenhaushalt.de\\\/sari02\\\/wp-content\\\/uploads\\\/2020\\\/02\\\/09-01.jpg\",\"width\":1000,\"height\":725,\"caption\":\"Wochenlieblinge\"},{\"@type\":\"BreadcrumbList\",\"@id\":\"https:\\\/\\\/www.heldenhaushalt.de\\\/sari02\\\/index.php\\\/2020\\\/02\\\/28\\\/wochenlieblinge-092020\\\/#breadcrumb\",\"itemListElement\":[{\"@type\":\"ListItem\",\"position\":1,\"name\":\"Startseite\",\"item\":\"https:\\\/\\\/www.heldenhaushalt.de\\\/sari02\\\/\"},{\"@type\":\"ListItem\",\"position\":2,\"name\":\"Wochenlieblinge 09\\\/2020 &#8211; Graupel, Hagel und Sonnenschein\"}]},{\"@type\":\"WebSite\",\"@id\":\"https:\\\/\\\/www.heldenhaushalt.de\\\/sari02\\\/#website\",\"url\":\"https:\\\/\\\/www.heldenhaushalt.de\\\/sari02\\\/\",\"name\":\"Heldenhaushalt\",\"description\":\"Wer es ordentlich haben will, der muss vorher anrufen\",\"publisher\":{\"@id\":\"https:\\\/\\\/www.heldenhaushalt.de\\\/sari02\\\/#\\\/schema\\\/person\\\/a1cc69f42a01f412eb62c151353814f6\"},\"potentialAction\":[{\"@type\":\"SearchAction\",\"target\":{\"@type\":\"EntryPoint\",\"urlTemplate\":\"https:\\\/\\\/www.heldenhaushalt.de\\\/sari02\\\/?s={search_term_string}\"},\"query-input\":{\"@type\":\"PropertyValueSpecification\",\"valueRequired\":true,\"valueName\":\"search_term_string\"}}],\"inLanguage\":\"de\"},{\"@type\":[\"Person\",\"Organization\"],\"@id\":\"https:\\\/\\\/www.heldenhaushalt.de\\\/sari02\\\/#\\\/schema\\\/person\\\/a1cc69f42a01f412eb62c151353814f6\",\"name\":\"Sari\",\"image\":{\"@type\":\"ImageObject\",\"inLanguage\":\"de\",\"@id\":\"https:\\\/\\\/www.heldenhaushalt.de\\\/sari02\\\/wp-content\\\/uploads\\\/2019\\\/02\\\/sari-april2018.png\",\"url\":\"https:\\\/\\\/www.heldenhaushalt.de\\\/sari02\\\/wp-content\\\/uploads\\\/2019\\\/02\\\/sari-april2018.png\",\"contentUrl\":\"https:\\\/\\\/www.heldenhaushalt.de\\\/sari02\\\/wp-content\\\/uploads\\\/2019\\\/02\\\/sari-april2018.png\",\"width\":500,\"height\":500,\"caption\":\"Sari\"},\"logo\":{\"@id\":\"https:\\\/\\\/www.heldenhaushalt.de\\\/sari02\\\/wp-content\\\/uploads\\\/2019\\\/02\\\/sari-april2018.png\"},\"description\":\"Frau Mondgras \u2013 Das bin ich, Sari. Gerne auch als Sari Mondgras bekannt und im Internet zu finden. 2-Fach-Mutter, Heldenehefrau, Kreativling, Harmonies\u00fcchtig und st\u00e4ndig auf der Suche nach Gl\u00fcck. Ich komme aus Berlin, bin hier aufgewachsen und lebe hier seit ich denken kann.\",\"sameAs\":[\"https:\\\/\\\/www.instagram.com\\\/heldenhaushalt\\\/\"],\"url\":\"https:\\\/\\\/www.heldenhaushalt.de\\\/sari02\\\/index.php\\\/author\\\/admin\\\/\"}]}<\/script>\n<!-- \/ Yoast SEO plugin. -->","yoast_head_json":{"title":"Wochenlieblinge 09\/2020 - Graupel, Hagel und Sonnenschein","description":"Jedes Mal schien zu Anfang die Sonne und am Ende kam ich nass zu Hause an. Naja, die Wochenlieblinge verraten euch mehr...","robots":{"index":"index","follow":"follow","max-snippet":"max-snippet:-1","max-image-preview":"max-image-preview:large","max-video-preview":"max-video-preview:-1"},"canonical":"https:\/\/www.heldenhaushalt.de\/sari02\/index.php\/2020\/02\/28\/wochenlieblinge-092020\/","og_locale":"de_DE","og_type":"article","og_title":"Wochenlieblinge 09\/2020 - Graupel, Hagel und Sonnenschein","og_description":"Jedes Mal schien zu Anfang die Sonne und am Ende kam ich nass zu Hause an. Naja, die Wochenlieblinge verraten euch mehr...","og_url":"https:\/\/www.heldenhaushalt.de\/sari02\/index.php\/2020\/02\/28\/wochenlieblinge-092020\/","og_site_name":"Heldenhaushalt","article_published_time":"2020-02-28T08:30:22+00:00","og_image":[{"width":1000,"height":725,"url":"https:\/\/www.heldenhaushalt.de\/sari02\/wp-content\/uploads\/2020\/02\/09-01.jpg","type":"image\/jpeg"}],"author":"Sari","twitter_card":"summary_large_image","twitter_creator":"@Heldenhaushalt","twitter_site":"@Heldenhaushalt","twitter_misc":{"Verfasst von":"Sari","Gesch\u00e4tzte Lesezeit":"5\u00a0Minuten"},"schema":{"@context":"https:\/\/schema.org","@graph":[{"@type":"Article","@id":"https:\/\/www.heldenhaushalt.de\/sari02\/index.php\/2020\/02\/28\/wochenlieblinge-092020\/#article","isPartOf":{"@id":"https:\/\/www.heldenhaushalt.de\/sari02\/index.php\/2020\/02\/28\/wochenlieblinge-092020\/"},"author":{"name":"Sari","@id":"https:\/\/www.heldenhaushalt.de\/sari02\/#\/schema\/person\/a1cc69f42a01f412eb62c151353814f6"},"headline":"Wochenlieblinge 09\/2020 &#8211; Graupel, Hagel und Sonnenschein","datePublished":"2020-02-28T08:30:22+00:00","mainEntityOfPage":{"@id":"https:\/\/www.heldenhaushalt.de\/sari02\/index.php\/2020\/02\/28\/wochenlieblinge-092020\/"},"wordCount":1044,"commentCount":0,"publisher":{"@id":"https:\/\/www.heldenhaushalt.de\/sari02\/#\/schema\/person\/a1cc69f42a01f412eb62c151353814f6"},"image":{"@id":"https:\/\/www.heldenhaushalt.de\/sari02\/index.php\/2020\/02\/28\/wochenlieblinge-092020\/#primaryimage"},"thumbnailUrl":"https:\/\/www.heldenhaushalt.de\/sari02\/wp-content\/uploads\/2020\/02\/09-01.jpg","keywords":["#Freitags5","#Freitagslieblinge","Allt\u00e4glich","Aprilwetter","Familie","Kinder","Leben mit Kindern","R\u00fcckblick","Wochenlieblinge"],"articleSection":["Alltagschaos","Blogsph\u00e4re"],"inLanguage":"de","potentialAction":[{"@type":"CommentAction","name":"Comment","target":["https:\/\/www.heldenhaushalt.de\/sari02\/index.php\/2020\/02\/28\/wochenlieblinge-092020\/#respond"]}]},{"@type":"WebPage","@id":"https:\/\/www.heldenhaushalt.de\/sari02\/index.php\/2020\/02\/28\/wochenlieblinge-092020\/","url":"https:\/\/www.heldenhaushalt.de\/sari02\/index.php\/2020\/02\/28\/wochenlieblinge-092020\/","name":"Wochenlieblinge 09\/2020 - Graupel, Hagel und Sonnenschein","isPartOf":{"@id":"https:\/\/www.heldenhaushalt.de\/sari02\/#website"},"primaryImageOfPage":{"@id":"https:\/\/www.heldenhaushalt.de\/sari02\/index.php\/2020\/02\/28\/wochenlieblinge-092020\/#primaryimage"},"image":{"@id":"https:\/\/www.heldenhaushalt.de\/sari02\/index.php\/2020\/02\/28\/wochenlieblinge-092020\/#primaryimage"},"thumbnailUrl":"https:\/\/www.heldenhaushalt.de\/sari02\/wp-content\/uploads\/2020\/02\/09-01.jpg","datePublished":"2020-02-28T08:30:22+00:00","description":"Jedes Mal schien zu Anfang die Sonne und am Ende kam ich nass zu Hause an. Naja, die Wochenlieblinge verraten euch mehr...","breadcrumb":{"@id":"https:\/\/www.heldenhaushalt.de\/sari02\/index.php\/2020\/02\/28\/wochenlieblinge-092020\/#breadcrumb"},"inLanguage":"de","potentialAction":[{"@type":"ReadAction","target":["https:\/\/www.heldenhaushalt.de\/sari02\/index.php\/2020\/02\/28\/wochenlieblinge-092020\/"]}]},{"@type":"ImageObject","inLanguage":"de","@id":"https:\/\/www.heldenhaushalt.de\/sari02\/index.php\/2020\/02\/28\/wochenlieblinge-092020\/#primaryimage","url":"https:\/\/www.heldenhaushalt.de\/sari02\/wp-content\/uploads\/2020\/02\/09-01.jpg","contentUrl":"https:\/\/www.heldenhaushalt.de\/sari02\/wp-content\/uploads\/2020\/02\/09-01.jpg","width":1000,"height":725,"caption":"Wochenlieblinge"},{"@type":"BreadcrumbList","@id":"https:\/\/www.heldenhaushalt.de\/sari02\/index.php\/2020\/02\/28\/wochenlieblinge-092020\/#breadcrumb","itemListElement":[{"@type":"ListItem","position":1,"name":"Startseite","item":"https:\/\/www.heldenhaushalt.de\/sari02\/"},{"@type":"ListItem","position":2,"name":"Wochenlieblinge 09\/2020 &#8211; Graupel, Hagel und Sonnenschein"}]},{"@type":"WebSite","@id":"https:\/\/www.heldenhaushalt.de\/sari02\/#website","url":"https:\/\/www.heldenhaushalt.de\/sari02\/","name":"Heldenhaushalt","description":"Wer es ordentlich haben will, der muss vorher anrufen","publisher":{"@id":"https:\/\/www.heldenhaushalt.de\/sari02\/#\/schema\/person\/a1cc69f42a01f412eb62c151353814f6"},"potentialAction":[{"@type":"SearchAction","target":{"@type":"EntryPoint","urlTemplate":"https:\/\/www.heldenhaushalt.de\/sari02\/?s={search_term_string}"},"query-input":{"@type":"PropertyValueSpecification","valueRequired":true,"valueName":"search_term_string"}}],"inLanguage":"de"},{"@type":["Person","Organization"],"@id":"https:\/\/www.heldenhaushalt.de\/sari02\/#\/schema\/person\/a1cc69f42a01f412eb62c151353814f6","name":"Sari","image":{"@type":"ImageObject","inLanguage":"de","@id":"https:\/\/www.heldenhaushalt.de\/sari02\/wp-content\/uploads\/2019\/02\/sari-april2018.png","url":"https:\/\/www.heldenhaushalt.de\/sari02\/wp-content\/uploads\/2019\/02\/sari-april2018.png","contentUrl":"https:\/\/www.heldenhaushalt.de\/sari02\/wp-content\/uploads\/2019\/02\/sari-april2018.png","width":500,"height":500,"caption":"Sari"},"logo":{"@id":"https:\/\/www.heldenhaushalt.de\/sari02\/wp-content\/uploads\/2019\/02\/sari-april2018.png"},"description":"Frau Mondgras \u2013 Das bin ich, Sari. Gerne auch als Sari Mondgras bekannt und im Internet zu finden. 2-Fach-Mutter, Heldenehefrau, Kreativling, Harmonies\u00fcchtig und st\u00e4ndig auf der Suche nach Gl\u00fcck. Ich komme aus Berlin, bin hier aufgewachsen und lebe hier seit ich denken kann.","sameAs":["https:\/\/www.instagram.com\/heldenhaushalt\/"],"url":"https:\/\/www.heldenhaushalt.de\/sari02\/index.php\/author\/admin\/"}]}},"views":2318,"_links":{"self":[{"href":"https:\/\/www.heldenhaushalt.de\/sari02\/index.php\/wp-json\/wp\/v2\/posts\/47564","targetHints":{"allow":["GET"]}}],"collection":[{"href":"https:\/\/www.heldenhaushalt.de\/sari02\/index.php\/wp-json\/wp\/v2\/posts"}],"about":[{"href":"https:\/\/www.heldenhaushalt.de\/sari02\/index.php\/wp-json\/wp\/v2\/types\/post"}],"author":[{"embeddable":true,"href":"https:\/\/www.heldenhaushalt.de\/sari02\/index.php\/wp-json\/wp\/v2\/users\/1"}],"replies":[{"embeddable":true,"href":"https:\/\/www.heldenhaushalt.de\/sari02\/index.php\/wp-json\/wp\/v2\/comments?post=47564"}],"version-history":[{"count":1,"href":"https:\/\/www.heldenhaushalt.de\/sari02\/index.php\/wp-json\/wp\/v2\/posts\/47564\/revisions"}],"predecessor-version":[{"id":47572,"href":"https:\/\/www.heldenhaushalt.de\/sari02\/index.php\/wp-json\/wp\/v2\/posts\/47564\/revisions\/47572"}],"wp:featuredmedia":[{"embeddable":true,"href":"https:\/\/www.heldenhaushalt.de\/sari02\/index.php\/wp-json\/wp\/v2\/media\/47565"}],"wp:attachment":[{"href":"https:\/\/www.heldenhaushalt.de\/sari02\/index.php\/wp-json\/wp\/v2\/media?parent=47564"}],"wp:term":[{"taxonomy":"category","embeddable":true,"href":"https:\/\/www.heldenhaushalt.de\/sari02\/index.php\/wp-json\/wp\/v2\/categories?post=47564"},{"taxonomy":"post_tag","embeddable":true,"href":"https:\/\/www.heldenhaushalt.de\/sari02\/index.php\/wp-json\/wp\/v2\/tags?post=47564"}],"curies":[{"name":"wp","href":"https:\/\/api.w.org\/{rel}","templated":true}]}}