{"id":47896,"date":"2020-04-08T09:30:00","date_gmt":"2020-04-08T07:30:00","guid":{"rendered":"https:\/\/www.heldenhaushalt.de\/sari02\/?p=47896"},"modified":"2020-04-08T09:44:59","modified_gmt":"2020-04-08T07:44:59","slug":"neinja-ritter-rezension","status":"publish","type":"post","link":"https:\/\/www.heldenhaushalt.de\/sari02\/index.php\/2020\/04\/08\/neinja-ritter-rezension\/","title":{"rendered":"&#8220;Frida und der NeinJa-Ritter&#8221; von Philipp L&#246;hle #Rezension"},"content":{"rendered":"<p style=\"text-align: right;\"><small>Rezension*<\/small><\/p>\n<p>Wir haben im Zimmer des kleinen Sohnes seit langer Zeit mal <a href=\"https:\/\/www.heldenhaushalt.de\/sari02\/index.php\/2017\/04\/26\/mmi-unser-tipi\/\">wieder das Tipi aufgestellt<\/a>. Lange Zeit stand es dort einfach nur im Weg, weil die Kinder gerne in dem etwas gr&#246;&#223;eren Zimmer Fu&#223;ball gespielt haben (mit einem weichen Ball, was die Angelegenheit aber nicht unbedingt leiser gemacht hat). Seitdem sie sich nun wieder bei dem doch sch&#246;neren Wetter eher wieder drau&#223;en austoben k&#246;nnen, wird der gro&#223;e Platz im Zimmer des Kleinen durchaus auch f&#252;r andere Dinge genutzt. Zum Beispiel, um sich abends in ein gro&#223;es Tipi zu kuscheln und dort gemeinsam auf einem gro&#223;en Kissenlager B&#252;cher anzuschauen und zu lesen&#8230;<\/p>\n<h2>Schon lange ist der gro&#223;e Sohn f&#252;r den kleinen Bruder zum Vorleser geworden&#8230;<\/h2>\n<p>Das Heldenkind ist aktuell sehr sensibel. Wer ver&#252;belt es ihm. Kaum etwas darf man und er merkt definitiv, dass da etwas anders ist im Moment, als sonst. Er kuschelt sich gerne an und ist schnell traurig, wenn irgendetwas nicht in Ordnung ist. Man merkt auch, dass ruhige Minuten, in denen mit ihm gelesen wird, f&#252;r ihn aktuell sehr wichtig sind. So sitze ich mitten am Tag manchmal mit ihm auf dem Sofa und er reicht mir ein Buch nach dem anderen, das ich ihm vorlesen soll.<\/p>\n<p>So aber nicht abends. Abends muss ihm der gro&#223;e Bruder vorlesen. In seinem Bett. Dann liegen sie gemeinsam im Bett des kleinen Sohnes und der gro&#223;e Bruder liest ihm vor. Viel und lange und oft, bis er dann eingeschlafen ist und der Miniheld das Vorlesebuch weglegen kann, um nun ein wenig in seinen geliebten Comics zu lesen. Zuletzt lasen sie in dem Buch, das ich euch heute gerne vorstellen m&#246;chte, denn es ist ein bisschen verr&#252;ckt und trotzdem ganz toll!<\/p>\n<h2>&#8220;Frida und der NeinJa-Ritter&#8221; von Philipp L&#246;hle<\/h2>\n<p>K&#246;nnt ihr euch noch an den Tag erinnern, als ihr euren ersten Zahn verloren habt? Ich nicht mehr so richtig, aber ich kann mich an die Aufregung erinnern und daran, dass am n&#228;chsten Morgen ein Tagebuch f&#252;r mich unter meinem Kissen lag. Auch aktuell sind wir wieder mit dem Thema zu Gange, denn beim Minihelden wackeln derzeit wieder zwei Z&#228;hne und davon einer ordentlich. Der f&#228;llt sicherlich bald raus und dann kommt die Zahnfee.<\/p>\n<p>Auch Frida hat ihren ersten Zahn verloren. Ihren Schneidezahn. Eigentlich ist das eine aufregende Angelegenheit, aber Frida hat darunter zu leiden, denn mit dem Zahn hat sie auch ihr F verloren und kann viele W&#246;rter nicht mehr wie gewohnt aussprechen. Ihren eigenen Namen zum Beispiel und das findet sie ganz sch&#246;n doof. Wie gerne h&#228;tte sie ihren verlorenen Zahn wieder.<\/p>\n<p><img loading=\"lazy\" decoding=\"async\" class=\"alignnone size-full wp-image-48114\" src=\"https:\/\/www.heldenhaushalt.de\/sari02\/wp-content\/uploads\/2020\/04\/neinja02.jpg\" alt=\"NeinJa-Ritter\" width=\"1000\" height=\"709\" srcset=\"https:\/\/www.heldenhaushalt.de\/sari02\/wp-content\/uploads\/2020\/04\/neinja02.jpg 1000w, https:\/\/www.heldenhaushalt.de\/sari02\/wp-content\/uploads\/2020\/04\/neinja02-300x213.jpg 300w, https:\/\/www.heldenhaushalt.de\/sari02\/wp-content\/uploads\/2020\/04\/neinja02-768x545.jpg 768w\" sizes=\"auto, (max-width: 1000px) 100vw, 1000px\" \/><\/p>\n<h2>Und dann poltert es auf einmal in ihrem Schrank!<\/h2>\n<p>Mit einem lauten Knall springt der Schrank auf und heraus st&#252;rmt der NeinJa-Ritter auf seinem schwarzen Zebra. Doch Moment mal&#8230; ein schwarzes Zebra? Was ist denn da los? Das Zebra vom NeinJa-Ritter hat ein &#228;hnliches Problem wie Frida, denn es hat seine Streifen verloren und kann sich seitdem gar nicht mehr gut orientieren. Auch der NeinJa-Ritter hat so seine Probleme, denn er vertauscht st&#228;ndig Ja und Nein miteinander. Gemeinsam mit seinem Streifen losen Zebra, das so ja nun aussieht wie ein Pferd, will er in das Land der verlorenen Gegenst&#228;nde. So ganz ohne Orientierung ist das aber gar nicht so einfach und so kommt Frida mit.<\/p>\n<p>Im Land der verlorenen Gegenst&#228;nde findet sie ja auch vielleicht ihren Zahn wieder und alles kehrt zur Normalit&#228;t zur&#252;ck. Das w&#228;re doch was, oder? Der Weg ist verr&#252;ckt und f&#252;hrt sie an vielen ungew&#246;hnlichen Orten vorbei. Ein echtes Abenteuer also. Ob sie am Ende alles Verlorene wiederfinden werden?<\/p>\n<p><img loading=\"lazy\" decoding=\"async\" class=\"alignnone size-full wp-image-48115\" src=\"https:\/\/www.heldenhaushalt.de\/sari02\/wp-content\/uploads\/2020\/04\/neinja03.jpg\" alt=\"NeinJa-Ritter\" width=\"1000\" height=\"684\" srcset=\"https:\/\/www.heldenhaushalt.de\/sari02\/wp-content\/uploads\/2020\/04\/neinja03.jpg 1000w, https:\/\/www.heldenhaushalt.de\/sari02\/wp-content\/uploads\/2020\/04\/neinja03-300x205.jpg 300w, https:\/\/www.heldenhaushalt.de\/sari02\/wp-content\/uploads\/2020\/04\/neinja03-768x525.jpg 768w\" sizes=\"auto, (max-width: 1000px) 100vw, 1000px\" \/><\/p>\n<h2>Der NeinJa-Ritter ist ein Kinderbuch voller Fantasie und fantastischer Ideen!<\/h2>\n<p>&#8220;<a href=\"https:\/\/mixtvision.de\/buecher\/frida-und-der-neinja-ritter\/\" target=\"_blank\" rel=\"nofollow noopener noreferrer\"><strong>Frida und der NeinJa-Ritter<\/strong><\/a>&#8221; von Philipp L&#246;hle ist ein fantastisch ungew&#246;hnliches Kinderbuch mit vielen verr&#252;ckten Ideen, das im Mixtvision Verlag erschienen ist. Mit viel Humor wird die Geschichte der drei Reisenden erz&#228;hlt und hier und da mit den lustigen Bildern der Illustratorin Gloria Jasionowski untermalt. In Vergleich zu vielen anderen Kinderb&#252;chern gibt es hier relativ viel Text und die Kapitel sind etwas l&#228;nger, so dass kleine Zuh&#246;rer, wie das Heldenkind, vielleicht etwas mehr Ausdauer an den Tag bringen m&#252;ssen, der Inhalt aber durchaus so fesselt, dass es zumindest bei uns kein Problem dargestellt hat.<\/p>\n<p>Auf 112 Seiten lernen wir Frida, den NeinJa-Ritter und Tornado, das Zebra ohne Streifen besser kennen und begleiten sie auf einem wirklich lustigen Abenteuer mit ungew&#246;hnlichen Gestalten. Dabei steht vor allem das st&#228;ndig pr&#228;sente Thema im Kinderalter, der Wackelzahn, im Vordergrund und sorgt f&#252;r viele Lacher.<\/p>\n<p>Ein Buch, das viel Lese- und Vorlesefreude im Tipi gebracht hat.<\/p>\n<p><small><strong>*Anmerkung:<\/strong> Das Buch f&#252;r diesen Beitrag wurde uns als Rezensionsexemplar von <a href=\"https:\/\/mixtvision.de\/\" target=\"_blank\" rel=\"nofollow noopener noreferrer\">Mixtvision<\/a> zur Verf&#252;gung gestellt.<\/small><\/p>\n","protected":false},"excerpt":{"rendered":"<p>Rezension* Wir haben im Zimmer des kleinen Sohnes seit langer Zeit mal wieder das Tipi aufgestellt. Lange Zeit stand es dort einfach nur im Weg, weil die Kinder gerne in dem etwas gr&#246;&#223;eren Zimmer Fu&#223;ball gespielt haben (mit einem weichen Ball, was die Angelegenheit aber nicht unbedingt leiser gemacht hat). Seitdem sie sich nun wieder bei dem doch sch&#246;neren Wetter eher wieder drau&#223;en austoben k&#246;nnen, wird der gro&#223;e Platz im Zimmer des Kleinen durchaus auch f&#252;r andere Dinge genutzt. Zum Beispiel, um sich abends in ein gro&#223;es Tipi zu kuscheln und dort gemeinsam auf einem gro&#223;en Kissenlager B&#252;cher anzuschauen und zu lesen&#8230; Schon lange ist der gro&#223;e Sohn f&#252;r den kleinen Bruder zum Vorleser geworden&#8230; Das Heldenkind ist aktuell sehr sensibel. Wer ver&#252;belt es ihm. Kaum etwas darf man und er merkt definitiv, dass da etwas anders ist im Moment, als sonst. Er kuschelt sich gerne an und ist schnell traurig, wenn irgendetwas nicht in Ordnung ist. Man merkt auch, dass ruhige Minuten, in denen mit ihm gelesen wird, f&#252;r ihn aktuell sehr wichtig sind. So sitze ich mitten am Tag manchmal mit ihm auf dem Sofa und er reicht mir ein Buch nach dem anderen, das ich ihm vorlesen soll. So aber nicht abends. Abends muss ihm der gro&#223;e Bruder vorlesen. In seinem Bett. Dann liegen sie gemeinsam im Bett des kleinen Sohnes und der gro&#223;e Bruder liest ihm vor. Viel und lange und oft, bis er dann eingeschlafen ist und der Miniheld das Vorlesebuch weglegen kann, um nun ein wenig in seinen geliebten Comics zu lesen. Zuletzt lasen sie in dem Buch, das ich euch heute gerne vorstellen m&#246;chte, denn es ist ein bisschen verr&#252;ckt und trotzdem ganz toll! &#8220;Frida und der NeinJa-Ritter&#8221; von Philipp L&#246;hle K&#246;nnt ihr euch noch an den Tag erinnern, als ihr euren ersten Zahn verloren habt? Ich nicht mehr so richtig, aber ich kann mich an die Aufregung erinnern und daran, dass am n&#228;chsten Morgen ein Tagebuch f&#252;r mich unter meinem Kissen lag. Auch aktuell sind wir wieder mit dem Thema zu Gange, denn beim Minihelden wackeln derzeit wieder zwei Z&#228;hne und davon einer ordentlich. Der f&#228;llt sicherlich bald raus und dann kommt die Zahnfee. Auch Frida hat ihren ersten Zahn verloren. Ihren Schneidezahn. Eigentlich ist das eine aufregende Angelegenheit, aber Frida hat darunter zu leiden, denn mit dem Zahn hat sie auch ihr F verloren und kann viele W&#246;rter nicht mehr wie gewohnt aussprechen. Ihren eigenen Namen zum Beispiel und das findet sie ganz sch&#246;n doof. Wie gerne h&#228;tte sie ihren verlorenen Zahn wieder. Und dann poltert es auf einmal in ihrem Schrank! Mit einem lauten Knall springt der Schrank auf und heraus st&#252;rmt der NeinJa-Ritter auf seinem schwarzen Zebra. Doch Moment mal&#8230; ein schwarzes Zebra? Was ist denn da los? Das Zebra vom NeinJa-Ritter hat ein &#228;hnliches Problem wie Frida, denn es hat seine Streifen verloren und kann sich seitdem gar nicht mehr gut orientieren. Auch der NeinJa-Ritter hat so seine Probleme, denn er vertauscht st&#228;ndig Ja und Nein miteinander. Gemeinsam mit seinem Streifen losen Zebra, das so ja nun aussieht wie ein Pferd, will er in das Land der verlorenen Gegenst&#228;nde. So ganz ohne Orientierung ist das aber gar nicht so einfach und so kommt Frida mit. Im Land der verlorenen Gegenst&#228;nde findet sie ja auch vielleicht ihren Zahn wieder und alles kehrt zur Normalit&#228;t zur&#252;ck. Das w&#228;re doch was, oder? Der Weg ist verr&#252;ckt und f&#252;hrt sie an vielen ungew&#246;hnlichen Orten vorbei. Ein echtes Abenteuer also. Ob sie am Ende alles Verlorene wiederfinden werden? Der NeinJa-Ritter ist ein Kinderbuch voller Fantasie und fantastischer Ideen! &#8220;Frida und der NeinJa-Ritter&#8221; von Philipp L&#246;hle ist ein fantastisch ungew&#246;hnliches Kinderbuch mit vielen verr&#252;ckten Ideen, das im Mixtvision Verlag erschienen ist. Mit viel Humor wird die Geschichte der drei Reisenden erz&#228;hlt und hier und da mit den lustigen Bildern der Illustratorin Gloria Jasionowski untermalt. In Vergleich zu vielen anderen Kinderb&#252;chern gibt es hier relativ viel Text und die Kapitel sind etwas l&#228;nger, so dass kleine Zuh&#246;rer, wie das Heldenkind, vielleicht etwas mehr Ausdauer an den Tag bringen m&#252;ssen, der Inhalt aber durchaus so fesselt, dass es zumindest bei uns kein Problem dargestellt hat. Auf 112 Seiten lernen wir Frida, den NeinJa-Ritter und Tornado, das Zebra ohne Streifen besser kennen und begleiten sie auf einem wirklich lustigen Abenteuer mit ungew&#246;hnlichen Gestalten. Dabei steht vor allem das st&#228;ndig pr&#228;sente Thema im Kinderalter, der Wackelzahn, im Vordergrund und sorgt f&#252;r viele Lacher. Ein Buch, das viel Lese- und Vorlesefreude im Tipi gebracht hat. *Anmerkung: Das Buch f&#252;r diesen Beitrag wurde uns als Rezensionsexemplar von Mixtvision zur Verf&#252;gung gestellt.<\/p>\n","protected":false},"author":1,"featured_media":48113,"comment_status":"open","ping_status":"open","sticky":false,"template":"","format":"standard","meta":{"ngg_post_thumbnail":0,"footnotes":""},"categories":[1690,53],"tags":[253,202,81,438,2332,2558,2557,732,733],"class_list":["post-47896","post","type-post","status-publish","format-standard","has-post-thumbnail","hentry","category-buecher","category-empfehlungen","tag-buch","tag-empfehlung","tag-kinder","tag-kinderbuch","tag-mixtvision","tag-neinja-ritter","tag-philipp-loehle","tag-rezension","tag-vorlesen"],"yoast_head":"<!-- This site is optimized with the Yoast SEO plugin v27.4 - https:\/\/yoast.com\/product\/yoast-seo-wordpress\/ -->\n<title>&quot;Frida und der NeinJa-Ritter&quot; von Philipp L\u00f6hle #Rezension<\/title>\n<meta name=\"description\" content=\"Mit einem lauten Knall springt der Schrank auf und heraus st\u00fcrmt der NeinJa-Ritter auf seinem schwarzen Zebra. Doch Moment mal...\" \/>\n<meta name=\"robots\" content=\"index, follow, max-snippet:-1, max-image-preview:large, max-video-preview:-1\" \/>\n<link rel=\"canonical\" href=\"https:\/\/www.heldenhaushalt.de\/sari02\/index.php\/2020\/04\/08\/neinja-ritter-rezension\/\" \/>\n<meta property=\"og:locale\" content=\"de_DE\" \/>\n<meta property=\"og:type\" content=\"article\" \/>\n<meta property=\"og:title\" content=\"&quot;Frida und der NeinJa-Ritter&quot; von Philipp L\u00f6hle #Rezension\" \/>\n<meta property=\"og:description\" content=\"Mit einem lauten Knall springt der Schrank auf und heraus st\u00fcrmt der NeinJa-Ritter auf seinem schwarzen Zebra. Doch Moment mal...\" \/>\n<meta property=\"og:url\" content=\"https:\/\/www.heldenhaushalt.de\/sari02\/index.php\/2020\/04\/08\/neinja-ritter-rezension\/\" \/>\n<meta property=\"og:site_name\" content=\"Heldenhaushalt\" \/>\n<meta property=\"article:published_time\" content=\"2020-04-08T07:30:00+00:00\" \/>\n<meta property=\"article:modified_time\" content=\"2020-04-08T07:44:59+00:00\" \/>\n<meta property=\"og:image\" content=\"https:\/\/www.heldenhaushalt.de\/sari02\/wp-content\/uploads\/2020\/04\/neinja01.jpg\" \/>\n\t<meta property=\"og:image:width\" content=\"1000\" \/>\n\t<meta property=\"og:image:height\" content=\"694\" \/>\n\t<meta property=\"og:image:type\" content=\"image\/jpeg\" \/>\n<meta name=\"author\" content=\"Sari\" \/>\n<meta name=\"twitter:card\" content=\"summary_large_image\" \/>\n<meta name=\"twitter:creator\" content=\"@Heldenhaushalt\" \/>\n<meta name=\"twitter:site\" content=\"@Heldenhaushalt\" \/>\n<meta name=\"twitter:label1\" content=\"Verfasst von\" \/>\n\t<meta name=\"twitter:data1\" content=\"Sari\" \/>\n\t<meta name=\"twitter:label2\" content=\"Gesch\u00e4tzte Lesezeit\" \/>\n\t<meta name=\"twitter:data2\" content=\"4\u00a0Minuten\" \/>\n<script type=\"application\/ld+json\" class=\"yoast-schema-graph\">{\"@context\":\"https:\\\/\\\/schema.org\",\"@graph\":[{\"@type\":\"Article\",\"@id\":\"https:\\\/\\\/www.heldenhaushalt.de\\\/sari02\\\/index.php\\\/2020\\\/04\\\/08\\\/neinja-ritter-rezension\\\/#article\",\"isPartOf\":{\"@id\":\"https:\\\/\\\/www.heldenhaushalt.de\\\/sari02\\\/index.php\\\/2020\\\/04\\\/08\\\/neinja-ritter-rezension\\\/\"},\"author\":{\"name\":\"Sari\",\"@id\":\"https:\\\/\\\/www.heldenhaushalt.de\\\/sari02\\\/#\\\/schema\\\/person\\\/a1cc69f42a01f412eb62c151353814f6\"},\"headline\":\"&#8220;Frida und der NeinJa-Ritter&#8221; von Philipp L&#246;hle #Rezension\",\"datePublished\":\"2020-04-08T07:30:00+00:00\",\"dateModified\":\"2020-04-08T07:44:59+00:00\",\"mainEntityOfPage\":{\"@id\":\"https:\\\/\\\/www.heldenhaushalt.de\\\/sari02\\\/index.php\\\/2020\\\/04\\\/08\\\/neinja-ritter-rezension\\\/\"},\"wordCount\":820,\"commentCount\":0,\"publisher\":{\"@id\":\"https:\\\/\\\/www.heldenhaushalt.de\\\/sari02\\\/#\\\/schema\\\/person\\\/a1cc69f42a01f412eb62c151353814f6\"},\"image\":{\"@id\":\"https:\\\/\\\/www.heldenhaushalt.de\\\/sari02\\\/index.php\\\/2020\\\/04\\\/08\\\/neinja-ritter-rezension\\\/#primaryimage\"},\"thumbnailUrl\":\"https:\\\/\\\/www.heldenhaushalt.de\\\/sari02\\\/wp-content\\\/uploads\\\/2020\\\/04\\\/neinja01.jpg\",\"keywords\":[\"Buch\",\"Empfehlung\",\"Kinder\",\"Kinderbuch\",\"Mixtvision\",\"NeinJa-Ritter\",\"Philipp L\u00f6hle\",\"Rezension\",\"Vorlesen\"],\"articleSection\":[\"B\u00fccher\",\"Empfehlungen\"],\"inLanguage\":\"de\",\"potentialAction\":[{\"@type\":\"CommentAction\",\"name\":\"Comment\",\"target\":[\"https:\\\/\\\/www.heldenhaushalt.de\\\/sari02\\\/index.php\\\/2020\\\/04\\\/08\\\/neinja-ritter-rezension\\\/#respond\"]}]},{\"@type\":\"WebPage\",\"@id\":\"https:\\\/\\\/www.heldenhaushalt.de\\\/sari02\\\/index.php\\\/2020\\\/04\\\/08\\\/neinja-ritter-rezension\\\/\",\"url\":\"https:\\\/\\\/www.heldenhaushalt.de\\\/sari02\\\/index.php\\\/2020\\\/04\\\/08\\\/neinja-ritter-rezension\\\/\",\"name\":\"\\\"Frida und der NeinJa-Ritter\\\" von Philipp L\u00f6hle #Rezension\",\"isPartOf\":{\"@id\":\"https:\\\/\\\/www.heldenhaushalt.de\\\/sari02\\\/#website\"},\"primaryImageOfPage\":{\"@id\":\"https:\\\/\\\/www.heldenhaushalt.de\\\/sari02\\\/index.php\\\/2020\\\/04\\\/08\\\/neinja-ritter-rezension\\\/#primaryimage\"},\"image\":{\"@id\":\"https:\\\/\\\/www.heldenhaushalt.de\\\/sari02\\\/index.php\\\/2020\\\/04\\\/08\\\/neinja-ritter-rezension\\\/#primaryimage\"},\"thumbnailUrl\":\"https:\\\/\\\/www.heldenhaushalt.de\\\/sari02\\\/wp-content\\\/uploads\\\/2020\\\/04\\\/neinja01.jpg\",\"datePublished\":\"2020-04-08T07:30:00+00:00\",\"dateModified\":\"2020-04-08T07:44:59+00:00\",\"description\":\"Mit einem lauten Knall springt der Schrank auf und heraus st\u00fcrmt der NeinJa-Ritter auf seinem schwarzen Zebra. Doch Moment mal...\",\"breadcrumb\":{\"@id\":\"https:\\\/\\\/www.heldenhaushalt.de\\\/sari02\\\/index.php\\\/2020\\\/04\\\/08\\\/neinja-ritter-rezension\\\/#breadcrumb\"},\"inLanguage\":\"de\",\"potentialAction\":[{\"@type\":\"ReadAction\",\"target\":[\"https:\\\/\\\/www.heldenhaushalt.de\\\/sari02\\\/index.php\\\/2020\\\/04\\\/08\\\/neinja-ritter-rezension\\\/\"]}]},{\"@type\":\"ImageObject\",\"inLanguage\":\"de\",\"@id\":\"https:\\\/\\\/www.heldenhaushalt.de\\\/sari02\\\/index.php\\\/2020\\\/04\\\/08\\\/neinja-ritter-rezension\\\/#primaryimage\",\"url\":\"https:\\\/\\\/www.heldenhaushalt.de\\\/sari02\\\/wp-content\\\/uploads\\\/2020\\\/04\\\/neinja01.jpg\",\"contentUrl\":\"https:\\\/\\\/www.heldenhaushalt.de\\\/sari02\\\/wp-content\\\/uploads\\\/2020\\\/04\\\/neinja01.jpg\",\"width\":1000,\"height\":694,\"caption\":\"NeinJa-Ritter\"},{\"@type\":\"BreadcrumbList\",\"@id\":\"https:\\\/\\\/www.heldenhaushalt.de\\\/sari02\\\/index.php\\\/2020\\\/04\\\/08\\\/neinja-ritter-rezension\\\/#breadcrumb\",\"itemListElement\":[{\"@type\":\"ListItem\",\"position\":1,\"name\":\"Startseite\",\"item\":\"https:\\\/\\\/www.heldenhaushalt.de\\\/sari02\\\/\"},{\"@type\":\"ListItem\",\"position\":2,\"name\":\"&#8220;Frida und der NeinJa-Ritter&#8221; von Philipp L&#246;hle #Rezension\"}]},{\"@type\":\"WebSite\",\"@id\":\"https:\\\/\\\/www.heldenhaushalt.de\\\/sari02\\\/#website\",\"url\":\"https:\\\/\\\/www.heldenhaushalt.de\\\/sari02\\\/\",\"name\":\"Heldenhaushalt\",\"description\":\"Wer es ordentlich haben will, der muss vorher anrufen\",\"publisher\":{\"@id\":\"https:\\\/\\\/www.heldenhaushalt.de\\\/sari02\\\/#\\\/schema\\\/person\\\/a1cc69f42a01f412eb62c151353814f6\"},\"potentialAction\":[{\"@type\":\"SearchAction\",\"target\":{\"@type\":\"EntryPoint\",\"urlTemplate\":\"https:\\\/\\\/www.heldenhaushalt.de\\\/sari02\\\/?s={search_term_string}\"},\"query-input\":{\"@type\":\"PropertyValueSpecification\",\"valueRequired\":true,\"valueName\":\"search_term_string\"}}],\"inLanguage\":\"de\"},{\"@type\":[\"Person\",\"Organization\"],\"@id\":\"https:\\\/\\\/www.heldenhaushalt.de\\\/sari02\\\/#\\\/schema\\\/person\\\/a1cc69f42a01f412eb62c151353814f6\",\"name\":\"Sari\",\"image\":{\"@type\":\"ImageObject\",\"inLanguage\":\"de\",\"@id\":\"https:\\\/\\\/www.heldenhaushalt.de\\\/sari02\\\/wp-content\\\/uploads\\\/2019\\\/02\\\/sari-april2018.png\",\"url\":\"https:\\\/\\\/www.heldenhaushalt.de\\\/sari02\\\/wp-content\\\/uploads\\\/2019\\\/02\\\/sari-april2018.png\",\"contentUrl\":\"https:\\\/\\\/www.heldenhaushalt.de\\\/sari02\\\/wp-content\\\/uploads\\\/2019\\\/02\\\/sari-april2018.png\",\"width\":500,\"height\":500,\"caption\":\"Sari\"},\"logo\":{\"@id\":\"https:\\\/\\\/www.heldenhaushalt.de\\\/sari02\\\/wp-content\\\/uploads\\\/2019\\\/02\\\/sari-april2018.png\"},\"description\":\"Frau Mondgras \u2013 Das bin ich, Sari. Gerne auch als Sari Mondgras bekannt und im Internet zu finden. 2-Fach-Mutter, Heldenehefrau, Kreativling, Harmonies\u00fcchtig und st\u00e4ndig auf der Suche nach Gl\u00fcck. Ich komme aus Berlin, bin hier aufgewachsen und lebe hier seit ich denken kann.\",\"sameAs\":[\"https:\\\/\\\/www.instagram.com\\\/heldenhaushalt\\\/\"],\"url\":\"https:\\\/\\\/www.heldenhaushalt.de\\\/sari02\\\/index.php\\\/author\\\/admin\\\/\"}]}<\/script>\n<!-- \/ Yoast SEO plugin. -->","yoast_head_json":{"title":"\"Frida und der NeinJa-Ritter\" von Philipp L\u00f6hle #Rezension","description":"Mit einem lauten Knall springt der Schrank auf und heraus st\u00fcrmt der NeinJa-Ritter auf seinem schwarzen Zebra. Doch Moment mal...","robots":{"index":"index","follow":"follow","max-snippet":"max-snippet:-1","max-image-preview":"max-image-preview:large","max-video-preview":"max-video-preview:-1"},"canonical":"https:\/\/www.heldenhaushalt.de\/sari02\/index.php\/2020\/04\/08\/neinja-ritter-rezension\/","og_locale":"de_DE","og_type":"article","og_title":"\"Frida und der NeinJa-Ritter\" von Philipp L\u00f6hle #Rezension","og_description":"Mit einem lauten Knall springt der Schrank auf und heraus st\u00fcrmt der NeinJa-Ritter auf seinem schwarzen Zebra. Doch Moment mal...","og_url":"https:\/\/www.heldenhaushalt.de\/sari02\/index.php\/2020\/04\/08\/neinja-ritter-rezension\/","og_site_name":"Heldenhaushalt","article_published_time":"2020-04-08T07:30:00+00:00","article_modified_time":"2020-04-08T07:44:59+00:00","og_image":[{"width":1000,"height":694,"url":"https:\/\/www.heldenhaushalt.de\/sari02\/wp-content\/uploads\/2020\/04\/neinja01.jpg","type":"image\/jpeg"}],"author":"Sari","twitter_card":"summary_large_image","twitter_creator":"@Heldenhaushalt","twitter_site":"@Heldenhaushalt","twitter_misc":{"Verfasst von":"Sari","Gesch\u00e4tzte Lesezeit":"4\u00a0Minuten"},"schema":{"@context":"https:\/\/schema.org","@graph":[{"@type":"Article","@id":"https:\/\/www.heldenhaushalt.de\/sari02\/index.php\/2020\/04\/08\/neinja-ritter-rezension\/#article","isPartOf":{"@id":"https:\/\/www.heldenhaushalt.de\/sari02\/index.php\/2020\/04\/08\/neinja-ritter-rezension\/"},"author":{"name":"Sari","@id":"https:\/\/www.heldenhaushalt.de\/sari02\/#\/schema\/person\/a1cc69f42a01f412eb62c151353814f6"},"headline":"&#8220;Frida und der NeinJa-Ritter&#8221; von Philipp L&#246;hle #Rezension","datePublished":"2020-04-08T07:30:00+00:00","dateModified":"2020-04-08T07:44:59+00:00","mainEntityOfPage":{"@id":"https:\/\/www.heldenhaushalt.de\/sari02\/index.php\/2020\/04\/08\/neinja-ritter-rezension\/"},"wordCount":820,"commentCount":0,"publisher":{"@id":"https:\/\/www.heldenhaushalt.de\/sari02\/#\/schema\/person\/a1cc69f42a01f412eb62c151353814f6"},"image":{"@id":"https:\/\/www.heldenhaushalt.de\/sari02\/index.php\/2020\/04\/08\/neinja-ritter-rezension\/#primaryimage"},"thumbnailUrl":"https:\/\/www.heldenhaushalt.de\/sari02\/wp-content\/uploads\/2020\/04\/neinja01.jpg","keywords":["Buch","Empfehlung","Kinder","Kinderbuch","Mixtvision","NeinJa-Ritter","Philipp L\u00f6hle","Rezension","Vorlesen"],"articleSection":["B\u00fccher","Empfehlungen"],"inLanguage":"de","potentialAction":[{"@type":"CommentAction","name":"Comment","target":["https:\/\/www.heldenhaushalt.de\/sari02\/index.php\/2020\/04\/08\/neinja-ritter-rezension\/#respond"]}]},{"@type":"WebPage","@id":"https:\/\/www.heldenhaushalt.de\/sari02\/index.php\/2020\/04\/08\/neinja-ritter-rezension\/","url":"https:\/\/www.heldenhaushalt.de\/sari02\/index.php\/2020\/04\/08\/neinja-ritter-rezension\/","name":"\"Frida und der NeinJa-Ritter\" von Philipp L\u00f6hle #Rezension","isPartOf":{"@id":"https:\/\/www.heldenhaushalt.de\/sari02\/#website"},"primaryImageOfPage":{"@id":"https:\/\/www.heldenhaushalt.de\/sari02\/index.php\/2020\/04\/08\/neinja-ritter-rezension\/#primaryimage"},"image":{"@id":"https:\/\/www.heldenhaushalt.de\/sari02\/index.php\/2020\/04\/08\/neinja-ritter-rezension\/#primaryimage"},"thumbnailUrl":"https:\/\/www.heldenhaushalt.de\/sari02\/wp-content\/uploads\/2020\/04\/neinja01.jpg","datePublished":"2020-04-08T07:30:00+00:00","dateModified":"2020-04-08T07:44:59+00:00","description":"Mit einem lauten Knall springt der Schrank auf und heraus st\u00fcrmt der NeinJa-Ritter auf seinem schwarzen Zebra. Doch Moment mal...","breadcrumb":{"@id":"https:\/\/www.heldenhaushalt.de\/sari02\/index.php\/2020\/04\/08\/neinja-ritter-rezension\/#breadcrumb"},"inLanguage":"de","potentialAction":[{"@type":"ReadAction","target":["https:\/\/www.heldenhaushalt.de\/sari02\/index.php\/2020\/04\/08\/neinja-ritter-rezension\/"]}]},{"@type":"ImageObject","inLanguage":"de","@id":"https:\/\/www.heldenhaushalt.de\/sari02\/index.php\/2020\/04\/08\/neinja-ritter-rezension\/#primaryimage","url":"https:\/\/www.heldenhaushalt.de\/sari02\/wp-content\/uploads\/2020\/04\/neinja01.jpg","contentUrl":"https:\/\/www.heldenhaushalt.de\/sari02\/wp-content\/uploads\/2020\/04\/neinja01.jpg","width":1000,"height":694,"caption":"NeinJa-Ritter"},{"@type":"BreadcrumbList","@id":"https:\/\/www.heldenhaushalt.de\/sari02\/index.php\/2020\/04\/08\/neinja-ritter-rezension\/#breadcrumb","itemListElement":[{"@type":"ListItem","position":1,"name":"Startseite","item":"https:\/\/www.heldenhaushalt.de\/sari02\/"},{"@type":"ListItem","position":2,"name":"&#8220;Frida und der NeinJa-Ritter&#8221; von Philipp L&#246;hle #Rezension"}]},{"@type":"WebSite","@id":"https:\/\/www.heldenhaushalt.de\/sari02\/#website","url":"https:\/\/www.heldenhaushalt.de\/sari02\/","name":"Heldenhaushalt","description":"Wer es ordentlich haben will, der muss vorher anrufen","publisher":{"@id":"https:\/\/www.heldenhaushalt.de\/sari02\/#\/schema\/person\/a1cc69f42a01f412eb62c151353814f6"},"potentialAction":[{"@type":"SearchAction","target":{"@type":"EntryPoint","urlTemplate":"https:\/\/www.heldenhaushalt.de\/sari02\/?s={search_term_string}"},"query-input":{"@type":"PropertyValueSpecification","valueRequired":true,"valueName":"search_term_string"}}],"inLanguage":"de"},{"@type":["Person","Organization"],"@id":"https:\/\/www.heldenhaushalt.de\/sari02\/#\/schema\/person\/a1cc69f42a01f412eb62c151353814f6","name":"Sari","image":{"@type":"ImageObject","inLanguage":"de","@id":"https:\/\/www.heldenhaushalt.de\/sari02\/wp-content\/uploads\/2019\/02\/sari-april2018.png","url":"https:\/\/www.heldenhaushalt.de\/sari02\/wp-content\/uploads\/2019\/02\/sari-april2018.png","contentUrl":"https:\/\/www.heldenhaushalt.de\/sari02\/wp-content\/uploads\/2019\/02\/sari-april2018.png","width":500,"height":500,"caption":"Sari"},"logo":{"@id":"https:\/\/www.heldenhaushalt.de\/sari02\/wp-content\/uploads\/2019\/02\/sari-april2018.png"},"description":"Frau Mondgras \u2013 Das bin ich, Sari. Gerne auch als Sari Mondgras bekannt und im Internet zu finden. 2-Fach-Mutter, Heldenehefrau, Kreativling, Harmonies\u00fcchtig und st\u00e4ndig auf der Suche nach Gl\u00fcck. Ich komme aus Berlin, bin hier aufgewachsen und lebe hier seit ich denken kann.","sameAs":["https:\/\/www.instagram.com\/heldenhaushalt\/"],"url":"https:\/\/www.heldenhaushalt.de\/sari02\/index.php\/author\/admin\/"}]}},"views":1961,"_links":{"self":[{"href":"https:\/\/www.heldenhaushalt.de\/sari02\/index.php\/wp-json\/wp\/v2\/posts\/47896","targetHints":{"allow":["GET"]}}],"collection":[{"href":"https:\/\/www.heldenhaushalt.de\/sari02\/index.php\/wp-json\/wp\/v2\/posts"}],"about":[{"href":"https:\/\/www.heldenhaushalt.de\/sari02\/index.php\/wp-json\/wp\/v2\/types\/post"}],"author":[{"embeddable":true,"href":"https:\/\/www.heldenhaushalt.de\/sari02\/index.php\/wp-json\/wp\/v2\/users\/1"}],"replies":[{"embeddable":true,"href":"https:\/\/www.heldenhaushalt.de\/sari02\/index.php\/wp-json\/wp\/v2\/comments?post=47896"}],"version-history":[{"count":4,"href":"https:\/\/www.heldenhaushalt.de\/sari02\/index.php\/wp-json\/wp\/v2\/posts\/47896\/revisions"}],"predecessor-version":[{"id":48116,"href":"https:\/\/www.heldenhaushalt.de\/sari02\/index.php\/wp-json\/wp\/v2\/posts\/47896\/revisions\/48116"}],"wp:featuredmedia":[{"embeddable":true,"href":"https:\/\/www.heldenhaushalt.de\/sari02\/index.php\/wp-json\/wp\/v2\/media\/48113"}],"wp:attachment":[{"href":"https:\/\/www.heldenhaushalt.de\/sari02\/index.php\/wp-json\/wp\/v2\/media?parent=47896"}],"wp:term":[{"taxonomy":"category","embeddable":true,"href":"https:\/\/www.heldenhaushalt.de\/sari02\/index.php\/wp-json\/wp\/v2\/categories?post=47896"},{"taxonomy":"post_tag","embeddable":true,"href":"https:\/\/www.heldenhaushalt.de\/sari02\/index.php\/wp-json\/wp\/v2\/tags?post=47896"}],"curies":[{"name":"wp","href":"https:\/\/api.w.org\/{rel}","templated":true}]}}