{"id":48583,"date":"2020-05-23T10:00:00","date_gmt":"2020-05-23T08:00:00","guid":{"rendered":"https:\/\/www.heldenhaushalt.de\/sari02\/?p=48583"},"modified":"2020-05-23T13:45:17","modified_gmt":"2020-05-23T11:45:17","slug":"lilly-gehoert-dazu-ein-bilderbuch-ueber-inklusion-rezension","status":"publish","type":"post","link":"https:\/\/www.heldenhaushalt.de\/sari02\/index.php\/2020\/05\/23\/lilly-gehoert-dazu-ein-bilderbuch-ueber-inklusion-rezension\/","title":{"rendered":"&#8220;Lilly geh&#246;rt dazu!&#8221; &#8211; Ein Bilderbuch &#252;ber Inklusion #Rezension"},"content":{"rendered":"<p style=\"text-align: right;\"><small>Rezension*<\/small><\/p>\n<p>Lilly ist anders. Und dann auch wieder nicht. In dem Buch &#8220;<strong><a href=\"https:\/\/www.spiegelburg-shop.de\/produkt\/63313\/lilly-gehoert-dazu-bilderbuch-ueber-behinderung-und-inklusion\/\" target=\"_blank\" rel=\"nofollow noopener noreferrer\">Lilly geh&#246;rt dazu!<\/a><\/strong>&#8221; von Irmgard Partmann und Laura Bednarski lernen wir zwei Schwestern kennen, wobei wir vor allem etwas &#252;ber Lilly erfahren.<\/p>\n<p>Den Namen der Erz&#228;hlerin erfahren wir nicht, doch diese erz&#228;hlt und ganz viel von Lilly, ihrer Schwester.<\/p>\n<h2>Lilly kann viele Dinge nicht&#8230;<\/h2>\n<p>Sie kann nicht schnell rennen, keine Papierflieger falten oder gar ihren Namen schreiben und beim Backen ist sie eine Katastrophe. Dinge, die anderen Kindern in Lillys Alter leicht fallen, sind f&#252;r sie eine echte Herausforderung. Doch das findet ihre Schwester gar nicht schlimm, denn sie kann daf&#252;r viele andere Dinge. Sie kann tolle bunte Bilder malen zum Beispiel und ganz wundervoll tanzen.<\/p>\n<p>Man sp&#252;rt beim Lesen regelrecht die Liebe, die die Erz&#228;hlerin f&#252;r ihre Schwester empfindet. Sie sind immer f&#252;reinander da und haben bei all den Unterschieden auch viele Gemeinsamkeiten. So machen sie beide gerne Quatsch, essen Pommes mit den Fingern und k&#246;nnen auch beide durchaus mal bockig sein.<\/p>\n<p><img loading=\"lazy\" decoding=\"async\" class=\"alignnone size-full wp-image-48648\" src=\"https:\/\/www.heldenhaushalt.de\/sari02\/wp-content\/uploads\/2020\/05\/lilly02.jpg\" alt=\"Lilly geh&#246;rt dazu!\" width=\"1000\" height=\"692\" srcset=\"https:\/\/www.heldenhaushalt.de\/sari02\/wp-content\/uploads\/2020\/05\/lilly02.jpg 1000w, https:\/\/www.heldenhaushalt.de\/sari02\/wp-content\/uploads\/2020\/05\/lilly02-300x208.jpg 300w, https:\/\/www.heldenhaushalt.de\/sari02\/wp-content\/uploads\/2020\/05\/lilly02-768x531.jpg 768w\" sizes=\"auto, (max-width: 1000px) 100vw, 1000px\" \/><\/p>\n<h2>Eine andere Schwester w&#252;rde sie sich nie w&#252;nschen&#8230;<\/h2>\n<p>Trotz so mancher Schwierigkeiten w&#252;rde sich die Erz&#228;hlerin niemals eine andere Schwester w&#252;nschen. Sie w&#228;rmt sie in der Nacht, damit ihr nicht kalt ist und wenn sie gemeinsam baden spritzen sie sich gegenseitig nass. Es gibt st&#228;ndig und viel Anlass f&#252;r die beiden gemeinsam zu lachen und das ist wohl das Wichtigste und Sch&#246;nste am Schwestern sein&#8230;<\/p>\n<h2>Ein wundervolles Buch &#252;ber Behinderung und Inklusion<\/h2>\n<p>Das Wort Inklusion ist inzwischen zu einem sehr wichtigen Begriff in der P&#228;dagogik geworden und spielt eine immer gr&#246;&#223;ere Rolle. Es geht hierbei um Wertsch&#228;tzung und dem dazu geh&#246;ren, egal wie ein Mensch aussieht, welche Sprache er spricht oder ob er gar eine Behinderung hat.<\/p>\n<p>In dieser Geschichte steht Lilly stellvertretend f&#252;r all die Kinder, die mit einer Behinderung bzw. dem anders sein zu k&#228;mpfen haben, denn sie hat offensichtlich das Down-Syndrom und manches f&#228;llt ihr einfach schwerer, als anderen Kindern.&nbsp;<\/p>\n<p><img loading=\"lazy\" decoding=\"async\" class=\"alignnone size-full wp-image-48649\" src=\"https:\/\/www.heldenhaushalt.de\/sari02\/wp-content\/uploads\/2020\/05\/lilly03.jpg\" alt=\"Lilly geh&#246;rt dazu!\" width=\"1000\" height=\"685\" srcset=\"https:\/\/www.heldenhaushalt.de\/sari02\/wp-content\/uploads\/2020\/05\/lilly03.jpg 1000w, https:\/\/www.heldenhaushalt.de\/sari02\/wp-content\/uploads\/2020\/05\/lilly03-300x206.jpg 300w, https:\/\/www.heldenhaushalt.de\/sari02\/wp-content\/uploads\/2020\/05\/lilly03-768x526.jpg 768w\" sizes=\"auto, (max-width: 1000px) 100vw, 1000px\" \/><\/p>\n<p>Irmgard Partmann gelingt es eine sch&#246;ne Geschichte von ihr und ihrer gro&#223;en Schwester zu erz&#228;hlen, die uns deutlich macht, dass diese Unterschiede absolut unwichtig und nicht relevant sein muss, um einander wirklich lieb zu haben. Dabei runden die sch&#246;nen und liebevollen Illustrationen von Laura Bednarski die Sache ab und machen &#8220;<a href=\"https:\/\/www.spiegelburg-shop.de\/produkt\/63313\/lilly-gehoert-dazu-bilderbuch-ueber-behinderung-und-inklusion\/\" target=\"_blank\" rel=\"nofollow noopener noreferrer\"><strong>Lilly geh&#246;rt dazu!<\/strong><\/a>&#8221; zu einem wirklich sch&#246;nen, ruhigen und lesenswerten Kinderbuch f&#252;r Kinder ab 5 Jahren (aber durchaus auch schon fr&#252;her, wie ich finde). Das Buch umfasst insgesamt 32 illustrierte Seiten und ist im Coppenrath Verlag erschienen.<\/p>\n<p>Ein anderes sch&#246;nes Buch zu dem Thema stellte ich euch <a href=\"https:\/\/www.heldenhaushalt.de\/sari02\/index.php\/2020\/03\/21\/leopeule-rezension\/\">schon einmal hier vor&#8230;<\/a><\/p>\n<p><small>*<strong>Anmerkung:<\/strong> Das Buch wurde uns vom Coppenrath Verlag als Rezensionsexemplar zur Verf&#252;gung gestellt<\/small><\/p>\n","protected":false},"excerpt":{"rendered":"<p>Rezension* Lilly ist anders. Und dann auch wieder nicht. In dem Buch &#8220;Lilly geh&#246;rt dazu!&#8221; von Irmgard Partmann und Laura Bednarski lernen wir zwei Schwestern kennen, wobei wir vor allem etwas &#252;ber Lilly erfahren. Den Namen der Erz&#228;hlerin erfahren wir nicht, doch diese erz&#228;hlt und ganz viel von Lilly, ihrer Schwester. Lilly kann viele Dinge nicht&#8230; Sie kann nicht schnell rennen, keine Papierflieger falten oder gar ihren Namen schreiben und beim Backen ist sie eine Katastrophe. Dinge, die anderen Kindern in Lillys Alter leicht fallen, sind f&#252;r sie eine echte Herausforderung. Doch das findet ihre Schwester gar nicht schlimm, denn sie kann daf&#252;r viele andere Dinge. Sie kann tolle bunte Bilder malen zum Beispiel und ganz wundervoll tanzen. Man sp&#252;rt beim Lesen regelrecht die Liebe, die die Erz&#228;hlerin f&#252;r ihre Schwester empfindet. Sie sind immer f&#252;reinander da und haben bei all den Unterschieden auch viele Gemeinsamkeiten. So machen sie beide gerne Quatsch, essen Pommes mit den Fingern und k&#246;nnen auch beide durchaus mal bockig sein. Eine andere Schwester w&#252;rde sie sich nie w&#252;nschen&#8230; Trotz so mancher Schwierigkeiten w&#252;rde sich die Erz&#228;hlerin niemals eine andere Schwester w&#252;nschen. Sie w&#228;rmt sie in der Nacht, damit ihr nicht kalt ist und wenn sie gemeinsam baden spritzen sie sich gegenseitig nass. Es gibt st&#228;ndig und viel Anlass f&#252;r die beiden gemeinsam zu lachen und das ist wohl das Wichtigste und Sch&#246;nste am Schwestern sein&#8230; Ein wundervolles Buch &#252;ber Behinderung und Inklusion Das Wort Inklusion ist inzwischen zu einem sehr wichtigen Begriff in der P&#228;dagogik geworden und spielt eine immer gr&#246;&#223;ere Rolle. Es geht hierbei um Wertsch&#228;tzung und dem dazu geh&#246;ren, egal wie ein Mensch aussieht, welche Sprache er spricht oder ob er gar eine Behinderung hat. In dieser Geschichte steht Lilly stellvertretend f&#252;r all die Kinder, die mit einer Behinderung bzw. dem anders sein zu k&#228;mpfen haben, denn sie hat offensichtlich das Down-Syndrom und manches f&#228;llt ihr einfach schwerer, als anderen Kindern.&nbsp; Irmgard Partmann gelingt es eine sch&#246;ne Geschichte von ihr und ihrer gro&#223;en Schwester zu erz&#228;hlen, die uns deutlich macht, dass diese Unterschiede absolut unwichtig und nicht relevant sein muss, um einander wirklich lieb zu haben. Dabei runden die sch&#246;nen und liebevollen Illustrationen von Laura Bednarski die Sache ab und machen &#8220;Lilly geh&#246;rt dazu!&#8221; zu einem wirklich sch&#246;nen, ruhigen und lesenswerten Kinderbuch f&#252;r Kinder ab 5 Jahren (aber durchaus auch schon fr&#252;her, wie ich finde). Das Buch umfasst insgesamt 32 illustrierte Seiten und ist im Coppenrath Verlag erschienen. Ein anderes sch&#246;nes Buch zu dem Thema stellte ich euch schon einmal hier vor&#8230; *Anmerkung: Das Buch wurde uns vom Coppenrath Verlag als Rezensionsexemplar zur Verf&#252;gung gestellt<\/p>\n","protected":false},"author":1,"featured_media":48647,"comment_status":"open","ping_status":"open","sticky":false,"template":"","format":"standard","meta":{"ngg_post_thumbnail":0,"footnotes":""},"categories":[1690,53],"tags":[955,2611,1752,253,1848,202,2612,438,732],"class_list":["post-48583","post","type-post","status-publish","format-standard","has-post-thumbnail","hentry","category-buecher","category-empfehlungen","tag-buecher","tag-behinderung","tag-bilderbuch","tag-buch","tag-coppenrath","tag-empfehlung","tag-inklusion","tag-kinderbuch","tag-rezension"],"yoast_head":"<!-- This site is optimized with the Yoast SEO plugin v27.5 - https:\/\/yoast.com\/product\/yoast-seo-wordpress\/ -->\n<title>&quot;Lilly geh\u00f6rt dazu!&quot; - Ein Bilderbuch \u00fcber Inklusion #Rezension<\/title>\n<meta name=\"description\" content=\"Lilly ist anders. Und dann auch wieder nicht. In dem Buch &quot;Lilly geh\u00f6rt dazu!&quot; von Irmgard Partmann und Laura Badnarki lernen wir zwei ...\" \/>\n<meta name=\"robots\" content=\"index, follow, max-snippet:-1, max-image-preview:large, max-video-preview:-1\" \/>\n<link rel=\"canonical\" href=\"https:\/\/www.heldenhaushalt.de\/sari02\/index.php\/2020\/05\/23\/lilly-gehoert-dazu-ein-bilderbuch-ueber-inklusion-rezension\/\" \/>\n<meta property=\"og:locale\" content=\"de_DE\" \/>\n<meta property=\"og:type\" content=\"article\" \/>\n<meta property=\"og:title\" content=\"&quot;Lilly geh\u00f6rt dazu!&quot; - Ein Bilderbuch \u00fcber Inklusion #Rezension\" \/>\n<meta property=\"og:description\" content=\"Lilly ist anders. Und dann auch wieder nicht. In dem Buch &quot;Lilly geh\u00f6rt dazu!&quot; von Irmgard Partmann und Laura Badnarki lernen wir zwei ...\" \/>\n<meta property=\"og:url\" content=\"https:\/\/www.heldenhaushalt.de\/sari02\/index.php\/2020\/05\/23\/lilly-gehoert-dazu-ein-bilderbuch-ueber-inklusion-rezension\/\" \/>\n<meta property=\"og:site_name\" content=\"Heldenhaushalt\" \/>\n<meta property=\"article:published_time\" content=\"2020-05-23T08:00:00+00:00\" \/>\n<meta property=\"article:modified_time\" content=\"2020-05-23T11:45:17+00:00\" \/>\n<meta property=\"og:image\" content=\"https:\/\/www.heldenhaushalt.de\/sari02\/wp-content\/uploads\/2020\/05\/lilly01.jpg\" \/>\n\t<meta property=\"og:image:width\" content=\"1000\" \/>\n\t<meta property=\"og:image:height\" content=\"684\" \/>\n\t<meta property=\"og:image:type\" content=\"image\/jpeg\" \/>\n<meta name=\"author\" content=\"Sari\" \/>\n<meta name=\"twitter:card\" content=\"summary_large_image\" \/>\n<meta name=\"twitter:creator\" content=\"@Heldenhaushalt\" \/>\n<meta name=\"twitter:site\" content=\"@Heldenhaushalt\" \/>\n<meta name=\"twitter:label1\" content=\"Verfasst von\" \/>\n\t<meta name=\"twitter:data1\" content=\"Sari\" \/>\n\t<meta name=\"twitter:label2\" content=\"Gesch\u00e4tzte Lesezeit\" \/>\n\t<meta name=\"twitter:data2\" content=\"2\u00a0Minuten\" \/>\n<script type=\"application\/ld+json\" class=\"yoast-schema-graph\">{\"@context\":\"https:\\\/\\\/schema.org\",\"@graph\":[{\"@type\":\"Article\",\"@id\":\"https:\\\/\\\/www.heldenhaushalt.de\\\/sari02\\\/index.php\\\/2020\\\/05\\\/23\\\/lilly-gehoert-dazu-ein-bilderbuch-ueber-inklusion-rezension\\\/#article\",\"isPartOf\":{\"@id\":\"https:\\\/\\\/www.heldenhaushalt.de\\\/sari02\\\/index.php\\\/2020\\\/05\\\/23\\\/lilly-gehoert-dazu-ein-bilderbuch-ueber-inklusion-rezension\\\/\"},\"author\":{\"name\":\"Sari\",\"@id\":\"https:\\\/\\\/www.heldenhaushalt.de\\\/sari02\\\/#\\\/schema\\\/person\\\/a1cc69f42a01f412eb62c151353814f6\"},\"headline\":\"&#8220;Lilly geh&#246;rt dazu!&#8221; &#8211; Ein Bilderbuch &#252;ber Inklusion #Rezension\",\"datePublished\":\"2020-05-23T08:00:00+00:00\",\"dateModified\":\"2020-05-23T11:45:17+00:00\",\"mainEntityOfPage\":{\"@id\":\"https:\\\/\\\/www.heldenhaushalt.de\\\/sari02\\\/index.php\\\/2020\\\/05\\\/23\\\/lilly-gehoert-dazu-ein-bilderbuch-ueber-inklusion-rezension\\\/\"},\"wordCount\":477,\"commentCount\":0,\"publisher\":{\"@id\":\"https:\\\/\\\/www.heldenhaushalt.de\\\/sari02\\\/#\\\/schema\\\/person\\\/a1cc69f42a01f412eb62c151353814f6\"},\"image\":{\"@id\":\"https:\\\/\\\/www.heldenhaushalt.de\\\/sari02\\\/index.php\\\/2020\\\/05\\\/23\\\/lilly-gehoert-dazu-ein-bilderbuch-ueber-inklusion-rezension\\\/#primaryimage\"},\"thumbnailUrl\":\"https:\\\/\\\/www.heldenhaushalt.de\\\/sari02\\\/wp-content\\\/uploads\\\/2020\\\/05\\\/lilly01.jpg\",\"keywords\":[\"B\u00fccher\",\"Behinderung\",\"Bilderbuch\",\"Buch\",\"Coppenrath\",\"Empfehlung\",\"Inklusion\",\"Kinderbuch\",\"Rezension\"],\"articleSection\":[\"B\u00fccher\",\"Empfehlungen\"],\"inLanguage\":\"de\",\"potentialAction\":[{\"@type\":\"CommentAction\",\"name\":\"Comment\",\"target\":[\"https:\\\/\\\/www.heldenhaushalt.de\\\/sari02\\\/index.php\\\/2020\\\/05\\\/23\\\/lilly-gehoert-dazu-ein-bilderbuch-ueber-inklusion-rezension\\\/#respond\"]}]},{\"@type\":\"WebPage\",\"@id\":\"https:\\\/\\\/www.heldenhaushalt.de\\\/sari02\\\/index.php\\\/2020\\\/05\\\/23\\\/lilly-gehoert-dazu-ein-bilderbuch-ueber-inklusion-rezension\\\/\",\"url\":\"https:\\\/\\\/www.heldenhaushalt.de\\\/sari02\\\/index.php\\\/2020\\\/05\\\/23\\\/lilly-gehoert-dazu-ein-bilderbuch-ueber-inklusion-rezension\\\/\",\"name\":\"\\\"Lilly geh\u00f6rt dazu!\\\" - Ein Bilderbuch \u00fcber Inklusion #Rezension\",\"isPartOf\":{\"@id\":\"https:\\\/\\\/www.heldenhaushalt.de\\\/sari02\\\/#website\"},\"primaryImageOfPage\":{\"@id\":\"https:\\\/\\\/www.heldenhaushalt.de\\\/sari02\\\/index.php\\\/2020\\\/05\\\/23\\\/lilly-gehoert-dazu-ein-bilderbuch-ueber-inklusion-rezension\\\/#primaryimage\"},\"image\":{\"@id\":\"https:\\\/\\\/www.heldenhaushalt.de\\\/sari02\\\/index.php\\\/2020\\\/05\\\/23\\\/lilly-gehoert-dazu-ein-bilderbuch-ueber-inklusion-rezension\\\/#primaryimage\"},\"thumbnailUrl\":\"https:\\\/\\\/www.heldenhaushalt.de\\\/sari02\\\/wp-content\\\/uploads\\\/2020\\\/05\\\/lilly01.jpg\",\"datePublished\":\"2020-05-23T08:00:00+00:00\",\"dateModified\":\"2020-05-23T11:45:17+00:00\",\"description\":\"Lilly ist anders. Und dann auch wieder nicht. In dem Buch \\\"Lilly geh\u00f6rt dazu!\\\" von Irmgard Partmann und Laura Badnarki lernen wir zwei ...\",\"breadcrumb\":{\"@id\":\"https:\\\/\\\/www.heldenhaushalt.de\\\/sari02\\\/index.php\\\/2020\\\/05\\\/23\\\/lilly-gehoert-dazu-ein-bilderbuch-ueber-inklusion-rezension\\\/#breadcrumb\"},\"inLanguage\":\"de\",\"potentialAction\":[{\"@type\":\"ReadAction\",\"target\":[\"https:\\\/\\\/www.heldenhaushalt.de\\\/sari02\\\/index.php\\\/2020\\\/05\\\/23\\\/lilly-gehoert-dazu-ein-bilderbuch-ueber-inklusion-rezension\\\/\"]}]},{\"@type\":\"ImageObject\",\"inLanguage\":\"de\",\"@id\":\"https:\\\/\\\/www.heldenhaushalt.de\\\/sari02\\\/index.php\\\/2020\\\/05\\\/23\\\/lilly-gehoert-dazu-ein-bilderbuch-ueber-inklusion-rezension\\\/#primaryimage\",\"url\":\"https:\\\/\\\/www.heldenhaushalt.de\\\/sari02\\\/wp-content\\\/uploads\\\/2020\\\/05\\\/lilly01.jpg\",\"contentUrl\":\"https:\\\/\\\/www.heldenhaushalt.de\\\/sari02\\\/wp-content\\\/uploads\\\/2020\\\/05\\\/lilly01.jpg\",\"width\":1000,\"height\":684,\"caption\":\"Lilly geh\u00f6rt dazu!\"},{\"@type\":\"BreadcrumbList\",\"@id\":\"https:\\\/\\\/www.heldenhaushalt.de\\\/sari02\\\/index.php\\\/2020\\\/05\\\/23\\\/lilly-gehoert-dazu-ein-bilderbuch-ueber-inklusion-rezension\\\/#breadcrumb\",\"itemListElement\":[{\"@type\":\"ListItem\",\"position\":1,\"name\":\"Startseite\",\"item\":\"https:\\\/\\\/www.heldenhaushalt.de\\\/sari02\\\/\"},{\"@type\":\"ListItem\",\"position\":2,\"name\":\"&#8220;Lilly geh&#246;rt dazu!&#8221; &#8211; Ein Bilderbuch &#252;ber Inklusion #Rezension\"}]},{\"@type\":\"WebSite\",\"@id\":\"https:\\\/\\\/www.heldenhaushalt.de\\\/sari02\\\/#website\",\"url\":\"https:\\\/\\\/www.heldenhaushalt.de\\\/sari02\\\/\",\"name\":\"Heldenhaushalt\",\"description\":\"Wer es ordentlich haben will, der muss vorher anrufen\",\"publisher\":{\"@id\":\"https:\\\/\\\/www.heldenhaushalt.de\\\/sari02\\\/#\\\/schema\\\/person\\\/a1cc69f42a01f412eb62c151353814f6\"},\"potentialAction\":[{\"@type\":\"SearchAction\",\"target\":{\"@type\":\"EntryPoint\",\"urlTemplate\":\"https:\\\/\\\/www.heldenhaushalt.de\\\/sari02\\\/?s={search_term_string}\"},\"query-input\":{\"@type\":\"PropertyValueSpecification\",\"valueRequired\":true,\"valueName\":\"search_term_string\"}}],\"inLanguage\":\"de\"},{\"@type\":[\"Person\",\"Organization\"],\"@id\":\"https:\\\/\\\/www.heldenhaushalt.de\\\/sari02\\\/#\\\/schema\\\/person\\\/a1cc69f42a01f412eb62c151353814f6\",\"name\":\"Sari\",\"image\":{\"@type\":\"ImageObject\",\"inLanguage\":\"de\",\"@id\":\"https:\\\/\\\/www.heldenhaushalt.de\\\/sari02\\\/wp-content\\\/uploads\\\/2019\\\/02\\\/sari-april2018.png\",\"url\":\"https:\\\/\\\/www.heldenhaushalt.de\\\/sari02\\\/wp-content\\\/uploads\\\/2019\\\/02\\\/sari-april2018.png\",\"contentUrl\":\"https:\\\/\\\/www.heldenhaushalt.de\\\/sari02\\\/wp-content\\\/uploads\\\/2019\\\/02\\\/sari-april2018.png\",\"width\":500,\"height\":500,\"caption\":\"Sari\"},\"logo\":{\"@id\":\"https:\\\/\\\/www.heldenhaushalt.de\\\/sari02\\\/wp-content\\\/uploads\\\/2019\\\/02\\\/sari-april2018.png\"},\"description\":\"Frau Mondgras \u2013 Das bin ich, Sari. Gerne auch als Sari Mondgras bekannt und im Internet zu finden. 2-Fach-Mutter, Heldenehefrau, Kreativling, Harmonies\u00fcchtig und st\u00e4ndig auf der Suche nach Gl\u00fcck. Ich komme aus Berlin, bin hier aufgewachsen und lebe hier seit ich denken kann.\",\"sameAs\":[\"https:\\\/\\\/www.instagram.com\\\/heldenhaushalt\\\/\"],\"url\":\"https:\\\/\\\/www.heldenhaushalt.de\\\/sari02\\\/index.php\\\/author\\\/admin\\\/\"}]}<\/script>\n<!-- \/ Yoast SEO plugin. -->","yoast_head_json":{"title":"\"Lilly geh\u00f6rt dazu!\" - Ein Bilderbuch \u00fcber Inklusion #Rezension","description":"Lilly ist anders. Und dann auch wieder nicht. In dem Buch \"Lilly geh\u00f6rt dazu!\" von Irmgard Partmann und Laura Badnarki lernen wir zwei ...","robots":{"index":"index","follow":"follow","max-snippet":"max-snippet:-1","max-image-preview":"max-image-preview:large","max-video-preview":"max-video-preview:-1"},"canonical":"https:\/\/www.heldenhaushalt.de\/sari02\/index.php\/2020\/05\/23\/lilly-gehoert-dazu-ein-bilderbuch-ueber-inklusion-rezension\/","og_locale":"de_DE","og_type":"article","og_title":"\"Lilly geh\u00f6rt dazu!\" - Ein Bilderbuch \u00fcber Inklusion #Rezension","og_description":"Lilly ist anders. Und dann auch wieder nicht. In dem Buch \"Lilly geh\u00f6rt dazu!\" von Irmgard Partmann und Laura Badnarki lernen wir zwei ...","og_url":"https:\/\/www.heldenhaushalt.de\/sari02\/index.php\/2020\/05\/23\/lilly-gehoert-dazu-ein-bilderbuch-ueber-inklusion-rezension\/","og_site_name":"Heldenhaushalt","article_published_time":"2020-05-23T08:00:00+00:00","article_modified_time":"2020-05-23T11:45:17+00:00","og_image":[{"width":1000,"height":684,"url":"https:\/\/www.heldenhaushalt.de\/sari02\/wp-content\/uploads\/2020\/05\/lilly01.jpg","type":"image\/jpeg"}],"author":"Sari","twitter_card":"summary_large_image","twitter_creator":"@Heldenhaushalt","twitter_site":"@Heldenhaushalt","twitter_misc":{"Verfasst von":"Sari","Gesch\u00e4tzte Lesezeit":"2\u00a0Minuten"},"schema":{"@context":"https:\/\/schema.org","@graph":[{"@type":"Article","@id":"https:\/\/www.heldenhaushalt.de\/sari02\/index.php\/2020\/05\/23\/lilly-gehoert-dazu-ein-bilderbuch-ueber-inklusion-rezension\/#article","isPartOf":{"@id":"https:\/\/www.heldenhaushalt.de\/sari02\/index.php\/2020\/05\/23\/lilly-gehoert-dazu-ein-bilderbuch-ueber-inklusion-rezension\/"},"author":{"name":"Sari","@id":"https:\/\/www.heldenhaushalt.de\/sari02\/#\/schema\/person\/a1cc69f42a01f412eb62c151353814f6"},"headline":"&#8220;Lilly geh&#246;rt dazu!&#8221; &#8211; Ein Bilderbuch &#252;ber Inklusion #Rezension","datePublished":"2020-05-23T08:00:00+00:00","dateModified":"2020-05-23T11:45:17+00:00","mainEntityOfPage":{"@id":"https:\/\/www.heldenhaushalt.de\/sari02\/index.php\/2020\/05\/23\/lilly-gehoert-dazu-ein-bilderbuch-ueber-inklusion-rezension\/"},"wordCount":477,"commentCount":0,"publisher":{"@id":"https:\/\/www.heldenhaushalt.de\/sari02\/#\/schema\/person\/a1cc69f42a01f412eb62c151353814f6"},"image":{"@id":"https:\/\/www.heldenhaushalt.de\/sari02\/index.php\/2020\/05\/23\/lilly-gehoert-dazu-ein-bilderbuch-ueber-inklusion-rezension\/#primaryimage"},"thumbnailUrl":"https:\/\/www.heldenhaushalt.de\/sari02\/wp-content\/uploads\/2020\/05\/lilly01.jpg","keywords":["B\u00fccher","Behinderung","Bilderbuch","Buch","Coppenrath","Empfehlung","Inklusion","Kinderbuch","Rezension"],"articleSection":["B\u00fccher","Empfehlungen"],"inLanguage":"de","potentialAction":[{"@type":"CommentAction","name":"Comment","target":["https:\/\/www.heldenhaushalt.de\/sari02\/index.php\/2020\/05\/23\/lilly-gehoert-dazu-ein-bilderbuch-ueber-inklusion-rezension\/#respond"]}]},{"@type":"WebPage","@id":"https:\/\/www.heldenhaushalt.de\/sari02\/index.php\/2020\/05\/23\/lilly-gehoert-dazu-ein-bilderbuch-ueber-inklusion-rezension\/","url":"https:\/\/www.heldenhaushalt.de\/sari02\/index.php\/2020\/05\/23\/lilly-gehoert-dazu-ein-bilderbuch-ueber-inklusion-rezension\/","name":"\"Lilly geh\u00f6rt dazu!\" - Ein Bilderbuch \u00fcber Inklusion #Rezension","isPartOf":{"@id":"https:\/\/www.heldenhaushalt.de\/sari02\/#website"},"primaryImageOfPage":{"@id":"https:\/\/www.heldenhaushalt.de\/sari02\/index.php\/2020\/05\/23\/lilly-gehoert-dazu-ein-bilderbuch-ueber-inklusion-rezension\/#primaryimage"},"image":{"@id":"https:\/\/www.heldenhaushalt.de\/sari02\/index.php\/2020\/05\/23\/lilly-gehoert-dazu-ein-bilderbuch-ueber-inklusion-rezension\/#primaryimage"},"thumbnailUrl":"https:\/\/www.heldenhaushalt.de\/sari02\/wp-content\/uploads\/2020\/05\/lilly01.jpg","datePublished":"2020-05-23T08:00:00+00:00","dateModified":"2020-05-23T11:45:17+00:00","description":"Lilly ist anders. Und dann auch wieder nicht. In dem Buch \"Lilly geh\u00f6rt dazu!\" von Irmgard Partmann und Laura Badnarki lernen wir zwei ...","breadcrumb":{"@id":"https:\/\/www.heldenhaushalt.de\/sari02\/index.php\/2020\/05\/23\/lilly-gehoert-dazu-ein-bilderbuch-ueber-inklusion-rezension\/#breadcrumb"},"inLanguage":"de","potentialAction":[{"@type":"ReadAction","target":["https:\/\/www.heldenhaushalt.de\/sari02\/index.php\/2020\/05\/23\/lilly-gehoert-dazu-ein-bilderbuch-ueber-inklusion-rezension\/"]}]},{"@type":"ImageObject","inLanguage":"de","@id":"https:\/\/www.heldenhaushalt.de\/sari02\/index.php\/2020\/05\/23\/lilly-gehoert-dazu-ein-bilderbuch-ueber-inklusion-rezension\/#primaryimage","url":"https:\/\/www.heldenhaushalt.de\/sari02\/wp-content\/uploads\/2020\/05\/lilly01.jpg","contentUrl":"https:\/\/www.heldenhaushalt.de\/sari02\/wp-content\/uploads\/2020\/05\/lilly01.jpg","width":1000,"height":684,"caption":"Lilly geh\u00f6rt dazu!"},{"@type":"BreadcrumbList","@id":"https:\/\/www.heldenhaushalt.de\/sari02\/index.php\/2020\/05\/23\/lilly-gehoert-dazu-ein-bilderbuch-ueber-inklusion-rezension\/#breadcrumb","itemListElement":[{"@type":"ListItem","position":1,"name":"Startseite","item":"https:\/\/www.heldenhaushalt.de\/sari02\/"},{"@type":"ListItem","position":2,"name":"&#8220;Lilly geh&#246;rt dazu!&#8221; &#8211; Ein Bilderbuch &#252;ber Inklusion #Rezension"}]},{"@type":"WebSite","@id":"https:\/\/www.heldenhaushalt.de\/sari02\/#website","url":"https:\/\/www.heldenhaushalt.de\/sari02\/","name":"Heldenhaushalt","description":"Wer es ordentlich haben will, der muss vorher anrufen","publisher":{"@id":"https:\/\/www.heldenhaushalt.de\/sari02\/#\/schema\/person\/a1cc69f42a01f412eb62c151353814f6"},"potentialAction":[{"@type":"SearchAction","target":{"@type":"EntryPoint","urlTemplate":"https:\/\/www.heldenhaushalt.de\/sari02\/?s={search_term_string}"},"query-input":{"@type":"PropertyValueSpecification","valueRequired":true,"valueName":"search_term_string"}}],"inLanguage":"de"},{"@type":["Person","Organization"],"@id":"https:\/\/www.heldenhaushalt.de\/sari02\/#\/schema\/person\/a1cc69f42a01f412eb62c151353814f6","name":"Sari","image":{"@type":"ImageObject","inLanguage":"de","@id":"https:\/\/www.heldenhaushalt.de\/sari02\/wp-content\/uploads\/2019\/02\/sari-april2018.png","url":"https:\/\/www.heldenhaushalt.de\/sari02\/wp-content\/uploads\/2019\/02\/sari-april2018.png","contentUrl":"https:\/\/www.heldenhaushalt.de\/sari02\/wp-content\/uploads\/2019\/02\/sari-april2018.png","width":500,"height":500,"caption":"Sari"},"logo":{"@id":"https:\/\/www.heldenhaushalt.de\/sari02\/wp-content\/uploads\/2019\/02\/sari-april2018.png"},"description":"Frau Mondgras \u2013 Das bin ich, Sari. Gerne auch als Sari Mondgras bekannt und im Internet zu finden. 2-Fach-Mutter, Heldenehefrau, Kreativling, Harmonies\u00fcchtig und st\u00e4ndig auf der Suche nach Gl\u00fcck. Ich komme aus Berlin, bin hier aufgewachsen und lebe hier seit ich denken kann.","sameAs":["https:\/\/www.instagram.com\/heldenhaushalt\/"],"url":"https:\/\/www.heldenhaushalt.de\/sari02\/index.php\/author\/admin\/"}]}},"views":2389,"_links":{"self":[{"href":"https:\/\/www.heldenhaushalt.de\/sari02\/index.php\/wp-json\/wp\/v2\/posts\/48583","targetHints":{"allow":["GET"]}}],"collection":[{"href":"https:\/\/www.heldenhaushalt.de\/sari02\/index.php\/wp-json\/wp\/v2\/posts"}],"about":[{"href":"https:\/\/www.heldenhaushalt.de\/sari02\/index.php\/wp-json\/wp\/v2\/types\/post"}],"author":[{"embeddable":true,"href":"https:\/\/www.heldenhaushalt.de\/sari02\/index.php\/wp-json\/wp\/v2\/users\/1"}],"replies":[{"embeddable":true,"href":"https:\/\/www.heldenhaushalt.de\/sari02\/index.php\/wp-json\/wp\/v2\/comments?post=48583"}],"version-history":[{"count":3,"href":"https:\/\/www.heldenhaushalt.de\/sari02\/index.php\/wp-json\/wp\/v2\/posts\/48583\/revisions"}],"predecessor-version":[{"id":48650,"href":"https:\/\/www.heldenhaushalt.de\/sari02\/index.php\/wp-json\/wp\/v2\/posts\/48583\/revisions\/48650"}],"wp:featuredmedia":[{"embeddable":true,"href":"https:\/\/www.heldenhaushalt.de\/sari02\/index.php\/wp-json\/wp\/v2\/media\/48647"}],"wp:attachment":[{"href":"https:\/\/www.heldenhaushalt.de\/sari02\/index.php\/wp-json\/wp\/v2\/media?parent=48583"}],"wp:term":[{"taxonomy":"category","embeddable":true,"href":"https:\/\/www.heldenhaushalt.de\/sari02\/index.php\/wp-json\/wp\/v2\/categories?post=48583"},{"taxonomy":"post_tag","embeddable":true,"href":"https:\/\/www.heldenhaushalt.de\/sari02\/index.php\/wp-json\/wp\/v2\/tags?post=48583"}],"curies":[{"name":"wp","href":"https:\/\/api.w.org\/{rel}","templated":true}]}}