{"id":49718,"date":"2020-08-22T09:00:09","date_gmt":"2020-08-22T07:00:09","guid":{"rendered":"https:\/\/www.heldenhaushalt.de\/sari02\/?p=49718"},"modified":"2020-08-21T11:54:23","modified_gmt":"2020-08-21T09:54:23","slug":"1000-fragen-an-mich-541-560-was-ich-am-sommer-mag-und-mehr","status":"publish","type":"post","link":"https:\/\/www.heldenhaushalt.de\/sari02\/index.php\/2020\/08\/22\/1000-fragen-an-mich-541-560-was-ich-am-sommer-mag-und-mehr\/","title":{"rendered":"1000 Fragen an mich (541-560) &#8211; Was ich am Sommer mag und mehr&#8230;"},"content":{"rendered":"<p style=\"text-align: right;\"><small>enth&#228;lt unbezahlte Werbung*<\/small><\/p>\n<p>Guten Morgen an einem hoffentlich bei euch genauso sonnigen Samstag, wie bei uns. Heute durften wir mal wieder ausschlafen. Herrlich, oder? Sp&#228;ter geht es f&#252;r den gro&#223;en Sohn noch auf einen Geburtstag und das kleine Kind genie&#223;t ein wenig Exklusiv-Zeit nur mit Mama und Papa. Mal sehen, was wir Sch&#246;nes unternehmen.&nbsp;<\/p>\n<p>Eigentlich wollte ich euch heute mal wieder ein Ausmalbild mitbringen oder die Kinderbuchwoche planen, aber wisst ihr was? Keine Lust. Ja, das sage ich jetzt mal so ganz banal. Ich habe keine Lust. Ich will meine freie Zeit, die ich nach einer langen Woche heute habe, einfach mal nutzen. Deshalb habe ich in den letzten Tagen immer wieder mal, wenn ich ein paar Minuten hatte, mich mal wieder den <a href=\"https:\/\/feiersun.de\/downloadbereich\/\" target=\"_blank\" rel=\"noopener noreferrer\">1000 Fragen nach Feiersun<\/a> gewidmet. Das Projekt begleitet diesen Blog ja nun eine Weile und &#252;ber 400 Fragen warten noch darauf, dass sie irgendwann man alle beantwortet werden. Ehrlich gesagt wei&#223; ich schon gar nicht mehr, worum es in den ersten 500 Fragen ging. Ihr? Vielleicht fange ich sie irgendwann nochmal von vorne an. Wer wei&#223;&#8230;<\/p>\n<h2>1000 Fragen an mich und Dinge, die mich in letzter Zeit &#252;berrascht haben&#8230;<\/h2>\n<p>Ich denke in letzter Zeit viel nach. Vor allem abends. Tags&#252;ber komme ich kaum dazu, weil mich immer irgendetwas in Anspruch nimmt. Ihr kennt das sicher. Ich habe kaum Raum f&#252;r meine Gedanken und das ist grunds&#228;tzlich erst einmal gut so, denn sonst w&#252;rde der Tag sehr lang und anstrengend werden. Weniger gut ist es, dass sie dann am Abend kommen, wenn ich eigentlich zur Ruhe kommen m&#246;chte. Ist halt so und ruft die H&#246;rb&#252;cher auf den Plan, die mir dann beim Ablenken und somit beim Einschlafen helfen.<\/p>\n<p>Was sonst noch hilft, das sind so sch&#246;ne Projekte wie das &#8220;1000 Fragen&#8221; Projekt, das zum Nachdenken anregt und zum Selbstreflektieren auffordert! Genau das brauche ich aktuell und deshalb kommen jetzt statt eines Ausmalbildes 20 weitere Antworten auf die 1000 Fragen, die da auf mich warten&#8230;<\/p>\n<p><img loading=\"lazy\" decoding=\"async\" class=\"alignnone size-full wp-image-49723\" src=\"https:\/\/www.heldenhaushalt.de\/sari02\/wp-content\/uploads\/2020\/08\/teil3-03.jpg\" alt=\"1000 Fragen\" width=\"1000\" height=\"664\" srcset=\"https:\/\/www.heldenhaushalt.de\/sari02\/wp-content\/uploads\/2020\/08\/teil3-03.jpg 1000w, https:\/\/www.heldenhaushalt.de\/sari02\/wp-content\/uploads\/2020\/08\/teil3-03-300x199.jpg 300w, https:\/\/www.heldenhaushalt.de\/sari02\/wp-content\/uploads\/2020\/08\/teil3-03-768x510.jpg 768w\" sizes=\"auto, (max-width: 1000px) 100vw, 1000px\" \/><\/p>\n<p><strong>541. F&#252;hrst du Tagebuch?<\/strong><br \/>\nEs gab hin und wieder eine Phase, in der ich es versucht habe. Ich glaube mit 7 Jahren bekam ich mal eines von meiner Mutter. Darin schrieb ich, dass ich in meinem Klassenkameraden und David Hasselhoff verliebt w&#228;re *lach*. Aber es hielt nicht lange an. Mir fehlte einfach die Ausdauer zum Schreiben. Zwei drei Mal versuchte ich es noch. Als Teenager zum Beispiel, bis meine Mutter kam und meinte, ich solle nicht nur Tagebuch schreiben, wenn ich deprimiert bin, sonst denke ich sp&#228;ter, ich h&#228;tte ein deprimierendes Leben gehabt *lach*. Und dann fing ich 2004 an digital Tagebuch zu schreiben. So fand n&#228;mlich diese Seite ihren Anfang (damals noch unter anderem Namen) und hier lege ich interessanter Weise eine viel bessere Ausdauer hin und genie&#223;e es in der Vergangenheit zu bl&#228;ttern, auch wenn sich die Art des Schreibens im Laufe der Jahre sehr ver&#228;ndert hat.<\/p>\n<p><strong>542. Welche Personen sind auf deinem Lieblingsfoto abgebildet?<\/strong><br \/>\nMeine M&#228;nner. Wir stehen im Hamburg am Wasser. Als Familie. Hinter uns geht die Sonne unter. Ein anderes sind der Miniheld und ich auf Hagrids altem Ledersessel auf der Austellung in Potsdam, wieder ein anderes ist ein Foto von meinen beiden Jungs, wo sie ihr herzlichen Lachen zeigen und dann ist da noch ein Foto vom Mann und mir, wo wir auf die F&#228;hre nach D&#228;nemark warten. Ein Foto, das damals der gro&#223;e Sohn von uns scho&#223;.<\/p>\n<p><strong>543. Hast du h&#228;ufig unn&#246;tigerweise Schuldgef&#252;hle?<\/strong><br \/>\nAbsolut. Mir schlagen Dinge schnell auf den Magen. Dinge, bei denen ich denke, dass ich jemanden jetzt entt&#228;uschen k&#246;nnte, nur weil ich eine Entscheidung getroffen habe. Dann f&#252;hle ich mich schuldig und unwohl.<\/p>\n<p><strong>544. Was magst du am Sommer am liebsten?<\/strong><br \/>\nMit Freunden im Garten zu grillen. Ich sitze nicht gerne ewig in der Sonne, das brauche ich nicht, aber ich mag es zusammen zu hocken, zu quatschen und einfach das Wetter zu genie&#223;en (sofern es nicht zu hei&#223; ist). Ich stecke gerne die F&#252;&#223;e zur Abk&#252;hlung ins Wasser und liebe es, dass ich eigentlich &#252;berall mit dem Fahrrad hinfahren kann. Man kann einfach drau&#223;en sein oder zumindest alle Fenster und T&#252;ren weit offen lassen.<\/p>\n<p><strong>545. Auf was kannst du am leichtesten verzichten?<\/strong><br \/>\nHmmm&#8230; da muss ich nachdenken. Ich kann verzichten. Wenn ich muss. Aber das ist selten der Fall und ich muss wirklich motiviert sein. Als ich schwanger war, konnte ich auf bestimmte Dinge verzichten ohne zu z&#246;gern. Ich kann manchmal auch gut auf Dinge verzichten, die ich geplant habe zu Gunsten der Kinder und deren Planung&#8230;<\/p>\n<p><strong>546. Wie h&#228;ufig g&#246;nnst du dir etwas?<\/strong><br \/>\nAb und zu. Also ja&#8230; ich g&#246;nne mir was. Gerne. Wenn die Mittel daf&#252;r da sind und es eben gerade m&#246;glich ist. Aber oft liegt das auch daran, dass der Held mich dann dazu motiviert mir den Wunsch zu erf&#252;llen.<\/p>\n<p><strong>547. Mit welcher Art von Fahrzeug f&#228;hrt du am liebsten?<\/strong><br \/>\nFahrrad. Damit komme ich im Groben &#252;berall hin, habe keine Probleme einen Parkplatz zu finden und kann Wege abk&#252;rzen, wo andere Fahrzeuge eben nicht lang k&#246;nnten. Fr&#252;her bin ich auch sehr gerne mit den &#214;ffentlichen gefahren, weil ich einfach gerne aus dem Fenster geschaut und mir die Umgebung angesehen habe. Aber durch Corona hat sich die Begeisterung dahingehend etwas gelegt. Manchmal fehlt mir mein kleiner Motorroller etwas, aber vielleicht irgendwann ja mal wieder. Grunds&#228;tzlich bin ich eigentlich st&#228;ndig mit dem Fahrrad unterwegs.<\/p>\n<p><img loading=\"lazy\" decoding=\"async\" class=\"alignnone wp-image-49722 size-full\" src=\"https:\/\/www.heldenhaushalt.de\/sari02\/wp-content\/uploads\/2020\/08\/teil3-02.jpg\" alt=\"Am liebsten mit dem Rad\" width=\"1000\" height=\"744\" srcset=\"https:\/\/www.heldenhaushalt.de\/sari02\/wp-content\/uploads\/2020\/08\/teil3-02.jpg 1000w, https:\/\/www.heldenhaushalt.de\/sari02\/wp-content\/uploads\/2020\/08\/teil3-02-300x223.jpg 300w, https:\/\/www.heldenhaushalt.de\/sari02\/wp-content\/uploads\/2020\/08\/teil3-02-768x571.jpg 768w\" sizes=\"auto, (max-width: 1000px) 100vw, 1000px\" \/><\/p>\n<p><strong>548. Wovon bist du gl&#252;cklicherweise losgekommen?<\/strong><br \/>\nDem Rauchen. Ja, ich habe geraucht. Eine Zeit lang sogar sehr viel. Der Kinderwunsch schaffte es dann, dass ich lernte darauf zu verzichten. Heute merke ich auch, wie viel Einfluss das auf meine Kondition und meine Gesundheit genommen hat und wie viel Geselligkeit eigentlich dahinter steckte. Rauchen, weil andere es getan haben. Dabei ist es wirklich sch&#228;dlich.<\/p>\n<p><strong>549. Woran denkst du morgens zuerst?<\/strong><br \/>\nM&#252;&#252;&#252;&#252;de&#8230; was muss ich alles schaffen, wen zuerst wecken und was ziehe ich heute an.<\/p>\n<p><strong>550. Was hast du vom Kindergarten noch f&#252;r Erinnerungen?<\/strong><br \/>\nIch war leider nur kurz ein Kindergartenkind und aus der Zeit habe ich zwei Erinnerungen. Die eine spielt in der Faschingszeit. Daf&#252;r hatte meine Mutter mir ein Kost&#252;m gebastelt. Ich war eine Fee oder Elfe. Ich hatte einen roten T&#252;llrock, dazu einen roten Body und einen Glitzerzauberstab sowie einen Haarreifen und alles beklebte und ben&#228;hte meine Mutter mit massig Rosen. Also war ich genauer gesagt eine Blumenfee. Die zweite Erinnerung war beim Malen. Ich durfte irgendwann keine Bilder mehr ausmalen, weil ich wohl nicht sauber in den R&#228;ndern malte. Das hat mich damals sehr traurig gemacht.<\/p>\n<p class=\"p1\"><strong>551. Welchen Wochenendtrip oder welche Kurzreise hast du gerade geplant?<\/strong><br \/>\nWir wollen nochmal nach Hamburg irgendwann. Auch Frankfurt steht auf dem Plan mit Zwischenstopp im Playmobil Fun Park uuuuuund London. Aber von wirklich geplant kann man aktuell nicht sprechen. Aktuell wei&#223; man ja gar nicht, was in den n&#228;chsten Wochen und Monaten &#252;berhaupt m&#246;glich sein wird.<\/p>\n<p class=\"p1\"><strong>552. Bist du ein Landmensch oder ein Stadtmensch?<\/strong><br \/>\nEin bisschen von beidem, glaube ich. Ich brauche das Leben und den Trubel einer Stadt. Sehe mich eigentlich auch eher in einer sch&#246;nen Stadtwohnung mit Terrasse. Gleichzeitig finde ich aber auch den Charme vom Landleben sehr reizvoll. Der Dorfcharakter, wo man jeden kennt und jeden Tag irgendwie das gleiche erlebt. Ein bisschen wie diese Szene aus &#8220;Die Sch&#246;ne und das Biest&#8221;, in der Belle morgens durch &#8220;ihre Stadt&#8221; l&#228;uft und alles so routiniert l&#228;uft&#8230; aber mich w&#252;rde wirklich st&#246;rten, dass ich eigentlich immer weite Wege habe.<\/p>\n<p class=\"p1\"><strong>553. Mit welcher Person, die du nicht pers&#246;nlich kennst, f&#252;hlst du dich verbunden?<\/strong><br \/>\nViele von denen durfte ich ja <a href=\"https:\/\/www.heldenhaushalt.de\/sari02\/index.php\/2019\/05\/21\/blogfamilia-2019-eine-kleine-nachlese\/\">Dank Blogfamilia<\/a> und &#228;hnlichen Veranstaltungen inzwischen ja kennen lernen. Aber da ist zum Beispiel <a href=\"https:\/\/japanliebe.de\/\" target=\"_blank\" rel=\"noopener noreferrer\">Elisa<\/a>, so weit weg&#8230; seit vielen Jahren schon ein Kontakt hier im Internet. Hachja&#8230;<\/p>\n<p class=\"p1\"><strong>554. Was gibt dir in schweren Zeiten Halt?<\/strong><br \/>\nMeine M&#228;nner. Vor allem der Held, aber eben auch meine S&#246;hne. Die fangen mich immer auf.&nbsp;<\/p>\n<p><img loading=\"lazy\" decoding=\"async\" class=\"alignnone wp-image-49721 size-full\" src=\"https:\/\/www.heldenhaushalt.de\/sari02\/wp-content\/uploads\/2020\/08\/teil3-01.jpg\" alt=\"Mein Halt\" width=\"1000\" height=\"698\" srcset=\"https:\/\/www.heldenhaushalt.de\/sari02\/wp-content\/uploads\/2020\/08\/teil3-01.jpg 1000w, https:\/\/www.heldenhaushalt.de\/sari02\/wp-content\/uploads\/2020\/08\/teil3-01-300x209.jpg 300w, https:\/\/www.heldenhaushalt.de\/sari02\/wp-content\/uploads\/2020\/08\/teil3-01-768x536.jpg 768w\" sizes=\"auto, (max-width: 1000px) 100vw, 1000px\" \/><\/p>\n<p class=\"p1\"><strong>555. Bist du gut zu dir selbst?<\/strong><br \/>\nIch sollte es wohl mehr sein.<\/p>\n<p class=\"p1\"><strong>556. Was bedeutet Freundschaft f&#252;r dich?<\/strong><br \/>\nUff&#8230;das Thema ist schwer und eigentlich nicht so einfach in einem oder zwei S&#228;tzen zu beantworten. Gerade, weil ich im Leben so viele Phasen mit verschiedenen Freundschaften durchlebt und auch durchlitten habe. Freunde sind f&#252;r mich viele. Es gibt nicht nur den einen besten Freund, wie man es als Kind gerne mal sagt. Lieber ich habe eine Hand voll guter Freunde, mit denen ich mich auch gut unterhalten kann, auch wenn man sich lange nicht mehr gesehen hat, als dass ich eine nicht enden wollende Liste an Menschen h&#228;tte, die sich Freunde nennen. Wir pflegen zum Beispiel auch den Begriff &#8220;Ohana&#8221;, denn f&#252;r uns ist das unsere selbst ausgesuchte Familie. Darin finden sich Freunde und Verwandte, auf die wir uns immer und zu jeder Zeit verlassen k&#246;nnen. Mit denen wir aber auch mal schweigen oder gar streiten k&#246;nnen, ohne dass man sich die Freundschaft gleich k&#252;ndigt. Man darf unterschiedlicher Meinung sein zum Beispiel. Klar ver&#228;ndern sich Freundschaften auch mit der Zeit. Das Umfeld, mit dem man zu tun hat ver&#228;ndert sich ja auch. Schule, Ausbildung, Arbeit, Familie&#8230; man trifft immer wieder auf neue Charaktere&#8230; ja&#8230;&nbsp;<\/p>\n<p class=\"p1\"><strong>557. Wer hat dich in letzter Zeit &#252;berrascht?<\/strong><br \/>\nIch bin immer wieder mal von den Menschen um mich herum &#252;berrascht. Positiv wie negativ. Zuletzt hat mich zum Beispiel etwas eher negativ &#252;berrascht und noch lange besch&#228;ftigt, was irgendjemand mal zu irgendjemand gesagt hat. &#220;ber mich. Und das hat mich doch mehr verletzt, als ich gedacht h&#228;tte. Das hat mich zum Beispiel &#252;berrascht. Aber positiv &#252;berrascht hat mich mein Sohn, der sich ganz tapfer den neuen Herausforderungen stellt und gerade enorm daran w&#228;chst.<\/p>\n<p class=\"p1\"><strong>558. Traust du dich, Fragen zu stellen?<\/strong><br \/>\nKommt darauf an wo und an wen die Fragen gehen. Ich kann es, wenn ich muss. Wenn ich zum Beispiel mit den Kindern alleine unterwegs bin und diesen zeigen muss, dass man mutig sein soll. Aber ich bin dankbar, wenn der Mann so manches in der Hinsicht f&#252;r mich &#252;bernimmt, da ich doch von Natur aus eher sehr scheu bin.<\/p>\n<p><img loading=\"lazy\" decoding=\"async\" class=\"alignnone size-full wp-image-49724\" src=\"https:\/\/www.heldenhaushalt.de\/sari02\/wp-content\/uploads\/2020\/08\/teil3-04.jpg\" alt=\"1000 Fragen\" width=\"1000\" height=\"707\" srcset=\"https:\/\/www.heldenhaushalt.de\/sari02\/wp-content\/uploads\/2020\/08\/teil3-04.jpg 1000w, https:\/\/www.heldenhaushalt.de\/sari02\/wp-content\/uploads\/2020\/08\/teil3-04-300x212.jpg 300w, https:\/\/www.heldenhaushalt.de\/sari02\/wp-content\/uploads\/2020\/08\/teil3-04-768x543.jpg 768w\" sizes=\"auto, (max-width: 1000px) 100vw, 1000px\" \/><\/p>\n<p class=\"p1\"><strong>559. Hast du Dinge vorr&#228;tig, die du selbst nie isst oder trinkst?<\/strong><br \/>\nUnsere Kammer ist voll. Fragt mich nicht womit. Auch Schrauben und Dinge dieser Art, mit denen ich einfach nichts anfangen kann, die aber gerne mal auf Vorrat gekauft werden, wenn sie irgendwo im Angebot sind&#8230;.<\/p>\n<p class=\"p1\"><strong>560. Setzt du dir Regeln, die du dir selbst ausgedacht hast?&nbsp;&nbsp;<br \/>\n<\/strong>Hm, ja&#8230;zeitweise. Wenn ich denke, ich brauche diese Schranken f&#252;r mich mal wieder. So wie das Wasser trinken &#252;ber den Tag verteilt und daf&#252;r auf Kakao verzichten. Bestimmte Dinge tue ich unter der Woche nicht, daf&#252;r aber am Wochenende usw&#8230; Also ja, ein paar kleine Regeln habe ich mir wohl tats&#228;chlich gesetzt.<\/p>\n<h2>Setzt Ihr Euch irgendwelche Regeln?<\/h2>\n<p><img loading=\"lazy\" decoding=\"async\" class=\"alignnone size-full wp-image-49725\" src=\"https:\/\/www.heldenhaushalt.de\/sari02\/wp-content\/uploads\/2020\/08\/teil3-05.jpg\" alt=\"1000 Fragen\" width=\"1000\" height=\"707\" srcset=\"https:\/\/www.heldenhaushalt.de\/sari02\/wp-content\/uploads\/2020\/08\/teil3-05.jpg 1000w, https:\/\/www.heldenhaushalt.de\/sari02\/wp-content\/uploads\/2020\/08\/teil3-05-300x212.jpg 300w, https:\/\/www.heldenhaushalt.de\/sari02\/wp-content\/uploads\/2020\/08\/teil3-05-768x543.jpg 768w\" sizes=\"auto, (max-width: 1000px) 100vw, 1000px\" \/><\/p>\n<p>Und wie definiert ihr diese? Ein bisschen tue ich das ja jeden Monat. Nur dass ich es eher Ziele nenne. Viele davon kommen jeden Monat wieder und sollen meinen Alltag etwas besser regeln. Sportliche Ziele. Ziele im Haushalt. Ziele im Alltag. Regeln wie: Wann esse ich was. Wann mache ich Sport und wie oft, damit ich das erreiche, was ich mir vornehme.<\/p>\n<p>Aber kann man das wirklich Regeln nennen? Vielleicht sollten wir den Begriff Regeln erst einmal genauer definieren. Dar&#252;ber muss ich jetzt mal nachdenken&#8230;<\/p>\n<p>Und bis dahin findet ihr die aktuellen 20 der 1000 Fragen, die ich heute beantwortet habe &#252;brigens <a href=\"https:\/\/feiersun.de\/1000-fragen-an-mich-selbst-teil-28-fragen-541-560\/\" target=\"_blank\" rel=\"noopener noreferrer\">hier bei Feiersun<\/a>.<\/p>\n<p><small>*<strong>Anmerkung:<\/strong>&nbsp;Der Artikel enth&#228;lt evtl. Bilder mit Produkten, die wir in unserem Alltag nutzen oder Linkempfehlungen. Wir haben keine Bezahlung f&#252;r das Zeigen oder Nutzen derselbigen erhalten. Affiliate Links sind als solche markiert.<\/small><\/p>\n","protected":false},"excerpt":{"rendered":"<p>enth&#228;lt unbezahlte Werbung* Guten Morgen an einem hoffentlich bei euch genauso sonnigen Samstag, wie bei uns. Heute durften wir mal wieder ausschlafen. Herrlich, oder? Sp&#228;ter geht es f&#252;r den gro&#223;en Sohn noch auf einen Geburtstag und das kleine Kind genie&#223;t ein wenig Exklusiv-Zeit nur mit Mama und Papa. Mal sehen, was wir Sch&#246;nes unternehmen.&nbsp; Eigentlich wollte ich euch heute mal wieder ein Ausmalbild mitbringen oder die Kinderbuchwoche planen, aber wisst ihr was? Keine Lust. Ja, das sage ich jetzt mal so ganz banal. Ich habe keine Lust. Ich will meine freie Zeit, die ich nach einer langen Woche heute habe, einfach mal nutzen. Deshalb habe ich in den letzten Tagen immer wieder mal, wenn ich ein paar Minuten hatte, mich mal wieder den 1000 Fragen nach Feiersun gewidmet. Das Projekt begleitet diesen Blog ja nun eine Weile und &#252;ber 400 Fragen warten noch darauf, dass sie irgendwann man alle beantwortet werden. Ehrlich gesagt wei&#223; ich schon gar nicht mehr, worum es in den ersten 500 Fragen ging. Ihr? Vielleicht fange ich sie irgendwann nochmal von vorne an. Wer wei&#223;&#8230; 1000 Fragen an mich und Dinge, die mich in letzter Zeit &#252;berrascht haben&#8230; Ich denke in letzter Zeit viel nach. Vor allem abends. Tags&#252;ber komme ich kaum dazu, weil mich immer irgendetwas in Anspruch nimmt. Ihr kennt das sicher. Ich habe kaum Raum f&#252;r meine Gedanken und das ist grunds&#228;tzlich erst einmal gut so, denn sonst w&#252;rde der Tag sehr lang und anstrengend werden. Weniger gut ist es, dass sie dann am Abend kommen, wenn ich eigentlich zur Ruhe kommen m&#246;chte. Ist halt so und ruft die H&#246;rb&#252;cher auf den Plan, die mir dann beim Ablenken und somit beim Einschlafen helfen. Was sonst noch hilft, das sind so sch&#246;ne Projekte wie das &#8220;1000 Fragen&#8221; Projekt, das zum Nachdenken anregt und zum Selbstreflektieren auffordert! Genau das brauche ich aktuell und deshalb kommen jetzt statt eines Ausmalbildes 20 weitere Antworten auf die 1000 Fragen, die da auf mich warten&#8230; 541. F&#252;hrst du Tagebuch? Es gab hin und wieder eine Phase, in der ich es versucht habe. Ich glaube mit 7 Jahren bekam ich mal eines von meiner Mutter. Darin schrieb ich, dass ich in meinem Klassenkameraden und David Hasselhoff verliebt w&#228;re *lach*. Aber es hielt nicht lange an. Mir fehlte einfach die Ausdauer zum Schreiben. Zwei drei Mal versuchte ich es noch. Als Teenager zum Beispiel, bis meine Mutter kam und meinte, ich solle nicht nur Tagebuch schreiben, wenn ich deprimiert bin, sonst denke ich sp&#228;ter, ich h&#228;tte ein deprimierendes Leben gehabt *lach*. Und dann fing ich 2004 an digital Tagebuch zu schreiben. So fand n&#228;mlich diese Seite ihren Anfang (damals noch unter anderem Namen) und hier lege ich interessanter Weise eine viel bessere Ausdauer hin und genie&#223;e es in der Vergangenheit zu bl&#228;ttern, auch wenn sich die Art des Schreibens im Laufe der Jahre sehr ver&#228;ndert hat. 542. Welche Personen sind auf deinem Lieblingsfoto abgebildet? Meine M&#228;nner. Wir stehen im Hamburg am Wasser. Als Familie. Hinter uns geht die Sonne unter. Ein anderes sind der Miniheld und ich auf Hagrids altem Ledersessel auf der Austellung in Potsdam, wieder ein anderes ist ein Foto von meinen beiden Jungs, wo sie ihr herzlichen Lachen zeigen und dann ist da noch ein Foto vom Mann und mir, wo wir auf die F&#228;hre nach D&#228;nemark warten. Ein Foto, das damals der gro&#223;e Sohn von uns scho&#223;. 543. Hast du h&#228;ufig unn&#246;tigerweise Schuldgef&#252;hle? Absolut. Mir schlagen Dinge schnell auf den Magen. Dinge, bei denen ich denke, dass ich jemanden jetzt entt&#228;uschen k&#246;nnte, nur weil ich eine Entscheidung getroffen habe. Dann f&#252;hle ich mich schuldig und unwohl. 544. Was magst du am Sommer am liebsten? Mit Freunden im Garten zu grillen. Ich sitze nicht gerne ewig in der Sonne, das brauche ich nicht, aber ich mag es zusammen zu hocken, zu quatschen und einfach das Wetter zu genie&#223;en (sofern es nicht zu hei&#223; ist). Ich stecke gerne die F&#252;&#223;e zur Abk&#252;hlung ins Wasser und liebe es, dass ich eigentlich &#252;berall mit dem Fahrrad hinfahren kann. Man kann einfach drau&#223;en sein oder zumindest alle Fenster und T&#252;ren weit offen lassen. 545. Auf was kannst du am leichtesten verzichten? Hmmm&#8230; da muss ich nachdenken. Ich kann verzichten. Wenn ich muss. Aber das ist selten der Fall und ich muss wirklich motiviert sein. Als ich schwanger war, konnte ich auf bestimmte Dinge verzichten ohne zu z&#246;gern. Ich kann manchmal auch gut auf Dinge verzichten, die ich geplant habe zu Gunsten der Kinder und deren Planung&#8230; 546. Wie h&#228;ufig g&#246;nnst du dir etwas? Ab und zu. Also ja&#8230; ich g&#246;nne mir was. Gerne. Wenn die Mittel daf&#252;r da sind und es eben gerade m&#246;glich ist. Aber oft liegt das auch daran, dass der Held mich dann dazu motiviert mir den Wunsch zu erf&#252;llen. 547. Mit welcher Art von Fahrzeug f&#228;hrt du am liebsten? Fahrrad. Damit komme ich im Groben &#252;berall hin, habe keine Probleme einen Parkplatz zu finden und kann Wege abk&#252;rzen, wo andere Fahrzeuge eben nicht lang k&#246;nnten. Fr&#252;her bin ich auch sehr gerne mit den &#214;ffentlichen gefahren, weil ich einfach gerne aus dem Fenster geschaut und mir die Umgebung angesehen habe. Aber durch Corona hat sich die Begeisterung dahingehend etwas gelegt. Manchmal fehlt mir mein kleiner Motorroller etwas, aber vielleicht irgendwann ja mal wieder. Grunds&#228;tzlich bin ich eigentlich st&#228;ndig mit dem Fahrrad unterwegs. 548. Wovon bist du gl&#252;cklicherweise losgekommen? Dem Rauchen. Ja, ich habe geraucht. Eine Zeit lang sogar sehr viel. Der Kinderwunsch schaffte es dann, dass ich lernte darauf zu verzichten. Heute merke ich auch, wie viel Einfluss das auf meine Kondition und meine Gesundheit genommen hat und wie viel Geselligkeit eigentlich dahinter steckte. Rauchen, weil andere es getan haben. Dabei ist es wirklich sch&#228;dlich. 549. Woran denkst du morgens zuerst? M&#252;&#252;&#252;&#252;de&#8230; was muss ich alles schaffen, wen zuerst wecken und was ziehe ich heute an. 550. Was hast du vom Kindergarten noch f&#252;r Erinnerungen? Ich war leider nur kurz ein Kindergartenkind und aus der Zeit habe ich zwei Erinnerungen. Die eine spielt in der Faschingszeit. Daf&#252;r hatte meine Mutter mir ein Kost&#252;m gebastelt. Ich war eine Fee oder Elfe. Ich hatte einen roten T&#252;llrock, dazu einen roten Body und einen Glitzerzauberstab sowie einen Haarreifen und alles beklebte und ben&#228;hte meine Mutter mit massig Rosen. Also war ich genauer gesagt eine Blumenfee. Die zweite Erinnerung war beim Malen. Ich durfte irgendwann keine Bilder mehr ausmalen, weil ich wohl nicht sauber in den R&#228;ndern malte. Das hat mich damals sehr traurig gemacht. 551. Welchen Wochenendtrip oder welche Kurzreise hast du gerade geplant? Wir wollen nochmal nach Hamburg irgendwann. Auch Frankfurt steht auf dem Plan mit Zwischenstopp im Playmobil Fun Park uuuuuund London. Aber von wirklich geplant kann man aktuell nicht sprechen. Aktuell wei&#223; man ja gar nicht, was in den n&#228;chsten Wochen und Monaten &#252;berhaupt m&#246;glich sein wird. 552. Bist du ein Landmensch oder ein Stadtmensch? Ein bisschen von beidem, glaube ich. Ich brauche das Leben und den Trubel einer Stadt. Sehe mich eigentlich auch eher in einer sch&#246;nen Stadtwohnung mit Terrasse. Gleichzeitig finde ich aber auch den Charme vom Landleben sehr reizvoll. Der Dorfcharakter, wo man jeden kennt und jeden Tag irgendwie das gleiche erlebt. Ein bisschen wie diese Szene aus &#8220;Die Sch&#246;ne und das Biest&#8221;, in der Belle morgens durch &#8220;ihre Stadt&#8221; l&#228;uft und alles so routiniert l&#228;uft&#8230; aber mich w&#252;rde wirklich st&#246;rten, dass ich eigentlich immer weite Wege habe. 553. Mit welcher Person, die du nicht pers&#246;nlich kennst, f&#252;hlst du dich verbunden? Viele von denen durfte ich ja Dank Blogfamilia und &#228;hnlichen Veranstaltungen inzwischen ja kennen lernen. Aber da ist zum Beispiel Elisa, so weit weg&#8230; seit vielen Jahren schon ein Kontakt hier im Internet. Hachja&#8230; 554. Was gibt dir in schweren Zeiten Halt? Meine M&#228;nner. Vor allem der Held, aber eben auch meine S&#246;hne. Die fangen mich immer auf.&nbsp; 555. Bist du gut zu dir selbst? Ich sollte es wohl mehr sein. 556. Was bedeutet Freundschaft f&#252;r dich? Uff&#8230;das Thema ist schwer und eigentlich nicht so einfach in einem oder zwei S&#228;tzen zu beantworten. Gerade, weil ich im Leben so viele Phasen mit verschiedenen Freundschaften durchlebt und auch durchlitten habe. Freunde sind f&#252;r mich viele. Es gibt nicht nur den einen besten Freund, wie man es als Kind gerne mal sagt. Lieber ich habe eine Hand voll guter Freunde, mit denen ich mich auch gut unterhalten kann, auch wenn man sich lange nicht mehr gesehen hat, als dass ich eine nicht enden wollende Liste an Menschen h&#228;tte, die sich Freunde nennen. Wir pflegen zum Beispiel auch den Begriff &#8220;Ohana&#8221;, denn f&#252;r uns ist das unsere selbst ausgesuchte Familie. Darin finden sich Freunde und Verwandte, auf die wir uns immer und zu jeder Zeit verlassen k&#246;nnen. Mit denen wir aber auch mal schweigen oder gar streiten k&#246;nnen, ohne dass man sich die Freundschaft gleich k&#252;ndigt. Man darf unterschiedlicher Meinung sein zum Beispiel. Klar ver&#228;ndern sich Freundschaften auch mit der Zeit. Das Umfeld, mit dem man zu tun hat ver&#228;ndert sich ja auch. Schule, Ausbildung, Arbeit, Familie&#8230; man trifft immer wieder auf neue Charaktere&#8230; ja&#8230;&nbsp; 557. Wer hat dich in letzter Zeit &#252;berrascht? Ich bin immer wieder mal von den Menschen um mich herum &#252;berrascht. Positiv wie negativ. Zuletzt hat mich zum Beispiel etwas eher negativ &#252;berrascht und noch lange besch&#228;ftigt, was irgendjemand mal zu irgendjemand gesagt hat. &#220;ber mich. Und das hat mich doch mehr verletzt, als ich gedacht h&#228;tte. Das hat mich zum Beispiel &#252;berrascht. Aber positiv &#252;berrascht hat mich mein Sohn, der sich ganz tapfer den neuen Herausforderungen stellt und gerade enorm daran w&#228;chst. 558. Traust du dich, Fragen zu stellen? Kommt darauf an wo und an wen die Fragen gehen. Ich kann es, wenn ich muss. Wenn ich zum Beispiel mit den Kindern alleine unterwegs bin und diesen zeigen muss, dass man mutig sein soll. Aber ich bin dankbar, wenn der Mann so manches in der Hinsicht f&#252;r mich &#252;bernimmt, da ich doch von Natur aus eher sehr scheu bin. 559. Hast du Dinge vorr&#228;tig, die du selbst nie isst oder trinkst? Unsere Kammer ist voll. Fragt mich nicht womit. Auch Schrauben und Dinge dieser Art, mit denen ich einfach nichts anfangen kann, die aber gerne mal auf Vorrat gekauft werden, wenn sie irgendwo im Angebot sind&#8230;. 560. Setzt du dir Regeln, die du dir selbst ausgedacht hast?&nbsp;&nbsp; Hm, ja&#8230;zeitweise. Wenn ich denke, ich brauche diese Schranken f&#252;r mich mal wieder. So wie das Wasser trinken &#252;ber den Tag verteilt und daf&#252;r auf Kakao verzichten. Bestimmte Dinge tue ich unter der Woche nicht, daf&#252;r aber am Wochenende usw&#8230; Also ja, ein paar kleine Regeln habe ich mir wohl tats&#228;chlich gesetzt. Setzt Ihr Euch irgendwelche Regeln? Und wie definiert ihr diese? Ein bisschen tue ich das ja jeden Monat. Nur dass ich es eher Ziele nenne. Viele davon kommen jeden Monat wieder und sollen meinen Alltag etwas besser regeln. Sportliche Ziele. Ziele im Haushalt. Ziele im Alltag. Regeln wie: Wann esse ich was. Wann mache ich Sport und wie oft, damit ich das erreiche, was ich mir vornehme. Aber kann man das wirklich Regeln nennen? Vielleicht sollten wir den Begriff Regeln erst einmal genauer definieren. Dar&#252;ber muss ich jetzt mal nachdenken&#8230; Und bis dahin findet ihr die aktuellen 20 der 1000 Fragen, die ich heute beantwortet habe &#252;brigens hier bei Feiersun. *Anmerkung:&nbsp;Der Artikel enth&#228;lt evtl. Bilder mit Produkten, die wir in unserem Alltag nutzen oder Linkempfehlungen. Wir haben keine Bezahlung f&#252;r das Zeigen oder Nutzen derselbigen erhalten. Affiliate Links sind als solche markiert.<\/p>\n","protected":false},"author":1,"featured_media":49600,"comment_status":"open","ping_status":"open","sticky":false,"template":"","format":"standard","meta":{"ngg_post_thumbnail":0,"footnotes":""},"categories":[49,50],"tags":[1793,1000,1791,619,1458,828,392,2700,2699],"class_list":["post-49718","post","type-post","status-publish","format-standard","has-post-thumbnail","hentry","category-blogspaehre","category-gedanken","tag-1000-fragen","tag-antworten","tag-ausgefragt","tag-ueber-mich","tag-backstage","tag-fragen","tag-gedanken","tag-nachdenken","tag-selbstreflektieren"],"yoast_head":"<!-- This site is optimized with the Yoast SEO plugin v27.5 - https:\/\/yoast.com\/product\/yoast-seo-wordpress\/ -->\n<title>1000 Fragen an mich (541-560) - Was ich am Sommer mag und mehr...<\/title>\n<meta name=\"description\" content=\"Deshalb habe ich mich in den letzten Tagen immer wieder mal den 1000 Fragen nach Feiersun gewidmet, wenn ich Zeit hatte...\" \/>\n<meta name=\"robots\" content=\"index, follow, max-snippet:-1, max-image-preview:large, max-video-preview:-1\" \/>\n<link rel=\"canonical\" href=\"https:\/\/www.heldenhaushalt.de\/sari02\/index.php\/2020\/08\/22\/1000-fragen-an-mich-541-560-was-ich-am-sommer-mag-und-mehr\/\" \/>\n<meta property=\"og:locale\" content=\"de_DE\" \/>\n<meta property=\"og:type\" content=\"article\" \/>\n<meta property=\"og:title\" content=\"1000 Fragen an mich (541-560) - Was ich am Sommer mag und mehr...\" \/>\n<meta property=\"og:description\" content=\"Deshalb habe ich mich in den letzten Tagen immer wieder mal den 1000 Fragen nach Feiersun gewidmet, wenn ich Zeit hatte...\" \/>\n<meta property=\"og:url\" content=\"https:\/\/www.heldenhaushalt.de\/sari02\/index.php\/2020\/08\/22\/1000-fragen-an-mich-541-560-was-ich-am-sommer-mag-und-mehr\/\" \/>\n<meta property=\"og:site_name\" content=\"Heldenhaushalt\" \/>\n<meta property=\"article:published_time\" content=\"2020-08-22T07:00:09+00:00\" \/>\n<meta property=\"og:image\" content=\"https:\/\/www.heldenhaushalt.de\/sari02\/wp-content\/uploads\/2020\/08\/wib34-07.jpg\" \/>\n\t<meta property=\"og:image:width\" content=\"1000\" \/>\n\t<meta property=\"og:image:height\" content=\"700\" \/>\n\t<meta property=\"og:image:type\" content=\"image\/jpeg\" \/>\n<meta name=\"author\" content=\"Sari\" \/>\n<meta name=\"twitter:card\" content=\"summary_large_image\" \/>\n<meta name=\"twitter:creator\" content=\"@Heldenhaushalt\" \/>\n<meta name=\"twitter:site\" content=\"@Heldenhaushalt\" \/>\n<meta name=\"twitter:label1\" content=\"Verfasst von\" \/>\n\t<meta name=\"twitter:data1\" content=\"Sari\" \/>\n\t<meta name=\"twitter:label2\" content=\"Gesch\u00e4tzte Lesezeit\" \/>\n\t<meta name=\"twitter:data2\" content=\"10\u00a0Minuten\" \/>\n<script type=\"application\/ld+json\" class=\"yoast-schema-graph\">{\"@context\":\"https:\\\/\\\/schema.org\",\"@graph\":[{\"@type\":\"Article\",\"@id\":\"https:\\\/\\\/www.heldenhaushalt.de\\\/sari02\\\/index.php\\\/2020\\\/08\\\/22\\\/1000-fragen-an-mich-541-560-was-ich-am-sommer-mag-und-mehr\\\/#article\",\"isPartOf\":{\"@id\":\"https:\\\/\\\/www.heldenhaushalt.de\\\/sari02\\\/index.php\\\/2020\\\/08\\\/22\\\/1000-fragen-an-mich-541-560-was-ich-am-sommer-mag-und-mehr\\\/\"},\"author\":{\"name\":\"Sari\",\"@id\":\"https:\\\/\\\/www.heldenhaushalt.de\\\/sari02\\\/#\\\/schema\\\/person\\\/a1cc69f42a01f412eb62c151353814f6\"},\"headline\":\"1000 Fragen an mich (541-560) &#8211; Was ich am Sommer mag und mehr&#8230;\",\"datePublished\":\"2020-08-22T07:00:09+00:00\",\"mainEntityOfPage\":{\"@id\":\"https:\\\/\\\/www.heldenhaushalt.de\\\/sari02\\\/index.php\\\/2020\\\/08\\\/22\\\/1000-fragen-an-mich-541-560-was-ich-am-sommer-mag-und-mehr\\\/\"},\"wordCount\":1981,\"commentCount\":0,\"publisher\":{\"@id\":\"https:\\\/\\\/www.heldenhaushalt.de\\\/sari02\\\/#\\\/schema\\\/person\\\/a1cc69f42a01f412eb62c151353814f6\"},\"image\":{\"@id\":\"https:\\\/\\\/www.heldenhaushalt.de\\\/sari02\\\/index.php\\\/2020\\\/08\\\/22\\\/1000-fragen-an-mich-541-560-was-ich-am-sommer-mag-und-mehr\\\/#primaryimage\"},\"thumbnailUrl\":\"https:\\\/\\\/www.heldenhaushalt.de\\\/sari02\\\/wp-content\\\/uploads\\\/2020\\\/08\\\/wib34-07.jpg\",\"keywords\":[\"1000 Fragen\",\"Antworten\",\"ausgefragt\",\"\u00dcber mich\",\"Backstage\",\"Fragen\",\"Gedankenwelt\",\"nachdenken\",\"selbstreflektieren\"],\"articleSection\":[\"Blogsph\u00e4re\",\"Gedankenwelt\"],\"inLanguage\":\"de\",\"potentialAction\":[{\"@type\":\"CommentAction\",\"name\":\"Comment\",\"target\":[\"https:\\\/\\\/www.heldenhaushalt.de\\\/sari02\\\/index.php\\\/2020\\\/08\\\/22\\\/1000-fragen-an-mich-541-560-was-ich-am-sommer-mag-und-mehr\\\/#respond\"]}]},{\"@type\":\"WebPage\",\"@id\":\"https:\\\/\\\/www.heldenhaushalt.de\\\/sari02\\\/index.php\\\/2020\\\/08\\\/22\\\/1000-fragen-an-mich-541-560-was-ich-am-sommer-mag-und-mehr\\\/\",\"url\":\"https:\\\/\\\/www.heldenhaushalt.de\\\/sari02\\\/index.php\\\/2020\\\/08\\\/22\\\/1000-fragen-an-mich-541-560-was-ich-am-sommer-mag-und-mehr\\\/\",\"name\":\"1000 Fragen an mich (541-560) - Was ich am Sommer mag und mehr...\",\"isPartOf\":{\"@id\":\"https:\\\/\\\/www.heldenhaushalt.de\\\/sari02\\\/#website\"},\"primaryImageOfPage\":{\"@id\":\"https:\\\/\\\/www.heldenhaushalt.de\\\/sari02\\\/index.php\\\/2020\\\/08\\\/22\\\/1000-fragen-an-mich-541-560-was-ich-am-sommer-mag-und-mehr\\\/#primaryimage\"},\"image\":{\"@id\":\"https:\\\/\\\/www.heldenhaushalt.de\\\/sari02\\\/index.php\\\/2020\\\/08\\\/22\\\/1000-fragen-an-mich-541-560-was-ich-am-sommer-mag-und-mehr\\\/#primaryimage\"},\"thumbnailUrl\":\"https:\\\/\\\/www.heldenhaushalt.de\\\/sari02\\\/wp-content\\\/uploads\\\/2020\\\/08\\\/wib34-07.jpg\",\"datePublished\":\"2020-08-22T07:00:09+00:00\",\"description\":\"Deshalb habe ich mich in den letzten Tagen immer wieder mal den 1000 Fragen nach Feiersun gewidmet, wenn ich Zeit hatte...\",\"breadcrumb\":{\"@id\":\"https:\\\/\\\/www.heldenhaushalt.de\\\/sari02\\\/index.php\\\/2020\\\/08\\\/22\\\/1000-fragen-an-mich-541-560-was-ich-am-sommer-mag-und-mehr\\\/#breadcrumb\"},\"inLanguage\":\"de\",\"potentialAction\":[{\"@type\":\"ReadAction\",\"target\":[\"https:\\\/\\\/www.heldenhaushalt.de\\\/sari02\\\/index.php\\\/2020\\\/08\\\/22\\\/1000-fragen-an-mich-541-560-was-ich-am-sommer-mag-und-mehr\\\/\"]}]},{\"@type\":\"ImageObject\",\"inLanguage\":\"de\",\"@id\":\"https:\\\/\\\/www.heldenhaushalt.de\\\/sari02\\\/index.php\\\/2020\\\/08\\\/22\\\/1000-fragen-an-mich-541-560-was-ich-am-sommer-mag-und-mehr\\\/#primaryimage\",\"url\":\"https:\\\/\\\/www.heldenhaushalt.de\\\/sari02\\\/wp-content\\\/uploads\\\/2020\\\/08\\\/wib34-07.jpg\",\"contentUrl\":\"https:\\\/\\\/www.heldenhaushalt.de\\\/sari02\\\/wp-content\\\/uploads\\\/2020\\\/08\\\/wib34-07.jpg\",\"width\":1000,\"height\":700,\"caption\":\"1000\"},{\"@type\":\"BreadcrumbList\",\"@id\":\"https:\\\/\\\/www.heldenhaushalt.de\\\/sari02\\\/index.php\\\/2020\\\/08\\\/22\\\/1000-fragen-an-mich-541-560-was-ich-am-sommer-mag-und-mehr\\\/#breadcrumb\",\"itemListElement\":[{\"@type\":\"ListItem\",\"position\":1,\"name\":\"Startseite\",\"item\":\"https:\\\/\\\/www.heldenhaushalt.de\\\/sari02\\\/\"},{\"@type\":\"ListItem\",\"position\":2,\"name\":\"1000 Fragen an mich (541-560) &#8211; Was ich am Sommer mag und mehr&#8230;\"}]},{\"@type\":\"WebSite\",\"@id\":\"https:\\\/\\\/www.heldenhaushalt.de\\\/sari02\\\/#website\",\"url\":\"https:\\\/\\\/www.heldenhaushalt.de\\\/sari02\\\/\",\"name\":\"Heldenhaushalt\",\"description\":\"Wer es ordentlich haben will, der muss vorher anrufen\",\"publisher\":{\"@id\":\"https:\\\/\\\/www.heldenhaushalt.de\\\/sari02\\\/#\\\/schema\\\/person\\\/a1cc69f42a01f412eb62c151353814f6\"},\"potentialAction\":[{\"@type\":\"SearchAction\",\"target\":{\"@type\":\"EntryPoint\",\"urlTemplate\":\"https:\\\/\\\/www.heldenhaushalt.de\\\/sari02\\\/?s={search_term_string}\"},\"query-input\":{\"@type\":\"PropertyValueSpecification\",\"valueRequired\":true,\"valueName\":\"search_term_string\"}}],\"inLanguage\":\"de\"},{\"@type\":[\"Person\",\"Organization\"],\"@id\":\"https:\\\/\\\/www.heldenhaushalt.de\\\/sari02\\\/#\\\/schema\\\/person\\\/a1cc69f42a01f412eb62c151353814f6\",\"name\":\"Sari\",\"image\":{\"@type\":\"ImageObject\",\"inLanguage\":\"de\",\"@id\":\"https:\\\/\\\/www.heldenhaushalt.de\\\/sari02\\\/wp-content\\\/uploads\\\/2019\\\/02\\\/sari-april2018.png\",\"url\":\"https:\\\/\\\/www.heldenhaushalt.de\\\/sari02\\\/wp-content\\\/uploads\\\/2019\\\/02\\\/sari-april2018.png\",\"contentUrl\":\"https:\\\/\\\/www.heldenhaushalt.de\\\/sari02\\\/wp-content\\\/uploads\\\/2019\\\/02\\\/sari-april2018.png\",\"width\":500,\"height\":500,\"caption\":\"Sari\"},\"logo\":{\"@id\":\"https:\\\/\\\/www.heldenhaushalt.de\\\/sari02\\\/wp-content\\\/uploads\\\/2019\\\/02\\\/sari-april2018.png\"},\"description\":\"Frau Mondgras \u2013 Das bin ich, Sari. Gerne auch als Sari Mondgras bekannt und im Internet zu finden. 2-Fach-Mutter, Heldenehefrau, Kreativling, Harmonies\u00fcchtig und st\u00e4ndig auf der Suche nach Gl\u00fcck. Ich komme aus Berlin, bin hier aufgewachsen und lebe hier seit ich denken kann.\",\"sameAs\":[\"https:\\\/\\\/www.instagram.com\\\/heldenhaushalt\\\/\"],\"url\":\"https:\\\/\\\/www.heldenhaushalt.de\\\/sari02\\\/index.php\\\/author\\\/admin\\\/\"}]}<\/script>\n<!-- \/ Yoast SEO plugin. -->","yoast_head_json":{"title":"1000 Fragen an mich (541-560) - Was ich am Sommer mag und mehr...","description":"Deshalb habe ich mich in den letzten Tagen immer wieder mal den 1000 Fragen nach Feiersun gewidmet, wenn ich Zeit hatte...","robots":{"index":"index","follow":"follow","max-snippet":"max-snippet:-1","max-image-preview":"max-image-preview:large","max-video-preview":"max-video-preview:-1"},"canonical":"https:\/\/www.heldenhaushalt.de\/sari02\/index.php\/2020\/08\/22\/1000-fragen-an-mich-541-560-was-ich-am-sommer-mag-und-mehr\/","og_locale":"de_DE","og_type":"article","og_title":"1000 Fragen an mich (541-560) - Was ich am Sommer mag und mehr...","og_description":"Deshalb habe ich mich in den letzten Tagen immer wieder mal den 1000 Fragen nach Feiersun gewidmet, wenn ich Zeit hatte...","og_url":"https:\/\/www.heldenhaushalt.de\/sari02\/index.php\/2020\/08\/22\/1000-fragen-an-mich-541-560-was-ich-am-sommer-mag-und-mehr\/","og_site_name":"Heldenhaushalt","article_published_time":"2020-08-22T07:00:09+00:00","og_image":[{"width":1000,"height":700,"url":"https:\/\/www.heldenhaushalt.de\/sari02\/wp-content\/uploads\/2020\/08\/wib34-07.jpg","type":"image\/jpeg"}],"author":"Sari","twitter_card":"summary_large_image","twitter_creator":"@Heldenhaushalt","twitter_site":"@Heldenhaushalt","twitter_misc":{"Verfasst von":"Sari","Gesch\u00e4tzte Lesezeit":"10\u00a0Minuten"},"schema":{"@context":"https:\/\/schema.org","@graph":[{"@type":"Article","@id":"https:\/\/www.heldenhaushalt.de\/sari02\/index.php\/2020\/08\/22\/1000-fragen-an-mich-541-560-was-ich-am-sommer-mag-und-mehr\/#article","isPartOf":{"@id":"https:\/\/www.heldenhaushalt.de\/sari02\/index.php\/2020\/08\/22\/1000-fragen-an-mich-541-560-was-ich-am-sommer-mag-und-mehr\/"},"author":{"name":"Sari","@id":"https:\/\/www.heldenhaushalt.de\/sari02\/#\/schema\/person\/a1cc69f42a01f412eb62c151353814f6"},"headline":"1000 Fragen an mich (541-560) &#8211; Was ich am Sommer mag und mehr&#8230;","datePublished":"2020-08-22T07:00:09+00:00","mainEntityOfPage":{"@id":"https:\/\/www.heldenhaushalt.de\/sari02\/index.php\/2020\/08\/22\/1000-fragen-an-mich-541-560-was-ich-am-sommer-mag-und-mehr\/"},"wordCount":1981,"commentCount":0,"publisher":{"@id":"https:\/\/www.heldenhaushalt.de\/sari02\/#\/schema\/person\/a1cc69f42a01f412eb62c151353814f6"},"image":{"@id":"https:\/\/www.heldenhaushalt.de\/sari02\/index.php\/2020\/08\/22\/1000-fragen-an-mich-541-560-was-ich-am-sommer-mag-und-mehr\/#primaryimage"},"thumbnailUrl":"https:\/\/www.heldenhaushalt.de\/sari02\/wp-content\/uploads\/2020\/08\/wib34-07.jpg","keywords":["1000 Fragen","Antworten","ausgefragt","\u00dcber mich","Backstage","Fragen","Gedankenwelt","nachdenken","selbstreflektieren"],"articleSection":["Blogsph\u00e4re","Gedankenwelt"],"inLanguage":"de","potentialAction":[{"@type":"CommentAction","name":"Comment","target":["https:\/\/www.heldenhaushalt.de\/sari02\/index.php\/2020\/08\/22\/1000-fragen-an-mich-541-560-was-ich-am-sommer-mag-und-mehr\/#respond"]}]},{"@type":"WebPage","@id":"https:\/\/www.heldenhaushalt.de\/sari02\/index.php\/2020\/08\/22\/1000-fragen-an-mich-541-560-was-ich-am-sommer-mag-und-mehr\/","url":"https:\/\/www.heldenhaushalt.de\/sari02\/index.php\/2020\/08\/22\/1000-fragen-an-mich-541-560-was-ich-am-sommer-mag-und-mehr\/","name":"1000 Fragen an mich (541-560) - Was ich am Sommer mag und mehr...","isPartOf":{"@id":"https:\/\/www.heldenhaushalt.de\/sari02\/#website"},"primaryImageOfPage":{"@id":"https:\/\/www.heldenhaushalt.de\/sari02\/index.php\/2020\/08\/22\/1000-fragen-an-mich-541-560-was-ich-am-sommer-mag-und-mehr\/#primaryimage"},"image":{"@id":"https:\/\/www.heldenhaushalt.de\/sari02\/index.php\/2020\/08\/22\/1000-fragen-an-mich-541-560-was-ich-am-sommer-mag-und-mehr\/#primaryimage"},"thumbnailUrl":"https:\/\/www.heldenhaushalt.de\/sari02\/wp-content\/uploads\/2020\/08\/wib34-07.jpg","datePublished":"2020-08-22T07:00:09+00:00","description":"Deshalb habe ich mich in den letzten Tagen immer wieder mal den 1000 Fragen nach Feiersun gewidmet, wenn ich Zeit hatte...","breadcrumb":{"@id":"https:\/\/www.heldenhaushalt.de\/sari02\/index.php\/2020\/08\/22\/1000-fragen-an-mich-541-560-was-ich-am-sommer-mag-und-mehr\/#breadcrumb"},"inLanguage":"de","potentialAction":[{"@type":"ReadAction","target":["https:\/\/www.heldenhaushalt.de\/sari02\/index.php\/2020\/08\/22\/1000-fragen-an-mich-541-560-was-ich-am-sommer-mag-und-mehr\/"]}]},{"@type":"ImageObject","inLanguage":"de","@id":"https:\/\/www.heldenhaushalt.de\/sari02\/index.php\/2020\/08\/22\/1000-fragen-an-mich-541-560-was-ich-am-sommer-mag-und-mehr\/#primaryimage","url":"https:\/\/www.heldenhaushalt.de\/sari02\/wp-content\/uploads\/2020\/08\/wib34-07.jpg","contentUrl":"https:\/\/www.heldenhaushalt.de\/sari02\/wp-content\/uploads\/2020\/08\/wib34-07.jpg","width":1000,"height":700,"caption":"1000"},{"@type":"BreadcrumbList","@id":"https:\/\/www.heldenhaushalt.de\/sari02\/index.php\/2020\/08\/22\/1000-fragen-an-mich-541-560-was-ich-am-sommer-mag-und-mehr\/#breadcrumb","itemListElement":[{"@type":"ListItem","position":1,"name":"Startseite","item":"https:\/\/www.heldenhaushalt.de\/sari02\/"},{"@type":"ListItem","position":2,"name":"1000 Fragen an mich (541-560) &#8211; Was ich am Sommer mag und mehr&#8230;"}]},{"@type":"WebSite","@id":"https:\/\/www.heldenhaushalt.de\/sari02\/#website","url":"https:\/\/www.heldenhaushalt.de\/sari02\/","name":"Heldenhaushalt","description":"Wer es ordentlich haben will, der muss vorher anrufen","publisher":{"@id":"https:\/\/www.heldenhaushalt.de\/sari02\/#\/schema\/person\/a1cc69f42a01f412eb62c151353814f6"},"potentialAction":[{"@type":"SearchAction","target":{"@type":"EntryPoint","urlTemplate":"https:\/\/www.heldenhaushalt.de\/sari02\/?s={search_term_string}"},"query-input":{"@type":"PropertyValueSpecification","valueRequired":true,"valueName":"search_term_string"}}],"inLanguage":"de"},{"@type":["Person","Organization"],"@id":"https:\/\/www.heldenhaushalt.de\/sari02\/#\/schema\/person\/a1cc69f42a01f412eb62c151353814f6","name":"Sari","image":{"@type":"ImageObject","inLanguage":"de","@id":"https:\/\/www.heldenhaushalt.de\/sari02\/wp-content\/uploads\/2019\/02\/sari-april2018.png","url":"https:\/\/www.heldenhaushalt.de\/sari02\/wp-content\/uploads\/2019\/02\/sari-april2018.png","contentUrl":"https:\/\/www.heldenhaushalt.de\/sari02\/wp-content\/uploads\/2019\/02\/sari-april2018.png","width":500,"height":500,"caption":"Sari"},"logo":{"@id":"https:\/\/www.heldenhaushalt.de\/sari02\/wp-content\/uploads\/2019\/02\/sari-april2018.png"},"description":"Frau Mondgras \u2013 Das bin ich, Sari. Gerne auch als Sari Mondgras bekannt und im Internet zu finden. 2-Fach-Mutter, Heldenehefrau, Kreativling, Harmonies\u00fcchtig und st\u00e4ndig auf der Suche nach Gl\u00fcck. Ich komme aus Berlin, bin hier aufgewachsen und lebe hier seit ich denken kann.","sameAs":["https:\/\/www.instagram.com\/heldenhaushalt\/"],"url":"https:\/\/www.heldenhaushalt.de\/sari02\/index.php\/author\/admin\/"}]}},"views":1911,"_links":{"self":[{"href":"https:\/\/www.heldenhaushalt.de\/sari02\/index.php\/wp-json\/wp\/v2\/posts\/49718","targetHints":{"allow":["GET"]}}],"collection":[{"href":"https:\/\/www.heldenhaushalt.de\/sari02\/index.php\/wp-json\/wp\/v2\/posts"}],"about":[{"href":"https:\/\/www.heldenhaushalt.de\/sari02\/index.php\/wp-json\/wp\/v2\/types\/post"}],"author":[{"embeddable":true,"href":"https:\/\/www.heldenhaushalt.de\/sari02\/index.php\/wp-json\/wp\/v2\/users\/1"}],"replies":[{"embeddable":true,"href":"https:\/\/www.heldenhaushalt.de\/sari02\/index.php\/wp-json\/wp\/v2\/comments?post=49718"}],"version-history":[{"count":4,"href":"https:\/\/www.heldenhaushalt.de\/sari02\/index.php\/wp-json\/wp\/v2\/posts\/49718\/revisions"}],"predecessor-version":[{"id":49727,"href":"https:\/\/www.heldenhaushalt.de\/sari02\/index.php\/wp-json\/wp\/v2\/posts\/49718\/revisions\/49727"}],"wp:featuredmedia":[{"embeddable":true,"href":"https:\/\/www.heldenhaushalt.de\/sari02\/index.php\/wp-json\/wp\/v2\/media\/49600"}],"wp:attachment":[{"href":"https:\/\/www.heldenhaushalt.de\/sari02\/index.php\/wp-json\/wp\/v2\/media?parent=49718"}],"wp:term":[{"taxonomy":"category","embeddable":true,"href":"https:\/\/www.heldenhaushalt.de\/sari02\/index.php\/wp-json\/wp\/v2\/categories?post=49718"},{"taxonomy":"post_tag","embeddable":true,"href":"https:\/\/www.heldenhaushalt.de\/sari02\/index.php\/wp-json\/wp\/v2\/tags?post=49718"}],"curies":[{"name":"wp","href":"https:\/\/api.w.org\/{rel}","templated":true}]}}