{"id":50575,"date":"2020-11-13T10:40:38","date_gmt":"2020-11-13T09:40:38","guid":{"rendered":"https:\/\/www.heldenhaushalt.de\/sari02\/?p=50575"},"modified":"2020-11-13T10:40:38","modified_gmt":"2020-11-13T09:40:38","slug":"unsere-gluecksmomente-462020-ist-das-alles-verrueckt","status":"publish","type":"post","link":"https:\/\/www.heldenhaushalt.de\/sari02\/index.php\/2020\/11\/13\/unsere-gluecksmomente-462020-ist-das-alles-verrueckt\/","title":{"rendered":"Unsere Gl&#252;cksmomente 46\/2020 &#8211; Ist das alles verr&#252;ckt?!"},"content":{"rendered":"<p style=\"text-align: right;\"><small>Enth&#228;lt (unbezahlte) Werbung*<\/small><\/p>\n<p>Lasst uns doch nochmal &#252;ber diesen Lockdown-Light sprechen. Nur ganz kurz, bevor wir uns auf die Gl&#252;cksmomente in dieser Woche konzentrieren. Genauer gesagt w&#252;rde mich mal interessieren, wie es euren Kindern derzeit damit geht. Wurden bei euch schon Klassen nach Hause geschickt, eure Kita geschlossen oder seid ihr sogar schon in Isolation oder gar Quarant&#228;ne gewesen? Wie ging es euch und euren Kindern damit? Man sp&#252;rt hier derzeit, wie es immer n&#228;her und n&#228;her kommt, wie es uns mehr und mehr auf die Pelle r&#252;ckt und ich merke das vor allem am gro&#223;en Sohn, weil er wirklich langsam Angst bekommt und abends manchmal schwer einschl&#228;ft. Jedes Nasen jucken, jedes leichte Kratzen im Hals l&#228;sst ihn schon Angst haben, dass er es nun auch haben k&#246;nnte. Das schmerzt und ich bin dankbar, dass wir doch die meiste Zeit des Tages abgelenkt sind durch Schule, Alltag, sch&#246;ne B&#252;cher oder kuschelige Momente. So kleine Gl&#252;cksmomente halt, die das alles ertr&#228;glicher gestalten.<\/p>\n<p>Gestern war es wieder soweit. Gestern wurde die Schule des gro&#223;en Sohnes f&#252;r die kommende Woche neu eingestuft und erfreulicher Weise ist es an der Schule wohl noch so gut, dass sie weiterhin auf Gelb bleiben darf. Was im Groben so viel hei&#223;t wie weiterhin AHA praktizieren (also Abstand, Hygiene und Alltagsmaske), wobei die Masken bei den J&#252;ngeren erst zu Unterrichtsbeginn und bei den &#228;lteren gar nicht im Unterricht abgenommen werden d&#252;rfen. Nun gut&#8230; Erz&#228;hlt mir doch gerne mal ein bisschen in den Kommentaren, wie es bei euch derzeit so ist.<\/p>\n<h2>Unsere Gl&#252;cksmomente in dieser Woche&#8230;<\/h2>\n<p><img loading=\"lazy\" decoding=\"async\" class=\"alignnone size-full wp-image-50576\" src=\"https:\/\/www.heldenhaushalt.de\/sari02\/wp-content\/uploads\/2020\/11\/46-01.jpg\" alt=\"Gl&#252;cksmomente\" width=\"1000\" height=\"689\" srcset=\"https:\/\/www.heldenhaushalt.de\/sari02\/wp-content\/uploads\/2020\/11\/46-01.jpg 1000w, https:\/\/www.heldenhaushalt.de\/sari02\/wp-content\/uploads\/2020\/11\/46-01-300x207.jpg 300w, https:\/\/www.heldenhaushalt.de\/sari02\/wp-content\/uploads\/2020\/11\/46-01-768x529.jpg 768w\" sizes=\"auto, (max-width: 1000px) 100vw, 1000px\" \/><\/p>\n<p><strong>01. K&#252;chenexperimente &#8211;<\/strong> Mal wieder habe ich rumprobiert. Wir sind diese Woche etwas sp&#228;ter einkaufen gegangen, da wir noch viele Reste zu Hause hatten, die wir erst einmal verbrauchen wollten. Da der gro&#223;e Sohn aktuell irgendwie nicht so gerne Banane mit in die Schule nahm, hatten wir noch zwei davon inzwischen sehr braun und weich in der Obstschale liegen. Also holte ich mal wieder meinen Smoothie-Maker hervor und probierte etwas aus. Um die Banane n&#228;mlich in einen Obstsalat zu matschen, war sie definitiv zu&#8230; nennen wir es mal unbrauchbar. Also kam sie nun in den Smoothie Maker zusammen mit zwei gro&#223;en L&#246;ffeln Himbeer-Skyr (den ich auch das erste Mal zum Probieren gekauft hatte). Zusammen wurde das ordentlich durchgemixt in eine Sch&#252;ssel gegeben und dann mit Weintrauben und Apfel sowie etwas kernigen Haferflocken aufgepimt. &#220;berraschend lecker war das ganze, so dass der Mann es sich direkt auch nochmal zum Fr&#252;hst&#252;ck machte.<\/p>\n<p><img loading=\"lazy\" decoding=\"async\" class=\"alignnone size-full wp-image-50577\" src=\"https:\/\/www.heldenhaushalt.de\/sari02\/wp-content\/uploads\/2020\/11\/46-02.jpg\" alt=\"Gl&#252;cksmomente\" width=\"1000\" height=\"769\" srcset=\"https:\/\/www.heldenhaushalt.de\/sari02\/wp-content\/uploads\/2020\/11\/46-02.jpg 1000w, https:\/\/www.heldenhaushalt.de\/sari02\/wp-content\/uploads\/2020\/11\/46-02-300x231.jpg 300w, https:\/\/www.heldenhaushalt.de\/sari02\/wp-content\/uploads\/2020\/11\/46-02-768x591.jpg 768w\" sizes=\"auto, (max-width: 1000px) 100vw, 1000px\" \/><\/p>\n<p><strong>02. Die Haarfrage in einem Bild verewigt &#8211;<\/strong> Ich will gar nicht all zu viel zu diesem Gl&#252;cksmoment noch einmal sagen, da es dazu ja schon einen recht <a href=\"https:\/\/www.heldenhaushalt.de\/sari02\/index.php\/2020\/11\/11\/rote-haare-creadienstag\/\">ausf&#252;hrlichen Beitrag gab<\/a>, dennoch geh&#246;rt das zu meinen Highlights der Woche. Einfach ein paar Stunden Zeit nehmen, um Gedanken auf Papier zu bringen. Aber eben nicht in geschriebener, sondern in gemalter Form. Dunkler geworden als geplant, aber immerhin.<\/p>\n<p><img loading=\"lazy\" decoding=\"async\" class=\"alignnone size-full wp-image-50578\" src=\"https:\/\/www.heldenhaushalt.de\/sari02\/wp-content\/uploads\/2020\/11\/46-03.jpg\" alt=\"Gl&#252;cksmomente\" width=\"1000\" height=\"716\" srcset=\"https:\/\/www.heldenhaushalt.de\/sari02\/wp-content\/uploads\/2020\/11\/46-03.jpg 1000w, https:\/\/www.heldenhaushalt.de\/sari02\/wp-content\/uploads\/2020\/11\/46-03-300x215.jpg 300w, https:\/\/www.heldenhaushalt.de\/sari02\/wp-content\/uploads\/2020\/11\/46-03-768x550.jpg 768w\" sizes=\"auto, (max-width: 1000px) 100vw, 1000px\" \/><\/p>\n<p><strong>03. Ich lerne auch ein bisschen &#8211;<\/strong> Mit diesen Worte kramte der kleine Sohn am Mittwoch seinen Minil&#252;k Kasten nach einer Ewigkeit mal wieder hervor und verbrachte &#252;ber eine Stunde damit die R&#228;tsel zu l&#246;sen. Sein gro&#223;er Bruder sa&#223; n&#228;mlich am Esstisch und lernte f&#252;r einen Mathetest. Ein wenig f&#252;hlte ich mich an <a href=\"https:\/\/www.heldenhaushalt.de\/sari02\/index.php\/2020\/04\/18\/5-wochen-corona-ferien-wie-geht-es-uns-derzeit\/\">die Homeschooling-Zeit im Fr&#252;hling<\/a> erinnert, wo der kleine Sohn immer ebenfalls ein bisschen &#8220;Schule&#8221; machen wollte. Ob wir das nun demn&#228;chst wieder vermehrt haben werden? Ich bef&#252;rchte ja schon, dass es dazu kommen wird. Aber ich finde es sch&#246;n, dass der kleine Sohn sich aus eigenem Antrieb an solche Sachen setzt.<\/p>\n<p><img loading=\"lazy\" decoding=\"async\" class=\"alignnone size-full wp-image-50581\" src=\"https:\/\/www.heldenhaushalt.de\/sari02\/wp-content\/uploads\/2020\/11\/46-06.jpg\" alt=\"Gl&#252;cksmomente\" width=\"1000\" height=\"716\" srcset=\"https:\/\/www.heldenhaushalt.de\/sari02\/wp-content\/uploads\/2020\/11\/46-06.jpg 1000w, https:\/\/www.heldenhaushalt.de\/sari02\/wp-content\/uploads\/2020\/11\/46-06-300x215.jpg 300w, https:\/\/www.heldenhaushalt.de\/sari02\/wp-content\/uploads\/2020\/11\/46-06-768x550.jpg 768w\" sizes=\"auto, (max-width: 1000px) 100vw, 1000px\" \/><\/p>\n<p><strong>04. Gro&#223;eltern-Geschenke &#8211;<\/strong> Noch so ein sch&#246;ner Zeitvertreib f&#252;r den kleinen Sohn ist derzeit ein Spiel, was ihm Oma und Opa vom Einkaufen mitgebracht haben. Dadurch erlebt der <a href=\"https:\/\/www.amazon.de\/gp\/product\/B07B42MGPG\/ref=as_li_tl?ie=UTF8&amp;camp=1638&amp;creative=6742&amp;creativeASIN=B07B42MGPG&amp;linkCode=as2&amp;tag=mondgrasde-21&amp;linkId=a2d8f73d005bbbaa030bdf568d4b1579\" target=\"_blank\" rel=\"nofollow noopener noreferrer\">Tip Toi Stift<\/a> <small>(Affiliate Link)<\/small> nun auch mal wieder ein kleines Hoch, wo ich zwischenzeitlich schon &#252;berlegt hatte, ob er &#252;berhaupt nochmal Verwendung finden w&#252;rde. Aber ganz alleine verstand der Sohn, wie alles aufgebaut und gespielt werden musste und sa&#223; ewig am Boden und spielte das <a href=\"https:\/\/www.amazon.de\/gp\/product\/B077TMPQ2M\/ref=as_li_tl?ie=UTF8&amp;camp=1638&amp;creative=6742&amp;creativeASIN=B077TMPQ2M&amp;linkCode=as2&amp;tag=mondgrasde-21&amp;linkId=3be4f8fba3e06c036cd06084e3a49419\" target=\"_blank\" rel=\"nofollow noopener noreferrer\">Bauernhof Spiel<\/a> <small>(Affiliate Link)<\/small>, so dass wir nun auch alle B&#252;cher noch einmal hervor holten und in die spannenden Welten eintauchen. Perfekt f&#252;r die grauen Tage, die es diese Woche auch gab.<\/p>\n<p><img loading=\"lazy\" decoding=\"async\" class=\"alignnone wp-image-50582 size-full\" src=\"https:\/\/www.heldenhaushalt.de\/sari02\/wp-content\/uploads\/2020\/11\/46-07.jpg\" alt=\"Laufen\" width=\"1000\" height=\"688\" srcset=\"https:\/\/www.heldenhaushalt.de\/sari02\/wp-content\/uploads\/2020\/11\/46-07.jpg 1000w, https:\/\/www.heldenhaushalt.de\/sari02\/wp-content\/uploads\/2020\/11\/46-07-300x206.jpg 300w, https:\/\/www.heldenhaushalt.de\/sari02\/wp-content\/uploads\/2020\/11\/46-07-768x528.jpg 768w\" sizes=\"auto, (max-width: 1000px) 100vw, 1000px\" \/><\/p>\n<p><strong>05. Runde um Runde um Runde &#8211;<\/strong> Ich lief und lief und lief&#8230; Runde um Runde&#8230; 11 St&#252;ck waren es am Ende insgesamt und damit ungef&#228;hr 4,5 km in 28 Minuten. Yeahi! Und das, obwohl mir <a href=\"https:\/\/www.heldenhaushalt.de\/sari02\/index.php\/2020\/11\/09\/unser-wib-am-07-08-10-2020\/\">nach dem 6 km Lauf letzten Sonntag<\/a> echt noch so einige Muskelpartien weh taten. Ich bekomme beim Laufen derzeit jedoch vor allem eines: Super Luft! Und ich glaube die Beinmuskulatur hat auch sehr von dem vielen Radfahren in letzter Zeit profitiert. Grunds&#228;tzlich muss ich n&#228;mlich sagen, dass ich ganz gut voran komme beim Laufen derzeit. Auch die Grundeinstellung hat sich ge&#228;ndert. Ich habe aufgeh&#246;rt auf die Zeit zu schauen. &#8220;Wer schnell laufen will muss erstmal langsam laufen k&#246;nnen&#8221; sagte mir vor einiger Zeit jemand und seitdem ich mir das zu Herzen nehme, habe ich eine gute und Konstante Zeit trotz langer Laufpausen zwischendurch, finde ich. Man muss allerdings dazu sagen, dass die Luft aktuell auch ideal zum Laufen ist. Findet ihr nicht? Die Qualit&#228;t des Fotos ist nat&#252;rlich der gr&#246;&#223;te Mist. Aufgenommen in der App, kleines Format und schlechtes Licht. F&#252;r mehr Realit&#228;t usw&#8230; nicht wahr. Stolz bin ich dennoch!<\/p>\n<h2>Unsere Lieblinge aus der Blogsph&#228;re!<\/h2>\n<p><img loading=\"lazy\" decoding=\"async\" class=\"alignnone size-full wp-image-50579\" src=\"https:\/\/www.heldenhaushalt.de\/sari02\/wp-content\/uploads\/2020\/11\/46-04.jpg\" alt=\"Gl&#252;cksmomente\" width=\"1000\" height=\"717\" srcset=\"https:\/\/www.heldenhaushalt.de\/sari02\/wp-content\/uploads\/2020\/11\/46-04.jpg 1000w, https:\/\/www.heldenhaushalt.de\/sari02\/wp-content\/uploads\/2020\/11\/46-04-300x215.jpg 300w, https:\/\/www.heldenhaushalt.de\/sari02\/wp-content\/uploads\/2020\/11\/46-04-768x551.jpg 768w\" sizes=\"auto, (max-width: 1000px) 100vw, 1000px\" \/><\/p>\n<p>Am Mittwoch schwelgte ich ein wenig in Erinnerungen. Ich wurde n&#228;mlich auf Instagram markiert mit der Frage nach meinem allersten Funko *lach*. Wisst ihr, was verr&#252;ckt ist? Ich bin echt davon ausgegangen, dass mein erster Funko aus dem Harry Potter Universum stammt. Als ich die Figuren jedoch so durchging wurde mir klar, dass dem gar nicht so war. Tats&#228;chlich ist der kleine Groot mein erster gewesen, den der Mann mir damals schenkte, als wir f&#252;r einen Bekannten einen Shopgutschein kaufen wollten. S&#252;&#223; ist er allemal, findet ihr nicht?<\/p>\n<p>Wie dem auch sei. Das war jetzt ein kurzer Einblick in mein Social-Media Leben, nun schauen wir noch einmal kurz in die Blogsph&#228;re und auf die sch&#246;nen Ideen und Gl&#252;cksmomente, die andere mit uns geteilt haben: <a href=\"https:\/\/www.sabine-seyffert.de\/blog\/?p=17738\" target=\"_blank\" rel=\"noopener noreferrer\">Adventskalender aus Klorollen<\/a> &#8211; <a href=\"https:\/\/funkelfaden.de\/adventskranz-im-glas-basteln-4-adventslichter\/\" target=\"_blank\" rel=\"noopener noreferrer\">Adventskranz im Glas<\/a> &#8211; <a href=\"https:\/\/quatsch-matsch.de\/weihnachtskranz-aus-papierstrohhalmen-basteln-zur-weihnachtszeit\/\" target=\"_blank\" rel=\"noopener noreferrer\">Weihnachtskranz aus Papierstrohhalmen<\/a> &#8211; <a href=\"https:\/\/mamaskind.de\/lifestyle\/anleitung-lebkuchenhaus-mit-kindern-basteln\/\" target=\"_blank\" rel=\"noopener noreferrer\">Lebkuchenhaus mit Kindern basteln<\/a> &#8211; <a href=\"https:\/\/quatsch-matsch.de\/rudolph-das-rentier-aus-papptellern-basteln-basteln-fuer-den-advent\/\" target=\"_blank\" rel=\"noopener noreferrer\">Rudolph das Rentier aus Papptellern<\/a> &#8211; <a href=\"https:\/\/funkelfaden.de\/teebeutel-naehen-nachhaltige-naehideen\/\" target=\"_blank\" rel=\"noopener noreferrer\">Teebeutel n&#228;hen<\/a>.<\/p>\n<p>Und? Was waren eure Gl&#252;cksmomente die Woche?<br \/>\nNun mal sehen, was das Wochenende f&#252;r uns bereit h&#228;lt. Die Kinder wollen nun auf jeden Fall mit ihren Wunschzetteln anfangen und der kleine Sohn &#8220;muss&#8221; ja auch noch einen f&#252;r seinen Geburtstag basteln. Aufregend das alles. Vor allem f&#252;r die Kinder und vor allem in Hinblick darauf, dass noch gar nicht klar ist, wie das alles dieses Jahr wohl laufen wird. Ich habe da etwas von Kontakteinschr&#228;nkungen &#252;ber die Weihnachtszeit hinaus gelesen&#8230;<\/p>\n<p>In dem Sinne&#8230;.<\/p>\n<p><small>Gelistet bei&nbsp;<a href=\"https:\/\/feinslieb.net\/\" target=\"_blank\" rel=\"noopener noreferrer\">feinslieb<\/a><\/small><\/p>\n<p><small>*<strong>Anmerkung:<\/strong>&nbsp;Der Artikel &#252;ber unsere Gl&#252;cksmomente enth&#228;lt evtl. Bilder mit Produkten, die wir in unserem Alltag nutzen oder Linkempfehlungen. Wir haben keine Bezahlung f&#252;r das Zeigen oder Nutzen derselbigen erhalten. Affiliate Links sind als solche markiert.<\/small><\/p>\n","protected":false},"excerpt":{"rendered":"<p>Enth&#228;lt (unbezahlte) Werbung* Lasst uns doch nochmal &#252;ber diesen Lockdown-Light sprechen. Nur ganz kurz, bevor wir uns auf die Gl&#252;cksmomente in dieser Woche konzentrieren. Genauer gesagt w&#252;rde mich mal interessieren, wie es euren Kindern derzeit damit geht. Wurden bei euch schon Klassen nach Hause geschickt, eure Kita geschlossen oder seid ihr sogar schon in Isolation oder gar Quarant&#228;ne gewesen? Wie ging es euch und euren Kindern damit? Man sp&#252;rt hier derzeit, wie es immer n&#228;her und n&#228;her kommt, wie es uns mehr und mehr auf die Pelle r&#252;ckt und ich merke das vor allem am gro&#223;en Sohn, weil er wirklich langsam Angst bekommt und abends manchmal schwer einschl&#228;ft. Jedes Nasen jucken, jedes leichte Kratzen im Hals l&#228;sst ihn schon Angst haben, dass er es nun auch haben k&#246;nnte. Das schmerzt und ich bin dankbar, dass wir doch die meiste Zeit des Tages abgelenkt sind durch Schule, Alltag, sch&#246;ne B&#252;cher oder kuschelige Momente. So kleine Gl&#252;cksmomente halt, die das alles ertr&#228;glicher gestalten. Gestern war es wieder soweit. Gestern wurde die Schule des gro&#223;en Sohnes f&#252;r die kommende Woche neu eingestuft und erfreulicher Weise ist es an der Schule wohl noch so gut, dass sie weiterhin auf Gelb bleiben darf. Was im Groben so viel hei&#223;t wie weiterhin AHA praktizieren (also Abstand, Hygiene und Alltagsmaske), wobei die Masken bei den J&#252;ngeren erst zu Unterrichtsbeginn und bei den &#228;lteren gar nicht im Unterricht abgenommen werden d&#252;rfen. Nun gut&#8230; Erz&#228;hlt mir doch gerne mal ein bisschen in den Kommentaren, wie es bei euch derzeit so ist. Unsere Gl&#252;cksmomente in dieser Woche&#8230; 01. K&#252;chenexperimente &#8211; Mal wieder habe ich rumprobiert. Wir sind diese Woche etwas sp&#228;ter einkaufen gegangen, da wir noch viele Reste zu Hause hatten, die wir erst einmal verbrauchen wollten. Da der gro&#223;e Sohn aktuell irgendwie nicht so gerne Banane mit in die Schule nahm, hatten wir noch zwei davon inzwischen sehr braun und weich in der Obstschale liegen. Also holte ich mal wieder meinen Smoothie-Maker hervor und probierte etwas aus. Um die Banane n&#228;mlich in einen Obstsalat zu matschen, war sie definitiv zu&#8230; nennen wir es mal unbrauchbar. Also kam sie nun in den Smoothie Maker zusammen mit zwei gro&#223;en L&#246;ffeln Himbeer-Skyr (den ich auch das erste Mal zum Probieren gekauft hatte). Zusammen wurde das ordentlich durchgemixt in eine Sch&#252;ssel gegeben und dann mit Weintrauben und Apfel sowie etwas kernigen Haferflocken aufgepimt. &#220;berraschend lecker war das ganze, so dass der Mann es sich direkt auch nochmal zum Fr&#252;hst&#252;ck machte. 02. Die Haarfrage in einem Bild verewigt &#8211; Ich will gar nicht all zu viel zu diesem Gl&#252;cksmoment noch einmal sagen, da es dazu ja schon einen recht ausf&#252;hrlichen Beitrag gab, dennoch geh&#246;rt das zu meinen Highlights der Woche. Einfach ein paar Stunden Zeit nehmen, um Gedanken auf Papier zu bringen. Aber eben nicht in geschriebener, sondern in gemalter Form. Dunkler geworden als geplant, aber immerhin. 03. Ich lerne auch ein bisschen &#8211; Mit diesen Worte kramte der kleine Sohn am Mittwoch seinen Minil&#252;k Kasten nach einer Ewigkeit mal wieder hervor und verbrachte &#252;ber eine Stunde damit die R&#228;tsel zu l&#246;sen. Sein gro&#223;er Bruder sa&#223; n&#228;mlich am Esstisch und lernte f&#252;r einen Mathetest. Ein wenig f&#252;hlte ich mich an die Homeschooling-Zeit im Fr&#252;hling erinnert, wo der kleine Sohn immer ebenfalls ein bisschen &#8220;Schule&#8221; machen wollte. Ob wir das nun demn&#228;chst wieder vermehrt haben werden? Ich bef&#252;rchte ja schon, dass es dazu kommen wird. Aber ich finde es sch&#246;n, dass der kleine Sohn sich aus eigenem Antrieb an solche Sachen setzt. 04. Gro&#223;eltern-Geschenke &#8211; Noch so ein sch&#246;ner Zeitvertreib f&#252;r den kleinen Sohn ist derzeit ein Spiel, was ihm Oma und Opa vom Einkaufen mitgebracht haben. Dadurch erlebt der Tip Toi Stift (Affiliate Link) nun auch mal wieder ein kleines Hoch, wo ich zwischenzeitlich schon &#252;berlegt hatte, ob er &#252;berhaupt nochmal Verwendung finden w&#252;rde. Aber ganz alleine verstand der Sohn, wie alles aufgebaut und gespielt werden musste und sa&#223; ewig am Boden und spielte das Bauernhof Spiel (Affiliate Link), so dass wir nun auch alle B&#252;cher noch einmal hervor holten und in die spannenden Welten eintauchen. Perfekt f&#252;r die grauen Tage, die es diese Woche auch gab. 05. Runde um Runde um Runde &#8211; Ich lief und lief und lief&#8230; Runde um Runde&#8230; 11 St&#252;ck waren es am Ende insgesamt und damit ungef&#228;hr 4,5 km in 28 Minuten. Yeahi! Und das, obwohl mir nach dem 6 km Lauf letzten Sonntag echt noch so einige Muskelpartien weh taten. Ich bekomme beim Laufen derzeit jedoch vor allem eines: Super Luft! Und ich glaube die Beinmuskulatur hat auch sehr von dem vielen Radfahren in letzter Zeit profitiert. Grunds&#228;tzlich muss ich n&#228;mlich sagen, dass ich ganz gut voran komme beim Laufen derzeit. Auch die Grundeinstellung hat sich ge&#228;ndert. Ich habe aufgeh&#246;rt auf die Zeit zu schauen. &#8220;Wer schnell laufen will muss erstmal langsam laufen k&#246;nnen&#8221; sagte mir vor einiger Zeit jemand und seitdem ich mir das zu Herzen nehme, habe ich eine gute und Konstante Zeit trotz langer Laufpausen zwischendurch, finde ich. Man muss allerdings dazu sagen, dass die Luft aktuell auch ideal zum Laufen ist. Findet ihr nicht? Die Qualit&#228;t des Fotos ist nat&#252;rlich der gr&#246;&#223;te Mist. Aufgenommen in der App, kleines Format und schlechtes Licht. F&#252;r mehr Realit&#228;t usw&#8230; nicht wahr. Stolz bin ich dennoch! Unsere Lieblinge aus der Blogsph&#228;re! Am Mittwoch schwelgte ich ein wenig in Erinnerungen. Ich wurde n&#228;mlich auf Instagram markiert mit der Frage nach meinem allersten Funko *lach*. Wisst ihr, was verr&#252;ckt ist? Ich bin echt davon ausgegangen, dass mein erster Funko aus dem Harry Potter Universum stammt. Als ich die Figuren jedoch so durchging wurde mir klar, dass dem gar nicht so war. Tats&#228;chlich ist der kleine Groot mein erster gewesen, den der Mann mir damals schenkte, als wir f&#252;r einen Bekannten einen Shopgutschein kaufen wollten. S&#252;&#223; ist er allemal, findet ihr nicht? Wie dem auch sei. Das war jetzt ein kurzer Einblick in mein Social-Media Leben, nun schauen wir noch einmal kurz in die Blogsph&#228;re und auf die sch&#246;nen Ideen und Gl&#252;cksmomente, die andere mit uns geteilt haben: Adventskalender aus Klorollen &#8211; Adventskranz im Glas &#8211; Weihnachtskranz aus Papierstrohhalmen &#8211; Lebkuchenhaus mit Kindern basteln &#8211; Rudolph das Rentier aus Papptellern &#8211; Teebeutel n&#228;hen. Und? Was waren eure Gl&#252;cksmomente die Woche? Nun mal sehen, was das Wochenende f&#252;r uns bereit h&#228;lt. Die Kinder wollen nun auf jeden Fall mit ihren Wunschzetteln anfangen und der kleine Sohn &#8220;muss&#8221; ja auch noch einen f&#252;r seinen Geburtstag basteln. Aufregend das alles. Vor allem f&#252;r die Kinder und vor allem in Hinblick darauf, dass noch gar nicht klar ist, wie das alles dieses Jahr wohl laufen wird. Ich habe da etwas von Kontakteinschr&#228;nkungen &#252;ber die Weihnachtszeit hinaus gelesen&#8230; In dem Sinne&#8230;. Gelistet bei&nbsp;feinslieb *Anmerkung:&nbsp;Der Artikel &#252;ber unsere Gl&#252;cksmomente enth&#228;lt evtl. Bilder mit Produkten, die wir in unserem Alltag nutzen oder Linkempfehlungen. Wir haben keine Bezahlung f&#252;r das Zeigen oder Nutzen derselbigen erhalten. Affiliate Links sind als solche markiert.<\/p>\n","protected":false},"author":1,"featured_media":50580,"comment_status":"open","ping_status":"open","sticky":false,"template":"","format":"standard","meta":{"ngg_post_thumbnail":0,"footnotes":""},"categories":[323,49],"tags":[780,781,45,2528,2661,69,2605,2062,81,856,199],"class_list":["post-50575","post","type-post","status-publish","format-standard","has-post-thumbnail","hentry","category-alltag","category-blogspaehre","tag-freitags5","tag-freitagslieblinge","tag-alltag","tag-corona","tag-covid-19","tag-familie","tag-gluecksmomente","tag-highlights","tag-kinder","tag-leben-mit-kindern","tag-rueckblick"],"yoast_head":"<!-- This site is optimized with the Yoast SEO plugin v27.4 - https:\/\/yoast.com\/product\/yoast-seo-wordpress\/ -->\n<title>Unsere Gl\u00fccksmomente 46\/2020 - Ist das alles verr\u00fcckt?! - Heldenhaushalt<\/title>\n<meta name=\"description\" content=\"Lasst uns doch nochmal \u00fcber diesen Lockdown-Light sprechen. Nur ganz kurz, bevor wir uns auf die Gl\u00fccksmomente in dieser Woche konzentrieren.\" \/>\n<meta name=\"robots\" content=\"index, follow, max-snippet:-1, max-image-preview:large, max-video-preview:-1\" \/>\n<link rel=\"canonical\" href=\"https:\/\/www.heldenhaushalt.de\/sari02\/index.php\/2020\/11\/13\/unsere-gluecksmomente-462020-ist-das-alles-verrueckt\/\" \/>\n<meta property=\"og:locale\" content=\"de_DE\" \/>\n<meta property=\"og:type\" content=\"article\" \/>\n<meta property=\"og:title\" content=\"Unsere Gl\u00fccksmomente 46\/2020 - Ist das alles verr\u00fcckt?! - Heldenhaushalt\" \/>\n<meta property=\"og:description\" content=\"Lasst uns doch nochmal \u00fcber diesen Lockdown-Light sprechen. Nur ganz kurz, bevor wir uns auf die Gl\u00fccksmomente in dieser Woche konzentrieren.\" \/>\n<meta property=\"og:url\" content=\"https:\/\/www.heldenhaushalt.de\/sari02\/index.php\/2020\/11\/13\/unsere-gluecksmomente-462020-ist-das-alles-verrueckt\/\" \/>\n<meta property=\"og:site_name\" content=\"Heldenhaushalt\" \/>\n<meta property=\"article:published_time\" content=\"2020-11-13T09:40:38+00:00\" \/>\n<meta property=\"og:image\" content=\"https:\/\/www.heldenhaushalt.de\/sari02\/wp-content\/uploads\/2020\/11\/46-05.jpg\" \/>\n\t<meta property=\"og:image:width\" content=\"1000\" \/>\n\t<meta property=\"og:image:height\" content=\"689\" \/>\n\t<meta property=\"og:image:type\" content=\"image\/jpeg\" \/>\n<meta name=\"author\" content=\"Sari\" \/>\n<meta name=\"twitter:card\" content=\"summary_large_image\" \/>\n<meta name=\"twitter:creator\" content=\"@Heldenhaushalt\" \/>\n<meta name=\"twitter:site\" content=\"@Heldenhaushalt\" \/>\n<meta name=\"twitter:label1\" content=\"Verfasst von\" \/>\n\t<meta name=\"twitter:data1\" content=\"Sari\" \/>\n\t<meta name=\"twitter:label2\" content=\"Gesch\u00e4tzte Lesezeit\" \/>\n\t<meta name=\"twitter:data2\" content=\"6\u00a0Minuten\" \/>\n<script type=\"application\/ld+json\" class=\"yoast-schema-graph\">{\"@context\":\"https:\\\/\\\/schema.org\",\"@graph\":[{\"@type\":\"Article\",\"@id\":\"https:\\\/\\\/www.heldenhaushalt.de\\\/sari02\\\/index.php\\\/2020\\\/11\\\/13\\\/unsere-gluecksmomente-462020-ist-das-alles-verrueckt\\\/#article\",\"isPartOf\":{\"@id\":\"https:\\\/\\\/www.heldenhaushalt.de\\\/sari02\\\/index.php\\\/2020\\\/11\\\/13\\\/unsere-gluecksmomente-462020-ist-das-alles-verrueckt\\\/\"},\"author\":{\"name\":\"Sari\",\"@id\":\"https:\\\/\\\/www.heldenhaushalt.de\\\/sari02\\\/#\\\/schema\\\/person\\\/a1cc69f42a01f412eb62c151353814f6\"},\"headline\":\"Unsere Gl&#252;cksmomente 46\\\/2020 &#8211; Ist das alles verr&#252;ckt?!\",\"datePublished\":\"2020-11-13T09:40:38+00:00\",\"mainEntityOfPage\":{\"@id\":\"https:\\\/\\\/www.heldenhaushalt.de\\\/sari02\\\/index.php\\\/2020\\\/11\\\/13\\\/unsere-gluecksmomente-462020-ist-das-alles-verrueckt\\\/\"},\"wordCount\":1229,\"commentCount\":4,\"publisher\":{\"@id\":\"https:\\\/\\\/www.heldenhaushalt.de\\\/sari02\\\/#\\\/schema\\\/person\\\/a1cc69f42a01f412eb62c151353814f6\"},\"image\":{\"@id\":\"https:\\\/\\\/www.heldenhaushalt.de\\\/sari02\\\/index.php\\\/2020\\\/11\\\/13\\\/unsere-gluecksmomente-462020-ist-das-alles-verrueckt\\\/#primaryimage\"},\"thumbnailUrl\":\"https:\\\/\\\/www.heldenhaushalt.de\\\/sari02\\\/wp-content\\\/uploads\\\/2020\\\/11\\\/46-05.jpg\",\"keywords\":[\"#Freitags5\",\"#Freitagslieblinge\",\"Allt\u00e4glich\",\"Corona\",\"Covid-19\",\"Familie\",\"Gl\u00fccksmomente\",\"Highlights\",\"Kinder\",\"Leben mit Kindern\",\"R\u00fcckblick\"],\"articleSection\":[\"Alltagschaos\",\"Blogsph\u00e4re\"],\"inLanguage\":\"de\",\"potentialAction\":[{\"@type\":\"CommentAction\",\"name\":\"Comment\",\"target\":[\"https:\\\/\\\/www.heldenhaushalt.de\\\/sari02\\\/index.php\\\/2020\\\/11\\\/13\\\/unsere-gluecksmomente-462020-ist-das-alles-verrueckt\\\/#respond\"]}]},{\"@type\":\"WebPage\",\"@id\":\"https:\\\/\\\/www.heldenhaushalt.de\\\/sari02\\\/index.php\\\/2020\\\/11\\\/13\\\/unsere-gluecksmomente-462020-ist-das-alles-verrueckt\\\/\",\"url\":\"https:\\\/\\\/www.heldenhaushalt.de\\\/sari02\\\/index.php\\\/2020\\\/11\\\/13\\\/unsere-gluecksmomente-462020-ist-das-alles-verrueckt\\\/\",\"name\":\"Unsere Gl\u00fccksmomente 46\\\/2020 - Ist das alles verr\u00fcckt?! - Heldenhaushalt\",\"isPartOf\":{\"@id\":\"https:\\\/\\\/www.heldenhaushalt.de\\\/sari02\\\/#website\"},\"primaryImageOfPage\":{\"@id\":\"https:\\\/\\\/www.heldenhaushalt.de\\\/sari02\\\/index.php\\\/2020\\\/11\\\/13\\\/unsere-gluecksmomente-462020-ist-das-alles-verrueckt\\\/#primaryimage\"},\"image\":{\"@id\":\"https:\\\/\\\/www.heldenhaushalt.de\\\/sari02\\\/index.php\\\/2020\\\/11\\\/13\\\/unsere-gluecksmomente-462020-ist-das-alles-verrueckt\\\/#primaryimage\"},\"thumbnailUrl\":\"https:\\\/\\\/www.heldenhaushalt.de\\\/sari02\\\/wp-content\\\/uploads\\\/2020\\\/11\\\/46-05.jpg\",\"datePublished\":\"2020-11-13T09:40:38+00:00\",\"description\":\"Lasst uns doch nochmal \u00fcber diesen Lockdown-Light sprechen. Nur ganz kurz, bevor wir uns auf die Gl\u00fccksmomente in dieser Woche konzentrieren.\",\"breadcrumb\":{\"@id\":\"https:\\\/\\\/www.heldenhaushalt.de\\\/sari02\\\/index.php\\\/2020\\\/11\\\/13\\\/unsere-gluecksmomente-462020-ist-das-alles-verrueckt\\\/#breadcrumb\"},\"inLanguage\":\"de\",\"potentialAction\":[{\"@type\":\"ReadAction\",\"target\":[\"https:\\\/\\\/www.heldenhaushalt.de\\\/sari02\\\/index.php\\\/2020\\\/11\\\/13\\\/unsere-gluecksmomente-462020-ist-das-alles-verrueckt\\\/\"]}]},{\"@type\":\"ImageObject\",\"inLanguage\":\"de\",\"@id\":\"https:\\\/\\\/www.heldenhaushalt.de\\\/sari02\\\/index.php\\\/2020\\\/11\\\/13\\\/unsere-gluecksmomente-462020-ist-das-alles-verrueckt\\\/#primaryimage\",\"url\":\"https:\\\/\\\/www.heldenhaushalt.de\\\/sari02\\\/wp-content\\\/uploads\\\/2020\\\/11\\\/46-05.jpg\",\"contentUrl\":\"https:\\\/\\\/www.heldenhaushalt.de\\\/sari02\\\/wp-content\\\/uploads\\\/2020\\\/11\\\/46-05.jpg\",\"width\":1000,\"height\":689,\"caption\":\"H\u00fchnersuppe\"},{\"@type\":\"BreadcrumbList\",\"@id\":\"https:\\\/\\\/www.heldenhaushalt.de\\\/sari02\\\/index.php\\\/2020\\\/11\\\/13\\\/unsere-gluecksmomente-462020-ist-das-alles-verrueckt\\\/#breadcrumb\",\"itemListElement\":[{\"@type\":\"ListItem\",\"position\":1,\"name\":\"Startseite\",\"item\":\"https:\\\/\\\/www.heldenhaushalt.de\\\/sari02\\\/\"},{\"@type\":\"ListItem\",\"position\":2,\"name\":\"Unsere Gl&#252;cksmomente 46\\\/2020 &#8211; Ist das alles verr&#252;ckt?!\"}]},{\"@type\":\"WebSite\",\"@id\":\"https:\\\/\\\/www.heldenhaushalt.de\\\/sari02\\\/#website\",\"url\":\"https:\\\/\\\/www.heldenhaushalt.de\\\/sari02\\\/\",\"name\":\"Heldenhaushalt\",\"description\":\"Wer es ordentlich haben will, der muss vorher anrufen\",\"publisher\":{\"@id\":\"https:\\\/\\\/www.heldenhaushalt.de\\\/sari02\\\/#\\\/schema\\\/person\\\/a1cc69f42a01f412eb62c151353814f6\"},\"potentialAction\":[{\"@type\":\"SearchAction\",\"target\":{\"@type\":\"EntryPoint\",\"urlTemplate\":\"https:\\\/\\\/www.heldenhaushalt.de\\\/sari02\\\/?s={search_term_string}\"},\"query-input\":{\"@type\":\"PropertyValueSpecification\",\"valueRequired\":true,\"valueName\":\"search_term_string\"}}],\"inLanguage\":\"de\"},{\"@type\":[\"Person\",\"Organization\"],\"@id\":\"https:\\\/\\\/www.heldenhaushalt.de\\\/sari02\\\/#\\\/schema\\\/person\\\/a1cc69f42a01f412eb62c151353814f6\",\"name\":\"Sari\",\"image\":{\"@type\":\"ImageObject\",\"inLanguage\":\"de\",\"@id\":\"https:\\\/\\\/www.heldenhaushalt.de\\\/sari02\\\/wp-content\\\/uploads\\\/2019\\\/02\\\/sari-april2018.png\",\"url\":\"https:\\\/\\\/www.heldenhaushalt.de\\\/sari02\\\/wp-content\\\/uploads\\\/2019\\\/02\\\/sari-april2018.png\",\"contentUrl\":\"https:\\\/\\\/www.heldenhaushalt.de\\\/sari02\\\/wp-content\\\/uploads\\\/2019\\\/02\\\/sari-april2018.png\",\"width\":500,\"height\":500,\"caption\":\"Sari\"},\"logo\":{\"@id\":\"https:\\\/\\\/www.heldenhaushalt.de\\\/sari02\\\/wp-content\\\/uploads\\\/2019\\\/02\\\/sari-april2018.png\"},\"description\":\"Frau Mondgras \u2013 Das bin ich, Sari. Gerne auch als Sari Mondgras bekannt und im Internet zu finden. 2-Fach-Mutter, Heldenehefrau, Kreativling, Harmonies\u00fcchtig und st\u00e4ndig auf der Suche nach Gl\u00fcck. Ich komme aus Berlin, bin hier aufgewachsen und lebe hier seit ich denken kann.\",\"sameAs\":[\"https:\\\/\\\/www.instagram.com\\\/heldenhaushalt\\\/\"],\"url\":\"https:\\\/\\\/www.heldenhaushalt.de\\\/sari02\\\/index.php\\\/author\\\/admin\\\/\"}]}<\/script>\n<!-- \/ Yoast SEO plugin. -->","yoast_head_json":{"title":"Unsere Gl\u00fccksmomente 46\/2020 - Ist das alles verr\u00fcckt?! - Heldenhaushalt","description":"Lasst uns doch nochmal \u00fcber diesen Lockdown-Light sprechen. Nur ganz kurz, bevor wir uns auf die Gl\u00fccksmomente in dieser Woche konzentrieren.","robots":{"index":"index","follow":"follow","max-snippet":"max-snippet:-1","max-image-preview":"max-image-preview:large","max-video-preview":"max-video-preview:-1"},"canonical":"https:\/\/www.heldenhaushalt.de\/sari02\/index.php\/2020\/11\/13\/unsere-gluecksmomente-462020-ist-das-alles-verrueckt\/","og_locale":"de_DE","og_type":"article","og_title":"Unsere Gl\u00fccksmomente 46\/2020 - Ist das alles verr\u00fcckt?! - Heldenhaushalt","og_description":"Lasst uns doch nochmal \u00fcber diesen Lockdown-Light sprechen. Nur ganz kurz, bevor wir uns auf die Gl\u00fccksmomente in dieser Woche konzentrieren.","og_url":"https:\/\/www.heldenhaushalt.de\/sari02\/index.php\/2020\/11\/13\/unsere-gluecksmomente-462020-ist-das-alles-verrueckt\/","og_site_name":"Heldenhaushalt","article_published_time":"2020-11-13T09:40:38+00:00","og_image":[{"width":1000,"height":689,"url":"https:\/\/www.heldenhaushalt.de\/sari02\/wp-content\/uploads\/2020\/11\/46-05.jpg","type":"image\/jpeg"}],"author":"Sari","twitter_card":"summary_large_image","twitter_creator":"@Heldenhaushalt","twitter_site":"@Heldenhaushalt","twitter_misc":{"Verfasst von":"Sari","Gesch\u00e4tzte Lesezeit":"6\u00a0Minuten"},"schema":{"@context":"https:\/\/schema.org","@graph":[{"@type":"Article","@id":"https:\/\/www.heldenhaushalt.de\/sari02\/index.php\/2020\/11\/13\/unsere-gluecksmomente-462020-ist-das-alles-verrueckt\/#article","isPartOf":{"@id":"https:\/\/www.heldenhaushalt.de\/sari02\/index.php\/2020\/11\/13\/unsere-gluecksmomente-462020-ist-das-alles-verrueckt\/"},"author":{"name":"Sari","@id":"https:\/\/www.heldenhaushalt.de\/sari02\/#\/schema\/person\/a1cc69f42a01f412eb62c151353814f6"},"headline":"Unsere Gl&#252;cksmomente 46\/2020 &#8211; Ist das alles verr&#252;ckt?!","datePublished":"2020-11-13T09:40:38+00:00","mainEntityOfPage":{"@id":"https:\/\/www.heldenhaushalt.de\/sari02\/index.php\/2020\/11\/13\/unsere-gluecksmomente-462020-ist-das-alles-verrueckt\/"},"wordCount":1229,"commentCount":4,"publisher":{"@id":"https:\/\/www.heldenhaushalt.de\/sari02\/#\/schema\/person\/a1cc69f42a01f412eb62c151353814f6"},"image":{"@id":"https:\/\/www.heldenhaushalt.de\/sari02\/index.php\/2020\/11\/13\/unsere-gluecksmomente-462020-ist-das-alles-verrueckt\/#primaryimage"},"thumbnailUrl":"https:\/\/www.heldenhaushalt.de\/sari02\/wp-content\/uploads\/2020\/11\/46-05.jpg","keywords":["#Freitags5","#Freitagslieblinge","Allt\u00e4glich","Corona","Covid-19","Familie","Gl\u00fccksmomente","Highlights","Kinder","Leben mit Kindern","R\u00fcckblick"],"articleSection":["Alltagschaos","Blogsph\u00e4re"],"inLanguage":"de","potentialAction":[{"@type":"CommentAction","name":"Comment","target":["https:\/\/www.heldenhaushalt.de\/sari02\/index.php\/2020\/11\/13\/unsere-gluecksmomente-462020-ist-das-alles-verrueckt\/#respond"]}]},{"@type":"WebPage","@id":"https:\/\/www.heldenhaushalt.de\/sari02\/index.php\/2020\/11\/13\/unsere-gluecksmomente-462020-ist-das-alles-verrueckt\/","url":"https:\/\/www.heldenhaushalt.de\/sari02\/index.php\/2020\/11\/13\/unsere-gluecksmomente-462020-ist-das-alles-verrueckt\/","name":"Unsere Gl\u00fccksmomente 46\/2020 - Ist das alles verr\u00fcckt?! - Heldenhaushalt","isPartOf":{"@id":"https:\/\/www.heldenhaushalt.de\/sari02\/#website"},"primaryImageOfPage":{"@id":"https:\/\/www.heldenhaushalt.de\/sari02\/index.php\/2020\/11\/13\/unsere-gluecksmomente-462020-ist-das-alles-verrueckt\/#primaryimage"},"image":{"@id":"https:\/\/www.heldenhaushalt.de\/sari02\/index.php\/2020\/11\/13\/unsere-gluecksmomente-462020-ist-das-alles-verrueckt\/#primaryimage"},"thumbnailUrl":"https:\/\/www.heldenhaushalt.de\/sari02\/wp-content\/uploads\/2020\/11\/46-05.jpg","datePublished":"2020-11-13T09:40:38+00:00","description":"Lasst uns doch nochmal \u00fcber diesen Lockdown-Light sprechen. Nur ganz kurz, bevor wir uns auf die Gl\u00fccksmomente in dieser Woche konzentrieren.","breadcrumb":{"@id":"https:\/\/www.heldenhaushalt.de\/sari02\/index.php\/2020\/11\/13\/unsere-gluecksmomente-462020-ist-das-alles-verrueckt\/#breadcrumb"},"inLanguage":"de","potentialAction":[{"@type":"ReadAction","target":["https:\/\/www.heldenhaushalt.de\/sari02\/index.php\/2020\/11\/13\/unsere-gluecksmomente-462020-ist-das-alles-verrueckt\/"]}]},{"@type":"ImageObject","inLanguage":"de","@id":"https:\/\/www.heldenhaushalt.de\/sari02\/index.php\/2020\/11\/13\/unsere-gluecksmomente-462020-ist-das-alles-verrueckt\/#primaryimage","url":"https:\/\/www.heldenhaushalt.de\/sari02\/wp-content\/uploads\/2020\/11\/46-05.jpg","contentUrl":"https:\/\/www.heldenhaushalt.de\/sari02\/wp-content\/uploads\/2020\/11\/46-05.jpg","width":1000,"height":689,"caption":"H\u00fchnersuppe"},{"@type":"BreadcrumbList","@id":"https:\/\/www.heldenhaushalt.de\/sari02\/index.php\/2020\/11\/13\/unsere-gluecksmomente-462020-ist-das-alles-verrueckt\/#breadcrumb","itemListElement":[{"@type":"ListItem","position":1,"name":"Startseite","item":"https:\/\/www.heldenhaushalt.de\/sari02\/"},{"@type":"ListItem","position":2,"name":"Unsere Gl&#252;cksmomente 46\/2020 &#8211; Ist das alles verr&#252;ckt?!"}]},{"@type":"WebSite","@id":"https:\/\/www.heldenhaushalt.de\/sari02\/#website","url":"https:\/\/www.heldenhaushalt.de\/sari02\/","name":"Heldenhaushalt","description":"Wer es ordentlich haben will, der muss vorher anrufen","publisher":{"@id":"https:\/\/www.heldenhaushalt.de\/sari02\/#\/schema\/person\/a1cc69f42a01f412eb62c151353814f6"},"potentialAction":[{"@type":"SearchAction","target":{"@type":"EntryPoint","urlTemplate":"https:\/\/www.heldenhaushalt.de\/sari02\/?s={search_term_string}"},"query-input":{"@type":"PropertyValueSpecification","valueRequired":true,"valueName":"search_term_string"}}],"inLanguage":"de"},{"@type":["Person","Organization"],"@id":"https:\/\/www.heldenhaushalt.de\/sari02\/#\/schema\/person\/a1cc69f42a01f412eb62c151353814f6","name":"Sari","image":{"@type":"ImageObject","inLanguage":"de","@id":"https:\/\/www.heldenhaushalt.de\/sari02\/wp-content\/uploads\/2019\/02\/sari-april2018.png","url":"https:\/\/www.heldenhaushalt.de\/sari02\/wp-content\/uploads\/2019\/02\/sari-april2018.png","contentUrl":"https:\/\/www.heldenhaushalt.de\/sari02\/wp-content\/uploads\/2019\/02\/sari-april2018.png","width":500,"height":500,"caption":"Sari"},"logo":{"@id":"https:\/\/www.heldenhaushalt.de\/sari02\/wp-content\/uploads\/2019\/02\/sari-april2018.png"},"description":"Frau Mondgras \u2013 Das bin ich, Sari. Gerne auch als Sari Mondgras bekannt und im Internet zu finden. 2-Fach-Mutter, Heldenehefrau, Kreativling, Harmonies\u00fcchtig und st\u00e4ndig auf der Suche nach Gl\u00fcck. Ich komme aus Berlin, bin hier aufgewachsen und lebe hier seit ich denken kann.","sameAs":["https:\/\/www.instagram.com\/heldenhaushalt\/"],"url":"https:\/\/www.heldenhaushalt.de\/sari02\/index.php\/author\/admin\/"}]}},"views":1974,"_links":{"self":[{"href":"https:\/\/www.heldenhaushalt.de\/sari02\/index.php\/wp-json\/wp\/v2\/posts\/50575","targetHints":{"allow":["GET"]}}],"collection":[{"href":"https:\/\/www.heldenhaushalt.de\/sari02\/index.php\/wp-json\/wp\/v2\/posts"}],"about":[{"href":"https:\/\/www.heldenhaushalt.de\/sari02\/index.php\/wp-json\/wp\/v2\/types\/post"}],"author":[{"embeddable":true,"href":"https:\/\/www.heldenhaushalt.de\/sari02\/index.php\/wp-json\/wp\/v2\/users\/1"}],"replies":[{"embeddable":true,"href":"https:\/\/www.heldenhaushalt.de\/sari02\/index.php\/wp-json\/wp\/v2\/comments?post=50575"}],"version-history":[{"count":2,"href":"https:\/\/www.heldenhaushalt.de\/sari02\/index.php\/wp-json\/wp\/v2\/posts\/50575\/revisions"}],"predecessor-version":[{"id":50584,"href":"https:\/\/www.heldenhaushalt.de\/sari02\/index.php\/wp-json\/wp\/v2\/posts\/50575\/revisions\/50584"}],"wp:featuredmedia":[{"embeddable":true,"href":"https:\/\/www.heldenhaushalt.de\/sari02\/index.php\/wp-json\/wp\/v2\/media\/50580"}],"wp:attachment":[{"href":"https:\/\/www.heldenhaushalt.de\/sari02\/index.php\/wp-json\/wp\/v2\/media?parent=50575"}],"wp:term":[{"taxonomy":"category","embeddable":true,"href":"https:\/\/www.heldenhaushalt.de\/sari02\/index.php\/wp-json\/wp\/v2\/categories?post=50575"},{"taxonomy":"post_tag","embeddable":true,"href":"https:\/\/www.heldenhaushalt.de\/sari02\/index.php\/wp-json\/wp\/v2\/tags?post=50575"}],"curies":[{"name":"wp","href":"https:\/\/api.w.org\/{rel}","templated":true}]}}