{"id":50703,"date":"2020-11-26T09:15:28","date_gmt":"2020-11-26T08:15:28","guid":{"rendered":"https:\/\/www.heldenhaushalt.de\/sari02\/?p=50703"},"modified":"2020-11-26T09:15:28","modified_gmt":"2020-11-26T08:15:28","slug":"meine-weihnachtszeit","status":"publish","type":"post","link":"https:\/\/www.heldenhaushalt.de\/sari02\/index.php\/2020\/11\/26\/meine-weihnachtszeit\/","title":{"rendered":"Meine Weihnachtszeit &#8211; Was f&#252;r mich einfach immer dazu geh&#246;rt"},"content":{"rendered":"<p style=\"text-align: right;\"><small>Enth&#228;lt (unbezahlte) Werbung*<\/small><\/p>\n<p>Mit dem gro&#223;en Sohn sprach ich gestern &#252;ber die Weihnachtszeit. Es ist seltsam, aber dieses Jahr bin ich irgendwie noch nicht bereit daf&#252;r. Wer diesem Blog schon von Beginn an folgt, der wei&#223; vielleicht, dass die Weihnachtszeit meine absolute Lieblingszeit ist und ich jedes Jahr wieder traurig war, wenn alles wegger&#228;umt werden musste. Wenn es damals nach mir ging, h&#228;tte das alles wirklich das ganze Jahr &#252;ber h&#228;ngen und stehen bleiben k&#246;nnen.<\/p>\n<p>Auf die Weihnachtszeit an sich freue ich mich nach wie vor. Auf bestimmte Dinge, die f&#252;r mich immer dazu geh&#246;ren. Doch ich muss auch feststellen, dass ich inzwischen ganz froh bin, dass sie zeitlich eingeschr&#228;nkt ist, also irgendwann auch wieder vorbei ist. Jedes Mal wieder merke ich, dass es auch etwas Befreiendes hat, wenn ich am 1. Januar dann die Kisten wieder vom Dachboden hole und alles verpacke. Das zu Hause erh&#228;lt dadurch gef&#252;hlt irgendwie eine Art Neuanfang. Nachdem alles so dunkel und voll war, wird es nun wieder heller, luftiger und freier.&nbsp;<\/p>\n<h2>Nichts desto trotz liebe ich die Weihnachtszeit&#8230;<\/h2>\n<p>&#8230; aus verschiedenen Gr&#252;nden. Doch in diesem Jahr f&#228;llt es mir irgendwie schwer mich darauf einzulassen. Ich wei&#223; auch nicht wieso. Fr&#252;her h&#228;tte ich am Liebsten schon Anfang November angefangen alles raus zu holen und die Lichterketten aufzuh&#228;ngen. Immerhin gibt es ja Ende September auch schon die ersten Weihnachts-Leckereien in den Einkaufsl&#228;den. Aber gut. Damals habe ich f&#252;r uns die Regel (oder die Zielgerade) auf den Tag nach Totensonntag gelegt. Das habe ich so gelernt und verinnerlicht. Sobald der Totensonntag hinter uns liegt, darf es mit der Weihnachtszeit losgehen.<\/p>\n<p>In diesem Jahr war es &#252;brigens das erste Mal, dass der gro&#223;e Sohn vorschlug, dass wir am Totensonntag doch ein Foto von meinem Vater aufstellen k&#246;nnten. Ganz wie in dem Film &#8220;Coco&#8221;. Hachz&#8230; in solchen Momenten m&#246;chte ich meine Kinder einfach nur ganz fest an mich dr&#252;cken. Wie dem auch sei&#8230; So handhaben wir das jetzt hier. Geschm&#252;ckt wird nach Totensonntag und das machen wir meist auch direkt. Am Sonntag werden schon einmal die Kisten herunter geholt und am n&#228;chsten Tag legen wir leidenschaftlich los.<\/p>\n<h2>So jedoch dieses Jahr nicht.<\/h2>\n<p>Gestern erst holte ich die Kiste mit den Lichterketten runter, um zu schauen, was noch funktioniert und was vielleicht fehlt. <a href=\"https:\/\/www.heldenhaushalt.de\/sari02\/index.php\/2020\/11\/23\/unser-wib-am-21-22-11-2020\/\">Die Lichterkette am Schuppen im Vorgarten<\/a> brachte ich nur deshalb schon am Sonntag an, weil sie neu gekauft war und noch im Flur stand. Beim Wocheneinkauf deckten wir uns dann mit den fehlenden Ketten ein und nun sollen diese im Laufe der Woche an die Fenster kommen. So w&#252;nscht sich der kleine Sohn zum Beispiel dieses Jahr zum ersten Mal bunte Lichter an seinem Fenster, w&#228;hrend der gro&#223;e Sohn wieder mit Kreide Motive an seines malen m&#246;chte. F&#252;r unsere Terassent&#252;r habe ich nun einen Sternenvorhang gekauft und m&#246;chte von der Gardinenstange noch Papiersterne herunter h&#228;ngen lassen. Das stelle ich mir ganz nett vor.<\/p>\n<p>Ideen sind da. Motivation so gar nicht. Puuuh&#8230; ich wei&#223; auch nicht. Wenn ich mich in der Blogsph&#228;re umschaue, dann seid ihr alle schon so verdammt flei&#223;ig gewesen. Selbst bei meiner Mutter entdeckte ich schon Fotos von erster Weihnachtsdekoration. In der Blogsph&#228;re da drau&#223;en herrscht schon Weihnachtszeit in Hochform und viele erz&#228;hlten mir, dass sie das dieses Jahr einfach viel dringender br&#228;uchten als sonst nach so einem verr&#252;ckten und schwierigem Jahr. Und ich kann es auch verstehen. Umso mehr wundert es mich, dass es mich dieses Jahr irgendwie noch so kalt l&#228;sst, wo ich mich immer als &#8220;Weihnachtself&#8221; gesehen habe.<\/p>\n<p>Das Verr&#252;ckte daran ist, dass ich unbewusst nebenbei schon so manches erledigt habe. Eben einfach mal&nbsp; zwei Weihnachtssterne besorgt, Inhalte f&#252;r Adventskalender organisiert (sogar die T&#252;tchen habe ich schon seit Wochen hier), die Wunschzettel h&#228;ngen und Briefe an den Weihnachtsmann sind geschrieben. In den Schr&#228;nken verstecken sich erste Weihnachtsgeschenke und ich habe schon einen kleinen Plan, welche Weihnachtsfilme wir in den n&#228;chsten Wochen schauen wollen. Die Pl&#228;ne sind da, aber das Gef&#252;hl irgendwie noch nicht. Wie geht es euch damit in diesem Jahr?<\/p>\n<h2>Was f&#252;r mich zu einer gem&#252;tlichen Weihnachtszeit dazu geh&#246;rt!<\/h2>\n<p>F&#252;r etwas mehr Feeling habe ich beschlossen heute mal das volle Programm zu starten. Ich werde nachher mein Lieblingsweihnachts-Album von <a href=\"https:\/\/www.amazon.de\/gp\/product\/B009PF93LS\/ref=as_li_tl?ie=UTF8&amp;camp=1638&amp;creative=6742&amp;creativeASIN=B009PF93LS&amp;linkCode=as2&amp;tag=mondgrasde-21&amp;linkId=4ece592f6a960ff4aefbaf66c03db6cc\" target=\"_blank\" rel=\"nofollow noopener noreferrer\">Michael Bubl\u00e9<\/a> <small>(Affiliate Link)<\/small> starten, die Lichterketten hervor holen und die Musik beim Putzen der Fenster laut anmachen, damit ich dann zumindest bei den Kindern schon einmal die Lichterketten aufh&#228;ngen kann. Es gibt so Dinge, die geh&#246;ren f&#252;r mich einfach zu einer richtigen Weihnachtszeit dazu. Verschiedene Dinge, die dieses ganz spezielle Gef&#252;hl in dieser Jahreszeit f&#252;r mich ausmachen. Vielleicht habt ihr ja auch so Indikatoren, die f&#252;r euch wichtig sind.<\/p>\n<p>Es ist aktuell schwer auszumachen, was &#252;berhaupt m&#246;glich ist. Wie bei all den anderen Dingen auch ist in diesem Jahr eben alles ein bisschen anders. So auch die Weihnachtszeit.&nbsp;<\/p>\n<p><strong>Ein Beispiel:<\/strong> Weihnachtsm&#228;rkte werden in diesem Jahr nicht stattfinden d&#252;rfen. Ich finde das auch durchaus sinnvoll, wenn ich daran denke, wie voll sie immer sind. Wie schwer es manchmal ist auch nur einen Schritt vorw&#228;rts zu kommen. Aber f&#252;r mich geh&#246;rt dieses Weihnachtsmarkt-Feeling einfach dazu. Sie haben sich in den letzten Jahrzehnten zwar stark ver&#228;ndert und man &#228;rgert sich immer wieder &#252;ber die immer mehr werdenden &#8220;Fressst&#228;nde&#8221; und immer weniger sch&#246;ne Handarbeit und trotzdem haben sie ihren Charme.<\/p>\n<figure style=\"width: 1000px\" class=\"wp-caption alignnone\"><img loading=\"lazy\" decoding=\"async\" src=\"https:\/\/www.heldenhaushalt.de\/sari02\/wp-content\/uploads\/2019\/12\/wib48-16.jpg\" alt=\"Weihnachtszeit\" width=\"1000\" height=\"722\"><figcaption class=\"wp-caption-text\"><small>Erinnerungen &#8211; 2019 f&#228;hrt der gro&#223;e Sohn das erste Mal endlich mit mir Riesenrad auf dem Weihnachtsmarkt<\/small><\/figcaption><\/figure>\n<p><a href=\"https:\/\/www.heldenhaushalt.de\/sari02\/index.php\/2019\/12\/02\/wib-29-39-11-und-01-12-2019\/\">Letztes Jahr zum Beispiel<\/a> fuhr der gro&#223;e Sohn das erste Mal mit mir das kleine Riesenrad. Es war eines meiner pers&#246;nlichen Highlights im letzten Jahr, das dieses Jahr wohl ausfallen wird. Ich liebe das Lachen und Strahlen in den Gesichtern meiner Kinder, wenn sie mit dem alten Kinderkarussell ihre Runden drehen d&#252;rfen, was zu jedem guten Weihnachtsmarkt-Besuch geh&#246;rt. Ich liebe es, wenn wir uns mit Freunden an einem Stand mit Feuerzangenbowle treffen, dazu die Kinder sich an den Keksen satt futtern und im Hintergrund die vielen verschiedenen D&#252;fte in der Luft schweben und &#252;ber die Lautsprecher von &#252;berall her die Weihnachtsmusik erklingt. Ein bisschen Schlendern &#252;ber den Mittelaltermarkt, wo ein P&#228;rchen mit Dudelsack und Co. nochmal ganz andere Musik f&#252;r uns spielen. Ich liebe das einfach&#8230; und dieses Jahr wird das so nicht stattfinden k&#246;nnen.<\/p>\n<figure style=\"width: 1000px\" class=\"wp-caption alignnone\"><img loading=\"lazy\" decoding=\"async\" src=\"https:\/\/www.heldenhaushalt.de\/sari02\/wp-content\/uploads\/2019\/12\/wib48-18.jpg\" alt=\"Weihnachtszeit\" width=\"1000\" height=\"782\"><figcaption class=\"wp-caption-text\"><small> Erinnerungen &#8211; Feuerzangenbowle auf dem Weihnachtsmarkt 2019<\/small><\/figcaption><\/figure>\n<p>&#8220;Wir machen uns einfach im Garten einen eigenen kleinen Weihnachtsmarkt&#8221;, sagte der Mann zu mir und ich finde den Gedanken wirklich sch&#246;n und irgendwie auch romantisch. Mit Stockbrot &#252;ber dem Feuerkorb, dazu eine warme Tasse Kakao f&#252;r die Kinder und einen kleinen Gl&#252;hwein f&#252;r uns. Aber.. ja, ich habe immer ein kleines aber&#8230; es ist eben nicht das, was ich am Weihnachtsmarkt so liebe. Das Gesellige fehlt, die ganzen D&#252;fte und die Atmosph&#228;re wird einfach eine andere sein. Aber sei es drum. Wie das ganze Jahr nun schon gilt es einfach das Beste aus allem heraus zu holen. Was eben so geht und es ist dennoch eine wirklich sch&#246;ne Idee und beschert und sicherlich sch&#246;ne neue Erinnerungen an eine etwas andere Weihnachtszeit.<\/p>\n<h2>Doch was macht noch eine sch&#246;ne Weihnachtszeit aus?<\/h2>\n<p>Es ist ja nicht nur der Weihnachtsmarkt, der in dieser Zeit eine Rolle spielt. Da sind so viele andere Sachen, die dazu beitragen k&#246;nnen, dass es sich wie Vorweihnachtszeit anf&#252;hlt. Dinge, die auch gut so funktionieren. Zu Hause. Kleinigkeiten, die dieses Feeling f&#252;r Weihnachten einfach ausmachen. Kleine Traditionen, die sich schon teilweise seit Generationen erhalten. Im Heldenhaushalt sind das zum Beispiel folgende Dinge:<\/p>\n<p><a href=\"https:\/\/www.heldenhaushalt.de\/sari02\/index.php\/2017\/11\/21\/brief-an-den-weihnachtsmann\/\"><strong>Wunschzettel und Briefe an den Weihnachtsmann:<\/strong> <\/a><br \/>\nDer Wunschzettel ist ja etwas, das ich noch aus meiner Kindheit kenne. Jedes Jahr wieder wurde er gemalt und die Engelchen holten ihn in der Nacht ab, um ihn dem Weihnachtsmann zu bringen. Ganz wichtig war dabei: Der Wunschzettel sollte selbst gemacht sein. Am besten gemalt. Zumindest bei uns. Das machen wir heute noch so und ich liebe das. Nun sind die Jungs nicht so leidenschaftlich beim Malen dabei wie ich, so dass wir immer anders kreativ werden, aber dennoch steht das jedes Jahr wieder auf dem Plan. Seit dem gro&#223;en Sohn geh&#246;rt es nun auch dazu, dass wir dem Weihnachtsmann jedes Jahr einen Brief schreiben und auf Antwort von ihm hoffen. In diesem Brief erz&#228;hlt ihm der Miniheld inzwischen jedes Jahr, welchen Baum wir aufstellen wollen und worauf er sich in der Weihnachtszeit so freut. Der kleine Sohn malt ihm immer seine Lieblingssachen auf.&nbsp;<\/p>\n<p><a href=\"https:\/\/www.heldenhaushalt.de\/sari02\/index.php\/2019\/11\/28\/adventskalender-2019\/\"><strong>Adventskalender:<\/strong> <\/a><br \/>\nIst klar. Geh&#246;rt dazu und ist immer etwas Besonderes. Tats&#228;chlich bevorzugen die Heldenkinder immer noch die selbstgemachten Kalender die mit kleinen individuellen &#220;berraschungen gef&#252;llt sind. Sie werden irgendwie immer selber zu einem kleinen Teil der Weihnachtsdekoration und begleiten uns durch den gesamten Dezember, erleichtern die Wartezeit ein wenig.<\/p>\n<p><a href=\"https:\/\/www.heldenhaushalt.de\/sari02\/index.php\/2016\/11\/27\/adventskranz-2016\/\"><strong>Der Adventskranz:<\/strong> <\/a><br \/>\nWenn ich auf etwas Wert lege dann, dass wir uns jeden Adventssonntag Zeit nehmen, um uns ein bisschen zusammen an den Esstisch zu setzen und eine Kerze am Adventskranz anzuz&#252;nden. Dabei essen wir Kekse, h&#246;ren etwas Musik und genie&#223;en einfach den Moment. Dank Schule, Arbeit und meist vieler anderer Termine finden wir normal kaum Zeit f&#252;r so einen ruhigen Moment. Aber das schaffen wir dann doch. Inzwischen ist es auch der Miniheld, der die Kerzen immer anz&#252;nden darf. In den letzten Jahren habe ich immer den gleichen &#8220;Adventskranz&#8221; gehabt, weil er mir so gut gefiel. Mit kleinen Rehen und viel Naturmaterialien, so dass ich nie das Bed&#252;rfnis hatte einen neuen Kranz zu machen, doch dieses Jahr m&#246;chte ich es mal wieder versuchen. Vielleicht zeige ich euch am Dienstag ja, wie der neue aussieht und wie ich ihn gemacht habe.<\/p>\n<figure style=\"width: 800px\" class=\"wp-caption alignnone\"><img loading=\"lazy\" decoding=\"async\" src=\"http:\/\/www.heldenhaushalt.de\/sari02\/wp-content\/uploads\/2016\/11\/IMG_4756.jpg\" alt=\"Adventskranz\" width=\"800\" height=\"533\"><figcaption class=\"wp-caption-text\"><small> Der alte Adventskranz &#8211; Nach all den Jahren mal Zeit f&#252;r was Neues?<\/small><\/figcaption><\/figure>\n<p><strong>Kekse backen:<\/strong><br \/>\nDarauf freuen sich sicherlich die Kinder jedes Jahr am meisten. Oft kommen sie schon Wochen vorher an und fordern den ersten Keksteig zum backen. Auch dieses Jahr haben sie schon &#8220;Herbstkekse&#8221; gebacken. Aber bei Weihnachtsliedern und mit weihnachtlichen Ausstechern bekommt das Ganze nochmal ein vollkommen anderes Feeling. Wir waren fr&#252;her mal zu einer Backsession in Frankfurt eingeladen. Ein j&#228;hrliches Event unserer Freunde, die mit der ganzen Familie zum Backen zusammen kamen und jeder brachte sein Lieblingsrezept mit. Am Ende wurden alle Kekse untereinander aufgeteilt und man fuhr mit einer prall gef&#252;llten Keksdose nach Hause. Ich glaube das machen wir dieses Jahr mal als Videokonferenz mit verschiedenen Menschen. Die Idee gef&#228;llt mir.<\/p>\n<p><strong>Weihnachtslieder und Weihnachtsfilme:<\/strong><br \/>\nInzwischen kennen wir wohl die meisten Weihnachtsfilme. Es kommen zwar jedes Jahr wieder neue raus, aber kaum einer schafft es dann auf unsere Liste der Lieblingsfilme. Die Erz&#228;hlart hat sich einfach teilweise zu sehr ver&#228;ndert. Sehr sch&#246;n fand ich letztes Jahr den neuen Film &#8220;Klaus&#8221;. Aber zu unseren Alltime-Favoriten geh&#246;rt nat&#252;rlich die &#8220;Muppets Weihnachtsgeschichte&#8221;, &#8220;Der Grinch&#8221; (durchaus die alte UND neue Version), &#8220;Nightmare before christimas&#8221; f&#252;r die Zeit zwischen Halloween und Weihnachten oder auch die &#8220;Santa Clause&#8221; Filme mit Tim Allen, einfach weil ich die Darstellung der Weihnachtsstadt so liebe. Achja und &#8220;Die W&#228;chter des Lichts&#8221;, auch wenn es eigentlich kein richtiger Weihnachtsfilm ist. Welche Filme geh&#246;ren f&#252;r euch auf jeden Fall noch dazu? Und dann nat&#252;rlich die Musik, der Soundtrack f&#252;r die Weihnachtszeit. Verschiedene Playlists, aber auch die Weihnachtsalben von Rolf Zukowski, die hier dann rauf und runter laufen neben dem Weihnachtsalbum von Michael Bubl\u00e9, wie ich oben schon kurz erw&#228;hnte. Erz&#228;hlt mir doch auch hier von euren Favoriten. Es gibt sicherlich noch eines, was ich noch nicht kenne.<\/p>\n<figure style=\"width: 1000px\" class=\"wp-caption alignnone\"><img loading=\"lazy\" decoding=\"async\" src=\"https:\/\/www.heldenhaushalt.de\/sari02\/wp-content\/uploads\/2018\/11\/18-46-02.jpg\" alt=\"Weihnachtszeit\" width=\"1000\" height=\"671\"><figcaption class=\"wp-caption-text\">Sch&#246;ne B&#252;cher in der Weihnachtszeit<\/figcaption><\/figure>\n<p><strong>Weihnachtsb&#252;cher:<\/strong><br \/>\nAuf dem Dachboden habe ich eine Kiste nur mit Weihnachtsb&#252;chern gef&#252;llt. Diese hole ich zu Beginn der Weihnachtszeit immer runter und dann werden alle Regale und B&#252;chertaschen mit diesen gef&#252;llt, so dass wir uns oft auf dem Sofa einfinden und gemeinsam darin bl&#228;ttern (oder die Kinder auch einfach mal alleine). Seit letztes Jahr w&#228;hlen wir auch immer ein Buch aus, das wir &#252;ber die gesamte Zeit bis zum Weihnachtsabend hin gemeinsam lesen. Letztes Jahr war das &#8220;<a href=\"https:\/\/www.amazon.de\/gp\/product\/3570164993\/ref=as_li_tl?ie=UTF8&amp;camp=1638&amp;creative=6742&amp;creativeASIN=3570164993&amp;linkCode=as2&amp;tag=mondgrasde-21&amp;linkId=7ff84c0dec82ee0cc17b60459c786654\" target=\"_blank\" rel=\"nofollow noopener noreferrer\">Der Weihnachtosaurus<\/a>&#8221; <small>(Affiliate Link)<\/small>. Jeden Abend lag ich mit den Kindern im Bett und wir lasen ein Kapitel aus dem Buch. Dieses Jahr wird uns nun ab dem 1. Advent der zweite der Teil Geschichte durch die n&#228;chsten Wochen begleiten. Die Kiste wird &#252;brigens von Jahr zu Jahr voller, weil einfach jedes Jahr viele wundersch&#246;ne neue Geschichten erscheinen. Ein paar zeige ich euch demn&#228;chst mal.#<\/p>\n<h2>Und dann ist da nat&#252;rlich noch der Weihnachtsbaum!!!<\/h2>\n<p>Normalerweise haben wir immer am 1. Advent den Weihnachtsbaum aufgestellt. Damit hatten der Held und ich irgendwann mal angefangen, weil ich es einfach affig finde einen Baum zu kaufen, nur um ihn dann nur eine Woche stehen zu lassen und dann kommt er schon wieder auf den M&#252;ll. Fr&#252;her kauften wir auch noch einen echten Baum. Es tat mir einfach um den Baum leid. Bei meinen Eltern war es n&#228;mlich immer noch so, dass der Baum einen Abend vor Weihnachten aufgestellt und dann von meiner Mutter geschm&#252;ckt wurde und wir Kinder ihn erst zu Heilig Abend sehen durften, nachdem die Engelchen gegangen waren.<\/p>\n<p>Im Heldenhaushalt wurde es eben zu einer neuen Tradition. Der Baum wird gemeinsam zu Beginn der Weihnachtszeit aufgestellt und gemeinschaftlich geschm&#252;ckt. Wir haben allerdings auch zwei unechte B&#228;ume. Einen gr&#252;nen und einen wei&#223;en und je nach Laune wechseln wir jedes Jahr. Diese B&#228;ume sind bei uns nun wirklich schon lange im Einsatz und haben sich in der Anschaffung wirklich gelohnt. Mit dem Heldenkind gab es allerdings noch einmal eine kleine Abwandlung dieser Tradition. Da dieses mitten im Dezember Geburtstag hat, haben wir beschlossen, dass der Baum erst nach dem Kindergeburtstag aufgestellt wird, damit sich dieser nicht zu sehr nach Weihnachten anf&#252;hlt. Bis zum Heldenkind-Geburtstag wird demnach also inzwischen dezent geschm&#252;ckt und danach legen wir nochmal eine Schippe drauf.<\/p>\n<p>Sp&#228;testens mit dem Aufstellen des Baumes ist es dann um die Kinder geschehen. Dann ist die Aufregung am gr&#246;&#223;ten und das gem&#252;tliche Licht im Haus, sobald es dunkel drau&#223;en wird, am gem&#252;tlichsten. Dieses Jahr soll es nach mehreren Jahren &#252;brigens wieder der gr&#252;ne Baum werden. Die letzten Jahre haben die Kinder immer f&#252;r den wei&#223;en Baum gestimmt, aber dieses Jahr m&#246;chte ich es gerne mal wieder urig haben und ich wei&#223; auch schon ganz genau, wie der Schmuck ausfallen soll, aber ich glaube daf&#252;r muss ich mich nochmal ein wenig kreativ bet&#228;tigen.<\/p>\n<h2>Das hat ein wenig geholfen&#8230;<\/h2>\n<p>Doch, hat es wirklich. Nun habe ich ein bisschen Lust bekommen. Nebenher l&#228;uft Weihnachtsmusik und der Mann und ich merken, wie wir anfangen unbewusst mitzusummen. Ideen schwirren in meinem Kopf herum. Doch, ich glaube es ist m&#246;glich. Es ist wirklich m&#246;glich, dass es dennoch eine sch&#246;ne und besinnliche Weihnachtszeit wird. Vor allem der Kinder zu liebe und auch f&#252;r ein bisschen Selbstliebe. Vielleicht wichteln wir ja mal wieder? Ich muss da mal jemanden anschreiben. Es wird Zeit f&#252;r Weihnachtskarten, die wir den Nachbarn heimlich mit etwas Schokolade in die Briefk&#228;sten werfen und ja&#8230; einfach f&#252;r ein bisschen Positives in einer doch seltsamen und dunklen Zeit.<\/p>\n<p>Und das Sch&#246;ne: Es sind wirklich alles Dinge, die wir machen k&#246;nnen ohne dabei gro&#223; ins gro&#223;e Get&#252;mmel zu st&#252;rzen. Es sind Dinge, die wir als Familie zu Hause zusammen, aber auch mit Freunden &#252;ber einen Videochat machen k&#246;nnen. Gemeinsam Kekse backen und dann vor dem Bildschirm schlemmen zum Beispiel.<\/p>\n<p>Wie geht es euch derzeit damit? Was hilft euch in Weihnachtsstimmung zu kommen? Was f&#252;r Traditionen habt ihr? Erz&#228;hlt mir von eurer Weihnachtszeit!<\/p>\n<p><small><strong>*Anmerkung:<\/strong>&nbsp;Der Artikel enth&#228;lt evtl. Bilder mit Produkten, die wir in unserem Alltag nutzen oder Linkempfehlungen. Wir haben keine Bezahlung f&#252;r das Zeigen oder Nutzen derselbigen erhalten. Affiliate Links sind als solche markiert.<\/small><\/p>\n","protected":false},"excerpt":{"rendered":"<p>Enth&#228;lt (unbezahlte) Werbung* Mit dem gro&#223;en Sohn sprach ich gestern &#252;ber die Weihnachtszeit. Es ist seltsam, aber dieses Jahr bin ich irgendwie noch nicht bereit daf&#252;r. Wer diesem Blog schon von Beginn an folgt, der wei&#223; vielleicht, dass die Weihnachtszeit meine absolute Lieblingszeit ist und ich jedes Jahr wieder traurig war, wenn alles wegger&#228;umt werden musste. Wenn es damals nach mir ging, h&#228;tte das alles wirklich das ganze Jahr &#252;ber h&#228;ngen und stehen bleiben k&#246;nnen. Auf die Weihnachtszeit an sich freue ich mich nach wie vor. Auf bestimmte Dinge, die f&#252;r mich immer dazu geh&#246;ren. Doch ich muss auch feststellen, dass ich inzwischen ganz froh bin, dass sie zeitlich eingeschr&#228;nkt ist, also irgendwann auch wieder vorbei ist. Jedes Mal wieder merke ich, dass es auch etwas Befreiendes hat, wenn ich am 1. Januar dann die Kisten wieder vom Dachboden hole und alles verpacke. Das zu Hause erh&#228;lt dadurch gef&#252;hlt irgendwie eine Art Neuanfang. Nachdem alles so dunkel und voll war, wird es nun wieder heller, luftiger und freier.&nbsp; Nichts desto trotz liebe ich die Weihnachtszeit&#8230; &#8230; aus verschiedenen Gr&#252;nden. Doch in diesem Jahr f&#228;llt es mir irgendwie schwer mich darauf einzulassen. Ich wei&#223; auch nicht wieso. Fr&#252;her h&#228;tte ich am Liebsten schon Anfang November angefangen alles raus zu holen und die Lichterketten aufzuh&#228;ngen. Immerhin gibt es ja Ende September auch schon die ersten Weihnachts-Leckereien in den Einkaufsl&#228;den. Aber gut. Damals habe ich f&#252;r uns die Regel (oder die Zielgerade) auf den Tag nach Totensonntag gelegt. Das habe ich so gelernt und verinnerlicht. Sobald der Totensonntag hinter uns liegt, darf es mit der Weihnachtszeit losgehen. In diesem Jahr war es &#252;brigens das erste Mal, dass der gro&#223;e Sohn vorschlug, dass wir am Totensonntag doch ein Foto von meinem Vater aufstellen k&#246;nnten. Ganz wie in dem Film &#8220;Coco&#8221;. Hachz&#8230; in solchen Momenten m&#246;chte ich meine Kinder einfach nur ganz fest an mich dr&#252;cken. Wie dem auch sei&#8230; So handhaben wir das jetzt hier. Geschm&#252;ckt wird nach Totensonntag und das machen wir meist auch direkt. Am Sonntag werden schon einmal die Kisten herunter geholt und am n&#228;chsten Tag legen wir leidenschaftlich los. So jedoch dieses Jahr nicht. Gestern erst holte ich die Kiste mit den Lichterketten runter, um zu schauen, was noch funktioniert und was vielleicht fehlt. Die Lichterkette am Schuppen im Vorgarten brachte ich nur deshalb schon am Sonntag an, weil sie neu gekauft war und noch im Flur stand. Beim Wocheneinkauf deckten wir uns dann mit den fehlenden Ketten ein und nun sollen diese im Laufe der Woche an die Fenster kommen. So w&#252;nscht sich der kleine Sohn zum Beispiel dieses Jahr zum ersten Mal bunte Lichter an seinem Fenster, w&#228;hrend der gro&#223;e Sohn wieder mit Kreide Motive an seines malen m&#246;chte. F&#252;r unsere Terassent&#252;r habe ich nun einen Sternenvorhang gekauft und m&#246;chte von der Gardinenstange noch Papiersterne herunter h&#228;ngen lassen. Das stelle ich mir ganz nett vor. Ideen sind da. Motivation so gar nicht. Puuuh&#8230; ich wei&#223; auch nicht. Wenn ich mich in der Blogsph&#228;re umschaue, dann seid ihr alle schon so verdammt flei&#223;ig gewesen. Selbst bei meiner Mutter entdeckte ich schon Fotos von erster Weihnachtsdekoration. In der Blogsph&#228;re da drau&#223;en herrscht schon Weihnachtszeit in Hochform und viele erz&#228;hlten mir, dass sie das dieses Jahr einfach viel dringender br&#228;uchten als sonst nach so einem verr&#252;ckten und schwierigem Jahr. Und ich kann es auch verstehen. Umso mehr wundert es mich, dass es mich dieses Jahr irgendwie noch so kalt l&#228;sst, wo ich mich immer als &#8220;Weihnachtself&#8221; gesehen habe. Das Verr&#252;ckte daran ist, dass ich unbewusst nebenbei schon so manches erledigt habe. Eben einfach mal&nbsp; zwei Weihnachtssterne besorgt, Inhalte f&#252;r Adventskalender organisiert (sogar die T&#252;tchen habe ich schon seit Wochen hier), die Wunschzettel h&#228;ngen und Briefe an den Weihnachtsmann sind geschrieben. In den Schr&#228;nken verstecken sich erste Weihnachtsgeschenke und ich habe schon einen kleinen Plan, welche Weihnachtsfilme wir in den n&#228;chsten Wochen schauen wollen. Die Pl&#228;ne sind da, aber das Gef&#252;hl irgendwie noch nicht. Wie geht es euch damit in diesem Jahr? Was f&#252;r mich zu einer gem&#252;tlichen Weihnachtszeit dazu geh&#246;rt! F&#252;r etwas mehr Feeling habe ich beschlossen heute mal das volle Programm zu starten. Ich werde nachher mein Lieblingsweihnachts-Album von Michael Bubl\u00e9 (Affiliate Link) starten, die Lichterketten hervor holen und die Musik beim Putzen der Fenster laut anmachen, damit ich dann zumindest bei den Kindern schon einmal die Lichterketten aufh&#228;ngen kann. Es gibt so Dinge, die geh&#246;ren f&#252;r mich einfach zu einer richtigen Weihnachtszeit dazu. Verschiedene Dinge, die dieses ganz spezielle Gef&#252;hl in dieser Jahreszeit f&#252;r mich ausmachen. Vielleicht habt ihr ja auch so Indikatoren, die f&#252;r euch wichtig sind. Es ist aktuell schwer auszumachen, was &#252;berhaupt m&#246;glich ist. Wie bei all den anderen Dingen auch ist in diesem Jahr eben alles ein bisschen anders. So auch die Weihnachtszeit.&nbsp; Ein Beispiel: Weihnachtsm&#228;rkte werden in diesem Jahr nicht stattfinden d&#252;rfen. Ich finde das auch durchaus sinnvoll, wenn ich daran denke, wie voll sie immer sind. Wie schwer es manchmal ist auch nur einen Schritt vorw&#228;rts zu kommen. Aber f&#252;r mich geh&#246;rt dieses Weihnachtsmarkt-Feeling einfach dazu. Sie haben sich in den letzten Jahrzehnten zwar stark ver&#228;ndert und man &#228;rgert sich immer wieder &#252;ber die immer mehr werdenden &#8220;Fressst&#228;nde&#8221; und immer weniger sch&#246;ne Handarbeit und trotzdem haben sie ihren Charme. Letztes Jahr zum Beispiel fuhr der gro&#223;e Sohn das erste Mal mit mir das kleine Riesenrad. Es war eines meiner pers&#246;nlichen Highlights im letzten Jahr, das dieses Jahr wohl ausfallen wird. Ich liebe das Lachen und Strahlen in den Gesichtern meiner Kinder, wenn sie mit dem alten Kinderkarussell ihre Runden drehen d&#252;rfen, was zu jedem guten Weihnachtsmarkt-Besuch geh&#246;rt. Ich liebe es, wenn wir uns mit Freunden an einem Stand mit Feuerzangenbowle treffen, dazu die Kinder sich an den Keksen satt futtern und im Hintergrund die vielen verschiedenen D&#252;fte in der Luft schweben und &#252;ber die Lautsprecher von &#252;berall her die Weihnachtsmusik erklingt. Ein bisschen Schlendern &#252;ber den Mittelaltermarkt, wo ein P&#228;rchen mit Dudelsack und Co. nochmal ganz andere Musik f&#252;r uns spielen. Ich liebe das einfach&#8230; und dieses Jahr wird das so nicht stattfinden k&#246;nnen. &#8220;Wir machen uns einfach im Garten einen eigenen kleinen Weihnachtsmarkt&#8221;, sagte der Mann zu mir und ich finde den Gedanken wirklich sch&#246;n und irgendwie auch romantisch. Mit Stockbrot &#252;ber dem Feuerkorb, dazu eine warme Tasse Kakao f&#252;r die Kinder und einen kleinen Gl&#252;hwein f&#252;r uns. Aber.. ja, ich habe immer ein kleines aber&#8230; es ist eben nicht das, was ich am Weihnachtsmarkt so liebe. Das Gesellige fehlt, die ganzen D&#252;fte und die Atmosph&#228;re wird einfach eine andere sein. Aber sei es drum. Wie das ganze Jahr nun schon gilt es einfach das Beste aus allem heraus zu holen. Was eben so geht und es ist dennoch eine wirklich sch&#246;ne Idee und beschert und sicherlich sch&#246;ne neue Erinnerungen an eine etwas andere Weihnachtszeit. Doch was macht noch eine sch&#246;ne Weihnachtszeit aus? Es ist ja nicht nur der Weihnachtsmarkt, der in dieser Zeit eine Rolle spielt. Da sind so viele andere Sachen, die dazu beitragen k&#246;nnen, dass es sich wie Vorweihnachtszeit anf&#252;hlt. Dinge, die auch gut so funktionieren. Zu Hause. Kleinigkeiten, die dieses Feeling f&#252;r Weihnachten einfach ausmachen. Kleine Traditionen, die sich schon teilweise seit Generationen erhalten. Im Heldenhaushalt sind das zum Beispiel folgende Dinge: Wunschzettel und Briefe an den Weihnachtsmann: Der Wunschzettel ist ja etwas, das ich noch aus meiner Kindheit kenne. Jedes Jahr wieder wurde er gemalt und die Engelchen holten ihn in der Nacht ab, um ihn dem Weihnachtsmann zu bringen. Ganz wichtig war dabei: Der Wunschzettel sollte selbst gemacht sein. Am besten gemalt. Zumindest bei uns. Das machen wir heute noch so und ich liebe das. Nun sind die Jungs nicht so leidenschaftlich beim Malen dabei wie ich, so dass wir immer anders kreativ werden, aber dennoch steht das jedes Jahr wieder auf dem Plan. Seit dem gro&#223;en Sohn geh&#246;rt es nun auch dazu, dass wir dem Weihnachtsmann jedes Jahr einen Brief schreiben und auf Antwort von ihm hoffen. In diesem Brief erz&#228;hlt ihm der Miniheld inzwischen jedes Jahr, welchen Baum wir aufstellen wollen und worauf er sich in der Weihnachtszeit so freut. Der kleine Sohn malt ihm immer seine Lieblingssachen auf.&nbsp; Adventskalender: Ist klar. Geh&#246;rt dazu und ist immer etwas Besonderes. Tats&#228;chlich bevorzugen die Heldenkinder immer noch die selbstgemachten Kalender die mit kleinen individuellen &#220;berraschungen gef&#252;llt sind. Sie werden irgendwie immer selber zu einem kleinen Teil der Weihnachtsdekoration und begleiten uns durch den gesamten Dezember, erleichtern die Wartezeit ein wenig. Der Adventskranz: Wenn ich auf etwas Wert lege dann, dass wir uns jeden Adventssonntag Zeit nehmen, um uns ein bisschen zusammen an den Esstisch zu setzen und eine Kerze am Adventskranz anzuz&#252;nden. Dabei essen wir Kekse, h&#246;ren etwas Musik und genie&#223;en einfach den Moment. Dank Schule, Arbeit und meist vieler anderer Termine finden wir normal kaum Zeit f&#252;r so einen ruhigen Moment. Aber das schaffen wir dann doch. Inzwischen ist es auch der Miniheld, der die Kerzen immer anz&#252;nden darf. In den letzten Jahren habe ich immer den gleichen &#8220;Adventskranz&#8221; gehabt, weil er mir so gut gefiel. Mit kleinen Rehen und viel Naturmaterialien, so dass ich nie das Bed&#252;rfnis hatte einen neuen Kranz zu machen, doch dieses Jahr m&#246;chte ich es mal wieder versuchen. Vielleicht zeige ich euch am Dienstag ja, wie der neue aussieht und wie ich ihn gemacht habe. Kekse backen: Darauf freuen sich sicherlich die Kinder jedes Jahr am meisten. Oft kommen sie schon Wochen vorher an und fordern den ersten Keksteig zum backen. Auch dieses Jahr haben sie schon &#8220;Herbstkekse&#8221; gebacken. Aber bei Weihnachtsliedern und mit weihnachtlichen Ausstechern bekommt das Ganze nochmal ein vollkommen anderes Feeling. Wir waren fr&#252;her mal zu einer Backsession in Frankfurt eingeladen. Ein j&#228;hrliches Event unserer Freunde, die mit der ganzen Familie zum Backen zusammen kamen und jeder brachte sein Lieblingsrezept mit. Am Ende wurden alle Kekse untereinander aufgeteilt und man fuhr mit einer prall gef&#252;llten Keksdose nach Hause. Ich glaube das machen wir dieses Jahr mal als Videokonferenz mit verschiedenen Menschen. Die Idee gef&#228;llt mir. Weihnachtslieder und Weihnachtsfilme: Inzwischen kennen wir wohl die meisten Weihnachtsfilme. Es kommen zwar jedes Jahr wieder neue raus, aber kaum einer schafft es dann auf unsere Liste der Lieblingsfilme. Die Erz&#228;hlart hat sich einfach teilweise zu sehr ver&#228;ndert. Sehr sch&#246;n fand ich letztes Jahr den neuen Film &#8220;Klaus&#8221;. Aber zu unseren Alltime-Favoriten geh&#246;rt nat&#252;rlich die &#8220;Muppets Weihnachtsgeschichte&#8221;, &#8220;Der Grinch&#8221; (durchaus die alte UND neue Version), &#8220;Nightmare before christimas&#8221; f&#252;r die Zeit zwischen Halloween und Weihnachten oder auch die &#8220;Santa Clause&#8221; Filme mit Tim Allen, einfach weil ich die Darstellung der Weihnachtsstadt so liebe. Achja und &#8220;Die W&#228;chter des Lichts&#8221;, auch wenn es eigentlich kein richtiger Weihnachtsfilm ist. Welche Filme geh&#246;ren f&#252;r euch auf jeden Fall noch dazu? Und dann nat&#252;rlich die Musik, der Soundtrack f&#252;r die Weihnachtszeit. Verschiedene Playlists, aber auch die Weihnachtsalben von Rolf Zukowski, die hier dann rauf und runter laufen neben dem Weihnachtsalbum von Michael Bubl\u00e9, wie ich oben schon kurz erw&#228;hnte. Erz&#228;hlt mir doch auch hier von euren Favoriten. Es gibt sicherlich noch eines, was ich noch nicht kenne. Weihnachtsb&#252;cher: Auf dem Dachboden habe ich eine Kiste nur mit Weihnachtsb&#252;chern gef&#252;llt. Diese hole ich zu Beginn der Weihnachtszeit immer runter und dann werden alle Regale und B&#252;chertaschen mit diesen gef&#252;llt, so dass wir uns oft auf dem Sofa einfinden und gemeinsam darin bl&#228;ttern (oder die Kinder auch einfach mal alleine). Seit letztes Jahr w&#228;hlen wir auch immer ein Buch aus, das wir &#252;ber die gesamte Zeit bis zum Weihnachtsabend hin gemeinsam lesen. Letztes Jahr war das &#8220;Der Weihnachtosaurus&#8221; (Affiliate Link). Jeden Abend lag ich mit den Kindern im Bett und wir lasen ein Kapitel aus dem Buch. Dieses Jahr wird uns nun ab dem 1. Advent der zweite der Teil Geschichte durch die n&#228;chsten Wochen begleiten. Die Kiste wird &#252;brigens von Jahr zu Jahr voller, weil einfach jedes Jahr viele wundersch&#246;ne neue Geschichten erscheinen. Ein paar zeige ich euch demn&#228;chst mal.# Und dann ist da nat&#252;rlich noch der Weihnachtsbaum!!! Normalerweise haben wir immer am 1. Advent den Weihnachtsbaum aufgestellt. Damit hatten der Held und ich irgendwann mal angefangen, weil ich es einfach affig finde einen Baum zu kaufen,&#8230;<\/p>\n","protected":false},"author":1,"featured_media":50706,"comment_status":"open","ping_status":"open","sticky":false,"template":"","format":"standard","meta":{"ngg_post_thumbnail":0,"footnotes":""},"categories":[46,2210,50],"tags":[2528,2661,392,81,74,2790,62,515,51],"class_list":["post-50703","post","type-post","status-publish","format-standard","has-post-thumbnail","hentry","category-feiertage","category-featured","category-gedanken","tag-corona","tag-covid-19","tag-gedanken","tag-kinder","tag-traditionen","tag-vorweihnachtszeit","tag-weihnachten","tag-weihnachtszeit","tag-erinnerungen"],"yoast_head":"<!-- This site is optimized with the Yoast SEO plugin v27.5 - https:\/\/yoast.com\/product\/yoast-seo-wordpress\/ -->\n<title>Meine Weihnachtszeit - Was f\u00fcr mich einfach immer dazu geh\u00f6rt<\/title>\n<meta name=\"description\" content=\"Mit dem gro\u00dfen Sohn sprach ich gestern \u00fcber die Weihnachtszeit. Es ist seltsam, aber dieses Jahr bin ich irgendwie noch nicht bereit daf\u00fcr.\" \/>\n<meta name=\"robots\" content=\"index, follow, max-snippet:-1, max-image-preview:large, max-video-preview:-1\" \/>\n<link rel=\"canonical\" href=\"https:\/\/www.heldenhaushalt.de\/sari02\/index.php\/2020\/11\/26\/meine-weihnachtszeit\/\" \/>\n<meta property=\"og:locale\" content=\"de_DE\" \/>\n<meta property=\"og:type\" content=\"article\" \/>\n<meta property=\"og:title\" content=\"Meine Weihnachtszeit - Was f\u00fcr mich einfach immer dazu geh\u00f6rt\" \/>\n<meta property=\"og:description\" content=\"Mit dem gro\u00dfen Sohn sprach ich gestern \u00fcber die Weihnachtszeit. Es ist seltsam, aber dieses Jahr bin ich irgendwie noch nicht bereit daf\u00fcr.\" \/>\n<meta property=\"og:url\" content=\"https:\/\/www.heldenhaushalt.de\/sari02\/index.php\/2020\/11\/26\/meine-weihnachtszeit\/\" \/>\n<meta property=\"og:site_name\" content=\"Heldenhaushalt\" \/>\n<meta property=\"article:published_time\" content=\"2020-11-26T08:15:28+00:00\" \/>\n<meta property=\"og:image\" content=\"https:\/\/www.heldenhaushalt.de\/sari02\/wp-content\/uploads\/2020\/11\/weihnachtszeit01.jpg\" \/>\n\t<meta property=\"og:image:width\" content=\"1000\" \/>\n\t<meta property=\"og:image:height\" content=\"656\" \/>\n\t<meta property=\"og:image:type\" content=\"image\/jpeg\" \/>\n<meta name=\"author\" content=\"Sari\" \/>\n<meta name=\"twitter:card\" content=\"summary_large_image\" \/>\n<meta name=\"twitter:creator\" content=\"@Heldenhaushalt\" \/>\n<meta name=\"twitter:site\" content=\"@Heldenhaushalt\" \/>\n<meta name=\"twitter:label1\" content=\"Verfasst von\" \/>\n\t<meta name=\"twitter:data1\" content=\"Sari\" \/>\n\t<meta name=\"twitter:label2\" content=\"Gesch\u00e4tzte Lesezeit\" \/>\n\t<meta name=\"twitter:data2\" content=\"14\u00a0Minuten\" \/>\n<script type=\"application\/ld+json\" class=\"yoast-schema-graph\">{\"@context\":\"https:\\\/\\\/schema.org\",\"@graph\":[{\"@type\":\"Article\",\"@id\":\"https:\\\/\\\/www.heldenhaushalt.de\\\/sari02\\\/index.php\\\/2020\\\/11\\\/26\\\/meine-weihnachtszeit\\\/#article\",\"isPartOf\":{\"@id\":\"https:\\\/\\\/www.heldenhaushalt.de\\\/sari02\\\/index.php\\\/2020\\\/11\\\/26\\\/meine-weihnachtszeit\\\/\"},\"author\":{\"name\":\"Sari\",\"@id\":\"https:\\\/\\\/www.heldenhaushalt.de\\\/sari02\\\/#\\\/schema\\\/person\\\/a1cc69f42a01f412eb62c151353814f6\"},\"headline\":\"Meine Weihnachtszeit &#8211; Was f&#252;r mich einfach immer dazu geh&#246;rt\",\"datePublished\":\"2020-11-26T08:15:28+00:00\",\"mainEntityOfPage\":{\"@id\":\"https:\\\/\\\/www.heldenhaushalt.de\\\/sari02\\\/index.php\\\/2020\\\/11\\\/26\\\/meine-weihnachtszeit\\\/\"},\"wordCount\":2751,\"commentCount\":2,\"publisher\":{\"@id\":\"https:\\\/\\\/www.heldenhaushalt.de\\\/sari02\\\/#\\\/schema\\\/person\\\/a1cc69f42a01f412eb62c151353814f6\"},\"image\":{\"@id\":\"https:\\\/\\\/www.heldenhaushalt.de\\\/sari02\\\/index.php\\\/2020\\\/11\\\/26\\\/meine-weihnachtszeit\\\/#primaryimage\"},\"thumbnailUrl\":\"https:\\\/\\\/www.heldenhaushalt.de\\\/sari02\\\/wp-content\\\/uploads\\\/2020\\\/11\\\/weihnachtszeit01.jpg\",\"keywords\":[\"Corona\",\"Covid-19\",\"Gedankenwelt\",\"Kinder\",\"Traditionen\",\"Vorweihnachtszeit\",\"Weihnachten\",\"Weihnachtszeit\",\"Zur\u00fcckgedacht\"],\"articleSection\":[\"Besondere Anl\u00e4sse\",\"Featured\",\"Gedankenwelt\"],\"inLanguage\":\"de\",\"potentialAction\":[{\"@type\":\"CommentAction\",\"name\":\"Comment\",\"target\":[\"https:\\\/\\\/www.heldenhaushalt.de\\\/sari02\\\/index.php\\\/2020\\\/11\\\/26\\\/meine-weihnachtszeit\\\/#respond\"]}]},{\"@type\":\"WebPage\",\"@id\":\"https:\\\/\\\/www.heldenhaushalt.de\\\/sari02\\\/index.php\\\/2020\\\/11\\\/26\\\/meine-weihnachtszeit\\\/\",\"url\":\"https:\\\/\\\/www.heldenhaushalt.de\\\/sari02\\\/index.php\\\/2020\\\/11\\\/26\\\/meine-weihnachtszeit\\\/\",\"name\":\"Meine Weihnachtszeit - Was f\u00fcr mich einfach immer dazu geh\u00f6rt\",\"isPartOf\":{\"@id\":\"https:\\\/\\\/www.heldenhaushalt.de\\\/sari02\\\/#website\"},\"primaryImageOfPage\":{\"@id\":\"https:\\\/\\\/www.heldenhaushalt.de\\\/sari02\\\/index.php\\\/2020\\\/11\\\/26\\\/meine-weihnachtszeit\\\/#primaryimage\"},\"image\":{\"@id\":\"https:\\\/\\\/www.heldenhaushalt.de\\\/sari02\\\/index.php\\\/2020\\\/11\\\/26\\\/meine-weihnachtszeit\\\/#primaryimage\"},\"thumbnailUrl\":\"https:\\\/\\\/www.heldenhaushalt.de\\\/sari02\\\/wp-content\\\/uploads\\\/2020\\\/11\\\/weihnachtszeit01.jpg\",\"datePublished\":\"2020-11-26T08:15:28+00:00\",\"description\":\"Mit dem gro\u00dfen Sohn sprach ich gestern \u00fcber die Weihnachtszeit. Es ist seltsam, aber dieses Jahr bin ich irgendwie noch nicht bereit daf\u00fcr.\",\"breadcrumb\":{\"@id\":\"https:\\\/\\\/www.heldenhaushalt.de\\\/sari02\\\/index.php\\\/2020\\\/11\\\/26\\\/meine-weihnachtszeit\\\/#breadcrumb\"},\"inLanguage\":\"de\",\"potentialAction\":[{\"@type\":\"ReadAction\",\"target\":[\"https:\\\/\\\/www.heldenhaushalt.de\\\/sari02\\\/index.php\\\/2020\\\/11\\\/26\\\/meine-weihnachtszeit\\\/\"]}]},{\"@type\":\"ImageObject\",\"inLanguage\":\"de\",\"@id\":\"https:\\\/\\\/www.heldenhaushalt.de\\\/sari02\\\/index.php\\\/2020\\\/11\\\/26\\\/meine-weihnachtszeit\\\/#primaryimage\",\"url\":\"https:\\\/\\\/www.heldenhaushalt.de\\\/sari02\\\/wp-content\\\/uploads\\\/2020\\\/11\\\/weihnachtszeit01.jpg\",\"contentUrl\":\"https:\\\/\\\/www.heldenhaushalt.de\\\/sari02\\\/wp-content\\\/uploads\\\/2020\\\/11\\\/weihnachtszeit01.jpg\",\"width\":1000,\"height\":656,\"caption\":\"Weihnachtszeit\"},{\"@type\":\"BreadcrumbList\",\"@id\":\"https:\\\/\\\/www.heldenhaushalt.de\\\/sari02\\\/index.php\\\/2020\\\/11\\\/26\\\/meine-weihnachtszeit\\\/#breadcrumb\",\"itemListElement\":[{\"@type\":\"ListItem\",\"position\":1,\"name\":\"Startseite\",\"item\":\"https:\\\/\\\/www.heldenhaushalt.de\\\/sari02\\\/\"},{\"@type\":\"ListItem\",\"position\":2,\"name\":\"Meine Weihnachtszeit &#8211; Was f&#252;r mich einfach immer dazu geh&#246;rt\"}]},{\"@type\":\"WebSite\",\"@id\":\"https:\\\/\\\/www.heldenhaushalt.de\\\/sari02\\\/#website\",\"url\":\"https:\\\/\\\/www.heldenhaushalt.de\\\/sari02\\\/\",\"name\":\"Heldenhaushalt\",\"description\":\"Wer es ordentlich haben will, der muss vorher anrufen\",\"publisher\":{\"@id\":\"https:\\\/\\\/www.heldenhaushalt.de\\\/sari02\\\/#\\\/schema\\\/person\\\/a1cc69f42a01f412eb62c151353814f6\"},\"potentialAction\":[{\"@type\":\"SearchAction\",\"target\":{\"@type\":\"EntryPoint\",\"urlTemplate\":\"https:\\\/\\\/www.heldenhaushalt.de\\\/sari02\\\/?s={search_term_string}\"},\"query-input\":{\"@type\":\"PropertyValueSpecification\",\"valueRequired\":true,\"valueName\":\"search_term_string\"}}],\"inLanguage\":\"de\"},{\"@type\":[\"Person\",\"Organization\"],\"@id\":\"https:\\\/\\\/www.heldenhaushalt.de\\\/sari02\\\/#\\\/schema\\\/person\\\/a1cc69f42a01f412eb62c151353814f6\",\"name\":\"Sari\",\"image\":{\"@type\":\"ImageObject\",\"inLanguage\":\"de\",\"@id\":\"https:\\\/\\\/www.heldenhaushalt.de\\\/sari02\\\/wp-content\\\/uploads\\\/2019\\\/02\\\/sari-april2018.png\",\"url\":\"https:\\\/\\\/www.heldenhaushalt.de\\\/sari02\\\/wp-content\\\/uploads\\\/2019\\\/02\\\/sari-april2018.png\",\"contentUrl\":\"https:\\\/\\\/www.heldenhaushalt.de\\\/sari02\\\/wp-content\\\/uploads\\\/2019\\\/02\\\/sari-april2018.png\",\"width\":500,\"height\":500,\"caption\":\"Sari\"},\"logo\":{\"@id\":\"https:\\\/\\\/www.heldenhaushalt.de\\\/sari02\\\/wp-content\\\/uploads\\\/2019\\\/02\\\/sari-april2018.png\"},\"description\":\"Frau Mondgras \u2013 Das bin ich, Sari. Gerne auch als Sari Mondgras bekannt und im Internet zu finden. 2-Fach-Mutter, Heldenehefrau, Kreativling, Harmonies\u00fcchtig und st\u00e4ndig auf der Suche nach Gl\u00fcck. Ich komme aus Berlin, bin hier aufgewachsen und lebe hier seit ich denken kann.\",\"sameAs\":[\"https:\\\/\\\/www.instagram.com\\\/heldenhaushalt\\\/\"],\"url\":\"https:\\\/\\\/www.heldenhaushalt.de\\\/sari02\\\/index.php\\\/author\\\/admin\\\/\"}]}<\/script>\n<!-- \/ Yoast SEO plugin. -->","yoast_head_json":{"title":"Meine Weihnachtszeit - Was f\u00fcr mich einfach immer dazu geh\u00f6rt","description":"Mit dem gro\u00dfen Sohn sprach ich gestern \u00fcber die Weihnachtszeit. Es ist seltsam, aber dieses Jahr bin ich irgendwie noch nicht bereit daf\u00fcr.","robots":{"index":"index","follow":"follow","max-snippet":"max-snippet:-1","max-image-preview":"max-image-preview:large","max-video-preview":"max-video-preview:-1"},"canonical":"https:\/\/www.heldenhaushalt.de\/sari02\/index.php\/2020\/11\/26\/meine-weihnachtszeit\/","og_locale":"de_DE","og_type":"article","og_title":"Meine Weihnachtszeit - Was f\u00fcr mich einfach immer dazu geh\u00f6rt","og_description":"Mit dem gro\u00dfen Sohn sprach ich gestern \u00fcber die Weihnachtszeit. Es ist seltsam, aber dieses Jahr bin ich irgendwie noch nicht bereit daf\u00fcr.","og_url":"https:\/\/www.heldenhaushalt.de\/sari02\/index.php\/2020\/11\/26\/meine-weihnachtszeit\/","og_site_name":"Heldenhaushalt","article_published_time":"2020-11-26T08:15:28+00:00","og_image":[{"width":1000,"height":656,"url":"https:\/\/www.heldenhaushalt.de\/sari02\/wp-content\/uploads\/2020\/11\/weihnachtszeit01.jpg","type":"image\/jpeg"}],"author":"Sari","twitter_card":"summary_large_image","twitter_creator":"@Heldenhaushalt","twitter_site":"@Heldenhaushalt","twitter_misc":{"Verfasst von":"Sari","Gesch\u00e4tzte Lesezeit":"14\u00a0Minuten"},"schema":{"@context":"https:\/\/schema.org","@graph":[{"@type":"Article","@id":"https:\/\/www.heldenhaushalt.de\/sari02\/index.php\/2020\/11\/26\/meine-weihnachtszeit\/#article","isPartOf":{"@id":"https:\/\/www.heldenhaushalt.de\/sari02\/index.php\/2020\/11\/26\/meine-weihnachtszeit\/"},"author":{"name":"Sari","@id":"https:\/\/www.heldenhaushalt.de\/sari02\/#\/schema\/person\/a1cc69f42a01f412eb62c151353814f6"},"headline":"Meine Weihnachtszeit &#8211; Was f&#252;r mich einfach immer dazu geh&#246;rt","datePublished":"2020-11-26T08:15:28+00:00","mainEntityOfPage":{"@id":"https:\/\/www.heldenhaushalt.de\/sari02\/index.php\/2020\/11\/26\/meine-weihnachtszeit\/"},"wordCount":2751,"commentCount":2,"publisher":{"@id":"https:\/\/www.heldenhaushalt.de\/sari02\/#\/schema\/person\/a1cc69f42a01f412eb62c151353814f6"},"image":{"@id":"https:\/\/www.heldenhaushalt.de\/sari02\/index.php\/2020\/11\/26\/meine-weihnachtszeit\/#primaryimage"},"thumbnailUrl":"https:\/\/www.heldenhaushalt.de\/sari02\/wp-content\/uploads\/2020\/11\/weihnachtszeit01.jpg","keywords":["Corona","Covid-19","Gedankenwelt","Kinder","Traditionen","Vorweihnachtszeit","Weihnachten","Weihnachtszeit","Zur\u00fcckgedacht"],"articleSection":["Besondere Anl\u00e4sse","Featured","Gedankenwelt"],"inLanguage":"de","potentialAction":[{"@type":"CommentAction","name":"Comment","target":["https:\/\/www.heldenhaushalt.de\/sari02\/index.php\/2020\/11\/26\/meine-weihnachtszeit\/#respond"]}]},{"@type":"WebPage","@id":"https:\/\/www.heldenhaushalt.de\/sari02\/index.php\/2020\/11\/26\/meine-weihnachtszeit\/","url":"https:\/\/www.heldenhaushalt.de\/sari02\/index.php\/2020\/11\/26\/meine-weihnachtszeit\/","name":"Meine Weihnachtszeit - Was f\u00fcr mich einfach immer dazu geh\u00f6rt","isPartOf":{"@id":"https:\/\/www.heldenhaushalt.de\/sari02\/#website"},"primaryImageOfPage":{"@id":"https:\/\/www.heldenhaushalt.de\/sari02\/index.php\/2020\/11\/26\/meine-weihnachtszeit\/#primaryimage"},"image":{"@id":"https:\/\/www.heldenhaushalt.de\/sari02\/index.php\/2020\/11\/26\/meine-weihnachtszeit\/#primaryimage"},"thumbnailUrl":"https:\/\/www.heldenhaushalt.de\/sari02\/wp-content\/uploads\/2020\/11\/weihnachtszeit01.jpg","datePublished":"2020-11-26T08:15:28+00:00","description":"Mit dem gro\u00dfen Sohn sprach ich gestern \u00fcber die Weihnachtszeit. Es ist seltsam, aber dieses Jahr bin ich irgendwie noch nicht bereit daf\u00fcr.","breadcrumb":{"@id":"https:\/\/www.heldenhaushalt.de\/sari02\/index.php\/2020\/11\/26\/meine-weihnachtszeit\/#breadcrumb"},"inLanguage":"de","potentialAction":[{"@type":"ReadAction","target":["https:\/\/www.heldenhaushalt.de\/sari02\/index.php\/2020\/11\/26\/meine-weihnachtszeit\/"]}]},{"@type":"ImageObject","inLanguage":"de","@id":"https:\/\/www.heldenhaushalt.de\/sari02\/index.php\/2020\/11\/26\/meine-weihnachtszeit\/#primaryimage","url":"https:\/\/www.heldenhaushalt.de\/sari02\/wp-content\/uploads\/2020\/11\/weihnachtszeit01.jpg","contentUrl":"https:\/\/www.heldenhaushalt.de\/sari02\/wp-content\/uploads\/2020\/11\/weihnachtszeit01.jpg","width":1000,"height":656,"caption":"Weihnachtszeit"},{"@type":"BreadcrumbList","@id":"https:\/\/www.heldenhaushalt.de\/sari02\/index.php\/2020\/11\/26\/meine-weihnachtszeit\/#breadcrumb","itemListElement":[{"@type":"ListItem","position":1,"name":"Startseite","item":"https:\/\/www.heldenhaushalt.de\/sari02\/"},{"@type":"ListItem","position":2,"name":"Meine Weihnachtszeit &#8211; Was f&#252;r mich einfach immer dazu geh&#246;rt"}]},{"@type":"WebSite","@id":"https:\/\/www.heldenhaushalt.de\/sari02\/#website","url":"https:\/\/www.heldenhaushalt.de\/sari02\/","name":"Heldenhaushalt","description":"Wer es ordentlich haben will, der muss vorher anrufen","publisher":{"@id":"https:\/\/www.heldenhaushalt.de\/sari02\/#\/schema\/person\/a1cc69f42a01f412eb62c151353814f6"},"potentialAction":[{"@type":"SearchAction","target":{"@type":"EntryPoint","urlTemplate":"https:\/\/www.heldenhaushalt.de\/sari02\/?s={search_term_string}"},"query-input":{"@type":"PropertyValueSpecification","valueRequired":true,"valueName":"search_term_string"}}],"inLanguage":"de"},{"@type":["Person","Organization"],"@id":"https:\/\/www.heldenhaushalt.de\/sari02\/#\/schema\/person\/a1cc69f42a01f412eb62c151353814f6","name":"Sari","image":{"@type":"ImageObject","inLanguage":"de","@id":"https:\/\/www.heldenhaushalt.de\/sari02\/wp-content\/uploads\/2019\/02\/sari-april2018.png","url":"https:\/\/www.heldenhaushalt.de\/sari02\/wp-content\/uploads\/2019\/02\/sari-april2018.png","contentUrl":"https:\/\/www.heldenhaushalt.de\/sari02\/wp-content\/uploads\/2019\/02\/sari-april2018.png","width":500,"height":500,"caption":"Sari"},"logo":{"@id":"https:\/\/www.heldenhaushalt.de\/sari02\/wp-content\/uploads\/2019\/02\/sari-april2018.png"},"description":"Frau Mondgras \u2013 Das bin ich, Sari. Gerne auch als Sari Mondgras bekannt und im Internet zu finden. 2-Fach-Mutter, Heldenehefrau, Kreativling, Harmonies\u00fcchtig und st\u00e4ndig auf der Suche nach Gl\u00fcck. Ich komme aus Berlin, bin hier aufgewachsen und lebe hier seit ich denken kann.","sameAs":["https:\/\/www.instagram.com\/heldenhaushalt\/"],"url":"https:\/\/www.heldenhaushalt.de\/sari02\/index.php\/author\/admin\/"}]}},"views":2302,"_links":{"self":[{"href":"https:\/\/www.heldenhaushalt.de\/sari02\/index.php\/wp-json\/wp\/v2\/posts\/50703","targetHints":{"allow":["GET"]}}],"collection":[{"href":"https:\/\/www.heldenhaushalt.de\/sari02\/index.php\/wp-json\/wp\/v2\/posts"}],"about":[{"href":"https:\/\/www.heldenhaushalt.de\/sari02\/index.php\/wp-json\/wp\/v2\/types\/post"}],"author":[{"embeddable":true,"href":"https:\/\/www.heldenhaushalt.de\/sari02\/index.php\/wp-json\/wp\/v2\/users\/1"}],"replies":[{"embeddable":true,"href":"https:\/\/www.heldenhaushalt.de\/sari02\/index.php\/wp-json\/wp\/v2\/comments?post=50703"}],"version-history":[{"count":2,"href":"https:\/\/www.heldenhaushalt.de\/sari02\/index.php\/wp-json\/wp\/v2\/posts\/50703\/revisions"}],"predecessor-version":[{"id":50705,"href":"https:\/\/www.heldenhaushalt.de\/sari02\/index.php\/wp-json\/wp\/v2\/posts\/50703\/revisions\/50705"}],"wp:featuredmedia":[{"embeddable":true,"href":"https:\/\/www.heldenhaushalt.de\/sari02\/index.php\/wp-json\/wp\/v2\/media\/50706"}],"wp:attachment":[{"href":"https:\/\/www.heldenhaushalt.de\/sari02\/index.php\/wp-json\/wp\/v2\/media?parent=50703"}],"wp:term":[{"taxonomy":"category","embeddable":true,"href":"https:\/\/www.heldenhaushalt.de\/sari02\/index.php\/wp-json\/wp\/v2\/categories?post=50703"},{"taxonomy":"post_tag","embeddable":true,"href":"https:\/\/www.heldenhaushalt.de\/sari02\/index.php\/wp-json\/wp\/v2\/tags?post=50703"}],"curies":[{"name":"wp","href":"https:\/\/api.w.org\/{rel}","templated":true}]}}