{"id":50707,"date":"2020-12-01T09:30:00","date_gmt":"2020-12-01T08:30:00","guid":{"rendered":"https:\/\/www.heldenhaushalt.de\/sari02\/?p=50707"},"modified":"2020-12-01T09:25:25","modified_gmt":"2020-12-01T08:25:25","slug":"creadienstag-adventskranz","status":"publish","type":"post","link":"https:\/\/www.heldenhaushalt.de\/sari02\/index.php\/2020\/12\/01\/creadienstag-adventskranz\/","title":{"rendered":"Creadienstag &#8211; Ein neuer Adventskranz entsteht"},"content":{"rendered":"<p style=\"text-align: right;\"><small>Enth&#228;lt (unbezahlte) Werbung*<\/small><\/p>\n<p>Viele Jahre lang habe ich (mehr oder weniger) <a href=\"https:\/\/www.heldenhaushalt.de\/sari02\/index.php\/2016\/11\/27\/adventskranz-2016\/\">immer den gleichen Adventskranz<\/a> f&#252;r die Adventszeit genutzt. Der Grund daf&#252;r war ganz simpel: Er gefiel mir so gut, dass ich ihn einfach am Ende der Weihnachtszeit in einen Schrank r&#228;umte und p&#252;nktlich zum ersten Advent dann wieder hervor holte. So lange er mir dann ein Jahr sp&#228;ter noch immer gut gefiel, gab es einfach keinen Anlass einen neuen zu machen. Ein Jahr wechselte ich ein wenig die Walddeko ,die auf meinem Holztablett verteilt war, das ich daf&#252;r nutzte, aber im Groben blieb er gleich.<\/p>\n<p>Ganz fr&#252;her kaufte ich jedes Jahr auf dem Weg zur Arbeit immer beim gleichen Blumenladen einen Kranz mit gemischter Tanne und dekorierte ihn dann zu Hause, so wie ich es bei meiner Mutter und meiner Oma immer gesehen hatte. Irgendwann gefiel mir aber die Tablett-Variante irgendwie besser und warum etwas &#228;ndern, was gef&#228;llt, oder?<\/p>\n<figure style=\"width: 800px\" class=\"wp-caption alignnone\"><img loading=\"lazy\" decoding=\"async\" src=\"http:\/\/www.heldenhaushalt.de\/sari02\/wp-content\/uploads\/2016\/11\/IMG_4756.jpg\" alt=\"Adventskranz\" width=\"800\" height=\"533\"><figcaption class=\"wp-caption-text\"><small>Viele Jahre war das unser Adventskranz<\/small><\/figcaption><\/figure>\n<h2>Bis vor kurzem hatte ich auch wieder vor einfach das Tablett vom Dachboden zu holen&#8230;<\/h2>\n<p>&#8230;ich hatte eigentlich gar nicht vor mich dieses Jahr mal an etwas Neuem zu versuchen, aber wie so vieles andere in diesem Jahr, ereilte mich dieser Flitz ganz spontan.<\/p>\n<p>Beim Wocheneinkauf wollte ich neue Kerzen f&#252;r den Kranz mitnehmen, war aber etwas geschockt wegen der teilweise doch recht heftigen Preise. Ich muss dazu sagen, dass die Kerzen auf dem Adventskranz die einzigen sind, die bei uns brennen. Ansonsten haben wir nie Kerzen an. Eher mal ein indirektes Licht oder eine Lichterkette. Kerzen jedoch geh&#246;rten nie gro&#223; zu den Lichtquellen, die wir nutzen. Das hatte verschiedene Gr&#252;nde. Erst die Tatsache, dass wir in einer Dachwohnung mit vielen Schr&#228;gen wohnten und sp&#228;ter der Faktor Kinder. Nur die Kerzen auf dem Adventskranz, die waren immer echt. Wie dem auch sei. Ich kaufte beim Wocheneinkauf keine und wollte lieber notfalls nochmal losgehen.<\/p>\n<p>Auf dem Weg zum Auto kamen wir dann aber an einem kleinen Deko-Gesch&#228;ft vorbei, wo Kerzen gerade runtergesetzt waren. Richtig sch&#246;ne, dicke, matte und leicht glitzernde Kerzen. Ich hielt an, schickte den Mann schon mal weiter die Eink&#228;ufe ins Auto r&#228;umen und verschwand nochmal schnell in den Laden&#8230;. nur um dann auf einmal mit einer Idee bepackt aus diesem wieder heraus zu kommen *lach*. Spontan hatte ich im Laden den Entschluss gefasst, dass es dieses Jahr doch der richtige Zeitpunkt w&#228;re mal ein bisschen Ver&#228;nderung in die Traditionen zu bringen. Ich hatte verschiedene Materialien dabei, um etwas vollkommen Neues zu kreieren.<\/p>\n<h2>Creadienstag &#8211; Heute zeige ich euch den Entstehungsprozess unseres Adventskranz f&#252;r 2020<\/h2>\n<p>Wie praktisch, dass der 1. Advent auf einem Sonntag liegt, ich mega sp&#228;t dran war (wie ihr wisst, habe ich ihn erst am Sonntag fertig bekommen) und ich euch so p&#252;nktlich zum Creadienstag beim Entstehungsprozess vom Kranz mitnehmen kann. Falls ihr Lust habt nat&#252;rlich, ansonsten sehen wir uns morgen halt erst wieder, denn da ist etwas sportliches mit Gewinnspiel geplant. Aber das ist jetzt nur mal ein kleiner Spoiler.<\/p>\n<p>Wenn es euch interessiert, wie unser neuer Adventskranz entstanden ist, dann m&#246;chte ich euch heute zum Creadienstag die einzelnen Schritte der Ideenfindung zeigen, angefangen mit den Materialien, die ich gekauft habe *lach* :<\/p>\n<p><img loading=\"lazy\" decoding=\"async\" class=\"alignnone wp-image-50756 size-full\" src=\"https:\/\/www.heldenhaushalt.de\/sari02\/wp-content\/uploads\/2020\/12\/kranz01.jpg\" alt=\"Adventskranz\" width=\"1000\" height=\"700\" srcset=\"https:\/\/www.heldenhaushalt.de\/sari02\/wp-content\/uploads\/2020\/12\/kranz01.jpg 1000w, https:\/\/www.heldenhaushalt.de\/sari02\/wp-content\/uploads\/2020\/12\/kranz01-300x210.jpg 300w, https:\/\/www.heldenhaushalt.de\/sari02\/wp-content\/uploads\/2020\/12\/kranz01-768x538.jpg 768w\" sizes=\"auto, (max-width: 1000px) 100vw, 1000px\" \/><\/p>\n<p>Ich muss zugeben, ich bin ein paar Mal zur&#252;ck zu dem Tisch mit den Kerzen gelaufen. Erst hatte ich dunkelrote in der Hand, dann wei&#223;e mit Glitzer, nur um am Ende dann doch zu den schwarzen zu greifen, die mich immer wieder angel&#228;chelt haben. Zwischendurch kam schon eine Nachricht vom Mann, wo ich denn bleiben w&#252;rde (so dass ich dann zum Auto rannte *lach*). Ansto&#223; f&#252;r den neuen Adventskranz (auch wenn es ja eher kein typischer Kranz ist), war die Baumscheibe, die ihr auf dem Foto sehen k&#246;nnt. Ich fand sie so urig und schick, dass ich sie einfach mitnehmen musste. Mit einem kurzen Blick durch den Laden landeten dann noch Kunstschnee, Moos und dieses kleine LED Weihnachtsb&#228;umchen im Einkaufswagen und den Rest erhoffte ich mir dann zu Hause zu finden.<\/p>\n<p><img loading=\"lazy\" decoding=\"async\" class=\"alignnone wp-image-50757 size-full\" src=\"https:\/\/www.heldenhaushalt.de\/sari02\/wp-content\/uploads\/2020\/12\/kranz02.jpg\" alt=\"Adventskranz\" width=\"1000\" height=\"675\" srcset=\"https:\/\/www.heldenhaushalt.de\/sari02\/wp-content\/uploads\/2020\/12\/kranz02.jpg 1000w, https:\/\/www.heldenhaushalt.de\/sari02\/wp-content\/uploads\/2020\/12\/kranz02-300x203.jpg 300w, https:\/\/www.heldenhaushalt.de\/sari02\/wp-content\/uploads\/2020\/12\/kranz02-768x518.jpg 768w\" sizes=\"auto, (max-width: 1000px) 100vw, 1000px\" \/><\/p>\n<p>Bis der endg&#252;ltige Adventskranz dann fertig war, wechselte ich die Deko noch ein paar mal aus. Erst hatte ich n&#228;mlich aus der letzten Geek Gear Box den Thestral ausgew&#228;hlt, der so super zu den schwarzen Kerzen passen w&#252;rde und durch das Moos bekam das ganze noch so einen sch&#246;n schaurigen Waldcharakter, aber es erschien mir irgendwie nicht richtig (wenn man bedenkt, wann man eigentlich nur einen Thestral in der Geschichte tats&#228;chlich sehen kann). Also wanderte er wieder in meine Kiste.<\/p>\n<h2>Klar war, dass ich ja einen magischen Kranz kreieren wollte<\/h2>\n<p>Irgendwo erw&#228;hnte ich, glaube ich, ja schon einmal, dass ich dieses Jahr gerne einen richtig magischen Weihnachtsbaum machen wollte. Deshalb setzte ich mich auch damit durch, dass es dieses Jahr nach dem Geburtstag des kleinen Sohnes der gr&#252;ne Baum werden w&#252;rde, weil der einfach besser passt. Finde ich zumindest. Deshalb sollte auch der Kranz passend zum Thema werden. Dementsprechend suchte ich meine ganze Deko zu dem Thema durch und auch die sch&#246;nen Repliken, die man aus den Geek Gear Boxen so hat.<\/p>\n<p><img loading=\"lazy\" decoding=\"async\" class=\"alignnone wp-image-50758 size-full\" src=\"https:\/\/www.heldenhaushalt.de\/sari02\/wp-content\/uploads\/2020\/12\/kranz03.jpg\" alt=\"Adventskranz\" width=\"1000\" height=\"689\" srcset=\"https:\/\/www.heldenhaushalt.de\/sari02\/wp-content\/uploads\/2020\/12\/kranz03.jpg 1000w, https:\/\/www.heldenhaushalt.de\/sari02\/wp-content\/uploads\/2020\/12\/kranz03-300x207.jpg 300w, https:\/\/www.heldenhaushalt.de\/sari02\/wp-content\/uploads\/2020\/12\/kranz03-768x529.jpg 768w\" sizes=\"auto, (max-width: 1000px) 100vw, 1000px\" \/><\/p>\n<p>Neben der Kugel von der Prophezeiung, die ihr oben im Titel seht, hatte ich auch eine Miniatur des Spiegels Nehregeb in den H&#228;nden, doch alles stellte mich irgendwie nicht zufrieden und dann kam mir die z&#252;ndende Ideen. Der Demiguise sollte es werden. Den vom Foto habe ich aus einer <a href=\"https:\/\/www.amazon.de\/gp\/product\/B07N671XYS\/ref=as_li_tl?ie=UTF8&amp;camp=1638&amp;creative=6742&amp;creativeASIN=B07N671XYS&amp;linkCode=as2&amp;tag=mondgrasde-21&amp;linkId=847e0011dcbebd7a99fadf479fe5b901\" target=\"_blank\" rel=\"nofollow noopener noreferrer\">Mysterie Box von &#8220;Phantastic Beats&#8221;<\/a> <small>(Affiliate Link)<\/small>. Ich liebe die Figur des Demiguise und habe ihn deshalb auch schon einmal gezeichnet, falls ihr euch erinnert.<\/p>\n<p>Ich fand ihn einfach auch deshalb so passend, weil er zur Weihnachtszeit passende Gegenst&#228;nde in den H&#228;nden h&#228;lt. Wenn ihr ganz genau hinseht, k&#246;nnt ihr sicherlich die kleinen Zuckerstangen in seiner Tasche entdecken, oder? Er passt einfach perfekt!<\/p>\n<h2>Und pl&#246;tzlich hatte ich zwei Helfer an meiner Seite sitzen!<\/h2>\n<p>&#8220;Darf ich helfen&#8221;, rief der kleine Sohn auf einmal und da wurde auch der gro&#223;e Sohn hellh&#246;rig und fand sich neben mir auf dem Wohnzimmerboden ein. Ich war n&#228;mlich beim Kunstschnee angekommen, den ich ein wenig &#252;ber die Moos bedeckte Landschaft verteilen wollte.<\/p>\n<p><img loading=\"lazy\" decoding=\"async\" class=\"alignnone wp-image-50759 size-full\" src=\"https:\/\/www.heldenhaushalt.de\/sari02\/wp-content\/uploads\/2020\/12\/kranz04.jpg\" alt=\"Adventskranz\" width=\"1000\" height=\"693\" srcset=\"https:\/\/www.heldenhaushalt.de\/sari02\/wp-content\/uploads\/2020\/12\/kranz04.jpg 1000w, https:\/\/www.heldenhaushalt.de\/sari02\/wp-content\/uploads\/2020\/12\/kranz04-300x208.jpg 300w, https:\/\/www.heldenhaushalt.de\/sari02\/wp-content\/uploads\/2020\/12\/kranz04-768x532.jpg 768w\" sizes=\"auto, (max-width: 1000px) 100vw, 1000px\" \/><\/p>\n<p>Mein magisches Wesen hatte sich inzwischen darauf eingefunden und sa&#223; friedlich neben dem kleinen wei&#223;en Weihnachtsbaum, in dem winzige kleine Lichtlein funkelten. Mit viel Begeisterung lie&#223;en die Kinder den Kunstschnee &#252;ber den &#8220;Waldboden&#8221; rieseln und sorgten so f&#252;r ein wenig Weihnachts-Winterfeeling.<\/p>\n<p><img loading=\"lazy\" decoding=\"async\" class=\"alignnone size-full wp-image-50760\" src=\"https:\/\/www.heldenhaushalt.de\/sari02\/wp-content\/uploads\/2020\/12\/kranz05.jpg\" alt=\"Naturmaterialien\" width=\"1000\" height=\"662\" srcset=\"https:\/\/www.heldenhaushalt.de\/sari02\/wp-content\/uploads\/2020\/12\/kranz05.jpg 1000w, https:\/\/www.heldenhaushalt.de\/sari02\/wp-content\/uploads\/2020\/12\/kranz05-300x199.jpg 300w, https:\/\/www.heldenhaushalt.de\/sari02\/wp-content\/uploads\/2020\/12\/kranz05-768x508.jpg 768w\" sizes=\"auto, (max-width: 1000px) 100vw, 1000px\" \/><\/p>\n<p>Da mir das alles aber recht leer noch erschien, w&#252;hlte ich nochmal ein wenig in meinen Deko-Kisten und holte noch ein paar Naturmaterialien (unter anderem vom alten Kranz &#8211; so ganz ohne geht es dann scheinbar doch nicht) hervor, die ich rund um Baum und Wesen arrangierte<\/p>\n<p><img loading=\"lazy\" decoding=\"async\" class=\"alignnone size-full wp-image-50761\" src=\"https:\/\/www.heldenhaushalt.de\/sari02\/wp-content\/uploads\/2020\/12\/kranz06.jpg\" alt=\"Adventskranz\" width=\"1000\" height=\"658\" srcset=\"https:\/\/www.heldenhaushalt.de\/sari02\/wp-content\/uploads\/2020\/12\/kranz06.jpg 1000w, https:\/\/www.heldenhaushalt.de\/sari02\/wp-content\/uploads\/2020\/12\/kranz06-300x197.jpg 300w, https:\/\/www.heldenhaushalt.de\/sari02\/wp-content\/uploads\/2020\/12\/kranz06-768x505.jpg 768w\" sizes=\"auto, (max-width: 1000px) 100vw, 1000px\" \/><\/p>\n<p>Endlich zufrieden. Gemeinsam bewunderten wir unseren neue Adventskranz, der in der ganzen Familie gut ankam. Immerhin hatten wir gemeinsam beraten, was alles darauf Platz finden sollte, wie viel Schnee zu viel oder zu wenig w&#228;re und waren am Ende alle gl&#252;cklich mit dem Ergebnis.<\/p>\n<h2>Kurz darauf kam der Adventskranz direkt zum Einsatz<\/h2>\n<p>Der Mann hatte n&#228;mlich inzwischen flei&#223;ig unser Adventsessen gezaubert: Gulasch mit Kl&#246;&#223;en und Rotkohl. Wir r&#228;umten den Esstisch frei und stellten unseren neuen Kranz direkt in die Mitte.<\/p>\n<p><img loading=\"lazy\" decoding=\"async\" class=\"alignnone size-full wp-image-50762\" src=\"https:\/\/www.heldenhaushalt.de\/sari02\/wp-content\/uploads\/2020\/12\/kranz07.jpg\" alt=\"Adventskranz\" width=\"1000\" height=\"615\" srcset=\"https:\/\/www.heldenhaushalt.de\/sari02\/wp-content\/uploads\/2020\/12\/kranz07.jpg 1000w, https:\/\/www.heldenhaushalt.de\/sari02\/wp-content\/uploads\/2020\/12\/kranz07-300x185.jpg 300w, https:\/\/www.heldenhaushalt.de\/sari02\/wp-content\/uploads\/2020\/12\/kranz07-768x472.jpg 768w\" sizes=\"auto, (max-width: 1000px) 100vw, 1000px\" \/><\/p>\n<p>Mit Ehrfurcht z&#252;ndete der gro&#223;e Sohn dann die erste Kerze an und gemeinsam fanden wir uns bei leckerem Essen am 1. Advent rund um unsere neuen Adventskranz ein, bewunderten ihn und pr&#228;sentierten ihn stolz dem Papa, der w&#228;hrend des Entstehungsprozesses ja in der K&#252;che flei&#223;ig war.<\/p>\n<p><img loading=\"lazy\" decoding=\"async\" class=\"alignnone size-full wp-image-50763\" src=\"https:\/\/www.heldenhaushalt.de\/sari02\/wp-content\/uploads\/2020\/12\/kranz08.jpg\" alt=\"1. Advent\" width=\"1000\" height=\"679\" srcset=\"https:\/\/www.heldenhaushalt.de\/sari02\/wp-content\/uploads\/2020\/12\/kranz08.jpg 1000w, https:\/\/www.heldenhaushalt.de\/sari02\/wp-content\/uploads\/2020\/12\/kranz08-300x204.jpg 300w, https:\/\/www.heldenhaushalt.de\/sari02\/wp-content\/uploads\/2020\/12\/kranz08-768x521.jpg 768w\" sizes=\"auto, (max-width: 1000px) 100vw, 1000px\" \/><\/p>\n<p>Etwas nachdenklich wirkt der kleine Kerl neben seinem Weihnachtsbaum, aber irgendwie finde ich das auch passend in diesem Jahr und bei unserer aktuellen Stimmung und ich bin &#252;berrascht, dass mir die schwarzen dicken Kerzen so gut gefallen.<\/p>\n<p>Was sagt ihr zu unserem magischen Adventskranz und wie sieht euer dieses Jahr aus? Habt ihr einen gekauft oder selber gemacht? Zeigt uns doch mal eure Ergebnisse!<\/p>\n<p>Mehr kreative Ideen findet ihr heute wieder beim <a href=\"https:\/\/www.creadienstag.de\/2020\/11\/linkparty-435.html\" target=\"_blank\" rel=\"noopener noreferrer\">Creadienstag.<\/a><\/p>\n<p><small><strong>*Anmerkung:<\/strong> Der Artikel zum Creadienstag enth&#228;lt evtl. Bilder mit Produkten, die wir in unserem Alltag nutzen oder Linkempfehlungen. Wir haben keine Bezahlung f&#252;r das Zeigen oder Nutzen derselbigen erhalten. Affiliate Links sind als solche markiert.<\/small><\/p>\n","protected":false},"excerpt":{"rendered":"<p>Enth&#228;lt (unbezahlte) Werbung* Viele Jahre lang habe ich (mehr oder weniger) immer den gleichen Adventskranz f&#252;r die Adventszeit genutzt. Der Grund daf&#252;r war ganz simpel: Er gefiel mir so gut, dass ich ihn einfach am Ende der Weihnachtszeit in einen Schrank r&#228;umte und p&#252;nktlich zum ersten Advent dann wieder hervor holte. So lange er mir dann ein Jahr sp&#228;ter noch immer gut gefiel, gab es einfach keinen Anlass einen neuen zu machen. Ein Jahr wechselte ich ein wenig die Walddeko ,die auf meinem Holztablett verteilt war, das ich daf&#252;r nutzte, aber im Groben blieb er gleich. Ganz fr&#252;her kaufte ich jedes Jahr auf dem Weg zur Arbeit immer beim gleichen Blumenladen einen Kranz mit gemischter Tanne und dekorierte ihn dann zu Hause, so wie ich es bei meiner Mutter und meiner Oma immer gesehen hatte. Irgendwann gefiel mir aber die Tablett-Variante irgendwie besser und warum etwas &#228;ndern, was gef&#228;llt, oder? Bis vor kurzem hatte ich auch wieder vor einfach das Tablett vom Dachboden zu holen&#8230; &#8230;ich hatte eigentlich gar nicht vor mich dieses Jahr mal an etwas Neuem zu versuchen, aber wie so vieles andere in diesem Jahr, ereilte mich dieser Flitz ganz spontan. Beim Wocheneinkauf wollte ich neue Kerzen f&#252;r den Kranz mitnehmen, war aber etwas geschockt wegen der teilweise doch recht heftigen Preise. Ich muss dazu sagen, dass die Kerzen auf dem Adventskranz die einzigen sind, die bei uns brennen. Ansonsten haben wir nie Kerzen an. Eher mal ein indirektes Licht oder eine Lichterkette. Kerzen jedoch geh&#246;rten nie gro&#223; zu den Lichtquellen, die wir nutzen. Das hatte verschiedene Gr&#252;nde. Erst die Tatsache, dass wir in einer Dachwohnung mit vielen Schr&#228;gen wohnten und sp&#228;ter der Faktor Kinder. Nur die Kerzen auf dem Adventskranz, die waren immer echt. Wie dem auch sei. Ich kaufte beim Wocheneinkauf keine und wollte lieber notfalls nochmal losgehen. Auf dem Weg zum Auto kamen wir dann aber an einem kleinen Deko-Gesch&#228;ft vorbei, wo Kerzen gerade runtergesetzt waren. Richtig sch&#246;ne, dicke, matte und leicht glitzernde Kerzen. Ich hielt an, schickte den Mann schon mal weiter die Eink&#228;ufe ins Auto r&#228;umen und verschwand nochmal schnell in den Laden&#8230;. nur um dann auf einmal mit einer Idee bepackt aus diesem wieder heraus zu kommen *lach*. Spontan hatte ich im Laden den Entschluss gefasst, dass es dieses Jahr doch der richtige Zeitpunkt w&#228;re mal ein bisschen Ver&#228;nderung in die Traditionen zu bringen. Ich hatte verschiedene Materialien dabei, um etwas vollkommen Neues zu kreieren. Creadienstag &#8211; Heute zeige ich euch den Entstehungsprozess unseres Adventskranz f&#252;r 2020 Wie praktisch, dass der 1. Advent auf einem Sonntag liegt, ich mega sp&#228;t dran war (wie ihr wisst, habe ich ihn erst am Sonntag fertig bekommen) und ich euch so p&#252;nktlich zum Creadienstag beim Entstehungsprozess vom Kranz mitnehmen kann. Falls ihr Lust habt nat&#252;rlich, ansonsten sehen wir uns morgen halt erst wieder, denn da ist etwas sportliches mit Gewinnspiel geplant. Aber das ist jetzt nur mal ein kleiner Spoiler. Wenn es euch interessiert, wie unser neuer Adventskranz entstanden ist, dann m&#246;chte ich euch heute zum Creadienstag die einzelnen Schritte der Ideenfindung zeigen, angefangen mit den Materialien, die ich gekauft habe *lach* : Ich muss zugeben, ich bin ein paar Mal zur&#252;ck zu dem Tisch mit den Kerzen gelaufen. Erst hatte ich dunkelrote in der Hand, dann wei&#223;e mit Glitzer, nur um am Ende dann doch zu den schwarzen zu greifen, die mich immer wieder angel&#228;chelt haben. Zwischendurch kam schon eine Nachricht vom Mann, wo ich denn bleiben w&#252;rde (so dass ich dann zum Auto rannte *lach*). Ansto&#223; f&#252;r den neuen Adventskranz (auch wenn es ja eher kein typischer Kranz ist), war die Baumscheibe, die ihr auf dem Foto sehen k&#246;nnt. Ich fand sie so urig und schick, dass ich sie einfach mitnehmen musste. Mit einem kurzen Blick durch den Laden landeten dann noch Kunstschnee, Moos und dieses kleine LED Weihnachtsb&#228;umchen im Einkaufswagen und den Rest erhoffte ich mir dann zu Hause zu finden. Bis der endg&#252;ltige Adventskranz dann fertig war, wechselte ich die Deko noch ein paar mal aus. Erst hatte ich n&#228;mlich aus der letzten Geek Gear Box den Thestral ausgew&#228;hlt, der so super zu den schwarzen Kerzen passen w&#252;rde und durch das Moos bekam das ganze noch so einen sch&#246;n schaurigen Waldcharakter, aber es erschien mir irgendwie nicht richtig (wenn man bedenkt, wann man eigentlich nur einen Thestral in der Geschichte tats&#228;chlich sehen kann). Also wanderte er wieder in meine Kiste. Klar war, dass ich ja einen magischen Kranz kreieren wollte Irgendwo erw&#228;hnte ich, glaube ich, ja schon einmal, dass ich dieses Jahr gerne einen richtig magischen Weihnachtsbaum machen wollte. Deshalb setzte ich mich auch damit durch, dass es dieses Jahr nach dem Geburtstag des kleinen Sohnes der gr&#252;ne Baum werden w&#252;rde, weil der einfach besser passt. Finde ich zumindest. Deshalb sollte auch der Kranz passend zum Thema werden. Dementsprechend suchte ich meine ganze Deko zu dem Thema durch und auch die sch&#246;nen Repliken, die man aus den Geek Gear Boxen so hat. Neben der Kugel von der Prophezeiung, die ihr oben im Titel seht, hatte ich auch eine Miniatur des Spiegels Nehregeb in den H&#228;nden, doch alles stellte mich irgendwie nicht zufrieden und dann kam mir die z&#252;ndende Ideen. Der Demiguise sollte es werden. Den vom Foto habe ich aus einer Mysterie Box von &#8220;Phantastic Beats&#8221; (Affiliate Link). Ich liebe die Figur des Demiguise und habe ihn deshalb auch schon einmal gezeichnet, falls ihr euch erinnert. Ich fand ihn einfach auch deshalb so passend, weil er zur Weihnachtszeit passende Gegenst&#228;nde in den H&#228;nden h&#228;lt. Wenn ihr ganz genau hinseht, k&#246;nnt ihr sicherlich die kleinen Zuckerstangen in seiner Tasche entdecken, oder? Er passt einfach perfekt! Und pl&#246;tzlich hatte ich zwei Helfer an meiner Seite sitzen! &#8220;Darf ich helfen&#8221;, rief der kleine Sohn auf einmal und da wurde auch der gro&#223;e Sohn hellh&#246;rig und fand sich neben mir auf dem Wohnzimmerboden ein. Ich war n&#228;mlich beim Kunstschnee angekommen, den ich ein wenig &#252;ber die Moos bedeckte Landschaft verteilen wollte. Mein magisches Wesen hatte sich inzwischen darauf eingefunden und sa&#223; friedlich neben dem kleinen wei&#223;en Weihnachtsbaum, in dem winzige kleine Lichtlein funkelten. Mit viel Begeisterung lie&#223;en die Kinder den Kunstschnee &#252;ber den &#8220;Waldboden&#8221; rieseln und sorgten so f&#252;r ein wenig Weihnachts-Winterfeeling. Da mir das alles aber recht leer noch erschien, w&#252;hlte ich nochmal ein wenig in meinen Deko-Kisten und holte noch ein paar Naturmaterialien (unter anderem vom alten Kranz &#8211; so ganz ohne geht es dann scheinbar doch nicht) hervor, die ich rund um Baum und Wesen arrangierte Endlich zufrieden. Gemeinsam bewunderten wir unseren neue Adventskranz, der in der ganzen Familie gut ankam. Immerhin hatten wir gemeinsam beraten, was alles darauf Platz finden sollte, wie viel Schnee zu viel oder zu wenig w&#228;re und waren am Ende alle gl&#252;cklich mit dem Ergebnis. Kurz darauf kam der Adventskranz direkt zum Einsatz Der Mann hatte n&#228;mlich inzwischen flei&#223;ig unser Adventsessen gezaubert: Gulasch mit Kl&#246;&#223;en und Rotkohl. Wir r&#228;umten den Esstisch frei und stellten unseren neuen Kranz direkt in die Mitte. Mit Ehrfurcht z&#252;ndete der gro&#223;e Sohn dann die erste Kerze an und gemeinsam fanden wir uns bei leckerem Essen am 1. Advent rund um unsere neuen Adventskranz ein, bewunderten ihn und pr&#228;sentierten ihn stolz dem Papa, der w&#228;hrend des Entstehungsprozesses ja in der K&#252;che flei&#223;ig war. Etwas nachdenklich wirkt der kleine Kerl neben seinem Weihnachtsbaum, aber irgendwie finde ich das auch passend in diesem Jahr und bei unserer aktuellen Stimmung und ich bin &#252;berrascht, dass mir die schwarzen dicken Kerzen so gut gefallen. Was sagt ihr zu unserem magischen Adventskranz und wie sieht euer dieses Jahr aus? Habt ihr einen gekauft oder selber gemacht? Zeigt uns doch mal eure Ergebnisse! Mehr kreative Ideen findet ihr heute wieder beim Creadienstag. *Anmerkung: Der Artikel zum Creadienstag enth&#228;lt evtl. Bilder mit Produkten, die wir in unserem Alltag nutzen oder Linkempfehlungen. Wir haben keine Bezahlung f&#252;r das Zeigen oder Nutzen derselbigen erhalten. Affiliate Links sind als solche markiert.<\/p>\n","protected":false},"author":1,"featured_media":50755,"comment_status":"open","ping_status":"open","sticky":false,"template":"","format":"standard","meta":{"ngg_post_thumbnail":0,"footnotes":""},"categories":[311,2210,1576],"tags":[962,71,984,2475,483,222,975],"class_list":["post-50707","post","type-post","status-publish","format-standard","has-post-thumbnail","hentry","category-diy","category-featured","category-kreativ-2","tag-advent","tag-adventskranz","tag-adventszeit","tag-creadienstag","tag-diy","tag-kreativ","tag-selbstgemacht"],"yoast_head":"<!-- This site is optimized with the Yoast SEO plugin v27.5 - https:\/\/yoast.com\/product\/yoast-seo-wordpress\/ -->\n<title>Creadienstag - Ein neuer Adventskranz entsteht - Heldenhaushalt<\/title>\n<meta name=\"description\" content=\"Creadienstag - Heute zeige ich euch den Entstehungsprozess unseres Adventskranz f\u00fcr 2020 - Wie praktisch, dass der 1. Advent auf einem ...\" \/>\n<meta name=\"robots\" content=\"index, follow, max-snippet:-1, max-image-preview:large, max-video-preview:-1\" \/>\n<link rel=\"canonical\" href=\"https:\/\/www.heldenhaushalt.de\/sari02\/index.php\/2020\/12\/01\/creadienstag-adventskranz\/\" \/>\n<meta property=\"og:locale\" content=\"de_DE\" \/>\n<meta property=\"og:type\" content=\"article\" \/>\n<meta property=\"og:title\" content=\"Creadienstag - Ein neuer Adventskranz entsteht - Heldenhaushalt\" \/>\n<meta property=\"og:description\" content=\"Creadienstag - Heute zeige ich euch den Entstehungsprozess unseres Adventskranz f\u00fcr 2020 - Wie praktisch, dass der 1. Advent auf einem ...\" \/>\n<meta property=\"og:url\" content=\"https:\/\/www.heldenhaushalt.de\/sari02\/index.php\/2020\/12\/01\/creadienstag-adventskranz\/\" \/>\n<meta property=\"og:site_name\" content=\"Heldenhaushalt\" \/>\n<meta property=\"article:published_time\" content=\"2020-12-01T08:30:00+00:00\" \/>\n<meta property=\"og:image\" content=\"https:\/\/www.heldenhaushalt.de\/sari02\/wp-content\/uploads\/2020\/12\/kranz00.jpg\" \/>\n\t<meta property=\"og:image:width\" content=\"1000\" \/>\n\t<meta property=\"og:image:height\" content=\"680\" \/>\n\t<meta property=\"og:image:type\" content=\"image\/jpeg\" \/>\n<meta name=\"author\" content=\"Sari\" \/>\n<meta name=\"twitter:card\" content=\"summary_large_image\" \/>\n<meta name=\"twitter:creator\" content=\"@Heldenhaushalt\" \/>\n<meta name=\"twitter:site\" content=\"@Heldenhaushalt\" \/>\n<meta name=\"twitter:label1\" content=\"Verfasst von\" \/>\n\t<meta name=\"twitter:data1\" content=\"Sari\" \/>\n\t<meta name=\"twitter:label2\" content=\"Gesch\u00e4tzte Lesezeit\" \/>\n\t<meta name=\"twitter:data2\" content=\"7\u00a0Minuten\" \/>\n<script type=\"application\/ld+json\" class=\"yoast-schema-graph\">{\"@context\":\"https:\\\/\\\/schema.org\",\"@graph\":[{\"@type\":\"Article\",\"@id\":\"https:\\\/\\\/www.heldenhaushalt.de\\\/sari02\\\/index.php\\\/2020\\\/12\\\/01\\\/creadienstag-adventskranz\\\/#article\",\"isPartOf\":{\"@id\":\"https:\\\/\\\/www.heldenhaushalt.de\\\/sari02\\\/index.php\\\/2020\\\/12\\\/01\\\/creadienstag-adventskranz\\\/\"},\"author\":{\"name\":\"Sari\",\"@id\":\"https:\\\/\\\/www.heldenhaushalt.de\\\/sari02\\\/#\\\/schema\\\/person\\\/a1cc69f42a01f412eb62c151353814f6\"},\"headline\":\"Creadienstag &#8211; Ein neuer Adventskranz entsteht\",\"datePublished\":\"2020-12-01T08:30:00+00:00\",\"mainEntityOfPage\":{\"@id\":\"https:\\\/\\\/www.heldenhaushalt.de\\\/sari02\\\/index.php\\\/2020\\\/12\\\/01\\\/creadienstag-adventskranz\\\/\"},\"wordCount\":1392,\"commentCount\":4,\"publisher\":{\"@id\":\"https:\\\/\\\/www.heldenhaushalt.de\\\/sari02\\\/#\\\/schema\\\/person\\\/a1cc69f42a01f412eb62c151353814f6\"},\"image\":{\"@id\":\"https:\\\/\\\/www.heldenhaushalt.de\\\/sari02\\\/index.php\\\/2020\\\/12\\\/01\\\/creadienstag-adventskranz\\\/#primaryimage\"},\"thumbnailUrl\":\"https:\\\/\\\/www.heldenhaushalt.de\\\/sari02\\\/wp-content\\\/uploads\\\/2020\\\/12\\\/kranz00.jpg\",\"keywords\":[\"Advent\",\"Adventskranz\",\"Adventszeit\",\"Creadienstag\",\"DIY\",\"Kreativ\",\"selbstgemacht\"],\"articleSection\":[\"DIY\",\"Featured\",\"Kreativ\"],\"inLanguage\":\"de\",\"potentialAction\":[{\"@type\":\"CommentAction\",\"name\":\"Comment\",\"target\":[\"https:\\\/\\\/www.heldenhaushalt.de\\\/sari02\\\/index.php\\\/2020\\\/12\\\/01\\\/creadienstag-adventskranz\\\/#respond\"]}]},{\"@type\":\"WebPage\",\"@id\":\"https:\\\/\\\/www.heldenhaushalt.de\\\/sari02\\\/index.php\\\/2020\\\/12\\\/01\\\/creadienstag-adventskranz\\\/\",\"url\":\"https:\\\/\\\/www.heldenhaushalt.de\\\/sari02\\\/index.php\\\/2020\\\/12\\\/01\\\/creadienstag-adventskranz\\\/\",\"name\":\"Creadienstag - Ein neuer Adventskranz entsteht - Heldenhaushalt\",\"isPartOf\":{\"@id\":\"https:\\\/\\\/www.heldenhaushalt.de\\\/sari02\\\/#website\"},\"primaryImageOfPage\":{\"@id\":\"https:\\\/\\\/www.heldenhaushalt.de\\\/sari02\\\/index.php\\\/2020\\\/12\\\/01\\\/creadienstag-adventskranz\\\/#primaryimage\"},\"image\":{\"@id\":\"https:\\\/\\\/www.heldenhaushalt.de\\\/sari02\\\/index.php\\\/2020\\\/12\\\/01\\\/creadienstag-adventskranz\\\/#primaryimage\"},\"thumbnailUrl\":\"https:\\\/\\\/www.heldenhaushalt.de\\\/sari02\\\/wp-content\\\/uploads\\\/2020\\\/12\\\/kranz00.jpg\",\"datePublished\":\"2020-12-01T08:30:00+00:00\",\"description\":\"Creadienstag - Heute zeige ich euch den Entstehungsprozess unseres Adventskranz f\u00fcr 2020 - Wie praktisch, dass der 1. Advent auf einem ...\",\"breadcrumb\":{\"@id\":\"https:\\\/\\\/www.heldenhaushalt.de\\\/sari02\\\/index.php\\\/2020\\\/12\\\/01\\\/creadienstag-adventskranz\\\/#breadcrumb\"},\"inLanguage\":\"de\",\"potentialAction\":[{\"@type\":\"ReadAction\",\"target\":[\"https:\\\/\\\/www.heldenhaushalt.de\\\/sari02\\\/index.php\\\/2020\\\/12\\\/01\\\/creadienstag-adventskranz\\\/\"]}]},{\"@type\":\"ImageObject\",\"inLanguage\":\"de\",\"@id\":\"https:\\\/\\\/www.heldenhaushalt.de\\\/sari02\\\/index.php\\\/2020\\\/12\\\/01\\\/creadienstag-adventskranz\\\/#primaryimage\",\"url\":\"https:\\\/\\\/www.heldenhaushalt.de\\\/sari02\\\/wp-content\\\/uploads\\\/2020\\\/12\\\/kranz00.jpg\",\"contentUrl\":\"https:\\\/\\\/www.heldenhaushalt.de\\\/sari02\\\/wp-content\\\/uploads\\\/2020\\\/12\\\/kranz00.jpg\",\"width\":1000,\"height\":680,\"caption\":\"Creadienstag\"},{\"@type\":\"BreadcrumbList\",\"@id\":\"https:\\\/\\\/www.heldenhaushalt.de\\\/sari02\\\/index.php\\\/2020\\\/12\\\/01\\\/creadienstag-adventskranz\\\/#breadcrumb\",\"itemListElement\":[{\"@type\":\"ListItem\",\"position\":1,\"name\":\"Startseite\",\"item\":\"https:\\\/\\\/www.heldenhaushalt.de\\\/sari02\\\/\"},{\"@type\":\"ListItem\",\"position\":2,\"name\":\"Creadienstag &#8211; Ein neuer Adventskranz entsteht\"}]},{\"@type\":\"WebSite\",\"@id\":\"https:\\\/\\\/www.heldenhaushalt.de\\\/sari02\\\/#website\",\"url\":\"https:\\\/\\\/www.heldenhaushalt.de\\\/sari02\\\/\",\"name\":\"Heldenhaushalt\",\"description\":\"Wer es ordentlich haben will, der muss vorher anrufen\",\"publisher\":{\"@id\":\"https:\\\/\\\/www.heldenhaushalt.de\\\/sari02\\\/#\\\/schema\\\/person\\\/a1cc69f42a01f412eb62c151353814f6\"},\"potentialAction\":[{\"@type\":\"SearchAction\",\"target\":{\"@type\":\"EntryPoint\",\"urlTemplate\":\"https:\\\/\\\/www.heldenhaushalt.de\\\/sari02\\\/?s={search_term_string}\"},\"query-input\":{\"@type\":\"PropertyValueSpecification\",\"valueRequired\":true,\"valueName\":\"search_term_string\"}}],\"inLanguage\":\"de\"},{\"@type\":[\"Person\",\"Organization\"],\"@id\":\"https:\\\/\\\/www.heldenhaushalt.de\\\/sari02\\\/#\\\/schema\\\/person\\\/a1cc69f42a01f412eb62c151353814f6\",\"name\":\"Sari\",\"image\":{\"@type\":\"ImageObject\",\"inLanguage\":\"de\",\"@id\":\"https:\\\/\\\/www.heldenhaushalt.de\\\/sari02\\\/wp-content\\\/uploads\\\/2019\\\/02\\\/sari-april2018.png\",\"url\":\"https:\\\/\\\/www.heldenhaushalt.de\\\/sari02\\\/wp-content\\\/uploads\\\/2019\\\/02\\\/sari-april2018.png\",\"contentUrl\":\"https:\\\/\\\/www.heldenhaushalt.de\\\/sari02\\\/wp-content\\\/uploads\\\/2019\\\/02\\\/sari-april2018.png\",\"width\":500,\"height\":500,\"caption\":\"Sari\"},\"logo\":{\"@id\":\"https:\\\/\\\/www.heldenhaushalt.de\\\/sari02\\\/wp-content\\\/uploads\\\/2019\\\/02\\\/sari-april2018.png\"},\"description\":\"Frau Mondgras \u2013 Das bin ich, Sari. Gerne auch als Sari Mondgras bekannt und im Internet zu finden. 2-Fach-Mutter, Heldenehefrau, Kreativling, Harmonies\u00fcchtig und st\u00e4ndig auf der Suche nach Gl\u00fcck. Ich komme aus Berlin, bin hier aufgewachsen und lebe hier seit ich denken kann.\",\"sameAs\":[\"https:\\\/\\\/www.instagram.com\\\/heldenhaushalt\\\/\"],\"url\":\"https:\\\/\\\/www.heldenhaushalt.de\\\/sari02\\\/index.php\\\/author\\\/admin\\\/\"}]}<\/script>\n<!-- \/ Yoast SEO plugin. -->","yoast_head_json":{"title":"Creadienstag - Ein neuer Adventskranz entsteht - Heldenhaushalt","description":"Creadienstag - Heute zeige ich euch den Entstehungsprozess unseres Adventskranz f\u00fcr 2020 - Wie praktisch, dass der 1. Advent auf einem ...","robots":{"index":"index","follow":"follow","max-snippet":"max-snippet:-1","max-image-preview":"max-image-preview:large","max-video-preview":"max-video-preview:-1"},"canonical":"https:\/\/www.heldenhaushalt.de\/sari02\/index.php\/2020\/12\/01\/creadienstag-adventskranz\/","og_locale":"de_DE","og_type":"article","og_title":"Creadienstag - Ein neuer Adventskranz entsteht - Heldenhaushalt","og_description":"Creadienstag - Heute zeige ich euch den Entstehungsprozess unseres Adventskranz f\u00fcr 2020 - Wie praktisch, dass der 1. Advent auf einem ...","og_url":"https:\/\/www.heldenhaushalt.de\/sari02\/index.php\/2020\/12\/01\/creadienstag-adventskranz\/","og_site_name":"Heldenhaushalt","article_published_time":"2020-12-01T08:30:00+00:00","og_image":[{"width":1000,"height":680,"url":"https:\/\/www.heldenhaushalt.de\/sari02\/wp-content\/uploads\/2020\/12\/kranz00.jpg","type":"image\/jpeg"}],"author":"Sari","twitter_card":"summary_large_image","twitter_creator":"@Heldenhaushalt","twitter_site":"@Heldenhaushalt","twitter_misc":{"Verfasst von":"Sari","Gesch\u00e4tzte Lesezeit":"7\u00a0Minuten"},"schema":{"@context":"https:\/\/schema.org","@graph":[{"@type":"Article","@id":"https:\/\/www.heldenhaushalt.de\/sari02\/index.php\/2020\/12\/01\/creadienstag-adventskranz\/#article","isPartOf":{"@id":"https:\/\/www.heldenhaushalt.de\/sari02\/index.php\/2020\/12\/01\/creadienstag-adventskranz\/"},"author":{"name":"Sari","@id":"https:\/\/www.heldenhaushalt.de\/sari02\/#\/schema\/person\/a1cc69f42a01f412eb62c151353814f6"},"headline":"Creadienstag &#8211; Ein neuer Adventskranz entsteht","datePublished":"2020-12-01T08:30:00+00:00","mainEntityOfPage":{"@id":"https:\/\/www.heldenhaushalt.de\/sari02\/index.php\/2020\/12\/01\/creadienstag-adventskranz\/"},"wordCount":1392,"commentCount":4,"publisher":{"@id":"https:\/\/www.heldenhaushalt.de\/sari02\/#\/schema\/person\/a1cc69f42a01f412eb62c151353814f6"},"image":{"@id":"https:\/\/www.heldenhaushalt.de\/sari02\/index.php\/2020\/12\/01\/creadienstag-adventskranz\/#primaryimage"},"thumbnailUrl":"https:\/\/www.heldenhaushalt.de\/sari02\/wp-content\/uploads\/2020\/12\/kranz00.jpg","keywords":["Advent","Adventskranz","Adventszeit","Creadienstag","DIY","Kreativ","selbstgemacht"],"articleSection":["DIY","Featured","Kreativ"],"inLanguage":"de","potentialAction":[{"@type":"CommentAction","name":"Comment","target":["https:\/\/www.heldenhaushalt.de\/sari02\/index.php\/2020\/12\/01\/creadienstag-adventskranz\/#respond"]}]},{"@type":"WebPage","@id":"https:\/\/www.heldenhaushalt.de\/sari02\/index.php\/2020\/12\/01\/creadienstag-adventskranz\/","url":"https:\/\/www.heldenhaushalt.de\/sari02\/index.php\/2020\/12\/01\/creadienstag-adventskranz\/","name":"Creadienstag - Ein neuer Adventskranz entsteht - Heldenhaushalt","isPartOf":{"@id":"https:\/\/www.heldenhaushalt.de\/sari02\/#website"},"primaryImageOfPage":{"@id":"https:\/\/www.heldenhaushalt.de\/sari02\/index.php\/2020\/12\/01\/creadienstag-adventskranz\/#primaryimage"},"image":{"@id":"https:\/\/www.heldenhaushalt.de\/sari02\/index.php\/2020\/12\/01\/creadienstag-adventskranz\/#primaryimage"},"thumbnailUrl":"https:\/\/www.heldenhaushalt.de\/sari02\/wp-content\/uploads\/2020\/12\/kranz00.jpg","datePublished":"2020-12-01T08:30:00+00:00","description":"Creadienstag - Heute zeige ich euch den Entstehungsprozess unseres Adventskranz f\u00fcr 2020 - Wie praktisch, dass der 1. Advent auf einem ...","breadcrumb":{"@id":"https:\/\/www.heldenhaushalt.de\/sari02\/index.php\/2020\/12\/01\/creadienstag-adventskranz\/#breadcrumb"},"inLanguage":"de","potentialAction":[{"@type":"ReadAction","target":["https:\/\/www.heldenhaushalt.de\/sari02\/index.php\/2020\/12\/01\/creadienstag-adventskranz\/"]}]},{"@type":"ImageObject","inLanguage":"de","@id":"https:\/\/www.heldenhaushalt.de\/sari02\/index.php\/2020\/12\/01\/creadienstag-adventskranz\/#primaryimage","url":"https:\/\/www.heldenhaushalt.de\/sari02\/wp-content\/uploads\/2020\/12\/kranz00.jpg","contentUrl":"https:\/\/www.heldenhaushalt.de\/sari02\/wp-content\/uploads\/2020\/12\/kranz00.jpg","width":1000,"height":680,"caption":"Creadienstag"},{"@type":"BreadcrumbList","@id":"https:\/\/www.heldenhaushalt.de\/sari02\/index.php\/2020\/12\/01\/creadienstag-adventskranz\/#breadcrumb","itemListElement":[{"@type":"ListItem","position":1,"name":"Startseite","item":"https:\/\/www.heldenhaushalt.de\/sari02\/"},{"@type":"ListItem","position":2,"name":"Creadienstag &#8211; Ein neuer Adventskranz entsteht"}]},{"@type":"WebSite","@id":"https:\/\/www.heldenhaushalt.de\/sari02\/#website","url":"https:\/\/www.heldenhaushalt.de\/sari02\/","name":"Heldenhaushalt","description":"Wer es ordentlich haben will, der muss vorher anrufen","publisher":{"@id":"https:\/\/www.heldenhaushalt.de\/sari02\/#\/schema\/person\/a1cc69f42a01f412eb62c151353814f6"},"potentialAction":[{"@type":"SearchAction","target":{"@type":"EntryPoint","urlTemplate":"https:\/\/www.heldenhaushalt.de\/sari02\/?s={search_term_string}"},"query-input":{"@type":"PropertyValueSpecification","valueRequired":true,"valueName":"search_term_string"}}],"inLanguage":"de"},{"@type":["Person","Organization"],"@id":"https:\/\/www.heldenhaushalt.de\/sari02\/#\/schema\/person\/a1cc69f42a01f412eb62c151353814f6","name":"Sari","image":{"@type":"ImageObject","inLanguage":"de","@id":"https:\/\/www.heldenhaushalt.de\/sari02\/wp-content\/uploads\/2019\/02\/sari-april2018.png","url":"https:\/\/www.heldenhaushalt.de\/sari02\/wp-content\/uploads\/2019\/02\/sari-april2018.png","contentUrl":"https:\/\/www.heldenhaushalt.de\/sari02\/wp-content\/uploads\/2019\/02\/sari-april2018.png","width":500,"height":500,"caption":"Sari"},"logo":{"@id":"https:\/\/www.heldenhaushalt.de\/sari02\/wp-content\/uploads\/2019\/02\/sari-april2018.png"},"description":"Frau Mondgras \u2013 Das bin ich, Sari. Gerne auch als Sari Mondgras bekannt und im Internet zu finden. 2-Fach-Mutter, Heldenehefrau, Kreativling, Harmonies\u00fcchtig und st\u00e4ndig auf der Suche nach Gl\u00fcck. Ich komme aus Berlin, bin hier aufgewachsen und lebe hier seit ich denken kann.","sameAs":["https:\/\/www.instagram.com\/heldenhaushalt\/"],"url":"https:\/\/www.heldenhaushalt.de\/sari02\/index.php\/author\/admin\/"}]}},"views":2406,"_links":{"self":[{"href":"https:\/\/www.heldenhaushalt.de\/sari02\/index.php\/wp-json\/wp\/v2\/posts\/50707","targetHints":{"allow":["GET"]}}],"collection":[{"href":"https:\/\/www.heldenhaushalt.de\/sari02\/index.php\/wp-json\/wp\/v2\/posts"}],"about":[{"href":"https:\/\/www.heldenhaushalt.de\/sari02\/index.php\/wp-json\/wp\/v2\/types\/post"}],"author":[{"embeddable":true,"href":"https:\/\/www.heldenhaushalt.de\/sari02\/index.php\/wp-json\/wp\/v2\/users\/1"}],"replies":[{"embeddable":true,"href":"https:\/\/www.heldenhaushalt.de\/sari02\/index.php\/wp-json\/wp\/v2\/comments?post=50707"}],"version-history":[{"count":3,"href":"https:\/\/www.heldenhaushalt.de\/sari02\/index.php\/wp-json\/wp\/v2\/posts\/50707\/revisions"}],"predecessor-version":[{"id":50767,"href":"https:\/\/www.heldenhaushalt.de\/sari02\/index.php\/wp-json\/wp\/v2\/posts\/50707\/revisions\/50767"}],"wp:featuredmedia":[{"embeddable":true,"href":"https:\/\/www.heldenhaushalt.de\/sari02\/index.php\/wp-json\/wp\/v2\/media\/50755"}],"wp:attachment":[{"href":"https:\/\/www.heldenhaushalt.de\/sari02\/index.php\/wp-json\/wp\/v2\/media?parent=50707"}],"wp:term":[{"taxonomy":"category","embeddable":true,"href":"https:\/\/www.heldenhaushalt.de\/sari02\/index.php\/wp-json\/wp\/v2\/categories?post=50707"},{"taxonomy":"post_tag","embeddable":true,"href":"https:\/\/www.heldenhaushalt.de\/sari02\/index.php\/wp-json\/wp\/v2\/tags?post=50707"}],"curies":[{"name":"wp","href":"https:\/\/api.w.org\/{rel}","templated":true}]}}