{"id":51829,"date":"2021-04-08T13:00:00","date_gmt":"2021-04-08T11:00:00","guid":{"rendered":"https:\/\/www.heldenhaushalt.de\/sari02\/?p=51829"},"modified":"2026-03-18T12:05:19","modified_gmt":"2026-03-18T11:05:19","slug":"seesucht-rezension","status":"publish","type":"post","link":"https:\/\/www.heldenhaushalt.de\/sari02\/index.php\/2021\/04\/08\/seesucht-rezension\/","title":{"rendered":"Kinderbuchwoche #3 &#8211; &#8220;Seesucht&#8221; #Rezension"},"content":{"rendered":"<p style=\"text-align: right;\"><small>Rezension*<\/small><\/p>\n<p>Schon der dritte Tag unserer Kinderbuchwoche und heute habe ich wieder ein besonders sch&#246;nes Buch f&#252;r euch heraus gesucht. Es geht um Sehnsucht. Genauer gesagt um Seesucht. Ein ganz tiefes Gef&#252;hl, dass ich derzeit auch stark in mir trage. Mir fehlt das Meer so sehr&#8230; hachja&#8230;<\/p>\n<p>Das heutige Buch ist ein wirklich sehr sch&#246;nes Werk aus dem Mixtvision Verlag und wartet schon lange darauf hier endlich mal vorgestellt zu werden.<\/p>\n<h2>Kurz ein paar Worte zu der Autorin am Anfang<\/h2>\n<p>Marlies van der Wel ist n&#228;mlich Trickfilmregisseurin und hat schon viele sch&#246;ne Kurzfilme animiert. Aber sie ist eben auch Illustratorin und macht das wirklich gut. Bestes Beispiel? Das Buch &#8220;<a href=\"https:\/\/mixtvision.de\/buecher\/seesucht\/\" target=\"_blank\" rel=\"nofollow noopener\"><strong>Seesucht<\/strong><\/a>&#8220;, das ich euch heute vorstelle. Dieses ist n&#228;mlich prall gef&#252;llt mit wundersch&#246;nen und stimmungsvollen Illustrationen, die die Sehnsucht in einem wecken.<\/p>\n<p>Insgesamt kommt dieses Kinderbuch mit eher weniger Worten aus und l&#228;sst die Bilder f&#252;r sich sprechen und dennoch erz&#228;hlt Marlies van der Wel uns ein wenig &#252;ber den Protagonisten. Irgendwie finden sich alle Stimmungen und Emotionen darin wieder und wandeln sich auf den 78 Seiten immer wieder, was f&#252;r ein Kinderbuch schon sehr umfangreich ist. Umso angenehmer, dass der Schwerpunkt mehr auf den Bildern und weniger auf dem Text liegt, denn so gibt es viel zu schauen und zu entdecken.<\/p>\n<p><img loading=\"lazy\" decoding=\"async\" class=\"alignnone size-full wp-image-52023\" src=\"https:\/\/www.heldenhaushalt.de\/sari02\/wp-content\/uploads\/2021\/04\/seesucht01.jpg\" alt=\"Seesucht\" width=\"1000\" height=\"701\" srcset=\"https:\/\/www.heldenhaushalt.de\/sari02\/wp-content\/uploads\/2021\/04\/seesucht01.jpg 1000w, https:\/\/www.heldenhaushalt.de\/sari02\/wp-content\/uploads\/2021\/04\/seesucht01-300x210.jpg 300w, https:\/\/www.heldenhaushalt.de\/sari02\/wp-content\/uploads\/2021\/04\/seesucht01-768x538.jpg 768w\" sizes=\"auto, (max-width: 1000px) 100vw, 1000px\" \/><\/p>\n<h2>&#8220;Seesucht&#8221; von Marlies van der Wel aus dem Mixtvision Verlag<\/h2>\n<p>Jonas geh&#246;rt ins Meer. Das stellt er schon mit zwei Jahren fest. Er sp&#252;rt, wie das Wasser &#252;ber seine F&#252;&#223;e schwappt, springt hinein und wei&#223; sofort, dass er in seinem Element ist. Er schwimmt mit den Fischen, den Quallen und f&#252;hlt sich einfach nur pudelwohl. Aber der Mensch braucht irgendwann Luft zum Atmen, wenn er unter Wasser ist. Jonas st&#246;&#223;t an seine Grenzen und seine Mutter sagt ihm deutlich, das Menschen ans Land geh&#246;ren und nicht in das Meer.<\/p>\n<p>Doch Jonas hat Seesucht. Nur im Wasser, in den weiten des Meeres f&#252;hlt er sich wohl und so sucht er immer wieder einen Weg, wie er mit den Fischen zusammen schwimmen kann. Nicht nur kurz.<\/p>\n<p>Wir begleiten Jonas durch die Jahre. Immer wieder kehrt er an das Meer zur&#252;ck und hat eine neue Erfindung dabei, die ihm dabei helfen soll seinen Traum umzusetzen. Dabei wird er von den Fischern immer wieder nur bel&#228;chelt und ausgelacht. Und so vergehen die Jahre und Jonas wird immer &#228;lter und &#228;lter&#8230; doch seinen Traum gibt er trotz der vielen Fehlversuche nicht auf.<\/p>\n<p><img loading=\"lazy\" decoding=\"async\" class=\"alignnone size-full wp-image-52024\" src=\"https:\/\/www.heldenhaushalt.de\/sari02\/wp-content\/uploads\/2021\/04\/seesucht02.jpg\" alt=\"Seesucht\" width=\"1000\" height=\"691\" srcset=\"https:\/\/www.heldenhaushalt.de\/sari02\/wp-content\/uploads\/2021\/04\/seesucht02.jpg 1000w, https:\/\/www.heldenhaushalt.de\/sari02\/wp-content\/uploads\/2021\/04\/seesucht02-300x207.jpg 300w, https:\/\/www.heldenhaushalt.de\/sari02\/wp-content\/uploads\/2021\/04\/seesucht02-768x531.jpg 768w\" sizes=\"auto, (max-width: 1000px) 100vw, 1000px\" \/><\/p>\n<h2>So stimmungsvoll, so sch&#246;n&#8230;<\/h2>\n<p>Wirklich, alleine wegen der Bilder ist &#8220;Seesucht&#8221; mindestens einen, wenn nicht gar mehr Blicke wert. Die Illustrationen alleine m&#246;chte man sich an die Wand h&#228;ngen und immer wieder betrachten. Auch der Spannungsbogen, der immer wieder aufgebaut wird, trotz der wenigen Worte, ist angenehm und aufregend zugleich. Man hofft mit Jonas gemeinsam, dass sein Traum sich erf&#252;llt und man lernt, dass man sich von der Meinung anderer oder eben auch Misserfolgen nicht aufhalten lassen sollte. Mit ein bisschen Geduld kann man alles schaffen&#8230;<\/p>\n<p>Zu dem Buch gibt es &#252;brigens auch<a href=\"https:\/\/kuestenkidsunterwegs.blogspot.com\/2021\/02\/kinderbuch-seesucht-marlies-van-der-wel-bilderbuch-sehnsucht-meer-maritim-blogparade.html\" target=\"_blank\" rel=\"noopener\"> eine sch&#246;ne Blogparade<\/a> &#252;ber Sehns&#252;chte.<\/p>\n<p><small><strong>Kinderbuchwoche:<\/strong><br \/>\nTag 01 \u2013&nbsp;<a href=\"https:\/\/www.heldenhaushalt.de\/sari02\/index.php\/2021\/04\/06\/das-kleine-wir-kindergarten-rezension\/\" target=\"_blank\" rel=\"noopener\">\u201eDas kleine WIR im Kindergarten\u201c von Daniela Kunkel<\/a><br \/>\nTag 02 &#8211; <a href=\"https:\/\/www.heldenhaushalt.de\/sari02\/index.php\/2021\/04\/07\/bleib-wie-du-bist-t-rex-rezension\/\">&#8220;Bleib wie du bis, T-Rex&#8221; von Veronika Frolova<\/a><\/small><\/p>\n<p><small><strong>*Anmerkung:<\/strong>&nbsp;Das Buch wurde uns von Mixtvision als Rezensionsexemplar zur Verf&#252;gung gestellt.<\/small><\/p>\n","protected":false},"excerpt":{"rendered":"<p>Rezension* Schon der dritte Tag unserer Kinderbuchwoche und heute habe ich wieder ein besonders sch&#246;nes Buch f&#252;r euch heraus gesucht. Es geht um Sehnsucht. Genauer gesagt um Seesucht. Ein ganz tiefes Gef&#252;hl, dass ich derzeit auch stark in mir trage. Mir fehlt das Meer so sehr&#8230; hachja&#8230; Das heutige Buch ist ein wirklich sehr sch&#246;nes Werk aus dem Mixtvision Verlag und wartet schon lange darauf hier endlich mal vorgestellt zu werden. Kurz ein paar Worte zu der Autorin am Anfang Marlies van der Wel ist n&#228;mlich Trickfilmregisseurin und hat schon viele sch&#246;ne Kurzfilme animiert. Aber sie ist eben auch Illustratorin und macht das wirklich gut. Bestes Beispiel? Das Buch &#8220;Seesucht&#8220;, das ich euch heute vorstelle. Dieses ist n&#228;mlich prall gef&#252;llt mit wundersch&#246;nen und stimmungsvollen Illustrationen, die die Sehnsucht in einem wecken. Insgesamt kommt dieses Kinderbuch mit eher weniger Worten aus und l&#228;sst die Bilder f&#252;r sich sprechen und dennoch erz&#228;hlt Marlies van der Wel uns ein wenig &#252;ber den Protagonisten. Irgendwie finden sich alle Stimmungen und Emotionen darin wieder und wandeln sich auf den 78 Seiten immer wieder, was f&#252;r ein Kinderbuch schon sehr umfangreich ist. Umso angenehmer, dass der Schwerpunkt mehr auf den Bildern und weniger auf dem Text liegt, denn so gibt es viel zu schauen und zu entdecken. &#8220;Seesucht&#8221; von Marlies van der Wel aus dem Mixtvision Verlag Jonas geh&#246;rt ins Meer. Das stellt er schon mit zwei Jahren fest. Er sp&#252;rt, wie das Wasser &#252;ber seine F&#252;&#223;e schwappt, springt hinein und wei&#223; sofort, dass er in seinem Element ist. Er schwimmt mit den Fischen, den Quallen und f&#252;hlt sich einfach nur pudelwohl. Aber der Mensch braucht irgendwann Luft zum Atmen, wenn er unter Wasser ist. Jonas st&#246;&#223;t an seine Grenzen und seine Mutter sagt ihm deutlich, das Menschen ans Land geh&#246;ren und nicht in das Meer. Doch Jonas hat Seesucht. Nur im Wasser, in den weiten des Meeres f&#252;hlt er sich wohl und so sucht er immer wieder einen Weg, wie er mit den Fischen zusammen schwimmen kann. Nicht nur kurz. Wir begleiten Jonas durch die Jahre. Immer wieder kehrt er an das Meer zur&#252;ck und hat eine neue Erfindung dabei, die ihm dabei helfen soll seinen Traum umzusetzen. Dabei wird er von den Fischern immer wieder nur bel&#228;chelt und ausgelacht. Und so vergehen die Jahre und Jonas wird immer &#228;lter und &#228;lter&#8230; doch seinen Traum gibt er trotz der vielen Fehlversuche nicht auf. So stimmungsvoll, so sch&#246;n&#8230; Wirklich, alleine wegen der Bilder ist &#8220;Seesucht&#8221; mindestens einen, wenn nicht gar mehr Blicke wert. Die Illustrationen alleine m&#246;chte man sich an die Wand h&#228;ngen und immer wieder betrachten. Auch der Spannungsbogen, der immer wieder aufgebaut wird, trotz der wenigen Worte, ist angenehm und aufregend zugleich. Man hofft mit Jonas gemeinsam, dass sein Traum sich erf&#252;llt und man lernt, dass man sich von der Meinung anderer oder eben auch Misserfolgen nicht aufhalten lassen sollte. Mit ein bisschen Geduld kann man alles schaffen&#8230; Zu dem Buch gibt es &#252;brigens auch eine sch&#246;ne Blogparade &#252;ber Sehns&#252;chte. Kinderbuchwoche: Tag 01 \u2013&nbsp;\u201eDas kleine WIR im Kindergarten\u201c von Daniela Kunkel Tag 02 &#8211; &#8220;Bleib wie du bis, T-Rex&#8221; von Veronika Frolova *Anmerkung:&nbsp;Das Buch wurde uns von Mixtvision als Rezensionsexemplar zur Verf&#252;gung gestellt.<\/p>\n","protected":false},"author":1,"featured_media":52022,"comment_status":"open","ping_status":"open","sticky":false,"template":"","format":"standard","meta":{"ngg_post_thumbnail":0,"footnotes":""},"categories":[323,1690,53],"tags":[1752,253,202,81,438,276,2912,732,2911,733],"class_list":["post-51829","post","type-post","status-publish","format-standard","has-post-thumbnail","hentry","category-alltag","category-buecher","category-empfehlungen","tag-bilderbuch","tag-buch","tag-empfehlung","tag-kinder","tag-kinderbuch","tag-lesen","tag-meer","tag-rezension","tag-seesucht","tag-vorlesen"],"yoast_head":"<!-- This site is optimized with the Yoast SEO plugin v27.5 - https:\/\/yoast.com\/product\/yoast-seo-wordpress\/ -->\n<title>Kinderbuchwoche #3 - &quot;Seesucht&quot; #Rezension - Heldenhaushalt<\/title>\n<meta name=\"description\" content=\"Es geht um Sehnsucht. Genauer gesagt um Seesucht. Ein ganz tiefes Gef\u00fchl, dass ich derzeit auch stark in mir trage. Mir fehlt das Meer so...\" \/>\n<meta name=\"robots\" content=\"index, follow, max-snippet:-1, max-image-preview:large, max-video-preview:-1\" \/>\n<link rel=\"canonical\" href=\"https:\/\/www.heldenhaushalt.de\/sari02\/index.php\/2021\/04\/08\/seesucht-rezension\/\" \/>\n<meta property=\"og:locale\" content=\"de_DE\" \/>\n<meta property=\"og:type\" content=\"article\" \/>\n<meta property=\"og:title\" content=\"Kinderbuchwoche #3 - &quot;Seesucht&quot; #Rezension - Heldenhaushalt\" \/>\n<meta property=\"og:description\" content=\"Es geht um Sehnsucht. Genauer gesagt um Seesucht. Ein ganz tiefes Gef\u00fchl, dass ich derzeit auch stark in mir trage. Mir fehlt das Meer so...\" \/>\n<meta property=\"og:url\" content=\"https:\/\/www.heldenhaushalt.de\/sari02\/index.php\/2021\/04\/08\/seesucht-rezension\/\" \/>\n<meta property=\"og:site_name\" content=\"Heldenhaushalt\" \/>\n<meta property=\"article:published_time\" content=\"2021-04-08T11:00:00+00:00\" \/>\n<meta property=\"article:modified_time\" content=\"2026-03-18T11:05:19+00:00\" \/>\n<meta property=\"og:image\" content=\"https:\/\/www.heldenhaushalt.de\/sari02\/wp-content\/uploads\/2021\/04\/seesucht00.jpg\" \/>\n\t<meta property=\"og:image:width\" content=\"1000\" \/>\n\t<meta property=\"og:image:height\" content=\"693\" \/>\n\t<meta property=\"og:image:type\" content=\"image\/jpeg\" \/>\n<meta name=\"author\" content=\"Sari\" \/>\n<meta name=\"twitter:card\" content=\"summary_large_image\" \/>\n<meta name=\"twitter:creator\" content=\"@Heldenhaushalt\" \/>\n<meta name=\"twitter:site\" content=\"@Heldenhaushalt\" \/>\n<meta name=\"twitter:label1\" content=\"Verfasst von\" \/>\n\t<meta name=\"twitter:data1\" content=\"Sari\" \/>\n\t<meta name=\"twitter:label2\" content=\"Gesch\u00e4tzte Lesezeit\" \/>\n\t<meta name=\"twitter:data2\" content=\"3\u00a0Minuten\" \/>\n<script type=\"application\/ld+json\" class=\"yoast-schema-graph\">{\"@context\":\"https:\\\/\\\/schema.org\",\"@graph\":[{\"@type\":\"Article\",\"@id\":\"https:\\\/\\\/www.heldenhaushalt.de\\\/sari02\\\/index.php\\\/2021\\\/04\\\/08\\\/seesucht-rezension\\\/#article\",\"isPartOf\":{\"@id\":\"https:\\\/\\\/www.heldenhaushalt.de\\\/sari02\\\/index.php\\\/2021\\\/04\\\/08\\\/seesucht-rezension\\\/\"},\"author\":{\"name\":\"Sari\",\"@id\":\"https:\\\/\\\/www.heldenhaushalt.de\\\/sari02\\\/#\\\/schema\\\/person\\\/a1cc69f42a01f412eb62c151353814f6\"},\"headline\":\"Kinderbuchwoche #3 &#8211; &#8220;Seesucht&#8221; #Rezension\",\"datePublished\":\"2021-04-08T11:00:00+00:00\",\"dateModified\":\"2026-03-18T11:05:19+00:00\",\"mainEntityOfPage\":{\"@id\":\"https:\\\/\\\/www.heldenhaushalt.de\\\/sari02\\\/index.php\\\/2021\\\/04\\\/08\\\/seesucht-rezension\\\/\"},\"wordCount\":562,\"commentCount\":0,\"publisher\":{\"@id\":\"https:\\\/\\\/www.heldenhaushalt.de\\\/sari02\\\/#\\\/schema\\\/person\\\/a1cc69f42a01f412eb62c151353814f6\"},\"image\":{\"@id\":\"https:\\\/\\\/www.heldenhaushalt.de\\\/sari02\\\/index.php\\\/2021\\\/04\\\/08\\\/seesucht-rezension\\\/#primaryimage\"},\"thumbnailUrl\":\"https:\\\/\\\/www.heldenhaushalt.de\\\/sari02\\\/wp-content\\\/uploads\\\/2021\\\/04\\\/seesucht00.jpg\",\"keywords\":[\"Bilderbuch\",\"Buch\",\"Empfehlung\",\"Kinder\",\"Kinderbuch\",\"Lesen\",\"Meer\",\"Rezension\",\"Seesucht\",\"Vorlesen\"],\"articleSection\":[\"Alltagschaos\",\"B\u00fccher\",\"Empfehlungen\"],\"inLanguage\":\"de\",\"potentialAction\":[{\"@type\":\"CommentAction\",\"name\":\"Comment\",\"target\":[\"https:\\\/\\\/www.heldenhaushalt.de\\\/sari02\\\/index.php\\\/2021\\\/04\\\/08\\\/seesucht-rezension\\\/#respond\"]}]},{\"@type\":\"WebPage\",\"@id\":\"https:\\\/\\\/www.heldenhaushalt.de\\\/sari02\\\/index.php\\\/2021\\\/04\\\/08\\\/seesucht-rezension\\\/\",\"url\":\"https:\\\/\\\/www.heldenhaushalt.de\\\/sari02\\\/index.php\\\/2021\\\/04\\\/08\\\/seesucht-rezension\\\/\",\"name\":\"Kinderbuchwoche #3 - \\\"Seesucht\\\" #Rezension - Heldenhaushalt\",\"isPartOf\":{\"@id\":\"https:\\\/\\\/www.heldenhaushalt.de\\\/sari02\\\/#website\"},\"primaryImageOfPage\":{\"@id\":\"https:\\\/\\\/www.heldenhaushalt.de\\\/sari02\\\/index.php\\\/2021\\\/04\\\/08\\\/seesucht-rezension\\\/#primaryimage\"},\"image\":{\"@id\":\"https:\\\/\\\/www.heldenhaushalt.de\\\/sari02\\\/index.php\\\/2021\\\/04\\\/08\\\/seesucht-rezension\\\/#primaryimage\"},\"thumbnailUrl\":\"https:\\\/\\\/www.heldenhaushalt.de\\\/sari02\\\/wp-content\\\/uploads\\\/2021\\\/04\\\/seesucht00.jpg\",\"datePublished\":\"2021-04-08T11:00:00+00:00\",\"dateModified\":\"2026-03-18T11:05:19+00:00\",\"description\":\"Es geht um Sehnsucht. Genauer gesagt um Seesucht. Ein ganz tiefes Gef\u00fchl, dass ich derzeit auch stark in mir trage. Mir fehlt das Meer so...\",\"breadcrumb\":{\"@id\":\"https:\\\/\\\/www.heldenhaushalt.de\\\/sari02\\\/index.php\\\/2021\\\/04\\\/08\\\/seesucht-rezension\\\/#breadcrumb\"},\"inLanguage\":\"de\",\"potentialAction\":[{\"@type\":\"ReadAction\",\"target\":[\"https:\\\/\\\/www.heldenhaushalt.de\\\/sari02\\\/index.php\\\/2021\\\/04\\\/08\\\/seesucht-rezension\\\/\"]}]},{\"@type\":\"ImageObject\",\"inLanguage\":\"de\",\"@id\":\"https:\\\/\\\/www.heldenhaushalt.de\\\/sari02\\\/index.php\\\/2021\\\/04\\\/08\\\/seesucht-rezension\\\/#primaryimage\",\"url\":\"https:\\\/\\\/www.heldenhaushalt.de\\\/sari02\\\/wp-content\\\/uploads\\\/2021\\\/04\\\/seesucht00.jpg\",\"contentUrl\":\"https:\\\/\\\/www.heldenhaushalt.de\\\/sari02\\\/wp-content\\\/uploads\\\/2021\\\/04\\\/seesucht00.jpg\",\"width\":1000,\"height\":693,\"caption\":\"Seesucht\"},{\"@type\":\"BreadcrumbList\",\"@id\":\"https:\\\/\\\/www.heldenhaushalt.de\\\/sari02\\\/index.php\\\/2021\\\/04\\\/08\\\/seesucht-rezension\\\/#breadcrumb\",\"itemListElement\":[{\"@type\":\"ListItem\",\"position\":1,\"name\":\"Startseite\",\"item\":\"https:\\\/\\\/www.heldenhaushalt.de\\\/sari02\\\/\"},{\"@type\":\"ListItem\",\"position\":2,\"name\":\"Kinderbuchwoche #3 &#8211; &#8220;Seesucht&#8221; #Rezension\"}]},{\"@type\":\"WebSite\",\"@id\":\"https:\\\/\\\/www.heldenhaushalt.de\\\/sari02\\\/#website\",\"url\":\"https:\\\/\\\/www.heldenhaushalt.de\\\/sari02\\\/\",\"name\":\"Heldenhaushalt\",\"description\":\"Wer es ordentlich haben will, der muss vorher anrufen\",\"publisher\":{\"@id\":\"https:\\\/\\\/www.heldenhaushalt.de\\\/sari02\\\/#\\\/schema\\\/person\\\/a1cc69f42a01f412eb62c151353814f6\"},\"potentialAction\":[{\"@type\":\"SearchAction\",\"target\":{\"@type\":\"EntryPoint\",\"urlTemplate\":\"https:\\\/\\\/www.heldenhaushalt.de\\\/sari02\\\/?s={search_term_string}\"},\"query-input\":{\"@type\":\"PropertyValueSpecification\",\"valueRequired\":true,\"valueName\":\"search_term_string\"}}],\"inLanguage\":\"de\"},{\"@type\":[\"Person\",\"Organization\"],\"@id\":\"https:\\\/\\\/www.heldenhaushalt.de\\\/sari02\\\/#\\\/schema\\\/person\\\/a1cc69f42a01f412eb62c151353814f6\",\"name\":\"Sari\",\"image\":{\"@type\":\"ImageObject\",\"inLanguage\":\"de\",\"@id\":\"https:\\\/\\\/www.heldenhaushalt.de\\\/sari02\\\/wp-content\\\/uploads\\\/2019\\\/02\\\/sari-april2018.png\",\"url\":\"https:\\\/\\\/www.heldenhaushalt.de\\\/sari02\\\/wp-content\\\/uploads\\\/2019\\\/02\\\/sari-april2018.png\",\"contentUrl\":\"https:\\\/\\\/www.heldenhaushalt.de\\\/sari02\\\/wp-content\\\/uploads\\\/2019\\\/02\\\/sari-april2018.png\",\"width\":500,\"height\":500,\"caption\":\"Sari\"},\"logo\":{\"@id\":\"https:\\\/\\\/www.heldenhaushalt.de\\\/sari02\\\/wp-content\\\/uploads\\\/2019\\\/02\\\/sari-april2018.png\"},\"description\":\"Frau Mondgras \u2013 Das bin ich, Sari. Gerne auch als Sari Mondgras bekannt und im Internet zu finden. 2-Fach-Mutter, Heldenehefrau, Kreativling, Harmonies\u00fcchtig und st\u00e4ndig auf der Suche nach Gl\u00fcck. Ich komme aus Berlin, bin hier aufgewachsen und lebe hier seit ich denken kann.\",\"sameAs\":[\"https:\\\/\\\/www.instagram.com\\\/heldenhaushalt\\\/\"],\"url\":\"https:\\\/\\\/www.heldenhaushalt.de\\\/sari02\\\/index.php\\\/author\\\/admin\\\/\"}]}<\/script>\n<!-- \/ Yoast SEO plugin. -->","yoast_head_json":{"title":"Kinderbuchwoche #3 - \"Seesucht\" #Rezension - Heldenhaushalt","description":"Es geht um Sehnsucht. Genauer gesagt um Seesucht. Ein ganz tiefes Gef\u00fchl, dass ich derzeit auch stark in mir trage. Mir fehlt das Meer so...","robots":{"index":"index","follow":"follow","max-snippet":"max-snippet:-1","max-image-preview":"max-image-preview:large","max-video-preview":"max-video-preview:-1"},"canonical":"https:\/\/www.heldenhaushalt.de\/sari02\/index.php\/2021\/04\/08\/seesucht-rezension\/","og_locale":"de_DE","og_type":"article","og_title":"Kinderbuchwoche #3 - \"Seesucht\" #Rezension - Heldenhaushalt","og_description":"Es geht um Sehnsucht. Genauer gesagt um Seesucht. Ein ganz tiefes Gef\u00fchl, dass ich derzeit auch stark in mir trage. Mir fehlt das Meer so...","og_url":"https:\/\/www.heldenhaushalt.de\/sari02\/index.php\/2021\/04\/08\/seesucht-rezension\/","og_site_name":"Heldenhaushalt","article_published_time":"2021-04-08T11:00:00+00:00","article_modified_time":"2026-03-18T11:05:19+00:00","og_image":[{"width":1000,"height":693,"url":"https:\/\/www.heldenhaushalt.de\/sari02\/wp-content\/uploads\/2021\/04\/seesucht00.jpg","type":"image\/jpeg"}],"author":"Sari","twitter_card":"summary_large_image","twitter_creator":"@Heldenhaushalt","twitter_site":"@Heldenhaushalt","twitter_misc":{"Verfasst von":"Sari","Gesch\u00e4tzte Lesezeit":"3\u00a0Minuten"},"schema":{"@context":"https:\/\/schema.org","@graph":[{"@type":"Article","@id":"https:\/\/www.heldenhaushalt.de\/sari02\/index.php\/2021\/04\/08\/seesucht-rezension\/#article","isPartOf":{"@id":"https:\/\/www.heldenhaushalt.de\/sari02\/index.php\/2021\/04\/08\/seesucht-rezension\/"},"author":{"name":"Sari","@id":"https:\/\/www.heldenhaushalt.de\/sari02\/#\/schema\/person\/a1cc69f42a01f412eb62c151353814f6"},"headline":"Kinderbuchwoche #3 &#8211; &#8220;Seesucht&#8221; #Rezension","datePublished":"2021-04-08T11:00:00+00:00","dateModified":"2026-03-18T11:05:19+00:00","mainEntityOfPage":{"@id":"https:\/\/www.heldenhaushalt.de\/sari02\/index.php\/2021\/04\/08\/seesucht-rezension\/"},"wordCount":562,"commentCount":0,"publisher":{"@id":"https:\/\/www.heldenhaushalt.de\/sari02\/#\/schema\/person\/a1cc69f42a01f412eb62c151353814f6"},"image":{"@id":"https:\/\/www.heldenhaushalt.de\/sari02\/index.php\/2021\/04\/08\/seesucht-rezension\/#primaryimage"},"thumbnailUrl":"https:\/\/www.heldenhaushalt.de\/sari02\/wp-content\/uploads\/2021\/04\/seesucht00.jpg","keywords":["Bilderbuch","Buch","Empfehlung","Kinder","Kinderbuch","Lesen","Meer","Rezension","Seesucht","Vorlesen"],"articleSection":["Alltagschaos","B\u00fccher","Empfehlungen"],"inLanguage":"de","potentialAction":[{"@type":"CommentAction","name":"Comment","target":["https:\/\/www.heldenhaushalt.de\/sari02\/index.php\/2021\/04\/08\/seesucht-rezension\/#respond"]}]},{"@type":"WebPage","@id":"https:\/\/www.heldenhaushalt.de\/sari02\/index.php\/2021\/04\/08\/seesucht-rezension\/","url":"https:\/\/www.heldenhaushalt.de\/sari02\/index.php\/2021\/04\/08\/seesucht-rezension\/","name":"Kinderbuchwoche #3 - \"Seesucht\" #Rezension - Heldenhaushalt","isPartOf":{"@id":"https:\/\/www.heldenhaushalt.de\/sari02\/#website"},"primaryImageOfPage":{"@id":"https:\/\/www.heldenhaushalt.de\/sari02\/index.php\/2021\/04\/08\/seesucht-rezension\/#primaryimage"},"image":{"@id":"https:\/\/www.heldenhaushalt.de\/sari02\/index.php\/2021\/04\/08\/seesucht-rezension\/#primaryimage"},"thumbnailUrl":"https:\/\/www.heldenhaushalt.de\/sari02\/wp-content\/uploads\/2021\/04\/seesucht00.jpg","datePublished":"2021-04-08T11:00:00+00:00","dateModified":"2026-03-18T11:05:19+00:00","description":"Es geht um Sehnsucht. Genauer gesagt um Seesucht. Ein ganz tiefes Gef\u00fchl, dass ich derzeit auch stark in mir trage. Mir fehlt das Meer so...","breadcrumb":{"@id":"https:\/\/www.heldenhaushalt.de\/sari02\/index.php\/2021\/04\/08\/seesucht-rezension\/#breadcrumb"},"inLanguage":"de","potentialAction":[{"@type":"ReadAction","target":["https:\/\/www.heldenhaushalt.de\/sari02\/index.php\/2021\/04\/08\/seesucht-rezension\/"]}]},{"@type":"ImageObject","inLanguage":"de","@id":"https:\/\/www.heldenhaushalt.de\/sari02\/index.php\/2021\/04\/08\/seesucht-rezension\/#primaryimage","url":"https:\/\/www.heldenhaushalt.de\/sari02\/wp-content\/uploads\/2021\/04\/seesucht00.jpg","contentUrl":"https:\/\/www.heldenhaushalt.de\/sari02\/wp-content\/uploads\/2021\/04\/seesucht00.jpg","width":1000,"height":693,"caption":"Seesucht"},{"@type":"BreadcrumbList","@id":"https:\/\/www.heldenhaushalt.de\/sari02\/index.php\/2021\/04\/08\/seesucht-rezension\/#breadcrumb","itemListElement":[{"@type":"ListItem","position":1,"name":"Startseite","item":"https:\/\/www.heldenhaushalt.de\/sari02\/"},{"@type":"ListItem","position":2,"name":"Kinderbuchwoche #3 &#8211; &#8220;Seesucht&#8221; #Rezension"}]},{"@type":"WebSite","@id":"https:\/\/www.heldenhaushalt.de\/sari02\/#website","url":"https:\/\/www.heldenhaushalt.de\/sari02\/","name":"Heldenhaushalt","description":"Wer es ordentlich haben will, der muss vorher anrufen","publisher":{"@id":"https:\/\/www.heldenhaushalt.de\/sari02\/#\/schema\/person\/a1cc69f42a01f412eb62c151353814f6"},"potentialAction":[{"@type":"SearchAction","target":{"@type":"EntryPoint","urlTemplate":"https:\/\/www.heldenhaushalt.de\/sari02\/?s={search_term_string}"},"query-input":{"@type":"PropertyValueSpecification","valueRequired":true,"valueName":"search_term_string"}}],"inLanguage":"de"},{"@type":["Person","Organization"],"@id":"https:\/\/www.heldenhaushalt.de\/sari02\/#\/schema\/person\/a1cc69f42a01f412eb62c151353814f6","name":"Sari","image":{"@type":"ImageObject","inLanguage":"de","@id":"https:\/\/www.heldenhaushalt.de\/sari02\/wp-content\/uploads\/2019\/02\/sari-april2018.png","url":"https:\/\/www.heldenhaushalt.de\/sari02\/wp-content\/uploads\/2019\/02\/sari-april2018.png","contentUrl":"https:\/\/www.heldenhaushalt.de\/sari02\/wp-content\/uploads\/2019\/02\/sari-april2018.png","width":500,"height":500,"caption":"Sari"},"logo":{"@id":"https:\/\/www.heldenhaushalt.de\/sari02\/wp-content\/uploads\/2019\/02\/sari-april2018.png"},"description":"Frau Mondgras \u2013 Das bin ich, Sari. Gerne auch als Sari Mondgras bekannt und im Internet zu finden. 2-Fach-Mutter, Heldenehefrau, Kreativling, Harmonies\u00fcchtig und st\u00e4ndig auf der Suche nach Gl\u00fcck. Ich komme aus Berlin, bin hier aufgewachsen und lebe hier seit ich denken kann.","sameAs":["https:\/\/www.instagram.com\/heldenhaushalt\/"],"url":"https:\/\/www.heldenhaushalt.de\/sari02\/index.php\/author\/admin\/"}]}},"views":2541,"_links":{"self":[{"href":"https:\/\/www.heldenhaushalt.de\/sari02\/index.php\/wp-json\/wp\/v2\/posts\/51829","targetHints":{"allow":["GET"]}}],"collection":[{"href":"https:\/\/www.heldenhaushalt.de\/sari02\/index.php\/wp-json\/wp\/v2\/posts"}],"about":[{"href":"https:\/\/www.heldenhaushalt.de\/sari02\/index.php\/wp-json\/wp\/v2\/types\/post"}],"author":[{"embeddable":true,"href":"https:\/\/www.heldenhaushalt.de\/sari02\/index.php\/wp-json\/wp\/v2\/users\/1"}],"replies":[{"embeddable":true,"href":"https:\/\/www.heldenhaushalt.de\/sari02\/index.php\/wp-json\/wp\/v2\/comments?post=51829"}],"version-history":[{"count":3,"href":"https:\/\/www.heldenhaushalt.de\/sari02\/index.php\/wp-json\/wp\/v2\/posts\/51829\/revisions"}],"predecessor-version":[{"id":52025,"href":"https:\/\/www.heldenhaushalt.de\/sari02\/index.php\/wp-json\/wp\/v2\/posts\/51829\/revisions\/52025"}],"wp:featuredmedia":[{"embeddable":true,"href":"https:\/\/www.heldenhaushalt.de\/sari02\/index.php\/wp-json\/wp\/v2\/media\/52022"}],"wp:attachment":[{"href":"https:\/\/www.heldenhaushalt.de\/sari02\/index.php\/wp-json\/wp\/v2\/media?parent=51829"}],"wp:term":[{"taxonomy":"category","embeddable":true,"href":"https:\/\/www.heldenhaushalt.de\/sari02\/index.php\/wp-json\/wp\/v2\/categories?post=51829"},{"taxonomy":"post_tag","embeddable":true,"href":"https:\/\/www.heldenhaushalt.de\/sari02\/index.php\/wp-json\/wp\/v2\/tags?post=51829"}],"curies":[{"name":"wp","href":"https:\/\/api.w.org\/{rel}","templated":true}]}}