{"id":51868,"date":"2021-03-24T09:55:36","date_gmt":"2021-03-24T08:55:36","guid":{"rendered":"https:\/\/www.heldenhaushalt.de\/sari02\/?p=51868"},"modified":"2021-03-24T17:01:25","modified_gmt":"2021-03-24T16:01:25","slug":"corona-ein-jahr-spaeter","status":"publish","type":"post","link":"https:\/\/www.heldenhaushalt.de\/sari02\/index.php\/2021\/03\/24\/corona-ein-jahr-spaeter\/","title":{"rendered":"Corona &#8211; Ein Jahr sp&#228;ter&#8230; es ist so skurril!"},"content":{"rendered":"<p>Ein seltsames Gef&#252;hl, wenn man <a href=\"https:\/\/www.heldenhaushalt.de\/sari02\/index.php\/2020\/03\/23\/unser-wib-am-21-22-03-2020\/\">die Beitr&#228;ge von vor einem Jahr liest<\/a>. Davon, wie es den Kindern nach zwei Wochen &#8220;Corona-Ferien&#8221; geht oder dass die Zahlen nicht besser werden und man deshalb nur noch mit einem triftigen Grund das Haus verlassen darf. Wenn ich das heute so lese, denke ich: <strong>Wie naiv waren wir eigentlich?<\/strong><\/p>\n<p>Ich kann mich erinnern, wie ich noch bevor der Sommer zu Ende war sagte, dass es im Winter sicherlich wieder R&#252;ckschl&#228;ge geben w&#252;rde, nachdem sich im Juli vieles schon fast wieder normal anf&#252;hlte. Ich kann mich auch erinnern, wie dankbar ich f&#252;r unseren Garten in Zeiten war, wo man quasi nicht aus dem Haus durfte. Spielpl&#228;tze waren geschlossen und wenn ich jetzt bei sch&#246;nem Wetter aus dem Haus gehe, kann ich ein St&#252;ck weit verstehen wieso, denn sie sind &#252;bervoll an solchen Tagen. Unsere M&#246;glichkeiten waren wirklich mehr als nur eingeschr&#228;nkt und unsere t&#228;glichen Spazierg&#228;nge ein wertvolles Gut.<\/p>\n<h2>Was hat sich seitdem getan?<\/h2>\n<p>Zwischendurch sah es ja wirklich mal ganz gut aus. Die Zahlen sanken, es wurde besser, mehr war wieder m&#246;glich obwohl Corona-Partys auf dem Wasser stattfanden und bewusst auf den Stra&#223;en zu Tausenden provoziert wurde. Inzwischen hatten wir auch F&#228;lle im unmittelbaren Umfeld. Es ist nicht mehr so fern wie damals, als es sich so unwirklich anf&#252;hlte und auch wir kennen Menschen inzwischen, die daran gestorben sind, aber erfreulicher Weise auch genug, die inzwischen wieder gesund und ganz die alten sind.&nbsp; Erschreckend finde ich, dass immer noch Menschen da drau&#223;en herum rennen, die das Ganze leugnen und nicht sehen wollen, dass es real ist, seltsame Vergleiche suchen und eben weiter provozieren und ignorieren. So lange das so ist, wird es wohl nie so ganz eine Besserung geben.<\/p>\n<p><img loading=\"lazy\" decoding=\"async\" class=\"alignnone size-full wp-image-51879\" src=\"https:\/\/www.heldenhaushalt.de\/sari02\/wp-content\/uploads\/2021\/03\/05-04.jpg\" alt=\"Jahr\" width=\"1000\" height=\"704\" srcset=\"https:\/\/www.heldenhaushalt.de\/sari02\/wp-content\/uploads\/2021\/03\/05-04.jpg 1000w, https:\/\/www.heldenhaushalt.de\/sari02\/wp-content\/uploads\/2021\/03\/05-04-300x211.jpg 300w, https:\/\/www.heldenhaushalt.de\/sari02\/wp-content\/uploads\/2021\/03\/05-04-768x541.jpg 768w\" sizes=\"auto, (max-width: 1000px) 100vw, 1000px\" \/><\/p>\n<p>Aus &#8220;sobald es einen Impfstoff gibt wird alles besser&#8221; wird nun ein ewiges Hin und Her welcher denn nun gut und richtig ist. Erst wird geimpft, dann wieder nicht. <a href=\"https:\/\/www.heldenhaushalt.de\/sari02\/index.php\/2020\/06\/13\/kita-und-schulalltag-in-corona-zeiten-und-was-wir-dabei-fuehlen\/\">Neue Unsicherheiten werden gesch&#252;rt.<\/a> Schulen schlie&#223;en, &#246;ffnen, schlie&#223;en teilweise und dann doch wieder ganz. Kitas sind auch nur teilweise offen und ich merke immer wieder wie dankbar ich bin, dass wir mit unseren Mitteln hier halbwegs gut durch diese Krise kommen.<\/p>\n<p>Aus &#8220;es wird langsam besser&#8221; ist nun ein Jahr sp&#228;ter eine Situation geworden, in der die Zahlen denen vor einem Jahr gleichen, wenn nicht gar h&#246;her sind und wir zu allem &#220;berfluss auch noch verschiedene mutierte Formen bew&#228;ltigen m&#252;ssen, die vieles auf Anfang setzen und neue &#196;ngste sch&#252;ren.&nbsp;<\/p>\n<h2>Ich bin m&#252;de, doch die Kinder sind ersch&#246;pft&#8230;<\/h2>\n<p><strong>Was auch noch anders als vor einem Jahr ist:<\/strong> Damals war ich motiviert meine Familie gut durch diese Zeit zu bringen. <a href=\"https:\/\/www.heldenhaushalt.de\/sari02\/index.php\/2021\/02\/10\/einfach-nur-doof\/\">Inzwischen bin ich nur noch m&#252;de.<\/a> Vor allem nach einem langen und dunklen Winter. Kleine Highlights zwischendurch sorgen f&#252;r einen Aufschwung und ich bin mir sicher sobald das Wetter kontinuierlich besser wird, wird auch der Energiepegel bei uns wieder ansteigen. Aktuell m&#246;chte ich aber eigentlich nur auf dem Sofa l&#252;mmeln, mimimi machen und Schokolade in mich reinstopfen. All das positive K&#246;rpergef&#252;hl, das ich in den letzten Wochen aufgebaut habe einfach mal zu Nichte machen und mich gehen lassen. Self-Care? Ich wei&#223; nicht, <strong>wohl eher Selbstmitleid.<\/strong><\/p>\n<p>Und dann sehe ich meine Kinder, sehe andere Familien, die so einen harten <a href=\"https:\/\/mamaskind.de\/familie\/corona-wechselunterricht-an-schulen-gehts-noch\/\" target=\"_blank\" rel=\"noopener\">Kampf f&#252;hren<\/a>, um das alles <a href=\"https:\/\/bloggermumofthreeboys.com\/2021\/03\/16\/ein-jahr-seit-erster-schulschliessung-und-politisches-schulchaos\/\" target=\"_blank\" rel=\"noopener\">halbwegs gut zu &#252;berstehen<\/a>. Ich habe das Gef&#252;hl die Berichte im Social Media sind unser neues soziales Umfeld, denn vielmehr bekommt man ja nicht wirklich mit. Man schaut wie es andere machen, wie es anderen geht, teilt sich eben &#252;ber Feeds, Reels und Co mit, tauscht sich aus, chattet miteinander und macht Video-Calls. Der gro&#223;e Sohn hat sich nun sogar einen eigenen Meeting-Raum eingerichtet, um dort mit Schulfreunden zu quatschen und zu lernen.<\/p>\n<p><img loading=\"lazy\" decoding=\"async\" class=\"alignnone size-full wp-image-51877\" src=\"https:\/\/www.heldenhaushalt.de\/sari02\/wp-content\/uploads\/2021\/03\/05-02.jpg\" alt=\"Homeschooling\" width=\"1000\" height=\"710\" srcset=\"https:\/\/www.heldenhaushalt.de\/sari02\/wp-content\/uploads\/2021\/03\/05-02.jpg 1000w, https:\/\/www.heldenhaushalt.de\/sari02\/wp-content\/uploads\/2021\/03\/05-02-300x213.jpg 300w, https:\/\/www.heldenhaushalt.de\/sari02\/wp-content\/uploads\/2021\/03\/05-02-768x545.jpg 768w\" sizes=\"auto, (max-width: 1000px) 100vw, 1000px\" \/><\/p>\n<p>W&#228;hrend ich mich Phasenweise einfach nur noch m&#252;de und ausgelaugt f&#252;hle, sehe ich die Ersch&#246;pfung in den Gesichtern meiner Kinder und wie dankbar sie f&#252;r jedes bisschen soziales Umfeld sind. Wenn sie eben doch mal in einer Phase wo es erlaubt ist Oma und Opa sehen d&#252;rfen, an der frischen Luft Sport treiben k&#246;nnen oder sogar mal f&#252;r ein zwei Tage in Schule und Kita d&#252;rfen. Wenn die Kinder rufen <strong>&#8220;Ich will in die Schule&#8221;<\/strong> nachdem sie vor einem Jahr fast eine Party zu Hause gefeiert haben, weil sie zu Hause lernen durften, dann ist das aus meiner Sicht schon ein ziemlich krasses Zeichen daf&#252;r, <strong>wie elend es unseren Kindern <a href=\"https:\/\/www.grossekoepfe.de\/beliebt\/schulsorgen-mitten-in-corona\" target=\"_blank\" rel=\"noopener\">eigentlich gerade geht<\/a><\/strong>.<\/p>\n<h2>Das geht von Vermissen bis hin zu Verzweiflung<\/h2>\n<p>Als der Lockdown in diesem Jahr ausgesprochen wurde dauerte es keine zwei Tage und der kleine Sohn weinte vor Verzweiflung, denn er hatte Dank Weihnachtsferien und vorgezogener Ferien nun &#252;ber zwei Wochen keinen Kontakt mehr zu seinen Freunden. Er war nur zu Hause, keiner hatte so richtig Zeit f&#252;r ihn, denn Arbeit und Schule hatten wieder angefangen. Wirklich, keine zwei Tage hat es gedauert und alles fehlte ihm. Vor allem seine Freunde und immer, wenn er jemanden beim Spazieren gehen aus der Ferne entdeckte, sagte er im Anschluss zu mir <strong>&#8220;Es war so sch&#246;n sie wiederzusehen&#8221;.<\/strong>&nbsp;<\/p>\n<p><img loading=\"lazy\" decoding=\"async\" class=\"alignnone size-full wp-image-51878\" src=\"https:\/\/www.heldenhaushalt.de\/sari02\/wp-content\/uploads\/2021\/03\/05-03.jpg\" alt=\"Frische Luft\" width=\"1000\" height=\"680\" srcset=\"https:\/\/www.heldenhaushalt.de\/sari02\/wp-content\/uploads\/2021\/03\/05-03.jpg 1000w, https:\/\/www.heldenhaushalt.de\/sari02\/wp-content\/uploads\/2021\/03\/05-03-300x204.jpg 300w, https:\/\/www.heldenhaushalt.de\/sari02\/wp-content\/uploads\/2021\/03\/05-03-768x522.jpg 768w\" sizes=\"auto, (max-width: 1000px) 100vw, 1000px\" \/><\/p>\n<p>Als es wieder in die Kita ging, erz&#228;hlte mir die Erzieherin, wie dankbar die Kinder w&#228;ren und das auch zeigten. Ehrlich zeigten. Immer wieder sagten sie wohl in den ersten Tagen zu ihr, dass sie sie ganz furchtbar vermisst h&#228;tten. Mir blutet in solchen Momenten wirklich das Herz.<\/p>\n<p>Der gro&#223;e Sohn jubelte laut, als es endlich hie&#223;, dass seine Klassenstufe nun mit Wechselunterricht dran w&#228;re. Er jubelte. So richtig! Klar sind die Einschr&#228;nkungen nervig, aber er tr&#228;gt lieber 6-7 Stunden am Tag IN der Schule eine Maske, als noch l&#228;nger zu Hause arbeiten zu m&#252;ssen, wo es ihm merklich immer schlechter mit der schulischen Situation ging. Ein richtiges Abschalten und L&#246;sen vom Schulthema zu Hause <strong>war kaum noch m&#246;glich<\/strong>, denn die Grenzen wurden immer schwammiger f&#252;r ihn und flossen mehr und mehr ineinander &#252;ber.&nbsp;<\/p>\n<h2>Nat&#252;rlich habe ich bei all dem nach wie vor Bauchschmerzen&#8230;<\/h2>\n<p>Ich freue mich so f&#252;r meine Kinder, dass sie ein St&#252;ck Alltag f&#252;r sich zur&#252;ckgewinnen konnten, <a href=\"https:\/\/www.heldenhaushalt.de\/sari02\/index.php\/2020\/08\/18\/wieder-schule-corona\/\">aber nat&#252;rlich dr&#252;ckt mir dabei auch t&#228;glich der Bauch<\/a>. Vor allem, wenn ich halt sehe, wie wenig Positives sich bei den Zahlen tut. Doch warum ist das so? Warum will es einfach nicht besser werden? Steckt da so viel Unvernunft hinter? Ist es die politische Irrfahrt, die uns mehr und mehr in diesen Strudel hineinlenkt?&nbsp;<\/p>\n<p>Es sind sicherlich viele Faktoren, die da mit reinspielen und es erschreckt mich, dass der gesunde Menschenverstand an so vielen Stellen immer noch ein Hindernis zu sein scheint. Und teilweise kann ich manches aber auch verstehen. Nach inzwischen &#252;ber einem Jahr Verzicht auf so viele Dinge ist man irgendwann an einem Punkt angekommen, <strong>an dem man nicht mehr kann<\/strong>.<\/p>\n<p><img loading=\"lazy\" decoding=\"async\" class=\"alignnone size-full wp-image-51876\" src=\"https:\/\/www.heldenhaushalt.de\/sari02\/wp-content\/uploads\/2021\/03\/05-01.jpg\" alt=\"Jahr\" width=\"1000\" height=\"714\" srcset=\"https:\/\/www.heldenhaushalt.de\/sari02\/wp-content\/uploads\/2021\/03\/05-01.jpg 1000w, https:\/\/www.heldenhaushalt.de\/sari02\/wp-content\/uploads\/2021\/03\/05-01-300x214.jpg 300w, https:\/\/www.heldenhaushalt.de\/sari02\/wp-content\/uploads\/2021\/03\/05-01-768x548.jpg 768w\" sizes=\"auto, (max-width: 1000px) 100vw, 1000px\" \/><\/p>\n<p><strong>Wie erw&#228;hnt:<\/strong> Irgendwie sind wir wieder an dem Punkt, an dem wir vor einem Jahr waren. Mit erschreckenden Zahlen, daf&#252;r zwar verschiedenen Impfstoffen (die immer noch teilweise angezweifelt werden und scheinbar ebenfalls Folgen aufzeigen) und Mutationen, die sich neue Ziele gesucht haben. Was tun?<\/p>\n<h2>Wir verlieren eine Generation<\/h2>\n<p>Was mir als Mutter immer wieder auff&#228;llt ist, dass vor allem einige der jungen Generationen gro&#223;e Opfer bringen m&#252;ssen. Die Kinder, die jetzt unter diesen schwierigen Bedingungen lernen und Leistung bringen m&#252;ssen, die zwischen Homeschooling und Pr&#228;senzunterricht hin und her wandeln und nicht so recht wissen, wie das Ganze weitergehen soll, sind die, <strong>die sp&#228;ter unsere Zukunft tragen<\/strong>? Aber zu welchen Bedingungen? Da wird hier teilweise vom freiwilligen Wiederholen der Schuljahre gesprochen zum Beispiel.&nbsp;<\/p>\n<p><strong>Nur mal so nebenbei:<\/strong> Der gro&#223;e Sohn liebt das Konzept der halbierten Klassen. Statt 30 Kinder in einem engen Raum, meist laut und voll, der verst&#228;ndlicher Weise auch f&#252;r einen Lehrer eine gigantische Herausforderung darstellt, sitzen da jetzt 15 Kinder, ein wenig nach ihren St&#228;rken sortiert, und arbeiten deutlich effektiver zusammen. Sagt er zumindest. Die Lehrer sind besser gelaunt und der Unterricht deutlich ruhiger. Etwas, das man vielleicht als Erfahrung mit aus dieser ganzen Geschichte nehmen sollte, denn das da die Kapazit&#228;ten schon vor Corona deutlich ausgereizt waren, ist ja nichts Neues.<\/p>\n<p>Die Fu&#223;ballvereine b&#252;&#223;en mehr und mehr Kinder ein, die Mannschaften schrumpfen und selbst angebotene Lockdown-Programme werden nicht unbedingt wahr genommen. Die Kinder versacken zu Hause, werden teilweise zu Couch-Potatos und wer kann es ihnen verdenken, denn die M&#246;glichkeiten werden schwindend gering. Nichts darf man mehr, nirgendwo kann man hin. <strong>Einen Schwimmkurs f&#252;r meinen 5 J&#228;hrigen zu finden ist gerade zu unm&#246;glich.<\/strong> Wie bringe ich ihm jetzt schwimmen bei? Nicht jeder hat die M&#246;glichkeit sein Kind zeitlich und r&#228;umlich zu Hause gut zu schulen.<\/p>\n<p><img loading=\"lazy\" decoding=\"async\" class=\"alignnone size-full wp-image-51880\" src=\"https:\/\/www.heldenhaushalt.de\/sari02\/wp-content\/uploads\/2021\/03\/05-05.jpg\" alt=\"Jahr\" width=\"1000\" height=\"710\" srcset=\"https:\/\/www.heldenhaushalt.de\/sari02\/wp-content\/uploads\/2021\/03\/05-05.jpg 1000w, https:\/\/www.heldenhaushalt.de\/sari02\/wp-content\/uploads\/2021\/03\/05-05-300x213.jpg 300w, https:\/\/www.heldenhaushalt.de\/sari02\/wp-content\/uploads\/2021\/03\/05-05-768x545.jpg 768w\" sizes=\"auto, (max-width: 1000px) 100vw, 1000px\" \/><\/p>\n<h2>Am Ende ist jeder auf seine Art irgendwie ausgebrannt&#8230;<\/h2>\n<p>Wir alle kommen unter unterschiedlichen Voraussetzungen mit dieser Pandemie, mit dieser Situation&#8230; mit Corona klar. Jeder hat andere M&#246;glichkeiten. F&#252;r die einen ist es leichter Thema Homeschooling und Kita-Schlie&#223;ung zu meistern (wir haben da zum Beispiel Gl&#252;ck), f&#252;r andere ist es ein echt hartes Thema mit vielen Einschr&#228;nkungen. Home-Office soll m&#246;glich sein, ist aber auch nicht f&#252;r jeden machbar.<\/p>\n<p>Die Menschen, die zu den Risiko-Gruppen geh&#246;ren sind einsam und haben Angst. Und am Ende all dieser vielen Gedanken und Worte steht eben doch nur eines: Wie vor einem Jahr sitzen wir da, wissen nicht wie es weiter geht und k&#228;mpfen vor allem mit den gleichen Sorgen und Unsicherheiten. <strong>Nur dass wir jetzt viel ausgelaugter und m&#252;der sind&#8230;<\/strong><\/p>\n","protected":false},"excerpt":{"rendered":"<p>Ein seltsames Gef&#252;hl, wenn man die Beitr&#228;ge von vor einem Jahr liest. Davon, wie es den Kindern nach zwei Wochen &#8220;Corona-Ferien&#8221; geht oder dass die Zahlen nicht besser werden und man deshalb nur noch mit einem triftigen Grund das Haus verlassen darf. Wenn ich das heute so lese, denke ich: Wie naiv waren wir eigentlich? Ich kann mich erinnern, wie ich noch bevor der Sommer zu Ende war sagte, dass es im Winter sicherlich wieder R&#252;ckschl&#228;ge geben w&#252;rde, nachdem sich im Juli vieles schon fast wieder normal anf&#252;hlte. Ich kann mich auch erinnern, wie dankbar ich f&#252;r unseren Garten in Zeiten war, wo man quasi nicht aus dem Haus durfte. Spielpl&#228;tze waren geschlossen und wenn ich jetzt bei sch&#246;nem Wetter aus dem Haus gehe, kann ich ein St&#252;ck weit verstehen wieso, denn sie sind &#252;bervoll an solchen Tagen. Unsere M&#246;glichkeiten waren wirklich mehr als nur eingeschr&#228;nkt und unsere t&#228;glichen Spazierg&#228;nge ein wertvolles Gut. Was hat sich seitdem getan? Zwischendurch sah es ja wirklich mal ganz gut aus. Die Zahlen sanken, es wurde besser, mehr war wieder m&#246;glich obwohl Corona-Partys auf dem Wasser stattfanden und bewusst auf den Stra&#223;en zu Tausenden provoziert wurde. Inzwischen hatten wir auch F&#228;lle im unmittelbaren Umfeld. Es ist nicht mehr so fern wie damals, als es sich so unwirklich anf&#252;hlte und auch wir kennen Menschen inzwischen, die daran gestorben sind, aber erfreulicher Weise auch genug, die inzwischen wieder gesund und ganz die alten sind.&nbsp; Erschreckend finde ich, dass immer noch Menschen da drau&#223;en herum rennen, die das Ganze leugnen und nicht sehen wollen, dass es real ist, seltsame Vergleiche suchen und eben weiter provozieren und ignorieren. So lange das so ist, wird es wohl nie so ganz eine Besserung geben. Aus &#8220;sobald es einen Impfstoff gibt wird alles besser&#8221; wird nun ein ewiges Hin und Her welcher denn nun gut und richtig ist. Erst wird geimpft, dann wieder nicht. Neue Unsicherheiten werden gesch&#252;rt. Schulen schlie&#223;en, &#246;ffnen, schlie&#223;en teilweise und dann doch wieder ganz. Kitas sind auch nur teilweise offen und ich merke immer wieder wie dankbar ich bin, dass wir mit unseren Mitteln hier halbwegs gut durch diese Krise kommen. Aus &#8220;es wird langsam besser&#8221; ist nun ein Jahr sp&#228;ter eine Situation geworden, in der die Zahlen denen vor einem Jahr gleichen, wenn nicht gar h&#246;her sind und wir zu allem &#220;berfluss auch noch verschiedene mutierte Formen bew&#228;ltigen m&#252;ssen, die vieles auf Anfang setzen und neue &#196;ngste sch&#252;ren.&nbsp; Ich bin m&#252;de, doch die Kinder sind ersch&#246;pft&#8230; Was auch noch anders als vor einem Jahr ist: Damals war ich motiviert meine Familie gut durch diese Zeit zu bringen. Inzwischen bin ich nur noch m&#252;de. Vor allem nach einem langen und dunklen Winter. Kleine Highlights zwischendurch sorgen f&#252;r einen Aufschwung und ich bin mir sicher sobald das Wetter kontinuierlich besser wird, wird auch der Energiepegel bei uns wieder ansteigen. Aktuell m&#246;chte ich aber eigentlich nur auf dem Sofa l&#252;mmeln, mimimi machen und Schokolade in mich reinstopfen. All das positive K&#246;rpergef&#252;hl, das ich in den letzten Wochen aufgebaut habe einfach mal zu Nichte machen und mich gehen lassen. Self-Care? Ich wei&#223; nicht, wohl eher Selbstmitleid. Und dann sehe ich meine Kinder, sehe andere Familien, die so einen harten Kampf f&#252;hren, um das alles halbwegs gut zu &#252;berstehen. Ich habe das Gef&#252;hl die Berichte im Social Media sind unser neues soziales Umfeld, denn vielmehr bekommt man ja nicht wirklich mit. Man schaut wie es andere machen, wie es anderen geht, teilt sich eben &#252;ber Feeds, Reels und Co mit, tauscht sich aus, chattet miteinander und macht Video-Calls. Der gro&#223;e Sohn hat sich nun sogar einen eigenen Meeting-Raum eingerichtet, um dort mit Schulfreunden zu quatschen und zu lernen. W&#228;hrend ich mich Phasenweise einfach nur noch m&#252;de und ausgelaugt f&#252;hle, sehe ich die Ersch&#246;pfung in den Gesichtern meiner Kinder und wie dankbar sie f&#252;r jedes bisschen soziales Umfeld sind. Wenn sie eben doch mal in einer Phase wo es erlaubt ist Oma und Opa sehen d&#252;rfen, an der frischen Luft Sport treiben k&#246;nnen oder sogar mal f&#252;r ein zwei Tage in Schule und Kita d&#252;rfen. Wenn die Kinder rufen &#8220;Ich will in die Schule&#8221; nachdem sie vor einem Jahr fast eine Party zu Hause gefeiert haben, weil sie zu Hause lernen durften, dann ist das aus meiner Sicht schon ein ziemlich krasses Zeichen daf&#252;r, wie elend es unseren Kindern eigentlich gerade geht. Das geht von Vermissen bis hin zu Verzweiflung Als der Lockdown in diesem Jahr ausgesprochen wurde dauerte es keine zwei Tage und der kleine Sohn weinte vor Verzweiflung, denn er hatte Dank Weihnachtsferien und vorgezogener Ferien nun &#252;ber zwei Wochen keinen Kontakt mehr zu seinen Freunden. Er war nur zu Hause, keiner hatte so richtig Zeit f&#252;r ihn, denn Arbeit und Schule hatten wieder angefangen. Wirklich, keine zwei Tage hat es gedauert und alles fehlte ihm. Vor allem seine Freunde und immer, wenn er jemanden beim Spazieren gehen aus der Ferne entdeckte, sagte er im Anschluss zu mir &#8220;Es war so sch&#246;n sie wiederzusehen&#8221;.&nbsp; Als es wieder in die Kita ging, erz&#228;hlte mir die Erzieherin, wie dankbar die Kinder w&#228;ren und das auch zeigten. Ehrlich zeigten. Immer wieder sagten sie wohl in den ersten Tagen zu ihr, dass sie sie ganz furchtbar vermisst h&#228;tten. Mir blutet in solchen Momenten wirklich das Herz. Der gro&#223;e Sohn jubelte laut, als es endlich hie&#223;, dass seine Klassenstufe nun mit Wechselunterricht dran w&#228;re. Er jubelte. So richtig! Klar sind die Einschr&#228;nkungen nervig, aber er tr&#228;gt lieber 6-7 Stunden am Tag IN der Schule eine Maske, als noch l&#228;nger zu Hause arbeiten zu m&#252;ssen, wo es ihm merklich immer schlechter mit der schulischen Situation ging. Ein richtiges Abschalten und L&#246;sen vom Schulthema zu Hause war kaum noch m&#246;glich, denn die Grenzen wurden immer schwammiger f&#252;r ihn und flossen mehr und mehr ineinander &#252;ber.&nbsp; Nat&#252;rlich habe ich bei all dem nach wie vor Bauchschmerzen&#8230; Ich freue mich so f&#252;r meine Kinder, dass sie ein St&#252;ck Alltag f&#252;r sich zur&#252;ckgewinnen konnten, aber nat&#252;rlich dr&#252;ckt mir dabei auch t&#228;glich der Bauch. Vor allem, wenn ich halt sehe, wie wenig Positives sich bei den Zahlen tut. Doch warum ist das so? Warum will es einfach nicht besser werden? Steckt da so viel Unvernunft hinter? Ist es die politische Irrfahrt, die uns mehr und mehr in diesen Strudel hineinlenkt?&nbsp; Es sind sicherlich viele Faktoren, die da mit reinspielen und es erschreckt mich, dass der gesunde Menschenverstand an so vielen Stellen immer noch ein Hindernis zu sein scheint. Und teilweise kann ich manches aber auch verstehen. Nach inzwischen &#252;ber einem Jahr Verzicht auf so viele Dinge ist man irgendwann an einem Punkt angekommen, an dem man nicht mehr kann. Wie erw&#228;hnt: Irgendwie sind wir wieder an dem Punkt, an dem wir vor einem Jahr waren. Mit erschreckenden Zahlen, daf&#252;r zwar verschiedenen Impfstoffen (die immer noch teilweise angezweifelt werden und scheinbar ebenfalls Folgen aufzeigen) und Mutationen, die sich neue Ziele gesucht haben. Was tun? Wir verlieren eine Generation Was mir als Mutter immer wieder auff&#228;llt ist, dass vor allem einige der jungen Generationen gro&#223;e Opfer bringen m&#252;ssen. Die Kinder, die jetzt unter diesen schwierigen Bedingungen lernen und Leistung bringen m&#252;ssen, die zwischen Homeschooling und Pr&#228;senzunterricht hin und her wandeln und nicht so recht wissen, wie das Ganze weitergehen soll, sind die, die sp&#228;ter unsere Zukunft tragen? Aber zu welchen Bedingungen? Da wird hier teilweise vom freiwilligen Wiederholen der Schuljahre gesprochen zum Beispiel.&nbsp; Nur mal so nebenbei: Der gro&#223;e Sohn liebt das Konzept der halbierten Klassen. Statt 30 Kinder in einem engen Raum, meist laut und voll, der verst&#228;ndlicher Weise auch f&#252;r einen Lehrer eine gigantische Herausforderung darstellt, sitzen da jetzt 15 Kinder, ein wenig nach ihren St&#228;rken sortiert, und arbeiten deutlich effektiver zusammen. Sagt er zumindest. Die Lehrer sind besser gelaunt und der Unterricht deutlich ruhiger. Etwas, das man vielleicht als Erfahrung mit aus dieser ganzen Geschichte nehmen sollte, denn das da die Kapazit&#228;ten schon vor Corona deutlich ausgereizt waren, ist ja nichts Neues. Die Fu&#223;ballvereine b&#252;&#223;en mehr und mehr Kinder ein, die Mannschaften schrumpfen und selbst angebotene Lockdown-Programme werden nicht unbedingt wahr genommen. Die Kinder versacken zu Hause, werden teilweise zu Couch-Potatos und wer kann es ihnen verdenken, denn die M&#246;glichkeiten werden schwindend gering. Nichts darf man mehr, nirgendwo kann man hin. Einen Schwimmkurs f&#252;r meinen 5 J&#228;hrigen zu finden ist gerade zu unm&#246;glich. Wie bringe ich ihm jetzt schwimmen bei? Nicht jeder hat die M&#246;glichkeit sein Kind zeitlich und r&#228;umlich zu Hause gut zu schulen. Am Ende ist jeder auf seine Art irgendwie ausgebrannt&#8230; Wir alle kommen unter unterschiedlichen Voraussetzungen mit dieser Pandemie, mit dieser Situation&#8230; mit Corona klar. Jeder hat andere M&#246;glichkeiten. F&#252;r die einen ist es leichter Thema Homeschooling und Kita-Schlie&#223;ung zu meistern (wir haben da zum Beispiel Gl&#252;ck), f&#252;r andere ist es ein echt hartes Thema mit vielen Einschr&#228;nkungen. Home-Office soll m&#246;glich sein, ist aber auch nicht f&#252;r jeden machbar. Die Menschen, die zu den Risiko-Gruppen geh&#246;ren sind einsam und haben Angst. Und am Ende all dieser vielen Gedanken und Worte steht eben doch nur eines: Wie vor einem Jahr sitzen wir da, wissen nicht wie es weiter geht und k&#228;mpfen vor allem mit den gleichen Sorgen und Unsicherheiten. Nur dass wir jetzt viel ausgelaugter und m&#252;der sind&#8230;<\/p>\n","protected":false},"author":1,"featured_media":51875,"comment_status":"open","ping_status":"open","sticky":false,"template":"","format":"standard","meta":{"ngg_post_thumbnail":0,"footnotes":""},"categories":[2210,50],"tags":[2528,2636,2518,2661,2900,69,392,1503,1215,2719],"class_list":["post-51868","post","type-post","status-publish","format-standard","has-post-thumbnail","hentry","category-featured","category-gedanken","tag-corona","tag-corona-mit-kindern","tag-corona-virus","tag-covid-19","tag-erschoepft","tag-familie","tag-gedanken","tag-kita","tag-schule","tag-unsicherheiten"],"yoast_head":"<!-- This site is optimized with the Yoast SEO plugin v27.5 - https:\/\/yoast.com\/product\/yoast-seo-wordpress\/ -->\n<title>Corona - Ein Jahr sp\u00e4ter... es ist so skurril! - Heldenhaushalt<\/title>\n<meta name=\"description\" content=\"Ein seltsames Gef\u00fchl, wenn man die Beitr\u00e4ge von vor einem Jahr liest. Davon, wie es den Kindern nach zwei Wochen &quot;Corona-Ferien&quot; geht oder ...\" \/>\n<meta name=\"robots\" content=\"index, follow, max-snippet:-1, max-image-preview:large, max-video-preview:-1\" \/>\n<link rel=\"canonical\" href=\"https:\/\/www.heldenhaushalt.de\/sari02\/index.php\/2021\/03\/24\/corona-ein-jahr-spaeter\/\" \/>\n<meta property=\"og:locale\" content=\"de_DE\" \/>\n<meta property=\"og:type\" content=\"article\" \/>\n<meta property=\"og:title\" content=\"Corona - Ein Jahr sp\u00e4ter... es ist so skurril! - Heldenhaushalt\" \/>\n<meta property=\"og:description\" content=\"Ein seltsames Gef\u00fchl, wenn man die Beitr\u00e4ge von vor einem Jahr liest. Davon, wie es den Kindern nach zwei Wochen &quot;Corona-Ferien&quot; geht oder ...\" \/>\n<meta property=\"og:url\" content=\"https:\/\/www.heldenhaushalt.de\/sari02\/index.php\/2021\/03\/24\/corona-ein-jahr-spaeter\/\" \/>\n<meta property=\"og:site_name\" content=\"Heldenhaushalt\" \/>\n<meta property=\"article:published_time\" content=\"2021-03-24T08:55:36+00:00\" \/>\n<meta property=\"article:modified_time\" content=\"2021-03-24T16:01:25+00:00\" \/>\n<meta property=\"og:image\" content=\"https:\/\/www.heldenhaushalt.de\/sari02\/wp-content\/uploads\/2021\/03\/05-00.jpg\" \/>\n\t<meta property=\"og:image:width\" content=\"1000\" \/>\n\t<meta property=\"og:image:height\" content=\"709\" \/>\n\t<meta property=\"og:image:type\" content=\"image\/jpeg\" \/>\n<meta name=\"author\" content=\"Sari\" \/>\n<meta name=\"twitter:card\" content=\"summary_large_image\" \/>\n<meta name=\"twitter:creator\" content=\"@Heldenhaushalt\" \/>\n<meta name=\"twitter:site\" content=\"@Heldenhaushalt\" \/>\n<meta name=\"twitter:label1\" content=\"Verfasst von\" \/>\n\t<meta name=\"twitter:data1\" content=\"Sari\" \/>\n\t<meta name=\"twitter:label2\" content=\"Gesch\u00e4tzte Lesezeit\" \/>\n\t<meta name=\"twitter:data2\" content=\"8\u00a0Minuten\" \/>\n<script type=\"application\/ld+json\" class=\"yoast-schema-graph\">{\"@context\":\"https:\\\/\\\/schema.org\",\"@graph\":[{\"@type\":\"Article\",\"@id\":\"https:\\\/\\\/www.heldenhaushalt.de\\\/sari02\\\/index.php\\\/2021\\\/03\\\/24\\\/corona-ein-jahr-spaeter\\\/#article\",\"isPartOf\":{\"@id\":\"https:\\\/\\\/www.heldenhaushalt.de\\\/sari02\\\/index.php\\\/2021\\\/03\\\/24\\\/corona-ein-jahr-spaeter\\\/\"},\"author\":{\"name\":\"Sari\",\"@id\":\"https:\\\/\\\/www.heldenhaushalt.de\\\/sari02\\\/#\\\/schema\\\/person\\\/a1cc69f42a01f412eb62c151353814f6\"},\"headline\":\"Corona &#8211; Ein Jahr sp&#228;ter&#8230; es ist so skurril!\",\"datePublished\":\"2021-03-24T08:55:36+00:00\",\"dateModified\":\"2021-03-24T16:01:25+00:00\",\"mainEntityOfPage\":{\"@id\":\"https:\\\/\\\/www.heldenhaushalt.de\\\/sari02\\\/index.php\\\/2021\\\/03\\\/24\\\/corona-ein-jahr-spaeter\\\/\"},\"wordCount\":1636,\"commentCount\":2,\"publisher\":{\"@id\":\"https:\\\/\\\/www.heldenhaushalt.de\\\/sari02\\\/#\\\/schema\\\/person\\\/a1cc69f42a01f412eb62c151353814f6\"},\"image\":{\"@id\":\"https:\\\/\\\/www.heldenhaushalt.de\\\/sari02\\\/index.php\\\/2021\\\/03\\\/24\\\/corona-ein-jahr-spaeter\\\/#primaryimage\"},\"thumbnailUrl\":\"https:\\\/\\\/www.heldenhaushalt.de\\\/sari02\\\/wp-content\\\/uploads\\\/2021\\\/03\\\/05-00.jpg\",\"keywords\":[\"Corona\",\"Corona mit Kindern\",\"Corona Virus\",\"Covid-19\",\"ersch\u00f6pft\",\"Familie\",\"Gedankenwelt\",\"Kita\",\"Schule\",\"Unsicherheiten\"],\"articleSection\":[\"Featured\",\"Gedankenwelt\"],\"inLanguage\":\"de\",\"potentialAction\":[{\"@type\":\"CommentAction\",\"name\":\"Comment\",\"target\":[\"https:\\\/\\\/www.heldenhaushalt.de\\\/sari02\\\/index.php\\\/2021\\\/03\\\/24\\\/corona-ein-jahr-spaeter\\\/#respond\"]}]},{\"@type\":\"WebPage\",\"@id\":\"https:\\\/\\\/www.heldenhaushalt.de\\\/sari02\\\/index.php\\\/2021\\\/03\\\/24\\\/corona-ein-jahr-spaeter\\\/\",\"url\":\"https:\\\/\\\/www.heldenhaushalt.de\\\/sari02\\\/index.php\\\/2021\\\/03\\\/24\\\/corona-ein-jahr-spaeter\\\/\",\"name\":\"Corona - Ein Jahr sp\u00e4ter... es ist so skurril! - Heldenhaushalt\",\"isPartOf\":{\"@id\":\"https:\\\/\\\/www.heldenhaushalt.de\\\/sari02\\\/#website\"},\"primaryImageOfPage\":{\"@id\":\"https:\\\/\\\/www.heldenhaushalt.de\\\/sari02\\\/index.php\\\/2021\\\/03\\\/24\\\/corona-ein-jahr-spaeter\\\/#primaryimage\"},\"image\":{\"@id\":\"https:\\\/\\\/www.heldenhaushalt.de\\\/sari02\\\/index.php\\\/2021\\\/03\\\/24\\\/corona-ein-jahr-spaeter\\\/#primaryimage\"},\"thumbnailUrl\":\"https:\\\/\\\/www.heldenhaushalt.de\\\/sari02\\\/wp-content\\\/uploads\\\/2021\\\/03\\\/05-00.jpg\",\"datePublished\":\"2021-03-24T08:55:36+00:00\",\"dateModified\":\"2021-03-24T16:01:25+00:00\",\"description\":\"Ein seltsames Gef\u00fchl, wenn man die Beitr\u00e4ge von vor einem Jahr liest. Davon, wie es den Kindern nach zwei Wochen \\\"Corona-Ferien\\\" geht oder ...\",\"breadcrumb\":{\"@id\":\"https:\\\/\\\/www.heldenhaushalt.de\\\/sari02\\\/index.php\\\/2021\\\/03\\\/24\\\/corona-ein-jahr-spaeter\\\/#breadcrumb\"},\"inLanguage\":\"de\",\"potentialAction\":[{\"@type\":\"ReadAction\",\"target\":[\"https:\\\/\\\/www.heldenhaushalt.de\\\/sari02\\\/index.php\\\/2021\\\/03\\\/24\\\/corona-ein-jahr-spaeter\\\/\"]}]},{\"@type\":\"ImageObject\",\"inLanguage\":\"de\",\"@id\":\"https:\\\/\\\/www.heldenhaushalt.de\\\/sari02\\\/index.php\\\/2021\\\/03\\\/24\\\/corona-ein-jahr-spaeter\\\/#primaryimage\",\"url\":\"https:\\\/\\\/www.heldenhaushalt.de\\\/sari02\\\/wp-content\\\/uploads\\\/2021\\\/03\\\/05-00.jpg\",\"contentUrl\":\"https:\\\/\\\/www.heldenhaushalt.de\\\/sari02\\\/wp-content\\\/uploads\\\/2021\\\/03\\\/05-00.jpg\",\"width\":1000,\"height\":709,\"caption\":\"Corona\"},{\"@type\":\"BreadcrumbList\",\"@id\":\"https:\\\/\\\/www.heldenhaushalt.de\\\/sari02\\\/index.php\\\/2021\\\/03\\\/24\\\/corona-ein-jahr-spaeter\\\/#breadcrumb\",\"itemListElement\":[{\"@type\":\"ListItem\",\"position\":1,\"name\":\"Startseite\",\"item\":\"https:\\\/\\\/www.heldenhaushalt.de\\\/sari02\\\/\"},{\"@type\":\"ListItem\",\"position\":2,\"name\":\"Corona &#8211; Ein Jahr sp&#228;ter&#8230; es ist so skurril!\"}]},{\"@type\":\"WebSite\",\"@id\":\"https:\\\/\\\/www.heldenhaushalt.de\\\/sari02\\\/#website\",\"url\":\"https:\\\/\\\/www.heldenhaushalt.de\\\/sari02\\\/\",\"name\":\"Heldenhaushalt\",\"description\":\"Wer es ordentlich haben will, der muss vorher anrufen\",\"publisher\":{\"@id\":\"https:\\\/\\\/www.heldenhaushalt.de\\\/sari02\\\/#\\\/schema\\\/person\\\/a1cc69f42a01f412eb62c151353814f6\"},\"potentialAction\":[{\"@type\":\"SearchAction\",\"target\":{\"@type\":\"EntryPoint\",\"urlTemplate\":\"https:\\\/\\\/www.heldenhaushalt.de\\\/sari02\\\/?s={search_term_string}\"},\"query-input\":{\"@type\":\"PropertyValueSpecification\",\"valueRequired\":true,\"valueName\":\"search_term_string\"}}],\"inLanguage\":\"de\"},{\"@type\":[\"Person\",\"Organization\"],\"@id\":\"https:\\\/\\\/www.heldenhaushalt.de\\\/sari02\\\/#\\\/schema\\\/person\\\/a1cc69f42a01f412eb62c151353814f6\",\"name\":\"Sari\",\"image\":{\"@type\":\"ImageObject\",\"inLanguage\":\"de\",\"@id\":\"https:\\\/\\\/www.heldenhaushalt.de\\\/sari02\\\/wp-content\\\/uploads\\\/2019\\\/02\\\/sari-april2018.png\",\"url\":\"https:\\\/\\\/www.heldenhaushalt.de\\\/sari02\\\/wp-content\\\/uploads\\\/2019\\\/02\\\/sari-april2018.png\",\"contentUrl\":\"https:\\\/\\\/www.heldenhaushalt.de\\\/sari02\\\/wp-content\\\/uploads\\\/2019\\\/02\\\/sari-april2018.png\",\"width\":500,\"height\":500,\"caption\":\"Sari\"},\"logo\":{\"@id\":\"https:\\\/\\\/www.heldenhaushalt.de\\\/sari02\\\/wp-content\\\/uploads\\\/2019\\\/02\\\/sari-april2018.png\"},\"description\":\"Frau Mondgras \u2013 Das bin ich, Sari. Gerne auch als Sari Mondgras bekannt und im Internet zu finden. 2-Fach-Mutter, Heldenehefrau, Kreativling, Harmonies\u00fcchtig und st\u00e4ndig auf der Suche nach Gl\u00fcck. Ich komme aus Berlin, bin hier aufgewachsen und lebe hier seit ich denken kann.\",\"sameAs\":[\"https:\\\/\\\/www.instagram.com\\\/heldenhaushalt\\\/\"],\"url\":\"https:\\\/\\\/www.heldenhaushalt.de\\\/sari02\\\/index.php\\\/author\\\/admin\\\/\"}]}<\/script>\n<!-- \/ Yoast SEO plugin. -->","yoast_head_json":{"title":"Corona - Ein Jahr sp\u00e4ter... es ist so skurril! - Heldenhaushalt","description":"Ein seltsames Gef\u00fchl, wenn man die Beitr\u00e4ge von vor einem Jahr liest. Davon, wie es den Kindern nach zwei Wochen \"Corona-Ferien\" geht oder ...","robots":{"index":"index","follow":"follow","max-snippet":"max-snippet:-1","max-image-preview":"max-image-preview:large","max-video-preview":"max-video-preview:-1"},"canonical":"https:\/\/www.heldenhaushalt.de\/sari02\/index.php\/2021\/03\/24\/corona-ein-jahr-spaeter\/","og_locale":"de_DE","og_type":"article","og_title":"Corona - Ein Jahr sp\u00e4ter... es ist so skurril! - Heldenhaushalt","og_description":"Ein seltsames Gef\u00fchl, wenn man die Beitr\u00e4ge von vor einem Jahr liest. Davon, wie es den Kindern nach zwei Wochen \"Corona-Ferien\" geht oder ...","og_url":"https:\/\/www.heldenhaushalt.de\/sari02\/index.php\/2021\/03\/24\/corona-ein-jahr-spaeter\/","og_site_name":"Heldenhaushalt","article_published_time":"2021-03-24T08:55:36+00:00","article_modified_time":"2021-03-24T16:01:25+00:00","og_image":[{"width":1000,"height":709,"url":"https:\/\/www.heldenhaushalt.de\/sari02\/wp-content\/uploads\/2021\/03\/05-00.jpg","type":"image\/jpeg"}],"author":"Sari","twitter_card":"summary_large_image","twitter_creator":"@Heldenhaushalt","twitter_site":"@Heldenhaushalt","twitter_misc":{"Verfasst von":"Sari","Gesch\u00e4tzte Lesezeit":"8\u00a0Minuten"},"schema":{"@context":"https:\/\/schema.org","@graph":[{"@type":"Article","@id":"https:\/\/www.heldenhaushalt.de\/sari02\/index.php\/2021\/03\/24\/corona-ein-jahr-spaeter\/#article","isPartOf":{"@id":"https:\/\/www.heldenhaushalt.de\/sari02\/index.php\/2021\/03\/24\/corona-ein-jahr-spaeter\/"},"author":{"name":"Sari","@id":"https:\/\/www.heldenhaushalt.de\/sari02\/#\/schema\/person\/a1cc69f42a01f412eb62c151353814f6"},"headline":"Corona &#8211; Ein Jahr sp&#228;ter&#8230; es ist so skurril!","datePublished":"2021-03-24T08:55:36+00:00","dateModified":"2021-03-24T16:01:25+00:00","mainEntityOfPage":{"@id":"https:\/\/www.heldenhaushalt.de\/sari02\/index.php\/2021\/03\/24\/corona-ein-jahr-spaeter\/"},"wordCount":1636,"commentCount":2,"publisher":{"@id":"https:\/\/www.heldenhaushalt.de\/sari02\/#\/schema\/person\/a1cc69f42a01f412eb62c151353814f6"},"image":{"@id":"https:\/\/www.heldenhaushalt.de\/sari02\/index.php\/2021\/03\/24\/corona-ein-jahr-spaeter\/#primaryimage"},"thumbnailUrl":"https:\/\/www.heldenhaushalt.de\/sari02\/wp-content\/uploads\/2021\/03\/05-00.jpg","keywords":["Corona","Corona mit Kindern","Corona Virus","Covid-19","ersch\u00f6pft","Familie","Gedankenwelt","Kita","Schule","Unsicherheiten"],"articleSection":["Featured","Gedankenwelt"],"inLanguage":"de","potentialAction":[{"@type":"CommentAction","name":"Comment","target":["https:\/\/www.heldenhaushalt.de\/sari02\/index.php\/2021\/03\/24\/corona-ein-jahr-spaeter\/#respond"]}]},{"@type":"WebPage","@id":"https:\/\/www.heldenhaushalt.de\/sari02\/index.php\/2021\/03\/24\/corona-ein-jahr-spaeter\/","url":"https:\/\/www.heldenhaushalt.de\/sari02\/index.php\/2021\/03\/24\/corona-ein-jahr-spaeter\/","name":"Corona - Ein Jahr sp\u00e4ter... es ist so skurril! - Heldenhaushalt","isPartOf":{"@id":"https:\/\/www.heldenhaushalt.de\/sari02\/#website"},"primaryImageOfPage":{"@id":"https:\/\/www.heldenhaushalt.de\/sari02\/index.php\/2021\/03\/24\/corona-ein-jahr-spaeter\/#primaryimage"},"image":{"@id":"https:\/\/www.heldenhaushalt.de\/sari02\/index.php\/2021\/03\/24\/corona-ein-jahr-spaeter\/#primaryimage"},"thumbnailUrl":"https:\/\/www.heldenhaushalt.de\/sari02\/wp-content\/uploads\/2021\/03\/05-00.jpg","datePublished":"2021-03-24T08:55:36+00:00","dateModified":"2021-03-24T16:01:25+00:00","description":"Ein seltsames Gef\u00fchl, wenn man die Beitr\u00e4ge von vor einem Jahr liest. Davon, wie es den Kindern nach zwei Wochen \"Corona-Ferien\" geht oder ...","breadcrumb":{"@id":"https:\/\/www.heldenhaushalt.de\/sari02\/index.php\/2021\/03\/24\/corona-ein-jahr-spaeter\/#breadcrumb"},"inLanguage":"de","potentialAction":[{"@type":"ReadAction","target":["https:\/\/www.heldenhaushalt.de\/sari02\/index.php\/2021\/03\/24\/corona-ein-jahr-spaeter\/"]}]},{"@type":"ImageObject","inLanguage":"de","@id":"https:\/\/www.heldenhaushalt.de\/sari02\/index.php\/2021\/03\/24\/corona-ein-jahr-spaeter\/#primaryimage","url":"https:\/\/www.heldenhaushalt.de\/sari02\/wp-content\/uploads\/2021\/03\/05-00.jpg","contentUrl":"https:\/\/www.heldenhaushalt.de\/sari02\/wp-content\/uploads\/2021\/03\/05-00.jpg","width":1000,"height":709,"caption":"Corona"},{"@type":"BreadcrumbList","@id":"https:\/\/www.heldenhaushalt.de\/sari02\/index.php\/2021\/03\/24\/corona-ein-jahr-spaeter\/#breadcrumb","itemListElement":[{"@type":"ListItem","position":1,"name":"Startseite","item":"https:\/\/www.heldenhaushalt.de\/sari02\/"},{"@type":"ListItem","position":2,"name":"Corona &#8211; Ein Jahr sp&#228;ter&#8230; es ist so skurril!"}]},{"@type":"WebSite","@id":"https:\/\/www.heldenhaushalt.de\/sari02\/#website","url":"https:\/\/www.heldenhaushalt.de\/sari02\/","name":"Heldenhaushalt","description":"Wer es ordentlich haben will, der muss vorher anrufen","publisher":{"@id":"https:\/\/www.heldenhaushalt.de\/sari02\/#\/schema\/person\/a1cc69f42a01f412eb62c151353814f6"},"potentialAction":[{"@type":"SearchAction","target":{"@type":"EntryPoint","urlTemplate":"https:\/\/www.heldenhaushalt.de\/sari02\/?s={search_term_string}"},"query-input":{"@type":"PropertyValueSpecification","valueRequired":true,"valueName":"search_term_string"}}],"inLanguage":"de"},{"@type":["Person","Organization"],"@id":"https:\/\/www.heldenhaushalt.de\/sari02\/#\/schema\/person\/a1cc69f42a01f412eb62c151353814f6","name":"Sari","image":{"@type":"ImageObject","inLanguage":"de","@id":"https:\/\/www.heldenhaushalt.de\/sari02\/wp-content\/uploads\/2019\/02\/sari-april2018.png","url":"https:\/\/www.heldenhaushalt.de\/sari02\/wp-content\/uploads\/2019\/02\/sari-april2018.png","contentUrl":"https:\/\/www.heldenhaushalt.de\/sari02\/wp-content\/uploads\/2019\/02\/sari-april2018.png","width":500,"height":500,"caption":"Sari"},"logo":{"@id":"https:\/\/www.heldenhaushalt.de\/sari02\/wp-content\/uploads\/2019\/02\/sari-april2018.png"},"description":"Frau Mondgras \u2013 Das bin ich, Sari. Gerne auch als Sari Mondgras bekannt und im Internet zu finden. 2-Fach-Mutter, Heldenehefrau, Kreativling, Harmonies\u00fcchtig und st\u00e4ndig auf der Suche nach Gl\u00fcck. Ich komme aus Berlin, bin hier aufgewachsen und lebe hier seit ich denken kann.","sameAs":["https:\/\/www.instagram.com\/heldenhaushalt\/"],"url":"https:\/\/www.heldenhaushalt.de\/sari02\/index.php\/author\/admin\/"}]}},"views":2098,"_links":{"self":[{"href":"https:\/\/www.heldenhaushalt.de\/sari02\/index.php\/wp-json\/wp\/v2\/posts\/51868","targetHints":{"allow":["GET"]}}],"collection":[{"href":"https:\/\/www.heldenhaushalt.de\/sari02\/index.php\/wp-json\/wp\/v2\/posts"}],"about":[{"href":"https:\/\/www.heldenhaushalt.de\/sari02\/index.php\/wp-json\/wp\/v2\/types\/post"}],"author":[{"embeddable":true,"href":"https:\/\/www.heldenhaushalt.de\/sari02\/index.php\/wp-json\/wp\/v2\/users\/1"}],"replies":[{"embeddable":true,"href":"https:\/\/www.heldenhaushalt.de\/sari02\/index.php\/wp-json\/wp\/v2\/comments?post=51868"}],"version-history":[{"count":4,"href":"https:\/\/www.heldenhaushalt.de\/sari02\/index.php\/wp-json\/wp\/v2\/posts\/51868\/revisions"}],"predecessor-version":[{"id":51882,"href":"https:\/\/www.heldenhaushalt.de\/sari02\/index.php\/wp-json\/wp\/v2\/posts\/51868\/revisions\/51882"}],"wp:featuredmedia":[{"embeddable":true,"href":"https:\/\/www.heldenhaushalt.de\/sari02\/index.php\/wp-json\/wp\/v2\/media\/51875"}],"wp:attachment":[{"href":"https:\/\/www.heldenhaushalt.de\/sari02\/index.php\/wp-json\/wp\/v2\/media?parent=51868"}],"wp:term":[{"taxonomy":"category","embeddable":true,"href":"https:\/\/www.heldenhaushalt.de\/sari02\/index.php\/wp-json\/wp\/v2\/categories?post=51868"},{"taxonomy":"post_tag","embeddable":true,"href":"https:\/\/www.heldenhaushalt.de\/sari02\/index.php\/wp-json\/wp\/v2\/tags?post=51868"}],"curies":[{"name":"wp","href":"https:\/\/api.w.org\/{rel}","templated":true}]}}