{"id":52388,"date":"2021-05-14T09:15:23","date_gmt":"2021-05-14T07:15:23","guid":{"rendered":"https:\/\/www.heldenhaushalt.de\/sari02\/?p=52388"},"modified":"2021-05-14T09:16:59","modified_gmt":"2021-05-14T07:16:59","slug":"unsere-wochenlieblinge-202021","status":"publish","type":"post","link":"https:\/\/www.heldenhaushalt.de\/sari02\/index.php\/2021\/05\/14\/unsere-wochenlieblinge-202021\/","title":{"rendered":"Unsere Wochenlieblinge 20\/2021 &#8211; Langes Wochenende, juchuuu!"},"content":{"rendered":"<p style=\"text-align: right;\"><small>Enth&#228;lt (unbezahlte) Werbung*<\/small><\/p>\n<p>Wusstet Ihr, dass vor zwei Jahren genau an dem Tag, wo dieses Jahr Vatertag war, Muttertag gefeiert wurde? Faszinierend, oder? Das er&#246;ffnete mir einer der R&#252;ckblicke, die ich gerne verfolge, denn vor zwei Jahren gab es an genau diesem Tag eine s&#252;&#223;e Karte vom gro&#223;en Sohn f&#252;r mich.<\/p>\n<p>Wie war euere Woche so? Es ist ja wirklich wieder alles dabei. Sommer, aber irgendwie auch Herbst. Na gut, es ist etwas milder, als es im Herbst vielleicht w&#228;re, aber dennoch konnte man den einen Tag quasi im See schwimmen gehen und am n&#228;chsten schon fast wieder die wasserfesten Winterjacken heraus holen. Von 30 Grad direkt wieder runter auf 14. Das macht irgendwie nur so semi Spa&#223;, oder? Da darf man schon etwas Sonne schnuppern und wird im Anschluss mit Dauerregen belohnt. Nun gut. Die Natur freut sich und so auch unser Garten, der quasi gr&#252;n wie nie ist.<\/p>\n<p>Unsere Wochenlieblinge drehen sich wieder um ein paar sch&#246;ne Momente, kleine Besonderheiten, nat&#252;rlich dem Vatertag und Geburtstagsvorbereitungen. Jupp&#8230; noch zwei Mal schlafen. Herrjeh&#8230;<\/p>\n<h2>Unsere Wochenlieblinge in dieser Woche\u2026<\/h2>\n<p>Im Grunde befinden wir uns ja schon mitten in einem langen Wochenende. Schule zu, Kita zu und der Mann hat den Br&#252;ckentag auch frei genommen. Es ist mal ganz angenehm ein paar Tage einfach ausschlafen zu k&#246;nnen und Schule und Co links liegen zu lassen.<\/p>\n<p><img loading=\"lazy\" decoding=\"async\" class=\"alignnone size-full wp-image-52392\" src=\"https:\/\/www.heldenhaushalt.de\/sari02\/wp-content\/uploads\/2021\/05\/20-04.jpg\" alt=\"Wochenlieblinge\" width=\"1000\" height=\"731\" srcset=\"https:\/\/www.heldenhaushalt.de\/sari02\/wp-content\/uploads\/2021\/05\/20-04.jpg 1000w, https:\/\/www.heldenhaushalt.de\/sari02\/wp-content\/uploads\/2021\/05\/20-04-300x219.jpg 300w, https:\/\/www.heldenhaushalt.de\/sari02\/wp-content\/uploads\/2021\/05\/20-04-768x561.jpg 768w, https:\/\/www.heldenhaushalt.de\/sari02\/wp-content\/uploads\/2021\/05\/20-04-330x240.jpg 330w\" sizes=\"auto, (max-width: 1000px) 100vw, 1000px\" \/><\/p>\n<p>Zu Beginn der Woche konnte ich noch die F&#252;&#223;e ins Wasser stecken. &#220;ber 30 Grad hatten wir am Montag, fast 27 noch am Dienstag. Beim Spaziergang um den See war dieser total &#252;berlaufen. &#220;berall Menschen, die im See baden gingen und quasi einen Strandtag erlebten. Irgendwie kann ich es verstehen, dass keiner bereit ist darauf zu verzichten, aber irgendwie war es auch erschreckend. Ich zog auch nur kurz meine Schuhe aus, lief einmal runter, k&#252;hlte die F&#252;&#223;e ab und dann direkt wieder hoch, um mit dem Sohn weiter eine Runde zu drehen. Schade, denn es war echt angenehm, aber einfach zu voll.<\/p>\n<p><img loading=\"lazy\" decoding=\"async\" class=\"alignnone size-full wp-image-52393\" src=\"https:\/\/www.heldenhaushalt.de\/sari02\/wp-content\/uploads\/2021\/05\/20-05.jpg\" alt=\"Apfelbaum\" width=\"1000\" height=\"719\" srcset=\"https:\/\/www.heldenhaushalt.de\/sari02\/wp-content\/uploads\/2021\/05\/20-05.jpg 1000w, https:\/\/www.heldenhaushalt.de\/sari02\/wp-content\/uploads\/2021\/05\/20-05-300x216.jpg 300w, https:\/\/www.heldenhaushalt.de\/sari02\/wp-content\/uploads\/2021\/05\/20-05-768x552.jpg 768w\" sizes=\"auto, (max-width: 1000px) 100vw, 1000px\" \/><\/p>\n<p>Immerhin tr&#228;gt unser kleines Apfelb&#228;umchen in diesem Jahr endlich wieder Bl&#252;ten. Ob das mal was wird? Wir pflanzten ihn vor vier Jahren ein und im ersten Jahr hatte er &#252;berraschender Weise auch Bl&#252;ten, aber Fr&#252;chte trug er nicht. Die letzten beiden Jahre wuchsen dann nur Bl&#228;tter und in diesem Jahr nun endlich wieder Bl&#252;ten. Ich bin gespannt. Daf&#252;r hat <a href=\"https:\/\/www.heldenhaushalt.de\/sari02\/index.php\/2020\/08\/21\/unsere-gluecksmomente-342020\/\">unsere Nektarine<\/a>, wie es scheint, die Kr&#228;uselkrankheit bekommen. Das gibt dann wohl keine Nektarinen in diesem Jahr. Schade.<\/p>\n<p><img loading=\"lazy\" decoding=\"async\" class=\"alignnone size-full wp-image-52391\" src=\"https:\/\/www.heldenhaushalt.de\/sari02\/wp-content\/uploads\/2021\/05\/20-03.jpg\" alt=\"Geburtstag\" width=\"1000\" height=\"709\" srcset=\"https:\/\/www.heldenhaushalt.de\/sari02\/wp-content\/uploads\/2021\/05\/20-03.jpg 1000w, https:\/\/www.heldenhaushalt.de\/sari02\/wp-content\/uploads\/2021\/05\/20-03-300x213.jpg 300w, https:\/\/www.heldenhaushalt.de\/sari02\/wp-content\/uploads\/2021\/05\/20-03-768x545.jpg 768w\" sizes=\"auto, (max-width: 1000px) 100vw, 1000px\" \/><\/p>\n<p>Etwas sp&#228;ter als sonst, aber immerhin, haben der gro&#223;e Sohn und ich nun auch mit ein zwei kleinen Projekten f&#252;r seinen Geburtstag begonnen. Wie auch im letzten Jahr ist alles ein wenig in der Schwebe und lange wussten wir nicht, was wir machen k&#246;nnen und wollen. Nun wird es ein kleines Gaming-Motto geben und ein entspannter Nachmittag ist geplant. Dennoch dekorieren wir nat&#252;rlich und ein zwei kleine Spielchen haben wir uns auch &#252;berlegt. Daf&#252;r basteln wir nun. Noch zwei Mal schlafen. Sagte ich das schon?<\/p>\n<p><img loading=\"lazy\" decoding=\"async\" class=\"alignnone size-full wp-image-52389\" src=\"https:\/\/www.heldenhaushalt.de\/sari02\/wp-content\/uploads\/2021\/05\/20-01.jpg\" alt=\"Wochenlieblinge\" width=\"1000\" height=\"683\" srcset=\"https:\/\/www.heldenhaushalt.de\/sari02\/wp-content\/uploads\/2021\/05\/20-01.jpg 1000w, https:\/\/www.heldenhaushalt.de\/sari02\/wp-content\/uploads\/2021\/05\/20-01-300x205.jpg 300w, https:\/\/www.heldenhaushalt.de\/sari02\/wp-content\/uploads\/2021\/05\/20-01-768x525.jpg 768w\" sizes=\"auto, (max-width: 1000px) 100vw, 1000px\" \/><\/p>\n<p>Mich erreichte dann tolle Post. Mit Rabattcode und reduziertem Preis erf&#252;llte ich mir einen kleinen Wunsch. Es ist zwar nicht der ultimativ originale Spiegel Nerhegeb (siehe das dritte T&#252;rmchen in der Mitte), aber dennoch sieht er toll aus und hat eine sch&#246;ne Gr&#246;&#223;e. Wochenlieblinge f&#252;r Mama. Ab und an muss man sich halt auch mal belohnen. Die Kinder stehen st&#228;ndig davor und stellen sich vor, dass sie ihre Sehns&#252;chte darin erkennen k&#246;nnen und auch die Katzen erblicken sich immer wieder darin *lach*. Hachja&#8230; ich mag ihn.<\/p>\n<p><img loading=\"lazy\" decoding=\"async\" class=\"alignnone size-full wp-image-52390\" src=\"https:\/\/www.heldenhaushalt.de\/sari02\/wp-content\/uploads\/2021\/05\/20-02.jpg\" alt=\"Vatertag\" width=\"1000\" height=\"736\" srcset=\"https:\/\/www.heldenhaushalt.de\/sari02\/wp-content\/uploads\/2021\/05\/20-02.jpg 1000w, https:\/\/www.heldenhaushalt.de\/sari02\/wp-content\/uploads\/2021\/05\/20-02-300x221.jpg 300w, https:\/\/www.heldenhaushalt.de\/sari02\/wp-content\/uploads\/2021\/05\/20-02-768x565.jpg 768w\" sizes=\"auto, (max-width: 1000px) 100vw, 1000px\" \/><\/p>\n<p>Ja und dann war ja auch noch Vatertag. Die Kinder hatten eine Karte f&#252;r den Papa gebastelt und wollten unbedingt f&#252;r ihn K&#228;sekuchen backen. Also zauberten sie wieder den Lieblingsk&#228;sekuchen vom gro&#223;en Sohn ganz alleine (mit kaum Hilfe) und &#252;berreichten ihm dazu auch noch <a href=\"https:\/\/www.heldenhaushalt.de\/sari02\/index.php\/2021\/05\/13\/12von12-im-mai-2021\/\">das Geschenk<\/a>, das der kleine Sohn in der Kita gebastelt hatte. Total cool. Schade, dass es den ganzen Tag geregnet hat. So war es eher ein gem&#252;tlicher Tag mit einer kurzen Runde an der frischen Luft. Besser als gar nichts und irgendwie auch sch&#246;n.<\/p>\n<h2>Unsere Lieblinge aus der Blogsph&#228;re!<\/h2>\n<p><img loading=\"lazy\" decoding=\"async\" class=\"alignnone size-full wp-image-52395\" src=\"https:\/\/www.heldenhaushalt.de\/sari02\/wp-content\/uploads\/2021\/05\/20-07.jpg\" alt=\"Pokemon\" width=\"1000\" height=\"762\" srcset=\"https:\/\/www.heldenhaushalt.de\/sari02\/wp-content\/uploads\/2021\/05\/20-07.jpg 1000w, https:\/\/www.heldenhaushalt.de\/sari02\/wp-content\/uploads\/2021\/05\/20-07-300x229.jpg 300w, https:\/\/www.heldenhaushalt.de\/sari02\/wp-content\/uploads\/2021\/05\/20-07-768x585.jpg 768w\" sizes=\"auto, (max-width: 1000px) 100vw, 1000px\" \/><\/p>\n<p>Sch&#246;n war es ja schon mit dem kleinen Sohn im Garten zu sitzen und das tolle Wetter zu genie&#223;en. Wir hatten uns das Spielzelt im Garten aufgestellt, eine Decke ausgebreitet und Pokemons im Garten versteckt, die wir dann ganz wie in Pok\u00e9mon Snap mit der Kamera suchten und in ihrem nat&#252;rlichen Umfeld fotografierten. Fantasie ist schon etwas Tolles. Eine kleine Safari quasi. Kann man sicherlich auch prima mal auf einem Spaziergang machen. Einfach einen vorschicken und der versteckt dann kleine Tierchen, die gefunden werden sollen.<\/p>\n<p>Andere sch&#246;ne Ideen und Wochenlieblinge aus der Blogsph&#228;re findet ihr diese Woche hier:&nbsp; <a href=\"https:\/\/www.tollabea.de\/monster-fuesse-haekeln\/\" target=\"_blank\" rel=\"noopener\">Monsterf&#252;&#223;e h&#228;keln<\/a> &#8211;<a href=\"https:\/\/www.sabine-seyffert.de\/blog\/?p=19829\" target=\"_blank\" rel=\"noopener\"> Regenwolke mit bunten Regentropfen<\/a> &#8211; <a href=\"https:\/\/www.sabine-seyffert.de\/blog\/?p=19816\">Buntes Wetter Mobile<\/a> &#8211;<a href=\"https:\/\/www.sabine-seyffert.de\/blog\/?p=19782\"> Sonne aus Deckel<\/a> &#8211; <a href=\"https:\/\/funkelfaden.de\/anleitung-tomatendach-bauen-garten-diy\/\">Tomatendach bauen<\/a> &#8211; <a href=\"https:\/\/www.sabine-seyffert.de\/blog\/?p=19730\">Herzen im Karton<\/a>.<\/p>\n<p>Ich werde jetzt gleich noch eine Runde laufen gehen, nachdem ich das gestern leider nicht konnte wegen dem vielen Regen und bevor ich hier wieder den perfekten Zeitpunkt verpasse und dann stehen wohl vor allem bis Sonntag noch ein paar Geburtstagsvorbereitungen auf dem Plan. 10 Jahre wird der Sohn. K&#246;nnt ihr es glauben?<\/p>\n<p><strong>Was waren eure Wochenlieblinge der Woche?<\/strong><\/p>\n<p><small>*<strong>Anmerkung:<\/strong>&nbsp;Der Artikel &#252;ber unsere Gl&#252;cksmomente enth&#228;lt evtl. Bilder mit Produkten, die wir in unserem Alltag nutzen oder Linkempfehlungen. Wir haben keine Bezahlung f&#252;r das Zeigen oder Nutzen derselbigen erhalten. Affiliate Links sind als solche markiert.<\/small><\/p>\n","protected":false},"excerpt":{"rendered":"<p>Enth&#228;lt (unbezahlte) Werbung* Wusstet Ihr, dass vor zwei Jahren genau an dem Tag, wo dieses Jahr Vatertag war, Muttertag gefeiert wurde? Faszinierend, oder? Das er&#246;ffnete mir einer der R&#252;ckblicke, die ich gerne verfolge, denn vor zwei Jahren gab es an genau diesem Tag eine s&#252;&#223;e Karte vom gro&#223;en Sohn f&#252;r mich. Wie war euere Woche so? Es ist ja wirklich wieder alles dabei. Sommer, aber irgendwie auch Herbst. Na gut, es ist etwas milder, als es im Herbst vielleicht w&#228;re, aber dennoch konnte man den einen Tag quasi im See schwimmen gehen und am n&#228;chsten schon fast wieder die wasserfesten Winterjacken heraus holen. Von 30 Grad direkt wieder runter auf 14. Das macht irgendwie nur so semi Spa&#223;, oder? Da darf man schon etwas Sonne schnuppern und wird im Anschluss mit Dauerregen belohnt. Nun gut. Die Natur freut sich und so auch unser Garten, der quasi gr&#252;n wie nie ist. Unsere Wochenlieblinge drehen sich wieder um ein paar sch&#246;ne Momente, kleine Besonderheiten, nat&#252;rlich dem Vatertag und Geburtstagsvorbereitungen. Jupp&#8230; noch zwei Mal schlafen. Herrjeh&#8230; Unsere Wochenlieblinge in dieser Woche\u2026 Im Grunde befinden wir uns ja schon mitten in einem langen Wochenende. Schule zu, Kita zu und der Mann hat den Br&#252;ckentag auch frei genommen. Es ist mal ganz angenehm ein paar Tage einfach ausschlafen zu k&#246;nnen und Schule und Co links liegen zu lassen. Zu Beginn der Woche konnte ich noch die F&#252;&#223;e ins Wasser stecken. &#220;ber 30 Grad hatten wir am Montag, fast 27 noch am Dienstag. Beim Spaziergang um den See war dieser total &#252;berlaufen. &#220;berall Menschen, die im See baden gingen und quasi einen Strandtag erlebten. Irgendwie kann ich es verstehen, dass keiner bereit ist darauf zu verzichten, aber irgendwie war es auch erschreckend. Ich zog auch nur kurz meine Schuhe aus, lief einmal runter, k&#252;hlte die F&#252;&#223;e ab und dann direkt wieder hoch, um mit dem Sohn weiter eine Runde zu drehen. Schade, denn es war echt angenehm, aber einfach zu voll. Immerhin tr&#228;gt unser kleines Apfelb&#228;umchen in diesem Jahr endlich wieder Bl&#252;ten. Ob das mal was wird? Wir pflanzten ihn vor vier Jahren ein und im ersten Jahr hatte er &#252;berraschender Weise auch Bl&#252;ten, aber Fr&#252;chte trug er nicht. Die letzten beiden Jahre wuchsen dann nur Bl&#228;tter und in diesem Jahr nun endlich wieder Bl&#252;ten. Ich bin gespannt. Daf&#252;r hat unsere Nektarine, wie es scheint, die Kr&#228;uselkrankheit bekommen. Das gibt dann wohl keine Nektarinen in diesem Jahr. Schade. Etwas sp&#228;ter als sonst, aber immerhin, haben der gro&#223;e Sohn und ich nun auch mit ein zwei kleinen Projekten f&#252;r seinen Geburtstag begonnen. Wie auch im letzten Jahr ist alles ein wenig in der Schwebe und lange wussten wir nicht, was wir machen k&#246;nnen und wollen. Nun wird es ein kleines Gaming-Motto geben und ein entspannter Nachmittag ist geplant. Dennoch dekorieren wir nat&#252;rlich und ein zwei kleine Spielchen haben wir uns auch &#252;berlegt. Daf&#252;r basteln wir nun. Noch zwei Mal schlafen. Sagte ich das schon? Mich erreichte dann tolle Post. Mit Rabattcode und reduziertem Preis erf&#252;llte ich mir einen kleinen Wunsch. Es ist zwar nicht der ultimativ originale Spiegel Nerhegeb (siehe das dritte T&#252;rmchen in der Mitte), aber dennoch sieht er toll aus und hat eine sch&#246;ne Gr&#246;&#223;e. Wochenlieblinge f&#252;r Mama. Ab und an muss man sich halt auch mal belohnen. Die Kinder stehen st&#228;ndig davor und stellen sich vor, dass sie ihre Sehns&#252;chte darin erkennen k&#246;nnen und auch die Katzen erblicken sich immer wieder darin *lach*. Hachja&#8230; ich mag ihn. Ja und dann war ja auch noch Vatertag. Die Kinder hatten eine Karte f&#252;r den Papa gebastelt und wollten unbedingt f&#252;r ihn K&#228;sekuchen backen. Also zauberten sie wieder den Lieblingsk&#228;sekuchen vom gro&#223;en Sohn ganz alleine (mit kaum Hilfe) und &#252;berreichten ihm dazu auch noch das Geschenk, das der kleine Sohn in der Kita gebastelt hatte. Total cool. Schade, dass es den ganzen Tag geregnet hat. So war es eher ein gem&#252;tlicher Tag mit einer kurzen Runde an der frischen Luft. Besser als gar nichts und irgendwie auch sch&#246;n. Unsere Lieblinge aus der Blogsph&#228;re! Sch&#246;n war es ja schon mit dem kleinen Sohn im Garten zu sitzen und das tolle Wetter zu genie&#223;en. Wir hatten uns das Spielzelt im Garten aufgestellt, eine Decke ausgebreitet und Pokemons im Garten versteckt, die wir dann ganz wie in Pok\u00e9mon Snap mit der Kamera suchten und in ihrem nat&#252;rlichen Umfeld fotografierten. Fantasie ist schon etwas Tolles. Eine kleine Safari quasi. Kann man sicherlich auch prima mal auf einem Spaziergang machen. Einfach einen vorschicken und der versteckt dann kleine Tierchen, die gefunden werden sollen. Andere sch&#246;ne Ideen und Wochenlieblinge aus der Blogsph&#228;re findet ihr diese Woche hier:&nbsp; Monsterf&#252;&#223;e h&#228;keln &#8211; Regenwolke mit bunten Regentropfen &#8211; Buntes Wetter Mobile &#8211; Sonne aus Deckel &#8211; Tomatendach bauen &#8211; Herzen im Karton. Ich werde jetzt gleich noch eine Runde laufen gehen, nachdem ich das gestern leider nicht konnte wegen dem vielen Regen und bevor ich hier wieder den perfekten Zeitpunkt verpasse und dann stehen wohl vor allem bis Sonntag noch ein paar Geburtstagsvorbereitungen auf dem Plan. 10 Jahre wird der Sohn. K&#246;nnt ihr es glauben? Was waren eure Wochenlieblinge der Woche? *Anmerkung:&nbsp;Der Artikel &#252;ber unsere Gl&#252;cksmomente enth&#228;lt evtl. Bilder mit Produkten, die wir in unserem Alltag nutzen oder Linkempfehlungen. Wir haben keine Bezahlung f&#252;r das Zeigen oder Nutzen derselbigen erhalten. Affiliate Links sind als solche markiert.<\/p>\n","protected":false},"author":1,"featured_media":52397,"comment_status":"open","ping_status":"open","sticky":false,"template":"","format":"standard","meta":{"ngg_post_thumbnail":0,"footnotes":""},"categories":[323,49],"tags":[780,781,45,69,2605,1767,2062,81,856,726,358,2929,2161],"class_list":["post-52388","post","type-post","status-publish","format-standard","has-post-thumbnail","hentry","category-alltag","category-blogspaehre","tag-freitags5","tag-freitagslieblinge","tag-alltag","tag-familie","tag-gluecksmomente","tag-harry-potter","tag-highlights","tag-kinder","tag-leben-mit-kindern","tag-pokemon","tag-sommer","tag-vatertag","tag-wochenlieblinge"],"yoast_head":"<!-- This site is optimized with the Yoast SEO plugin v27.5 - https:\/\/yoast.com\/product\/yoast-seo-wordpress\/ -->\n<title>Unsere Wochenlieblinge 20\/2021 - Langes Wochenende, juchuuu!<\/title>\n<meta name=\"description\" content=\"Unsere Wochenlieblinge drehen sich wieder um ein paar sch\u00f6ne Momente, kleine Besonderheiten, nat\u00fcrlich dem Vatertag und Vorbereitungen...\" \/>\n<meta name=\"robots\" content=\"index, follow, max-snippet:-1, max-image-preview:large, max-video-preview:-1\" \/>\n<link rel=\"canonical\" href=\"https:\/\/www.heldenhaushalt.de\/sari02\/index.php\/2021\/05\/14\/unsere-wochenlieblinge-202021\/\" \/>\n<meta property=\"og:locale\" content=\"de_DE\" \/>\n<meta property=\"og:type\" content=\"article\" \/>\n<meta property=\"og:title\" content=\"Unsere Wochenlieblinge 20\/2021 - Langes Wochenende, juchuuu!\" \/>\n<meta property=\"og:description\" content=\"Unsere Wochenlieblinge drehen sich wieder um ein paar sch\u00f6ne Momente, kleine Besonderheiten, nat\u00fcrlich dem Vatertag und Vorbereitungen...\" \/>\n<meta property=\"og:url\" content=\"https:\/\/www.heldenhaushalt.de\/sari02\/index.php\/2021\/05\/14\/unsere-wochenlieblinge-202021\/\" \/>\n<meta property=\"og:site_name\" content=\"Heldenhaushalt\" \/>\n<meta property=\"article:published_time\" content=\"2021-05-14T07:15:23+00:00\" \/>\n<meta property=\"article:modified_time\" content=\"2021-05-14T07:16:59+00:00\" \/>\n<meta property=\"og:image\" content=\"https:\/\/www.heldenhaushalt.de\/sari02\/wp-content\/uploads\/2021\/05\/20-06.jpg\" \/>\n\t<meta property=\"og:image:width\" content=\"1000\" \/>\n\t<meta property=\"og:image:height\" content=\"709\" \/>\n\t<meta property=\"og:image:type\" content=\"image\/jpeg\" \/>\n<meta name=\"author\" content=\"Sari\" \/>\n<meta name=\"twitter:card\" content=\"summary_large_image\" \/>\n<meta name=\"twitter:creator\" content=\"@Heldenhaushalt\" \/>\n<meta name=\"twitter:site\" content=\"@Heldenhaushalt\" \/>\n<meta name=\"twitter:label1\" content=\"Verfasst von\" \/>\n\t<meta name=\"twitter:data1\" content=\"Sari\" \/>\n\t<meta name=\"twitter:label2\" content=\"Gesch\u00e4tzte Lesezeit\" \/>\n\t<meta name=\"twitter:data2\" content=\"6\u00a0Minuten\" \/>\n<script type=\"application\/ld+json\" class=\"yoast-schema-graph\">{\"@context\":\"https:\\\/\\\/schema.org\",\"@graph\":[{\"@type\":\"Article\",\"@id\":\"https:\\\/\\\/www.heldenhaushalt.de\\\/sari02\\\/index.php\\\/2021\\\/05\\\/14\\\/unsere-wochenlieblinge-202021\\\/#article\",\"isPartOf\":{\"@id\":\"https:\\\/\\\/www.heldenhaushalt.de\\\/sari02\\\/index.php\\\/2021\\\/05\\\/14\\\/unsere-wochenlieblinge-202021\\\/\"},\"author\":{\"name\":\"Sari\",\"@id\":\"https:\\\/\\\/www.heldenhaushalt.de\\\/sari02\\\/#\\\/schema\\\/person\\\/a1cc69f42a01f412eb62c151353814f6\"},\"headline\":\"Unsere Wochenlieblinge 20\\\/2021 &#8211; Langes Wochenende, juchuuu!\",\"datePublished\":\"2021-05-14T07:15:23+00:00\",\"dateModified\":\"2021-05-14T07:16:59+00:00\",\"mainEntityOfPage\":{\"@id\":\"https:\\\/\\\/www.heldenhaushalt.de\\\/sari02\\\/index.php\\\/2021\\\/05\\\/14\\\/unsere-wochenlieblinge-202021\\\/\"},\"wordCount\":943,\"commentCount\":0,\"publisher\":{\"@id\":\"https:\\\/\\\/www.heldenhaushalt.de\\\/sari02\\\/#\\\/schema\\\/person\\\/a1cc69f42a01f412eb62c151353814f6\"},\"image\":{\"@id\":\"https:\\\/\\\/www.heldenhaushalt.de\\\/sari02\\\/index.php\\\/2021\\\/05\\\/14\\\/unsere-wochenlieblinge-202021\\\/#primaryimage\"},\"thumbnailUrl\":\"https:\\\/\\\/www.heldenhaushalt.de\\\/sari02\\\/wp-content\\\/uploads\\\/2021\\\/05\\\/20-06.jpg\",\"keywords\":[\"#Freitags5\",\"#Freitagslieblinge\",\"Allt\u00e4glich\",\"Familie\",\"Gl\u00fccksmomente\",\"Harry Potter\",\"Highlights\",\"Kinder\",\"Leben mit Kindern\",\"Pokemon\",\"Sommer\",\"Vatertag\",\"Wochenlieblinge\"],\"articleSection\":[\"Alltagschaos\",\"Blogsph\u00e4re\"],\"inLanguage\":\"de\",\"potentialAction\":[{\"@type\":\"CommentAction\",\"name\":\"Comment\",\"target\":[\"https:\\\/\\\/www.heldenhaushalt.de\\\/sari02\\\/index.php\\\/2021\\\/05\\\/14\\\/unsere-wochenlieblinge-202021\\\/#respond\"]}]},{\"@type\":\"WebPage\",\"@id\":\"https:\\\/\\\/www.heldenhaushalt.de\\\/sari02\\\/index.php\\\/2021\\\/05\\\/14\\\/unsere-wochenlieblinge-202021\\\/\",\"url\":\"https:\\\/\\\/www.heldenhaushalt.de\\\/sari02\\\/index.php\\\/2021\\\/05\\\/14\\\/unsere-wochenlieblinge-202021\\\/\",\"name\":\"Unsere Wochenlieblinge 20\\\/2021 - Langes Wochenende, juchuuu!\",\"isPartOf\":{\"@id\":\"https:\\\/\\\/www.heldenhaushalt.de\\\/sari02\\\/#website\"},\"primaryImageOfPage\":{\"@id\":\"https:\\\/\\\/www.heldenhaushalt.de\\\/sari02\\\/index.php\\\/2021\\\/05\\\/14\\\/unsere-wochenlieblinge-202021\\\/#primaryimage\"},\"image\":{\"@id\":\"https:\\\/\\\/www.heldenhaushalt.de\\\/sari02\\\/index.php\\\/2021\\\/05\\\/14\\\/unsere-wochenlieblinge-202021\\\/#primaryimage\"},\"thumbnailUrl\":\"https:\\\/\\\/www.heldenhaushalt.de\\\/sari02\\\/wp-content\\\/uploads\\\/2021\\\/05\\\/20-06.jpg\",\"datePublished\":\"2021-05-14T07:15:23+00:00\",\"dateModified\":\"2021-05-14T07:16:59+00:00\",\"description\":\"Unsere Wochenlieblinge drehen sich wieder um ein paar sch\u00f6ne Momente, kleine Besonderheiten, nat\u00fcrlich dem Vatertag und Vorbereitungen...\",\"breadcrumb\":{\"@id\":\"https:\\\/\\\/www.heldenhaushalt.de\\\/sari02\\\/index.php\\\/2021\\\/05\\\/14\\\/unsere-wochenlieblinge-202021\\\/#breadcrumb\"},\"inLanguage\":\"de\",\"potentialAction\":[{\"@type\":\"ReadAction\",\"target\":[\"https:\\\/\\\/www.heldenhaushalt.de\\\/sari02\\\/index.php\\\/2021\\\/05\\\/14\\\/unsere-wochenlieblinge-202021\\\/\"]}]},{\"@type\":\"ImageObject\",\"inLanguage\":\"de\",\"@id\":\"https:\\\/\\\/www.heldenhaushalt.de\\\/sari02\\\/index.php\\\/2021\\\/05\\\/14\\\/unsere-wochenlieblinge-202021\\\/#primaryimage\",\"url\":\"https:\\\/\\\/www.heldenhaushalt.de\\\/sari02\\\/wp-content\\\/uploads\\\/2021\\\/05\\\/20-06.jpg\",\"contentUrl\":\"https:\\\/\\\/www.heldenhaushalt.de\\\/sari02\\\/wp-content\\\/uploads\\\/2021\\\/05\\\/20-06.jpg\",\"width\":1000,\"height\":709,\"caption\":\"Wochenlieblinge\"},{\"@type\":\"BreadcrumbList\",\"@id\":\"https:\\\/\\\/www.heldenhaushalt.de\\\/sari02\\\/index.php\\\/2021\\\/05\\\/14\\\/unsere-wochenlieblinge-202021\\\/#breadcrumb\",\"itemListElement\":[{\"@type\":\"ListItem\",\"position\":1,\"name\":\"Startseite\",\"item\":\"https:\\\/\\\/www.heldenhaushalt.de\\\/sari02\\\/\"},{\"@type\":\"ListItem\",\"position\":2,\"name\":\"Unsere Wochenlieblinge 20\\\/2021 &#8211; Langes Wochenende, juchuuu!\"}]},{\"@type\":\"WebSite\",\"@id\":\"https:\\\/\\\/www.heldenhaushalt.de\\\/sari02\\\/#website\",\"url\":\"https:\\\/\\\/www.heldenhaushalt.de\\\/sari02\\\/\",\"name\":\"Heldenhaushalt\",\"description\":\"Wer es ordentlich haben will, der muss vorher anrufen\",\"publisher\":{\"@id\":\"https:\\\/\\\/www.heldenhaushalt.de\\\/sari02\\\/#\\\/schema\\\/person\\\/a1cc69f42a01f412eb62c151353814f6\"},\"potentialAction\":[{\"@type\":\"SearchAction\",\"target\":{\"@type\":\"EntryPoint\",\"urlTemplate\":\"https:\\\/\\\/www.heldenhaushalt.de\\\/sari02\\\/?s={search_term_string}\"},\"query-input\":{\"@type\":\"PropertyValueSpecification\",\"valueRequired\":true,\"valueName\":\"search_term_string\"}}],\"inLanguage\":\"de\"},{\"@type\":[\"Person\",\"Organization\"],\"@id\":\"https:\\\/\\\/www.heldenhaushalt.de\\\/sari02\\\/#\\\/schema\\\/person\\\/a1cc69f42a01f412eb62c151353814f6\",\"name\":\"Sari\",\"image\":{\"@type\":\"ImageObject\",\"inLanguage\":\"de\",\"@id\":\"https:\\\/\\\/www.heldenhaushalt.de\\\/sari02\\\/wp-content\\\/uploads\\\/2019\\\/02\\\/sari-april2018.png\",\"url\":\"https:\\\/\\\/www.heldenhaushalt.de\\\/sari02\\\/wp-content\\\/uploads\\\/2019\\\/02\\\/sari-april2018.png\",\"contentUrl\":\"https:\\\/\\\/www.heldenhaushalt.de\\\/sari02\\\/wp-content\\\/uploads\\\/2019\\\/02\\\/sari-april2018.png\",\"width\":500,\"height\":500,\"caption\":\"Sari\"},\"logo\":{\"@id\":\"https:\\\/\\\/www.heldenhaushalt.de\\\/sari02\\\/wp-content\\\/uploads\\\/2019\\\/02\\\/sari-april2018.png\"},\"description\":\"Frau Mondgras \u2013 Das bin ich, Sari. Gerne auch als Sari Mondgras bekannt und im Internet zu finden. 2-Fach-Mutter, Heldenehefrau, Kreativling, Harmonies\u00fcchtig und st\u00e4ndig auf der Suche nach Gl\u00fcck. Ich komme aus Berlin, bin hier aufgewachsen und lebe hier seit ich denken kann.\",\"sameAs\":[\"https:\\\/\\\/www.instagram.com\\\/heldenhaushalt\\\/\"],\"url\":\"https:\\\/\\\/www.heldenhaushalt.de\\\/sari02\\\/index.php\\\/author\\\/admin\\\/\"}]}<\/script>\n<!-- \/ Yoast SEO plugin. -->","yoast_head_json":{"title":"Unsere Wochenlieblinge 20\/2021 - Langes Wochenende, juchuuu!","description":"Unsere Wochenlieblinge drehen sich wieder um ein paar sch\u00f6ne Momente, kleine Besonderheiten, nat\u00fcrlich dem Vatertag und Vorbereitungen...","robots":{"index":"index","follow":"follow","max-snippet":"max-snippet:-1","max-image-preview":"max-image-preview:large","max-video-preview":"max-video-preview:-1"},"canonical":"https:\/\/www.heldenhaushalt.de\/sari02\/index.php\/2021\/05\/14\/unsere-wochenlieblinge-202021\/","og_locale":"de_DE","og_type":"article","og_title":"Unsere Wochenlieblinge 20\/2021 - Langes Wochenende, juchuuu!","og_description":"Unsere Wochenlieblinge drehen sich wieder um ein paar sch\u00f6ne Momente, kleine Besonderheiten, nat\u00fcrlich dem Vatertag und Vorbereitungen...","og_url":"https:\/\/www.heldenhaushalt.de\/sari02\/index.php\/2021\/05\/14\/unsere-wochenlieblinge-202021\/","og_site_name":"Heldenhaushalt","article_published_time":"2021-05-14T07:15:23+00:00","article_modified_time":"2021-05-14T07:16:59+00:00","og_image":[{"width":1000,"height":709,"url":"https:\/\/www.heldenhaushalt.de\/sari02\/wp-content\/uploads\/2021\/05\/20-06.jpg","type":"image\/jpeg"}],"author":"Sari","twitter_card":"summary_large_image","twitter_creator":"@Heldenhaushalt","twitter_site":"@Heldenhaushalt","twitter_misc":{"Verfasst von":"Sari","Gesch\u00e4tzte Lesezeit":"6\u00a0Minuten"},"schema":{"@context":"https:\/\/schema.org","@graph":[{"@type":"Article","@id":"https:\/\/www.heldenhaushalt.de\/sari02\/index.php\/2021\/05\/14\/unsere-wochenlieblinge-202021\/#article","isPartOf":{"@id":"https:\/\/www.heldenhaushalt.de\/sari02\/index.php\/2021\/05\/14\/unsere-wochenlieblinge-202021\/"},"author":{"name":"Sari","@id":"https:\/\/www.heldenhaushalt.de\/sari02\/#\/schema\/person\/a1cc69f42a01f412eb62c151353814f6"},"headline":"Unsere Wochenlieblinge 20\/2021 &#8211; Langes Wochenende, juchuuu!","datePublished":"2021-05-14T07:15:23+00:00","dateModified":"2021-05-14T07:16:59+00:00","mainEntityOfPage":{"@id":"https:\/\/www.heldenhaushalt.de\/sari02\/index.php\/2021\/05\/14\/unsere-wochenlieblinge-202021\/"},"wordCount":943,"commentCount":0,"publisher":{"@id":"https:\/\/www.heldenhaushalt.de\/sari02\/#\/schema\/person\/a1cc69f42a01f412eb62c151353814f6"},"image":{"@id":"https:\/\/www.heldenhaushalt.de\/sari02\/index.php\/2021\/05\/14\/unsere-wochenlieblinge-202021\/#primaryimage"},"thumbnailUrl":"https:\/\/www.heldenhaushalt.de\/sari02\/wp-content\/uploads\/2021\/05\/20-06.jpg","keywords":["#Freitags5","#Freitagslieblinge","Allt\u00e4glich","Familie","Gl\u00fccksmomente","Harry Potter","Highlights","Kinder","Leben mit Kindern","Pokemon","Sommer","Vatertag","Wochenlieblinge"],"articleSection":["Alltagschaos","Blogsph\u00e4re"],"inLanguage":"de","potentialAction":[{"@type":"CommentAction","name":"Comment","target":["https:\/\/www.heldenhaushalt.de\/sari02\/index.php\/2021\/05\/14\/unsere-wochenlieblinge-202021\/#respond"]}]},{"@type":"WebPage","@id":"https:\/\/www.heldenhaushalt.de\/sari02\/index.php\/2021\/05\/14\/unsere-wochenlieblinge-202021\/","url":"https:\/\/www.heldenhaushalt.de\/sari02\/index.php\/2021\/05\/14\/unsere-wochenlieblinge-202021\/","name":"Unsere Wochenlieblinge 20\/2021 - Langes Wochenende, juchuuu!","isPartOf":{"@id":"https:\/\/www.heldenhaushalt.de\/sari02\/#website"},"primaryImageOfPage":{"@id":"https:\/\/www.heldenhaushalt.de\/sari02\/index.php\/2021\/05\/14\/unsere-wochenlieblinge-202021\/#primaryimage"},"image":{"@id":"https:\/\/www.heldenhaushalt.de\/sari02\/index.php\/2021\/05\/14\/unsere-wochenlieblinge-202021\/#primaryimage"},"thumbnailUrl":"https:\/\/www.heldenhaushalt.de\/sari02\/wp-content\/uploads\/2021\/05\/20-06.jpg","datePublished":"2021-05-14T07:15:23+00:00","dateModified":"2021-05-14T07:16:59+00:00","description":"Unsere Wochenlieblinge drehen sich wieder um ein paar sch\u00f6ne Momente, kleine Besonderheiten, nat\u00fcrlich dem Vatertag und Vorbereitungen...","breadcrumb":{"@id":"https:\/\/www.heldenhaushalt.de\/sari02\/index.php\/2021\/05\/14\/unsere-wochenlieblinge-202021\/#breadcrumb"},"inLanguage":"de","potentialAction":[{"@type":"ReadAction","target":["https:\/\/www.heldenhaushalt.de\/sari02\/index.php\/2021\/05\/14\/unsere-wochenlieblinge-202021\/"]}]},{"@type":"ImageObject","inLanguage":"de","@id":"https:\/\/www.heldenhaushalt.de\/sari02\/index.php\/2021\/05\/14\/unsere-wochenlieblinge-202021\/#primaryimage","url":"https:\/\/www.heldenhaushalt.de\/sari02\/wp-content\/uploads\/2021\/05\/20-06.jpg","contentUrl":"https:\/\/www.heldenhaushalt.de\/sari02\/wp-content\/uploads\/2021\/05\/20-06.jpg","width":1000,"height":709,"caption":"Wochenlieblinge"},{"@type":"BreadcrumbList","@id":"https:\/\/www.heldenhaushalt.de\/sari02\/index.php\/2021\/05\/14\/unsere-wochenlieblinge-202021\/#breadcrumb","itemListElement":[{"@type":"ListItem","position":1,"name":"Startseite","item":"https:\/\/www.heldenhaushalt.de\/sari02\/"},{"@type":"ListItem","position":2,"name":"Unsere Wochenlieblinge 20\/2021 &#8211; Langes Wochenende, juchuuu!"}]},{"@type":"WebSite","@id":"https:\/\/www.heldenhaushalt.de\/sari02\/#website","url":"https:\/\/www.heldenhaushalt.de\/sari02\/","name":"Heldenhaushalt","description":"Wer es ordentlich haben will, der muss vorher anrufen","publisher":{"@id":"https:\/\/www.heldenhaushalt.de\/sari02\/#\/schema\/person\/a1cc69f42a01f412eb62c151353814f6"},"potentialAction":[{"@type":"SearchAction","target":{"@type":"EntryPoint","urlTemplate":"https:\/\/www.heldenhaushalt.de\/sari02\/?s={search_term_string}"},"query-input":{"@type":"PropertyValueSpecification","valueRequired":true,"valueName":"search_term_string"}}],"inLanguage":"de"},{"@type":["Person","Organization"],"@id":"https:\/\/www.heldenhaushalt.de\/sari02\/#\/schema\/person\/a1cc69f42a01f412eb62c151353814f6","name":"Sari","image":{"@type":"ImageObject","inLanguage":"de","@id":"https:\/\/www.heldenhaushalt.de\/sari02\/wp-content\/uploads\/2019\/02\/sari-april2018.png","url":"https:\/\/www.heldenhaushalt.de\/sari02\/wp-content\/uploads\/2019\/02\/sari-april2018.png","contentUrl":"https:\/\/www.heldenhaushalt.de\/sari02\/wp-content\/uploads\/2019\/02\/sari-april2018.png","width":500,"height":500,"caption":"Sari"},"logo":{"@id":"https:\/\/www.heldenhaushalt.de\/sari02\/wp-content\/uploads\/2019\/02\/sari-april2018.png"},"description":"Frau Mondgras \u2013 Das bin ich, Sari. Gerne auch als Sari Mondgras bekannt und im Internet zu finden. 2-Fach-Mutter, Heldenehefrau, Kreativling, Harmonies\u00fcchtig und st\u00e4ndig auf der Suche nach Gl\u00fcck. Ich komme aus Berlin, bin hier aufgewachsen und lebe hier seit ich denken kann.","sameAs":["https:\/\/www.instagram.com\/heldenhaushalt\/"],"url":"https:\/\/www.heldenhaushalt.de\/sari02\/index.php\/author\/admin\/"}]}},"views":1822,"_links":{"self":[{"href":"https:\/\/www.heldenhaushalt.de\/sari02\/index.php\/wp-json\/wp\/v2\/posts\/52388","targetHints":{"allow":["GET"]}}],"collection":[{"href":"https:\/\/www.heldenhaushalt.de\/sari02\/index.php\/wp-json\/wp\/v2\/posts"}],"about":[{"href":"https:\/\/www.heldenhaushalt.de\/sari02\/index.php\/wp-json\/wp\/v2\/types\/post"}],"author":[{"embeddable":true,"href":"https:\/\/www.heldenhaushalt.de\/sari02\/index.php\/wp-json\/wp\/v2\/users\/1"}],"replies":[{"embeddable":true,"href":"https:\/\/www.heldenhaushalt.de\/sari02\/index.php\/wp-json\/wp\/v2\/comments?post=52388"}],"version-history":[{"count":1,"href":"https:\/\/www.heldenhaushalt.de\/sari02\/index.php\/wp-json\/wp\/v2\/posts\/52388\/revisions"}],"predecessor-version":[{"id":52396,"href":"https:\/\/www.heldenhaushalt.de\/sari02\/index.php\/wp-json\/wp\/v2\/posts\/52388\/revisions\/52396"}],"wp:featuredmedia":[{"embeddable":true,"href":"https:\/\/www.heldenhaushalt.de\/sari02\/index.php\/wp-json\/wp\/v2\/media\/52397"}],"wp:attachment":[{"href":"https:\/\/www.heldenhaushalt.de\/sari02\/index.php\/wp-json\/wp\/v2\/media?parent=52388"}],"wp:term":[{"taxonomy":"category","embeddable":true,"href":"https:\/\/www.heldenhaushalt.de\/sari02\/index.php\/wp-json\/wp\/v2\/categories?post=52388"},{"taxonomy":"post_tag","embeddable":true,"href":"https:\/\/www.heldenhaushalt.de\/sari02\/index.php\/wp-json\/wp\/v2\/tags?post=52388"}],"curies":[{"name":"wp","href":"https:\/\/api.w.org\/{rel}","templated":true}]}}