{"id":52526,"date":"2021-06-09T10:00:00","date_gmt":"2021-06-09T08:00:00","guid":{"rendered":"https:\/\/www.heldenhaushalt.de\/sari02\/?p=52526"},"modified":"2021-07-07T09:13:34","modified_gmt":"2021-07-07T07:13:34","slug":"juni-zfv2021","status":"publish","type":"post","link":"https:\/\/www.heldenhaushalt.de\/sari02\/index.php\/2021\/06\/09\/juni-zfv2021\/","title":{"rendered":"Zeit f&#252;r Ver&#228;nderung im Juni #ZfV2021 &#8211; Ein Schuljahr endet"},"content":{"rendered":"<p>Muah ey, ist wirklich schon wieder der 9. Juni. Die Tage fliegen gerade nur so an uns vorbei und das ist wohl dem Umstand zu verdanken, dass nach den letzten Lockerungen mehr Alltag wieder bei uns eingekehrt ist. In unserem Fall bedeutet das: Ein Gro&#223;teil der Woche wird wieder von Schule, Kita und Hobby der Kinder bestimmt. 4 -5 in der Woche sind wir dadurch wieder auf dem Sportplatz und an den anderen Tagen werden die Sachen erledigt, die sonst liegen bleiben. Es gilt nun wieder h&#228;ufiger den Schul- und Kitaweg zu bestreiten und dann ist da ja auch noch das sch&#246;ne Wetter, durch das wir viel an der frischen Luft unterwegs sind. Mehr als eh schon. Es f&#252;hlt sich tats&#228;chlich fast normal an. Wenn da nicht die Masken, das fast t&#228;gliche Testen und manch andere Einschr&#228;nkungen noch w&#228;ren. Aber es wird langsam. Wir konnten sogar IM Laden mit den Kindern Schuhe anprobieren, die sich dringend brauchten. Inzwischen sind die Tage nun wieder so voll, dass ich mich manchmal tats&#228;chlich glatt nach den alten Einschr&#228;nkungen sehne *lach*. Verr&#252;ckt, oder? Man will immer das, was man gerade nicht hat, aber das ist wohl auch einfach in der Natur des Menschen.<\/p>\n<p>Nun gut, lange Rede kurzer Sinn &#8211; Ich komme mal wieder kaum zu etwas und das sieht man auch erneut auf dem Blog. Dinge kommen sp&#228;ter als gewohnt oder es bleibt auch einfach mal still. Aber da musste ich auch erst einmal reinwachsen und mir zugestehen, dass es eben auch mal ruhig hier sein darf, nicht wahr?&nbsp;<\/p>\n<h2>Ein kurzer Blick auf die geschafften Ver&#228;nderungen im Mai&#8230;<\/h2>\n<p>&#8230; bevor ich meine Vorhaben f&#252;r den Juni ausformulieren m&#246;chte. Immerhin sollte der Mai der Monat sein, der nach dem Tief im April wieder f&#252;r Aufschwung sorgen sollte. Lasst uns also gemeinsam mal schauen, was ich tats&#228;chlich geschafft habe. Allen voran bin ich nat&#252;rlich unglaublich stolz darauf, dass ich wieder mehr Laufen gegangen bin und sogar gleich zwei Mal <a href=\"https:\/\/www.heldenhaushalt.de\/sari02\/index.php\/2021\/05\/24\/unser-wib-am-22-23-05-2021\/\">die 10 Kilometer geschafft<\/a> habe. Das h&#228;tte ich nie erwartet, vor allem ,weil es mir seit Februar echt schwer fiel. Aktuell stagniert das zwar wieder wegen der Pollen, aber es kommen auch wieder andere Tage. Ich versuche das jetzt entspannter zu sehen. Krass war nat&#252;rlich, dass der Mann und ich auch <a href=\"https:\/\/www.heldenhaushalt.de\/sari02\/index.php\/2021\/05\/31\/unser-wib-am-29-30-05-2021\/\">spontan unsere erste Impfung<\/a> bekamen. Wow, was f&#252;r ein Schritt. Auch die Vorhaben wieder &#246;fter Yoga zu machen und mehr zu trinken lie&#223;en sich mehr oder weniger gut umsetzen. Dank der vielen Feiertage und der Hitze sogar noch am Abend jetzt am Ende habe ich allerdings das Intervallfasten nicht so gut durchgezogen. Aber durch die W&#228;rme greift man mehr zu Wasser und Obst. Hat also auch durchaus etwas&#8230;<\/p>\n<p><img loading=\"lazy\" decoding=\"async\" class=\"alignnone\" src=\"https:\/\/www.heldenhaushalt.de\/sari02\/wp-content\/uploads\/2021\/05\/21-05.jpg\" alt=\"Ver&#228;nderungen\" width=\"1000\" height=\"720\"><\/p>\n<p>Der Geburtstag des gro&#223;en Sohnes wurde im Mai auch noch gefeiert.<a href=\"https:\/\/www.heldenhaushalt.de\/sari02\/index.php\/2021\/05\/20\/gaming-party-spiele-deko-und-essen\/\"> Es wurde eine Gaming-Party<\/a>, f&#252;r die wir auch wieder ein wenig kreativ geworden sind. Auch wenn zu dem Zeitpunkt noch einige Einschr&#228;nkungen herrschten. Ich habe auch in meinem Buch weiter gelesen und wir waren <a href=\"https:\/\/www.heldenhaushalt.de\/sari02\/index.php\/2021\/05\/13\/12von12-im-mai-2021\/\">zum Vatertag<\/a> kreativ. Nur das mit dem Ausmalbild wurde dieses Mal irgendwie nichts, muss aber auch nicht immer sein. Der Sohn hat nun alle Klassenarbeiten hinter sich gebracht. Einige Ergebnisse stehen noch aus, aber im gro&#223;en und ganzen k&#246;nnen wir wohl nicht klagen. Heute sind in Berlin auch Notenkonferenzen, so dass er nun durchatmen kann f&#252;r die n&#228;chste Zeit.<\/p>\n<p>Im Haus habe ich nun endlich im Flurschrank f&#252;r Ordnung gesorgt und auch im Zimmer des gro&#223;en haben wir ein wenig gew&#252;tet, Schr&#228;nke geschoben und seine hei&#223; ersehnte LED-Zocker-Atmosph&#228;re geschaffen *lach*. Das Zimmer hat nun definitiv gar nichts mehr von einem Kinderzimmer. Der Garten wurde vertikutiert und der Pool aufgedeckt. Leider ist inzwischen &#252;berall das Unkraut wieder so massiv durchgekommen, dass ich da nun noch einmal ran muss. Es sieht wirklich w&#252;st aus. Immerhin haben wir das Gr&#252;n aus dem Pool rausbekommen und man kann nun planschen gehen. Im Gro&#223;en und Ganzen w&#252;rde ich den Mai also durchaus als erfolgreich verbuchen. <a href=\"https:\/\/www.heldenhaushalt.de\/sari02\/index.php\/2021\/05\/05\/zeit-fuer-veraenderung-im-mai-2021-zfv2021\/\">Hier k&#246;nnt ihr nochmal alle angestrebten Ver&#228;nderungen einsehen.<\/a><\/p>\n<h2>Zeit f&#252;r Ver&#228;nderungen: Vorhaben f&#252;r Juni 2021 im Detail!<\/h2>\n<p>Die Ver&#228;nderungen im Juni werden sicherlich vor allem davon bestimmt, dass die Sommerferien ins Haus stehen&#8230;<\/p>\n<p><strong>F&#252;r Juni sehen diese Punkte wie folgt aus:<\/strong><\/p>\n<p><strong>01. Selbstliebe<\/strong><\/p>\n<ul>\n<li><b>Laufen&nbsp;<\/b>\u2013 zwei Mal die Woche Laufen, egal ob 3 oder 6 km (2\/8)<\/li>\n<li>2-3 x die Woche weiterhin&nbsp;<strong>Yoga<\/strong> machen (4\/8)<\/li>\n<li><b>Nach 17 Uhr<\/b>&nbsp;unter der Woche nicht mehr essen<\/li>\n<li><strong>1,5 Liter<\/strong>&nbsp;am Tag trinken<\/li>\n<\/ul>\n<p><img loading=\"lazy\" decoding=\"async\" class=\"alignnone\" src=\"https:\/\/www.heldenhaushalt.de\/sari02\/wp-content\/uploads\/2021\/05\/wib21-09.jpg\" alt=\"Ver&#228;nderungen\" width=\"1000\" height=\"726\"><\/p>\n<p><strong>02. Kreativ<\/strong><\/p>\n<ul>\n<li><strong>Lesen:<\/strong>&nbsp; Buch auslesen \u201e<a href=\"https:\/\/www.amazon.de\/gp\/product\/3551521174\/ref=as_li_tl?ie=UTF8&amp;camp=1638&amp;creative=6742&amp;creativeASIN=3551521174&amp;linkCode=as2&amp;tag=mondgrasde-21&amp;linkId=f1f4a54a18815852c7b2037a85bf8c89\" target=\"_blank\" rel=\"noopener\">Die Mitternachtsstunde<\/a>\u201c&nbsp;<small>(Affiliate Link)&nbsp;<\/small>(175\/320)<\/li>\n<li>Ein&nbsp;<strong>Aquarell<\/strong>&nbsp;<\/li>\n<li><strong>H&#228;keln:<\/strong>&nbsp;\u2013<\/li>\n<li><strong>N&#228;hen<\/strong>: \u2013<\/li>\n<li><strong>Zeichnen:&nbsp;<\/strong><del>1 Ausmalbild<\/del><\/li>\n<li>Conceptart <strong>Katzen<\/strong><\/li>\n<\/ul>\n<p><strong>03. Familienmensch<\/strong><\/p>\n<ul>\n<li><strong>Waldspaziergang<\/strong>&nbsp;machen<\/li>\n<li><strong>Fr&#252;hlingsblumen<\/strong>&nbsp;f&#252;r das Kinderzimmerfenster basteln<\/li>\n<li><del><strong>Geburtstag vom Mann<\/strong> sch&#246;n feiern<\/del><\/li>\n<li><del><strong>Zeugnistag<\/strong> zelebrieren<\/del><\/li>\n<li><del>Einen Plan f&#252;r die <strong>Sommerferien<\/strong> entwerfen<\/del><\/li>\n<\/ul>\n<p><strong>04. Home sweet Home<\/strong><\/p>\n<ul>\n<li><strong>Aussortiertes<\/strong>&nbsp;bei Kleinanzeigen einstellen (0\/5)<\/li>\n<li><del>Garten&nbsp;<strong>vom Unkraut befreien<\/strong><\/del><\/li>\n<li><del><strong>Rasenkanten<\/strong> schneiden<\/del><\/li>\n<li><del>Hinteren Bereich im Garten&nbsp;<strong>bepflanzen<\/strong><\/del><\/li>\n<li><del><strong>Fenster<\/strong>&nbsp;putzen<\/del><\/li>\n<li><strong>Kammer<\/strong> aufr&#228;umen<\/li>\n<li>Meinen <strong>Kleiderschrank<\/strong> sortieren<\/li>\n<\/ul>\n<p><strong>05. Bloggerleben<\/strong><\/p>\n<ul>\n<li><strong>Projekte<\/strong>&nbsp;weiterf&#252;hren&nbsp;(<a href=\"https:\/\/draussennurkaennchen.blogspot.com\/p\/12-von-12.html\" target=\"_blank\" rel=\"noopener noreferrer\">12von12<\/a>,&nbsp;<a href=\"https:\/\/feiersun.de\/tag\/1000-fragen-an-mich-selbst\/\" target=\"_blank\" rel=\"noopener noreferrer\">1000 Fragen<\/a>,&nbsp;<a href=\"https:\/\/www.heldenhaushalt.de\/sari02\/?s=%2330am30\">#30am30<\/a>)<\/li>\n<li><strong>1 Bastelidee<\/strong>&nbsp;verbloggen<\/li>\n<li><strong>2 Gewinnspiele<\/strong> veranstalten (2\/2)<\/li>\n<li><strong>1-2 Rezeptideen<\/strong>&nbsp;verbloggen (0\/2)<\/li>\n<\/ul>\n<p><img loading=\"lazy\" decoding=\"async\" class=\"alignnone size-full wp-image-52632\" src=\"https:\/\/www.heldenhaushalt.de\/sari02\/wp-content\/uploads\/2021\/06\/jun01.jpg\" alt=\"Ver&#228;nderungen\" width=\"1000\" height=\"719\" srcset=\"https:\/\/www.heldenhaushalt.de\/sari02\/wp-content\/uploads\/2021\/06\/jun01.jpg 1000w, https:\/\/www.heldenhaushalt.de\/sari02\/wp-content\/uploads\/2021\/06\/jun01-300x216.jpg 300w, https:\/\/www.heldenhaushalt.de\/sari02\/wp-content\/uploads\/2021\/06\/jun01-768x552.jpg 768w\" sizes=\"auto, (max-width: 1000px) 100vw, 1000px\" \/><\/p>\n<h2>Im Juni bereiten wir uns jetzt vor allem auf die kommenden Sommerferien vor<\/h2>\n<p>Demn&#228;chst steht zwar erst einmal der Geburtstag vom Mann an und dann das Zeugnis vom gro&#223;en Sohn, aber vor allem planen wir nun die Zeit in den Sommerferien, die hier in Berlin in zwei Wochen anfangen. Berlin ist mal wieder unglaublich fr&#252;h dran und noch wissen wir nicht so recht, welche M&#246;glichkeiten wir haben und nutzen wollen. Anfang Juli kommt bereits die zweite Impfung auf den Mann und mich zu und wir sind etwas nerv&#246;s deswegen. Sollte man daher vorher mal schauen, ob man was unternehmen kann oder es lieber in die Zeit danach legen?<\/p>\n<p>Vor allem sind wir aber jetzt gespannt, wie das Zeugnis vom gro&#223;en Sohn ausfallen wird. Es war schon extrem, dieses letzte Schuljahr, was von vielen Ver&#228;nderungen gezeichnet war. Nicht nur der vorzeitig Schulwechsel, sondern das alles eben auch unter den Pandemie Bedingungen. Es war definitiv nicht einfach und wir sind alle froh, dass das Homeschooling nun erst einmal kein Thema mehr f&#252;r uns ist.<\/p>\n<p>Sobald das Zeugnis hinter uns liegt, wollen wir uns vor allem erst einmal von all dem Chaos der letzten Monat erholen. Runterfahren und wieder etwas ruhiger im Kopf werden. Ich glaube das haben wir alle sehr n&#246;tig.<\/p>\n<p><strong>Was f&#252;r Ver&#228;nderungen strebt ihr im Juni an?<\/strong><\/p>\n","protected":false},"excerpt":{"rendered":"<p>Muah ey, ist wirklich schon wieder der 9. Juni. Die Tage fliegen gerade nur so an uns vorbei und das ist wohl dem Umstand zu verdanken, dass nach den letzten Lockerungen mehr Alltag wieder bei uns eingekehrt ist. In unserem Fall bedeutet das: Ein Gro&#223;teil der Woche wird wieder von Schule, Kita und Hobby der Kinder bestimmt. 4 -5 in der Woche sind wir dadurch wieder auf dem Sportplatz und an den anderen Tagen werden die Sachen erledigt, die sonst liegen bleiben. Es gilt nun wieder h&#228;ufiger den Schul- und Kitaweg zu bestreiten und dann ist da ja auch noch das sch&#246;ne Wetter, durch das wir viel an der frischen Luft unterwegs sind. Mehr als eh schon. Es f&#252;hlt sich tats&#228;chlich fast normal an. Wenn da nicht die Masken, das fast t&#228;gliche Testen und manch andere Einschr&#228;nkungen noch w&#228;ren. Aber es wird langsam. Wir konnten sogar IM Laden mit den Kindern Schuhe anprobieren, die sich dringend brauchten. Inzwischen sind die Tage nun wieder so voll, dass ich mich manchmal tats&#228;chlich glatt nach den alten Einschr&#228;nkungen sehne *lach*. Verr&#252;ckt, oder? Man will immer das, was man gerade nicht hat, aber das ist wohl auch einfach in der Natur des Menschen. Nun gut, lange Rede kurzer Sinn &#8211; Ich komme mal wieder kaum zu etwas und das sieht man auch erneut auf dem Blog. Dinge kommen sp&#228;ter als gewohnt oder es bleibt auch einfach mal still. Aber da musste ich auch erst einmal reinwachsen und mir zugestehen, dass es eben auch mal ruhig hier sein darf, nicht wahr?&nbsp; Ein kurzer Blick auf die geschafften Ver&#228;nderungen im Mai&#8230; &#8230; bevor ich meine Vorhaben f&#252;r den Juni ausformulieren m&#246;chte. Immerhin sollte der Mai der Monat sein, der nach dem Tief im April wieder f&#252;r Aufschwung sorgen sollte. Lasst uns also gemeinsam mal schauen, was ich tats&#228;chlich geschafft habe. Allen voran bin ich nat&#252;rlich unglaublich stolz darauf, dass ich wieder mehr Laufen gegangen bin und sogar gleich zwei Mal die 10 Kilometer geschafft habe. Das h&#228;tte ich nie erwartet, vor allem ,weil es mir seit Februar echt schwer fiel. Aktuell stagniert das zwar wieder wegen der Pollen, aber es kommen auch wieder andere Tage. Ich versuche das jetzt entspannter zu sehen. Krass war nat&#252;rlich, dass der Mann und ich auch spontan unsere erste Impfung bekamen. Wow, was f&#252;r ein Schritt. Auch die Vorhaben wieder &#246;fter Yoga zu machen und mehr zu trinken lie&#223;en sich mehr oder weniger gut umsetzen. Dank der vielen Feiertage und der Hitze sogar noch am Abend jetzt am Ende habe ich allerdings das Intervallfasten nicht so gut durchgezogen. Aber durch die W&#228;rme greift man mehr zu Wasser und Obst. Hat also auch durchaus etwas&#8230; Der Geburtstag des gro&#223;en Sohnes wurde im Mai auch noch gefeiert. Es wurde eine Gaming-Party, f&#252;r die wir auch wieder ein wenig kreativ geworden sind. Auch wenn zu dem Zeitpunkt noch einige Einschr&#228;nkungen herrschten. Ich habe auch in meinem Buch weiter gelesen und wir waren zum Vatertag kreativ. Nur das mit dem Ausmalbild wurde dieses Mal irgendwie nichts, muss aber auch nicht immer sein. Der Sohn hat nun alle Klassenarbeiten hinter sich gebracht. Einige Ergebnisse stehen noch aus, aber im gro&#223;en und ganzen k&#246;nnen wir wohl nicht klagen. Heute sind in Berlin auch Notenkonferenzen, so dass er nun durchatmen kann f&#252;r die n&#228;chste Zeit. Im Haus habe ich nun endlich im Flurschrank f&#252;r Ordnung gesorgt und auch im Zimmer des gro&#223;en haben wir ein wenig gew&#252;tet, Schr&#228;nke geschoben und seine hei&#223; ersehnte LED-Zocker-Atmosph&#228;re geschaffen *lach*. Das Zimmer hat nun definitiv gar nichts mehr von einem Kinderzimmer. Der Garten wurde vertikutiert und der Pool aufgedeckt. Leider ist inzwischen &#252;berall das Unkraut wieder so massiv durchgekommen, dass ich da nun noch einmal ran muss. Es sieht wirklich w&#252;st aus. Immerhin haben wir das Gr&#252;n aus dem Pool rausbekommen und man kann nun planschen gehen. Im Gro&#223;en und Ganzen w&#252;rde ich den Mai also durchaus als erfolgreich verbuchen. Hier k&#246;nnt ihr nochmal alle angestrebten Ver&#228;nderungen einsehen. Zeit f&#252;r Ver&#228;nderungen: Vorhaben f&#252;r Juni 2021 im Detail! Die Ver&#228;nderungen im Juni werden sicherlich vor allem davon bestimmt, dass die Sommerferien ins Haus stehen&#8230; F&#252;r Juni sehen diese Punkte wie folgt aus: 01. Selbstliebe Laufen&nbsp;\u2013 zwei Mal die Woche Laufen, egal ob 3 oder 6 km (2\/8) 2-3 x die Woche weiterhin&nbsp;Yoga machen (4\/8) Nach 17 Uhr&nbsp;unter der Woche nicht mehr essen 1,5 Liter&nbsp;am Tag trinken 02. Kreativ Lesen:&nbsp; Buch auslesen \u201eDie Mitternachtsstunde\u201c&nbsp;(Affiliate Link)&nbsp;(175\/320) Ein&nbsp;Aquarell&nbsp; H&#228;keln:&nbsp;\u2013 N&#228;hen: \u2013 Zeichnen:&nbsp;1 Ausmalbild Conceptart Katzen 03. Familienmensch Waldspaziergang&nbsp;machen Fr&#252;hlingsblumen&nbsp;f&#252;r das Kinderzimmerfenster basteln Geburtstag vom Mann sch&#246;n feiern Zeugnistag zelebrieren Einen Plan f&#252;r die Sommerferien entwerfen 04. Home sweet Home Aussortiertes&nbsp;bei Kleinanzeigen einstellen (0\/5) Garten&nbsp;vom Unkraut befreien Rasenkanten schneiden Hinteren Bereich im Garten&nbsp;bepflanzen Fenster&nbsp;putzen Kammer aufr&#228;umen Meinen Kleiderschrank sortieren 05. Bloggerleben Projekte&nbsp;weiterf&#252;hren&nbsp;(12von12,&nbsp;1000 Fragen,&nbsp;#30am30) 1 Bastelidee&nbsp;verbloggen 2 Gewinnspiele veranstalten (2\/2) 1-2 Rezeptideen&nbsp;verbloggen (0\/2) Im Juni bereiten wir uns jetzt vor allem auf die kommenden Sommerferien vor Demn&#228;chst steht zwar erst einmal der Geburtstag vom Mann an und dann das Zeugnis vom gro&#223;en Sohn, aber vor allem planen wir nun die Zeit in den Sommerferien, die hier in Berlin in zwei Wochen anfangen. Berlin ist mal wieder unglaublich fr&#252;h dran und noch wissen wir nicht so recht, welche M&#246;glichkeiten wir haben und nutzen wollen. Anfang Juli kommt bereits die zweite Impfung auf den Mann und mich zu und wir sind etwas nerv&#246;s deswegen. Sollte man daher vorher mal schauen, ob man was unternehmen kann oder es lieber in die Zeit danach legen? Vor allem sind wir aber jetzt gespannt, wie das Zeugnis vom gro&#223;en Sohn ausfallen wird. Es war schon extrem, dieses letzte Schuljahr, was von vielen Ver&#228;nderungen gezeichnet war. Nicht nur der vorzeitig Schulwechsel, sondern das alles eben auch unter den Pandemie Bedingungen. Es war definitiv nicht einfach und wir sind alle froh, dass das Homeschooling nun erst einmal kein Thema mehr f&#252;r uns ist. Sobald das Zeugnis hinter uns liegt, wollen wir uns vor allem erst einmal von all dem Chaos der letzten Monat erholen. Runterfahren und wieder etwas ruhiger im Kopf werden. Ich glaube das haben wir alle sehr n&#246;tig. Was f&#252;r Ver&#228;nderungen strebt ihr im Juni an?<\/p>\n","protected":false},"author":1,"featured_media":52598,"comment_status":"open","ping_status":"open","sticky":false,"template":"","format":"standard","meta":{"ngg_post_thumbnail":0,"footnotes":""},"categories":[323,50],"tags":[45,359,639,69,1815,81,825,522,566],"class_list":["post-52526","post","type-post","status-publish","format-standard","has-post-thumbnail","hentry","category-alltag","category-gedanken","tag-alltag","tag-challenge","tag-ernaehrung","tag-familie","tag-gesundheit","tag-kinder","tag-veraenderungen","tag-vorhaben","tag-vorsaetze"],"yoast_head":"<!-- This site is optimized with the Yoast SEO plugin v27.5 - https:\/\/yoast.com\/product\/yoast-seo-wordpress\/ -->\n<title>Zeit f\u00fcr Ver\u00e4nderungen im Juni #ZfV2021 - Ein Schuljahr endet<\/title>\n<meta name=\"description\" content=\"Die Ver\u00e4nderungen im Juni werden sicherlich vor allem davon bestimmt, dass die Sommerferien ins Haus stehen... F\u00fcr Juni sehen diese Punkte...\" \/>\n<meta name=\"robots\" content=\"index, follow, max-snippet:-1, max-image-preview:large, max-video-preview:-1\" \/>\n<link rel=\"canonical\" href=\"https:\/\/www.heldenhaushalt.de\/sari02\/index.php\/2021\/06\/09\/juni-zfv2021\/\" \/>\n<meta property=\"og:locale\" content=\"de_DE\" \/>\n<meta property=\"og:type\" content=\"article\" \/>\n<meta property=\"og:title\" content=\"Zeit f\u00fcr Ver\u00e4nderungen im Juni #ZfV2021 - Ein Schuljahr endet\" \/>\n<meta property=\"og:description\" content=\"Die Ver\u00e4nderungen im Juni werden sicherlich vor allem davon bestimmt, dass die Sommerferien ins Haus stehen... F\u00fcr Juni sehen diese Punkte...\" \/>\n<meta property=\"og:url\" content=\"https:\/\/www.heldenhaushalt.de\/sari02\/index.php\/2021\/06\/09\/juni-zfv2021\/\" \/>\n<meta property=\"og:site_name\" content=\"Heldenhaushalt\" \/>\n<meta property=\"article:published_time\" content=\"2021-06-09T08:00:00+00:00\" \/>\n<meta property=\"article:modified_time\" content=\"2021-07-07T07:13:34+00:00\" \/>\n<meta property=\"og:image\" content=\"https:\/\/www.heldenhaushalt.de\/sari02\/wp-content\/uploads\/2021\/06\/23-10.jpg\" \/>\n\t<meta property=\"og:image:width\" content=\"1000\" \/>\n\t<meta property=\"og:image:height\" content=\"703\" \/>\n\t<meta property=\"og:image:type\" content=\"image\/jpeg\" \/>\n<meta name=\"author\" content=\"Sari\" \/>\n<meta name=\"twitter:card\" content=\"summary_large_image\" \/>\n<meta name=\"twitter:creator\" content=\"@Heldenhaushalt\" \/>\n<meta name=\"twitter:site\" content=\"@Heldenhaushalt\" \/>\n<meta name=\"twitter:label1\" content=\"Verfasst von\" \/>\n\t<meta name=\"twitter:data1\" content=\"Sari\" \/>\n\t<meta name=\"twitter:label2\" content=\"Gesch\u00e4tzte Lesezeit\" \/>\n\t<meta name=\"twitter:data2\" content=\"6\u00a0Minuten\" \/>\n<script type=\"application\/ld+json\" class=\"yoast-schema-graph\">{\"@context\":\"https:\\\/\\\/schema.org\",\"@graph\":[{\"@type\":\"Article\",\"@id\":\"https:\\\/\\\/www.heldenhaushalt.de\\\/sari02\\\/index.php\\\/2021\\\/06\\\/09\\\/juni-zfv2021\\\/#article\",\"isPartOf\":{\"@id\":\"https:\\\/\\\/www.heldenhaushalt.de\\\/sari02\\\/index.php\\\/2021\\\/06\\\/09\\\/juni-zfv2021\\\/\"},\"author\":{\"name\":\"Sari\",\"@id\":\"https:\\\/\\\/www.heldenhaushalt.de\\\/sari02\\\/#\\\/schema\\\/person\\\/a1cc69f42a01f412eb62c151353814f6\"},\"headline\":\"Zeit f&#252;r Ver&#228;nderung im Juni #ZfV2021 &#8211; Ein Schuljahr endet\",\"datePublished\":\"2021-06-09T08:00:00+00:00\",\"dateModified\":\"2021-07-07T07:13:34+00:00\",\"mainEntityOfPage\":{\"@id\":\"https:\\\/\\\/www.heldenhaushalt.de\\\/sari02\\\/index.php\\\/2021\\\/06\\\/09\\\/juni-zfv2021\\\/\"},\"wordCount\":1107,\"commentCount\":0,\"publisher\":{\"@id\":\"https:\\\/\\\/www.heldenhaushalt.de\\\/sari02\\\/#\\\/schema\\\/person\\\/a1cc69f42a01f412eb62c151353814f6\"},\"image\":{\"@id\":\"https:\\\/\\\/www.heldenhaushalt.de\\\/sari02\\\/index.php\\\/2021\\\/06\\\/09\\\/juni-zfv2021\\\/#primaryimage\"},\"thumbnailUrl\":\"https:\\\/\\\/www.heldenhaushalt.de\\\/sari02\\\/wp-content\\\/uploads\\\/2021\\\/06\\\/23-10.jpg\",\"keywords\":[\"Allt\u00e4glich\",\"challenge\",\"Ern\u00e4hrung\",\"Familie\",\"Gesundheit\",\"Kinder\",\"Ver\u00e4nderungen\",\"Vorhaben\",\"Vors\u00e4tze\"],\"articleSection\":[\"Alltagschaos\",\"Gedankenwelt\"],\"inLanguage\":\"de\",\"potentialAction\":[{\"@type\":\"CommentAction\",\"name\":\"Comment\",\"target\":[\"https:\\\/\\\/www.heldenhaushalt.de\\\/sari02\\\/index.php\\\/2021\\\/06\\\/09\\\/juni-zfv2021\\\/#respond\"]}]},{\"@type\":\"WebPage\",\"@id\":\"https:\\\/\\\/www.heldenhaushalt.de\\\/sari02\\\/index.php\\\/2021\\\/06\\\/09\\\/juni-zfv2021\\\/\",\"url\":\"https:\\\/\\\/www.heldenhaushalt.de\\\/sari02\\\/index.php\\\/2021\\\/06\\\/09\\\/juni-zfv2021\\\/\",\"name\":\"Zeit f\u00fcr Ver\u00e4nderungen im Juni #ZfV2021 - Ein Schuljahr endet\",\"isPartOf\":{\"@id\":\"https:\\\/\\\/www.heldenhaushalt.de\\\/sari02\\\/#website\"},\"primaryImageOfPage\":{\"@id\":\"https:\\\/\\\/www.heldenhaushalt.de\\\/sari02\\\/index.php\\\/2021\\\/06\\\/09\\\/juni-zfv2021\\\/#primaryimage\"},\"image\":{\"@id\":\"https:\\\/\\\/www.heldenhaushalt.de\\\/sari02\\\/index.php\\\/2021\\\/06\\\/09\\\/juni-zfv2021\\\/#primaryimage\"},\"thumbnailUrl\":\"https:\\\/\\\/www.heldenhaushalt.de\\\/sari02\\\/wp-content\\\/uploads\\\/2021\\\/06\\\/23-10.jpg\",\"datePublished\":\"2021-06-09T08:00:00+00:00\",\"dateModified\":\"2021-07-07T07:13:34+00:00\",\"description\":\"Die Ver\u00e4nderungen im Juni werden sicherlich vor allem davon bestimmt, dass die Sommerferien ins Haus stehen... F\u00fcr Juni sehen diese Punkte...\",\"breadcrumb\":{\"@id\":\"https:\\\/\\\/www.heldenhaushalt.de\\\/sari02\\\/index.php\\\/2021\\\/06\\\/09\\\/juni-zfv2021\\\/#breadcrumb\"},\"inLanguage\":\"de\",\"potentialAction\":[{\"@type\":\"ReadAction\",\"target\":[\"https:\\\/\\\/www.heldenhaushalt.de\\\/sari02\\\/index.php\\\/2021\\\/06\\\/09\\\/juni-zfv2021\\\/\"]}]},{\"@type\":\"ImageObject\",\"inLanguage\":\"de\",\"@id\":\"https:\\\/\\\/www.heldenhaushalt.de\\\/sari02\\\/index.php\\\/2021\\\/06\\\/09\\\/juni-zfv2021\\\/#primaryimage\",\"url\":\"https:\\\/\\\/www.heldenhaushalt.de\\\/sari02\\\/wp-content\\\/uploads\\\/2021\\\/06\\\/23-10.jpg\",\"contentUrl\":\"https:\\\/\\\/www.heldenhaushalt.de\\\/sari02\\\/wp-content\\\/uploads\\\/2021\\\/06\\\/23-10.jpg\",\"width\":1000,\"height\":703,\"caption\":\"Ver\u00e4nderungen\"},{\"@type\":\"BreadcrumbList\",\"@id\":\"https:\\\/\\\/www.heldenhaushalt.de\\\/sari02\\\/index.php\\\/2021\\\/06\\\/09\\\/juni-zfv2021\\\/#breadcrumb\",\"itemListElement\":[{\"@type\":\"ListItem\",\"position\":1,\"name\":\"Startseite\",\"item\":\"https:\\\/\\\/www.heldenhaushalt.de\\\/sari02\\\/\"},{\"@type\":\"ListItem\",\"position\":2,\"name\":\"Zeit f&#252;r Ver&#228;nderung im Juni #ZfV2021 &#8211; Ein Schuljahr endet\"}]},{\"@type\":\"WebSite\",\"@id\":\"https:\\\/\\\/www.heldenhaushalt.de\\\/sari02\\\/#website\",\"url\":\"https:\\\/\\\/www.heldenhaushalt.de\\\/sari02\\\/\",\"name\":\"Heldenhaushalt\",\"description\":\"Wer es ordentlich haben will, der muss vorher anrufen\",\"publisher\":{\"@id\":\"https:\\\/\\\/www.heldenhaushalt.de\\\/sari02\\\/#\\\/schema\\\/person\\\/a1cc69f42a01f412eb62c151353814f6\"},\"potentialAction\":[{\"@type\":\"SearchAction\",\"target\":{\"@type\":\"EntryPoint\",\"urlTemplate\":\"https:\\\/\\\/www.heldenhaushalt.de\\\/sari02\\\/?s={search_term_string}\"},\"query-input\":{\"@type\":\"PropertyValueSpecification\",\"valueRequired\":true,\"valueName\":\"search_term_string\"}}],\"inLanguage\":\"de\"},{\"@type\":[\"Person\",\"Organization\"],\"@id\":\"https:\\\/\\\/www.heldenhaushalt.de\\\/sari02\\\/#\\\/schema\\\/person\\\/a1cc69f42a01f412eb62c151353814f6\",\"name\":\"Sari\",\"image\":{\"@type\":\"ImageObject\",\"inLanguage\":\"de\",\"@id\":\"https:\\\/\\\/www.heldenhaushalt.de\\\/sari02\\\/wp-content\\\/uploads\\\/2019\\\/02\\\/sari-april2018.png\",\"url\":\"https:\\\/\\\/www.heldenhaushalt.de\\\/sari02\\\/wp-content\\\/uploads\\\/2019\\\/02\\\/sari-april2018.png\",\"contentUrl\":\"https:\\\/\\\/www.heldenhaushalt.de\\\/sari02\\\/wp-content\\\/uploads\\\/2019\\\/02\\\/sari-april2018.png\",\"width\":500,\"height\":500,\"caption\":\"Sari\"},\"logo\":{\"@id\":\"https:\\\/\\\/www.heldenhaushalt.de\\\/sari02\\\/wp-content\\\/uploads\\\/2019\\\/02\\\/sari-april2018.png\"},\"description\":\"Frau Mondgras \u2013 Das bin ich, Sari. Gerne auch als Sari Mondgras bekannt und im Internet zu finden. 2-Fach-Mutter, Heldenehefrau, Kreativling, Harmonies\u00fcchtig und st\u00e4ndig auf der Suche nach Gl\u00fcck. Ich komme aus Berlin, bin hier aufgewachsen und lebe hier seit ich denken kann.\",\"sameAs\":[\"https:\\\/\\\/www.instagram.com\\\/heldenhaushalt\\\/\"],\"url\":\"https:\\\/\\\/www.heldenhaushalt.de\\\/sari02\\\/index.php\\\/author\\\/admin\\\/\"}]}<\/script>\n<!-- \/ Yoast SEO plugin. -->","yoast_head_json":{"title":"Zeit f\u00fcr Ver\u00e4nderungen im Juni #ZfV2021 - Ein Schuljahr endet","description":"Die Ver\u00e4nderungen im Juni werden sicherlich vor allem davon bestimmt, dass die Sommerferien ins Haus stehen... F\u00fcr Juni sehen diese Punkte...","robots":{"index":"index","follow":"follow","max-snippet":"max-snippet:-1","max-image-preview":"max-image-preview:large","max-video-preview":"max-video-preview:-1"},"canonical":"https:\/\/www.heldenhaushalt.de\/sari02\/index.php\/2021\/06\/09\/juni-zfv2021\/","og_locale":"de_DE","og_type":"article","og_title":"Zeit f\u00fcr Ver\u00e4nderungen im Juni #ZfV2021 - Ein Schuljahr endet","og_description":"Die Ver\u00e4nderungen im Juni werden sicherlich vor allem davon bestimmt, dass die Sommerferien ins Haus stehen... F\u00fcr Juni sehen diese Punkte...","og_url":"https:\/\/www.heldenhaushalt.de\/sari02\/index.php\/2021\/06\/09\/juni-zfv2021\/","og_site_name":"Heldenhaushalt","article_published_time":"2021-06-09T08:00:00+00:00","article_modified_time":"2021-07-07T07:13:34+00:00","og_image":[{"width":1000,"height":703,"url":"https:\/\/www.heldenhaushalt.de\/sari02\/wp-content\/uploads\/2021\/06\/23-10.jpg","type":"image\/jpeg"}],"author":"Sari","twitter_card":"summary_large_image","twitter_creator":"@Heldenhaushalt","twitter_site":"@Heldenhaushalt","twitter_misc":{"Verfasst von":"Sari","Gesch\u00e4tzte Lesezeit":"6\u00a0Minuten"},"schema":{"@context":"https:\/\/schema.org","@graph":[{"@type":"Article","@id":"https:\/\/www.heldenhaushalt.de\/sari02\/index.php\/2021\/06\/09\/juni-zfv2021\/#article","isPartOf":{"@id":"https:\/\/www.heldenhaushalt.de\/sari02\/index.php\/2021\/06\/09\/juni-zfv2021\/"},"author":{"name":"Sari","@id":"https:\/\/www.heldenhaushalt.de\/sari02\/#\/schema\/person\/a1cc69f42a01f412eb62c151353814f6"},"headline":"Zeit f&#252;r Ver&#228;nderung im Juni #ZfV2021 &#8211; Ein Schuljahr endet","datePublished":"2021-06-09T08:00:00+00:00","dateModified":"2021-07-07T07:13:34+00:00","mainEntityOfPage":{"@id":"https:\/\/www.heldenhaushalt.de\/sari02\/index.php\/2021\/06\/09\/juni-zfv2021\/"},"wordCount":1107,"commentCount":0,"publisher":{"@id":"https:\/\/www.heldenhaushalt.de\/sari02\/#\/schema\/person\/a1cc69f42a01f412eb62c151353814f6"},"image":{"@id":"https:\/\/www.heldenhaushalt.de\/sari02\/index.php\/2021\/06\/09\/juni-zfv2021\/#primaryimage"},"thumbnailUrl":"https:\/\/www.heldenhaushalt.de\/sari02\/wp-content\/uploads\/2021\/06\/23-10.jpg","keywords":["Allt\u00e4glich","challenge","Ern\u00e4hrung","Familie","Gesundheit","Kinder","Ver\u00e4nderungen","Vorhaben","Vors\u00e4tze"],"articleSection":["Alltagschaos","Gedankenwelt"],"inLanguage":"de","potentialAction":[{"@type":"CommentAction","name":"Comment","target":["https:\/\/www.heldenhaushalt.de\/sari02\/index.php\/2021\/06\/09\/juni-zfv2021\/#respond"]}]},{"@type":"WebPage","@id":"https:\/\/www.heldenhaushalt.de\/sari02\/index.php\/2021\/06\/09\/juni-zfv2021\/","url":"https:\/\/www.heldenhaushalt.de\/sari02\/index.php\/2021\/06\/09\/juni-zfv2021\/","name":"Zeit f\u00fcr Ver\u00e4nderungen im Juni #ZfV2021 - Ein Schuljahr endet","isPartOf":{"@id":"https:\/\/www.heldenhaushalt.de\/sari02\/#website"},"primaryImageOfPage":{"@id":"https:\/\/www.heldenhaushalt.de\/sari02\/index.php\/2021\/06\/09\/juni-zfv2021\/#primaryimage"},"image":{"@id":"https:\/\/www.heldenhaushalt.de\/sari02\/index.php\/2021\/06\/09\/juni-zfv2021\/#primaryimage"},"thumbnailUrl":"https:\/\/www.heldenhaushalt.de\/sari02\/wp-content\/uploads\/2021\/06\/23-10.jpg","datePublished":"2021-06-09T08:00:00+00:00","dateModified":"2021-07-07T07:13:34+00:00","description":"Die Ver\u00e4nderungen im Juni werden sicherlich vor allem davon bestimmt, dass die Sommerferien ins Haus stehen... F\u00fcr Juni sehen diese Punkte...","breadcrumb":{"@id":"https:\/\/www.heldenhaushalt.de\/sari02\/index.php\/2021\/06\/09\/juni-zfv2021\/#breadcrumb"},"inLanguage":"de","potentialAction":[{"@type":"ReadAction","target":["https:\/\/www.heldenhaushalt.de\/sari02\/index.php\/2021\/06\/09\/juni-zfv2021\/"]}]},{"@type":"ImageObject","inLanguage":"de","@id":"https:\/\/www.heldenhaushalt.de\/sari02\/index.php\/2021\/06\/09\/juni-zfv2021\/#primaryimage","url":"https:\/\/www.heldenhaushalt.de\/sari02\/wp-content\/uploads\/2021\/06\/23-10.jpg","contentUrl":"https:\/\/www.heldenhaushalt.de\/sari02\/wp-content\/uploads\/2021\/06\/23-10.jpg","width":1000,"height":703,"caption":"Ver\u00e4nderungen"},{"@type":"BreadcrumbList","@id":"https:\/\/www.heldenhaushalt.de\/sari02\/index.php\/2021\/06\/09\/juni-zfv2021\/#breadcrumb","itemListElement":[{"@type":"ListItem","position":1,"name":"Startseite","item":"https:\/\/www.heldenhaushalt.de\/sari02\/"},{"@type":"ListItem","position":2,"name":"Zeit f&#252;r Ver&#228;nderung im Juni #ZfV2021 &#8211; Ein Schuljahr endet"}]},{"@type":"WebSite","@id":"https:\/\/www.heldenhaushalt.de\/sari02\/#website","url":"https:\/\/www.heldenhaushalt.de\/sari02\/","name":"Heldenhaushalt","description":"Wer es ordentlich haben will, der muss vorher anrufen","publisher":{"@id":"https:\/\/www.heldenhaushalt.de\/sari02\/#\/schema\/person\/a1cc69f42a01f412eb62c151353814f6"},"potentialAction":[{"@type":"SearchAction","target":{"@type":"EntryPoint","urlTemplate":"https:\/\/www.heldenhaushalt.de\/sari02\/?s={search_term_string}"},"query-input":{"@type":"PropertyValueSpecification","valueRequired":true,"valueName":"search_term_string"}}],"inLanguage":"de"},{"@type":["Person","Organization"],"@id":"https:\/\/www.heldenhaushalt.de\/sari02\/#\/schema\/person\/a1cc69f42a01f412eb62c151353814f6","name":"Sari","image":{"@type":"ImageObject","inLanguage":"de","@id":"https:\/\/www.heldenhaushalt.de\/sari02\/wp-content\/uploads\/2019\/02\/sari-april2018.png","url":"https:\/\/www.heldenhaushalt.de\/sari02\/wp-content\/uploads\/2019\/02\/sari-april2018.png","contentUrl":"https:\/\/www.heldenhaushalt.de\/sari02\/wp-content\/uploads\/2019\/02\/sari-april2018.png","width":500,"height":500,"caption":"Sari"},"logo":{"@id":"https:\/\/www.heldenhaushalt.de\/sari02\/wp-content\/uploads\/2019\/02\/sari-april2018.png"},"description":"Frau Mondgras \u2013 Das bin ich, Sari. Gerne auch als Sari Mondgras bekannt und im Internet zu finden. 2-Fach-Mutter, Heldenehefrau, Kreativling, Harmonies\u00fcchtig und st\u00e4ndig auf der Suche nach Gl\u00fcck. Ich komme aus Berlin, bin hier aufgewachsen und lebe hier seit ich denken kann.","sameAs":["https:\/\/www.instagram.com\/heldenhaushalt\/"],"url":"https:\/\/www.heldenhaushalt.de\/sari02\/index.php\/author\/admin\/"}]}},"views":1850,"_links":{"self":[{"href":"https:\/\/www.heldenhaushalt.de\/sari02\/index.php\/wp-json\/wp\/v2\/posts\/52526","targetHints":{"allow":["GET"]}}],"collection":[{"href":"https:\/\/www.heldenhaushalt.de\/sari02\/index.php\/wp-json\/wp\/v2\/posts"}],"about":[{"href":"https:\/\/www.heldenhaushalt.de\/sari02\/index.php\/wp-json\/wp\/v2\/types\/post"}],"author":[{"embeddable":true,"href":"https:\/\/www.heldenhaushalt.de\/sari02\/index.php\/wp-json\/wp\/v2\/users\/1"}],"replies":[{"embeddable":true,"href":"https:\/\/www.heldenhaushalt.de\/sari02\/index.php\/wp-json\/wp\/v2\/comments?post=52526"}],"version-history":[{"count":5,"href":"https:\/\/www.heldenhaushalt.de\/sari02\/index.php\/wp-json\/wp\/v2\/posts\/52526\/revisions"}],"predecessor-version":[{"id":52842,"href":"https:\/\/www.heldenhaushalt.de\/sari02\/index.php\/wp-json\/wp\/v2\/posts\/52526\/revisions\/52842"}],"wp:featuredmedia":[{"embeddable":true,"href":"https:\/\/www.heldenhaushalt.de\/sari02\/index.php\/wp-json\/wp\/v2\/media\/52598"}],"wp:attachment":[{"href":"https:\/\/www.heldenhaushalt.de\/sari02\/index.php\/wp-json\/wp\/v2\/media?parent=52526"}],"wp:term":[{"taxonomy":"category","embeddable":true,"href":"https:\/\/www.heldenhaushalt.de\/sari02\/index.php\/wp-json\/wp\/v2\/categories?post=52526"},{"taxonomy":"post_tag","embeddable":true,"href":"https:\/\/www.heldenhaushalt.de\/sari02\/index.php\/wp-json\/wp\/v2\/tags?post=52526"}],"curies":[{"name":"wp","href":"https:\/\/api.w.org\/{rel}","templated":true}]}}