{"id":52590,"date":"2021-06-04T10:53:01","date_gmt":"2021-06-04T08:53:01","guid":{"rendered":"https:\/\/www.heldenhaushalt.de\/sari02\/?p=52590"},"modified":"2021-06-04T10:53:01","modified_gmt":"2021-06-04T08:53:01","slug":"unsere-wochenlieblinge-232021","status":"publish","type":"post","link":"https:\/\/www.heldenhaushalt.de\/sari02\/index.php\/2021\/06\/04\/unsere-wochenlieblinge-232021\/","title":{"rendered":"Unsere Wochenlieblinge 23\/2021 &#8211; Sommer, Sonne, Pollen und Migr&#228;ne&#8230;"},"content":{"rendered":"<p style=\"text-align: right;\"><small>Enth&#228;lt (unbezahlte) Werbung*<\/small><\/p>\n<p>Hui, was f&#252;r eine Woche. Die ersten Tage war ich noch ziemlich platt <a href=\"https:\/\/www.heldenhaushalt.de\/sari02\/index.php\/2021\/05\/31\/unser-wib-am-29-30-05-2021\/\">von der spontanen Impfung<\/a> am Wochenende und dann hatte ich den Rest der Woche ganz sch&#246;n mit Kopfschmerzen zu tun. Nicht ungew&#246;hnlich, wenn Pollen und pl&#246;tzliche Sonne sich zeigen. Mit zu viel W&#228;rme komme ich immer recht schlecht zurecht und mit st&#228;ndigem Wetterwechsel sowieso. Ich hoffe das pendelt sich nun langsam alles ein, denn ich w&#252;rde gerne das sch&#246;ne Wetter so richtig genie&#223;en und der Garten muss nun dringend angegangen werden, nachdem das Wetter ihn regelrecht hat explodieren lassen. Auch ist der schulische Druck langsam raus, denn alle Arbeiten sind geschrieben und am Montag werden die Noten eingetragen. Es kann also nichts Schlimmes mehr passieren. Ab Mittwoch geht es dann auch doch noch in Berlin wieder ganz in die Schule&#8230; ich bin gespannt, wie das wird.<\/p>\n<p>Unsere Wochenlieblinge sind dieses Mal recht ruhig, aber auch sonnig, teilweise etwas gehetzt *lach*. Eigentlich wollte ich viel mehr schaffen diese Woche, aber ich bin mal wieder ausgebremst worden&#8230;<\/p>\n<h2>Unsere Wochenlieblinge in dieser Woche\u2026<\/h2>\n<p>Endspurt in dieser Woche. Eine Abgabe und eine Mathearbeit standen noch auf dem Plan. Erfreulicher Weise kam der Sohn mit dem neuen Thema in Mathe gut klar, so dass wir dieses Mal nicht ganz so viel &#252;ben mussten. Daf&#252;r waren wir aber f&#252;r NaWi noch ein wenig flei&#223;ig.<\/p>\n<p><img loading=\"lazy\" decoding=\"async\" class=\"alignnone size-full wp-image-52591\" src=\"https:\/\/www.heldenhaushalt.de\/sari02\/wp-content\/uploads\/2021\/06\/23-01.jpg\" alt=\"Wochenlieblinge\" width=\"1000\" height=\"699\" srcset=\"https:\/\/www.heldenhaushalt.de\/sari02\/wp-content\/uploads\/2021\/06\/23-01.jpg 1000w, https:\/\/www.heldenhaushalt.de\/sari02\/wp-content\/uploads\/2021\/06\/23-01-300x210.jpg 300w, https:\/\/www.heldenhaushalt.de\/sari02\/wp-content\/uploads\/2021\/06\/23-01-768x537.jpg 768w\" sizes=\"auto, (max-width: 1000px) 100vw, 1000px\" \/><\/p>\n<p>Die Kinder mussten &#252;ber die letzten Wochen ein Bohnentagebuch f&#252;hren und inzwischen war die Bohne reif f&#252;r den Garten, wof&#252;r wir das gute Wetter direkt ausnutzten. Die Bohne bekam einen gr&#246;&#223;eren Topf und wir konnten das Ganze dann nochmal f&#252;r das Bohnentagebuch dokumentieren. Die Fotos entwickelten wir dann noch schnell in der Drogerie und der Sohn konnte dann sein Tagebuch rechtzeitig noch abgeben. Mal sehen, ob wir dieses Jahr ein paar Feuerbohnen ernten k&#246;nnen.<\/p>\n<p><img loading=\"lazy\" decoding=\"async\" class=\"alignnone size-full wp-image-52593\" src=\"https:\/\/www.heldenhaushalt.de\/sari02\/wp-content\/uploads\/2021\/06\/23-03.jpg\" alt=\"Sockengl&#252;ck\" width=\"1000\" height=\"701\" srcset=\"https:\/\/www.heldenhaushalt.de\/sari02\/wp-content\/uploads\/2021\/06\/23-03.jpg 1000w, https:\/\/www.heldenhaushalt.de\/sari02\/wp-content\/uploads\/2021\/06\/23-03-300x210.jpg 300w, https:\/\/www.heldenhaushalt.de\/sari02\/wp-content\/uploads\/2021\/06\/23-03-768x538.jpg 768w\" sizes=\"auto, (max-width: 1000px) 100vw, 1000px\" \/><\/p>\n<p>Ein Freund war so nett und hat uns diese Woche in paar Sachen vom Einkaufen mitgebracht. Darunter waren neue Sommerschlafanz&#252;ge und Cappys f&#252;r die Kinder, aber auch ein cooler Pulli und schicke Socken f&#252;r mich. Ich liebe ja solche bunten Motivsocken. Na? Wer erkennt das Motiv dieser Socken??<\/p>\n<p><img loading=\"lazy\" decoding=\"async\" class=\"alignnone size-full wp-image-52595\" src=\"https:\/\/www.heldenhaushalt.de\/sari02\/wp-content\/uploads\/2021\/06\/23-07.jpg\" alt=\"Mohnblumen\" width=\"1000\" height=\"716\" srcset=\"https:\/\/www.heldenhaushalt.de\/sari02\/wp-content\/uploads\/2021\/06\/23-07.jpg 1000w, https:\/\/www.heldenhaushalt.de\/sari02\/wp-content\/uploads\/2021\/06\/23-07-300x215.jpg 300w, https:\/\/www.heldenhaushalt.de\/sari02\/wp-content\/uploads\/2021\/06\/23-07-768x550.jpg 768w\" sizes=\"auto, (max-width: 1000px) 100vw, 1000px\" \/><\/p>\n<p>Auch bl&#252;hen endlich wieder die Mohnblumen. Immer &#246;fter kann ich sie entdecken. Sie z&#228;hlen zu meinen absoluten Lieblingsblumen, die man leider nicht zu Hause in eine Vase stellen kann. Andererseits ist das ganz gut so, denn so sind sie nochmal etwas besonderer und z&#228;hlt somit definitiv zu den Dingen, die f&#252;r mich Wochenlieblinge in so einer Woche sind.&nbsp;<\/p>\n<p><img loading=\"lazy\" decoding=\"async\" class=\"alignnone size-full wp-image-52596\" src=\"https:\/\/www.heldenhaushalt.de\/sari02\/wp-content\/uploads\/2021\/06\/23-08.jpg\" alt=\"Wochenlieblinge\" width=\"1000\" height=\"749\" srcset=\"https:\/\/www.heldenhaushalt.de\/sari02\/wp-content\/uploads\/2021\/06\/23-08.jpg 1000w, https:\/\/www.heldenhaushalt.de\/sari02\/wp-content\/uploads\/2021\/06\/23-08-300x225.jpg 300w, https:\/\/www.heldenhaushalt.de\/sari02\/wp-content\/uploads\/2021\/06\/23-08-768x575.jpg 768w\" sizes=\"auto, (max-width: 1000px) 100vw, 1000px\" \/><\/p>\n<p>Der kleine Sohn freut sich aktuell t&#228;glich &#252;ber Post von den Nachbarn. &#220;berall beim Einkaufen gibt es nun wieder Sachen f&#252;r die EM und die Nachbarn schmei&#223;en die vielen Sachen, die sie an der Kasse bekommen f&#252;r die Kinder in den Briefkasten bei uns. Wie gut, dass meine Kinder damit wirklich intensiv spielen *lach*. Immer dieser Kram *seufz*, aber gut. Wir haben dem Sohn dann auch das Spielfeld davon beim Einkaufen mitgebracht und haben ihm damit eine riesige Freude bereitet. Nun findet die EM bei uns im Kinderzimmer statt.<\/p>\n<p><img loading=\"lazy\" decoding=\"async\" class=\"alignnone size-full wp-image-52597\" src=\"https:\/\/www.heldenhaushalt.de\/sari02\/wp-content\/uploads\/2021\/06\/23-09.jpg\" alt=\"Wochenlieblinge\" width=\"1000\" height=\"726\" srcset=\"https:\/\/www.heldenhaushalt.de\/sari02\/wp-content\/uploads\/2021\/06\/23-09.jpg 1000w, https:\/\/www.heldenhaushalt.de\/sari02\/wp-content\/uploads\/2021\/06\/23-09-300x218.jpg 300w, https:\/\/www.heldenhaushalt.de\/sari02\/wp-content\/uploads\/2021\/06\/23-09-768x558.jpg 768w, https:\/\/www.heldenhaushalt.de\/sari02\/wp-content\/uploads\/2021\/06\/23-09-330x240.jpg 330w\" sizes=\"auto, (max-width: 1000px) 100vw, 1000px\" \/><\/p>\n<p>Nachdem die Temperaturen ja diese Woche bis auf 28 hochgeschossen sind und mich regelrecht aus den Latschen gehauen haben, haben die Katzen ihre ganz eigene L&#246;sung gefunden. Frida finden wir nun st&#228;ndig im Waschbecken sitzend vor. Sicherlich, weil es dort so sch&#246;n k&#252;hl ist *lach*.<\/p>\n<p><img loading=\"lazy\" decoding=\"async\" class=\"alignnone size-full wp-image-52599\" src=\"https:\/\/www.heldenhaushalt.de\/sari02\/wp-content\/uploads\/2021\/06\/23-11.jpg\" alt=\"Erfrischung\" width=\"1000\" height=\"699\" srcset=\"https:\/\/www.heldenhaushalt.de\/sari02\/wp-content\/uploads\/2021\/06\/23-11.jpg 1000w, https:\/\/www.heldenhaushalt.de\/sari02\/wp-content\/uploads\/2021\/06\/23-11-300x210.jpg 300w, https:\/\/www.heldenhaushalt.de\/sari02\/wp-content\/uploads\/2021\/06\/23-11-768x537.jpg 768w\" sizes=\"auto, (max-width: 1000px) 100vw, 1000px\" \/><\/p>\n<p>Der kleine Sohn nutzt dann lieber die Rasensprenger in Garten und auf dem Sportplatz aus, die nun den Rasen frisch halten sollen, und duscht sich regelrecht laut lachend ab. Auch den Pool haben wir endlich aufgedeckt, aber der Bedarf noch etwas Aufmerksamkeit, denn das Wetter hat dem Wasser nicht soooo gut getan. Aber die Kinder freuen sich schon darauf ihn bald wieder nutzen zu d&#252;rfen.<\/p>\n<h2>Unsere Lieblinge aus der Blogsph&#228;re!<\/h2>\n<p><img loading=\"lazy\" decoding=\"async\" class=\"alignnone size-full wp-image-52598\" src=\"https:\/\/www.heldenhaushalt.de\/sari02\/wp-content\/uploads\/2021\/06\/23-10.jpg\" alt=\"Wochenlieblinge\" width=\"1000\" height=\"703\" srcset=\"https:\/\/www.heldenhaushalt.de\/sari02\/wp-content\/uploads\/2021\/06\/23-10.jpg 1000w, https:\/\/www.heldenhaushalt.de\/sari02\/wp-content\/uploads\/2021\/06\/23-10-300x211.jpg 300w, https:\/\/www.heldenhaushalt.de\/sari02\/wp-content\/uploads\/2021\/06\/23-10-768x540.jpg 768w\" sizes=\"auto, (max-width: 1000px) 100vw, 1000px\" \/><\/p>\n<p>Ansonsten war, wie erw&#228;hnt, die Woche weniger meine. Viel m&#252;de, viel Kopfschmerzen, viel Pollenbelastung, so dass ich gegen Nachmittag immer ko war und abends m&#252;de auf dem Sofa lag. Haushalt ja, W&#228;sche und Bloggen zum Beispiel blieben eher liegen. Aber das gibt sich sicherlich auch bald wieder&#8230;<\/p>\n<p>Auch in der Blogsph&#228;re gab es wieder einige Wochenlieblinge: <a href=\"https:\/\/www.tollabea.de\/sommerlicher-blumenstrauss-basteln-mit-luftpolsterfolie\/\" target=\"_blank\" rel=\"noopener\">Basteln mit Luftpolsterfolie<\/a> &#8211; <a href=\"https:\/\/www.sabine-seyffert.de\/blog\/?p=20057\" target=\"_blank\" rel=\"noopener\">Qualle aus Atlas und Kronkorken<\/a> &#8211; <a href=\"https:\/\/funkelfaden.de\/anleitung-tasche-und-picknickdecke-naehen\/\" target=\"_blank\" rel=\"noopener\">Picknickdecke mit Tasche n&#228;hen<\/a> &#8211; <a href=\"https:\/\/www.siebenkilopaket.de\/2021\/06\/01\/grundschule-stundenplan-vorlage-zum-ausdrucken-kostenlos\/\" target=\"_blank\" rel=\"noopener\">Stundenplan zum Ausdrucken<\/a> &#8211; <a href=\"http:\/\/fraujule.blogspot.com\/2021\/05\/rezept-maiwipfelsirup.html\" target=\"_blank\" rel=\"noopener\">Maiwipfelsirup<\/a> &#8211; <a href=\"https:\/\/www.sabine-seyffert.de\/blog\/?p=19997\" target=\"_blank\" rel=\"noopener\">Bunte Schnecke<\/a> &#8211; <a href=\"https:\/\/www.sabine-seyffert.de\/blog\/?p=19982\" target=\"_blank\" rel=\"noopener\">s&#252;&#223;e Biene aus L&#246;ffeln<\/a>.<\/p>\n<p>Ab heute d&#252;rfen wir ja wieder ein wenig mehr. Shoppen zum Beispiel. Ich muss dringend Haare schneiden. Ich war seit einem Jahr nicht mehr. Was wir aber dringend ben&#246;tigen sind neue Schuhe f&#252;r die Kinder, das steht wohl demn&#228;chst auf dem Plan.<\/p>\n<p><strong>Was waren eure Wochenlieblinge der Woche?<\/strong><\/p>\n<p><small>*<strong>Anmerkung:<\/strong> Der Artikel &#252;ber unsere Wochenlieblinge enth&#228;lt evtl. Bilder mit Produkten, die wir in unserem Alltag nutzen oder Linkempfehlungen. Wir haben keine Bezahlung f&#252;r das Zeigen oder Nutzen derselbigen erhalten. Affiliate Links sind als solche markiert.<\/small><\/p>\n","protected":false},"excerpt":{"rendered":"<p>Enth&#228;lt (unbezahlte) Werbung* Hui, was f&#252;r eine Woche. Die ersten Tage war ich noch ziemlich platt von der spontanen Impfung am Wochenende und dann hatte ich den Rest der Woche ganz sch&#246;n mit Kopfschmerzen zu tun. Nicht ungew&#246;hnlich, wenn Pollen und pl&#246;tzliche Sonne sich zeigen. Mit zu viel W&#228;rme komme ich immer recht schlecht zurecht und mit st&#228;ndigem Wetterwechsel sowieso. Ich hoffe das pendelt sich nun langsam alles ein, denn ich w&#252;rde gerne das sch&#246;ne Wetter so richtig genie&#223;en und der Garten muss nun dringend angegangen werden, nachdem das Wetter ihn regelrecht hat explodieren lassen. Auch ist der schulische Druck langsam raus, denn alle Arbeiten sind geschrieben und am Montag werden die Noten eingetragen. Es kann also nichts Schlimmes mehr passieren. Ab Mittwoch geht es dann auch doch noch in Berlin wieder ganz in die Schule&#8230; ich bin gespannt, wie das wird. Unsere Wochenlieblinge sind dieses Mal recht ruhig, aber auch sonnig, teilweise etwas gehetzt *lach*. Eigentlich wollte ich viel mehr schaffen diese Woche, aber ich bin mal wieder ausgebremst worden&#8230; Unsere Wochenlieblinge in dieser Woche\u2026 Endspurt in dieser Woche. Eine Abgabe und eine Mathearbeit standen noch auf dem Plan. Erfreulicher Weise kam der Sohn mit dem neuen Thema in Mathe gut klar, so dass wir dieses Mal nicht ganz so viel &#252;ben mussten. Daf&#252;r waren wir aber f&#252;r NaWi noch ein wenig flei&#223;ig. Die Kinder mussten &#252;ber die letzten Wochen ein Bohnentagebuch f&#252;hren und inzwischen war die Bohne reif f&#252;r den Garten, wof&#252;r wir das gute Wetter direkt ausnutzten. Die Bohne bekam einen gr&#246;&#223;eren Topf und wir konnten das Ganze dann nochmal f&#252;r das Bohnentagebuch dokumentieren. Die Fotos entwickelten wir dann noch schnell in der Drogerie und der Sohn konnte dann sein Tagebuch rechtzeitig noch abgeben. Mal sehen, ob wir dieses Jahr ein paar Feuerbohnen ernten k&#246;nnen. Ein Freund war so nett und hat uns diese Woche in paar Sachen vom Einkaufen mitgebracht. Darunter waren neue Sommerschlafanz&#252;ge und Cappys f&#252;r die Kinder, aber auch ein cooler Pulli und schicke Socken f&#252;r mich. Ich liebe ja solche bunten Motivsocken. Na? Wer erkennt das Motiv dieser Socken?? Auch bl&#252;hen endlich wieder die Mohnblumen. Immer &#246;fter kann ich sie entdecken. Sie z&#228;hlen zu meinen absoluten Lieblingsblumen, die man leider nicht zu Hause in eine Vase stellen kann. Andererseits ist das ganz gut so, denn so sind sie nochmal etwas besonderer und z&#228;hlt somit definitiv zu den Dingen, die f&#252;r mich Wochenlieblinge in so einer Woche sind.&nbsp; Der kleine Sohn freut sich aktuell t&#228;glich &#252;ber Post von den Nachbarn. &#220;berall beim Einkaufen gibt es nun wieder Sachen f&#252;r die EM und die Nachbarn schmei&#223;en die vielen Sachen, die sie an der Kasse bekommen f&#252;r die Kinder in den Briefkasten bei uns. Wie gut, dass meine Kinder damit wirklich intensiv spielen *lach*. Immer dieser Kram *seufz*, aber gut. Wir haben dem Sohn dann auch das Spielfeld davon beim Einkaufen mitgebracht und haben ihm damit eine riesige Freude bereitet. Nun findet die EM bei uns im Kinderzimmer statt. Nachdem die Temperaturen ja diese Woche bis auf 28 hochgeschossen sind und mich regelrecht aus den Latschen gehauen haben, haben die Katzen ihre ganz eigene L&#246;sung gefunden. Frida finden wir nun st&#228;ndig im Waschbecken sitzend vor. Sicherlich, weil es dort so sch&#246;n k&#252;hl ist *lach*. Der kleine Sohn nutzt dann lieber die Rasensprenger in Garten und auf dem Sportplatz aus, die nun den Rasen frisch halten sollen, und duscht sich regelrecht laut lachend ab. Auch den Pool haben wir endlich aufgedeckt, aber der Bedarf noch etwas Aufmerksamkeit, denn das Wetter hat dem Wasser nicht soooo gut getan. Aber die Kinder freuen sich schon darauf ihn bald wieder nutzen zu d&#252;rfen. Unsere Lieblinge aus der Blogsph&#228;re! Ansonsten war, wie erw&#228;hnt, die Woche weniger meine. Viel m&#252;de, viel Kopfschmerzen, viel Pollenbelastung, so dass ich gegen Nachmittag immer ko war und abends m&#252;de auf dem Sofa lag. Haushalt ja, W&#228;sche und Bloggen zum Beispiel blieben eher liegen. Aber das gibt sich sicherlich auch bald wieder&#8230; Auch in der Blogsph&#228;re gab es wieder einige Wochenlieblinge: Basteln mit Luftpolsterfolie &#8211; Qualle aus Atlas und Kronkorken &#8211; Picknickdecke mit Tasche n&#228;hen &#8211; Stundenplan zum Ausdrucken &#8211; Maiwipfelsirup &#8211; Bunte Schnecke &#8211; s&#252;&#223;e Biene aus L&#246;ffeln. Ab heute d&#252;rfen wir ja wieder ein wenig mehr. Shoppen zum Beispiel. Ich muss dringend Haare schneiden. Ich war seit einem Jahr nicht mehr. Was wir aber dringend ben&#246;tigen sind neue Schuhe f&#252;r die Kinder, das steht wohl demn&#228;chst auf dem Plan. Was waren eure Wochenlieblinge der Woche? *Anmerkung: Der Artikel &#252;ber unsere Wochenlieblinge enth&#228;lt evtl. Bilder mit Produkten, die wir in unserem Alltag nutzen oder Linkempfehlungen. Wir haben keine Bezahlung f&#252;r das Zeigen oder Nutzen derselbigen erhalten. Affiliate Links sind als solche markiert.<\/p>\n","protected":false},"author":1,"featured_media":52594,"comment_status":"open","ping_status":"open","sticky":false,"template":"","format":"standard","meta":{"ngg_post_thumbnail":0,"footnotes":""},"categories":[323,49],"tags":[780,781,45,2528,69,2605,2945,81,2838,1215,1316,872,2161],"class_list":["post-52590","post","type-post","status-publish","format-standard","has-post-thumbnail","hentry","category-alltag","category-blogspaehre","tag-freitags5","tag-freitagslieblinge","tag-alltag","tag-corona","tag-familie","tag-gluecksmomente","tag-impfung","tag-kinder","tag-leben-mit-corona","tag-schule","tag-wetter","tag-woche","tag-wochenlieblinge"],"yoast_head":"<!-- This site is optimized with the Yoast SEO plugin v27.5 - https:\/\/yoast.com\/product\/yoast-seo-wordpress\/ -->\n<title>Unsere Wochenlieblinge 23\/2021 - Sommer, Sonne, Pollen und Migr\u00e4ne...<\/title>\n<meta name=\"description\" content=\"Unsere Wochenlieblinge sind dieses Mal recht ruhig, aber auch sonnig, teilweise etwas gehetzt *lach*. Eigentlich wollte ich viel mehr ...\" \/>\n<meta name=\"robots\" content=\"index, follow, max-snippet:-1, max-image-preview:large, max-video-preview:-1\" \/>\n<link rel=\"canonical\" href=\"https:\/\/www.heldenhaushalt.de\/sari02\/index.php\/2021\/06\/04\/unsere-wochenlieblinge-232021\/\" \/>\n<meta property=\"og:locale\" content=\"de_DE\" \/>\n<meta property=\"og:type\" content=\"article\" \/>\n<meta property=\"og:title\" content=\"Unsere Wochenlieblinge 23\/2021 - Sommer, Sonne, Pollen und Migr\u00e4ne...\" \/>\n<meta property=\"og:description\" content=\"Unsere Wochenlieblinge sind dieses Mal recht ruhig, aber auch sonnig, teilweise etwas gehetzt *lach*. Eigentlich wollte ich viel mehr ...\" \/>\n<meta property=\"og:url\" content=\"https:\/\/www.heldenhaushalt.de\/sari02\/index.php\/2021\/06\/04\/unsere-wochenlieblinge-232021\/\" \/>\n<meta property=\"og:site_name\" content=\"Heldenhaushalt\" \/>\n<meta property=\"article:published_time\" content=\"2021-06-04T08:53:01+00:00\" \/>\n<meta property=\"og:image\" content=\"https:\/\/www.heldenhaushalt.de\/sari02\/wp-content\/uploads\/2021\/06\/23-06.jpg\" \/>\n\t<meta property=\"og:image:width\" content=\"1000\" \/>\n\t<meta property=\"og:image:height\" content=\"706\" \/>\n\t<meta property=\"og:image:type\" content=\"image\/jpeg\" \/>\n<meta name=\"author\" content=\"Sari\" \/>\n<meta name=\"twitter:card\" content=\"summary_large_image\" \/>\n<meta name=\"twitter:creator\" content=\"@Heldenhaushalt\" \/>\n<meta name=\"twitter:site\" content=\"@Heldenhaushalt\" \/>\n<meta name=\"twitter:label1\" content=\"Verfasst von\" \/>\n\t<meta name=\"twitter:data1\" content=\"Sari\" \/>\n\t<meta name=\"twitter:label2\" content=\"Gesch\u00e4tzte Lesezeit\" \/>\n\t<meta name=\"twitter:data2\" content=\"5\u00a0Minuten\" \/>\n<script type=\"application\/ld+json\" class=\"yoast-schema-graph\">{\"@context\":\"https:\\\/\\\/schema.org\",\"@graph\":[{\"@type\":\"Article\",\"@id\":\"https:\\\/\\\/www.heldenhaushalt.de\\\/sari02\\\/index.php\\\/2021\\\/06\\\/04\\\/unsere-wochenlieblinge-232021\\\/#article\",\"isPartOf\":{\"@id\":\"https:\\\/\\\/www.heldenhaushalt.de\\\/sari02\\\/index.php\\\/2021\\\/06\\\/04\\\/unsere-wochenlieblinge-232021\\\/\"},\"author\":{\"name\":\"Sari\",\"@id\":\"https:\\\/\\\/www.heldenhaushalt.de\\\/sari02\\\/#\\\/schema\\\/person\\\/a1cc69f42a01f412eb62c151353814f6\"},\"headline\":\"Unsere Wochenlieblinge 23\\\/2021 &#8211; Sommer, Sonne, Pollen und Migr&#228;ne&#8230;\",\"datePublished\":\"2021-06-04T08:53:01+00:00\",\"mainEntityOfPage\":{\"@id\":\"https:\\\/\\\/www.heldenhaushalt.de\\\/sari02\\\/index.php\\\/2021\\\/06\\\/04\\\/unsere-wochenlieblinge-232021\\\/\"},\"wordCount\":835,\"commentCount\":0,\"publisher\":{\"@id\":\"https:\\\/\\\/www.heldenhaushalt.de\\\/sari02\\\/#\\\/schema\\\/person\\\/a1cc69f42a01f412eb62c151353814f6\"},\"image\":{\"@id\":\"https:\\\/\\\/www.heldenhaushalt.de\\\/sari02\\\/index.php\\\/2021\\\/06\\\/04\\\/unsere-wochenlieblinge-232021\\\/#primaryimage\"},\"thumbnailUrl\":\"https:\\\/\\\/www.heldenhaushalt.de\\\/sari02\\\/wp-content\\\/uploads\\\/2021\\\/06\\\/23-06.jpg\",\"keywords\":[\"#Freitags5\",\"#Freitagslieblinge\",\"Allt\u00e4glich\",\"Corona\",\"Familie\",\"Gl\u00fccksmomente\",\"Impfung\",\"Kinder\",\"Leben mit Corona\",\"Schule\",\"Wetter\",\"Woche\",\"Wochenlieblinge\"],\"articleSection\":[\"Alltagschaos\",\"Blogsph\u00e4re\"],\"inLanguage\":\"de\",\"potentialAction\":[{\"@type\":\"CommentAction\",\"name\":\"Comment\",\"target\":[\"https:\\\/\\\/www.heldenhaushalt.de\\\/sari02\\\/index.php\\\/2021\\\/06\\\/04\\\/unsere-wochenlieblinge-232021\\\/#respond\"]}]},{\"@type\":\"WebPage\",\"@id\":\"https:\\\/\\\/www.heldenhaushalt.de\\\/sari02\\\/index.php\\\/2021\\\/06\\\/04\\\/unsere-wochenlieblinge-232021\\\/\",\"url\":\"https:\\\/\\\/www.heldenhaushalt.de\\\/sari02\\\/index.php\\\/2021\\\/06\\\/04\\\/unsere-wochenlieblinge-232021\\\/\",\"name\":\"Unsere Wochenlieblinge 23\\\/2021 - Sommer, Sonne, Pollen und Migr\u00e4ne...\",\"isPartOf\":{\"@id\":\"https:\\\/\\\/www.heldenhaushalt.de\\\/sari02\\\/#website\"},\"primaryImageOfPage\":{\"@id\":\"https:\\\/\\\/www.heldenhaushalt.de\\\/sari02\\\/index.php\\\/2021\\\/06\\\/04\\\/unsere-wochenlieblinge-232021\\\/#primaryimage\"},\"image\":{\"@id\":\"https:\\\/\\\/www.heldenhaushalt.de\\\/sari02\\\/index.php\\\/2021\\\/06\\\/04\\\/unsere-wochenlieblinge-232021\\\/#primaryimage\"},\"thumbnailUrl\":\"https:\\\/\\\/www.heldenhaushalt.de\\\/sari02\\\/wp-content\\\/uploads\\\/2021\\\/06\\\/23-06.jpg\",\"datePublished\":\"2021-06-04T08:53:01+00:00\",\"description\":\"Unsere Wochenlieblinge sind dieses Mal recht ruhig, aber auch sonnig, teilweise etwas gehetzt *lach*. Eigentlich wollte ich viel mehr ...\",\"breadcrumb\":{\"@id\":\"https:\\\/\\\/www.heldenhaushalt.de\\\/sari02\\\/index.php\\\/2021\\\/06\\\/04\\\/unsere-wochenlieblinge-232021\\\/#breadcrumb\"},\"inLanguage\":\"de\",\"potentialAction\":[{\"@type\":\"ReadAction\",\"target\":[\"https:\\\/\\\/www.heldenhaushalt.de\\\/sari02\\\/index.php\\\/2021\\\/06\\\/04\\\/unsere-wochenlieblinge-232021\\\/\"]}]},{\"@type\":\"ImageObject\",\"inLanguage\":\"de\",\"@id\":\"https:\\\/\\\/www.heldenhaushalt.de\\\/sari02\\\/index.php\\\/2021\\\/06\\\/04\\\/unsere-wochenlieblinge-232021\\\/#primaryimage\",\"url\":\"https:\\\/\\\/www.heldenhaushalt.de\\\/sari02\\\/wp-content\\\/uploads\\\/2021\\\/06\\\/23-06.jpg\",\"contentUrl\":\"https:\\\/\\\/www.heldenhaushalt.de\\\/sari02\\\/wp-content\\\/uploads\\\/2021\\\/06\\\/23-06.jpg\",\"width\":1000,\"height\":706,\"caption\":\"Wochenlieblinge\"},{\"@type\":\"BreadcrumbList\",\"@id\":\"https:\\\/\\\/www.heldenhaushalt.de\\\/sari02\\\/index.php\\\/2021\\\/06\\\/04\\\/unsere-wochenlieblinge-232021\\\/#breadcrumb\",\"itemListElement\":[{\"@type\":\"ListItem\",\"position\":1,\"name\":\"Startseite\",\"item\":\"https:\\\/\\\/www.heldenhaushalt.de\\\/sari02\\\/\"},{\"@type\":\"ListItem\",\"position\":2,\"name\":\"Unsere Wochenlieblinge 23\\\/2021 &#8211; Sommer, Sonne, Pollen und Migr&#228;ne&#8230;\"}]},{\"@type\":\"WebSite\",\"@id\":\"https:\\\/\\\/www.heldenhaushalt.de\\\/sari02\\\/#website\",\"url\":\"https:\\\/\\\/www.heldenhaushalt.de\\\/sari02\\\/\",\"name\":\"Heldenhaushalt\",\"description\":\"Wer es ordentlich haben will, der muss vorher anrufen\",\"publisher\":{\"@id\":\"https:\\\/\\\/www.heldenhaushalt.de\\\/sari02\\\/#\\\/schema\\\/person\\\/a1cc69f42a01f412eb62c151353814f6\"},\"potentialAction\":[{\"@type\":\"SearchAction\",\"target\":{\"@type\":\"EntryPoint\",\"urlTemplate\":\"https:\\\/\\\/www.heldenhaushalt.de\\\/sari02\\\/?s={search_term_string}\"},\"query-input\":{\"@type\":\"PropertyValueSpecification\",\"valueRequired\":true,\"valueName\":\"search_term_string\"}}],\"inLanguage\":\"de\"},{\"@type\":[\"Person\",\"Organization\"],\"@id\":\"https:\\\/\\\/www.heldenhaushalt.de\\\/sari02\\\/#\\\/schema\\\/person\\\/a1cc69f42a01f412eb62c151353814f6\",\"name\":\"Sari\",\"image\":{\"@type\":\"ImageObject\",\"inLanguage\":\"de\",\"@id\":\"https:\\\/\\\/www.heldenhaushalt.de\\\/sari02\\\/wp-content\\\/uploads\\\/2019\\\/02\\\/sari-april2018.png\",\"url\":\"https:\\\/\\\/www.heldenhaushalt.de\\\/sari02\\\/wp-content\\\/uploads\\\/2019\\\/02\\\/sari-april2018.png\",\"contentUrl\":\"https:\\\/\\\/www.heldenhaushalt.de\\\/sari02\\\/wp-content\\\/uploads\\\/2019\\\/02\\\/sari-april2018.png\",\"width\":500,\"height\":500,\"caption\":\"Sari\"},\"logo\":{\"@id\":\"https:\\\/\\\/www.heldenhaushalt.de\\\/sari02\\\/wp-content\\\/uploads\\\/2019\\\/02\\\/sari-april2018.png\"},\"description\":\"Frau Mondgras \u2013 Das bin ich, Sari. Gerne auch als Sari Mondgras bekannt und im Internet zu finden. 2-Fach-Mutter, Heldenehefrau, Kreativling, Harmonies\u00fcchtig und st\u00e4ndig auf der Suche nach Gl\u00fcck. Ich komme aus Berlin, bin hier aufgewachsen und lebe hier seit ich denken kann.\",\"sameAs\":[\"https:\\\/\\\/www.instagram.com\\\/heldenhaushalt\\\/\"],\"url\":\"https:\\\/\\\/www.heldenhaushalt.de\\\/sari02\\\/index.php\\\/author\\\/admin\\\/\"}]}<\/script>\n<!-- \/ Yoast SEO plugin. -->","yoast_head_json":{"title":"Unsere Wochenlieblinge 23\/2021 - Sommer, Sonne, Pollen und Migr\u00e4ne...","description":"Unsere Wochenlieblinge sind dieses Mal recht ruhig, aber auch sonnig, teilweise etwas gehetzt *lach*. Eigentlich wollte ich viel mehr ...","robots":{"index":"index","follow":"follow","max-snippet":"max-snippet:-1","max-image-preview":"max-image-preview:large","max-video-preview":"max-video-preview:-1"},"canonical":"https:\/\/www.heldenhaushalt.de\/sari02\/index.php\/2021\/06\/04\/unsere-wochenlieblinge-232021\/","og_locale":"de_DE","og_type":"article","og_title":"Unsere Wochenlieblinge 23\/2021 - Sommer, Sonne, Pollen und Migr\u00e4ne...","og_description":"Unsere Wochenlieblinge sind dieses Mal recht ruhig, aber auch sonnig, teilweise etwas gehetzt *lach*. Eigentlich wollte ich viel mehr ...","og_url":"https:\/\/www.heldenhaushalt.de\/sari02\/index.php\/2021\/06\/04\/unsere-wochenlieblinge-232021\/","og_site_name":"Heldenhaushalt","article_published_time":"2021-06-04T08:53:01+00:00","og_image":[{"width":1000,"height":706,"url":"https:\/\/www.heldenhaushalt.de\/sari02\/wp-content\/uploads\/2021\/06\/23-06.jpg","type":"image\/jpeg"}],"author":"Sari","twitter_card":"summary_large_image","twitter_creator":"@Heldenhaushalt","twitter_site":"@Heldenhaushalt","twitter_misc":{"Verfasst von":"Sari","Gesch\u00e4tzte Lesezeit":"5\u00a0Minuten"},"schema":{"@context":"https:\/\/schema.org","@graph":[{"@type":"Article","@id":"https:\/\/www.heldenhaushalt.de\/sari02\/index.php\/2021\/06\/04\/unsere-wochenlieblinge-232021\/#article","isPartOf":{"@id":"https:\/\/www.heldenhaushalt.de\/sari02\/index.php\/2021\/06\/04\/unsere-wochenlieblinge-232021\/"},"author":{"name":"Sari","@id":"https:\/\/www.heldenhaushalt.de\/sari02\/#\/schema\/person\/a1cc69f42a01f412eb62c151353814f6"},"headline":"Unsere Wochenlieblinge 23\/2021 &#8211; Sommer, Sonne, Pollen und Migr&#228;ne&#8230;","datePublished":"2021-06-04T08:53:01+00:00","mainEntityOfPage":{"@id":"https:\/\/www.heldenhaushalt.de\/sari02\/index.php\/2021\/06\/04\/unsere-wochenlieblinge-232021\/"},"wordCount":835,"commentCount":0,"publisher":{"@id":"https:\/\/www.heldenhaushalt.de\/sari02\/#\/schema\/person\/a1cc69f42a01f412eb62c151353814f6"},"image":{"@id":"https:\/\/www.heldenhaushalt.de\/sari02\/index.php\/2021\/06\/04\/unsere-wochenlieblinge-232021\/#primaryimage"},"thumbnailUrl":"https:\/\/www.heldenhaushalt.de\/sari02\/wp-content\/uploads\/2021\/06\/23-06.jpg","keywords":["#Freitags5","#Freitagslieblinge","Allt\u00e4glich","Corona","Familie","Gl\u00fccksmomente","Impfung","Kinder","Leben mit Corona","Schule","Wetter","Woche","Wochenlieblinge"],"articleSection":["Alltagschaos","Blogsph\u00e4re"],"inLanguage":"de","potentialAction":[{"@type":"CommentAction","name":"Comment","target":["https:\/\/www.heldenhaushalt.de\/sari02\/index.php\/2021\/06\/04\/unsere-wochenlieblinge-232021\/#respond"]}]},{"@type":"WebPage","@id":"https:\/\/www.heldenhaushalt.de\/sari02\/index.php\/2021\/06\/04\/unsere-wochenlieblinge-232021\/","url":"https:\/\/www.heldenhaushalt.de\/sari02\/index.php\/2021\/06\/04\/unsere-wochenlieblinge-232021\/","name":"Unsere Wochenlieblinge 23\/2021 - Sommer, Sonne, Pollen und Migr\u00e4ne...","isPartOf":{"@id":"https:\/\/www.heldenhaushalt.de\/sari02\/#website"},"primaryImageOfPage":{"@id":"https:\/\/www.heldenhaushalt.de\/sari02\/index.php\/2021\/06\/04\/unsere-wochenlieblinge-232021\/#primaryimage"},"image":{"@id":"https:\/\/www.heldenhaushalt.de\/sari02\/index.php\/2021\/06\/04\/unsere-wochenlieblinge-232021\/#primaryimage"},"thumbnailUrl":"https:\/\/www.heldenhaushalt.de\/sari02\/wp-content\/uploads\/2021\/06\/23-06.jpg","datePublished":"2021-06-04T08:53:01+00:00","description":"Unsere Wochenlieblinge sind dieses Mal recht ruhig, aber auch sonnig, teilweise etwas gehetzt *lach*. Eigentlich wollte ich viel mehr ...","breadcrumb":{"@id":"https:\/\/www.heldenhaushalt.de\/sari02\/index.php\/2021\/06\/04\/unsere-wochenlieblinge-232021\/#breadcrumb"},"inLanguage":"de","potentialAction":[{"@type":"ReadAction","target":["https:\/\/www.heldenhaushalt.de\/sari02\/index.php\/2021\/06\/04\/unsere-wochenlieblinge-232021\/"]}]},{"@type":"ImageObject","inLanguage":"de","@id":"https:\/\/www.heldenhaushalt.de\/sari02\/index.php\/2021\/06\/04\/unsere-wochenlieblinge-232021\/#primaryimage","url":"https:\/\/www.heldenhaushalt.de\/sari02\/wp-content\/uploads\/2021\/06\/23-06.jpg","contentUrl":"https:\/\/www.heldenhaushalt.de\/sari02\/wp-content\/uploads\/2021\/06\/23-06.jpg","width":1000,"height":706,"caption":"Wochenlieblinge"},{"@type":"BreadcrumbList","@id":"https:\/\/www.heldenhaushalt.de\/sari02\/index.php\/2021\/06\/04\/unsere-wochenlieblinge-232021\/#breadcrumb","itemListElement":[{"@type":"ListItem","position":1,"name":"Startseite","item":"https:\/\/www.heldenhaushalt.de\/sari02\/"},{"@type":"ListItem","position":2,"name":"Unsere Wochenlieblinge 23\/2021 &#8211; Sommer, Sonne, Pollen und Migr&#228;ne&#8230;"}]},{"@type":"WebSite","@id":"https:\/\/www.heldenhaushalt.de\/sari02\/#website","url":"https:\/\/www.heldenhaushalt.de\/sari02\/","name":"Heldenhaushalt","description":"Wer es ordentlich haben will, der muss vorher anrufen","publisher":{"@id":"https:\/\/www.heldenhaushalt.de\/sari02\/#\/schema\/person\/a1cc69f42a01f412eb62c151353814f6"},"potentialAction":[{"@type":"SearchAction","target":{"@type":"EntryPoint","urlTemplate":"https:\/\/www.heldenhaushalt.de\/sari02\/?s={search_term_string}"},"query-input":{"@type":"PropertyValueSpecification","valueRequired":true,"valueName":"search_term_string"}}],"inLanguage":"de"},{"@type":["Person","Organization"],"@id":"https:\/\/www.heldenhaushalt.de\/sari02\/#\/schema\/person\/a1cc69f42a01f412eb62c151353814f6","name":"Sari","image":{"@type":"ImageObject","inLanguage":"de","@id":"https:\/\/www.heldenhaushalt.de\/sari02\/wp-content\/uploads\/2019\/02\/sari-april2018.png","url":"https:\/\/www.heldenhaushalt.de\/sari02\/wp-content\/uploads\/2019\/02\/sari-april2018.png","contentUrl":"https:\/\/www.heldenhaushalt.de\/sari02\/wp-content\/uploads\/2019\/02\/sari-april2018.png","width":500,"height":500,"caption":"Sari"},"logo":{"@id":"https:\/\/www.heldenhaushalt.de\/sari02\/wp-content\/uploads\/2019\/02\/sari-april2018.png"},"description":"Frau Mondgras \u2013 Das bin ich, Sari. Gerne auch als Sari Mondgras bekannt und im Internet zu finden. 2-Fach-Mutter, Heldenehefrau, Kreativling, Harmonies\u00fcchtig und st\u00e4ndig auf der Suche nach Gl\u00fcck. Ich komme aus Berlin, bin hier aufgewachsen und lebe hier seit ich denken kann.","sameAs":["https:\/\/www.instagram.com\/heldenhaushalt\/"],"url":"https:\/\/www.heldenhaushalt.de\/sari02\/index.php\/author\/admin\/"}]}},"views":1667,"_links":{"self":[{"href":"https:\/\/www.heldenhaushalt.de\/sari02\/index.php\/wp-json\/wp\/v2\/posts\/52590","targetHints":{"allow":["GET"]}}],"collection":[{"href":"https:\/\/www.heldenhaushalt.de\/sari02\/index.php\/wp-json\/wp\/v2\/posts"}],"about":[{"href":"https:\/\/www.heldenhaushalt.de\/sari02\/index.php\/wp-json\/wp\/v2\/types\/post"}],"author":[{"embeddable":true,"href":"https:\/\/www.heldenhaushalt.de\/sari02\/index.php\/wp-json\/wp\/v2\/users\/1"}],"replies":[{"embeddable":true,"href":"https:\/\/www.heldenhaushalt.de\/sari02\/index.php\/wp-json\/wp\/v2\/comments?post=52590"}],"version-history":[{"count":3,"href":"https:\/\/www.heldenhaushalt.de\/sari02\/index.php\/wp-json\/wp\/v2\/posts\/52590\/revisions"}],"predecessor-version":[{"id":52602,"href":"https:\/\/www.heldenhaushalt.de\/sari02\/index.php\/wp-json\/wp\/v2\/posts\/52590\/revisions\/52602"}],"wp:featuredmedia":[{"embeddable":true,"href":"https:\/\/www.heldenhaushalt.de\/sari02\/index.php\/wp-json\/wp\/v2\/media\/52594"}],"wp:attachment":[{"href":"https:\/\/www.heldenhaushalt.de\/sari02\/index.php\/wp-json\/wp\/v2\/media?parent=52590"}],"wp:term":[{"taxonomy":"category","embeddable":true,"href":"https:\/\/www.heldenhaushalt.de\/sari02\/index.php\/wp-json\/wp\/v2\/categories?post=52590"},{"taxonomy":"post_tag","embeddable":true,"href":"https:\/\/www.heldenhaushalt.de\/sari02\/index.php\/wp-json\/wp\/v2\/tags?post=52590"}],"curies":[{"name":"wp","href":"https:\/\/api.w.org\/{rel}","templated":true}]}}