{"id":52647,"date":"2021-06-11T10:54:51","date_gmt":"2021-06-11T08:54:51","guid":{"rendered":"https:\/\/www.heldenhaushalt.de\/sari02\/?p=52647"},"modified":"2021-06-11T10:54:51","modified_gmt":"2021-06-11T08:54:51","slug":"unsere-wochenlieblinge-242021","status":"publish","type":"post","link":"https:\/\/www.heldenhaushalt.de\/sari02\/index.php\/2021\/06\/11\/unsere-wochenlieblinge-242021\/","title":{"rendered":"Unsere Wochenlieblinge 24\/2021 &#8211; Endlich wieder frisch auf dem Kopf"},"content":{"rendered":"<p style=\"text-align: right;\"><small>Enth&#228;lt (unbezahlte) Werbung*<\/small><\/p>\n<p>Diese Woche hat mich die Pollenallergie nun endg&#252;ltig erwischt. Von Tag zu Tag wurde es schlimmer und zum Ende der Woche hin laufe ich nun vor allem mit roter Nase, tr&#228;nenden Augen und einer Niesattacke nach der anderen durch die Gegend. Der Sohn ulkte schon, dass ich mir ein Schild mit der Aufschrift &#8220;Nur meine Pollenallergie&#8221; um den Hals h&#228;ngen sollte, damit die Menschen um mich herum nicht die ganze Zeit Angst haben, dass ich Corona wild durch die Luft verteile. Kinder&#8230;hachja&#8230; aber Recht hat er ja irgendwie. Es ist auf jeden Fall nicht lustig. Man kann es nicht unbedingt genie&#223;en derzeit an der frischen Luft zu sein.<\/p>\n<p>Die Dame von der Pflegestelle unserer Katzen schickte uns Fotos von Baby-Katzen diese Woche. Eine kleine wei&#223;e Dame dort ist Mama geworden und wir wollten unbedingt von ihr Bescheid bekommen, wenn die Babys da sind. Soooo s&#252;&#223;. Man k&#246;nnte glatt nochmal schwach werden. Aber wir sind mit Felis und Frida auch sehr gl&#252;cklich hier im Heldenhaushalt, denn sie bescheren uns immer wieder sch&#246;ne kleine Momente, die man durchaus als Wochenlieblinge bezeichnen k&#246;nnte. Und was war sonst so los diese Woche?<\/p>\n<h2>Unsere Wochenlieblinge in dieser Woche\u2026<\/h2>\n<p>F&#252;r diese Woche hatte ich mir fest vorgenommen im Garten etwas zu machen. Im Nachgang war das wohl eine ziemlich bl&#246;de Idee, weil ich im Anschluss eine ziemlich heftige Pollen-Reaktion hatte (weil ich unter anderem auf Gr&#228;ser reagiere), aber zumindest sieht der Vorgarten nun wieder etwas ansehnlicher aus.<\/p>\n<p><img loading=\"lazy\" decoding=\"async\" class=\"alignnone size-full wp-image-52648\" src=\"https:\/\/www.heldenhaushalt.de\/sari02\/wp-content\/uploads\/2021\/06\/24-01.jpg\" alt=\"Wochenlieblinge\" width=\"1000\" height=\"739\" srcset=\"https:\/\/www.heldenhaushalt.de\/sari02\/wp-content\/uploads\/2021\/06\/24-01.jpg 1000w, https:\/\/www.heldenhaushalt.de\/sari02\/wp-content\/uploads\/2021\/06\/24-01-300x222.jpg 300w, https:\/\/www.heldenhaushalt.de\/sari02\/wp-content\/uploads\/2021\/06\/24-01-768x568.jpg 768w\" sizes=\"auto, (max-width: 1000px) 100vw, 1000px\" \/><\/p>\n<p>Manchmal finde ich es ja echt sch&#246;n im Garten zu arbeiten und zu sehen, wie alles bl&#252;ht und w&#228;chst, aber die meiste Zeit <a href=\"https:\/\/www.heldenhaushalt.de\/sari02\/index.php\/2021\/06\/11\/der-garten-und-ich-eine-hassliebe\/\">macht es mir nicht so den Spa&#223;<\/a>, einfach, weil die Zeit daf&#252;r fehlt. Wenn sie mal da ist, will man sie eigentlich genie&#223;en und nicht noch im Garten werkeln m&#252;ssen. Tut man es aber nicht, wuchert er unkontrolliert vor sich hin. Nun gut, wenigstens vorne sieht es schon mal wieder ganz gut aus. Am Ende hatte ich etwas Hilfe vom kleinen Sohn.<\/p>\n<p><img loading=\"lazy\" decoding=\"async\" class=\"alignnone size-full wp-image-52649\" src=\"https:\/\/www.heldenhaushalt.de\/sari02\/wp-content\/uploads\/2021\/06\/24-02.jpg\" alt=\"Wochenlieblinge\" width=\"1000\" height=\"735\" srcset=\"https:\/\/www.heldenhaushalt.de\/sari02\/wp-content\/uploads\/2021\/06\/24-02.jpg 1000w, https:\/\/www.heldenhaushalt.de\/sari02\/wp-content\/uploads\/2021\/06\/24-02-300x221.jpg 300w, https:\/\/www.heldenhaushalt.de\/sari02\/wp-content\/uploads\/2021\/06\/24-02-768x564.jpg 768w\" sizes=\"auto, (max-width: 1000px) 100vw, 1000px\" \/><\/p>\n<p>Der s&#228;te an einer Stelle im Garten verschiedene Sommerblumen aus. Wir sind gespannt, was da wachsen wird, aber es ist wohl eine Mischung aus Ranken und Pflanzen, die diese st&#252;tzen sollen, so dass eine Art nat&#252;rliche &#8220;Hecke&#8221; entstehen soll. Lassen wir uns &#252;berraschen.<\/p>\n<p><img loading=\"lazy\" decoding=\"async\" class=\"alignnone size-full wp-image-52651\" src=\"https:\/\/www.heldenhaushalt.de\/sari02\/wp-content\/uploads\/2021\/06\/24-04.jpg\" alt=\"Wochenlieblinge\" width=\"1000\" height=\"678\" srcset=\"https:\/\/www.heldenhaushalt.de\/sari02\/wp-content\/uploads\/2021\/06\/24-04.jpg 1000w, https:\/\/www.heldenhaushalt.de\/sari02\/wp-content\/uploads\/2021\/06\/24-04-300x203.jpg 300w, https:\/\/www.heldenhaushalt.de\/sari02\/wp-content\/uploads\/2021\/06\/24-04-768x521.jpg 768w\" sizes=\"auto, (max-width: 1000px) 100vw, 1000px\" \/><\/p>\n<p>Diese Woche fiel auch ziemlich oft mein Blick auf meine Kinder und das ungute Gef&#252;hl von &#8220;die sind schon wieder ganz sch&#246;n gewachsen&#8221; breitete sich in mir aus. Sie wirken beide auf einmal so viel gr&#246;&#223;er. Nur ganz selten haben sie noch etwas von meinen kleinen Babys. Hachja&#8230; da sich kurzfristig nun auch nochmal Dank Schul&#246;ffnung der Schulfotograf beim gro&#223;en angek&#252;ndigt hatte, mussten wir die Haare nochmal herrichten und er sah direkt nochmal ein zwei Jahre &#228;lter aus. Kann das bitte mal jemand aufhalten?<\/p>\n<p><img loading=\"lazy\" decoding=\"async\" class=\"alignnone size-full wp-image-52652\" src=\"https:\/\/www.heldenhaushalt.de\/sari02\/wp-content\/uploads\/2021\/06\/24-05.jpg\" alt=\"Pollenallergie\" width=\"1000\" height=\"705\" srcset=\"https:\/\/www.heldenhaushalt.de\/sari02\/wp-content\/uploads\/2021\/06\/24-05.jpg 1000w, https:\/\/www.heldenhaushalt.de\/sari02\/wp-content\/uploads\/2021\/06\/24-05-300x212.jpg 300w, https:\/\/www.heldenhaushalt.de\/sari02\/wp-content\/uploads\/2021\/06\/24-05-768x541.jpg 768w\" sizes=\"auto, (max-width: 1000px) 100vw, 1000px\" \/><\/p>\n<p>Dank sch&#246;nem Wetter und besagter Schul&#246;ffnung bin ich nun aber auch wieder t&#228;glich mit dem Rad unterwegs. Wir haben eine neue Route gefunden, die weniger Stra&#223;en und daf&#252;r mehr Natur beinhaltet. Das ist jeden Morgen ein wirklich sch&#246;ner Anblick, l&#228;sst mich aber derzeit auch ganz sch&#246;n k&#228;mpfen. Wieso erw&#228;hnte ich ja oben schon.&nbsp;<\/p>\n<p><img loading=\"lazy\" decoding=\"async\" class=\"alignnone size-full wp-image-52653\" src=\"https:\/\/www.heldenhaushalt.de\/sari02\/wp-content\/uploads\/2021\/06\/24-06.jpg\" alt=\"Natur\" width=\"1000\" height=\"703\" srcset=\"https:\/\/www.heldenhaushalt.de\/sari02\/wp-content\/uploads\/2021\/06\/24-06.jpg 1000w, https:\/\/www.heldenhaushalt.de\/sari02\/wp-content\/uploads\/2021\/06\/24-06-300x211.jpg 300w, https:\/\/www.heldenhaushalt.de\/sari02\/wp-content\/uploads\/2021\/06\/24-06-768x540.jpg 768w\" sizes=\"auto, (max-width: 1000px) 100vw, 1000px\" \/><\/p>\n<p>Das sind t&#228;glich f&#252;r mich 20 Kilometer Radfahren mit gef&#252;hlt 200 Niesattacken, aber auch das wird wieder besser werden und wenn dem so ist, dann werde ich auch wieder &#246;fter laufen gehen. Ich bef&#252;rchte allerdings, dass das aktuell wohl eher kontraproduktiv w&#228;re.&nbsp;<\/p>\n<p><img loading=\"lazy\" decoding=\"async\" class=\"alignnone size-full wp-image-52654\" src=\"https:\/\/www.heldenhaushalt.de\/sari02\/wp-content\/uploads\/2021\/06\/24-07.jpg\" alt=\"Haare\" width=\"1000\" height=\"734\" srcset=\"https:\/\/www.heldenhaushalt.de\/sari02\/wp-content\/uploads\/2021\/06\/24-07.jpg 1000w, https:\/\/www.heldenhaushalt.de\/sari02\/wp-content\/uploads\/2021\/06\/24-07-300x220.jpg 300w, https:\/\/www.heldenhaushalt.de\/sari02\/wp-content\/uploads\/2021\/06\/24-07-768x564.jpg 768w\" sizes=\"auto, (max-width: 1000px) 100vw, 1000px\" \/>&nbsp;<\/p>\n<p>Achja und ich habe die Haare wieder sch&#246;n. Nach einem Jahr. Wir arbeiteten uns St&#252;ck f&#252;r St&#252;ck vor, weil wir erst &#252;berlegt hatten die L&#228;nge, die ich inzwischen hatte, zu erhalten. Mit der Zeit teigte sich aber, dass die Frisur dann ganz sch&#246;n altbacken aussehen w&#252;rde und so wurde sie k&#252;rzer und k&#252;rzer und nun bin ich doch wieder beim Bob angekommen. In leichter Variante. Immerhin ist alles Kaputte nun wieder raus und die Haare sehen wieder ges&#252;nder aus. Als n&#228;chstes &#252;berlegen wir, ob wir eventuell Farbe rausziehen und die Haare so f&#228;rben, dass ich meinen grauen Balken oben auf dem Kopf einfach raus wachsen lassen kann. Na mal sehen, was uns da so einf&#228;llt&#8230;<\/p>\n<h2>Unsere Lieblinge aus der Blogsph&#228;re!<\/h2>\n<p><img loading=\"lazy\" decoding=\"async\" class=\"alignnone size-full wp-image-52655\" src=\"https:\/\/www.heldenhaushalt.de\/sari02\/wp-content\/uploads\/2021\/06\/24-08.jpg\" alt=\"Wochenlieblinge\" width=\"1000\" height=\"686\" srcset=\"https:\/\/www.heldenhaushalt.de\/sari02\/wp-content\/uploads\/2021\/06\/24-08.jpg 1000w, https:\/\/www.heldenhaushalt.de\/sari02\/wp-content\/uploads\/2021\/06\/24-08-300x206.jpg 300w, https:\/\/www.heldenhaushalt.de\/sari02\/wp-content\/uploads\/2021\/06\/24-08-768x527.jpg 768w\" sizes=\"auto, (max-width: 1000px) 100vw, 1000px\" \/><\/p>\n<p>Kreativit&#228;t l&#228;sst gr&#252;&#223;en. Auch in der Blogsph&#228;re. Zeit f&#252;r die Wochenlieblinge, die ich bei euch so gefunden habe: <a href=\"https:\/\/www.fitundgluecklich.net\/2021\/06\/09\/sommer-fit-walk-the-walk-workout\/\" target=\"_blank\" rel=\"noopener\">Sommer Fit Workout<\/a> &#8211; <a href=\"https:\/\/mamaskind.de\/basteln-mit-kind\/anleitung-steckenpferd-aus-schwimmnudel\/\" target=\"_blank\" rel=\"noopener\">Steckenpferd aus Schwimmnudel<\/a> &#8211; <a href=\"https:\/\/www.sabine-seyffert.de\/blog\/?p=20152\" target=\"_blank\" rel=\"noopener\">Hahn aus Handabdr&#252;cken<\/a> &#8211; S<a href=\"https:\/\/www.tollabea.de\/sommerlicher-blumenstrauss-basteln-mit-luftpolsterfolie\/\" target=\"_blank\" rel=\"noopener\">ommerlicher Blumenstrau&#223; aus Luftpolster-Folie<\/a>.<\/p>\n<p>Und damit verabschiede ich mich ins Wochenende. Bei uns wird es voll und aufregend, aber der Sonntag daf&#252;r etwas gechillter. Und bei euch?<\/p>\n<p><strong>Was waren eure Wochenlieblinge der Woche?<\/strong><\/p>\n<p><small>*<strong>Anmerkung:<\/strong>&nbsp;Der Artikel &#252;ber unsere Wochenlieblinge enth&#228;lt evtl. Bilder mit Produkten, die wir in unserem Alltag nutzen oder Linkempfehlungen. Wir haben keine Bezahlung f&#252;r das Zeigen oder Nutzen derselbigen erhalten. Affiliate Links sind als solche markiert.<\/small><\/p>\n","protected":false},"excerpt":{"rendered":"<p>Enth&#228;lt (unbezahlte) Werbung* Diese Woche hat mich die Pollenallergie nun endg&#252;ltig erwischt. Von Tag zu Tag wurde es schlimmer und zum Ende der Woche hin laufe ich nun vor allem mit roter Nase, tr&#228;nenden Augen und einer Niesattacke nach der anderen durch die Gegend. Der Sohn ulkte schon, dass ich mir ein Schild mit der Aufschrift &#8220;Nur meine Pollenallergie&#8221; um den Hals h&#228;ngen sollte, damit die Menschen um mich herum nicht die ganze Zeit Angst haben, dass ich Corona wild durch die Luft verteile. Kinder&#8230;hachja&#8230; aber Recht hat er ja irgendwie. Es ist auf jeden Fall nicht lustig. Man kann es nicht unbedingt genie&#223;en derzeit an der frischen Luft zu sein. Die Dame von der Pflegestelle unserer Katzen schickte uns Fotos von Baby-Katzen diese Woche. Eine kleine wei&#223;e Dame dort ist Mama geworden und wir wollten unbedingt von ihr Bescheid bekommen, wenn die Babys da sind. Soooo s&#252;&#223;. Man k&#246;nnte glatt nochmal schwach werden. Aber wir sind mit Felis und Frida auch sehr gl&#252;cklich hier im Heldenhaushalt, denn sie bescheren uns immer wieder sch&#246;ne kleine Momente, die man durchaus als Wochenlieblinge bezeichnen k&#246;nnte. Und was war sonst so los diese Woche? Unsere Wochenlieblinge in dieser Woche\u2026 F&#252;r diese Woche hatte ich mir fest vorgenommen im Garten etwas zu machen. Im Nachgang war das wohl eine ziemlich bl&#246;de Idee, weil ich im Anschluss eine ziemlich heftige Pollen-Reaktion hatte (weil ich unter anderem auf Gr&#228;ser reagiere), aber zumindest sieht der Vorgarten nun wieder etwas ansehnlicher aus. Manchmal finde ich es ja echt sch&#246;n im Garten zu arbeiten und zu sehen, wie alles bl&#252;ht und w&#228;chst, aber die meiste Zeit macht es mir nicht so den Spa&#223;, einfach, weil die Zeit daf&#252;r fehlt. Wenn sie mal da ist, will man sie eigentlich genie&#223;en und nicht noch im Garten werkeln m&#252;ssen. Tut man es aber nicht, wuchert er unkontrolliert vor sich hin. Nun gut, wenigstens vorne sieht es schon mal wieder ganz gut aus. Am Ende hatte ich etwas Hilfe vom kleinen Sohn. Der s&#228;te an einer Stelle im Garten verschiedene Sommerblumen aus. Wir sind gespannt, was da wachsen wird, aber es ist wohl eine Mischung aus Ranken und Pflanzen, die diese st&#252;tzen sollen, so dass eine Art nat&#252;rliche &#8220;Hecke&#8221; entstehen soll. Lassen wir uns &#252;berraschen. Diese Woche fiel auch ziemlich oft mein Blick auf meine Kinder und das ungute Gef&#252;hl von &#8220;die sind schon wieder ganz sch&#246;n gewachsen&#8221; breitete sich in mir aus. Sie wirken beide auf einmal so viel gr&#246;&#223;er. Nur ganz selten haben sie noch etwas von meinen kleinen Babys. Hachja&#8230; da sich kurzfristig nun auch nochmal Dank Schul&#246;ffnung der Schulfotograf beim gro&#223;en angek&#252;ndigt hatte, mussten wir die Haare nochmal herrichten und er sah direkt nochmal ein zwei Jahre &#228;lter aus. Kann das bitte mal jemand aufhalten? Dank sch&#246;nem Wetter und besagter Schul&#246;ffnung bin ich nun aber auch wieder t&#228;glich mit dem Rad unterwegs. Wir haben eine neue Route gefunden, die weniger Stra&#223;en und daf&#252;r mehr Natur beinhaltet. Das ist jeden Morgen ein wirklich sch&#246;ner Anblick, l&#228;sst mich aber derzeit auch ganz sch&#246;n k&#228;mpfen. Wieso erw&#228;hnte ich ja oben schon.&nbsp; Das sind t&#228;glich f&#252;r mich 20 Kilometer Radfahren mit gef&#252;hlt 200 Niesattacken, aber auch das wird wieder besser werden und wenn dem so ist, dann werde ich auch wieder &#246;fter laufen gehen. Ich bef&#252;rchte allerdings, dass das aktuell wohl eher kontraproduktiv w&#228;re.&nbsp; &nbsp; Achja und ich habe die Haare wieder sch&#246;n. Nach einem Jahr. Wir arbeiteten uns St&#252;ck f&#252;r St&#252;ck vor, weil wir erst &#252;berlegt hatten die L&#228;nge, die ich inzwischen hatte, zu erhalten. Mit der Zeit teigte sich aber, dass die Frisur dann ganz sch&#246;n altbacken aussehen w&#252;rde und so wurde sie k&#252;rzer und k&#252;rzer und nun bin ich doch wieder beim Bob angekommen. In leichter Variante. Immerhin ist alles Kaputte nun wieder raus und die Haare sehen wieder ges&#252;nder aus. Als n&#228;chstes &#252;berlegen wir, ob wir eventuell Farbe rausziehen und die Haare so f&#228;rben, dass ich meinen grauen Balken oben auf dem Kopf einfach raus wachsen lassen kann. Na mal sehen, was uns da so einf&#228;llt&#8230; Unsere Lieblinge aus der Blogsph&#228;re! Kreativit&#228;t l&#228;sst gr&#252;&#223;en. Auch in der Blogsph&#228;re. Zeit f&#252;r die Wochenlieblinge, die ich bei euch so gefunden habe: Sommer Fit Workout &#8211; Steckenpferd aus Schwimmnudel &#8211; Hahn aus Handabdr&#252;cken &#8211; Sommerlicher Blumenstrau&#223; aus Luftpolster-Folie. Und damit verabschiede ich mich ins Wochenende. Bei uns wird es voll und aufregend, aber der Sonntag daf&#252;r etwas gechillter. Und bei euch? Was waren eure Wochenlieblinge der Woche? *Anmerkung:&nbsp;Der Artikel &#252;ber unsere Wochenlieblinge enth&#228;lt evtl. Bilder mit Produkten, die wir in unserem Alltag nutzen oder Linkempfehlungen. Wir haben keine Bezahlung f&#252;r das Zeigen oder Nutzen derselbigen erhalten. Affiliate Links sind als solche markiert.<\/p>\n","protected":false},"author":1,"featured_media":52650,"comment_status":"open","ping_status":"open","sticky":false,"template":"","format":"standard","meta":{"ngg_post_thumbnail":0,"footnotes":""},"categories":[323,49],"tags":[780,781,2953,45,69,1562,2605,81,1279,2954,2161],"class_list":["post-52647","post","type-post","status-publish","format-standard","has-post-thumbnail","hentry","category-alltag","category-blogspaehre","tag-freitags5","tag-freitagslieblinge","tag-allergie","tag-alltag","tag-familie","tag-friseur","tag-gluecksmomente","tag-kinder","tag-natur","tag-pollen","tag-wochenlieblinge"],"yoast_head":"<!-- This site is optimized with the Yoast SEO plugin v27.4 - https:\/\/yoast.com\/product\/yoast-seo-wordpress\/ -->\n<title>Unsere Wochenlieblinge 24\/2021 - Endlich wieder frisch auf dem Kopf<\/title>\n<meta name=\"description\" content=\"... denn sie bescheren uns immer wieder sch\u00f6ne kleine Momente, die man durchaus als Wochenlieblinge bezeichnen k\u00f6nnte.\" \/>\n<meta name=\"robots\" content=\"index, follow, max-snippet:-1, max-image-preview:large, max-video-preview:-1\" \/>\n<link rel=\"canonical\" href=\"https:\/\/www.heldenhaushalt.de\/sari02\/index.php\/2021\/06\/11\/unsere-wochenlieblinge-242021\/\" \/>\n<meta property=\"og:locale\" content=\"de_DE\" \/>\n<meta property=\"og:type\" content=\"article\" \/>\n<meta property=\"og:title\" content=\"Unsere Wochenlieblinge 24\/2021 - Endlich wieder frisch auf dem Kopf\" \/>\n<meta property=\"og:description\" content=\"... denn sie bescheren uns immer wieder sch\u00f6ne kleine Momente, die man durchaus als Wochenlieblinge bezeichnen k\u00f6nnte.\" \/>\n<meta property=\"og:url\" content=\"https:\/\/www.heldenhaushalt.de\/sari02\/index.php\/2021\/06\/11\/unsere-wochenlieblinge-242021\/\" \/>\n<meta property=\"og:site_name\" content=\"Heldenhaushalt\" \/>\n<meta property=\"article:published_time\" content=\"2021-06-11T08:54:51+00:00\" \/>\n<meta property=\"og:image\" content=\"https:\/\/www.heldenhaushalt.de\/sari02\/wp-content\/uploads\/2021\/06\/24-03.jpg\" \/>\n\t<meta property=\"og:image:width\" content=\"1000\" \/>\n\t<meta property=\"og:image:height\" content=\"697\" \/>\n\t<meta property=\"og:image:type\" content=\"image\/jpeg\" \/>\n<meta name=\"author\" content=\"Sari\" \/>\n<meta name=\"twitter:card\" content=\"summary_large_image\" \/>\n<meta name=\"twitter:creator\" content=\"@Heldenhaushalt\" \/>\n<meta name=\"twitter:site\" content=\"@Heldenhaushalt\" \/>\n<meta name=\"twitter:label1\" content=\"Verfasst von\" \/>\n\t<meta name=\"twitter:data1\" content=\"Sari\" \/>\n\t<meta name=\"twitter:label2\" content=\"Gesch\u00e4tzte Lesezeit\" \/>\n\t<meta name=\"twitter:data2\" content=\"5\u00a0Minuten\" \/>\n<script type=\"application\/ld+json\" class=\"yoast-schema-graph\">{\"@context\":\"https:\\\/\\\/schema.org\",\"@graph\":[{\"@type\":\"Article\",\"@id\":\"https:\\\/\\\/www.heldenhaushalt.de\\\/sari02\\\/index.php\\\/2021\\\/06\\\/11\\\/unsere-wochenlieblinge-242021\\\/#article\",\"isPartOf\":{\"@id\":\"https:\\\/\\\/www.heldenhaushalt.de\\\/sari02\\\/index.php\\\/2021\\\/06\\\/11\\\/unsere-wochenlieblinge-242021\\\/\"},\"author\":{\"name\":\"Sari\",\"@id\":\"https:\\\/\\\/www.heldenhaushalt.de\\\/sari02\\\/#\\\/schema\\\/person\\\/a1cc69f42a01f412eb62c151353814f6\"},\"headline\":\"Unsere Wochenlieblinge 24\\\/2021 &#8211; Endlich wieder frisch auf dem Kopf\",\"datePublished\":\"2021-06-11T08:54:51+00:00\",\"mainEntityOfPage\":{\"@id\":\"https:\\\/\\\/www.heldenhaushalt.de\\\/sari02\\\/index.php\\\/2021\\\/06\\\/11\\\/unsere-wochenlieblinge-242021\\\/\"},\"wordCount\":848,\"commentCount\":0,\"publisher\":{\"@id\":\"https:\\\/\\\/www.heldenhaushalt.de\\\/sari02\\\/#\\\/schema\\\/person\\\/a1cc69f42a01f412eb62c151353814f6\"},\"image\":{\"@id\":\"https:\\\/\\\/www.heldenhaushalt.de\\\/sari02\\\/index.php\\\/2021\\\/06\\\/11\\\/unsere-wochenlieblinge-242021\\\/#primaryimage\"},\"thumbnailUrl\":\"https:\\\/\\\/www.heldenhaushalt.de\\\/sari02\\\/wp-content\\\/uploads\\\/2021\\\/06\\\/24-03.jpg\",\"keywords\":[\"#Freitags5\",\"#Freitagslieblinge\",\"Allergie\",\"Allt\u00e4glich\",\"Familie\",\"Friseur\",\"Gl\u00fccksmomente\",\"Kinder\",\"Natur\",\"Pollen\",\"Wochenlieblinge\"],\"articleSection\":[\"Alltagschaos\",\"Blogsph\u00e4re\"],\"inLanguage\":\"de\",\"potentialAction\":[{\"@type\":\"CommentAction\",\"name\":\"Comment\",\"target\":[\"https:\\\/\\\/www.heldenhaushalt.de\\\/sari02\\\/index.php\\\/2021\\\/06\\\/11\\\/unsere-wochenlieblinge-242021\\\/#respond\"]}]},{\"@type\":\"WebPage\",\"@id\":\"https:\\\/\\\/www.heldenhaushalt.de\\\/sari02\\\/index.php\\\/2021\\\/06\\\/11\\\/unsere-wochenlieblinge-242021\\\/\",\"url\":\"https:\\\/\\\/www.heldenhaushalt.de\\\/sari02\\\/index.php\\\/2021\\\/06\\\/11\\\/unsere-wochenlieblinge-242021\\\/\",\"name\":\"Unsere Wochenlieblinge 24\\\/2021 - Endlich wieder frisch auf dem Kopf\",\"isPartOf\":{\"@id\":\"https:\\\/\\\/www.heldenhaushalt.de\\\/sari02\\\/#website\"},\"primaryImageOfPage\":{\"@id\":\"https:\\\/\\\/www.heldenhaushalt.de\\\/sari02\\\/index.php\\\/2021\\\/06\\\/11\\\/unsere-wochenlieblinge-242021\\\/#primaryimage\"},\"image\":{\"@id\":\"https:\\\/\\\/www.heldenhaushalt.de\\\/sari02\\\/index.php\\\/2021\\\/06\\\/11\\\/unsere-wochenlieblinge-242021\\\/#primaryimage\"},\"thumbnailUrl\":\"https:\\\/\\\/www.heldenhaushalt.de\\\/sari02\\\/wp-content\\\/uploads\\\/2021\\\/06\\\/24-03.jpg\",\"datePublished\":\"2021-06-11T08:54:51+00:00\",\"description\":\"... denn sie bescheren uns immer wieder sch\u00f6ne kleine Momente, die man durchaus als Wochenlieblinge bezeichnen k\u00f6nnte.\",\"breadcrumb\":{\"@id\":\"https:\\\/\\\/www.heldenhaushalt.de\\\/sari02\\\/index.php\\\/2021\\\/06\\\/11\\\/unsere-wochenlieblinge-242021\\\/#breadcrumb\"},\"inLanguage\":\"de\",\"potentialAction\":[{\"@type\":\"ReadAction\",\"target\":[\"https:\\\/\\\/www.heldenhaushalt.de\\\/sari02\\\/index.php\\\/2021\\\/06\\\/11\\\/unsere-wochenlieblinge-242021\\\/\"]}]},{\"@type\":\"ImageObject\",\"inLanguage\":\"de\",\"@id\":\"https:\\\/\\\/www.heldenhaushalt.de\\\/sari02\\\/index.php\\\/2021\\\/06\\\/11\\\/unsere-wochenlieblinge-242021\\\/#primaryimage\",\"url\":\"https:\\\/\\\/www.heldenhaushalt.de\\\/sari02\\\/wp-content\\\/uploads\\\/2021\\\/06\\\/24-03.jpg\",\"contentUrl\":\"https:\\\/\\\/www.heldenhaushalt.de\\\/sari02\\\/wp-content\\\/uploads\\\/2021\\\/06\\\/24-03.jpg\",\"width\":1000,\"height\":697,\"caption\":\"Wochenlieblinge\"},{\"@type\":\"BreadcrumbList\",\"@id\":\"https:\\\/\\\/www.heldenhaushalt.de\\\/sari02\\\/index.php\\\/2021\\\/06\\\/11\\\/unsere-wochenlieblinge-242021\\\/#breadcrumb\",\"itemListElement\":[{\"@type\":\"ListItem\",\"position\":1,\"name\":\"Startseite\",\"item\":\"https:\\\/\\\/www.heldenhaushalt.de\\\/sari02\\\/\"},{\"@type\":\"ListItem\",\"position\":2,\"name\":\"Unsere Wochenlieblinge 24\\\/2021 &#8211; Endlich wieder frisch auf dem Kopf\"}]},{\"@type\":\"WebSite\",\"@id\":\"https:\\\/\\\/www.heldenhaushalt.de\\\/sari02\\\/#website\",\"url\":\"https:\\\/\\\/www.heldenhaushalt.de\\\/sari02\\\/\",\"name\":\"Heldenhaushalt\",\"description\":\"Wer es ordentlich haben will, der muss vorher anrufen\",\"publisher\":{\"@id\":\"https:\\\/\\\/www.heldenhaushalt.de\\\/sari02\\\/#\\\/schema\\\/person\\\/a1cc69f42a01f412eb62c151353814f6\"},\"potentialAction\":[{\"@type\":\"SearchAction\",\"target\":{\"@type\":\"EntryPoint\",\"urlTemplate\":\"https:\\\/\\\/www.heldenhaushalt.de\\\/sari02\\\/?s={search_term_string}\"},\"query-input\":{\"@type\":\"PropertyValueSpecification\",\"valueRequired\":true,\"valueName\":\"search_term_string\"}}],\"inLanguage\":\"de\"},{\"@type\":[\"Person\",\"Organization\"],\"@id\":\"https:\\\/\\\/www.heldenhaushalt.de\\\/sari02\\\/#\\\/schema\\\/person\\\/a1cc69f42a01f412eb62c151353814f6\",\"name\":\"Sari\",\"image\":{\"@type\":\"ImageObject\",\"inLanguage\":\"de\",\"@id\":\"https:\\\/\\\/www.heldenhaushalt.de\\\/sari02\\\/wp-content\\\/uploads\\\/2019\\\/02\\\/sari-april2018.png\",\"url\":\"https:\\\/\\\/www.heldenhaushalt.de\\\/sari02\\\/wp-content\\\/uploads\\\/2019\\\/02\\\/sari-april2018.png\",\"contentUrl\":\"https:\\\/\\\/www.heldenhaushalt.de\\\/sari02\\\/wp-content\\\/uploads\\\/2019\\\/02\\\/sari-april2018.png\",\"width\":500,\"height\":500,\"caption\":\"Sari\"},\"logo\":{\"@id\":\"https:\\\/\\\/www.heldenhaushalt.de\\\/sari02\\\/wp-content\\\/uploads\\\/2019\\\/02\\\/sari-april2018.png\"},\"description\":\"Frau Mondgras \u2013 Das bin ich, Sari. Gerne auch als Sari Mondgras bekannt und im Internet zu finden. 2-Fach-Mutter, Heldenehefrau, Kreativling, Harmonies\u00fcchtig und st\u00e4ndig auf der Suche nach Gl\u00fcck. Ich komme aus Berlin, bin hier aufgewachsen und lebe hier seit ich denken kann.\",\"sameAs\":[\"https:\\\/\\\/www.instagram.com\\\/heldenhaushalt\\\/\"],\"url\":\"https:\\\/\\\/www.heldenhaushalt.de\\\/sari02\\\/index.php\\\/author\\\/admin\\\/\"}]}<\/script>\n<!-- \/ Yoast SEO plugin. -->","yoast_head_json":{"title":"Unsere Wochenlieblinge 24\/2021 - Endlich wieder frisch auf dem Kopf","description":"... denn sie bescheren uns immer wieder sch\u00f6ne kleine Momente, die man durchaus als Wochenlieblinge bezeichnen k\u00f6nnte.","robots":{"index":"index","follow":"follow","max-snippet":"max-snippet:-1","max-image-preview":"max-image-preview:large","max-video-preview":"max-video-preview:-1"},"canonical":"https:\/\/www.heldenhaushalt.de\/sari02\/index.php\/2021\/06\/11\/unsere-wochenlieblinge-242021\/","og_locale":"de_DE","og_type":"article","og_title":"Unsere Wochenlieblinge 24\/2021 - Endlich wieder frisch auf dem Kopf","og_description":"... denn sie bescheren uns immer wieder sch\u00f6ne kleine Momente, die man durchaus als Wochenlieblinge bezeichnen k\u00f6nnte.","og_url":"https:\/\/www.heldenhaushalt.de\/sari02\/index.php\/2021\/06\/11\/unsere-wochenlieblinge-242021\/","og_site_name":"Heldenhaushalt","article_published_time":"2021-06-11T08:54:51+00:00","og_image":[{"width":1000,"height":697,"url":"https:\/\/www.heldenhaushalt.de\/sari02\/wp-content\/uploads\/2021\/06\/24-03.jpg","type":"image\/jpeg"}],"author":"Sari","twitter_card":"summary_large_image","twitter_creator":"@Heldenhaushalt","twitter_site":"@Heldenhaushalt","twitter_misc":{"Verfasst von":"Sari","Gesch\u00e4tzte Lesezeit":"5\u00a0Minuten"},"schema":{"@context":"https:\/\/schema.org","@graph":[{"@type":"Article","@id":"https:\/\/www.heldenhaushalt.de\/sari02\/index.php\/2021\/06\/11\/unsere-wochenlieblinge-242021\/#article","isPartOf":{"@id":"https:\/\/www.heldenhaushalt.de\/sari02\/index.php\/2021\/06\/11\/unsere-wochenlieblinge-242021\/"},"author":{"name":"Sari","@id":"https:\/\/www.heldenhaushalt.de\/sari02\/#\/schema\/person\/a1cc69f42a01f412eb62c151353814f6"},"headline":"Unsere Wochenlieblinge 24\/2021 &#8211; Endlich wieder frisch auf dem Kopf","datePublished":"2021-06-11T08:54:51+00:00","mainEntityOfPage":{"@id":"https:\/\/www.heldenhaushalt.de\/sari02\/index.php\/2021\/06\/11\/unsere-wochenlieblinge-242021\/"},"wordCount":848,"commentCount":0,"publisher":{"@id":"https:\/\/www.heldenhaushalt.de\/sari02\/#\/schema\/person\/a1cc69f42a01f412eb62c151353814f6"},"image":{"@id":"https:\/\/www.heldenhaushalt.de\/sari02\/index.php\/2021\/06\/11\/unsere-wochenlieblinge-242021\/#primaryimage"},"thumbnailUrl":"https:\/\/www.heldenhaushalt.de\/sari02\/wp-content\/uploads\/2021\/06\/24-03.jpg","keywords":["#Freitags5","#Freitagslieblinge","Allergie","Allt\u00e4glich","Familie","Friseur","Gl\u00fccksmomente","Kinder","Natur","Pollen","Wochenlieblinge"],"articleSection":["Alltagschaos","Blogsph\u00e4re"],"inLanguage":"de","potentialAction":[{"@type":"CommentAction","name":"Comment","target":["https:\/\/www.heldenhaushalt.de\/sari02\/index.php\/2021\/06\/11\/unsere-wochenlieblinge-242021\/#respond"]}]},{"@type":"WebPage","@id":"https:\/\/www.heldenhaushalt.de\/sari02\/index.php\/2021\/06\/11\/unsere-wochenlieblinge-242021\/","url":"https:\/\/www.heldenhaushalt.de\/sari02\/index.php\/2021\/06\/11\/unsere-wochenlieblinge-242021\/","name":"Unsere Wochenlieblinge 24\/2021 - Endlich wieder frisch auf dem Kopf","isPartOf":{"@id":"https:\/\/www.heldenhaushalt.de\/sari02\/#website"},"primaryImageOfPage":{"@id":"https:\/\/www.heldenhaushalt.de\/sari02\/index.php\/2021\/06\/11\/unsere-wochenlieblinge-242021\/#primaryimage"},"image":{"@id":"https:\/\/www.heldenhaushalt.de\/sari02\/index.php\/2021\/06\/11\/unsere-wochenlieblinge-242021\/#primaryimage"},"thumbnailUrl":"https:\/\/www.heldenhaushalt.de\/sari02\/wp-content\/uploads\/2021\/06\/24-03.jpg","datePublished":"2021-06-11T08:54:51+00:00","description":"... denn sie bescheren uns immer wieder sch\u00f6ne kleine Momente, die man durchaus als Wochenlieblinge bezeichnen k\u00f6nnte.","breadcrumb":{"@id":"https:\/\/www.heldenhaushalt.de\/sari02\/index.php\/2021\/06\/11\/unsere-wochenlieblinge-242021\/#breadcrumb"},"inLanguage":"de","potentialAction":[{"@type":"ReadAction","target":["https:\/\/www.heldenhaushalt.de\/sari02\/index.php\/2021\/06\/11\/unsere-wochenlieblinge-242021\/"]}]},{"@type":"ImageObject","inLanguage":"de","@id":"https:\/\/www.heldenhaushalt.de\/sari02\/index.php\/2021\/06\/11\/unsere-wochenlieblinge-242021\/#primaryimage","url":"https:\/\/www.heldenhaushalt.de\/sari02\/wp-content\/uploads\/2021\/06\/24-03.jpg","contentUrl":"https:\/\/www.heldenhaushalt.de\/sari02\/wp-content\/uploads\/2021\/06\/24-03.jpg","width":1000,"height":697,"caption":"Wochenlieblinge"},{"@type":"BreadcrumbList","@id":"https:\/\/www.heldenhaushalt.de\/sari02\/index.php\/2021\/06\/11\/unsere-wochenlieblinge-242021\/#breadcrumb","itemListElement":[{"@type":"ListItem","position":1,"name":"Startseite","item":"https:\/\/www.heldenhaushalt.de\/sari02\/"},{"@type":"ListItem","position":2,"name":"Unsere Wochenlieblinge 24\/2021 &#8211; Endlich wieder frisch auf dem Kopf"}]},{"@type":"WebSite","@id":"https:\/\/www.heldenhaushalt.de\/sari02\/#website","url":"https:\/\/www.heldenhaushalt.de\/sari02\/","name":"Heldenhaushalt","description":"Wer es ordentlich haben will, der muss vorher anrufen","publisher":{"@id":"https:\/\/www.heldenhaushalt.de\/sari02\/#\/schema\/person\/a1cc69f42a01f412eb62c151353814f6"},"potentialAction":[{"@type":"SearchAction","target":{"@type":"EntryPoint","urlTemplate":"https:\/\/www.heldenhaushalt.de\/sari02\/?s={search_term_string}"},"query-input":{"@type":"PropertyValueSpecification","valueRequired":true,"valueName":"search_term_string"}}],"inLanguage":"de"},{"@type":["Person","Organization"],"@id":"https:\/\/www.heldenhaushalt.de\/sari02\/#\/schema\/person\/a1cc69f42a01f412eb62c151353814f6","name":"Sari","image":{"@type":"ImageObject","inLanguage":"de","@id":"https:\/\/www.heldenhaushalt.de\/sari02\/wp-content\/uploads\/2019\/02\/sari-april2018.png","url":"https:\/\/www.heldenhaushalt.de\/sari02\/wp-content\/uploads\/2019\/02\/sari-april2018.png","contentUrl":"https:\/\/www.heldenhaushalt.de\/sari02\/wp-content\/uploads\/2019\/02\/sari-april2018.png","width":500,"height":500,"caption":"Sari"},"logo":{"@id":"https:\/\/www.heldenhaushalt.de\/sari02\/wp-content\/uploads\/2019\/02\/sari-april2018.png"},"description":"Frau Mondgras \u2013 Das bin ich, Sari. Gerne auch als Sari Mondgras bekannt und im Internet zu finden. 2-Fach-Mutter, Heldenehefrau, Kreativling, Harmonies\u00fcchtig und st\u00e4ndig auf der Suche nach Gl\u00fcck. Ich komme aus Berlin, bin hier aufgewachsen und lebe hier seit ich denken kann.","sameAs":["https:\/\/www.instagram.com\/heldenhaushalt\/"],"url":"https:\/\/www.heldenhaushalt.de\/sari02\/index.php\/author\/admin\/"}]}},"views":1794,"_links":{"self":[{"href":"https:\/\/www.heldenhaushalt.de\/sari02\/index.php\/wp-json\/wp\/v2\/posts\/52647","targetHints":{"allow":["GET"]}}],"collection":[{"href":"https:\/\/www.heldenhaushalt.de\/sari02\/index.php\/wp-json\/wp\/v2\/posts"}],"about":[{"href":"https:\/\/www.heldenhaushalt.de\/sari02\/index.php\/wp-json\/wp\/v2\/types\/post"}],"author":[{"embeddable":true,"href":"https:\/\/www.heldenhaushalt.de\/sari02\/index.php\/wp-json\/wp\/v2\/users\/1"}],"replies":[{"embeddable":true,"href":"https:\/\/www.heldenhaushalt.de\/sari02\/index.php\/wp-json\/wp\/v2\/comments?post=52647"}],"version-history":[{"count":1,"href":"https:\/\/www.heldenhaushalt.de\/sari02\/index.php\/wp-json\/wp\/v2\/posts\/52647\/revisions"}],"predecessor-version":[{"id":52656,"href":"https:\/\/www.heldenhaushalt.de\/sari02\/index.php\/wp-json\/wp\/v2\/posts\/52647\/revisions\/52656"}],"wp:featuredmedia":[{"embeddable":true,"href":"https:\/\/www.heldenhaushalt.de\/sari02\/index.php\/wp-json\/wp\/v2\/media\/52650"}],"wp:attachment":[{"href":"https:\/\/www.heldenhaushalt.de\/sari02\/index.php\/wp-json\/wp\/v2\/media?parent=52647"}],"wp:term":[{"taxonomy":"category","embeddable":true,"href":"https:\/\/www.heldenhaushalt.de\/sari02\/index.php\/wp-json\/wp\/v2\/categories?post=52647"},{"taxonomy":"post_tag","embeddable":true,"href":"https:\/\/www.heldenhaushalt.de\/sari02\/index.php\/wp-json\/wp\/v2\/tags?post=52647"}],"curies":[{"name":"wp","href":"https:\/\/api.w.org\/{rel}","templated":true}]}}