{"id":53562,"date":"2021-10-15T09:53:30","date_gmt":"2021-10-15T07:53:30","guid":{"rendered":"https:\/\/www.heldenhaushalt.de\/sari02\/?p=53562"},"modified":"2021-10-15T10:16:07","modified_gmt":"2021-10-15T08:16:07","slug":"unsere-wochenlieblinge-422021","status":"publish","type":"post","link":"https:\/\/www.heldenhaushalt.de\/sari02\/index.php\/2021\/10\/15\/unsere-wochenlieblinge-422021\/","title":{"rendered":"Unsere Wochenlieblinge 42\/2021 &#8211; Ganz gro&#223;es K&#252;rbis-Gl&#252;ck"},"content":{"rendered":"<p style=\"text-align: right;\"><small>Enth&#228;lt (unbezahlte) Werbung*<\/small><\/p>\n<p>Nun liegt die erste Herbstferienwoche fast schon wieder hinter uns und ich finde, wir haben sie wunderbar genutzt. Es macht so viel aus, wenn wir alle einfach Zeit haben. Im Sommer war es schon teilweise doof, dass der Mann dennoch arbeiten musste und wir so in unseren M&#246;glichkeiten eingeschr&#228;nkt waren. Jetzt, wo wirklich alle frei haben, kann man die Zeit viel intensiver als Familie nutzen und vor allem Tags&#252;ber sind wir viel zusammen unterwegs. Teilweise hat der Mann mit den Jungs Stunden auf dem Spielplatz verbracht und diesen herbstlichen Sonnenschein voll ausgenutzt, auch wenn es am Morgen inzwischen fast schon winterlich kalt ist und es schon Frost gab. Das ruft dann auch den Garten noch einmal auf den Plan, den wir nun f&#252;r die kalte Jahreszeit vorbereiten m&#252;ssen.<\/p>\n<p>Es gab ganz wunderbar herbstliche Wochenlieblinge diese Woche und die m&#246;chte ich euch heute gerne zeigen. Es waren viele kleine Highlight-Momente f&#252;r mich dazwischen.<\/p>\n<h2>Unsere Wochenlieblinge in dieser Woche\u2026<\/h2>\n<p>Gleich zu Beginn der Woche erf&#252;llte der Mann mir einen Wunsch: Wir fuhren nach Klaistow zur K&#252;rbisausstellung. Schon lange waren wir nicht mehr auf dem Spargelhof und ich wei&#223;, dass sie dort jedes Jahr eine tolle Ausstellung haben zu verschiedenen Themen. Dieses Jahr war das Thema scheinbar Musik und es gab viele coole K&#252;rbis-Skulpturen zu sehen. Ich habe viele Fotos an dem Tag gemacht, k&#246;nnte euch also so viel mehr von dem Tag zeigen. Vielleicht mache ich das bei Gelegenheit einfach mal&#8230; ich liebe den K&#252;rbis als Fotomotiv einfach sehr.<\/p>\n<p><img loading=\"lazy\" decoding=\"async\" class=\"alignnone size-full wp-image-53564\" src=\"https:\/\/www.heldenhaushalt.de\/sari02\/wp-content\/uploads\/2021\/10\/42-01.jpg\" alt=\"Wochenlieblinge\" width=\"1000\" height=\"764\" srcset=\"https:\/\/www.heldenhaushalt.de\/sari02\/wp-content\/uploads\/2021\/10\/42-01.jpg 1000w, https:\/\/www.heldenhaushalt.de\/sari02\/wp-content\/uploads\/2021\/10\/42-01-300x229.jpg 300w, https:\/\/www.heldenhaushalt.de\/sari02\/wp-content\/uploads\/2021\/10\/42-01-768x587.jpg 768w\" sizes=\"auto, (max-width: 1000px) 100vw, 1000px\" \/><\/p>\n<p>Allgemein ist es ein sch&#246;nes Ausflugsziel mit einem tollen Spielplatz und leckerem Essen. Nur zu empfehlen. Das Wetter spielte nach anf&#228;nglichem Regen auch wunderbar mit und so verbrachten wir viele Stunden dort. Highlight f&#252;r die Kinder war aber sicherlich das Maislabyrinth, das wir auch noch aufsuchten. Dieses befindet sich direkt neben dem Hof und&nbsp; ist recht gro&#223; aufgebaut.<\/p>\n<p><img loading=\"lazy\" decoding=\"async\" class=\"alignnone size-full wp-image-53565\" src=\"https:\/\/www.heldenhaushalt.de\/sari02\/wp-content\/uploads\/2021\/10\/42-02.jpg\" alt=\"Maislabyrinth\" width=\"1000\" height=\"700\" srcset=\"https:\/\/www.heldenhaushalt.de\/sari02\/wp-content\/uploads\/2021\/10\/42-02.jpg 1000w, https:\/\/www.heldenhaushalt.de\/sari02\/wp-content\/uploads\/2021\/10\/42-02-300x210.jpg 300w, https:\/\/www.heldenhaushalt.de\/sari02\/wp-content\/uploads\/2021\/10\/42-02-768x538.jpg 768w\" sizes=\"auto, (max-width: 1000px) 100vw, 1000px\" \/><\/p>\n<p>10 Stationen gilt es darin zu finden und Fragen zu beantworten oder Bilder-Paare zu suchen, die einfache Variante f&#252;r Kinder. &#220;ber eine Stunde verbrachten wir da drin, bis wir endlich alles gefunden hatten. Teilweise fing man schon an sich mit anderen Leuten auszutauschen, weil man sich immer wieder &#252;ber den Weg lief *lach*. Am Ende fanden der kleine Sohn und ich das letzte Ziel durch Zufall, als wir eigentlich schon mal rausgehen wollten. So kann es gehen. Es war so herrlich durch dieses Feld zu laufen, das Rauschen vom Mais zu h&#246;ren, w&#228;hrend der Wind ihn durch raschelte und die Sonne &#252;ber uns schien. Hach, ich habe diesen Tag wirklich sehr genossen und es ist das erste Mal seit einer Ewigkeit, dass der kleine Sohn danach so platt war, dass er einfach im Auto einschlief.<\/p>\n<p>Diese Woche bauten wir dann auch unseren neue Esstisch auf. Ich erw&#228;hnte ihn, glaube ich, schon einmal kurz. Er ist einer meiner pers&#246;nlichen Wochenlieblinge, denn ich w&#252;nsche mir schon seit einem Jahr einen runden Esstisch zum Ausziehen und mein Plan ging auf. Er lockert die Atmosph&#228;re im Wohnzimmer so sehr auf. Es wirkt nicht mehr so erdr&#252;ckend alles. Ich liebe es.<\/p>\n<p><img loading=\"lazy\" decoding=\"async\" class=\"alignnone size-full wp-image-53568\" src=\"https:\/\/www.heldenhaushalt.de\/sari02\/wp-content\/uploads\/2021\/10\/42-04.jpg\" alt=\"Wochenlieblinge\" width=\"1000\" height=\"742\" srcset=\"https:\/\/www.heldenhaushalt.de\/sari02\/wp-content\/uploads\/2021\/10\/42-04.jpg 1000w, https:\/\/www.heldenhaushalt.de\/sari02\/wp-content\/uploads\/2021\/10\/42-04-300x223.jpg 300w, https:\/\/www.heldenhaushalt.de\/sari02\/wp-content\/uploads\/2021\/10\/42-04-768x570.jpg 768w\" sizes=\"auto, (max-width: 1000px) 100vw, 1000px\" \/><\/p>\n<p>Die Gelegenheit habe ich gleich nochmal f&#252;r andere Modifikationen genutzt und neue Kissenbez&#252;ge und Vorh&#228;nge gekauft. Alles in senfgelb. Ich hole mir gerade den Herbst ins Haus mit K&#252;rbissen und mehr. Nach und nach f&#252;hle ich mich hier wieder wohl zu Hause.<\/p>\n<p>Die Kinder haben mir dann f&#252;r die Bilderrahmen sch&#246;ne Halloweenbilder mit Flederm&#228;usen, Herbstb&#228;umen und K&#252;rbissen gemalt. Wobei ich jetzt in der Essecke eine Fotowand plane. Daf&#252;r brauche ich dringend noch ein Konzept. Wie geht ihr denn an so etwas ran? Wenn der Nagel erst einmal drin ist, kann man es so schnell nicht mehr &#228;ndern.<\/p>\n<p><img loading=\"lazy\" decoding=\"async\" class=\"alignnone size-full wp-image-53567\" src=\"https:\/\/www.heldenhaushalt.de\/sari02\/wp-content\/uploads\/2021\/10\/42-03.jpg\" alt=\"Wochenlieblinge\" width=\"1000\" height=\"750\" srcset=\"https:\/\/www.heldenhaushalt.de\/sari02\/wp-content\/uploads\/2021\/10\/42-03.jpg 1000w, https:\/\/www.heldenhaushalt.de\/sari02\/wp-content\/uploads\/2021\/10\/42-03-300x225.jpg 300w, https:\/\/www.heldenhaushalt.de\/sari02\/wp-content\/uploads\/2021\/10\/42-03-768x576.jpg 768w\" sizes=\"auto, (max-width: 1000px) 100vw, 1000px\" \/><\/p>\n<p>Ich selber habe ja nun <a href=\"https:\/\/www.heldenhaushalt.de\/sari02\/index.php\/2021\/10\/13\/calli-brush-pens-von-online-werbung\/\">die Brushpen diese Woche<\/a> noch f&#252;r mich entdeckt und m&#246;chte mich mit ein zwei Herbstfarben dazu nochmal eindecken. Da kann ich noch ein paar <a href=\"https:\/\/www.heldenhaushalt.de\/sari02\/index.php\/2021\/09\/22\/eichhoernchen-aquarell\/\">Herbstbilder<\/a> f&#252;r die Bilderecke kreieren. Was denkt ihr? Das z&#228;hlt auf jeden Fall auch zu meinen Erfolgserlebnissen diese Woche.<\/p>\n<h2>Unsere Lieblinge aus der Blogsph&#228;re!<\/h2>\n<p><img loading=\"lazy\" decoding=\"async\" class=\"alignnone size-full wp-image-53569\" src=\"https:\/\/www.heldenhaushalt.de\/sari02\/wp-content\/uploads\/2021\/10\/42-05.jpg\" alt=\"Katzenkontent\" width=\"1000\" height=\"666\" srcset=\"https:\/\/www.heldenhaushalt.de\/sari02\/wp-content\/uploads\/2021\/10\/42-05.jpg 1000w, https:\/\/www.heldenhaushalt.de\/sari02\/wp-content\/uploads\/2021\/10\/42-05-300x200.jpg 300w, https:\/\/www.heldenhaushalt.de\/sari02\/wp-content\/uploads\/2021\/10\/42-05-768x511.jpg 768w\" sizes=\"auto, (max-width: 1000px) 100vw, 1000px\" \/><\/p>\n<p>Ich habe mir diese Woche auch mal etwas Zeit f&#252;r mich geg&#246;nnt, wenn die M&#228;nner zum Spielplatz sind und ein bisschen etwas abgearbeitet. Ist es bei euch auch so kalt vormittags geworden? Warme Milch steht nun auf dem Tagesprogramm und so eine Katzenw&#228;rmflasche auf dem Scho&#223; ist doch eigentlich auch nicht schlecht, oder?<\/p>\n<p>Ich habe dann auch wieder ein paar Wochenlieblinge aus der Blogsph&#228;re f&#252;r euch gesammelt und hier zusammen gestellt. Schaut dort doch auch gerne mal vorbei: <a href=\"https:\/\/norisknomum.me\/igel-im-winter\/\" target=\"_blank\" rel=\"noopener\">Igel im Winter helfen<\/a> &#8211; <a href=\"https:\/\/www.sabine-seyffert.de\/blog\/?p=21426\" target=\"_blank\" rel=\"noopener\">Eule aus Klorollen<\/a> &#8211; <a href=\"https:\/\/www.mamahoch2.de\/2021\/10\/so-erstellst-du-eine-perfekte-bilderwand-bilderwand-inspiration-zum-nachmachen.html\" target=\"_blank\" rel=\"noopener\">So erstellst du eine Bilderwand<\/a> &#8211; <a href=\"https:\/\/www.tollabea.de\/herbstlicher-snack-gefaellig-kleine-pizza-kuerbisse-selber-machen\/\" target=\"_blank\" rel=\"noopener\">Pizza K&#252;rbisse<\/a> &#8211; <a href=\"https:\/\/meinfeenstaub.com\/diy-herbstblaetter-untersetzer-aus-modelliermasse-selber-machen\/\" target=\"_blank\" rel=\"noopener\">Herbstbl&#228;tter Untersetzer aus Modeliermasse<\/a> &#8211; <a href=\"https:\/\/gkkreativ.blogspot.com\/2021\/10\/ferienspass-raus-in-die-natur-die.html\" target=\"_blank\" rel=\"noopener\">Baumgesichter<\/a>.<\/p>\n<p><strong>Was waren eure Wochenlieblinge der Woche?<\/strong><\/p>\n<p><small>*<strong>Anmerkung:<\/strong>&nbsp;Der Artikel &#252;ber unsere Wochenlieblinge enth&#228;lt evtl. Bilder mit Produkten, die wir in unserem Alltag nutzen oder Linkempfehlungen. Wir haben keine Bezahlung f&#252;r das Zeigen oder Nutzen derselbigen erhalten. Affiliate Links sind als solche markiert.<\/small><\/p>\n","protected":false},"excerpt":{"rendered":"<p>Enth&#228;lt (unbezahlte) Werbung* Nun liegt die erste Herbstferienwoche fast schon wieder hinter uns und ich finde, wir haben sie wunderbar genutzt. Es macht so viel aus, wenn wir alle einfach Zeit haben. Im Sommer war es schon teilweise doof, dass der Mann dennoch arbeiten musste und wir so in unseren M&#246;glichkeiten eingeschr&#228;nkt waren. Jetzt, wo wirklich alle frei haben, kann man die Zeit viel intensiver als Familie nutzen und vor allem Tags&#252;ber sind wir viel zusammen unterwegs. Teilweise hat der Mann mit den Jungs Stunden auf dem Spielplatz verbracht und diesen herbstlichen Sonnenschein voll ausgenutzt, auch wenn es am Morgen inzwischen fast schon winterlich kalt ist und es schon Frost gab. Das ruft dann auch den Garten noch einmal auf den Plan, den wir nun f&#252;r die kalte Jahreszeit vorbereiten m&#252;ssen. Es gab ganz wunderbar herbstliche Wochenlieblinge diese Woche und die m&#246;chte ich euch heute gerne zeigen. Es waren viele kleine Highlight-Momente f&#252;r mich dazwischen. Unsere Wochenlieblinge in dieser Woche\u2026 Gleich zu Beginn der Woche erf&#252;llte der Mann mir einen Wunsch: Wir fuhren nach Klaistow zur K&#252;rbisausstellung. Schon lange waren wir nicht mehr auf dem Spargelhof und ich wei&#223;, dass sie dort jedes Jahr eine tolle Ausstellung haben zu verschiedenen Themen. Dieses Jahr war das Thema scheinbar Musik und es gab viele coole K&#252;rbis-Skulpturen zu sehen. Ich habe viele Fotos an dem Tag gemacht, k&#246;nnte euch also so viel mehr von dem Tag zeigen. Vielleicht mache ich das bei Gelegenheit einfach mal&#8230; ich liebe den K&#252;rbis als Fotomotiv einfach sehr. Allgemein ist es ein sch&#246;nes Ausflugsziel mit einem tollen Spielplatz und leckerem Essen. Nur zu empfehlen. Das Wetter spielte nach anf&#228;nglichem Regen auch wunderbar mit und so verbrachten wir viele Stunden dort. Highlight f&#252;r die Kinder war aber sicherlich das Maislabyrinth, das wir auch noch aufsuchten. Dieses befindet sich direkt neben dem Hof und&nbsp; ist recht gro&#223; aufgebaut. 10 Stationen gilt es darin zu finden und Fragen zu beantworten oder Bilder-Paare zu suchen, die einfache Variante f&#252;r Kinder. &#220;ber eine Stunde verbrachten wir da drin, bis wir endlich alles gefunden hatten. Teilweise fing man schon an sich mit anderen Leuten auszutauschen, weil man sich immer wieder &#252;ber den Weg lief *lach*. Am Ende fanden der kleine Sohn und ich das letzte Ziel durch Zufall, als wir eigentlich schon mal rausgehen wollten. So kann es gehen. Es war so herrlich durch dieses Feld zu laufen, das Rauschen vom Mais zu h&#246;ren, w&#228;hrend der Wind ihn durch raschelte und die Sonne &#252;ber uns schien. Hach, ich habe diesen Tag wirklich sehr genossen und es ist das erste Mal seit einer Ewigkeit, dass der kleine Sohn danach so platt war, dass er einfach im Auto einschlief. Diese Woche bauten wir dann auch unseren neue Esstisch auf. Ich erw&#228;hnte ihn, glaube ich, schon einmal kurz. Er ist einer meiner pers&#246;nlichen Wochenlieblinge, denn ich w&#252;nsche mir schon seit einem Jahr einen runden Esstisch zum Ausziehen und mein Plan ging auf. Er lockert die Atmosph&#228;re im Wohnzimmer so sehr auf. Es wirkt nicht mehr so erdr&#252;ckend alles. Ich liebe es. Die Gelegenheit habe ich gleich nochmal f&#252;r andere Modifikationen genutzt und neue Kissenbez&#252;ge und Vorh&#228;nge gekauft. Alles in senfgelb. Ich hole mir gerade den Herbst ins Haus mit K&#252;rbissen und mehr. Nach und nach f&#252;hle ich mich hier wieder wohl zu Hause. Die Kinder haben mir dann f&#252;r die Bilderrahmen sch&#246;ne Halloweenbilder mit Flederm&#228;usen, Herbstb&#228;umen und K&#252;rbissen gemalt. Wobei ich jetzt in der Essecke eine Fotowand plane. Daf&#252;r brauche ich dringend noch ein Konzept. Wie geht ihr denn an so etwas ran? Wenn der Nagel erst einmal drin ist, kann man es so schnell nicht mehr &#228;ndern. Ich selber habe ja nun die Brushpen diese Woche noch f&#252;r mich entdeckt und m&#246;chte mich mit ein zwei Herbstfarben dazu nochmal eindecken. Da kann ich noch ein paar Herbstbilder f&#252;r die Bilderecke kreieren. Was denkt ihr? Das z&#228;hlt auf jeden Fall auch zu meinen Erfolgserlebnissen diese Woche. Unsere Lieblinge aus der Blogsph&#228;re! Ich habe mir diese Woche auch mal etwas Zeit f&#252;r mich geg&#246;nnt, wenn die M&#228;nner zum Spielplatz sind und ein bisschen etwas abgearbeitet. Ist es bei euch auch so kalt vormittags geworden? Warme Milch steht nun auf dem Tagesprogramm und so eine Katzenw&#228;rmflasche auf dem Scho&#223; ist doch eigentlich auch nicht schlecht, oder? Ich habe dann auch wieder ein paar Wochenlieblinge aus der Blogsph&#228;re f&#252;r euch gesammelt und hier zusammen gestellt. Schaut dort doch auch gerne mal vorbei: Igel im Winter helfen &#8211; Eule aus Klorollen &#8211; So erstellst du eine Bilderwand &#8211; Pizza K&#252;rbisse &#8211; Herbstbl&#228;tter Untersetzer aus Modeliermasse &#8211; Baumgesichter. Was waren eure Wochenlieblinge der Woche? *Anmerkung:&nbsp;Der Artikel &#252;ber unsere Wochenlieblinge enth&#228;lt evtl. Bilder mit Produkten, die wir in unserem Alltag nutzen oder Linkempfehlungen. Wir haben keine Bezahlung f&#252;r das Zeigen oder Nutzen derselbigen erhalten. Affiliate Links sind als solche markiert.<\/p>\n","protected":false},"author":1,"featured_media":53563,"comment_status":"open","ping_status":"open","sticky":false,"template":"","format":"standard","meta":{"ngg_post_thumbnail":0,"footnotes":""},"categories":[323,49],"tags":[780,781,45,69,2605,2062,3027,81,3025,856,3026,2161],"class_list":["post-53562","post","type-post","status-publish","format-standard","has-post-thumbnail","hentry","category-alltag","category-blogspaehre","tag-freitags5","tag-freitagslieblinge","tag-alltag","tag-familie","tag-gluecksmomente","tag-highlights","tag-kuerbisausstellung","tag-kinder","tag-klaistow","tag-leben-mit-kindern","tag-maislabyrinth","tag-wochenlieblinge"],"yoast_head":"<!-- This site is optimized with the Yoast SEO plugin v27.4 - https:\/\/yoast.com\/product\/yoast-seo-wordpress\/ -->\n<title>Unsere Wochenlieblinge 42\/2021 - Ganz gro\u00dfes K\u00fcrbis-Gl\u00fcck<\/title>\n<meta name=\"description\" content=\"Es gab ganz wunderbar herbstliche Wochenlieblinge diese Woche und die m\u00f6chte ich euch heute gerne zeigen. Es waren viele kleine...\" \/>\n<meta name=\"robots\" content=\"index, follow, max-snippet:-1, max-image-preview:large, max-video-preview:-1\" \/>\n<link rel=\"canonical\" href=\"https:\/\/www.heldenhaushalt.de\/sari02\/index.php\/2021\/10\/15\/unsere-wochenlieblinge-422021\/\" \/>\n<meta property=\"og:locale\" content=\"de_DE\" \/>\n<meta property=\"og:type\" content=\"article\" \/>\n<meta property=\"og:title\" content=\"Unsere Wochenlieblinge 42\/2021 - Ganz gro\u00dfes K\u00fcrbis-Gl\u00fcck\" \/>\n<meta property=\"og:description\" content=\"Es gab ganz wunderbar herbstliche Wochenlieblinge diese Woche und die m\u00f6chte ich euch heute gerne zeigen. Es waren viele kleine...\" \/>\n<meta property=\"og:url\" content=\"https:\/\/www.heldenhaushalt.de\/sari02\/index.php\/2021\/10\/15\/unsere-wochenlieblinge-422021\/\" \/>\n<meta property=\"og:site_name\" content=\"Heldenhaushalt\" \/>\n<meta property=\"article:published_time\" content=\"2021-10-15T07:53:30+00:00\" \/>\n<meta property=\"article:modified_time\" content=\"2021-10-15T08:16:07+00:00\" \/>\n<meta property=\"og:image\" content=\"https:\/\/www.heldenhaushalt.de\/sari02\/wp-content\/uploads\/2021\/10\/42-00.jpg\" \/>\n\t<meta property=\"og:image:width\" content=\"1000\" \/>\n\t<meta property=\"og:image:height\" content=\"697\" \/>\n\t<meta property=\"og:image:type\" content=\"image\/jpeg\" \/>\n<meta name=\"author\" content=\"Sari\" \/>\n<meta name=\"twitter:card\" content=\"summary_large_image\" \/>\n<meta name=\"twitter:creator\" content=\"@Heldenhaushalt\" \/>\n<meta name=\"twitter:site\" content=\"@Heldenhaushalt\" \/>\n<meta name=\"twitter:label1\" content=\"Verfasst von\" \/>\n\t<meta name=\"twitter:data1\" content=\"Sari\" \/>\n\t<meta name=\"twitter:label2\" content=\"Gesch\u00e4tzte Lesezeit\" \/>\n\t<meta name=\"twitter:data2\" content=\"4\u00a0Minuten\" \/>\n<script type=\"application\/ld+json\" class=\"yoast-schema-graph\">{\"@context\":\"https:\\\/\\\/schema.org\",\"@graph\":[{\"@type\":\"Article\",\"@id\":\"https:\\\/\\\/www.heldenhaushalt.de\\\/sari02\\\/index.php\\\/2021\\\/10\\\/15\\\/unsere-wochenlieblinge-422021\\\/#article\",\"isPartOf\":{\"@id\":\"https:\\\/\\\/www.heldenhaushalt.de\\\/sari02\\\/index.php\\\/2021\\\/10\\\/15\\\/unsere-wochenlieblinge-422021\\\/\"},\"author\":{\"name\":\"Sari\",\"@id\":\"https:\\\/\\\/www.heldenhaushalt.de\\\/sari02\\\/#\\\/schema\\\/person\\\/a1cc69f42a01f412eb62c151353814f6\"},\"headline\":\"Unsere Wochenlieblinge 42\\\/2021 &#8211; Ganz gro&#223;es K&#252;rbis-Gl&#252;ck\",\"datePublished\":\"2021-10-15T07:53:30+00:00\",\"dateModified\":\"2021-10-15T08:16:07+00:00\",\"mainEntityOfPage\":{\"@id\":\"https:\\\/\\\/www.heldenhaushalt.de\\\/sari02\\\/index.php\\\/2021\\\/10\\\/15\\\/unsere-wochenlieblinge-422021\\\/\"},\"wordCount\":858,\"commentCount\":0,\"publisher\":{\"@id\":\"https:\\\/\\\/www.heldenhaushalt.de\\\/sari02\\\/#\\\/schema\\\/person\\\/a1cc69f42a01f412eb62c151353814f6\"},\"image\":{\"@id\":\"https:\\\/\\\/www.heldenhaushalt.de\\\/sari02\\\/index.php\\\/2021\\\/10\\\/15\\\/unsere-wochenlieblinge-422021\\\/#primaryimage\"},\"thumbnailUrl\":\"https:\\\/\\\/www.heldenhaushalt.de\\\/sari02\\\/wp-content\\\/uploads\\\/2021\\\/10\\\/42-00.jpg\",\"keywords\":[\"#Freitags5\",\"#Freitagslieblinge\",\"Allt\u00e4glich\",\"Familie\",\"Gl\u00fccksmomente\",\"Highlights\",\"K\u00fcrbisausstellung\",\"Kinder\",\"Klaistow\",\"Leben mit Kindern\",\"Maislabyrinth\",\"Wochenlieblinge\"],\"articleSection\":[\"Alltagschaos\",\"Blogsph\u00e4re\"],\"inLanguage\":\"de\",\"potentialAction\":[{\"@type\":\"CommentAction\",\"name\":\"Comment\",\"target\":[\"https:\\\/\\\/www.heldenhaushalt.de\\\/sari02\\\/index.php\\\/2021\\\/10\\\/15\\\/unsere-wochenlieblinge-422021\\\/#respond\"]}]},{\"@type\":\"WebPage\",\"@id\":\"https:\\\/\\\/www.heldenhaushalt.de\\\/sari02\\\/index.php\\\/2021\\\/10\\\/15\\\/unsere-wochenlieblinge-422021\\\/\",\"url\":\"https:\\\/\\\/www.heldenhaushalt.de\\\/sari02\\\/index.php\\\/2021\\\/10\\\/15\\\/unsere-wochenlieblinge-422021\\\/\",\"name\":\"Unsere Wochenlieblinge 42\\\/2021 - Ganz gro\u00dfes K\u00fcrbis-Gl\u00fcck\",\"isPartOf\":{\"@id\":\"https:\\\/\\\/www.heldenhaushalt.de\\\/sari02\\\/#website\"},\"primaryImageOfPage\":{\"@id\":\"https:\\\/\\\/www.heldenhaushalt.de\\\/sari02\\\/index.php\\\/2021\\\/10\\\/15\\\/unsere-wochenlieblinge-422021\\\/#primaryimage\"},\"image\":{\"@id\":\"https:\\\/\\\/www.heldenhaushalt.de\\\/sari02\\\/index.php\\\/2021\\\/10\\\/15\\\/unsere-wochenlieblinge-422021\\\/#primaryimage\"},\"thumbnailUrl\":\"https:\\\/\\\/www.heldenhaushalt.de\\\/sari02\\\/wp-content\\\/uploads\\\/2021\\\/10\\\/42-00.jpg\",\"datePublished\":\"2021-10-15T07:53:30+00:00\",\"dateModified\":\"2021-10-15T08:16:07+00:00\",\"description\":\"Es gab ganz wunderbar herbstliche Wochenlieblinge diese Woche und die m\u00f6chte ich euch heute gerne zeigen. Es waren viele kleine...\",\"breadcrumb\":{\"@id\":\"https:\\\/\\\/www.heldenhaushalt.de\\\/sari02\\\/index.php\\\/2021\\\/10\\\/15\\\/unsere-wochenlieblinge-422021\\\/#breadcrumb\"},\"inLanguage\":\"de\",\"potentialAction\":[{\"@type\":\"ReadAction\",\"target\":[\"https:\\\/\\\/www.heldenhaushalt.de\\\/sari02\\\/index.php\\\/2021\\\/10\\\/15\\\/unsere-wochenlieblinge-422021\\\/\"]}]},{\"@type\":\"ImageObject\",\"inLanguage\":\"de\",\"@id\":\"https:\\\/\\\/www.heldenhaushalt.de\\\/sari02\\\/index.php\\\/2021\\\/10\\\/15\\\/unsere-wochenlieblinge-422021\\\/#primaryimage\",\"url\":\"https:\\\/\\\/www.heldenhaushalt.de\\\/sari02\\\/wp-content\\\/uploads\\\/2021\\\/10\\\/42-00.jpg\",\"contentUrl\":\"https:\\\/\\\/www.heldenhaushalt.de\\\/sari02\\\/wp-content\\\/uploads\\\/2021\\\/10\\\/42-00.jpg\",\"width\":1000,\"height\":697,\"caption\":\"Wochenlieblinge\"},{\"@type\":\"BreadcrumbList\",\"@id\":\"https:\\\/\\\/www.heldenhaushalt.de\\\/sari02\\\/index.php\\\/2021\\\/10\\\/15\\\/unsere-wochenlieblinge-422021\\\/#breadcrumb\",\"itemListElement\":[{\"@type\":\"ListItem\",\"position\":1,\"name\":\"Startseite\",\"item\":\"https:\\\/\\\/www.heldenhaushalt.de\\\/sari02\\\/\"},{\"@type\":\"ListItem\",\"position\":2,\"name\":\"Unsere Wochenlieblinge 42\\\/2021 &#8211; Ganz gro&#223;es K&#252;rbis-Gl&#252;ck\"}]},{\"@type\":\"WebSite\",\"@id\":\"https:\\\/\\\/www.heldenhaushalt.de\\\/sari02\\\/#website\",\"url\":\"https:\\\/\\\/www.heldenhaushalt.de\\\/sari02\\\/\",\"name\":\"Heldenhaushalt\",\"description\":\"Wer es ordentlich haben will, der muss vorher anrufen\",\"publisher\":{\"@id\":\"https:\\\/\\\/www.heldenhaushalt.de\\\/sari02\\\/#\\\/schema\\\/person\\\/a1cc69f42a01f412eb62c151353814f6\"},\"potentialAction\":[{\"@type\":\"SearchAction\",\"target\":{\"@type\":\"EntryPoint\",\"urlTemplate\":\"https:\\\/\\\/www.heldenhaushalt.de\\\/sari02\\\/?s={search_term_string}\"},\"query-input\":{\"@type\":\"PropertyValueSpecification\",\"valueRequired\":true,\"valueName\":\"search_term_string\"}}],\"inLanguage\":\"de\"},{\"@type\":[\"Person\",\"Organization\"],\"@id\":\"https:\\\/\\\/www.heldenhaushalt.de\\\/sari02\\\/#\\\/schema\\\/person\\\/a1cc69f42a01f412eb62c151353814f6\",\"name\":\"Sari\",\"image\":{\"@type\":\"ImageObject\",\"inLanguage\":\"de\",\"@id\":\"https:\\\/\\\/www.heldenhaushalt.de\\\/sari02\\\/wp-content\\\/uploads\\\/2019\\\/02\\\/sari-april2018.png\",\"url\":\"https:\\\/\\\/www.heldenhaushalt.de\\\/sari02\\\/wp-content\\\/uploads\\\/2019\\\/02\\\/sari-april2018.png\",\"contentUrl\":\"https:\\\/\\\/www.heldenhaushalt.de\\\/sari02\\\/wp-content\\\/uploads\\\/2019\\\/02\\\/sari-april2018.png\",\"width\":500,\"height\":500,\"caption\":\"Sari\"},\"logo\":{\"@id\":\"https:\\\/\\\/www.heldenhaushalt.de\\\/sari02\\\/wp-content\\\/uploads\\\/2019\\\/02\\\/sari-april2018.png\"},\"description\":\"Frau Mondgras \u2013 Das bin ich, Sari. Gerne auch als Sari Mondgras bekannt und im Internet zu finden. 2-Fach-Mutter, Heldenehefrau, Kreativling, Harmonies\u00fcchtig und st\u00e4ndig auf der Suche nach Gl\u00fcck. Ich komme aus Berlin, bin hier aufgewachsen und lebe hier seit ich denken kann.\",\"sameAs\":[\"https:\\\/\\\/www.instagram.com\\\/heldenhaushalt\\\/\"],\"url\":\"https:\\\/\\\/www.heldenhaushalt.de\\\/sari02\\\/index.php\\\/author\\\/admin\\\/\"}]}<\/script>\n<!-- \/ Yoast SEO plugin. -->","yoast_head_json":{"title":"Unsere Wochenlieblinge 42\/2021 - Ganz gro\u00dfes K\u00fcrbis-Gl\u00fcck","description":"Es gab ganz wunderbar herbstliche Wochenlieblinge diese Woche und die m\u00f6chte ich euch heute gerne zeigen. Es waren viele kleine...","robots":{"index":"index","follow":"follow","max-snippet":"max-snippet:-1","max-image-preview":"max-image-preview:large","max-video-preview":"max-video-preview:-1"},"canonical":"https:\/\/www.heldenhaushalt.de\/sari02\/index.php\/2021\/10\/15\/unsere-wochenlieblinge-422021\/","og_locale":"de_DE","og_type":"article","og_title":"Unsere Wochenlieblinge 42\/2021 - Ganz gro\u00dfes K\u00fcrbis-Gl\u00fcck","og_description":"Es gab ganz wunderbar herbstliche Wochenlieblinge diese Woche und die m\u00f6chte ich euch heute gerne zeigen. Es waren viele kleine...","og_url":"https:\/\/www.heldenhaushalt.de\/sari02\/index.php\/2021\/10\/15\/unsere-wochenlieblinge-422021\/","og_site_name":"Heldenhaushalt","article_published_time":"2021-10-15T07:53:30+00:00","article_modified_time":"2021-10-15T08:16:07+00:00","og_image":[{"width":1000,"height":697,"url":"https:\/\/www.heldenhaushalt.de\/sari02\/wp-content\/uploads\/2021\/10\/42-00.jpg","type":"image\/jpeg"}],"author":"Sari","twitter_card":"summary_large_image","twitter_creator":"@Heldenhaushalt","twitter_site":"@Heldenhaushalt","twitter_misc":{"Verfasst von":"Sari","Gesch\u00e4tzte Lesezeit":"4\u00a0Minuten"},"schema":{"@context":"https:\/\/schema.org","@graph":[{"@type":"Article","@id":"https:\/\/www.heldenhaushalt.de\/sari02\/index.php\/2021\/10\/15\/unsere-wochenlieblinge-422021\/#article","isPartOf":{"@id":"https:\/\/www.heldenhaushalt.de\/sari02\/index.php\/2021\/10\/15\/unsere-wochenlieblinge-422021\/"},"author":{"name":"Sari","@id":"https:\/\/www.heldenhaushalt.de\/sari02\/#\/schema\/person\/a1cc69f42a01f412eb62c151353814f6"},"headline":"Unsere Wochenlieblinge 42\/2021 &#8211; Ganz gro&#223;es K&#252;rbis-Gl&#252;ck","datePublished":"2021-10-15T07:53:30+00:00","dateModified":"2021-10-15T08:16:07+00:00","mainEntityOfPage":{"@id":"https:\/\/www.heldenhaushalt.de\/sari02\/index.php\/2021\/10\/15\/unsere-wochenlieblinge-422021\/"},"wordCount":858,"commentCount":0,"publisher":{"@id":"https:\/\/www.heldenhaushalt.de\/sari02\/#\/schema\/person\/a1cc69f42a01f412eb62c151353814f6"},"image":{"@id":"https:\/\/www.heldenhaushalt.de\/sari02\/index.php\/2021\/10\/15\/unsere-wochenlieblinge-422021\/#primaryimage"},"thumbnailUrl":"https:\/\/www.heldenhaushalt.de\/sari02\/wp-content\/uploads\/2021\/10\/42-00.jpg","keywords":["#Freitags5","#Freitagslieblinge","Allt\u00e4glich","Familie","Gl\u00fccksmomente","Highlights","K\u00fcrbisausstellung","Kinder","Klaistow","Leben mit Kindern","Maislabyrinth","Wochenlieblinge"],"articleSection":["Alltagschaos","Blogsph\u00e4re"],"inLanguage":"de","potentialAction":[{"@type":"CommentAction","name":"Comment","target":["https:\/\/www.heldenhaushalt.de\/sari02\/index.php\/2021\/10\/15\/unsere-wochenlieblinge-422021\/#respond"]}]},{"@type":"WebPage","@id":"https:\/\/www.heldenhaushalt.de\/sari02\/index.php\/2021\/10\/15\/unsere-wochenlieblinge-422021\/","url":"https:\/\/www.heldenhaushalt.de\/sari02\/index.php\/2021\/10\/15\/unsere-wochenlieblinge-422021\/","name":"Unsere Wochenlieblinge 42\/2021 - Ganz gro\u00dfes K\u00fcrbis-Gl\u00fcck","isPartOf":{"@id":"https:\/\/www.heldenhaushalt.de\/sari02\/#website"},"primaryImageOfPage":{"@id":"https:\/\/www.heldenhaushalt.de\/sari02\/index.php\/2021\/10\/15\/unsere-wochenlieblinge-422021\/#primaryimage"},"image":{"@id":"https:\/\/www.heldenhaushalt.de\/sari02\/index.php\/2021\/10\/15\/unsere-wochenlieblinge-422021\/#primaryimage"},"thumbnailUrl":"https:\/\/www.heldenhaushalt.de\/sari02\/wp-content\/uploads\/2021\/10\/42-00.jpg","datePublished":"2021-10-15T07:53:30+00:00","dateModified":"2021-10-15T08:16:07+00:00","description":"Es gab ganz wunderbar herbstliche Wochenlieblinge diese Woche und die m\u00f6chte ich euch heute gerne zeigen. Es waren viele kleine...","breadcrumb":{"@id":"https:\/\/www.heldenhaushalt.de\/sari02\/index.php\/2021\/10\/15\/unsere-wochenlieblinge-422021\/#breadcrumb"},"inLanguage":"de","potentialAction":[{"@type":"ReadAction","target":["https:\/\/www.heldenhaushalt.de\/sari02\/index.php\/2021\/10\/15\/unsere-wochenlieblinge-422021\/"]}]},{"@type":"ImageObject","inLanguage":"de","@id":"https:\/\/www.heldenhaushalt.de\/sari02\/index.php\/2021\/10\/15\/unsere-wochenlieblinge-422021\/#primaryimage","url":"https:\/\/www.heldenhaushalt.de\/sari02\/wp-content\/uploads\/2021\/10\/42-00.jpg","contentUrl":"https:\/\/www.heldenhaushalt.de\/sari02\/wp-content\/uploads\/2021\/10\/42-00.jpg","width":1000,"height":697,"caption":"Wochenlieblinge"},{"@type":"BreadcrumbList","@id":"https:\/\/www.heldenhaushalt.de\/sari02\/index.php\/2021\/10\/15\/unsere-wochenlieblinge-422021\/#breadcrumb","itemListElement":[{"@type":"ListItem","position":1,"name":"Startseite","item":"https:\/\/www.heldenhaushalt.de\/sari02\/"},{"@type":"ListItem","position":2,"name":"Unsere Wochenlieblinge 42\/2021 &#8211; Ganz gro&#223;es K&#252;rbis-Gl&#252;ck"}]},{"@type":"WebSite","@id":"https:\/\/www.heldenhaushalt.de\/sari02\/#website","url":"https:\/\/www.heldenhaushalt.de\/sari02\/","name":"Heldenhaushalt","description":"Wer es ordentlich haben will, der muss vorher anrufen","publisher":{"@id":"https:\/\/www.heldenhaushalt.de\/sari02\/#\/schema\/person\/a1cc69f42a01f412eb62c151353814f6"},"potentialAction":[{"@type":"SearchAction","target":{"@type":"EntryPoint","urlTemplate":"https:\/\/www.heldenhaushalt.de\/sari02\/?s={search_term_string}"},"query-input":{"@type":"PropertyValueSpecification","valueRequired":true,"valueName":"search_term_string"}}],"inLanguage":"de"},{"@type":["Person","Organization"],"@id":"https:\/\/www.heldenhaushalt.de\/sari02\/#\/schema\/person\/a1cc69f42a01f412eb62c151353814f6","name":"Sari","image":{"@type":"ImageObject","inLanguage":"de","@id":"https:\/\/www.heldenhaushalt.de\/sari02\/wp-content\/uploads\/2019\/02\/sari-april2018.png","url":"https:\/\/www.heldenhaushalt.de\/sari02\/wp-content\/uploads\/2019\/02\/sari-april2018.png","contentUrl":"https:\/\/www.heldenhaushalt.de\/sari02\/wp-content\/uploads\/2019\/02\/sari-april2018.png","width":500,"height":500,"caption":"Sari"},"logo":{"@id":"https:\/\/www.heldenhaushalt.de\/sari02\/wp-content\/uploads\/2019\/02\/sari-april2018.png"},"description":"Frau Mondgras \u2013 Das bin ich, Sari. Gerne auch als Sari Mondgras bekannt und im Internet zu finden. 2-Fach-Mutter, Heldenehefrau, Kreativling, Harmonies\u00fcchtig und st\u00e4ndig auf der Suche nach Gl\u00fcck. Ich komme aus Berlin, bin hier aufgewachsen und lebe hier seit ich denken kann.","sameAs":["https:\/\/www.instagram.com\/heldenhaushalt\/"],"url":"https:\/\/www.heldenhaushalt.de\/sari02\/index.php\/author\/admin\/"}]}},"views":1978,"_links":{"self":[{"href":"https:\/\/www.heldenhaushalt.de\/sari02\/index.php\/wp-json\/wp\/v2\/posts\/53562","targetHints":{"allow":["GET"]}}],"collection":[{"href":"https:\/\/www.heldenhaushalt.de\/sari02\/index.php\/wp-json\/wp\/v2\/posts"}],"about":[{"href":"https:\/\/www.heldenhaushalt.de\/sari02\/index.php\/wp-json\/wp\/v2\/types\/post"}],"author":[{"embeddable":true,"href":"https:\/\/www.heldenhaushalt.de\/sari02\/index.php\/wp-json\/wp\/v2\/users\/1"}],"replies":[{"embeddable":true,"href":"https:\/\/www.heldenhaushalt.de\/sari02\/index.php\/wp-json\/wp\/v2\/comments?post=53562"}],"version-history":[{"count":2,"href":"https:\/\/www.heldenhaushalt.de\/sari02\/index.php\/wp-json\/wp\/v2\/posts\/53562\/revisions"}],"predecessor-version":[{"id":53570,"href":"https:\/\/www.heldenhaushalt.de\/sari02\/index.php\/wp-json\/wp\/v2\/posts\/53562\/revisions\/53570"}],"wp:featuredmedia":[{"embeddable":true,"href":"https:\/\/www.heldenhaushalt.de\/sari02\/index.php\/wp-json\/wp\/v2\/media\/53563"}],"wp:attachment":[{"href":"https:\/\/www.heldenhaushalt.de\/sari02\/index.php\/wp-json\/wp\/v2\/media?parent=53562"}],"wp:term":[{"taxonomy":"category","embeddable":true,"href":"https:\/\/www.heldenhaushalt.de\/sari02\/index.php\/wp-json\/wp\/v2\/categories?post=53562"},{"taxonomy":"post_tag","embeddable":true,"href":"https:\/\/www.heldenhaushalt.de\/sari02\/index.php\/wp-json\/wp\/v2\/tags?post=53562"}],"curies":[{"name":"wp","href":"https:\/\/api.w.org\/{rel}","templated":true}]}}