{"id":54152,"date":"2021-12-17T13:09:41","date_gmt":"2021-12-17T12:09:41","guid":{"rendered":"https:\/\/www.heldenhaushalt.de\/sari02\/?p=54152"},"modified":"2021-12-17T13:09:41","modified_gmt":"2021-12-17T12:09:41","slug":"unsere-wochenlieblinge-512021","status":"publish","type":"post","link":"https:\/\/www.heldenhaushalt.de\/sari02\/index.php\/2021\/12\/17\/unsere-wochenlieblinge-512021\/","title":{"rendered":"Unsere Wochenlieblinge 51\/2021 &#8211; Noch &#8230; Mal schlafen bis Weihnachten"},"content":{"rendered":"<p style=\"text-align: right;\"><small>Enth&#228;lt (unbezahlte) Werbung*<\/small><\/p>\n<p>Ich bekomme nun jeden Tag einen Countdown von meinem kleinen Sohn, denn das n&#228;chste gro&#223;e Highlight ist nat&#252;rlich Weihnachten. Noch x Mal schlafen, dann ist endlich Weihnachten. Jeden Tag kommt der Sohn zu mir und teilt mir mit, wie viele Tage es noch sind. Wie Weihnachten nun am Ende f&#252;r uns werden wird, das wird sich noch zeigen, aber bis dahin genie&#223;en wir die kleinen Momente, die f&#252;r uns Wochenlieblinge werden.<\/p>\n<h2>Unsere Wochenlieblinge in dieser Woche\u2026<\/h2>\n<p>Mir fehlt ein wenig <a href=\"https:\/\/www.heldenhaushalt.de\/sari02\/index.php\/2021\/12\/10\/unsere-wochenlieblinge-502021\/\">dieses positive Winterfeeling der letzten Woche<\/a>. Der Tag mit Schnee und Rodeln war einfach nur sch&#246;n und tat unglaublich gut. Nun steht der Schlitten vor dem Haus und wartet auf mehr solcher Tage.<\/p>\n<p><img loading=\"lazy\" decoding=\"async\" class=\"alignnone size-full wp-image-54158\" src=\"https:\/\/www.heldenhaushalt.de\/sari02\/wp-content\/uploads\/2021\/12\/51-06.jpg\" alt=\"Wochenlieblinge\" width=\"1000\" height=\"710\" srcset=\"https:\/\/www.heldenhaushalt.de\/sari02\/wp-content\/uploads\/2021\/12\/51-06.jpg 1000w, https:\/\/www.heldenhaushalt.de\/sari02\/wp-content\/uploads\/2021\/12\/51-06-300x213.jpg 300w, https:\/\/www.heldenhaushalt.de\/sari02\/wp-content\/uploads\/2021\/12\/51-06-768x545.jpg 768w\" sizes=\"auto, (max-width: 1000px) 100vw, 1000px\" \/><\/p>\n<p>Stattdessen ging ich am Montag Vormittag bei 8 milden Grad laufen. 6 Kilometer sollten es nochmal werden, denn am Nachmittag w&#252;rden wir geboostert werden und dann f&#228;llt der Sport erst einmal eine Weile flach. Vorsorgen quasi.&nbsp;<\/p>\n<p><img loading=\"lazy\" decoding=\"async\" class=\"alignnone size-full wp-image-54157\" src=\"https:\/\/www.heldenhaushalt.de\/sari02\/wp-content\/uploads\/2021\/12\/51-05.jpg\" alt=\"Wochenlieblinge\" width=\"1000\" height=\"726\" srcset=\"https:\/\/www.heldenhaushalt.de\/sari02\/wp-content\/uploads\/2021\/12\/51-05.jpg 1000w, https:\/\/www.heldenhaushalt.de\/sari02\/wp-content\/uploads\/2021\/12\/51-05-300x218.jpg 300w, https:\/\/www.heldenhaushalt.de\/sari02\/wp-content\/uploads\/2021\/12\/51-05-768x558.jpg 768w, https:\/\/www.heldenhaushalt.de\/sari02\/wp-content\/uploads\/2021\/12\/51-05-330x240.jpg 330w\" sizes=\"auto, (max-width: 1000px) 100vw, 1000px\" \/><\/p>\n<p>Relativ kurzfristig und spontan fanden wir einen Termin zum Boostern und nahmen den direkt war. So fanden sich der Mann und ich uns am Montag also f&#252;r die dritte Impfung bei einer Neurologin ein. Etwas Bammel hatte ich ja schon, nachdem ich die letzte nicht ganz so gut weggesteckt habe. Es ging aber grunds&#228;tzlich dieses Mal. Schmerzen in Arm, Nacken und Kopf, m&#252;de, ein wenig Gelenkschmerzen. Aber nicht zu vergleichen mit der letzten Impfreaktion. Puuuh&#8230;<\/p>\n<p><img loading=\"lazy\" decoding=\"async\" class=\"alignnone size-full wp-image-54156\" src=\"https:\/\/www.heldenhaushalt.de\/sari02\/wp-content\/uploads\/2021\/12\/51-04.jpg\" alt=\"Obstmandala\" width=\"1000\" height=\"696\" srcset=\"https:\/\/www.heldenhaushalt.de\/sari02\/wp-content\/uploads\/2021\/12\/51-04.jpg 1000w, https:\/\/www.heldenhaushalt.de\/sari02\/wp-content\/uploads\/2021\/12\/51-04-300x209.jpg 300w, https:\/\/www.heldenhaushalt.de\/sari02\/wp-content\/uploads\/2021\/12\/51-04-768x535.jpg 768w\" sizes=\"auto, (max-width: 1000px) 100vw, 1000px\" \/><\/p>\n<p>F&#252;r die interne kleine Weihnachtsfeier der Kita gab es dieses Jahr auf Wunsch des Kitakindes ein Obstmandala f&#252;r alle. Die muss ich auch f&#252;r zu Hause mal wieder &#246;fter machen.<\/p>\n<p><img loading=\"lazy\" decoding=\"async\" class=\"alignnone size-full wp-image-54154\" src=\"https:\/\/www.heldenhaushalt.de\/sari02\/wp-content\/uploads\/2021\/12\/51-02.jpg\" alt=\"MittagsaufdenTisch\" width=\"1000\" height=\"719\" srcset=\"https:\/\/www.heldenhaushalt.de\/sari02\/wp-content\/uploads\/2021\/12\/51-02.jpg 1000w, https:\/\/www.heldenhaushalt.de\/sari02\/wp-content\/uploads\/2021\/12\/51-02-300x216.jpg 300w, https:\/\/www.heldenhaushalt.de\/sari02\/wp-content\/uploads\/2021\/12\/51-02-768x552.jpg 768w\" sizes=\"auto, (max-width: 1000px) 100vw, 1000px\" \/><\/p>\n<p>Der Mann und ich st&#228;rkten uns nach der Impfung nach langer Zeit mal wieder mit Rosenkohl und immer wenn ich das esse, wundere ich mich &#252;ber mich selber, dass ich dieses Gem&#252;se inzwischen so mag, denn als Kind bekam ich nur beim Gedanken daran direkt einen W&#252;rgereiz *lach*.<\/p>\n<p><img loading=\"lazy\" decoding=\"async\" class=\"alignnone size-full wp-image-54153\" src=\"https:\/\/www.heldenhaushalt.de\/sari02\/wp-content\/uploads\/2021\/12\/51-01.jpg\" alt=\"Wochenlieblinge\" width=\"1000\" height=\"713\" srcset=\"https:\/\/www.heldenhaushalt.de\/sari02\/wp-content\/uploads\/2021\/12\/51-01.jpg 1000w, https:\/\/www.heldenhaushalt.de\/sari02\/wp-content\/uploads\/2021\/12\/51-01-300x214.jpg 300w, https:\/\/www.heldenhaushalt.de\/sari02\/wp-content\/uploads\/2021\/12\/51-01-768x548.jpg 768w\" sizes=\"auto, (max-width: 1000px) 100vw, 1000px\" \/><\/p>\n<p>Und dann haben wir es endlich auch geschafft den Baum aufzustellen. Wir haben uns kurzfristig doch f&#252;r den wei&#223;en Baum entschieden, da der gr&#252;ne nicht ganz so stabil steht. Ich gehe schon davon aus, dass das recht abenteuerlich mit den Katzen wird. Immerhin unser erstes Jahr mit Weihnachtsbaum und Katzen zugleich *lach*. Und statt traditioneller Farben oder gar dem typischen Harry Potter Thema, wird es dieses Jahr bei uns mal wieder pastellig s&#252;&#223;.<\/p>\n<h2>Unsere Lieblinge aus der Blogsph&#228;re!<\/h2>\n<p><img loading=\"lazy\" decoding=\"async\" class=\"alignnone size-full wp-image-54159\" src=\"https:\/\/www.heldenhaushalt.de\/sari02\/wp-content\/uploads\/2021\/12\/51-07.jpg\" alt=\"Katzenkontent\" width=\"1000\" height=\"733\" srcset=\"https:\/\/www.heldenhaushalt.de\/sari02\/wp-content\/uploads\/2021\/12\/51-07.jpg 1000w, https:\/\/www.heldenhaushalt.de\/sari02\/wp-content\/uploads\/2021\/12\/51-07-300x220.jpg 300w, https:\/\/www.heldenhaushalt.de\/sari02\/wp-content\/uploads\/2021\/12\/51-07-768x563.jpg 768w\" sizes=\"auto, (max-width: 1000px) 100vw, 1000px\" \/><\/p>\n<p>Zum Ende der Woche noch ein Frida-Kuschelbild. Es ist so s&#252;&#223;, wie sie sich vor der Heizung immer einrollt. Man m&#246;chte sich einfach jedes Mal dazulegen, wenn sie dort ist. Ob das ihre pers&#246;nlichen Wochenlieblinge sind? Diese Kuschelmomente&#8230;<\/p>\n<p>Ein paar Wochenlieblinge gab es auch wieder in der Blogsph&#228;re: <a href=\"https:\/\/www.tollabea.de\/schneeflocken-teelichter-aus-ton-weihnachtliches-basteln-mit-kindern-oder-auch-ohne\/\" target=\"_blank\" rel=\"noopener\">Schneeflocken Teelichter<\/a> &#8211; <a href=\"https:\/\/leelahloves.de\/2021\/12\/13\/diy-mini-sternleuchter-topfern\/\" target=\"_blank\" rel=\"noopener\">Mini Sternleuchter T&#246;pfern<\/a> &#8211; <a href=\"https:\/\/diekleinebotin.at\/duftkerzen-selber-machen-und-verschenken\/\" target=\"_blank\" rel=\"noopener\">Duftkerzen selber machen<\/a> &#8211; <a href=\"https:\/\/funkelfaden.de\/gratis-naehplaner-2022-zum-ausdrucken\/\" target=\"_blank\" rel=\"noopener\">Gratis N&#228;hplaner 2022<\/a> &#8211; <a href=\"https:\/\/butterflyfish.de\/noch-17-tage-bis-weihnachten-ein-printable-fuer-eure-weihnachtspost\/\" target=\"_blank\" rel=\"noopener\">Printable f&#252;r Weihnachtspost<\/a> &#8211; <a href=\"https:\/\/titatoni.de\/rezept-lebkuchen-zum-ausstechen\/\" target=\"_blank\" rel=\"noopener\">Lebkuchen zum Ausstechen<\/a>.<\/p>\n<p><strong>Was waren eure Wochenlieblinge der Woche?<\/strong><\/p>\n<p><small>*<strong>Anmerkung:<\/strong>&nbsp;Der Artikel &#252;ber unsere Wochenlieblinge enth&#228;lt evtl. Bilder mit Produkten, die wir in unserem Alltag nutzen oder Linkempfehlungen. Wir haben keine Bezahlung f&#252;r das Zeigen oder Nutzen derselbigen erhalten. Affiliate Links sind als solche markiert.<\/small><\/p>\n","protected":false},"excerpt":{"rendered":"<p>Enth&#228;lt (unbezahlte) Werbung* Ich bekomme nun jeden Tag einen Countdown von meinem kleinen Sohn, denn das n&#228;chste gro&#223;e Highlight ist nat&#252;rlich Weihnachten. Noch x Mal schlafen, dann ist endlich Weihnachten. Jeden Tag kommt der Sohn zu mir und teilt mir mit, wie viele Tage es noch sind. Wie Weihnachten nun am Ende f&#252;r uns werden wird, das wird sich noch zeigen, aber bis dahin genie&#223;en wir die kleinen Momente, die f&#252;r uns Wochenlieblinge werden. Unsere Wochenlieblinge in dieser Woche\u2026 Mir fehlt ein wenig dieses positive Winterfeeling der letzten Woche. Der Tag mit Schnee und Rodeln war einfach nur sch&#246;n und tat unglaublich gut. Nun steht der Schlitten vor dem Haus und wartet auf mehr solcher Tage. Stattdessen ging ich am Montag Vormittag bei 8 milden Grad laufen. 6 Kilometer sollten es nochmal werden, denn am Nachmittag w&#252;rden wir geboostert werden und dann f&#228;llt der Sport erst einmal eine Weile flach. Vorsorgen quasi.&nbsp; Relativ kurzfristig und spontan fanden wir einen Termin zum Boostern und nahmen den direkt war. So fanden sich der Mann und ich uns am Montag also f&#252;r die dritte Impfung bei einer Neurologin ein. Etwas Bammel hatte ich ja schon, nachdem ich die letzte nicht ganz so gut weggesteckt habe. Es ging aber grunds&#228;tzlich dieses Mal. Schmerzen in Arm, Nacken und Kopf, m&#252;de, ein wenig Gelenkschmerzen. Aber nicht zu vergleichen mit der letzten Impfreaktion. Puuuh&#8230; F&#252;r die interne kleine Weihnachtsfeier der Kita gab es dieses Jahr auf Wunsch des Kitakindes ein Obstmandala f&#252;r alle. Die muss ich auch f&#252;r zu Hause mal wieder &#246;fter machen. Der Mann und ich st&#228;rkten uns nach der Impfung nach langer Zeit mal wieder mit Rosenkohl und immer wenn ich das esse, wundere ich mich &#252;ber mich selber, dass ich dieses Gem&#252;se inzwischen so mag, denn als Kind bekam ich nur beim Gedanken daran direkt einen W&#252;rgereiz *lach*. Und dann haben wir es endlich auch geschafft den Baum aufzustellen. Wir haben uns kurzfristig doch f&#252;r den wei&#223;en Baum entschieden, da der gr&#252;ne nicht ganz so stabil steht. Ich gehe schon davon aus, dass das recht abenteuerlich mit den Katzen wird. Immerhin unser erstes Jahr mit Weihnachtsbaum und Katzen zugleich *lach*. Und statt traditioneller Farben oder gar dem typischen Harry Potter Thema, wird es dieses Jahr bei uns mal wieder pastellig s&#252;&#223;. Unsere Lieblinge aus der Blogsph&#228;re! Zum Ende der Woche noch ein Frida-Kuschelbild. Es ist so s&#252;&#223;, wie sie sich vor der Heizung immer einrollt. Man m&#246;chte sich einfach jedes Mal dazulegen, wenn sie dort ist. Ob das ihre pers&#246;nlichen Wochenlieblinge sind? Diese Kuschelmomente&#8230; Ein paar Wochenlieblinge gab es auch wieder in der Blogsph&#228;re: Schneeflocken Teelichter &#8211; Mini Sternleuchter T&#246;pfern &#8211; Duftkerzen selber machen &#8211; Gratis N&#228;hplaner 2022 &#8211; Printable f&#252;r Weihnachtspost &#8211; Lebkuchen zum Ausstechen. Was waren eure Wochenlieblinge der Woche? *Anmerkung:&nbsp;Der Artikel &#252;ber unsere Wochenlieblinge enth&#228;lt evtl. Bilder mit Produkten, die wir in unserem Alltag nutzen oder Linkempfehlungen. Wir haben keine Bezahlung f&#252;r das Zeigen oder Nutzen derselbigen erhalten. Affiliate Links sind als solche markiert.<\/p>\n","protected":false},"author":1,"featured_media":54155,"comment_status":"open","ping_status":"open","sticky":false,"template":"","format":"standard","meta":{"ngg_post_thumbnail":0,"footnotes":""},"categories":[323,49],"tags":[780,781,45,69,2062,81,3075,124,2161],"class_list":["post-54152","post","type-post","status-publish","format-standard","has-post-thumbnail","hentry","category-alltag","category-blogspaehre","tag-freitags5","tag-freitagslieblinge","tag-alltag","tag-familie","tag-highlights","tag-kinder","tag-obstmandala","tag-weihnachtsbaum","tag-wochenlieblinge"],"yoast_head":"<!-- This site is optimized with the Yoast SEO plugin v27.5 - https:\/\/yoast.com\/product\/yoast-seo-wordpress\/ -->\n<title>Unsere Wochenlieblinge 51\/2021 - Noch ... Mal schlafen bis Weihnachten<\/title>\n<meta name=\"description\" content=\"... , das wird sich noch zeigen, aber bis dahin genie\u00dfen wir die kleinen Momente, die f\u00fcr uns Wochenlieblinge werden.\" \/>\n<meta name=\"robots\" content=\"index, follow, max-snippet:-1, max-image-preview:large, max-video-preview:-1\" \/>\n<link rel=\"canonical\" href=\"https:\/\/www.heldenhaushalt.de\/sari02\/index.php\/2021\/12\/17\/unsere-wochenlieblinge-512021\/\" \/>\n<meta property=\"og:locale\" content=\"de_DE\" \/>\n<meta property=\"og:type\" content=\"article\" \/>\n<meta property=\"og:title\" content=\"Unsere Wochenlieblinge 51\/2021 - Noch ... Mal schlafen bis Weihnachten\" \/>\n<meta property=\"og:description\" content=\"... , das wird sich noch zeigen, aber bis dahin genie\u00dfen wir die kleinen Momente, die f\u00fcr uns Wochenlieblinge werden.\" \/>\n<meta property=\"og:url\" content=\"https:\/\/www.heldenhaushalt.de\/sari02\/index.php\/2021\/12\/17\/unsere-wochenlieblinge-512021\/\" \/>\n<meta property=\"og:site_name\" content=\"Heldenhaushalt\" \/>\n<meta property=\"article:published_time\" content=\"2021-12-17T12:09:41+00:00\" \/>\n<meta property=\"og:image\" content=\"https:\/\/www.heldenhaushalt.de\/sari02\/wp-content\/uploads\/2021\/12\/51-03.jpg\" \/>\n\t<meta property=\"og:image:width\" content=\"1000\" \/>\n\t<meta property=\"og:image:height\" content=\"714\" \/>\n\t<meta property=\"og:image:type\" content=\"image\/jpeg\" \/>\n<meta name=\"author\" content=\"Sari\" \/>\n<meta name=\"twitter:card\" content=\"summary_large_image\" \/>\n<meta name=\"twitter:creator\" content=\"@Heldenhaushalt\" \/>\n<meta name=\"twitter:site\" content=\"@Heldenhaushalt\" \/>\n<meta name=\"twitter:label1\" content=\"Verfasst von\" \/>\n\t<meta name=\"twitter:data1\" content=\"Sari\" \/>\n\t<meta name=\"twitter:label2\" content=\"Gesch\u00e4tzte Lesezeit\" \/>\n\t<meta name=\"twitter:data2\" content=\"4\u00a0Minuten\" \/>\n<script type=\"application\/ld+json\" class=\"yoast-schema-graph\">{\"@context\":\"https:\\\/\\\/schema.org\",\"@graph\":[{\"@type\":\"Article\",\"@id\":\"https:\\\/\\\/www.heldenhaushalt.de\\\/sari02\\\/index.php\\\/2021\\\/12\\\/17\\\/unsere-wochenlieblinge-512021\\\/#article\",\"isPartOf\":{\"@id\":\"https:\\\/\\\/www.heldenhaushalt.de\\\/sari02\\\/index.php\\\/2021\\\/12\\\/17\\\/unsere-wochenlieblinge-512021\\\/\"},\"author\":{\"name\":\"Sari\",\"@id\":\"https:\\\/\\\/www.heldenhaushalt.de\\\/sari02\\\/#\\\/schema\\\/person\\\/a1cc69f42a01f412eb62c151353814f6\"},\"headline\":\"Unsere Wochenlieblinge 51\\\/2021 &#8211; Noch &#8230; Mal schlafen bis Weihnachten\",\"datePublished\":\"2021-12-17T12:09:41+00:00\",\"mainEntityOfPage\":{\"@id\":\"https:\\\/\\\/www.heldenhaushalt.de\\\/sari02\\\/index.php\\\/2021\\\/12\\\/17\\\/unsere-wochenlieblinge-512021\\\/\"},\"wordCount\":533,\"commentCount\":0,\"publisher\":{\"@id\":\"https:\\\/\\\/www.heldenhaushalt.de\\\/sari02\\\/#\\\/schema\\\/person\\\/a1cc69f42a01f412eb62c151353814f6\"},\"image\":{\"@id\":\"https:\\\/\\\/www.heldenhaushalt.de\\\/sari02\\\/index.php\\\/2021\\\/12\\\/17\\\/unsere-wochenlieblinge-512021\\\/#primaryimage\"},\"thumbnailUrl\":\"https:\\\/\\\/www.heldenhaushalt.de\\\/sari02\\\/wp-content\\\/uploads\\\/2021\\\/12\\\/51-03.jpg\",\"keywords\":[\"#Freitags5\",\"#Freitagslieblinge\",\"Allt\u00e4glich\",\"Familie\",\"Highlights\",\"Kinder\",\"Obstmandala\",\"Weihnachtsbaum\",\"Wochenlieblinge\"],\"articleSection\":[\"Alltagschaos\",\"Blogsph\u00e4re\"],\"inLanguage\":\"de\",\"potentialAction\":[{\"@type\":\"CommentAction\",\"name\":\"Comment\",\"target\":[\"https:\\\/\\\/www.heldenhaushalt.de\\\/sari02\\\/index.php\\\/2021\\\/12\\\/17\\\/unsere-wochenlieblinge-512021\\\/#respond\"]}]},{\"@type\":\"WebPage\",\"@id\":\"https:\\\/\\\/www.heldenhaushalt.de\\\/sari02\\\/index.php\\\/2021\\\/12\\\/17\\\/unsere-wochenlieblinge-512021\\\/\",\"url\":\"https:\\\/\\\/www.heldenhaushalt.de\\\/sari02\\\/index.php\\\/2021\\\/12\\\/17\\\/unsere-wochenlieblinge-512021\\\/\",\"name\":\"Unsere Wochenlieblinge 51\\\/2021 - Noch ... Mal schlafen bis Weihnachten\",\"isPartOf\":{\"@id\":\"https:\\\/\\\/www.heldenhaushalt.de\\\/sari02\\\/#website\"},\"primaryImageOfPage\":{\"@id\":\"https:\\\/\\\/www.heldenhaushalt.de\\\/sari02\\\/index.php\\\/2021\\\/12\\\/17\\\/unsere-wochenlieblinge-512021\\\/#primaryimage\"},\"image\":{\"@id\":\"https:\\\/\\\/www.heldenhaushalt.de\\\/sari02\\\/index.php\\\/2021\\\/12\\\/17\\\/unsere-wochenlieblinge-512021\\\/#primaryimage\"},\"thumbnailUrl\":\"https:\\\/\\\/www.heldenhaushalt.de\\\/sari02\\\/wp-content\\\/uploads\\\/2021\\\/12\\\/51-03.jpg\",\"datePublished\":\"2021-12-17T12:09:41+00:00\",\"description\":\"... , das wird sich noch zeigen, aber bis dahin genie\u00dfen wir die kleinen Momente, die f\u00fcr uns Wochenlieblinge werden.\",\"breadcrumb\":{\"@id\":\"https:\\\/\\\/www.heldenhaushalt.de\\\/sari02\\\/index.php\\\/2021\\\/12\\\/17\\\/unsere-wochenlieblinge-512021\\\/#breadcrumb\"},\"inLanguage\":\"de\",\"potentialAction\":[{\"@type\":\"ReadAction\",\"target\":[\"https:\\\/\\\/www.heldenhaushalt.de\\\/sari02\\\/index.php\\\/2021\\\/12\\\/17\\\/unsere-wochenlieblinge-512021\\\/\"]}]},{\"@type\":\"ImageObject\",\"inLanguage\":\"de\",\"@id\":\"https:\\\/\\\/www.heldenhaushalt.de\\\/sari02\\\/index.php\\\/2021\\\/12\\\/17\\\/unsere-wochenlieblinge-512021\\\/#primaryimage\",\"url\":\"https:\\\/\\\/www.heldenhaushalt.de\\\/sari02\\\/wp-content\\\/uploads\\\/2021\\\/12\\\/51-03.jpg\",\"contentUrl\":\"https:\\\/\\\/www.heldenhaushalt.de\\\/sari02\\\/wp-content\\\/uploads\\\/2021\\\/12\\\/51-03.jpg\",\"width\":1000,\"height\":714,\"caption\":\"Wochenlieblinge\"},{\"@type\":\"BreadcrumbList\",\"@id\":\"https:\\\/\\\/www.heldenhaushalt.de\\\/sari02\\\/index.php\\\/2021\\\/12\\\/17\\\/unsere-wochenlieblinge-512021\\\/#breadcrumb\",\"itemListElement\":[{\"@type\":\"ListItem\",\"position\":1,\"name\":\"Startseite\",\"item\":\"https:\\\/\\\/www.heldenhaushalt.de\\\/sari02\\\/\"},{\"@type\":\"ListItem\",\"position\":2,\"name\":\"Unsere Wochenlieblinge 51\\\/2021 &#8211; Noch &#8230; Mal schlafen bis Weihnachten\"}]},{\"@type\":\"WebSite\",\"@id\":\"https:\\\/\\\/www.heldenhaushalt.de\\\/sari02\\\/#website\",\"url\":\"https:\\\/\\\/www.heldenhaushalt.de\\\/sari02\\\/\",\"name\":\"Heldenhaushalt\",\"description\":\"Wer es ordentlich haben will, der muss vorher anrufen\",\"publisher\":{\"@id\":\"https:\\\/\\\/www.heldenhaushalt.de\\\/sari02\\\/#\\\/schema\\\/person\\\/a1cc69f42a01f412eb62c151353814f6\"},\"potentialAction\":[{\"@type\":\"SearchAction\",\"target\":{\"@type\":\"EntryPoint\",\"urlTemplate\":\"https:\\\/\\\/www.heldenhaushalt.de\\\/sari02\\\/?s={search_term_string}\"},\"query-input\":{\"@type\":\"PropertyValueSpecification\",\"valueRequired\":true,\"valueName\":\"search_term_string\"}}],\"inLanguage\":\"de\"},{\"@type\":[\"Person\",\"Organization\"],\"@id\":\"https:\\\/\\\/www.heldenhaushalt.de\\\/sari02\\\/#\\\/schema\\\/person\\\/a1cc69f42a01f412eb62c151353814f6\",\"name\":\"Sari\",\"image\":{\"@type\":\"ImageObject\",\"inLanguage\":\"de\",\"@id\":\"https:\\\/\\\/www.heldenhaushalt.de\\\/sari02\\\/wp-content\\\/uploads\\\/2019\\\/02\\\/sari-april2018.png\",\"url\":\"https:\\\/\\\/www.heldenhaushalt.de\\\/sari02\\\/wp-content\\\/uploads\\\/2019\\\/02\\\/sari-april2018.png\",\"contentUrl\":\"https:\\\/\\\/www.heldenhaushalt.de\\\/sari02\\\/wp-content\\\/uploads\\\/2019\\\/02\\\/sari-april2018.png\",\"width\":500,\"height\":500,\"caption\":\"Sari\"},\"logo\":{\"@id\":\"https:\\\/\\\/www.heldenhaushalt.de\\\/sari02\\\/wp-content\\\/uploads\\\/2019\\\/02\\\/sari-april2018.png\"},\"description\":\"Frau Mondgras \u2013 Das bin ich, Sari. Gerne auch als Sari Mondgras bekannt und im Internet zu finden. 2-Fach-Mutter, Heldenehefrau, Kreativling, Harmonies\u00fcchtig und st\u00e4ndig auf der Suche nach Gl\u00fcck. Ich komme aus Berlin, bin hier aufgewachsen und lebe hier seit ich denken kann.\",\"sameAs\":[\"https:\\\/\\\/www.instagram.com\\\/heldenhaushalt\\\/\"],\"url\":\"https:\\\/\\\/www.heldenhaushalt.de\\\/sari02\\\/index.php\\\/author\\\/admin\\\/\"}]}<\/script>\n<!-- \/ Yoast SEO plugin. -->","yoast_head_json":{"title":"Unsere Wochenlieblinge 51\/2021 - Noch ... Mal schlafen bis Weihnachten","description":"... , das wird sich noch zeigen, aber bis dahin genie\u00dfen wir die kleinen Momente, die f\u00fcr uns Wochenlieblinge werden.","robots":{"index":"index","follow":"follow","max-snippet":"max-snippet:-1","max-image-preview":"max-image-preview:large","max-video-preview":"max-video-preview:-1"},"canonical":"https:\/\/www.heldenhaushalt.de\/sari02\/index.php\/2021\/12\/17\/unsere-wochenlieblinge-512021\/","og_locale":"de_DE","og_type":"article","og_title":"Unsere Wochenlieblinge 51\/2021 - Noch ... Mal schlafen bis Weihnachten","og_description":"... , das wird sich noch zeigen, aber bis dahin genie\u00dfen wir die kleinen Momente, die f\u00fcr uns Wochenlieblinge werden.","og_url":"https:\/\/www.heldenhaushalt.de\/sari02\/index.php\/2021\/12\/17\/unsere-wochenlieblinge-512021\/","og_site_name":"Heldenhaushalt","article_published_time":"2021-12-17T12:09:41+00:00","og_image":[{"width":1000,"height":714,"url":"https:\/\/www.heldenhaushalt.de\/sari02\/wp-content\/uploads\/2021\/12\/51-03.jpg","type":"image\/jpeg"}],"author":"Sari","twitter_card":"summary_large_image","twitter_creator":"@Heldenhaushalt","twitter_site":"@Heldenhaushalt","twitter_misc":{"Verfasst von":"Sari","Gesch\u00e4tzte Lesezeit":"4\u00a0Minuten"},"schema":{"@context":"https:\/\/schema.org","@graph":[{"@type":"Article","@id":"https:\/\/www.heldenhaushalt.de\/sari02\/index.php\/2021\/12\/17\/unsere-wochenlieblinge-512021\/#article","isPartOf":{"@id":"https:\/\/www.heldenhaushalt.de\/sari02\/index.php\/2021\/12\/17\/unsere-wochenlieblinge-512021\/"},"author":{"name":"Sari","@id":"https:\/\/www.heldenhaushalt.de\/sari02\/#\/schema\/person\/a1cc69f42a01f412eb62c151353814f6"},"headline":"Unsere Wochenlieblinge 51\/2021 &#8211; Noch &#8230; Mal schlafen bis Weihnachten","datePublished":"2021-12-17T12:09:41+00:00","mainEntityOfPage":{"@id":"https:\/\/www.heldenhaushalt.de\/sari02\/index.php\/2021\/12\/17\/unsere-wochenlieblinge-512021\/"},"wordCount":533,"commentCount":0,"publisher":{"@id":"https:\/\/www.heldenhaushalt.de\/sari02\/#\/schema\/person\/a1cc69f42a01f412eb62c151353814f6"},"image":{"@id":"https:\/\/www.heldenhaushalt.de\/sari02\/index.php\/2021\/12\/17\/unsere-wochenlieblinge-512021\/#primaryimage"},"thumbnailUrl":"https:\/\/www.heldenhaushalt.de\/sari02\/wp-content\/uploads\/2021\/12\/51-03.jpg","keywords":["#Freitags5","#Freitagslieblinge","Allt\u00e4glich","Familie","Highlights","Kinder","Obstmandala","Weihnachtsbaum","Wochenlieblinge"],"articleSection":["Alltagschaos","Blogsph\u00e4re"],"inLanguage":"de","potentialAction":[{"@type":"CommentAction","name":"Comment","target":["https:\/\/www.heldenhaushalt.de\/sari02\/index.php\/2021\/12\/17\/unsere-wochenlieblinge-512021\/#respond"]}]},{"@type":"WebPage","@id":"https:\/\/www.heldenhaushalt.de\/sari02\/index.php\/2021\/12\/17\/unsere-wochenlieblinge-512021\/","url":"https:\/\/www.heldenhaushalt.de\/sari02\/index.php\/2021\/12\/17\/unsere-wochenlieblinge-512021\/","name":"Unsere Wochenlieblinge 51\/2021 - Noch ... Mal schlafen bis Weihnachten","isPartOf":{"@id":"https:\/\/www.heldenhaushalt.de\/sari02\/#website"},"primaryImageOfPage":{"@id":"https:\/\/www.heldenhaushalt.de\/sari02\/index.php\/2021\/12\/17\/unsere-wochenlieblinge-512021\/#primaryimage"},"image":{"@id":"https:\/\/www.heldenhaushalt.de\/sari02\/index.php\/2021\/12\/17\/unsere-wochenlieblinge-512021\/#primaryimage"},"thumbnailUrl":"https:\/\/www.heldenhaushalt.de\/sari02\/wp-content\/uploads\/2021\/12\/51-03.jpg","datePublished":"2021-12-17T12:09:41+00:00","description":"... , das wird sich noch zeigen, aber bis dahin genie\u00dfen wir die kleinen Momente, die f\u00fcr uns Wochenlieblinge werden.","breadcrumb":{"@id":"https:\/\/www.heldenhaushalt.de\/sari02\/index.php\/2021\/12\/17\/unsere-wochenlieblinge-512021\/#breadcrumb"},"inLanguage":"de","potentialAction":[{"@type":"ReadAction","target":["https:\/\/www.heldenhaushalt.de\/sari02\/index.php\/2021\/12\/17\/unsere-wochenlieblinge-512021\/"]}]},{"@type":"ImageObject","inLanguage":"de","@id":"https:\/\/www.heldenhaushalt.de\/sari02\/index.php\/2021\/12\/17\/unsere-wochenlieblinge-512021\/#primaryimage","url":"https:\/\/www.heldenhaushalt.de\/sari02\/wp-content\/uploads\/2021\/12\/51-03.jpg","contentUrl":"https:\/\/www.heldenhaushalt.de\/sari02\/wp-content\/uploads\/2021\/12\/51-03.jpg","width":1000,"height":714,"caption":"Wochenlieblinge"},{"@type":"BreadcrumbList","@id":"https:\/\/www.heldenhaushalt.de\/sari02\/index.php\/2021\/12\/17\/unsere-wochenlieblinge-512021\/#breadcrumb","itemListElement":[{"@type":"ListItem","position":1,"name":"Startseite","item":"https:\/\/www.heldenhaushalt.de\/sari02\/"},{"@type":"ListItem","position":2,"name":"Unsere Wochenlieblinge 51\/2021 &#8211; Noch &#8230; Mal schlafen bis Weihnachten"}]},{"@type":"WebSite","@id":"https:\/\/www.heldenhaushalt.de\/sari02\/#website","url":"https:\/\/www.heldenhaushalt.de\/sari02\/","name":"Heldenhaushalt","description":"Wer es ordentlich haben will, der muss vorher anrufen","publisher":{"@id":"https:\/\/www.heldenhaushalt.de\/sari02\/#\/schema\/person\/a1cc69f42a01f412eb62c151353814f6"},"potentialAction":[{"@type":"SearchAction","target":{"@type":"EntryPoint","urlTemplate":"https:\/\/www.heldenhaushalt.de\/sari02\/?s={search_term_string}"},"query-input":{"@type":"PropertyValueSpecification","valueRequired":true,"valueName":"search_term_string"}}],"inLanguage":"de"},{"@type":["Person","Organization"],"@id":"https:\/\/www.heldenhaushalt.de\/sari02\/#\/schema\/person\/a1cc69f42a01f412eb62c151353814f6","name":"Sari","image":{"@type":"ImageObject","inLanguage":"de","@id":"https:\/\/www.heldenhaushalt.de\/sari02\/wp-content\/uploads\/2019\/02\/sari-april2018.png","url":"https:\/\/www.heldenhaushalt.de\/sari02\/wp-content\/uploads\/2019\/02\/sari-april2018.png","contentUrl":"https:\/\/www.heldenhaushalt.de\/sari02\/wp-content\/uploads\/2019\/02\/sari-april2018.png","width":500,"height":500,"caption":"Sari"},"logo":{"@id":"https:\/\/www.heldenhaushalt.de\/sari02\/wp-content\/uploads\/2019\/02\/sari-april2018.png"},"description":"Frau Mondgras \u2013 Das bin ich, Sari. Gerne auch als Sari Mondgras bekannt und im Internet zu finden. 2-Fach-Mutter, Heldenehefrau, Kreativling, Harmonies\u00fcchtig und st\u00e4ndig auf der Suche nach Gl\u00fcck. Ich komme aus Berlin, bin hier aufgewachsen und lebe hier seit ich denken kann.","sameAs":["https:\/\/www.instagram.com\/heldenhaushalt\/"],"url":"https:\/\/www.heldenhaushalt.de\/sari02\/index.php\/author\/admin\/"}]}},"views":1999,"_links":{"self":[{"href":"https:\/\/www.heldenhaushalt.de\/sari02\/index.php\/wp-json\/wp\/v2\/posts\/54152","targetHints":{"allow":["GET"]}}],"collection":[{"href":"https:\/\/www.heldenhaushalt.de\/sari02\/index.php\/wp-json\/wp\/v2\/posts"}],"about":[{"href":"https:\/\/www.heldenhaushalt.de\/sari02\/index.php\/wp-json\/wp\/v2\/types\/post"}],"author":[{"embeddable":true,"href":"https:\/\/www.heldenhaushalt.de\/sari02\/index.php\/wp-json\/wp\/v2\/users\/1"}],"replies":[{"embeddable":true,"href":"https:\/\/www.heldenhaushalt.de\/sari02\/index.php\/wp-json\/wp\/v2\/comments?post=54152"}],"version-history":[{"count":1,"href":"https:\/\/www.heldenhaushalt.de\/sari02\/index.php\/wp-json\/wp\/v2\/posts\/54152\/revisions"}],"predecessor-version":[{"id":54160,"href":"https:\/\/www.heldenhaushalt.de\/sari02\/index.php\/wp-json\/wp\/v2\/posts\/54152\/revisions\/54160"}],"wp:featuredmedia":[{"embeddable":true,"href":"https:\/\/www.heldenhaushalt.de\/sari02\/index.php\/wp-json\/wp\/v2\/media\/54155"}],"wp:attachment":[{"href":"https:\/\/www.heldenhaushalt.de\/sari02\/index.php\/wp-json\/wp\/v2\/media?parent=54152"}],"wp:term":[{"taxonomy":"category","embeddable":true,"href":"https:\/\/www.heldenhaushalt.de\/sari02\/index.php\/wp-json\/wp\/v2\/categories?post=54152"},{"taxonomy":"post_tag","embeddable":true,"href":"https:\/\/www.heldenhaushalt.de\/sari02\/index.php\/wp-json\/wp\/v2\/tags?post=54152"}],"curies":[{"name":"wp","href":"https:\/\/api.w.org\/{rel}","templated":true}]}}