{"id":54305,"date":"2022-01-09T14:30:00","date_gmt":"2022-01-09T13:30:00","guid":{"rendered":"https:\/\/www.heldenhaushalt.de\/sari02\/?p=54305"},"modified":"2022-01-09T14:44:10","modified_gmt":"2022-01-09T13:44:10","slug":"mein-total-verrueckter-koerper-von-adam-kay-rezension","status":"publish","type":"post","link":"https:\/\/www.heldenhaushalt.de\/sari02\/index.php\/2022\/01\/09\/mein-total-verrueckter-koerper-von-adam-kay-rezension\/","title":{"rendered":"&#8220;Mein total verr&#252;ckter K&#246;rper&#8221; von Adam Kay #Rezension"},"content":{"rendered":"<p style=\"text-align: right;\"><small>Rezension*<\/small><\/p>\n<p>Neues Jahr, neue B&#252;cher von uns gelesen und f&#252;r euch rezensiert. Ja, auch in diesem Jahr will ich euch nat&#252;rlich weiterhin mit coolen oder <a href=\"https:\/\/www.heldenhaushalt.de\/sari02\/index.php\/category\/empfehlungen\/buecher\/\">spannenden B&#252;chern<\/a> vor allem f&#252;r die Kinder versorgen. Ich glaube, diese Sparte wird niemals uninteressant werden, denn der Markt bietet so viele sch&#246;ne Neuheiten und ich wei&#223; schon jetzt, dass da wieder tolle Sachen kommen und geplant sind. Hachja&#8230; ich liebe es, dass ich mindestens mit dem gro&#223;en Sohn eine gro&#223;e Leseratte hier zu Hause habe, die B&#252;cher genauso schnell verschlingt, wie ich es damals getan habe.<\/p>\n<p>Gibt man ihm ein Buch, dass er halbwegs interessant findet, hat er es meist auch innerhalb eines, sp&#228;testens zwei Tagen durchgelesen. Daneben sind f&#252;r ihn auch immer Comics sehr interessant und ab und an auch mal Sachb&#252;cher mit spannenden Fakten. Und so eines habe ich euch heute gleich zu Beginn des neuen Jahres mitgebracht, denn heute lernen wir mehr &#252;ber unseren K&#246;rper auf eine sehr humorvolle Art.<\/p>\n<h2>&#8220;Mein verr&#252;ckter K&#246;rper &#8211; Warum du Popel gefahrlos essen kannst&#8221;<\/h2>\n<p><img loading=\"lazy\" decoding=\"async\" class=\"alignnone size-full wp-image-54339\" src=\"https:\/\/www.heldenhaushalt.de\/sari02\/wp-content\/uploads\/2022\/01\/korper02.jpg\" alt=\"K&#246;rper\" width=\"1000\" height=\"695\" srcset=\"https:\/\/www.heldenhaushalt.de\/sari02\/wp-content\/uploads\/2022\/01\/korper02.jpg 1000w, https:\/\/www.heldenhaushalt.de\/sari02\/wp-content\/uploads\/2022\/01\/korper02-300x209.jpg 300w, https:\/\/www.heldenhaushalt.de\/sari02\/wp-content\/uploads\/2022\/01\/korper02-768x534.jpg 768w\" sizes=\"auto, (max-width: 1000px) 100vw, 1000px\" \/><\/p>\n<p>Das Buch &#8220;<strong><a href=\"https:\/\/www.emf-verlag.de\/produkt\/mein-verrueckter-koerper-warum-du-popel-gefahrlos-essen-kannst\/\" target=\"_blank\" rel=\"nofollow noopener\">Mein verr&#252;ckter K&#246;rper<\/a><\/strong>&#8221; stammt aus der Feder eines sehr beliebten und bekannten Besteller-Autoren: Adam Kay. Keine Ahnung, ob ihr schon einmal von ihm geh&#246;rt habt, aber in Gro&#223;britannien ist er ber&#252;hmt f&#252;r seine komische Art, arbeitet auch als Comedian und schreibt auch f&#252;r Film und Fernsehen. Er profitiert hierbei von seinen jahrelangen Erfahrungen als Assistenzarzt und nimmt uns hier auf humorvolle Art mit in einen Bereich, den wir normalerweise nicht so intensiv kennenlernen d&#252;rfen. Dabei ist er sicherlich vor allem f&#252;r seine geheimen Tageb&#252;cher eines Assistenzarztes bekannt.<\/p>\n<p>Wie dem auch sei: Das Buch, das ich euch heute von ihm etwas n&#228;her vorstellen m&#246;chte dreht sich voll und ganz um die Geheimnisse, die unser K&#246;rper f&#252;r uns parat h&#228;lt. Es ist ein Sachbuch, das uns die wichtigen Informationen aber auf wirklich komische Art n&#228;her bringt, uns lachen l&#228;sst und dabei aber auch eine ganze Menge wichtiges Wissen vermittelt. &#8220;Mein verr&#252;ckter K&#246;rper&#8221; richtet sich hierbei an Leser ab 8 Jahren und beantwortet viele Fragen, die sich sicherlich nicht nur Kinder immer wieder mal stellen.<\/p>\n<h2>Was ist der gr&#246;&#223;te Muskel, welche Organe haben wir und wie viel Zeit in unserem Leben verbringen wir durchschnittlich auf dem Klo&#8230;<\/h2>\n<p>Nicht unbekannte Fragen, oder? Vieles kommt euch sicherlich bekannt vor und in dem Buch verstecken sich noch viel mehr solcher Informationen, aber auch &#8220;Legenden&#8221; von denen nicht alle wahr sind. Wie zum Beispiel die Sache mit dem warmen Wasser. Ist es wirklich so, dass wir mehr Bakterien von unseren H&#228;nden abt&#246;ten, wenn wir warmes Wasser nehmen? Ich liebe die Heiss oder Scheiss Kategorie, in der solchen Fragen auf den Grund gegangen wird. Ein weiteres Beispiel? Atmen Astronauten tats&#228;chlich Pipi ein? Wisst ihr es?<\/p>\n<p><img loading=\"lazy\" decoding=\"async\" class=\"alignnone size-full wp-image-54340\" src=\"https:\/\/www.heldenhaushalt.de\/sari02\/wp-content\/uploads\/2022\/01\/korper03.jpg\" alt=\"K&#246;rper\" width=\"1000\" height=\"722\" srcset=\"https:\/\/www.heldenhaushalt.de\/sari02\/wp-content\/uploads\/2022\/01\/korper03.jpg 1000w, https:\/\/www.heldenhaushalt.de\/sari02\/wp-content\/uploads\/2022\/01\/korper03-300x217.jpg 300w, https:\/\/www.heldenhaushalt.de\/sari02\/wp-content\/uploads\/2022\/01\/korper03-768x554.jpg 768w\" sizes=\"auto, (max-width: 1000px) 100vw, 1000px\" \/><\/p>\n<p>Daneben gibt es ganz viel umfassendes Wissen &#252;ber den menschlichen Organismus, das Gehirn, die Organen, die Nervenzellen, Krankheiten, aber auch den K&#246;rper an sich, seine Entwicklung und Gef&#252;hle. Was ist Pubert&#228;t und warum knurrt mein Magen. Warum unterscheiden sich die Menschen so sehr und wie ist das mit Leben und Tod.&nbsp;<\/p>\n<p>Ich empfinde das Buch als wirklich sehr umfangreich und voller Details, Fragen und Unsicherheiten, denen wir uns alle immer wieder stellen, so dass ich denke, dass es nicht nur f&#252;r Kinder interessant sein kann. Hinzu kommt die lockere und sympathische Art, mit der Adam Kay an diese Themen herangeht, untermalt durch die lustigen Illustrationen von Henry Paker, der das alles nochmal anschaulicher darstellt. Eine gelungene Mischung, die uns sicherlich auch gut auf die Fragen vorbereiten kann, mit denen Kinder gerne mal urpl&#246;tzlich um die Ecke kommen.<\/p>\n<p>Erschienen ist das Buch im EMF Verlag und umfasst 448 prall gef&#252;llte Seiten voller spannendem Wissen.<\/p>\n<p><small>*<strong>Anmerkung:<\/strong> Das Buch wurde uns vom Verlag als Rezensionsexemplar zur Verf&#252;gung gestellt.<\/small><\/p>\n","protected":false},"excerpt":{"rendered":"<p>Rezension* Neues Jahr, neue B&#252;cher von uns gelesen und f&#252;r euch rezensiert. Ja, auch in diesem Jahr will ich euch nat&#252;rlich weiterhin mit coolen oder spannenden B&#252;chern vor allem f&#252;r die Kinder versorgen. Ich glaube, diese Sparte wird niemals uninteressant werden, denn der Markt bietet so viele sch&#246;ne Neuheiten und ich wei&#223; schon jetzt, dass da wieder tolle Sachen kommen und geplant sind. Hachja&#8230; ich liebe es, dass ich mindestens mit dem gro&#223;en Sohn eine gro&#223;e Leseratte hier zu Hause habe, die B&#252;cher genauso schnell verschlingt, wie ich es damals getan habe. Gibt man ihm ein Buch, dass er halbwegs interessant findet, hat er es meist auch innerhalb eines, sp&#228;testens zwei Tagen durchgelesen. Daneben sind f&#252;r ihn auch immer Comics sehr interessant und ab und an auch mal Sachb&#252;cher mit spannenden Fakten. Und so eines habe ich euch heute gleich zu Beginn des neuen Jahres mitgebracht, denn heute lernen wir mehr &#252;ber unseren K&#246;rper auf eine sehr humorvolle Art. &#8220;Mein verr&#252;ckter K&#246;rper &#8211; Warum du Popel gefahrlos essen kannst&#8221; Das Buch &#8220;Mein verr&#252;ckter K&#246;rper&#8221; stammt aus der Feder eines sehr beliebten und bekannten Besteller-Autoren: Adam Kay. Keine Ahnung, ob ihr schon einmal von ihm geh&#246;rt habt, aber in Gro&#223;britannien ist er ber&#252;hmt f&#252;r seine komische Art, arbeitet auch als Comedian und schreibt auch f&#252;r Film und Fernsehen. Er profitiert hierbei von seinen jahrelangen Erfahrungen als Assistenzarzt und nimmt uns hier auf humorvolle Art mit in einen Bereich, den wir normalerweise nicht so intensiv kennenlernen d&#252;rfen. Dabei ist er sicherlich vor allem f&#252;r seine geheimen Tageb&#252;cher eines Assistenzarztes bekannt. Wie dem auch sei: Das Buch, das ich euch heute von ihm etwas n&#228;her vorstellen m&#246;chte dreht sich voll und ganz um die Geheimnisse, die unser K&#246;rper f&#252;r uns parat h&#228;lt. Es ist ein Sachbuch, das uns die wichtigen Informationen aber auf wirklich komische Art n&#228;her bringt, uns lachen l&#228;sst und dabei aber auch eine ganze Menge wichtiges Wissen vermittelt. &#8220;Mein verr&#252;ckter K&#246;rper&#8221; richtet sich hierbei an Leser ab 8 Jahren und beantwortet viele Fragen, die sich sicherlich nicht nur Kinder immer wieder mal stellen. Was ist der gr&#246;&#223;te Muskel, welche Organe haben wir und wie viel Zeit in unserem Leben verbringen wir durchschnittlich auf dem Klo&#8230; Nicht unbekannte Fragen, oder? Vieles kommt euch sicherlich bekannt vor und in dem Buch verstecken sich noch viel mehr solcher Informationen, aber auch &#8220;Legenden&#8221; von denen nicht alle wahr sind. Wie zum Beispiel die Sache mit dem warmen Wasser. Ist es wirklich so, dass wir mehr Bakterien von unseren H&#228;nden abt&#246;ten, wenn wir warmes Wasser nehmen? Ich liebe die Heiss oder Scheiss Kategorie, in der solchen Fragen auf den Grund gegangen wird. Ein weiteres Beispiel? Atmen Astronauten tats&#228;chlich Pipi ein? Wisst ihr es? Daneben gibt es ganz viel umfassendes Wissen &#252;ber den menschlichen Organismus, das Gehirn, die Organen, die Nervenzellen, Krankheiten, aber auch den K&#246;rper an sich, seine Entwicklung und Gef&#252;hle. Was ist Pubert&#228;t und warum knurrt mein Magen. Warum unterscheiden sich die Menschen so sehr und wie ist das mit Leben und Tod.&nbsp; Ich empfinde das Buch als wirklich sehr umfangreich und voller Details, Fragen und Unsicherheiten, denen wir uns alle immer wieder stellen, so dass ich denke, dass es nicht nur f&#252;r Kinder interessant sein kann. Hinzu kommt die lockere und sympathische Art, mit der Adam Kay an diese Themen herangeht, untermalt durch die lustigen Illustrationen von Henry Paker, der das alles nochmal anschaulicher darstellt. Eine gelungene Mischung, die uns sicherlich auch gut auf die Fragen vorbereiten kann, mit denen Kinder gerne mal urpl&#246;tzlich um die Ecke kommen. Erschienen ist das Buch im EMF Verlag und umfasst 448 prall gef&#252;llte Seiten voller spannendem Wissen. *Anmerkung: Das Buch wurde uns vom Verlag als Rezensionsexemplar zur Verf&#252;gung gestellt.<\/p>\n","protected":false},"author":1,"featured_media":54338,"comment_status":"open","ping_status":"open","sticky":false,"template":"","format":"standard","meta":{"ngg_post_thumbnail":0,"footnotes":""},"categories":[1690,53],"tags":[2914,253,3066,202,2466,438,732,2030],"class_list":["post-54305","post","type-post","status-publish","format-standard","has-post-thumbnail","hentry","category-buecher","category-empfehlungen","tag-ab-8-jahre","tag-buch","tag-emf-verlag","tag-empfehlung","tag-jugendbuch","tag-kinderbuch","tag-rezension","tag-sachbuch"],"yoast_head":"<!-- This site is optimized with the Yoast SEO plugin v27.5 - https:\/\/yoast.com\/product\/yoast-seo-wordpress\/ -->\n<title>&quot;Mein total verr\u00fcckter K\u00f6rper&quot; von Adam Kay #Rezension - Heldenhaushalt<\/title>\n<meta name=\"description\" content=\"Das Buch &quot;Mein verr\u00fcckter K\u00f6rper&quot; stammt aus der Feder eines sehr beliebten und bekannten Besteller-Autoren: Adam Kay. Keine Ahnung, ob ...\" \/>\n<meta name=\"robots\" content=\"index, follow, max-snippet:-1, max-image-preview:large, max-video-preview:-1\" \/>\n<link rel=\"canonical\" href=\"https:\/\/www.heldenhaushalt.de\/sari02\/index.php\/2022\/01\/09\/mein-total-verrueckter-koerper-von-adam-kay-rezension\/\" \/>\n<meta property=\"og:locale\" content=\"de_DE\" \/>\n<meta property=\"og:type\" content=\"article\" \/>\n<meta property=\"og:title\" content=\"&quot;Mein total verr\u00fcckter K\u00f6rper&quot; von Adam Kay #Rezension - Heldenhaushalt\" \/>\n<meta property=\"og:description\" content=\"Das Buch &quot;Mein verr\u00fcckter K\u00f6rper&quot; stammt aus der Feder eines sehr beliebten und bekannten Besteller-Autoren: Adam Kay. Keine Ahnung, ob ...\" \/>\n<meta property=\"og:url\" content=\"https:\/\/www.heldenhaushalt.de\/sari02\/index.php\/2022\/01\/09\/mein-total-verrueckter-koerper-von-adam-kay-rezension\/\" \/>\n<meta property=\"og:site_name\" content=\"Heldenhaushalt\" \/>\n<meta property=\"article:published_time\" content=\"2022-01-09T13:30:00+00:00\" \/>\n<meta property=\"article:modified_time\" content=\"2022-01-09T13:44:10+00:00\" \/>\n<meta property=\"og:image\" content=\"https:\/\/www.heldenhaushalt.de\/sari02\/wp-content\/uploads\/2022\/01\/korper01.jpg\" \/>\n\t<meta property=\"og:image:width\" content=\"1000\" \/>\n\t<meta property=\"og:image:height\" content=\"699\" \/>\n\t<meta property=\"og:image:type\" content=\"image\/jpeg\" \/>\n<meta name=\"author\" content=\"Sari\" \/>\n<meta name=\"twitter:card\" content=\"summary_large_image\" \/>\n<meta name=\"twitter:creator\" content=\"@Heldenhaushalt\" \/>\n<meta name=\"twitter:site\" content=\"@Heldenhaushalt\" \/>\n<meta name=\"twitter:label1\" content=\"Verfasst von\" \/>\n\t<meta name=\"twitter:data1\" content=\"Sari\" \/>\n\t<meta name=\"twitter:label2\" content=\"Gesch\u00e4tzte Lesezeit\" \/>\n\t<meta name=\"twitter:data2\" content=\"4\u00a0Minuten\" \/>\n<script type=\"application\/ld+json\" class=\"yoast-schema-graph\">{\"@context\":\"https:\\\/\\\/schema.org\",\"@graph\":[{\"@type\":\"Article\",\"@id\":\"https:\\\/\\\/www.heldenhaushalt.de\\\/sari02\\\/index.php\\\/2022\\\/01\\\/09\\\/mein-total-verrueckter-koerper-von-adam-kay-rezension\\\/#article\",\"isPartOf\":{\"@id\":\"https:\\\/\\\/www.heldenhaushalt.de\\\/sari02\\\/index.php\\\/2022\\\/01\\\/09\\\/mein-total-verrueckter-koerper-von-adam-kay-rezension\\\/\"},\"author\":{\"name\":\"Sari\",\"@id\":\"https:\\\/\\\/www.heldenhaushalt.de\\\/sari02\\\/#\\\/schema\\\/person\\\/a1cc69f42a01f412eb62c151353814f6\"},\"headline\":\"&#8220;Mein total verr&#252;ckter K&#246;rper&#8221; von Adam Kay #Rezension\",\"datePublished\":\"2022-01-09T13:30:00+00:00\",\"dateModified\":\"2022-01-09T13:44:10+00:00\",\"mainEntityOfPage\":{\"@id\":\"https:\\\/\\\/www.heldenhaushalt.de\\\/sari02\\\/index.php\\\/2022\\\/01\\\/09\\\/mein-total-verrueckter-koerper-von-adam-kay-rezension\\\/\"},\"wordCount\":667,\"commentCount\":0,\"publisher\":{\"@id\":\"https:\\\/\\\/www.heldenhaushalt.de\\\/sari02\\\/#\\\/schema\\\/person\\\/a1cc69f42a01f412eb62c151353814f6\"},\"image\":{\"@id\":\"https:\\\/\\\/www.heldenhaushalt.de\\\/sari02\\\/index.php\\\/2022\\\/01\\\/09\\\/mein-total-verrueckter-koerper-von-adam-kay-rezension\\\/#primaryimage\"},\"thumbnailUrl\":\"https:\\\/\\\/www.heldenhaushalt.de\\\/sari02\\\/wp-content\\\/uploads\\\/2022\\\/01\\\/korper01.jpg\",\"keywords\":[\"ab 8 Jahre\",\"Buch\",\"EMF Verlag\",\"Empfehlung\",\"Jugendbuch\",\"Kinderbuch\",\"Rezension\",\"Sachbuch\"],\"articleSection\":[\"B\u00fccher\",\"Empfehlungen\"],\"inLanguage\":\"de\",\"potentialAction\":[{\"@type\":\"CommentAction\",\"name\":\"Comment\",\"target\":[\"https:\\\/\\\/www.heldenhaushalt.de\\\/sari02\\\/index.php\\\/2022\\\/01\\\/09\\\/mein-total-verrueckter-koerper-von-adam-kay-rezension\\\/#respond\"]}]},{\"@type\":\"WebPage\",\"@id\":\"https:\\\/\\\/www.heldenhaushalt.de\\\/sari02\\\/index.php\\\/2022\\\/01\\\/09\\\/mein-total-verrueckter-koerper-von-adam-kay-rezension\\\/\",\"url\":\"https:\\\/\\\/www.heldenhaushalt.de\\\/sari02\\\/index.php\\\/2022\\\/01\\\/09\\\/mein-total-verrueckter-koerper-von-adam-kay-rezension\\\/\",\"name\":\"\\\"Mein total verr\u00fcckter K\u00f6rper\\\" von Adam Kay #Rezension - Heldenhaushalt\",\"isPartOf\":{\"@id\":\"https:\\\/\\\/www.heldenhaushalt.de\\\/sari02\\\/#website\"},\"primaryImageOfPage\":{\"@id\":\"https:\\\/\\\/www.heldenhaushalt.de\\\/sari02\\\/index.php\\\/2022\\\/01\\\/09\\\/mein-total-verrueckter-koerper-von-adam-kay-rezension\\\/#primaryimage\"},\"image\":{\"@id\":\"https:\\\/\\\/www.heldenhaushalt.de\\\/sari02\\\/index.php\\\/2022\\\/01\\\/09\\\/mein-total-verrueckter-koerper-von-adam-kay-rezension\\\/#primaryimage\"},\"thumbnailUrl\":\"https:\\\/\\\/www.heldenhaushalt.de\\\/sari02\\\/wp-content\\\/uploads\\\/2022\\\/01\\\/korper01.jpg\",\"datePublished\":\"2022-01-09T13:30:00+00:00\",\"dateModified\":\"2022-01-09T13:44:10+00:00\",\"description\":\"Das Buch \\\"Mein verr\u00fcckter K\u00f6rper\\\" stammt aus der Feder eines sehr beliebten und bekannten Besteller-Autoren: Adam Kay. Keine Ahnung, ob ...\",\"breadcrumb\":{\"@id\":\"https:\\\/\\\/www.heldenhaushalt.de\\\/sari02\\\/index.php\\\/2022\\\/01\\\/09\\\/mein-total-verrueckter-koerper-von-adam-kay-rezension\\\/#breadcrumb\"},\"inLanguage\":\"de\",\"potentialAction\":[{\"@type\":\"ReadAction\",\"target\":[\"https:\\\/\\\/www.heldenhaushalt.de\\\/sari02\\\/index.php\\\/2022\\\/01\\\/09\\\/mein-total-verrueckter-koerper-von-adam-kay-rezension\\\/\"]}]},{\"@type\":\"ImageObject\",\"inLanguage\":\"de\",\"@id\":\"https:\\\/\\\/www.heldenhaushalt.de\\\/sari02\\\/index.php\\\/2022\\\/01\\\/09\\\/mein-total-verrueckter-koerper-von-adam-kay-rezension\\\/#primaryimage\",\"url\":\"https:\\\/\\\/www.heldenhaushalt.de\\\/sari02\\\/wp-content\\\/uploads\\\/2022\\\/01\\\/korper01.jpg\",\"contentUrl\":\"https:\\\/\\\/www.heldenhaushalt.de\\\/sari02\\\/wp-content\\\/uploads\\\/2022\\\/01\\\/korper01.jpg\",\"width\":1000,\"height\":699,\"caption\":\"K\u00f6rper\"},{\"@type\":\"BreadcrumbList\",\"@id\":\"https:\\\/\\\/www.heldenhaushalt.de\\\/sari02\\\/index.php\\\/2022\\\/01\\\/09\\\/mein-total-verrueckter-koerper-von-adam-kay-rezension\\\/#breadcrumb\",\"itemListElement\":[{\"@type\":\"ListItem\",\"position\":1,\"name\":\"Startseite\",\"item\":\"https:\\\/\\\/www.heldenhaushalt.de\\\/sari02\\\/\"},{\"@type\":\"ListItem\",\"position\":2,\"name\":\"&#8220;Mein total verr&#252;ckter K&#246;rper&#8221; von Adam Kay #Rezension\"}]},{\"@type\":\"WebSite\",\"@id\":\"https:\\\/\\\/www.heldenhaushalt.de\\\/sari02\\\/#website\",\"url\":\"https:\\\/\\\/www.heldenhaushalt.de\\\/sari02\\\/\",\"name\":\"Heldenhaushalt\",\"description\":\"Wer es ordentlich haben will, der muss vorher anrufen\",\"publisher\":{\"@id\":\"https:\\\/\\\/www.heldenhaushalt.de\\\/sari02\\\/#\\\/schema\\\/person\\\/a1cc69f42a01f412eb62c151353814f6\"},\"potentialAction\":[{\"@type\":\"SearchAction\",\"target\":{\"@type\":\"EntryPoint\",\"urlTemplate\":\"https:\\\/\\\/www.heldenhaushalt.de\\\/sari02\\\/?s={search_term_string}\"},\"query-input\":{\"@type\":\"PropertyValueSpecification\",\"valueRequired\":true,\"valueName\":\"search_term_string\"}}],\"inLanguage\":\"de\"},{\"@type\":[\"Person\",\"Organization\"],\"@id\":\"https:\\\/\\\/www.heldenhaushalt.de\\\/sari02\\\/#\\\/schema\\\/person\\\/a1cc69f42a01f412eb62c151353814f6\",\"name\":\"Sari\",\"image\":{\"@type\":\"ImageObject\",\"inLanguage\":\"de\",\"@id\":\"https:\\\/\\\/www.heldenhaushalt.de\\\/sari02\\\/wp-content\\\/uploads\\\/2019\\\/02\\\/sari-april2018.png\",\"url\":\"https:\\\/\\\/www.heldenhaushalt.de\\\/sari02\\\/wp-content\\\/uploads\\\/2019\\\/02\\\/sari-april2018.png\",\"contentUrl\":\"https:\\\/\\\/www.heldenhaushalt.de\\\/sari02\\\/wp-content\\\/uploads\\\/2019\\\/02\\\/sari-april2018.png\",\"width\":500,\"height\":500,\"caption\":\"Sari\"},\"logo\":{\"@id\":\"https:\\\/\\\/www.heldenhaushalt.de\\\/sari02\\\/wp-content\\\/uploads\\\/2019\\\/02\\\/sari-april2018.png\"},\"description\":\"Frau Mondgras \u2013 Das bin ich, Sari. Gerne auch als Sari Mondgras bekannt und im Internet zu finden. 2-Fach-Mutter, Heldenehefrau, Kreativling, Harmonies\u00fcchtig und st\u00e4ndig auf der Suche nach Gl\u00fcck. Ich komme aus Berlin, bin hier aufgewachsen und lebe hier seit ich denken kann.\",\"sameAs\":[\"https:\\\/\\\/www.instagram.com\\\/heldenhaushalt\\\/\"],\"url\":\"https:\\\/\\\/www.heldenhaushalt.de\\\/sari02\\\/index.php\\\/author\\\/admin\\\/\"}]}<\/script>\n<!-- \/ Yoast SEO plugin. -->","yoast_head_json":{"title":"\"Mein total verr\u00fcckter K\u00f6rper\" von Adam Kay #Rezension - Heldenhaushalt","description":"Das Buch \"Mein verr\u00fcckter K\u00f6rper\" stammt aus der Feder eines sehr beliebten und bekannten Besteller-Autoren: Adam Kay. Keine Ahnung, ob ...","robots":{"index":"index","follow":"follow","max-snippet":"max-snippet:-1","max-image-preview":"max-image-preview:large","max-video-preview":"max-video-preview:-1"},"canonical":"https:\/\/www.heldenhaushalt.de\/sari02\/index.php\/2022\/01\/09\/mein-total-verrueckter-koerper-von-adam-kay-rezension\/","og_locale":"de_DE","og_type":"article","og_title":"\"Mein total verr\u00fcckter K\u00f6rper\" von Adam Kay #Rezension - Heldenhaushalt","og_description":"Das Buch \"Mein verr\u00fcckter K\u00f6rper\" stammt aus der Feder eines sehr beliebten und bekannten Besteller-Autoren: Adam Kay. Keine Ahnung, ob ...","og_url":"https:\/\/www.heldenhaushalt.de\/sari02\/index.php\/2022\/01\/09\/mein-total-verrueckter-koerper-von-adam-kay-rezension\/","og_site_name":"Heldenhaushalt","article_published_time":"2022-01-09T13:30:00+00:00","article_modified_time":"2022-01-09T13:44:10+00:00","og_image":[{"width":1000,"height":699,"url":"https:\/\/www.heldenhaushalt.de\/sari02\/wp-content\/uploads\/2022\/01\/korper01.jpg","type":"image\/jpeg"}],"author":"Sari","twitter_card":"summary_large_image","twitter_creator":"@Heldenhaushalt","twitter_site":"@Heldenhaushalt","twitter_misc":{"Verfasst von":"Sari","Gesch\u00e4tzte Lesezeit":"4\u00a0Minuten"},"schema":{"@context":"https:\/\/schema.org","@graph":[{"@type":"Article","@id":"https:\/\/www.heldenhaushalt.de\/sari02\/index.php\/2022\/01\/09\/mein-total-verrueckter-koerper-von-adam-kay-rezension\/#article","isPartOf":{"@id":"https:\/\/www.heldenhaushalt.de\/sari02\/index.php\/2022\/01\/09\/mein-total-verrueckter-koerper-von-adam-kay-rezension\/"},"author":{"name":"Sari","@id":"https:\/\/www.heldenhaushalt.de\/sari02\/#\/schema\/person\/a1cc69f42a01f412eb62c151353814f6"},"headline":"&#8220;Mein total verr&#252;ckter K&#246;rper&#8221; von Adam Kay #Rezension","datePublished":"2022-01-09T13:30:00+00:00","dateModified":"2022-01-09T13:44:10+00:00","mainEntityOfPage":{"@id":"https:\/\/www.heldenhaushalt.de\/sari02\/index.php\/2022\/01\/09\/mein-total-verrueckter-koerper-von-adam-kay-rezension\/"},"wordCount":667,"commentCount":0,"publisher":{"@id":"https:\/\/www.heldenhaushalt.de\/sari02\/#\/schema\/person\/a1cc69f42a01f412eb62c151353814f6"},"image":{"@id":"https:\/\/www.heldenhaushalt.de\/sari02\/index.php\/2022\/01\/09\/mein-total-verrueckter-koerper-von-adam-kay-rezension\/#primaryimage"},"thumbnailUrl":"https:\/\/www.heldenhaushalt.de\/sari02\/wp-content\/uploads\/2022\/01\/korper01.jpg","keywords":["ab 8 Jahre","Buch","EMF Verlag","Empfehlung","Jugendbuch","Kinderbuch","Rezension","Sachbuch"],"articleSection":["B\u00fccher","Empfehlungen"],"inLanguage":"de","potentialAction":[{"@type":"CommentAction","name":"Comment","target":["https:\/\/www.heldenhaushalt.de\/sari02\/index.php\/2022\/01\/09\/mein-total-verrueckter-koerper-von-adam-kay-rezension\/#respond"]}]},{"@type":"WebPage","@id":"https:\/\/www.heldenhaushalt.de\/sari02\/index.php\/2022\/01\/09\/mein-total-verrueckter-koerper-von-adam-kay-rezension\/","url":"https:\/\/www.heldenhaushalt.de\/sari02\/index.php\/2022\/01\/09\/mein-total-verrueckter-koerper-von-adam-kay-rezension\/","name":"\"Mein total verr\u00fcckter K\u00f6rper\" von Adam Kay #Rezension - Heldenhaushalt","isPartOf":{"@id":"https:\/\/www.heldenhaushalt.de\/sari02\/#website"},"primaryImageOfPage":{"@id":"https:\/\/www.heldenhaushalt.de\/sari02\/index.php\/2022\/01\/09\/mein-total-verrueckter-koerper-von-adam-kay-rezension\/#primaryimage"},"image":{"@id":"https:\/\/www.heldenhaushalt.de\/sari02\/index.php\/2022\/01\/09\/mein-total-verrueckter-koerper-von-adam-kay-rezension\/#primaryimage"},"thumbnailUrl":"https:\/\/www.heldenhaushalt.de\/sari02\/wp-content\/uploads\/2022\/01\/korper01.jpg","datePublished":"2022-01-09T13:30:00+00:00","dateModified":"2022-01-09T13:44:10+00:00","description":"Das Buch \"Mein verr\u00fcckter K\u00f6rper\" stammt aus der Feder eines sehr beliebten und bekannten Besteller-Autoren: Adam Kay. Keine Ahnung, ob ...","breadcrumb":{"@id":"https:\/\/www.heldenhaushalt.de\/sari02\/index.php\/2022\/01\/09\/mein-total-verrueckter-koerper-von-adam-kay-rezension\/#breadcrumb"},"inLanguage":"de","potentialAction":[{"@type":"ReadAction","target":["https:\/\/www.heldenhaushalt.de\/sari02\/index.php\/2022\/01\/09\/mein-total-verrueckter-koerper-von-adam-kay-rezension\/"]}]},{"@type":"ImageObject","inLanguage":"de","@id":"https:\/\/www.heldenhaushalt.de\/sari02\/index.php\/2022\/01\/09\/mein-total-verrueckter-koerper-von-adam-kay-rezension\/#primaryimage","url":"https:\/\/www.heldenhaushalt.de\/sari02\/wp-content\/uploads\/2022\/01\/korper01.jpg","contentUrl":"https:\/\/www.heldenhaushalt.de\/sari02\/wp-content\/uploads\/2022\/01\/korper01.jpg","width":1000,"height":699,"caption":"K\u00f6rper"},{"@type":"BreadcrumbList","@id":"https:\/\/www.heldenhaushalt.de\/sari02\/index.php\/2022\/01\/09\/mein-total-verrueckter-koerper-von-adam-kay-rezension\/#breadcrumb","itemListElement":[{"@type":"ListItem","position":1,"name":"Startseite","item":"https:\/\/www.heldenhaushalt.de\/sari02\/"},{"@type":"ListItem","position":2,"name":"&#8220;Mein total verr&#252;ckter K&#246;rper&#8221; von Adam Kay #Rezension"}]},{"@type":"WebSite","@id":"https:\/\/www.heldenhaushalt.de\/sari02\/#website","url":"https:\/\/www.heldenhaushalt.de\/sari02\/","name":"Heldenhaushalt","description":"Wer es ordentlich haben will, der muss vorher anrufen","publisher":{"@id":"https:\/\/www.heldenhaushalt.de\/sari02\/#\/schema\/person\/a1cc69f42a01f412eb62c151353814f6"},"potentialAction":[{"@type":"SearchAction","target":{"@type":"EntryPoint","urlTemplate":"https:\/\/www.heldenhaushalt.de\/sari02\/?s={search_term_string}"},"query-input":{"@type":"PropertyValueSpecification","valueRequired":true,"valueName":"search_term_string"}}],"inLanguage":"de"},{"@type":["Person","Organization"],"@id":"https:\/\/www.heldenhaushalt.de\/sari02\/#\/schema\/person\/a1cc69f42a01f412eb62c151353814f6","name":"Sari","image":{"@type":"ImageObject","inLanguage":"de","@id":"https:\/\/www.heldenhaushalt.de\/sari02\/wp-content\/uploads\/2019\/02\/sari-april2018.png","url":"https:\/\/www.heldenhaushalt.de\/sari02\/wp-content\/uploads\/2019\/02\/sari-april2018.png","contentUrl":"https:\/\/www.heldenhaushalt.de\/sari02\/wp-content\/uploads\/2019\/02\/sari-april2018.png","width":500,"height":500,"caption":"Sari"},"logo":{"@id":"https:\/\/www.heldenhaushalt.de\/sari02\/wp-content\/uploads\/2019\/02\/sari-april2018.png"},"description":"Frau Mondgras \u2013 Das bin ich, Sari. Gerne auch als Sari Mondgras bekannt und im Internet zu finden. 2-Fach-Mutter, Heldenehefrau, Kreativling, Harmonies\u00fcchtig und st\u00e4ndig auf der Suche nach Gl\u00fcck. Ich komme aus Berlin, bin hier aufgewachsen und lebe hier seit ich denken kann.","sameAs":["https:\/\/www.instagram.com\/heldenhaushalt\/"],"url":"https:\/\/www.heldenhaushalt.de\/sari02\/index.php\/author\/admin\/"}]}},"views":1441,"_links":{"self":[{"href":"https:\/\/www.heldenhaushalt.de\/sari02\/index.php\/wp-json\/wp\/v2\/posts\/54305","targetHints":{"allow":["GET"]}}],"collection":[{"href":"https:\/\/www.heldenhaushalt.de\/sari02\/index.php\/wp-json\/wp\/v2\/posts"}],"about":[{"href":"https:\/\/www.heldenhaushalt.de\/sari02\/index.php\/wp-json\/wp\/v2\/types\/post"}],"author":[{"embeddable":true,"href":"https:\/\/www.heldenhaushalt.de\/sari02\/index.php\/wp-json\/wp\/v2\/users\/1"}],"replies":[{"embeddable":true,"href":"https:\/\/www.heldenhaushalt.de\/sari02\/index.php\/wp-json\/wp\/v2\/comments?post=54305"}],"version-history":[{"count":4,"href":"https:\/\/www.heldenhaushalt.de\/sari02\/index.php\/wp-json\/wp\/v2\/posts\/54305\/revisions"}],"predecessor-version":[{"id":54341,"href":"https:\/\/www.heldenhaushalt.de\/sari02\/index.php\/wp-json\/wp\/v2\/posts\/54305\/revisions\/54341"}],"wp:featuredmedia":[{"embeddable":true,"href":"https:\/\/www.heldenhaushalt.de\/sari02\/index.php\/wp-json\/wp\/v2\/media\/54338"}],"wp:attachment":[{"href":"https:\/\/www.heldenhaushalt.de\/sari02\/index.php\/wp-json\/wp\/v2\/media?parent=54305"}],"wp:term":[{"taxonomy":"category","embeddable":true,"href":"https:\/\/www.heldenhaushalt.de\/sari02\/index.php\/wp-json\/wp\/v2\/categories?post=54305"},{"taxonomy":"post_tag","embeddable":true,"href":"https:\/\/www.heldenhaushalt.de\/sari02\/index.php\/wp-json\/wp\/v2\/tags?post=54305"}],"curies":[{"name":"wp","href":"https:\/\/api.w.org\/{rel}","templated":true}]}}