{"id":54558,"date":"2022-02-10T09:49:11","date_gmt":"2022-02-10T08:49:11","guid":{"rendered":"https:\/\/www.heldenhaushalt.de\/sari02\/?p=54558"},"modified":"2022-02-17T09:57:05","modified_gmt":"2022-02-17T08:57:05","slug":"gedankentagebuch-01","status":"publish","type":"post","link":"https:\/\/www.heldenhaushalt.de\/sari02\/index.php\/2022\/02\/10\/gedankentagebuch-01\/","title":{"rendered":"Gedankentagebuch #01 &#8211; Gl&#252;ckstagebuch, die Welt, &#8220;Test-to-stay&#8221;&#8230;"},"content":{"rendered":"<p><small>[Keine Abendseiten. Keine Morgenseiten. Ich habe mir ein paar Tage lang Gedanken dar&#252;ber gemacht, ob ich die Zeit und die Energie f&#252;r so etwas aufbringen kann und kam zu dem Entschluss: Das klappt nicht. Man muss ja auch mal ehrlich zu sich sein, nicht wahr? Sich eingestehen, was realistisch umsetzbar ist und was nicht. Und wenn ich meinen Tag und meine Gef&#252;hle ganz genau betrachte, dann habe ich am Morgen keine Energie, um fr&#252;her aufzustehen und Morgenseiten zu schreiben und Abends nicht den Kopf frei genug, um mich von allem etwas wegzuziehen und mir 10 Minuten f&#252;r ein paar zusammenfassende Gedanken zu nehmen.<\/small><\/p>\n<p><small>Als ich nun den Laptop aufklappte um ein paar Mails zu checken, ein paar News zu lesen bekam (mir dabei schon wieder ganz schlecht wird) und dann auf dem Blog mit einer neuen Rezension loslegen wollte, da kam mir eine Idee. Die Idee f&#252;r das Gedankentagebuch. Eigentlich &#252;berlegte ich, ob ich euch davon erz&#228;hlen wollte, dass wir nun wieder Gl&#252;ckstagebuch f&#252;hren und dachte mir, warum nicht auch gleich ein Gedankentagebuch? Ich habe das ja &#246;fter, dass mir so viele Dinge durch den Kopf schwirren, die nicht umfangreich genug f&#252;r einen Beitrag w&#228;ren, aber irgendwie doch raus aus dem Kopf wollen. Also versuche ich es mal hiermit. Immer wenn sich genug angestaut hat, wird es Zeit f&#252;r einen Gedankentagebuch-Beitrag und heute mache ich den Anfang damit. Ich glaube, dass es in den aktuellen Zeiten sicherlich sehr befreiend sein kann einfach mal von der Seele weg zu schreiben&#8230;]<\/small><\/p>\n<h2>Gedankentagebuch #01 &#8211; 10.02.2022<\/h2>\n<p>Ich sitze am Esstisch. Das Fr&#252;hst&#252;ckt liegt gerade hinter mir. Ich habe vom Schulweg Br&#246;tchen mitgebracht. Drei St&#252;ck. Der Mann sitzt n&#228;mlich noch immer im Homeoffice und heute ist auch der kleine Sohn zu Hause. Er hat sich einen &#8220;Ferientag&#8221; gew&#252;nscht. Letzte Woche war er n&#228;mlich jeden Tag trotz Ferien in der Kita. Diese Ferien, die irgendwie &#252;berhaupt nicht erholsam waren. Aber er wollte gerne dorthin. Ein Praktikant war da, den er wirklich gerne mochte und der nur in den Ferien kommt. Er ist gro&#223;, superlieb und spielt Fu&#223;ball. Genau wie der kleine Sohn. Also wollte er in die Kita &#8211; trotz Ferien und ich war froh, dass er das mit so viel Begeisterung macht. Er hat viele Freunde dort, irgendwie immer Spa&#223; und ist einfach gerne da. Das nimmt einem immer schon viele Sorgen ab.&nbsp;<\/p>\n<p>Heute hat der kleine Sohn also &#8220;Ferien&#8221; und sitzt noch immer im Schlafanzug im Wohnzimmer am Boden, w&#228;hrend die Katzen neugierig um ihn herum laufen. Nein eigentlich nur eine, denn die andere hat sich wieder direkt unter der Heizung in ihr Kuschelbett verzogen und genie&#223;t die W&#228;rme. Da w&#228;re ich jetzt auch gerne. Gef&#252;hlt wird einem seit Wochen n&#228;mlich nicht mehr so richtig warm. Mir auf jeden Fall nicht. Ich k&#246;nnte mich jeden Tag ewig unter die hei&#223;e Dusche stellen, aber die getankte W&#228;rme ist ratzfatz wieder weg. Das Wetter da drau&#223;en macht m&#252;de und l&#228;sst einen frieren und dabei haben wir nicht mal Minusgrade. Es ist dieser Wind gepaart mit dem Regen, so dass sich alles einfach nur eisig anf&#252;hlt. &#8220;Das macht so keinen Spa&#223;&#8221;, sagen alle, mit denen ich spreche. Wir alle sehnen die Sonne herbei. <strong>Dringend!<\/strong> Denn das tr&#252;be Wetter stellt schon wieder eine Menge mit unseren K&#246;pfen an und darauf k&#246;nnten wir gut und gerne verzichten. Als ob das alles nicht schon anstrengend genug w&#228;re. Letztes Jahr hatten wir wenigstens diese befreiende Woche voller Schneepracht. Das war letztes Jahr wirklich wie eine Erl&#246;sung, eine Befreiung von all der Anspannung. Gut, l&#228;sst sich nicht &#228;ndern, also weiter im Text.<\/p>\n<h2>Wir f&#252;hren nun wieder Gl&#252;ckstagebuch<\/h2>\n<p>Seit gestern haben wir nun das Gl&#252;ckstagebuch reaktiviert. Das habe ich mit dem gro&#223;en Sohn <a href=\"https:\/\/www.heldenhaushalt.de\/sari02\/index.php\/2017\/04\/04\/ein-monat-glueckstagebuch\/\">schon &#246;fter gemacht<\/a>. Auf diese Methode kamen wir mal eher durch Zufall, als einer Bestellung mal so ein kleines Heftchen beilag, wo man t&#228;glich sch&#246;ne Dinge aufschreiben und den Tag mit Sternen bewerten sollte. Jeden Abend sa&#223; ich beim gro&#223;en Sohn (der damals noch klein war) am Bett und bevor er sich schlafen legte, wurde alles aufgeschrieben, was ihn an dem Tag gl&#252;cklich gemacht hatte. Am Anfang fiel ihm das noch sehr schwer, aber im Laufe der Zeit konnte er sich viel besser auf die sch&#246;nen Dinge konzentrieren, auch wenn der Tag sich erst einmal bl&#246;d angef&#252;hlt hatte. So endete er dann doch immer mit einem wohlig warmen Gef&#252;hl anstatt Frust oder &#196;rger.&nbsp;<br \/>\nDas Ganze gefiel ihm so gut, dass wir tats&#228;chlich ein Notizbuch kauften und dort jeden Abend weitermachten, obwohl das Heftchen schon voll war.<\/p>\n<figure id=\"attachment_25199\" aria-describedby=\"caption-attachment-25199\" style=\"width: 505px\" class=\"wp-caption aligncenter\"><img loading=\"lazy\" decoding=\"async\" class=\"wp-image-25199 size-full\" src=\"https:\/\/www.heldenhaushalt.de\/sari02\/wp-content\/uploads\/2015\/02\/glucksbuch.jpg\" alt=\"Gedankentagebuch\" width=\"505\" height=\"299\" srcset=\"https:\/\/www.heldenhaushalt.de\/sari02\/wp-content\/uploads\/2015\/02\/glucksbuch.jpg 505w, https:\/\/www.heldenhaushalt.de\/sari02\/wp-content\/uploads\/2015\/02\/glucksbuch-300x178.jpg 300w\" sizes=\"auto, (max-width: 505px) 100vw, 505px\" \/><figcaption id=\"caption-attachment-25199\" class=\"wp-caption-text\"><small>Das Gl&#252;ckstagebuch vom Sohn vor einigen Jahren<\/small><\/figcaption><\/figure>\n<p>Irgendwann brauchte er es nicht mehr, doch nun scheint die Zeit wieder gekommen zu sein und ich kann ihn verstehen, denn die Welt spielt verr&#252;ckt. Total. Es sind so viele Dinge auf einmal, die sein sensibles K&#246;pfchen da gerade verarbeiten m&#252;ssen. Sensibel war er n&#228;mlich schon immer und hat sich &#252;ber so viel mehr Dinge Gedanken gemacht als ich und beruhigen kann man ihn nur schwer. Die Gedanken dabei sind schwer und manchmal regelrecht erdr&#252;ckend.<\/p>\n<p><strong>Die Welt spinnt.<\/strong> Seit zwei Jahren k&#228;mpfen wir nun gegen einen Virus und die Kraft ist aufgebraucht. Nicht nur bei uns Eltern, die immer versucht haben alles abzufangen, damit die Kinder so wenig wie m&#246;glich zu sp&#252;ren bekommen. Im Gegenteil, sie bekommen nun die volle Wucht ab. Zwei Jahre Verzicht und als Belohnung infizieren sie sich nun alle nacheinander. Schon wieder sind zwei Kinder in seiner Klasse betroffen, aber wir testen die Kinder einfach t&#228;glich und sie bleiben so lange dort, bis auch ihr Test positiv ist. Das ist nat&#252;rlich die ultimative L&#246;sung, um die Infektionskette zu durchbrechen.<\/p>\n<h2>Wie soll man das alles verarbeiten?<\/h2>\n<p>Die Kinder bekommen es nun also entweder selber oder sie bekommen mit, wie es um sie herum wie Bomben einschl&#228;gt. Und damit nicht genug, sprechen sie in der Schule nun &#252;ber einen Krieg, der sich anbahnt und der viel zu nah ist. Bomben der anderen Art. Menschen, die sich streiten und damit auch ihr Umfeld gef&#228;hrden, denn das alles ist irgendwie n&#228;her an uns dran, als gedacht.<\/p>\n<p>&#8220;Wir sind mittendrin&#8221;, sagte der Sohn besorgt vor ein paar Tagen zu mir und ich merke wieder, dass ich im Laufe der Jahre so etwas wie Verdr&#228;ngung echt gut perfektioniert habe. Ich bin wirklich gut so etwas auszublenden und konzentriere mich vorrangig auf die Dinge, die mich jetzt und hier besch&#228;ftigen und auf Trab halten. Davon gibt es n&#228;mlich schon genug, findet ihr nicht? Hallo, Ihr da drau&#223;en!!! Merkt ihr nicht, dass die Welt schon genug am Rad dreht?<\/p>\n<p>Also sitzen wir da, fangen neue Themen bei den Kindern ab, reden viel, versuchen gemeinsam viel zu verstehen und mal gelingt es besser, mal schlechter. Ich kann mich noch gut an eine Zeit erinnern, da sa&#223; ich abends mit einem Kumpel zusammen und wir wollten f&#252;r eine PW Arbeit lernen. Wir mussten wirklich dringend lernen, denn die Note stand f&#252;r uns beide ganz sch&#246;n auf der Kippe. Aber anstatt uns all das (wirklich, wirklich langweilige) Zeug anzuschauen und zu verinnerlichen, lief der Fernseher. Unten rechts im Bildschirm war ein zus&#228;tzliches Bild eingeblendet, das eine Rakete zeigte. Kaum zu glauben, dass das nun auch schon fast 20 Jahre her ist. Wie gebannt schauten wir auf den Bildschirm, wo die Waffe jeden Moment abgeschossen werden konnte. Voller Sorgen und &#196;ngste. Ich kann verstehen, dass es meinem Sohn nun Angst macht. Es ging uns ja nicht anders. Ewig haben wir auf den Bildschirm gestarrt, gar nicht darauf geachtet, was die Frau im Fernsehen erz&#228;hlte und am Ende schliefen wir irgendwann ein. Die PW Arbeit am n&#228;chsten Tag setzte ich total in den Sand. Ich war zu aufgew&#252;hlt, m&#252;de und hatte schlichtweg nicht gelernt. Der Grund daf&#252;r war dem Lehrer auch reichlich egal, aber nun ja&#8230; was sollte er auch tun.&nbsp;<\/p>\n<h2>Wir befinden uns in verr&#252;ckten Zeiten&#8230;<\/h2>\n<p>Jeden Morgen stehe ich auf, schaue auf diesen seltsamen Lolli Test, den ich nun mit dem Kita-Kind mehrmals die Woche machen muss und bange, dass nur ein Strich gezeigt wird. Gleichzeitig kommt der gro&#223;e Sohn die Treppe runter und man merkt, dass seine Schritte in diesem langen Winter immer schwerer geworden sind. Die Luft ist raus, die Energie aufgebraucht, die Sorgen liegen schwer auf den Schultern. Sorgen wegen Fehlzeiten, Sorgen wegen Corona, Sorgen wegen Schule, Sorgen wegen der Welt da drau&#223;en, Sorgen um Familie und Freunde. Das alles hat so viel Gewicht. Wir k&#246;nnen es ja kaum noch tragen, wie sollen meine Kinder das schaffen?<\/p>\n<p>Und lasst uns doch mal &#252;ber diese Lolli Tests sprechen. Diese Tests f&#252;r die Kleinen, auf die wir nun so lange gewartet haben. &#8220;Die sehen aus wie Lollis und dann lutschen sie eine bisschen darauf rum und fertig&#8221;, erkl&#228;rte mir eine Freundin mal vor Monaten. Mit den Lollis kommt dann auch die Testpflicht in Kitas. Es war ja schon ein Akt dieses St&#228;bchen in die winzige Nase meines Kindes zu bekommen. Ich hatte wirklich auf Erleichterung gehofft. Als mir die Erzieherin dann die ersten Lollitests in die Hand dr&#252;ckte, war ich &#252;berrascht. Ein St&#228;bchen, eine Kan&#252;le mit Fl&#252;ssigkeit und ein Test. Es sah alles aus wie immer. &#8220;Ja, ich wei&#223; auch nicht&#8221;, sagte die Erzieherin, &#8220;aber du musst jetzt eine Minute lang die Wangen deines Kindes ausgiebig mit dem St&#228;bchen ausstreichen&#8221;. Ich bin ja schon froh, wenn mein Kind sich nicht &#252;bergibt, wenn ich ihm die Backenz&#228;hne nachputze&#8230; na toll. Und darauf haben wir jetzt so sehns&#252;chtig gewartet. Meine Begeisterung h&#228;lt sich in Grenzen. Ich wei&#223; nicht, ob es euch da auch so geht. Drei Mal die Woche sollen wir testen, aber die Kita bekommt gerade mal so viel Tests, dass es f&#252;r zwei Mal pro Kind reicht. Mal mehr mal weniger. Finde den Fehler. &#196;ndern l&#228;sst es sich &#8211; mal wieder &#8211; nicht. Mein Kind m&#246;chte gerne in die Kita, als ziehen wir auch das durch.<\/p>\n<p><img loading=\"lazy\" decoding=\"async\" class=\"alignnone wp-image-54437 size-full\" src=\"https:\/\/www.heldenhaushalt.de\/sari02\/wp-content\/uploads\/2022\/01\/03-07.jpg\" alt=\"Gedankentagebuch\" width=\"1000\" height=\"715\" srcset=\"https:\/\/www.heldenhaushalt.de\/sari02\/wp-content\/uploads\/2022\/01\/03-07.jpg 1000w, https:\/\/www.heldenhaushalt.de\/sari02\/wp-content\/uploads\/2022\/01\/03-07-300x215.jpg 300w, https:\/\/www.heldenhaushalt.de\/sari02\/wp-content\/uploads\/2022\/01\/03-07-768x549.jpg 768w\" sizes=\"auto, (max-width: 1000px) 100vw, 1000px\" \/><\/p>\n<p>Und da Klassen, in denen positive F&#228;lle auftreten sich nach einem Fall immer jeden Tag in der Woche testen m&#252;ssen, 5 Tage hintereinander, testet sich der Sohn nun auch t&#228;glich. Eine Pause gibt es nicht, denn nach wie vor hat er jede Woche mindestens einen positiven Fall in seiner Klasse. Diese Woche sogar zwei und das, wo sie frisch aus den Ferien kommen. Wechselunterricht sei Dank ist er dieses Mal aber nicht betroffen, denn die Kinder kommen aus der anderen Gruppe. Dieses Mal. Und wieder hoffen wir auf einen milden Verlauf und schicken liebe Genesungsgr&#252;&#223;e raus. Auch das tun wir gef&#252;hlt aktuell jede Woche. Sei es Schule, Kita oder allgemein im Bekanntenkreis.<\/p>\n<h2>Aber hey, da kommt ein Sonnenstrahl raus&#8230;<\/h2>\n<p>Gerade wird es hell im Wohnzimmer. &#8220;Was ist das&#8221;, denke ich und schaue aus dem Fenster. Tats&#228;chlich&#8230; da ist ein wenig Sonne, die sich einen Weg durch die graue Wolkendecke gebahnt hat. Viel zu selten passiert das, aber wenn es passiert, dann wird dieser Sonnenstrahl gefeiert und genossen. Es ver&#228;ndert sich sofort etwas tief in uns drin und das Herz wird ein bisschen leichter. Ich bekomme direkt besser Luft und neue Energie. Und das geht vielen so.&nbsp;<\/p>\n<p>Als es neulich mal einen zwar eisigen, aber sonnigen Freitag gab, merkte man direkt, wie sich die Stimmung bei den Kindern ver&#228;nderte. Sie lachten viel mehr und konnten mit viel mehr Elan die Dinge angehen. Es hatte durchaus etwas Befreiendes. Bitte mehr davon. Ich bin mir ganz ganz sicher, dass mit dem Fr&#252;hling und mehr Sonne auch die Dinge nicht mehr so schwer auf uns lasten. Dass alles wieder etwas leichter zu bew&#228;ltigen wird und die Stimmung sich wieder hebt.&nbsp;<\/p>\n<p><strong>Und damit schlie&#223;e ich f&#252;r heute das Gedankentagebuch. Bleibt gesund.<\/strong><\/p>\n","protected":false},"excerpt":{"rendered":"<p>[Keine Abendseiten. Keine Morgenseiten. Ich habe mir ein paar Tage lang Gedanken dar&#252;ber gemacht, ob ich die Zeit und die Energie f&#252;r so etwas aufbringen kann und kam zu dem Entschluss: Das klappt nicht. Man muss ja auch mal ehrlich zu sich sein, nicht wahr? Sich eingestehen, was realistisch umsetzbar ist und was nicht. Und wenn ich meinen Tag und meine Gef&#252;hle ganz genau betrachte, dann habe ich am Morgen keine Energie, um fr&#252;her aufzustehen und Morgenseiten zu schreiben und Abends nicht den Kopf frei genug, um mich von allem etwas wegzuziehen und mir 10 Minuten f&#252;r ein paar zusammenfassende Gedanken zu nehmen. Als ich nun den Laptop aufklappte um ein paar Mails zu checken, ein paar News zu lesen bekam (mir dabei schon wieder ganz schlecht wird) und dann auf dem Blog mit einer neuen Rezension loslegen wollte, da kam mir eine Idee. Die Idee f&#252;r das Gedankentagebuch. Eigentlich &#252;berlegte ich, ob ich euch davon erz&#228;hlen wollte, dass wir nun wieder Gl&#252;ckstagebuch f&#252;hren und dachte mir, warum nicht auch gleich ein Gedankentagebuch? Ich habe das ja &#246;fter, dass mir so viele Dinge durch den Kopf schwirren, die nicht umfangreich genug f&#252;r einen Beitrag w&#228;ren, aber irgendwie doch raus aus dem Kopf wollen. Also versuche ich es mal hiermit. Immer wenn sich genug angestaut hat, wird es Zeit f&#252;r einen Gedankentagebuch-Beitrag und heute mache ich den Anfang damit. Ich glaube, dass es in den aktuellen Zeiten sicherlich sehr befreiend sein kann einfach mal von der Seele weg zu schreiben&#8230;] Gedankentagebuch #01 &#8211; 10.02.2022 Ich sitze am Esstisch. Das Fr&#252;hst&#252;ckt liegt gerade hinter mir. Ich habe vom Schulweg Br&#246;tchen mitgebracht. Drei St&#252;ck. Der Mann sitzt n&#228;mlich noch immer im Homeoffice und heute ist auch der kleine Sohn zu Hause. Er hat sich einen &#8220;Ferientag&#8221; gew&#252;nscht. Letzte Woche war er n&#228;mlich jeden Tag trotz Ferien in der Kita. Diese Ferien, die irgendwie &#252;berhaupt nicht erholsam waren. Aber er wollte gerne dorthin. Ein Praktikant war da, den er wirklich gerne mochte und der nur in den Ferien kommt. Er ist gro&#223;, superlieb und spielt Fu&#223;ball. Genau wie der kleine Sohn. Also wollte er in die Kita &#8211; trotz Ferien und ich war froh, dass er das mit so viel Begeisterung macht. Er hat viele Freunde dort, irgendwie immer Spa&#223; und ist einfach gerne da. Das nimmt einem immer schon viele Sorgen ab.&nbsp; Heute hat der kleine Sohn also &#8220;Ferien&#8221; und sitzt noch immer im Schlafanzug im Wohnzimmer am Boden, w&#228;hrend die Katzen neugierig um ihn herum laufen. Nein eigentlich nur eine, denn die andere hat sich wieder direkt unter der Heizung in ihr Kuschelbett verzogen und genie&#223;t die W&#228;rme. Da w&#228;re ich jetzt auch gerne. Gef&#252;hlt wird einem seit Wochen n&#228;mlich nicht mehr so richtig warm. Mir auf jeden Fall nicht. Ich k&#246;nnte mich jeden Tag ewig unter die hei&#223;e Dusche stellen, aber die getankte W&#228;rme ist ratzfatz wieder weg. Das Wetter da drau&#223;en macht m&#252;de und l&#228;sst einen frieren und dabei haben wir nicht mal Minusgrade. Es ist dieser Wind gepaart mit dem Regen, so dass sich alles einfach nur eisig anf&#252;hlt. &#8220;Das macht so keinen Spa&#223;&#8221;, sagen alle, mit denen ich spreche. Wir alle sehnen die Sonne herbei. Dringend! Denn das tr&#252;be Wetter stellt schon wieder eine Menge mit unseren K&#246;pfen an und darauf k&#246;nnten wir gut und gerne verzichten. Als ob das alles nicht schon anstrengend genug w&#228;re. Letztes Jahr hatten wir wenigstens diese befreiende Woche voller Schneepracht. Das war letztes Jahr wirklich wie eine Erl&#246;sung, eine Befreiung von all der Anspannung. Gut, l&#228;sst sich nicht &#228;ndern, also weiter im Text. Wir f&#252;hren nun wieder Gl&#252;ckstagebuch Seit gestern haben wir nun das Gl&#252;ckstagebuch reaktiviert. Das habe ich mit dem gro&#223;en Sohn schon &#246;fter gemacht. Auf diese Methode kamen wir mal eher durch Zufall, als einer Bestellung mal so ein kleines Heftchen beilag, wo man t&#228;glich sch&#246;ne Dinge aufschreiben und den Tag mit Sternen bewerten sollte. Jeden Abend sa&#223; ich beim gro&#223;en Sohn (der damals noch klein war) am Bett und bevor er sich schlafen legte, wurde alles aufgeschrieben, was ihn an dem Tag gl&#252;cklich gemacht hatte. Am Anfang fiel ihm das noch sehr schwer, aber im Laufe der Zeit konnte er sich viel besser auf die sch&#246;nen Dinge konzentrieren, auch wenn der Tag sich erst einmal bl&#246;d angef&#252;hlt hatte. So endete er dann doch immer mit einem wohlig warmen Gef&#252;hl anstatt Frust oder &#196;rger.&nbsp; Das Ganze gefiel ihm so gut, dass wir tats&#228;chlich ein Notizbuch kauften und dort jeden Abend weitermachten, obwohl das Heftchen schon voll war. Irgendwann brauchte er es nicht mehr, doch nun scheint die Zeit wieder gekommen zu sein und ich kann ihn verstehen, denn die Welt spielt verr&#252;ckt. Total. Es sind so viele Dinge auf einmal, die sein sensibles K&#246;pfchen da gerade verarbeiten m&#252;ssen. Sensibel war er n&#228;mlich schon immer und hat sich &#252;ber so viel mehr Dinge Gedanken gemacht als ich und beruhigen kann man ihn nur schwer. Die Gedanken dabei sind schwer und manchmal regelrecht erdr&#252;ckend. Die Welt spinnt. Seit zwei Jahren k&#228;mpfen wir nun gegen einen Virus und die Kraft ist aufgebraucht. Nicht nur bei uns Eltern, die immer versucht haben alles abzufangen, damit die Kinder so wenig wie m&#246;glich zu sp&#252;ren bekommen. Im Gegenteil, sie bekommen nun die volle Wucht ab. Zwei Jahre Verzicht und als Belohnung infizieren sie sich nun alle nacheinander. Schon wieder sind zwei Kinder in seiner Klasse betroffen, aber wir testen die Kinder einfach t&#228;glich und sie bleiben so lange dort, bis auch ihr Test positiv ist. Das ist nat&#252;rlich die ultimative L&#246;sung, um die Infektionskette zu durchbrechen. Wie soll man das alles verarbeiten? Die Kinder bekommen es nun also entweder selber oder sie bekommen mit, wie es um sie herum wie Bomben einschl&#228;gt. Und damit nicht genug, sprechen sie in der Schule nun &#252;ber einen Krieg, der sich anbahnt und der viel zu nah ist. Bomben der anderen Art. Menschen, die sich streiten und damit auch ihr Umfeld gef&#228;hrden, denn das alles ist irgendwie n&#228;her an uns dran, als gedacht. &#8220;Wir sind mittendrin&#8221;, sagte der Sohn besorgt vor ein paar Tagen zu mir und ich merke wieder, dass ich im Laufe der Jahre so etwas wie Verdr&#228;ngung echt gut perfektioniert habe. Ich bin wirklich gut so etwas auszublenden und konzentriere mich vorrangig auf die Dinge, die mich jetzt und hier besch&#228;ftigen und auf Trab halten. Davon gibt es n&#228;mlich schon genug, findet ihr nicht? Hallo, Ihr da drau&#223;en!!! Merkt ihr nicht, dass die Welt schon genug am Rad dreht? Also sitzen wir da, fangen neue Themen bei den Kindern ab, reden viel, versuchen gemeinsam viel zu verstehen und mal gelingt es besser, mal schlechter. Ich kann mich noch gut an eine Zeit erinnern, da sa&#223; ich abends mit einem Kumpel zusammen und wir wollten f&#252;r eine PW Arbeit lernen. Wir mussten wirklich dringend lernen, denn die Note stand f&#252;r uns beide ganz sch&#246;n auf der Kippe. Aber anstatt uns all das (wirklich, wirklich langweilige) Zeug anzuschauen und zu verinnerlichen, lief der Fernseher. Unten rechts im Bildschirm war ein zus&#228;tzliches Bild eingeblendet, das eine Rakete zeigte. Kaum zu glauben, dass das nun auch schon fast 20 Jahre her ist. Wie gebannt schauten wir auf den Bildschirm, wo die Waffe jeden Moment abgeschossen werden konnte. Voller Sorgen und &#196;ngste. Ich kann verstehen, dass es meinem Sohn nun Angst macht. Es ging uns ja nicht anders. Ewig haben wir auf den Bildschirm gestarrt, gar nicht darauf geachtet, was die Frau im Fernsehen erz&#228;hlte und am Ende schliefen wir irgendwann ein. Die PW Arbeit am n&#228;chsten Tag setzte ich total in den Sand. Ich war zu aufgew&#252;hlt, m&#252;de und hatte schlichtweg nicht gelernt. Der Grund daf&#252;r war dem Lehrer auch reichlich egal, aber nun ja&#8230; was sollte er auch tun.&nbsp; Wir befinden uns in verr&#252;ckten Zeiten&#8230; Jeden Morgen stehe ich auf, schaue auf diesen seltsamen Lolli Test, den ich nun mit dem Kita-Kind mehrmals die Woche machen muss und bange, dass nur ein Strich gezeigt wird. Gleichzeitig kommt der gro&#223;e Sohn die Treppe runter und man merkt, dass seine Schritte in diesem langen Winter immer schwerer geworden sind. Die Luft ist raus, die Energie aufgebraucht, die Sorgen liegen schwer auf den Schultern. Sorgen wegen Fehlzeiten, Sorgen wegen Corona, Sorgen wegen Schule, Sorgen wegen der Welt da drau&#223;en, Sorgen um Familie und Freunde. Das alles hat so viel Gewicht. Wir k&#246;nnen es ja kaum noch tragen, wie sollen meine Kinder das schaffen? Und lasst uns doch mal &#252;ber diese Lolli Tests sprechen. Diese Tests f&#252;r die Kleinen, auf die wir nun so lange gewartet haben. &#8220;Die sehen aus wie Lollis und dann lutschen sie eine bisschen darauf rum und fertig&#8221;, erkl&#228;rte mir eine Freundin mal vor Monaten. Mit den Lollis kommt dann auch die Testpflicht in Kitas. Es war ja schon ein Akt dieses St&#228;bchen in die winzige Nase meines Kindes zu bekommen. Ich hatte wirklich auf Erleichterung gehofft. Als mir die Erzieherin dann die ersten Lollitests in die Hand dr&#252;ckte, war ich &#252;berrascht. Ein St&#228;bchen, eine Kan&#252;le mit Fl&#252;ssigkeit und ein Test. Es sah alles aus wie immer. &#8220;Ja, ich wei&#223; auch nicht&#8221;, sagte die Erzieherin, &#8220;aber du musst jetzt eine Minute lang die Wangen deines Kindes ausgiebig mit dem St&#228;bchen ausstreichen&#8221;. Ich bin ja schon froh, wenn mein Kind sich nicht &#252;bergibt, wenn ich ihm die Backenz&#228;hne nachputze&#8230; na toll. Und darauf haben wir jetzt so sehns&#252;chtig gewartet. Meine Begeisterung h&#228;lt sich in Grenzen. Ich wei&#223; nicht, ob es euch da auch so geht. Drei Mal die Woche sollen wir testen, aber die Kita bekommt gerade mal so viel Tests, dass es f&#252;r zwei Mal pro Kind reicht. Mal mehr mal weniger. Finde den Fehler. &#196;ndern l&#228;sst es sich &#8211; mal wieder &#8211; nicht. Mein Kind m&#246;chte gerne in die Kita, als ziehen wir auch das durch. Und da Klassen, in denen positive F&#228;lle auftreten sich nach einem Fall immer jeden Tag in der Woche testen m&#252;ssen, 5 Tage hintereinander, testet sich der Sohn nun auch t&#228;glich. Eine Pause gibt es nicht, denn nach wie vor hat er jede Woche mindestens einen positiven Fall in seiner Klasse. Diese Woche sogar zwei und das, wo sie frisch aus den Ferien kommen. Wechselunterricht sei Dank ist er dieses Mal aber nicht betroffen, denn die Kinder kommen aus der anderen Gruppe. Dieses Mal. Und wieder hoffen wir auf einen milden Verlauf und schicken liebe Genesungsgr&#252;&#223;e raus. Auch das tun wir gef&#252;hlt aktuell jede Woche. Sei es Schule, Kita oder allgemein im Bekanntenkreis. Aber hey, da kommt ein Sonnenstrahl raus&#8230; Gerade wird es hell im Wohnzimmer. &#8220;Was ist das&#8221;, denke ich und schaue aus dem Fenster. Tats&#228;chlich&#8230; da ist ein wenig Sonne, die sich einen Weg durch die graue Wolkendecke gebahnt hat. Viel zu selten passiert das, aber wenn es passiert, dann wird dieser Sonnenstrahl gefeiert und genossen. Es ver&#228;ndert sich sofort etwas tief in uns drin und das Herz wird ein bisschen leichter. Ich bekomme direkt besser Luft und neue Energie. Und das geht vielen so.&nbsp; Als es neulich mal einen zwar eisigen, aber sonnigen Freitag gab, merkte man direkt, wie sich die Stimmung bei den Kindern ver&#228;nderte. Sie lachten viel mehr und konnten mit viel mehr Elan die Dinge angehen. Es hatte durchaus etwas Befreiendes. Bitte mehr davon. Ich bin mir ganz ganz sicher, dass mit dem Fr&#252;hling und mehr Sonne auch die Dinge nicht mehr so schwer auf uns lasten. Dass alles wieder etwas leichter zu bew&#228;ltigen wird und die Stimmung sich wieder hebt.&nbsp; Und damit schlie&#223;e ich f&#252;r heute das Gedankentagebuch. Bleibt gesund.<\/p>\n","protected":false},"author":1,"featured_media":53788,"comment_status":"open","ping_status":"open","sticky":false,"template":"","format":"standard","meta":{"ngg_post_thumbnail":0,"footnotes":""},"categories":[2210,50],"tags":[45,2528,3105,392,1194,81,3106,1215,857,3107],"class_list":["post-54558","post","type-post","status-publish","format-standard","has-post-thumbnail","hentry","category-featured","category-gedanken","tag-alltag","tag-corona","tag-gedankentagebuch","tag-gedanken","tag-glueckstagebuch","tag-kinder","tag-krieg","tag-schule","tag-sorgen","tag-testen"],"yoast_head":"<!-- This site is optimized with the Yoast SEO plugin v27.4 - https:\/\/yoast.com\/product\/yoast-seo-wordpress\/ -->\n<title>Gedankentagebuch #01 - Gl\u00fcckstagebuch, die Welt, &quot;Test-to-stay&quot;...<\/title>\n<meta name=\"description\" content=\"Immer wenn sich genug angestaut hat, wird es Zeit f\u00fcr einen Gedankentagebuch-Beitrag und heute mache ich den Anfang damit.\" \/>\n<meta name=\"robots\" content=\"index, follow, max-snippet:-1, max-image-preview:large, max-video-preview:-1\" \/>\n<link rel=\"canonical\" href=\"https:\/\/www.heldenhaushalt.de\/sari02\/index.php\/2022\/02\/10\/gedankentagebuch-01\/\" \/>\n<meta property=\"og:locale\" content=\"de_DE\" \/>\n<meta property=\"og:type\" content=\"article\" \/>\n<meta property=\"og:title\" content=\"Gedankentagebuch #01 - Gl\u00fcckstagebuch, die Welt, &quot;Test-to-stay&quot;...\" \/>\n<meta property=\"og:description\" content=\"Immer wenn sich genug angestaut hat, wird es Zeit f\u00fcr einen Gedankentagebuch-Beitrag und heute mache ich den Anfang damit.\" \/>\n<meta property=\"og:url\" content=\"https:\/\/www.heldenhaushalt.de\/sari02\/index.php\/2022\/02\/10\/gedankentagebuch-01\/\" \/>\n<meta property=\"og:site_name\" content=\"Heldenhaushalt\" \/>\n<meta property=\"article:published_time\" content=\"2022-02-10T08:49:11+00:00\" \/>\n<meta property=\"article:modified_time\" content=\"2022-02-17T08:57:05+00:00\" \/>\n<meta property=\"og:image\" content=\"https:\/\/www.heldenhaushalt.de\/sari02\/wp-content\/uploads\/2021\/11\/wib46-16.jpg\" \/>\n\t<meta property=\"og:image:width\" content=\"1000\" \/>\n\t<meta property=\"og:image:height\" content=\"693\" \/>\n\t<meta property=\"og:image:type\" content=\"image\/jpeg\" \/>\n<meta name=\"author\" content=\"Sari\" \/>\n<meta name=\"twitter:card\" content=\"summary_large_image\" \/>\n<meta name=\"twitter:creator\" content=\"@Heldenhaushalt\" \/>\n<meta name=\"twitter:site\" content=\"@Heldenhaushalt\" \/>\n<meta name=\"twitter:label1\" content=\"Verfasst von\" \/>\n\t<meta name=\"twitter:data1\" content=\"Sari\" \/>\n\t<meta name=\"twitter:label2\" content=\"Gesch\u00e4tzte Lesezeit\" \/>\n\t<meta name=\"twitter:data2\" content=\"12\u00a0Minuten\" \/>\n<script type=\"application\/ld+json\" class=\"yoast-schema-graph\">{\"@context\":\"https:\\\/\\\/schema.org\",\"@graph\":[{\"@type\":\"Article\",\"@id\":\"https:\\\/\\\/www.heldenhaushalt.de\\\/sari02\\\/index.php\\\/2022\\\/02\\\/10\\\/gedankentagebuch-01\\\/#article\",\"isPartOf\":{\"@id\":\"https:\\\/\\\/www.heldenhaushalt.de\\\/sari02\\\/index.php\\\/2022\\\/02\\\/10\\\/gedankentagebuch-01\\\/\"},\"author\":{\"name\":\"Sari\",\"@id\":\"https:\\\/\\\/www.heldenhaushalt.de\\\/sari02\\\/#\\\/schema\\\/person\\\/a1cc69f42a01f412eb62c151353814f6\"},\"headline\":\"Gedankentagebuch #01 &#8211; Gl&#252;ckstagebuch, die Welt, &#8220;Test-to-stay&#8221;&#8230;\",\"datePublished\":\"2022-02-10T08:49:11+00:00\",\"dateModified\":\"2022-02-17T08:57:05+00:00\",\"mainEntityOfPage\":{\"@id\":\"https:\\\/\\\/www.heldenhaushalt.de\\\/sari02\\\/index.php\\\/2022\\\/02\\\/10\\\/gedankentagebuch-01\\\/\"},\"wordCount\":2034,\"commentCount\":0,\"publisher\":{\"@id\":\"https:\\\/\\\/www.heldenhaushalt.de\\\/sari02\\\/#\\\/schema\\\/person\\\/a1cc69f42a01f412eb62c151353814f6\"},\"image\":{\"@id\":\"https:\\\/\\\/www.heldenhaushalt.de\\\/sari02\\\/index.php\\\/2022\\\/02\\\/10\\\/gedankentagebuch-01\\\/#primaryimage\"},\"thumbnailUrl\":\"https:\\\/\\\/www.heldenhaushalt.de\\\/sari02\\\/wp-content\\\/uploads\\\/2021\\\/11\\\/wib46-16.jpg\",\"keywords\":[\"Allt\u00e4glich\",\"Corona\",\"Gedankentagebuch\",\"Gedankenwelt\",\"Gl\u00fcckstagebuch\",\"Kinder\",\"Krieg\",\"Schule\",\"Sorgen\",\"Testen\"],\"articleSection\":[\"Featured\",\"Gedankenwelt\"],\"inLanguage\":\"de\",\"potentialAction\":[{\"@type\":\"CommentAction\",\"name\":\"Comment\",\"target\":[\"https:\\\/\\\/www.heldenhaushalt.de\\\/sari02\\\/index.php\\\/2022\\\/02\\\/10\\\/gedankentagebuch-01\\\/#respond\"]}]},{\"@type\":\"WebPage\",\"@id\":\"https:\\\/\\\/www.heldenhaushalt.de\\\/sari02\\\/index.php\\\/2022\\\/02\\\/10\\\/gedankentagebuch-01\\\/\",\"url\":\"https:\\\/\\\/www.heldenhaushalt.de\\\/sari02\\\/index.php\\\/2022\\\/02\\\/10\\\/gedankentagebuch-01\\\/\",\"name\":\"Gedankentagebuch #01 - Gl\u00fcckstagebuch, die Welt, \\\"Test-to-stay\\\"...\",\"isPartOf\":{\"@id\":\"https:\\\/\\\/www.heldenhaushalt.de\\\/sari02\\\/#website\"},\"primaryImageOfPage\":{\"@id\":\"https:\\\/\\\/www.heldenhaushalt.de\\\/sari02\\\/index.php\\\/2022\\\/02\\\/10\\\/gedankentagebuch-01\\\/#primaryimage\"},\"image\":{\"@id\":\"https:\\\/\\\/www.heldenhaushalt.de\\\/sari02\\\/index.php\\\/2022\\\/02\\\/10\\\/gedankentagebuch-01\\\/#primaryimage\"},\"thumbnailUrl\":\"https:\\\/\\\/www.heldenhaushalt.de\\\/sari02\\\/wp-content\\\/uploads\\\/2021\\\/11\\\/wib46-16.jpg\",\"datePublished\":\"2022-02-10T08:49:11+00:00\",\"dateModified\":\"2022-02-17T08:57:05+00:00\",\"description\":\"Immer wenn sich genug angestaut hat, wird es Zeit f\u00fcr einen Gedankentagebuch-Beitrag und heute mache ich den Anfang damit.\",\"breadcrumb\":{\"@id\":\"https:\\\/\\\/www.heldenhaushalt.de\\\/sari02\\\/index.php\\\/2022\\\/02\\\/10\\\/gedankentagebuch-01\\\/#breadcrumb\"},\"inLanguage\":\"de\",\"potentialAction\":[{\"@type\":\"ReadAction\",\"target\":[\"https:\\\/\\\/www.heldenhaushalt.de\\\/sari02\\\/index.php\\\/2022\\\/02\\\/10\\\/gedankentagebuch-01\\\/\"]}]},{\"@type\":\"ImageObject\",\"inLanguage\":\"de\",\"@id\":\"https:\\\/\\\/www.heldenhaushalt.de\\\/sari02\\\/index.php\\\/2022\\\/02\\\/10\\\/gedankentagebuch-01\\\/#primaryimage\",\"url\":\"https:\\\/\\\/www.heldenhaushalt.de\\\/sari02\\\/wp-content\\\/uploads\\\/2021\\\/11\\\/wib46-16.jpg\",\"contentUrl\":\"https:\\\/\\\/www.heldenhaushalt.de\\\/sari02\\\/wp-content\\\/uploads\\\/2021\\\/11\\\/wib46-16.jpg\",\"width\":1000,\"height\":693,\"caption\":\"#WIB\"},{\"@type\":\"BreadcrumbList\",\"@id\":\"https:\\\/\\\/www.heldenhaushalt.de\\\/sari02\\\/index.php\\\/2022\\\/02\\\/10\\\/gedankentagebuch-01\\\/#breadcrumb\",\"itemListElement\":[{\"@type\":\"ListItem\",\"position\":1,\"name\":\"Startseite\",\"item\":\"https:\\\/\\\/www.heldenhaushalt.de\\\/sari02\\\/\"},{\"@type\":\"ListItem\",\"position\":2,\"name\":\"Gedankentagebuch #01 &#8211; Gl&#252;ckstagebuch, die Welt, &#8220;Test-to-stay&#8221;&#8230;\"}]},{\"@type\":\"WebSite\",\"@id\":\"https:\\\/\\\/www.heldenhaushalt.de\\\/sari02\\\/#website\",\"url\":\"https:\\\/\\\/www.heldenhaushalt.de\\\/sari02\\\/\",\"name\":\"Heldenhaushalt\",\"description\":\"Wer es ordentlich haben will, der muss vorher anrufen\",\"publisher\":{\"@id\":\"https:\\\/\\\/www.heldenhaushalt.de\\\/sari02\\\/#\\\/schema\\\/person\\\/a1cc69f42a01f412eb62c151353814f6\"},\"potentialAction\":[{\"@type\":\"SearchAction\",\"target\":{\"@type\":\"EntryPoint\",\"urlTemplate\":\"https:\\\/\\\/www.heldenhaushalt.de\\\/sari02\\\/?s={search_term_string}\"},\"query-input\":{\"@type\":\"PropertyValueSpecification\",\"valueRequired\":true,\"valueName\":\"search_term_string\"}}],\"inLanguage\":\"de\"},{\"@type\":[\"Person\",\"Organization\"],\"@id\":\"https:\\\/\\\/www.heldenhaushalt.de\\\/sari02\\\/#\\\/schema\\\/person\\\/a1cc69f42a01f412eb62c151353814f6\",\"name\":\"Sari\",\"image\":{\"@type\":\"ImageObject\",\"inLanguage\":\"de\",\"@id\":\"https:\\\/\\\/www.heldenhaushalt.de\\\/sari02\\\/wp-content\\\/uploads\\\/2019\\\/02\\\/sari-april2018.png\",\"url\":\"https:\\\/\\\/www.heldenhaushalt.de\\\/sari02\\\/wp-content\\\/uploads\\\/2019\\\/02\\\/sari-april2018.png\",\"contentUrl\":\"https:\\\/\\\/www.heldenhaushalt.de\\\/sari02\\\/wp-content\\\/uploads\\\/2019\\\/02\\\/sari-april2018.png\",\"width\":500,\"height\":500,\"caption\":\"Sari\"},\"logo\":{\"@id\":\"https:\\\/\\\/www.heldenhaushalt.de\\\/sari02\\\/wp-content\\\/uploads\\\/2019\\\/02\\\/sari-april2018.png\"},\"description\":\"Frau Mondgras \u2013 Das bin ich, Sari. Gerne auch als Sari Mondgras bekannt und im Internet zu finden. 2-Fach-Mutter, Heldenehefrau, Kreativling, Harmonies\u00fcchtig und st\u00e4ndig auf der Suche nach Gl\u00fcck. Ich komme aus Berlin, bin hier aufgewachsen und lebe hier seit ich denken kann.\",\"sameAs\":[\"https:\\\/\\\/www.instagram.com\\\/heldenhaushalt\\\/\"],\"url\":\"https:\\\/\\\/www.heldenhaushalt.de\\\/sari02\\\/index.php\\\/author\\\/admin\\\/\"}]}<\/script>\n<!-- \/ Yoast SEO plugin. -->","yoast_head_json":{"title":"Gedankentagebuch #01 - Gl\u00fcckstagebuch, die Welt, \"Test-to-stay\"...","description":"Immer wenn sich genug angestaut hat, wird es Zeit f\u00fcr einen Gedankentagebuch-Beitrag und heute mache ich den Anfang damit.","robots":{"index":"index","follow":"follow","max-snippet":"max-snippet:-1","max-image-preview":"max-image-preview:large","max-video-preview":"max-video-preview:-1"},"canonical":"https:\/\/www.heldenhaushalt.de\/sari02\/index.php\/2022\/02\/10\/gedankentagebuch-01\/","og_locale":"de_DE","og_type":"article","og_title":"Gedankentagebuch #01 - Gl\u00fcckstagebuch, die Welt, \"Test-to-stay\"...","og_description":"Immer wenn sich genug angestaut hat, wird es Zeit f\u00fcr einen Gedankentagebuch-Beitrag und heute mache ich den Anfang damit.","og_url":"https:\/\/www.heldenhaushalt.de\/sari02\/index.php\/2022\/02\/10\/gedankentagebuch-01\/","og_site_name":"Heldenhaushalt","article_published_time":"2022-02-10T08:49:11+00:00","article_modified_time":"2022-02-17T08:57:05+00:00","og_image":[{"width":1000,"height":693,"url":"https:\/\/www.heldenhaushalt.de\/sari02\/wp-content\/uploads\/2021\/11\/wib46-16.jpg","type":"image\/jpeg"}],"author":"Sari","twitter_card":"summary_large_image","twitter_creator":"@Heldenhaushalt","twitter_site":"@Heldenhaushalt","twitter_misc":{"Verfasst von":"Sari","Gesch\u00e4tzte Lesezeit":"12\u00a0Minuten"},"schema":{"@context":"https:\/\/schema.org","@graph":[{"@type":"Article","@id":"https:\/\/www.heldenhaushalt.de\/sari02\/index.php\/2022\/02\/10\/gedankentagebuch-01\/#article","isPartOf":{"@id":"https:\/\/www.heldenhaushalt.de\/sari02\/index.php\/2022\/02\/10\/gedankentagebuch-01\/"},"author":{"name":"Sari","@id":"https:\/\/www.heldenhaushalt.de\/sari02\/#\/schema\/person\/a1cc69f42a01f412eb62c151353814f6"},"headline":"Gedankentagebuch #01 &#8211; Gl&#252;ckstagebuch, die Welt, &#8220;Test-to-stay&#8221;&#8230;","datePublished":"2022-02-10T08:49:11+00:00","dateModified":"2022-02-17T08:57:05+00:00","mainEntityOfPage":{"@id":"https:\/\/www.heldenhaushalt.de\/sari02\/index.php\/2022\/02\/10\/gedankentagebuch-01\/"},"wordCount":2034,"commentCount":0,"publisher":{"@id":"https:\/\/www.heldenhaushalt.de\/sari02\/#\/schema\/person\/a1cc69f42a01f412eb62c151353814f6"},"image":{"@id":"https:\/\/www.heldenhaushalt.de\/sari02\/index.php\/2022\/02\/10\/gedankentagebuch-01\/#primaryimage"},"thumbnailUrl":"https:\/\/www.heldenhaushalt.de\/sari02\/wp-content\/uploads\/2021\/11\/wib46-16.jpg","keywords":["Allt\u00e4glich","Corona","Gedankentagebuch","Gedankenwelt","Gl\u00fcckstagebuch","Kinder","Krieg","Schule","Sorgen","Testen"],"articleSection":["Featured","Gedankenwelt"],"inLanguage":"de","potentialAction":[{"@type":"CommentAction","name":"Comment","target":["https:\/\/www.heldenhaushalt.de\/sari02\/index.php\/2022\/02\/10\/gedankentagebuch-01\/#respond"]}]},{"@type":"WebPage","@id":"https:\/\/www.heldenhaushalt.de\/sari02\/index.php\/2022\/02\/10\/gedankentagebuch-01\/","url":"https:\/\/www.heldenhaushalt.de\/sari02\/index.php\/2022\/02\/10\/gedankentagebuch-01\/","name":"Gedankentagebuch #01 - Gl\u00fcckstagebuch, die Welt, \"Test-to-stay\"...","isPartOf":{"@id":"https:\/\/www.heldenhaushalt.de\/sari02\/#website"},"primaryImageOfPage":{"@id":"https:\/\/www.heldenhaushalt.de\/sari02\/index.php\/2022\/02\/10\/gedankentagebuch-01\/#primaryimage"},"image":{"@id":"https:\/\/www.heldenhaushalt.de\/sari02\/index.php\/2022\/02\/10\/gedankentagebuch-01\/#primaryimage"},"thumbnailUrl":"https:\/\/www.heldenhaushalt.de\/sari02\/wp-content\/uploads\/2021\/11\/wib46-16.jpg","datePublished":"2022-02-10T08:49:11+00:00","dateModified":"2022-02-17T08:57:05+00:00","description":"Immer wenn sich genug angestaut hat, wird es Zeit f\u00fcr einen Gedankentagebuch-Beitrag und heute mache ich den Anfang damit.","breadcrumb":{"@id":"https:\/\/www.heldenhaushalt.de\/sari02\/index.php\/2022\/02\/10\/gedankentagebuch-01\/#breadcrumb"},"inLanguage":"de","potentialAction":[{"@type":"ReadAction","target":["https:\/\/www.heldenhaushalt.de\/sari02\/index.php\/2022\/02\/10\/gedankentagebuch-01\/"]}]},{"@type":"ImageObject","inLanguage":"de","@id":"https:\/\/www.heldenhaushalt.de\/sari02\/index.php\/2022\/02\/10\/gedankentagebuch-01\/#primaryimage","url":"https:\/\/www.heldenhaushalt.de\/sari02\/wp-content\/uploads\/2021\/11\/wib46-16.jpg","contentUrl":"https:\/\/www.heldenhaushalt.de\/sari02\/wp-content\/uploads\/2021\/11\/wib46-16.jpg","width":1000,"height":693,"caption":"#WIB"},{"@type":"BreadcrumbList","@id":"https:\/\/www.heldenhaushalt.de\/sari02\/index.php\/2022\/02\/10\/gedankentagebuch-01\/#breadcrumb","itemListElement":[{"@type":"ListItem","position":1,"name":"Startseite","item":"https:\/\/www.heldenhaushalt.de\/sari02\/"},{"@type":"ListItem","position":2,"name":"Gedankentagebuch #01 &#8211; Gl&#252;ckstagebuch, die Welt, &#8220;Test-to-stay&#8221;&#8230;"}]},{"@type":"WebSite","@id":"https:\/\/www.heldenhaushalt.de\/sari02\/#website","url":"https:\/\/www.heldenhaushalt.de\/sari02\/","name":"Heldenhaushalt","description":"Wer es ordentlich haben will, der muss vorher anrufen","publisher":{"@id":"https:\/\/www.heldenhaushalt.de\/sari02\/#\/schema\/person\/a1cc69f42a01f412eb62c151353814f6"},"potentialAction":[{"@type":"SearchAction","target":{"@type":"EntryPoint","urlTemplate":"https:\/\/www.heldenhaushalt.de\/sari02\/?s={search_term_string}"},"query-input":{"@type":"PropertyValueSpecification","valueRequired":true,"valueName":"search_term_string"}}],"inLanguage":"de"},{"@type":["Person","Organization"],"@id":"https:\/\/www.heldenhaushalt.de\/sari02\/#\/schema\/person\/a1cc69f42a01f412eb62c151353814f6","name":"Sari","image":{"@type":"ImageObject","inLanguage":"de","@id":"https:\/\/www.heldenhaushalt.de\/sari02\/wp-content\/uploads\/2019\/02\/sari-april2018.png","url":"https:\/\/www.heldenhaushalt.de\/sari02\/wp-content\/uploads\/2019\/02\/sari-april2018.png","contentUrl":"https:\/\/www.heldenhaushalt.de\/sari02\/wp-content\/uploads\/2019\/02\/sari-april2018.png","width":500,"height":500,"caption":"Sari"},"logo":{"@id":"https:\/\/www.heldenhaushalt.de\/sari02\/wp-content\/uploads\/2019\/02\/sari-april2018.png"},"description":"Frau Mondgras \u2013 Das bin ich, Sari. Gerne auch als Sari Mondgras bekannt und im Internet zu finden. 2-Fach-Mutter, Heldenehefrau, Kreativling, Harmonies\u00fcchtig und st\u00e4ndig auf der Suche nach Gl\u00fcck. Ich komme aus Berlin, bin hier aufgewachsen und lebe hier seit ich denken kann.","sameAs":["https:\/\/www.instagram.com\/heldenhaushalt\/"],"url":"https:\/\/www.heldenhaushalt.de\/sari02\/index.php\/author\/admin\/"}]}},"views":1439,"_links":{"self":[{"href":"https:\/\/www.heldenhaushalt.de\/sari02\/index.php\/wp-json\/wp\/v2\/posts\/54558","targetHints":{"allow":["GET"]}}],"collection":[{"href":"https:\/\/www.heldenhaushalt.de\/sari02\/index.php\/wp-json\/wp\/v2\/posts"}],"about":[{"href":"https:\/\/www.heldenhaushalt.de\/sari02\/index.php\/wp-json\/wp\/v2\/types\/post"}],"author":[{"embeddable":true,"href":"https:\/\/www.heldenhaushalt.de\/sari02\/index.php\/wp-json\/wp\/v2\/users\/1"}],"replies":[{"embeddable":true,"href":"https:\/\/www.heldenhaushalt.de\/sari02\/index.php\/wp-json\/wp\/v2\/comments?post=54558"}],"version-history":[{"count":5,"href":"https:\/\/www.heldenhaushalt.de\/sari02\/index.php\/wp-json\/wp\/v2\/posts\/54558\/revisions"}],"predecessor-version":[{"id":54600,"href":"https:\/\/www.heldenhaushalt.de\/sari02\/index.php\/wp-json\/wp\/v2\/posts\/54558\/revisions\/54600"}],"wp:featuredmedia":[{"embeddable":true,"href":"https:\/\/www.heldenhaushalt.de\/sari02\/index.php\/wp-json\/wp\/v2\/media\/53788"}],"wp:attachment":[{"href":"https:\/\/www.heldenhaushalt.de\/sari02\/index.php\/wp-json\/wp\/v2\/media?parent=54558"}],"wp:term":[{"taxonomy":"category","embeddable":true,"href":"https:\/\/www.heldenhaushalt.de\/sari02\/index.php\/wp-json\/wp\/v2\/categories?post=54558"},{"taxonomy":"post_tag","embeddable":true,"href":"https:\/\/www.heldenhaushalt.de\/sari02\/index.php\/wp-json\/wp\/v2\/tags?post=54558"}],"curies":[{"name":"wp","href":"https:\/\/api.w.org\/{rel}","templated":true}]}}