{"id":54688,"date":"2022-03-04T10:40:13","date_gmt":"2022-03-04T09:40:13","guid":{"rendered":"https:\/\/www.heldenhaushalt.de\/sari02\/?p=54688"},"modified":"2022-03-04T10:40:13","modified_gmt":"2022-03-04T09:40:13","slug":"unsere-wochenlieblinge-092022","status":"publish","type":"post","link":"https:\/\/www.heldenhaushalt.de\/sari02\/index.php\/2022\/03\/04\/unsere-wochenlieblinge-092022\/","title":{"rendered":"Unsere Wochenlieblinge 09\/2022 &#8211; Eine kunterbunte Woche"},"content":{"rendered":"<p style=\"text-align: right;\"><small>Enth&#228;lt (unbezahlte) Werbung*<\/small><\/p>\n<p>Die Woche startet bei uns bunt und bunt soll es f&#252;r unsere Kinder auch bleiben. Es wird in der Schule zwar viel &#252;ber das aktuelle Thema gesprochen, aber dennoch ist es mir wichtig, dass die Kinder mit einem guten Gef&#252;hl durch den Tag gehen. Das f&#228;llt dem gro&#223;en Sohn im Moment sehr schwer. Er erlebt viele Auf und Abs, f&#252;hlt sich &#246;fter mal m&#252;de und ausgelaugt und wer kann es ihm ver&#252;beln.<\/p>\n<p>Unsere Wochenlieblinge diese Woche sind dennoch durchzogen von Farbe, Sonne und besonderen Momenten.<\/p>\n<h2>Unsere Wochenlieblinge in dieser Woche\u2026<\/h2>\n<p>Am Rosenmontag wurde bei uns in der Kita Fasching gefeiert. Das erw&#228;hne ich ja schon beim #WIB und der kleine Sohn war voller Vorfreude. Vor allem, weil sein lang ersehntes Kost&#252;m doch noch rechtzeitig kam.<\/p>\n<p><img loading=\"lazy\" decoding=\"async\" class=\"alignnone size-full wp-image-54689\" src=\"https:\/\/www.heldenhaushalt.de\/sari02\/wp-content\/uploads\/2022\/03\/09-01.jpg\" alt=\"Obstmandala\" width=\"1000\" height=\"704\" srcset=\"https:\/\/www.heldenhaushalt.de\/sari02\/wp-content\/uploads\/2022\/03\/09-01.jpg 1000w, https:\/\/www.heldenhaushalt.de\/sari02\/wp-content\/uploads\/2022\/03\/09-01-300x211.jpg 300w, https:\/\/www.heldenhaushalt.de\/sari02\/wp-content\/uploads\/2022\/03\/09-01-768x541.jpg 768w\" sizes=\"auto, (max-width: 1000px) 100vw, 1000px\" \/><\/p>\n<p>Jeder sollte zum Faschings-Buffet etwas beitragen und wir entschieden uns recht spontan daf&#252;r einen bunten Obstteller &#8211; ein Obstmandala &#8211; f&#252;r die Kita zu zaubern. Hach, ich muss das wieder &#246;fter machen.&nbsp;<\/p>\n<p><img loading=\"lazy\" decoding=\"async\" class=\"alignnone size-full wp-image-54690\" src=\"https:\/\/www.heldenhaushalt.de\/sari02\/wp-content\/uploads\/2022\/03\/09-02.jpg\" alt=\"Spiderman\" width=\"1000\" height=\"779\" srcset=\"https:\/\/www.heldenhaushalt.de\/sari02\/wp-content\/uploads\/2022\/03\/09-02.jpg 1000w, https:\/\/www.heldenhaushalt.de\/sari02\/wp-content\/uploads\/2022\/03\/09-02-300x234.jpg 300w, https:\/\/www.heldenhaushalt.de\/sari02\/wp-content\/uploads\/2022\/03\/09-02-768x598.jpg 768w\" sizes=\"auto, (max-width: 1000px) 100vw, 1000px\" \/><\/p>\n<p>Als ich das verkleidete Kind dann um die Mittagszeit herum abholte, hatte es super gute Laune und viel Spa&#223; gehabt. Was will man mehr, nicht wahr? Den Rest des Tages verblieb es dann noch im <a href=\"https:\/\/www.amazon.de\/gp\/search?ie=UTF8&amp;tag=mondgrasde-21&amp;linkCode=ur2&amp;linkId=6d952dbba11d959198ab93b4f5f97ae8&amp;camp=1638&amp;creative=6742&amp;index=clothing&amp;keywords=Spiderman Kost&#252;m\" target=\"_blank\" rel=\"nofollow noopener\">Spiderman-Kost&#252;m<\/a> <small>(Affiliate Link)<\/small>. Als was sind eure Kinder dieses Jahr gegangen?<\/p>\n<p><img loading=\"lazy\" decoding=\"async\" class=\"alignnone size-full wp-image-54691\" src=\"https:\/\/www.heldenhaushalt.de\/sari02\/wp-content\/uploads\/2022\/03\/09-03.jpg\" alt=\"Wochenlieblinge\" width=\"1000\" height=\"740\" srcset=\"https:\/\/www.heldenhaushalt.de\/sari02\/wp-content\/uploads\/2022\/03\/09-03.jpg 1000w, https:\/\/www.heldenhaushalt.de\/sari02\/wp-content\/uploads\/2022\/03\/09-03-300x222.jpg 300w, https:\/\/www.heldenhaushalt.de\/sari02\/wp-content\/uploads\/2022\/03\/09-03-768x568.jpg 768w\" sizes=\"auto, (max-width: 1000px) 100vw, 1000px\" \/><\/p>\n<p>Am n&#228;chsten Tag gab es auch f&#252;r den gro&#223;en Sohn so etwas wie Fasching. Die Klassenlehrerin wollte in den zwei Stunden, die die Kinder bei ihr haben w&#252;rden, mit ihnen ein bisschen feiern, etwas knabbern und Spiele spielen. Zu diesem Anlass gab es <a href=\"https:\/\/www.heldenhaushalt.de\/sari02\/index.php\/2017\/06\/04\/griess-kaesekuchen\/\">Grie&#223;-K&#228;sekuchen<\/a> und der Sohn verkleidete sich als Gamer mit einer selbst gestalteten Maske.<\/p>\n<p><img loading=\"lazy\" decoding=\"async\" class=\"alignnone size-full wp-image-54693\" src=\"https:\/\/www.heldenhaushalt.de\/sari02\/wp-content\/uploads\/2022\/03\/09-05.jpg\" alt=\"Wochenlieblinge\" width=\"1000\" height=\"777\" srcset=\"https:\/\/www.heldenhaushalt.de\/sari02\/wp-content\/uploads\/2022\/03\/09-05.jpg 1000w, https:\/\/www.heldenhaushalt.de\/sari02\/wp-content\/uploads\/2022\/03\/09-05-300x233.jpg 300w, https:\/\/www.heldenhaushalt.de\/sari02\/wp-content\/uploads\/2022\/03\/09-05-768x597.jpg 768w\" sizes=\"auto, (max-width: 1000px) 100vw, 1000px\" \/><\/p>\n<p>Ich probierte dann diese Woche auch mal ein wenig mit Farbe herum. Ich lieb&#228;ugle damit ja schon l&#228;nger und habe jetzt mal mit so Farbschw&#228;mmen meine Spitzen eingef&#228;rbt. Endlich ist das Haar mal blond genug, um ein wenig verr&#252;ckt zu sein. Auf Empfehlung hin habe ich jetzt mal eine Art Farbmaske bestellt, die sich nach Bedarf schnell wieder rauswaschen l&#228;sst. Ich berichte demn&#228;chst mal von meinen Erfahrungen.<\/p>\n<p><img loading=\"lazy\" decoding=\"async\" class=\"alignnone size-full wp-image-54695\" src=\"https:\/\/www.heldenhaushalt.de\/sari02\/wp-content\/uploads\/2022\/03\/09-07.jpg\" alt=\"Erstes Eis\" width=\"1000\" height=\"767\" srcset=\"https:\/\/www.heldenhaushalt.de\/sari02\/wp-content\/uploads\/2022\/03\/09-07.jpg 1000w, https:\/\/www.heldenhaushalt.de\/sari02\/wp-content\/uploads\/2022\/03\/09-07-300x230.jpg 300w, https:\/\/www.heldenhaushalt.de\/sari02\/wp-content\/uploads\/2022\/03\/09-07-768x589.jpg 768w\" sizes=\"auto, (max-width: 1000px) 100vw, 1000px\" \/><\/p>\n<p>An einem sonnigen Tag &#252;berraschte ich den gro&#223;en Sohn nach der Schule mit einem Ausflug zur Eisdiele. Das erste Eis aus der Eisdiele dieses Jahr. Zwar nicht zu der gewohnten, wo es mein Lieblingseis gibt, aber zu einer, die sehr gut sein soll und es war wirklich lecker. Es darf jetzt aber auch bitte endlich mal w&#228;rmer werden. Immerhin haben wir nun schon kalendarischen Fr&#252;hling. So kreiert man sich seine eigenen Wochenlieblinge, nicht wahr? In dem man sich besondere ruhige Momente verschafft.<\/p>\n<p><img loading=\"lazy\" decoding=\"async\" class=\"alignnone size-full wp-image-54696\" src=\"https:\/\/www.heldenhaushalt.de\/sari02\/wp-content\/uploads\/2022\/03\/09-08.jpg\" alt=\"Wochenlieblinge\" width=\"1000\" height=\"698\" srcset=\"https:\/\/www.heldenhaushalt.de\/sari02\/wp-content\/uploads\/2022\/03\/09-08.jpg 1000w, https:\/\/www.heldenhaushalt.de\/sari02\/wp-content\/uploads\/2022\/03\/09-08-300x209.jpg 300w, https:\/\/www.heldenhaushalt.de\/sari02\/wp-content\/uploads\/2022\/03\/09-08-768x536.jpg 768w\" sizes=\"auto, (max-width: 1000px) 100vw, 1000px\" \/><\/p>\n<p>Sch&#246;ne Post holte ich zudem diese Woche ab, darin befand sich ein sch&#246;nes neues Buch mit H&#246;rbuch und einem neuen Luchs-Pl&#252;schi f&#252;r die Kinder. Dieser ist nun beim kleinen Sohn eingezogen und wartet noch auf einen Namen. In das Buch lesen wir demn&#228;chst mal rein und bedanken uns artig <a href=\"https:\/\/www.carlsen.de\/kinderbuch\/whisperworld\" target=\"_blank\" rel=\"nofollow noopener\">beim Carlsen Verlag<\/a>.<\/p>\n<h2>Unsere Lieblinge aus der Blogsph&#228;re!<\/h2>\n<p><img loading=\"lazy\" decoding=\"async\" class=\"alignnone size-full wp-image-54692\" src=\"https:\/\/www.heldenhaushalt.de\/sari02\/wp-content\/uploads\/2022\/03\/09-04.jpg\" alt=\"Katzen\" width=\"1000\" height=\"724\" srcset=\"https:\/\/www.heldenhaushalt.de\/sari02\/wp-content\/uploads\/2022\/03\/09-04.jpg 1000w, https:\/\/www.heldenhaushalt.de\/sari02\/wp-content\/uploads\/2022\/03\/09-04-300x217.jpg 300w, https:\/\/www.heldenhaushalt.de\/sari02\/wp-content\/uploads\/2022\/03\/09-04-768x556.jpg 768w, https:\/\/www.heldenhaushalt.de\/sari02\/wp-content\/uploads\/2022\/03\/09-04-330x240.jpg 330w\" sizes=\"auto, (max-width: 1000px) 100vw, 1000px\" \/><\/p>\n<p>F&#252;r die Kinder gab es diese Woche zudem neues Trainingsmaterial, damit sie die Sachen aus dem Training auch zu Hause &#252;ben k&#246;nnen. Das hat sie hoch motiviert. Leider schw&#228;chelt der gro&#223;e Sohn mal wieder gesundheitlich und das nervt. Seit Corona kommt und geht es bei ihm. Na jedenfalls haben sich die Katzen sehr &#252;ber die riesigen Versandkartons gefreut. Ihre Wochenlieblinge quasi.<\/p>\n<p>Und ein paar Wochenlieblinge habe ich dann auch wieder in Linkform f&#252;r euch: <a href=\"https:\/\/www.sabine-seyffert.de\/blog\/?p=22278\" target=\"_blank\" rel=\"noopener\">Kleine Fee basteln<\/a> &#8211; <a href=\"https:\/\/gkkreativ.blogspot.com\/2022\/03\/basteln-fur-ostern-huhner-aus-tonkarton.html\" target=\"_blank\" rel=\"noopener\">H&#252;hner aus Tonkarton<\/a> &#8211; <a href=\"https:\/\/diekleinebotin.at\/tagesplaner-fuer-kinder-basteln\/\" target=\"_blank\" rel=\"noopener\">Tagesplaner f&#252;r Kinder basteln<\/a>.<\/p>\n<p>Nun erwartet uns ein verl&#228;ngertes Wochenende und ich hoffe alle sind halbwegs fit, denn eigentlich stehen ein paar tolle Sachen an. Es w&#228;re schade, wenn man die Kinder mal wieder entt&#228;uschen m&#252;sste. Dr&#252;ckt uns also die Daumen.<\/p>\n<p><strong>Was waren eure Wochenlieblinge der Woche?<\/strong><\/p>\n<p><small>*<strong>Anmerkung:<\/strong>&nbsp;Der Artikel &#252;ber unsere Wochenlieblinge enth&#228;lt evtl. Bilder mit Produkten, die wir in unserem Alltag nutzen oder Linkempfehlungen. Wir haben keine Bezahlung f&#252;r das Zeigen oder Nutzen derselbigen erhalten. Affiliate Links sind als solche markiert.<\/small><\/p>\n","protected":false},"excerpt":{"rendered":"<p>Enth&#228;lt (unbezahlte) Werbung* Die Woche startet bei uns bunt und bunt soll es f&#252;r unsere Kinder auch bleiben. Es wird in der Schule zwar viel &#252;ber das aktuelle Thema gesprochen, aber dennoch ist es mir wichtig, dass die Kinder mit einem guten Gef&#252;hl durch den Tag gehen. Das f&#228;llt dem gro&#223;en Sohn im Moment sehr schwer. Er erlebt viele Auf und Abs, f&#252;hlt sich &#246;fter mal m&#252;de und ausgelaugt und wer kann es ihm ver&#252;beln. Unsere Wochenlieblinge diese Woche sind dennoch durchzogen von Farbe, Sonne und besonderen Momenten. Unsere Wochenlieblinge in dieser Woche\u2026 Am Rosenmontag wurde bei uns in der Kita Fasching gefeiert. Das erw&#228;hne ich ja schon beim #WIB und der kleine Sohn war voller Vorfreude. Vor allem, weil sein lang ersehntes Kost&#252;m doch noch rechtzeitig kam. Jeder sollte zum Faschings-Buffet etwas beitragen und wir entschieden uns recht spontan daf&#252;r einen bunten Obstteller &#8211; ein Obstmandala &#8211; f&#252;r die Kita zu zaubern. Hach, ich muss das wieder &#246;fter machen.&nbsp; Als ich das verkleidete Kind dann um die Mittagszeit herum abholte, hatte es super gute Laune und viel Spa&#223; gehabt. Was will man mehr, nicht wahr? Den Rest des Tages verblieb es dann noch im Spiderman-Kost&#252;m (Affiliate Link). Als was sind eure Kinder dieses Jahr gegangen? Am n&#228;chsten Tag gab es auch f&#252;r den gro&#223;en Sohn so etwas wie Fasching. Die Klassenlehrerin wollte in den zwei Stunden, die die Kinder bei ihr haben w&#252;rden, mit ihnen ein bisschen feiern, etwas knabbern und Spiele spielen. Zu diesem Anlass gab es Grie&#223;-K&#228;sekuchen und der Sohn verkleidete sich als Gamer mit einer selbst gestalteten Maske. Ich probierte dann diese Woche auch mal ein wenig mit Farbe herum. Ich lieb&#228;ugle damit ja schon l&#228;nger und habe jetzt mal mit so Farbschw&#228;mmen meine Spitzen eingef&#228;rbt. Endlich ist das Haar mal blond genug, um ein wenig verr&#252;ckt zu sein. Auf Empfehlung hin habe ich jetzt mal eine Art Farbmaske bestellt, die sich nach Bedarf schnell wieder rauswaschen l&#228;sst. Ich berichte demn&#228;chst mal von meinen Erfahrungen. An einem sonnigen Tag &#252;berraschte ich den gro&#223;en Sohn nach der Schule mit einem Ausflug zur Eisdiele. Das erste Eis aus der Eisdiele dieses Jahr. Zwar nicht zu der gewohnten, wo es mein Lieblingseis gibt, aber zu einer, die sehr gut sein soll und es war wirklich lecker. Es darf jetzt aber auch bitte endlich mal w&#228;rmer werden. Immerhin haben wir nun schon kalendarischen Fr&#252;hling. So kreiert man sich seine eigenen Wochenlieblinge, nicht wahr? In dem man sich besondere ruhige Momente verschafft. Sch&#246;ne Post holte ich zudem diese Woche ab, darin befand sich ein sch&#246;nes neues Buch mit H&#246;rbuch und einem neuen Luchs-Pl&#252;schi f&#252;r die Kinder. Dieser ist nun beim kleinen Sohn eingezogen und wartet noch auf einen Namen. In das Buch lesen wir demn&#228;chst mal rein und bedanken uns artig beim Carlsen Verlag. Unsere Lieblinge aus der Blogsph&#228;re! F&#252;r die Kinder gab es diese Woche zudem neues Trainingsmaterial, damit sie die Sachen aus dem Training auch zu Hause &#252;ben k&#246;nnen. Das hat sie hoch motiviert. Leider schw&#228;chelt der gro&#223;e Sohn mal wieder gesundheitlich und das nervt. Seit Corona kommt und geht es bei ihm. Na jedenfalls haben sich die Katzen sehr &#252;ber die riesigen Versandkartons gefreut. Ihre Wochenlieblinge quasi. Und ein paar Wochenlieblinge habe ich dann auch wieder in Linkform f&#252;r euch: Kleine Fee basteln &#8211; H&#252;hner aus Tonkarton &#8211; Tagesplaner f&#252;r Kinder basteln. Nun erwartet uns ein verl&#228;ngertes Wochenende und ich hoffe alle sind halbwegs fit, denn eigentlich stehen ein paar tolle Sachen an. Es w&#228;re schade, wenn man die Kinder mal wieder entt&#228;uschen m&#252;sste. Dr&#252;ckt uns also die Daumen. Was waren eure Wochenlieblinge der Woche? *Anmerkung:&nbsp;Der Artikel &#252;ber unsere Wochenlieblinge enth&#228;lt evtl. Bilder mit Produkten, die wir in unserem Alltag nutzen oder Linkempfehlungen. Wir haben keine Bezahlung f&#252;r das Zeigen oder Nutzen derselbigen erhalten. Affiliate Links sind als solche markiert.<\/p>\n","protected":false},"author":1,"featured_media":54694,"comment_status":"open","ping_status":"open","sticky":false,"template":"","format":"standard","meta":{"ngg_post_thumbnail":0,"footnotes":""},"categories":[323,49],"tags":[781,45,1021,69,571,81,199,872,2161],"class_list":["post-54688","post","type-post","status-publish","format-standard","has-post-thumbnail","hentry","category-alltag","category-blogspaehre","tag-freitagslieblinge","tag-alltag","tag-eis","tag-familie","tag-fasching","tag-kinder","tag-rueckblick","tag-woche","tag-wochenlieblinge"],"yoast_head":"<!-- This site is optimized with the Yoast SEO plugin v27.5 - https:\/\/yoast.com\/product\/yoast-seo-wordpress\/ -->\n<title>Unsere Wochenlieblinge 09\/2022 - Eine kunterbunte Woche - Heldenhaushalt<\/title>\n<meta name=\"description\" content=\"...wer kann es ihm ver\u00fcbeln. Unsere Wochenlieblinge diese Woche sind dennoch durchzogen von Farbe, Sonne und besonderen Momenten.\" \/>\n<meta name=\"robots\" content=\"index, follow, max-snippet:-1, max-image-preview:large, max-video-preview:-1\" \/>\n<link rel=\"canonical\" href=\"https:\/\/www.heldenhaushalt.de\/sari02\/index.php\/2022\/03\/04\/unsere-wochenlieblinge-092022\/\" \/>\n<meta property=\"og:locale\" content=\"de_DE\" \/>\n<meta property=\"og:type\" content=\"article\" \/>\n<meta property=\"og:title\" content=\"Unsere Wochenlieblinge 09\/2022 - Eine kunterbunte Woche - Heldenhaushalt\" \/>\n<meta property=\"og:description\" content=\"...wer kann es ihm ver\u00fcbeln. Unsere Wochenlieblinge diese Woche sind dennoch durchzogen von Farbe, Sonne und besonderen Momenten.\" \/>\n<meta property=\"og:url\" content=\"https:\/\/www.heldenhaushalt.de\/sari02\/index.php\/2022\/03\/04\/unsere-wochenlieblinge-092022\/\" \/>\n<meta property=\"og:site_name\" content=\"Heldenhaushalt\" \/>\n<meta property=\"article:published_time\" content=\"2022-03-04T09:40:13+00:00\" \/>\n<meta property=\"og:image\" content=\"https:\/\/www.heldenhaushalt.de\/sari02\/wp-content\/uploads\/2022\/03\/09-06.jpg\" \/>\n\t<meta property=\"og:image:width\" content=\"1000\" \/>\n\t<meta property=\"og:image:height\" content=\"723\" \/>\n\t<meta property=\"og:image:type\" content=\"image\/jpeg\" \/>\n<meta name=\"author\" content=\"Sari\" \/>\n<meta name=\"twitter:card\" content=\"summary_large_image\" \/>\n<meta name=\"twitter:creator\" content=\"@Heldenhaushalt\" \/>\n<meta name=\"twitter:site\" content=\"@Heldenhaushalt\" \/>\n<meta name=\"twitter:label1\" content=\"Verfasst von\" \/>\n\t<meta name=\"twitter:data1\" content=\"Sari\" \/>\n\t<meta name=\"twitter:label2\" content=\"Gesch\u00e4tzte Lesezeit\" \/>\n\t<meta name=\"twitter:data2\" content=\"3\u00a0Minuten\" \/>\n<script type=\"application\/ld+json\" class=\"yoast-schema-graph\">{\"@context\":\"https:\\\/\\\/schema.org\",\"@graph\":[{\"@type\":\"Article\",\"@id\":\"https:\\\/\\\/www.heldenhaushalt.de\\\/sari02\\\/index.php\\\/2022\\\/03\\\/04\\\/unsere-wochenlieblinge-092022\\\/#article\",\"isPartOf\":{\"@id\":\"https:\\\/\\\/www.heldenhaushalt.de\\\/sari02\\\/index.php\\\/2022\\\/03\\\/04\\\/unsere-wochenlieblinge-092022\\\/\"},\"author\":{\"name\":\"Sari\",\"@id\":\"https:\\\/\\\/www.heldenhaushalt.de\\\/sari02\\\/#\\\/schema\\\/person\\\/a1cc69f42a01f412eb62c151353814f6\"},\"headline\":\"Unsere Wochenlieblinge 09\\\/2022 &#8211; Eine kunterbunte Woche\",\"datePublished\":\"2022-03-04T09:40:13+00:00\",\"mainEntityOfPage\":{\"@id\":\"https:\\\/\\\/www.heldenhaushalt.de\\\/sari02\\\/index.php\\\/2022\\\/03\\\/04\\\/unsere-wochenlieblinge-092022\\\/\"},\"wordCount\":691,\"commentCount\":1,\"publisher\":{\"@id\":\"https:\\\/\\\/www.heldenhaushalt.de\\\/sari02\\\/#\\\/schema\\\/person\\\/a1cc69f42a01f412eb62c151353814f6\"},\"image\":{\"@id\":\"https:\\\/\\\/www.heldenhaushalt.de\\\/sari02\\\/index.php\\\/2022\\\/03\\\/04\\\/unsere-wochenlieblinge-092022\\\/#primaryimage\"},\"thumbnailUrl\":\"https:\\\/\\\/www.heldenhaushalt.de\\\/sari02\\\/wp-content\\\/uploads\\\/2022\\\/03\\\/09-06.jpg\",\"keywords\":[\"#Freitagslieblinge\",\"Allt\u00e4glich\",\"Eis\",\"Familie\",\"Fasching\",\"Kinder\",\"R\u00fcckblick\",\"Woche\",\"Wochenlieblinge\"],\"articleSection\":[\"Alltagschaos\",\"Blogsph\u00e4re\"],\"inLanguage\":\"de\",\"potentialAction\":[{\"@type\":\"CommentAction\",\"name\":\"Comment\",\"target\":[\"https:\\\/\\\/www.heldenhaushalt.de\\\/sari02\\\/index.php\\\/2022\\\/03\\\/04\\\/unsere-wochenlieblinge-092022\\\/#respond\"]}]},{\"@type\":\"WebPage\",\"@id\":\"https:\\\/\\\/www.heldenhaushalt.de\\\/sari02\\\/index.php\\\/2022\\\/03\\\/04\\\/unsere-wochenlieblinge-092022\\\/\",\"url\":\"https:\\\/\\\/www.heldenhaushalt.de\\\/sari02\\\/index.php\\\/2022\\\/03\\\/04\\\/unsere-wochenlieblinge-092022\\\/\",\"name\":\"Unsere Wochenlieblinge 09\\\/2022 - Eine kunterbunte Woche - Heldenhaushalt\",\"isPartOf\":{\"@id\":\"https:\\\/\\\/www.heldenhaushalt.de\\\/sari02\\\/#website\"},\"primaryImageOfPage\":{\"@id\":\"https:\\\/\\\/www.heldenhaushalt.de\\\/sari02\\\/index.php\\\/2022\\\/03\\\/04\\\/unsere-wochenlieblinge-092022\\\/#primaryimage\"},\"image\":{\"@id\":\"https:\\\/\\\/www.heldenhaushalt.de\\\/sari02\\\/index.php\\\/2022\\\/03\\\/04\\\/unsere-wochenlieblinge-092022\\\/#primaryimage\"},\"thumbnailUrl\":\"https:\\\/\\\/www.heldenhaushalt.de\\\/sari02\\\/wp-content\\\/uploads\\\/2022\\\/03\\\/09-06.jpg\",\"datePublished\":\"2022-03-04T09:40:13+00:00\",\"description\":\"...wer kann es ihm ver\u00fcbeln. Unsere Wochenlieblinge diese Woche sind dennoch durchzogen von Farbe, Sonne und besonderen Momenten.\",\"breadcrumb\":{\"@id\":\"https:\\\/\\\/www.heldenhaushalt.de\\\/sari02\\\/index.php\\\/2022\\\/03\\\/04\\\/unsere-wochenlieblinge-092022\\\/#breadcrumb\"},\"inLanguage\":\"de\",\"potentialAction\":[{\"@type\":\"ReadAction\",\"target\":[\"https:\\\/\\\/www.heldenhaushalt.de\\\/sari02\\\/index.php\\\/2022\\\/03\\\/04\\\/unsere-wochenlieblinge-092022\\\/\"]}]},{\"@type\":\"ImageObject\",\"inLanguage\":\"de\",\"@id\":\"https:\\\/\\\/www.heldenhaushalt.de\\\/sari02\\\/index.php\\\/2022\\\/03\\\/04\\\/unsere-wochenlieblinge-092022\\\/#primaryimage\",\"url\":\"https:\\\/\\\/www.heldenhaushalt.de\\\/sari02\\\/wp-content\\\/uploads\\\/2022\\\/03\\\/09-06.jpg\",\"contentUrl\":\"https:\\\/\\\/www.heldenhaushalt.de\\\/sari02\\\/wp-content\\\/uploads\\\/2022\\\/03\\\/09-06.jpg\",\"width\":1000,\"height\":723,\"caption\":\"Wochenlieblinge\"},{\"@type\":\"BreadcrumbList\",\"@id\":\"https:\\\/\\\/www.heldenhaushalt.de\\\/sari02\\\/index.php\\\/2022\\\/03\\\/04\\\/unsere-wochenlieblinge-092022\\\/#breadcrumb\",\"itemListElement\":[{\"@type\":\"ListItem\",\"position\":1,\"name\":\"Startseite\",\"item\":\"https:\\\/\\\/www.heldenhaushalt.de\\\/sari02\\\/\"},{\"@type\":\"ListItem\",\"position\":2,\"name\":\"Unsere Wochenlieblinge 09\\\/2022 &#8211; Eine kunterbunte Woche\"}]},{\"@type\":\"WebSite\",\"@id\":\"https:\\\/\\\/www.heldenhaushalt.de\\\/sari02\\\/#website\",\"url\":\"https:\\\/\\\/www.heldenhaushalt.de\\\/sari02\\\/\",\"name\":\"Heldenhaushalt\",\"description\":\"Wer es ordentlich haben will, der muss vorher anrufen\",\"publisher\":{\"@id\":\"https:\\\/\\\/www.heldenhaushalt.de\\\/sari02\\\/#\\\/schema\\\/person\\\/a1cc69f42a01f412eb62c151353814f6\"},\"potentialAction\":[{\"@type\":\"SearchAction\",\"target\":{\"@type\":\"EntryPoint\",\"urlTemplate\":\"https:\\\/\\\/www.heldenhaushalt.de\\\/sari02\\\/?s={search_term_string}\"},\"query-input\":{\"@type\":\"PropertyValueSpecification\",\"valueRequired\":true,\"valueName\":\"search_term_string\"}}],\"inLanguage\":\"de\"},{\"@type\":[\"Person\",\"Organization\"],\"@id\":\"https:\\\/\\\/www.heldenhaushalt.de\\\/sari02\\\/#\\\/schema\\\/person\\\/a1cc69f42a01f412eb62c151353814f6\",\"name\":\"Sari\",\"image\":{\"@type\":\"ImageObject\",\"inLanguage\":\"de\",\"@id\":\"https:\\\/\\\/www.heldenhaushalt.de\\\/sari02\\\/wp-content\\\/uploads\\\/2019\\\/02\\\/sari-april2018.png\",\"url\":\"https:\\\/\\\/www.heldenhaushalt.de\\\/sari02\\\/wp-content\\\/uploads\\\/2019\\\/02\\\/sari-april2018.png\",\"contentUrl\":\"https:\\\/\\\/www.heldenhaushalt.de\\\/sari02\\\/wp-content\\\/uploads\\\/2019\\\/02\\\/sari-april2018.png\",\"width\":500,\"height\":500,\"caption\":\"Sari\"},\"logo\":{\"@id\":\"https:\\\/\\\/www.heldenhaushalt.de\\\/sari02\\\/wp-content\\\/uploads\\\/2019\\\/02\\\/sari-april2018.png\"},\"description\":\"Frau Mondgras \u2013 Das bin ich, Sari. Gerne auch als Sari Mondgras bekannt und im Internet zu finden. 2-Fach-Mutter, Heldenehefrau, Kreativling, Harmonies\u00fcchtig und st\u00e4ndig auf der Suche nach Gl\u00fcck. Ich komme aus Berlin, bin hier aufgewachsen und lebe hier seit ich denken kann.\",\"sameAs\":[\"https:\\\/\\\/www.instagram.com\\\/heldenhaushalt\\\/\"],\"url\":\"https:\\\/\\\/www.heldenhaushalt.de\\\/sari02\\\/index.php\\\/author\\\/admin\\\/\"}]}<\/script>\n<!-- \/ Yoast SEO plugin. -->","yoast_head_json":{"title":"Unsere Wochenlieblinge 09\/2022 - Eine kunterbunte Woche - Heldenhaushalt","description":"...wer kann es ihm ver\u00fcbeln. Unsere Wochenlieblinge diese Woche sind dennoch durchzogen von Farbe, Sonne und besonderen Momenten.","robots":{"index":"index","follow":"follow","max-snippet":"max-snippet:-1","max-image-preview":"max-image-preview:large","max-video-preview":"max-video-preview:-1"},"canonical":"https:\/\/www.heldenhaushalt.de\/sari02\/index.php\/2022\/03\/04\/unsere-wochenlieblinge-092022\/","og_locale":"de_DE","og_type":"article","og_title":"Unsere Wochenlieblinge 09\/2022 - Eine kunterbunte Woche - Heldenhaushalt","og_description":"...wer kann es ihm ver\u00fcbeln. Unsere Wochenlieblinge diese Woche sind dennoch durchzogen von Farbe, Sonne und besonderen Momenten.","og_url":"https:\/\/www.heldenhaushalt.de\/sari02\/index.php\/2022\/03\/04\/unsere-wochenlieblinge-092022\/","og_site_name":"Heldenhaushalt","article_published_time":"2022-03-04T09:40:13+00:00","og_image":[{"width":1000,"height":723,"url":"https:\/\/www.heldenhaushalt.de\/sari02\/wp-content\/uploads\/2022\/03\/09-06.jpg","type":"image\/jpeg"}],"author":"Sari","twitter_card":"summary_large_image","twitter_creator":"@Heldenhaushalt","twitter_site":"@Heldenhaushalt","twitter_misc":{"Verfasst von":"Sari","Gesch\u00e4tzte Lesezeit":"3\u00a0Minuten"},"schema":{"@context":"https:\/\/schema.org","@graph":[{"@type":"Article","@id":"https:\/\/www.heldenhaushalt.de\/sari02\/index.php\/2022\/03\/04\/unsere-wochenlieblinge-092022\/#article","isPartOf":{"@id":"https:\/\/www.heldenhaushalt.de\/sari02\/index.php\/2022\/03\/04\/unsere-wochenlieblinge-092022\/"},"author":{"name":"Sari","@id":"https:\/\/www.heldenhaushalt.de\/sari02\/#\/schema\/person\/a1cc69f42a01f412eb62c151353814f6"},"headline":"Unsere Wochenlieblinge 09\/2022 &#8211; Eine kunterbunte Woche","datePublished":"2022-03-04T09:40:13+00:00","mainEntityOfPage":{"@id":"https:\/\/www.heldenhaushalt.de\/sari02\/index.php\/2022\/03\/04\/unsere-wochenlieblinge-092022\/"},"wordCount":691,"commentCount":1,"publisher":{"@id":"https:\/\/www.heldenhaushalt.de\/sari02\/#\/schema\/person\/a1cc69f42a01f412eb62c151353814f6"},"image":{"@id":"https:\/\/www.heldenhaushalt.de\/sari02\/index.php\/2022\/03\/04\/unsere-wochenlieblinge-092022\/#primaryimage"},"thumbnailUrl":"https:\/\/www.heldenhaushalt.de\/sari02\/wp-content\/uploads\/2022\/03\/09-06.jpg","keywords":["#Freitagslieblinge","Allt\u00e4glich","Eis","Familie","Fasching","Kinder","R\u00fcckblick","Woche","Wochenlieblinge"],"articleSection":["Alltagschaos","Blogsph\u00e4re"],"inLanguage":"de","potentialAction":[{"@type":"CommentAction","name":"Comment","target":["https:\/\/www.heldenhaushalt.de\/sari02\/index.php\/2022\/03\/04\/unsere-wochenlieblinge-092022\/#respond"]}]},{"@type":"WebPage","@id":"https:\/\/www.heldenhaushalt.de\/sari02\/index.php\/2022\/03\/04\/unsere-wochenlieblinge-092022\/","url":"https:\/\/www.heldenhaushalt.de\/sari02\/index.php\/2022\/03\/04\/unsere-wochenlieblinge-092022\/","name":"Unsere Wochenlieblinge 09\/2022 - Eine kunterbunte Woche - Heldenhaushalt","isPartOf":{"@id":"https:\/\/www.heldenhaushalt.de\/sari02\/#website"},"primaryImageOfPage":{"@id":"https:\/\/www.heldenhaushalt.de\/sari02\/index.php\/2022\/03\/04\/unsere-wochenlieblinge-092022\/#primaryimage"},"image":{"@id":"https:\/\/www.heldenhaushalt.de\/sari02\/index.php\/2022\/03\/04\/unsere-wochenlieblinge-092022\/#primaryimage"},"thumbnailUrl":"https:\/\/www.heldenhaushalt.de\/sari02\/wp-content\/uploads\/2022\/03\/09-06.jpg","datePublished":"2022-03-04T09:40:13+00:00","description":"...wer kann es ihm ver\u00fcbeln. Unsere Wochenlieblinge diese Woche sind dennoch durchzogen von Farbe, Sonne und besonderen Momenten.","breadcrumb":{"@id":"https:\/\/www.heldenhaushalt.de\/sari02\/index.php\/2022\/03\/04\/unsere-wochenlieblinge-092022\/#breadcrumb"},"inLanguage":"de","potentialAction":[{"@type":"ReadAction","target":["https:\/\/www.heldenhaushalt.de\/sari02\/index.php\/2022\/03\/04\/unsere-wochenlieblinge-092022\/"]}]},{"@type":"ImageObject","inLanguage":"de","@id":"https:\/\/www.heldenhaushalt.de\/sari02\/index.php\/2022\/03\/04\/unsere-wochenlieblinge-092022\/#primaryimage","url":"https:\/\/www.heldenhaushalt.de\/sari02\/wp-content\/uploads\/2022\/03\/09-06.jpg","contentUrl":"https:\/\/www.heldenhaushalt.de\/sari02\/wp-content\/uploads\/2022\/03\/09-06.jpg","width":1000,"height":723,"caption":"Wochenlieblinge"},{"@type":"BreadcrumbList","@id":"https:\/\/www.heldenhaushalt.de\/sari02\/index.php\/2022\/03\/04\/unsere-wochenlieblinge-092022\/#breadcrumb","itemListElement":[{"@type":"ListItem","position":1,"name":"Startseite","item":"https:\/\/www.heldenhaushalt.de\/sari02\/"},{"@type":"ListItem","position":2,"name":"Unsere Wochenlieblinge 09\/2022 &#8211; Eine kunterbunte Woche"}]},{"@type":"WebSite","@id":"https:\/\/www.heldenhaushalt.de\/sari02\/#website","url":"https:\/\/www.heldenhaushalt.de\/sari02\/","name":"Heldenhaushalt","description":"Wer es ordentlich haben will, der muss vorher anrufen","publisher":{"@id":"https:\/\/www.heldenhaushalt.de\/sari02\/#\/schema\/person\/a1cc69f42a01f412eb62c151353814f6"},"potentialAction":[{"@type":"SearchAction","target":{"@type":"EntryPoint","urlTemplate":"https:\/\/www.heldenhaushalt.de\/sari02\/?s={search_term_string}"},"query-input":{"@type":"PropertyValueSpecification","valueRequired":true,"valueName":"search_term_string"}}],"inLanguage":"de"},{"@type":["Person","Organization"],"@id":"https:\/\/www.heldenhaushalt.de\/sari02\/#\/schema\/person\/a1cc69f42a01f412eb62c151353814f6","name":"Sari","image":{"@type":"ImageObject","inLanguage":"de","@id":"https:\/\/www.heldenhaushalt.de\/sari02\/wp-content\/uploads\/2019\/02\/sari-april2018.png","url":"https:\/\/www.heldenhaushalt.de\/sari02\/wp-content\/uploads\/2019\/02\/sari-april2018.png","contentUrl":"https:\/\/www.heldenhaushalt.de\/sari02\/wp-content\/uploads\/2019\/02\/sari-april2018.png","width":500,"height":500,"caption":"Sari"},"logo":{"@id":"https:\/\/www.heldenhaushalt.de\/sari02\/wp-content\/uploads\/2019\/02\/sari-april2018.png"},"description":"Frau Mondgras \u2013 Das bin ich, Sari. Gerne auch als Sari Mondgras bekannt und im Internet zu finden. 2-Fach-Mutter, Heldenehefrau, Kreativling, Harmonies\u00fcchtig und st\u00e4ndig auf der Suche nach Gl\u00fcck. Ich komme aus Berlin, bin hier aufgewachsen und lebe hier seit ich denken kann.","sameAs":["https:\/\/www.instagram.com\/heldenhaushalt\/"],"url":"https:\/\/www.heldenhaushalt.de\/sari02\/index.php\/author\/admin\/"}]}},"views":1393,"_links":{"self":[{"href":"https:\/\/www.heldenhaushalt.de\/sari02\/index.php\/wp-json\/wp\/v2\/posts\/54688","targetHints":{"allow":["GET"]}}],"collection":[{"href":"https:\/\/www.heldenhaushalt.de\/sari02\/index.php\/wp-json\/wp\/v2\/posts"}],"about":[{"href":"https:\/\/www.heldenhaushalt.de\/sari02\/index.php\/wp-json\/wp\/v2\/types\/post"}],"author":[{"embeddable":true,"href":"https:\/\/www.heldenhaushalt.de\/sari02\/index.php\/wp-json\/wp\/v2\/users\/1"}],"replies":[{"embeddable":true,"href":"https:\/\/www.heldenhaushalt.de\/sari02\/index.php\/wp-json\/wp\/v2\/comments?post=54688"}],"version-history":[{"count":1,"href":"https:\/\/www.heldenhaushalt.de\/sari02\/index.php\/wp-json\/wp\/v2\/posts\/54688\/revisions"}],"predecessor-version":[{"id":54697,"href":"https:\/\/www.heldenhaushalt.de\/sari02\/index.php\/wp-json\/wp\/v2\/posts\/54688\/revisions\/54697"}],"wp:featuredmedia":[{"embeddable":true,"href":"https:\/\/www.heldenhaushalt.de\/sari02\/index.php\/wp-json\/wp\/v2\/media\/54694"}],"wp:attachment":[{"href":"https:\/\/www.heldenhaushalt.de\/sari02\/index.php\/wp-json\/wp\/v2\/media?parent=54688"}],"wp:term":[{"taxonomy":"category","embeddable":true,"href":"https:\/\/www.heldenhaushalt.de\/sari02\/index.php\/wp-json\/wp\/v2\/categories?post=54688"},{"taxonomy":"post_tag","embeddable":true,"href":"https:\/\/www.heldenhaushalt.de\/sari02\/index.php\/wp-json\/wp\/v2\/tags?post=54688"}],"curies":[{"name":"wp","href":"https:\/\/api.w.org\/{rel}","templated":true}]}}